{"id":18281,"date":"2026-08-24T10:09:38","date_gmt":"2026-08-24T08:09:38","guid":{"rendered":"https:\/\/m2camper.com\/?p=18281"},"modified":"2026-06-25T10:47:56","modified_gmt":"2026-06-25T08:47:56","slug":"despues-de-las-vacaciones-como-revisar-tu-camper-antes-de-guardarla-o-volver-a-usarla","status":"publish","type":"post","link":"https:\/\/m2camper.com\/pt\/despues-de-las-vacaciones-como-revisar-tu-camper-antes-de-guardarla-o-volver-a-usarla\/","title":{"rendered":"Depois das f\u00e9rias: como verificar a tua camper antes de a guardar ou voltar a utiliz\u00e1-la"},"content":{"rendered":"<h2>O fim das f\u00e9rias tamb\u00e9m faz parte da viagem<\/h2>\n\n<p>Quando termina uma escapadinha ou umas f\u00e9rias prolongadas de camper, a maioria dos viajantes faz exatamente o mesmo: chega a casa, descarrega o essencial e deixa o resto para mais tarde.<\/p>\n\n<p>\u00c9 perfeitamente normal.<\/p>\n\n<p>Depois de v\u00e1rios dias na estrada, a \u00faltima coisa que apetece \u00e9 dedicar tempo a verificar o ve\u00edculo. No entanto, \u00e9 precisamente este um dos momentos mais importantes para a manuten\u00e7\u00e3o de uma camper.<\/p>\n\n<p>Uma pequena verifica\u00e7\u00e3o ao regressar pode ajudar-te a detetar problemas antes que se transformem em avarias, evitar maus odores, conservar melhor os materiais e encontrar o ve\u00edculo em perfeitas condi\u00e7\u00f5es quando chegar a pr\u00f3xima escapadinha.<\/p>\n\n<p>N\u00e3o \u00e9 preciso dedicar uma tarde inteira a esta tarefa. Com uma verifica\u00e7\u00e3o simples e organizada, podes manter a tua camper pronta para a pr\u00f3xima aventura.<\/p>\n\n<h2>Come\u00e7a por uma limpeza completa<\/h2>\n\n<p>Antes de verificar qualquer elemento, conv\u00e9m come\u00e7ar pelo mais b\u00e1sico: limpar.<\/p>\n\n<p>Durante as f\u00e9rias \u00e9 habitual acumular p\u00f3, areia, folhas, humidade, restos de comida ou sujidade proveniente do exterior. Quanto mais tempo permanecerem no interior do ve\u00edculo, mais dif\u00edcil ser\u00e1 remov\u00ea-los posteriormente.<\/p>\n\n<h3>Interior<\/h3>\n\n<p>Come\u00e7a por retirar tudo o que n\u00e3o faz parte habitual do equipamento:<\/p>\n\n<ul>\n  <li>Roupa.<\/li>\n  <li>Toalhas.<\/li>\n  <li>Utens\u00edlios de cozinha.<\/li>\n  <li>Alimentos.<\/li>\n  <li>Material desportivo.<\/li>\n<\/ul>\n<br>\n<p>Depois, limpa:<\/p>\n\n<ul>\n  <li>M\u00f3veis.<\/li>\n  <li>Gavetas.<\/li>\n  <li>Superf\u00edcies de trabalho.<\/li>\n  <li>Ch\u00e3o.<\/li>\n  <li>\u00c1reas de armazenamento.<\/li>\n<\/ul>\n<br>\n<p>Al\u00e9m de melhorares a higiene, aproveitar\u00e1s para detetar poss\u00edveis desgastes ou pequenos danos que tenham passado despercebidos durante a viagem.<\/p>\n\n<h3>Exterior<\/h3>\n\n<p>A limpeza exterior tamb\u00e9m \u00e9 importante.<\/p>\n\n<p>Durante o ver\u00e3o, os ve\u00edculos costumam acumular:<\/p>\n\n<ul>\n  <li>P\u00f3.<\/li>\n  <li>Insetos.<\/li>\n  <li>Resina de \u00e1rvores.<\/li>\n  <li>Salitre.<\/li>\n  <li>Restos de lama.<\/li>\n<\/ul>\n<br>\n<p>Remover estes res\u00edduos ajuda a conservar melhor a carro\u00e7aria e facilita a dete\u00e7\u00e3o de poss\u00edveis danos.<\/p>\n\n<h2>Verifica o colch\u00e3o e a zona de descanso<\/h2>\n\n<p>A cama costuma ser uma das zonas mais utilizadas durante qualquer viagem. No entanto, muitas vezes passa despercebida nas tarefas de manuten\u00e7\u00e3o.<\/p>\n\n<p>Ao regressar das f\u00e9rias, conv\u00e9m verificar:<\/p>\n\n<ul>\n  <li>O estado geral do colch\u00e3o.<\/li>\n  <li>A presen\u00e7a de humidade.<\/li>\n  <li>Odores estranhos.<\/li>\n  <li>Acumula\u00e7\u00e3o de sujidade.<\/li>\n  <li>O estado das capas ou dos tecidos.<\/li>\n<\/ul>\n<br>\n<p>Se poss\u00edvel, deixa o colch\u00e3o arejar durante algumas horas. Isto ajuda a eliminar a humidade acumulada e mant\u00e9m os materiais em melhores condi\u00e7\u00f5es durante mais tempo.<\/p>\n\n<p>Uma boa ventila\u00e7\u00e3o ap\u00f3s cada viagem pode prolongar consideravelmente a vida \u00fatil do sistema de descanso.<\/p>\n\n<h2>Verifica o estado dos isolantes t\u00e9rmicos<\/h2>\n\n<p>Os isolantes t\u00e9rmicos costumam ser especialmente exigidos durante o ver\u00e3o. Por isso, no final da \u00e9poca de maior utiliza\u00e7\u00e3o, vale a pena dedicar alguns minutos \u00e0 sua verifica\u00e7\u00e3o.<\/p>\n\n<p>Verifica:<\/p>\n\n<ul>\n  <li>O estado das ventosas.<\/li>\n  <li>Poss\u00edveis deforma\u00e7\u00f5es.<\/li>\n  <li>Costuras.<\/li>\n  <li>Sujidade acumulada.<\/li>\n  <li>Humidade.<\/li>\n<\/ul>\n<br>\n<p>Antes de os guardar, certifica-te de que est\u00e3o completamente secos. Guard\u00e1-los com humidade pode provocar maus odores e at\u00e9 deteriorar alguns materiais com o passar do tempo.<\/p>\n\n<h2>Ventila bem o ve\u00edculo antes de o guardar<\/h2>\n\n<p>Um dos erros mais frequentes \u00e9 fechar a camper imediatamente ap\u00f3s regressar da viagem.<\/p>\n\n<p>Mesmo que aparentemente tudo pare\u00e7a seco, fica sempre alguma humidade acumulada proveniente de:<\/p>\n\n<ul>\n  <li>A respira\u00e7\u00e3o.<\/li>\n  <li>A cozinha.<\/li>\n  <li>O duche.<\/li>\n  <li>A condensa\u00e7\u00e3o.<\/li>\n  <li>A roupa h\u00famida.<\/li>\n<\/ul>\n<br>\n<p>Por isso, \u00e9 recomend\u00e1vel manter as portas e as janelas abertas durante algum tempo para renovar completamente o ar no interior do ve\u00edculo.<\/p>\n\n<p>\u00c9 uma tarefa simples que pode prevenir muitos problemas futuros.<\/p>\n\n<h2>Procura sinais de humidade antes que surjam problemas<\/h2>\n\n<p>O final do ver\u00e3o \u00e9 uma boa altura para detetar poss\u00edveis zonas problem\u00e1ticas.<\/p>\n\n<p>Verifica especialmente:<\/p>\n\n<ul>\n  <li>Cantos.<\/li>\n  <li>Caixilhos das janelas.<\/li>\n  <li>Compartimentos fechados.<\/li>\n  <li>Zonas por baixo do colch\u00e3o.<\/li>\n  <li>Espa\u00e7os pouco ventilados.<\/li>\n<\/ul>\n<br>\n<p>Detetar a humidade atempadamente \u00e9 muito mais simples do que resolver as suas consequ\u00eancias meses depois.<\/p>\n\n<p>Al\u00e9m disso, esta verifica\u00e7\u00e3o vai ajudar-te a preparar o ve\u00edculo para a chegada das temperaturas mais baixas do outono.<\/p>\n\n<h2>Verifica os elementos que mais foram utilizados durante o ver\u00e3o<\/h2>\n\n<p>H\u00e1 componentes que sofrem um desgaste especial durante as f\u00e9rias.<\/p>\n\n<p>Por exemplo:<\/p>\n\n<h3>Sistemas de abertura.<\/h3>\n\n<p>As portas, as gavetas e as dobradi\u00e7as costumam ser muito mais utilizadas durante as viagens.<\/p>\n\n<h3>Equipamento el\u00e9trico.<\/h3>\n\n<p>Verifica se as luzes, as tomadas e as liga\u00e7\u00f5es est\u00e3o a funcionar corretamente.<\/p>\n\n<h3>Elementos t\u00eaxteis.<\/h3>\n\n<p>As cortinas, as capas ou os protetores podem precisar de uma limpeza antes de serem guardados.<\/p>\n\n<p>Pequenas verifica\u00e7\u00f5es peri\u00f3dicas ajudam a detetar desgastes antes que se transformem em problemas mais graves.<\/p>\n\n<h2>Se vais voltar a viajar em breve, aproveita para deixar tudo preparado<\/h2>\n\n<p>Nem todos os viajantes guardam a camper at\u00e9 \u00e0 pr\u00f3xima temporada. Muitos continuam a desfrutar de escapadinhas em setembro, outubro ou at\u00e9 durante o inverno.<\/p>\n\n<p>Se esse \u00e9 o teu caso, este \u00e9 o momento ideal para deixar o ve\u00edculo pronto:<\/p>\n\n<ul>\n  <li>Reorganiza o equipamento.<\/li>\n  <li>Reabastece os consum\u00edveis.<\/li>\n  <li>Rev\u00ea o que realmente utilizaste.<\/li>\n  <li>Elimina aquilo de que n\u00e3o precisas.<\/li>\n<\/ul>\n<br>\n<p>Desta forma, a pr\u00f3xima escapadinha ser\u00e1 muito mais c\u00f3moda e r\u00e1pida.<\/p>\n\n<h2>Uma hora de verifica\u00e7\u00e3o pode evitar muitos problemas futuros<\/h2>\n\n<p>A maioria dos problemas relacionados com humidade, maus odores ou deteriora\u00e7\u00e3o dos materiais n\u00e3o surge de um dia para o outro.<\/p>\n\n<p>Normalmente come\u00e7am com pequenos detalhes que passam despercebidos depois de uma escapadinha.<\/p>\n\n<p>Dedicar uma hora a verificar o ve\u00edculo depois das f\u00e9rias pode ajudar-te a conservar melhor a tua camper e a desfrutar dela durante muitos mais anos.<\/p>\n\n<p>Al\u00e9m disso, permitir-te-\u00e1 come\u00e7ar a pr\u00f3xima aventura com a tranquilidade de saber que est\u00e1 tudo em ordem.<\/p>\n\n\n\n\n<h2 class=\"wp-block-heading\">Perguntas frequentes<\/h2>\n\n\n\n<details class=\"wp-block-details is-layout-flow wp-block-details-is-layout-flow\"><summary><strong>\u00c9 necess\u00e1rio limpar a camper depois de cada viagem?<\/strong><\/summary>\n<p class=\"wp-block-paragraph\">Sim. Mesmo ap\u00f3s uma escapadinha curta, uma limpeza b\u00e1sica ajuda a conservar melhor os materiais e a detetar poss\u00edveis problemas.<\/p>\n<\/details>\n\n\n\n<details class=\"wp-block-details is-layout-flow wp-block-details-is-layout-flow\"><summary><strong>Devo arejar o colch\u00e3o ao regressar das f\u00e9rias?<\/strong><\/summary>\n<p class=\"wp-block-paragraph\">Sim. \u00c9 uma das melhores formas de eliminar a humidade acumulada e mant\u00ea-lo em bom estado.<\/p>\n<\/details>\n\n\n\n<details class=\"wp-block-details is-layout-flow wp-block-details-is-layout-flow\"><summary><strong>Como devo guardar corretamente os isolantes t\u00e9rmicos?<\/strong><\/summary>\n<p class=\"wp-block-paragraph\">O mais importante \u00e9 garantir que estejam completamente secos antes de os guardar.<\/p>\n<\/details>\n\n\n\n<details class=\"wp-block-details is-layout-flow wp-block-details-is-layout-flow\"><summary><strong>Que zonas acumulam mais humidade dentro de uma camper?<\/strong><\/summary>\n<p class=\"wp-block-paragraph\">As zonas por baixo do colch\u00e3o, os compartimentos fechados e os caixilhos das janelas costumam ser as mais sens\u00edveis \u00e0 humidade.<\/p>\n<\/details>\n\n\n\n<br><p>Uma boa manuten\u00e7\u00e3o depois das f\u00e9rias \u00e9 a melhor forma de manter a tua camper em perfeitas condi\u00e7\u00f5es durante muitos anos.<\/p>\n\n<p>Se, durante a verifica\u00e7\u00e3o, perceberes que chegou o momento de renovar a tua zona de descanso ou melhorar o conforto t\u00e9rmico do ve\u00edculo, na M2Camper fabricamos colch\u00f5es e isolantes t\u00e9rmicos \u00e0 medida para te ajudar a desfrutar de cada viagem com o m\u00e1ximo conforto.<\/p>\n\n\n<div class=\"wp-block-image\">\n<figure class=\"aligncenter size-full is-resized\"><img fetchpriority=\"high\" decoding=\"async\" width=\"1672\" height=\"941\" src=\"https:\/\/m2camper.com\/wp-content\/uploads\/2026\/06\/revisar-camper-despues-de-vacaciones.webp\" alt=\"manuten\u00e7\u00e3o da camper ap\u00f3s o ver\u00e3o\" class=\"wp-image-18282\" style=\"width:500px\" srcset=\"https:\/\/m2camper.com\/wp-content\/uploads\/2026\/06\/revisar-camper-despues-de-vacaciones.webp 1672w, https:\/\/m2camper.com\/wp-content\/uploads\/2026\/06\/revisar-camper-despues-de-vacaciones-300x169.webp 300w, https:\/\/m2camper.com\/wp-content\/uploads\/2026\/06\/revisar-camper-despues-de-vacaciones-1024x576.webp 1024w, https:\/\/m2camper.com\/wp-content\/uploads\/2026\/06\/revisar-camper-despues-de-vacaciones-768x432.webp 768w, https:\/\/m2camper.com\/wp-content\/uploads\/2026\/06\/revisar-camper-despues-de-vacaciones-1536x864.webp 1536w, https:\/\/m2camper.com\/wp-content\/uploads\/2026\/06\/revisar-camper-despues-de-vacaciones-18x10.webp 18w, https:\/\/m2camper.com\/wp-content\/uploads\/2026\/06\/revisar-camper-despues-de-vacaciones-600x338.webp 600w\" sizes=\"(max-width: 1672px) 100vw, 1672px\" \/><\/figure>\n<\/div>","protected":false},"excerpt":{"rendered":"<p>El final de las vacaciones tambi\u00e9n forma parte del viaje Cuando termina una escapada o unas vacaciones largas en camper, la mayor\u00eda de viajeros hacen exactamente lo mismo: llegan a casa, descargan lo imprescindible y dejan el resto para m\u00e1s adelante. Es totalmente normal. Despu\u00e9s de varios d\u00edas en ruta, lo \u00faltimo que apetece es&hellip;&nbsp;<a href=\"https:\/\/m2camper.com\/pt\/despues-de-las-vacaciones-como-revisar-tu-camper-antes-de-guardarla-o-volver-a-usarla\/\" rel=\"bookmark\">Ler mais &raquo;<span class=\"screen-reader-text\">Depois das f\u00e9rias: como verificar a tua camper antes de a guardar ou voltar a utiliz\u00e1-la<\/span><\/a><\/p>","protected":false},"author":5741,"featured_media":18282,"comment_status":"closed","ping_status":"closed","sticky":false,"template":"","format":"standard","meta":{"neve_meta_sidebar":"","neve_meta_container":"","neve_meta_enable_content_width":"","neve_meta_content_width":0,"neve_meta_title_alignment":"","neve_meta_author_avatar":"","neve_post_elements_order":"","neve_meta_disable_header":"","neve_meta_disable_footer":"","neve_meta_disable_title":"","footnotes":""},"categories":[202],"tags":[],"class_list":["post-18281","post","type-post","status-publish","format-standard","has-post-thumbnail","hentry","category-camperizacion-de-furgonetas"],"yoast_head":"<!-- This site is optimized with the Yoast SEO plugin v28.3 - https:\/\/yoast.com\/product\/yoast-seo-wordpress\/ -->\n<title>C\u00f3mo revisar tu camper despu\u00e9s de las vacaciones | Gu\u00eda pr\u00e1ctica<\/title>\n<meta name=\"description\" content=\"Descubre qu\u00e9 revisar en tu camper despu\u00e9s de las vacaciones para mantenerla en buen estado, evitar problemas y preparar futuras escapadas.\" \/>\n<meta name=\"robots\" content=\"index, follow, max-snippet:-1, max-image-preview:large, max-video-preview:-1\" \/>\n<link rel=\"canonical\" href=\"https:\/\/m2camper.com\/pt\/despues-de-las-vacaciones-como-revisar-tu-camper-antes-de-guardarla-o-volver-a-usarla\/\" \/>\n<meta property=\"og:locale\" content=\"pt_PT\" \/>\n<meta property=\"og:type\" content=\"article\" \/>\n<meta property=\"og:title\" content=\"C\u00f3mo revisar tu camper despu\u00e9s de las vacaciones | Gu\u00eda pr\u00e1ctica\" \/>\n<meta property=\"og:description\" content=\"Descubre qu\u00e9 revisar en tu camper despu\u00e9s de las vacaciones para mantenerla en buen estado, evitar problemas y preparar futuras escapadas.\" \/>\n<meta property=\"og:url\" content=\"https:\/\/m2camper.com\/pt\/despues-de-las-vacaciones-como-revisar-tu-camper-antes-de-guardarla-o-volver-a-usarla\/\" \/>\n<meta property=\"og:site_name\" content=\"M2 Camper | Aislantes t\u00e9rmicos y oscurecedores para campers\" \/>\n<meta property=\"article:published_time\" content=\"2026-08-24T08:09:38+00:00\" \/>\n<meta property=\"og:image\" content=\"https:\/\/m2camper.com\/wp-content\/uploads\/2026\/06\/revisar-camper-despues-de-vacaciones.webp\" \/>\n\t<meta property=\"og:image:width\" content=\"1672\" \/>\n\t<meta property=\"og:image:height\" content=\"941\" \/>\n\t<meta property=\"og:image:type\" content=\"image\/webp\" \/>\n<meta name=\"author\" content=\"Prubs214s\" \/>\n<meta name=\"twitter:card\" content=\"summary_large_image\" \/>\n<meta name=\"twitter:label1\" content=\"Escrito por\" \/>\n\t<meta name=\"twitter:data1\" content=\"Prubs214s\" \/>\n\t<meta name=\"twitter:label2\" content=\"Tempo estimado de leitura\" \/>\n\t<meta name=\"twitter:data2\" content=\"5 minutos\" \/>\n<script type=\"application\/ld+json\" class=\"yoast-schema-graph\">{\"@context\":\"https:\\\/\\\/schema.org\",\"@graph\":[{\"@type\":\"Article\",\"@id\":\"https:\\\/\\\/m2camper.com\\\/despues-de-las-vacaciones-como-revisar-tu-camper-antes-de-guardarla-o-volver-a-usarla\\\/#article\",\"isPartOf\":{\"@id\":\"https:\\\/\\\/m2camper.com\\\/despues-de-las-vacaciones-como-revisar-tu-camper-antes-de-guardarla-o-volver-a-usarla\\\/\"},\"author\":{\"name\":\"Prubs214s\",\"@id\":\"https:\\\/\\\/m2camper.com\\\/pt\\\/#\\\/schema\\\/person\\\/ad1e681f60b2e23c9b88a93e6d3feab3\"},\"headline\":\"Despu\u00e9s de las vacaciones: c\u00f3mo revisar tu camper antes de guardarla o volver a usarla\",\"datePublished\":\"2026-08-24T08:09:38+00:00\",\"mainEntityOfPage\":{\"@id\":\"https:\\\/\\\/m2camper.com\\\/despues-de-las-vacaciones-como-revisar-tu-camper-antes-de-guardarla-o-volver-a-usarla\\\/\"},\"wordCount\":1095,\"image\":{\"@id\":\"https:\\\/\\\/m2camper.com\\\/despues-de-las-vacaciones-como-revisar-tu-camper-antes-de-guardarla-o-volver-a-usarla\\\/#primaryimage\"},\"thumbnailUrl\":\"https:\\\/\\\/m2camper.com\\\/wp-content\\\/uploads\\\/2026\\\/06\\\/revisar-camper-despues-de-vacaciones.webp\",\"articleSection\":[\"camperizaci\u00f3n de furgonetas\"],\"inLanguage\":\"pt-PT\"},{\"@type\":\"WebPage\",\"@id\":\"https:\\\/\\\/m2camper.com\\\/despues-de-las-vacaciones-como-revisar-tu-camper-antes-de-guardarla-o-volver-a-usarla\\\/\",\"url\":\"https:\\\/\\\/m2camper.com\\\/despues-de-las-vacaciones-como-revisar-tu-camper-antes-de-guardarla-o-volver-a-usarla\\\/\",\"name\":\"C\u00f3mo revisar tu camper despu\u00e9s de las vacaciones | Gu\u00eda pr\u00e1ctica\",\"isPartOf\":{\"@id\":\"https:\\\/\\\/m2camper.com\\\/pt\\\/#website\"},\"primaryImageOfPage\":{\"@id\":\"https:\\\/\\\/m2camper.com\\\/despues-de-las-vacaciones-como-revisar-tu-camper-antes-de-guardarla-o-volver-a-usarla\\\/#primaryimage\"},\"image\":{\"@id\":\"https:\\\/\\\/m2camper.com\\\/despues-de-las-vacaciones-como-revisar-tu-camper-antes-de-guardarla-o-volver-a-usarla\\\/#primaryimage\"},\"thumbnailUrl\":\"https:\\\/\\\/m2camper.com\\\/wp-content\\\/uploads\\\/2026\\\/06\\\/revisar-camper-despues-de-vacaciones.webp\",\"datePublished\":\"2026-08-24T08:09:38+00:00\",\"author\":{\"@id\":\"https:\\\/\\\/m2camper.com\\\/pt\\\/#\\\/schema\\\/person\\\/ad1e681f60b2e23c9b88a93e6d3feab3\"},\"description\":\"Descubre qu\u00e9 revisar en tu camper despu\u00e9s de las vacaciones para mantenerla en buen estado, evitar problemas y preparar futuras escapadas.\",\"breadcrumb\":{\"@id\":\"https:\\\/\\\/m2camper.com\\\/despues-de-las-vacaciones-como-revisar-tu-camper-antes-de-guardarla-o-volver-a-usarla\\\/#breadcrumb\"},\"inLanguage\":\"pt-PT\",\"potentialAction\":[{\"@type\":\"ReadAction\",\"target\":[\"https:\\\/\\\/m2camper.com\\\/despues-de-las-vacaciones-como-revisar-tu-camper-antes-de-guardarla-o-volver-a-usarla\\\/\"]}]},{\"@type\":\"ImageObject\",\"inLanguage\":\"pt-PT\",\"@id\":\"https:\\\/\\\/m2camper.com\\\/despues-de-las-vacaciones-como-revisar-tu-camper-antes-de-guardarla-o-volver-a-usarla\\\/#primaryimage\",\"url\":\"https:\\\/\\\/m2camper.com\\\/wp-content\\\/uploads\\\/2026\\\/06\\\/revisar-camper-despues-de-vacaciones.webp\",\"contentUrl\":\"https:\\\/\\\/m2camper.com\\\/wp-content\\\/uploads\\\/2026\\\/06\\\/revisar-camper-despues-de-vacaciones.webp\",\"width\":1672,\"height\":941,\"caption\":\"revisar camper despu\u00e9s de vacaciones\"},{\"@type\":\"BreadcrumbList\",\"@id\":\"https:\\\/\\\/m2camper.com\\\/despues-de-las-vacaciones-como-revisar-tu-camper-antes-de-guardarla-o-volver-a-usarla\\\/#breadcrumb\",\"itemListElement\":[{\"@type\":\"ListItem\",\"position\":1,\"name\":\"Portada\",\"item\":\"https:\\\/\\\/m2camper.com\\\/pt\\\/\"},{\"@type\":\"ListItem\",\"position\":2,\"name\":\"Despu\u00e9s de las vacaciones: c\u00f3mo revisar tu camper antes de guardarla o volver a usarla\"}]},{\"@type\":\"WebSite\",\"@id\":\"https:\\\/\\\/m2camper.com\\\/pt\\\/#website\",\"url\":\"https:\\\/\\\/m2camper.com\\\/pt\\\/\",\"name\":\"M2 Campers | Aislantes t\u00e9rmicos y oscurecedores para campers\",\"description\":\"Descubre calidad y confort de nuestros aislantes t\u00e9rmicos oscurecedores y colchones para veh\u00edculos. Optimiza tu experiencia en carretera con M2 Camper.\",\"potentialAction\":[{\"@type\":\"SearchAction\",\"target\":{\"@type\":\"EntryPoint\",\"urlTemplate\":\"https:\\\/\\\/m2camper.com\\\/pt\\\/?s={search_term_string}\"},\"query-input\":{\"@type\":\"PropertyValueSpecification\",\"valueRequired\":true,\"valueName\":\"search_term_string\"}}],\"inLanguage\":\"pt-PT\"},{\"@type\":\"Person\",\"@id\":\"https:\\\/\\\/m2camper.com\\\/pt\\\/#\\\/schema\\\/person\\\/ad1e681f60b2e23c9b88a93e6d3feab3\",\"name\":\"Prubs214s\",\"image\":{\"@type\":\"ImageObject\",\"inLanguage\":\"pt-PT\",\"@id\":\"https:\\\/\\\/secure.gravatar.com\\\/avatar\\\/74706914812c3b473b95a5253410b33d71c50bf5f0d5423532bc0afa617d4316?s=96&d=mm&r=g\",\"url\":\"https:\\\/\\\/secure.gravatar.com\\\/avatar\\\/74706914812c3b473b95a5253410b33d71c50bf5f0d5423532bc0afa617d4316?s=96&d=mm&r=g\",\"contentUrl\":\"https:\\\/\\\/secure.gravatar.com\\\/avatar\\\/74706914812c3b473b95a5253410b33d71c50bf5f0d5423532bc0afa617d4316?s=96&d=mm&r=g\",\"caption\":\"Prubs214s\"},\"url\":\"https:\\\/\\\/m2camper.com\\\/pt\\\/author\\\/prubs214s\\\/\"}]}<\/script>\n<!-- \/ Yoast SEO plugin. -->","yoast_head_json":{"title":"Como verificar a tua camper depois das f\u00e9rias | Guia pr\u00e1tico","description":"Descobre o que deves verificar na tua camper depois das f\u00e9rias para a manter em bom estado, evitar problemas e prepar\u00e1-la para futuras escapadinhas.","robots":{"index":"index","follow":"follow","max-snippet":"max-snippet:-1","max-image-preview":"max-image-preview:large","max-video-preview":"max-video-preview:-1"},"canonical":"https:\/\/m2camper.com\/pt\/despues-de-las-vacaciones-como-revisar-tu-camper-antes-de-guardarla-o-volver-a-usarla\/","og_locale":"pt_PT","og_type":"article","og_title":"C\u00f3mo revisar tu camper despu\u00e9s de las vacaciones | Gu\u00eda pr\u00e1ctica","og_description":"Descubre qu\u00e9 revisar en tu camper despu\u00e9s de las vacaciones para mantenerla en buen estado, evitar problemas y preparar futuras escapadas.","og_url":"https:\/\/m2camper.com\/pt\/despues-de-las-vacaciones-como-revisar-tu-camper-antes-de-guardarla-o-volver-a-usarla\/","og_site_name":"M2 Camper | Aislantes t\u00e9rmicos y oscurecedores para campers","article_published_time":"2026-08-24T08:09:38+00:00","og_image":[{"width":1672,"height":941,"url":"https:\/\/m2camper.com\/wp-content\/uploads\/2026\/06\/revisar-camper-despues-de-vacaciones.webp","type":"image\/webp"}],"author":"Prubs214s","twitter_card":"summary_large_image","twitter_misc":{"Escrito por":"Prubs214s","Tempo estimado de leitura":"5 minutos"},"schema":{"@context":"https:\/\/schema.org","@graph":[{"@type":"Article","@id":"https:\/\/m2camper.com\/despues-de-las-vacaciones-como-revisar-tu-camper-antes-de-guardarla-o-volver-a-usarla\/#article","isPartOf":{"@id":"https:\/\/m2camper.com\/despues-de-las-vacaciones-como-revisar-tu-camper-antes-de-guardarla-o-volver-a-usarla\/"},"author":{"name":"Prubs214s","@id":"https:\/\/m2camper.com\/pt\/#\/schema\/person\/ad1e681f60b2e23c9b88a93e6d3feab3"},"headline":"Despu\u00e9s de las vacaciones: c\u00f3mo revisar tu camper antes de guardarla o volver a usarla","datePublished":"2026-08-24T08:09:38+00:00","mainEntityOfPage":{"@id":"https:\/\/m2camper.com\/despues-de-las-vacaciones-como-revisar-tu-camper-antes-de-guardarla-o-volver-a-usarla\/"},"wordCount":1095,"image":{"@id":"https:\/\/m2camper.com\/despues-de-las-vacaciones-como-revisar-tu-camper-antes-de-guardarla-o-volver-a-usarla\/#primaryimage"},"thumbnailUrl":"https:\/\/m2camper.com\/wp-content\/uploads\/2026\/06\/revisar-camper-despues-de-vacaciones.webp","articleSection":["camperizaci\u00f3n de furgonetas"],"inLanguage":"pt-PT"},{"@type":"WebPage","@id":"https:\/\/m2camper.com\/despues-de-las-vacaciones-como-revisar-tu-camper-antes-de-guardarla-o-volver-a-usarla\/","url":"https:\/\/m2camper.com\/despues-de-las-vacaciones-como-revisar-tu-camper-antes-de-guardarla-o-volver-a-usarla\/","name":"Como verificar a tua camper depois das f\u00e9rias | Guia pr\u00e1tico","isPartOf":{"@id":"https:\/\/m2camper.com\/pt\/#website"},"primaryImageOfPage":{"@id":"https:\/\/m2camper.com\/despues-de-las-vacaciones-como-revisar-tu-camper-antes-de-guardarla-o-volver-a-usarla\/#primaryimage"},"image":{"@id":"https:\/\/m2camper.com\/despues-de-las-vacaciones-como-revisar-tu-camper-antes-de-guardarla-o-volver-a-usarla\/#primaryimage"},"thumbnailUrl":"https:\/\/m2camper.com\/wp-content\/uploads\/2026\/06\/revisar-camper-despues-de-vacaciones.webp","datePublished":"2026-08-24T08:09:38+00:00","author":{"@id":"https:\/\/m2camper.com\/pt\/#\/schema\/person\/ad1e681f60b2e23c9b88a93e6d3feab3"},"description":"Descobre o que deves verificar na tua camper depois das f\u00e9rias para a manter em bom estado, evitar problemas e prepar\u00e1-la para futuras escapadinhas.","breadcrumb":{"@id":"https:\/\/m2camper.com\/despues-de-las-vacaciones-como-revisar-tu-camper-antes-de-guardarla-o-volver-a-usarla\/#breadcrumb"},"inLanguage":"pt-PT","potentialAction":[{"@type":"ReadAction","target":["https:\/\/m2camper.com\/despues-de-las-vacaciones-como-revisar-tu-camper-antes-de-guardarla-o-volver-a-usarla\/"]}]},{"@type":"ImageObject","inLanguage":"pt-PT","@id":"https:\/\/m2camper.com\/despues-de-las-vacaciones-como-revisar-tu-camper-antes-de-guardarla-o-volver-a-usarla\/#primaryimage","url":"https:\/\/m2camper.com\/wp-content\/uploads\/2026\/06\/revisar-camper-despues-de-vacaciones.webp","contentUrl":"https:\/\/m2camper.com\/wp-content\/uploads\/2026\/06\/revisar-camper-despues-de-vacaciones.webp","width":1672,"height":941,"caption":"revisar camper despu\u00e9s de vacaciones"},{"@type":"BreadcrumbList","@id":"https:\/\/m2camper.com\/despues-de-las-vacaciones-como-revisar-tu-camper-antes-de-guardarla-o-volver-a-usarla\/#breadcrumb","itemListElement":[{"@type":"ListItem","position":1,"name":"Portada","item":"https:\/\/m2camper.com\/pt\/"},{"@type":"ListItem","position":2,"name":"Despu\u00e9s de las vacaciones: c\u00f3mo revisar tu camper antes de guardarla o volver a usarla"}]},{"@type":"WebSite","@id":"https:\/\/m2camper.com\/pt\/#website","url":"https:\/\/m2camper.com\/pt\/","name":"M2 Campers | Isolamento t\u00e9rmico e blackouts para campistas","description":"Descubra a qualidade e o conforto do nosso isolamento t\u00e9rmico blackout e dos nossos colch\u00f5es para ve\u00edculos. Otimize sua experi\u00eancia de viagem com a M2 Camper.","potentialAction":[{"@type":"SearchAction","target":{"@type":"EntryPoint","urlTemplate":"https:\/\/m2camper.com\/pt\/?s={search_term_string}"},"query-input":{"@type":"PropertyValueSpecification","valueRequired":true,"valueName":"search_term_string"}}],"inLanguage":"pt-PT"},{"@type":"Person","@id":"https:\/\/m2camper.com\/pt\/#\/schema\/person\/ad1e681f60b2e23c9b88a93e6d3feab3","name":"Prubs214s","image":{"@type":"ImageObject","inLanguage":"pt-PT","@id":"https:\/\/secure.gravatar.com\/avatar\/74706914812c3b473b95a5253410b33d71c50bf5f0d5423532bc0afa617d4316?s=96&d=mm&r=g","url":"https:\/\/secure.gravatar.com\/avatar\/74706914812c3b473b95a5253410b33d71c50bf5f0d5423532bc0afa617d4316?s=96&d=mm&r=g","contentUrl":"https:\/\/secure.gravatar.com\/avatar\/74706914812c3b473b95a5253410b33d71c50bf5f0d5423532bc0afa617d4316?s=96&d=mm&r=g","caption":"Prubs214s"},"url":"https:\/\/m2camper.com\/pt\/author\/prubs214s\/"}]}},"_links":{"self":[{"href":"https:\/\/m2camper.com\/pt\/wp-json\/wp\/v2\/posts\/18281","targetHints":{"allow":["GET"]}}],"collection":[{"href":"https:\/\/m2camper.com\/pt\/wp-json\/wp\/v2\/posts"}],"about":[{"href":"https:\/\/m2camper.com\/pt\/wp-json\/wp\/v2\/types\/post"}],"author":[{"embeddable":true,"href":"https:\/\/m2camper.com\/pt\/wp-json\/wp\/v2\/users\/5741"}],"replies":[{"embeddable":true,"href":"https:\/\/m2camper.com\/pt\/wp-json\/wp\/v2\/comments?post=18281"}],"version-history":[{"count":2,"href":"https:\/\/m2camper.com\/pt\/wp-json\/wp\/v2\/posts\/18281\/revisions"}],"predecessor-version":[{"id":18284,"href":"https:\/\/m2camper.com\/pt\/wp-json\/wp\/v2\/posts\/18281\/revisions\/18284"}],"wp:featuredmedia":[{"embeddable":true,"href":"https:\/\/m2camper.com\/pt\/wp-json\/wp\/v2\/media\/18282"}],"wp:attachment":[{"href":"https:\/\/m2camper.com\/pt\/wp-json\/wp\/v2\/media?parent=18281"}],"wp:term":[{"taxonomy":"category","embeddable":true,"href":"https:\/\/m2camper.com\/pt\/wp-json\/wp\/v2\/categories?post=18281"},{"taxonomy":"post_tag","embeddable":true,"href":"https:\/\/m2camper.com\/pt\/wp-json\/wp\/v2\/tags?post=18281"}],"curies":[{"name":"wp","href":"https:\/\/api.w.org\/{rel}","templated":true}]}}