{"id":16985,"date":"2026-04-27T10:21:00","date_gmt":"2026-04-27T08:21:00","guid":{"rendered":"https:\/\/m2camper.com\/?p=16985"},"modified":"2026-04-01T18:41:53","modified_gmt":"2026-04-01T16:41:53","slug":"condensacion-camper-como-evitarla","status":"publish","type":"post","link":"https:\/\/m2camper.com\/pt\/condensacion-camper-como-evitarla\/","title":{"rendered":"Condensa\u00e7\u00e3o em campers: por que ocorre e como evit\u00e1-la de verdade"},"content":{"rendered":"<p>Se alguma vez acordaste com as janelas completamente embaciadas ou com sensa\u00e7\u00e3o de humidade dentro do teu ve\u00edculo, j\u00e1 sabes como a condensa\u00e7\u00e3o numa camper pode ser inc\u00f3moda.<\/p>\n\n\n\n<p>Mas, para al\u00e9m do desconforto, \u00e9 um problema que afeta diretamente o conforto\u2026 e, a longo prazo, o pr\u00f3prio ve\u00edculo.<\/p>\n\n\n\n<h2 class=\"wp-block-heading\">O que \u00e9 a condensa\u00e7\u00e3o numa camper<\/h2>\n\n\n\n<p>A condensa\u00e7\u00e3o ocorre quando o ar quente e h\u00famido do interior entra em contacto com superf\u00edcies frias, como os vidros.<\/p>\n\n\n\n<p>Resultado:<\/p>\n\n\n\n<ul class=\"wp-block-list\">\n<li>\u00c1gua nas janelas<\/li>\n\n\n\n<li>Sensa\u00e7\u00e3o de humidade<\/li>\n\n\n\n<li>Ambiente desconfort\u00e1vel para dormir<\/li>\n<\/ul>\n\n\n\n<p><\/p>\n\n\n\n<h2 class=\"wp-block-heading\">Por que aparece humidade dentro do ve\u00edculo<\/h2>\n\n\n\n<p>Embora n\u00e3o pare\u00e7a, geramos muita humidade:<\/p>\n\n\n\n<ul class=\"wp-block-list\">\n<li>Respira\u00e7\u00e3o durante a noite<\/li>\n\n\n\n<li>Suor corporal<\/li>\n\n\n\n<li>Diferen\u00e7a de temperatura interior\/exterior<\/li>\n<\/ul>\n\n\n\n<p><\/p>\n\n\n\n<p>E num espa\u00e7o t\u00e3o pequeno como um carro ou uma carrinha, isto multiplica-se.<\/p>\n\n\n\n<h2 class=\"wp-block-heading\">Problemas reais da condensa\u00e7\u00e3o<\/h2>\n\n\n\n<p>N\u00e3o \u00e9 apenas um inc\u00f3modo pontual:<\/p>\n\n\n\n<ul class=\"wp-block-list\">\n<li>Piora a qualidade do sono<\/li>\n\n\n\n<li>Aumenta a sensa\u00e7\u00e3o de frio<\/li>\n\n\n\n<li>Pode gerar maus odores<\/li>\n\n\n\n<li>A longo prazo, pode afetar os materiais<\/li>\n<\/ul>\n\n\n\n<p><\/p>\n\n\n\n<h2 class=\"wp-block-heading\">Como evitar a condensa\u00e7\u00e3o passo a passo<\/h2>\n\n\n\n<h3 class=\"wp-block-heading\">Ventila\u00e7\u00e3o<\/h3>\n\n\n\n<p>\u00c9 fundamental renovar o ar.<\/p>\n\n\n\n<p>Op\u00e7\u00f5es:<\/p>\n\n\n\n<ul class=\"wp-block-list\">\n<li>Deixar uma pequena abertura<\/li>\n\n\n\n<li>Usar defletores<\/li>\n<\/ul>\n\n\n\n<p><\/p>\n\n\n\n<h3 class=\"wp-block-heading\">Isolamento t\u00e9rmico<\/h3>\n\n\n\n<p>Aqui est\u00e1 um dos pontos-chave.<\/p>\n\n\n\n<p>Os vidros s\u00e3o a principal fonte de frio, e sem prote\u00e7\u00e3o:<\/p>\n\n\n\n<ul class=\"wp-block-list\">\n<li>Arrefecem rapidamente<\/li>\n\n\n\n<li>Geram condensa\u00e7\u00e3o<\/li>\n<\/ul>\n\n\n\n<p><\/p>\n\n\n\n<p class=\"translation-block\">Os <strong><a href=\"\/pt\/isoladores\/\" target=\"_self\">isolantes t\u00e9rmicos \u00e0 medida<\/a><\/strong> ajudam a:<\/p>\n\n\n\n<ul class=\"wp-block-list\">\n<li>Reduzir o contraste t\u00e9rmico<\/li>\n\n\n\n<li>Minimizar o aparecimento de humidade<\/li>\n\n\n\n<li>Melhorar o conforto interior<\/li>\n<\/ul>\n\n\n\n<p><\/p>\n\n\n\n<h3 class=\"wp-block-heading\">Uso de materiais adequados<\/h3>\n\n\n\n<p>Evita solu\u00e7\u00f5es improvisadas que ret\u00eam humidade.<\/p>\n\n\n\n<p>Opta por materiais concebidos para este uso, que:<\/p>\n\n\n\n<ul class=\"wp-block-list\">\n<li>N\u00e3o acumulem \u00e1gua<\/li>\n\n\n\n<li>Sejam respir\u00e1veis<\/li>\n<\/ul>\n\n\n\n<p><\/p>\n\n\n\n<h2 class=\"wp-block-heading\">Solu\u00e7\u00f5es eficazes para o dia a dia<\/h2>\n\n\n\n<ul class=\"wp-block-list\">\n<li>Ventilar ap\u00f3s dormir<\/li>\n\n\n\n<li>Usar isolantes sempre que pernoitares<\/li>\n\n\n\n<li>Secar as superf\u00edcies se aparecer humidade<\/li>\n\n\n\n<li>Manter uma rotina b\u00e1sica<\/li>\n<\/ul>\n\n\n\n<p><\/p>\n\n\n\n<p class=\"has-large-font-size\"><strong>Perguntas frequentes<\/strong><\/p>\n\n\n\n<details class=\"wp-block-details is-layout-flow wp-block-details-is-layout-flow\"><summary><strong>\u00c9 normal haver condensa\u00e7\u00e3o numa camper?<\/strong><\/summary>\n<p>Sim, mas pode ser bastante reduzida com boas pr\u00e1ticas.<\/p>\n<\/details>\n\n\n\n<details class=\"wp-block-details is-layout-flow wp-block-details-is-layout-flow\"><summary><strong>Os isolantes ajudam realmente?<\/strong><\/summary>\n<p>Sim, s\u00e3o uma das solu\u00e7\u00f5es mais eficazes.<\/p>\n<\/details>\n\n\n\n<details class=\"wp-block-details is-layout-flow wp-block-details-is-layout-flow\"><summary><strong>\u00c9 pior no inverno?<\/strong><\/summary>\n<p>Sim, devido ao maior contraste t\u00e9rmico.<\/p>\n<\/details>\n\n\n\n<p><\/p>\n\n\n\n<p>A condensa\u00e7\u00e3o n\u00e3o \u00e9 algo que tenhas de aceitar como parte da viagem.<\/p>\n\n\n\n<p>Com as solu\u00e7\u00f5es adequadas, podes melhorar muito a tua experi\u00eancia e o teu descanso.<\/p>\n\n\n\n<p class=\"translation-block\">Descobre em <a href=\"\/pt\/\" target=\"_self\">m2camper<\/a> como os isolantes t\u00e9rmicos \u00e0 medida podem ajudar-te a manter um interior mais seco, confort\u00e1vel e preparado para qualquer escapadela.<\/p>\n\n\n<div class=\"wp-block-image\">\n<figure class=\"aligncenter size-full is-resized\"><img fetchpriority=\"high\" decoding=\"async\" width=\"1080\" height=\"1620\" src=\"https:\/\/m2camper.com\/wp-content\/uploads\/2026\/04\/condensacion-en-una-camper.webp\" alt=\"Humidade interior da carrinha\" class=\"wp-image-16991\" style=\"aspect-ratio:1;object-fit:cover;width:auto;height:500px\" srcset=\"https:\/\/m2camper.com\/wp-content\/uploads\/2026\/04\/condensacion-en-una-camper.webp 1080w, https:\/\/m2camper.com\/wp-content\/uploads\/2026\/04\/condensacion-en-una-camper-200x300.webp 200w, https:\/\/m2camper.com\/wp-content\/uploads\/2026\/04\/condensacion-en-una-camper-683x1024.webp 683w, https:\/\/m2camper.com\/wp-content\/uploads\/2026\/04\/condensacion-en-una-camper-768x1152.webp 768w, https:\/\/m2camper.com\/wp-content\/uploads\/2026\/04\/condensacion-en-una-camper-1024x1536.webp 1024w, https:\/\/m2camper.com\/wp-content\/uploads\/2026\/04\/condensacion-en-una-camper-8x12.webp 8w, https:\/\/m2camper.com\/wp-content\/uploads\/2026\/04\/condensacion-en-una-camper-300x450.webp 300w, https:\/\/m2camper.com\/wp-content\/uploads\/2026\/04\/condensacion-en-una-camper-600x900.webp 600w\" sizes=\"(max-width: 1080px) 100vw, 1080px\" \/><\/figure>\n<\/div>","protected":false},"excerpt":{"rendered":"<p>Si alguna vez te has despertado con las ventanas completamente empa\u00f1adas o con sensaci\u00f3n de humedad dentro de tu veh\u00edculo, ya sabes lo inc\u00f3moda que puede ser la condensaci\u00f3n en una camper. Pero m\u00e1s all\u00e1 de la incomodidad, es un problema que afecta directamente al confort\u2026 y a largo plazo, al propio veh\u00edculo. Qu\u00e9 es&hellip;&nbsp;<a href=\"https:\/\/m2camper.com\/pt\/condensacion-camper-como-evitarla\/\" rel=\"bookmark\">Ler mais &raquo;<span class=\"screen-reader-text\">Condensa\u00e7\u00e3o em campers: por que ocorre e como evit\u00e1-la de verdade<\/span><\/a><\/p>","protected":false},"author":5741,"featured_media":16991,"comment_status":"closed","ping_status":"closed","sticky":false,"template":"","format":"standard","meta":{"neve_meta_sidebar":"","neve_meta_container":"","neve_meta_enable_content_width":"","neve_meta_content_width":0,"neve_meta_title_alignment":"","neve_meta_author_avatar":"","neve_post_elements_order":"","neve_meta_disable_header":"","neve_meta_disable_footer":"","neve_meta_disable_title":"","footnotes":""},"categories":[208,202],"tags":[],"class_list":["post-16985","post","type-post","status-publish","format-standard","has-post-thumbnail","hentry","category-aislantes-termicos","category-camperizacion-de-furgonetas"],"yoast_head":"<!-- This site is optimized with the Yoast SEO plugin v27.4 - https:\/\/yoast.com\/product\/yoast-seo-wordpress\/ -->\n<title>Evitar condensaci\u00f3n en camper: gu\u00eda pr\u00e1ctica - M2 Camper | Aislantes t\u00e9rmicos y oscurecedores para campers<\/title>\n<meta name=\"description\" content=\"Aprende por qu\u00e9 aparece la condensaci\u00f3n en tu camper y c\u00f3mo evitarla con soluciones reales. Mejora tu confort y evita humedad.\" \/>\n<meta name=\"robots\" content=\"index, follow, max-snippet:-1, max-image-preview:large, max-video-preview:-1\" \/>\n<link rel=\"canonical\" href=\"https:\/\/m2camper.com\/pt\/condensacion-camper-como-evitarla\/\" \/>\n<meta property=\"og:locale\" content=\"pt_PT\" \/>\n<meta property=\"og:type\" content=\"article\" \/>\n<meta property=\"og:title\" content=\"Evitar condensaci\u00f3n en camper: gu\u00eda pr\u00e1ctica - M2 Camper | Aislantes t\u00e9rmicos y oscurecedores para campers\" \/>\n<meta property=\"og:description\" content=\"Aprende por qu\u00e9 aparece la condensaci\u00f3n en tu camper y c\u00f3mo evitarla con soluciones reales. Mejora tu confort y evita humedad.\" \/>\n<meta property=\"og:url\" content=\"https:\/\/m2camper.com\/pt\/condensacion-camper-como-evitarla\/\" \/>\n<meta property=\"og:site_name\" content=\"M2 Camper | Aislantes t\u00e9rmicos y oscurecedores para campers\" \/>\n<meta property=\"article:published_time\" content=\"2026-04-27T08:21:00+00:00\" \/>\n<meta property=\"og:image\" content=\"https:\/\/m2camper.com\/wp-content\/uploads\/2026\/04\/condensacion-en-una-camper.webp\" \/>\n\t<meta property=\"og:image:width\" content=\"1080\" \/>\n\t<meta property=\"og:image:height\" content=\"1620\" \/>\n\t<meta property=\"og:image:type\" content=\"image\/webp\" \/>\n<meta name=\"author\" content=\"Prubs214s\" \/>\n<meta name=\"twitter:card\" content=\"summary_large_image\" \/>\n<meta name=\"twitter:label1\" content=\"Escrito por\" \/>\n\t<meta name=\"twitter:data1\" content=\"Prubs214s\" \/>\n\t<meta name=\"twitter:label2\" content=\"Tempo estimado de leitura\" \/>\n\t<meta name=\"twitter:data2\" content=\"3 minutos\" \/>\n<script type=\"application\/ld+json\" class=\"yoast-schema-graph\">{\"@context\":\"https:\\\/\\\/schema.org\",\"@graph\":[{\"@type\":\"Article\",\"@id\":\"https:\\\/\\\/m2camper.com\\\/condensacion-camper-como-evitarla\\\/#article\",\"isPartOf\":{\"@id\":\"https:\\\/\\\/m2camper.com\\\/condensacion-camper-como-evitarla\\\/\"},\"author\":{\"name\":\"Prubs214s\",\"@id\":\"https:\\\/\\\/m2camper.com\\\/pt\\\/#\\\/schema\\\/person\\\/ad1e681f60b2e23c9b88a93e6d3feab3\"},\"headline\":\"Condensaci\u00f3n en camper: por qu\u00e9 ocurre y c\u00f3mo evitarla de verdad\",\"datePublished\":\"2026-04-27T08:21:00+00:00\",\"mainEntityOfPage\":{\"@id\":\"https:\\\/\\\/m2camper.com\\\/condensacion-camper-como-evitarla\\\/\"},\"wordCount\":421,\"image\":{\"@id\":\"https:\\\/\\\/m2camper.com\\\/condensacion-camper-como-evitarla\\\/#primaryimage\"},\"thumbnailUrl\":\"https:\\\/\\\/m2camper.com\\\/wp-content\\\/uploads\\\/2026\\\/04\\\/condensacion-en-una-camper.webp\",\"articleSection\":[\"Aislantes t\u00e9rmicos\",\"camperizaci\u00f3n de furgonetas\"],\"inLanguage\":\"pt-PT\"},{\"@type\":\"WebPage\",\"@id\":\"https:\\\/\\\/m2camper.com\\\/condensacion-camper-como-evitarla\\\/\",\"url\":\"https:\\\/\\\/m2camper.com\\\/condensacion-camper-como-evitarla\\\/\",\"name\":\"Evitar condensaci\u00f3n en camper: gu\u00eda pr\u00e1ctica - M2 Camper | Aislantes t\u00e9rmicos y oscurecedores para campers\",\"isPartOf\":{\"@id\":\"https:\\\/\\\/m2camper.com\\\/pt\\\/#website\"},\"primaryImageOfPage\":{\"@id\":\"https:\\\/\\\/m2camper.com\\\/condensacion-camper-como-evitarla\\\/#primaryimage\"},\"image\":{\"@id\":\"https:\\\/\\\/m2camper.com\\\/condensacion-camper-como-evitarla\\\/#primaryimage\"},\"thumbnailUrl\":\"https:\\\/\\\/m2camper.com\\\/wp-content\\\/uploads\\\/2026\\\/04\\\/condensacion-en-una-camper.webp\",\"datePublished\":\"2026-04-27T08:21:00+00:00\",\"author\":{\"@id\":\"https:\\\/\\\/m2camper.com\\\/pt\\\/#\\\/schema\\\/person\\\/ad1e681f60b2e23c9b88a93e6d3feab3\"},\"description\":\"Aprende por qu\u00e9 aparece la condensaci\u00f3n en tu camper y c\u00f3mo evitarla con soluciones reales. Mejora tu confort y evita humedad.\",\"breadcrumb\":{\"@id\":\"https:\\\/\\\/m2camper.com\\\/condensacion-camper-como-evitarla\\\/#breadcrumb\"},\"inLanguage\":\"pt-PT\",\"potentialAction\":[{\"@type\":\"ReadAction\",\"target\":[\"https:\\\/\\\/m2camper.com\\\/condensacion-camper-como-evitarla\\\/\"]}]},{\"@type\":\"ImageObject\",\"inLanguage\":\"pt-PT\",\"@id\":\"https:\\\/\\\/m2camper.com\\\/condensacion-camper-como-evitarla\\\/#primaryimage\",\"url\":\"https:\\\/\\\/m2camper.com\\\/wp-content\\\/uploads\\\/2026\\\/04\\\/condensacion-en-una-camper.webp\",\"contentUrl\":\"https:\\\/\\\/m2camper.com\\\/wp-content\\\/uploads\\\/2026\\\/04\\\/condensacion-en-una-camper.webp\",\"width\":1080,\"height\":1620,\"caption\":\"humedad interior furgoneta\"},{\"@type\":\"BreadcrumbList\",\"@id\":\"https:\\\/\\\/m2camper.com\\\/condensacion-camper-como-evitarla\\\/#breadcrumb\",\"itemListElement\":[{\"@type\":\"ListItem\",\"position\":1,\"name\":\"Portada\",\"item\":\"https:\\\/\\\/m2camper.com\\\/pt\\\/\"},{\"@type\":\"ListItem\",\"position\":2,\"name\":\"Condensaci\u00f3n en camper: por qu\u00e9 ocurre y c\u00f3mo evitarla de verdad\"}]},{\"@type\":\"WebSite\",\"@id\":\"https:\\\/\\\/m2camper.com\\\/pt\\\/#website\",\"url\":\"https:\\\/\\\/m2camper.com\\\/pt\\\/\",\"name\":\"M2 Campers | Aislantes t\u00e9rmicos y oscurecedores para campers\",\"description\":\"Descubre calidad y confort de nuestros aislantes t\u00e9rmicos oscurecedores y colchones para veh\u00edculos. Optimiza tu experiencia en carretera con M2 Camper.\",\"potentialAction\":[{\"@type\":\"SearchAction\",\"target\":{\"@type\":\"EntryPoint\",\"urlTemplate\":\"https:\\\/\\\/m2camper.com\\\/pt\\\/?s={search_term_string}\"},\"query-input\":{\"@type\":\"PropertyValueSpecification\",\"valueRequired\":true,\"valueName\":\"search_term_string\"}}],\"inLanguage\":\"pt-PT\"},{\"@type\":\"Person\",\"@id\":\"https:\\\/\\\/m2camper.com\\\/pt\\\/#\\\/schema\\\/person\\\/ad1e681f60b2e23c9b88a93e6d3feab3\",\"name\":\"Prubs214s\",\"image\":{\"@type\":\"ImageObject\",\"inLanguage\":\"pt-PT\",\"@id\":\"https:\\\/\\\/secure.gravatar.com\\\/avatar\\\/74706914812c3b473b95a5253410b33d71c50bf5f0d5423532bc0afa617d4316?s=96&d=mm&r=g\",\"url\":\"https:\\\/\\\/secure.gravatar.com\\\/avatar\\\/74706914812c3b473b95a5253410b33d71c50bf5f0d5423532bc0afa617d4316?s=96&d=mm&r=g\",\"contentUrl\":\"https:\\\/\\\/secure.gravatar.com\\\/avatar\\\/74706914812c3b473b95a5253410b33d71c50bf5f0d5423532bc0afa617d4316?s=96&d=mm&r=g\",\"caption\":\"Prubs214s\"},\"url\":\"https:\\\/\\\/m2camper.com\\\/pt\\\/author\\\/prubs214s\\\/\"}]}<\/script>\n<!-- \/ Yoast SEO plugin. -->","yoast_head_json":{"title":"Evitar condensaci\u00f3n en camper: gu\u00eda pr\u00e1ctica - M2 Camper | Aislantes t\u00e9rmicos y oscurecedores para campers","description":"Aprende por qu\u00e9 aparece la condensaci\u00f3n en tu camper y c\u00f3mo evitarla con soluciones reales. Mejora tu confort y evita humedad.","robots":{"index":"index","follow":"follow","max-snippet":"max-snippet:-1","max-image-preview":"max-image-preview:large","max-video-preview":"max-video-preview:-1"},"canonical":"https:\/\/m2camper.com\/pt\/condensacion-camper-como-evitarla\/","og_locale":"pt_PT","og_type":"article","og_title":"Evitar condensaci\u00f3n en camper: gu\u00eda pr\u00e1ctica - M2 Camper | Aislantes t\u00e9rmicos y oscurecedores para campers","og_description":"Aprende por qu\u00e9 aparece la condensaci\u00f3n en tu camper y c\u00f3mo evitarla con soluciones reales. Mejora tu confort y evita humedad.","og_url":"https:\/\/m2camper.com\/pt\/condensacion-camper-como-evitarla\/","og_site_name":"M2 Camper | Aislantes t\u00e9rmicos y oscurecedores para campers","article_published_time":"2026-04-27T08:21:00+00:00","og_image":[{"width":1080,"height":1620,"url":"https:\/\/m2camper.com\/wp-content\/uploads\/2026\/04\/condensacion-en-una-camper.webp","type":"image\/webp"}],"author":"Prubs214s","twitter_card":"summary_large_image","twitter_misc":{"Escrito por":"Prubs214s","Tempo estimado de leitura":"3 minutos"},"schema":{"@context":"https:\/\/schema.org","@graph":[{"@type":"Article","@id":"https:\/\/m2camper.com\/condensacion-camper-como-evitarla\/#article","isPartOf":{"@id":"https:\/\/m2camper.com\/condensacion-camper-como-evitarla\/"},"author":{"name":"Prubs214s","@id":"https:\/\/m2camper.com\/pt\/#\/schema\/person\/ad1e681f60b2e23c9b88a93e6d3feab3"},"headline":"Condensaci\u00f3n en camper: por qu\u00e9 ocurre y c\u00f3mo evitarla de verdad","datePublished":"2026-04-27T08:21:00+00:00","mainEntityOfPage":{"@id":"https:\/\/m2camper.com\/condensacion-camper-como-evitarla\/"},"wordCount":421,"image":{"@id":"https:\/\/m2camper.com\/condensacion-camper-como-evitarla\/#primaryimage"},"thumbnailUrl":"https:\/\/m2camper.com\/wp-content\/uploads\/2026\/04\/condensacion-en-una-camper.webp","articleSection":["Aislantes t\u00e9rmicos","camperizaci\u00f3n de furgonetas"],"inLanguage":"pt-PT"},{"@type":"WebPage","@id":"https:\/\/m2camper.com\/condensacion-camper-como-evitarla\/","url":"https:\/\/m2camper.com\/condensacion-camper-como-evitarla\/","name":"Evitar condensaci\u00f3n en camper: gu\u00eda pr\u00e1ctica - M2 Camper | Aislantes t\u00e9rmicos y oscurecedores para campers","isPartOf":{"@id":"https:\/\/m2camper.com\/pt\/#website"},"primaryImageOfPage":{"@id":"https:\/\/m2camper.com\/condensacion-camper-como-evitarla\/#primaryimage"},"image":{"@id":"https:\/\/m2camper.com\/condensacion-camper-como-evitarla\/#primaryimage"},"thumbnailUrl":"https:\/\/m2camper.com\/wp-content\/uploads\/2026\/04\/condensacion-en-una-camper.webp","datePublished":"2026-04-27T08:21:00+00:00","author":{"@id":"https:\/\/m2camper.com\/pt\/#\/schema\/person\/ad1e681f60b2e23c9b88a93e6d3feab3"},"description":"Aprende por qu\u00e9 aparece la condensaci\u00f3n en tu camper y c\u00f3mo evitarla con soluciones reales. Mejora tu confort y evita humedad.","breadcrumb":{"@id":"https:\/\/m2camper.com\/condensacion-camper-como-evitarla\/#breadcrumb"},"inLanguage":"pt-PT","potentialAction":[{"@type":"ReadAction","target":["https:\/\/m2camper.com\/condensacion-camper-como-evitarla\/"]}]},{"@type":"ImageObject","inLanguage":"pt-PT","@id":"https:\/\/m2camper.com\/condensacion-camper-como-evitarla\/#primaryimage","url":"https:\/\/m2camper.com\/wp-content\/uploads\/2026\/04\/condensacion-en-una-camper.webp","contentUrl":"https:\/\/m2camper.com\/wp-content\/uploads\/2026\/04\/condensacion-en-una-camper.webp","width":1080,"height":1620,"caption":"humedad interior furgoneta"},{"@type":"BreadcrumbList","@id":"https:\/\/m2camper.com\/condensacion-camper-como-evitarla\/#breadcrumb","itemListElement":[{"@type":"ListItem","position":1,"name":"Portada","item":"https:\/\/m2camper.com\/pt\/"},{"@type":"ListItem","position":2,"name":"Condensaci\u00f3n en camper: por qu\u00e9 ocurre y c\u00f3mo evitarla de verdad"}]},{"@type":"WebSite","@id":"https:\/\/m2camper.com\/pt\/#website","url":"https:\/\/m2camper.com\/pt\/","name":"M2 Campers | Isolamento t\u00e9rmico e blackouts para campistas","description":"Descubra a qualidade e o conforto do nosso isolamento t\u00e9rmico blackout e dos nossos colch\u00f5es para ve\u00edculos. Otimize sua experi\u00eancia de viagem com a M2 Camper.","potentialAction":[{"@type":"SearchAction","target":{"@type":"EntryPoint","urlTemplate":"https:\/\/m2camper.com\/pt\/?s={search_term_string}"},"query-input":{"@type":"PropertyValueSpecification","valueRequired":true,"valueName":"search_term_string"}}],"inLanguage":"pt-PT"},{"@type":"Person","@id":"https:\/\/m2camper.com\/pt\/#\/schema\/person\/ad1e681f60b2e23c9b88a93e6d3feab3","name":"Prubs214s","image":{"@type":"ImageObject","inLanguage":"pt-PT","@id":"https:\/\/secure.gravatar.com\/avatar\/74706914812c3b473b95a5253410b33d71c50bf5f0d5423532bc0afa617d4316?s=96&d=mm&r=g","url":"https:\/\/secure.gravatar.com\/avatar\/74706914812c3b473b95a5253410b33d71c50bf5f0d5423532bc0afa617d4316?s=96&d=mm&r=g","contentUrl":"https:\/\/secure.gravatar.com\/avatar\/74706914812c3b473b95a5253410b33d71c50bf5f0d5423532bc0afa617d4316?s=96&d=mm&r=g","caption":"Prubs214s"},"url":"https:\/\/m2camper.com\/pt\/author\/prubs214s\/"}]}},"_links":{"self":[{"href":"https:\/\/m2camper.com\/pt\/wp-json\/wp\/v2\/posts\/16985","targetHints":{"allow":["GET"]}}],"collection":[{"href":"https:\/\/m2camper.com\/pt\/wp-json\/wp\/v2\/posts"}],"about":[{"href":"https:\/\/m2camper.com\/pt\/wp-json\/wp\/v2\/types\/post"}],"author":[{"embeddable":true,"href":"https:\/\/m2camper.com\/pt\/wp-json\/wp\/v2\/users\/5741"}],"replies":[{"embeddable":true,"href":"https:\/\/m2camper.com\/pt\/wp-json\/wp\/v2\/comments?post=16985"}],"version-history":[{"count":5,"href":"https:\/\/m2camper.com\/pt\/wp-json\/wp\/v2\/posts\/16985\/revisions"}],"predecessor-version":[{"id":16993,"href":"https:\/\/m2camper.com\/pt\/wp-json\/wp\/v2\/posts\/16985\/revisions\/16993"}],"wp:featuredmedia":[{"embeddable":true,"href":"https:\/\/m2camper.com\/pt\/wp-json\/wp\/v2\/media\/16991"}],"wp:attachment":[{"href":"https:\/\/m2camper.com\/pt\/wp-json\/wp\/v2\/media?parent=16985"}],"wp:term":[{"taxonomy":"category","embeddable":true,"href":"https:\/\/m2camper.com\/pt\/wp-json\/wp\/v2\/categories?post=16985"},{"taxonomy":"post_tag","embeddable":true,"href":"https:\/\/m2camper.com\/pt\/wp-json\/wp\/v2\/tags?post=16985"}],"curies":[{"name":"wp","href":"https:\/\/api.w.org\/{rel}","templated":true}]}}