{"id":14460,"date":"2025-07-15T10:36:18","date_gmt":"2025-07-15T08:36:18","guid":{"rendered":"https:\/\/m2camper.com\/?p=14460"},"modified":"2025-07-17T09:24:16","modified_gmt":"2025-07-17T07:24:16","slug":"isolamento-termico-a-chave-para-aproveitar-o-verao-no-seu-trailer-sem-o-calor","status":"publish","type":"post","link":"https:\/\/m2camper.com\/pt\/isolamento-termico-a-chave-para-aproveitar-o-verao-no-seu-trailer-sem-o-calor\/","title":{"rendered":"Isolamento t\u00e9rmico: a chave para aproveitar o ver\u00e3o no seu trailer sem o calor."},"content":{"rendered":"<h4 class=\"wp-block-heading\">Isolamento t\u00e9rmico: como ele ajuda a combater o calor dentro do ve\u00edculo<\/h4>\n\n\n\n<p>O ver\u00e3o \u00e9 a esta\u00e7\u00e3o favorita para viajar em um campervan. As estradas abertas, as paisagens ensolaradas e a liberdade de dormir em qualquer lugar proporcionam uma experi\u00eancia \u00fanica. No entanto, com o calor tamb\u00e9m v\u00eam os desafios. Um dos mais importantes \u00e9 manter uma temperatura confort\u00e1vel dentro da cabine. \u00c9 aqui que o <strong><a href=\"https:\/\/m2camper.com\/pt\/isoladores\/\">isolamento t\u00e9rmico<\/a><\/strong>, um elemento essencial para qualquer ve\u00edculo camperizado.<\/p>\n\n\n\n<p>UM <strong>isolamento t\u00e9rmico<\/strong> Uma campervan bem projetada pode fazer a diferen\u00e7a entre f\u00e9rias agrad\u00e1veis e uma verdadeira sauna sobre rodas. Durante o ver\u00e3o, os raios solares atingem o ve\u00edculo com for\u00e7a, especialmente se ele ficar estacionado por horas. Janelas e tetos funcionam como amplificadores de calor, e a temperatura interna pode facilmente ultrapassar 50 \u00b0C. Essa situa\u00e7\u00e3o afeta n\u00e3o apenas o conforto, mas tamb\u00e9m a seguran\u00e7a, a conserva\u00e7\u00e3o de alimentos, o descanso e a vida \u00fatil dos elementos internos da campervan.<\/p>\n\n\n\n<p>Em <strong>Campista M2<\/strong> Trabalhamos com materiais t\u00e9cnicos de alta qualidade para oferecer solu\u00e7\u00f5es reais aos problemas t\u00e9rmicos do ver\u00e3o. <strong>isolantes t\u00e9rmicos<\/strong> Eles s\u00e3o projetados para suportar o calor externo, minimizar a transfer\u00eancia de calor e manter o ambiente fresco por mais tempo. N\u00e3o se trata mais apenas de dormir melhor; trata-se de poder usar o ve\u00edculo durante o dia sem que ele vire um forno.<\/p>\n\n\n<div class=\"wp-block-image\">\n<figure class=\"aligncenter size-large\"><img fetchpriority=\"high\" decoding=\"async\" width=\"1024\" height=\"724\" src=\"https:\/\/m2camper.com\/wp-content\/uploads\/2025\/04\/aislante-para-furgos-1-1024x724.jpg\" alt=\"\" class=\"wp-image-13618\" srcset=\"https:\/\/m2camper.com\/wp-content\/uploads\/2025\/04\/aislante-para-furgos-1-1024x724.jpg 1024w, https:\/\/m2camper.com\/wp-content\/uploads\/2025\/04\/aislante-para-furgos-1-300x212.jpg 300w, https:\/\/m2camper.com\/wp-content\/uploads\/2025\/04\/aislante-para-furgos-1-768x543.jpg 768w, https:\/\/m2camper.com\/wp-content\/uploads\/2025\/04\/aislante-para-furgos-1-1536x1086.jpg 1536w, https:\/\/m2camper.com\/wp-content\/uploads\/2025\/04\/aislante-para-furgos-1-18x12.jpg 18w, https:\/\/m2camper.com\/wp-content\/uploads\/2025\/04\/aislante-para-furgos-1-600x424.jpg 600w, https:\/\/m2camper.com\/wp-content\/uploads\/2025\/04\/aislante-para-furgos-1.jpg 2000w\" sizes=\"(max-width: 1024px) 100vw, 1024px\" \/><\/figure>\n<\/div>\n\n\n<h4 class=\"wp-block-heading\">Isolamento t\u00e9rmico: materiais, design e efic\u00e1cia no ver\u00e3o<\/h4>\n\n\n\n<p>Nem todos os produtos do mercado funcionam da mesma forma. O desempenho de um <strong>isolamento t\u00e9rmico<\/strong> depende em grande parte dos materiais utilizados, da estrutura multicamadas e da qualidade dos acabamentos. Na M2 Camper, fabricamos isolamento com at\u00e9 nove camadas t\u00e9cnicas, incluindo folha de alum\u00ednio refletiva, espuma t\u00e9rmica e barreira de vapor. Essa combina\u00e7\u00e3o bloqueia eficazmente a radia\u00e7\u00e3o solar, prevenindo o temido efeito estufa.<\/p>\n\n\n\n<p>Al\u00e9m disso, nosso <strong>isolantes t\u00e9rmicos<\/strong> Eles n\u00e3o s\u00e3o projetados apenas para motorhomes, mas tamb\u00e9m para campervans, SUVs e at\u00e9 mesmo pequenos barcos. Cada unidade \u00e9 feita sob medida para se adaptar \u00e0s dimens\u00f5es espec\u00edficas do seu ve\u00edculo, garantindo cobertura completa e verdadeira efic\u00e1cia. Ao contr\u00e1rio dos produtos gen\u00e9ricos vendidos em lojas convencionais, nossos isoladores se ajustam como uma luva, sem deixar espa\u00e7os por onde o calor possa penetrar.<\/p>\n\n\n\n<p>No ver\u00e3o, o uso mais frequente do <strong>isolamento t\u00e9rmico<\/strong> \u00c9 especialmente importante durante estacionamentos de longa dura\u00e7\u00e3o, seja para fazer compras, trabalhar ou simplesmente na praia ou acampar. Tamb\u00e9m \u00e9 essencial para proteger o interior quando o ve\u00edculo fica exposto diretamente ao sol durante as horas mais quentes do dia. Ao atuar como um escudo t\u00e9rmico, esses isolantes ajudam a manter os equipamentos el\u00e9tricos est\u00e1veis, protegem os tecidos e reduzem a sobrecarga de geladeiras, ventiladores e outros aparelhos.<\/p>\n\n\n\n<h4 class=\"wp-block-heading\">Isolamento t\u00e9rmico: conforto, economia de energia e versatilidade na estrada<\/h4>\n\n\n\n<p>Al\u00e9m do conforto t\u00e9rmico, o uso de um bom <strong>isolamento t\u00e9rmico<\/strong> Tamb\u00e9m tem um impacto positivo no consumo de energia do ve\u00edculo. Ao evitar o superaquecimento da cabine, a necessidade de ventiladores ou sistemas de refrigera\u00e7\u00e3o el\u00e9tricos \u00e9 reduzida, resultando em menor consumo de bateria ou combust\u00edvel. Isso \u00e9 especialmente importante para quem viaja de forma aut\u00f4noma e confia na efici\u00eancia de seus recursos.<\/p>\n\n\n\n<p>Outra vantagem \u00e9 a melhora do sono. Nas noites de ver\u00e3o, muitos viajantes s\u00e3o obrigados a dormir com as janelas abertas para combater o calor. Mas com uma boa <strong>isolamento t\u00e9rmico<\/strong>O ambiente interno permanece fresco desde o anoitecer, promovendo um sono mais profundo e tranquilo. Al\u00e9m disso, o isolamento tamb\u00e9m ajuda a bloquear a luz e o ru\u00eddo externo, proporcionando mais privacidade e conforto.<\/p>\n\n\n\n<p>Na M2 Camper, entendemos que cada ve\u00edculo e cada viagem s\u00e3o \u00fanicos. \u00c9 por isso que oferecemos <strong>isolamento t\u00e9rmico<\/strong> Personalizado para qualquer \u00e1rea do ve\u00edculo: para-brisa, janelas laterais, claraboias, tetos elevat\u00f3rios e portas traseiras. Nossa equipe o aconselhar\u00e1 na escolha da configura\u00e7\u00e3o mais adequada com base no modelo do seu trailer e no uso no ver\u00e3o.<\/p>\n\n\n<div class=\"wp-block-image\">\n<figure class=\"aligncenter size-large\"><img decoding=\"async\" width=\"1024\" height=\"576\" src=\"https:\/\/m2camper.com\/wp-content\/uploads\/2025\/02\/1-1024x576.jpg\" alt=\"\" class=\"wp-image-12210\" srcset=\"https:\/\/m2camper.com\/wp-content\/uploads\/2025\/02\/1-1024x576.jpg 1024w, https:\/\/m2camper.com\/wp-content\/uploads\/2025\/02\/1-300x169.jpg 300w, https:\/\/m2camper.com\/wp-content\/uploads\/2025\/02\/1-768x432.jpg 768w, https:\/\/m2camper.com\/wp-content\/uploads\/2025\/02\/1-1536x864.jpg 1536w, https:\/\/m2camper.com\/wp-content\/uploads\/2025\/02\/1-18x10.jpg 18w, https:\/\/m2camper.com\/wp-content\/uploads\/2025\/02\/1-600x338.jpg 600w, https:\/\/m2camper.com\/wp-content\/uploads\/2025\/02\/1.jpg 1920w\" sizes=\"(max-width: 1024px) 100vw, 1024px\" \/><\/figure>\n<\/div>\n\n\n<h3 class=\"wp-block-heading\">Melhore suas viagens de ver\u00e3o com o isolamento t\u00e9rmico da M2 Camper<\/h3>\n\n\n\n<p>Se voc\u00ea est\u00e1 planejando suas pr\u00f3ximas f\u00e9rias e quer ter certeza de aproveit\u00e1-las ao m\u00e1ximo, incorpore um <strong>isolamento t\u00e9rmico<\/strong> Adicionar um novo trailer ao seu trailer \u00e9 uma das melhores decis\u00f5es que voc\u00ea pode tomar. Voc\u00ea n\u00e3o s\u00f3 ganhar\u00e1 em bem-estar e conforto, como tamb\u00e9m proteger\u00e1 seu ve\u00edculo, otimizar\u00e1 recursos e prolongar\u00e1 a vida \u00fatil do seu equipamento.<\/p>\n\n\n\n<p>Em <strong>Campista M2<\/strong>, n\u00f3s fabricamos cada <strong>isolamento t\u00e9rmico<\/strong> Com precis\u00e3o, experi\u00eancia e compromisso com a qualidade. Somos especializados em equipamentos funcionais para a vida em movimento, oferecendo produtos personalizados com materiais de alto desempenho e um design focado na utilidade real, e n\u00e3o em modismos passageiros.<\/p>\n\n\n\n<p>Entre em contato conosco ou solicite um or\u00e7amento gratuito. Neste ver\u00e3o, viaje melhor, durma melhor e proteja seu trailer com as melhores <strong><a href=\"https:\/\/m2camper.com\/pt\/isoladores\/\">isolamento t\u00e9rmico<\/a><\/strong>Porque o calor n\u00e3o deve estragar sua aventura.<\/p>\n\n\n<div class=\"wp-block-image\">\n<figure class=\"aligncenter size-large\"><img decoding=\"async\" width=\"1024\" height=\"576\" src=\"https:\/\/m2camper.com\/wp-content\/uploads\/2025\/02\/Diseno-sin-titulo-1-1024x576.jpg\" alt=\"\" class=\"wp-image-12259\" srcset=\"https:\/\/m2camper.com\/wp-content\/uploads\/2025\/02\/Diseno-sin-titulo-1-1024x576.jpg 1024w, https:\/\/m2camper.com\/wp-content\/uploads\/2025\/02\/Diseno-sin-titulo-1-300x169.jpg 300w, https:\/\/m2camper.com\/wp-content\/uploads\/2025\/02\/Diseno-sin-titulo-1-768x432.jpg 768w, https:\/\/m2camper.com\/wp-content\/uploads\/2025\/02\/Diseno-sin-titulo-1-1536x864.jpg 1536w, https:\/\/m2camper.com\/wp-content\/uploads\/2025\/02\/Diseno-sin-titulo-1-18x10.jpg 18w, https:\/\/m2camper.com\/wp-content\/uploads\/2025\/02\/Diseno-sin-titulo-1-600x338.jpg 600w, https:\/\/m2camper.com\/wp-content\/uploads\/2025\/02\/Diseno-sin-titulo-1.jpg 1920w\" sizes=\"(max-width: 1024px) 100vw, 1024px\" \/><\/figure>\n<\/div>","protected":false},"excerpt":{"rendered":"<p>Aislante t\u00e9rmico: c\u00f3mo ayuda a combatir el calor dentro del veh\u00edculo El verano es la temporada favorita para viajar en camper. Las carreteras abiertas, los paisajes soleados y la libertad de dormir en cualquier lugar hacen que la experiencia sea \u00fanica. Sin embargo, con el calor tambi\u00e9n llegan los desaf\u00edos. Uno de los m\u00e1s importantes&hellip;&nbsp;<a href=\"https:\/\/m2camper.com\/pt\/isolamento-termico-a-chave-para-aproveitar-o-verao-no-seu-trailer-sem-o-calor\/\" rel=\"bookmark\">Ler mais &raquo;<span class=\"screen-reader-text\">Isolamento t\u00e9rmico: a chave para aproveitar o ver\u00e3o no seu trailer sem o calor.<\/span><\/a><\/p>","protected":false},"author":5741,"featured_media":13624,"comment_status":"closed","ping_status":"closed","sticky":false,"template":"","format":"standard","meta":{"neve_meta_sidebar":"","neve_meta_container":"","neve_meta_enable_content_width":"","neve_meta_content_width":0,"neve_meta_title_alignment":"","neve_meta_author_avatar":"","neve_post_elements_order":"","neve_meta_disable_header":"","neve_meta_disable_footer":"","neve_meta_disable_title":"","footnotes":""},"categories":[208],"tags":[214],"class_list":["post-14460","post","type-post","status-publish","format-standard","has-post-thumbnail","hentry","category-aislantes-termicos","tag-aislante-termico"],"yoast_head":"<!-- This site is optimized with the Yoast SEO plugin v27.5 - https:\/\/yoast.com\/product\/yoast-seo-wordpress\/ -->\n<title>Aislante t\u00e9rmico: la clave para disfrutar del verano en tu camper sin sofocos - M2 Camper | Aislantes t\u00e9rmicos y oscurecedores para campers<\/title>\n<meta name=\"robots\" content=\"index, follow, max-snippet:-1, max-image-preview:large, max-video-preview:-1\" \/>\n<link rel=\"canonical\" href=\"https:\/\/m2camper.com\/pt\/isolamento-termico-a-chave-para-aproveitar-o-verao-no-seu-trailer-sem-o-calor\/\" \/>\n<meta property=\"og:locale\" content=\"pt_PT\" \/>\n<meta property=\"og:type\" content=\"article\" \/>\n<meta property=\"og:title\" content=\"Aislante t\u00e9rmico: la clave para disfrutar del verano en tu camper sin sofocos - M2 Camper | Aislantes t\u00e9rmicos y oscurecedores para campers\" \/>\n<meta property=\"og:description\" content=\"Aislante t\u00e9rmico: c\u00f3mo ayuda a combatir el calor dentro del veh\u00edculo El verano es la temporada favorita para viajar en camper. Las carreteras abiertas, los paisajes soleados y la libertad de dormir en cualquier lugar hacen que la experiencia sea \u00fanica. Sin embargo, con el calor tambi\u00e9n llegan los desaf\u00edos. Uno de los m\u00e1s importantes&hellip;&nbsp;Ler mais &raquo;Aislante t\u00e9rmico: la clave para disfrutar del verano en tu camper sin sofocos\" \/>\n<meta property=\"og:url\" content=\"https:\/\/m2camper.com\/pt\/isolamento-termico-a-chave-para-aproveitar-o-verao-no-seu-trailer-sem-o-calor\/\" \/>\n<meta property=\"og:site_name\" content=\"M2 Camper | Aislantes t\u00e9rmicos y oscurecedores para campers\" \/>\n<meta property=\"article:published_time\" content=\"2025-07-15T08:36:18+00:00\" \/>\n<meta property=\"article:modified_time\" content=\"2025-07-17T07:24:16+00:00\" \/>\n<meta property=\"og:image\" content=\"https:\/\/m2camper.com\/wp-content\/uploads\/2025\/05\/aislantes-termicos-para-camionetas-camper.jpg\" \/>\n\t<meta property=\"og:image:width\" content=\"2000\" \/>\n\t<meta property=\"og:image:height\" content=\"1414\" \/>\n\t<meta property=\"og:image:type\" content=\"image\/jpeg\" \/>\n<meta name=\"author\" content=\"Prubs214s\" \/>\n<meta name=\"twitter:card\" content=\"summary_large_image\" \/>\n<meta name=\"twitter:label1\" content=\"Escrito por\" \/>\n\t<meta name=\"twitter:data1\" content=\"Prubs214s\" \/>\n\t<meta name=\"twitter:label2\" content=\"Tempo estimado de leitura\" \/>\n\t<meta name=\"twitter:data2\" content=\"5 minutos\" \/>\n<script type=\"application\/ld+json\" class=\"yoast-schema-graph\">{\"@context\":\"https:\\\/\\\/schema.org\",\"@graph\":[{\"@type\":\"Article\",\"@id\":\"https:\\\/\\\/m2camper.com\\\/ca\\\/aillant-termic-la-clau-per-gaudir-de-lestiu-al-teu-camper-sense-sufocacions\\\/#article\",\"isPartOf\":{\"@id\":\"https:\\\/\\\/m2camper.com\\\/ca\\\/aillant-termic-la-clau-per-gaudir-de-lestiu-al-teu-camper-sense-sufocacions\\\/\"},\"author\":{\"name\":\"Prubs214s\",\"@id\":\"https:\\\/\\\/m2camper.com\\\/pt\\\/#\\\/schema\\\/person\\\/ad1e681f60b2e23c9b88a93e6d3feab3\"},\"headline\":\"Aislante t\u00e9rmico: la clave para disfrutar del verano en tu camper sin sofocos\",\"datePublished\":\"2025-07-15T08:36:18+00:00\",\"dateModified\":\"2025-07-17T07:24:16+00:00\",\"mainEntityOfPage\":{\"@id\":\"https:\\\/\\\/m2camper.com\\\/ca\\\/aillant-termic-la-clau-per-gaudir-de-lestiu-al-teu-camper-sense-sufocacions\\\/\"},\"wordCount\":916,\"image\":{\"@id\":\"https:\\\/\\\/m2camper.com\\\/ca\\\/aillant-termic-la-clau-per-gaudir-de-lestiu-al-teu-camper-sense-sufocacions\\\/#primaryimage\"},\"thumbnailUrl\":\"https:\\\/\\\/m2camper.com\\\/wp-content\\\/uploads\\\/2025\\\/05\\\/aislantes-termicos-para-camionetas-camper.jpg\",\"keywords\":[\"aislante t\u00e9rmico\"],\"articleSection\":[\"Aislantes t\u00e9rmicos\"],\"inLanguage\":\"pt-PT\"},{\"@type\":\"WebPage\",\"@id\":\"https:\\\/\\\/m2camper.com\\\/ca\\\/aillant-termic-la-clau-per-gaudir-de-lestiu-al-teu-camper-sense-sufocacions\\\/\",\"url\":\"https:\\\/\\\/m2camper.com\\\/ca\\\/aillant-termic-la-clau-per-gaudir-de-lestiu-al-teu-camper-sense-sufocacions\\\/\",\"name\":\"Aislante t\u00e9rmico: la clave para disfrutar del verano en tu camper sin sofocos - M2 Camper | Aislantes t\u00e9rmicos y oscurecedores para campers\",\"isPartOf\":{\"@id\":\"https:\\\/\\\/m2camper.com\\\/pt\\\/#website\"},\"primaryImageOfPage\":{\"@id\":\"https:\\\/\\\/m2camper.com\\\/ca\\\/aillant-termic-la-clau-per-gaudir-de-lestiu-al-teu-camper-sense-sufocacions\\\/#primaryimage\"},\"image\":{\"@id\":\"https:\\\/\\\/m2camper.com\\\/ca\\\/aillant-termic-la-clau-per-gaudir-de-lestiu-al-teu-camper-sense-sufocacions\\\/#primaryimage\"},\"thumbnailUrl\":\"https:\\\/\\\/m2camper.com\\\/wp-content\\\/uploads\\\/2025\\\/05\\\/aislantes-termicos-para-camionetas-camper.jpg\",\"datePublished\":\"2025-07-15T08:36:18+00:00\",\"dateModified\":\"2025-07-17T07:24:16+00:00\",\"author\":{\"@id\":\"https:\\\/\\\/m2camper.com\\\/pt\\\/#\\\/schema\\\/person\\\/ad1e681f60b2e23c9b88a93e6d3feab3\"},\"breadcrumb\":{\"@id\":\"https:\\\/\\\/m2camper.com\\\/ca\\\/aillant-termic-la-clau-per-gaudir-de-lestiu-al-teu-camper-sense-sufocacions\\\/#breadcrumb\"},\"inLanguage\":\"pt-PT\",\"potentialAction\":[{\"@type\":\"ReadAction\",\"target\":[\"https:\\\/\\\/m2camper.com\\\/ca\\\/aillant-termic-la-clau-per-gaudir-de-lestiu-al-teu-camper-sense-sufocacions\\\/\"]}]},{\"@type\":\"ImageObject\",\"inLanguage\":\"pt-PT\",\"@id\":\"https:\\\/\\\/m2camper.com\\\/ca\\\/aillant-termic-la-clau-per-gaudir-de-lestiu-al-teu-camper-sense-sufocacions\\\/#primaryimage\",\"url\":\"https:\\\/\\\/m2camper.com\\\/wp-content\\\/uploads\\\/2025\\\/05\\\/aislantes-termicos-para-camionetas-camper.jpg\",\"contentUrl\":\"https:\\\/\\\/m2camper.com\\\/wp-content\\\/uploads\\\/2025\\\/05\\\/aislantes-termicos-para-camionetas-camper.jpg\",\"width\":2000,\"height\":1414},{\"@type\":\"BreadcrumbList\",\"@id\":\"https:\\\/\\\/m2camper.com\\\/ca\\\/aillant-termic-la-clau-per-gaudir-de-lestiu-al-teu-camper-sense-sufocacions\\\/#breadcrumb\",\"itemListElement\":[{\"@type\":\"ListItem\",\"position\":1,\"name\":\"Portada\",\"item\":\"https:\\\/\\\/m2camper.com\\\/pt\\\/\"},{\"@type\":\"ListItem\",\"position\":2,\"name\":\"Aislante t\u00e9rmico: la clave para disfrutar del verano en tu camper sin sofocos\"}]},{\"@type\":\"WebSite\",\"@id\":\"https:\\\/\\\/m2camper.com\\\/pt\\\/#website\",\"url\":\"https:\\\/\\\/m2camper.com\\\/pt\\\/\",\"name\":\"M2 Campers | Aislantes t\u00e9rmicos y oscurecedores para campers\",\"description\":\"Descubre calidad y confort de nuestros aislantes t\u00e9rmicos oscurecedores y colchones para veh\u00edculos. Optimiza tu experiencia en carretera con M2 Camper.\",\"potentialAction\":[{\"@type\":\"SearchAction\",\"target\":{\"@type\":\"EntryPoint\",\"urlTemplate\":\"https:\\\/\\\/m2camper.com\\\/pt\\\/?s={search_term_string}\"},\"query-input\":{\"@type\":\"PropertyValueSpecification\",\"valueRequired\":true,\"valueName\":\"search_term_string\"}}],\"inLanguage\":\"pt-PT\"},{\"@type\":\"Person\",\"@id\":\"https:\\\/\\\/m2camper.com\\\/pt\\\/#\\\/schema\\\/person\\\/ad1e681f60b2e23c9b88a93e6d3feab3\",\"name\":\"Prubs214s\",\"image\":{\"@type\":\"ImageObject\",\"inLanguage\":\"pt-PT\",\"@id\":\"https:\\\/\\\/secure.gravatar.com\\\/avatar\\\/74706914812c3b473b95a5253410b33d71c50bf5f0d5423532bc0afa617d4316?s=96&d=mm&r=g\",\"url\":\"https:\\\/\\\/secure.gravatar.com\\\/avatar\\\/74706914812c3b473b95a5253410b33d71c50bf5f0d5423532bc0afa617d4316?s=96&d=mm&r=g\",\"contentUrl\":\"https:\\\/\\\/secure.gravatar.com\\\/avatar\\\/74706914812c3b473b95a5253410b33d71c50bf5f0d5423532bc0afa617d4316?s=96&d=mm&r=g\",\"caption\":\"Prubs214s\"},\"url\":\"https:\\\/\\\/m2camper.com\\\/pt\\\/author\\\/prubs214s\\\/\"}]}<\/script>\n<!-- \/ Yoast SEO plugin. -->","yoast_head_json":{"title":"Isolamento t\u00e9rmico: a chave para aproveitar o ver\u00e3o no seu trailer sem o calor - M2 Camper | Isolamento t\u00e9rmico e blackouts para trailers","robots":{"index":"index","follow":"follow","max-snippet":"max-snippet:-1","max-image-preview":"max-image-preview:large","max-video-preview":"max-video-preview:-1"},"canonical":"https:\/\/m2camper.com\/pt\/isolamento-termico-a-chave-para-aproveitar-o-verao-no-seu-trailer-sem-o-calor\/","og_locale":"pt_PT","og_type":"article","og_title":"Aislante t\u00e9rmico: la clave para disfrutar del verano en tu camper sin sofocos - M2 Camper | Aislantes t\u00e9rmicos y oscurecedores para campers","og_description":"Aislante t\u00e9rmico: c\u00f3mo ayuda a combatir el calor dentro del veh\u00edculo El verano es la temporada favorita para viajar en camper. Las carreteras abiertas, los paisajes soleados y la libertad de dormir en cualquier lugar hacen que la experiencia sea \u00fanica. Sin embargo, con el calor tambi\u00e9n llegan los desaf\u00edos. Uno de los m\u00e1s importantes&hellip;&nbsp;Ler mais &raquo;Aislante t\u00e9rmico: la clave para disfrutar del verano en tu camper sin sofocos","og_url":"https:\/\/m2camper.com\/pt\/isolamento-termico-a-chave-para-aproveitar-o-verao-no-seu-trailer-sem-o-calor\/","og_site_name":"M2 Camper | Aislantes t\u00e9rmicos y oscurecedores para campers","article_published_time":"2025-07-15T08:36:18+00:00","article_modified_time":"2025-07-17T07:24:16+00:00","og_image":[{"width":2000,"height":1414,"url":"https:\/\/m2camper.com\/wp-content\/uploads\/2025\/05\/aislantes-termicos-para-camionetas-camper.jpg","type":"image\/jpeg"}],"author":"Prubs214s","twitter_card":"summary_large_image","twitter_misc":{"Escrito por":"Prubs214s","Tempo estimado de leitura":"5 minutos"},"schema":{"@context":"https:\/\/schema.org","@graph":[{"@type":"Article","@id":"https:\/\/m2camper.com\/ca\/aillant-termic-la-clau-per-gaudir-de-lestiu-al-teu-camper-sense-sufocacions\/#article","isPartOf":{"@id":"https:\/\/m2camper.com\/ca\/aillant-termic-la-clau-per-gaudir-de-lestiu-al-teu-camper-sense-sufocacions\/"},"author":{"name":"Prubs214s","@id":"https:\/\/m2camper.com\/pt\/#\/schema\/person\/ad1e681f60b2e23c9b88a93e6d3feab3"},"headline":"Aislante t\u00e9rmico: la clave para disfrutar del verano en tu camper sin sofocos","datePublished":"2025-07-15T08:36:18+00:00","dateModified":"2025-07-17T07:24:16+00:00","mainEntityOfPage":{"@id":"https:\/\/m2camper.com\/ca\/aillant-termic-la-clau-per-gaudir-de-lestiu-al-teu-camper-sense-sufocacions\/"},"wordCount":916,"image":{"@id":"https:\/\/m2camper.com\/ca\/aillant-termic-la-clau-per-gaudir-de-lestiu-al-teu-camper-sense-sufocacions\/#primaryimage"},"thumbnailUrl":"https:\/\/m2camper.com\/wp-content\/uploads\/2025\/05\/aislantes-termicos-para-camionetas-camper.jpg","keywords":["aislante t\u00e9rmico"],"articleSection":["Aislantes t\u00e9rmicos"],"inLanguage":"pt-PT"},{"@type":"WebPage","@id":"https:\/\/m2camper.com\/ca\/aillant-termic-la-clau-per-gaudir-de-lestiu-al-teu-camper-sense-sufocacions\/","url":"https:\/\/m2camper.com\/ca\/aillant-termic-la-clau-per-gaudir-de-lestiu-al-teu-camper-sense-sufocacions\/","name":"Isolamento t\u00e9rmico: a chave para aproveitar o ver\u00e3o no seu trailer sem o calor - M2 Camper | Isolamento t\u00e9rmico e blackouts para trailers","isPartOf":{"@id":"https:\/\/m2camper.com\/pt\/#website"},"primaryImageOfPage":{"@id":"https:\/\/m2camper.com\/ca\/aillant-termic-la-clau-per-gaudir-de-lestiu-al-teu-camper-sense-sufocacions\/#primaryimage"},"image":{"@id":"https:\/\/m2camper.com\/ca\/aillant-termic-la-clau-per-gaudir-de-lestiu-al-teu-camper-sense-sufocacions\/#primaryimage"},"thumbnailUrl":"https:\/\/m2camper.com\/wp-content\/uploads\/2025\/05\/aislantes-termicos-para-camionetas-camper.jpg","datePublished":"2025-07-15T08:36:18+00:00","dateModified":"2025-07-17T07:24:16+00:00","author":{"@id":"https:\/\/m2camper.com\/pt\/#\/schema\/person\/ad1e681f60b2e23c9b88a93e6d3feab3"},"breadcrumb":{"@id":"https:\/\/m2camper.com\/ca\/aillant-termic-la-clau-per-gaudir-de-lestiu-al-teu-camper-sense-sufocacions\/#breadcrumb"},"inLanguage":"pt-PT","potentialAction":[{"@type":"ReadAction","target":["https:\/\/m2camper.com\/ca\/aillant-termic-la-clau-per-gaudir-de-lestiu-al-teu-camper-sense-sufocacions\/"]}]},{"@type":"ImageObject","inLanguage":"pt-PT","@id":"https:\/\/m2camper.com\/ca\/aillant-termic-la-clau-per-gaudir-de-lestiu-al-teu-camper-sense-sufocacions\/#primaryimage","url":"https:\/\/m2camper.com\/wp-content\/uploads\/2025\/05\/aislantes-termicos-para-camionetas-camper.jpg","contentUrl":"https:\/\/m2camper.com\/wp-content\/uploads\/2025\/05\/aislantes-termicos-para-camionetas-camper.jpg","width":2000,"height":1414},{"@type":"BreadcrumbList","@id":"https:\/\/m2camper.com\/ca\/aillant-termic-la-clau-per-gaudir-de-lestiu-al-teu-camper-sense-sufocacions\/#breadcrumb","itemListElement":[{"@type":"ListItem","position":1,"name":"Portada","item":"https:\/\/m2camper.com\/pt\/"},{"@type":"ListItem","position":2,"name":"Aislante t\u00e9rmico: la clave para disfrutar del verano en tu camper sin sofocos"}]},{"@type":"WebSite","@id":"https:\/\/m2camper.com\/pt\/#website","url":"https:\/\/m2camper.com\/pt\/","name":"M2 Campers | Isolamento t\u00e9rmico e blackouts para campistas","description":"Descubra a qualidade e o conforto do nosso isolamento t\u00e9rmico blackout e dos nossos colch\u00f5es para ve\u00edculos. Otimize sua experi\u00eancia de viagem com a M2 Camper.","potentialAction":[{"@type":"SearchAction","target":{"@type":"EntryPoint","urlTemplate":"https:\/\/m2camper.com\/pt\/?s={search_term_string}"},"query-input":{"@type":"PropertyValueSpecification","valueRequired":true,"valueName":"search_term_string"}}],"inLanguage":"pt-PT"},{"@type":"Person","@id":"https:\/\/m2camper.com\/pt\/#\/schema\/person\/ad1e681f60b2e23c9b88a93e6d3feab3","name":"Prubs214s","image":{"@type":"ImageObject","inLanguage":"pt-PT","@id":"https:\/\/secure.gravatar.com\/avatar\/74706914812c3b473b95a5253410b33d71c50bf5f0d5423532bc0afa617d4316?s=96&d=mm&r=g","url":"https:\/\/secure.gravatar.com\/avatar\/74706914812c3b473b95a5253410b33d71c50bf5f0d5423532bc0afa617d4316?s=96&d=mm&r=g","contentUrl":"https:\/\/secure.gravatar.com\/avatar\/74706914812c3b473b95a5253410b33d71c50bf5f0d5423532bc0afa617d4316?s=96&d=mm&r=g","caption":"Prubs214s"},"url":"https:\/\/m2camper.com\/pt\/author\/prubs214s\/"}]}},"_links":{"self":[{"href":"https:\/\/m2camper.com\/pt\/wp-json\/wp\/v2\/posts\/14460","targetHints":{"allow":["GET"]}}],"collection":[{"href":"https:\/\/m2camper.com\/pt\/wp-json\/wp\/v2\/posts"}],"about":[{"href":"https:\/\/m2camper.com\/pt\/wp-json\/wp\/v2\/types\/post"}],"author":[{"embeddable":true,"href":"https:\/\/m2camper.com\/pt\/wp-json\/wp\/v2\/users\/5741"}],"replies":[{"embeddable":true,"href":"https:\/\/m2camper.com\/pt\/wp-json\/wp\/v2\/comments?post=14460"}],"version-history":[{"count":1,"href":"https:\/\/m2camper.com\/pt\/wp-json\/wp\/v2\/posts\/14460\/revisions"}],"predecessor-version":[{"id":14461,"href":"https:\/\/m2camper.com\/pt\/wp-json\/wp\/v2\/posts\/14460\/revisions\/14461"}],"wp:featuredmedia":[{"embeddable":true,"href":"https:\/\/m2camper.com\/pt\/wp-json\/wp\/v2\/media\/13624"}],"wp:attachment":[{"href":"https:\/\/m2camper.com\/pt\/wp-json\/wp\/v2\/media?parent=14460"}],"wp:term":[{"taxonomy":"category","embeddable":true,"href":"https:\/\/m2camper.com\/pt\/wp-json\/wp\/v2\/categories?post=14460"},{"taxonomy":"post_tag","embeddable":true,"href":"https:\/\/m2camper.com\/pt\/wp-json\/wp\/v2\/tags?post=14460"}],"curies":[{"name":"wp","href":"https:\/\/api.w.org\/{rel}","templated":true}]}}