{"id":14040,"date":"2025-06-20T09:08:23","date_gmt":"2025-06-20T07:08:23","guid":{"rendered":"https:\/\/m2camper.com\/?p=14040"},"modified":"2025-06-23T09:33:05","modified_gmt":"2025-06-23T07:33:05","slug":"isolamento-personalizado-para-casas-barcos-e-muito-mais-o-conforto-termico-vai-alem-do-universo-dos-campers","status":"publish","type":"post","link":"https:\/\/m2camper.com\/pt\/isolamento-personalizado-para-casas-barcos-e-muito-mais-o-conforto-termico-vai-alem-do-universo-dos-campers\/","title":{"rendered":"Isolamento personalizado para casas, barcos e muito mais: o conforto t\u00e9rmico vai al\u00e9m do mundo dos campistas"},"content":{"rendered":"<h2 class=\"wp-block-heading has-nv-dark-bg-color has-text-color has-link-color wp-elements-bd55eac3c0716ffafefa79888eebdfc6\">Isoladores para seu conforto<\/h2>\n\n\n\n<p class=\"has-nv-dark-bg-color has-text-color has-link-color wp-elements-aa96f9a31f67f0511daa2beaf73f10cf\">Quando falamos em conforto, isolamento t\u00e9rmico e prote\u00e7\u00e3o contra intemp\u00e9ries, muitas pessoas pensam apenas em casas ou motorhomes. No entanto, existem muitos outros espa\u00e7os que tamb\u00e9m exigem solu\u00e7\u00f5es eficazes, funcionais e adapt\u00e1veis. Na M2 Camper, fabricamos esses produtos h\u00e1 anos. <strong><a href=\"https:\/\/m2camper.com\/pt\/isoladores\/\">isoladores<\/a><\/strong> para vans e campers, mas tamb\u00e9m projetamos solu\u00e7\u00f5es personalizadas para resid\u00eancias, pequenos barcos, espa\u00e7os de trabalho m\u00f3veis e trailers, entre outros. Porque o conforto n\u00e3o depende do tamanho, mas sim da qualidade.<\/p>\n\n\n\n<p>A evolu\u00e7\u00e3o da nossa experi\u00eancia no setor de campistas levou-nos a aplicar esse mesmo conhecimento t\u00e9cnico e abordagem personalizada a outros ambientes onde o controlo de temperatura, a privacidade e a efici\u00eancia energ\u00e9tica tamb\u00e9m s\u00e3o prioridades. Se precisar de <strong>isoladores<\/strong> que realmente funcionam, s\u00e3o feitos sob medida e podem suportar condi\u00e7\u00f5es exigentes, na M2 Camper temos a solu\u00e7\u00e3o que voc\u00ea procura.<\/p>\n\n\n<div class=\"wp-block-image\">\n<figure class=\"aligncenter size-large\"><img fetchpriority=\"high\" decoding=\"async\" width=\"1024\" height=\"724\" src=\"https:\/\/m2camper.com\/wp-content\/uploads\/2025\/06\/upcycled-fashion-1024x724.jpg\" alt=\"\" class=\"wp-image-14045\" srcset=\"https:\/\/m2camper.com\/wp-content\/uploads\/2025\/06\/upcycled-fashion-1024x724.jpg 1024w, https:\/\/m2camper.com\/wp-content\/uploads\/2025\/06\/upcycled-fashion-300x212.jpg 300w, https:\/\/m2camper.com\/wp-content\/uploads\/2025\/06\/upcycled-fashion-768x543.jpg 768w, https:\/\/m2camper.com\/wp-content\/uploads\/2025\/06\/upcycled-fashion-1536x1086.jpg 1536w, https:\/\/m2camper.com\/wp-content\/uploads\/2025\/06\/upcycled-fashion-18x12.jpg 18w, https:\/\/m2camper.com\/wp-content\/uploads\/2025\/06\/upcycled-fashion-600x424.jpg 600w, https:\/\/m2camper.com\/wp-content\/uploads\/2025\/06\/upcycled-fashion.jpg 2000w\" sizes=\"(max-width: 1024px) 100vw, 1024px\" \/><\/figure>\n<\/div>\n\n\n<h2 class=\"wp-block-heading has-nv-dark-bg-color has-text-color has-link-color wp-elements-ebbf92d5cb5e4dea2935da36b9f99773\">Isolamento residencial: conforto e efici\u00eancia energ\u00e9tica de dentro para fora<\/h2>\n\n\n\n<p>Cada vez mais pessoas est\u00e3o recorrendo a solu\u00e7\u00f5es r\u00e1pidas e acess\u00edveis para melhorar o isolamento de certas \u00e1reas de suas casas, sem a necessidade de grandes reformas. Janelas mal vedadas, tetos com vazamentos ou paredes frias podem causar desconforto, desperd\u00edcio de energia e problemas de condensa\u00e7\u00e3o. Nesses casos, <strong>isoladores<\/strong> feitos sob medida s\u00e3o uma excelente op\u00e7\u00e3o.<\/p>\n\n\n\n<p>Na M2 Camper fabricamos <strong>isoladores <\/strong>Multicamadas, f\u00e1ceis de instalar e altamente eficazes, podem ser instaladas em janelas, portas, s\u00f3t\u00e3os, por\u00f5es ou qualquer ponto vulner\u00e1vel da casa. Esses produtos s\u00e3o feitos com materiais refletivos, camadas t\u00e9rmicas e barreiras de vapor que atuam como escudos contra temperaturas extremas, tanto no inverno quanto no ver\u00e3o.<\/p>\n\n\n\n<p>Al\u00e9m disso, nosso <strong>isoladores<\/strong> Eles s\u00e3o projetados sob medida para cada abertura ou espa\u00e7o espec\u00edfico. Voc\u00ea s\u00f3 precisa nos enviar as medidas ou um modelo, e n\u00f3s cuidamos do resto. S\u00e3o solu\u00e7\u00f5es perfeitas para quem mora em \u00e1reas com climas extremos, para segundas resid\u00eancias sem ar-condicionado permanente ou at\u00e9 mesmo para est\u00fadios profissionais que exigem estabilidade t\u00e9rmica.<\/p>\n\n\n\n<h2 class=\"wp-block-heading has-nv-dark-bg-color has-text-color has-link-color wp-elements-5697bb2dc91f77ff1be065e5eb3d8381\">Isolamento para pequenas embarca\u00e7\u00f5es: conforto e prote\u00e7\u00e3o em alto mar<\/h2>\n\n\n\n<p>Navegar em um pequeno barco, seja por lazer ou esporte, envolve exposi\u00e7\u00e3o a condi\u00e7\u00f5es ambientais vari\u00e1veis: umidade, calor, luz solar direta, vento e maresia. Nesses contextos, <strong>isoladores<\/strong> Eles desempenham um papel fundamental para garantir uma temperatura interna adequada, proteger os materiais internos e melhorar a experi\u00eancia a bordo.<\/p>\n\n\n\n<p>Na M2 Camper, projetamos isolamento t\u00e9rmico e refletivo para pequenas embarca\u00e7\u00f5es, adaptando-se \u00e0s formas curvas e estruturas irregulares t\u00edpicas dessas embarca\u00e7\u00f5es. Criamos pe\u00e7as personalizadas para cobrir janelas, escotilhas, anteparas e \u00e1reas de descanso.<\/p>\n\n\n\n<p>Nossos materiais s\u00e3o projetados para resistir \u00e0 umidade e ao ambiente marinho sem se deteriorar. Al\u00e9m de regular a temperatura, <strong>isoladores<\/strong> Eles ajudam a bloquear os raios UV, protegem estofados e m\u00f3veis e oferecem maior privacidade quando o barco est\u00e1 atracado.<\/p>\n\n\n\n<p>Para propriet\u00e1rios de veleiros, lanchas ou pequenas embarca\u00e7\u00f5es de recreio, tendo <strong>isoladores personalizados<\/strong> n\u00e3o s\u00f3 melhora o conforto, mas tamb\u00e9m ajuda a manter o valor do seu barco ao longo do tempo.<\/p>\n\n\n<div class=\"wp-block-image\">\n<figure class=\"aligncenter size-large\"><img decoding=\"async\" width=\"1024\" height=\"724\" src=\"https:\/\/m2camper.com\/wp-content\/uploads\/2025\/06\/upcycle-fashion-spain-1024x724.jpg\" alt=\"\" class=\"wp-image-14044\" srcset=\"https:\/\/m2camper.com\/wp-content\/uploads\/2025\/06\/upcycle-fashion-spain-1024x724.jpg 1024w, https:\/\/m2camper.com\/wp-content\/uploads\/2025\/06\/upcycle-fashion-spain-300x212.jpg 300w, https:\/\/m2camper.com\/wp-content\/uploads\/2025\/06\/upcycle-fashion-spain-768x543.jpg 768w, https:\/\/m2camper.com\/wp-content\/uploads\/2025\/06\/upcycle-fashion-spain-1536x1086.jpg 1536w, https:\/\/m2camper.com\/wp-content\/uploads\/2025\/06\/upcycle-fashion-spain-18x12.jpg 18w, https:\/\/m2camper.com\/wp-content\/uploads\/2025\/06\/upcycle-fashion-spain-600x424.jpg 600w, https:\/\/m2camper.com\/wp-content\/uploads\/2025\/06\/upcycle-fashion-spain.jpg 2000w\" sizes=\"(max-width: 1024px) 100vw, 1024px\" \/><\/figure>\n<\/div>\n\n\n<h3 class=\"wp-block-heading has-nv-dark-bg-color has-text-color has-link-color wp-elements-cb2a9af304cb1d7095859191ed8d48b9\">Isolamento personalizado para espa\u00e7os especiais: cada projeto, uma solu\u00e7\u00e3o<\/h3>\n\n\n\n<p>Ao longo dos anos, na M2 Camper desenvolvemos projetos especiais nos quais os nossos <strong>isoladores<\/strong> Eles foram protagonistas al\u00e9m do cen\u00e1rio convencional. De trailers transformados em escrit\u00f3rios m\u00f3veis a guaritas, food trucks, vans refrigeradas e espa\u00e7os para feiras e exposi\u00e7\u00f5es.<\/p>\n\n\n\n<p>Em todos esses casos, a necessidade \u00e9 a mesma: <strong>isolar termicamente<\/strong> Um espa\u00e7o que n\u00e3o foi originalmente projetado para morar ou trabalhar, mas agora \u00e9 usado como tal. Nossa abordagem personalizada nos permite adaptar \u00e0s necessidades t\u00e9cnicas de cada cliente: dimens\u00f5es espec\u00edficas, formas irregulares, combina\u00e7\u00f5es de materiais, refor\u00e7os especiais ou at\u00e9 mesmo personaliza\u00e7\u00e3o est\u00e9tica.<\/p>\n\n\n\n<p>Trabalhamos com materiais multicamadas altamente eficientes, capazes de suportar temperaturas extremas, refletir a radia\u00e7\u00e3o solar, bloquear a passagem de frio ou calor e atuar como barreira ac\u00fastica. Al\u00e9m disso, todos os nossos <strong>isoladores<\/strong> Eles podem ser facilmente dobrados, transportados e armazenados, o que os torna uma op\u00e7\u00e3o muito pr\u00e1tica para quem precisa de solu\u00e7\u00f5es tempor\u00e1rias ou m\u00f3veis.<\/p>\n\n\n\n<h4 class=\"wp-block-heading has-nv-dark-bg-color has-text-color has-link-color wp-elements-c894d1ab23e84153a1d8889fcc7a961b\">M2 Camper: especialistas em isolamento funcional e dur\u00e1vel para qualquer ambiente<\/h4>\n\n\n\n<p class=\"has-nv-dark-bg-color has-text-color has-link-color wp-elements-abcc686b68d6fb1f9a2539b026a17682\">Na M2 Camper, acreditamos que o isolamento t\u00e9rmico n\u00e3o \u00e9 apenas mais um componente: \u00e9 garantia de conforto, efici\u00eancia e durabilidade para qualquer espa\u00e7o fechado. \u00c9 por isso que aplicamos nossa experi\u00eancia no mundo dos campers a todos os tipos de projetos, criando <strong><a href=\"https:\/\/m2camper.com\/pt\/isoladores\/\">isoladores<\/a><\/strong> pois funcionam, duram e se adaptam \u00e0 realidade de cada cliente.<\/p>\n\n\n\n<p>Se voc\u00ea precisa melhorar o conforto t\u00e9rmico da sua casa, proteger o interior do seu barco ou encontrar uma solu\u00e7\u00e3o personalizada para um espa\u00e7o \u00fanico, n\u00f3s podemos ajudar. Envie-nos suas medidas, plantas ou ideias e trabalharemos para desenvolver um produto dur\u00e1vel, leve, f\u00e1cil de instalar e verdadeiramente eficaz.<\/p>\n\n\n\n<p>Descubra com a M2 Camper como a <strong>isoladores<\/strong> O isolamento correto pode transformar qualquer espa\u00e7o em um lugar mais confort\u00e1vel, eficiente e habit\u00e1vel. Porque o isolamento n\u00e3o precisa ser complicado... s\u00f3 precisa ser feito corretamente.<\/p>\n\n\n<div class=\"wp-block-image\">\n<figure class=\"aligncenter size-large\"><img decoding=\"async\" width=\"1024\" height=\"768\" src=\"https:\/\/m2camper.com\/wp-content\/uploads\/2025\/06\/20250618_084055-1-1024x768.jpg\" alt=\"\" class=\"wp-image-14041\" srcset=\"https:\/\/m2camper.com\/wp-content\/uploads\/2025\/06\/20250618_084055-1-1024x768.jpg 1024w, https:\/\/m2camper.com\/wp-content\/uploads\/2025\/06\/20250618_084055-1-300x225.jpg 300w, https:\/\/m2camper.com\/wp-content\/uploads\/2025\/06\/20250618_084055-1-768x576.jpg 768w, https:\/\/m2camper.com\/wp-content\/uploads\/2025\/06\/20250618_084055-1-1536x1152.jpg 1536w, https:\/\/m2camper.com\/wp-content\/uploads\/2025\/06\/20250618_084055-1-2048x1536.jpg 2048w, https:\/\/m2camper.com\/wp-content\/uploads\/2025\/06\/20250618_084055-1-16x12.jpg 16w, https:\/\/m2camper.com\/wp-content\/uploads\/2025\/06\/20250618_084055-1-600x450.jpg 600w\" sizes=\"(max-width: 1024px) 100vw, 1024px\" \/><\/figure>\n<\/div>","protected":false},"excerpt":{"rendered":"<p>Aislantes para tu comodidad Cuando hablamos de confort, aislamiento t\u00e9rmico y protecci\u00f3n frente a las inclemencias del clima, muchas personas piensan \u00fanicamente en casas o autocaravanas. Sin embargo, hay muchos m\u00e1s espacios que tambi\u00e9n requieren soluciones eficaces, funcionales y adaptadas. En M2 Camper, llevamos a\u00f1os fabricando aislantes para furgonetas y campers, pero tambi\u00e9n dise\u00f1amos soluciones&hellip;&nbsp;<a href=\"https:\/\/m2camper.com\/pt\/isolamento-personalizado-para-casas-barcos-e-muito-mais-o-conforto-termico-vai-alem-do-universo-dos-campers\/\" rel=\"bookmark\">Ler mais &raquo;<span class=\"screen-reader-text\">Isolamento personalizado para casas, barcos e muito mais: o conforto t\u00e9rmico vai al\u00e9m do mundo dos campistas<\/span><\/a><\/p>","protected":false},"author":5741,"featured_media":10710,"comment_status":"closed","ping_status":"closed","sticky":false,"template":"","format":"standard","meta":{"neve_meta_sidebar":"","neve_meta_container":"","neve_meta_enable_content_width":"","neve_meta_content_width":0,"neve_meta_title_alignment":"","neve_meta_author_avatar":"","neve_post_elements_order":"","neve_meta_disable_header":"","neve_meta_disable_footer":"","neve_meta_disable_title":"","footnotes":""},"categories":[208],"tags":[211],"class_list":["post-14040","post","type-post","status-publish","format-standard","has-post-thumbnail","hentry","category-aislantes-termicos","tag-aislantes"],"yoast_head":"<!-- This site is optimized with the Yoast SEO plugin v27.5 - https:\/\/yoast.com\/product\/yoast-seo-wordpress\/ -->\n<title>Aislantes a medida para viviendas, embarcaciones y m\u00e1s: el confort t\u00e9rmico va m\u00e1s all\u00e1 del mundo camper - M2 Camper | Aislantes t\u00e9rmicos y oscurecedores para campers<\/title>\n<meta name=\"robots\" content=\"index, follow, max-snippet:-1, max-image-preview:large, max-video-preview:-1\" \/>\n<link rel=\"canonical\" href=\"https:\/\/m2camper.com\/pt\/isolamento-personalizado-para-casas-barcos-e-muito-mais-o-conforto-termico-vai-alem-do-universo-dos-campers\/\" \/>\n<meta property=\"og:locale\" content=\"pt_PT\" \/>\n<meta property=\"og:type\" content=\"article\" \/>\n<meta property=\"og:title\" content=\"Aislantes a medida para viviendas, embarcaciones y m\u00e1s: el confort t\u00e9rmico va m\u00e1s all\u00e1 del mundo camper - M2 Camper | Aislantes t\u00e9rmicos y oscurecedores para campers\" \/>\n<meta property=\"og:description\" content=\"Aislantes para tu comodidad Cuando hablamos de confort, aislamiento t\u00e9rmico y protecci\u00f3n frente a las inclemencias del clima, muchas personas piensan \u00fanicamente en casas o autocaravanas. Sin embargo, hay muchos m\u00e1s espacios que tambi\u00e9n requieren soluciones eficaces, funcionales y adaptadas. En M2 Camper, llevamos a\u00f1os fabricando aislantes para furgonetas y campers, pero tambi\u00e9n dise\u00f1amos soluciones&hellip;&nbsp;Ler mais &raquo;Aislantes a medida para viviendas, embarcaciones y m\u00e1s: el confort t\u00e9rmico va m\u00e1s all\u00e1 del mundo camper\" \/>\n<meta property=\"og:url\" content=\"https:\/\/m2camper.com\/pt\/isolamento-personalizado-para-casas-barcos-e-muito-mais-o-conforto-termico-vai-alem-do-universo-dos-campers\/\" \/>\n<meta property=\"og:site_name\" content=\"M2 Camper | Aislantes t\u00e9rmicos y oscurecedores para campers\" \/>\n<meta property=\"article:published_time\" content=\"2025-06-20T07:08:23+00:00\" \/>\n<meta property=\"article:modified_time\" content=\"2025-06-23T07:33:05+00:00\" \/>\n<meta property=\"og:image\" content=\"https:\/\/m2camper.com\/wp-content\/uploads\/2025\/01\/60c9aa_c12901196b09471aa1770a20a0d35485mv2-1.webp\" \/>\n\t<meta property=\"og:image:width\" content=\"980\" \/>\n\t<meta property=\"og:image:height\" content=\"1307\" \/>\n\t<meta property=\"og:image:type\" content=\"image\/webp\" \/>\n<meta name=\"author\" content=\"Prubs214s\" \/>\n<meta name=\"twitter:card\" content=\"summary_large_image\" \/>\n<meta name=\"twitter:label1\" content=\"Escrito por\" \/>\n\t<meta name=\"twitter:data1\" content=\"Prubs214s\" \/>\n\t<meta name=\"twitter:label2\" content=\"Tempo estimado de leitura\" \/>\n\t<meta name=\"twitter:data2\" content=\"5 minutos\" \/>\n<script type=\"application\/ld+json\" class=\"yoast-schema-graph\">{\"@context\":\"https:\\\/\\\/schema.org\",\"@graph\":[{\"@type\":\"Article\",\"@id\":\"https:\\\/\\\/m2camper.com\\\/aislantes-a-medida-para-viviendas-embarcaciones-y-mas-el-confort-termico-va-mas-alla-del-mundo-camper\\\/#article\",\"isPartOf\":{\"@id\":\"https:\\\/\\\/m2camper.com\\\/aislantes-a-medida-para-viviendas-embarcaciones-y-mas-el-confort-termico-va-mas-alla-del-mundo-camper\\\/\"},\"author\":{\"name\":\"Prubs214s\",\"@id\":\"https:\\\/\\\/m2camper.com\\\/pt\\\/#\\\/schema\\\/person\\\/ad1e681f60b2e23c9b88a93e6d3feab3\"},\"headline\":\"Aislantes a medida para viviendas, embarcaciones y m\u00e1s: el confort t\u00e9rmico va m\u00e1s all\u00e1 del mundo camper\",\"datePublished\":\"2025-06-20T07:08:23+00:00\",\"dateModified\":\"2025-06-23T07:33:05+00:00\",\"mainEntityOfPage\":{\"@id\":\"https:\\\/\\\/m2camper.com\\\/aislantes-a-medida-para-viviendas-embarcaciones-y-mas-el-confort-termico-va-mas-alla-del-mundo-camper\\\/\"},\"wordCount\":903,\"image\":{\"@id\":\"https:\\\/\\\/m2camper.com\\\/aislantes-a-medida-para-viviendas-embarcaciones-y-mas-el-confort-termico-va-mas-alla-del-mundo-camper\\\/#primaryimage\"},\"thumbnailUrl\":\"https:\\\/\\\/m2camper.com\\\/wp-content\\\/uploads\\\/2025\\\/01\\\/60c9aa_c12901196b09471aa1770a20a0d35485mv2-1.webp\",\"keywords\":[\"aislantes\"],\"articleSection\":[\"Aislantes t\u00e9rmicos\"],\"inLanguage\":\"pt-PT\"},{\"@type\":\"WebPage\",\"@id\":\"https:\\\/\\\/m2camper.com\\\/aislantes-a-medida-para-viviendas-embarcaciones-y-mas-el-confort-termico-va-mas-alla-del-mundo-camper\\\/\",\"url\":\"https:\\\/\\\/m2camper.com\\\/aislantes-a-medida-para-viviendas-embarcaciones-y-mas-el-confort-termico-va-mas-alla-del-mundo-camper\\\/\",\"name\":\"Aislantes a medida para viviendas, embarcaciones y m\u00e1s: el confort t\u00e9rmico va m\u00e1s all\u00e1 del mundo camper - M2 Camper | Aislantes t\u00e9rmicos y oscurecedores para campers\",\"isPartOf\":{\"@id\":\"https:\\\/\\\/m2camper.com\\\/pt\\\/#website\"},\"primaryImageOfPage\":{\"@id\":\"https:\\\/\\\/m2camper.com\\\/aislantes-a-medida-para-viviendas-embarcaciones-y-mas-el-confort-termico-va-mas-alla-del-mundo-camper\\\/#primaryimage\"},\"image\":{\"@id\":\"https:\\\/\\\/m2camper.com\\\/aislantes-a-medida-para-viviendas-embarcaciones-y-mas-el-confort-termico-va-mas-alla-del-mundo-camper\\\/#primaryimage\"},\"thumbnailUrl\":\"https:\\\/\\\/m2camper.com\\\/wp-content\\\/uploads\\\/2025\\\/01\\\/60c9aa_c12901196b09471aa1770a20a0d35485mv2-1.webp\",\"datePublished\":\"2025-06-20T07:08:23+00:00\",\"dateModified\":\"2025-06-23T07:33:05+00:00\",\"author\":{\"@id\":\"https:\\\/\\\/m2camper.com\\\/pt\\\/#\\\/schema\\\/person\\\/ad1e681f60b2e23c9b88a93e6d3feab3\"},\"breadcrumb\":{\"@id\":\"https:\\\/\\\/m2camper.com\\\/aislantes-a-medida-para-viviendas-embarcaciones-y-mas-el-confort-termico-va-mas-alla-del-mundo-camper\\\/#breadcrumb\"},\"inLanguage\":\"pt-PT\",\"potentialAction\":[{\"@type\":\"ReadAction\",\"target\":[\"https:\\\/\\\/m2camper.com\\\/aislantes-a-medida-para-viviendas-embarcaciones-y-mas-el-confort-termico-va-mas-alla-del-mundo-camper\\\/\"]}]},{\"@type\":\"ImageObject\",\"inLanguage\":\"pt-PT\",\"@id\":\"https:\\\/\\\/m2camper.com\\\/aislantes-a-medida-para-viviendas-embarcaciones-y-mas-el-confort-termico-va-mas-alla-del-mundo-camper\\\/#primaryimage\",\"url\":\"https:\\\/\\\/m2camper.com\\\/wp-content\\\/uploads\\\/2025\\\/01\\\/60c9aa_c12901196b09471aa1770a20a0d35485mv2-1.webp\",\"contentUrl\":\"https:\\\/\\\/m2camper.com\\\/wp-content\\\/uploads\\\/2025\\\/01\\\/60c9aa_c12901196b09471aa1770a20a0d35485mv2-1.webp\",\"width\":980,\"height\":1307},{\"@type\":\"BreadcrumbList\",\"@id\":\"https:\\\/\\\/m2camper.com\\\/aislantes-a-medida-para-viviendas-embarcaciones-y-mas-el-confort-termico-va-mas-alla-del-mundo-camper\\\/#breadcrumb\",\"itemListElement\":[{\"@type\":\"ListItem\",\"position\":1,\"name\":\"Portada\",\"item\":\"https:\\\/\\\/m2camper.com\\\/pt\\\/\"},{\"@type\":\"ListItem\",\"position\":2,\"name\":\"Aislantes a medida para viviendas, embarcaciones y m\u00e1s: el confort t\u00e9rmico va m\u00e1s all\u00e1 del mundo camper\"}]},{\"@type\":\"WebSite\",\"@id\":\"https:\\\/\\\/m2camper.com\\\/pt\\\/#website\",\"url\":\"https:\\\/\\\/m2camper.com\\\/pt\\\/\",\"name\":\"M2 Campers | Aislantes t\u00e9rmicos y oscurecedores para campers\",\"description\":\"Descubre calidad y confort de nuestros aislantes t\u00e9rmicos oscurecedores y colchones para veh\u00edculos. Optimiza tu experiencia en carretera con M2 Camper.\",\"potentialAction\":[{\"@type\":\"SearchAction\",\"target\":{\"@type\":\"EntryPoint\",\"urlTemplate\":\"https:\\\/\\\/m2camper.com\\\/pt\\\/?s={search_term_string}\"},\"query-input\":{\"@type\":\"PropertyValueSpecification\",\"valueRequired\":true,\"valueName\":\"search_term_string\"}}],\"inLanguage\":\"pt-PT\"},{\"@type\":\"Person\",\"@id\":\"https:\\\/\\\/m2camper.com\\\/pt\\\/#\\\/schema\\\/person\\\/ad1e681f60b2e23c9b88a93e6d3feab3\",\"name\":\"Prubs214s\",\"image\":{\"@type\":\"ImageObject\",\"inLanguage\":\"pt-PT\",\"@id\":\"https:\\\/\\\/secure.gravatar.com\\\/avatar\\\/74706914812c3b473b95a5253410b33d71c50bf5f0d5423532bc0afa617d4316?s=96&d=mm&r=g\",\"url\":\"https:\\\/\\\/secure.gravatar.com\\\/avatar\\\/74706914812c3b473b95a5253410b33d71c50bf5f0d5423532bc0afa617d4316?s=96&d=mm&r=g\",\"contentUrl\":\"https:\\\/\\\/secure.gravatar.com\\\/avatar\\\/74706914812c3b473b95a5253410b33d71c50bf5f0d5423532bc0afa617d4316?s=96&d=mm&r=g\",\"caption\":\"Prubs214s\"},\"url\":\"https:\\\/\\\/m2camper.com\\\/pt\\\/author\\\/prubs214s\\\/\"}]}<\/script>\n<!-- \/ Yoast SEO plugin. -->","yoast_head_json":{"title":"Isolamento personalizado para casas, barcos e muito mais: o conforto t\u00e9rmico vai al\u00e9m do mundo dos campistas - M2 Camper | Isolamento t\u00e9rmico e blackouts para campistas","robots":{"index":"index","follow":"follow","max-snippet":"max-snippet:-1","max-image-preview":"max-image-preview:large","max-video-preview":"max-video-preview:-1"},"canonical":"https:\/\/m2camper.com\/pt\/isolamento-personalizado-para-casas-barcos-e-muito-mais-o-conforto-termico-vai-alem-do-universo-dos-campers\/","og_locale":"pt_PT","og_type":"article","og_title":"Aislantes a medida para viviendas, embarcaciones y m\u00e1s: el confort t\u00e9rmico va m\u00e1s all\u00e1 del mundo camper - M2 Camper | Aislantes t\u00e9rmicos y oscurecedores para campers","og_description":"Aislantes para tu comodidad Cuando hablamos de confort, aislamiento t\u00e9rmico y protecci\u00f3n frente a las inclemencias del clima, muchas personas piensan \u00fanicamente en casas o autocaravanas. Sin embargo, hay muchos m\u00e1s espacios que tambi\u00e9n requieren soluciones eficaces, funcionales y adaptadas. En M2 Camper, llevamos a\u00f1os fabricando aislantes para furgonetas y campers, pero tambi\u00e9n dise\u00f1amos soluciones&hellip;&nbsp;Ler mais &raquo;Aislantes a medida para viviendas, embarcaciones y m\u00e1s: el confort t\u00e9rmico va m\u00e1s all\u00e1 del mundo camper","og_url":"https:\/\/m2camper.com\/pt\/isolamento-personalizado-para-casas-barcos-e-muito-mais-o-conforto-termico-vai-alem-do-universo-dos-campers\/","og_site_name":"M2 Camper | Aislantes t\u00e9rmicos y oscurecedores para campers","article_published_time":"2025-06-20T07:08:23+00:00","article_modified_time":"2025-06-23T07:33:05+00:00","og_image":[{"width":980,"height":1307,"url":"https:\/\/m2camper.com\/wp-content\/uploads\/2025\/01\/60c9aa_c12901196b09471aa1770a20a0d35485mv2-1.webp","type":"image\/webp"}],"author":"Prubs214s","twitter_card":"summary_large_image","twitter_misc":{"Escrito por":"Prubs214s","Tempo estimado de leitura":"5 minutos"},"schema":{"@context":"https:\/\/schema.org","@graph":[{"@type":"Article","@id":"https:\/\/m2camper.com\/aislantes-a-medida-para-viviendas-embarcaciones-y-mas-el-confort-termico-va-mas-alla-del-mundo-camper\/#article","isPartOf":{"@id":"https:\/\/m2camper.com\/aislantes-a-medida-para-viviendas-embarcaciones-y-mas-el-confort-termico-va-mas-alla-del-mundo-camper\/"},"author":{"name":"Prubs214s","@id":"https:\/\/m2camper.com\/pt\/#\/schema\/person\/ad1e681f60b2e23c9b88a93e6d3feab3"},"headline":"Aislantes a medida para viviendas, embarcaciones y m\u00e1s: el confort t\u00e9rmico va m\u00e1s all\u00e1 del mundo camper","datePublished":"2025-06-20T07:08:23+00:00","dateModified":"2025-06-23T07:33:05+00:00","mainEntityOfPage":{"@id":"https:\/\/m2camper.com\/aislantes-a-medida-para-viviendas-embarcaciones-y-mas-el-confort-termico-va-mas-alla-del-mundo-camper\/"},"wordCount":903,"image":{"@id":"https:\/\/m2camper.com\/aislantes-a-medida-para-viviendas-embarcaciones-y-mas-el-confort-termico-va-mas-alla-del-mundo-camper\/#primaryimage"},"thumbnailUrl":"https:\/\/m2camper.com\/wp-content\/uploads\/2025\/01\/60c9aa_c12901196b09471aa1770a20a0d35485mv2-1.webp","keywords":["aislantes"],"articleSection":["Aislantes t\u00e9rmicos"],"inLanguage":"pt-PT"},{"@type":"WebPage","@id":"https:\/\/m2camper.com\/aislantes-a-medida-para-viviendas-embarcaciones-y-mas-el-confort-termico-va-mas-alla-del-mundo-camper\/","url":"https:\/\/m2camper.com\/aislantes-a-medida-para-viviendas-embarcaciones-y-mas-el-confort-termico-va-mas-alla-del-mundo-camper\/","name":"Isolamento personalizado para casas, barcos e muito mais: o conforto t\u00e9rmico vai al\u00e9m do mundo dos campistas - M2 Camper | Isolamento t\u00e9rmico e blackouts para campistas","isPartOf":{"@id":"https:\/\/m2camper.com\/pt\/#website"},"primaryImageOfPage":{"@id":"https:\/\/m2camper.com\/aislantes-a-medida-para-viviendas-embarcaciones-y-mas-el-confort-termico-va-mas-alla-del-mundo-camper\/#primaryimage"},"image":{"@id":"https:\/\/m2camper.com\/aislantes-a-medida-para-viviendas-embarcaciones-y-mas-el-confort-termico-va-mas-alla-del-mundo-camper\/#primaryimage"},"thumbnailUrl":"https:\/\/m2camper.com\/wp-content\/uploads\/2025\/01\/60c9aa_c12901196b09471aa1770a20a0d35485mv2-1.webp","datePublished":"2025-06-20T07:08:23+00:00","dateModified":"2025-06-23T07:33:05+00:00","author":{"@id":"https:\/\/m2camper.com\/pt\/#\/schema\/person\/ad1e681f60b2e23c9b88a93e6d3feab3"},"breadcrumb":{"@id":"https:\/\/m2camper.com\/aislantes-a-medida-para-viviendas-embarcaciones-y-mas-el-confort-termico-va-mas-alla-del-mundo-camper\/#breadcrumb"},"inLanguage":"pt-PT","potentialAction":[{"@type":"ReadAction","target":["https:\/\/m2camper.com\/aislantes-a-medida-para-viviendas-embarcaciones-y-mas-el-confort-termico-va-mas-alla-del-mundo-camper\/"]}]},{"@type":"ImageObject","inLanguage":"pt-PT","@id":"https:\/\/m2camper.com\/aislantes-a-medida-para-viviendas-embarcaciones-y-mas-el-confort-termico-va-mas-alla-del-mundo-camper\/#primaryimage","url":"https:\/\/m2camper.com\/wp-content\/uploads\/2025\/01\/60c9aa_c12901196b09471aa1770a20a0d35485mv2-1.webp","contentUrl":"https:\/\/m2camper.com\/wp-content\/uploads\/2025\/01\/60c9aa_c12901196b09471aa1770a20a0d35485mv2-1.webp","width":980,"height":1307},{"@type":"BreadcrumbList","@id":"https:\/\/m2camper.com\/aislantes-a-medida-para-viviendas-embarcaciones-y-mas-el-confort-termico-va-mas-alla-del-mundo-camper\/#breadcrumb","itemListElement":[{"@type":"ListItem","position":1,"name":"Portada","item":"https:\/\/m2camper.com\/pt\/"},{"@type":"ListItem","position":2,"name":"Aislantes a medida para viviendas, embarcaciones y m\u00e1s: el confort t\u00e9rmico va m\u00e1s all\u00e1 del mundo camper"}]},{"@type":"WebSite","@id":"https:\/\/m2camper.com\/pt\/#website","url":"https:\/\/m2camper.com\/pt\/","name":"M2 Campers | Isolamento t\u00e9rmico e blackouts para campistas","description":"Descubra a qualidade e o conforto do nosso isolamento t\u00e9rmico blackout e dos nossos colch\u00f5es para ve\u00edculos. Otimize sua experi\u00eancia de viagem com a M2 Camper.","potentialAction":[{"@type":"SearchAction","target":{"@type":"EntryPoint","urlTemplate":"https:\/\/m2camper.com\/pt\/?s={search_term_string}"},"query-input":{"@type":"PropertyValueSpecification","valueRequired":true,"valueName":"search_term_string"}}],"inLanguage":"pt-PT"},{"@type":"Person","@id":"https:\/\/m2camper.com\/pt\/#\/schema\/person\/ad1e681f60b2e23c9b88a93e6d3feab3","name":"Prubs214s","image":{"@type":"ImageObject","inLanguage":"pt-PT","@id":"https:\/\/secure.gravatar.com\/avatar\/74706914812c3b473b95a5253410b33d71c50bf5f0d5423532bc0afa617d4316?s=96&d=mm&r=g","url":"https:\/\/secure.gravatar.com\/avatar\/74706914812c3b473b95a5253410b33d71c50bf5f0d5423532bc0afa617d4316?s=96&d=mm&r=g","contentUrl":"https:\/\/secure.gravatar.com\/avatar\/74706914812c3b473b95a5253410b33d71c50bf5f0d5423532bc0afa617d4316?s=96&d=mm&r=g","caption":"Prubs214s"},"url":"https:\/\/m2camper.com\/pt\/author\/prubs214s\/"}]}},"_links":{"self":[{"href":"https:\/\/m2camper.com\/pt\/wp-json\/wp\/v2\/posts\/14040","targetHints":{"allow":["GET"]}}],"collection":[{"href":"https:\/\/m2camper.com\/pt\/wp-json\/wp\/v2\/posts"}],"about":[{"href":"https:\/\/m2camper.com\/pt\/wp-json\/wp\/v2\/types\/post"}],"author":[{"embeddable":true,"href":"https:\/\/m2camper.com\/pt\/wp-json\/wp\/v2\/users\/5741"}],"replies":[{"embeddable":true,"href":"https:\/\/m2camper.com\/pt\/wp-json\/wp\/v2\/comments?post=14040"}],"version-history":[{"count":2,"href":"https:\/\/m2camper.com\/pt\/wp-json\/wp\/v2\/posts\/14040\/revisions"}],"predecessor-version":[{"id":14047,"href":"https:\/\/m2camper.com\/pt\/wp-json\/wp\/v2\/posts\/14040\/revisions\/14047"}],"wp:featuredmedia":[{"embeddable":true,"href":"https:\/\/m2camper.com\/pt\/wp-json\/wp\/v2\/media\/10710"}],"wp:attachment":[{"href":"https:\/\/m2camper.com\/pt\/wp-json\/wp\/v2\/media?parent=14040"}],"wp:term":[{"taxonomy":"category","embeddable":true,"href":"https:\/\/m2camper.com\/pt\/wp-json\/wp\/v2\/categories?post=14040"},{"taxonomy":"post_tag","embeddable":true,"href":"https:\/\/m2camper.com\/pt\/wp-json\/wp\/v2\/tags?post=14040"}],"curies":[{"name":"wp","href":"https:\/\/api.w.org\/{rel}","templated":true}]}}