{"id":13560,"date":"2025-05-05T08:33:11","date_gmt":"2025-05-05T08:33:11","guid":{"rendered":"https:\/\/m2camper.com\/?p=13560"},"modified":"2025-05-27T10:11:29","modified_gmt":"2025-05-27T08:11:29","slug":"como-melhorar-a-eficiencia-energetica-do-seu-veiculo-com-isolamento-termico-para-motorhomes","status":"publish","type":"post","link":"https:\/\/m2camper.com\/pt\/como-melhorar-a-eficiencia-energetica-do-seu-veiculo-com-isolamento-termico-para-motorhomes\/","title":{"rendered":"Como melhorar a efici\u00eancia energ\u00e9tica do seu ve\u00edculo com isolamento t\u00e9rmico para motorhomes"},"content":{"rendered":"<h2 class=\"wp-block-heading has-neve-text-color-color has-text-color has-link-color wp-elements-50e7d5e07bb59a511fc5a70918666334\">Isolamento t\u00e9rmico para autocaravanas: economia e conforto na sua aventura <\/h2>\n\n\n\n<p class=\"has-neve-text-color-color has-text-color has-link-color wp-elements-4ddb6f69839ac3328c2c41a5efec85d1\">Viajar em um campervan \u00e9 um estilo de vida que combina liberdade, aventura e contato direto com a natureza. Mas para que cada viagem seja verdadeiramente confort\u00e1vel, \u00e9 essencial ter um sistema t\u00e9rmico eficiente que mantenha uma temperatura interna confort\u00e1vel sem depender excessivamente de sistemas de ar condicionado. Nesse contexto, <strong><a href=\"https:\/\/m2camper.com\/pt\/isoladores\/\">isolamento t\u00e9rmico para campistas<\/a><\/strong> desempenham um papel fundamental.<\/p>\n\n\n\n<p class=\"has-neve-text-color-color has-text-color has-link-color wp-elements-11d738041fd9e9bcd00da8f9c0b77ae9\">Em <strong><a href=\"https:\/\/m2camper.com\/pt\/contato\/\">Campista M2<\/a><\/strong>Trabalhamos com solu\u00e7\u00f5es de alta qualidade projetadas especificamente para otimizar o isolamento t\u00e9rmico do seu ve\u00edculo, ajudando voc\u00ea a economizar energia e melhorar o conforto o ano todo.<\/p>\n\n\n\n<h2 class=\"wp-block-heading has-neve-text-color-color has-text-color has-link-color wp-elements-fe8bbdd6a600f85e7622319cb4ea9fcd\">Por que o isolamento t\u00e9rmico para campistas \u00e9 essencial <\/h2>\n\n\n\n<p>As mudan\u00e7as de temperatura durante uma viagem podem ser intensas e repentinas. Um dia ensolarado na estrada pode se transformar em uma noite fria nas montanhas, ou uma escapada de ver\u00e3o pode fazer com que o interior do ve\u00edculo atinja temperaturas extremas. Ter um bom isolamento \u00e9 a melhor maneira de estabilizar a temperatura interna e evitar essas oscila\u00e7\u00f5es desconfort\u00e1veis.<\/p>\n\n\n\n<p class=\"has-neve-text-color-color has-text-color has-link-color wp-elements-a8ff377e1be1ec18912adbc7da8f9ab4\">O <strong>isolamento t\u00e9rmico para campistas<\/strong> Eles atuam como uma barreira protetora contra o calor e o frio, permitindo que o interior do ve\u00edculo mantenha uma temperatura muito mais est\u00e1vel. Isso se traduz em menor uso de aquecimento ou ar-condicionado, o que se traduz em economia de bateria, g\u00e1s ou combust\u00edvel, dependendo do sistema utilizado. Al\u00e9m disso, um bom isolamento ajuda a reduzir a condensa\u00e7\u00e3o dentro do ve\u00edculo, prevenindo problemas como umidade, odores desagrad\u00e1veis e deteriora\u00e7\u00e3o do material.<\/p>\n\n\n<div class=\"wp-block-image\">\n<figure class=\"aligncenter size-large\"><img fetchpriority=\"high\" decoding=\"async\" width=\"1024\" height=\"724\" src=\"https:\/\/m2camper.com\/wp-content\/uploads\/2025\/05\/aislantes-termicos-para-camionetas-camper-1024x724.jpg\" alt=\"\" class=\"wp-image-13624\" srcset=\"https:\/\/m2camper.com\/wp-content\/uploads\/2025\/05\/aislantes-termicos-para-camionetas-camper-1024x724.jpg 1024w, https:\/\/m2camper.com\/wp-content\/uploads\/2025\/05\/aislantes-termicos-para-camionetas-camper-300x212.jpg 300w, https:\/\/m2camper.com\/wp-content\/uploads\/2025\/05\/aislantes-termicos-para-camionetas-camper-768x543.jpg 768w, https:\/\/m2camper.com\/wp-content\/uploads\/2025\/05\/aislantes-termicos-para-camionetas-camper-1536x1086.jpg 1536w, https:\/\/m2camper.com\/wp-content\/uploads\/2025\/05\/aislantes-termicos-para-camionetas-camper-18x12.jpg 18w, https:\/\/m2camper.com\/wp-content\/uploads\/2025\/05\/aislantes-termicos-para-camionetas-camper-600x424.jpg 600w, https:\/\/m2camper.com\/wp-content\/uploads\/2025\/05\/aislantes-termicos-para-camionetas-camper.jpg 2000w\" sizes=\"(max-width: 1024px) 100vw, 1024px\" \/><\/figure>\n<\/div>\n\n\n<h2 class=\"wp-block-heading has-neve-text-color-color has-text-color has-link-color wp-elements-ba714f08e83b46cc797e088637d20f36\">O isolamento t\u00e9rmico de 9 camadas para campistas: desempenho e confiabilidade para todas as suas viagens<\/h2>\n\n\n\n<p class=\"has-neve-text-color-color has-text-color has-link-color wp-elements-89447065859837ef569ff76964f8a7b8\">Na M2 Camper, contamos com um \u00fanico modelo de isolamento t\u00e9rmico porque acreditamos que quando um produto funciona muito bem, n\u00e3o h\u00e1 necessidade de complicar as coisas com alternativas. <strong>isolamento t\u00e9rmico para campistas<\/strong> 9 camadas combinam diferentes materiais que trabalham juntos para oferecer excelente desempenho em climas frios e quentes.<\/p>\n\n\n\n<p>Este isolamento foi desenvolvido para maximizar a efici\u00eancia energ\u00e9tica do ve\u00edculo e garantir um alto n\u00edvel de conforto interno. Sua estrutura multicamadas permite:<\/p>\n\n\n\n<ul class=\"wp-block-list\">\n<li>Reflita o calor do sol no ver\u00e3o.<\/li>\n\n\n\n<li>Mantenha o calor interno no inverno.<\/li>\n\n\n\n<li>Minimize as trocas de calor com o exterior.<\/li>\n\n\n\n<li>Proteja o interior do ve\u00edculo da umidade e condensa\u00e7\u00e3o.<\/li>\n<\/ul>\n\n\n\n<p>Gra\u00e7as \u00e0 sua flexibilidade, leveza e durabilidade, este material \u00e9 ideal para adapta\u00e7\u00e3o em tetos, paredes laterais, pisos, portas e outras superf\u00edcies importantes. Com a instala\u00e7\u00e3o adequada, seu efeito \u00e9 imediato e duradouro.<\/p>\n\n\n\n<h2 class=\"wp-block-heading has-neve-text-color-color has-text-color has-link-color wp-elements-e979425f6c5264b7beaf5c20b9818cf2\">Dicas para aproveitar ao m\u00e1ximo o isolamento t\u00e9rmico para campistas <\/h2>\n\n\n\n<p>Para aproveitar ao m\u00e1ximo o isolamento t\u00e9rmico de 9 camadas, \u00e9 importante ter em mente alguns aspectos importantes durante sua instala\u00e7\u00e3o:<\/p>\n\n\n\n<ol class=\"wp-block-list\">\n<li class=\"has-neve-text-color-color has-text-color has-link-color wp-elements-6ef45140adf79b0ed36315270dec157f\"><strong>Cubra todas as superf\u00edcies relevantes<\/strong>Tetos, paredes, portas e at\u00e9 mesmo o piso devem ser isolados para evitar vazamentos t\u00e9rmicos. O teto costuma ser priorizado, mas o piso tamb\u00e9m \u00e9 uma \u00e1rea cr\u00edtica.<\/li>\n\n\n\n<li class=\"has-neve-text-color-color has-text-color has-link-color wp-elements-5707288f7179ea689fe871054b0c34f9\"><strong>Veda\u00e7\u00e3o adequada<\/strong>: \u00c9 essencial garantir que n\u00e3o haja lacunas ou pontes t\u00e9rmicas. Mesmo uma pequena \u00e1rea descoberta pode afetar o desempenho geral do isolamento.<\/li>\n\n\n\n<li class=\"has-neve-text-color-color has-text-color has-link-color wp-elements-19f5c0db9f1a36b68b8aa42eeffb6c95\"><strong>Instala\u00e7\u00e3o precisa<\/strong>Um material de alta qualidade requer uma instala\u00e7\u00e3o cuidadosa. Na M2 Camper, garantimos que o processo seja realizado com precis\u00e3o para garantir um resultado duradouro e eficiente.<\/li>\n<\/ol>\n\n\n\n<h5 class=\"wp-block-heading has-neve-text-color-color has-text-color has-link-color wp-elements-01fd3a658b502c082ea88c90d6361b0d\">Benef\u00edcios reais: mais conforto, menos consumo<\/h5>\n\n\n\n<p>Investir em um bom sistema de isolamento t\u00e9rmico n\u00e3o s\u00f3 melhora a experi\u00eancia de viagem, como tamb\u00e9m traz benef\u00edcios concretos a m\u00e9dio e longo prazo:<\/p>\n\n\n\n<ul class=\"wp-block-list\">\n<li class=\"has-neve-text-color-color has-text-color has-link-color wp-elements-5168a615edd296eba06b42e999f2c2ba\"><strong>Maior conforto em todas as esta\u00e7\u00f5es<\/strong>:Voc\u00ea pode aproveitar seu trailer tanto no ver\u00e3o quanto no inverno, sem precisar depender constantemente de sistemas de ar condicionado.<\/li>\n\n\n\n<li class=\"has-neve-text-color-color has-text-color has-link-color wp-elements-c1c932bdc06645df1d9f9ff2a2d00334\"><strong>Redu\u00e7\u00e3o do consumo de energia<\/strong>:Usar menos aquecimento ou ar condicionado significa economizar g\u00e1s, bateria ou combust\u00edvel.<\/li>\n\n\n\n<li class=\"has-neve-text-color-color has-text-color has-link-color wp-elements-a6c2f3f40916ced3eedf1adb0ce854dd\"><strong>Prote\u00e7\u00e3o interna<\/strong>: Ao reduzir a condensa\u00e7\u00e3o e a umidade, os acabamentos e componentes do ve\u00edculo s\u00e3o melhor preservados.<\/li>\n<\/ul>\n\n\n\n<p>Tudo isso se traduz em uma experi\u00eancia mais agrad\u00e1vel, pr\u00e1tica e sustent\u00e1vel.<\/p>\n\n\n<div class=\"wp-block-image\">\n<figure class=\"aligncenter size-large\"><img decoding=\"async\" width=\"1024\" height=\"724\" src=\"https:\/\/m2camper.com\/wp-content\/uploads\/2025\/05\/aislantes-termicos-1024x724.jpg\" alt=\"\" class=\"wp-image-13625\" srcset=\"https:\/\/m2camper.com\/wp-content\/uploads\/2025\/05\/aislantes-termicos-1024x724.jpg 1024w, https:\/\/m2camper.com\/wp-content\/uploads\/2025\/05\/aislantes-termicos-300x212.jpg 300w, https:\/\/m2camper.com\/wp-content\/uploads\/2025\/05\/aislantes-termicos-768x543.jpg 768w, https:\/\/m2camper.com\/wp-content\/uploads\/2025\/05\/aislantes-termicos-1536x1086.jpg 1536w, https:\/\/m2camper.com\/wp-content\/uploads\/2025\/05\/aislantes-termicos-18x12.jpg 18w, https:\/\/m2camper.com\/wp-content\/uploads\/2025\/05\/aislantes-termicos-600x424.jpg 600w, https:\/\/m2camper.com\/wp-content\/uploads\/2025\/05\/aislantes-termicos.jpg 2000w\" sizes=\"(max-width: 1024px) 100vw, 1024px\" \/><\/figure>\n<\/div>\n\n\n<h2 class=\"wp-block-heading has-neve-text-color-color has-text-color has-link-color wp-elements-5ca1ac45ff77b3a197f78f9943a1e954\">M2 Camper: especialistas em isolamento t\u00e9rmico para campistas <\/h2>\n\n\n\n<p>Na M2 Camper, somos especialistas em melhorar o conforto t\u00e9rmico em ve\u00edculos camper, oferecendo materiais de alto desempenho e consultoria personalizada para cada projeto. Nossa experi\u00eancia no setor nos permite oferecer uma solu\u00e7\u00e3o eficaz, testada em condi\u00e7\u00f5es reais de viagem e adaptada \u00e0s necessidades de cada cliente.<\/p>\n\n\n\n<p>Oferecemos a op\u00e7\u00e3o de incorporar bolsos organizadores ao nosso isolamento t\u00e9rmico. Esses bolsos s\u00e3o ideais para guardar pequenos itens, como chaves, celulares ou lanternas, proporcionando praticidade e organiza\u00e7\u00e3o. Os bolsos s\u00e3o costurados diretamente no isolamento e fixados ao vidro por meio de ventosas, garantindo que possam acomodar apenas itens leves, sem comprometer a efic\u00e1cia do isolamento.<\/p>\n\n\n\n<p>Al\u00e9m disso, como oficina especializada, podemos fabricar isolamentos personalizados para qualquer tipo de ve\u00edculo ou janela, adaptando-nos \u00e0s necessidades de cada cliente. Criamos isolamentos para uma ampla variedade de aplica\u00e7\u00f5es, incluindo janelas para resid\u00eancias com alta exposi\u00e7\u00e3o solar, escadas com claraboias e at\u00e9 mesmo pequenos barcos. Gra\u00e7as \u00e0 nossa flexibilidade e experi\u00eancia, oferecemos solu\u00e7\u00f5es personalizadas para garantir o melhor desempenho t\u00e9rmico em qualquer ambiente. N\u00e3o hesite em nos contatar para obter mais detalhes ou se tiver alguma d\u00favida.<\/p>\n\n\n\n<p class=\"has-neve-text-color-color has-text-color has-link-color wp-elements-532314d05499426484ad1f70d31fa82b\">Se voc\u00ea est\u00e1 pensando em melhorar o isolamento do seu ve\u00edculo camper, n\u00e3o hesite: o <strong><a href=\"https:\/\/m2camper.com\/pt\/isoladores\/\">isolamento t\u00e9rmico para campistas<\/a><\/strong> Os produtos que oferecemos s\u00e3o um investimento que come\u00e7a a dar frutos desde o primeiro dia. Menos consumo, mais conforto, mais liberdade.<\/p>\n\n\n\n<p class=\"has-neve-text-color-color has-text-color has-link-color wp-elements-71fd9159d45b0e42ba66f598f69ad470\"><\/p>\n\n\n<div class=\"wp-block-image\">\n<figure class=\"aligncenter size-large\"><img decoding=\"async\" width=\"1024\" height=\"724\" src=\"https:\/\/m2camper.com\/wp-content\/uploads\/2025\/05\/oscurecedores-para-camper-1024x724.jpg\" alt=\"\" class=\"wp-image-13626\" srcset=\"https:\/\/m2camper.com\/wp-content\/uploads\/2025\/05\/oscurecedores-para-camper-1024x724.jpg 1024w, https:\/\/m2camper.com\/wp-content\/uploads\/2025\/05\/oscurecedores-para-camper-300x212.jpg 300w, https:\/\/m2camper.com\/wp-content\/uploads\/2025\/05\/oscurecedores-para-camper-768x543.jpg 768w, https:\/\/m2camper.com\/wp-content\/uploads\/2025\/05\/oscurecedores-para-camper-1536x1086.jpg 1536w, https:\/\/m2camper.com\/wp-content\/uploads\/2025\/05\/oscurecedores-para-camper-18x12.jpg 18w, https:\/\/m2camper.com\/wp-content\/uploads\/2025\/05\/oscurecedores-para-camper-600x424.jpg 600w, https:\/\/m2camper.com\/wp-content\/uploads\/2025\/05\/oscurecedores-para-camper.jpg 2000w\" sizes=\"(max-width: 1024px) 100vw, 1024px\" \/><\/figure>\n<\/div>","protected":false},"excerpt":{"rendered":"<p>Aislantes t\u00e9rmicos para autocaravanas: ahorro y comodidad en tu aventura Viajar en camper es una forma de vida que combina libertad, aventura y contacto directo con la naturaleza. Pero para que cada trayecto sea realmente c\u00f3modo, es fundamental contar con un sistema t\u00e9rmico eficiente que permita mantener una temperatura interior agradable sin depender en exceso&hellip;&nbsp;<a href=\"https:\/\/m2camper.com\/pt\/como-melhorar-a-eficiencia-energetica-do-seu-veiculo-com-isolamento-termico-para-motorhomes\/\" rel=\"bookmark\">Ler mais &raquo;<span class=\"screen-reader-text\">Como melhorar a efici\u00eancia energ\u00e9tica do seu ve\u00edculo com isolamento t\u00e9rmico para motorhomes<\/span><\/a><\/p>","protected":false},"author":5741,"featured_media":13618,"comment_status":"closed","ping_status":"closed","sticky":false,"template":"","format":"standard","meta":{"neve_meta_sidebar":"","neve_meta_container":"","neve_meta_enable_content_width":"","neve_meta_content_width":0,"neve_meta_title_alignment":"","neve_meta_author_avatar":"","neve_post_elements_order":"","neve_meta_disable_header":"","neve_meta_disable_footer":"","neve_meta_disable_title":"","footnotes":""},"categories":[208],"tags":[209],"class_list":["post-13560","post","type-post","status-publish","format-standard","has-post-thumbnail","hentry","category-aislantes-termicos","tag-aislantes-termicos-para-autocaravanas"],"yoast_head":"<!-- This site is optimized with the Yoast SEO plugin v27.4 - https:\/\/yoast.com\/product\/yoast-seo-wordpress\/ -->\n<title>C\u00f3mo mejorar la eficiencia energ\u00e9tica de tu veh\u00edculo con aislantes t\u00e9rmicos para autocaravanas - M2 Camper | Aislantes t\u00e9rmicos y oscurecedores para campers<\/title>\n<meta name=\"robots\" content=\"index, follow, max-snippet:-1, max-image-preview:large, max-video-preview:-1\" \/>\n<link rel=\"canonical\" href=\"https:\/\/m2camper.com\/pt\/como-melhorar-a-eficiencia-energetica-do-seu-veiculo-com-isolamento-termico-para-motorhomes\/\" \/>\n<meta property=\"og:locale\" content=\"pt_PT\" \/>\n<meta property=\"og:type\" content=\"article\" \/>\n<meta property=\"og:title\" content=\"C\u00f3mo mejorar la eficiencia energ\u00e9tica de tu veh\u00edculo con aislantes t\u00e9rmicos para autocaravanas - M2 Camper | Aislantes t\u00e9rmicos y oscurecedores para campers\" \/>\n<meta property=\"og:description\" content=\"Aislantes t\u00e9rmicos para autocaravanas: ahorro y comodidad en tu aventura Viajar en camper es una forma de vida que combina libertad, aventura y contacto directo con la naturaleza. Pero para que cada trayecto sea realmente c\u00f3modo, es fundamental contar con un sistema t\u00e9rmico eficiente que permita mantener una temperatura interior agradable sin depender en exceso&hellip;&nbsp;Ler mais &raquo;C\u00f3mo mejorar la eficiencia energ\u00e9tica de tu veh\u00edculo con aislantes t\u00e9rmicos para autocaravanas\" \/>\n<meta property=\"og:url\" content=\"https:\/\/m2camper.com\/pt\/como-melhorar-a-eficiencia-energetica-do-seu-veiculo-com-isolamento-termico-para-motorhomes\/\" \/>\n<meta property=\"og:site_name\" content=\"M2 Camper | Aislantes t\u00e9rmicos y oscurecedores para campers\" \/>\n<meta property=\"article:published_time\" content=\"2025-05-05T08:33:11+00:00\" \/>\n<meta property=\"article:modified_time\" content=\"2025-05-27T08:11:29+00:00\" \/>\n<meta property=\"og:image\" content=\"https:\/\/m2camper.com\/wp-content\/uploads\/2025\/04\/aislante-para-furgos-1.jpg\" \/>\n\t<meta property=\"og:image:width\" content=\"2000\" \/>\n\t<meta property=\"og:image:height\" content=\"1414\" \/>\n\t<meta property=\"og:image:type\" content=\"image\/jpeg\" \/>\n<meta name=\"author\" content=\"Prubs214s\" \/>\n<meta name=\"twitter:card\" content=\"summary_large_image\" \/>\n<meta name=\"twitter:label1\" content=\"Escrito por\" \/>\n\t<meta name=\"twitter:data1\" content=\"Prubs214s\" \/>\n\t<meta name=\"twitter:label2\" content=\"Tempo estimado de leitura\" \/>\n\t<meta name=\"twitter:data2\" content=\"5 minutos\" \/>\n<script type=\"application\/ld+json\" class=\"yoast-schema-graph\">{\"@context\":\"https:\\\/\\\/schema.org\",\"@graph\":[{\"@type\":\"Article\",\"@id\":\"https:\\\/\\\/m2camper.com\\\/como-mejorar-la-eficiencia-energetica-de-tu-vehiculo-con-aislantes-termicos-para-autocaravanas\\\/#article\",\"isPartOf\":{\"@id\":\"https:\\\/\\\/m2camper.com\\\/como-mejorar-la-eficiencia-energetica-de-tu-vehiculo-con-aislantes-termicos-para-autocaravanas\\\/\"},\"author\":{\"name\":\"Prubs214s\",\"@id\":\"https:\\\/\\\/m2camper.com\\\/pt\\\/#\\\/schema\\\/person\\\/ad1e681f60b2e23c9b88a93e6d3feab3\"},\"headline\":\"C\u00f3mo mejorar la eficiencia energ\u00e9tica de tu veh\u00edculo con aislantes t\u00e9rmicos para autocaravanas\",\"datePublished\":\"2025-05-05T08:33:11+00:00\",\"dateModified\":\"2025-05-27T08:11:29+00:00\",\"mainEntityOfPage\":{\"@id\":\"https:\\\/\\\/m2camper.com\\\/como-mejorar-la-eficiencia-energetica-de-tu-vehiculo-con-aislantes-termicos-para-autocaravanas\\\/\"},\"wordCount\":968,\"image\":{\"@id\":\"https:\\\/\\\/m2camper.com\\\/como-mejorar-la-eficiencia-energetica-de-tu-vehiculo-con-aislantes-termicos-para-autocaravanas\\\/#primaryimage\"},\"thumbnailUrl\":\"https:\\\/\\\/m2camper.com\\\/wp-content\\\/uploads\\\/2025\\\/04\\\/aislante-para-furgos-1.jpg\",\"keywords\":[\"Aislantes t\u00e9rmicos para autocaravanas\"],\"articleSection\":[\"Aislantes t\u00e9rmicos\"],\"inLanguage\":\"pt-PT\"},{\"@type\":\"WebPage\",\"@id\":\"https:\\\/\\\/m2camper.com\\\/como-mejorar-la-eficiencia-energetica-de-tu-vehiculo-con-aislantes-termicos-para-autocaravanas\\\/\",\"url\":\"https:\\\/\\\/m2camper.com\\\/como-mejorar-la-eficiencia-energetica-de-tu-vehiculo-con-aislantes-termicos-para-autocaravanas\\\/\",\"name\":\"C\u00f3mo mejorar la eficiencia energ\u00e9tica de tu veh\u00edculo con aislantes t\u00e9rmicos para autocaravanas - M2 Camper | Aislantes t\u00e9rmicos y oscurecedores para campers\",\"isPartOf\":{\"@id\":\"https:\\\/\\\/m2camper.com\\\/pt\\\/#website\"},\"primaryImageOfPage\":{\"@id\":\"https:\\\/\\\/m2camper.com\\\/como-mejorar-la-eficiencia-energetica-de-tu-vehiculo-con-aislantes-termicos-para-autocaravanas\\\/#primaryimage\"},\"image\":{\"@id\":\"https:\\\/\\\/m2camper.com\\\/como-mejorar-la-eficiencia-energetica-de-tu-vehiculo-con-aislantes-termicos-para-autocaravanas\\\/#primaryimage\"},\"thumbnailUrl\":\"https:\\\/\\\/m2camper.com\\\/wp-content\\\/uploads\\\/2025\\\/04\\\/aislante-para-furgos-1.jpg\",\"datePublished\":\"2025-05-05T08:33:11+00:00\",\"dateModified\":\"2025-05-27T08:11:29+00:00\",\"author\":{\"@id\":\"https:\\\/\\\/m2camper.com\\\/pt\\\/#\\\/schema\\\/person\\\/ad1e681f60b2e23c9b88a93e6d3feab3\"},\"breadcrumb\":{\"@id\":\"https:\\\/\\\/m2camper.com\\\/como-mejorar-la-eficiencia-energetica-de-tu-vehiculo-con-aislantes-termicos-para-autocaravanas\\\/#breadcrumb\"},\"inLanguage\":\"pt-PT\",\"potentialAction\":[{\"@type\":\"ReadAction\",\"target\":[\"https:\\\/\\\/m2camper.com\\\/como-mejorar-la-eficiencia-energetica-de-tu-vehiculo-con-aislantes-termicos-para-autocaravanas\\\/\"]}]},{\"@type\":\"ImageObject\",\"inLanguage\":\"pt-PT\",\"@id\":\"https:\\\/\\\/m2camper.com\\\/como-mejorar-la-eficiencia-energetica-de-tu-vehiculo-con-aislantes-termicos-para-autocaravanas\\\/#primaryimage\",\"url\":\"https:\\\/\\\/m2camper.com\\\/wp-content\\\/uploads\\\/2025\\\/04\\\/aislante-para-furgos-1.jpg\",\"contentUrl\":\"https:\\\/\\\/m2camper.com\\\/wp-content\\\/uploads\\\/2025\\\/04\\\/aislante-para-furgos-1.jpg\",\"width\":2000,\"height\":1414},{\"@type\":\"BreadcrumbList\",\"@id\":\"https:\\\/\\\/m2camper.com\\\/como-mejorar-la-eficiencia-energetica-de-tu-vehiculo-con-aislantes-termicos-para-autocaravanas\\\/#breadcrumb\",\"itemListElement\":[{\"@type\":\"ListItem\",\"position\":1,\"name\":\"Portada\",\"item\":\"https:\\\/\\\/m2camper.com\\\/pt\\\/\"},{\"@type\":\"ListItem\",\"position\":2,\"name\":\"C\u00f3mo mejorar la eficiencia energ\u00e9tica de tu veh\u00edculo con aislantes t\u00e9rmicos para autocaravanas\"}]},{\"@type\":\"WebSite\",\"@id\":\"https:\\\/\\\/m2camper.com\\\/pt\\\/#website\",\"url\":\"https:\\\/\\\/m2camper.com\\\/pt\\\/\",\"name\":\"M2 Campers | Aislantes t\u00e9rmicos y oscurecedores para campers\",\"description\":\"Descubre calidad y confort de nuestros aislantes t\u00e9rmicos oscurecedores y colchones para veh\u00edculos. Optimiza tu experiencia en carretera con M2 Camper.\",\"potentialAction\":[{\"@type\":\"SearchAction\",\"target\":{\"@type\":\"EntryPoint\",\"urlTemplate\":\"https:\\\/\\\/m2camper.com\\\/pt\\\/?s={search_term_string}\"},\"query-input\":{\"@type\":\"PropertyValueSpecification\",\"valueRequired\":true,\"valueName\":\"search_term_string\"}}],\"inLanguage\":\"pt-PT\"},{\"@type\":\"Person\",\"@id\":\"https:\\\/\\\/m2camper.com\\\/pt\\\/#\\\/schema\\\/person\\\/ad1e681f60b2e23c9b88a93e6d3feab3\",\"name\":\"Prubs214s\",\"image\":{\"@type\":\"ImageObject\",\"inLanguage\":\"pt-PT\",\"@id\":\"https:\\\/\\\/secure.gravatar.com\\\/avatar\\\/74706914812c3b473b95a5253410b33d71c50bf5f0d5423532bc0afa617d4316?s=96&d=mm&r=g\",\"url\":\"https:\\\/\\\/secure.gravatar.com\\\/avatar\\\/74706914812c3b473b95a5253410b33d71c50bf5f0d5423532bc0afa617d4316?s=96&d=mm&r=g\",\"contentUrl\":\"https:\\\/\\\/secure.gravatar.com\\\/avatar\\\/74706914812c3b473b95a5253410b33d71c50bf5f0d5423532bc0afa617d4316?s=96&d=mm&r=g\",\"caption\":\"Prubs214s\"},\"url\":\"https:\\\/\\\/m2camper.com\\\/pt\\\/author\\\/prubs214s\\\/\"}]}<\/script>\n<!-- \/ Yoast SEO plugin. -->","yoast_head_json":{"title":"Como melhorar a efici\u00eancia energ\u00e9tica do seu ve\u00edculo com isolamento t\u00e9rmico para motorhomes - M2 Camper | Isolamento t\u00e9rmico e blackouts para campers","robots":{"index":"index","follow":"follow","max-snippet":"max-snippet:-1","max-image-preview":"max-image-preview:large","max-video-preview":"max-video-preview:-1"},"canonical":"https:\/\/m2camper.com\/pt\/como-melhorar-a-eficiencia-energetica-do-seu-veiculo-com-isolamento-termico-para-motorhomes\/","og_locale":"pt_PT","og_type":"article","og_title":"C\u00f3mo mejorar la eficiencia energ\u00e9tica de tu veh\u00edculo con aislantes t\u00e9rmicos para autocaravanas - M2 Camper | Aislantes t\u00e9rmicos y oscurecedores para campers","og_description":"Aislantes t\u00e9rmicos para autocaravanas: ahorro y comodidad en tu aventura Viajar en camper es una forma de vida que combina libertad, aventura y contacto directo con la naturaleza. Pero para que cada trayecto sea realmente c\u00f3modo, es fundamental contar con un sistema t\u00e9rmico eficiente que permita mantener una temperatura interior agradable sin depender en exceso&hellip;&nbsp;Ler mais &raquo;C\u00f3mo mejorar la eficiencia energ\u00e9tica de tu veh\u00edculo con aislantes t\u00e9rmicos para autocaravanas","og_url":"https:\/\/m2camper.com\/pt\/como-melhorar-a-eficiencia-energetica-do-seu-veiculo-com-isolamento-termico-para-motorhomes\/","og_site_name":"M2 Camper | Aislantes t\u00e9rmicos y oscurecedores para campers","article_published_time":"2025-05-05T08:33:11+00:00","article_modified_time":"2025-05-27T08:11:29+00:00","og_image":[{"width":2000,"height":1414,"url":"https:\/\/m2camper.com\/wp-content\/uploads\/2025\/04\/aislante-para-furgos-1.jpg","type":"image\/jpeg"}],"author":"Prubs214s","twitter_card":"summary_large_image","twitter_misc":{"Escrito por":"Prubs214s","Tempo estimado de leitura":"5 minutos"},"schema":{"@context":"https:\/\/schema.org","@graph":[{"@type":"Article","@id":"https:\/\/m2camper.com\/como-mejorar-la-eficiencia-energetica-de-tu-vehiculo-con-aislantes-termicos-para-autocaravanas\/#article","isPartOf":{"@id":"https:\/\/m2camper.com\/como-mejorar-la-eficiencia-energetica-de-tu-vehiculo-con-aislantes-termicos-para-autocaravanas\/"},"author":{"name":"Prubs214s","@id":"https:\/\/m2camper.com\/pt\/#\/schema\/person\/ad1e681f60b2e23c9b88a93e6d3feab3"},"headline":"C\u00f3mo mejorar la eficiencia energ\u00e9tica de tu veh\u00edculo con aislantes t\u00e9rmicos para autocaravanas","datePublished":"2025-05-05T08:33:11+00:00","dateModified":"2025-05-27T08:11:29+00:00","mainEntityOfPage":{"@id":"https:\/\/m2camper.com\/como-mejorar-la-eficiencia-energetica-de-tu-vehiculo-con-aislantes-termicos-para-autocaravanas\/"},"wordCount":968,"image":{"@id":"https:\/\/m2camper.com\/como-mejorar-la-eficiencia-energetica-de-tu-vehiculo-con-aislantes-termicos-para-autocaravanas\/#primaryimage"},"thumbnailUrl":"https:\/\/m2camper.com\/wp-content\/uploads\/2025\/04\/aislante-para-furgos-1.jpg","keywords":["Aislantes t\u00e9rmicos para autocaravanas"],"articleSection":["Aislantes t\u00e9rmicos"],"inLanguage":"pt-PT"},{"@type":"WebPage","@id":"https:\/\/m2camper.com\/como-mejorar-la-eficiencia-energetica-de-tu-vehiculo-con-aislantes-termicos-para-autocaravanas\/","url":"https:\/\/m2camper.com\/como-mejorar-la-eficiencia-energetica-de-tu-vehiculo-con-aislantes-termicos-para-autocaravanas\/","name":"Como melhorar a efici\u00eancia energ\u00e9tica do seu ve\u00edculo com isolamento t\u00e9rmico para motorhomes - M2 Camper | Isolamento t\u00e9rmico e blackouts para campers","isPartOf":{"@id":"https:\/\/m2camper.com\/pt\/#website"},"primaryImageOfPage":{"@id":"https:\/\/m2camper.com\/como-mejorar-la-eficiencia-energetica-de-tu-vehiculo-con-aislantes-termicos-para-autocaravanas\/#primaryimage"},"image":{"@id":"https:\/\/m2camper.com\/como-mejorar-la-eficiencia-energetica-de-tu-vehiculo-con-aislantes-termicos-para-autocaravanas\/#primaryimage"},"thumbnailUrl":"https:\/\/m2camper.com\/wp-content\/uploads\/2025\/04\/aislante-para-furgos-1.jpg","datePublished":"2025-05-05T08:33:11+00:00","dateModified":"2025-05-27T08:11:29+00:00","author":{"@id":"https:\/\/m2camper.com\/pt\/#\/schema\/person\/ad1e681f60b2e23c9b88a93e6d3feab3"},"breadcrumb":{"@id":"https:\/\/m2camper.com\/como-mejorar-la-eficiencia-energetica-de-tu-vehiculo-con-aislantes-termicos-para-autocaravanas\/#breadcrumb"},"inLanguage":"pt-PT","potentialAction":[{"@type":"ReadAction","target":["https:\/\/m2camper.com\/como-mejorar-la-eficiencia-energetica-de-tu-vehiculo-con-aislantes-termicos-para-autocaravanas\/"]}]},{"@type":"ImageObject","inLanguage":"pt-PT","@id":"https:\/\/m2camper.com\/como-mejorar-la-eficiencia-energetica-de-tu-vehiculo-con-aislantes-termicos-para-autocaravanas\/#primaryimage","url":"https:\/\/m2camper.com\/wp-content\/uploads\/2025\/04\/aislante-para-furgos-1.jpg","contentUrl":"https:\/\/m2camper.com\/wp-content\/uploads\/2025\/04\/aislante-para-furgos-1.jpg","width":2000,"height":1414},{"@type":"BreadcrumbList","@id":"https:\/\/m2camper.com\/como-mejorar-la-eficiencia-energetica-de-tu-vehiculo-con-aislantes-termicos-para-autocaravanas\/#breadcrumb","itemListElement":[{"@type":"ListItem","position":1,"name":"Portada","item":"https:\/\/m2camper.com\/pt\/"},{"@type":"ListItem","position":2,"name":"C\u00f3mo mejorar la eficiencia energ\u00e9tica de tu veh\u00edculo con aislantes t\u00e9rmicos para autocaravanas"}]},{"@type":"WebSite","@id":"https:\/\/m2camper.com\/pt\/#website","url":"https:\/\/m2camper.com\/pt\/","name":"M2 Campers | Isolamento t\u00e9rmico e blackouts para campistas","description":"Descubra a qualidade e o conforto do nosso isolamento t\u00e9rmico blackout e dos nossos colch\u00f5es para ve\u00edculos. Otimize sua experi\u00eancia de viagem com a M2 Camper.","potentialAction":[{"@type":"SearchAction","target":{"@type":"EntryPoint","urlTemplate":"https:\/\/m2camper.com\/pt\/?s={search_term_string}"},"query-input":{"@type":"PropertyValueSpecification","valueRequired":true,"valueName":"search_term_string"}}],"inLanguage":"pt-PT"},{"@type":"Person","@id":"https:\/\/m2camper.com\/pt\/#\/schema\/person\/ad1e681f60b2e23c9b88a93e6d3feab3","name":"Prubs214s","image":{"@type":"ImageObject","inLanguage":"pt-PT","@id":"https:\/\/secure.gravatar.com\/avatar\/74706914812c3b473b95a5253410b33d71c50bf5f0d5423532bc0afa617d4316?s=96&d=mm&r=g","url":"https:\/\/secure.gravatar.com\/avatar\/74706914812c3b473b95a5253410b33d71c50bf5f0d5423532bc0afa617d4316?s=96&d=mm&r=g","contentUrl":"https:\/\/secure.gravatar.com\/avatar\/74706914812c3b473b95a5253410b33d71c50bf5f0d5423532bc0afa617d4316?s=96&d=mm&r=g","caption":"Prubs214s"},"url":"https:\/\/m2camper.com\/pt\/author\/prubs214s\/"}]}},"_links":{"self":[{"href":"https:\/\/m2camper.com\/pt\/wp-json\/wp\/v2\/posts\/13560","targetHints":{"allow":["GET"]}}],"collection":[{"href":"https:\/\/m2camper.com\/pt\/wp-json\/wp\/v2\/posts"}],"about":[{"href":"https:\/\/m2camper.com\/pt\/wp-json\/wp\/v2\/types\/post"}],"author":[{"embeddable":true,"href":"https:\/\/m2camper.com\/pt\/wp-json\/wp\/v2\/users\/5741"}],"replies":[{"embeddable":true,"href":"https:\/\/m2camper.com\/pt\/wp-json\/wp\/v2\/comments?post=13560"}],"version-history":[{"count":4,"href":"https:\/\/m2camper.com\/pt\/wp-json\/wp\/v2\/posts\/13560\/revisions"}],"predecessor-version":[{"id":13727,"href":"https:\/\/m2camper.com\/pt\/wp-json\/wp\/v2\/posts\/13560\/revisions\/13727"}],"wp:featuredmedia":[{"embeddable":true,"href":"https:\/\/m2camper.com\/pt\/wp-json\/wp\/v2\/media\/13618"}],"wp:attachment":[{"href":"https:\/\/m2camper.com\/pt\/wp-json\/wp\/v2\/media?parent=13560"}],"wp:term":[{"taxonomy":"category","embeddable":true,"href":"https:\/\/m2camper.com\/pt\/wp-json\/wp\/v2\/categories?post=13560"},{"taxonomy":"post_tag","embeddable":true,"href":"https:\/\/m2camper.com\/pt\/wp-json\/wp\/v2\/tags?post=13560"}],"curies":[{"name":"wp","href":"https:\/\/api.w.org\/{rel}","templated":true}]}}