{"id":13496,"date":"2025-04-29T07:09:12","date_gmt":"2025-04-29T07:09:12","guid":{"rendered":"https:\/\/m2camper.com\/?p=13496"},"modified":"2025-05-15T09:41:13","modified_gmt":"2025-05-15T07:41:13","slug":"os-melhores-acessorios-para-complementar-seu-kit-de-camper-van-e-levar-sua-experiencia-para-o-proximo-nivel","status":"publish","type":"post","link":"https:\/\/m2camper.com\/pt\/os-melhores-acessorios-para-complementar-seu-kit-de-camper-van-e-levar-sua-experiencia-para-o-proximo-nivel\/","title":{"rendered":"Os melhores acess\u00f3rios para complementar seu kit de camper van e levar sua experi\u00eancia para o pr\u00f3ximo n\u00edvel."},"content":{"rendered":"<h2 class=\"wp-block-heading has-neve-text-color-color has-text-color has-link-color wp-elements-4af4c1ce12a3d209b972e0e5bc0151d1\">Kit camper van: conforto e funcionalidade<br><\/h2>\n\n\n\n<p class=\"has-neve-text-color-color has-text-color has-link-color wp-elements-5dc65115d92d1c62af6bc837f2cc5a5c\">Acampar n\u00e3o \u00e9 apenas uma tend\u00eancia: \u00e9 um estilo de vida. Para quem opta por viajar livremente, dormir sob as estrelas e acordar de frente para o mar ou no meio da floresta, ter uma boa experi\u00eancia <strong><a href=\"https:\/\/m2camper.com\/pt\/isoladores\/\">kit de camper van <\/a><\/strong>\u00c9 s\u00f3 o come\u00e7o. A verdadeira transforma\u00e7\u00e3o acontece quando voc\u00ea incorpora os acess\u00f3rios certos que elevam seu conforto, funcionalidade e autonomia.<\/p>\n\n\n\n<p>Neste artigo apresentamos os melhores acess\u00f3rios para o seu <strong>kit de camper van<\/strong>Do isolamento t\u00e9rmico blackout aos colch\u00f5es feitos sob medida, incluindo ilumina\u00e7\u00e3o, ventila\u00e7\u00e3o e solu\u00e7\u00f5es de cozinha, este guia ajudar\u00e1 voc\u00ea a aproveitar ao m\u00e1ximo cada canto da sua van.<\/p>\n\n\n<div class=\"wp-block-image\">\n<figure class=\"aligncenter size-large\"><img fetchpriority=\"high\" decoding=\"async\" width=\"1024\" height=\"936\" src=\"https:\/\/m2camper.com\/wp-content\/uploads\/2025\/02\/headerAislantes-1-1024x936.jpg\" alt=\"\" class=\"wp-image-12539\" srcset=\"https:\/\/m2camper.com\/wp-content\/uploads\/2025\/02\/headerAislantes-1-1024x936.jpg 1024w, https:\/\/m2camper.com\/wp-content\/uploads\/2025\/02\/headerAislantes-1-300x274.jpg 300w, https:\/\/m2camper.com\/wp-content\/uploads\/2025\/02\/headerAislantes-1-768x702.jpg 768w, https:\/\/m2camper.com\/wp-content\/uploads\/2025\/02\/headerAislantes-1-1536x1403.jpg 1536w, https:\/\/m2camper.com\/wp-content\/uploads\/2025\/02\/headerAislantes-1-13x12.jpg 13w, https:\/\/m2camper.com\/wp-content\/uploads\/2025\/02\/headerAislantes-1-600x548.jpg 600w, https:\/\/m2camper.com\/wp-content\/uploads\/2025\/02\/headerAislantes-1.jpg 2048w\" sizes=\"(max-width: 1024px) 100vw, 1024px\" \/><\/figure>\n<\/div>\n\n\n<h2 class=\"wp-block-heading has-neve-text-color-color has-text-color has-link-color wp-elements-0b559cd7c053e24ccc86a7d461d655c1\">Conforto essencial para o seu kit camper van: isoladores t\u00e9rmicos blackout e um colch\u00e3o feito sob medida<\/h2>\n\n\n\n<p>Um dos erros mais comuns ao converter um trailer \u00e9 focar apenas na est\u00e9tica ou no mobili\u00e1rio, negligenciando o conforto do dia a dia. No entanto, dois acess\u00f3rios fazem a verdadeira diferen\u00e7a entre uma experi\u00eancia desconfort\u00e1vel e um verdadeiro lar sobre rodas:<\/p>\n\n\n\n<h4 class=\"wp-block-heading has-neve-text-color-color has-text-color has-link-color wp-elements-e22a490b560e904d254f5c13a92e0c78\">Isoladores t\u00e9rmicos blackout: isolamento, escurid\u00e3o e privacidade em um s\u00f3 produto<\/h4>\n\n\n\n<p>Esses acess\u00f3rios multifuncionais s\u00e3o essenciais para manter uma temperatura interna confort\u00e1vel durante todo o ano e permitir que voc\u00ea descanse em total escurid\u00e3o e privacidade. Os modelos mais avan\u00e7ados, como os de 9 camadas oferecidos pela M2 Camper, combinam materiais refletivos, isolamento t\u00e9rmico e propriedades opacas que:<\/p>\n\n\n\n<ul class=\"wp-block-list\">\n<li class=\"has-neve-text-color-color has-text-color has-link-color wp-elements-1c67cafb2677df04a1bdbbaf4e3b1d98\"><strong>Eles bloqueiam o frio no inverno e o calor no ver\u00e3o<\/strong>.<\/li>\n\n\n\n<li class=\"has-neve-text-color-color has-text-color has-link-color wp-elements-a6579f30d411d3047e8c38faafc7f16e\"><strong>Eles reduzem o ru\u00eddo externo<\/strong>, o que melhora significativamente a qualidade do descanso.<\/li>\n\n\n\n<li class=\"has-neve-text-color-color has-text-color has-link-color wp-elements-1d725405e7522d2600e7d68e966fabc9\"><strong>Eles protegem a privacidade<\/strong> dentro da van.<\/li>\n\n\n\n<li class=\"has-neve-text-color-color has-text-color has-link-color wp-elements-f8c343d3017c56f20c4193abb335a9f6\"><strong>Eles escurecem completamente o interior<\/strong>, ideal para dormir melhor ou trabalhar sem ofuscamento.<\/li>\n<\/ul>\n\n\n\n<p>Al\u00e9m disso, como s\u00e3o produtos feitos sob medida, eles se encaixam perfeitamente nas janelas do seu ve\u00edculo, garantindo uma veda\u00e7\u00e3o ideal e instala\u00e7\u00e3o r\u00e1pida, sem a necessidade de ferramentas.<\/p>\n\n\n\n<h4 class=\"wp-block-heading has-neve-text-color-color has-text-color has-link-color wp-elements-56265cfecb40d227e12ad9c4ad1fb27f\">Colch\u00e3o feito sob medida: o descanso que voc\u00ea merece<\/h4>\n\n\n\n<p>Nada estraga mais uma viagem do que uma noite mal dormida. \u00c9 por isso que investir em um colch\u00e3o personalizado para sua campervan \u00e9 uma decis\u00e3o que melhorar\u00e1 sua qualidade de vida desde o primeiro dia.<\/p>\n\n\n\n<p>Os colch\u00f5es M2 Camper s\u00e3o feitos com espuma de alta densidade, oferecendo firmeza e conforto para horas de descanso. Eles tamb\u00e9m contam com capas remov\u00edveis e lav\u00e1veis, projetadas para facilitar a limpeza durante as viagens. Al\u00e9m disso:<\/p>\n\n\n\n<ul class=\"wp-block-list\">\n<li>Eles s\u00e3o projetados especificamente para o modelo da sua van.<\/li>\n\n\n\n<li>Eles podem ser divididos em m\u00f3dulos para facilitar o acesso ao armazenamento abaixo.<\/li>\n\n\n\n<li>Alguns modelos s\u00e3o dobr\u00e1veis ou adapt\u00e1veis a estruturas dobr\u00e1veis.<\/li>\n<\/ul>\n\n\n<div class=\"wp-block-image\">\n<figure class=\"aligncenter size-large\"><img decoding=\"async\" width=\"1024\" height=\"724\" src=\"https:\/\/m2camper.com\/wp-content\/uploads\/2025\/04\/aislantes-para-camper-1-1024x724.jpg\" alt=\"\" class=\"wp-image-13614\" srcset=\"https:\/\/m2camper.com\/wp-content\/uploads\/2025\/04\/aislantes-para-camper-1-1024x724.jpg 1024w, https:\/\/m2camper.com\/wp-content\/uploads\/2025\/04\/aislantes-para-camper-1-300x212.jpg 300w, https:\/\/m2camper.com\/wp-content\/uploads\/2025\/04\/aislantes-para-camper-1-768x543.jpg 768w, https:\/\/m2camper.com\/wp-content\/uploads\/2025\/04\/aislantes-para-camper-1-1536x1086.jpg 1536w, https:\/\/m2camper.com\/wp-content\/uploads\/2025\/04\/aislantes-para-camper-1-18x12.jpg 18w, https:\/\/m2camper.com\/wp-content\/uploads\/2025\/04\/aislantes-para-camper-1-600x424.jpg 600w, https:\/\/m2camper.com\/wp-content\/uploads\/2025\/04\/aislantes-para-camper-1.jpg 2000w\" sizes=\"(max-width: 1024px) 100vw, 1024px\" \/><\/figure>\n<\/div>\n\n\n<h4 class=\"wp-block-heading has-neve-text-color-color has-text-color has-link-color wp-elements-d53927837a20624f4bead689e93123d0\">Claraboias, ventila\u00e7\u00e3o e ilumina\u00e7\u00e3o: melhore a habitabilidade interior da sua van<\/h4>\n\n\n\n<p>Seu trailer n\u00e3o serve apenas para dormir: \u00e9 tamb\u00e9m sua cozinha, sua \u00e1rea de relaxamento e at\u00e9 mesmo seu escrit\u00f3rio. Boa ilumina\u00e7\u00e3o e ventila\u00e7\u00e3o s\u00e3o essenciais para aproveitar este espa\u00e7o durante o dia e \u00e0 noite.<\/p>\n\n\n\n<h5 class=\"wp-block-heading has-neve-text-color-color has-text-color has-link-color wp-elements-9e84306ec007500d4cf884b13742fcb6\">Claraboias com ventila\u00e7\u00e3o<\/h5>\n\n\n\n<p>Eles permitem a circula\u00e7\u00e3o do ar, reduzem a umidade e previnem a condensa\u00e7\u00e3o. Alguns modelos incluem ventiladores embutidos, mosquiteiros e persianas blackout, al\u00e9m de serem alimentados por energia solar ou se conectarem ao sistema auxiliar da van.<\/p>\n\n\n\n<h5 class=\"wp-block-heading has-neve-text-color-color has-text-color has-link-color wp-elements-92205b75255b90114d957f9ac2f1c96c\">Ilumina\u00e7\u00e3o LED quente e eficiente<\/h5>\n\n\n\n<p>Uma boa ilumina\u00e7\u00e3o transforma o ambiente interno. Luzes LED regul\u00e1veis s\u00e3o ideais para criar um ambiente aconchegante, com baixo consumo de energia e adapt\u00e1veis a diferentes atividades: cozinhar, ler, relaxar ou trabalhar.<\/p>\n\n\n\n<h5 class=\"wp-block-heading has-neve-text-color-color has-text-color has-link-color wp-elements-93b284be0d9bbb3dcf8ab04c90c9f08f\">Ventiladores port\u00e1teis<\/h5>\n\n\n\n<p>Se seu or\u00e7amento n\u00e3o permitir uma claraboia de ar for\u00e7ado, ventiladores port\u00e1teis s\u00e3o uma op\u00e7\u00e3o eficaz e acess\u00edvel para melhorar a circula\u00e7\u00e3o de ar dentro de sua casa.<\/p>\n\n\n\n<h4 class=\"wp-block-heading has-neve-text-color-color has-text-color has-link-color wp-elements-d77dabf164d9b76c5c3131b12c0b08af\">Cozinha, ordem e solu\u00e7\u00f5es pr\u00e1ticas: funcionalidade sobre rodas<\/h4>\n\n\n\n<p>Viajar de van significa viver em um espa\u00e7o pequeno, ent\u00e3o todos os acess\u00f3rios devem ser pr\u00e1ticos, leves e f\u00e1ceis de usar. Aqui est\u00e3o alguns itens essenciais:<\/p>\n\n\n\n<h5 class=\"wp-block-heading has-neve-text-color-color has-text-color has-link-color wp-elements-258333a44a0939b81352b47a8c4b467c\">Fog\u00f5es port\u00e1teis a g\u00e1s ou de indu\u00e7\u00e3o<\/h5>\n\n\n\n<p>Ideais para quem n\u00e3o deseja uma instala\u00e7\u00e3o permanente. Funcionam com cartuchos de g\u00e1s descart\u00e1veis ou com conex\u00e3o el\u00e9trica de 220 V ou 12 V, e muitos v\u00eam em estojos de transporte para f\u00e1cil armazenamento.<\/p>\n\n\n\n<h5 class=\"wp-block-heading has-neve-text-color-color has-text-color has-link-color wp-elements-758f81b8b030069101497a1f492f730c\">Sistema b\u00e1sico de \u00e1gua<\/h5>\n\n\n\n<p>Uma pia compacta com tanques para \u00e1gua limpa e residual, juntamente com uma bomba de 12 V e torneira retr\u00e1til, permite que voc\u00ea cozinhe, limpe e tome banho sem complica\u00e7\u00f5es.<\/p>\n\n\n\n<h5 class=\"wp-block-heading has-neve-text-color-color has-text-color has-link-color wp-elements-631c9c88a9fe817f5bb1bcae6c41c1ed\">M\u00f3dulos e organizadores<\/h5>\n\n\n\n<p>De m\u00f3veis modulares a caixas dobr\u00e1veis, redes e gavetas com fechamento magn\u00e9tico, h\u00e1 muitas maneiras de manter sua van organizada \u2014 essencial quando cada cent\u00edmetro conta.<\/p>\n\n\n\n<h5 class=\"wp-block-heading has-neve-text-color-color has-text-color has-link-color wp-elements-7be06e09757764a8698e490543ed3e97\">Mesa e cadeiras dobr\u00e1veis<\/h5>\n\n\n\n<p>Perfeito para comer ou trabalhar ao ar livre. Existem modelos ultraleves e dur\u00e1veis que ocupam pouqu\u00edssimo espa\u00e7o quando dobrados.<\/p>\n\n\n\n<h2 class=\"wp-block-heading has-neve-text-color-color has-text-color has-link-color wp-elements-8977cf3cfa5d40f73bc6baf476d1288e\">Seu kit de camper van merece acess\u00f3rios que estejam \u00e0 altura<\/h2>\n\n\n\n<p class=\"has-neve-text-color-color has-text-color has-link-color wp-elements-810ff43fa7a0e59f26a050325aadf512\">Uma boa <strong><a href=\"https:\/\/m2camper.com\/pt\/isoladores\/\">kit de camper van<\/a><\/strong> Transforme seu ve\u00edculo, mas os acess\u00f3rios certos o transformam em um verdadeiro lar sobre rodas. Isolantes t\u00e9rmicos e um colch\u00e3o personalizado n\u00e3o s\u00e3o extras, mas sim elementos essenciais que garantem seu conforto e bem-estar durante toda a viagem.<\/p>\n\n\n\n<p class=\"has-neve-text-color-color has-text-color has-link-color wp-elements-9bf0f981640abe513209bc48eb13f51e\">Em <strong><a href=\"https:\/\/m2camper.com\/pt\/contato\/\">Campista M2<\/a><\/strong> Voc\u00ea encontrar\u00e1 solu\u00e7\u00f5es projetadas para todos os tipos de usu\u00e1rios, de iniciantes a viajantes experientes. Desenvolvemos produtos funcionais e dur\u00e1veis, adaptados a cada modelo de van, aproveitando a experi\u00eancia de quem vivenciou o mundo dos campers.<\/p>\n\n\n\n<p>Pronto para dar o pr\u00f3ximo passo? Melhore sua experi\u00eancia, aumente o conforto e torne cada viagem inesquec\u00edvel. Porque sua van pode ser muito mais do que um meio de transporte: ela pode ser o seu ref\u00fagio perfeito, onde quer que voc\u00ea esteja.<\/p>\n\n\n<div class=\"wp-block-image\">\n<figure class=\"aligncenter size-large\"><img decoding=\"async\" width=\"1024\" height=\"724\" src=\"https:\/\/m2camper.com\/wp-content\/uploads\/2025\/04\/aislantes-termicos-1-1024x724.jpg\" alt=\"\" class=\"wp-image-13616\" srcset=\"https:\/\/m2camper.com\/wp-content\/uploads\/2025\/04\/aislantes-termicos-1-1024x724.jpg 1024w, https:\/\/m2camper.com\/wp-content\/uploads\/2025\/04\/aislantes-termicos-1-300x212.jpg 300w, https:\/\/m2camper.com\/wp-content\/uploads\/2025\/04\/aislantes-termicos-1-768x543.jpg 768w, https:\/\/m2camper.com\/wp-content\/uploads\/2025\/04\/aislantes-termicos-1-1536x1086.jpg 1536w, https:\/\/m2camper.com\/wp-content\/uploads\/2025\/04\/aislantes-termicos-1-18x12.jpg 18w, https:\/\/m2camper.com\/wp-content\/uploads\/2025\/04\/aislantes-termicos-1-600x424.jpg 600w, https:\/\/m2camper.com\/wp-content\/uploads\/2025\/04\/aislantes-termicos-1.jpg 2000w\" sizes=\"(max-width: 1024px) 100vw, 1024px\" \/><\/figure>\n<\/div>","protected":false},"excerpt":{"rendered":"<p>Kit para furgonetas camper: comodidad y funcionalidad La camperizaci\u00f3n no es solo una tendencia: es una forma de vida. Para quienes eligen viajar en libertad, dormir bajo las estrellas y despertar frente al mar o en medio del bosque, contar con un buen kit para furgonetas camper es apenas el comienzo. La verdadera transformaci\u00f3n ocurre&hellip;&nbsp;<a href=\"https:\/\/m2camper.com\/pt\/os-melhores-acessorios-para-complementar-seu-kit-de-camper-van-e-levar-sua-experiencia-para-o-proximo-nivel\/\" rel=\"bookmark\">Ler mais &raquo;<span class=\"screen-reader-text\">Os melhores acess\u00f3rios para complementar seu kit de camper van e levar sua experi\u00eancia para o pr\u00f3ximo n\u00edvel.<\/span><\/a><\/p>","protected":false},"author":5741,"featured_media":13607,"comment_status":"closed","ping_status":"closed","sticky":false,"template":"","format":"standard","meta":{"neve_meta_sidebar":"","neve_meta_container":"","neve_meta_enable_content_width":"","neve_meta_content_width":0,"neve_meta_title_alignment":"","neve_meta_author_avatar":"","neve_post_elements_order":"","neve_meta_disable_header":"","neve_meta_disable_footer":"","neve_meta_disable_title":"","footnotes":""},"categories":[204],"tags":[205],"class_list":["post-13496","post","type-post","status-publish","format-standard","has-post-thumbnail","hentry","category-kit-para-furgonetas-camper","tag-kit-para-furgonetas-camper"],"yoast_head":"<!-- This site is optimized with the Yoast SEO plugin v27.5 - https:\/\/yoast.com\/product\/yoast-seo-wordpress\/ -->\n<title>Los mejores accesorios para complementar tu kit para furgonetas camper y llevar tu experiencia al siguiente nivel - M2 Camper | Aislantes t\u00e9rmicos y oscurecedores para campers<\/title>\n<meta name=\"robots\" content=\"index, follow, max-snippet:-1, max-image-preview:large, max-video-preview:-1\" \/>\n<link rel=\"canonical\" href=\"https:\/\/m2camper.com\/pt\/os-melhores-acessorios-para-complementar-seu-kit-de-camper-van-e-levar-sua-experiencia-para-o-proximo-nivel\/\" \/>\n<meta property=\"og:locale\" content=\"pt_PT\" \/>\n<meta property=\"og:type\" content=\"article\" \/>\n<meta property=\"og:title\" content=\"Los mejores accesorios para complementar tu kit para furgonetas camper y llevar tu experiencia al siguiente nivel - M2 Camper | Aislantes t\u00e9rmicos y oscurecedores para campers\" \/>\n<meta property=\"og:description\" content=\"Kit para furgonetas camper: comodidad y funcionalidad La camperizaci\u00f3n no es solo una tendencia: es una forma de vida. Para quienes eligen viajar en libertad, dormir bajo las estrellas y despertar frente al mar o en medio del bosque, contar con un buen kit para furgonetas camper es apenas el comienzo. La verdadera transformaci\u00f3n ocurre&hellip;&nbsp;Ler mais &raquo;Los mejores accesorios para complementar tu kit para furgonetas camper y llevar tu experiencia al siguiente nivel\" \/>\n<meta property=\"og:url\" content=\"https:\/\/m2camper.com\/pt\/os-melhores-acessorios-para-complementar-seu-kit-de-camper-van-e-levar-sua-experiencia-para-o-proximo-nivel\/\" \/>\n<meta property=\"og:site_name\" content=\"M2 Camper | Aislantes t\u00e9rmicos y oscurecedores para campers\" \/>\n<meta property=\"article:published_time\" content=\"2025-04-29T07:09:12+00:00\" \/>\n<meta property=\"article:modified_time\" content=\"2025-05-15T07:41:13+00:00\" \/>\n<meta property=\"og:image\" content=\"https:\/\/m2camper.com\/wp-content\/uploads\/2025\/04\/aislantes-para-camper.jpg\" \/>\n\t<meta property=\"og:image:width\" content=\"2000\" \/>\n\t<meta property=\"og:image:height\" content=\"1414\" \/>\n\t<meta property=\"og:image:type\" content=\"image\/jpeg\" \/>\n<meta name=\"author\" content=\"Prubs214s\" \/>\n<meta name=\"twitter:card\" content=\"summary_large_image\" \/>\n<meta name=\"twitter:label1\" content=\"Escrito por\" \/>\n\t<meta name=\"twitter:data1\" content=\"Prubs214s\" \/>\n\t<meta name=\"twitter:label2\" content=\"Tempo estimado de leitura\" \/>\n\t<meta name=\"twitter:data2\" content=\"5 minutos\" \/>\n<script type=\"application\/ld+json\" class=\"yoast-schema-graph\">{\"@context\":\"https:\\\/\\\/schema.org\",\"@graph\":[{\"@type\":\"Article\",\"@id\":\"https:\\\/\\\/m2camper.com\\\/los-mejores-accesorios-para-complementar-tu-kit-para-furgonetas-camper-y-llevar-tu-experiencia-al-siguiente-nivel\\\/#article\",\"isPartOf\":{\"@id\":\"https:\\\/\\\/m2camper.com\\\/los-mejores-accesorios-para-complementar-tu-kit-para-furgonetas-camper-y-llevar-tu-experiencia-al-siguiente-nivel\\\/\"},\"author\":{\"name\":\"Prubs214s\",\"@id\":\"https:\\\/\\\/m2camper.com\\\/pt\\\/#\\\/schema\\\/person\\\/ad1e681f60b2e23c9b88a93e6d3feab3\"},\"headline\":\"Los mejores accesorios para complementar tu kit para furgonetas camper y llevar tu experiencia al siguiente nivel\",\"datePublished\":\"2025-04-29T07:09:12+00:00\",\"dateModified\":\"2025-05-15T07:41:13+00:00\",\"mainEntityOfPage\":{\"@id\":\"https:\\\/\\\/m2camper.com\\\/los-mejores-accesorios-para-complementar-tu-kit-para-furgonetas-camper-y-llevar-tu-experiencia-al-siguiente-nivel\\\/\"},\"wordCount\":941,\"image\":{\"@id\":\"https:\\\/\\\/m2camper.com\\\/los-mejores-accesorios-para-complementar-tu-kit-para-furgonetas-camper-y-llevar-tu-experiencia-al-siguiente-nivel\\\/#primaryimage\"},\"thumbnailUrl\":\"https:\\\/\\\/m2camper.com\\\/wp-content\\\/uploads\\\/2025\\\/04\\\/aislantes-para-camper.jpg\",\"keywords\":[\"kit para furgonetas camper\"],\"articleSection\":[\"kit para furgonetas camper\"],\"inLanguage\":\"pt-PT\"},{\"@type\":\"WebPage\",\"@id\":\"https:\\\/\\\/m2camper.com\\\/los-mejores-accesorios-para-complementar-tu-kit-para-furgonetas-camper-y-llevar-tu-experiencia-al-siguiente-nivel\\\/\",\"url\":\"https:\\\/\\\/m2camper.com\\\/los-mejores-accesorios-para-complementar-tu-kit-para-furgonetas-camper-y-llevar-tu-experiencia-al-siguiente-nivel\\\/\",\"name\":\"Los mejores accesorios para complementar tu kit para furgonetas camper y llevar tu experiencia al siguiente nivel - M2 Camper | Aislantes t\u00e9rmicos y oscurecedores para campers\",\"isPartOf\":{\"@id\":\"https:\\\/\\\/m2camper.com\\\/pt\\\/#website\"},\"primaryImageOfPage\":{\"@id\":\"https:\\\/\\\/m2camper.com\\\/los-mejores-accesorios-para-complementar-tu-kit-para-furgonetas-camper-y-llevar-tu-experiencia-al-siguiente-nivel\\\/#primaryimage\"},\"image\":{\"@id\":\"https:\\\/\\\/m2camper.com\\\/los-mejores-accesorios-para-complementar-tu-kit-para-furgonetas-camper-y-llevar-tu-experiencia-al-siguiente-nivel\\\/#primaryimage\"},\"thumbnailUrl\":\"https:\\\/\\\/m2camper.com\\\/wp-content\\\/uploads\\\/2025\\\/04\\\/aislantes-para-camper.jpg\",\"datePublished\":\"2025-04-29T07:09:12+00:00\",\"dateModified\":\"2025-05-15T07:41:13+00:00\",\"author\":{\"@id\":\"https:\\\/\\\/m2camper.com\\\/pt\\\/#\\\/schema\\\/person\\\/ad1e681f60b2e23c9b88a93e6d3feab3\"},\"breadcrumb\":{\"@id\":\"https:\\\/\\\/m2camper.com\\\/los-mejores-accesorios-para-complementar-tu-kit-para-furgonetas-camper-y-llevar-tu-experiencia-al-siguiente-nivel\\\/#breadcrumb\"},\"inLanguage\":\"pt-PT\",\"potentialAction\":[{\"@type\":\"ReadAction\",\"target\":[\"https:\\\/\\\/m2camper.com\\\/los-mejores-accesorios-para-complementar-tu-kit-para-furgonetas-camper-y-llevar-tu-experiencia-al-siguiente-nivel\\\/\"]}]},{\"@type\":\"ImageObject\",\"inLanguage\":\"pt-PT\",\"@id\":\"https:\\\/\\\/m2camper.com\\\/los-mejores-accesorios-para-complementar-tu-kit-para-furgonetas-camper-y-llevar-tu-experiencia-al-siguiente-nivel\\\/#primaryimage\",\"url\":\"https:\\\/\\\/m2camper.com\\\/wp-content\\\/uploads\\\/2025\\\/04\\\/aislantes-para-camper.jpg\",\"contentUrl\":\"https:\\\/\\\/m2camper.com\\\/wp-content\\\/uploads\\\/2025\\\/04\\\/aislantes-para-camper.jpg\",\"width\":2000,\"height\":1414},{\"@type\":\"BreadcrumbList\",\"@id\":\"https:\\\/\\\/m2camper.com\\\/los-mejores-accesorios-para-complementar-tu-kit-para-furgonetas-camper-y-llevar-tu-experiencia-al-siguiente-nivel\\\/#breadcrumb\",\"itemListElement\":[{\"@type\":\"ListItem\",\"position\":1,\"name\":\"Portada\",\"item\":\"https:\\\/\\\/m2camper.com\\\/pt\\\/\"},{\"@type\":\"ListItem\",\"position\":2,\"name\":\"Los mejores accesorios para complementar tu kit para furgonetas camper y llevar tu experiencia al siguiente nivel\"}]},{\"@type\":\"WebSite\",\"@id\":\"https:\\\/\\\/m2camper.com\\\/pt\\\/#website\",\"url\":\"https:\\\/\\\/m2camper.com\\\/pt\\\/\",\"name\":\"M2 Campers | Aislantes t\u00e9rmicos y oscurecedores para campers\",\"description\":\"Descubre calidad y confort de nuestros aislantes t\u00e9rmicos oscurecedores y colchones para veh\u00edculos. Optimiza tu experiencia en carretera con M2 Camper.\",\"potentialAction\":[{\"@type\":\"SearchAction\",\"target\":{\"@type\":\"EntryPoint\",\"urlTemplate\":\"https:\\\/\\\/m2camper.com\\\/pt\\\/?s={search_term_string}\"},\"query-input\":{\"@type\":\"PropertyValueSpecification\",\"valueRequired\":true,\"valueName\":\"search_term_string\"}}],\"inLanguage\":\"pt-PT\"},{\"@type\":\"Person\",\"@id\":\"https:\\\/\\\/m2camper.com\\\/pt\\\/#\\\/schema\\\/person\\\/ad1e681f60b2e23c9b88a93e6d3feab3\",\"name\":\"Prubs214s\",\"image\":{\"@type\":\"ImageObject\",\"inLanguage\":\"pt-PT\",\"@id\":\"https:\\\/\\\/secure.gravatar.com\\\/avatar\\\/74706914812c3b473b95a5253410b33d71c50bf5f0d5423532bc0afa617d4316?s=96&d=mm&r=g\",\"url\":\"https:\\\/\\\/secure.gravatar.com\\\/avatar\\\/74706914812c3b473b95a5253410b33d71c50bf5f0d5423532bc0afa617d4316?s=96&d=mm&r=g\",\"contentUrl\":\"https:\\\/\\\/secure.gravatar.com\\\/avatar\\\/74706914812c3b473b95a5253410b33d71c50bf5f0d5423532bc0afa617d4316?s=96&d=mm&r=g\",\"caption\":\"Prubs214s\"},\"url\":\"https:\\\/\\\/m2camper.com\\\/pt\\\/author\\\/prubs214s\\\/\"}]}<\/script>\n<!-- \/ Yoast SEO plugin. -->","yoast_head_json":{"title":"Os melhores acess\u00f3rios para complementar o seu kit de campervan e levar a sua experi\u00eancia para o pr\u00f3ximo n\u00edvel - M2 Camper | Isolamento t\u00e9rmico e blackouts para campers","robots":{"index":"index","follow":"follow","max-snippet":"max-snippet:-1","max-image-preview":"max-image-preview:large","max-video-preview":"max-video-preview:-1"},"canonical":"https:\/\/m2camper.com\/pt\/os-melhores-acessorios-para-complementar-seu-kit-de-camper-van-e-levar-sua-experiencia-para-o-proximo-nivel\/","og_locale":"pt_PT","og_type":"article","og_title":"Los mejores accesorios para complementar tu kit para furgonetas camper y llevar tu experiencia al siguiente nivel - M2 Camper | Aislantes t\u00e9rmicos y oscurecedores para campers","og_description":"Kit para furgonetas camper: comodidad y funcionalidad La camperizaci\u00f3n no es solo una tendencia: es una forma de vida. Para quienes eligen viajar en libertad, dormir bajo las estrellas y despertar frente al mar o en medio del bosque, contar con un buen kit para furgonetas camper es apenas el comienzo. La verdadera transformaci\u00f3n ocurre&hellip;&nbsp;Ler mais &raquo;Los mejores accesorios para complementar tu kit para furgonetas camper y llevar tu experiencia al siguiente nivel","og_url":"https:\/\/m2camper.com\/pt\/os-melhores-acessorios-para-complementar-seu-kit-de-camper-van-e-levar-sua-experiencia-para-o-proximo-nivel\/","og_site_name":"M2 Camper | Aislantes t\u00e9rmicos y oscurecedores para campers","article_published_time":"2025-04-29T07:09:12+00:00","article_modified_time":"2025-05-15T07:41:13+00:00","og_image":[{"width":2000,"height":1414,"url":"https:\/\/m2camper.com\/wp-content\/uploads\/2025\/04\/aislantes-para-camper.jpg","type":"image\/jpeg"}],"author":"Prubs214s","twitter_card":"summary_large_image","twitter_misc":{"Escrito por":"Prubs214s","Tempo estimado de leitura":"5 minutos"},"schema":{"@context":"https:\/\/schema.org","@graph":[{"@type":"Article","@id":"https:\/\/m2camper.com\/los-mejores-accesorios-para-complementar-tu-kit-para-furgonetas-camper-y-llevar-tu-experiencia-al-siguiente-nivel\/#article","isPartOf":{"@id":"https:\/\/m2camper.com\/los-mejores-accesorios-para-complementar-tu-kit-para-furgonetas-camper-y-llevar-tu-experiencia-al-siguiente-nivel\/"},"author":{"name":"Prubs214s","@id":"https:\/\/m2camper.com\/pt\/#\/schema\/person\/ad1e681f60b2e23c9b88a93e6d3feab3"},"headline":"Los mejores accesorios para complementar tu kit para furgonetas camper y llevar tu experiencia al siguiente nivel","datePublished":"2025-04-29T07:09:12+00:00","dateModified":"2025-05-15T07:41:13+00:00","mainEntityOfPage":{"@id":"https:\/\/m2camper.com\/los-mejores-accesorios-para-complementar-tu-kit-para-furgonetas-camper-y-llevar-tu-experiencia-al-siguiente-nivel\/"},"wordCount":941,"image":{"@id":"https:\/\/m2camper.com\/los-mejores-accesorios-para-complementar-tu-kit-para-furgonetas-camper-y-llevar-tu-experiencia-al-siguiente-nivel\/#primaryimage"},"thumbnailUrl":"https:\/\/m2camper.com\/wp-content\/uploads\/2025\/04\/aislantes-para-camper.jpg","keywords":["kit para furgonetas camper"],"articleSection":["kit para furgonetas camper"],"inLanguage":"pt-PT"},{"@type":"WebPage","@id":"https:\/\/m2camper.com\/los-mejores-accesorios-para-complementar-tu-kit-para-furgonetas-camper-y-llevar-tu-experiencia-al-siguiente-nivel\/","url":"https:\/\/m2camper.com\/los-mejores-accesorios-para-complementar-tu-kit-para-furgonetas-camper-y-llevar-tu-experiencia-al-siguiente-nivel\/","name":"Os melhores acess\u00f3rios para complementar o seu kit de campervan e levar a sua experi\u00eancia para o pr\u00f3ximo n\u00edvel - M2 Camper | Isolamento t\u00e9rmico e blackouts para campers","isPartOf":{"@id":"https:\/\/m2camper.com\/pt\/#website"},"primaryImageOfPage":{"@id":"https:\/\/m2camper.com\/los-mejores-accesorios-para-complementar-tu-kit-para-furgonetas-camper-y-llevar-tu-experiencia-al-siguiente-nivel\/#primaryimage"},"image":{"@id":"https:\/\/m2camper.com\/los-mejores-accesorios-para-complementar-tu-kit-para-furgonetas-camper-y-llevar-tu-experiencia-al-siguiente-nivel\/#primaryimage"},"thumbnailUrl":"https:\/\/m2camper.com\/wp-content\/uploads\/2025\/04\/aislantes-para-camper.jpg","datePublished":"2025-04-29T07:09:12+00:00","dateModified":"2025-05-15T07:41:13+00:00","author":{"@id":"https:\/\/m2camper.com\/pt\/#\/schema\/person\/ad1e681f60b2e23c9b88a93e6d3feab3"},"breadcrumb":{"@id":"https:\/\/m2camper.com\/los-mejores-accesorios-para-complementar-tu-kit-para-furgonetas-camper-y-llevar-tu-experiencia-al-siguiente-nivel\/#breadcrumb"},"inLanguage":"pt-PT","potentialAction":[{"@type":"ReadAction","target":["https:\/\/m2camper.com\/los-mejores-accesorios-para-complementar-tu-kit-para-furgonetas-camper-y-llevar-tu-experiencia-al-siguiente-nivel\/"]}]},{"@type":"ImageObject","inLanguage":"pt-PT","@id":"https:\/\/m2camper.com\/los-mejores-accesorios-para-complementar-tu-kit-para-furgonetas-camper-y-llevar-tu-experiencia-al-siguiente-nivel\/#primaryimage","url":"https:\/\/m2camper.com\/wp-content\/uploads\/2025\/04\/aislantes-para-camper.jpg","contentUrl":"https:\/\/m2camper.com\/wp-content\/uploads\/2025\/04\/aislantes-para-camper.jpg","width":2000,"height":1414},{"@type":"BreadcrumbList","@id":"https:\/\/m2camper.com\/los-mejores-accesorios-para-complementar-tu-kit-para-furgonetas-camper-y-llevar-tu-experiencia-al-siguiente-nivel\/#breadcrumb","itemListElement":[{"@type":"ListItem","position":1,"name":"Portada","item":"https:\/\/m2camper.com\/pt\/"},{"@type":"ListItem","position":2,"name":"Los mejores accesorios para complementar tu kit para furgonetas camper y llevar tu experiencia al siguiente nivel"}]},{"@type":"WebSite","@id":"https:\/\/m2camper.com\/pt\/#website","url":"https:\/\/m2camper.com\/pt\/","name":"M2 Campers | Isolamento t\u00e9rmico e blackouts para campistas","description":"Descubra a qualidade e o conforto do nosso isolamento t\u00e9rmico blackout e dos nossos colch\u00f5es para ve\u00edculos. Otimize sua experi\u00eancia de viagem com a M2 Camper.","potentialAction":[{"@type":"SearchAction","target":{"@type":"EntryPoint","urlTemplate":"https:\/\/m2camper.com\/pt\/?s={search_term_string}"},"query-input":{"@type":"PropertyValueSpecification","valueRequired":true,"valueName":"search_term_string"}}],"inLanguage":"pt-PT"},{"@type":"Person","@id":"https:\/\/m2camper.com\/pt\/#\/schema\/person\/ad1e681f60b2e23c9b88a93e6d3feab3","name":"Prubs214s","image":{"@type":"ImageObject","inLanguage":"pt-PT","@id":"https:\/\/secure.gravatar.com\/avatar\/74706914812c3b473b95a5253410b33d71c50bf5f0d5423532bc0afa617d4316?s=96&d=mm&r=g","url":"https:\/\/secure.gravatar.com\/avatar\/74706914812c3b473b95a5253410b33d71c50bf5f0d5423532bc0afa617d4316?s=96&d=mm&r=g","contentUrl":"https:\/\/secure.gravatar.com\/avatar\/74706914812c3b473b95a5253410b33d71c50bf5f0d5423532bc0afa617d4316?s=96&d=mm&r=g","caption":"Prubs214s"},"url":"https:\/\/m2camper.com\/pt\/author\/prubs214s\/"}]}},"_links":{"self":[{"href":"https:\/\/m2camper.com\/pt\/wp-json\/wp\/v2\/posts\/13496","targetHints":{"allow":["GET"]}}],"collection":[{"href":"https:\/\/m2camper.com\/pt\/wp-json\/wp\/v2\/posts"}],"about":[{"href":"https:\/\/m2camper.com\/pt\/wp-json\/wp\/v2\/types\/post"}],"author":[{"embeddable":true,"href":"https:\/\/m2camper.com\/pt\/wp-json\/wp\/v2\/users\/5741"}],"replies":[{"embeddable":true,"href":"https:\/\/m2camper.com\/pt\/wp-json\/wp\/v2\/comments?post=13496"}],"version-history":[{"count":7,"href":"https:\/\/m2camper.com\/pt\/wp-json\/wp\/v2\/posts\/13496\/revisions"}],"predecessor-version":[{"id":13632,"href":"https:\/\/m2camper.com\/pt\/wp-json\/wp\/v2\/posts\/13496\/revisions\/13632"}],"wp:featuredmedia":[{"embeddable":true,"href":"https:\/\/m2camper.com\/pt\/wp-json\/wp\/v2\/media\/13607"}],"wp:attachment":[{"href":"https:\/\/m2camper.com\/pt\/wp-json\/wp\/v2\/media?parent=13496"}],"wp:term":[{"taxonomy":"category","embeddable":true,"href":"https:\/\/m2camper.com\/pt\/wp-json\/wp\/v2\/categories?post=13496"},{"taxonomy":"post_tag","embeddable":true,"href":"https:\/\/m2camper.com\/pt\/wp-json\/wp\/v2\/tags?post=13496"}],"curies":[{"name":"wp","href":"https:\/\/api.w.org\/{rel}","templated":true}]}}