{"id":11577,"date":"2024-07-28T08:20:27","date_gmt":"2024-07-28T08:20:27","guid":{"rendered":"https:\/\/ultbit.com\/m2camper\/?p=11577"},"modified":"2025-02-07T08:22:04","modified_gmt":"2025-02-07T08:22:04","slug":"a-importancia-dos-isoladores-termicos-blackout-da-m2camper-para-janelas-de-veiculos-dura","status":"publish","type":"post","link":"https:\/\/m2camper.com\/pt\/a-importancia-dos-isoladores-termicos-blackout-da-m2camper-para-janelas-de-veiculos-dura\/","title":{"rendered":"A import\u00e2ncia do isolamento t\u00e9rmico blackout M2camper para janelas de ve\u00edculos durante as f\u00e9rias"},"content":{"rendered":"<div data-breakout=\"normal\">\n<h4 id=\"viewer-8iirp541\" class=\"UQERr scQlf WGebp jTM--\" dir=\"auto\"><span class=\"hpUmk\" style=\"color: #000000;\">M\u00e1ximo conforto e efici\u00eancia energ\u00e9tica em suas aventuras<\/span><\/h4>\n<\/div>\n<div data-breakout=\"normal\">\n<p id=\"viewer-xodce543\" class=\"cqfST cQRuq WGebp jTM--\" dir=\"auto\"><span class=\"_61ACD\">Quando se trata de aproveitar ao m\u00e1ximo suas f\u00e9rias em um trailer, conforto e efici\u00eancia energ\u00e9tica s\u00e3o essenciais. Os blackouts t\u00e9rmicos para janelas da M2camper s\u00e3o a solu\u00e7\u00e3o ideal para manter seu ve\u00edculo fresco em dias quentes e aquecido em noites frias, proporcionando um ambiente agrad\u00e1vel independentemente das condi\u00e7\u00f5es externas.<\/span><\/p>\n<\/div>\n<div data-breakout=\"normal\">\n<h4 id=\"viewer-iq7oc545\" class=\"UQERr scQlf WGebp jTM--\" dir=\"auto\"><span class=\"hpUmk\" style=\"color: #000000;\">Prote\u00e7\u00e3o contra o calor<\/span><\/h4>\n<\/div>\n<div data-breakout=\"normal\">\n<p id=\"viewer-08jph547\" class=\"cqfST cQRuq WGebp jTM--\" dir=\"auto\"><span class=\"_61ACD\">Durante o ver\u00e3o, os ve\u00edculos podem se transformar em verdadeiros fornos sob o sol. Nossos isolantes t\u00e9rmicos blackout s\u00e3o projetados para refletir o calor solar, reduzindo significativamente a temperatura interna. Isso n\u00e3o s\u00f3 melhora o conforto, como tamb\u00e9m ajuda a reduzir a carga do sistema de ar-condicionado, economizando energia e prolongando a vida \u00fatil dos seus aparelhos.<\/span><\/p>\n<\/div>\n<div data-breakout=\"normal\">\n<div id=\"viewer-zg5hv629\" class=\"KqKMh\">\n<div class=\"_7T4Uc\">\n<figure class=\"P29V1\">\n<div class=\"CuIEU\" tabindex=\"0\" role=\"button\" data-hook=\"imageViewer\" aria-haspopup=\"true\">\n<div id=\"zg5hv629\" class=\"KfAFF ApRDe _84uzj\"><img decoding=\"async\" class=\"aligncenter\" draggable=\"false\" src=\"https:\/\/static.wixstatic.com\/media\/60c9aa_ddee50f88fcc4e54aa686ffebb1d10ba~mv2.jpg\/v1\/fill\/w_531,h_346,al_c,q_80,usm_0.66_1.00_0.01,enc_avif,quality_auto\/60c9aa_ddee50f88fcc4e54aa686ffebb1d10ba~mv2.jpg\" alt=\"isoladores de blackout t\u00e9rmico\" data-pin-url=\"https:\/\/m2camper.com\/post\/la-importancia-de-los-aislantes-termicos-oscurecedores-de-m2camper-para-ventanas-de-veh\u00edculos-duran\" data-pin-media=\"https:\/\/static.wixstatic.com\/media\/60c9aa_ddee50f88fcc4e54aa686ffebb1d10ba~mv2.jpg\/v1\/fill\/w_1469,h_956,al_c,q_85\/60c9aa_ddee50f88fcc4e54aa686ffebb1d10ba~mv2.jpg\" data-ssr-src-done=\"true\" data-load-done=\"\" \/><\/div>\n<\/div>\n<\/figure>\n<\/div>\n<\/div>\n<\/div>\n<div data-hook=\"rcv-block8\"><\/div>\n<div data-breakout=\"normal\">\n<h4 id=\"viewer-ng9jz1050\" class=\"UQERr scQlf WGebp jTM--\" dir=\"auto\"><span class=\"hpUmk\" style=\"color: #000000;\">Blackout para um melhor descanso<\/span><\/h4>\n<\/div>\n<div data-breakout=\"normal\">\n<p id=\"viewer-2mzg21052\" class=\"cqfST cQRuq WGebp jTM--\" dir=\"auto\"><span class=\"_61ACD\">A luz pode ser um inc\u00f4modo quando voc\u00ea est\u00e1 tentando descansar, especialmente em locais com longas horas de sol. Os isoladores t\u00e9rmicos blackout da M2camper proporcionam escurid\u00e3o total, criando o ambiente perfeito para uma boa noite de sono, independentemente da hora do dia. Eles tamb\u00e9m oferecem privacidade adicional, protegendo voc\u00ea de olhares curiosos.<\/span><\/p>\n<\/div>\n<div data-breakout=\"normal\">\n<h4 id=\"viewer-6xlj61054\" class=\"UQERr scQlf WGebp jTM--\" dir=\"auto\"><span class=\"hpUmk\" style=\"color: #000000;\">Benef\u00edcios adicionais<\/span><\/h4>\n<\/div>\n<div data-breakout=\"normal\">\n<ol class=\"xkVfi WGebp\">\n<li class=\"fGYqH\" dir=\"auto\" aria-level=\"1\">\n<p id=\"viewer-eoijx1058\" class=\"cqfST cQRuq WGebp jTM--\" dir=\"\"><span class=\"_61ACD\"><strong>Redu\u00e7\u00e3o de ru\u00eddo<\/strong>Esses isolantes tamb\u00e9m atuam como barreiras ac\u00fasticas, reduzindo o ru\u00eddo externo e criando um espa\u00e7o mais silencioso e relaxante dentro do ve\u00edculo.<\/span><\/p>\n<\/li>\n<li class=\"fGYqH\" dir=\"auto\" aria-level=\"1\">\n<p id=\"viewer-0slgk1062\" class=\"cqfST cQRuq WGebp jTM--\" dir=\"\"><span class=\"_61ACD\"><strong>F\u00e1cil instala\u00e7\u00e3o e armazenamento<\/strong>: Os produtos M2camper s\u00e3o f\u00e1ceis de instalar e remover e podem ser convenientemente armazenados quando n\u00e3o estiverem em uso.<\/span><\/p>\n<\/li>\n<li class=\"fGYqH\" dir=\"auto\" aria-level=\"1\">\n<p id=\"viewer-907f71066\" class=\"cqfST cQRuq WGebp jTM--\" dir=\"\"><span class=\"_61ACD\"><strong>Durabilidade e Qualidade<\/strong>: Feitos com materiais de alta qualidade, nossos isoladores s\u00e3o projetados para durar, resistindo ao desgaste do uso constante e \u00e0s condi\u00e7\u00f5es adversas.<\/span><\/p>\n<\/li>\n<\/ol>\n<\/div>\n<div data-breakout=\"normal\">\n<h4 id=\"viewer-lchhp1069\" class=\"UQERr scQlf WGebp jTM--\" dir=\"auto\"><span class=\"hpUmk\" style=\"color: #000000;\">Ideal para todos os tipos de viagens<\/span><\/h4>\n<\/div>\n<div data-breakout=\"normal\">\n<p id=\"viewer-3t0kq1071\" class=\"cqfST cQRuq WGebp jTM--\" dir=\"auto\"><span class=\"_61ACD\">Quer esteja planejando uma escapada de fim de semana ou uma viagem mais longa, o isolamento t\u00e9rmico blackout da M2camper \u00e9 um investimento que melhorar\u00e1 significativamente sua experi\u00eancia. Mantenha seu ve\u00edculo em \u00f3timas condi\u00e7\u00f5es, proteja seus equipamentos e desfrute de um ambiente confort\u00e1vel em todas as suas aventuras.<\/span><\/p>\n<\/div>\n<div data-breakout=\"normal\">\n<p id=\"viewer-o6pe21073\" class=\"cqfST cQRuq WGebp jTM--\" dir=\"auto\"><span class=\"_61ACD\">\u00c9 por isso que o isolamento t\u00e9rmico blackout \u00e9 t\u00e3o importante. N\u00e3o deixe que o clima estrague suas f\u00e9rias. Opte pelo isolamento t\u00e9rmico blackout para janelas da M2camper e desfrute do verdadeiro conforto em qualquer lugar. Suas viagens nunca mais ser\u00e3o as mesmas!<\/span><\/p>\n<\/div>\n<div data-breakout=\"normal\">\n<div id=\"viewer-1mxsf3606\" class=\"KqKMh\">\n<div class=\"WchXy\">\n<figure class=\"P29V1\">\n<div class=\"CuIEU\" tabindex=\"0\" role=\"button\" data-hook=\"imageViewer\" aria-haspopup=\"true\">\n<div id=\"1mxsf3606\" class=\"KfAFF ApRDe _84uzj\"><img decoding=\"async\" class=\"aligncenter\" draggable=\"false\" src=\"https:\/\/static.wixstatic.com\/media\/60c9aa_5691539a45d64af7a6e22f53b4b2dc13~mv2.jpg\/v1\/fill\/w_334,h_224,al_c,q_80,usm_0.66_1.00_0.01,enc_avif,quality_auto\/60c9aa_5691539a45d64af7a6e22f53b4b2dc13~mv2.jpg\" alt=\"isoladores de van, isoladores de camper, blackouts de van\" data-pin-url=\"https:\/\/m2camper.com\/post\/la-importancia-de-los-aislantes-termicos-oscurecedores-de-m2camper-para-ventanas-de-veh\u00edculos-duran\" data-pin-media=\"https:\/\/static.wixstatic.com\/media\/60c9aa_5691539a45d64af7a6e22f53b4b2dc13~mv2.jpg\/v1\/fill\/w_1007,h_674,al_c,q_85\/60c9aa_5691539a45d64af7a6e22f53b4b2dc13~mv2.jpg\" data-ssr-src-done=\"true\" data-load-done=\"\" \/><\/div>\n<\/div>\n<\/figure>\n<\/div>\n<\/div>\n<\/div>\n<div data-hook=\"rcv-block22\"><\/div>\n<div data-breakout=\"normal\">\n<div id=\"viewer-plw3r3608\" class=\"cqfST cQRuq WGebp jTM--\" dir=\"auto\"><span class=\"_61ACD\">\u00a0<\/span><\/div>\n<\/div>\n<div data-hook=\"rcv-block23\"><\/div>\n<div data-breakout=\"normal\">\n<div id=\"viewer-0935b631\" class=\"cqfST cQRuq WGebp jTM--\" dir=\"auto\"><\/div>\n<\/div>","protected":false},"excerpt":{"rendered":"<p>M\u00e1xima Comodidad y Eficiencia Energ\u00e9tica en tus Aventuras Cuando se trata de disfrutar al m\u00e1ximo de tus vacaciones en tu camper, la comodidad y la eficiencia energ\u00e9tica son factores clave. Los aislantes t\u00e9rmicos oscurecedores para ventanas de M2camper son la soluci\u00f3n ideal para mantener tu veh\u00edculo fresco en los d\u00edas calurosos y c\u00e1lido en las&hellip;&nbsp;<a href=\"https:\/\/m2camper.com\/pt\/a-importancia-dos-isoladores-termicos-blackout-da-m2camper-para-janelas-de-veiculos-dura\/\" rel=\"bookmark\">Ler mais &raquo;<span class=\"screen-reader-text\">A import\u00e2ncia do isolamento t\u00e9rmico blackout M2camper para janelas de ve\u00edculos durante as f\u00e9rias<\/span><\/a><\/p>","protected":false},"author":5740,"featured_media":11579,"comment_status":"open","ping_status":"open","sticky":false,"template":"","format":"standard","meta":{"neve_meta_sidebar":"","neve_meta_container":"","neve_meta_enable_content_width":"off","neve_meta_content_width":70,"neve_meta_title_alignment":"","neve_meta_author_avatar":"","neve_post_elements_order":"","neve_meta_disable_header":"","neve_meta_disable_footer":"","neve_meta_disable_title":"","footnotes":""},"categories":[1],"tags":[],"class_list":["post-11577","post","type-post","status-publish","format-standard","has-post-thumbnail","hentry","category-uncategorized"],"yoast_head":"<!-- This site is optimized with the Yoast SEO plugin v27.4 - https:\/\/yoast.com\/product\/yoast-seo-wordpress\/ -->\n<title>La Importancia de los Aislantes T\u00e9rmicos Oscurecedores de M2camper para Ventanas de Veh\u00edculos Durante las Vacaciones - M2 Camper | Aislantes t\u00e9rmicos y oscurecedores para campers<\/title>\n<meta name=\"robots\" content=\"index, follow, max-snippet:-1, max-image-preview:large, max-video-preview:-1\" \/>\n<link rel=\"canonical\" href=\"https:\/\/m2camper.com\/pt\/a-importancia-dos-isoladores-termicos-blackout-da-m2camper-para-janelas-de-veiculos-dura\/\" \/>\n<meta property=\"og:locale\" content=\"pt_PT\" \/>\n<meta property=\"og:type\" content=\"article\" \/>\n<meta property=\"og:title\" content=\"La Importancia de los Aislantes T\u00e9rmicos Oscurecedores de M2camper para Ventanas de Veh\u00edculos Durante las Vacaciones - M2 Camper | Aislantes t\u00e9rmicos y oscurecedores para campers\" \/>\n<meta property=\"og:description\" content=\"M\u00e1xima Comodidad y Eficiencia Energ\u00e9tica en tus Aventuras Cuando se trata de disfrutar al m\u00e1ximo de tus vacaciones en tu camper, la comodidad y la eficiencia energ\u00e9tica son factores clave. Los aislantes t\u00e9rmicos oscurecedores para ventanas de M2camper son la soluci\u00f3n ideal para mantener tu veh\u00edculo fresco en los d\u00edas calurosos y c\u00e1lido en las&hellip;&nbsp;Ler mais &raquo;La Importancia de los Aislantes T\u00e9rmicos Oscurecedores de M2camper para Ventanas de Veh\u00edculos Durante las Vacaciones\" \/>\n<meta property=\"og:url\" content=\"https:\/\/m2camper.com\/pt\/a-importancia-dos-isoladores-termicos-blackout-da-m2camper-para-janelas-de-veiculos-dura\/\" \/>\n<meta property=\"og:site_name\" content=\"M2 Camper | Aislantes t\u00e9rmicos y oscurecedores para campers\" \/>\n<meta property=\"article:published_time\" content=\"2024-07-28T08:20:27+00:00\" \/>\n<meta property=\"article:modified_time\" content=\"2025-02-07T08:22:04+00:00\" \/>\n<meta property=\"og:image\" content=\"https:\/\/m2camper.com\/wp-content\/uploads\/2025\/02\/60c9aa_cfb5dadbb25f4de0ab2e6a577605f3bemv2.webp\" \/>\n\t<meta property=\"og:image:width\" content=\"454\" \/>\n\t<meta property=\"og:image:height\" content=\"341\" \/>\n\t<meta property=\"og:image:type\" content=\"image\/webp\" \/>\n<meta name=\"author\" content=\"carlos\" \/>\n<meta name=\"twitter:card\" content=\"summary_large_image\" \/>\n<meta name=\"twitter:label1\" content=\"Escrito por\" \/>\n\t<meta name=\"twitter:data1\" content=\"carlos\" \/>\n\t<meta name=\"twitter:label2\" content=\"Tempo estimado de leitura\" \/>\n\t<meta name=\"twitter:data2\" content=\"2 minutos\" \/>\n<script type=\"application\/ld+json\" class=\"yoast-schema-graph\">{\"@context\":\"https:\\\/\\\/schema.org\",\"@graph\":[{\"@type\":\"Article\",\"@id\":\"https:\\\/\\\/m2camper.com\\\/la-importancia-de-los-aislantes-termicos-oscurecedores-de-m2camper-para-ventanas-de-vehiculos-duran\\\/#article\",\"isPartOf\":{\"@id\":\"https:\\\/\\\/m2camper.com\\\/la-importancia-de-los-aislantes-termicos-oscurecedores-de-m2camper-para-ventanas-de-vehiculos-duran\\\/\"},\"author\":{\"name\":\"carlos\",\"@id\":\"https:\\\/\\\/m2camper.com\\\/pt\\\/#\\\/schema\\\/person\\\/d003f4147a0469cbf1c77ba1bebdb1bb\"},\"headline\":\"La Importancia de los Aislantes T\u00e9rmicos Oscurecedores de M2camper para Ventanas de Veh\u00edculos Durante las Vacaciones\",\"datePublished\":\"2024-07-28T08:20:27+00:00\",\"dateModified\":\"2025-02-07T08:22:04+00:00\",\"mainEntityOfPage\":{\"@id\":\"https:\\\/\\\/m2camper.com\\\/la-importancia-de-los-aislantes-termicos-oscurecedores-de-m2camper-para-ventanas-de-vehiculos-duran\\\/\"},\"wordCount\":423,\"commentCount\":0,\"image\":{\"@id\":\"https:\\\/\\\/m2camper.com\\\/la-importancia-de-los-aislantes-termicos-oscurecedores-de-m2camper-para-ventanas-de-vehiculos-duran\\\/#primaryimage\"},\"thumbnailUrl\":\"https:\\\/\\\/m2camper.com\\\/wp-content\\\/uploads\\\/2025\\\/02\\\/60c9aa_cfb5dadbb25f4de0ab2e6a577605f3bemv2.webp\",\"articleSection\":[\"Uncategorized\"],\"inLanguage\":\"pt-PT\",\"potentialAction\":[{\"@type\":\"CommentAction\",\"name\":\"Comment\",\"target\":[\"https:\\\/\\\/m2camper.com\\\/la-importancia-de-los-aislantes-termicos-oscurecedores-de-m2camper-para-ventanas-de-vehiculos-duran\\\/#respond\"]}]},{\"@type\":\"WebPage\",\"@id\":\"https:\\\/\\\/m2camper.com\\\/la-importancia-de-los-aislantes-termicos-oscurecedores-de-m2camper-para-ventanas-de-vehiculos-duran\\\/\",\"url\":\"https:\\\/\\\/m2camper.com\\\/la-importancia-de-los-aislantes-termicos-oscurecedores-de-m2camper-para-ventanas-de-vehiculos-duran\\\/\",\"name\":\"La Importancia de los Aislantes T\u00e9rmicos Oscurecedores de M2camper para Ventanas de Veh\u00edculos Durante las Vacaciones - M2 Camper | Aislantes t\u00e9rmicos y oscurecedores para campers\",\"isPartOf\":{\"@id\":\"https:\\\/\\\/m2camper.com\\\/pt\\\/#website\"},\"primaryImageOfPage\":{\"@id\":\"https:\\\/\\\/m2camper.com\\\/la-importancia-de-los-aislantes-termicos-oscurecedores-de-m2camper-para-ventanas-de-vehiculos-duran\\\/#primaryimage\"},\"image\":{\"@id\":\"https:\\\/\\\/m2camper.com\\\/la-importancia-de-los-aislantes-termicos-oscurecedores-de-m2camper-para-ventanas-de-vehiculos-duran\\\/#primaryimage\"},\"thumbnailUrl\":\"https:\\\/\\\/m2camper.com\\\/wp-content\\\/uploads\\\/2025\\\/02\\\/60c9aa_cfb5dadbb25f4de0ab2e6a577605f3bemv2.webp\",\"datePublished\":\"2024-07-28T08:20:27+00:00\",\"dateModified\":\"2025-02-07T08:22:04+00:00\",\"author\":{\"@id\":\"https:\\\/\\\/m2camper.com\\\/pt\\\/#\\\/schema\\\/person\\\/d003f4147a0469cbf1c77ba1bebdb1bb\"},\"breadcrumb\":{\"@id\":\"https:\\\/\\\/m2camper.com\\\/la-importancia-de-los-aislantes-termicos-oscurecedores-de-m2camper-para-ventanas-de-vehiculos-duran\\\/#breadcrumb\"},\"inLanguage\":\"pt-PT\",\"potentialAction\":[{\"@type\":\"ReadAction\",\"target\":[\"https:\\\/\\\/m2camper.com\\\/la-importancia-de-los-aislantes-termicos-oscurecedores-de-m2camper-para-ventanas-de-vehiculos-duran\\\/\"]}]},{\"@type\":\"ImageObject\",\"inLanguage\":\"pt-PT\",\"@id\":\"https:\\\/\\\/m2camper.com\\\/la-importancia-de-los-aislantes-termicos-oscurecedores-de-m2camper-para-ventanas-de-vehiculos-duran\\\/#primaryimage\",\"url\":\"https:\\\/\\\/m2camper.com\\\/wp-content\\\/uploads\\\/2025\\\/02\\\/60c9aa_cfb5dadbb25f4de0ab2e6a577605f3bemv2.webp\",\"contentUrl\":\"https:\\\/\\\/m2camper.com\\\/wp-content\\\/uploads\\\/2025\\\/02\\\/60c9aa_cfb5dadbb25f4de0ab2e6a577605f3bemv2.webp\",\"width\":454,\"height\":341},{\"@type\":\"BreadcrumbList\",\"@id\":\"https:\\\/\\\/m2camper.com\\\/la-importancia-de-los-aislantes-termicos-oscurecedores-de-m2camper-para-ventanas-de-vehiculos-duran\\\/#breadcrumb\",\"itemListElement\":[{\"@type\":\"ListItem\",\"position\":1,\"name\":\"Portada\",\"item\":\"https:\\\/\\\/m2camper.com\\\/pt\\\/\"},{\"@type\":\"ListItem\",\"position\":2,\"name\":\"La Importancia de los Aislantes T\u00e9rmicos Oscurecedores de M2camper para Ventanas de Veh\u00edculos Durante las Vacaciones\"}]},{\"@type\":\"WebSite\",\"@id\":\"https:\\\/\\\/m2camper.com\\\/pt\\\/#website\",\"url\":\"https:\\\/\\\/m2camper.com\\\/pt\\\/\",\"name\":\"M2 Campers | Aislantes t\u00e9rmicos y oscurecedores para campers\",\"description\":\"Descubre calidad y confort de nuestros aislantes t\u00e9rmicos oscurecedores y colchones para veh\u00edculos. Optimiza tu experiencia en carretera con M2 Camper.\",\"potentialAction\":[{\"@type\":\"SearchAction\",\"target\":{\"@type\":\"EntryPoint\",\"urlTemplate\":\"https:\\\/\\\/m2camper.com\\\/pt\\\/?s={search_term_string}\"},\"query-input\":{\"@type\":\"PropertyValueSpecification\",\"valueRequired\":true,\"valueName\":\"search_term_string\"}}],\"inLanguage\":\"pt-PT\"},{\"@type\":\"Person\",\"@id\":\"https:\\\/\\\/m2camper.com\\\/pt\\\/#\\\/schema\\\/person\\\/d003f4147a0469cbf1c77ba1bebdb1bb\",\"name\":\"carlos\",\"image\":{\"@type\":\"ImageObject\",\"inLanguage\":\"pt-PT\",\"@id\":\"https:\\\/\\\/secure.gravatar.com\\\/avatar\\\/ab10b60551e807f6b37d54bb09e40bc41b08e3828d46504634ad6f35da1b46dc?s=96&d=mm&r=g\",\"url\":\"https:\\\/\\\/secure.gravatar.com\\\/avatar\\\/ab10b60551e807f6b37d54bb09e40bc41b08e3828d46504634ad6f35da1b46dc?s=96&d=mm&r=g\",\"contentUrl\":\"https:\\\/\\\/secure.gravatar.com\\\/avatar\\\/ab10b60551e807f6b37d54bb09e40bc41b08e3828d46504634ad6f35da1b46dc?s=96&d=mm&r=g\",\"caption\":\"carlos\"},\"url\":\"https:\\\/\\\/m2camper.com\\\/pt\\\/author\\\/carlos\\\/\"}]}<\/script>\n<!-- \/ Yoast SEO plugin. -->","yoast_head_json":{"title":"A import\u00e2ncia do isolamento t\u00e9rmico blackout M2camper para janelas de ve\u00edculos durante as f\u00e9rias - M2 Camper | Isolamento t\u00e9rmico e blackouts para campistas","robots":{"index":"index","follow":"follow","max-snippet":"max-snippet:-1","max-image-preview":"max-image-preview:large","max-video-preview":"max-video-preview:-1"},"canonical":"https:\/\/m2camper.com\/pt\/a-importancia-dos-isoladores-termicos-blackout-da-m2camper-para-janelas-de-veiculos-dura\/","og_locale":"pt_PT","og_type":"article","og_title":"La Importancia de los Aislantes T\u00e9rmicos Oscurecedores de M2camper para Ventanas de Veh\u00edculos Durante las Vacaciones - M2 Camper | Aislantes t\u00e9rmicos y oscurecedores para campers","og_description":"M\u00e1xima Comodidad y Eficiencia Energ\u00e9tica en tus Aventuras Cuando se trata de disfrutar al m\u00e1ximo de tus vacaciones en tu camper, la comodidad y la eficiencia energ\u00e9tica son factores clave. Los aislantes t\u00e9rmicos oscurecedores para ventanas de M2camper son la soluci\u00f3n ideal para mantener tu veh\u00edculo fresco en los d\u00edas calurosos y c\u00e1lido en las&hellip;&nbsp;Ler mais &raquo;La Importancia de los Aislantes T\u00e9rmicos Oscurecedores de M2camper para Ventanas de Veh\u00edculos Durante las Vacaciones","og_url":"https:\/\/m2camper.com\/pt\/a-importancia-dos-isoladores-termicos-blackout-da-m2camper-para-janelas-de-veiculos-dura\/","og_site_name":"M2 Camper | Aislantes t\u00e9rmicos y oscurecedores para campers","article_published_time":"2024-07-28T08:20:27+00:00","article_modified_time":"2025-02-07T08:22:04+00:00","og_image":[{"width":454,"height":341,"url":"https:\/\/m2camper.com\/wp-content\/uploads\/2025\/02\/60c9aa_cfb5dadbb25f4de0ab2e6a577605f3bemv2.webp","type":"image\/webp"}],"author":"carlos","twitter_card":"summary_large_image","twitter_misc":{"Escrito por":"carlos","Tempo estimado de leitura":"2 minutos"},"schema":{"@context":"https:\/\/schema.org","@graph":[{"@type":"Article","@id":"https:\/\/m2camper.com\/la-importancia-de-los-aislantes-termicos-oscurecedores-de-m2camper-para-ventanas-de-vehiculos-duran\/#article","isPartOf":{"@id":"https:\/\/m2camper.com\/la-importancia-de-los-aislantes-termicos-oscurecedores-de-m2camper-para-ventanas-de-vehiculos-duran\/"},"author":{"name":"carlos","@id":"https:\/\/m2camper.com\/pt\/#\/schema\/person\/d003f4147a0469cbf1c77ba1bebdb1bb"},"headline":"La Importancia de los Aislantes T\u00e9rmicos Oscurecedores de M2camper para Ventanas de Veh\u00edculos Durante las Vacaciones","datePublished":"2024-07-28T08:20:27+00:00","dateModified":"2025-02-07T08:22:04+00:00","mainEntityOfPage":{"@id":"https:\/\/m2camper.com\/la-importancia-de-los-aislantes-termicos-oscurecedores-de-m2camper-para-ventanas-de-vehiculos-duran\/"},"wordCount":423,"commentCount":0,"image":{"@id":"https:\/\/m2camper.com\/la-importancia-de-los-aislantes-termicos-oscurecedores-de-m2camper-para-ventanas-de-vehiculos-duran\/#primaryimage"},"thumbnailUrl":"https:\/\/m2camper.com\/wp-content\/uploads\/2025\/02\/60c9aa_cfb5dadbb25f4de0ab2e6a577605f3bemv2.webp","articleSection":["Uncategorized"],"inLanguage":"pt-PT","potentialAction":[{"@type":"CommentAction","name":"Comment","target":["https:\/\/m2camper.com\/la-importancia-de-los-aislantes-termicos-oscurecedores-de-m2camper-para-ventanas-de-vehiculos-duran\/#respond"]}]},{"@type":"WebPage","@id":"https:\/\/m2camper.com\/la-importancia-de-los-aislantes-termicos-oscurecedores-de-m2camper-para-ventanas-de-vehiculos-duran\/","url":"https:\/\/m2camper.com\/la-importancia-de-los-aislantes-termicos-oscurecedores-de-m2camper-para-ventanas-de-vehiculos-duran\/","name":"A import\u00e2ncia do isolamento t\u00e9rmico blackout M2camper para janelas de ve\u00edculos durante as f\u00e9rias - M2 Camper | Isolamento t\u00e9rmico e blackouts para campistas","isPartOf":{"@id":"https:\/\/m2camper.com\/pt\/#website"},"primaryImageOfPage":{"@id":"https:\/\/m2camper.com\/la-importancia-de-los-aislantes-termicos-oscurecedores-de-m2camper-para-ventanas-de-vehiculos-duran\/#primaryimage"},"image":{"@id":"https:\/\/m2camper.com\/la-importancia-de-los-aislantes-termicos-oscurecedores-de-m2camper-para-ventanas-de-vehiculos-duran\/#primaryimage"},"thumbnailUrl":"https:\/\/m2camper.com\/wp-content\/uploads\/2025\/02\/60c9aa_cfb5dadbb25f4de0ab2e6a577605f3bemv2.webp","datePublished":"2024-07-28T08:20:27+00:00","dateModified":"2025-02-07T08:22:04+00:00","author":{"@id":"https:\/\/m2camper.com\/pt\/#\/schema\/person\/d003f4147a0469cbf1c77ba1bebdb1bb"},"breadcrumb":{"@id":"https:\/\/m2camper.com\/la-importancia-de-los-aislantes-termicos-oscurecedores-de-m2camper-para-ventanas-de-vehiculos-duran\/#breadcrumb"},"inLanguage":"pt-PT","potentialAction":[{"@type":"ReadAction","target":["https:\/\/m2camper.com\/la-importancia-de-los-aislantes-termicos-oscurecedores-de-m2camper-para-ventanas-de-vehiculos-duran\/"]}]},{"@type":"ImageObject","inLanguage":"pt-PT","@id":"https:\/\/m2camper.com\/la-importancia-de-los-aislantes-termicos-oscurecedores-de-m2camper-para-ventanas-de-vehiculos-duran\/#primaryimage","url":"https:\/\/m2camper.com\/wp-content\/uploads\/2025\/02\/60c9aa_cfb5dadbb25f4de0ab2e6a577605f3bemv2.webp","contentUrl":"https:\/\/m2camper.com\/wp-content\/uploads\/2025\/02\/60c9aa_cfb5dadbb25f4de0ab2e6a577605f3bemv2.webp","width":454,"height":341},{"@type":"BreadcrumbList","@id":"https:\/\/m2camper.com\/la-importancia-de-los-aislantes-termicos-oscurecedores-de-m2camper-para-ventanas-de-vehiculos-duran\/#breadcrumb","itemListElement":[{"@type":"ListItem","position":1,"name":"Portada","item":"https:\/\/m2camper.com\/pt\/"},{"@type":"ListItem","position":2,"name":"La Importancia de los Aislantes T\u00e9rmicos Oscurecedores de M2camper para Ventanas de Veh\u00edculos Durante las Vacaciones"}]},{"@type":"WebSite","@id":"https:\/\/m2camper.com\/pt\/#website","url":"https:\/\/m2camper.com\/pt\/","name":"M2 Campers | Isolamento t\u00e9rmico e blackouts para campistas","description":"Descubra a qualidade e o conforto do nosso isolamento t\u00e9rmico blackout e dos nossos colch\u00f5es para ve\u00edculos. Otimize sua experi\u00eancia de viagem com a M2 Camper.","potentialAction":[{"@type":"SearchAction","target":{"@type":"EntryPoint","urlTemplate":"https:\/\/m2camper.com\/pt\/?s={search_term_string}"},"query-input":{"@type":"PropertyValueSpecification","valueRequired":true,"valueName":"search_term_string"}}],"inLanguage":"pt-PT"},{"@type":"Person","@id":"https:\/\/m2camper.com\/pt\/#\/schema\/person\/d003f4147a0469cbf1c77ba1bebdb1bb","name":"Carlos","image":{"@type":"ImageObject","inLanguage":"pt-PT","@id":"https:\/\/secure.gravatar.com\/avatar\/ab10b60551e807f6b37d54bb09e40bc41b08e3828d46504634ad6f35da1b46dc?s=96&d=mm&r=g","url":"https:\/\/secure.gravatar.com\/avatar\/ab10b60551e807f6b37d54bb09e40bc41b08e3828d46504634ad6f35da1b46dc?s=96&d=mm&r=g","contentUrl":"https:\/\/secure.gravatar.com\/avatar\/ab10b60551e807f6b37d54bb09e40bc41b08e3828d46504634ad6f35da1b46dc?s=96&d=mm&r=g","caption":"carlos"},"url":"https:\/\/m2camper.com\/pt\/author\/carlos\/"}]}},"_links":{"self":[{"href":"https:\/\/m2camper.com\/pt\/wp-json\/wp\/v2\/posts\/11577","targetHints":{"allow":["GET"]}}],"collection":[{"href":"https:\/\/m2camper.com\/pt\/wp-json\/wp\/v2\/posts"}],"about":[{"href":"https:\/\/m2camper.com\/pt\/wp-json\/wp\/v2\/types\/post"}],"author":[{"embeddable":true,"href":"https:\/\/m2camper.com\/pt\/wp-json\/wp\/v2\/users\/5740"}],"replies":[{"embeddable":true,"href":"https:\/\/m2camper.com\/pt\/wp-json\/wp\/v2\/comments?post=11577"}],"version-history":[{"count":2,"href":"https:\/\/m2camper.com\/pt\/wp-json\/wp\/v2\/posts\/11577\/revisions"}],"predecessor-version":[{"id":11580,"href":"https:\/\/m2camper.com\/pt\/wp-json\/wp\/v2\/posts\/11577\/revisions\/11580"}],"wp:featuredmedia":[{"embeddable":true,"href":"https:\/\/m2camper.com\/pt\/wp-json\/wp\/v2\/media\/11579"}],"wp:attachment":[{"href":"https:\/\/m2camper.com\/pt\/wp-json\/wp\/v2\/media?parent=11577"}],"wp:term":[{"taxonomy":"category","embeddable":true,"href":"https:\/\/m2camper.com\/pt\/wp-json\/wp\/v2\/categories?post=11577"},{"taxonomy":"post_tag","embeddable":true,"href":"https:\/\/m2camper.com\/pt\/wp-json\/wp\/v2\/tags?post=11577"}],"curies":[{"name":"wp","href":"https:\/\/api.w.org\/{rel}","templated":true}]}}