{"id":11570,"date":"2024-05-12T11:33:27","date_gmt":"2024-05-12T11:33:27","guid":{"rendered":"https:\/\/ultbit.com\/m2camper\/?p=11570"},"modified":"2025-02-06T12:02:16","modified_gmt":"2025-02-06T12:02:16","slug":"maximize-seu-espaco-colchoes-personalizados-transformam-seu-trailer","status":"publish","type":"post","link":"https:\/\/m2camper.com\/pt\/maximize-seu-espaco-colchoes-personalizados-transformam-seu-trailer\/","title":{"rendered":"Maximize seu espa\u00e7o: colch\u00f5es personalizados transformam seu trailer"},"content":{"rendered":"<div data-breakout=\"normal\">\n<p id=\"viewer-foo\" class=\"cqfST cQRuq WGebp jTM--\" dir=\"auto\"><span class=\"_61ACD\">No mundo dos campers, cada cent\u00edmetro do seu ve\u00edculo \u00e9 precioso. Adaptar um ve\u00edculo para ser um meio de transporte e um lar tempor\u00e1rio confort\u00e1vel \u00e9 uma arte que exige engenhosidade, especialmente quando se trata de aloca\u00e7\u00e3o de espa\u00e7o. Colch\u00f5es personalizados n\u00e3o s\u00e3o apenas uma pe\u00e7a-chave no quebra-cabe\u00e7a do conforto, mas tamb\u00e9m essenciais para um layout interno inteligente do seu camper.<\/span><\/p>\n<\/div>\n<div data-breakout=\"normal\">\n<p id=\"viewer-cjtn749\" class=\"cqfST cQRuq WGebp jTM--\" dir=\"auto\"><span class=\"_61ACD\"><strong>Redesenhando o Interior com Intelig\u00eancia<\/strong><\/span><\/p>\n<\/div>\n<div data-breakout=\"normal\">\n<p id=\"viewer-l0liz51\" class=\"cqfST cQRuq WGebp jTM--\" dir=\"auto\"><span class=\"_61ACD\">Colch\u00f5es personalizados oferecem uma solu\u00e7\u00e3o inovadora n\u00e3o apenas em termos de conforto, mas tamb\u00e9m na otimiza\u00e7\u00e3o de espa\u00e7o. Na M2 Camper, projetamos colch\u00f5es que se adaptam \u00e0s dimens\u00f5es \u00fanicas de cada camper, eliminando o desperd\u00edcio de espa\u00e7o e valorizando cada cent\u00edmetro. Isso abre novas possibilidades para armazenamento, \u00e1reas de conviv\u00eancia e muito mais, transformando seu ve\u00edculo em um espa\u00e7o mais funcional e organizado.<\/span><\/p>\n<\/div>\n<div data-breakout=\"normal\">\n<div id=\"viewer-2djm91480\" class=\"KqKMh\">\n<div class=\"_7T4Uc SkJEB\">\n<figure class=\"P29V1\">\n<div class=\"CuIEU\" tabindex=\"0\" role=\"button\" data-hook=\"imageViewer\" aria-haspopup=\"true\">\n<div id=\"2djm91480\" class=\"KfAFF ApRDe _84uzj\"><img decoding=\"async\" class=\"aligncenter\" draggable=\"false\" src=\"https:\/\/static.wixstatic.com\/media\/60c9aa_34bae4643e154cb5a6b16f920794c861~mv2.jpg\/v1\/fill\/w_350,h_263,al_c,q_80,usm_0.66_1.00_0.01,enc_auto\/60c9aa_34bae4643e154cb5a6b16f920794c861~mv2.jpg\" alt=\"Maximize seu espa\u00e7o com colch\u00f5es feitos sob medida\" data-pin-url=\"https:\/\/m2camper.com\/post\/maximiza-tu-espacio-los-colchones-a-medida-transforman-tu-camper\" data-pin-media=\"https:\/\/static.wixstatic.com\/media\/60c9aa_34bae4643e154cb5a6b16f920794c861~mv2.jpg\/v1\/fill\/w_2048,h_1536,al_c,q_90\/60c9aa_34bae4643e154cb5a6b16f920794c861~mv2.jpg\" data-ssr-src-done=\"true\" data-load-done=\"\" \/><\/div>\n<\/div>\n<\/figure>\n<\/div>\n<\/div>\n<\/div>\n<div data-breakout=\"normal\">\n<p id=\"viewer-m3jib53\" class=\"cqfST cQRuq WGebp jTM--\" dir=\"auto\"><span class=\"_61ACD\"><strong>Funcionalidade estendida al\u00e9m do descanso<\/strong><\/span><\/p>\n<\/div>\n<div data-breakout=\"normal\">\n<p id=\"viewer-r8mcv55\" class=\"cqfST cQRuq WGebp jTM--\" dir=\"auto\"><span class=\"_61ACD\">Um colch\u00e3o personalizado n\u00e3o precisa servir apenas como um lugar para descansar. Com o design certo, ele pode ser parte integrante da sua vida e da sua viagem. Imagine um colch\u00e3o que se transforma em um sof\u00e1 durante o dia ou que inclui compartimentos de armazenamento ocultos embaixo. Essa dupla funcionalidade n\u00e3o s\u00f3 economiza espa\u00e7o, como tamb\u00e9m maximiza a utilidade de todos os c\u00f4modos do seu trailer.<\/span><\/p>\n<\/div>\n<div data-breakout=\"normal\">\n<p id=\"viewer-2nuis57\" class=\"cqfST cQRuq WGebp jTM--\" dir=\"auto\"><span class=\"_61ACD\"><strong>Est\u00e9tica e Conforto em Harmonia<\/strong><\/span><\/p>\n<\/div>\n<div data-breakout=\"normal\">\n<p id=\"viewer-r7rd859\" class=\"cqfST cQRuq WGebp jTM--\" dir=\"auto\"><span class=\"_61ACD\">Al\u00e9m de pr\u00e1ticos, colch\u00f5es personalizados podem contribuir para a est\u00e9tica geral do interior do seu trailer. Ao selecionar materiais e designs que complementem o restante da sua configura\u00e7\u00e3o, voc\u00ea pode criar um ambiente que reflita seu estilo pessoal e aprimore a sensa\u00e7\u00e3o de estar em casa na estrada.<\/span><\/p>\n<\/div>\n<div data-breakout=\"normal\">\n<p id=\"viewer-k5t7l61\" class=\"cqfST cQRuq WGebp jTM--\" dir=\"auto\"><span class=\"_61ACD\"><strong>Sa\u00fade e Ergonomia na Estrada<\/strong><\/span><\/p>\n<\/div>\n<div data-breakout=\"normal\">\n<p id=\"viewer-ipt1c63\" class=\"cqfST cQRuq WGebp jTM--\" dir=\"auto\"><span class=\"_61ACD\">A import\u00e2ncia de uma boa noite de sono n\u00e3o pode ser subestimada, especialmente quando voc\u00ea est\u00e1 viajando. Um colch\u00e3o mal ajustado pode resultar em sono de baixa qualidade, afetando sua sa\u00fade e energia. Colch\u00f5es personalizados, projetados com ergonomia em mente e respaldados pela ci\u00eancia do sono, podem prevenir problemas nas costas e melhorar a qualidade do sono, garantindo que voc\u00ea acorde revigorado e pronto para a aventura todos os dias.<\/span><\/p>\n<\/div>\n<div data-breakout=\"normal\">\n<p id=\"viewer-2dteh65\" class=\"cqfST cQRuq WGebp jTM--\" dir=\"auto\"><span class=\"_61ACD\"><strong>Investimento de longo prazo em seu estilo de vida<\/strong><\/span><\/p>\n<\/div>\n<div data-breakout=\"normal\">\n<p id=\"viewer-fras467\" class=\"cqfST cQRuq WGebp jTM--\" dir=\"auto\"><span class=\"_61ACD\">Escolher um colch\u00e3o personalizado para o seu trailer \u00e9 mais do que uma simples compra; \u00e9 um investimento no seu estilo de vida e nas suas aventuras. Ao escolher um design personalizado que atenda \u00e0s suas necessidades espec\u00edficas, voc\u00ea garante uma solu\u00e7\u00e3o duradoura que o acompanhar\u00e1 em muitas viagens, proporcionando conforto e conveni\u00eancia onde quer que a estrada o leve.<\/span><\/p>\n<\/div>\n<div data-breakout=\"normal\">\n<p id=\"viewer-xf0v369\" class=\"cqfST cQRuq WGebp jTM--\" dir=\"auto\"><span class=\"_61ACD\">Na M2 Camper, acreditamos que um colch\u00e3o personalizado \u00e9 muito mais do que apenas um lugar para dormir. \u00c9 um elemento-chave para transformar seu ve\u00edculo em um lar sobre rodas funcional, confort\u00e1vel e esteticamente agrad\u00e1vel. Ao reinventar o uso deste espa\u00e7o essencial, voc\u00ea n\u00e3o apenas aprimorar\u00e1 sua experi\u00eancia de viagem, como tamb\u00e9m maximizar\u00e1 o potencial do seu trailer. Prepare-se para redescobrir o que significa viajar com conforto e estilo.<\/span><\/p>\n<\/div>\n<div data-breakout=\"normal\">\n<p id=\"viewer-qjl8y1580\" class=\"cqfST cQRuq WGebp jTM--\" dir=\"auto\"><span class=\"_61ACD\"><em>Maximize seu espa\u00e7o com colch\u00f5es personalizados<\/em><\/span><\/p>\n<\/div>\n<div data-breakout=\"normal\">\n<div id=\"viewer-x5h9e1279\" class=\"KqKMh\">\n<div class=\"_7T4Uc SkJEB\">\n<figure class=\"P29V1\">\n<div class=\"CuIEU\" tabindex=\"0\" role=\"button\" data-hook=\"imageViewer\" aria-haspopup=\"true\">\n<div id=\"x5h9e1279\" class=\"KfAFF ApRDe _84uzj\"><img decoding=\"async\" class=\"aligncenter\" draggable=\"false\" src=\"https:\/\/static.wixstatic.com\/media\/60c9aa_a1dc04875e6b46ebb33c7a6c66a4ae76~mv2.jpg\/v1\/fill\/w_350,h_263,al_c,q_80,usm_0.66_1.00_0.01,enc_auto\/60c9aa_a1dc04875e6b46ebb33c7a6c66a4ae76~mv2.jpg\" alt=\"Maximize seu espa\u00e7o com colch\u00f5es feitos sob medida\" data-pin-url=\"https:\/\/m2camper.com\/post\/maximiza-tu-espacio-los-colchones-a-medida-transforman-tu-camper\" data-pin-media=\"https:\/\/static.wixstatic.com\/media\/60c9aa_a1dc04875e6b46ebb33c7a6c66a4ae76~mv2.jpg\/v1\/fill\/w_2048,h_1536,al_c,q_90\/60c9aa_a1dc04875e6b46ebb33c7a6c66a4ae76~mv2.jpg\" data-ssr-src-done=\"true\" data-load-done=\"\" \/><\/div>\n<\/div>\n<\/figure>\n<\/div>\n<\/div>\n<\/div>","protected":false},"excerpt":{"rendered":"<p>En el mundo del camper, cada cent\u00edmetro de tu veh\u00edculo es precioso. Adaptar un veh\u00edculo para que sea tanto un medio de transporte como un c\u00f3modo hogar temporal es un arte que requiere ingenio, especialmente cuando se trata de la distribuci\u00f3n del espacio. Los colchones a medida no solo son una pieza clave en el&hellip;&nbsp;<a href=\"https:\/\/m2camper.com\/pt\/maximize-seu-espaco-colchoes-personalizados-transformam-seu-trailer\/\" rel=\"bookmark\">Ler mais &raquo;<span class=\"screen-reader-text\">Maximize seu espa\u00e7o: colch\u00f5es personalizados transformam seu trailer<\/span><\/a><\/p>","protected":false},"author":5740,"featured_media":11571,"comment_status":"open","ping_status":"open","sticky":false,"template":"","format":"standard","meta":{"neve_meta_sidebar":"","neve_meta_container":"","neve_meta_enable_content_width":"off","neve_meta_content_width":70,"neve_meta_title_alignment":"","neve_meta_author_avatar":"","neve_post_elements_order":"","neve_meta_disable_header":"","neve_meta_disable_footer":"","neve_meta_disable_title":"","footnotes":""},"categories":[1],"tags":[],"class_list":["post-11570","post","type-post","status-publish","format-standard","has-post-thumbnail","hentry","category-uncategorized"],"yoast_head":"<!-- This site is optimized with the Yoast SEO plugin v27.4 - https:\/\/yoast.com\/product\/yoast-seo-wordpress\/ -->\n<title>Maximiza Tu Espacio: Los Colchones a Medida Transforman Tu Camper - M2 Camper | Aislantes t\u00e9rmicos y oscurecedores para campers<\/title>\n<meta name=\"robots\" content=\"index, follow, max-snippet:-1, max-image-preview:large, max-video-preview:-1\" \/>\n<link rel=\"canonical\" href=\"https:\/\/m2camper.com\/pt\/maximize-seu-espaco-colchoes-personalizados-transformam-seu-trailer\/\" \/>\n<meta property=\"og:locale\" content=\"pt_PT\" \/>\n<meta property=\"og:type\" content=\"article\" \/>\n<meta property=\"og:title\" content=\"Maximiza Tu Espacio: Los Colchones a Medida Transforman Tu Camper - M2 Camper | Aislantes t\u00e9rmicos y oscurecedores para campers\" \/>\n<meta property=\"og:description\" content=\"En el mundo del camper, cada cent\u00edmetro de tu veh\u00edculo es precioso. Adaptar un veh\u00edculo para que sea tanto un medio de transporte como un c\u00f3modo hogar temporal es un arte que requiere ingenio, especialmente cuando se trata de la distribuci\u00f3n del espacio. Los colchones a medida no solo son una pieza clave en el&hellip;&nbsp;Ler mais &raquo;Maximiza Tu Espacio: Los Colchones a Medida Transforman Tu Camper\" \/>\n<meta property=\"og:url\" content=\"https:\/\/m2camper.com\/pt\/maximize-seu-espaco-colchoes-personalizados-transformam-seu-trailer\/\" \/>\n<meta property=\"og:site_name\" content=\"M2 Camper | Aislantes t\u00e9rmicos y oscurecedores para campers\" \/>\n<meta property=\"article:published_time\" content=\"2024-05-12T11:33:27+00:00\" \/>\n<meta property=\"article:modified_time\" content=\"2025-02-06T12:02:16+00:00\" \/>\n<meta property=\"og:image\" content=\"https:\/\/m2camper.com\/wp-content\/uploads\/2025\/02\/60c9aa_ed4c7456bc2048a29bcb737eed9d9e05mv2.webp\" \/>\n\t<meta property=\"og:image:width\" content=\"454\" \/>\n\t<meta property=\"og:image:height\" content=\"341\" \/>\n\t<meta property=\"og:image:type\" content=\"image\/webp\" \/>\n<meta name=\"author\" content=\"carlos\" \/>\n<meta name=\"twitter:card\" content=\"summary_large_image\" \/>\n<meta name=\"twitter:label1\" content=\"Escrito por\" \/>\n\t<meta name=\"twitter:data1\" content=\"carlos\" \/>\n\t<meta name=\"twitter:label2\" content=\"Tempo estimado de leitura\" \/>\n\t<meta name=\"twitter:data2\" content=\"3 minutos\" \/>\n<script type=\"application\/ld+json\" class=\"yoast-schema-graph\">{\"@context\":\"https:\\\/\\\/schema.org\",\"@graph\":[{\"@type\":\"Article\",\"@id\":\"https:\\\/\\\/m2camper.com\\\/maximiza-tu-espacio-los-colchones-a-medida-transforman-tu-camper\\\/#article\",\"isPartOf\":{\"@id\":\"https:\\\/\\\/m2camper.com\\\/maximiza-tu-espacio-los-colchones-a-medida-transforman-tu-camper\\\/\"},\"author\":{\"name\":\"carlos\",\"@id\":\"https:\\\/\\\/m2camper.com\\\/pt\\\/#\\\/schema\\\/person\\\/d003f4147a0469cbf1c77ba1bebdb1bb\"},\"headline\":\"Maximiza Tu Espacio: Los Colchones a Medida Transforman Tu Camper\",\"datePublished\":\"2024-05-12T11:33:27+00:00\",\"dateModified\":\"2025-02-06T12:02:16+00:00\",\"mainEntityOfPage\":{\"@id\":\"https:\\\/\\\/m2camper.com\\\/maximiza-tu-espacio-los-colchones-a-medida-transforman-tu-camper\\\/\"},\"wordCount\":568,\"commentCount\":0,\"image\":{\"@id\":\"https:\\\/\\\/m2camper.com\\\/maximiza-tu-espacio-los-colchones-a-medida-transforman-tu-camper\\\/#primaryimage\"},\"thumbnailUrl\":\"https:\\\/\\\/m2camper.com\\\/wp-content\\\/uploads\\\/2025\\\/02\\\/60c9aa_ed4c7456bc2048a29bcb737eed9d9e05mv2.webp\",\"articleSection\":[\"Uncategorized\"],\"inLanguage\":\"pt-PT\",\"potentialAction\":[{\"@type\":\"CommentAction\",\"name\":\"Comment\",\"target\":[\"https:\\\/\\\/m2camper.com\\\/maximiza-tu-espacio-los-colchones-a-medida-transforman-tu-camper\\\/#respond\"]}]},{\"@type\":\"WebPage\",\"@id\":\"https:\\\/\\\/m2camper.com\\\/maximiza-tu-espacio-los-colchones-a-medida-transforman-tu-camper\\\/\",\"url\":\"https:\\\/\\\/m2camper.com\\\/maximiza-tu-espacio-los-colchones-a-medida-transforman-tu-camper\\\/\",\"name\":\"Maximiza Tu Espacio: Los Colchones a Medida Transforman Tu Camper - M2 Camper | Aislantes t\u00e9rmicos y oscurecedores para campers\",\"isPartOf\":{\"@id\":\"https:\\\/\\\/m2camper.com\\\/pt\\\/#website\"},\"primaryImageOfPage\":{\"@id\":\"https:\\\/\\\/m2camper.com\\\/maximiza-tu-espacio-los-colchones-a-medida-transforman-tu-camper\\\/#primaryimage\"},\"image\":{\"@id\":\"https:\\\/\\\/m2camper.com\\\/maximiza-tu-espacio-los-colchones-a-medida-transforman-tu-camper\\\/#primaryimage\"},\"thumbnailUrl\":\"https:\\\/\\\/m2camper.com\\\/wp-content\\\/uploads\\\/2025\\\/02\\\/60c9aa_ed4c7456bc2048a29bcb737eed9d9e05mv2.webp\",\"datePublished\":\"2024-05-12T11:33:27+00:00\",\"dateModified\":\"2025-02-06T12:02:16+00:00\",\"author\":{\"@id\":\"https:\\\/\\\/m2camper.com\\\/pt\\\/#\\\/schema\\\/person\\\/d003f4147a0469cbf1c77ba1bebdb1bb\"},\"breadcrumb\":{\"@id\":\"https:\\\/\\\/m2camper.com\\\/maximiza-tu-espacio-los-colchones-a-medida-transforman-tu-camper\\\/#breadcrumb\"},\"inLanguage\":\"pt-PT\",\"potentialAction\":[{\"@type\":\"ReadAction\",\"target\":[\"https:\\\/\\\/m2camper.com\\\/maximiza-tu-espacio-los-colchones-a-medida-transforman-tu-camper\\\/\"]}]},{\"@type\":\"ImageObject\",\"inLanguage\":\"pt-PT\",\"@id\":\"https:\\\/\\\/m2camper.com\\\/maximiza-tu-espacio-los-colchones-a-medida-transforman-tu-camper\\\/#primaryimage\",\"url\":\"https:\\\/\\\/m2camper.com\\\/wp-content\\\/uploads\\\/2025\\\/02\\\/60c9aa_ed4c7456bc2048a29bcb737eed9d9e05mv2.webp\",\"contentUrl\":\"https:\\\/\\\/m2camper.com\\\/wp-content\\\/uploads\\\/2025\\\/02\\\/60c9aa_ed4c7456bc2048a29bcb737eed9d9e05mv2.webp\",\"width\":454,\"height\":341},{\"@type\":\"BreadcrumbList\",\"@id\":\"https:\\\/\\\/m2camper.com\\\/maximiza-tu-espacio-los-colchones-a-medida-transforman-tu-camper\\\/#breadcrumb\",\"itemListElement\":[{\"@type\":\"ListItem\",\"position\":1,\"name\":\"Portada\",\"item\":\"https:\\\/\\\/m2camper.com\\\/pt\\\/\"},{\"@type\":\"ListItem\",\"position\":2,\"name\":\"Maximiza Tu Espacio: Los Colchones a Medida Transforman Tu Camper\"}]},{\"@type\":\"WebSite\",\"@id\":\"https:\\\/\\\/m2camper.com\\\/pt\\\/#website\",\"url\":\"https:\\\/\\\/m2camper.com\\\/pt\\\/\",\"name\":\"M2 Campers | Aislantes t\u00e9rmicos y oscurecedores para campers\",\"description\":\"Descubre calidad y confort de nuestros aislantes t\u00e9rmicos oscurecedores y colchones para veh\u00edculos. Optimiza tu experiencia en carretera con M2 Camper.\",\"potentialAction\":[{\"@type\":\"SearchAction\",\"target\":{\"@type\":\"EntryPoint\",\"urlTemplate\":\"https:\\\/\\\/m2camper.com\\\/pt\\\/?s={search_term_string}\"},\"query-input\":{\"@type\":\"PropertyValueSpecification\",\"valueRequired\":true,\"valueName\":\"search_term_string\"}}],\"inLanguage\":\"pt-PT\"},{\"@type\":\"Person\",\"@id\":\"https:\\\/\\\/m2camper.com\\\/pt\\\/#\\\/schema\\\/person\\\/d003f4147a0469cbf1c77ba1bebdb1bb\",\"name\":\"carlos\",\"image\":{\"@type\":\"ImageObject\",\"inLanguage\":\"pt-PT\",\"@id\":\"https:\\\/\\\/secure.gravatar.com\\\/avatar\\\/ab10b60551e807f6b37d54bb09e40bc41b08e3828d46504634ad6f35da1b46dc?s=96&d=mm&r=g\",\"url\":\"https:\\\/\\\/secure.gravatar.com\\\/avatar\\\/ab10b60551e807f6b37d54bb09e40bc41b08e3828d46504634ad6f35da1b46dc?s=96&d=mm&r=g\",\"contentUrl\":\"https:\\\/\\\/secure.gravatar.com\\\/avatar\\\/ab10b60551e807f6b37d54bb09e40bc41b08e3828d46504634ad6f35da1b46dc?s=96&d=mm&r=g\",\"caption\":\"carlos\"},\"url\":\"https:\\\/\\\/m2camper.com\\\/pt\\\/author\\\/carlos\\\/\"}]}<\/script>\n<!-- \/ Yoast SEO plugin. -->","yoast_head_json":{"title":"Maximize seu espa\u00e7o: colch\u00f5es personalizados transformam seu trailer - M2 Camper | Isolamento t\u00e9rmico e blackouts para trailers","robots":{"index":"index","follow":"follow","max-snippet":"max-snippet:-1","max-image-preview":"max-image-preview:large","max-video-preview":"max-video-preview:-1"},"canonical":"https:\/\/m2camper.com\/pt\/maximize-seu-espaco-colchoes-personalizados-transformam-seu-trailer\/","og_locale":"pt_PT","og_type":"article","og_title":"Maximiza Tu Espacio: Los Colchones a Medida Transforman Tu Camper - M2 Camper | Aislantes t\u00e9rmicos y oscurecedores para campers","og_description":"En el mundo del camper, cada cent\u00edmetro de tu veh\u00edculo es precioso. Adaptar un veh\u00edculo para que sea tanto un medio de transporte como un c\u00f3modo hogar temporal es un arte que requiere ingenio, especialmente cuando se trata de la distribuci\u00f3n del espacio. Los colchones a medida no solo son una pieza clave en el&hellip;&nbsp;Ler mais &raquo;Maximiza Tu Espacio: Los Colchones a Medida Transforman Tu Camper","og_url":"https:\/\/m2camper.com\/pt\/maximize-seu-espaco-colchoes-personalizados-transformam-seu-trailer\/","og_site_name":"M2 Camper | Aislantes t\u00e9rmicos y oscurecedores para campers","article_published_time":"2024-05-12T11:33:27+00:00","article_modified_time":"2025-02-06T12:02:16+00:00","og_image":[{"width":454,"height":341,"url":"https:\/\/m2camper.com\/wp-content\/uploads\/2025\/02\/60c9aa_ed4c7456bc2048a29bcb737eed9d9e05mv2.webp","type":"image\/webp"}],"author":"carlos","twitter_card":"summary_large_image","twitter_misc":{"Escrito por":"carlos","Tempo estimado de leitura":"3 minutos"},"schema":{"@context":"https:\/\/schema.org","@graph":[{"@type":"Article","@id":"https:\/\/m2camper.com\/maximiza-tu-espacio-los-colchones-a-medida-transforman-tu-camper\/#article","isPartOf":{"@id":"https:\/\/m2camper.com\/maximiza-tu-espacio-los-colchones-a-medida-transforman-tu-camper\/"},"author":{"name":"carlos","@id":"https:\/\/m2camper.com\/pt\/#\/schema\/person\/d003f4147a0469cbf1c77ba1bebdb1bb"},"headline":"Maximiza Tu Espacio: Los Colchones a Medida Transforman Tu Camper","datePublished":"2024-05-12T11:33:27+00:00","dateModified":"2025-02-06T12:02:16+00:00","mainEntityOfPage":{"@id":"https:\/\/m2camper.com\/maximiza-tu-espacio-los-colchones-a-medida-transforman-tu-camper\/"},"wordCount":568,"commentCount":0,"image":{"@id":"https:\/\/m2camper.com\/maximiza-tu-espacio-los-colchones-a-medida-transforman-tu-camper\/#primaryimage"},"thumbnailUrl":"https:\/\/m2camper.com\/wp-content\/uploads\/2025\/02\/60c9aa_ed4c7456bc2048a29bcb737eed9d9e05mv2.webp","articleSection":["Uncategorized"],"inLanguage":"pt-PT","potentialAction":[{"@type":"CommentAction","name":"Comment","target":["https:\/\/m2camper.com\/maximiza-tu-espacio-los-colchones-a-medida-transforman-tu-camper\/#respond"]}]},{"@type":"WebPage","@id":"https:\/\/m2camper.com\/maximiza-tu-espacio-los-colchones-a-medida-transforman-tu-camper\/","url":"https:\/\/m2camper.com\/maximiza-tu-espacio-los-colchones-a-medida-transforman-tu-camper\/","name":"Maximize seu espa\u00e7o: colch\u00f5es personalizados transformam seu trailer - M2 Camper | Isolamento t\u00e9rmico e blackouts para trailers","isPartOf":{"@id":"https:\/\/m2camper.com\/pt\/#website"},"primaryImageOfPage":{"@id":"https:\/\/m2camper.com\/maximiza-tu-espacio-los-colchones-a-medida-transforman-tu-camper\/#primaryimage"},"image":{"@id":"https:\/\/m2camper.com\/maximiza-tu-espacio-los-colchones-a-medida-transforman-tu-camper\/#primaryimage"},"thumbnailUrl":"https:\/\/m2camper.com\/wp-content\/uploads\/2025\/02\/60c9aa_ed4c7456bc2048a29bcb737eed9d9e05mv2.webp","datePublished":"2024-05-12T11:33:27+00:00","dateModified":"2025-02-06T12:02:16+00:00","author":{"@id":"https:\/\/m2camper.com\/pt\/#\/schema\/person\/d003f4147a0469cbf1c77ba1bebdb1bb"},"breadcrumb":{"@id":"https:\/\/m2camper.com\/maximiza-tu-espacio-los-colchones-a-medida-transforman-tu-camper\/#breadcrumb"},"inLanguage":"pt-PT","potentialAction":[{"@type":"ReadAction","target":["https:\/\/m2camper.com\/maximiza-tu-espacio-los-colchones-a-medida-transforman-tu-camper\/"]}]},{"@type":"ImageObject","inLanguage":"pt-PT","@id":"https:\/\/m2camper.com\/maximiza-tu-espacio-los-colchones-a-medida-transforman-tu-camper\/#primaryimage","url":"https:\/\/m2camper.com\/wp-content\/uploads\/2025\/02\/60c9aa_ed4c7456bc2048a29bcb737eed9d9e05mv2.webp","contentUrl":"https:\/\/m2camper.com\/wp-content\/uploads\/2025\/02\/60c9aa_ed4c7456bc2048a29bcb737eed9d9e05mv2.webp","width":454,"height":341},{"@type":"BreadcrumbList","@id":"https:\/\/m2camper.com\/maximiza-tu-espacio-los-colchones-a-medida-transforman-tu-camper\/#breadcrumb","itemListElement":[{"@type":"ListItem","position":1,"name":"Portada","item":"https:\/\/m2camper.com\/pt\/"},{"@type":"ListItem","position":2,"name":"Maximiza Tu Espacio: Los Colchones a Medida Transforman Tu Camper"}]},{"@type":"WebSite","@id":"https:\/\/m2camper.com\/pt\/#website","url":"https:\/\/m2camper.com\/pt\/","name":"M2 Campers | Isolamento t\u00e9rmico e blackouts para campistas","description":"Descubra a qualidade e o conforto do nosso isolamento t\u00e9rmico blackout e dos nossos colch\u00f5es para ve\u00edculos. Otimize sua experi\u00eancia de viagem com a M2 Camper.","potentialAction":[{"@type":"SearchAction","target":{"@type":"EntryPoint","urlTemplate":"https:\/\/m2camper.com\/pt\/?s={search_term_string}"},"query-input":{"@type":"PropertyValueSpecification","valueRequired":true,"valueName":"search_term_string"}}],"inLanguage":"pt-PT"},{"@type":"Person","@id":"https:\/\/m2camper.com\/pt\/#\/schema\/person\/d003f4147a0469cbf1c77ba1bebdb1bb","name":"Carlos","image":{"@type":"ImageObject","inLanguage":"pt-PT","@id":"https:\/\/secure.gravatar.com\/avatar\/ab10b60551e807f6b37d54bb09e40bc41b08e3828d46504634ad6f35da1b46dc?s=96&d=mm&r=g","url":"https:\/\/secure.gravatar.com\/avatar\/ab10b60551e807f6b37d54bb09e40bc41b08e3828d46504634ad6f35da1b46dc?s=96&d=mm&r=g","contentUrl":"https:\/\/secure.gravatar.com\/avatar\/ab10b60551e807f6b37d54bb09e40bc41b08e3828d46504634ad6f35da1b46dc?s=96&d=mm&r=g","caption":"carlos"},"url":"https:\/\/m2camper.com\/pt\/author\/carlos\/"}]}},"_links":{"self":[{"href":"https:\/\/m2camper.com\/pt\/wp-json\/wp\/v2\/posts\/11570","targetHints":{"allow":["GET"]}}],"collection":[{"href":"https:\/\/m2camper.com\/pt\/wp-json\/wp\/v2\/posts"}],"about":[{"href":"https:\/\/m2camper.com\/pt\/wp-json\/wp\/v2\/types\/post"}],"author":[{"embeddable":true,"href":"https:\/\/m2camper.com\/pt\/wp-json\/wp\/v2\/users\/5740"}],"replies":[{"embeddable":true,"href":"https:\/\/m2camper.com\/pt\/wp-json\/wp\/v2\/comments?post=11570"}],"version-history":[{"count":2,"href":"https:\/\/m2camper.com\/pt\/wp-json\/wp\/v2\/posts\/11570\/revisions"}],"predecessor-version":[{"id":11573,"href":"https:\/\/m2camper.com\/pt\/wp-json\/wp\/v2\/posts\/11570\/revisions\/11573"}],"wp:featuredmedia":[{"embeddable":true,"href":"https:\/\/m2camper.com\/pt\/wp-json\/wp\/v2\/media\/11571"}],"wp:attachment":[{"href":"https:\/\/m2camper.com\/pt\/wp-json\/wp\/v2\/media?parent=11570"}],"wp:term":[{"taxonomy":"category","embeddable":true,"href":"https:\/\/m2camper.com\/pt\/wp-json\/wp\/v2\/categories?post=11570"},{"taxonomy":"post_tag","embeddable":true,"href":"https:\/\/m2camper.com\/pt\/wp-json\/wp\/v2\/tags?post=11570"}],"curies":[{"name":"wp","href":"https:\/\/api.w.org\/{rel}","templated":true}]}}