{"id":11566,"date":"2024-04-12T11:11:56","date_gmt":"2024-04-12T11:11:56","guid":{"rendered":"https:\/\/ultbit.com\/m2camper\/?p=11566"},"modified":"2025-02-06T11:12:13","modified_gmt":"2025-02-06T11:12:13","slug":"isoladores-termicos-personalizados-para-veiculos","status":"publish","type":"post","link":"https:\/\/m2camper.com\/pt\/isoladores-termicos-personalizados-para-veiculos\/","title":{"rendered":"Maximize o conforto e a efici\u00eancia: blackouts de isolamento t\u00e9rmico personalizados para todos os tipos de ve\u00edculos"},"content":{"rendered":"<div data-breakout=\"normal\">\n<p id=\"viewer-foo\" class=\"cqfST cQRuq WGebp jTM--\" dir=\"auto\"><span class=\"_61ACD\">Cansado de subir em um forno a lenha nos dias quentes de ver\u00e3o? Ou talvez se incomode com a falta de privacidade ao estacionar seu ve\u00edculo na rua?<\/span><\/p>\n<\/div>\n<div data-breakout=\"normal\">\n<p id=\"viewer-p48fe1611\" class=\"cqfST cQRuq WGebp jTM--\" dir=\"auto\"><span class=\"_61ACD\">N\u00e3o se preocupe mais!<\/span><\/p>\n<\/div>\n<div data-breakout=\"normal\">\n<p id=\"viewer-uzzil1621\" class=\"cqfST cQRuq WGebp jTM--\" dir=\"auto\"><span class=\"_61ACD\">Com os isoladores t\u00e9rmicos blackout feitos sob medida pela M2camper, voc\u00ea pode dizer adeus a esses inconvenientes e desfrutar de uma viagem mais confort\u00e1vel e segura em qualquer ve\u00edculo que voc\u00ea dirigir.<\/span><\/p>\n<\/div>\n<div data-breakout=\"normal\">\n<p id=\"viewer-pdwsa45\" class=\"cqfST cQRuq WGebp jTM--\" dir=\"auto\"><span class=\"_61ACD\">Em nossa era de alta tecnologia e mobilidade constante, \u00e9 essencial garantir que nossos ve\u00edculos sejam n\u00e3o apenas confort\u00e1veis, mas tamb\u00e9m energeticamente eficientes. Nossos isoladores t\u00e9rmicos blackout desempenham um papel crucial nesse sentido, ajudando a manter uma temperatura interna ideal e protegendo o interior do ve\u00edculo da radia\u00e7\u00e3o solar excessiva.<\/span><\/p>\n<\/div>\n<div data-breakout=\"normal\">\n<p id=\"viewer-t092d47\" class=\"cqfST cQRuq WGebp jTM--\" dir=\"auto\"><span class=\"_61ACD\">A chave para aproveitar ao m\u00e1ximo esses isoladores est\u00e1 na sua personaliza\u00e7\u00e3o. Nem todos os ve\u00edculos s\u00e3o iguais, portanto, uma abordagem \u00fanica n\u00e3o funciona. \u00c9 aqui que entra a import\u00e2ncia de personaliz\u00e1-los. Ao optar por isoladores t\u00e9rmicos blackout projetados especificamente para o seu modelo de ve\u00edculo, voc\u00ea pode ter certeza de que eles se encaixar\u00e3o perfeitamente nas suas janelas, bloqueando efetivamente o calor e a luz solar indesejada.<\/span><\/p>\n<\/div>\n<div data-breakout=\"normal\">\n<p id=\"viewer-w03hc49\" class=\"cqfST cQRuq WGebp jTM--\" dir=\"auto\"><span class=\"_61ACD\">A personaliza\u00e7\u00e3o n\u00e3o s\u00f3 melhora a efici\u00eancia do isolamento, como tamb\u00e9m garante um visual elegante e aerodin\u00e2mico. Esque\u00e7a os isoladores gen\u00e9ricos pendurados desajeitadamente nas janelas; com os isoladores personalizados da M2camper, voc\u00ea obt\u00e9m um acabamento limpo e profissional que complementa a est\u00e9tica do seu ve\u00edculo.<\/span><\/p>\n<\/div>\n<div data-breakout=\"normal\">\n<p id=\"viewer-do07c51\" class=\"cqfST cQRuq WGebp jTM--\" dir=\"auto\"><span class=\"_61ACD\">Al\u00e9m de proporcionar conforto t\u00e9rmico, nossos isoladores t\u00e9rmicos blackout personalizados tamb\u00e9m oferecem benef\u00edcios adicionais, como maior privacidade e prote\u00e7\u00e3o contra os raios UV nocivos. Seja estacionado na rua ou percorrendo longas dist\u00e2ncias sob o sol escaldante, voc\u00ea desfrutar\u00e1 de um ambiente interno mais fresco e confort\u00e1vel, al\u00e9m de maior tranquilidade.<\/span><\/p>\n<\/div>\n<div data-breakout=\"normal\">\n<p id=\"viewer-ke86k53\" class=\"cqfST cQRuq WGebp jTM--\" dir=\"auto\"><span class=\"_61ACD\">Resumindo, investir em nossos isoladores blackout personalizados \u00e9 uma decis\u00e3o inteligente para qualquer propriet\u00e1rio de ve\u00edculo preocupado com seu conforto e efici\u00eancia. Seja um sed\u00e3 elegante, um SUV robusto ou um esportivo \u00e1gil, a personaliza\u00e7\u00e3o garante que voc\u00ea aproveite ao m\u00e1ximo seus isoladores. Portanto, proteja-se do calor do ver\u00e3o e do brilho do sol com nossos isoladores blackout projetados especificamente para voc\u00ea e seu ve\u00edculo. Seu conforto e seu bolso agradecer\u00e3o!<\/span><\/p>\n<\/div>\n<div data-breakout=\"normal\">\n<div id=\"viewer-n47lw494\" class=\"KqKMh\">\n<div class=\"eK2xv\">\n<figure class=\"P29V1\">\n<div class=\"CuIEU\" tabindex=\"0\" role=\"button\" data-hook=\"imageViewer\" aria-haspopup=\"true\">\n<div id=\"n47lw494\" class=\"KfAFF ApRDe _84uzj\"><img decoding=\"async\" draggable=\"false\" src=\"https:\/\/static.wixstatic.com\/media\/60c9aa_2385c1dfe64746ae84947b5e225dc513~mv2.jpg\/v1\/fill\/w_449,h_337,al_c,q_80,usm_0.66_1.00_0.01,enc_auto\/60c9aa_2385c1dfe64746ae84947b5e225dc513~mv2.jpg\" alt=\"Isoladores t\u00e9rmicos de blackout feitos sob medida para ve\u00edculos\" data-pin-url=\"https:\/\/m2camper.com\/post\/aislantes-termicos-oscurecedores-a-medida-para-vehiculo\" data-pin-media=\"https:\/\/static.wixstatic.com\/media\/60c9aa_2385c1dfe64746ae84947b5e225dc513~mv2.jpg\/v1\/fill\/w_2000,h_1500,al_c,q_90\/60c9aa_2385c1dfe64746ae84947b5e225dc513~mv2.jpg\" data-ssr-src-done=\"true\" data-load-done=\"\" \/><\/div>\n<\/div>\n<\/figure>\n<\/div>\n<\/div>\n<\/div>\n<div data-breakout=\"normal\">\n<div id=\"viewer-ixper1233\" class=\"KqKMh\">\n<div class=\"_7T4Uc\">\n<figure class=\"P29V1\">\n<div class=\"CuIEU\" tabindex=\"0\" role=\"button\" data-hook=\"imageViewer\" aria-haspopup=\"true\">\n<div id=\"ixper1233\" class=\"KfAFF ApRDe _84uzj\"><img decoding=\"async\" draggable=\"false\" src=\"https:\/\/static.wixstatic.com\/media\/60c9aa_b97d38d1752e46d79b092dc274c4716b~mv2.jpg\/v1\/fill\/w_740,h_740,al_c,q_85,usm_0.66_1.00_0.01,enc_auto\/60c9aa_b97d38d1752e46d79b092dc274c4716b~mv2.jpg\" alt=\"Isoladores t\u00e9rmicos de blackout feitos sob medida para ve\u00edculos\" data-pin-url=\"https:\/\/m2camper.com\/post\/aislantes-termicos-oscurecedores-a-medida-para-vehiculo\" data-pin-media=\"https:\/\/static.wixstatic.com\/media\/60c9aa_b97d38d1752e46d79b092dc274c4716b~mv2.jpg\/v1\/fill\/w_1080,h_1080,al_c,q_85\/60c9aa_b97d38d1752e46d79b092dc274c4716b~mv2.jpg\" data-ssr-src-done=\"true\" data-load-done=\"\" \/><\/div>\n<\/div>\n<\/figure>\n<\/div>\n<\/div>\n<\/div>","protected":false},"excerpt":{"rendered":"<p>\u00bfEst\u00e1s cansado de subirte a un horno sobre ruedas durante los calurosos d\u00edas de verano? \u00bfO quiz\u00e1s te molesta la falta de privacidad cuando estacionas tu veh\u00edculo en la calle? \u00a1No te preocupes m\u00e1s! Con los aislantes t\u00e9rmicos oscurecedores a medida de M2camper , puedes decir adi\u00f3s a estas molestias y disfrutar de un viaje&hellip;&nbsp;<a href=\"https:\/\/m2camper.com\/pt\/isoladores-termicos-personalizados-para-veiculos\/\" rel=\"bookmark\">Ler mais &raquo;<span class=\"screen-reader-text\">Maximize o conforto e a efici\u00eancia: blackouts de isolamento t\u00e9rmico personalizados para todos os tipos de ve\u00edculos<\/span><\/a><\/p>","protected":false},"author":5740,"featured_media":11567,"comment_status":"open","ping_status":"open","sticky":false,"template":"","format":"standard","meta":{"neve_meta_sidebar":"","neve_meta_container":"","neve_meta_enable_content_width":"off","neve_meta_content_width":70,"neve_meta_title_alignment":"","neve_meta_author_avatar":"","neve_post_elements_order":"","neve_meta_disable_header":"","neve_meta_disable_footer":"","neve_meta_disable_title":"","footnotes":""},"categories":[1],"tags":[],"class_list":["post-11566","post","type-post","status-publish","format-standard","has-post-thumbnail","hentry","category-uncategorized"],"yoast_head":"<!-- This site is optimized with the Yoast SEO plugin v27.4 - https:\/\/yoast.com\/product\/yoast-seo-wordpress\/ -->\n<title>Maximiza la Comodidad y la Eficiencia: Aislantes T\u00e9rmicos Oscurecedores a Medida para Todo Tipo de Veh\u00edculos - M2 Camper | Aislantes t\u00e9rmicos y oscurecedores para campers<\/title>\n<meta name=\"robots\" content=\"index, follow, max-snippet:-1, max-image-preview:large, max-video-preview:-1\" \/>\n<link rel=\"canonical\" href=\"https:\/\/m2camper.com\/pt\/isoladores-termicos-personalizados-para-veiculos\/\" \/>\n<meta property=\"og:locale\" content=\"pt_PT\" \/>\n<meta property=\"og:type\" content=\"article\" \/>\n<meta property=\"og:title\" content=\"Maximiza la Comodidad y la Eficiencia: Aislantes T\u00e9rmicos Oscurecedores a Medida para Todo Tipo de Veh\u00edculos - M2 Camper | Aislantes t\u00e9rmicos y oscurecedores para campers\" \/>\n<meta property=\"og:description\" content=\"\u00bfEst\u00e1s cansado de subirte a un horno sobre ruedas durante los calurosos d\u00edas de verano? \u00bfO quiz\u00e1s te molesta la falta de privacidad cuando estacionas tu veh\u00edculo en la calle? \u00a1No te preocupes m\u00e1s! Con los aislantes t\u00e9rmicos oscurecedores a medida de M2camper , puedes decir adi\u00f3s a estas molestias y disfrutar de un viaje&hellip;&nbsp;Ler mais &raquo;Maximiza la Comodidad y la Eficiencia: Aislantes T\u00e9rmicos Oscurecedores a Medida para Todo Tipo de Veh\u00edculos\" \/>\n<meta property=\"og:url\" content=\"https:\/\/m2camper.com\/pt\/isoladores-termicos-personalizados-para-veiculos\/\" \/>\n<meta property=\"og:site_name\" content=\"M2 Camper | Aislantes t\u00e9rmicos y oscurecedores para campers\" \/>\n<meta property=\"article:published_time\" content=\"2024-04-12T11:11:56+00:00\" \/>\n<meta property=\"article:modified_time\" content=\"2025-02-06T11:12:13+00:00\" \/>\n<meta property=\"og:image\" content=\"https:\/\/m2camper.com\/wp-content\/uploads\/2025\/02\/60c9aa_2385c1dfe64746ae84947b5e225dc513mv2.webp\" \/>\n\t<meta property=\"og:image:width\" content=\"454\" \/>\n\t<meta property=\"og:image:height\" content=\"341\" \/>\n\t<meta property=\"og:image:type\" content=\"image\/webp\" \/>\n<meta name=\"author\" content=\"carlos\" \/>\n<meta name=\"twitter:card\" content=\"summary_large_image\" \/>\n<meta name=\"twitter:label1\" content=\"Escrito por\" \/>\n\t<meta name=\"twitter:data1\" content=\"carlos\" \/>\n\t<meta name=\"twitter:label2\" content=\"Tempo estimado de leitura\" \/>\n\t<meta name=\"twitter:data2\" content=\"2 minutos\" \/>\n<script type=\"application\/ld+json\" class=\"yoast-schema-graph\">{\"@context\":\"https:\\\/\\\/schema.org\",\"@graph\":[{\"@type\":\"Article\",\"@id\":\"https:\\\/\\\/m2camper.com\\\/it\\\/isolanti-termici-su-misura-per-veicoli\\\/#article\",\"isPartOf\":{\"@id\":\"https:\\\/\\\/m2camper.com\\\/it\\\/isolanti-termici-su-misura-per-veicoli\\\/\"},\"author\":{\"name\":\"carlos\",\"@id\":\"https:\\\/\\\/m2camper.com\\\/pt\\\/#\\\/schema\\\/person\\\/d003f4147a0469cbf1c77ba1bebdb1bb\"},\"headline\":\"Maximiza la Comodidad y la Eficiencia: Aislantes T\u00e9rmicos Oscurecedores a Medida para Todo Tipo de Veh\u00edculos\",\"datePublished\":\"2024-04-12T11:11:56+00:00\",\"dateModified\":\"2025-02-06T11:12:13+00:00\",\"mainEntityOfPage\":{\"@id\":\"https:\\\/\\\/m2camper.com\\\/it\\\/isolanti-termici-su-misura-per-veicoli\\\/\"},\"wordCount\":465,\"commentCount\":0,\"image\":{\"@id\":\"https:\\\/\\\/m2camper.com\\\/it\\\/isolanti-termici-su-misura-per-veicoli\\\/#primaryimage\"},\"thumbnailUrl\":\"https:\\\/\\\/m2camper.com\\\/wp-content\\\/uploads\\\/2025\\\/02\\\/60c9aa_2385c1dfe64746ae84947b5e225dc513mv2.webp\",\"articleSection\":[\"Uncategorized\"],\"inLanguage\":\"pt-PT\",\"potentialAction\":[{\"@type\":\"CommentAction\",\"name\":\"Comment\",\"target\":[\"https:\\\/\\\/m2camper.com\\\/it\\\/isolanti-termici-su-misura-per-veicoli\\\/#respond\"]}]},{\"@type\":\"WebPage\",\"@id\":\"https:\\\/\\\/m2camper.com\\\/it\\\/isolanti-termici-su-misura-per-veicoli\\\/\",\"url\":\"https:\\\/\\\/m2camper.com\\\/it\\\/isolanti-termici-su-misura-per-veicoli\\\/\",\"name\":\"Maximiza la Comodidad y la Eficiencia: Aislantes T\u00e9rmicos Oscurecedores a Medida para Todo Tipo de Veh\u00edculos - M2 Camper | Aislantes t\u00e9rmicos y oscurecedores para campers\",\"isPartOf\":{\"@id\":\"https:\\\/\\\/m2camper.com\\\/pt\\\/#website\"},\"primaryImageOfPage\":{\"@id\":\"https:\\\/\\\/m2camper.com\\\/it\\\/isolanti-termici-su-misura-per-veicoli\\\/#primaryimage\"},\"image\":{\"@id\":\"https:\\\/\\\/m2camper.com\\\/it\\\/isolanti-termici-su-misura-per-veicoli\\\/#primaryimage\"},\"thumbnailUrl\":\"https:\\\/\\\/m2camper.com\\\/wp-content\\\/uploads\\\/2025\\\/02\\\/60c9aa_2385c1dfe64746ae84947b5e225dc513mv2.webp\",\"datePublished\":\"2024-04-12T11:11:56+00:00\",\"dateModified\":\"2025-02-06T11:12:13+00:00\",\"author\":{\"@id\":\"https:\\\/\\\/m2camper.com\\\/pt\\\/#\\\/schema\\\/person\\\/d003f4147a0469cbf1c77ba1bebdb1bb\"},\"breadcrumb\":{\"@id\":\"https:\\\/\\\/m2camper.com\\\/it\\\/isolanti-termici-su-misura-per-veicoli\\\/#breadcrumb\"},\"inLanguage\":\"pt-PT\",\"potentialAction\":[{\"@type\":\"ReadAction\",\"target\":[\"https:\\\/\\\/m2camper.com\\\/it\\\/isolanti-termici-su-misura-per-veicoli\\\/\"]}]},{\"@type\":\"ImageObject\",\"inLanguage\":\"pt-PT\",\"@id\":\"https:\\\/\\\/m2camper.com\\\/it\\\/isolanti-termici-su-misura-per-veicoli\\\/#primaryimage\",\"url\":\"https:\\\/\\\/m2camper.com\\\/wp-content\\\/uploads\\\/2025\\\/02\\\/60c9aa_2385c1dfe64746ae84947b5e225dc513mv2.webp\",\"contentUrl\":\"https:\\\/\\\/m2camper.com\\\/wp-content\\\/uploads\\\/2025\\\/02\\\/60c9aa_2385c1dfe64746ae84947b5e225dc513mv2.webp\",\"width\":454,\"height\":341},{\"@type\":\"BreadcrumbList\",\"@id\":\"https:\\\/\\\/m2camper.com\\\/it\\\/isolanti-termici-su-misura-per-veicoli\\\/#breadcrumb\",\"itemListElement\":[{\"@type\":\"ListItem\",\"position\":1,\"name\":\"Portada\",\"item\":\"https:\\\/\\\/m2camper.com\\\/pt\\\/\"},{\"@type\":\"ListItem\",\"position\":2,\"name\":\"Maximiza la Comodidad y la Eficiencia: Aislantes T\u00e9rmicos Oscurecedores a Medida para Todo Tipo de Veh\u00edculos\"}]},{\"@type\":\"WebSite\",\"@id\":\"https:\\\/\\\/m2camper.com\\\/pt\\\/#website\",\"url\":\"https:\\\/\\\/m2camper.com\\\/pt\\\/\",\"name\":\"M2 Campers | Aislantes t\u00e9rmicos y oscurecedores para campers\",\"description\":\"Descubre calidad y confort de nuestros aislantes t\u00e9rmicos oscurecedores y colchones para veh\u00edculos. Optimiza tu experiencia en carretera con M2 Camper.\",\"potentialAction\":[{\"@type\":\"SearchAction\",\"target\":{\"@type\":\"EntryPoint\",\"urlTemplate\":\"https:\\\/\\\/m2camper.com\\\/pt\\\/?s={search_term_string}\"},\"query-input\":{\"@type\":\"PropertyValueSpecification\",\"valueRequired\":true,\"valueName\":\"search_term_string\"}}],\"inLanguage\":\"pt-PT\"},{\"@type\":\"Person\",\"@id\":\"https:\\\/\\\/m2camper.com\\\/pt\\\/#\\\/schema\\\/person\\\/d003f4147a0469cbf1c77ba1bebdb1bb\",\"name\":\"carlos\",\"image\":{\"@type\":\"ImageObject\",\"inLanguage\":\"pt-PT\",\"@id\":\"https:\\\/\\\/secure.gravatar.com\\\/avatar\\\/ab10b60551e807f6b37d54bb09e40bc41b08e3828d46504634ad6f35da1b46dc?s=96&d=mm&r=g\",\"url\":\"https:\\\/\\\/secure.gravatar.com\\\/avatar\\\/ab10b60551e807f6b37d54bb09e40bc41b08e3828d46504634ad6f35da1b46dc?s=96&d=mm&r=g\",\"contentUrl\":\"https:\\\/\\\/secure.gravatar.com\\\/avatar\\\/ab10b60551e807f6b37d54bb09e40bc41b08e3828d46504634ad6f35da1b46dc?s=96&d=mm&r=g\",\"caption\":\"carlos\"},\"url\":\"https:\\\/\\\/m2camper.com\\\/pt\\\/author\\\/carlos\\\/\"}]}<\/script>\n<!-- \/ Yoast SEO plugin. -->","yoast_head_json":{"title":"Maximize o conforto e a efici\u00eancia: isolamento t\u00e9rmico e blackout personalizados para todos os tipos de ve\u00edculos - M2 Camper | Isolamento t\u00e9rmico e blackout para campistas","robots":{"index":"index","follow":"follow","max-snippet":"max-snippet:-1","max-image-preview":"max-image-preview:large","max-video-preview":"max-video-preview:-1"},"canonical":"https:\/\/m2camper.com\/pt\/isoladores-termicos-personalizados-para-veiculos\/","og_locale":"pt_PT","og_type":"article","og_title":"Maximiza la Comodidad y la Eficiencia: Aislantes T\u00e9rmicos Oscurecedores a Medida para Todo Tipo de Veh\u00edculos - M2 Camper | Aislantes t\u00e9rmicos y oscurecedores para campers","og_description":"\u00bfEst\u00e1s cansado de subirte a un horno sobre ruedas durante los calurosos d\u00edas de verano? \u00bfO quiz\u00e1s te molesta la falta de privacidad cuando estacionas tu veh\u00edculo en la calle? \u00a1No te preocupes m\u00e1s! Con los aislantes t\u00e9rmicos oscurecedores a medida de M2camper , puedes decir adi\u00f3s a estas molestias y disfrutar de un viaje&hellip;&nbsp;Ler mais &raquo;Maximiza la Comodidad y la Eficiencia: Aislantes T\u00e9rmicos Oscurecedores a Medida para Todo Tipo de Veh\u00edculos","og_url":"https:\/\/m2camper.com\/pt\/isoladores-termicos-personalizados-para-veiculos\/","og_site_name":"M2 Camper | Aislantes t\u00e9rmicos y oscurecedores para campers","article_published_time":"2024-04-12T11:11:56+00:00","article_modified_time":"2025-02-06T11:12:13+00:00","og_image":[{"width":454,"height":341,"url":"https:\/\/m2camper.com\/wp-content\/uploads\/2025\/02\/60c9aa_2385c1dfe64746ae84947b5e225dc513mv2.webp","type":"image\/webp"}],"author":"carlos","twitter_card":"summary_large_image","twitter_misc":{"Escrito por":"carlos","Tempo estimado de leitura":"2 minutos"},"schema":{"@context":"https:\/\/schema.org","@graph":[{"@type":"Article","@id":"https:\/\/m2camper.com\/it\/isolanti-termici-su-misura-per-veicoli\/#article","isPartOf":{"@id":"https:\/\/m2camper.com\/it\/isolanti-termici-su-misura-per-veicoli\/"},"author":{"name":"carlos","@id":"https:\/\/m2camper.com\/pt\/#\/schema\/person\/d003f4147a0469cbf1c77ba1bebdb1bb"},"headline":"Maximiza la Comodidad y la Eficiencia: Aislantes T\u00e9rmicos Oscurecedores a Medida para Todo Tipo de Veh\u00edculos","datePublished":"2024-04-12T11:11:56+00:00","dateModified":"2025-02-06T11:12:13+00:00","mainEntityOfPage":{"@id":"https:\/\/m2camper.com\/it\/isolanti-termici-su-misura-per-veicoli\/"},"wordCount":465,"commentCount":0,"image":{"@id":"https:\/\/m2camper.com\/it\/isolanti-termici-su-misura-per-veicoli\/#primaryimage"},"thumbnailUrl":"https:\/\/m2camper.com\/wp-content\/uploads\/2025\/02\/60c9aa_2385c1dfe64746ae84947b5e225dc513mv2.webp","articleSection":["Uncategorized"],"inLanguage":"pt-PT","potentialAction":[{"@type":"CommentAction","name":"Comment","target":["https:\/\/m2camper.com\/it\/isolanti-termici-su-misura-per-veicoli\/#respond"]}]},{"@type":"WebPage","@id":"https:\/\/m2camper.com\/it\/isolanti-termici-su-misura-per-veicoli\/","url":"https:\/\/m2camper.com\/it\/isolanti-termici-su-misura-per-veicoli\/","name":"Maximize o conforto e a efici\u00eancia: isolamento t\u00e9rmico e blackout personalizados para todos os tipos de ve\u00edculos - M2 Camper | Isolamento t\u00e9rmico e blackout para campistas","isPartOf":{"@id":"https:\/\/m2camper.com\/pt\/#website"},"primaryImageOfPage":{"@id":"https:\/\/m2camper.com\/it\/isolanti-termici-su-misura-per-veicoli\/#primaryimage"},"image":{"@id":"https:\/\/m2camper.com\/it\/isolanti-termici-su-misura-per-veicoli\/#primaryimage"},"thumbnailUrl":"https:\/\/m2camper.com\/wp-content\/uploads\/2025\/02\/60c9aa_2385c1dfe64746ae84947b5e225dc513mv2.webp","datePublished":"2024-04-12T11:11:56+00:00","dateModified":"2025-02-06T11:12:13+00:00","author":{"@id":"https:\/\/m2camper.com\/pt\/#\/schema\/person\/d003f4147a0469cbf1c77ba1bebdb1bb"},"breadcrumb":{"@id":"https:\/\/m2camper.com\/it\/isolanti-termici-su-misura-per-veicoli\/#breadcrumb"},"inLanguage":"pt-PT","potentialAction":[{"@type":"ReadAction","target":["https:\/\/m2camper.com\/it\/isolanti-termici-su-misura-per-veicoli\/"]}]},{"@type":"ImageObject","inLanguage":"pt-PT","@id":"https:\/\/m2camper.com\/it\/isolanti-termici-su-misura-per-veicoli\/#primaryimage","url":"https:\/\/m2camper.com\/wp-content\/uploads\/2025\/02\/60c9aa_2385c1dfe64746ae84947b5e225dc513mv2.webp","contentUrl":"https:\/\/m2camper.com\/wp-content\/uploads\/2025\/02\/60c9aa_2385c1dfe64746ae84947b5e225dc513mv2.webp","width":454,"height":341},{"@type":"BreadcrumbList","@id":"https:\/\/m2camper.com\/it\/isolanti-termici-su-misura-per-veicoli\/#breadcrumb","itemListElement":[{"@type":"ListItem","position":1,"name":"Portada","item":"https:\/\/m2camper.com\/pt\/"},{"@type":"ListItem","position":2,"name":"Maximiza la Comodidad y la Eficiencia: Aislantes T\u00e9rmicos Oscurecedores a Medida para Todo Tipo de Veh\u00edculos"}]},{"@type":"WebSite","@id":"https:\/\/m2camper.com\/pt\/#website","url":"https:\/\/m2camper.com\/pt\/","name":"M2 Campers | Isolamento t\u00e9rmico e blackouts para campistas","description":"Descubra a qualidade e o conforto do nosso isolamento t\u00e9rmico blackout e dos nossos colch\u00f5es para ve\u00edculos. Otimize sua experi\u00eancia de viagem com a M2 Camper.","potentialAction":[{"@type":"SearchAction","target":{"@type":"EntryPoint","urlTemplate":"https:\/\/m2camper.com\/pt\/?s={search_term_string}"},"query-input":{"@type":"PropertyValueSpecification","valueRequired":true,"valueName":"search_term_string"}}],"inLanguage":"pt-PT"},{"@type":"Person","@id":"https:\/\/m2camper.com\/pt\/#\/schema\/person\/d003f4147a0469cbf1c77ba1bebdb1bb","name":"Carlos","image":{"@type":"ImageObject","inLanguage":"pt-PT","@id":"https:\/\/secure.gravatar.com\/avatar\/ab10b60551e807f6b37d54bb09e40bc41b08e3828d46504634ad6f35da1b46dc?s=96&d=mm&r=g","url":"https:\/\/secure.gravatar.com\/avatar\/ab10b60551e807f6b37d54bb09e40bc41b08e3828d46504634ad6f35da1b46dc?s=96&d=mm&r=g","contentUrl":"https:\/\/secure.gravatar.com\/avatar\/ab10b60551e807f6b37d54bb09e40bc41b08e3828d46504634ad6f35da1b46dc?s=96&d=mm&r=g","caption":"carlos"},"url":"https:\/\/m2camper.com\/pt\/author\/carlos\/"}]}},"_links":{"self":[{"href":"https:\/\/m2camper.com\/pt\/wp-json\/wp\/v2\/posts\/11566","targetHints":{"allow":["GET"]}}],"collection":[{"href":"https:\/\/m2camper.com\/pt\/wp-json\/wp\/v2\/posts"}],"about":[{"href":"https:\/\/m2camper.com\/pt\/wp-json\/wp\/v2\/types\/post"}],"author":[{"embeddable":true,"href":"https:\/\/m2camper.com\/pt\/wp-json\/wp\/v2\/users\/5740"}],"replies":[{"embeddable":true,"href":"https:\/\/m2camper.com\/pt\/wp-json\/wp\/v2\/comments?post=11566"}],"version-history":[{"count":1,"href":"https:\/\/m2camper.com\/pt\/wp-json\/wp\/v2\/posts\/11566\/revisions"}],"predecessor-version":[{"id":11568,"href":"https:\/\/m2camper.com\/pt\/wp-json\/wp\/v2\/posts\/11566\/revisions\/11568"}],"wp:featuredmedia":[{"embeddable":true,"href":"https:\/\/m2camper.com\/pt\/wp-json\/wp\/v2\/media\/11567"}],"wp:attachment":[{"href":"https:\/\/m2camper.com\/pt\/wp-json\/wp\/v2\/media?parent=11566"}],"wp:term":[{"taxonomy":"category","embeddable":true,"href":"https:\/\/m2camper.com\/pt\/wp-json\/wp\/v2\/categories?post=11566"},{"taxonomy":"post_tag","embeddable":true,"href":"https:\/\/m2camper.com\/pt\/wp-json\/wp\/v2\/tags?post=11566"}],"curies":[{"name":"wp","href":"https:\/\/api.w.org\/{rel}","templated":true}]}}