{"id":11563,"date":"2024-03-09T11:04:50","date_gmt":"2024-03-09T11:04:50","guid":{"rendered":"https:\/\/ultbit.com\/m2camper\/?p=11563"},"modified":"2025-02-06T11:06:02","modified_gmt":"2025-02-06T11:06:02","slug":"bolsos-blackout-com-isolamento-termico","status":"publish","type":"post","link":"https:\/\/m2camper.com\/pt\/bolsos-blackout-com-isolamento-termico\/","title":{"rendered":"Explorando a inova\u00e7\u00e3o: bolsas de isolamento t\u00e9rmico blackout para ve\u00edculos camper"},"content":{"rendered":"<div data-breakout=\"normal\">\n<p id=\"viewer-9pmer\" class=\"cqfST cQRuq WGebp jTM--\" dir=\"auto\"><span class=\"_61ACD\">En el emocionante mundo del camper y las aventuras sobre ruedas, la comodidad y la funcionalidad son clave. Los entusiastas de los veh\u00edculos camper saben que cada detalle cuenta, y uno de esos detalles que ha estado ganando popularidad son los bolsillos incorporados en los aislantes t\u00e9rmicos oscurecedores.<\/span><\/p>\n<\/div>\n<div data-breakout=\"normal\">\n<p id=\"viewer-p4par4888\" class=\"cqfST cQRuq WGebp jTM--\" dir=\"auto\"><span class=\"_61ACD\">En esta entrada del blog, vamos a explorar la ingeniosa adici\u00f3n de bolsillos a estos aislantes y descubrir c\u00f3mo M2Camper permite a sus clientes personalizar la ubicaci\u00f3n y cantidad de estos bolsillos.<\/span><\/p>\n<\/div>\n<div data-breakout=\"normal\">\n<p id=\"viewer-t31sh480\" class=\"cqfST cQRuq WGebp jTM--\" dir=\"auto\"><span class=\"_61ACD\"><strong>Bolsillos Integrados: M\u00e1s All\u00e1 de lo Est\u00e9tico:<\/strong> Los aislantes t\u00e9rmicos oscurecedores han sido durante mucho tiempo aliados esenciales para los amantes del camping en veh\u00edculos camper. No solo bloquean la luz no deseada y mantienen la temperatura interior agradable, sino que ahora tambi\u00e9n ofrecen la conveniencia adicional de bolsillos integrados, y lo mejor de todo es que t\u00fa decides d\u00f3nde y cu\u00e1ntos quieres.<\/span><\/p>\n<\/div>\n<div data-breakout=\"normal\">\n<p id=\"viewer-7yeqb568\" class=\"cqfST cQRuq WGebp jTM--\" dir=\"auto\"><span class=\"_61ACD\"><strong>Organizaci\u00f3n Optimizada:<\/strong> Imagina despertarte en tu veh\u00edculo camper y poder personalizar la ubicaci\u00f3n de tus bolsillos. Gracias a la flexibilidad ofrecida por M2Camper, puedes decidir d\u00f3nde colocar esos bolsillos para maximizar tu comodidad. Esta organizaci\u00f3n optimizada no solo ahorra tiempo, sino que tambi\u00e9n garantiza que tengas todo lo que necesitas al alcance de la mano, justo donde lo necesitas.<\/span><\/p>\n<\/div>\n<div data-breakout=\"normal\">\n<p id=\"viewer-4lmtm718\" class=\"cqfST cQRuq WGebp jTM--\" dir=\"auto\"><span class=\"_61ACD\"><strong>M\u00e1s Espacio, Menos Desorden:<\/strong> La optimizaci\u00f3n del espacio es fundamental en un veh\u00edculo camper, y los bolsillos en los aislantes t\u00e9rmicos oscurecedores ofrecen una soluci\u00f3n inteligente. Al tener un lugar designado para tus pertenencias m\u00e1s peque\u00f1as, se reduce el desorden en el interior, creando un ambiente m\u00e1s ordenado y relajante. Esto no solo contribuye a una experiencia de viaje m\u00e1s agradable, sino que tambi\u00e9n hace que sea m\u00e1s f\u00e1cil mantener organizado tu hogar sobre ruedas.<\/span><\/p>\n<\/div>\n<div data-breakout=\"normal\">\n<p id=\"viewer-ql2k9875\" class=\"cqfST cQRuq WGebp jTM--\" dir=\"auto\"><span class=\"_61ACD\"><strong>Versatilidad y Personalizaci\u00f3n:<\/strong> La verdadera ventaja emocionante de los bolsillos en los aislantes t\u00e9rmicos oscurecedores de M2Camper es la versatilidad que ofrecen. Gracias a la capacidad de personalizaci\u00f3n, puedes adaptar el uso de estos bolsillos seg\u00fan tus necesidades espec\u00edficas. Desde guardar mapas y documentos de viaje hasta llevar contigo tus gadgets favoritos, estos bolsillos proporcionan una soluci\u00f3n adaptable para cualquier tipo de viajero.<\/span><\/p>\n<\/div>\n<div data-breakout=\"normal\">\n<p id=\"viewer-j0hmo1023\" class=\"cqfST cQRuq WGebp jTM--\" dir=\"auto\"><span class=\"_61ACD\"><strong>Conclusi\u00f3n:<\/strong> En conclusi\u00f3n, la incorporaci\u00f3n de bolsillos personalizados en los aislantes t\u00e9rmicos oscurecedores de M2Camper no solo es una mejora est\u00e9tica, sino tambi\u00e9n una innovaci\u00f3n funcional que empodera a los viajeros para decidir la disposici\u00f3n de su espacio. La organizaci\u00f3n optimizada, la reducci\u00f3n de desorden y la versatilidad que ofrecen estos bolsillos, junto con la capacidad de personalizaci\u00f3n, los convierten en un accesorio imprescindible para aquellos que buscan llevar la comodidad y la eficiencia al siguiente nivel en sus aventuras sobre ruedas. \u00a1Prep\u00e1rate para disfrutar de la libertad de la carretera con estilo, practicidad y una dosis saludable de personalizaci\u00f3n!<\/span><\/p>\n<\/div>\n<div data-hook=\"rcv-block12\"><\/div>\n<div data-breakout=\"fullWidth\">\n<div id=\"viewer-370f317794\" class=\"KqKMh\">\n<div class=\"_7T4Uc\">\n<div class=\"ngZyz AGeqp\" role=\"none\" data-hook=\"galleryViewer\">\n<div id=\"pro-gallery-370f317794\" class=\"pro-gallery\">\n<div class=\"\" tabindex=\"-1\" data-key=\"pro-gallery-inner-container\">\n<div class=\"pro-gallery-parent-container\" role=\"region\">\n<div id=\"pro-gallery-container-370f317794\" class=\"pro-gallery inline-styles accessible ltr \">\n<div id=\"pro-gallery-margin-container-370f317794\" class=\"pro-gallery-margin-container\">\n<div class=\"item-link-wrapper\" tabindex=\"-1\" data-id=\"9dc73cf6-ea4c-44f6-adbc-db039fe6f0f3_0\" data-idx=\"0\" data-hook=\"item-link-wrapper\">\n<div id=\"pgi9dc73cf6ea4c44f6adbcdb039fe6f0f3_0_0\" class=\"gallery-item-container item-container-hover has-custom-focus visible simulate-hover\" tabindex=\"0\" role=\"link\" aria-label=\"Bolsillos en aislantes t\u00e9rmicos oscurecedores\" data-hash=\"9dc73cf6-ea4c-44f6-adbc-db039fe6f0f3_0\" data-id=\"9dc73cf6-ea4c-44f6-adbc-db039fe6f0f3_0\" data-idx=\"0\" data-hook=\"item-container\">\n<div>\n<div id=\"item-wrapper-9dc73cf6-ea4c-44f6-adbc-db039fe6f0f3_0\" class=\"gallery-item-wrapper visible cube-type-fit [object Object]\" data-hook=\"item-wrapper\">\n<div class=\"gallery-item-content item-content-hover image-item gallery-item-visible gallery-item gallery-item-preloaded grid-fit \" data-hook=\"image-item\"><img decoding=\"async\" class=\"gallery-item-visible gallery-item gallery-item-preloaded alignleft\" tabindex=\"0\" src=\"https:\/\/static.wixstatic.com\/media\/60c9aa_a1e7b2f11d0249f9bf4cc72b152c2962~mv2.jpg\/v1\/fill\/w_276,h_466,al_c,q_90\/60c9aa_a1e7b2f11d0249f9bf4cc72b152c2962~mv2.webp\" srcset=\"https:\/\/static.wixstatic.com\/media\/60c9aa_a1e7b2f11d0249f9bf4cc72b152c2962~mv2.jpg\/v1\/fill\/w_276,h_466,al_c,q_90\/60c9aa_a1e7b2f11d0249f9bf4cc72b152c2962~mv2.webp, https:\/\/static.wixstatic.com\/media\/60c9aa_a1e7b2f11d0249f9bf4cc72b152c2962~mv2.jpg\/v1\/fill\/w_552,h_932,al_c,q_90\/60c9aa_a1e7b2f11d0249f9bf4cc72b152c2962~mv2.webp 2x\" alt=\"Bolsillos en aislantes t\u00e9rmicos oscurecedores\" data-hook=\"gallery-item-image-img\" data-idx=\"0\" data-pin-url=\"https:\/\/m2camper.com\/post\/bolsillos-aislantes-termicos-oscurecedores\" \/><\/div>\n<\/div>\n<\/div>\n<\/div>\n<\/div>\n<div class=\"item-link-wrapper\" tabindex=\"-1\" data-id=\"7f09767c-3087-4921-9fdd-124b90a693ed_1\" data-idx=\"1\" data-hook=\"item-link-wrapper\">\n<div id=\"pgi7f09767c308749219fdd124b90a693ed_1_1\" class=\"gallery-item-container item-container-hover has-custom-focus visible simulate-hover\" tabindex=\"-1\" role=\"link\" aria-label=\"Bolsillos en aislantes t\u00e9rmicos oscurecedores\" data-hash=\"7f09767c-3087-4921-9fdd-124b90a693ed_1\" data-id=\"7f09767c-3087-4921-9fdd-124b90a693ed_1\" data-idx=\"1\" data-hook=\"item-container\">\n<div>\n<div id=\"item-wrapper-7f09767c-3087-4921-9fdd-124b90a693ed_1\" class=\"gallery-item-wrapper visible cube-type-fit [object Object]\" data-hook=\"item-wrapper\">\n<div class=\"gallery-item-content item-content-hover image-item gallery-item-visible gallery-item gallery-item-preloaded grid-fit \" data-hook=\"image-item\"><img decoding=\"async\" class=\"gallery-item-visible gallery-item gallery-item-preloaded alignright\" tabindex=\"0\" src=\"https:\/\/static.wixstatic.com\/media\/60c9aa_c9b1d3976ad84d3a86a873100ae5795a~mv2.jpg\/v1\/fill\/w_444,h_466,al_c,q_90\/60c9aa_c9b1d3976ad84d3a86a873100ae5795a~mv2.webp\" srcset=\"https:\/\/static.wixstatic.com\/media\/60c9aa_c9b1d3976ad84d3a86a873100ae5795a~mv2.jpg\/v1\/fill\/w_444,h_466,al_c,q_90\/60c9aa_c9b1d3976ad84d3a86a873100ae5795a~mv2.webp, https:\/\/static.wixstatic.com\/media\/60c9aa_c9b1d3976ad84d3a86a873100ae5795a~mv2.jpg\/v1\/fill\/w_889,h_932,al_c,q_90\/60c9aa_c9b1d3976ad84d3a86a873100ae5795a~mv2.webp 2x\" alt=\"Bolsillos en aislantes t\u00e9rmicos oscurecedores\" data-hook=\"gallery-item-image-img\" data-idx=\"1\" data-pin-url=\"https:\/\/m2camper.com\/post\/bolsillos-aislantes-termicos-oscurecedores\" \/><\/div>\n<\/div>\n<\/div>\n<\/div>\n<\/div>\n<\/div>\n<\/div>\n<\/div>\n<\/div>\n<\/div>\n<\/div>\n<\/div>\n<\/div>\n<\/div>\n<div data-hook=\"rcv-block16\"><\/div>\n<div data-breakout=\"normal\">\n<div id=\"viewer-boq4l2389\" class=\"cqfST cQRuq WGebp jTM--\" dir=\"auto\"><\/div>\n<\/div>\n","protected":false},"excerpt":{"rendered":"<p>En el emocionante mundo del camper y las aventuras sobre ruedas, la comodidad y la funcionalidad son clave. Los entusiastas de los veh\u00edculos camper saben que cada detalle cuenta, y uno de esos detalles que ha estado ganando popularidad son los bolsillos incorporados en los aislantes t\u00e9rmicos oscurecedores. En esta entrada del blog, vamos a&hellip;&nbsp;<a href=\"https:\/\/m2camper.com\/pt\/bolsos-blackout-com-isolamento-termico\/\" rel=\"bookmark\">Ler mais &raquo;<span class=\"screen-reader-text\">Explorando a inova\u00e7\u00e3o: bolsas de isolamento t\u00e9rmico blackout para ve\u00edculos camper<\/span><\/a><\/p>","protected":false},"author":5740,"featured_media":2261,"comment_status":"open","ping_status":"open","sticky":false,"template":"","format":"standard","meta":{"neve_meta_sidebar":"","neve_meta_container":"","neve_meta_enable_content_width":"off","neve_meta_content_width":70,"neve_meta_title_alignment":"","neve_meta_author_avatar":"","neve_post_elements_order":"","neve_meta_disable_header":"","neve_meta_disable_footer":"","neve_meta_disable_title":"","footnotes":""},"categories":[1],"tags":[],"class_list":["post-11563","post","type-post","status-publish","format-standard","has-post-thumbnail","hentry","category-uncategorized"],"yoast_head":"<!-- This site is optimized with the Yoast SEO plugin v27.4 - https:\/\/yoast.com\/product\/yoast-seo-wordpress\/ -->\n<title>Explorando la Innovaci\u00f3n: Bolsillos en los Aislantes T\u00e9rmicos Oscurecedores para Veh\u00edculos Camper - M2 Camper | Aislantes t\u00e9rmicos y oscurecedores para campers<\/title>\n<meta name=\"robots\" content=\"index, follow, max-snippet:-1, max-image-preview:large, max-video-preview:-1\" \/>\n<link rel=\"canonical\" href=\"https:\/\/m2camper.com\/pt\/bolsos-blackout-com-isolamento-termico\/\" \/>\n<meta property=\"og:locale\" content=\"pt_PT\" \/>\n<meta property=\"og:type\" content=\"article\" \/>\n<meta property=\"og:title\" content=\"Explorando la Innovaci\u00f3n: Bolsillos en los Aislantes T\u00e9rmicos Oscurecedores para Veh\u00edculos Camper - M2 Camper | Aislantes t\u00e9rmicos y oscurecedores para campers\" \/>\n<meta property=\"og:description\" content=\"En el emocionante mundo del camper y las aventuras sobre ruedas, la comodidad y la funcionalidad son clave. Los entusiastas de los veh\u00edculos camper saben que cada detalle cuenta, y uno de esos detalles que ha estado ganando popularidad son los bolsillos incorporados en los aislantes t\u00e9rmicos oscurecedores. En esta entrada del blog, vamos a&hellip;&nbsp;Ler mais &raquo;Explorando la Innovaci\u00f3n: Bolsillos en los Aislantes T\u00e9rmicos Oscurecedores para Veh\u00edculos Camper\" \/>\n<meta property=\"og:url\" content=\"https:\/\/m2camper.com\/pt\/bolsos-blackout-com-isolamento-termico\/\" \/>\n<meta property=\"og:site_name\" content=\"M2 Camper | Aislantes t\u00e9rmicos y oscurecedores para campers\" \/>\n<meta property=\"article:published_time\" content=\"2024-03-09T11:04:50+00:00\" \/>\n<meta property=\"article:modified_time\" content=\"2025-02-06T11:06:02+00:00\" \/>\n<meta property=\"og:image\" content=\"https:\/\/m2camper.com\/wp-content\/uploads\/2025\/01\/60c9aa_4cfd9e1320774ef4bb751e205780eb35mv2-scaled.jpg\" \/>\n\t<meta property=\"og:image:width\" content=\"1920\" \/>\n\t<meta property=\"og:image:height\" content=\"2560\" \/>\n\t<meta property=\"og:image:type\" content=\"image\/jpeg\" \/>\n<meta name=\"author\" content=\"carlos\" \/>\n<meta name=\"twitter:card\" content=\"summary_large_image\" \/>\n<meta name=\"twitter:label1\" content=\"Escrito por\" \/>\n\t<meta name=\"twitter:data1\" content=\"carlos\" \/>\n\t<meta name=\"twitter:label2\" content=\"Tempo estimado de leitura\" \/>\n\t<meta name=\"twitter:data2\" content=\"2 minutos\" \/>\n<script type=\"application\/ld+json\" class=\"yoast-schema-graph\">{\"@context\":\"https:\\\/\\\/schema.org\",\"@graph\":[{\"@type\":\"Article\",\"@id\":\"https:\\\/\\\/m2camper.com\\\/bolsillos-aislantes-termicos-oscurecedores\\\/#article\",\"isPartOf\":{\"@id\":\"https:\\\/\\\/m2camper.com\\\/bolsillos-aislantes-termicos-oscurecedores\\\/\"},\"author\":{\"name\":\"carlos\",\"@id\":\"https:\\\/\\\/m2camper.com\\\/pt\\\/#\\\/schema\\\/person\\\/d003f4147a0469cbf1c77ba1bebdb1bb\"},\"headline\":\"Explorando la Innovaci\u00f3n: Bolsillos en los Aislantes T\u00e9rmicos Oscurecedores para Veh\u00edculos Camper\",\"datePublished\":\"2024-03-09T11:04:50+00:00\",\"dateModified\":\"2025-02-06T11:06:02+00:00\",\"mainEntityOfPage\":{\"@id\":\"https:\\\/\\\/m2camper.com\\\/bolsillos-aislantes-termicos-oscurecedores\\\/\"},\"wordCount\":508,\"commentCount\":0,\"image\":{\"@id\":\"https:\\\/\\\/m2camper.com\\\/bolsillos-aislantes-termicos-oscurecedores\\\/#primaryimage\"},\"thumbnailUrl\":\"https:\\\/\\\/m2camper.com\\\/wp-content\\\/uploads\\\/2025\\\/01\\\/60c9aa_4cfd9e1320774ef4bb751e205780eb35mv2-scaled.jpg\",\"articleSection\":[\"Uncategorized\"],\"inLanguage\":\"pt-PT\",\"potentialAction\":[{\"@type\":\"CommentAction\",\"name\":\"Comment\",\"target\":[\"https:\\\/\\\/m2camper.com\\\/bolsillos-aislantes-termicos-oscurecedores\\\/#respond\"]}]},{\"@type\":\"WebPage\",\"@id\":\"https:\\\/\\\/m2camper.com\\\/bolsillos-aislantes-termicos-oscurecedores\\\/\",\"url\":\"https:\\\/\\\/m2camper.com\\\/bolsillos-aislantes-termicos-oscurecedores\\\/\",\"name\":\"Explorando la Innovaci\u00f3n: Bolsillos en los Aislantes T\u00e9rmicos Oscurecedores para Veh\u00edculos Camper - M2 Camper | Aislantes t\u00e9rmicos y oscurecedores para campers\",\"isPartOf\":{\"@id\":\"https:\\\/\\\/m2camper.com\\\/pt\\\/#website\"},\"primaryImageOfPage\":{\"@id\":\"https:\\\/\\\/m2camper.com\\\/bolsillos-aislantes-termicos-oscurecedores\\\/#primaryimage\"},\"image\":{\"@id\":\"https:\\\/\\\/m2camper.com\\\/bolsillos-aislantes-termicos-oscurecedores\\\/#primaryimage\"},\"thumbnailUrl\":\"https:\\\/\\\/m2camper.com\\\/wp-content\\\/uploads\\\/2025\\\/01\\\/60c9aa_4cfd9e1320774ef4bb751e205780eb35mv2-scaled.jpg\",\"datePublished\":\"2024-03-09T11:04:50+00:00\",\"dateModified\":\"2025-02-06T11:06:02+00:00\",\"author\":{\"@id\":\"https:\\\/\\\/m2camper.com\\\/pt\\\/#\\\/schema\\\/person\\\/d003f4147a0469cbf1c77ba1bebdb1bb\"},\"breadcrumb\":{\"@id\":\"https:\\\/\\\/m2camper.com\\\/bolsillos-aislantes-termicos-oscurecedores\\\/#breadcrumb\"},\"inLanguage\":\"pt-PT\",\"potentialAction\":[{\"@type\":\"ReadAction\",\"target\":[\"https:\\\/\\\/m2camper.com\\\/bolsillos-aislantes-termicos-oscurecedores\\\/\"]}]},{\"@type\":\"ImageObject\",\"inLanguage\":\"pt-PT\",\"@id\":\"https:\\\/\\\/m2camper.com\\\/bolsillos-aislantes-termicos-oscurecedores\\\/#primaryimage\",\"url\":\"https:\\\/\\\/m2camper.com\\\/wp-content\\\/uploads\\\/2025\\\/01\\\/60c9aa_4cfd9e1320774ef4bb751e205780eb35mv2-scaled.jpg\",\"contentUrl\":\"https:\\\/\\\/m2camper.com\\\/wp-content\\\/uploads\\\/2025\\\/01\\\/60c9aa_4cfd9e1320774ef4bb751e205780eb35mv2-scaled.jpg\",\"width\":1920,\"height\":2560},{\"@type\":\"BreadcrumbList\",\"@id\":\"https:\\\/\\\/m2camper.com\\\/bolsillos-aislantes-termicos-oscurecedores\\\/#breadcrumb\",\"itemListElement\":[{\"@type\":\"ListItem\",\"position\":1,\"name\":\"Portada\",\"item\":\"https:\\\/\\\/m2camper.com\\\/pt\\\/\"},{\"@type\":\"ListItem\",\"position\":2,\"name\":\"Explorando la Innovaci\u00f3n: Bolsillos en los Aislantes T\u00e9rmicos Oscurecedores para Veh\u00edculos Camper\"}]},{\"@type\":\"WebSite\",\"@id\":\"https:\\\/\\\/m2camper.com\\\/pt\\\/#website\",\"url\":\"https:\\\/\\\/m2camper.com\\\/pt\\\/\",\"name\":\"M2 Campers | Aislantes t\u00e9rmicos y oscurecedores para campers\",\"description\":\"Descubre calidad y confort de nuestros aislantes t\u00e9rmicos oscurecedores y colchones para veh\u00edculos. Optimiza tu experiencia en carretera con M2 Camper.\",\"potentialAction\":[{\"@type\":\"SearchAction\",\"target\":{\"@type\":\"EntryPoint\",\"urlTemplate\":\"https:\\\/\\\/m2camper.com\\\/pt\\\/?s={search_term_string}\"},\"query-input\":{\"@type\":\"PropertyValueSpecification\",\"valueRequired\":true,\"valueName\":\"search_term_string\"}}],\"inLanguage\":\"pt-PT\"},{\"@type\":\"Person\",\"@id\":\"https:\\\/\\\/m2camper.com\\\/pt\\\/#\\\/schema\\\/person\\\/d003f4147a0469cbf1c77ba1bebdb1bb\",\"name\":\"carlos\",\"image\":{\"@type\":\"ImageObject\",\"inLanguage\":\"pt-PT\",\"@id\":\"https:\\\/\\\/secure.gravatar.com\\\/avatar\\\/ab10b60551e807f6b37d54bb09e40bc41b08e3828d46504634ad6f35da1b46dc?s=96&d=mm&r=g\",\"url\":\"https:\\\/\\\/secure.gravatar.com\\\/avatar\\\/ab10b60551e807f6b37d54bb09e40bc41b08e3828d46504634ad6f35da1b46dc?s=96&d=mm&r=g\",\"contentUrl\":\"https:\\\/\\\/secure.gravatar.com\\\/avatar\\\/ab10b60551e807f6b37d54bb09e40bc41b08e3828d46504634ad6f35da1b46dc?s=96&d=mm&r=g\",\"caption\":\"carlos\"},\"url\":\"https:\\\/\\\/m2camper.com\\\/pt\\\/author\\\/carlos\\\/\"}]}<\/script>\n<!-- \/ Yoast SEO plugin. -->","yoast_head_json":{"title":"Explorando a inova\u00e7\u00e3o: Bolsos no isolamento t\u00e9rmico blackout para campistas - M2 Camper | Isolamento t\u00e9rmico e blackouts para campistas","robots":{"index":"index","follow":"follow","max-snippet":"max-snippet:-1","max-image-preview":"max-image-preview:large","max-video-preview":"max-video-preview:-1"},"canonical":"https:\/\/m2camper.com\/pt\/bolsos-blackout-com-isolamento-termico\/","og_locale":"pt_PT","og_type":"article","og_title":"Explorando la Innovaci\u00f3n: Bolsillos en los Aislantes T\u00e9rmicos Oscurecedores para Veh\u00edculos Camper - M2 Camper | Aislantes t\u00e9rmicos y oscurecedores para campers","og_description":"En el emocionante mundo del camper y las aventuras sobre ruedas, la comodidad y la funcionalidad son clave. Los entusiastas de los veh\u00edculos camper saben que cada detalle cuenta, y uno de esos detalles que ha estado ganando popularidad son los bolsillos incorporados en los aislantes t\u00e9rmicos oscurecedores. En esta entrada del blog, vamos a&hellip;&nbsp;Ler mais &raquo;Explorando la Innovaci\u00f3n: Bolsillos en los Aislantes T\u00e9rmicos Oscurecedores para Veh\u00edculos Camper","og_url":"https:\/\/m2camper.com\/pt\/bolsos-blackout-com-isolamento-termico\/","og_site_name":"M2 Camper | Aislantes t\u00e9rmicos y oscurecedores para campers","article_published_time":"2024-03-09T11:04:50+00:00","article_modified_time":"2025-02-06T11:06:02+00:00","og_image":[{"width":1920,"height":2560,"url":"https:\/\/m2camper.com\/wp-content\/uploads\/2025\/01\/60c9aa_4cfd9e1320774ef4bb751e205780eb35mv2-scaled.jpg","type":"image\/jpeg"}],"author":"carlos","twitter_card":"summary_large_image","twitter_misc":{"Escrito por":"carlos","Tempo estimado de leitura":"2 minutos"},"schema":{"@context":"https:\/\/schema.org","@graph":[{"@type":"Article","@id":"https:\/\/m2camper.com\/bolsillos-aislantes-termicos-oscurecedores\/#article","isPartOf":{"@id":"https:\/\/m2camper.com\/bolsillos-aislantes-termicos-oscurecedores\/"},"author":{"name":"carlos","@id":"https:\/\/m2camper.com\/pt\/#\/schema\/person\/d003f4147a0469cbf1c77ba1bebdb1bb"},"headline":"Explorando la Innovaci\u00f3n: Bolsillos en los Aislantes T\u00e9rmicos Oscurecedores para Veh\u00edculos Camper","datePublished":"2024-03-09T11:04:50+00:00","dateModified":"2025-02-06T11:06:02+00:00","mainEntityOfPage":{"@id":"https:\/\/m2camper.com\/bolsillos-aislantes-termicos-oscurecedores\/"},"wordCount":508,"commentCount":0,"image":{"@id":"https:\/\/m2camper.com\/bolsillos-aislantes-termicos-oscurecedores\/#primaryimage"},"thumbnailUrl":"https:\/\/m2camper.com\/wp-content\/uploads\/2025\/01\/60c9aa_4cfd9e1320774ef4bb751e205780eb35mv2-scaled.jpg","articleSection":["Uncategorized"],"inLanguage":"pt-PT","potentialAction":[{"@type":"CommentAction","name":"Comment","target":["https:\/\/m2camper.com\/bolsillos-aislantes-termicos-oscurecedores\/#respond"]}]},{"@type":"WebPage","@id":"https:\/\/m2camper.com\/bolsillos-aislantes-termicos-oscurecedores\/","url":"https:\/\/m2camper.com\/bolsillos-aislantes-termicos-oscurecedores\/","name":"Explorando a inova\u00e7\u00e3o: Bolsos no isolamento t\u00e9rmico blackout para campistas - M2 Camper | Isolamento t\u00e9rmico e blackouts para campistas","isPartOf":{"@id":"https:\/\/m2camper.com\/pt\/#website"},"primaryImageOfPage":{"@id":"https:\/\/m2camper.com\/bolsillos-aislantes-termicos-oscurecedores\/#primaryimage"},"image":{"@id":"https:\/\/m2camper.com\/bolsillos-aislantes-termicos-oscurecedores\/#primaryimage"},"thumbnailUrl":"https:\/\/m2camper.com\/wp-content\/uploads\/2025\/01\/60c9aa_4cfd9e1320774ef4bb751e205780eb35mv2-scaled.jpg","datePublished":"2024-03-09T11:04:50+00:00","dateModified":"2025-02-06T11:06:02+00:00","author":{"@id":"https:\/\/m2camper.com\/pt\/#\/schema\/person\/d003f4147a0469cbf1c77ba1bebdb1bb"},"breadcrumb":{"@id":"https:\/\/m2camper.com\/bolsillos-aislantes-termicos-oscurecedores\/#breadcrumb"},"inLanguage":"pt-PT","potentialAction":[{"@type":"ReadAction","target":["https:\/\/m2camper.com\/bolsillos-aislantes-termicos-oscurecedores\/"]}]},{"@type":"ImageObject","inLanguage":"pt-PT","@id":"https:\/\/m2camper.com\/bolsillos-aislantes-termicos-oscurecedores\/#primaryimage","url":"https:\/\/m2camper.com\/wp-content\/uploads\/2025\/01\/60c9aa_4cfd9e1320774ef4bb751e205780eb35mv2-scaled.jpg","contentUrl":"https:\/\/m2camper.com\/wp-content\/uploads\/2025\/01\/60c9aa_4cfd9e1320774ef4bb751e205780eb35mv2-scaled.jpg","width":1920,"height":2560},{"@type":"BreadcrumbList","@id":"https:\/\/m2camper.com\/bolsillos-aislantes-termicos-oscurecedores\/#breadcrumb","itemListElement":[{"@type":"ListItem","position":1,"name":"Portada","item":"https:\/\/m2camper.com\/pt\/"},{"@type":"ListItem","position":2,"name":"Explorando la Innovaci\u00f3n: Bolsillos en los Aislantes T\u00e9rmicos Oscurecedores para Veh\u00edculos Camper"}]},{"@type":"WebSite","@id":"https:\/\/m2camper.com\/pt\/#website","url":"https:\/\/m2camper.com\/pt\/","name":"M2 Campers | Isolamento t\u00e9rmico e blackouts para campistas","description":"Descubra a qualidade e o conforto do nosso isolamento t\u00e9rmico blackout e dos nossos colch\u00f5es para ve\u00edculos. Otimize sua experi\u00eancia de viagem com a M2 Camper.","potentialAction":[{"@type":"SearchAction","target":{"@type":"EntryPoint","urlTemplate":"https:\/\/m2camper.com\/pt\/?s={search_term_string}"},"query-input":{"@type":"PropertyValueSpecification","valueRequired":true,"valueName":"search_term_string"}}],"inLanguage":"pt-PT"},{"@type":"Person","@id":"https:\/\/m2camper.com\/pt\/#\/schema\/person\/d003f4147a0469cbf1c77ba1bebdb1bb","name":"Carlos","image":{"@type":"ImageObject","inLanguage":"pt-PT","@id":"https:\/\/secure.gravatar.com\/avatar\/ab10b60551e807f6b37d54bb09e40bc41b08e3828d46504634ad6f35da1b46dc?s=96&d=mm&r=g","url":"https:\/\/secure.gravatar.com\/avatar\/ab10b60551e807f6b37d54bb09e40bc41b08e3828d46504634ad6f35da1b46dc?s=96&d=mm&r=g","contentUrl":"https:\/\/secure.gravatar.com\/avatar\/ab10b60551e807f6b37d54bb09e40bc41b08e3828d46504634ad6f35da1b46dc?s=96&d=mm&r=g","caption":"carlos"},"url":"https:\/\/m2camper.com\/pt\/author\/carlos\/"}]}},"_links":{"self":[{"href":"https:\/\/m2camper.com\/pt\/wp-json\/wp\/v2\/posts\/11563","targetHints":{"allow":["GET"]}}],"collection":[{"href":"https:\/\/m2camper.com\/pt\/wp-json\/wp\/v2\/posts"}],"about":[{"href":"https:\/\/m2camper.com\/pt\/wp-json\/wp\/v2\/types\/post"}],"author":[{"embeddable":true,"href":"https:\/\/m2camper.com\/pt\/wp-json\/wp\/v2\/users\/5740"}],"replies":[{"embeddable":true,"href":"https:\/\/m2camper.com\/pt\/wp-json\/wp\/v2\/comments?post=11563"}],"version-history":[{"count":2,"href":"https:\/\/m2camper.com\/pt\/wp-json\/wp\/v2\/posts\/11563\/revisions"}],"predecessor-version":[{"id":11565,"href":"https:\/\/m2camper.com\/pt\/wp-json\/wp\/v2\/posts\/11563\/revisions\/11565"}],"wp:featuredmedia":[{"embeddable":true,"href":"https:\/\/m2camper.com\/pt\/wp-json\/wp\/v2\/media\/2261"}],"wp:attachment":[{"href":"https:\/\/m2camper.com\/pt\/wp-json\/wp\/v2\/media?parent=11563"}],"wp:term":[{"taxonomy":"category","embeddable":true,"href":"https:\/\/m2camper.com\/pt\/wp-json\/wp\/v2\/categories?post=11563"},{"taxonomy":"post_tag","embeddable":true,"href":"https:\/\/m2camper.com\/pt\/wp-json\/wp\/v2\/tags?post=11563"}],"curies":[{"name":"wp","href":"https:\/\/api.w.org\/{rel}","templated":true}]}}