{"id":11559,"date":"2024-02-24T11:00:28","date_gmt":"2024-02-24T11:00:28","guid":{"rendered":"https:\/\/ultbit.com\/m2camper\/?p=11559"},"modified":"2025-02-06T11:01:52","modified_gmt":"2025-02-06T11:01:52","slug":"descubra-a-magia-das-janelas-do-seu-trailer","status":"publish","type":"post","link":"https:\/\/m2camper.com\/pt\/descubra-a-magia-das-janelas-do-seu-trailer\/","title":{"rendered":"Descubra a magia das janelas no seu Camper"},"content":{"rendered":"<div data-breakout=\"normal\">\n<p id=\"viewer-c2mj6\" class=\"cqfST cQRuq WGebp jTM--\" dir=\"auto\"><span class=\"_61ACD\">Bem-vindos, campistas! Neste post, exploraremos a import\u00e2ncia das janelas no seu trailer, sua variedade de tamanhos e formatos, e como os isoladores blackout podem transformar seu espa\u00e7o em um santu\u00e1rio aconchegante e privativo.<\/span><\/p>\n<\/div>\n<div data-breakout=\"normal\">\n<p id=\"viewer-2nltz74\" class=\"cqfST cQRuq WGebp jTM--\" dir=\"auto\"><span class=\"_61ACD\"><strong>As Janelas: A Grande Vitrine para o Exterior<\/strong><\/span><\/p>\n<\/div>\n<div data-breakout=\"normal\">\n<p id=\"viewer-g6wtl76\" class=\"cqfST cQRuq WGebp jTM--\" dir=\"auto\"><span class=\"_61ACD\">As janelas do seu trailer s\u00e3o muito mais do que meras aberturas para deixar entrar a luz. Elas s\u00e3o a liga\u00e7\u00e3o com o mundo exterior, um portal para paisagens de tirar o f\u00f4lego e noites estreladas. Mas com tanta beleza vem a necessidade de privacidade e conforto t\u00e9rmico.<\/span><\/p>\n<\/div>\n<div data-breakout=\"normal\">\n<p id=\"viewer-n2yvo78\" class=\"cqfST cQRuq WGebp jTM--\" dir=\"auto\"><span class=\"_61ACD\">Cada modelo de camper possui caracter\u00edsticas pr\u00f3prias em rela\u00e7\u00e3o ao tamanho e formato das janelas. Alguns modelos possuem janelas panor\u00e2micas que oferecem uma vis\u00e3o ampla, enquanto outros optam por janelas menores para maior privacidade. Seja qual for o design do seu camper, existe uma solu\u00e7\u00e3o personalizada para real\u00e7ar e proteger essas janelas.<\/span><\/p>\n<\/div>\n<div data-breakout=\"normal\">\n<p id=\"viewer-xwao580\" class=\"cqfST cQRuq WGebp jTM--\" dir=\"auto\"><span class=\"_61ACD\"><strong>Explorando a variedade de tamanhos e formatos de janelas para trailers<\/strong><\/span><\/p>\n<\/div>\n<div data-breakout=\"normal\">\n<ol class=\"xkVfi WGebp\">\n<li class=\"fGYqH\" dir=\"auto\" aria-level=\"1\">\n<p id=\"viewer-jz9st84\" class=\"cqfST cQRuq WGebp jTM--\" dir=\"\"><span class=\"_61ACD\"><em>Janelas panor\u00e2micas<\/em>Ideal para apreciar paisagens deslumbrantes. Isoladores t\u00e9rmicos blackout para este tipo de janela maximizam a privacidade e impedem a entrada de luz indesejada.<\/span><\/p>\n<\/li>\n<li class=\"fGYqH\" dir=\"auto\" aria-level=\"1\">\n<p id=\"viewer-7qi4988\" class=\"cqfST cQRuq WGebp jTM--\" dir=\"\"><span class=\"_61ACD\"><em>Janelas de correr<\/em>Pr\u00e1ticas e funcionais, essas janelas permitem f\u00e1cil acesso ao exterior. Persianas t\u00e9rmicas garantem um sono tranquilo e prote\u00e7\u00e3o adicional contra as intemp\u00e9ries.<\/span><\/p>\n<\/li>\n<li class=\"fGYqH\" dir=\"auto\" aria-level=\"1\">\n<p id=\"viewer-djgiv92\" class=\"cqfST cQRuq WGebp jTM--\" dir=\"\"><span class=\"_61ACD\"><em>Janelas de vigia<\/em>Com um design cl\u00e1ssico, estas janelas adicionam um toque retr\u00f4. Blackouts personalizados preservam a est\u00e9tica e oferecem a prote\u00e7\u00e3o necess\u00e1ria.<\/span><\/p>\n<\/li>\n<li class=\"fGYqH\" dir=\"auto\" aria-level=\"1\">\n<p id=\"viewer-c62pu96\" class=\"cqfST cQRuq WGebp jTM--\" dir=\"\"><span class=\"_61ACD\"><em>Janelas pequenas e estrategicamente posicionadas<\/em>Em alguns modelos de camper, as janelas s\u00e3o estrategicamente posicionadas para equilibrar privacidade e luz natural. Isoladores t\u00e9rmicos blackout bem ajustados s\u00e3o essenciais para um ambiente aconchegante. <\/span><\/p>\n<\/li>\n<\/ol>\n<\/div>\n<div data-breakout=\"normal\">\n<p id=\"viewer-1vy7q99\" class=\"cqfST cQRuq WGebp jTM--\" dir=\"auto\"><span class=\"_61ACD\"><strong>O toque final: blackouts de isolamento t\u00e9rmico para janelas de trailers<\/strong><\/span><\/p>\n<\/div>\n<div data-breakout=\"normal\">\n<p id=\"viewer-pjh6r101\" class=\"cqfST cQRuq WGebp jTM--\" dir=\"auto\"><span class=\"_61ACD\">Depois de explorar a variedade de janelas do seu trailer, \u00e9 hora de considerar como melhorar sua experi\u00eancia de viagem. Isoladores t\u00e9rmicos blackout s\u00e3o a solu\u00e7\u00e3o perfeita.<\/span><\/p>\n<\/div>\n<div data-breakout=\"normal\">\n<p id=\"viewer-ay2nl103\" class=\"cqfST cQRuq WGebp jTM--\" dir=\"auto\"><span class=\"_61ACD\">Esse<\/span><\/p>\n<\/div>\n<div data-breakout=\"normal\">\n<ul class=\"_9byOP WGebp\">\n<li class=\"fGYqH\" dir=\"auto\" aria-level=\"1\">\n<p id=\"viewer-dce1q107\" class=\"cqfST cQRuq WGebp jTM--\" dir=\"\"><span class=\"_61ACD\"><strong>Privacidade total<\/strong>:Eles bloqueiam a vis\u00e3o do exterior para que voc\u00ea possa aproveitar seu espa\u00e7o sem preocupa\u00e7\u00f5es.<\/span><\/p>\n<\/li>\n<li class=\"fGYqH\" dir=\"auto\" aria-level=\"1\">\n<p id=\"viewer-1rs1d111\" class=\"cqfST cQRuq WGebp jTM--\" dir=\"\"><span class=\"_61ACD\"><strong>Regula\u00e7\u00e3o T\u00e9rmica<\/strong>: Eles mant\u00eam seu trailer fresco no ver\u00e3o e aquecido no inverno, otimizando o conforto.<\/span><\/p>\n<\/li>\n<li class=\"fGYqH\" dir=\"auto\" aria-level=\"1\">\n<p id=\"viewer-2rbrx115\" class=\"cqfST cQRuq WGebp jTM--\" dir=\"\"><span class=\"_61ACD\"><strong>Escurid\u00e3o Absoluta<\/strong>Ideal para quem gosta de um sono profundo. Persianas blackout bloqueiam a luz, criando um ambiente tranquilo. <\/span><\/p>\n<\/li>\n<\/ul>\n<\/div>\n<div data-breakout=\"normal\">\n<div id=\"viewer-65jmm1469\" class=\"KqKMh\">\n<div class=\"_7T4Uc LIugr\">\n<figure class=\"P29V1\">\n<div class=\"CuIEU\" tabindex=\"0\" role=\"button\" data-hook=\"imageViewer\" aria-haspopup=\"true\">\n<div id=\"65jmm1469\" class=\"KfAFF ApRDe _84uzj\"><img decoding=\"async\" class=\"aligncenter\" draggable=\"false\" src=\"https:\/\/static.wixstatic.com\/media\/60c9aa_99e8feb698dd4a3db38512aea505a7cc~mv2.jpg\/v1\/fill\/w_740,h_740,al_c,q_85,usm_0.66_1.00_0.01,enc_avif,quality_auto\/60c9aa_99e8feb698dd4a3db38512aea505a7cc~mv2.jpg\" alt=\"Descubra a magia das janelas no seu trailer\" data-pin-url=\"https:\/\/m2camper.com\/post\/descubre-la-magia-de-las-ventanas-en-tu-camper\" data-pin-media=\"https:\/\/static.wixstatic.com\/media\/60c9aa_99e8feb698dd4a3db38512aea505a7cc~mv2.jpg\/v1\/fill\/w_1024,h_1024,al_c,q_85\/60c9aa_99e8feb698dd4a3db38512aea505a7cc~mv2.jpg\" data-ssr-src-done=\"true\" data-load-done=\"\" \/><\/div>\n<\/div>\n<\/figure>\n<\/div>\n<\/div>\n<\/div>\n<div data-breakout=\"normal\">\n<p id=\"viewer-wod7m118\" class=\"cqfST cQRuq WGebp jTM--\" dir=\"auto\"><span class=\"_61ACD\">Resumindo, as janelas s\u00e3o o cora\u00e7\u00e3o do seu trailer, e o isolamento t\u00e9rmico blackout \u00e9 essencial para maximizar seu potencial. D\u00ea ao seu espa\u00e7o sobre rodas um toque personalizado e confort\u00e1vel e prepare-se para curtir a aventura com estilo com o M2 Camper!<\/span><\/p>\n<\/div>\n<div data-breakout=\"normal\">\n<div id=\"viewer-0c3lx3674\" class=\"KqKMh\">\n<div class=\"_7T4Uc LIugr\">\n<figure class=\"P29V1\">\n<div class=\"CuIEU\" tabindex=\"0\" role=\"button\" data-hook=\"imageViewer\" aria-haspopup=\"true\">\n<div id=\"0c3lx3674\" class=\"KfAFF ApRDe _84uzj\"><img decoding=\"async\" class=\"aligncenter\" draggable=\"false\" src=\"https:\/\/static.wixstatic.com\/media\/60c9aa_fdcd0c24e7dd462bb00a4d17d76e0f55~mv2.jpg\/v1\/fill\/w_740,h_740,al_c,q_85,usm_0.66_1.00_0.01,enc_avif,quality_auto\/60c9aa_fdcd0c24e7dd462bb00a4d17d76e0f55~mv2.jpg\" alt=\"Descubra a magia das janelas no seu trailer\" data-pin-url=\"https:\/\/m2camper.com\/post\/descubre-la-magia-de-las-ventanas-en-tu-camper\" data-pin-media=\"https:\/\/static.wixstatic.com\/media\/60c9aa_fdcd0c24e7dd462bb00a4d17d76e0f55~mv2.jpg\/v1\/fill\/w_1024,h_1024,al_c,q_85\/60c9aa_fdcd0c24e7dd462bb00a4d17d76e0f55~mv2.jpg\" data-load-done=\"\" \/><\/div>\n<\/div>\n<\/figure>\n<\/div>\n<\/div>\n<\/div>\n<div data-hook=\"rcv-block18\"><\/div>\n<div data-breakout=\"normal\">\n<p id=\"viewer-jsw1i3676\" class=\"cqfST cQRuq WGebp jTM--\" dir=\"auto\">\n<\/div>","protected":false},"excerpt":{"rendered":"<p>\u00a1Bienvenidos, amantes de la vida sobre ruedas! En esta entrada, vamos a explorar la importancia de las ventanas en tu camper, su diversidad en tama\u00f1o y formas, y c\u00f3mo los aislantes t\u00e9rmicos oscurecedores pueden convertir tu espacio en un santuario acogedor y privado. Las Ventanas: El Gran Escaparate al Exterior Las ventanas en tu camper&hellip;&nbsp;<a href=\"https:\/\/m2camper.com\/pt\/descubra-a-magia-das-janelas-do-seu-trailer\/\" rel=\"bookmark\">Ler mais &raquo;<span class=\"screen-reader-text\">Descubra a magia das janelas no seu Camper<\/span><\/a><\/p>","protected":false},"author":5740,"featured_media":11560,"comment_status":"open","ping_status":"open","sticky":false,"template":"","format":"standard","meta":{"neve_meta_sidebar":"","neve_meta_container":"","neve_meta_enable_content_width":"off","neve_meta_content_width":70,"neve_meta_title_alignment":"","neve_meta_author_avatar":"","neve_post_elements_order":"","neve_meta_disable_header":"","neve_meta_disable_footer":"","neve_meta_disable_title":"","footnotes":""},"categories":[1],"tags":[],"class_list":["post-11559","post","type-post","status-publish","format-standard","has-post-thumbnail","hentry","category-uncategorized"],"yoast_head":"<!-- This site is optimized with the Yoast SEO plugin v27.4 - https:\/\/yoast.com\/product\/yoast-seo-wordpress\/ -->\n<title>Descubre la Magia de las Ventanas en tu Camper - M2 Camper | Aislantes t\u00e9rmicos y oscurecedores para campers<\/title>\n<meta name=\"robots\" content=\"index, follow, max-snippet:-1, max-image-preview:large, max-video-preview:-1\" \/>\n<link rel=\"canonical\" href=\"https:\/\/m2camper.com\/pt\/descubra-a-magia-das-janelas-do-seu-trailer\/\" \/>\n<meta property=\"og:locale\" content=\"pt_PT\" \/>\n<meta property=\"og:type\" content=\"article\" \/>\n<meta property=\"og:title\" content=\"Descubre la Magia de las Ventanas en tu Camper - M2 Camper | Aislantes t\u00e9rmicos y oscurecedores para campers\" \/>\n<meta property=\"og:description\" content=\"\u00a1Bienvenidos, amantes de la vida sobre ruedas! En esta entrada, vamos a explorar la importancia de las ventanas en tu camper, su diversidad en tama\u00f1o y formas, y c\u00f3mo los aislantes t\u00e9rmicos oscurecedores pueden convertir tu espacio en un santuario acogedor y privado. Las Ventanas: El Gran Escaparate al Exterior Las ventanas en tu camper&hellip;&nbsp;Ler mais &raquo;Descubre la Magia de las Ventanas en tu Camper\" \/>\n<meta property=\"og:url\" content=\"https:\/\/m2camper.com\/pt\/descubra-a-magia-das-janelas-do-seu-trailer\/\" \/>\n<meta property=\"og:site_name\" content=\"M2 Camper | Aislantes t\u00e9rmicos y oscurecedores para campers\" \/>\n<meta property=\"article:published_time\" content=\"2024-02-24T11:00:28+00:00\" \/>\n<meta property=\"article:modified_time\" content=\"2025-02-06T11:01:52+00:00\" \/>\n<meta property=\"og:image\" content=\"https:\/\/m2camper.com\/wp-content\/uploads\/2025\/02\/60c9aa_99e8feb698dd4a3db38512aea505a7ccmv2.webp\" \/>\n\t<meta property=\"og:image:width\" content=\"454\" \/>\n\t<meta property=\"og:image:height\" content=\"341\" \/>\n\t<meta property=\"og:image:type\" content=\"image\/webp\" \/>\n<meta name=\"author\" content=\"carlos\" \/>\n<meta name=\"twitter:card\" content=\"summary_large_image\" \/>\n<meta name=\"twitter:label1\" content=\"Escrito por\" \/>\n\t<meta name=\"twitter:data1\" content=\"carlos\" \/>\n\t<meta name=\"twitter:label2\" content=\"Tempo estimado de leitura\" \/>\n\t<meta name=\"twitter:data2\" content=\"2 minutos\" \/>\n<script type=\"application\/ld+json\" class=\"yoast-schema-graph\">{\"@context\":\"https:\\\/\\\/schema.org\",\"@graph\":[{\"@type\":\"Article\",\"@id\":\"https:\\\/\\\/m2camper.com\\\/descubre-la-magia-de-las-ventanas-en-tu-camper\\\/#article\",\"isPartOf\":{\"@id\":\"https:\\\/\\\/m2camper.com\\\/descubre-la-magia-de-las-ventanas-en-tu-camper\\\/\"},\"author\":{\"name\":\"carlos\",\"@id\":\"https:\\\/\\\/m2camper.com\\\/pt\\\/#\\\/schema\\\/person\\\/d003f4147a0469cbf1c77ba1bebdb1bb\"},\"headline\":\"Descubre la Magia de las Ventanas en tu Camper\",\"datePublished\":\"2024-02-24T11:00:28+00:00\",\"dateModified\":\"2025-02-06T11:01:52+00:00\",\"mainEntityOfPage\":{\"@id\":\"https:\\\/\\\/m2camper.com\\\/descubre-la-magia-de-las-ventanas-en-tu-camper\\\/\"},\"wordCount\":478,\"commentCount\":0,\"image\":{\"@id\":\"https:\\\/\\\/m2camper.com\\\/descubre-la-magia-de-las-ventanas-en-tu-camper\\\/#primaryimage\"},\"thumbnailUrl\":\"https:\\\/\\\/m2camper.com\\\/wp-content\\\/uploads\\\/2025\\\/02\\\/60c9aa_99e8feb698dd4a3db38512aea505a7ccmv2.webp\",\"articleSection\":[\"Uncategorized\"],\"inLanguage\":\"pt-PT\",\"potentialAction\":[{\"@type\":\"CommentAction\",\"name\":\"Comment\",\"target\":[\"https:\\\/\\\/m2camper.com\\\/descubre-la-magia-de-las-ventanas-en-tu-camper\\\/#respond\"]}]},{\"@type\":\"WebPage\",\"@id\":\"https:\\\/\\\/m2camper.com\\\/descubre-la-magia-de-las-ventanas-en-tu-camper\\\/\",\"url\":\"https:\\\/\\\/m2camper.com\\\/descubre-la-magia-de-las-ventanas-en-tu-camper\\\/\",\"name\":\"Descubre la Magia de las Ventanas en tu Camper - M2 Camper | Aislantes t\u00e9rmicos y oscurecedores para campers\",\"isPartOf\":{\"@id\":\"https:\\\/\\\/m2camper.com\\\/pt\\\/#website\"},\"primaryImageOfPage\":{\"@id\":\"https:\\\/\\\/m2camper.com\\\/descubre-la-magia-de-las-ventanas-en-tu-camper\\\/#primaryimage\"},\"image\":{\"@id\":\"https:\\\/\\\/m2camper.com\\\/descubre-la-magia-de-las-ventanas-en-tu-camper\\\/#primaryimage\"},\"thumbnailUrl\":\"https:\\\/\\\/m2camper.com\\\/wp-content\\\/uploads\\\/2025\\\/02\\\/60c9aa_99e8feb698dd4a3db38512aea505a7ccmv2.webp\",\"datePublished\":\"2024-02-24T11:00:28+00:00\",\"dateModified\":\"2025-02-06T11:01:52+00:00\",\"author\":{\"@id\":\"https:\\\/\\\/m2camper.com\\\/pt\\\/#\\\/schema\\\/person\\\/d003f4147a0469cbf1c77ba1bebdb1bb\"},\"breadcrumb\":{\"@id\":\"https:\\\/\\\/m2camper.com\\\/descubre-la-magia-de-las-ventanas-en-tu-camper\\\/#breadcrumb\"},\"inLanguage\":\"pt-PT\",\"potentialAction\":[{\"@type\":\"ReadAction\",\"target\":[\"https:\\\/\\\/m2camper.com\\\/descubre-la-magia-de-las-ventanas-en-tu-camper\\\/\"]}]},{\"@type\":\"ImageObject\",\"inLanguage\":\"pt-PT\",\"@id\":\"https:\\\/\\\/m2camper.com\\\/descubre-la-magia-de-las-ventanas-en-tu-camper\\\/#primaryimage\",\"url\":\"https:\\\/\\\/m2camper.com\\\/wp-content\\\/uploads\\\/2025\\\/02\\\/60c9aa_99e8feb698dd4a3db38512aea505a7ccmv2.webp\",\"contentUrl\":\"https:\\\/\\\/m2camper.com\\\/wp-content\\\/uploads\\\/2025\\\/02\\\/60c9aa_99e8feb698dd4a3db38512aea505a7ccmv2.webp\",\"width\":454,\"height\":341},{\"@type\":\"BreadcrumbList\",\"@id\":\"https:\\\/\\\/m2camper.com\\\/descubre-la-magia-de-las-ventanas-en-tu-camper\\\/#breadcrumb\",\"itemListElement\":[{\"@type\":\"ListItem\",\"position\":1,\"name\":\"Portada\",\"item\":\"https:\\\/\\\/m2camper.com\\\/pt\\\/\"},{\"@type\":\"ListItem\",\"position\":2,\"name\":\"Descubre la Magia de las Ventanas en tu Camper\"}]},{\"@type\":\"WebSite\",\"@id\":\"https:\\\/\\\/m2camper.com\\\/pt\\\/#website\",\"url\":\"https:\\\/\\\/m2camper.com\\\/pt\\\/\",\"name\":\"M2 Campers | Aislantes t\u00e9rmicos y oscurecedores para campers\",\"description\":\"Descubre calidad y confort de nuestros aislantes t\u00e9rmicos oscurecedores y colchones para veh\u00edculos. Optimiza tu experiencia en carretera con M2 Camper.\",\"potentialAction\":[{\"@type\":\"SearchAction\",\"target\":{\"@type\":\"EntryPoint\",\"urlTemplate\":\"https:\\\/\\\/m2camper.com\\\/pt\\\/?s={search_term_string}\"},\"query-input\":{\"@type\":\"PropertyValueSpecification\",\"valueRequired\":true,\"valueName\":\"search_term_string\"}}],\"inLanguage\":\"pt-PT\"},{\"@type\":\"Person\",\"@id\":\"https:\\\/\\\/m2camper.com\\\/pt\\\/#\\\/schema\\\/person\\\/d003f4147a0469cbf1c77ba1bebdb1bb\",\"name\":\"carlos\",\"image\":{\"@type\":\"ImageObject\",\"inLanguage\":\"pt-PT\",\"@id\":\"https:\\\/\\\/secure.gravatar.com\\\/avatar\\\/ab10b60551e807f6b37d54bb09e40bc41b08e3828d46504634ad6f35da1b46dc?s=96&d=mm&r=g\",\"url\":\"https:\\\/\\\/secure.gravatar.com\\\/avatar\\\/ab10b60551e807f6b37d54bb09e40bc41b08e3828d46504634ad6f35da1b46dc?s=96&d=mm&r=g\",\"contentUrl\":\"https:\\\/\\\/secure.gravatar.com\\\/avatar\\\/ab10b60551e807f6b37d54bb09e40bc41b08e3828d46504634ad6f35da1b46dc?s=96&d=mm&r=g\",\"caption\":\"carlos\"},\"url\":\"https:\\\/\\\/m2camper.com\\\/pt\\\/author\\\/carlos\\\/\"}]}<\/script>\n<!-- \/ Yoast SEO plugin. -->","yoast_head_json":{"title":"Descubra a magia das janelas no seu trailer - M2 Camper | Isolamento t\u00e9rmico e blackout para trailers","robots":{"index":"index","follow":"follow","max-snippet":"max-snippet:-1","max-image-preview":"max-image-preview:large","max-video-preview":"max-video-preview:-1"},"canonical":"https:\/\/m2camper.com\/pt\/descubra-a-magia-das-janelas-do-seu-trailer\/","og_locale":"pt_PT","og_type":"article","og_title":"Descubre la Magia de las Ventanas en tu Camper - M2 Camper | Aislantes t\u00e9rmicos y oscurecedores para campers","og_description":"\u00a1Bienvenidos, amantes de la vida sobre ruedas! En esta entrada, vamos a explorar la importancia de las ventanas en tu camper, su diversidad en tama\u00f1o y formas, y c\u00f3mo los aislantes t\u00e9rmicos oscurecedores pueden convertir tu espacio en un santuario acogedor y privado. Las Ventanas: El Gran Escaparate al Exterior Las ventanas en tu camper&hellip;&nbsp;Ler mais &raquo;Descubre la Magia de las Ventanas en tu Camper","og_url":"https:\/\/m2camper.com\/pt\/descubra-a-magia-das-janelas-do-seu-trailer\/","og_site_name":"M2 Camper | Aislantes t\u00e9rmicos y oscurecedores para campers","article_published_time":"2024-02-24T11:00:28+00:00","article_modified_time":"2025-02-06T11:01:52+00:00","og_image":[{"width":454,"height":341,"url":"https:\/\/m2camper.com\/wp-content\/uploads\/2025\/02\/60c9aa_99e8feb698dd4a3db38512aea505a7ccmv2.webp","type":"image\/webp"}],"author":"carlos","twitter_card":"summary_large_image","twitter_misc":{"Escrito por":"carlos","Tempo estimado de leitura":"2 minutos"},"schema":{"@context":"https:\/\/schema.org","@graph":[{"@type":"Article","@id":"https:\/\/m2camper.com\/descubre-la-magia-de-las-ventanas-en-tu-camper\/#article","isPartOf":{"@id":"https:\/\/m2camper.com\/descubre-la-magia-de-las-ventanas-en-tu-camper\/"},"author":{"name":"carlos","@id":"https:\/\/m2camper.com\/pt\/#\/schema\/person\/d003f4147a0469cbf1c77ba1bebdb1bb"},"headline":"Descubre la Magia de las Ventanas en tu Camper","datePublished":"2024-02-24T11:00:28+00:00","dateModified":"2025-02-06T11:01:52+00:00","mainEntityOfPage":{"@id":"https:\/\/m2camper.com\/descubre-la-magia-de-las-ventanas-en-tu-camper\/"},"wordCount":478,"commentCount":0,"image":{"@id":"https:\/\/m2camper.com\/descubre-la-magia-de-las-ventanas-en-tu-camper\/#primaryimage"},"thumbnailUrl":"https:\/\/m2camper.com\/wp-content\/uploads\/2025\/02\/60c9aa_99e8feb698dd4a3db38512aea505a7ccmv2.webp","articleSection":["Uncategorized"],"inLanguage":"pt-PT","potentialAction":[{"@type":"CommentAction","name":"Comment","target":["https:\/\/m2camper.com\/descubre-la-magia-de-las-ventanas-en-tu-camper\/#respond"]}]},{"@type":"WebPage","@id":"https:\/\/m2camper.com\/descubre-la-magia-de-las-ventanas-en-tu-camper\/","url":"https:\/\/m2camper.com\/descubre-la-magia-de-las-ventanas-en-tu-camper\/","name":"Descubra a magia das janelas no seu trailer - M2 Camper | Isolamento t\u00e9rmico e blackout para trailers","isPartOf":{"@id":"https:\/\/m2camper.com\/pt\/#website"},"primaryImageOfPage":{"@id":"https:\/\/m2camper.com\/descubre-la-magia-de-las-ventanas-en-tu-camper\/#primaryimage"},"image":{"@id":"https:\/\/m2camper.com\/descubre-la-magia-de-las-ventanas-en-tu-camper\/#primaryimage"},"thumbnailUrl":"https:\/\/m2camper.com\/wp-content\/uploads\/2025\/02\/60c9aa_99e8feb698dd4a3db38512aea505a7ccmv2.webp","datePublished":"2024-02-24T11:00:28+00:00","dateModified":"2025-02-06T11:01:52+00:00","author":{"@id":"https:\/\/m2camper.com\/pt\/#\/schema\/person\/d003f4147a0469cbf1c77ba1bebdb1bb"},"breadcrumb":{"@id":"https:\/\/m2camper.com\/descubre-la-magia-de-las-ventanas-en-tu-camper\/#breadcrumb"},"inLanguage":"pt-PT","potentialAction":[{"@type":"ReadAction","target":["https:\/\/m2camper.com\/descubre-la-magia-de-las-ventanas-en-tu-camper\/"]}]},{"@type":"ImageObject","inLanguage":"pt-PT","@id":"https:\/\/m2camper.com\/descubre-la-magia-de-las-ventanas-en-tu-camper\/#primaryimage","url":"https:\/\/m2camper.com\/wp-content\/uploads\/2025\/02\/60c9aa_99e8feb698dd4a3db38512aea505a7ccmv2.webp","contentUrl":"https:\/\/m2camper.com\/wp-content\/uploads\/2025\/02\/60c9aa_99e8feb698dd4a3db38512aea505a7ccmv2.webp","width":454,"height":341},{"@type":"BreadcrumbList","@id":"https:\/\/m2camper.com\/descubre-la-magia-de-las-ventanas-en-tu-camper\/#breadcrumb","itemListElement":[{"@type":"ListItem","position":1,"name":"Portada","item":"https:\/\/m2camper.com\/pt\/"},{"@type":"ListItem","position":2,"name":"Descubre la Magia de las Ventanas en tu Camper"}]},{"@type":"WebSite","@id":"https:\/\/m2camper.com\/pt\/#website","url":"https:\/\/m2camper.com\/pt\/","name":"M2 Campers | Isolamento t\u00e9rmico e blackouts para campistas","description":"Descubra a qualidade e o conforto do nosso isolamento t\u00e9rmico blackout e dos nossos colch\u00f5es para ve\u00edculos. Otimize sua experi\u00eancia de viagem com a M2 Camper.","potentialAction":[{"@type":"SearchAction","target":{"@type":"EntryPoint","urlTemplate":"https:\/\/m2camper.com\/pt\/?s={search_term_string}"},"query-input":{"@type":"PropertyValueSpecification","valueRequired":true,"valueName":"search_term_string"}}],"inLanguage":"pt-PT"},{"@type":"Person","@id":"https:\/\/m2camper.com\/pt\/#\/schema\/person\/d003f4147a0469cbf1c77ba1bebdb1bb","name":"Carlos","image":{"@type":"ImageObject","inLanguage":"pt-PT","@id":"https:\/\/secure.gravatar.com\/avatar\/ab10b60551e807f6b37d54bb09e40bc41b08e3828d46504634ad6f35da1b46dc?s=96&d=mm&r=g","url":"https:\/\/secure.gravatar.com\/avatar\/ab10b60551e807f6b37d54bb09e40bc41b08e3828d46504634ad6f35da1b46dc?s=96&d=mm&r=g","contentUrl":"https:\/\/secure.gravatar.com\/avatar\/ab10b60551e807f6b37d54bb09e40bc41b08e3828d46504634ad6f35da1b46dc?s=96&d=mm&r=g","caption":"carlos"},"url":"https:\/\/m2camper.com\/pt\/author\/carlos\/"}]}},"_links":{"self":[{"href":"https:\/\/m2camper.com\/pt\/wp-json\/wp\/v2\/posts\/11559","targetHints":{"allow":["GET"]}}],"collection":[{"href":"https:\/\/m2camper.com\/pt\/wp-json\/wp\/v2\/posts"}],"about":[{"href":"https:\/\/m2camper.com\/pt\/wp-json\/wp\/v2\/types\/post"}],"author":[{"embeddable":true,"href":"https:\/\/m2camper.com\/pt\/wp-json\/wp\/v2\/users\/5740"}],"replies":[{"embeddable":true,"href":"https:\/\/m2camper.com\/pt\/wp-json\/wp\/v2\/comments?post=11559"}],"version-history":[{"count":2,"href":"https:\/\/m2camper.com\/pt\/wp-json\/wp\/v2\/posts\/11559\/revisions"}],"predecessor-version":[{"id":11562,"href":"https:\/\/m2camper.com\/pt\/wp-json\/wp\/v2\/posts\/11559\/revisions\/11562"}],"wp:featuredmedia":[{"embeddable":true,"href":"https:\/\/m2camper.com\/pt\/wp-json\/wp\/v2\/media\/11560"}],"wp:attachment":[{"href":"https:\/\/m2camper.com\/pt\/wp-json\/wp\/v2\/media?parent=11559"}],"wp:term":[{"taxonomy":"category","embeddable":true,"href":"https:\/\/m2camper.com\/pt\/wp-json\/wp\/v2\/categories?post=11559"},{"taxonomy":"post_tag","embeddable":true,"href":"https:\/\/m2camper.com\/pt\/wp-json\/wp\/v2\/tags?post=11559"}],"curies":[{"name":"wp","href":"https:\/\/api.w.org\/{rel}","templated":true}]}}