{"id":11555,"date":"2024-02-04T10:55:59","date_gmt":"2024-02-04T10:55:59","guid":{"rendered":"https:\/\/ultbit.com\/m2camper\/?p=11555"},"modified":"2025-02-06T10:57:24","modified_gmt":"2025-02-06T10:57:24","slug":"isole-seu-veiculo-com-nossa-tecnologia-de-9-camadas","status":"publish","type":"post","link":"https:\/\/m2camper.com\/pt\/isole-seu-veiculo-com-nossa-tecnologia-de-9-camadas\/","title":{"rendered":"Isole seu ve\u00edculo com nossa tecnologia de 9 camadas: uma barreira eficiente contra frio e calor"},"content":{"rendered":"<div data-breakout=\"normal\">\n<p id=\"viewer-9es8o92\" class=\"cqfST cQRuq WGebp jTM--\" dir=\"auto\"><span class=\"_61ACD\"><strong>Camada 1: alum\u00ednio de 90 m\u00edcrons, anti-UV e resistente a riscos<\/strong> A primeira linha de defesa deste isolamento t\u00e9rmico \u00e9 uma camada de alum\u00ednio de 90 m\u00edcrons, projetada para resistir aos raios UV e proteger contra arranh\u00f5es. Essa camada n\u00e3o s\u00f3 garante a durabilidade do produto, como tamb\u00e9m previne a deteriora\u00e7\u00e3o causada pela exposi\u00e7\u00e3o direta \u00e0 luz solar.<\/span><\/p>\n<\/div>\n<div data-breakout=\"normal\">\n<p id=\"viewer-ggoz4129\" class=\"cqfST cQRuq WGebp jTM--\" dir=\"auto\"><span class=\"_61ACD\"><strong>Camadas 2, 4, 6 e 8: polietileno expandido de 2 mm<\/strong> Entre as camadas de alum\u00ednio, encontram-se folhas de polietileno expandido com 2 mm de espessura. Essas camadas proporcionam um isolamento t\u00e9rmico eficiente, ajudando a manter a temperatura interna constante e reduzindo a transfer\u00eancia de calor ou frio do exterior.<\/span><\/p>\n<\/div>\n<div data-breakout=\"normal\">\n<p id=\"viewer-7d8hp132\" class=\"cqfST cQRuq WGebp jTM--\" dir=\"auto\"><span class=\"_61ACD\"><strong>Camadas 3, 5 e 7: folha de alum\u00ednio de 38 m\u00edcrons para isolamento<\/strong> Entre as camadas de polietileno, encontram-se folhas de alum\u00ednio de 38 m\u00edcrons, projetadas especificamente para fornecer isolamento t\u00e9rmico adicional. Esse arranjo estrat\u00e9gico de folhas de alum\u00ednio garante um controle eficaz da temperatura, criando uma barreira dur\u00e1vel contra condi\u00e7\u00f5es clim\u00e1ticas adversas.<\/span><\/p>\n<\/div>\n<div data-breakout=\"normal\">\n<p id=\"viewer-uangy135\" class=\"cqfST cQRuq WGebp jTM--\" dir=\"auto\"><span class=\"_61ACD\"><strong>Camada 9: enchimento antial\u00e9rgico de 75 gr\/m\u00b2 para isolamento<\/strong> A camada final deste inovador isolamento t\u00e9rmico blackout \u00e9 composta por enchimento de 75 g\/m\u00b2, que n\u00e3o s\u00f3 contribui para o isolamento t\u00e9rmico como tamb\u00e9m atua como uma barreira antial\u00e9rgica. Este material especializado ajuda a manter um ambiente livre de al\u00e9rgenos, proporcionando um espa\u00e7o mais saud\u00e1vel e confort\u00e1vel.<\/span><\/p>\n<\/div>\n<div data-breakout=\"normal\">\n<p id=\"viewer-4x9jc138\" class=\"cqfST cQRuq WGebp jTM--\" dir=\"auto\"><span class=\"_61ACD\"><strong>Camada extra: PVC anticondensa\u00e7\u00e3o<\/strong> Como toque final, uma camada de couro ecol\u00f3gico ou PVC anticondensa\u00e7\u00e3o \u00e9 adicionada para evitar o ac\u00famulo de umidade, contribuindo assim para a prote\u00e7\u00e3o contra o crescimento de mofo e bact\u00e9rias. Essa camada adicional garante que o isolamento t\u00e9rmico mantenha seu desempenho ideal ao longo do tempo.<\/span><\/p>\n<\/div>\n<div data-breakout=\"normal\">\n<p id=\"viewer-a29zw141\" class=\"cqfST cQRuq WGebp jTM--\" dir=\"auto\"><span class=\"_61ACD\">Em suma, o isolamento t\u00e9rmico blackout de 9 camadas oferece uma solu\u00e7\u00e3o abrangente para o controle t\u00e9rmico interno, destacando-se por sua resist\u00eancia, durabilidade e capacidade de criar um ambiente interno confort\u00e1vel e saud\u00e1vel. Essas caracter\u00edsticas inovadoras tornam este produto uma escolha inteligente para quem busca melhorar a efici\u00eancia energ\u00e9tica de seus ve\u00edculos.<\/span><\/p>\n<\/div>\n<div data-breakout=\"normal\">\n<p id=\"viewer-xjzep8710\" class=\"cqfST cQRuq WGebp jTM--\" dir=\"auto\"><span class=\"_61ACD\"><em>Isole seu ve\u00edculo com nossa tecnologia de 9 camadas<\/em><\/span><\/p>\n<\/div>\n<div data-breakout=\"normal\">\n<div id=\"viewer-974oq293\" class=\"KqKMh\">\n<div class=\"_7T4Uc\">\n<figure class=\"P29V1\">\n<div class=\"CuIEU\" tabindex=\"0\" role=\"button\" data-hook=\"imageViewer\" aria-haspopup=\"true\">\n<div id=\"974oq293\" class=\"KfAFF ApRDe _84uzj\"><img decoding=\"async\" class=\"aligncenter\" draggable=\"false\" src=\"https:\/\/static.wixstatic.com\/media\/60c9aa_b71ea5f79a0442ca98a42d74da82444b~mv2.jpg\/v1\/fill\/w_524,h_524,al_c,q_80,usm_0.66_1.00_0.01,enc_auto\/60c9aa_b71ea5f79a0442ca98a42d74da82444b~mv2.jpg\" alt=\"9 camadas de isolamento t\u00e9rmico blackout\" data-pin-url=\"https:\/\/m2camper.com\/post\/aisla-tu-vehiculo-con-nuestra-tecnologa-de-9-capas\" data-pin-media=\"https:\/\/static.wixstatic.com\/media\/60c9aa_b71ea5f79a0442ca98a42d74da82444b~mv2.jpg\/v1\/fill\/w_1772,h_1772,al_c,q_90\/60c9aa_b71ea5f79a0442ca98a42d74da82444b~mv2.jpg\" data-ssr-src-done=\"true\" data-load-done=\"\" \/><\/div>\n<\/div>\n<\/figure>\n<\/div>\n<\/div>\n<\/div>\n<div data-hook=\"rcv-block17\"><\/div>\n<div data-breakout=\"normal\">\n<div id=\"viewer-arj9b295\" class=\"cqfST cQRuq WGebp jTM--\" dir=\"auto\"><\/div>\n<\/div>","protected":false},"excerpt":{"rendered":"<p>Capa 1: Aluminio de 90 micras anti rayos ultravioleta y resistente a rayadas La primera l\u00ednea de defensa de este aislante t\u00e9rmico est\u00e1 compuesta por una capa de aluminio de 90 micras, dise\u00f1ada para resistir los rayos ultravioleta y proteger contra ara\u00f1azos. Esta capa no solo garantiza la durabilidad del producto, sino que tambi\u00e9n previene&hellip;&nbsp;<a href=\"https:\/\/m2camper.com\/pt\/isole-seu-veiculo-com-nossa-tecnologia-de-9-camadas\/\" rel=\"bookmark\">Ler mais &raquo;<span class=\"screen-reader-text\">Isole seu ve\u00edculo com nossa tecnologia de 9 camadas: uma barreira eficiente contra frio e calor<\/span><\/a><\/p>","protected":false},"author":5740,"featured_media":11556,"comment_status":"open","ping_status":"open","sticky":false,"template":"","format":"standard","meta":{"neve_meta_sidebar":"","neve_meta_container":"","neve_meta_enable_content_width":"off","neve_meta_content_width":70,"neve_meta_title_alignment":"","neve_meta_author_avatar":"","neve_post_elements_order":"","neve_meta_disable_header":"","neve_meta_disable_footer":"","neve_meta_disable_title":"","footnotes":""},"categories":[1],"tags":[],"class_list":["post-11555","post","type-post","status-publish","format-standard","has-post-thumbnail","hentry","category-uncategorized"],"yoast_head":"<!-- This site is optimized with the Yoast SEO plugin v27.4 - https:\/\/yoast.com\/product\/yoast-seo-wordpress\/ -->\n<title>A\u00edsla tu veh\u00edculo con nuestra tecnolog\u00eda de 9 capas: Una Barrera Eficiente contra el Fr\u00edo y el Calor - M2 Camper | Aislantes t\u00e9rmicos y oscurecedores para campers<\/title>\n<meta name=\"robots\" content=\"index, follow, max-snippet:-1, max-image-preview:large, max-video-preview:-1\" \/>\n<link rel=\"canonical\" href=\"https:\/\/m2camper.com\/pt\/isole-seu-veiculo-com-nossa-tecnologia-de-9-camadas\/\" \/>\n<meta property=\"og:locale\" content=\"pt_PT\" \/>\n<meta property=\"og:type\" content=\"article\" \/>\n<meta property=\"og:title\" content=\"A\u00edsla tu veh\u00edculo con nuestra tecnolog\u00eda de 9 capas: Una Barrera Eficiente contra el Fr\u00edo y el Calor - M2 Camper | Aislantes t\u00e9rmicos y oscurecedores para campers\" \/>\n<meta property=\"og:description\" content=\"Capa 1: Aluminio de 90 micras anti rayos ultravioleta y resistente a rayadas La primera l\u00ednea de defensa de este aislante t\u00e9rmico est\u00e1 compuesta por una capa de aluminio de 90 micras, dise\u00f1ada para resistir los rayos ultravioleta y proteger contra ara\u00f1azos. Esta capa no solo garantiza la durabilidad del producto, sino que tambi\u00e9n previene&hellip;&nbsp;Ler mais &raquo;A\u00edsla tu veh\u00edculo con nuestra tecnolog\u00eda de 9 capas: Una Barrera Eficiente contra el Fr\u00edo y el Calor\" \/>\n<meta property=\"og:url\" content=\"https:\/\/m2camper.com\/pt\/isole-seu-veiculo-com-nossa-tecnologia-de-9-camadas\/\" \/>\n<meta property=\"og:site_name\" content=\"M2 Camper | Aislantes t\u00e9rmicos y oscurecedores para campers\" \/>\n<meta property=\"article:published_time\" content=\"2024-02-04T10:55:59+00:00\" \/>\n<meta property=\"article:modified_time\" content=\"2025-02-06T10:57:24+00:00\" \/>\n<meta property=\"og:image\" content=\"https:\/\/m2camper.com\/wp-content\/uploads\/2025\/02\/60c9aa_b71ea5f79a0442ca98a42d74da82444bmv2.webp\" \/>\n\t<meta property=\"og:image:width\" content=\"454\" \/>\n\t<meta property=\"og:image:height\" content=\"341\" \/>\n\t<meta property=\"og:image:type\" content=\"image\/webp\" \/>\n<meta name=\"author\" content=\"carlos\" \/>\n<meta name=\"twitter:card\" content=\"summary_large_image\" \/>\n<meta name=\"twitter:label1\" content=\"Escrito por\" \/>\n\t<meta name=\"twitter:data1\" content=\"carlos\" \/>\n\t<meta name=\"twitter:label2\" content=\"Tempo estimado de leitura\" \/>\n\t<meta name=\"twitter:data2\" content=\"2 minutos\" \/>\n<script type=\"application\/ld+json\" class=\"yoast-schema-graph\">{\"@context\":\"https:\\\/\\\/schema.org\",\"@graph\":[{\"@type\":\"Article\",\"@id\":\"https:\\\/\\\/m2camper.com\\\/fr\\\/isolez-votre-vehicule-avec-notre-technologie-a-9-couches\\\/#article\",\"isPartOf\":{\"@id\":\"https:\\\/\\\/m2camper.com\\\/fr\\\/isolez-votre-vehicule-avec-notre-technologie-a-9-couches\\\/\"},\"author\":{\"name\":\"carlos\",\"@id\":\"https:\\\/\\\/m2camper.com\\\/pt\\\/#\\\/schema\\\/person\\\/d003f4147a0469cbf1c77ba1bebdb1bb\"},\"headline\":\"A\u00edsla tu veh\u00edculo con nuestra tecnolog\u00eda de 9 capas: Una Barrera Eficiente contra el Fr\u00edo y el Calor\",\"datePublished\":\"2024-02-04T10:55:59+00:00\",\"dateModified\":\"2025-02-06T10:57:24+00:00\",\"mainEntityOfPage\":{\"@id\":\"https:\\\/\\\/m2camper.com\\\/fr\\\/isolez-votre-vehicule-avec-notre-technologie-a-9-couches\\\/\"},\"wordCount\":398,\"commentCount\":0,\"image\":{\"@id\":\"https:\\\/\\\/m2camper.com\\\/fr\\\/isolez-votre-vehicule-avec-notre-technologie-a-9-couches\\\/#primaryimage\"},\"thumbnailUrl\":\"https:\\\/\\\/m2camper.com\\\/wp-content\\\/uploads\\\/2025\\\/02\\\/60c9aa_b71ea5f79a0442ca98a42d74da82444bmv2.webp\",\"articleSection\":[\"Uncategorized\"],\"inLanguage\":\"pt-PT\",\"potentialAction\":[{\"@type\":\"CommentAction\",\"name\":\"Comment\",\"target\":[\"https:\\\/\\\/m2camper.com\\\/fr\\\/isolez-votre-vehicule-avec-notre-technologie-a-9-couches\\\/#respond\"]}]},{\"@type\":\"WebPage\",\"@id\":\"https:\\\/\\\/m2camper.com\\\/fr\\\/isolez-votre-vehicule-avec-notre-technologie-a-9-couches\\\/\",\"url\":\"https:\\\/\\\/m2camper.com\\\/fr\\\/isolez-votre-vehicule-avec-notre-technologie-a-9-couches\\\/\",\"name\":\"A\u00edsla tu veh\u00edculo con nuestra tecnolog\u00eda de 9 capas: Una Barrera Eficiente contra el Fr\u00edo y el Calor - M2 Camper | Aislantes t\u00e9rmicos y oscurecedores para campers\",\"isPartOf\":{\"@id\":\"https:\\\/\\\/m2camper.com\\\/pt\\\/#website\"},\"primaryImageOfPage\":{\"@id\":\"https:\\\/\\\/m2camper.com\\\/fr\\\/isolez-votre-vehicule-avec-notre-technologie-a-9-couches\\\/#primaryimage\"},\"image\":{\"@id\":\"https:\\\/\\\/m2camper.com\\\/fr\\\/isolez-votre-vehicule-avec-notre-technologie-a-9-couches\\\/#primaryimage\"},\"thumbnailUrl\":\"https:\\\/\\\/m2camper.com\\\/wp-content\\\/uploads\\\/2025\\\/02\\\/60c9aa_b71ea5f79a0442ca98a42d74da82444bmv2.webp\",\"datePublished\":\"2024-02-04T10:55:59+00:00\",\"dateModified\":\"2025-02-06T10:57:24+00:00\",\"author\":{\"@id\":\"https:\\\/\\\/m2camper.com\\\/pt\\\/#\\\/schema\\\/person\\\/d003f4147a0469cbf1c77ba1bebdb1bb\"},\"breadcrumb\":{\"@id\":\"https:\\\/\\\/m2camper.com\\\/fr\\\/isolez-votre-vehicule-avec-notre-technologie-a-9-couches\\\/#breadcrumb\"},\"inLanguage\":\"pt-PT\",\"potentialAction\":[{\"@type\":\"ReadAction\",\"target\":[\"https:\\\/\\\/m2camper.com\\\/fr\\\/isolez-votre-vehicule-avec-notre-technologie-a-9-couches\\\/\"]}]},{\"@type\":\"ImageObject\",\"inLanguage\":\"pt-PT\",\"@id\":\"https:\\\/\\\/m2camper.com\\\/fr\\\/isolez-votre-vehicule-avec-notre-technologie-a-9-couches\\\/#primaryimage\",\"url\":\"https:\\\/\\\/m2camper.com\\\/wp-content\\\/uploads\\\/2025\\\/02\\\/60c9aa_b71ea5f79a0442ca98a42d74da82444bmv2.webp\",\"contentUrl\":\"https:\\\/\\\/m2camper.com\\\/wp-content\\\/uploads\\\/2025\\\/02\\\/60c9aa_b71ea5f79a0442ca98a42d74da82444bmv2.webp\",\"width\":454,\"height\":341},{\"@type\":\"BreadcrumbList\",\"@id\":\"https:\\\/\\\/m2camper.com\\\/fr\\\/isolez-votre-vehicule-avec-notre-technologie-a-9-couches\\\/#breadcrumb\",\"itemListElement\":[{\"@type\":\"ListItem\",\"position\":1,\"name\":\"Portada\",\"item\":\"https:\\\/\\\/m2camper.com\\\/pt\\\/\"},{\"@type\":\"ListItem\",\"position\":2,\"name\":\"A\u00edsla tu veh\u00edculo con nuestra tecnolog\u00eda de 9 capas: Una Barrera Eficiente contra el Fr\u00edo y el Calor\"}]},{\"@type\":\"WebSite\",\"@id\":\"https:\\\/\\\/m2camper.com\\\/pt\\\/#website\",\"url\":\"https:\\\/\\\/m2camper.com\\\/pt\\\/\",\"name\":\"M2 Campers | Aislantes t\u00e9rmicos y oscurecedores para campers\",\"description\":\"Descubre calidad y confort de nuestros aislantes t\u00e9rmicos oscurecedores y colchones para veh\u00edculos. Optimiza tu experiencia en carretera con M2 Camper.\",\"potentialAction\":[{\"@type\":\"SearchAction\",\"target\":{\"@type\":\"EntryPoint\",\"urlTemplate\":\"https:\\\/\\\/m2camper.com\\\/pt\\\/?s={search_term_string}\"},\"query-input\":{\"@type\":\"PropertyValueSpecification\",\"valueRequired\":true,\"valueName\":\"search_term_string\"}}],\"inLanguage\":\"pt-PT\"},{\"@type\":\"Person\",\"@id\":\"https:\\\/\\\/m2camper.com\\\/pt\\\/#\\\/schema\\\/person\\\/d003f4147a0469cbf1c77ba1bebdb1bb\",\"name\":\"carlos\",\"image\":{\"@type\":\"ImageObject\",\"inLanguage\":\"pt-PT\",\"@id\":\"https:\\\/\\\/secure.gravatar.com\\\/avatar\\\/ab10b60551e807f6b37d54bb09e40bc41b08e3828d46504634ad6f35da1b46dc?s=96&d=mm&r=g\",\"url\":\"https:\\\/\\\/secure.gravatar.com\\\/avatar\\\/ab10b60551e807f6b37d54bb09e40bc41b08e3828d46504634ad6f35da1b46dc?s=96&d=mm&r=g\",\"contentUrl\":\"https:\\\/\\\/secure.gravatar.com\\\/avatar\\\/ab10b60551e807f6b37d54bb09e40bc41b08e3828d46504634ad6f35da1b46dc?s=96&d=mm&r=g\",\"caption\":\"carlos\"},\"url\":\"https:\\\/\\\/m2camper.com\\\/pt\\\/author\\\/carlos\\\/\"}]}<\/script>\n<!-- \/ Yoast SEO plugin. -->","yoast_head_json":{"title":"Isole seu ve\u00edculo com nossa tecnologia de 9 camadas: uma barreira eficiente contra o frio e o calor - M2 Camper | Isolamento t\u00e9rmico e blackouts para campistas","robots":{"index":"index","follow":"follow","max-snippet":"max-snippet:-1","max-image-preview":"max-image-preview:large","max-video-preview":"max-video-preview:-1"},"canonical":"https:\/\/m2camper.com\/pt\/isole-seu-veiculo-com-nossa-tecnologia-de-9-camadas\/","og_locale":"pt_PT","og_type":"article","og_title":"A\u00edsla tu veh\u00edculo con nuestra tecnolog\u00eda de 9 capas: Una Barrera Eficiente contra el Fr\u00edo y el Calor - M2 Camper | Aislantes t\u00e9rmicos y oscurecedores para campers","og_description":"Capa 1: Aluminio de 90 micras anti rayos ultravioleta y resistente a rayadas La primera l\u00ednea de defensa de este aislante t\u00e9rmico est\u00e1 compuesta por una capa de aluminio de 90 micras, dise\u00f1ada para resistir los rayos ultravioleta y proteger contra ara\u00f1azos. Esta capa no solo garantiza la durabilidad del producto, sino que tambi\u00e9n previene&hellip;&nbsp;Ler mais &raquo;A\u00edsla tu veh\u00edculo con nuestra tecnolog\u00eda de 9 capas: Una Barrera Eficiente contra el Fr\u00edo y el Calor","og_url":"https:\/\/m2camper.com\/pt\/isole-seu-veiculo-com-nossa-tecnologia-de-9-camadas\/","og_site_name":"M2 Camper | Aislantes t\u00e9rmicos y oscurecedores para campers","article_published_time":"2024-02-04T10:55:59+00:00","article_modified_time":"2025-02-06T10:57:24+00:00","og_image":[{"width":454,"height":341,"url":"https:\/\/m2camper.com\/wp-content\/uploads\/2025\/02\/60c9aa_b71ea5f79a0442ca98a42d74da82444bmv2.webp","type":"image\/webp"}],"author":"carlos","twitter_card":"summary_large_image","twitter_misc":{"Escrito por":"carlos","Tempo estimado de leitura":"2 minutos"},"schema":{"@context":"https:\/\/schema.org","@graph":[{"@type":"Article","@id":"https:\/\/m2camper.com\/fr\/isolez-votre-vehicule-avec-notre-technologie-a-9-couches\/#article","isPartOf":{"@id":"https:\/\/m2camper.com\/fr\/isolez-votre-vehicule-avec-notre-technologie-a-9-couches\/"},"author":{"name":"carlos","@id":"https:\/\/m2camper.com\/pt\/#\/schema\/person\/d003f4147a0469cbf1c77ba1bebdb1bb"},"headline":"A\u00edsla tu veh\u00edculo con nuestra tecnolog\u00eda de 9 capas: Una Barrera Eficiente contra el Fr\u00edo y el Calor","datePublished":"2024-02-04T10:55:59+00:00","dateModified":"2025-02-06T10:57:24+00:00","mainEntityOfPage":{"@id":"https:\/\/m2camper.com\/fr\/isolez-votre-vehicule-avec-notre-technologie-a-9-couches\/"},"wordCount":398,"commentCount":0,"image":{"@id":"https:\/\/m2camper.com\/fr\/isolez-votre-vehicule-avec-notre-technologie-a-9-couches\/#primaryimage"},"thumbnailUrl":"https:\/\/m2camper.com\/wp-content\/uploads\/2025\/02\/60c9aa_b71ea5f79a0442ca98a42d74da82444bmv2.webp","articleSection":["Uncategorized"],"inLanguage":"pt-PT","potentialAction":[{"@type":"CommentAction","name":"Comment","target":["https:\/\/m2camper.com\/fr\/isolez-votre-vehicule-avec-notre-technologie-a-9-couches\/#respond"]}]},{"@type":"WebPage","@id":"https:\/\/m2camper.com\/fr\/isolez-votre-vehicule-avec-notre-technologie-a-9-couches\/","url":"https:\/\/m2camper.com\/fr\/isolez-votre-vehicule-avec-notre-technologie-a-9-couches\/","name":"Isole seu ve\u00edculo com nossa tecnologia de 9 camadas: uma barreira eficiente contra o frio e o calor - M2 Camper | Isolamento t\u00e9rmico e blackouts para campistas","isPartOf":{"@id":"https:\/\/m2camper.com\/pt\/#website"},"primaryImageOfPage":{"@id":"https:\/\/m2camper.com\/fr\/isolez-votre-vehicule-avec-notre-technologie-a-9-couches\/#primaryimage"},"image":{"@id":"https:\/\/m2camper.com\/fr\/isolez-votre-vehicule-avec-notre-technologie-a-9-couches\/#primaryimage"},"thumbnailUrl":"https:\/\/m2camper.com\/wp-content\/uploads\/2025\/02\/60c9aa_b71ea5f79a0442ca98a42d74da82444bmv2.webp","datePublished":"2024-02-04T10:55:59+00:00","dateModified":"2025-02-06T10:57:24+00:00","author":{"@id":"https:\/\/m2camper.com\/pt\/#\/schema\/person\/d003f4147a0469cbf1c77ba1bebdb1bb"},"breadcrumb":{"@id":"https:\/\/m2camper.com\/fr\/isolez-votre-vehicule-avec-notre-technologie-a-9-couches\/#breadcrumb"},"inLanguage":"pt-PT","potentialAction":[{"@type":"ReadAction","target":["https:\/\/m2camper.com\/fr\/isolez-votre-vehicule-avec-notre-technologie-a-9-couches\/"]}]},{"@type":"ImageObject","inLanguage":"pt-PT","@id":"https:\/\/m2camper.com\/fr\/isolez-votre-vehicule-avec-notre-technologie-a-9-couches\/#primaryimage","url":"https:\/\/m2camper.com\/wp-content\/uploads\/2025\/02\/60c9aa_b71ea5f79a0442ca98a42d74da82444bmv2.webp","contentUrl":"https:\/\/m2camper.com\/wp-content\/uploads\/2025\/02\/60c9aa_b71ea5f79a0442ca98a42d74da82444bmv2.webp","width":454,"height":341},{"@type":"BreadcrumbList","@id":"https:\/\/m2camper.com\/fr\/isolez-votre-vehicule-avec-notre-technologie-a-9-couches\/#breadcrumb","itemListElement":[{"@type":"ListItem","position":1,"name":"Portada","item":"https:\/\/m2camper.com\/pt\/"},{"@type":"ListItem","position":2,"name":"A\u00edsla tu veh\u00edculo con nuestra tecnolog\u00eda de 9 capas: Una Barrera Eficiente contra el Fr\u00edo y el Calor"}]},{"@type":"WebSite","@id":"https:\/\/m2camper.com\/pt\/#website","url":"https:\/\/m2camper.com\/pt\/","name":"M2 Campers | Isolamento t\u00e9rmico e blackouts para campistas","description":"Descubra a qualidade e o conforto do nosso isolamento t\u00e9rmico blackout e dos nossos colch\u00f5es para ve\u00edculos. Otimize sua experi\u00eancia de viagem com a M2 Camper.","potentialAction":[{"@type":"SearchAction","target":{"@type":"EntryPoint","urlTemplate":"https:\/\/m2camper.com\/pt\/?s={search_term_string}"},"query-input":{"@type":"PropertyValueSpecification","valueRequired":true,"valueName":"search_term_string"}}],"inLanguage":"pt-PT"},{"@type":"Person","@id":"https:\/\/m2camper.com\/pt\/#\/schema\/person\/d003f4147a0469cbf1c77ba1bebdb1bb","name":"Carlos","image":{"@type":"ImageObject","inLanguage":"pt-PT","@id":"https:\/\/secure.gravatar.com\/avatar\/ab10b60551e807f6b37d54bb09e40bc41b08e3828d46504634ad6f35da1b46dc?s=96&d=mm&r=g","url":"https:\/\/secure.gravatar.com\/avatar\/ab10b60551e807f6b37d54bb09e40bc41b08e3828d46504634ad6f35da1b46dc?s=96&d=mm&r=g","contentUrl":"https:\/\/secure.gravatar.com\/avatar\/ab10b60551e807f6b37d54bb09e40bc41b08e3828d46504634ad6f35da1b46dc?s=96&d=mm&r=g","caption":"carlos"},"url":"https:\/\/m2camper.com\/pt\/author\/carlos\/"}]}},"_links":{"self":[{"href":"https:\/\/m2camper.com\/pt\/wp-json\/wp\/v2\/posts\/11555","targetHints":{"allow":["GET"]}}],"collection":[{"href":"https:\/\/m2camper.com\/pt\/wp-json\/wp\/v2\/posts"}],"about":[{"href":"https:\/\/m2camper.com\/pt\/wp-json\/wp\/v2\/types\/post"}],"author":[{"embeddable":true,"href":"https:\/\/m2camper.com\/pt\/wp-json\/wp\/v2\/users\/5740"}],"replies":[{"embeddable":true,"href":"https:\/\/m2camper.com\/pt\/wp-json\/wp\/v2\/comments?post=11555"}],"version-history":[{"count":2,"href":"https:\/\/m2camper.com\/pt\/wp-json\/wp\/v2\/posts\/11555\/revisions"}],"predecessor-version":[{"id":11558,"href":"https:\/\/m2camper.com\/pt\/wp-json\/wp\/v2\/posts\/11555\/revisions\/11558"}],"wp:featuredmedia":[{"embeddable":true,"href":"https:\/\/m2camper.com\/pt\/wp-json\/wp\/v2\/media\/11556"}],"wp:attachment":[{"href":"https:\/\/m2camper.com\/pt\/wp-json\/wp\/v2\/media?parent=11555"}],"wp:term":[{"taxonomy":"category","embeddable":true,"href":"https:\/\/m2camper.com\/pt\/wp-json\/wp\/v2\/categories?post=11555"},{"taxonomy":"post_tag","embeddable":true,"href":"https:\/\/m2camper.com\/pt\/wp-json\/wp\/v2\/tags?post=11555"}],"curies":[{"name":"wp","href":"https:\/\/api.w.org\/{rel}","templated":true}]}}