{"id":11548,"date":"2023-12-23T10:43:50","date_gmt":"2023-12-23T10:43:50","guid":{"rendered":"https:\/\/ultbit.com\/m2camper\/?p=11548"},"modified":"2025-02-06T10:44:25","modified_gmt":"2025-02-06T10:44:25","slug":"comemore-o-natal-com-nossos-isolantes-termicos","status":"publish","type":"post","link":"https:\/\/m2camper.com\/pt\/comemore-o-natal-com-nossos-isolantes-termicos\/","title":{"rendered":"Comemore um Natal aconchegante em seu trailer com nosso isolamento t\u00e9rmico blackout"},"content":{"rendered":"<div data-breakout=\"normal\">\n<p id=\"viewer-z5sf94647\" class=\"cqfST cQRuq WGebp jTM--\" dir=\"auto\"><span class=\"_61ACD\">A magia do Natal chega ao seu trailer este ano com conforto e aconchego! Nesta \u00e9poca especial, transforme seu ve\u00edculo em um ref\u00fagio aconchegante com nosso inovador isolamento t\u00e9rmico blackout. Convidamos voc\u00ea a descobrir como desfrutar de f\u00e9rias inesquec\u00edveis, independentemente do clima.<\/span><\/p>\n<\/div>\n<div data-breakout=\"normal\">\n<p id=\"viewer-fmpmx4659\" class=\"cqfST cQRuq WGebp jTM--\" dir=\"auto\"><span class=\"_61ACD\">O inverno traz consigo n\u00e3o s\u00f3 festividades, mas tamb\u00e9m temperaturas congelantes que podem afetar a sua experi\u00eancia com o seu trailer. \u00c9 por isso que, nesta temporada de festas, queremos oferecer a solu\u00e7\u00e3o perfeita para manter o calor e a privacidade no seu ve\u00edculo: os nossos isoladores t\u00e9rmicos blackout. Descubra como estes produtos podem fazer a diferen\u00e7a na sua celebra\u00e7\u00e3o de fim de ano na estrada.<\/span><\/p>\n<\/div>\n<div data-breakout=\"normal\">\n<p id=\"viewer-h5zjh4661\" class=\"cqfST cQRuq WGebp jTM--\" dir=\"auto\"><span class=\"_61ACD\"><strong>Benef\u00edcios dos nossos isoladores t\u00e9rmicos de blackout:<\/strong><\/span><\/p>\n<\/div>\n<div data-breakout=\"normal\">\n<ol class=\"xkVfi WGebp\">\n<li class=\"fGYqH\" dir=\"auto\" aria-level=\"1\">\n<p id=\"viewer-bepov4665\" class=\"cqfST cQRuq WGebp jTM--\" dir=\"\"><span class=\"_61ACD\"><strong>Calor festivo:<\/strong>\u00a0Esque\u00e7a o frio do inverno com nosso isolamento t\u00e9rmico de alta qualidade. Mantenha o calor dentro do seu trailer e desfrute de um Natal quentinho e aconchegante.<\/span><\/p>\n<\/li>\n<li class=\"fGYqH\" dir=\"auto\" aria-level=\"1\">\n<p id=\"viewer-09gye4669\" class=\"cqfST cQRuq WGebp jTM--\" dir=\"\"><span class=\"_61ACD\"><strong>Privacidade em todos os momentos:<\/strong>\u00a0As persianas blackout bloqueiam efetivamente a vista de fora, dando a voc\u00ea a privacidade necess\u00e1ria para aproveitar momentos \u00edntimos nessas datas especiais.<\/span><\/p>\n<\/li>\n<li class=\"fGYqH\" dir=\"auto\" aria-level=\"1\">\n<p id=\"viewer-qxppl4673\" class=\"cqfST cQRuq WGebp jTM--\" dir=\"\"><span class=\"_61ACD\"><strong>F\u00e1cil instala\u00e7\u00e3o:<\/strong>\u00a0Nossos produtos s\u00e3o projetados para serem f\u00e1ceis de instalar, permitindo que voc\u00ea se concentre no que realmente importa durante as festas de fim de ano: estar com seus entes queridos.<\/span><\/p>\n<\/li>\n<li class=\"fGYqH\" dir=\"auto\" aria-level=\"1\">\n<p id=\"viewer-y64s44677\" class=\"cqfST cQRuq WGebp jTM--\" dir=\"\"><span class=\"_61ACD\"><strong>Versatilidade:<\/strong>\u00a0Use nossos isolantes t\u00e9rmicos blackout n\u00e3o apenas durante as f\u00e9rias, mas em qualquer \u00e9poca do ano. Eles s\u00e3o o investimento perfeito para garantir conforto em suas viagens de camper.<\/span><\/p>\n<\/li>\n<\/ol>\n<\/div>\n<div data-breakout=\"normal\">\n<p id=\"viewer-3al984680\" class=\"cqfST cQRuq WGebp jTM--\" dir=\"auto\"><span class=\"_61ACD\"><strong>Como transformar seu trailer em um espa\u00e7o natalino:<\/strong><\/span><\/p>\n<\/div>\n<div data-breakout=\"normal\">\n<ol class=\"xkVfi WGebp\">\n<li class=\"fGYqH\" dir=\"auto\" aria-level=\"1\">\n<p id=\"viewer-w9rbw4684\" class=\"cqfST cQRuq WGebp jTM--\" dir=\"\"><span class=\"_61ACD\"><strong>Decore com luzes natalinas:<\/strong>\u00a0Aproveite a privacidade do seu trailer e decore-o com luzes de Natal para criar uma atmosfera m\u00e1gica.<\/span><\/p>\n<\/li>\n<li class=\"fGYqH\" dir=\"auto\" aria-level=\"1\">\n<p id=\"viewer-vt71f4688\" class=\"cqfST cQRuq WGebp jTM--\" dir=\"\"><span class=\"_61ACD\"><strong>Prepare refei\u00e7\u00f5es deliciosas:<\/strong>\u00a0A cozinha do seu campista \u00e9 o lugar perfeito para preparar deliciosas refei\u00e7\u00f5es festivas. Surpreenda seus entes queridos com pratos caseiros!<\/span><\/p>\n<\/li>\n<li class=\"fGYqH\" dir=\"auto\" aria-level=\"1\">\n<p id=\"viewer-6gzfk4692\" class=\"cqfST cQRuq WGebp jTM--\" dir=\"\"><span class=\"_61ACD\"><strong>Organizar jogos e atividades:<\/strong>\u00a0Aproveite o espa\u00e7o do seu campista para organizar brincadeiras e atividades em fam\u00edlia. A divers\u00e3o \u00e9 garantida!<\/span><\/p>\n<\/li>\n<\/ol>\n<\/div>\n<div data-hook=\"rcv-block10\"><\/div>\n<div data-breakout=\"normal\">\n<p id=\"viewer-2gd6k7417\" class=\"cqfST cQRuq WGebp jTM--\" dir=\"auto\"><span class=\"_61ACD\"><em>Comemore o Natal com nossos isoladores t\u00e9rmicos blackout de 9 camadas<\/em><\/span><\/p>\n<\/div>\n<div data-hook=\"rcv-block13\"><\/div>\n<div data-breakout=\"normal\">\n<div id=\"viewer-f0sl67850\" class=\"KqKMh\">\n<div class=\"_7T4Uc SkJEB\">\n<figure class=\"P29V1\">\n<div class=\"CuIEU\" tabindex=\"0\" role=\"button\" data-hook=\"imageViewer\" aria-haspopup=\"true\">\n<div id=\"f0sl67850\" class=\"KfAFF ApRDe _84uzj\"><img decoding=\"async\" class=\"aligncenter\" draggable=\"false\" src=\"https:\/\/static.wixstatic.com\/media\/60c9aa_cf147de094fa4d649dac3f95a314de7c~mv2.jpg\/v1\/fill\/w_350,h_467,al_c,q_80,usm_0.66_1.00_0.01,enc_auto\/60c9aa_cf147de094fa4d649dac3f95a314de7c~mv2.jpg\" alt=\"Isolamento t\u00e9rmico para campistas\" data-pin-url=\"https:\/\/m2camper.com\/post\/celebra-una-navidad-con-nuestros-aislantes-termicos\" data-pin-media=\"https:\/\/static.wixstatic.com\/media\/60c9aa_cf147de094fa4d649dac3f95a314de7c~mv2.jpg\/v1\/fill\/w_3096,h_4128,al_c,q_90\/60c9aa_cf147de094fa4d649dac3f95a314de7c~mv2.jpg\" data-ssr-src-done=\"true\" data-load-done=\"\" \/><\/div>\n<\/div>\n<\/figure>\n<\/div>\n<\/div>\n<\/div>","protected":false},"excerpt":{"rendered":"<p>\u00a1La magia de la Navidad llega a tu camper este a\u00f1o de la mano de confort y calidez! En estas fechas tan especiales, transforma tu veh\u00edculo en un refugio acogedor con nuestros innovadores aislantes t\u00e9rmicos oscurecedores. Te invitamos a descubrir c\u00f3mo puedes disfrutar de unas fiestas inolvidables, sin importar el clima exterior. El invierno trae&hellip;&nbsp;<a href=\"https:\/\/m2camper.com\/pt\/comemore-o-natal-com-nossos-isolantes-termicos\/\" rel=\"bookmark\">Ler mais &raquo;<span class=\"screen-reader-text\">Comemore um Natal aconchegante em seu trailer com nosso isolamento t\u00e9rmico blackout<\/span><\/a><\/p>","protected":false},"author":5740,"featured_media":11549,"comment_status":"open","ping_status":"open","sticky":false,"template":"","format":"standard","meta":{"neve_meta_sidebar":"","neve_meta_container":"","neve_meta_enable_content_width":"off","neve_meta_content_width":70,"neve_meta_title_alignment":"","neve_meta_author_avatar":"","neve_post_elements_order":"","neve_meta_disable_header":"","neve_meta_disable_footer":"","neve_meta_disable_title":"","footnotes":""},"categories":[1],"tags":[],"class_list":["post-11548","post","type-post","status-publish","format-standard","has-post-thumbnail","hentry","category-uncategorized"],"yoast_head":"<!-- This site is optimized with the Yoast SEO plugin v27.5 - https:\/\/yoast.com\/product\/yoast-seo-wordpress\/ -->\n<title>Celebra una Navidad Acogedora en Tu Camper con Nuestros Aislantes T\u00e9rmicos Oscurecedores - M2 Camper | Aislantes t\u00e9rmicos y oscurecedores para campers<\/title>\n<meta name=\"robots\" content=\"index, follow, max-snippet:-1, max-image-preview:large, max-video-preview:-1\" \/>\n<link rel=\"canonical\" href=\"https:\/\/m2camper.com\/pt\/comemore-o-natal-com-nossos-isolantes-termicos\/\" \/>\n<meta property=\"og:locale\" content=\"pt_PT\" \/>\n<meta property=\"og:type\" content=\"article\" \/>\n<meta property=\"og:title\" content=\"Celebra una Navidad Acogedora en Tu Camper con Nuestros Aislantes T\u00e9rmicos Oscurecedores - M2 Camper | Aislantes t\u00e9rmicos y oscurecedores para campers\" \/>\n<meta property=\"og:description\" content=\"\u00a1La magia de la Navidad llega a tu camper este a\u00f1o de la mano de confort y calidez! En estas fechas tan especiales, transforma tu veh\u00edculo en un refugio acogedor con nuestros innovadores aislantes t\u00e9rmicos oscurecedores. Te invitamos a descubrir c\u00f3mo puedes disfrutar de unas fiestas inolvidables, sin importar el clima exterior. El invierno trae&hellip;&nbsp;Ler mais &raquo;Celebra una Navidad Acogedora en Tu Camper con Nuestros Aislantes T\u00e9rmicos Oscurecedores\" \/>\n<meta property=\"og:url\" content=\"https:\/\/m2camper.com\/pt\/comemore-o-natal-com-nossos-isolantes-termicos\/\" \/>\n<meta property=\"og:site_name\" content=\"M2 Camper | Aislantes t\u00e9rmicos y oscurecedores para campers\" \/>\n<meta property=\"article:published_time\" content=\"2023-12-23T10:43:50+00:00\" \/>\n<meta property=\"article:modified_time\" content=\"2025-02-06T10:44:25+00:00\" \/>\n<meta property=\"og:image\" content=\"https:\/\/m2camper.com\/wp-content\/uploads\/2025\/02\/60c9aa_cf147de094fa4d649dac3f95a314de7cmv2.webp\" \/>\n\t<meta property=\"og:image:width\" content=\"1208\" \/>\n\t<meta property=\"og:image:height\" content=\"1610\" \/>\n\t<meta property=\"og:image:type\" content=\"image\/webp\" \/>\n<meta name=\"author\" content=\"carlos\" \/>\n<meta name=\"twitter:card\" content=\"summary_large_image\" \/>\n<meta name=\"twitter:label1\" content=\"Escrito por\" \/>\n\t<meta name=\"twitter:data1\" content=\"carlos\" \/>\n\t<meta name=\"twitter:label2\" content=\"Tempo estimado de leitura\" \/>\n\t<meta name=\"twitter:data2\" content=\"2 minutos\" \/>\n<script type=\"application\/ld+json\" class=\"yoast-schema-graph\">{\"@context\":\"https:\\\/\\\/schema.org\",\"@graph\":[{\"@type\":\"Article\",\"@id\":\"https:\\\/\\\/m2camper.com\\\/celebra-una-navidad-con-nuestros-aislantes-termicos\\\/#article\",\"isPartOf\":{\"@id\":\"https:\\\/\\\/m2camper.com\\\/celebra-una-navidad-con-nuestros-aislantes-termicos\\\/\"},\"author\":{\"name\":\"carlos\",\"@id\":\"https:\\\/\\\/m2camper.com\\\/pt\\\/#\\\/schema\\\/person\\\/d003f4147a0469cbf1c77ba1bebdb1bb\"},\"headline\":\"Celebra una Navidad Acogedora en Tu Camper con Nuestros Aislantes T\u00e9rmicos Oscurecedores\",\"datePublished\":\"2023-12-23T10:43:50+00:00\",\"dateModified\":\"2025-02-06T10:44:25+00:00\",\"mainEntityOfPage\":{\"@id\":\"https:\\\/\\\/m2camper.com\\\/celebra-una-navidad-con-nuestros-aislantes-termicos\\\/\"},\"wordCount\":365,\"commentCount\":0,\"image\":{\"@id\":\"https:\\\/\\\/m2camper.com\\\/celebra-una-navidad-con-nuestros-aislantes-termicos\\\/#primaryimage\"},\"thumbnailUrl\":\"https:\\\/\\\/m2camper.com\\\/wp-content\\\/uploads\\\/2025\\\/02\\\/60c9aa_cf147de094fa4d649dac3f95a314de7cmv2.webp\",\"articleSection\":[\"Uncategorized\"],\"inLanguage\":\"pt-PT\",\"potentialAction\":[{\"@type\":\"CommentAction\",\"name\":\"Comment\",\"target\":[\"https:\\\/\\\/m2camper.com\\\/celebra-una-navidad-con-nuestros-aislantes-termicos\\\/#respond\"]}]},{\"@type\":\"WebPage\",\"@id\":\"https:\\\/\\\/m2camper.com\\\/celebra-una-navidad-con-nuestros-aislantes-termicos\\\/\",\"url\":\"https:\\\/\\\/m2camper.com\\\/celebra-una-navidad-con-nuestros-aislantes-termicos\\\/\",\"name\":\"Celebra una Navidad Acogedora en Tu Camper con Nuestros Aislantes T\u00e9rmicos Oscurecedores - M2 Camper | Aislantes t\u00e9rmicos y oscurecedores para campers\",\"isPartOf\":{\"@id\":\"https:\\\/\\\/m2camper.com\\\/pt\\\/#website\"},\"primaryImageOfPage\":{\"@id\":\"https:\\\/\\\/m2camper.com\\\/celebra-una-navidad-con-nuestros-aislantes-termicos\\\/#primaryimage\"},\"image\":{\"@id\":\"https:\\\/\\\/m2camper.com\\\/celebra-una-navidad-con-nuestros-aislantes-termicos\\\/#primaryimage\"},\"thumbnailUrl\":\"https:\\\/\\\/m2camper.com\\\/wp-content\\\/uploads\\\/2025\\\/02\\\/60c9aa_cf147de094fa4d649dac3f95a314de7cmv2.webp\",\"datePublished\":\"2023-12-23T10:43:50+00:00\",\"dateModified\":\"2025-02-06T10:44:25+00:00\",\"author\":{\"@id\":\"https:\\\/\\\/m2camper.com\\\/pt\\\/#\\\/schema\\\/person\\\/d003f4147a0469cbf1c77ba1bebdb1bb\"},\"breadcrumb\":{\"@id\":\"https:\\\/\\\/m2camper.com\\\/celebra-una-navidad-con-nuestros-aislantes-termicos\\\/#breadcrumb\"},\"inLanguage\":\"pt-PT\",\"potentialAction\":[{\"@type\":\"ReadAction\",\"target\":[\"https:\\\/\\\/m2camper.com\\\/celebra-una-navidad-con-nuestros-aislantes-termicos\\\/\"]}]},{\"@type\":\"ImageObject\",\"inLanguage\":\"pt-PT\",\"@id\":\"https:\\\/\\\/m2camper.com\\\/celebra-una-navidad-con-nuestros-aislantes-termicos\\\/#primaryimage\",\"url\":\"https:\\\/\\\/m2camper.com\\\/wp-content\\\/uploads\\\/2025\\\/02\\\/60c9aa_cf147de094fa4d649dac3f95a314de7cmv2.webp\",\"contentUrl\":\"https:\\\/\\\/m2camper.com\\\/wp-content\\\/uploads\\\/2025\\\/02\\\/60c9aa_cf147de094fa4d649dac3f95a314de7cmv2.webp\",\"width\":1208,\"height\":1610},{\"@type\":\"BreadcrumbList\",\"@id\":\"https:\\\/\\\/m2camper.com\\\/celebra-una-navidad-con-nuestros-aislantes-termicos\\\/#breadcrumb\",\"itemListElement\":[{\"@type\":\"ListItem\",\"position\":1,\"name\":\"Portada\",\"item\":\"https:\\\/\\\/m2camper.com\\\/pt\\\/\"},{\"@type\":\"ListItem\",\"position\":2,\"name\":\"Celebra una Navidad Acogedora en Tu Camper con Nuestros Aislantes T\u00e9rmicos Oscurecedores\"}]},{\"@type\":\"WebSite\",\"@id\":\"https:\\\/\\\/m2camper.com\\\/pt\\\/#website\",\"url\":\"https:\\\/\\\/m2camper.com\\\/pt\\\/\",\"name\":\"M2 Campers | Aislantes t\u00e9rmicos y oscurecedores para campers\",\"description\":\"Descubre calidad y confort de nuestros aislantes t\u00e9rmicos oscurecedores y colchones para veh\u00edculos. Optimiza tu experiencia en carretera con M2 Camper.\",\"potentialAction\":[{\"@type\":\"SearchAction\",\"target\":{\"@type\":\"EntryPoint\",\"urlTemplate\":\"https:\\\/\\\/m2camper.com\\\/pt\\\/?s={search_term_string}\"},\"query-input\":{\"@type\":\"PropertyValueSpecification\",\"valueRequired\":true,\"valueName\":\"search_term_string\"}}],\"inLanguage\":\"pt-PT\"},{\"@type\":\"Person\",\"@id\":\"https:\\\/\\\/m2camper.com\\\/pt\\\/#\\\/schema\\\/person\\\/d003f4147a0469cbf1c77ba1bebdb1bb\",\"name\":\"carlos\",\"image\":{\"@type\":\"ImageObject\",\"inLanguage\":\"pt-PT\",\"@id\":\"https:\\\/\\\/secure.gravatar.com\\\/avatar\\\/ab10b60551e807f6b37d54bb09e40bc41b08e3828d46504634ad6f35da1b46dc?s=96&d=mm&r=g\",\"url\":\"https:\\\/\\\/secure.gravatar.com\\\/avatar\\\/ab10b60551e807f6b37d54bb09e40bc41b08e3828d46504634ad6f35da1b46dc?s=96&d=mm&r=g\",\"contentUrl\":\"https:\\\/\\\/secure.gravatar.com\\\/avatar\\\/ab10b60551e807f6b37d54bb09e40bc41b08e3828d46504634ad6f35da1b46dc?s=96&d=mm&r=g\",\"caption\":\"carlos\"},\"url\":\"https:\\\/\\\/m2camper.com\\\/pt\\\/author\\\/carlos\\\/\"}]}<\/script>\n<!-- \/ Yoast SEO plugin. -->","yoast_head_json":{"title":"Comemore um Natal aconchegante em seu trailer com nosso isolamento t\u00e9rmico blackout - M2 Camper | Isolamento t\u00e9rmico e blackouts para trailers","robots":{"index":"index","follow":"follow","max-snippet":"max-snippet:-1","max-image-preview":"max-image-preview:large","max-video-preview":"max-video-preview:-1"},"canonical":"https:\/\/m2camper.com\/pt\/comemore-o-natal-com-nossos-isolantes-termicos\/","og_locale":"pt_PT","og_type":"article","og_title":"Celebra una Navidad Acogedora en Tu Camper con Nuestros Aislantes T\u00e9rmicos Oscurecedores - M2 Camper | Aislantes t\u00e9rmicos y oscurecedores para campers","og_description":"\u00a1La magia de la Navidad llega a tu camper este a\u00f1o de la mano de confort y calidez! En estas fechas tan especiales, transforma tu veh\u00edculo en un refugio acogedor con nuestros innovadores aislantes t\u00e9rmicos oscurecedores. Te invitamos a descubrir c\u00f3mo puedes disfrutar de unas fiestas inolvidables, sin importar el clima exterior. El invierno trae&hellip;&nbsp;Ler mais &raquo;Celebra una Navidad Acogedora en Tu Camper con Nuestros Aislantes T\u00e9rmicos Oscurecedores","og_url":"https:\/\/m2camper.com\/pt\/comemore-o-natal-com-nossos-isolantes-termicos\/","og_site_name":"M2 Camper | Aislantes t\u00e9rmicos y oscurecedores para campers","article_published_time":"2023-12-23T10:43:50+00:00","article_modified_time":"2025-02-06T10:44:25+00:00","og_image":[{"width":1208,"height":1610,"url":"https:\/\/m2camper.com\/wp-content\/uploads\/2025\/02\/60c9aa_cf147de094fa4d649dac3f95a314de7cmv2.webp","type":"image\/webp"}],"author":"carlos","twitter_card":"summary_large_image","twitter_misc":{"Escrito por":"carlos","Tempo estimado de leitura":"2 minutos"},"schema":{"@context":"https:\/\/schema.org","@graph":[{"@type":"Article","@id":"https:\/\/m2camper.com\/celebra-una-navidad-con-nuestros-aislantes-termicos\/#article","isPartOf":{"@id":"https:\/\/m2camper.com\/celebra-una-navidad-con-nuestros-aislantes-termicos\/"},"author":{"name":"carlos","@id":"https:\/\/m2camper.com\/pt\/#\/schema\/person\/d003f4147a0469cbf1c77ba1bebdb1bb"},"headline":"Celebra una Navidad Acogedora en Tu Camper con Nuestros Aislantes T\u00e9rmicos Oscurecedores","datePublished":"2023-12-23T10:43:50+00:00","dateModified":"2025-02-06T10:44:25+00:00","mainEntityOfPage":{"@id":"https:\/\/m2camper.com\/celebra-una-navidad-con-nuestros-aislantes-termicos\/"},"wordCount":365,"commentCount":0,"image":{"@id":"https:\/\/m2camper.com\/celebra-una-navidad-con-nuestros-aislantes-termicos\/#primaryimage"},"thumbnailUrl":"https:\/\/m2camper.com\/wp-content\/uploads\/2025\/02\/60c9aa_cf147de094fa4d649dac3f95a314de7cmv2.webp","articleSection":["Uncategorized"],"inLanguage":"pt-PT","potentialAction":[{"@type":"CommentAction","name":"Comment","target":["https:\/\/m2camper.com\/celebra-una-navidad-con-nuestros-aislantes-termicos\/#respond"]}]},{"@type":"WebPage","@id":"https:\/\/m2camper.com\/celebra-una-navidad-con-nuestros-aislantes-termicos\/","url":"https:\/\/m2camper.com\/celebra-una-navidad-con-nuestros-aislantes-termicos\/","name":"Comemore um Natal aconchegante em seu trailer com nosso isolamento t\u00e9rmico blackout - M2 Camper | Isolamento t\u00e9rmico e blackouts para trailers","isPartOf":{"@id":"https:\/\/m2camper.com\/pt\/#website"},"primaryImageOfPage":{"@id":"https:\/\/m2camper.com\/celebra-una-navidad-con-nuestros-aislantes-termicos\/#primaryimage"},"image":{"@id":"https:\/\/m2camper.com\/celebra-una-navidad-con-nuestros-aislantes-termicos\/#primaryimage"},"thumbnailUrl":"https:\/\/m2camper.com\/wp-content\/uploads\/2025\/02\/60c9aa_cf147de094fa4d649dac3f95a314de7cmv2.webp","datePublished":"2023-12-23T10:43:50+00:00","dateModified":"2025-02-06T10:44:25+00:00","author":{"@id":"https:\/\/m2camper.com\/pt\/#\/schema\/person\/d003f4147a0469cbf1c77ba1bebdb1bb"},"breadcrumb":{"@id":"https:\/\/m2camper.com\/celebra-una-navidad-con-nuestros-aislantes-termicos\/#breadcrumb"},"inLanguage":"pt-PT","potentialAction":[{"@type":"ReadAction","target":["https:\/\/m2camper.com\/celebra-una-navidad-con-nuestros-aislantes-termicos\/"]}]},{"@type":"ImageObject","inLanguage":"pt-PT","@id":"https:\/\/m2camper.com\/celebra-una-navidad-con-nuestros-aislantes-termicos\/#primaryimage","url":"https:\/\/m2camper.com\/wp-content\/uploads\/2025\/02\/60c9aa_cf147de094fa4d649dac3f95a314de7cmv2.webp","contentUrl":"https:\/\/m2camper.com\/wp-content\/uploads\/2025\/02\/60c9aa_cf147de094fa4d649dac3f95a314de7cmv2.webp","width":1208,"height":1610},{"@type":"BreadcrumbList","@id":"https:\/\/m2camper.com\/celebra-una-navidad-con-nuestros-aislantes-termicos\/#breadcrumb","itemListElement":[{"@type":"ListItem","position":1,"name":"Portada","item":"https:\/\/m2camper.com\/pt\/"},{"@type":"ListItem","position":2,"name":"Celebra una Navidad Acogedora en Tu Camper con Nuestros Aislantes T\u00e9rmicos Oscurecedores"}]},{"@type":"WebSite","@id":"https:\/\/m2camper.com\/pt\/#website","url":"https:\/\/m2camper.com\/pt\/","name":"M2 Campers | Isolamento t\u00e9rmico e blackouts para campistas","description":"Descubra a qualidade e o conforto do nosso isolamento t\u00e9rmico blackout e dos nossos colch\u00f5es para ve\u00edculos. Otimize sua experi\u00eancia de viagem com a M2 Camper.","potentialAction":[{"@type":"SearchAction","target":{"@type":"EntryPoint","urlTemplate":"https:\/\/m2camper.com\/pt\/?s={search_term_string}"},"query-input":{"@type":"PropertyValueSpecification","valueRequired":true,"valueName":"search_term_string"}}],"inLanguage":"pt-PT"},{"@type":"Person","@id":"https:\/\/m2camper.com\/pt\/#\/schema\/person\/d003f4147a0469cbf1c77ba1bebdb1bb","name":"Carlos","image":{"@type":"ImageObject","inLanguage":"pt-PT","@id":"https:\/\/secure.gravatar.com\/avatar\/ab10b60551e807f6b37d54bb09e40bc41b08e3828d46504634ad6f35da1b46dc?s=96&d=mm&r=g","url":"https:\/\/secure.gravatar.com\/avatar\/ab10b60551e807f6b37d54bb09e40bc41b08e3828d46504634ad6f35da1b46dc?s=96&d=mm&r=g","contentUrl":"https:\/\/secure.gravatar.com\/avatar\/ab10b60551e807f6b37d54bb09e40bc41b08e3828d46504634ad6f35da1b46dc?s=96&d=mm&r=g","caption":"carlos"},"url":"https:\/\/m2camper.com\/pt\/author\/carlos\/"}]}},"_links":{"self":[{"href":"https:\/\/m2camper.com\/pt\/wp-json\/wp\/v2\/posts\/11548","targetHints":{"allow":["GET"]}}],"collection":[{"href":"https:\/\/m2camper.com\/pt\/wp-json\/wp\/v2\/posts"}],"about":[{"href":"https:\/\/m2camper.com\/pt\/wp-json\/wp\/v2\/types\/post"}],"author":[{"embeddable":true,"href":"https:\/\/m2camper.com\/pt\/wp-json\/wp\/v2\/users\/5740"}],"replies":[{"embeddable":true,"href":"https:\/\/m2camper.com\/pt\/wp-json\/wp\/v2\/comments?post=11548"}],"version-history":[{"count":1,"href":"https:\/\/m2camper.com\/pt\/wp-json\/wp\/v2\/posts\/11548\/revisions"}],"predecessor-version":[{"id":11550,"href":"https:\/\/m2camper.com\/pt\/wp-json\/wp\/v2\/posts\/11548\/revisions\/11550"}],"wp:featuredmedia":[{"embeddable":true,"href":"https:\/\/m2camper.com\/pt\/wp-json\/wp\/v2\/media\/11549"}],"wp:attachment":[{"href":"https:\/\/m2camper.com\/pt\/wp-json\/wp\/v2\/media?parent=11548"}],"wp:term":[{"taxonomy":"category","embeddable":true,"href":"https:\/\/m2camper.com\/pt\/wp-json\/wp\/v2\/categories?post=11548"},{"taxonomy":"post_tag","embeddable":true,"href":"https:\/\/m2camper.com\/pt\/wp-json\/wp\/v2\/tags?post=11548"}],"curies":[{"name":"wp","href":"https:\/\/api.w.org\/{rel}","templated":true}]}}