{"id":10822,"date":"2024-10-13T14:20:40","date_gmt":"2024-10-13T14:20:40","guid":{"rendered":"https:\/\/ultbit.com\/m2camper\/?p=10822"},"modified":"2025-02-07T08:26:38","modified_gmt":"2025-02-07T08:26:38","slug":"dicas-para-prolongar-a-vida-util-dos-isolantes-termicos","status":"publish","type":"post","link":"https:\/\/m2camper.com\/pt\/dicas-para-prolongar-a-vida-util-dos-isolantes-termicos\/","title":{"rendered":"Dicas para prolongar a vida \u00fatil do isolamento t\u00e9rmico"},"content":{"rendered":"<div data-breakout=\"normal\">\n<div class=\"BL3dva\">\n<div class=\"OSxNQL\">\n<div class=\"OFA52E CBJRSV\">\n<div class=\"cD_92h UitnHM\" data-hook=\"post-title\">\n<p class=\"UbhFJ7 nkqC0Q blog-post-title-font blog-post-title-color blog-text-color post-title blog-hover-container-element-color FG3qXk blog-post-page-title-font\" tabindex=\"-1\" data-hook=\"post-title\">Os isoladores t\u00e9rmicos para janelas de ve\u00edculos s\u00e3o um excelente investimento para manter o interior fresco em dias quentes e aumentar a efici\u00eancia energ\u00e9tica. Embora sua principal fun\u00e7\u00e3o seja proteger contra o calor e os raios UV, eles exigem certa manuten\u00e7\u00e3o para garantir que seu desempenho e durabilidade sejam mantidos ao longo do tempo. Aqui est\u00e3o algumas dicas pr\u00e1ticas para prolongar a vida \u00fatil dos seus isoladores t\u00e9rmicos:<\/p>\n<\/div>\n<\/div>\n<\/div>\n<\/div>\n<div class=\"nLG8d5\" data-hook=\"post-description\">\n<article class=\"blog-post-page-font\">\n<div class=\"post-content__body stSKMK\">\n<div class=\"moHCnT\">\n<div class=\"moHCnT\">\n<div class=\"fTEXDR\" data-rce-version=\"10.117.2\">\n<div class=\"m6AOT\" dir=\"ltr\" data-id=\"content-viewer\">\n<div class=\"uSiJi\">\n<div class=\"X6Wo9\">\n<div data-breakout=\"normal\">\n<h2 id=\"viewer-9x32e57\" class=\"_7d6qt scQlf WGebp jTM--\" dir=\"auto\"><span class=\"hpUmk\" style=\"color: #000000;\">Como prolongar a vida \u00fatil dos isoladores t\u00e9rmicos blackout<\/span><\/h2>\n<\/div>\n<div data-breakout=\"normal\">\n<h3 id=\"viewer-63hgs59\" class=\"jZpvm scQlf WGebp jTM--\" dir=\"auto\"><span class=\"hpUmk\" style=\"color: #000000;\">1. Limpeza regular e adequada<\/span><\/h3>\n<\/div>\n<div data-breakout=\"normal\">\n<p id=\"viewer-v1gnl62\" class=\"cqfST cQRuq WGebp jTM--\" dir=\"auto\"><span class=\"_61ACD\">O ac\u00famulo de poeira e sujeira pode danificar o isolamento t\u00e9rmico. Para limp\u00e1-los corretamente:<\/span><\/p>\n<\/div>\n<div data-breakout=\"normal\">\n<ul class=\"_9byOP WGebp\">\n<li class=\"fGYqH\" dir=\"auto\" aria-level=\"1\">\n<p id=\"viewer-zsfvt66\" class=\"cqfST cQRuq WGebp jTM--\" dir=\"\"><span class=\"_61ACD\">Use um pano macio ou uma esponja \u00famida para remover a sujeira.<\/span><\/p>\n<\/li>\n<li class=\"fGYqH\" dir=\"auto\" aria-level=\"1\">\n<p id=\"viewer-shcj469\" class=\"cqfST cQRuq WGebp jTM--\" dir=\"\"><span class=\"_61ACD\">Evite produtos qu\u00edmicos fortes ou abrasivos, pois eles podem desgastar o material.<\/span><\/p>\n<\/li>\n<li class=\"fGYqH\" dir=\"auto\" aria-level=\"1\">\n<p id=\"viewer-7bdtp72\" class=\"cqfST cQRuq WGebp jTM--\" dir=\"\"><span class=\"_61ACD\">Se necess\u00e1rio, use uma mistura suave de \u00e1gua e sab\u00e3o neutro.<\/span><\/p>\n<\/li>\n<\/ul>\n<\/div>\n<div data-breakout=\"normal\">\n<h3 id=\"viewer-vzu2s97\" class=\"jZpvm scQlf WGebp jTM--\" dir=\"auto\"><span class=\"hpUmk\" style=\"color: #000000;\">2. Armazenamento adequado<\/span><\/h3>\n<\/div>\n<div data-breakout=\"normal\">\n<p id=\"viewer-czqye100\" class=\"cqfST cQRuq WGebp jTM--\" dir=\"auto\"><span class=\"_61ACD\">Quando n\u00e3o estiver em uso:<\/span><\/p>\n<\/div>\n<div data-breakout=\"normal\">\n<ul class=\"_9byOP WGebp\">\n<li class=\"fGYqH\" dir=\"auto\" aria-level=\"1\">\n<p id=\"viewer-37y1t104\" class=\"cqfST cQRuq WGebp jTM--\" dir=\"\"><span class=\"_61ACD\">Evite deix\u00e1-los no carro expostos ao sol ou a altas temperaturas, pois isso pode deteriorar o material com o tempo.<\/span><\/p>\n<\/li>\n<li class=\"fGYqH\" dir=\"auto\" aria-level=\"1\">\n<p id=\"viewer-ctnhm108\" class=\"cqfST cQRuq WGebp jTM--\" dir=\"\"><span class=\"_61ACD\">Guarde o isolamento t\u00e9rmico em sua caixa original ou em um saco de pano para evitar que ele entorte ou rasgue.<\/span><\/p>\n<\/li>\n<li class=\"fGYqH\" dir=\"auto\" aria-level=\"1\">\n<p id=\"viewer-xfzq1111\" class=\"cqfST cQRuq WGebp jTM--\" dir=\"\"><span class=\"_61ACD\">Dobre-os delicadamente, evitando vincos permanentes que podem quebrar o material isolante.<\/span><\/p>\n<\/li>\n<\/ul>\n<\/div>\n<div data-breakout=\"normal\">\n<p id=\"viewer-7gpdj130\" class=\"cqfST cQRuq WGebp jTM--\" dir=\"auto\"><span class=\"_61ACD\">Esses isolamentos multicamadas exigem ventila\u00e7\u00e3o adequada para evitar o ac\u00famulo de umidade entre as camadas, o que pode reduzir sua efic\u00e1cia e causar danos:<\/span><\/p>\n<\/div>\n<div data-breakout=\"normal\">\n<ul class=\"_9byOP WGebp\">\n<li class=\"fGYqH\" dir=\"auto\" aria-level=\"1\">\n<p id=\"viewer-k8zw4489\" class=\"cqfST cQRuq WGebp jTM--\" dir=\"\"><span class=\"_61ACD\">Ventile o ve\u00edculo ocasionalmente se for us\u00e1-lo por longos per\u00edodos. Isso evitar\u00e1 o ac\u00famulo de calor excessivo ou condensa\u00e7\u00e3o dentro do carro.<\/span><\/p>\n<\/li>\n<li class=\"fGYqH\" dir=\"auto\" aria-level=\"1\">\n<p id=\"viewer-fxtwt493\" class=\"cqfST cQRuq WGebp jTM--\" dir=\"\"><span class=\"_61ACD\">Se voc\u00ea notar que o isolamento est\u00e1 \u00famido, remova-o e deixe-o arejar completamente antes de reinstal\u00e1-lo ou guard\u00e1-lo.<\/span><\/p>\n<\/li>\n<\/ul>\n<\/div>\n<div data-breakout=\"normal\">\n<h3 id=\"viewer-jjh4i248\" class=\"jZpvm scQlf WGebp jTM--\" dir=\"auto\"><span class=\"hpUmk\" style=\"color: #000000;\">3. Instala\u00e7\u00e3o correta<\/span><\/h3>\n<\/div>\n<div data-breakout=\"normal\">\n<ul class=\"_9byOP WGebp\">\n<li class=\"fGYqH\" dir=\"auto\" aria-level=\"1\">\n<p id=\"viewer-4s2l4253\" class=\"cqfST cQRuq WGebp jTM--\" dir=\"\"><span class=\"_61ACD\">Certifique-se de que estejam firmemente encaixados nas janelas. For\u00e7ar o encaixe pode causar rasgos ou deforma\u00e7\u00f5es.<\/span><\/p>\n<\/li>\n<li class=\"fGYqH\" dir=\"auto\" aria-level=\"1\">\n<p id=\"viewer-1wcbn256\" class=\"cqfST cQRuq WGebp jTM--\" dir=\"\"><span class=\"_61ACD\"> Verifique se as ventosas est\u00e3o limpas e em boas condi\u00e7\u00f5es. Sujeira nas ventosas pode reduzir sua ader\u00eancia. <\/span><\/p>\n<\/li>\n<\/ul>\n<\/div>\n<div data-breakout=\"normal\">\n<h3 id=\"viewer-623cw337\" class=\"jZpvm scQlf WGebp jTM--\" dir=\"auto\"><span class=\"hpUmk\" style=\"color: #000000;\">4. Evite o contato com objetos cortantes<\/span><\/h3>\n<\/div>\n<div data-breakout=\"normal\">\n<p id=\"viewer-pbzrr340\" class=\"cqfST cQRuq WGebp jTM--\" dir=\"auto\"><span class=\"_61ACD\">O contato com chaves, ferramentas ou outros objetos pontiagudos pode danificar o isolamento t\u00e9rmico. Evite coloc\u00e1-los perto desses objetos, seja no carro ou ao guard\u00e1-los.<\/span><\/p>\n<\/div>\n<div data-breakout=\"normal\">\n<h3 id=\"viewer-ehtgr410\" class=\"jZpvm scQlf WGebp jTM--\" dir=\"auto\"><span class=\"hpUmk\" style=\"color: #000000;\">5. Prote\u00e7\u00e3o contra umidade<\/span><\/h3>\n<\/div>\n<div data-breakout=\"normal\">\n<p id=\"viewer-j4b9k413\" class=\"cqfST cQRuq WGebp jTM--\" dir=\"auto\"><span class=\"_61ACD\">Evite armazenar o isolamento t\u00e9rmico quando estiver \u00famido ou molhado. A umidade pode causar mofo e deteriorar o material. Se molhar, deixe secar completamente antes de guard\u00e1-lo.<\/span><\/p>\n<\/div>\n<div data-breakout=\"normal\">\n<p id=\"viewer-w7fqv415\" class=\"cqfST cQRuq WGebp jTM--\" dir=\"auto\"><span class=\"_61ACD\">Seguindo essas dicas simples, voc\u00ea pode maximizar a durabilidade e a efici\u00eancia do isolamento das janelas do seu ve\u00edculo, garantindo seu desempenho ideal e protegendo voc\u00ea e seu carro do calor.<\/span><\/p>\n<\/div>\n<div data-breakout=\"normal\">\n<div id=\"viewer-mxii02855\" class=\"KqKMh\">\n<div class=\"_7T4Uc LIugr\">\n<figure class=\"P29V1\">\n<div class=\"CuIEU\" tabindex=\"0\" role=\"button\" data-hook=\"imageViewer\" aria-haspopup=\"true\">\n<div id=\"mxii02855\" class=\"KfAFF ApRDe _84uzj\"><img decoding=\"async\" class=\"aligncenter\" draggable=\"false\" src=\"https:\/\/static.wixstatic.com\/media\/60c9aa_90fa74c202c747a098f6d63b9f3ea002~mv2.jpg\/v1\/fill\/w_740,h_416,al_c,q_80,usm_0.66_1.00_0.01,enc_auto\/60c9aa_90fa74c202c747a098f6d63b9f3ea002~mv2.jpg\" alt=\"Cuide dos seus isoladores t\u00e9rmicos blackout\" data-pin-url=\"https:\/\/m2camper.com\/post\/consejos-para-prolongar-la-vida-util-de-los-aislantes-termicos\" data-pin-media=\"https:\/\/static.wixstatic.com\/media\/60c9aa_90fa74c202c747a098f6d63b9f3ea002~mv2.jpg\/v1\/fill\/w_4128,h_2322,al_c,q_90\/60c9aa_90fa74c202c747a098f6d63b9f3ea002~mv2.jpg\" data-load-done=\"\" \/><\/div>\n<\/div>\n<\/figure>\n<\/div>\n<\/div>\n<\/div>\n<\/div>\n<\/div>\n<\/div>\n<\/div>\n<\/div>\n<\/div>\n<\/div>\n<\/article>\n<\/div>\n<\/div>","protected":false},"excerpt":{"rendered":"<p>Los aislantes t\u00e9rmicos para ventanas de veh\u00edculos son una excelente inversi\u00f3n para mantener el interior fresco durante los d\u00edas calurosos y mejorar la eficiencia energ\u00e9tica. Si bien su objetivo principal es proteger del calor y los rayos UV, requieren ciertos cuidados para que su rendimiento y durabilidad se mantengan a lo largo del tiempo. Aqu\u00ed&hellip;&nbsp;<a href=\"https:\/\/m2camper.com\/pt\/dicas-para-prolongar-a-vida-util-dos-isolantes-termicos\/\" rel=\"bookmark\">Ler mais &raquo;<span class=\"screen-reader-text\">Dicas para prolongar a vida \u00fatil do isolamento t\u00e9rmico<\/span><\/a><\/p>","protected":false},"author":1,"featured_media":10823,"comment_status":"open","ping_status":"open","sticky":false,"template":"","format":"standard","meta":{"neve_meta_sidebar":"","neve_meta_container":"","neve_meta_enable_content_width":"off","neve_meta_content_width":70,"neve_meta_title_alignment":"","neve_meta_author_avatar":"","neve_post_elements_order":"","neve_meta_disable_header":"","neve_meta_disable_footer":"","neve_meta_disable_title":"","footnotes":""},"categories":[1],"tags":[],"class_list":["post-10822","post","type-post","status-publish","format-standard","has-post-thumbnail","hentry","category-uncategorized"],"yoast_head":"<!-- This site is optimized with the Yoast SEO plugin v27.4 - https:\/\/yoast.com\/product\/yoast-seo-wordpress\/ -->\n<title>Consejos para prolongar la vida \u00fatil de los aislantes t\u00e9rmicos - M2 Camper | Aislantes t\u00e9rmicos y oscurecedores para campers<\/title>\n<meta name=\"robots\" content=\"index, follow, max-snippet:-1, max-image-preview:large, max-video-preview:-1\" \/>\n<link rel=\"canonical\" href=\"https:\/\/m2camper.com\/pt\/dicas-para-prolongar-a-vida-util-dos-isolantes-termicos\/\" \/>\n<meta property=\"og:locale\" content=\"pt_PT\" \/>\n<meta property=\"og:type\" content=\"article\" \/>\n<meta property=\"og:title\" content=\"Consejos para prolongar la vida \u00fatil de los aislantes t\u00e9rmicos - M2 Camper | Aislantes t\u00e9rmicos y oscurecedores para campers\" \/>\n<meta property=\"og:description\" content=\"Los aislantes t\u00e9rmicos para ventanas de veh\u00edculos son una excelente inversi\u00f3n para mantener el interior fresco durante los d\u00edas calurosos y mejorar la eficiencia energ\u00e9tica. Si bien su objetivo principal es proteger del calor y los rayos UV, requieren ciertos cuidados para que su rendimiento y durabilidad se mantengan a lo largo del tiempo. Aqu\u00ed&hellip;&nbsp;Ler mais &raquo;Consejos para prolongar la vida \u00fatil de los aislantes t\u00e9rmicos\" \/>\n<meta property=\"og:url\" content=\"https:\/\/m2camper.com\/pt\/dicas-para-prolongar-a-vida-util-dos-isolantes-termicos\/\" \/>\n<meta property=\"og:site_name\" content=\"M2 Camper | Aislantes t\u00e9rmicos y oscurecedores para campers\" \/>\n<meta property=\"article:published_time\" content=\"2024-10-13T14:20:40+00:00\" \/>\n<meta property=\"article:modified_time\" content=\"2025-02-07T08:26:38+00:00\" \/>\n<meta property=\"og:image\" content=\"https:\/\/m2camper.com\/wp-content\/uploads\/2025\/01\/60c9aa_90fa74c202c747a098f6d63b9f3ea002mv2-scaled.webp\" \/>\n\t<meta property=\"og:image:width\" content=\"2560\" \/>\n\t<meta property=\"og:image:height\" content=\"1440\" \/>\n\t<meta property=\"og:image:type\" content=\"image\/webp\" \/>\n<meta name=\"author\" content=\"admin\" \/>\n<meta name=\"twitter:card\" content=\"summary_large_image\" \/>\n<meta name=\"twitter:label1\" content=\"Escrito por\" \/>\n\t<meta name=\"twitter:data1\" content=\"admin\" \/>\n\t<meta name=\"twitter:label2\" content=\"Tempo estimado de leitura\" \/>\n\t<meta name=\"twitter:data2\" content=\"2 minutos\" \/>\n<script type=\"application\/ld+json\" class=\"yoast-schema-graph\">{\"@context\":\"https:\\\/\\\/schema.org\",\"@graph\":[{\"@type\":\"Article\",\"@id\":\"https:\\\/\\\/m2camper.com\\\/consejos-para-prolongar-la-vida-util-de-los-aislantes-termicos\\\/#article\",\"isPartOf\":{\"@id\":\"https:\\\/\\\/m2camper.com\\\/consejos-para-prolongar-la-vida-util-de-los-aislantes-termicos\\\/\"},\"author\":{\"name\":\"admin\",\"@id\":\"https:\\\/\\\/m2camper.com\\\/pt\\\/#\\\/schema\\\/person\\\/e05510a66a6a17948fe5fe1af87461dd\"},\"headline\":\"Consejos para prolongar la vida \u00fatil de los aislantes t\u00e9rmicos\",\"datePublished\":\"2024-10-13T14:20:40+00:00\",\"dateModified\":\"2025-02-07T08:26:38+00:00\",\"mainEntityOfPage\":{\"@id\":\"https:\\\/\\\/m2camper.com\\\/consejos-para-prolongar-la-vida-util-de-los-aislantes-termicos\\\/\"},\"wordCount\":461,\"commentCount\":0,\"image\":{\"@id\":\"https:\\\/\\\/m2camper.com\\\/consejos-para-prolongar-la-vida-util-de-los-aislantes-termicos\\\/#primaryimage\"},\"thumbnailUrl\":\"https:\\\/\\\/m2camper.com\\\/wp-content\\\/uploads\\\/2025\\\/01\\\/60c9aa_90fa74c202c747a098f6d63b9f3ea002mv2-scaled.webp\",\"articleSection\":[\"Uncategorized\"],\"inLanguage\":\"pt-PT\",\"potentialAction\":[{\"@type\":\"CommentAction\",\"name\":\"Comment\",\"target\":[\"https:\\\/\\\/m2camper.com\\\/consejos-para-prolongar-la-vida-util-de-los-aislantes-termicos\\\/#respond\"]}]},{\"@type\":\"WebPage\",\"@id\":\"https:\\\/\\\/m2camper.com\\\/consejos-para-prolongar-la-vida-util-de-los-aislantes-termicos\\\/\",\"url\":\"https:\\\/\\\/m2camper.com\\\/consejos-para-prolongar-la-vida-util-de-los-aislantes-termicos\\\/\",\"name\":\"Consejos para prolongar la vida \u00fatil de los aislantes t\u00e9rmicos - M2 Camper | Aislantes t\u00e9rmicos y oscurecedores para campers\",\"isPartOf\":{\"@id\":\"https:\\\/\\\/m2camper.com\\\/pt\\\/#website\"},\"primaryImageOfPage\":{\"@id\":\"https:\\\/\\\/m2camper.com\\\/consejos-para-prolongar-la-vida-util-de-los-aislantes-termicos\\\/#primaryimage\"},\"image\":{\"@id\":\"https:\\\/\\\/m2camper.com\\\/consejos-para-prolongar-la-vida-util-de-los-aislantes-termicos\\\/#primaryimage\"},\"thumbnailUrl\":\"https:\\\/\\\/m2camper.com\\\/wp-content\\\/uploads\\\/2025\\\/01\\\/60c9aa_90fa74c202c747a098f6d63b9f3ea002mv2-scaled.webp\",\"datePublished\":\"2024-10-13T14:20:40+00:00\",\"dateModified\":\"2025-02-07T08:26:38+00:00\",\"author\":{\"@id\":\"https:\\\/\\\/m2camper.com\\\/pt\\\/#\\\/schema\\\/person\\\/e05510a66a6a17948fe5fe1af87461dd\"},\"breadcrumb\":{\"@id\":\"https:\\\/\\\/m2camper.com\\\/consejos-para-prolongar-la-vida-util-de-los-aislantes-termicos\\\/#breadcrumb\"},\"inLanguage\":\"pt-PT\",\"potentialAction\":[{\"@type\":\"ReadAction\",\"target\":[\"https:\\\/\\\/m2camper.com\\\/consejos-para-prolongar-la-vida-util-de-los-aislantes-termicos\\\/\"]}]},{\"@type\":\"ImageObject\",\"inLanguage\":\"pt-PT\",\"@id\":\"https:\\\/\\\/m2camper.com\\\/consejos-para-prolongar-la-vida-util-de-los-aislantes-termicos\\\/#primaryimage\",\"url\":\"https:\\\/\\\/m2camper.com\\\/wp-content\\\/uploads\\\/2025\\\/01\\\/60c9aa_90fa74c202c747a098f6d63b9f3ea002mv2-scaled.webp\",\"contentUrl\":\"https:\\\/\\\/m2camper.com\\\/wp-content\\\/uploads\\\/2025\\\/01\\\/60c9aa_90fa74c202c747a098f6d63b9f3ea002mv2-scaled.webp\",\"width\":2560,\"height\":1440},{\"@type\":\"BreadcrumbList\",\"@id\":\"https:\\\/\\\/m2camper.com\\\/consejos-para-prolongar-la-vida-util-de-los-aislantes-termicos\\\/#breadcrumb\",\"itemListElement\":[{\"@type\":\"ListItem\",\"position\":1,\"name\":\"Portada\",\"item\":\"https:\\\/\\\/m2camper.com\\\/pt\\\/\"},{\"@type\":\"ListItem\",\"position\":2,\"name\":\"Consejos para prolongar la vida \u00fatil de los aislantes t\u00e9rmicos\"}]},{\"@type\":\"WebSite\",\"@id\":\"https:\\\/\\\/m2camper.com\\\/pt\\\/#website\",\"url\":\"https:\\\/\\\/m2camper.com\\\/pt\\\/\",\"name\":\"M2 Campers | Aislantes t\u00e9rmicos y oscurecedores para campers\",\"description\":\"Descubre calidad y confort de nuestros aislantes t\u00e9rmicos oscurecedores y colchones para veh\u00edculos. Optimiza tu experiencia en carretera con M2 Camper.\",\"potentialAction\":[{\"@type\":\"SearchAction\",\"target\":{\"@type\":\"EntryPoint\",\"urlTemplate\":\"https:\\\/\\\/m2camper.com\\\/pt\\\/?s={search_term_string}\"},\"query-input\":{\"@type\":\"PropertyValueSpecification\",\"valueRequired\":true,\"valueName\":\"search_term_string\"}}],\"inLanguage\":\"pt-PT\"},{\"@type\":\"Person\",\"@id\":\"https:\\\/\\\/m2camper.com\\\/pt\\\/#\\\/schema\\\/person\\\/e05510a66a6a17948fe5fe1af87461dd\",\"name\":\"admin\",\"image\":{\"@type\":\"ImageObject\",\"inLanguage\":\"pt-PT\",\"@id\":\"https:\\\/\\\/secure.gravatar.com\\\/avatar\\\/44c520d0ee00f53bf5bce3cfe25f0f21a8b564001fa9d374716835d95b110394?s=96&d=mm&r=g\",\"url\":\"https:\\\/\\\/secure.gravatar.com\\\/avatar\\\/44c520d0ee00f53bf5bce3cfe25f0f21a8b564001fa9d374716835d95b110394?s=96&d=mm&r=g\",\"contentUrl\":\"https:\\\/\\\/secure.gravatar.com\\\/avatar\\\/44c520d0ee00f53bf5bce3cfe25f0f21a8b564001fa9d374716835d95b110394?s=96&d=mm&r=g\",\"caption\":\"admin\"},\"sameAs\":[\"https:\\\/\\\/m2camper.com\"],\"url\":\"https:\\\/\\\/m2camper.com\\\/pt\\\/author\\\/rbuila_k3s9szn2x\\\/\"}]}<\/script>\n<!-- \/ Yoast SEO plugin. -->","yoast_head_json":{"title":"Dicas para prolongar a vida \u00fatil do isolamento t\u00e9rmico - M2 Camper | Isolamento t\u00e9rmico e blackouts para campistas","robots":{"index":"index","follow":"follow","max-snippet":"max-snippet:-1","max-image-preview":"max-image-preview:large","max-video-preview":"max-video-preview:-1"},"canonical":"https:\/\/m2camper.com\/pt\/dicas-para-prolongar-a-vida-util-dos-isolantes-termicos\/","og_locale":"pt_PT","og_type":"article","og_title":"Consejos para prolongar la vida \u00fatil de los aislantes t\u00e9rmicos - M2 Camper | Aislantes t\u00e9rmicos y oscurecedores para campers","og_description":"Los aislantes t\u00e9rmicos para ventanas de veh\u00edculos son una excelente inversi\u00f3n para mantener el interior fresco durante los d\u00edas calurosos y mejorar la eficiencia energ\u00e9tica. Si bien su objetivo principal es proteger del calor y los rayos UV, requieren ciertos cuidados para que su rendimiento y durabilidad se mantengan a lo largo del tiempo. Aqu\u00ed&hellip;&nbsp;Ler mais &raquo;Consejos para prolongar la vida \u00fatil de los aislantes t\u00e9rmicos","og_url":"https:\/\/m2camper.com\/pt\/dicas-para-prolongar-a-vida-util-dos-isolantes-termicos\/","og_site_name":"M2 Camper | Aislantes t\u00e9rmicos y oscurecedores para campers","article_published_time":"2024-10-13T14:20:40+00:00","article_modified_time":"2025-02-07T08:26:38+00:00","og_image":[{"width":2560,"height":1440,"url":"https:\/\/m2camper.com\/wp-content\/uploads\/2025\/01\/60c9aa_90fa74c202c747a098f6d63b9f3ea002mv2-scaled.webp","type":"image\/webp"}],"author":"admin","twitter_card":"summary_large_image","twitter_misc":{"Escrito por":"admin","Tempo estimado de leitura":"2 minutos"},"schema":{"@context":"https:\/\/schema.org","@graph":[{"@type":"Article","@id":"https:\/\/m2camper.com\/consejos-para-prolongar-la-vida-util-de-los-aislantes-termicos\/#article","isPartOf":{"@id":"https:\/\/m2camper.com\/consejos-para-prolongar-la-vida-util-de-los-aislantes-termicos\/"},"author":{"name":"admin","@id":"https:\/\/m2camper.com\/pt\/#\/schema\/person\/e05510a66a6a17948fe5fe1af87461dd"},"headline":"Consejos para prolongar la vida \u00fatil de los aislantes t\u00e9rmicos","datePublished":"2024-10-13T14:20:40+00:00","dateModified":"2025-02-07T08:26:38+00:00","mainEntityOfPage":{"@id":"https:\/\/m2camper.com\/consejos-para-prolongar-la-vida-util-de-los-aislantes-termicos\/"},"wordCount":461,"commentCount":0,"image":{"@id":"https:\/\/m2camper.com\/consejos-para-prolongar-la-vida-util-de-los-aislantes-termicos\/#primaryimage"},"thumbnailUrl":"https:\/\/m2camper.com\/wp-content\/uploads\/2025\/01\/60c9aa_90fa74c202c747a098f6d63b9f3ea002mv2-scaled.webp","articleSection":["Uncategorized"],"inLanguage":"pt-PT","potentialAction":[{"@type":"CommentAction","name":"Comment","target":["https:\/\/m2camper.com\/consejos-para-prolongar-la-vida-util-de-los-aislantes-termicos\/#respond"]}]},{"@type":"WebPage","@id":"https:\/\/m2camper.com\/consejos-para-prolongar-la-vida-util-de-los-aislantes-termicos\/","url":"https:\/\/m2camper.com\/consejos-para-prolongar-la-vida-util-de-los-aislantes-termicos\/","name":"Dicas para prolongar a vida \u00fatil do isolamento t\u00e9rmico - M2 Camper | Isolamento t\u00e9rmico e blackouts para campistas","isPartOf":{"@id":"https:\/\/m2camper.com\/pt\/#website"},"primaryImageOfPage":{"@id":"https:\/\/m2camper.com\/consejos-para-prolongar-la-vida-util-de-los-aislantes-termicos\/#primaryimage"},"image":{"@id":"https:\/\/m2camper.com\/consejos-para-prolongar-la-vida-util-de-los-aislantes-termicos\/#primaryimage"},"thumbnailUrl":"https:\/\/m2camper.com\/wp-content\/uploads\/2025\/01\/60c9aa_90fa74c202c747a098f6d63b9f3ea002mv2-scaled.webp","datePublished":"2024-10-13T14:20:40+00:00","dateModified":"2025-02-07T08:26:38+00:00","author":{"@id":"https:\/\/m2camper.com\/pt\/#\/schema\/person\/e05510a66a6a17948fe5fe1af87461dd"},"breadcrumb":{"@id":"https:\/\/m2camper.com\/consejos-para-prolongar-la-vida-util-de-los-aislantes-termicos\/#breadcrumb"},"inLanguage":"pt-PT","potentialAction":[{"@type":"ReadAction","target":["https:\/\/m2camper.com\/consejos-para-prolongar-la-vida-util-de-los-aislantes-termicos\/"]}]},{"@type":"ImageObject","inLanguage":"pt-PT","@id":"https:\/\/m2camper.com\/consejos-para-prolongar-la-vida-util-de-los-aislantes-termicos\/#primaryimage","url":"https:\/\/m2camper.com\/wp-content\/uploads\/2025\/01\/60c9aa_90fa74c202c747a098f6d63b9f3ea002mv2-scaled.webp","contentUrl":"https:\/\/m2camper.com\/wp-content\/uploads\/2025\/01\/60c9aa_90fa74c202c747a098f6d63b9f3ea002mv2-scaled.webp","width":2560,"height":1440},{"@type":"BreadcrumbList","@id":"https:\/\/m2camper.com\/consejos-para-prolongar-la-vida-util-de-los-aislantes-termicos\/#breadcrumb","itemListElement":[{"@type":"ListItem","position":1,"name":"Portada","item":"https:\/\/m2camper.com\/pt\/"},{"@type":"ListItem","position":2,"name":"Consejos para prolongar la vida \u00fatil de los aislantes t\u00e9rmicos"}]},{"@type":"WebSite","@id":"https:\/\/m2camper.com\/pt\/#website","url":"https:\/\/m2camper.com\/pt\/","name":"M2 Campers | Isolamento t\u00e9rmico e blackouts para campistas","description":"Descubra a qualidade e o conforto do nosso isolamento t\u00e9rmico blackout e dos nossos colch\u00f5es para ve\u00edculos. Otimize sua experi\u00eancia de viagem com a M2 Camper.","potentialAction":[{"@type":"SearchAction","target":{"@type":"EntryPoint","urlTemplate":"https:\/\/m2camper.com\/pt\/?s={search_term_string}"},"query-input":{"@type":"PropertyValueSpecification","valueRequired":true,"valueName":"search_term_string"}}],"inLanguage":"pt-PT"},{"@type":"Person","@id":"https:\/\/m2camper.com\/pt\/#\/schema\/person\/e05510a66a6a17948fe5fe1af87461dd","name":"administrador","image":{"@type":"ImageObject","inLanguage":"pt-PT","@id":"https:\/\/secure.gravatar.com\/avatar\/44c520d0ee00f53bf5bce3cfe25f0f21a8b564001fa9d374716835d95b110394?s=96&d=mm&r=g","url":"https:\/\/secure.gravatar.com\/avatar\/44c520d0ee00f53bf5bce3cfe25f0f21a8b564001fa9d374716835d95b110394?s=96&d=mm&r=g","contentUrl":"https:\/\/secure.gravatar.com\/avatar\/44c520d0ee00f53bf5bce3cfe25f0f21a8b564001fa9d374716835d95b110394?s=96&d=mm&r=g","caption":"admin"},"sameAs":["https:\/\/m2camper.com"],"url":"https:\/\/m2camper.com\/pt\/author\/rbuila_k3s9szn2x\/"}]}},"_links":{"self":[{"href":"https:\/\/m2camper.com\/pt\/wp-json\/wp\/v2\/posts\/10822","targetHints":{"allow":["GET"]}}],"collection":[{"href":"https:\/\/m2camper.com\/pt\/wp-json\/wp\/v2\/posts"}],"about":[{"href":"https:\/\/m2camper.com\/pt\/wp-json\/wp\/v2\/types\/post"}],"author":[{"embeddable":true,"href":"https:\/\/m2camper.com\/pt\/wp-json\/wp\/v2\/users\/1"}],"replies":[{"embeddable":true,"href":"https:\/\/m2camper.com\/pt\/wp-json\/wp\/v2\/comments?post=10822"}],"version-history":[{"count":5,"href":"https:\/\/m2camper.com\/pt\/wp-json\/wp\/v2\/posts\/10822\/revisions"}],"predecessor-version":[{"id":11582,"href":"https:\/\/m2camper.com\/pt\/wp-json\/wp\/v2\/posts\/10822\/revisions\/11582"}],"wp:featuredmedia":[{"embeddable":true,"href":"https:\/\/m2camper.com\/pt\/wp-json\/wp\/v2\/media\/10823"}],"wp:attachment":[{"href":"https:\/\/m2camper.com\/pt\/wp-json\/wp\/v2\/media?parent=10822"}],"wp:term":[{"taxonomy":"category","embeddable":true,"href":"https:\/\/m2camper.com\/pt\/wp-json\/wp\/v2\/categories?post=10822"},{"taxonomy":"post_tag","embeddable":true,"href":"https:\/\/m2camper.com\/pt\/wp-json\/wp\/v2\/tags?post=10822"}],"curies":[{"name":"wp","href":"https:\/\/api.w.org\/{rel}","templated":true}]}}