{"id":16985,"date":"2026-04-27T10:21:00","date_gmt":"2026-04-27T08:21:00","guid":{"rendered":"https:\/\/m2camper.com\/?p=16985"},"modified":"2026-04-01T18:41:53","modified_gmt":"2026-04-01T16:41:53","slug":"condensacion-camper-como-evitarla","status":"publish","type":"post","link":"https:\/\/m2camper.com\/it\/condensacion-camper-como-evitarla\/","title":{"rendered":"Condensa nei camper: perch\u00e9 si forma e come evitarla davvero"},"content":{"rendered":"<p>Se ti sei mai svegliato con i finestrini completamente appannati o con una sensazione di umidit\u00e0 all\u2019interno del tuo veicolo, sai gi\u00e0 quanto la condensa in un camper possa essere fastidiosa.<\/p>\n\n\n\n<p>Ma al di l\u00e0 del disagio, \u00e8 un problema che influisce direttamente sul comfort\u2026 e, a lungo termine, sul veicolo stesso.<\/p>\n\n\n\n<h2 class=\"wp-block-heading\">Che cos\u2019\u00e8 la condensa in un camper<\/h2>\n\n\n\n<p>La condensa si forma quando l\u2019aria calda e umida all\u2019interno entra in contatto con superfici fredde, come i vetri.<\/p>\n\n\n\n<p>Risultato:<\/p>\n\n\n\n<ul class=\"wp-block-list\">\n<li>Acqua sui vetri<\/li>\n\n\n\n<li>Sensazione di umidit\u00e0<\/li>\n\n\n\n<li>Ambiente scomodo per dormire<\/li>\n<\/ul>\n\n\n\n<p><\/p>\n\n\n\n<h2 class=\"wp-block-heading\">Perch\u00e9 si forma umidit\u00e0 all\u2019interno del veicolo<\/h2>\n\n\n\n<p>Anche se non sembra, generiamo molta umidit\u00e0:<\/p>\n\n\n\n<ul class=\"wp-block-list\">\n<li>Respirazione durante la notte<\/li>\n\n\n\n<li>Sudore corporeo<\/li>\n\n\n\n<li>Differenza di temperatura interno\/esterno<\/li>\n<\/ul>\n\n\n\n<p><\/p>\n\n\n\n<p>E in uno spazio cos\u00ec piccolo come un\u2019auto o un furgone, questo si moltiplica.<\/p>\n\n\n\n<h2 class=\"wp-block-heading\">Problemi reali della condensa<\/h2>\n\n\n\n<p>Non \u00e8 solo un fastidio occasionale:<\/p>\n\n\n\n<ul class=\"wp-block-list\">\n<li>Peggiora la qualit\u00e0 del sonno<\/li>\n\n\n\n<li>Aumenta la sensazione di freddo<\/li>\n\n\n\n<li>Pu\u00f2 generare cattivi odori<\/li>\n\n\n\n<li>A lungo termine, pu\u00f2 danneggiare i materiali<\/li>\n<\/ul>\n\n\n\n<p><\/p>\n\n\n\n<h2 class=\"wp-block-heading\">Come evitare la condensa passo dopo passo<\/h2>\n\n\n\n<h3 class=\"wp-block-heading\">Ventilazione<\/h3>\n\n\n\n<p>\u00c8 fondamentale rinnovare l\u2019aria.<\/p>\n\n\n\n<p>Opzioni:<\/p>\n\n\n\n<ul class=\"wp-block-list\">\n<li>Lasciare una piccola apertura<\/li>\n\n\n\n<li>Utilizzare deflettori<\/li>\n<\/ul>\n\n\n\n<p><\/p>\n\n\n\n<h3 class=\"wp-block-heading\">Isolamento termico<\/h3>\n\n\n\n<p>Qui c\u2019\u00e8 uno dei punti chiave.<\/p>\n\n\n\n<p>I vetri sono la principale fonte di freddo e, senza protezione:<\/p>\n\n\n\n<ul class=\"wp-block-list\">\n<li>Si raffreddano rapidamente<\/li>\n\n\n\n<li>Generano condensa<\/li>\n<\/ul>\n\n\n\n<p><\/p>\n\n\n\n<p class=\"translation-block\">Gli <strong><a href=\"\/it\/isolanti\/\" target=\"_self\">isolanti termici su misura<\/a><\/strong> aiutano a:<\/p>\n\n\n\n<ul class=\"wp-block-list\">\n<li>Ridurre il contrasto termico<\/li>\n\n\n\n<li>Ridurre al minimo la formazione di umidit\u00e0<\/li>\n\n\n\n<li>Migliorare il comfort interno<\/li>\n<\/ul>\n\n\n\n<p><\/p>\n\n\n\n<h3 class=\"wp-block-heading\">Uso di materiali adeguati<\/h3>\n\n\n\n<p>Evita soluzioni improvvisate che trattengono l\u2019umidit\u00e0.<\/p>\n\n\n\n<p>Opta per materiali progettati per questo uso, che:<\/p>\n\n\n\n<ul class=\"wp-block-list\">\n<li>Non accumulino acqua<\/li>\n\n\n\n<li>Siano traspiranti<\/li>\n<\/ul>\n\n\n\n<p><\/p>\n\n\n\n<h2 class=\"wp-block-heading\">Soluzioni efficaci per la vita quotidiana<\/h2>\n\n\n\n<ul class=\"wp-block-list\">\n<li>Ventilare dopo aver dormito<\/li>\n\n\n\n<li>Utilizzare isolanti ogni volta che si pernotta<\/li>\n\n\n\n<li>Asciugare le superfici se compare umidit\u00e0<\/li>\n\n\n\n<li>Mantenere una routine di base<\/li>\n<\/ul>\n\n\n\n<p><\/p>\n\n\n\n<p class=\"has-large-font-size\"><strong>Domande frequenti<\/strong><\/p>\n\n\n\n<details class=\"wp-block-details is-layout-flow wp-block-details-is-layout-flow\"><summary><strong>\u00c8 normale che si formi condensa in un camper?<\/strong><\/summary>\n<p>S\u00ec, ma pu\u00f2 essere notevolmente ridotta con buone pratiche.<\/p>\n<\/details>\n\n\n\n<details class=\"wp-block-details is-layout-flow wp-block-details-is-layout-flow\"><summary><strong>Gli isolanti aiutano davvero?<\/strong><\/summary>\n<p>S\u00ec, sono una delle soluzioni pi\u00f9 efficaci.<\/p>\n<\/details>\n\n\n\n<details class=\"wp-block-details is-layout-flow wp-block-details-is-layout-flow\"><summary><strong>\u00c8 peggio in inverno?<\/strong><\/summary>\n<p>S\u00ec, a causa del maggiore contrasto termico.<\/p>\n<\/details>\n\n\n\n<p><\/p>\n\n\n\n<p>La condensa non \u00e8 qualcosa che devi accettare come parte del viaggio.<\/p>\n\n\n\n<p>Con le soluzioni giuste, puoi migliorare notevolmente la tua esperienza e il tuo riposo.<\/p>\n\n\n\n<p class=\"translation-block\">Scopri su <a href=\"\/it\/\" target=\"_self\">m2camper<\/a> come gli isolanti termici su misura possono aiutarti a mantenere un interno pi\u00f9 asciutto, confortevole e pronto per qualsiasi viaggio.<\/p>\n\n\n<div class=\"wp-block-image\">\n<figure class=\"aligncenter size-full is-resized\"><img fetchpriority=\"high\" decoding=\"async\" width=\"1080\" height=\"1620\" src=\"https:\/\/m2camper.com\/wp-content\/uploads\/2026\/04\/condensacion-en-una-camper.webp\" alt=\"Umidit\u00e0 interna del furgone\" class=\"wp-image-16991\" style=\"aspect-ratio:1;object-fit:cover;width:auto;height:500px\" srcset=\"https:\/\/m2camper.com\/wp-content\/uploads\/2026\/04\/condensacion-en-una-camper.webp 1080w, https:\/\/m2camper.com\/wp-content\/uploads\/2026\/04\/condensacion-en-una-camper-200x300.webp 200w, https:\/\/m2camper.com\/wp-content\/uploads\/2026\/04\/condensacion-en-una-camper-683x1024.webp 683w, https:\/\/m2camper.com\/wp-content\/uploads\/2026\/04\/condensacion-en-una-camper-768x1152.webp 768w, https:\/\/m2camper.com\/wp-content\/uploads\/2026\/04\/condensacion-en-una-camper-1024x1536.webp 1024w, https:\/\/m2camper.com\/wp-content\/uploads\/2026\/04\/condensacion-en-una-camper-8x12.webp 8w, https:\/\/m2camper.com\/wp-content\/uploads\/2026\/04\/condensacion-en-una-camper-300x450.webp 300w, https:\/\/m2camper.com\/wp-content\/uploads\/2026\/04\/condensacion-en-una-camper-600x900.webp 600w\" sizes=\"(max-width: 1080px) 100vw, 1080px\" \/><\/figure>\n<\/div>","protected":false},"excerpt":{"rendered":"<p>Si alguna vez te has despertado con las ventanas completamente empa\u00f1adas o con sensaci\u00f3n de humedad dentro de tu veh\u00edculo, ya sabes lo inc\u00f3moda que puede ser la condensaci\u00f3n en una camper. Pero m\u00e1s all\u00e1 de la incomodidad, es un problema que afecta directamente al confort\u2026 y a largo plazo, al propio veh\u00edculo. Qu\u00e9 es&hellip;&nbsp;<a href=\"https:\/\/m2camper.com\/it\/condensacion-camper-como-evitarla\/\" rel=\"bookmark\">Leggi tutto &raquo;<span class=\"screen-reader-text\">Condensa nei camper: perch\u00e9 si forma e come evitarla davvero<\/span><\/a><\/p>","protected":false},"author":5741,"featured_media":16991,"comment_status":"closed","ping_status":"closed","sticky":false,"template":"","format":"standard","meta":{"neve_meta_sidebar":"","neve_meta_container":"","neve_meta_enable_content_width":"","neve_meta_content_width":0,"neve_meta_title_alignment":"","neve_meta_author_avatar":"","neve_post_elements_order":"","neve_meta_disable_header":"","neve_meta_disable_footer":"","neve_meta_disable_title":"","footnotes":""},"categories":[208,202],"tags":[],"class_list":["post-16985","post","type-post","status-publish","format-standard","has-post-thumbnail","hentry","category-aislantes-termicos","category-camperizacion-de-furgonetas"],"yoast_head":"<!-- This site is optimized with the Yoast SEO plugin v27.4 - https:\/\/yoast.com\/product\/yoast-seo-wordpress\/ -->\n<title>Evitar condensaci\u00f3n en camper: gu\u00eda pr\u00e1ctica - M2 Camper | Aislantes t\u00e9rmicos y oscurecedores para campers<\/title>\n<meta name=\"description\" content=\"Aprende por qu\u00e9 aparece la condensaci\u00f3n en tu camper y c\u00f3mo evitarla con soluciones reales. Mejora tu confort y evita humedad.\" \/>\n<meta name=\"robots\" content=\"index, follow, max-snippet:-1, max-image-preview:large, max-video-preview:-1\" \/>\n<link rel=\"canonical\" href=\"https:\/\/m2camper.com\/it\/condensacion-camper-como-evitarla\/\" \/>\n<meta property=\"og:locale\" content=\"it_IT\" \/>\n<meta property=\"og:type\" content=\"article\" \/>\n<meta property=\"og:title\" content=\"Evitar condensaci\u00f3n en camper: gu\u00eda pr\u00e1ctica - M2 Camper | Aislantes t\u00e9rmicos y oscurecedores para campers\" \/>\n<meta property=\"og:description\" content=\"Aprende por qu\u00e9 aparece la condensaci\u00f3n en tu camper y c\u00f3mo evitarla con soluciones reales. Mejora tu confort y evita humedad.\" \/>\n<meta property=\"og:url\" content=\"https:\/\/m2camper.com\/it\/condensacion-camper-como-evitarla\/\" \/>\n<meta property=\"og:site_name\" content=\"M2 Camper | Aislantes t\u00e9rmicos y oscurecedores para campers\" \/>\n<meta property=\"article:published_time\" content=\"2026-04-27T08:21:00+00:00\" \/>\n<meta property=\"og:image\" content=\"https:\/\/m2camper.com\/wp-content\/uploads\/2026\/04\/condensacion-en-una-camper.webp\" \/>\n\t<meta property=\"og:image:width\" content=\"1080\" \/>\n\t<meta property=\"og:image:height\" content=\"1620\" \/>\n\t<meta property=\"og:image:type\" content=\"image\/webp\" \/>\n<meta name=\"author\" content=\"Prubs214s\" \/>\n<meta name=\"twitter:card\" content=\"summary_large_image\" \/>\n<meta name=\"twitter:label1\" content=\"Scritto da\" \/>\n\t<meta name=\"twitter:data1\" content=\"Prubs214s\" \/>\n\t<meta name=\"twitter:label2\" content=\"Tempo di lettura stimato\" \/>\n\t<meta name=\"twitter:data2\" content=\"3 minuti\" \/>\n<script type=\"application\/ld+json\" class=\"yoast-schema-graph\">{\"@context\":\"https:\\\/\\\/schema.org\",\"@graph\":[{\"@type\":\"Article\",\"@id\":\"https:\\\/\\\/m2camper.com\\\/condensacion-camper-como-evitarla\\\/#article\",\"isPartOf\":{\"@id\":\"https:\\\/\\\/m2camper.com\\\/condensacion-camper-como-evitarla\\\/\"},\"author\":{\"name\":\"Prubs214s\",\"@id\":\"https:\\\/\\\/m2camper.com\\\/pt\\\/#\\\/schema\\\/person\\\/ad1e681f60b2e23c9b88a93e6d3feab3\"},\"headline\":\"Condensaci\u00f3n en camper: por qu\u00e9 ocurre y c\u00f3mo evitarla de verdad\",\"datePublished\":\"2026-04-27T08:21:00+00:00\",\"mainEntityOfPage\":{\"@id\":\"https:\\\/\\\/m2camper.com\\\/condensacion-camper-como-evitarla\\\/\"},\"wordCount\":421,\"image\":{\"@id\":\"https:\\\/\\\/m2camper.com\\\/condensacion-camper-como-evitarla\\\/#primaryimage\"},\"thumbnailUrl\":\"https:\\\/\\\/m2camper.com\\\/wp-content\\\/uploads\\\/2026\\\/04\\\/condensacion-en-una-camper.webp\",\"articleSection\":[\"Aislantes t\u00e9rmicos\",\"camperizaci\u00f3n de furgonetas\"],\"inLanguage\":\"it-IT\"},{\"@type\":\"WebPage\",\"@id\":\"https:\\\/\\\/m2camper.com\\\/condensacion-camper-como-evitarla\\\/\",\"url\":\"https:\\\/\\\/m2camper.com\\\/condensacion-camper-como-evitarla\\\/\",\"name\":\"Evitar condensaci\u00f3n en camper: gu\u00eda pr\u00e1ctica - M2 Camper | Aislantes t\u00e9rmicos y oscurecedores para campers\",\"isPartOf\":{\"@id\":\"https:\\\/\\\/m2camper.com\\\/pt\\\/#website\"},\"primaryImageOfPage\":{\"@id\":\"https:\\\/\\\/m2camper.com\\\/condensacion-camper-como-evitarla\\\/#primaryimage\"},\"image\":{\"@id\":\"https:\\\/\\\/m2camper.com\\\/condensacion-camper-como-evitarla\\\/#primaryimage\"},\"thumbnailUrl\":\"https:\\\/\\\/m2camper.com\\\/wp-content\\\/uploads\\\/2026\\\/04\\\/condensacion-en-una-camper.webp\",\"datePublished\":\"2026-04-27T08:21:00+00:00\",\"author\":{\"@id\":\"https:\\\/\\\/m2camper.com\\\/pt\\\/#\\\/schema\\\/person\\\/ad1e681f60b2e23c9b88a93e6d3feab3\"},\"description\":\"Aprende por qu\u00e9 aparece la condensaci\u00f3n en tu camper y c\u00f3mo evitarla con soluciones reales. Mejora tu confort y evita humedad.\",\"breadcrumb\":{\"@id\":\"https:\\\/\\\/m2camper.com\\\/condensacion-camper-como-evitarla\\\/#breadcrumb\"},\"inLanguage\":\"it-IT\",\"potentialAction\":[{\"@type\":\"ReadAction\",\"target\":[\"https:\\\/\\\/m2camper.com\\\/condensacion-camper-como-evitarla\\\/\"]}]},{\"@type\":\"ImageObject\",\"inLanguage\":\"it-IT\",\"@id\":\"https:\\\/\\\/m2camper.com\\\/condensacion-camper-como-evitarla\\\/#primaryimage\",\"url\":\"https:\\\/\\\/m2camper.com\\\/wp-content\\\/uploads\\\/2026\\\/04\\\/condensacion-en-una-camper.webp\",\"contentUrl\":\"https:\\\/\\\/m2camper.com\\\/wp-content\\\/uploads\\\/2026\\\/04\\\/condensacion-en-una-camper.webp\",\"width\":1080,\"height\":1620,\"caption\":\"humedad interior furgoneta\"},{\"@type\":\"BreadcrumbList\",\"@id\":\"https:\\\/\\\/m2camper.com\\\/condensacion-camper-como-evitarla\\\/#breadcrumb\",\"itemListElement\":[{\"@type\":\"ListItem\",\"position\":1,\"name\":\"Portada\",\"item\":\"https:\\\/\\\/m2camper.com\\\/pt\\\/\"},{\"@type\":\"ListItem\",\"position\":2,\"name\":\"Condensaci\u00f3n en camper: por qu\u00e9 ocurre y c\u00f3mo evitarla de verdad\"}]},{\"@type\":\"WebSite\",\"@id\":\"https:\\\/\\\/m2camper.com\\\/pt\\\/#website\",\"url\":\"https:\\\/\\\/m2camper.com\\\/pt\\\/\",\"name\":\"M2 Campers | Aislantes t\u00e9rmicos y oscurecedores para campers\",\"description\":\"Descubre calidad y confort de nuestros aislantes t\u00e9rmicos oscurecedores y colchones para veh\u00edculos. Optimiza tu experiencia en carretera con M2 Camper.\",\"potentialAction\":[{\"@type\":\"SearchAction\",\"target\":{\"@type\":\"EntryPoint\",\"urlTemplate\":\"https:\\\/\\\/m2camper.com\\\/pt\\\/?s={search_term_string}\"},\"query-input\":{\"@type\":\"PropertyValueSpecification\",\"valueRequired\":true,\"valueName\":\"search_term_string\"}}],\"inLanguage\":\"it-IT\"},{\"@type\":\"Person\",\"@id\":\"https:\\\/\\\/m2camper.com\\\/pt\\\/#\\\/schema\\\/person\\\/ad1e681f60b2e23c9b88a93e6d3feab3\",\"name\":\"Prubs214s\",\"image\":{\"@type\":\"ImageObject\",\"inLanguage\":\"it-IT\",\"@id\":\"https:\\\/\\\/secure.gravatar.com\\\/avatar\\\/74706914812c3b473b95a5253410b33d71c50bf5f0d5423532bc0afa617d4316?s=96&d=mm&r=g\",\"url\":\"https:\\\/\\\/secure.gravatar.com\\\/avatar\\\/74706914812c3b473b95a5253410b33d71c50bf5f0d5423532bc0afa617d4316?s=96&d=mm&r=g\",\"contentUrl\":\"https:\\\/\\\/secure.gravatar.com\\\/avatar\\\/74706914812c3b473b95a5253410b33d71c50bf5f0d5423532bc0afa617d4316?s=96&d=mm&r=g\",\"caption\":\"Prubs214s\"},\"url\":\"https:\\\/\\\/m2camper.com\\\/it\\\/author\\\/prubs214s\\\/\"}]}<\/script>\n<!-- \/ Yoast SEO plugin. -->","yoast_head_json":{"title":"Evitar condensaci\u00f3n en camper: gu\u00eda pr\u00e1ctica - M2 Camper | Aislantes t\u00e9rmicos y oscurecedores para campers","description":"Aprende por qu\u00e9 aparece la condensaci\u00f3n en tu camper y c\u00f3mo evitarla con soluciones reales. Mejora tu confort y evita humedad.","robots":{"index":"index","follow":"follow","max-snippet":"max-snippet:-1","max-image-preview":"max-image-preview:large","max-video-preview":"max-video-preview:-1"},"canonical":"https:\/\/m2camper.com\/it\/condensacion-camper-como-evitarla\/","og_locale":"it_IT","og_type":"article","og_title":"Evitar condensaci\u00f3n en camper: gu\u00eda pr\u00e1ctica - M2 Camper | Aislantes t\u00e9rmicos y oscurecedores para campers","og_description":"Aprende por qu\u00e9 aparece la condensaci\u00f3n en tu camper y c\u00f3mo evitarla con soluciones reales. Mejora tu confort y evita humedad.","og_url":"https:\/\/m2camper.com\/it\/condensacion-camper-como-evitarla\/","og_site_name":"M2 Camper | Aislantes t\u00e9rmicos y oscurecedores para campers","article_published_time":"2026-04-27T08:21:00+00:00","og_image":[{"width":1080,"height":1620,"url":"https:\/\/m2camper.com\/wp-content\/uploads\/2026\/04\/condensacion-en-una-camper.webp","type":"image\/webp"}],"author":"Prubs214s","twitter_card":"summary_large_image","twitter_misc":{"Scritto da":"Prubs214s","Tempo di lettura stimato":"3 minuti"},"schema":{"@context":"https:\/\/schema.org","@graph":[{"@type":"Article","@id":"https:\/\/m2camper.com\/condensacion-camper-como-evitarla\/#article","isPartOf":{"@id":"https:\/\/m2camper.com\/condensacion-camper-como-evitarla\/"},"author":{"name":"Prubs214s","@id":"https:\/\/m2camper.com\/pt\/#\/schema\/person\/ad1e681f60b2e23c9b88a93e6d3feab3"},"headline":"Condensaci\u00f3n en camper: por qu\u00e9 ocurre y c\u00f3mo evitarla de verdad","datePublished":"2026-04-27T08:21:00+00:00","mainEntityOfPage":{"@id":"https:\/\/m2camper.com\/condensacion-camper-como-evitarla\/"},"wordCount":421,"image":{"@id":"https:\/\/m2camper.com\/condensacion-camper-como-evitarla\/#primaryimage"},"thumbnailUrl":"https:\/\/m2camper.com\/wp-content\/uploads\/2026\/04\/condensacion-en-una-camper.webp","articleSection":["Aislantes t\u00e9rmicos","camperizaci\u00f3n de furgonetas"],"inLanguage":"it-IT"},{"@type":"WebPage","@id":"https:\/\/m2camper.com\/condensacion-camper-como-evitarla\/","url":"https:\/\/m2camper.com\/condensacion-camper-como-evitarla\/","name":"Evitar condensaci\u00f3n en camper: gu\u00eda pr\u00e1ctica - M2 Camper | Aislantes t\u00e9rmicos y oscurecedores para campers","isPartOf":{"@id":"https:\/\/m2camper.com\/pt\/#website"},"primaryImageOfPage":{"@id":"https:\/\/m2camper.com\/condensacion-camper-como-evitarla\/#primaryimage"},"image":{"@id":"https:\/\/m2camper.com\/condensacion-camper-como-evitarla\/#primaryimage"},"thumbnailUrl":"https:\/\/m2camper.com\/wp-content\/uploads\/2026\/04\/condensacion-en-una-camper.webp","datePublished":"2026-04-27T08:21:00+00:00","author":{"@id":"https:\/\/m2camper.com\/pt\/#\/schema\/person\/ad1e681f60b2e23c9b88a93e6d3feab3"},"description":"Aprende por qu\u00e9 aparece la condensaci\u00f3n en tu camper y c\u00f3mo evitarla con soluciones reales. Mejora tu confort y evita humedad.","breadcrumb":{"@id":"https:\/\/m2camper.com\/condensacion-camper-como-evitarla\/#breadcrumb"},"inLanguage":"it-IT","potentialAction":[{"@type":"ReadAction","target":["https:\/\/m2camper.com\/condensacion-camper-como-evitarla\/"]}]},{"@type":"ImageObject","inLanguage":"it-IT","@id":"https:\/\/m2camper.com\/condensacion-camper-como-evitarla\/#primaryimage","url":"https:\/\/m2camper.com\/wp-content\/uploads\/2026\/04\/condensacion-en-una-camper.webp","contentUrl":"https:\/\/m2camper.com\/wp-content\/uploads\/2026\/04\/condensacion-en-una-camper.webp","width":1080,"height":1620,"caption":"humedad interior furgoneta"},{"@type":"BreadcrumbList","@id":"https:\/\/m2camper.com\/condensacion-camper-como-evitarla\/#breadcrumb","itemListElement":[{"@type":"ListItem","position":1,"name":"Portada","item":"https:\/\/m2camper.com\/pt\/"},{"@type":"ListItem","position":2,"name":"Condensaci\u00f3n en camper: por qu\u00e9 ocurre y c\u00f3mo evitarla de verdad"}]},{"@type":"WebSite","@id":"https:\/\/m2camper.com\/pt\/#website","url":"https:\/\/m2camper.com\/pt\/","name":"M2 Campers | Isolamento termico e oscuranti per camper","description":"Scopri la qualit\u00e0 e il comfort del nostro isolamento termico oscurante e dei materassi per veicoli. Ottimizza la tua esperienza di viaggio con M2 Camper.","potentialAction":[{"@type":"SearchAction","target":{"@type":"EntryPoint","urlTemplate":"https:\/\/m2camper.com\/pt\/?s={search_term_string}"},"query-input":{"@type":"PropertyValueSpecification","valueRequired":true,"valueName":"search_term_string"}}],"inLanguage":"it-IT"},{"@type":"Person","@id":"https:\/\/m2camper.com\/pt\/#\/schema\/person\/ad1e681f60b2e23c9b88a93e6d3feab3","name":"Prubs214s","image":{"@type":"ImageObject","inLanguage":"it-IT","@id":"https:\/\/secure.gravatar.com\/avatar\/74706914812c3b473b95a5253410b33d71c50bf5f0d5423532bc0afa617d4316?s=96&d=mm&r=g","url":"https:\/\/secure.gravatar.com\/avatar\/74706914812c3b473b95a5253410b33d71c50bf5f0d5423532bc0afa617d4316?s=96&d=mm&r=g","contentUrl":"https:\/\/secure.gravatar.com\/avatar\/74706914812c3b473b95a5253410b33d71c50bf5f0d5423532bc0afa617d4316?s=96&d=mm&r=g","caption":"Prubs214s"},"url":"https:\/\/m2camper.com\/it\/author\/prubs214s\/"}]}},"_links":{"self":[{"href":"https:\/\/m2camper.com\/it\/wp-json\/wp\/v2\/posts\/16985","targetHints":{"allow":["GET"]}}],"collection":[{"href":"https:\/\/m2camper.com\/it\/wp-json\/wp\/v2\/posts"}],"about":[{"href":"https:\/\/m2camper.com\/it\/wp-json\/wp\/v2\/types\/post"}],"author":[{"embeddable":true,"href":"https:\/\/m2camper.com\/it\/wp-json\/wp\/v2\/users\/5741"}],"replies":[{"embeddable":true,"href":"https:\/\/m2camper.com\/it\/wp-json\/wp\/v2\/comments?post=16985"}],"version-history":[{"count":5,"href":"https:\/\/m2camper.com\/it\/wp-json\/wp\/v2\/posts\/16985\/revisions"}],"predecessor-version":[{"id":16993,"href":"https:\/\/m2camper.com\/it\/wp-json\/wp\/v2\/posts\/16985\/revisions\/16993"}],"wp:featuredmedia":[{"embeddable":true,"href":"https:\/\/m2camper.com\/it\/wp-json\/wp\/v2\/media\/16991"}],"wp:attachment":[{"href":"https:\/\/m2camper.com\/it\/wp-json\/wp\/v2\/media?parent=16985"}],"wp:term":[{"taxonomy":"category","embeddable":true,"href":"https:\/\/m2camper.com\/it\/wp-json\/wp\/v2\/categories?post=16985"},{"taxonomy":"post_tag","embeddable":true,"href":"https:\/\/m2camper.com\/it\/wp-json\/wp\/v2\/tags?post=16985"}],"curies":[{"name":"wp","href":"https:\/\/api.w.org\/{rel}","templated":true}]}}