{"id":13560,"date":"2025-05-05T08:33:11","date_gmt":"2025-05-05T08:33:11","guid":{"rendered":"https:\/\/m2camper.com\/?p=13560"},"modified":"2025-05-27T10:11:29","modified_gmt":"2025-05-27T08:11:29","slug":"come-migliorare-lefficienza-energetica-del-tuo-veicolo-con-lisolamento-termico-per-camper","status":"publish","type":"post","link":"https:\/\/m2camper.com\/it\/come-migliorare-lefficienza-energetica-del-tuo-veicolo-con-lisolamento-termico-per-camper\/","title":{"rendered":"Come migliorare l&#039;efficienza energetica del tuo veicolo con l&#039;isolamento termico per camper"},"content":{"rendered":"<h2 class=\"wp-block-heading has-neve-text-color-color has-text-color has-link-color wp-elements-50e7d5e07bb59a511fc5a70918666334\">Isolamento termico per camper: risparmio e comfort nella tua avventura <\/h2>\n\n\n\n<p class=\"has-neve-text-color-color has-text-color has-link-color wp-elements-4ddb6f69839ac3328c2c41a5efec85d1\">Viaggiare in camper \u00e8 uno stile di vita che unisce libert\u00e0, avventura e contatto diretto con la natura. Ma affinch\u00e9 ogni viaggio sia davvero confortevole, \u00e8 essenziale disporre di un sistema termico efficiente che mantenga una temperatura interna confortevole senza dover ricorrere eccessivamente ai sistemi di aria condizionata. In questo contesto, <strong><a href=\"https:\/\/m2camper.com\/it\/isolanti\/\">isolamento termico per camper<\/a><\/strong> svolgono un ruolo chiave.<\/p>\n\n\n\n<p class=\"has-neve-text-color-color has-text-color has-link-color wp-elements-11d738041fd9e9bcd00da8f9c0b77ae9\">In <strong><a href=\"https:\/\/m2camper.com\/it\/contatto\/\">Camper M2<\/a><\/strong>Lavoriamo con soluzioni di alta qualit\u00e0, studiate appositamente per ottimizzare l&#039;isolamento termico del tuo veicolo, aiutandoti a risparmiare energia e a migliorare il comfort durante tutto l&#039;anno.<\/p>\n\n\n\n<h2 class=\"wp-block-heading has-neve-text-color-color has-text-color has-link-color wp-elements-fe8bbdd6a600f85e7622319cb4ea9fcd\">Perch\u00e9 l&#039;isolamento termico per i camper \u00e8 essenziale <\/h2>\n\n\n\n<p>Gli sbalzi di temperatura durante un viaggio possono essere intensi e improvvisi. Una giornata di sole in viaggio pu\u00f2 trasformarsi in una notte fredda in montagna, o una gita estiva pu\u00f2 far s\u00ec che l&#039;abitacolo del veicolo raggiunga temperature estreme. Un buon isolamento \u00e8 il modo migliore per stabilizzare la temperatura interna ed evitare queste fastidiose fluttuazioni.<\/p>\n\n\n\n<p class=\"has-neve-text-color-color has-text-color has-link-color wp-elements-a8ff377e1be1ec18912adbc7da8f9ab4\">IL <strong>isolamento termico per camper<\/strong> Agiscono come una barriera protettiva contro il caldo e il freddo, consentendo all&#039;interno del veicolo di mantenere una temperatura molto pi\u00f9 stabile. Questo si traduce in un minore utilizzo di riscaldamento o aria condizionata, con conseguente risparmio di batteria, carburante o carburante, a seconda del sistema utilizzato. Inoltre, un buon isolamento aiuta a ridurre la condensa all&#039;interno del veicolo, prevenendo problemi come umidit\u00e0, odori sgradevoli e deterioramento dei materiali.<\/p>\n\n\n<div class=\"wp-block-image\">\n<figure class=\"aligncenter size-large\"><img fetchpriority=\"high\" decoding=\"async\" width=\"1024\" height=\"724\" src=\"https:\/\/m2camper.com\/wp-content\/uploads\/2025\/05\/aislantes-termicos-para-camionetas-camper-1024x724.jpg\" alt=\"\" class=\"wp-image-13624\" srcset=\"https:\/\/m2camper.com\/wp-content\/uploads\/2025\/05\/aislantes-termicos-para-camionetas-camper-1024x724.jpg 1024w, https:\/\/m2camper.com\/wp-content\/uploads\/2025\/05\/aislantes-termicos-para-camionetas-camper-300x212.jpg 300w, https:\/\/m2camper.com\/wp-content\/uploads\/2025\/05\/aislantes-termicos-para-camionetas-camper-768x543.jpg 768w, https:\/\/m2camper.com\/wp-content\/uploads\/2025\/05\/aislantes-termicos-para-camionetas-camper-1536x1086.jpg 1536w, https:\/\/m2camper.com\/wp-content\/uploads\/2025\/05\/aislantes-termicos-para-camionetas-camper-18x12.jpg 18w, https:\/\/m2camper.com\/wp-content\/uploads\/2025\/05\/aislantes-termicos-para-camionetas-camper-600x424.jpg 600w, https:\/\/m2camper.com\/wp-content\/uploads\/2025\/05\/aislantes-termicos-para-camionetas-camper.jpg 2000w\" sizes=\"(max-width: 1024px) 100vw, 1024px\" \/><\/figure>\n<\/div>\n\n\n<h2 class=\"wp-block-heading has-neve-text-color-color has-text-color has-link-color wp-elements-ba714f08e83b46cc797e088637d20f36\">L&#039;isolamento termico a 9 strati per camper: prestazioni e affidabilit\u00e0 per tutti i tuoi viaggi<\/h2>\n\n\n\n<p class=\"has-neve-text-color-color has-text-color has-link-color wp-elements-89447065859837ef569ff76964f8a7b8\">Noi di M2 Camper ci affidiamo a un unico modello di isolamento termico perch\u00e9 crediamo che quando un prodotto funziona davvero bene, non c&#039;\u00e8 bisogno di complicare le cose con alternative. <strong>isolamento termico per camper<\/strong> Il modello a 9 strati combina materiali diversi che lavorano insieme per offrire prestazioni eccellenti sia nei climi freddi che in quelli caldi.<\/p>\n\n\n\n<p>Questo isolamento \u00e8 stato sviluppato per massimizzare l&#039;efficienza energetica del veicolo e garantire un elevato livello di comfort interno. La sua struttura multistrato consente:<\/p>\n\n\n\n<ul class=\"wp-block-list\">\n<li>Riflettono il calore del sole in estate.<\/li>\n\n\n\n<li>Mantenere il calore interno in inverno.<\/li>\n\n\n\n<li>Ridurre al minimo gli scambi di calore con l&#039;esterno.<\/li>\n\n\n\n<li>Proteggere l&#039;interno del veicolo da umidit\u00e0 e condensa.<\/li>\n<\/ul>\n\n\n\n<p>Grazie alla sua flessibilit\u00e0, leggerezza e resistenza, questo materiale \u00e8 ideale per adattarsi a soffitti, pareti laterali, pavimenti, porte e altre superfici importanti. Con una corretta installazione, il suo effetto \u00e8 immediato e duraturo.<\/p>\n\n\n\n<h2 class=\"wp-block-heading has-neve-text-color-color has-text-color has-link-color wp-elements-e979425f6c5264b7beaf5c20b9818cf2\">Consigli per sfruttare al meglio l&#039;isolamento termico per i camper <\/h2>\n\n\n\n<p>Per sfruttare al meglio l&#039;isolamento termico a 9 strati, \u00e8 importante tenere a mente alcuni aspetti chiave durante la sua installazione:<\/p>\n\n\n\n<ol class=\"wp-block-list\">\n<li class=\"has-neve-text-color-color has-text-color has-link-color wp-elements-6ef45140adf79b0ed36315270dec157f\"><strong>Coprire tutte le superfici rilevanti<\/strong>Soffitti, pareti, porte e persino il pavimento devono essere isolati per prevenire dispersioni termiche. Il soffitto \u00e8 spesso la priorit\u00e0, ma anche il pavimento \u00e8 un&#039;area critica.<\/li>\n\n\n\n<li class=\"has-neve-text-color-color has-text-color has-link-color wp-elements-5707288f7179ea689fe871054b0c34f9\"><strong>Sigillatura corretta<\/strong>: \u00c8 essenziale assicurarsi che non vi siano fessure o ponti termici. Anche una piccola area scoperta pu\u00f2 influire sulle prestazioni complessive dell&#039;isolamento.<\/li>\n\n\n\n<li class=\"has-neve-text-color-color has-text-color has-link-color wp-elements-19f5c0db9f1a36b68b8aa42eeffb6c95\"><strong>Installazione precisa<\/strong>Un materiale di qualit\u00e0 richiede un&#039;installazione accurata. Noi di M2 Camper ci assicuriamo che il processo venga eseguito con precisione per garantire un risultato efficiente e duraturo.<\/li>\n<\/ol>\n\n\n\n<h5 class=\"wp-block-heading has-neve-text-color-color has-text-color has-link-color wp-elements-01fd3a658b502c082ea88c90d6361b0d\">Vantaggi reali: pi\u00f9 comfort, meno consumi<\/h5>\n\n\n\n<p>Investire in un buon sistema di isolamento termico non solo migliora l&#039;esperienza di viaggio, ma comporta anche concreti benefici nel medio e lungo termine:<\/p>\n\n\n\n<ul class=\"wp-block-list\">\n<li class=\"has-neve-text-color-color has-text-color has-link-color wp-elements-5168a615edd296eba06b42e999f2c2ba\"><strong>Maggiore comfort in tutte le stagioni<\/strong>: Puoi goderti il tuo camper sia d&#039;estate che d&#039;inverno, senza dover dipendere costantemente dagli impianti di aria condizionata.<\/li>\n\n\n\n<li class=\"has-neve-text-color-color has-text-color has-link-color wp-elements-c1c932bdc06645df1d9f9ff2a2d00334\"><strong>Riduzione del consumo energetico<\/strong>: Utilizzare meno riscaldamento o aria condizionata significa risparmiare benzina, batteria o carburante.<\/li>\n\n\n\n<li class=\"has-neve-text-color-color has-text-color has-link-color wp-elements-a6c2f3f40916ced3eedf1adb0ce854dd\"><strong>Protezione interna<\/strong>: Riducendo la condensa e l&#039;umidit\u00e0, le finiture e i componenti del veicolo vengono conservati meglio.<\/li>\n<\/ul>\n\n\n\n<p>Tutto questo si traduce in un&#039;esperienza pi\u00f9 piacevole, pratica e sostenibile.<\/p>\n\n\n<div class=\"wp-block-image\">\n<figure class=\"aligncenter size-large\"><img decoding=\"async\" width=\"1024\" height=\"724\" src=\"https:\/\/m2camper.com\/wp-content\/uploads\/2025\/05\/aislantes-termicos-1024x724.jpg\" alt=\"\" class=\"wp-image-13625\" srcset=\"https:\/\/m2camper.com\/wp-content\/uploads\/2025\/05\/aislantes-termicos-1024x724.jpg 1024w, https:\/\/m2camper.com\/wp-content\/uploads\/2025\/05\/aislantes-termicos-300x212.jpg 300w, https:\/\/m2camper.com\/wp-content\/uploads\/2025\/05\/aislantes-termicos-768x543.jpg 768w, https:\/\/m2camper.com\/wp-content\/uploads\/2025\/05\/aislantes-termicos-1536x1086.jpg 1536w, https:\/\/m2camper.com\/wp-content\/uploads\/2025\/05\/aislantes-termicos-18x12.jpg 18w, https:\/\/m2camper.com\/wp-content\/uploads\/2025\/05\/aislantes-termicos-600x424.jpg 600w, https:\/\/m2camper.com\/wp-content\/uploads\/2025\/05\/aislantes-termicos.jpg 2000w\" sizes=\"(max-width: 1024px) 100vw, 1024px\" \/><\/figure>\n<\/div>\n\n\n<h2 class=\"wp-block-heading has-neve-text-color-color has-text-color has-link-color wp-elements-5ca1ac45ff77b3a197f78f9943a1e954\">M2 Camper: esperti nell&#039;isolamento termico per camper <\/h2>\n\n\n\n<p>Noi di M2 Camper siamo specializzati nel miglioramento del comfort termico nei camper, offrendo materiali ad alte prestazioni e consulenza personalizzata per ogni progetto. La nostra esperienza nel settore ci permette di offrire una soluzione efficace, testata in condizioni di viaggio reali e personalizzata sulle esigenze di ogni cliente.<\/p>\n\n\n\n<p>Offriamo la possibilit\u00e0 di integrare tasche portaoggetti nel nostro isolamento termico. Queste tasche sono ideali per riporre piccoli oggetti, come chiavi, cellulari o torce elettriche, offrendo praticit\u00e0 e organizzazione. Le tasche sono cucite direttamente nell&#039;isolamento e fissate al vetro tramite ventose, garantendo la possibilit\u00e0 di contenere solo oggetti leggeri senza compromettere l&#039;efficacia dell&#039;isolamento.<\/p>\n\n\n\n<p>Inoltre, in qualit\u00e0 di officina specializzata, siamo in grado di realizzare isolamenti personalizzati per qualsiasi tipo di veicolo o finestra, adattandoci alle esigenze di ogni cliente. Abbiamo realizzato isolamenti per un&#039;ampia variet\u00e0 di applicazioni, tra cui finestre per abitazioni con elevata esposizione al sole, scale con lucernari e persino piccole imbarcazioni. Grazie alla nostra flessibilit\u00e0 ed esperienza, offriamo soluzioni personalizzate per garantire le migliori prestazioni termiche in qualsiasi ambiente. Non esitate a contattarci per maggiori dettagli o per qualsiasi domanda.<\/p>\n\n\n\n<p class=\"has-neve-text-color-color has-text-color has-link-color wp-elements-532314d05499426484ad1f70d31fa82b\">Se stai pensando di migliorare l&#039;isolamento del tuo camper, non esitare: il <strong><a href=\"https:\/\/m2camper.com\/it\/isolanti\/\">isolamento termico per camper<\/a><\/strong> I prodotti che offriamo sono un investimento che inizia a dare i suoi frutti fin dal primo giorno. Meno consumi, pi\u00f9 comfort, pi\u00f9 libert\u00e0.<\/p>\n\n\n\n<p class=\"has-neve-text-color-color has-text-color has-link-color wp-elements-71fd9159d45b0e42ba66f598f69ad470\"><\/p>\n\n\n<div class=\"wp-block-image\">\n<figure class=\"aligncenter size-large\"><img decoding=\"async\" width=\"1024\" height=\"724\" src=\"https:\/\/m2camper.com\/wp-content\/uploads\/2025\/05\/oscurecedores-para-camper-1024x724.jpg\" alt=\"\" class=\"wp-image-13626\" srcset=\"https:\/\/m2camper.com\/wp-content\/uploads\/2025\/05\/oscurecedores-para-camper-1024x724.jpg 1024w, https:\/\/m2camper.com\/wp-content\/uploads\/2025\/05\/oscurecedores-para-camper-300x212.jpg 300w, https:\/\/m2camper.com\/wp-content\/uploads\/2025\/05\/oscurecedores-para-camper-768x543.jpg 768w, https:\/\/m2camper.com\/wp-content\/uploads\/2025\/05\/oscurecedores-para-camper-1536x1086.jpg 1536w, https:\/\/m2camper.com\/wp-content\/uploads\/2025\/05\/oscurecedores-para-camper-18x12.jpg 18w, https:\/\/m2camper.com\/wp-content\/uploads\/2025\/05\/oscurecedores-para-camper-600x424.jpg 600w, https:\/\/m2camper.com\/wp-content\/uploads\/2025\/05\/oscurecedores-para-camper.jpg 2000w\" sizes=\"(max-width: 1024px) 100vw, 1024px\" \/><\/figure>\n<\/div>","protected":false},"excerpt":{"rendered":"<p>Aislantes t\u00e9rmicos para autocaravanas: ahorro y comodidad en tu aventura Viajar en camper es una forma de vida que combina libertad, aventura y contacto directo con la naturaleza. Pero para que cada trayecto sea realmente c\u00f3modo, es fundamental contar con un sistema t\u00e9rmico eficiente que permita mantener una temperatura interior agradable sin depender en exceso&hellip;&nbsp;<a href=\"https:\/\/m2camper.com\/it\/come-migliorare-lefficienza-energetica-del-tuo-veicolo-con-lisolamento-termico-per-camper\/\" rel=\"bookmark\">Leggi tutto &raquo;<span class=\"screen-reader-text\">Come migliorare l&#039;efficienza energetica del tuo veicolo con l&#039;isolamento termico per camper<\/span><\/a><\/p>","protected":false},"author":5741,"featured_media":13618,"comment_status":"closed","ping_status":"closed","sticky":false,"template":"","format":"standard","meta":{"neve_meta_sidebar":"","neve_meta_container":"","neve_meta_enable_content_width":"","neve_meta_content_width":0,"neve_meta_title_alignment":"","neve_meta_author_avatar":"","neve_post_elements_order":"","neve_meta_disable_header":"","neve_meta_disable_footer":"","neve_meta_disable_title":"","footnotes":""},"categories":[208],"tags":[209],"class_list":["post-13560","post","type-post","status-publish","format-standard","has-post-thumbnail","hentry","category-aislantes-termicos","tag-aislantes-termicos-para-autocaravanas"],"yoast_head":"<!-- This site is optimized with the Yoast SEO plugin v27.4 - https:\/\/yoast.com\/product\/yoast-seo-wordpress\/ -->\n<title>C\u00f3mo mejorar la eficiencia energ\u00e9tica de tu veh\u00edculo con aislantes t\u00e9rmicos para autocaravanas - M2 Camper | Aislantes t\u00e9rmicos y oscurecedores para campers<\/title>\n<meta name=\"robots\" content=\"index, follow, max-snippet:-1, max-image-preview:large, max-video-preview:-1\" \/>\n<link rel=\"canonical\" href=\"https:\/\/m2camper.com\/it\/come-migliorare-lefficienza-energetica-del-tuo-veicolo-con-lisolamento-termico-per-camper\/\" \/>\n<meta property=\"og:locale\" content=\"it_IT\" \/>\n<meta property=\"og:type\" content=\"article\" \/>\n<meta property=\"og:title\" content=\"C\u00f3mo mejorar la eficiencia energ\u00e9tica de tu veh\u00edculo con aislantes t\u00e9rmicos para autocaravanas - M2 Camper | Aislantes t\u00e9rmicos y oscurecedores para campers\" \/>\n<meta property=\"og:description\" content=\"Aislantes t\u00e9rmicos para autocaravanas: ahorro y comodidad en tu aventura Viajar en camper es una forma de vida que combina libertad, aventura y contacto directo con la naturaleza. Pero para que cada trayecto sea realmente c\u00f3modo, es fundamental contar con un sistema t\u00e9rmico eficiente que permita mantener una temperatura interior agradable sin depender en exceso&hellip;&nbsp;Leggi tutto &raquo;C\u00f3mo mejorar la eficiencia energ\u00e9tica de tu veh\u00edculo con aislantes t\u00e9rmicos para autocaravanas\" \/>\n<meta property=\"og:url\" content=\"https:\/\/m2camper.com\/it\/come-migliorare-lefficienza-energetica-del-tuo-veicolo-con-lisolamento-termico-per-camper\/\" \/>\n<meta property=\"og:site_name\" content=\"M2 Camper | Aislantes t\u00e9rmicos y oscurecedores para campers\" \/>\n<meta property=\"article:published_time\" content=\"2025-05-05T08:33:11+00:00\" \/>\n<meta property=\"article:modified_time\" content=\"2025-05-27T08:11:29+00:00\" \/>\n<meta property=\"og:image\" content=\"https:\/\/m2camper.com\/wp-content\/uploads\/2025\/04\/aislante-para-furgos-1.jpg\" \/>\n\t<meta property=\"og:image:width\" content=\"2000\" \/>\n\t<meta property=\"og:image:height\" content=\"1414\" \/>\n\t<meta property=\"og:image:type\" content=\"image\/jpeg\" \/>\n<meta name=\"author\" content=\"Prubs214s\" \/>\n<meta name=\"twitter:card\" content=\"summary_large_image\" \/>\n<meta name=\"twitter:label1\" content=\"Scritto da\" \/>\n\t<meta name=\"twitter:data1\" content=\"Prubs214s\" \/>\n\t<meta name=\"twitter:label2\" content=\"Tempo di lettura stimato\" \/>\n\t<meta name=\"twitter:data2\" content=\"5 minuti\" \/>\n<script type=\"application\/ld+json\" class=\"yoast-schema-graph\">{\"@context\":\"https:\\\/\\\/schema.org\",\"@graph\":[{\"@type\":\"Article\",\"@id\":\"https:\\\/\\\/m2camper.com\\\/como-mejorar-la-eficiencia-energetica-de-tu-vehiculo-con-aislantes-termicos-para-autocaravanas\\\/#article\",\"isPartOf\":{\"@id\":\"https:\\\/\\\/m2camper.com\\\/como-mejorar-la-eficiencia-energetica-de-tu-vehiculo-con-aislantes-termicos-para-autocaravanas\\\/\"},\"author\":{\"name\":\"Prubs214s\",\"@id\":\"https:\\\/\\\/m2camper.com\\\/pt\\\/#\\\/schema\\\/person\\\/ad1e681f60b2e23c9b88a93e6d3feab3\"},\"headline\":\"C\u00f3mo mejorar la eficiencia energ\u00e9tica de tu veh\u00edculo con aislantes t\u00e9rmicos para autocaravanas\",\"datePublished\":\"2025-05-05T08:33:11+00:00\",\"dateModified\":\"2025-05-27T08:11:29+00:00\",\"mainEntityOfPage\":{\"@id\":\"https:\\\/\\\/m2camper.com\\\/como-mejorar-la-eficiencia-energetica-de-tu-vehiculo-con-aislantes-termicos-para-autocaravanas\\\/\"},\"wordCount\":968,\"image\":{\"@id\":\"https:\\\/\\\/m2camper.com\\\/como-mejorar-la-eficiencia-energetica-de-tu-vehiculo-con-aislantes-termicos-para-autocaravanas\\\/#primaryimage\"},\"thumbnailUrl\":\"https:\\\/\\\/m2camper.com\\\/wp-content\\\/uploads\\\/2025\\\/04\\\/aislante-para-furgos-1.jpg\",\"keywords\":[\"Aislantes t\u00e9rmicos para autocaravanas\"],\"articleSection\":[\"Aislantes t\u00e9rmicos\"],\"inLanguage\":\"it-IT\"},{\"@type\":\"WebPage\",\"@id\":\"https:\\\/\\\/m2camper.com\\\/como-mejorar-la-eficiencia-energetica-de-tu-vehiculo-con-aislantes-termicos-para-autocaravanas\\\/\",\"url\":\"https:\\\/\\\/m2camper.com\\\/como-mejorar-la-eficiencia-energetica-de-tu-vehiculo-con-aislantes-termicos-para-autocaravanas\\\/\",\"name\":\"C\u00f3mo mejorar la eficiencia energ\u00e9tica de tu veh\u00edculo con aislantes t\u00e9rmicos para autocaravanas - M2 Camper | Aislantes t\u00e9rmicos y oscurecedores para campers\",\"isPartOf\":{\"@id\":\"https:\\\/\\\/m2camper.com\\\/pt\\\/#website\"},\"primaryImageOfPage\":{\"@id\":\"https:\\\/\\\/m2camper.com\\\/como-mejorar-la-eficiencia-energetica-de-tu-vehiculo-con-aislantes-termicos-para-autocaravanas\\\/#primaryimage\"},\"image\":{\"@id\":\"https:\\\/\\\/m2camper.com\\\/como-mejorar-la-eficiencia-energetica-de-tu-vehiculo-con-aislantes-termicos-para-autocaravanas\\\/#primaryimage\"},\"thumbnailUrl\":\"https:\\\/\\\/m2camper.com\\\/wp-content\\\/uploads\\\/2025\\\/04\\\/aislante-para-furgos-1.jpg\",\"datePublished\":\"2025-05-05T08:33:11+00:00\",\"dateModified\":\"2025-05-27T08:11:29+00:00\",\"author\":{\"@id\":\"https:\\\/\\\/m2camper.com\\\/pt\\\/#\\\/schema\\\/person\\\/ad1e681f60b2e23c9b88a93e6d3feab3\"},\"breadcrumb\":{\"@id\":\"https:\\\/\\\/m2camper.com\\\/como-mejorar-la-eficiencia-energetica-de-tu-vehiculo-con-aislantes-termicos-para-autocaravanas\\\/#breadcrumb\"},\"inLanguage\":\"it-IT\",\"potentialAction\":[{\"@type\":\"ReadAction\",\"target\":[\"https:\\\/\\\/m2camper.com\\\/como-mejorar-la-eficiencia-energetica-de-tu-vehiculo-con-aislantes-termicos-para-autocaravanas\\\/\"]}]},{\"@type\":\"ImageObject\",\"inLanguage\":\"it-IT\",\"@id\":\"https:\\\/\\\/m2camper.com\\\/como-mejorar-la-eficiencia-energetica-de-tu-vehiculo-con-aislantes-termicos-para-autocaravanas\\\/#primaryimage\",\"url\":\"https:\\\/\\\/m2camper.com\\\/wp-content\\\/uploads\\\/2025\\\/04\\\/aislante-para-furgos-1.jpg\",\"contentUrl\":\"https:\\\/\\\/m2camper.com\\\/wp-content\\\/uploads\\\/2025\\\/04\\\/aislante-para-furgos-1.jpg\",\"width\":2000,\"height\":1414},{\"@type\":\"BreadcrumbList\",\"@id\":\"https:\\\/\\\/m2camper.com\\\/como-mejorar-la-eficiencia-energetica-de-tu-vehiculo-con-aislantes-termicos-para-autocaravanas\\\/#breadcrumb\",\"itemListElement\":[{\"@type\":\"ListItem\",\"position\":1,\"name\":\"Portada\",\"item\":\"https:\\\/\\\/m2camper.com\\\/pt\\\/\"},{\"@type\":\"ListItem\",\"position\":2,\"name\":\"C\u00f3mo mejorar la eficiencia energ\u00e9tica de tu veh\u00edculo con aislantes t\u00e9rmicos para autocaravanas\"}]},{\"@type\":\"WebSite\",\"@id\":\"https:\\\/\\\/m2camper.com\\\/pt\\\/#website\",\"url\":\"https:\\\/\\\/m2camper.com\\\/pt\\\/\",\"name\":\"M2 Campers | Aislantes t\u00e9rmicos y oscurecedores para campers\",\"description\":\"Descubre calidad y confort de nuestros aislantes t\u00e9rmicos oscurecedores y colchones para veh\u00edculos. Optimiza tu experiencia en carretera con M2 Camper.\",\"potentialAction\":[{\"@type\":\"SearchAction\",\"target\":{\"@type\":\"EntryPoint\",\"urlTemplate\":\"https:\\\/\\\/m2camper.com\\\/pt\\\/?s={search_term_string}\"},\"query-input\":{\"@type\":\"PropertyValueSpecification\",\"valueRequired\":true,\"valueName\":\"search_term_string\"}}],\"inLanguage\":\"it-IT\"},{\"@type\":\"Person\",\"@id\":\"https:\\\/\\\/m2camper.com\\\/pt\\\/#\\\/schema\\\/person\\\/ad1e681f60b2e23c9b88a93e6d3feab3\",\"name\":\"Prubs214s\",\"image\":{\"@type\":\"ImageObject\",\"inLanguage\":\"it-IT\",\"@id\":\"https:\\\/\\\/secure.gravatar.com\\\/avatar\\\/74706914812c3b473b95a5253410b33d71c50bf5f0d5423532bc0afa617d4316?s=96&d=mm&r=g\",\"url\":\"https:\\\/\\\/secure.gravatar.com\\\/avatar\\\/74706914812c3b473b95a5253410b33d71c50bf5f0d5423532bc0afa617d4316?s=96&d=mm&r=g\",\"contentUrl\":\"https:\\\/\\\/secure.gravatar.com\\\/avatar\\\/74706914812c3b473b95a5253410b33d71c50bf5f0d5423532bc0afa617d4316?s=96&d=mm&r=g\",\"caption\":\"Prubs214s\"},\"url\":\"https:\\\/\\\/m2camper.com\\\/it\\\/author\\\/prubs214s\\\/\"}]}<\/script>\n<!-- \/ Yoast SEO plugin. -->","yoast_head_json":{"title":"Come migliorare l&#039;efficienza energetica del tuo veicolo con l&#039;isolamento termico per camper - M2 Camper | Isolamento termico e oscuranti per camper","robots":{"index":"index","follow":"follow","max-snippet":"max-snippet:-1","max-image-preview":"max-image-preview:large","max-video-preview":"max-video-preview:-1"},"canonical":"https:\/\/m2camper.com\/it\/come-migliorare-lefficienza-energetica-del-tuo-veicolo-con-lisolamento-termico-per-camper\/","og_locale":"it_IT","og_type":"article","og_title":"C\u00f3mo mejorar la eficiencia energ\u00e9tica de tu veh\u00edculo con aislantes t\u00e9rmicos para autocaravanas - M2 Camper | Aislantes t\u00e9rmicos y oscurecedores para campers","og_description":"Aislantes t\u00e9rmicos para autocaravanas: ahorro y comodidad en tu aventura Viajar en camper es una forma de vida que combina libertad, aventura y contacto directo con la naturaleza. Pero para que cada trayecto sea realmente c\u00f3modo, es fundamental contar con un sistema t\u00e9rmico eficiente que permita mantener una temperatura interior agradable sin depender en exceso&hellip;&nbsp;Leggi tutto &raquo;C\u00f3mo mejorar la eficiencia energ\u00e9tica de tu veh\u00edculo con aislantes t\u00e9rmicos para autocaravanas","og_url":"https:\/\/m2camper.com\/it\/come-migliorare-lefficienza-energetica-del-tuo-veicolo-con-lisolamento-termico-per-camper\/","og_site_name":"M2 Camper | Aislantes t\u00e9rmicos y oscurecedores para campers","article_published_time":"2025-05-05T08:33:11+00:00","article_modified_time":"2025-05-27T08:11:29+00:00","og_image":[{"width":2000,"height":1414,"url":"https:\/\/m2camper.com\/wp-content\/uploads\/2025\/04\/aislante-para-furgos-1.jpg","type":"image\/jpeg"}],"author":"Prubs214s","twitter_card":"summary_large_image","twitter_misc":{"Scritto da":"Prubs214s","Tempo di lettura stimato":"5 minuti"},"schema":{"@context":"https:\/\/schema.org","@graph":[{"@type":"Article","@id":"https:\/\/m2camper.com\/como-mejorar-la-eficiencia-energetica-de-tu-vehiculo-con-aislantes-termicos-para-autocaravanas\/#article","isPartOf":{"@id":"https:\/\/m2camper.com\/como-mejorar-la-eficiencia-energetica-de-tu-vehiculo-con-aislantes-termicos-para-autocaravanas\/"},"author":{"name":"Prubs214s","@id":"https:\/\/m2camper.com\/pt\/#\/schema\/person\/ad1e681f60b2e23c9b88a93e6d3feab3"},"headline":"C\u00f3mo mejorar la eficiencia energ\u00e9tica de tu veh\u00edculo con aislantes t\u00e9rmicos para autocaravanas","datePublished":"2025-05-05T08:33:11+00:00","dateModified":"2025-05-27T08:11:29+00:00","mainEntityOfPage":{"@id":"https:\/\/m2camper.com\/como-mejorar-la-eficiencia-energetica-de-tu-vehiculo-con-aislantes-termicos-para-autocaravanas\/"},"wordCount":968,"image":{"@id":"https:\/\/m2camper.com\/como-mejorar-la-eficiencia-energetica-de-tu-vehiculo-con-aislantes-termicos-para-autocaravanas\/#primaryimage"},"thumbnailUrl":"https:\/\/m2camper.com\/wp-content\/uploads\/2025\/04\/aislante-para-furgos-1.jpg","keywords":["Aislantes t\u00e9rmicos para autocaravanas"],"articleSection":["Aislantes t\u00e9rmicos"],"inLanguage":"it-IT"},{"@type":"WebPage","@id":"https:\/\/m2camper.com\/como-mejorar-la-eficiencia-energetica-de-tu-vehiculo-con-aislantes-termicos-para-autocaravanas\/","url":"https:\/\/m2camper.com\/como-mejorar-la-eficiencia-energetica-de-tu-vehiculo-con-aislantes-termicos-para-autocaravanas\/","name":"Come migliorare l&#039;efficienza energetica del tuo veicolo con l&#039;isolamento termico per camper - M2 Camper | Isolamento termico e oscuranti per camper","isPartOf":{"@id":"https:\/\/m2camper.com\/pt\/#website"},"primaryImageOfPage":{"@id":"https:\/\/m2camper.com\/como-mejorar-la-eficiencia-energetica-de-tu-vehiculo-con-aislantes-termicos-para-autocaravanas\/#primaryimage"},"image":{"@id":"https:\/\/m2camper.com\/como-mejorar-la-eficiencia-energetica-de-tu-vehiculo-con-aislantes-termicos-para-autocaravanas\/#primaryimage"},"thumbnailUrl":"https:\/\/m2camper.com\/wp-content\/uploads\/2025\/04\/aislante-para-furgos-1.jpg","datePublished":"2025-05-05T08:33:11+00:00","dateModified":"2025-05-27T08:11:29+00:00","author":{"@id":"https:\/\/m2camper.com\/pt\/#\/schema\/person\/ad1e681f60b2e23c9b88a93e6d3feab3"},"breadcrumb":{"@id":"https:\/\/m2camper.com\/como-mejorar-la-eficiencia-energetica-de-tu-vehiculo-con-aislantes-termicos-para-autocaravanas\/#breadcrumb"},"inLanguage":"it-IT","potentialAction":[{"@type":"ReadAction","target":["https:\/\/m2camper.com\/como-mejorar-la-eficiencia-energetica-de-tu-vehiculo-con-aislantes-termicos-para-autocaravanas\/"]}]},{"@type":"ImageObject","inLanguage":"it-IT","@id":"https:\/\/m2camper.com\/como-mejorar-la-eficiencia-energetica-de-tu-vehiculo-con-aislantes-termicos-para-autocaravanas\/#primaryimage","url":"https:\/\/m2camper.com\/wp-content\/uploads\/2025\/04\/aislante-para-furgos-1.jpg","contentUrl":"https:\/\/m2camper.com\/wp-content\/uploads\/2025\/04\/aislante-para-furgos-1.jpg","width":2000,"height":1414},{"@type":"BreadcrumbList","@id":"https:\/\/m2camper.com\/como-mejorar-la-eficiencia-energetica-de-tu-vehiculo-con-aislantes-termicos-para-autocaravanas\/#breadcrumb","itemListElement":[{"@type":"ListItem","position":1,"name":"Portada","item":"https:\/\/m2camper.com\/pt\/"},{"@type":"ListItem","position":2,"name":"C\u00f3mo mejorar la eficiencia energ\u00e9tica de tu veh\u00edculo con aislantes t\u00e9rmicos para autocaravanas"}]},{"@type":"WebSite","@id":"https:\/\/m2camper.com\/pt\/#website","url":"https:\/\/m2camper.com\/pt\/","name":"M2 Campers | Isolamento termico e oscuranti per camper","description":"Scopri la qualit\u00e0 e il comfort del nostro isolamento termico oscurante e dei materassi per veicoli. Ottimizza la tua esperienza di viaggio con M2 Camper.","potentialAction":[{"@type":"SearchAction","target":{"@type":"EntryPoint","urlTemplate":"https:\/\/m2camper.com\/pt\/?s={search_term_string}"},"query-input":{"@type":"PropertyValueSpecification","valueRequired":true,"valueName":"search_term_string"}}],"inLanguage":"it-IT"},{"@type":"Person","@id":"https:\/\/m2camper.com\/pt\/#\/schema\/person\/ad1e681f60b2e23c9b88a93e6d3feab3","name":"Prubs214s","image":{"@type":"ImageObject","inLanguage":"it-IT","@id":"https:\/\/secure.gravatar.com\/avatar\/74706914812c3b473b95a5253410b33d71c50bf5f0d5423532bc0afa617d4316?s=96&d=mm&r=g","url":"https:\/\/secure.gravatar.com\/avatar\/74706914812c3b473b95a5253410b33d71c50bf5f0d5423532bc0afa617d4316?s=96&d=mm&r=g","contentUrl":"https:\/\/secure.gravatar.com\/avatar\/74706914812c3b473b95a5253410b33d71c50bf5f0d5423532bc0afa617d4316?s=96&d=mm&r=g","caption":"Prubs214s"},"url":"https:\/\/m2camper.com\/it\/author\/prubs214s\/"}]}},"_links":{"self":[{"href":"https:\/\/m2camper.com\/it\/wp-json\/wp\/v2\/posts\/13560","targetHints":{"allow":["GET"]}}],"collection":[{"href":"https:\/\/m2camper.com\/it\/wp-json\/wp\/v2\/posts"}],"about":[{"href":"https:\/\/m2camper.com\/it\/wp-json\/wp\/v2\/types\/post"}],"author":[{"embeddable":true,"href":"https:\/\/m2camper.com\/it\/wp-json\/wp\/v2\/users\/5741"}],"replies":[{"embeddable":true,"href":"https:\/\/m2camper.com\/it\/wp-json\/wp\/v2\/comments?post=13560"}],"version-history":[{"count":4,"href":"https:\/\/m2camper.com\/it\/wp-json\/wp\/v2\/posts\/13560\/revisions"}],"predecessor-version":[{"id":13727,"href":"https:\/\/m2camper.com\/it\/wp-json\/wp\/v2\/posts\/13560\/revisions\/13727"}],"wp:featuredmedia":[{"embeddable":true,"href":"https:\/\/m2camper.com\/it\/wp-json\/wp\/v2\/media\/13618"}],"wp:attachment":[{"href":"https:\/\/m2camper.com\/it\/wp-json\/wp\/v2\/media?parent=13560"}],"wp:term":[{"taxonomy":"category","embeddable":true,"href":"https:\/\/m2camper.com\/it\/wp-json\/wp\/v2\/categories?post=13560"},{"taxonomy":"post_tag","embeddable":true,"href":"https:\/\/m2camper.com\/it\/wp-json\/wp\/v2\/tags?post=13560"}],"curies":[{"name":"wp","href":"https:\/\/api.w.org\/{rel}","templated":true}]}}