{"id":11570,"date":"2024-05-12T11:33:27","date_gmt":"2024-05-12T11:33:27","guid":{"rendered":"https:\/\/ultbit.com\/m2camper\/?p=11570"},"modified":"2025-02-06T12:02:16","modified_gmt":"2025-02-06T12:02:16","slug":"sfrutta-al-massimo-lo-spazio-i-materassi-personalizzati-trasformano-il-tuo-camper","status":"publish","type":"post","link":"https:\/\/m2camper.com\/it\/sfrutta-al-massimo-lo-spazio-i-materassi-personalizzati-trasformano-il-tuo-camper\/","title":{"rendered":"Sfrutta al massimo lo spazio: i materassi personalizzati trasformano il tuo camper"},"content":{"rendered":"<div data-breakout=\"normal\">\n<p id=\"viewer-foo\" class=\"cqfST cQRuq WGebp jTM--\" dir=\"auto\"><span class=\"_61ACD\">Nel mondo dei camper, ogni centimetro del vostro veicolo \u00e8 prezioso. Adattare un veicolo per trasformarlo sia in un mezzo di trasporto che in una confortevole casa temporanea \u00e8 un&#039;arte che richiede ingegno, soprattutto quando si tratta di allocazione degli spazi. I materassi su misura non sono solo un elemento chiave nel puzzle del comfort, ma sono anche essenziali per un&#039;elegante disposizione degli interni del vostro camper.<\/span><\/p>\n<\/div>\n<div data-breakout=\"normal\">\n<p id=\"viewer-cjtn749\" class=\"cqfST cQRuq WGebp jTM--\" dir=\"auto\"><span class=\"_61ACD\"><strong>Riprogettare gli interni con intelligenza<\/strong><\/span><\/p>\n<\/div>\n<div data-breakout=\"normal\">\n<p id=\"viewer-l0liz51\" class=\"cqfST cQRuq WGebp jTM--\" dir=\"auto\"><span class=\"_61ACD\">I materassi su misura offrono una soluzione innovativa non solo in termini di comfort, ma anche nell&#039;ottimizzazione degli spazi. Noi di M2 Camper progettiamo materassi che si adattano alle dimensioni specifiche di ogni camper, eliminando gli sprechi di spazio e sfruttando ogni centimetro. Questo apre nuove possibilit\u00e0 per lo stoccaggio, le zone giorno e altro ancora, trasformando il vostro veicolo in uno spazio pi\u00f9 funzionale e organizzato.<\/span><\/p>\n<\/div>\n<div data-breakout=\"normal\">\n<div id=\"viewer-2djm91480\" class=\"KqKMh\">\n<div class=\"_7T4Uc SkJEB\">\n<figure class=\"P29V1\">\n<div class=\"CuIEU\" tabindex=\"0\" role=\"button\" data-hook=\"imageViewer\" aria-haspopup=\"true\">\n<div id=\"2djm91480\" class=\"KfAFF ApRDe _84uzj\"><img decoding=\"async\" class=\"aligncenter\" draggable=\"false\" src=\"https:\/\/static.wixstatic.com\/media\/60c9aa_34bae4643e154cb5a6b16f920794c861~mv2.jpg\/v1\/fill\/w_350,h_263,al_c,q_80,usm_0.66_1.00_0.01,enc_auto\/60c9aa_34bae4643e154cb5a6b16f920794c861~mv2.jpg\" alt=\"Ottimizza il tuo spazio con materassi su misura\" data-pin-url=\"https:\/\/m2camper.com\/post\/maximiza-tu-espacio-los-colchones-a-medida-transforman-tu-camper\" data-pin-media=\"https:\/\/static.wixstatic.com\/media\/60c9aa_34bae4643e154cb5a6b16f920794c861~mv2.jpg\/v1\/fill\/w_2048,h_1536,al_c,q_90\/60c9aa_34bae4643e154cb5a6b16f920794c861~mv2.jpg\" data-ssr-src-done=\"true\" data-load-done=\"\" \/><\/div>\n<\/div>\n<\/figure>\n<\/div>\n<\/div>\n<\/div>\n<div data-breakout=\"normal\">\n<p id=\"viewer-m3jib53\" class=\"cqfST cQRuq WGebp jTM--\" dir=\"auto\"><span class=\"_61ACD\"><strong>Funzionalit\u00e0 estese oltre il riposo<\/strong><\/span><\/p>\n<\/div>\n<div data-breakout=\"normal\">\n<p id=\"viewer-r8mcv55\" class=\"cqfST cQRuq WGebp jTM--\" dir=\"auto\"><span class=\"_61ACD\">Un materasso personalizzato non deve necessariamente servire solo come appoggio per il riposo. Con il giusto design, pu\u00f2 diventare parte integrante del vostro arredo per la vita e il viaggio. Immaginate un materasso che si ripiega trasformandosi in un divano durante il giorno o che include vani portaoggetti nascosti sottostanti. Questa doppia funzionalit\u00e0 non solo consente di risparmiare spazio, ma massimizza anche l&#039;utilit\u00e0 di ogni area del vostro camper.<\/span><\/p>\n<\/div>\n<div data-breakout=\"normal\">\n<p id=\"viewer-2nuis57\" class=\"cqfST cQRuq WGebp jTM--\" dir=\"auto\"><span class=\"_61ACD\"><strong>Estetica e comfort in armonia<\/strong><\/span><\/p>\n<\/div>\n<div data-breakout=\"normal\">\n<p id=\"viewer-r7rd859\" class=\"cqfST cQRuq WGebp jTM--\" dir=\"auto\"><span class=\"_61ACD\">Oltre ad essere pratici, i materassi personalizzati possono contribuire all&#039;estetica generale degli interni del tuo camper. Scegliendo materiali e design che si abbinano al resto della configurazione, puoi creare un ambiente che riflette il tuo stile personale e accresce la sensazione di sentirsi a casa durante il viaggio.<\/span><\/p>\n<\/div>\n<div data-breakout=\"normal\">\n<p id=\"viewer-k5t7l61\" class=\"cqfST cQRuq WGebp jTM--\" dir=\"auto\"><span class=\"_61ACD\"><strong>Salute ed ergonomia in viaggio<\/strong><\/span><\/p>\n<\/div>\n<div data-breakout=\"normal\">\n<p id=\"viewer-ipt1c63\" class=\"cqfST cQRuq WGebp jTM--\" dir=\"auto\"><span class=\"_61ACD\">L&#039;importanza di un buon riposo notturno non pu\u00f2 essere sottovalutata, soprattutto quando si \u00e8 in viaggio. Un materasso non adatto pu\u00f2 causare un sonno di scarsa qualit\u00e0, con conseguenti ripercussioni sulla salute e sulle energie. Materassi su misura, progettati tenendo conto dell&#039;ergonomia e supportati dalla scienza del sonno, possono prevenire problemi alla schiena e migliorare la qualit\u00e0 del sonno, assicurandovi di svegliarvi riposati e pronti per l&#039;avventura ogni giorno.<\/span><\/p>\n<\/div>\n<div data-breakout=\"normal\">\n<p id=\"viewer-2dteh65\" class=\"cqfST cQRuq WGebp jTM--\" dir=\"auto\"><span class=\"_61ACD\"><strong>Investimento a lungo termine nel tuo stile di vita<\/strong><\/span><\/p>\n<\/div>\n<div data-breakout=\"normal\">\n<p id=\"viewer-fras467\" class=\"cqfST cQRuq WGebp jTM--\" dir=\"auto\"><span class=\"_61ACD\">Scegliere un materasso personalizzato per il tuo camper \u00e8 pi\u00f9 di un semplice acquisto: \u00e8 un investimento nel tuo stile di vita e nelle tue avventure. Scegliendo un design personalizzato che si adatti alle tue esigenze specifiche, ti assicuri una soluzione duratura che ti accompagner\u00e0 in molti viaggi, offrendoti comfort e praticit\u00e0 ovunque ti porti la strada.<\/span><\/p>\n<\/div>\n<div data-breakout=\"normal\">\n<p id=\"viewer-xf0v369\" class=\"cqfST cQRuq WGebp jTM--\" dir=\"auto\"><span class=\"_61ACD\">Noi di M2 Camper crediamo che un materasso su misura sia molto pi\u00f9 di un semplice posto dove dormire. \u00c8 un elemento chiave per trasformare il tuo veicolo in una casa su ruote funzionale, confortevole ed esteticamente gradevole. Reinventando l&#039;uso di questo spazio essenziale, non solo migliorerai la tua esperienza di viaggio, ma massimizzerai anche il potenziale del tuo camper. Preparati a riscoprire cosa significa viaggiare con comfort e stile.<\/span><\/p>\n<\/div>\n<div data-breakout=\"normal\">\n<p id=\"viewer-qjl8y1580\" class=\"cqfST cQRuq WGebp jTM--\" dir=\"auto\"><span class=\"_61ACD\"><em>Ottimizza il tuo spazio con materassi personalizzati<\/em><\/span><\/p>\n<\/div>\n<div data-breakout=\"normal\">\n<div id=\"viewer-x5h9e1279\" class=\"KqKMh\">\n<div class=\"_7T4Uc SkJEB\">\n<figure class=\"P29V1\">\n<div class=\"CuIEU\" tabindex=\"0\" role=\"button\" data-hook=\"imageViewer\" aria-haspopup=\"true\">\n<div id=\"x5h9e1279\" class=\"KfAFF ApRDe _84uzj\"><img decoding=\"async\" class=\"aligncenter\" draggable=\"false\" src=\"https:\/\/static.wixstatic.com\/media\/60c9aa_a1dc04875e6b46ebb33c7a6c66a4ae76~mv2.jpg\/v1\/fill\/w_350,h_263,al_c,q_80,usm_0.66_1.00_0.01,enc_auto\/60c9aa_a1dc04875e6b46ebb33c7a6c66a4ae76~mv2.jpg\" alt=\"Ottimizza il tuo spazio con materassi su misura\" data-pin-url=\"https:\/\/m2camper.com\/post\/maximiza-tu-espacio-los-colchones-a-medida-transforman-tu-camper\" data-pin-media=\"https:\/\/static.wixstatic.com\/media\/60c9aa_a1dc04875e6b46ebb33c7a6c66a4ae76~mv2.jpg\/v1\/fill\/w_2048,h_1536,al_c,q_90\/60c9aa_a1dc04875e6b46ebb33c7a6c66a4ae76~mv2.jpg\" data-ssr-src-done=\"true\" data-load-done=\"\" \/><\/div>\n<\/div>\n<\/figure>\n<\/div>\n<\/div>\n<\/div>","protected":false},"excerpt":{"rendered":"<p>En el mundo del camper, cada cent\u00edmetro de tu veh\u00edculo es precioso. Adaptar un veh\u00edculo para que sea tanto un medio de transporte como un c\u00f3modo hogar temporal es un arte que requiere ingenio, especialmente cuando se trata de la distribuci\u00f3n del espacio. Los colchones a medida no solo son una pieza clave en el&hellip;&nbsp;<a href=\"https:\/\/m2camper.com\/it\/sfrutta-al-massimo-lo-spazio-i-materassi-personalizzati-trasformano-il-tuo-camper\/\" rel=\"bookmark\">Leggi tutto &raquo;<span class=\"screen-reader-text\">Sfrutta al massimo lo spazio: i materassi personalizzati trasformano il tuo camper<\/span><\/a><\/p>","protected":false},"author":5740,"featured_media":11571,"comment_status":"open","ping_status":"open","sticky":false,"template":"","format":"standard","meta":{"neve_meta_sidebar":"","neve_meta_container":"","neve_meta_enable_content_width":"off","neve_meta_content_width":70,"neve_meta_title_alignment":"","neve_meta_author_avatar":"","neve_post_elements_order":"","neve_meta_disable_header":"","neve_meta_disable_footer":"","neve_meta_disable_title":"","footnotes":""},"categories":[1],"tags":[],"class_list":["post-11570","post","type-post","status-publish","format-standard","has-post-thumbnail","hentry","category-uncategorized"],"yoast_head":"<!-- This site is optimized with the Yoast SEO plugin v27.4 - https:\/\/yoast.com\/product\/yoast-seo-wordpress\/ -->\n<title>Maximiza Tu Espacio: Los Colchones a Medida Transforman Tu Camper - M2 Camper | Aislantes t\u00e9rmicos y oscurecedores para campers<\/title>\n<meta name=\"robots\" content=\"index, follow, max-snippet:-1, max-image-preview:large, max-video-preview:-1\" \/>\n<link rel=\"canonical\" href=\"https:\/\/m2camper.com\/it\/sfrutta-al-massimo-lo-spazio-i-materassi-personalizzati-trasformano-il-tuo-camper\/\" \/>\n<meta property=\"og:locale\" content=\"it_IT\" \/>\n<meta property=\"og:type\" content=\"article\" \/>\n<meta property=\"og:title\" content=\"Maximiza Tu Espacio: Los Colchones a Medida Transforman Tu Camper - M2 Camper | Aislantes t\u00e9rmicos y oscurecedores para campers\" \/>\n<meta property=\"og:description\" content=\"En el mundo del camper, cada cent\u00edmetro de tu veh\u00edculo es precioso. Adaptar un veh\u00edculo para que sea tanto un medio de transporte como un c\u00f3modo hogar temporal es un arte que requiere ingenio, especialmente cuando se trata de la distribuci\u00f3n del espacio. Los colchones a medida no solo son una pieza clave en el&hellip;&nbsp;Leggi tutto &raquo;Maximiza Tu Espacio: Los Colchones a Medida Transforman Tu Camper\" \/>\n<meta property=\"og:url\" content=\"https:\/\/m2camper.com\/it\/sfrutta-al-massimo-lo-spazio-i-materassi-personalizzati-trasformano-il-tuo-camper\/\" \/>\n<meta property=\"og:site_name\" content=\"M2 Camper | Aislantes t\u00e9rmicos y oscurecedores para campers\" \/>\n<meta property=\"article:published_time\" content=\"2024-05-12T11:33:27+00:00\" \/>\n<meta property=\"article:modified_time\" content=\"2025-02-06T12:02:16+00:00\" \/>\n<meta property=\"og:image\" content=\"https:\/\/m2camper.com\/wp-content\/uploads\/2025\/02\/60c9aa_ed4c7456bc2048a29bcb737eed9d9e05mv2.webp\" \/>\n\t<meta property=\"og:image:width\" content=\"454\" \/>\n\t<meta property=\"og:image:height\" content=\"341\" \/>\n\t<meta property=\"og:image:type\" content=\"image\/webp\" \/>\n<meta name=\"author\" content=\"carlos\" \/>\n<meta name=\"twitter:card\" content=\"summary_large_image\" \/>\n<meta name=\"twitter:label1\" content=\"Scritto da\" \/>\n\t<meta name=\"twitter:data1\" content=\"carlos\" \/>\n\t<meta name=\"twitter:label2\" content=\"Tempo di lettura stimato\" \/>\n\t<meta name=\"twitter:data2\" content=\"3 minuti\" \/>\n<script type=\"application\/ld+json\" class=\"yoast-schema-graph\">{\"@context\":\"https:\\\/\\\/schema.org\",\"@graph\":[{\"@type\":\"Article\",\"@id\":\"https:\\\/\\\/m2camper.com\\\/maximiza-tu-espacio-los-colchones-a-medida-transforman-tu-camper\\\/#article\",\"isPartOf\":{\"@id\":\"https:\\\/\\\/m2camper.com\\\/maximiza-tu-espacio-los-colchones-a-medida-transforman-tu-camper\\\/\"},\"author\":{\"name\":\"carlos\",\"@id\":\"https:\\\/\\\/m2camper.com\\\/pt\\\/#\\\/schema\\\/person\\\/d003f4147a0469cbf1c77ba1bebdb1bb\"},\"headline\":\"Maximiza Tu Espacio: Los Colchones a Medida Transforman Tu Camper\",\"datePublished\":\"2024-05-12T11:33:27+00:00\",\"dateModified\":\"2025-02-06T12:02:16+00:00\",\"mainEntityOfPage\":{\"@id\":\"https:\\\/\\\/m2camper.com\\\/maximiza-tu-espacio-los-colchones-a-medida-transforman-tu-camper\\\/\"},\"wordCount\":568,\"commentCount\":0,\"image\":{\"@id\":\"https:\\\/\\\/m2camper.com\\\/maximiza-tu-espacio-los-colchones-a-medida-transforman-tu-camper\\\/#primaryimage\"},\"thumbnailUrl\":\"https:\\\/\\\/m2camper.com\\\/wp-content\\\/uploads\\\/2025\\\/02\\\/60c9aa_ed4c7456bc2048a29bcb737eed9d9e05mv2.webp\",\"articleSection\":[\"Uncategorized\"],\"inLanguage\":\"it-IT\",\"potentialAction\":[{\"@type\":\"CommentAction\",\"name\":\"Comment\",\"target\":[\"https:\\\/\\\/m2camper.com\\\/maximiza-tu-espacio-los-colchones-a-medida-transforman-tu-camper\\\/#respond\"]}]},{\"@type\":\"WebPage\",\"@id\":\"https:\\\/\\\/m2camper.com\\\/maximiza-tu-espacio-los-colchones-a-medida-transforman-tu-camper\\\/\",\"url\":\"https:\\\/\\\/m2camper.com\\\/maximiza-tu-espacio-los-colchones-a-medida-transforman-tu-camper\\\/\",\"name\":\"Maximiza Tu Espacio: Los Colchones a Medida Transforman Tu Camper - M2 Camper | Aislantes t\u00e9rmicos y oscurecedores para campers\",\"isPartOf\":{\"@id\":\"https:\\\/\\\/m2camper.com\\\/pt\\\/#website\"},\"primaryImageOfPage\":{\"@id\":\"https:\\\/\\\/m2camper.com\\\/maximiza-tu-espacio-los-colchones-a-medida-transforman-tu-camper\\\/#primaryimage\"},\"image\":{\"@id\":\"https:\\\/\\\/m2camper.com\\\/maximiza-tu-espacio-los-colchones-a-medida-transforman-tu-camper\\\/#primaryimage\"},\"thumbnailUrl\":\"https:\\\/\\\/m2camper.com\\\/wp-content\\\/uploads\\\/2025\\\/02\\\/60c9aa_ed4c7456bc2048a29bcb737eed9d9e05mv2.webp\",\"datePublished\":\"2024-05-12T11:33:27+00:00\",\"dateModified\":\"2025-02-06T12:02:16+00:00\",\"author\":{\"@id\":\"https:\\\/\\\/m2camper.com\\\/pt\\\/#\\\/schema\\\/person\\\/d003f4147a0469cbf1c77ba1bebdb1bb\"},\"breadcrumb\":{\"@id\":\"https:\\\/\\\/m2camper.com\\\/maximiza-tu-espacio-los-colchones-a-medida-transforman-tu-camper\\\/#breadcrumb\"},\"inLanguage\":\"it-IT\",\"potentialAction\":[{\"@type\":\"ReadAction\",\"target\":[\"https:\\\/\\\/m2camper.com\\\/maximiza-tu-espacio-los-colchones-a-medida-transforman-tu-camper\\\/\"]}]},{\"@type\":\"ImageObject\",\"inLanguage\":\"it-IT\",\"@id\":\"https:\\\/\\\/m2camper.com\\\/maximiza-tu-espacio-los-colchones-a-medida-transforman-tu-camper\\\/#primaryimage\",\"url\":\"https:\\\/\\\/m2camper.com\\\/wp-content\\\/uploads\\\/2025\\\/02\\\/60c9aa_ed4c7456bc2048a29bcb737eed9d9e05mv2.webp\",\"contentUrl\":\"https:\\\/\\\/m2camper.com\\\/wp-content\\\/uploads\\\/2025\\\/02\\\/60c9aa_ed4c7456bc2048a29bcb737eed9d9e05mv2.webp\",\"width\":454,\"height\":341},{\"@type\":\"BreadcrumbList\",\"@id\":\"https:\\\/\\\/m2camper.com\\\/maximiza-tu-espacio-los-colchones-a-medida-transforman-tu-camper\\\/#breadcrumb\",\"itemListElement\":[{\"@type\":\"ListItem\",\"position\":1,\"name\":\"Portada\",\"item\":\"https:\\\/\\\/m2camper.com\\\/pt\\\/\"},{\"@type\":\"ListItem\",\"position\":2,\"name\":\"Maximiza Tu Espacio: Los Colchones a Medida Transforman Tu Camper\"}]},{\"@type\":\"WebSite\",\"@id\":\"https:\\\/\\\/m2camper.com\\\/pt\\\/#website\",\"url\":\"https:\\\/\\\/m2camper.com\\\/pt\\\/\",\"name\":\"M2 Campers | Aislantes t\u00e9rmicos y oscurecedores para campers\",\"description\":\"Descubre calidad y confort de nuestros aislantes t\u00e9rmicos oscurecedores y colchones para veh\u00edculos. Optimiza tu experiencia en carretera con M2 Camper.\",\"potentialAction\":[{\"@type\":\"SearchAction\",\"target\":{\"@type\":\"EntryPoint\",\"urlTemplate\":\"https:\\\/\\\/m2camper.com\\\/pt\\\/?s={search_term_string}\"},\"query-input\":{\"@type\":\"PropertyValueSpecification\",\"valueRequired\":true,\"valueName\":\"search_term_string\"}}],\"inLanguage\":\"it-IT\"},{\"@type\":\"Person\",\"@id\":\"https:\\\/\\\/m2camper.com\\\/pt\\\/#\\\/schema\\\/person\\\/d003f4147a0469cbf1c77ba1bebdb1bb\",\"name\":\"carlos\",\"image\":{\"@type\":\"ImageObject\",\"inLanguage\":\"it-IT\",\"@id\":\"https:\\\/\\\/secure.gravatar.com\\\/avatar\\\/ab10b60551e807f6b37d54bb09e40bc41b08e3828d46504634ad6f35da1b46dc?s=96&d=mm&r=g\",\"url\":\"https:\\\/\\\/secure.gravatar.com\\\/avatar\\\/ab10b60551e807f6b37d54bb09e40bc41b08e3828d46504634ad6f35da1b46dc?s=96&d=mm&r=g\",\"contentUrl\":\"https:\\\/\\\/secure.gravatar.com\\\/avatar\\\/ab10b60551e807f6b37d54bb09e40bc41b08e3828d46504634ad6f35da1b46dc?s=96&d=mm&r=g\",\"caption\":\"carlos\"},\"url\":\"https:\\\/\\\/m2camper.com\\\/it\\\/author\\\/carlos\\\/\"}]}<\/script>\n<!-- \/ Yoast SEO plugin. -->","yoast_head_json":{"title":"Sfrutta al massimo lo spazio: i materassi personalizzati trasformano il tuo camper - M2 Camper | Isolamento termico e oscuranti per camper","robots":{"index":"index","follow":"follow","max-snippet":"max-snippet:-1","max-image-preview":"max-image-preview:large","max-video-preview":"max-video-preview:-1"},"canonical":"https:\/\/m2camper.com\/it\/sfrutta-al-massimo-lo-spazio-i-materassi-personalizzati-trasformano-il-tuo-camper\/","og_locale":"it_IT","og_type":"article","og_title":"Maximiza Tu Espacio: Los Colchones a Medida Transforman Tu Camper - M2 Camper | Aislantes t\u00e9rmicos y oscurecedores para campers","og_description":"En el mundo del camper, cada cent\u00edmetro de tu veh\u00edculo es precioso. Adaptar un veh\u00edculo para que sea tanto un medio de transporte como un c\u00f3modo hogar temporal es un arte que requiere ingenio, especialmente cuando se trata de la distribuci\u00f3n del espacio. Los colchones a medida no solo son una pieza clave en el&hellip;&nbsp;Leggi tutto &raquo;Maximiza Tu Espacio: Los Colchones a Medida Transforman Tu Camper","og_url":"https:\/\/m2camper.com\/it\/sfrutta-al-massimo-lo-spazio-i-materassi-personalizzati-trasformano-il-tuo-camper\/","og_site_name":"M2 Camper | Aislantes t\u00e9rmicos y oscurecedores para campers","article_published_time":"2024-05-12T11:33:27+00:00","article_modified_time":"2025-02-06T12:02:16+00:00","og_image":[{"width":454,"height":341,"url":"https:\/\/m2camper.com\/wp-content\/uploads\/2025\/02\/60c9aa_ed4c7456bc2048a29bcb737eed9d9e05mv2.webp","type":"image\/webp"}],"author":"carlos","twitter_card":"summary_large_image","twitter_misc":{"Scritto da":"carlos","Tempo di lettura stimato":"3 minuti"},"schema":{"@context":"https:\/\/schema.org","@graph":[{"@type":"Article","@id":"https:\/\/m2camper.com\/maximiza-tu-espacio-los-colchones-a-medida-transforman-tu-camper\/#article","isPartOf":{"@id":"https:\/\/m2camper.com\/maximiza-tu-espacio-los-colchones-a-medida-transforman-tu-camper\/"},"author":{"name":"carlos","@id":"https:\/\/m2camper.com\/pt\/#\/schema\/person\/d003f4147a0469cbf1c77ba1bebdb1bb"},"headline":"Maximiza Tu Espacio: Los Colchones a Medida Transforman Tu Camper","datePublished":"2024-05-12T11:33:27+00:00","dateModified":"2025-02-06T12:02:16+00:00","mainEntityOfPage":{"@id":"https:\/\/m2camper.com\/maximiza-tu-espacio-los-colchones-a-medida-transforman-tu-camper\/"},"wordCount":568,"commentCount":0,"image":{"@id":"https:\/\/m2camper.com\/maximiza-tu-espacio-los-colchones-a-medida-transforman-tu-camper\/#primaryimage"},"thumbnailUrl":"https:\/\/m2camper.com\/wp-content\/uploads\/2025\/02\/60c9aa_ed4c7456bc2048a29bcb737eed9d9e05mv2.webp","articleSection":["Uncategorized"],"inLanguage":"it-IT","potentialAction":[{"@type":"CommentAction","name":"Comment","target":["https:\/\/m2camper.com\/maximiza-tu-espacio-los-colchones-a-medida-transforman-tu-camper\/#respond"]}]},{"@type":"WebPage","@id":"https:\/\/m2camper.com\/maximiza-tu-espacio-los-colchones-a-medida-transforman-tu-camper\/","url":"https:\/\/m2camper.com\/maximiza-tu-espacio-los-colchones-a-medida-transforman-tu-camper\/","name":"Sfrutta al massimo lo spazio: i materassi personalizzati trasformano il tuo camper - M2 Camper | Isolamento termico e oscuranti per camper","isPartOf":{"@id":"https:\/\/m2camper.com\/pt\/#website"},"primaryImageOfPage":{"@id":"https:\/\/m2camper.com\/maximiza-tu-espacio-los-colchones-a-medida-transforman-tu-camper\/#primaryimage"},"image":{"@id":"https:\/\/m2camper.com\/maximiza-tu-espacio-los-colchones-a-medida-transforman-tu-camper\/#primaryimage"},"thumbnailUrl":"https:\/\/m2camper.com\/wp-content\/uploads\/2025\/02\/60c9aa_ed4c7456bc2048a29bcb737eed9d9e05mv2.webp","datePublished":"2024-05-12T11:33:27+00:00","dateModified":"2025-02-06T12:02:16+00:00","author":{"@id":"https:\/\/m2camper.com\/pt\/#\/schema\/person\/d003f4147a0469cbf1c77ba1bebdb1bb"},"breadcrumb":{"@id":"https:\/\/m2camper.com\/maximiza-tu-espacio-los-colchones-a-medida-transforman-tu-camper\/#breadcrumb"},"inLanguage":"it-IT","potentialAction":[{"@type":"ReadAction","target":["https:\/\/m2camper.com\/maximiza-tu-espacio-los-colchones-a-medida-transforman-tu-camper\/"]}]},{"@type":"ImageObject","inLanguage":"it-IT","@id":"https:\/\/m2camper.com\/maximiza-tu-espacio-los-colchones-a-medida-transforman-tu-camper\/#primaryimage","url":"https:\/\/m2camper.com\/wp-content\/uploads\/2025\/02\/60c9aa_ed4c7456bc2048a29bcb737eed9d9e05mv2.webp","contentUrl":"https:\/\/m2camper.com\/wp-content\/uploads\/2025\/02\/60c9aa_ed4c7456bc2048a29bcb737eed9d9e05mv2.webp","width":454,"height":341},{"@type":"BreadcrumbList","@id":"https:\/\/m2camper.com\/maximiza-tu-espacio-los-colchones-a-medida-transforman-tu-camper\/#breadcrumb","itemListElement":[{"@type":"ListItem","position":1,"name":"Portada","item":"https:\/\/m2camper.com\/pt\/"},{"@type":"ListItem","position":2,"name":"Maximiza Tu Espacio: Los Colchones a Medida Transforman Tu Camper"}]},{"@type":"WebSite","@id":"https:\/\/m2camper.com\/pt\/#website","url":"https:\/\/m2camper.com\/pt\/","name":"M2 Campers | Isolamento termico e oscuranti per camper","description":"Scopri la qualit\u00e0 e il comfort del nostro isolamento termico oscurante e dei materassi per veicoli. Ottimizza la tua esperienza di viaggio con M2 Camper.","potentialAction":[{"@type":"SearchAction","target":{"@type":"EntryPoint","urlTemplate":"https:\/\/m2camper.com\/pt\/?s={search_term_string}"},"query-input":{"@type":"PropertyValueSpecification","valueRequired":true,"valueName":"search_term_string"}}],"inLanguage":"it-IT"},{"@type":"Person","@id":"https:\/\/m2camper.com\/pt\/#\/schema\/person\/d003f4147a0469cbf1c77ba1bebdb1bb","name":"Carlos","image":{"@type":"ImageObject","inLanguage":"it-IT","@id":"https:\/\/secure.gravatar.com\/avatar\/ab10b60551e807f6b37d54bb09e40bc41b08e3828d46504634ad6f35da1b46dc?s=96&d=mm&r=g","url":"https:\/\/secure.gravatar.com\/avatar\/ab10b60551e807f6b37d54bb09e40bc41b08e3828d46504634ad6f35da1b46dc?s=96&d=mm&r=g","contentUrl":"https:\/\/secure.gravatar.com\/avatar\/ab10b60551e807f6b37d54bb09e40bc41b08e3828d46504634ad6f35da1b46dc?s=96&d=mm&r=g","caption":"carlos"},"url":"https:\/\/m2camper.com\/it\/author\/carlos\/"}]}},"_links":{"self":[{"href":"https:\/\/m2camper.com\/it\/wp-json\/wp\/v2\/posts\/11570","targetHints":{"allow":["GET"]}}],"collection":[{"href":"https:\/\/m2camper.com\/it\/wp-json\/wp\/v2\/posts"}],"about":[{"href":"https:\/\/m2camper.com\/it\/wp-json\/wp\/v2\/types\/post"}],"author":[{"embeddable":true,"href":"https:\/\/m2camper.com\/it\/wp-json\/wp\/v2\/users\/5740"}],"replies":[{"embeddable":true,"href":"https:\/\/m2camper.com\/it\/wp-json\/wp\/v2\/comments?post=11570"}],"version-history":[{"count":2,"href":"https:\/\/m2camper.com\/it\/wp-json\/wp\/v2\/posts\/11570\/revisions"}],"predecessor-version":[{"id":11573,"href":"https:\/\/m2camper.com\/it\/wp-json\/wp\/v2\/posts\/11570\/revisions\/11573"}],"wp:featuredmedia":[{"embeddable":true,"href":"https:\/\/m2camper.com\/it\/wp-json\/wp\/v2\/media\/11571"}],"wp:attachment":[{"href":"https:\/\/m2camper.com\/it\/wp-json\/wp\/v2\/media?parent=11570"}],"wp:term":[{"taxonomy":"category","embeddable":true,"href":"https:\/\/m2camper.com\/it\/wp-json\/wp\/v2\/categories?post=11570"},{"taxonomy":"post_tag","embeddable":true,"href":"https:\/\/m2camper.com\/it\/wp-json\/wp\/v2\/tags?post=11570"}],"curies":[{"name":"wp","href":"https:\/\/api.w.org\/{rel}","templated":true}]}}