{"id":11555,"date":"2024-02-04T10:55:59","date_gmt":"2024-02-04T10:55:59","guid":{"rendered":"https:\/\/ultbit.com\/m2camper\/?p=11555"},"modified":"2025-02-06T10:57:24","modified_gmt":"2025-02-06T10:57:24","slug":"isola-il-tuo-veicolo-con-la-nostra-tecnologia-a-9-strati","status":"publish","type":"post","link":"https:\/\/m2camper.com\/it\/isola-il-tuo-veicolo-con-la-nostra-tecnologia-a-9-strati\/","title":{"rendered":"Isola il tuo veicolo con la nostra tecnologia a 9 strati: una barriera efficiente contro il freddo e il caldo"},"content":{"rendered":"<div data-breakout=\"normal\">\n<p id=\"viewer-9es8o92\" class=\"cqfST cQRuq WGebp jTM--\" dir=\"auto\"><span class=\"_61ACD\"><strong>Strato 1: alluminio da 90 micron, anti-UV e antigraffio<\/strong> La prima linea di difesa per questo isolamento termico \u00e8 uno strato di alluminio da 90 micron, progettato per resistere ai raggi UV e proteggere dai graffi. Questo strato non solo garantisce la durata del prodotto, ma previene anche il deterioramento causato dall&#039;esposizione diretta alla luce solare.<\/span><\/p>\n<\/div>\n<div data-breakout=\"normal\">\n<p id=\"viewer-ggoz4129\" class=\"cqfST cQRuq WGebp jTM--\" dir=\"auto\"><span class=\"_61ACD\"><strong>Strati 2, 4, 6 e 8: polietilene espanso da 2 mm<\/strong> Tra gli strati di alluminio sono presenti fogli di polietilene espanso spessi 2 mm. Questi strati forniscono un efficace isolamento termico, contribuendo a mantenere una temperatura interna costante e riducendo il trasferimento di calore o freddo dall&#039;esterno.<\/span><\/p>\n<\/div>\n<div data-breakout=\"normal\">\n<p id=\"viewer-7d8hp132\" class=\"cqfST cQRuq WGebp jTM--\" dir=\"auto\"><span class=\"_61ACD\"><strong>Strati 3, 5 e 7: foglio di alluminio da 38 micron per l&#039;isolamento<\/strong> Tra gli strati di polietilene sono inseriti fogli di alluminio da 38 micron, appositamente progettati per fornire un ulteriore isolamento termico. Questa disposizione strategica dei fogli di alluminio garantisce un efficace controllo della temperatura, creando una barriera duratura contro le condizioni meteorologiche avverse.<\/span><\/p>\n<\/div>\n<div data-breakout=\"normal\">\n<p id=\"viewer-uangy135\" class=\"cqfST cQRuq WGebp jTM--\" dir=\"auto\"><span class=\"_61ACD\"><strong>Strato 9: ovatta antiallergica da 75 gr\/m\u00b2 per l&#039;isolamento<\/strong> Lo strato finale di questo innovativo isolamento termico oscurante \u00e8 composto da ovatta da 75 g\/m\u00b2, che non solo contribuisce all&#039;isolamento termico, ma funge anche da barriera antiallergica. Questo materiale specializzato aiuta a mantenere un ambiente privo di allergeni, offrendo uno spazio pi\u00f9 sano e confortevole.<\/span><\/p>\n<\/div>\n<div data-breakout=\"normal\">\n<p id=\"viewer-4x9jc138\" class=\"cqfST cQRuq WGebp jTM--\" dir=\"auto\"><span class=\"_61ACD\"><strong>Strato extra: PVC anticondensa<\/strong> Come tocco finale, viene aggiunto uno strato di ecopelle o PVC anticondensa per prevenire l&#039;accumulo di umidit\u00e0, contribuendo cos\u00ec alla protezione contro la proliferazione di muffe e batteri. Questo strato aggiuntivo garantisce che l&#039;isolamento termico mantenga le sue prestazioni ottimali nel tempo.<\/span><\/p>\n<\/div>\n<div data-breakout=\"normal\">\n<p id=\"viewer-a29zw141\" class=\"cqfST cQRuq WGebp jTM--\" dir=\"auto\"><span class=\"_61ACD\">In breve, l&#039;isolamento termico oscurante a 9 strati offre una soluzione completa per il controllo termico degli interni, distinguendosi per la sua resistenza, durevolezza e capacit\u00e0 di creare un ambiente interno confortevole e salutare. Queste caratteristiche innovative rendono questo prodotto una scelta intelligente per chi desidera migliorare l&#039;efficienza energetica dei propri veicoli.<\/span><\/p>\n<\/div>\n<div data-breakout=\"normal\">\n<p id=\"viewer-xjzep8710\" class=\"cqfST cQRuq WGebp jTM--\" dir=\"auto\"><span class=\"_61ACD\"><em>Isola il tuo veicolo con la nostra tecnologia a 9 strati<\/em><\/span><\/p>\n<\/div>\n<div data-breakout=\"normal\">\n<div id=\"viewer-974oq293\" class=\"KqKMh\">\n<div class=\"_7T4Uc\">\n<figure class=\"P29V1\">\n<div class=\"CuIEU\" tabindex=\"0\" role=\"button\" data-hook=\"imageViewer\" aria-haspopup=\"true\">\n<div id=\"974oq293\" class=\"KfAFF ApRDe _84uzj\"><img decoding=\"async\" class=\"aligncenter\" draggable=\"false\" src=\"https:\/\/static.wixstatic.com\/media\/60c9aa_b71ea5f79a0442ca98a42d74da82444b~mv2.jpg\/v1\/fill\/w_524,h_524,al_c,q_80,usm_0.66_1.00_0.01,enc_auto\/60c9aa_b71ea5f79a0442ca98a42d74da82444b~mv2.jpg\" alt=\"9 strati di isolamento termico oscurante\" data-pin-url=\"https:\/\/m2camper.com\/post\/aisla-tu-vehiculo-con-nuestra-tecnologa-de-9-capas\" data-pin-media=\"https:\/\/static.wixstatic.com\/media\/60c9aa_b71ea5f79a0442ca98a42d74da82444b~mv2.jpg\/v1\/fill\/w_1772,h_1772,al_c,q_90\/60c9aa_b71ea5f79a0442ca98a42d74da82444b~mv2.jpg\" data-ssr-src-done=\"true\" data-load-done=\"\" \/><\/div>\n<\/div>\n<\/figure>\n<\/div>\n<\/div>\n<\/div>\n<div data-hook=\"rcv-block17\"><\/div>\n<div data-breakout=\"normal\">\n<div id=\"viewer-arj9b295\" class=\"cqfST cQRuq WGebp jTM--\" dir=\"auto\"><\/div>\n<\/div>","protected":false},"excerpt":{"rendered":"<p>Capa 1: Aluminio de 90 micras anti rayos ultravioleta y resistente a rayadas La primera l\u00ednea de defensa de este aislante t\u00e9rmico est\u00e1 compuesta por una capa de aluminio de 90 micras, dise\u00f1ada para resistir los rayos ultravioleta y proteger contra ara\u00f1azos. Esta capa no solo garantiza la durabilidad del producto, sino que tambi\u00e9n previene&hellip;&nbsp;<a href=\"https:\/\/m2camper.com\/it\/isola-il-tuo-veicolo-con-la-nostra-tecnologia-a-9-strati\/\" rel=\"bookmark\">Leggi tutto &raquo;<span class=\"screen-reader-text\">Isola il tuo veicolo con la nostra tecnologia a 9 strati: una barriera efficiente contro il freddo e il caldo<\/span><\/a><\/p>","protected":false},"author":5740,"featured_media":11556,"comment_status":"open","ping_status":"open","sticky":false,"template":"","format":"standard","meta":{"neve_meta_sidebar":"","neve_meta_container":"","neve_meta_enable_content_width":"off","neve_meta_content_width":70,"neve_meta_title_alignment":"","neve_meta_author_avatar":"","neve_post_elements_order":"","neve_meta_disable_header":"","neve_meta_disable_footer":"","neve_meta_disable_title":"","footnotes":""},"categories":[1],"tags":[],"class_list":["post-11555","post","type-post","status-publish","format-standard","has-post-thumbnail","hentry","category-uncategorized"],"yoast_head":"<!-- This site is optimized with the Yoast SEO plugin v27.4 - https:\/\/yoast.com\/product\/yoast-seo-wordpress\/ -->\n<title>A\u00edsla tu veh\u00edculo con nuestra tecnolog\u00eda de 9 capas: Una Barrera Eficiente contra el Fr\u00edo y el Calor - M2 Camper | Aislantes t\u00e9rmicos y oscurecedores para campers<\/title>\n<meta name=\"robots\" content=\"index, follow, max-snippet:-1, max-image-preview:large, max-video-preview:-1\" \/>\n<link rel=\"canonical\" href=\"https:\/\/m2camper.com\/it\/isola-il-tuo-veicolo-con-la-nostra-tecnologia-a-9-strati\/\" \/>\n<meta property=\"og:locale\" content=\"it_IT\" \/>\n<meta property=\"og:type\" content=\"article\" \/>\n<meta property=\"og:title\" content=\"A\u00edsla tu veh\u00edculo con nuestra tecnolog\u00eda de 9 capas: Una Barrera Eficiente contra el Fr\u00edo y el Calor - M2 Camper | Aislantes t\u00e9rmicos y oscurecedores para campers\" \/>\n<meta property=\"og:description\" content=\"Capa 1: Aluminio de 90 micras anti rayos ultravioleta y resistente a rayadas La primera l\u00ednea de defensa de este aislante t\u00e9rmico est\u00e1 compuesta por una capa de aluminio de 90 micras, dise\u00f1ada para resistir los rayos ultravioleta y proteger contra ara\u00f1azos. Esta capa no solo garantiza la durabilidad del producto, sino que tambi\u00e9n previene&hellip;&nbsp;Leggi tutto &raquo;A\u00edsla tu veh\u00edculo con nuestra tecnolog\u00eda de 9 capas: Una Barrera Eficiente contra el Fr\u00edo y el Calor\" \/>\n<meta property=\"og:url\" content=\"https:\/\/m2camper.com\/it\/isola-il-tuo-veicolo-con-la-nostra-tecnologia-a-9-strati\/\" \/>\n<meta property=\"og:site_name\" content=\"M2 Camper | Aislantes t\u00e9rmicos y oscurecedores para campers\" \/>\n<meta property=\"article:published_time\" content=\"2024-02-04T10:55:59+00:00\" \/>\n<meta property=\"article:modified_time\" content=\"2025-02-06T10:57:24+00:00\" \/>\n<meta property=\"og:image\" content=\"https:\/\/m2camper.com\/wp-content\/uploads\/2025\/02\/60c9aa_b71ea5f79a0442ca98a42d74da82444bmv2.webp\" \/>\n\t<meta property=\"og:image:width\" content=\"454\" \/>\n\t<meta property=\"og:image:height\" content=\"341\" \/>\n\t<meta property=\"og:image:type\" content=\"image\/webp\" \/>\n<meta name=\"author\" content=\"carlos\" \/>\n<meta name=\"twitter:card\" content=\"summary_large_image\" \/>\n<meta name=\"twitter:label1\" content=\"Scritto da\" \/>\n\t<meta name=\"twitter:data1\" content=\"carlos\" \/>\n\t<meta name=\"twitter:label2\" content=\"Tempo di lettura stimato\" \/>\n\t<meta name=\"twitter:data2\" content=\"2 minuti\" \/>\n<script type=\"application\/ld+json\" class=\"yoast-schema-graph\">{\"@context\":\"https:\\\/\\\/schema.org\",\"@graph\":[{\"@type\":\"Article\",\"@id\":\"https:\\\/\\\/m2camper.com\\\/fr\\\/isolez-votre-vehicule-avec-notre-technologie-a-9-couches\\\/#article\",\"isPartOf\":{\"@id\":\"https:\\\/\\\/m2camper.com\\\/fr\\\/isolez-votre-vehicule-avec-notre-technologie-a-9-couches\\\/\"},\"author\":{\"name\":\"carlos\",\"@id\":\"https:\\\/\\\/m2camper.com\\\/pt\\\/#\\\/schema\\\/person\\\/d003f4147a0469cbf1c77ba1bebdb1bb\"},\"headline\":\"A\u00edsla tu veh\u00edculo con nuestra tecnolog\u00eda de 9 capas: Una Barrera Eficiente contra el Fr\u00edo y el Calor\",\"datePublished\":\"2024-02-04T10:55:59+00:00\",\"dateModified\":\"2025-02-06T10:57:24+00:00\",\"mainEntityOfPage\":{\"@id\":\"https:\\\/\\\/m2camper.com\\\/fr\\\/isolez-votre-vehicule-avec-notre-technologie-a-9-couches\\\/\"},\"wordCount\":398,\"commentCount\":0,\"image\":{\"@id\":\"https:\\\/\\\/m2camper.com\\\/fr\\\/isolez-votre-vehicule-avec-notre-technologie-a-9-couches\\\/#primaryimage\"},\"thumbnailUrl\":\"https:\\\/\\\/m2camper.com\\\/wp-content\\\/uploads\\\/2025\\\/02\\\/60c9aa_b71ea5f79a0442ca98a42d74da82444bmv2.webp\",\"articleSection\":[\"Uncategorized\"],\"inLanguage\":\"it-IT\",\"potentialAction\":[{\"@type\":\"CommentAction\",\"name\":\"Comment\",\"target\":[\"https:\\\/\\\/m2camper.com\\\/fr\\\/isolez-votre-vehicule-avec-notre-technologie-a-9-couches\\\/#respond\"]}]},{\"@type\":\"WebPage\",\"@id\":\"https:\\\/\\\/m2camper.com\\\/fr\\\/isolez-votre-vehicule-avec-notre-technologie-a-9-couches\\\/\",\"url\":\"https:\\\/\\\/m2camper.com\\\/fr\\\/isolez-votre-vehicule-avec-notre-technologie-a-9-couches\\\/\",\"name\":\"A\u00edsla tu veh\u00edculo con nuestra tecnolog\u00eda de 9 capas: Una Barrera Eficiente contra el Fr\u00edo y el Calor - M2 Camper | Aislantes t\u00e9rmicos y oscurecedores para campers\",\"isPartOf\":{\"@id\":\"https:\\\/\\\/m2camper.com\\\/pt\\\/#website\"},\"primaryImageOfPage\":{\"@id\":\"https:\\\/\\\/m2camper.com\\\/fr\\\/isolez-votre-vehicule-avec-notre-technologie-a-9-couches\\\/#primaryimage\"},\"image\":{\"@id\":\"https:\\\/\\\/m2camper.com\\\/fr\\\/isolez-votre-vehicule-avec-notre-technologie-a-9-couches\\\/#primaryimage\"},\"thumbnailUrl\":\"https:\\\/\\\/m2camper.com\\\/wp-content\\\/uploads\\\/2025\\\/02\\\/60c9aa_b71ea5f79a0442ca98a42d74da82444bmv2.webp\",\"datePublished\":\"2024-02-04T10:55:59+00:00\",\"dateModified\":\"2025-02-06T10:57:24+00:00\",\"author\":{\"@id\":\"https:\\\/\\\/m2camper.com\\\/pt\\\/#\\\/schema\\\/person\\\/d003f4147a0469cbf1c77ba1bebdb1bb\"},\"breadcrumb\":{\"@id\":\"https:\\\/\\\/m2camper.com\\\/fr\\\/isolez-votre-vehicule-avec-notre-technologie-a-9-couches\\\/#breadcrumb\"},\"inLanguage\":\"it-IT\",\"potentialAction\":[{\"@type\":\"ReadAction\",\"target\":[\"https:\\\/\\\/m2camper.com\\\/fr\\\/isolez-votre-vehicule-avec-notre-technologie-a-9-couches\\\/\"]}]},{\"@type\":\"ImageObject\",\"inLanguage\":\"it-IT\",\"@id\":\"https:\\\/\\\/m2camper.com\\\/fr\\\/isolez-votre-vehicule-avec-notre-technologie-a-9-couches\\\/#primaryimage\",\"url\":\"https:\\\/\\\/m2camper.com\\\/wp-content\\\/uploads\\\/2025\\\/02\\\/60c9aa_b71ea5f79a0442ca98a42d74da82444bmv2.webp\",\"contentUrl\":\"https:\\\/\\\/m2camper.com\\\/wp-content\\\/uploads\\\/2025\\\/02\\\/60c9aa_b71ea5f79a0442ca98a42d74da82444bmv2.webp\",\"width\":454,\"height\":341},{\"@type\":\"BreadcrumbList\",\"@id\":\"https:\\\/\\\/m2camper.com\\\/fr\\\/isolez-votre-vehicule-avec-notre-technologie-a-9-couches\\\/#breadcrumb\",\"itemListElement\":[{\"@type\":\"ListItem\",\"position\":1,\"name\":\"Portada\",\"item\":\"https:\\\/\\\/m2camper.com\\\/pt\\\/\"},{\"@type\":\"ListItem\",\"position\":2,\"name\":\"A\u00edsla tu veh\u00edculo con nuestra tecnolog\u00eda de 9 capas: Una Barrera Eficiente contra el Fr\u00edo y el Calor\"}]},{\"@type\":\"WebSite\",\"@id\":\"https:\\\/\\\/m2camper.com\\\/pt\\\/#website\",\"url\":\"https:\\\/\\\/m2camper.com\\\/pt\\\/\",\"name\":\"M2 Campers | Aislantes t\u00e9rmicos y oscurecedores para campers\",\"description\":\"Descubre calidad y confort de nuestros aislantes t\u00e9rmicos oscurecedores y colchones para veh\u00edculos. Optimiza tu experiencia en carretera con M2 Camper.\",\"potentialAction\":[{\"@type\":\"SearchAction\",\"target\":{\"@type\":\"EntryPoint\",\"urlTemplate\":\"https:\\\/\\\/m2camper.com\\\/pt\\\/?s={search_term_string}\"},\"query-input\":{\"@type\":\"PropertyValueSpecification\",\"valueRequired\":true,\"valueName\":\"search_term_string\"}}],\"inLanguage\":\"it-IT\"},{\"@type\":\"Person\",\"@id\":\"https:\\\/\\\/m2camper.com\\\/pt\\\/#\\\/schema\\\/person\\\/d003f4147a0469cbf1c77ba1bebdb1bb\",\"name\":\"carlos\",\"image\":{\"@type\":\"ImageObject\",\"inLanguage\":\"it-IT\",\"@id\":\"https:\\\/\\\/secure.gravatar.com\\\/avatar\\\/ab10b60551e807f6b37d54bb09e40bc41b08e3828d46504634ad6f35da1b46dc?s=96&d=mm&r=g\",\"url\":\"https:\\\/\\\/secure.gravatar.com\\\/avatar\\\/ab10b60551e807f6b37d54bb09e40bc41b08e3828d46504634ad6f35da1b46dc?s=96&d=mm&r=g\",\"contentUrl\":\"https:\\\/\\\/secure.gravatar.com\\\/avatar\\\/ab10b60551e807f6b37d54bb09e40bc41b08e3828d46504634ad6f35da1b46dc?s=96&d=mm&r=g\",\"caption\":\"carlos\"},\"url\":\"https:\\\/\\\/m2camper.com\\\/it\\\/author\\\/carlos\\\/\"}]}<\/script>\n<!-- \/ Yoast SEO plugin. -->","yoast_head_json":{"title":"Isola il tuo veicolo con la nostra tecnologia a 9 strati: una barriera efficace contro il freddo e il caldo - M2 Camper | Isolamento termico e oscuranti per camper","robots":{"index":"index","follow":"follow","max-snippet":"max-snippet:-1","max-image-preview":"max-image-preview:large","max-video-preview":"max-video-preview:-1"},"canonical":"https:\/\/m2camper.com\/it\/isola-il-tuo-veicolo-con-la-nostra-tecnologia-a-9-strati\/","og_locale":"it_IT","og_type":"article","og_title":"A\u00edsla tu veh\u00edculo con nuestra tecnolog\u00eda de 9 capas: Una Barrera Eficiente contra el Fr\u00edo y el Calor - M2 Camper | Aislantes t\u00e9rmicos y oscurecedores para campers","og_description":"Capa 1: Aluminio de 90 micras anti rayos ultravioleta y resistente a rayadas La primera l\u00ednea de defensa de este aislante t\u00e9rmico est\u00e1 compuesta por una capa de aluminio de 90 micras, dise\u00f1ada para resistir los rayos ultravioleta y proteger contra ara\u00f1azos. Esta capa no solo garantiza la durabilidad del producto, sino que tambi\u00e9n previene&hellip;&nbsp;Leggi tutto &raquo;A\u00edsla tu veh\u00edculo con nuestra tecnolog\u00eda de 9 capas: Una Barrera Eficiente contra el Fr\u00edo y el Calor","og_url":"https:\/\/m2camper.com\/it\/isola-il-tuo-veicolo-con-la-nostra-tecnologia-a-9-strati\/","og_site_name":"M2 Camper | Aislantes t\u00e9rmicos y oscurecedores para campers","article_published_time":"2024-02-04T10:55:59+00:00","article_modified_time":"2025-02-06T10:57:24+00:00","og_image":[{"width":454,"height":341,"url":"https:\/\/m2camper.com\/wp-content\/uploads\/2025\/02\/60c9aa_b71ea5f79a0442ca98a42d74da82444bmv2.webp","type":"image\/webp"}],"author":"carlos","twitter_card":"summary_large_image","twitter_misc":{"Scritto da":"carlos","Tempo di lettura stimato":"2 minuti"},"schema":{"@context":"https:\/\/schema.org","@graph":[{"@type":"Article","@id":"https:\/\/m2camper.com\/fr\/isolez-votre-vehicule-avec-notre-technologie-a-9-couches\/#article","isPartOf":{"@id":"https:\/\/m2camper.com\/fr\/isolez-votre-vehicule-avec-notre-technologie-a-9-couches\/"},"author":{"name":"carlos","@id":"https:\/\/m2camper.com\/pt\/#\/schema\/person\/d003f4147a0469cbf1c77ba1bebdb1bb"},"headline":"A\u00edsla tu veh\u00edculo con nuestra tecnolog\u00eda de 9 capas: Una Barrera Eficiente contra el Fr\u00edo y el Calor","datePublished":"2024-02-04T10:55:59+00:00","dateModified":"2025-02-06T10:57:24+00:00","mainEntityOfPage":{"@id":"https:\/\/m2camper.com\/fr\/isolez-votre-vehicule-avec-notre-technologie-a-9-couches\/"},"wordCount":398,"commentCount":0,"image":{"@id":"https:\/\/m2camper.com\/fr\/isolez-votre-vehicule-avec-notre-technologie-a-9-couches\/#primaryimage"},"thumbnailUrl":"https:\/\/m2camper.com\/wp-content\/uploads\/2025\/02\/60c9aa_b71ea5f79a0442ca98a42d74da82444bmv2.webp","articleSection":["Uncategorized"],"inLanguage":"it-IT","potentialAction":[{"@type":"CommentAction","name":"Comment","target":["https:\/\/m2camper.com\/fr\/isolez-votre-vehicule-avec-notre-technologie-a-9-couches\/#respond"]}]},{"@type":"WebPage","@id":"https:\/\/m2camper.com\/fr\/isolez-votre-vehicule-avec-notre-technologie-a-9-couches\/","url":"https:\/\/m2camper.com\/fr\/isolez-votre-vehicule-avec-notre-technologie-a-9-couches\/","name":"Isola il tuo veicolo con la nostra tecnologia a 9 strati: una barriera efficace contro il freddo e il caldo - M2 Camper | Isolamento termico e oscuranti per camper","isPartOf":{"@id":"https:\/\/m2camper.com\/pt\/#website"},"primaryImageOfPage":{"@id":"https:\/\/m2camper.com\/fr\/isolez-votre-vehicule-avec-notre-technologie-a-9-couches\/#primaryimage"},"image":{"@id":"https:\/\/m2camper.com\/fr\/isolez-votre-vehicule-avec-notre-technologie-a-9-couches\/#primaryimage"},"thumbnailUrl":"https:\/\/m2camper.com\/wp-content\/uploads\/2025\/02\/60c9aa_b71ea5f79a0442ca98a42d74da82444bmv2.webp","datePublished":"2024-02-04T10:55:59+00:00","dateModified":"2025-02-06T10:57:24+00:00","author":{"@id":"https:\/\/m2camper.com\/pt\/#\/schema\/person\/d003f4147a0469cbf1c77ba1bebdb1bb"},"breadcrumb":{"@id":"https:\/\/m2camper.com\/fr\/isolez-votre-vehicule-avec-notre-technologie-a-9-couches\/#breadcrumb"},"inLanguage":"it-IT","potentialAction":[{"@type":"ReadAction","target":["https:\/\/m2camper.com\/fr\/isolez-votre-vehicule-avec-notre-technologie-a-9-couches\/"]}]},{"@type":"ImageObject","inLanguage":"it-IT","@id":"https:\/\/m2camper.com\/fr\/isolez-votre-vehicule-avec-notre-technologie-a-9-couches\/#primaryimage","url":"https:\/\/m2camper.com\/wp-content\/uploads\/2025\/02\/60c9aa_b71ea5f79a0442ca98a42d74da82444bmv2.webp","contentUrl":"https:\/\/m2camper.com\/wp-content\/uploads\/2025\/02\/60c9aa_b71ea5f79a0442ca98a42d74da82444bmv2.webp","width":454,"height":341},{"@type":"BreadcrumbList","@id":"https:\/\/m2camper.com\/fr\/isolez-votre-vehicule-avec-notre-technologie-a-9-couches\/#breadcrumb","itemListElement":[{"@type":"ListItem","position":1,"name":"Portada","item":"https:\/\/m2camper.com\/pt\/"},{"@type":"ListItem","position":2,"name":"A\u00edsla tu veh\u00edculo con nuestra tecnolog\u00eda de 9 capas: Una Barrera Eficiente contra el Fr\u00edo y el Calor"}]},{"@type":"WebSite","@id":"https:\/\/m2camper.com\/pt\/#website","url":"https:\/\/m2camper.com\/pt\/","name":"M2 Campers | Isolamento termico e oscuranti per camper","description":"Scopri la qualit\u00e0 e il comfort del nostro isolamento termico oscurante e dei materassi per veicoli. Ottimizza la tua esperienza di viaggio con M2 Camper.","potentialAction":[{"@type":"SearchAction","target":{"@type":"EntryPoint","urlTemplate":"https:\/\/m2camper.com\/pt\/?s={search_term_string}"},"query-input":{"@type":"PropertyValueSpecification","valueRequired":true,"valueName":"search_term_string"}}],"inLanguage":"it-IT"},{"@type":"Person","@id":"https:\/\/m2camper.com\/pt\/#\/schema\/person\/d003f4147a0469cbf1c77ba1bebdb1bb","name":"Carlos","image":{"@type":"ImageObject","inLanguage":"it-IT","@id":"https:\/\/secure.gravatar.com\/avatar\/ab10b60551e807f6b37d54bb09e40bc41b08e3828d46504634ad6f35da1b46dc?s=96&d=mm&r=g","url":"https:\/\/secure.gravatar.com\/avatar\/ab10b60551e807f6b37d54bb09e40bc41b08e3828d46504634ad6f35da1b46dc?s=96&d=mm&r=g","contentUrl":"https:\/\/secure.gravatar.com\/avatar\/ab10b60551e807f6b37d54bb09e40bc41b08e3828d46504634ad6f35da1b46dc?s=96&d=mm&r=g","caption":"carlos"},"url":"https:\/\/m2camper.com\/it\/author\/carlos\/"}]}},"_links":{"self":[{"href":"https:\/\/m2camper.com\/it\/wp-json\/wp\/v2\/posts\/11555","targetHints":{"allow":["GET"]}}],"collection":[{"href":"https:\/\/m2camper.com\/it\/wp-json\/wp\/v2\/posts"}],"about":[{"href":"https:\/\/m2camper.com\/it\/wp-json\/wp\/v2\/types\/post"}],"author":[{"embeddable":true,"href":"https:\/\/m2camper.com\/it\/wp-json\/wp\/v2\/users\/5740"}],"replies":[{"embeddable":true,"href":"https:\/\/m2camper.com\/it\/wp-json\/wp\/v2\/comments?post=11555"}],"version-history":[{"count":2,"href":"https:\/\/m2camper.com\/it\/wp-json\/wp\/v2\/posts\/11555\/revisions"}],"predecessor-version":[{"id":11558,"href":"https:\/\/m2camper.com\/it\/wp-json\/wp\/v2\/posts\/11555\/revisions\/11558"}],"wp:featuredmedia":[{"embeddable":true,"href":"https:\/\/m2camper.com\/it\/wp-json\/wp\/v2\/media\/11556"}],"wp:attachment":[{"href":"https:\/\/m2camper.com\/it\/wp-json\/wp\/v2\/media?parent=11555"}],"wp:term":[{"taxonomy":"category","embeddable":true,"href":"https:\/\/m2camper.com\/it\/wp-json\/wp\/v2\/categories?post=11555"},{"taxonomy":"post_tag","embeddable":true,"href":"https:\/\/m2camper.com\/it\/wp-json\/wp\/v2\/tags?post=11555"}],"curies":[{"name":"wp","href":"https:\/\/api.w.org\/{rel}","templated":true}]}}