{"id":11548,"date":"2023-12-23T10:43:50","date_gmt":"2023-12-23T10:43:50","guid":{"rendered":"https:\/\/ultbit.com\/m2camper\/?p=11548"},"modified":"2025-02-06T10:44:25","modified_gmt":"2025-02-06T10:44:25","slug":"festeggia-il-natale-con-i-nostri-isolanti-termici","status":"publish","type":"post","link":"https:\/\/m2camper.com\/it\/festeggia-il-natale-con-i-nostri-isolanti-termici\/","title":{"rendered":"Festeggia un Natale accogliente nel tuo camper con il nostro isolamento termico oscurante"},"content":{"rendered":"<div data-breakout=\"normal\">\n<p id=\"viewer-z5sf94647\" class=\"cqfST cQRuq WGebp jTM--\" dir=\"auto\"><span class=\"_61ACD\">Quest&#039;anno, la magia del Natale arriva nel tuo camper con comfort e calore! In questo periodo speciale, trasforma il tuo veicolo in un rifugio accogliente con il nostro innovativo isolamento termico oscurante. Ti invitiamo a scoprire come trascorrere vacanze indimenticabili, indipendentemente dalle condizioni meteorologiche esterne.<\/span><\/p>\n<\/div>\n<div data-breakout=\"normal\">\n<p id=\"viewer-fmpmx4659\" class=\"cqfST cQRuq WGebp jTM--\" dir=\"auto\"><span class=\"_61ACD\">L&#039;inverno non porta solo feste, ma anche temperature rigide che possono compromettere la tua esperienza in camper. Ecco perch\u00e9, in questo periodo di feste, vogliamo offrirti la soluzione perfetta per mantenere il calore e la privacy nel tuo veicolo: i nostri isolanti termici oscuranti. Scopri come questi prodotti possono fare la differenza durante le tue vacanze in viaggio.<\/span><\/p>\n<\/div>\n<div data-breakout=\"normal\">\n<p id=\"viewer-h5zjh4661\" class=\"cqfST cQRuq WGebp jTM--\" dir=\"auto\"><span class=\"_61ACD\"><strong>Vantaggi dei nostri isolanti termici oscuranti:<\/strong><\/span><\/p>\n<\/div>\n<div data-breakout=\"normal\">\n<ol class=\"xkVfi WGebp\">\n<li class=\"fGYqH\" dir=\"auto\" aria-level=\"1\">\n<p id=\"viewer-bepov4665\" class=\"cqfST cQRuq WGebp jTM--\" dir=\"\"><span class=\"_61ACD\"><strong>Calore festivo:<\/strong>\u00a0Dimentica il freddo invernale con il nostro isolamento termico di alta qualit\u00e0. Mantieni il calore all&#039;interno del tuo camper e goditi un Natale caldo e accogliente.<\/span><\/p>\n<\/li>\n<li class=\"fGYqH\" dir=\"auto\" aria-level=\"1\">\n<p id=\"viewer-09gye4669\" class=\"cqfST cQRuq WGebp jTM--\" dir=\"\"><span class=\"_61ACD\"><strong>Privacy in ogni momento:<\/strong>\u00a0Le tende oscuranti bloccano efficacemente la vista dall&#039;esterno, garantendoti la privacy di cui hai bisogno per goderti momenti intimi in queste date speciali.<\/span><\/p>\n<\/li>\n<li class=\"fGYqH\" dir=\"auto\" aria-level=\"1\">\n<p id=\"viewer-qxppl4673\" class=\"cqfST cQRuq WGebp jTM--\" dir=\"\"><span class=\"_61ACD\"><strong>Installazione facile:<\/strong>\u00a0I nostri prodotti sono progettati per essere facili da installare, consentendoti di concentrarti su ci\u00f2 che conta davvero durante le festivit\u00e0: stare con i tuoi cari.<\/span><\/p>\n<\/li>\n<li class=\"fGYqH\" dir=\"auto\" aria-level=\"1\">\n<p id=\"viewer-y64s44677\" class=\"cqfST cQRuq WGebp jTM--\" dir=\"\"><span class=\"_61ACD\"><strong>Versatilit\u00e0:<\/strong>\u00a0Utilizza i nostri isolanti termici oscuranti non solo durante le vacanze, ma in qualsiasi periodo dell&#039;anno. Sono l&#039;investimento perfetto per garantire il comfort durante i tuoi viaggi in camper.<\/span><\/p>\n<\/li>\n<\/ol>\n<\/div>\n<div data-breakout=\"normal\">\n<p id=\"viewer-3al984680\" class=\"cqfST cQRuq WGebp jTM--\" dir=\"auto\"><span class=\"_61ACD\"><strong>Come trasformare il tuo camper in uno spazio natalizio:<\/strong><\/span><\/p>\n<\/div>\n<div data-breakout=\"normal\">\n<ol class=\"xkVfi WGebp\">\n<li class=\"fGYqH\" dir=\"auto\" aria-level=\"1\">\n<p id=\"viewer-w9rbw4684\" class=\"cqfST cQRuq WGebp jTM--\" dir=\"\"><span class=\"_61ACD\"><strong>Decorare con le luci natalizie:<\/strong>\u00a0Approfitta della privacy del tuo camper e decoralo con luci natalizie per creare un&#039;atmosfera magica.<\/span><\/p>\n<\/li>\n<li class=\"fGYqH\" dir=\"auto\" aria-level=\"1\">\n<p id=\"viewer-vt71f4688\" class=\"cqfST cQRuq WGebp jTM--\" dir=\"\"><span class=\"_61ACD\"><strong>Prepara pasti deliziosi:<\/strong>\u00a0La cucina del tuo camper \u00e8 il luogo perfetto per preparare deliziosi pasti per le vacanze. Sorprendi i tuoi cari con piatti fatti in casa!<\/span><\/p>\n<\/li>\n<li class=\"fGYqH\" dir=\"auto\" aria-level=\"1\">\n<p id=\"viewer-6gzfk4692\" class=\"cqfST cQRuq WGebp jTM--\" dir=\"\"><span class=\"_61ACD\"><strong>Organizza giochi e attivit\u00e0:<\/strong>\u00a0Approfitta dello spazio del tuo camper per organizzare giochi e attivit\u00e0 in famiglia. Il divertimento \u00e8 garantito!<\/span><\/p>\n<\/li>\n<\/ol>\n<\/div>\n<div data-hook=\"rcv-block10\"><\/div>\n<div data-breakout=\"normal\">\n<p id=\"viewer-2gd6k7417\" class=\"cqfST cQRuq WGebp jTM--\" dir=\"auto\"><span class=\"_61ACD\"><em>Festeggia il Natale con i nostri isolanti termici oscuranti a 9 strati<\/em><\/span><\/p>\n<\/div>\n<div data-hook=\"rcv-block13\"><\/div>\n<div data-breakout=\"normal\">\n<div id=\"viewer-f0sl67850\" class=\"KqKMh\">\n<div class=\"_7T4Uc SkJEB\">\n<figure class=\"P29V1\">\n<div class=\"CuIEU\" tabindex=\"0\" role=\"button\" data-hook=\"imageViewer\" aria-haspopup=\"true\">\n<div id=\"f0sl67850\" class=\"KfAFF ApRDe _84uzj\"><img decoding=\"async\" class=\"aligncenter\" draggable=\"false\" src=\"https:\/\/static.wixstatic.com\/media\/60c9aa_cf147de094fa4d649dac3f95a314de7c~mv2.jpg\/v1\/fill\/w_350,h_467,al_c,q_80,usm_0.66_1.00_0.01,enc_auto\/60c9aa_cf147de094fa4d649dac3f95a314de7c~mv2.jpg\" alt=\"Isolamento termico per camper\" data-pin-url=\"https:\/\/m2camper.com\/post\/celebra-una-navidad-con-nuestros-aislantes-termicos\" data-pin-media=\"https:\/\/static.wixstatic.com\/media\/60c9aa_cf147de094fa4d649dac3f95a314de7c~mv2.jpg\/v1\/fill\/w_3096,h_4128,al_c,q_90\/60c9aa_cf147de094fa4d649dac3f95a314de7c~mv2.jpg\" data-ssr-src-done=\"true\" data-load-done=\"\" \/><\/div>\n<\/div>\n<\/figure>\n<\/div>\n<\/div>\n<\/div>","protected":false},"excerpt":{"rendered":"<p>\u00a1La magia de la Navidad llega a tu camper este a\u00f1o de la mano de confort y calidez! En estas fechas tan especiales, transforma tu veh\u00edculo en un refugio acogedor con nuestros innovadores aislantes t\u00e9rmicos oscurecedores. Te invitamos a descubrir c\u00f3mo puedes disfrutar de unas fiestas inolvidables, sin importar el clima exterior. El invierno trae&hellip;&nbsp;<a href=\"https:\/\/m2camper.com\/it\/festeggia-il-natale-con-i-nostri-isolanti-termici\/\" rel=\"bookmark\">Leggi tutto &raquo;<span class=\"screen-reader-text\">Festeggia un Natale accogliente nel tuo camper con il nostro isolamento termico oscurante<\/span><\/a><\/p>","protected":false},"author":5740,"featured_media":11549,"comment_status":"open","ping_status":"open","sticky":false,"template":"","format":"standard","meta":{"neve_meta_sidebar":"","neve_meta_container":"","neve_meta_enable_content_width":"off","neve_meta_content_width":70,"neve_meta_title_alignment":"","neve_meta_author_avatar":"","neve_post_elements_order":"","neve_meta_disable_header":"","neve_meta_disable_footer":"","neve_meta_disable_title":"","footnotes":""},"categories":[1],"tags":[],"class_list":["post-11548","post","type-post","status-publish","format-standard","has-post-thumbnail","hentry","category-uncategorized"],"yoast_head":"<!-- This site is optimized with the Yoast SEO plugin v27.5 - https:\/\/yoast.com\/product\/yoast-seo-wordpress\/ -->\n<title>Celebra una Navidad Acogedora en Tu Camper con Nuestros Aislantes T\u00e9rmicos Oscurecedores - M2 Camper | Aislantes t\u00e9rmicos y oscurecedores para campers<\/title>\n<meta name=\"robots\" content=\"index, follow, max-snippet:-1, max-image-preview:large, max-video-preview:-1\" \/>\n<link rel=\"canonical\" href=\"https:\/\/m2camper.com\/it\/festeggia-il-natale-con-i-nostri-isolanti-termici\/\" \/>\n<meta property=\"og:locale\" content=\"it_IT\" \/>\n<meta property=\"og:type\" content=\"article\" \/>\n<meta property=\"og:title\" content=\"Celebra una Navidad Acogedora en Tu Camper con Nuestros Aislantes T\u00e9rmicos Oscurecedores - M2 Camper | Aislantes t\u00e9rmicos y oscurecedores para campers\" \/>\n<meta property=\"og:description\" content=\"\u00a1La magia de la Navidad llega a tu camper este a\u00f1o de la mano de confort y calidez! En estas fechas tan especiales, transforma tu veh\u00edculo en un refugio acogedor con nuestros innovadores aislantes t\u00e9rmicos oscurecedores. Te invitamos a descubrir c\u00f3mo puedes disfrutar de unas fiestas inolvidables, sin importar el clima exterior. El invierno trae&hellip;&nbsp;Leggi tutto &raquo;Celebra una Navidad Acogedora en Tu Camper con Nuestros Aislantes T\u00e9rmicos Oscurecedores\" \/>\n<meta property=\"og:url\" content=\"https:\/\/m2camper.com\/it\/festeggia-il-natale-con-i-nostri-isolanti-termici\/\" \/>\n<meta property=\"og:site_name\" content=\"M2 Camper | Aislantes t\u00e9rmicos y oscurecedores para campers\" \/>\n<meta property=\"article:published_time\" content=\"2023-12-23T10:43:50+00:00\" \/>\n<meta property=\"article:modified_time\" content=\"2025-02-06T10:44:25+00:00\" \/>\n<meta property=\"og:image\" content=\"https:\/\/m2camper.com\/wp-content\/uploads\/2025\/02\/60c9aa_cf147de094fa4d649dac3f95a314de7cmv2.webp\" \/>\n\t<meta property=\"og:image:width\" content=\"1208\" \/>\n\t<meta property=\"og:image:height\" content=\"1610\" \/>\n\t<meta property=\"og:image:type\" content=\"image\/webp\" \/>\n<meta name=\"author\" content=\"carlos\" \/>\n<meta name=\"twitter:card\" content=\"summary_large_image\" \/>\n<meta name=\"twitter:label1\" content=\"Scritto da\" \/>\n\t<meta name=\"twitter:data1\" content=\"carlos\" \/>\n\t<meta name=\"twitter:label2\" content=\"Tempo di lettura stimato\" \/>\n\t<meta name=\"twitter:data2\" content=\"2 minuti\" \/>\n<script type=\"application\/ld+json\" class=\"yoast-schema-graph\">{\"@context\":\"https:\\\/\\\/schema.org\",\"@graph\":[{\"@type\":\"Article\",\"@id\":\"https:\\\/\\\/m2camper.com\\\/celebra-una-navidad-con-nuestros-aislantes-termicos\\\/#article\",\"isPartOf\":{\"@id\":\"https:\\\/\\\/m2camper.com\\\/celebra-una-navidad-con-nuestros-aislantes-termicos\\\/\"},\"author\":{\"name\":\"carlos\",\"@id\":\"https:\\\/\\\/m2camper.com\\\/pt\\\/#\\\/schema\\\/person\\\/d003f4147a0469cbf1c77ba1bebdb1bb\"},\"headline\":\"Celebra una Navidad Acogedora en Tu Camper con Nuestros Aislantes T\u00e9rmicos Oscurecedores\",\"datePublished\":\"2023-12-23T10:43:50+00:00\",\"dateModified\":\"2025-02-06T10:44:25+00:00\",\"mainEntityOfPage\":{\"@id\":\"https:\\\/\\\/m2camper.com\\\/celebra-una-navidad-con-nuestros-aislantes-termicos\\\/\"},\"wordCount\":365,\"commentCount\":0,\"image\":{\"@id\":\"https:\\\/\\\/m2camper.com\\\/celebra-una-navidad-con-nuestros-aislantes-termicos\\\/#primaryimage\"},\"thumbnailUrl\":\"https:\\\/\\\/m2camper.com\\\/wp-content\\\/uploads\\\/2025\\\/02\\\/60c9aa_cf147de094fa4d649dac3f95a314de7cmv2.webp\",\"articleSection\":[\"Uncategorized\"],\"inLanguage\":\"it-IT\",\"potentialAction\":[{\"@type\":\"CommentAction\",\"name\":\"Comment\",\"target\":[\"https:\\\/\\\/m2camper.com\\\/celebra-una-navidad-con-nuestros-aislantes-termicos\\\/#respond\"]}]},{\"@type\":\"WebPage\",\"@id\":\"https:\\\/\\\/m2camper.com\\\/celebra-una-navidad-con-nuestros-aislantes-termicos\\\/\",\"url\":\"https:\\\/\\\/m2camper.com\\\/celebra-una-navidad-con-nuestros-aislantes-termicos\\\/\",\"name\":\"Celebra una Navidad Acogedora en Tu Camper con Nuestros Aislantes T\u00e9rmicos Oscurecedores - M2 Camper | Aislantes t\u00e9rmicos y oscurecedores para campers\",\"isPartOf\":{\"@id\":\"https:\\\/\\\/m2camper.com\\\/pt\\\/#website\"},\"primaryImageOfPage\":{\"@id\":\"https:\\\/\\\/m2camper.com\\\/celebra-una-navidad-con-nuestros-aislantes-termicos\\\/#primaryimage\"},\"image\":{\"@id\":\"https:\\\/\\\/m2camper.com\\\/celebra-una-navidad-con-nuestros-aislantes-termicos\\\/#primaryimage\"},\"thumbnailUrl\":\"https:\\\/\\\/m2camper.com\\\/wp-content\\\/uploads\\\/2025\\\/02\\\/60c9aa_cf147de094fa4d649dac3f95a314de7cmv2.webp\",\"datePublished\":\"2023-12-23T10:43:50+00:00\",\"dateModified\":\"2025-02-06T10:44:25+00:00\",\"author\":{\"@id\":\"https:\\\/\\\/m2camper.com\\\/pt\\\/#\\\/schema\\\/person\\\/d003f4147a0469cbf1c77ba1bebdb1bb\"},\"breadcrumb\":{\"@id\":\"https:\\\/\\\/m2camper.com\\\/celebra-una-navidad-con-nuestros-aislantes-termicos\\\/#breadcrumb\"},\"inLanguage\":\"it-IT\",\"potentialAction\":[{\"@type\":\"ReadAction\",\"target\":[\"https:\\\/\\\/m2camper.com\\\/celebra-una-navidad-con-nuestros-aislantes-termicos\\\/\"]}]},{\"@type\":\"ImageObject\",\"inLanguage\":\"it-IT\",\"@id\":\"https:\\\/\\\/m2camper.com\\\/celebra-una-navidad-con-nuestros-aislantes-termicos\\\/#primaryimage\",\"url\":\"https:\\\/\\\/m2camper.com\\\/wp-content\\\/uploads\\\/2025\\\/02\\\/60c9aa_cf147de094fa4d649dac3f95a314de7cmv2.webp\",\"contentUrl\":\"https:\\\/\\\/m2camper.com\\\/wp-content\\\/uploads\\\/2025\\\/02\\\/60c9aa_cf147de094fa4d649dac3f95a314de7cmv2.webp\",\"width\":1208,\"height\":1610},{\"@type\":\"BreadcrumbList\",\"@id\":\"https:\\\/\\\/m2camper.com\\\/celebra-una-navidad-con-nuestros-aislantes-termicos\\\/#breadcrumb\",\"itemListElement\":[{\"@type\":\"ListItem\",\"position\":1,\"name\":\"Portada\",\"item\":\"https:\\\/\\\/m2camper.com\\\/pt\\\/\"},{\"@type\":\"ListItem\",\"position\":2,\"name\":\"Celebra una Navidad Acogedora en Tu Camper con Nuestros Aislantes T\u00e9rmicos Oscurecedores\"}]},{\"@type\":\"WebSite\",\"@id\":\"https:\\\/\\\/m2camper.com\\\/pt\\\/#website\",\"url\":\"https:\\\/\\\/m2camper.com\\\/pt\\\/\",\"name\":\"M2 Campers | Aislantes t\u00e9rmicos y oscurecedores para campers\",\"description\":\"Descubre calidad y confort de nuestros aislantes t\u00e9rmicos oscurecedores y colchones para veh\u00edculos. Optimiza tu experiencia en carretera con M2 Camper.\",\"potentialAction\":[{\"@type\":\"SearchAction\",\"target\":{\"@type\":\"EntryPoint\",\"urlTemplate\":\"https:\\\/\\\/m2camper.com\\\/pt\\\/?s={search_term_string}\"},\"query-input\":{\"@type\":\"PropertyValueSpecification\",\"valueRequired\":true,\"valueName\":\"search_term_string\"}}],\"inLanguage\":\"it-IT\"},{\"@type\":\"Person\",\"@id\":\"https:\\\/\\\/m2camper.com\\\/pt\\\/#\\\/schema\\\/person\\\/d003f4147a0469cbf1c77ba1bebdb1bb\",\"name\":\"carlos\",\"image\":{\"@type\":\"ImageObject\",\"inLanguage\":\"it-IT\",\"@id\":\"https:\\\/\\\/secure.gravatar.com\\\/avatar\\\/ab10b60551e807f6b37d54bb09e40bc41b08e3828d46504634ad6f35da1b46dc?s=96&d=mm&r=g\",\"url\":\"https:\\\/\\\/secure.gravatar.com\\\/avatar\\\/ab10b60551e807f6b37d54bb09e40bc41b08e3828d46504634ad6f35da1b46dc?s=96&d=mm&r=g\",\"contentUrl\":\"https:\\\/\\\/secure.gravatar.com\\\/avatar\\\/ab10b60551e807f6b37d54bb09e40bc41b08e3828d46504634ad6f35da1b46dc?s=96&d=mm&r=g\",\"caption\":\"carlos\"},\"url\":\"https:\\\/\\\/m2camper.com\\\/it\\\/author\\\/carlos\\\/\"}]}<\/script>\n<!-- \/ Yoast SEO plugin. -->","yoast_head_json":{"title":"Festeggia un Natale accogliente nel tuo camper con il nostro isolamento termico oscurante - M2 Camper | Isolamento termico e oscuranti per camper","robots":{"index":"index","follow":"follow","max-snippet":"max-snippet:-1","max-image-preview":"max-image-preview:large","max-video-preview":"max-video-preview:-1"},"canonical":"https:\/\/m2camper.com\/it\/festeggia-il-natale-con-i-nostri-isolanti-termici\/","og_locale":"it_IT","og_type":"article","og_title":"Celebra una Navidad Acogedora en Tu Camper con Nuestros Aislantes T\u00e9rmicos Oscurecedores - M2 Camper | Aislantes t\u00e9rmicos y oscurecedores para campers","og_description":"\u00a1La magia de la Navidad llega a tu camper este a\u00f1o de la mano de confort y calidez! En estas fechas tan especiales, transforma tu veh\u00edculo en un refugio acogedor con nuestros innovadores aislantes t\u00e9rmicos oscurecedores. Te invitamos a descubrir c\u00f3mo puedes disfrutar de unas fiestas inolvidables, sin importar el clima exterior. El invierno trae&hellip;&nbsp;Leggi tutto &raquo;Celebra una Navidad Acogedora en Tu Camper con Nuestros Aislantes T\u00e9rmicos Oscurecedores","og_url":"https:\/\/m2camper.com\/it\/festeggia-il-natale-con-i-nostri-isolanti-termici\/","og_site_name":"M2 Camper | Aislantes t\u00e9rmicos y oscurecedores para campers","article_published_time":"2023-12-23T10:43:50+00:00","article_modified_time":"2025-02-06T10:44:25+00:00","og_image":[{"width":1208,"height":1610,"url":"https:\/\/m2camper.com\/wp-content\/uploads\/2025\/02\/60c9aa_cf147de094fa4d649dac3f95a314de7cmv2.webp","type":"image\/webp"}],"author":"carlos","twitter_card":"summary_large_image","twitter_misc":{"Scritto da":"carlos","Tempo di lettura stimato":"2 minuti"},"schema":{"@context":"https:\/\/schema.org","@graph":[{"@type":"Article","@id":"https:\/\/m2camper.com\/celebra-una-navidad-con-nuestros-aislantes-termicos\/#article","isPartOf":{"@id":"https:\/\/m2camper.com\/celebra-una-navidad-con-nuestros-aislantes-termicos\/"},"author":{"name":"carlos","@id":"https:\/\/m2camper.com\/pt\/#\/schema\/person\/d003f4147a0469cbf1c77ba1bebdb1bb"},"headline":"Celebra una Navidad Acogedora en Tu Camper con Nuestros Aislantes T\u00e9rmicos Oscurecedores","datePublished":"2023-12-23T10:43:50+00:00","dateModified":"2025-02-06T10:44:25+00:00","mainEntityOfPage":{"@id":"https:\/\/m2camper.com\/celebra-una-navidad-con-nuestros-aislantes-termicos\/"},"wordCount":365,"commentCount":0,"image":{"@id":"https:\/\/m2camper.com\/celebra-una-navidad-con-nuestros-aislantes-termicos\/#primaryimage"},"thumbnailUrl":"https:\/\/m2camper.com\/wp-content\/uploads\/2025\/02\/60c9aa_cf147de094fa4d649dac3f95a314de7cmv2.webp","articleSection":["Uncategorized"],"inLanguage":"it-IT","potentialAction":[{"@type":"CommentAction","name":"Comment","target":["https:\/\/m2camper.com\/celebra-una-navidad-con-nuestros-aislantes-termicos\/#respond"]}]},{"@type":"WebPage","@id":"https:\/\/m2camper.com\/celebra-una-navidad-con-nuestros-aislantes-termicos\/","url":"https:\/\/m2camper.com\/celebra-una-navidad-con-nuestros-aislantes-termicos\/","name":"Festeggia un Natale accogliente nel tuo camper con il nostro isolamento termico oscurante - M2 Camper | Isolamento termico e oscuranti per camper","isPartOf":{"@id":"https:\/\/m2camper.com\/pt\/#website"},"primaryImageOfPage":{"@id":"https:\/\/m2camper.com\/celebra-una-navidad-con-nuestros-aislantes-termicos\/#primaryimage"},"image":{"@id":"https:\/\/m2camper.com\/celebra-una-navidad-con-nuestros-aislantes-termicos\/#primaryimage"},"thumbnailUrl":"https:\/\/m2camper.com\/wp-content\/uploads\/2025\/02\/60c9aa_cf147de094fa4d649dac3f95a314de7cmv2.webp","datePublished":"2023-12-23T10:43:50+00:00","dateModified":"2025-02-06T10:44:25+00:00","author":{"@id":"https:\/\/m2camper.com\/pt\/#\/schema\/person\/d003f4147a0469cbf1c77ba1bebdb1bb"},"breadcrumb":{"@id":"https:\/\/m2camper.com\/celebra-una-navidad-con-nuestros-aislantes-termicos\/#breadcrumb"},"inLanguage":"it-IT","potentialAction":[{"@type":"ReadAction","target":["https:\/\/m2camper.com\/celebra-una-navidad-con-nuestros-aislantes-termicos\/"]}]},{"@type":"ImageObject","inLanguage":"it-IT","@id":"https:\/\/m2camper.com\/celebra-una-navidad-con-nuestros-aislantes-termicos\/#primaryimage","url":"https:\/\/m2camper.com\/wp-content\/uploads\/2025\/02\/60c9aa_cf147de094fa4d649dac3f95a314de7cmv2.webp","contentUrl":"https:\/\/m2camper.com\/wp-content\/uploads\/2025\/02\/60c9aa_cf147de094fa4d649dac3f95a314de7cmv2.webp","width":1208,"height":1610},{"@type":"BreadcrumbList","@id":"https:\/\/m2camper.com\/celebra-una-navidad-con-nuestros-aislantes-termicos\/#breadcrumb","itemListElement":[{"@type":"ListItem","position":1,"name":"Portada","item":"https:\/\/m2camper.com\/pt\/"},{"@type":"ListItem","position":2,"name":"Celebra una Navidad Acogedora en Tu Camper con Nuestros Aislantes T\u00e9rmicos Oscurecedores"}]},{"@type":"WebSite","@id":"https:\/\/m2camper.com\/pt\/#website","url":"https:\/\/m2camper.com\/pt\/","name":"M2 Campers | Isolamento termico e oscuranti per camper","description":"Scopri la qualit\u00e0 e il comfort del nostro isolamento termico oscurante e dei materassi per veicoli. Ottimizza la tua esperienza di viaggio con M2 Camper.","potentialAction":[{"@type":"SearchAction","target":{"@type":"EntryPoint","urlTemplate":"https:\/\/m2camper.com\/pt\/?s={search_term_string}"},"query-input":{"@type":"PropertyValueSpecification","valueRequired":true,"valueName":"search_term_string"}}],"inLanguage":"it-IT"},{"@type":"Person","@id":"https:\/\/m2camper.com\/pt\/#\/schema\/person\/d003f4147a0469cbf1c77ba1bebdb1bb","name":"Carlos","image":{"@type":"ImageObject","inLanguage":"it-IT","@id":"https:\/\/secure.gravatar.com\/avatar\/ab10b60551e807f6b37d54bb09e40bc41b08e3828d46504634ad6f35da1b46dc?s=96&d=mm&r=g","url":"https:\/\/secure.gravatar.com\/avatar\/ab10b60551e807f6b37d54bb09e40bc41b08e3828d46504634ad6f35da1b46dc?s=96&d=mm&r=g","contentUrl":"https:\/\/secure.gravatar.com\/avatar\/ab10b60551e807f6b37d54bb09e40bc41b08e3828d46504634ad6f35da1b46dc?s=96&d=mm&r=g","caption":"carlos"},"url":"https:\/\/m2camper.com\/it\/author\/carlos\/"}]}},"_links":{"self":[{"href":"https:\/\/m2camper.com\/it\/wp-json\/wp\/v2\/posts\/11548","targetHints":{"allow":["GET"]}}],"collection":[{"href":"https:\/\/m2camper.com\/it\/wp-json\/wp\/v2\/posts"}],"about":[{"href":"https:\/\/m2camper.com\/it\/wp-json\/wp\/v2\/types\/post"}],"author":[{"embeddable":true,"href":"https:\/\/m2camper.com\/it\/wp-json\/wp\/v2\/users\/5740"}],"replies":[{"embeddable":true,"href":"https:\/\/m2camper.com\/it\/wp-json\/wp\/v2\/comments?post=11548"}],"version-history":[{"count":1,"href":"https:\/\/m2camper.com\/it\/wp-json\/wp\/v2\/posts\/11548\/revisions"}],"predecessor-version":[{"id":11550,"href":"https:\/\/m2camper.com\/it\/wp-json\/wp\/v2\/posts\/11548\/revisions\/11550"}],"wp:featuredmedia":[{"embeddable":true,"href":"https:\/\/m2camper.com\/it\/wp-json\/wp\/v2\/media\/11549"}],"wp:attachment":[{"href":"https:\/\/m2camper.com\/it\/wp-json\/wp\/v2\/media?parent=11548"}],"wp:term":[{"taxonomy":"category","embeddable":true,"href":"https:\/\/m2camper.com\/it\/wp-json\/wp\/v2\/categories?post=11548"},{"taxonomy":"post_tag","embeddable":true,"href":"https:\/\/m2camper.com\/it\/wp-json\/wp\/v2\/tags?post=11548"}],"curies":[{"name":"wp","href":"https:\/\/api.w.org\/{rel}","templated":true}]}}