{"id":11540,"date":"2023-12-10T10:38:40","date_gmt":"2023-12-10T10:38:40","guid":{"rendered":"https:\/\/ultbit.com\/m2camper\/?p=11540"},"modified":"2025-02-06T10:40:40","modified_gmt":"2025-02-06T10:40:40","slug":"isolanti-termici-con-ventose-per-viaggi-confortevoli","status":"publish","type":"post","link":"https:\/\/m2camper.com\/it\/isolanti-termici-con-ventose-per-viaggi-confortevoli\/","title":{"rendered":"Comfort insuperabile: isolamento termico a 9 strati con ventose per viaggiare con stile"},"content":{"rendered":"<div data-breakout=\"normal\">\n<p id=\"viewer-qwnac327\" class=\"cqfST cQRuq WGebp jTM--\" dir=\"auto\"><span class=\"_61ACD\">Nel mondo dei viaggi, la chiave sta nei dettagli e noi di M2camper siamo orgogliosi di presentare un&#039;innovazione che fa la differenza: i nostri isolanti termici a 9 strati con ventose in silicone ad alta aderenza.<\/span><\/p>\n<\/div>\n<div data-breakout=\"normal\">\n<p id=\"viewer-4ulvy329\" class=\"cqfST cQRuq WGebp jTM--\" dir=\"auto\"><span class=\"_61ACD\">Immagina una soluzione che non solo offra un eccezionale isolamento termico, ma che aderisca anche saldamente alle finestre del tuo camper, creando una barriera impenetrabile contro gli agenti atmosferici. Le nostre ventose filettate in silicone offrono una presa salda, garantendo che ogni strato rimanga in posizione, indipendentemente dalle condizioni esterne.<\/span><\/p>\n<\/div>\n<div data-breakout=\"normal\">\n<div id=\"viewer-oukod17428\" class=\"KqKMh\">\n<div class=\"_7T4Uc SkJEB\">\n<figure class=\"P29V1\">\n<div class=\"CuIEU\" tabindex=\"0\" role=\"button\" data-hook=\"imageViewer\" aria-haspopup=\"true\">\n<div id=\"oukod17428\" class=\"KfAFF ApRDe _84uzj\"><img decoding=\"async\" class=\"aligncenter\" draggable=\"false\" src=\"https:\/\/static.wixstatic.com\/media\/60c9aa_3b307c8d66404af2876b2d365b820f4c~mv2.jpg\/v1\/fill\/w_350,h_254,al_c,q_80,usm_0.66_1.00_0.01,enc_auto\/60c9aa_3b307c8d66404af2876b2d365b820f4c~mv2.jpg\" alt=\"Ventose filettate\" data-pin-url=\"https:\/\/m2camper.com\/post\/aislantes-termicos-con-ventosas-para-viajar-con-confort\" data-pin-media=\"https:\/\/static.wixstatic.com\/media\/60c9aa_3b307c8d66404af2876b2d365b820f4c~mv2.jpg\/v1\/fill\/w_1841,h_1335,al_c,q_90\/60c9aa_3b307c8d66404af2876b2d365b820f4c~mv2.jpg\" data-ssr-src-done=\"true\" data-load-done=\"\" \/><\/div>\n<\/div>\n<\/figure>\n<div><\/br><\/div>\n<\/div>\n<\/div>\n<\/div>\n<div data-breakout=\"normal\">\n<p id=\"viewer-qflnm331\" class=\"cqfST cQRuq WGebp jTM--\" dir=\"auto\"><span class=\"_61ACD\">La versatilit\u00e0 \u00e8 al centro di questa caratteristica innovativa. Grazie alle ventose filettate, puoi regolare facilmente la pressione e la posizione di ogni strato, adattandoli alle tue esigenze specifiche. Che tu voglia massimizzare la protezione dal freddo in inverno o consentire una luce controllata in estate, le nostre ventose ti offrono il controllo completo del tuo ambiente.<\/span><\/p>\n<\/div>\n<div data-breakout=\"normal\">\n<p id=\"viewer-yp3tc333\" class=\"cqfST cQRuq WGebp jTM--\" dir=\"auto\"><span class=\"_61ACD\">Oltre alla loro eccezionale funzionalit\u00e0, le ventose in silicone ad alta aderenza sono progettate per resistere alle sollecitazioni dei viaggi. La loro durevolezza e resistenza alle condizioni meteorologiche estreme garantiscono prestazioni costanti nel tempo, rendendole il compagno perfetto per i tuoi viaggi pi\u00f9 audaci.<\/span><\/p>\n<\/div>\n<div data-breakout=\"normal\">\n<p id=\"viewer-wq84q335\" class=\"cqfST cQRuq WGebp jTM--\" dir=\"auto\"><span class=\"_61ACD\">Noi di M2camper crediamo che ogni componente conti, e le nostre ventose filettate in silicone ne sono la prova vivente. Scopri la libert\u00e0 di un isolante termico che non solo si adatta al tuo stile di vita avventuroso, ma ridefinisce anche il tuo modo di interagire con l&#039;ambiente circostante. Alza le tue aspettative e scopri una nuova dimensione di comfort in ogni viaggio. Benvenuti in un mondo dove l&#039;avventura non conosce limiti!<\/span><\/p>\n<\/div>\n<div data-breakout=\"normal\">\n<p id=\"viewer-slxz919911\" class=\"cqfST cQRuq WGebp jTM--\" dir=\"auto\"><span class=\"_61ACD\"><em>Isolanti termici con ventose per viaggi confortevoli<\/em><\/span><\/p>\n<\/div>\n<div data-breakout=\"normal\">\n<div id=\"viewer-7x7m612435\" class=\"KqKMh\">\n<div class=\"_7T4Uc SkJEB\">\n<figure class=\"P29V1\">\n<div class=\"CuIEU\" tabindex=\"0\" role=\"button\" data-hook=\"imageViewer\" aria-haspopup=\"true\">\n<div id=\"7x7m612435\" class=\"KfAFF ApRDe _84uzj\"><img decoding=\"async\" class=\"aligncenter\" draggable=\"false\" src=\"https:\/\/static.wixstatic.com\/media\/60c9aa_b2a2d6620501407b8ba6e2402919c732~mv2.jpg\/v1\/fill\/w_350,h_350,al_c,q_80,usm_0.66_1.00_0.01,enc_auto\/60c9aa_b2a2d6620501407b8ba6e2402919c732~mv2.jpg\" alt=\"Ventose filettate\" data-pin-url=\"https:\/\/m2camper.com\/post\/aislantes-termicos-con-ventosas-para-viajar-con-confort\" data-pin-media=\"https:\/\/static.wixstatic.com\/media\/60c9aa_b2a2d6620501407b8ba6e2402919c732~mv2.jpg\/v1\/fill\/w_1907,h_1907,al_c,q_90\/60c9aa_b2a2d6620501407b8ba6e2402919c732~mv2.jpg\" data-ssr-src-done=\"true\" data-load-done=\"\" \/><\/div>\n<\/div>\n<\/figure>\n<\/div>\n<\/div>\n<\/div>\n<div data-hook=\"rcv-block19\"><\/div>\n<div data-breakout=\"normal\">\n<div id=\"viewer-mpgnt12437\" class=\"cqfST cQRuq WGebp jTM--\" dir=\"auto\"><\/div>\n<\/div>","protected":false},"excerpt":{"rendered":"<p>En el mundo de los viajes, la clave est\u00e1 en los detalles, y en M2camper, nos enorgullece presentarte una innovaci\u00f3n que marca la diferencia: nuestros aislantes t\u00e9rmicos de 9 capas con ventosas de silicona de alta succi\u00f3n. Imagina una soluci\u00f3n que no solo brinda un aislamiento t\u00e9rmico excepcional, sino que tambi\u00e9n se adhiere firmemente a&hellip;&nbsp;<a href=\"https:\/\/m2camper.com\/it\/isolanti-termici-con-ventose-per-viaggi-confortevoli\/\" rel=\"bookmark\">Leggi tutto &raquo;<span class=\"screen-reader-text\">Comfort insuperabile: isolamento termico a 9 strati con ventose per viaggiare con stile<\/span><\/a><\/p>","protected":false},"author":5740,"featured_media":11541,"comment_status":"open","ping_status":"open","sticky":false,"template":"","format":"standard","meta":{"neve_meta_sidebar":"","neve_meta_container":"","neve_meta_enable_content_width":"off","neve_meta_content_width":70,"neve_meta_title_alignment":"","neve_meta_author_avatar":"","neve_post_elements_order":"","neve_meta_disable_header":"","neve_meta_disable_footer":"","neve_meta_disable_title":"","footnotes":""},"categories":[1],"tags":[],"class_list":["post-11540","post","type-post","status-publish","format-standard","has-post-thumbnail","hentry","category-uncategorized"],"yoast_head":"<!-- This site is optimized with the Yoast SEO plugin v27.4 - https:\/\/yoast.com\/product\/yoast-seo-wordpress\/ -->\n<title>Confort Insuperable: Aislantes T\u00e9rmicos de 9 Capas con Ventosas para Viajar con Estilo - M2 Camper | Aislantes t\u00e9rmicos y oscurecedores para campers<\/title>\n<meta name=\"robots\" content=\"index, follow, max-snippet:-1, max-image-preview:large, max-video-preview:-1\" \/>\n<link rel=\"canonical\" href=\"https:\/\/m2camper.com\/it\/isolanti-termici-con-ventose-per-viaggi-confortevoli\/\" \/>\n<meta property=\"og:locale\" content=\"it_IT\" \/>\n<meta property=\"og:type\" content=\"article\" \/>\n<meta property=\"og:title\" content=\"Confort Insuperable: Aislantes T\u00e9rmicos de 9 Capas con Ventosas para Viajar con Estilo - M2 Camper | Aislantes t\u00e9rmicos y oscurecedores para campers\" \/>\n<meta property=\"og:description\" content=\"En el mundo de los viajes, la clave est\u00e1 en los detalles, y en M2camper, nos enorgullece presentarte una innovaci\u00f3n que marca la diferencia: nuestros aislantes t\u00e9rmicos de 9 capas con ventosas de silicona de alta succi\u00f3n. Imagina una soluci\u00f3n que no solo brinda un aislamiento t\u00e9rmico excepcional, sino que tambi\u00e9n se adhiere firmemente a&hellip;&nbsp;Leggi tutto &raquo;Confort Insuperable: Aislantes T\u00e9rmicos de 9 Capas con Ventosas para Viajar con Estilo\" \/>\n<meta property=\"og:url\" content=\"https:\/\/m2camper.com\/it\/isolanti-termici-con-ventose-per-viaggi-confortevoli\/\" \/>\n<meta property=\"og:site_name\" content=\"M2 Camper | Aislantes t\u00e9rmicos y oscurecedores para campers\" \/>\n<meta property=\"article:published_time\" content=\"2023-12-10T10:38:40+00:00\" \/>\n<meta property=\"article:modified_time\" content=\"2025-02-06T10:40:40+00:00\" \/>\n<meta property=\"og:image\" content=\"https:\/\/m2camper.com\/wp-content\/uploads\/2025\/02\/60c9aa_3b307c8d66404af2876b2d365b820f4cmv2.jpg\" \/>\n\t<meta property=\"og:image:width\" content=\"1841\" \/>\n\t<meta property=\"og:image:height\" content=\"1335\" \/>\n\t<meta property=\"og:image:type\" content=\"image\/jpeg\" \/>\n<meta name=\"author\" content=\"carlos\" \/>\n<meta name=\"twitter:card\" content=\"summary_large_image\" \/>\n<meta name=\"twitter:label1\" content=\"Scritto da\" \/>\n\t<meta name=\"twitter:data1\" content=\"carlos\" \/>\n\t<meta name=\"twitter:label2\" content=\"Tempo di lettura stimato\" \/>\n\t<meta name=\"twitter:data2\" content=\"2 minuti\" \/>\n<script type=\"application\/ld+json\" class=\"yoast-schema-graph\">{\"@context\":\"https:\\\/\\\/schema.org\",\"@graph\":[{\"@type\":\"Article\",\"@id\":\"https:\\\/\\\/m2camper.com\\\/aislantes-termicos-con-ventosas-para-viajar-con-confort\\\/#article\",\"isPartOf\":{\"@id\":\"https:\\\/\\\/m2camper.com\\\/aislantes-termicos-con-ventosas-para-viajar-con-confort\\\/\"},\"author\":{\"name\":\"carlos\",\"@id\":\"https:\\\/\\\/m2camper.com\\\/pt\\\/#\\\/schema\\\/person\\\/d003f4147a0469cbf1c77ba1bebdb1bb\"},\"headline\":\"Confort Insuperable: Aislantes T\u00e9rmicos de 9 Capas con Ventosas para Viajar con Estilo\",\"datePublished\":\"2023-12-10T10:38:40+00:00\",\"dateModified\":\"2025-02-06T10:40:40+00:00\",\"mainEntityOfPage\":{\"@id\":\"https:\\\/\\\/m2camper.com\\\/aislantes-termicos-con-ventosas-para-viajar-con-confort\\\/\"},\"wordCount\":332,\"commentCount\":0,\"image\":{\"@id\":\"https:\\\/\\\/m2camper.com\\\/aislantes-termicos-con-ventosas-para-viajar-con-confort\\\/#primaryimage\"},\"thumbnailUrl\":\"https:\\\/\\\/m2camper.com\\\/wp-content\\\/uploads\\\/2025\\\/02\\\/60c9aa_3b307c8d66404af2876b2d365b820f4cmv2.jpg\",\"articleSection\":[\"Uncategorized\"],\"inLanguage\":\"it-IT\",\"potentialAction\":[{\"@type\":\"CommentAction\",\"name\":\"Comment\",\"target\":[\"https:\\\/\\\/m2camper.com\\\/aislantes-termicos-con-ventosas-para-viajar-con-confort\\\/#respond\"]}]},{\"@type\":\"WebPage\",\"@id\":\"https:\\\/\\\/m2camper.com\\\/aislantes-termicos-con-ventosas-para-viajar-con-confort\\\/\",\"url\":\"https:\\\/\\\/m2camper.com\\\/aislantes-termicos-con-ventosas-para-viajar-con-confort\\\/\",\"name\":\"Confort Insuperable: Aislantes T\u00e9rmicos de 9 Capas con Ventosas para Viajar con Estilo - M2 Camper | Aislantes t\u00e9rmicos y oscurecedores para campers\",\"isPartOf\":{\"@id\":\"https:\\\/\\\/m2camper.com\\\/pt\\\/#website\"},\"primaryImageOfPage\":{\"@id\":\"https:\\\/\\\/m2camper.com\\\/aislantes-termicos-con-ventosas-para-viajar-con-confort\\\/#primaryimage\"},\"image\":{\"@id\":\"https:\\\/\\\/m2camper.com\\\/aislantes-termicos-con-ventosas-para-viajar-con-confort\\\/#primaryimage\"},\"thumbnailUrl\":\"https:\\\/\\\/m2camper.com\\\/wp-content\\\/uploads\\\/2025\\\/02\\\/60c9aa_3b307c8d66404af2876b2d365b820f4cmv2.jpg\",\"datePublished\":\"2023-12-10T10:38:40+00:00\",\"dateModified\":\"2025-02-06T10:40:40+00:00\",\"author\":{\"@id\":\"https:\\\/\\\/m2camper.com\\\/pt\\\/#\\\/schema\\\/person\\\/d003f4147a0469cbf1c77ba1bebdb1bb\"},\"breadcrumb\":{\"@id\":\"https:\\\/\\\/m2camper.com\\\/aislantes-termicos-con-ventosas-para-viajar-con-confort\\\/#breadcrumb\"},\"inLanguage\":\"it-IT\",\"potentialAction\":[{\"@type\":\"ReadAction\",\"target\":[\"https:\\\/\\\/m2camper.com\\\/aislantes-termicos-con-ventosas-para-viajar-con-confort\\\/\"]}]},{\"@type\":\"ImageObject\",\"inLanguage\":\"it-IT\",\"@id\":\"https:\\\/\\\/m2camper.com\\\/aislantes-termicos-con-ventosas-para-viajar-con-confort\\\/#primaryimage\",\"url\":\"https:\\\/\\\/m2camper.com\\\/wp-content\\\/uploads\\\/2025\\\/02\\\/60c9aa_3b307c8d66404af2876b2d365b820f4cmv2.jpg\",\"contentUrl\":\"https:\\\/\\\/m2camper.com\\\/wp-content\\\/uploads\\\/2025\\\/02\\\/60c9aa_3b307c8d66404af2876b2d365b820f4cmv2.jpg\",\"width\":1841,\"height\":1335},{\"@type\":\"BreadcrumbList\",\"@id\":\"https:\\\/\\\/m2camper.com\\\/aislantes-termicos-con-ventosas-para-viajar-con-confort\\\/#breadcrumb\",\"itemListElement\":[{\"@type\":\"ListItem\",\"position\":1,\"name\":\"Portada\",\"item\":\"https:\\\/\\\/m2camper.com\\\/pt\\\/\"},{\"@type\":\"ListItem\",\"position\":2,\"name\":\"Confort Insuperable: Aislantes T\u00e9rmicos de 9 Capas con Ventosas para Viajar con Estilo\"}]},{\"@type\":\"WebSite\",\"@id\":\"https:\\\/\\\/m2camper.com\\\/pt\\\/#website\",\"url\":\"https:\\\/\\\/m2camper.com\\\/pt\\\/\",\"name\":\"M2 Campers | Aislantes t\u00e9rmicos y oscurecedores para campers\",\"description\":\"Descubre calidad y confort de nuestros aislantes t\u00e9rmicos oscurecedores y colchones para veh\u00edculos. Optimiza tu experiencia en carretera con M2 Camper.\",\"potentialAction\":[{\"@type\":\"SearchAction\",\"target\":{\"@type\":\"EntryPoint\",\"urlTemplate\":\"https:\\\/\\\/m2camper.com\\\/pt\\\/?s={search_term_string}\"},\"query-input\":{\"@type\":\"PropertyValueSpecification\",\"valueRequired\":true,\"valueName\":\"search_term_string\"}}],\"inLanguage\":\"it-IT\"},{\"@type\":\"Person\",\"@id\":\"https:\\\/\\\/m2camper.com\\\/pt\\\/#\\\/schema\\\/person\\\/d003f4147a0469cbf1c77ba1bebdb1bb\",\"name\":\"carlos\",\"image\":{\"@type\":\"ImageObject\",\"inLanguage\":\"it-IT\",\"@id\":\"https:\\\/\\\/secure.gravatar.com\\\/avatar\\\/ab10b60551e807f6b37d54bb09e40bc41b08e3828d46504634ad6f35da1b46dc?s=96&d=mm&r=g\",\"url\":\"https:\\\/\\\/secure.gravatar.com\\\/avatar\\\/ab10b60551e807f6b37d54bb09e40bc41b08e3828d46504634ad6f35da1b46dc?s=96&d=mm&r=g\",\"contentUrl\":\"https:\\\/\\\/secure.gravatar.com\\\/avatar\\\/ab10b60551e807f6b37d54bb09e40bc41b08e3828d46504634ad6f35da1b46dc?s=96&d=mm&r=g\",\"caption\":\"carlos\"},\"url\":\"https:\\\/\\\/m2camper.com\\\/it\\\/author\\\/carlos\\\/\"}]}<\/script>\n<!-- \/ Yoast SEO plugin. -->","yoast_head_json":{"title":"Comfort insuperabile: isolamento termico a 9 strati con ventose per viaggiare con stile - M2 Camper | Isolamento termico e oscuramento per camper","robots":{"index":"index","follow":"follow","max-snippet":"max-snippet:-1","max-image-preview":"max-image-preview:large","max-video-preview":"max-video-preview:-1"},"canonical":"https:\/\/m2camper.com\/it\/isolanti-termici-con-ventose-per-viaggi-confortevoli\/","og_locale":"it_IT","og_type":"article","og_title":"Confort Insuperable: Aislantes T\u00e9rmicos de 9 Capas con Ventosas para Viajar con Estilo - M2 Camper | Aislantes t\u00e9rmicos y oscurecedores para campers","og_description":"En el mundo de los viajes, la clave est\u00e1 en los detalles, y en M2camper, nos enorgullece presentarte una innovaci\u00f3n que marca la diferencia: nuestros aislantes t\u00e9rmicos de 9 capas con ventosas de silicona de alta succi\u00f3n. Imagina una soluci\u00f3n que no solo brinda un aislamiento t\u00e9rmico excepcional, sino que tambi\u00e9n se adhiere firmemente a&hellip;&nbsp;Leggi tutto &raquo;Confort Insuperable: Aislantes T\u00e9rmicos de 9 Capas con Ventosas para Viajar con Estilo","og_url":"https:\/\/m2camper.com\/it\/isolanti-termici-con-ventose-per-viaggi-confortevoli\/","og_site_name":"M2 Camper | Aislantes t\u00e9rmicos y oscurecedores para campers","article_published_time":"2023-12-10T10:38:40+00:00","article_modified_time":"2025-02-06T10:40:40+00:00","og_image":[{"width":1841,"height":1335,"url":"https:\/\/m2camper.com\/wp-content\/uploads\/2025\/02\/60c9aa_3b307c8d66404af2876b2d365b820f4cmv2.jpg","type":"image\/jpeg"}],"author":"carlos","twitter_card":"summary_large_image","twitter_misc":{"Scritto da":"carlos","Tempo di lettura stimato":"2 minuti"},"schema":{"@context":"https:\/\/schema.org","@graph":[{"@type":"Article","@id":"https:\/\/m2camper.com\/aislantes-termicos-con-ventosas-para-viajar-con-confort\/#article","isPartOf":{"@id":"https:\/\/m2camper.com\/aislantes-termicos-con-ventosas-para-viajar-con-confort\/"},"author":{"name":"carlos","@id":"https:\/\/m2camper.com\/pt\/#\/schema\/person\/d003f4147a0469cbf1c77ba1bebdb1bb"},"headline":"Confort Insuperable: Aislantes T\u00e9rmicos de 9 Capas con Ventosas para Viajar con Estilo","datePublished":"2023-12-10T10:38:40+00:00","dateModified":"2025-02-06T10:40:40+00:00","mainEntityOfPage":{"@id":"https:\/\/m2camper.com\/aislantes-termicos-con-ventosas-para-viajar-con-confort\/"},"wordCount":332,"commentCount":0,"image":{"@id":"https:\/\/m2camper.com\/aislantes-termicos-con-ventosas-para-viajar-con-confort\/#primaryimage"},"thumbnailUrl":"https:\/\/m2camper.com\/wp-content\/uploads\/2025\/02\/60c9aa_3b307c8d66404af2876b2d365b820f4cmv2.jpg","articleSection":["Uncategorized"],"inLanguage":"it-IT","potentialAction":[{"@type":"CommentAction","name":"Comment","target":["https:\/\/m2camper.com\/aislantes-termicos-con-ventosas-para-viajar-con-confort\/#respond"]}]},{"@type":"WebPage","@id":"https:\/\/m2camper.com\/aislantes-termicos-con-ventosas-para-viajar-con-confort\/","url":"https:\/\/m2camper.com\/aislantes-termicos-con-ventosas-para-viajar-con-confort\/","name":"Comfort insuperabile: isolamento termico a 9 strati con ventose per viaggiare con stile - M2 Camper | Isolamento termico e oscuramento per camper","isPartOf":{"@id":"https:\/\/m2camper.com\/pt\/#website"},"primaryImageOfPage":{"@id":"https:\/\/m2camper.com\/aislantes-termicos-con-ventosas-para-viajar-con-confort\/#primaryimage"},"image":{"@id":"https:\/\/m2camper.com\/aislantes-termicos-con-ventosas-para-viajar-con-confort\/#primaryimage"},"thumbnailUrl":"https:\/\/m2camper.com\/wp-content\/uploads\/2025\/02\/60c9aa_3b307c8d66404af2876b2d365b820f4cmv2.jpg","datePublished":"2023-12-10T10:38:40+00:00","dateModified":"2025-02-06T10:40:40+00:00","author":{"@id":"https:\/\/m2camper.com\/pt\/#\/schema\/person\/d003f4147a0469cbf1c77ba1bebdb1bb"},"breadcrumb":{"@id":"https:\/\/m2camper.com\/aislantes-termicos-con-ventosas-para-viajar-con-confort\/#breadcrumb"},"inLanguage":"it-IT","potentialAction":[{"@type":"ReadAction","target":["https:\/\/m2camper.com\/aislantes-termicos-con-ventosas-para-viajar-con-confort\/"]}]},{"@type":"ImageObject","inLanguage":"it-IT","@id":"https:\/\/m2camper.com\/aislantes-termicos-con-ventosas-para-viajar-con-confort\/#primaryimage","url":"https:\/\/m2camper.com\/wp-content\/uploads\/2025\/02\/60c9aa_3b307c8d66404af2876b2d365b820f4cmv2.jpg","contentUrl":"https:\/\/m2camper.com\/wp-content\/uploads\/2025\/02\/60c9aa_3b307c8d66404af2876b2d365b820f4cmv2.jpg","width":1841,"height":1335},{"@type":"BreadcrumbList","@id":"https:\/\/m2camper.com\/aislantes-termicos-con-ventosas-para-viajar-con-confort\/#breadcrumb","itemListElement":[{"@type":"ListItem","position":1,"name":"Portada","item":"https:\/\/m2camper.com\/pt\/"},{"@type":"ListItem","position":2,"name":"Confort Insuperable: Aislantes T\u00e9rmicos de 9 Capas con Ventosas para Viajar con Estilo"}]},{"@type":"WebSite","@id":"https:\/\/m2camper.com\/pt\/#website","url":"https:\/\/m2camper.com\/pt\/","name":"M2 Campers | Isolamento termico e oscuranti per camper","description":"Scopri la qualit\u00e0 e il comfort del nostro isolamento termico oscurante e dei materassi per veicoli. Ottimizza la tua esperienza di viaggio con M2 Camper.","potentialAction":[{"@type":"SearchAction","target":{"@type":"EntryPoint","urlTemplate":"https:\/\/m2camper.com\/pt\/?s={search_term_string}"},"query-input":{"@type":"PropertyValueSpecification","valueRequired":true,"valueName":"search_term_string"}}],"inLanguage":"it-IT"},{"@type":"Person","@id":"https:\/\/m2camper.com\/pt\/#\/schema\/person\/d003f4147a0469cbf1c77ba1bebdb1bb","name":"Carlos","image":{"@type":"ImageObject","inLanguage":"it-IT","@id":"https:\/\/secure.gravatar.com\/avatar\/ab10b60551e807f6b37d54bb09e40bc41b08e3828d46504634ad6f35da1b46dc?s=96&d=mm&r=g","url":"https:\/\/secure.gravatar.com\/avatar\/ab10b60551e807f6b37d54bb09e40bc41b08e3828d46504634ad6f35da1b46dc?s=96&d=mm&r=g","contentUrl":"https:\/\/secure.gravatar.com\/avatar\/ab10b60551e807f6b37d54bb09e40bc41b08e3828d46504634ad6f35da1b46dc?s=96&d=mm&r=g","caption":"carlos"},"url":"https:\/\/m2camper.com\/it\/author\/carlos\/"}]}},"_links":{"self":[{"href":"https:\/\/m2camper.com\/it\/wp-json\/wp\/v2\/posts\/11540","targetHints":{"allow":["GET"]}}],"collection":[{"href":"https:\/\/m2camper.com\/it\/wp-json\/wp\/v2\/posts"}],"about":[{"href":"https:\/\/m2camper.com\/it\/wp-json\/wp\/v2\/types\/post"}],"author":[{"embeddable":true,"href":"https:\/\/m2camper.com\/it\/wp-json\/wp\/v2\/users\/5740"}],"replies":[{"embeddable":true,"href":"https:\/\/m2camper.com\/it\/wp-json\/wp\/v2\/comments?post=11540"}],"version-history":[{"count":6,"href":"https:\/\/m2camper.com\/it\/wp-json\/wp\/v2\/posts\/11540\/revisions"}],"predecessor-version":[{"id":11547,"href":"https:\/\/m2camper.com\/it\/wp-json\/wp\/v2\/posts\/11540\/revisions\/11547"}],"wp:featuredmedia":[{"embeddable":true,"href":"https:\/\/m2camper.com\/it\/wp-json\/wp\/v2\/media\/11541"}],"wp:attachment":[{"href":"https:\/\/m2camper.com\/it\/wp-json\/wp\/v2\/media?parent=11540"}],"wp:term":[{"taxonomy":"category","embeddable":true,"href":"https:\/\/m2camper.com\/it\/wp-json\/wp\/v2\/categories?post=11540"},{"taxonomy":"post_tag","embeddable":true,"href":"https:\/\/m2camper.com\/it\/wp-json\/wp\/v2\/tags?post=11540"}],"curies":[{"name":"wp","href":"https:\/\/api.w.org\/{rel}","templated":true}]}}