{"id":18281,"date":"2026-08-24T10:09:38","date_gmt":"2026-08-24T08:09:38","guid":{"rendered":"https:\/\/m2camper.com\/?p=18281"},"modified":"2026-06-25T10:47:56","modified_gmt":"2026-06-25T08:47:56","slug":"despues-de-las-vacaciones-como-revisar-tu-camper-antes-de-guardarla-o-volver-a-usarla","status":"publish","type":"post","link":"https:\/\/m2camper.com\/fr\/despues-de-las-vacaciones-como-revisar-tu-camper-antes-de-guardarla-o-volver-a-usarla\/","title":{"rendered":"Apr\u00e8s les vacances : comment v\u00e9rifier votre camper avant de le remiser ou de le r\u00e9utiliser"},"content":{"rendered":"<h2>La fin des vacances fait aussi partie du voyage<\/h2>\n\n<p>Lorsqu\u2019une escapade ou de longues vacances en camper prennent fin, la plupart des voyageurs font exactement la m\u00eame chose : ils rentrent chez eux, d\u00e9chargent le strict n\u00e9cessaire et remettent le reste \u00e0 plus tard.<\/p>\n\n<p>C\u2019est tout \u00e0 fait normal.<\/p>\n\n<p>Apr\u00e8s plusieurs jours sur la route, la derni\u00e8re chose dont on a envie est de consacrer du temps \u00e0 v\u00e9rifier le v\u00e9hicule. Pourtant, c\u2019est pr\u00e9cis\u00e9ment l\u2019un des moments les plus importants pour l\u2019entretien d\u2019un camper.<\/p>\n\n<p>Une petite v\u00e9rification au retour peut vous aider \u00e0 d\u00e9tecter les probl\u00e8mes avant qu\u2019ils ne deviennent des pannes, \u00e0 \u00e9viter les mauvaises odeurs, \u00e0 mieux pr\u00e9server les mat\u00e9riaux et \u00e0 retrouver votre v\u00e9hicule en parfait \u00e9tat lors de votre prochaine escapade.<\/p>\n\n<p>Il n\u2019est pas n\u00e9cessaire d\u2019y consacrer tout un apr\u00e8s-midi. Une v\u00e9rification simple et organis\u00e9e suffit pour garder votre camper pr\u00eat pour la prochaine aventure.<\/p>\n\n<h2>Commencez par un nettoyage complet<\/h2>\n\n<p>Avant de v\u00e9rifier le moindre \u00e9l\u00e9ment, il est conseill\u00e9 de commencer par l\u2019essentiel : le nettoyage.<\/p>\n\n<p>Pendant les vacances, il est courant d\u2019accumuler de la poussi\u00e8re, du sable, des feuilles, de l\u2019humidit\u00e9, des restes de nourriture ou des salet\u00e9s provenant de l\u2019ext\u00e9rieur. Plus ils restent longtemps \u00e0 l\u2019int\u00e9rieur du v\u00e9hicule, plus il sera difficile de les \u00e9liminer par la suite.<\/p>\n\n<h3>Int\u00e9rieur<\/h3>\n\n<p>Commencez par retirer tout ce qui ne fait pas habituellement partie de l\u2019\u00e9quipement :<\/p>\n\n<ul>\n  <li>V\u00eatements.<\/li>\n  <li>Serviettes.<\/li>\n  <li>Ustensiles de cuisine.<\/li>\n  <li>Nourriture.<\/li>\n  <li>Mat\u00e9riel de sport.<\/li>\n<\/ul>\n<br>\n<p>Ensuite, nettoyez :<\/p>\n\n<ul>\n  <li>Meubles.<\/li>\n  <li>Tiroirs.<\/li>\n  <li>Plans de travail.<\/li>\n  <li>Sol.<\/li>\n  <li>Espaces de rangement.<\/li>\n<\/ul>\n<br>\n<p>En plus d\u2019am\u00e9liorer l\u2019hygi\u00e8ne, vous en profiterez pour d\u00e9tecter d\u2019\u00e9ventuelles traces d\u2019usure ou de petits dommages pass\u00e9s inaper\u00e7us pendant le voyage.<\/p>\n\n<h3>Ext\u00e9rieur<\/h3>\n\n<p>Le nettoyage ext\u00e9rieur est \u00e9galement important.<\/p>\n\n<p>Pendant l\u2019\u00e9t\u00e9, les v\u00e9hicules accumulent souvent :<\/p>\n\n<ul>\n  <li>Poussi\u00e8re.<\/li>\n  <li>Insectes.<\/li>\n  <li>R\u00e9sine d\u2019arbres.<\/li>\n  <li>Sel marin.<\/li>\n  <li>R\u00e9sidus de boue.<\/li>\n<\/ul>\n<br>\n<p>\u00c9liminer ces r\u00e9sidus permet de mieux pr\u00e9server la carrosserie et de rep\u00e9rer plus facilement d\u2019\u00e9ventuels dommages.<\/p>\n\n<h2>V\u00e9rifiez le matelas et l\u2019espace de repos<\/h2>\n\n<p>Le lit est g\u00e9n\u00e9ralement l\u2019un des espaces les plus utilis\u00e9s pendant un voyage. Pourtant, il est souvent n\u00e9glig\u00e9 lors des op\u00e9rations d\u2019entretien.<\/p>\n\n<p>Au retour des vacances, il est conseill\u00e9 de v\u00e9rifier :<\/p>\n\n<ul>\n  <li>L\u2019\u00e9tat g\u00e9n\u00e9ral du matelas.<\/li>\n  <li>La pr\u00e9sence d\u2019humidit\u00e9.<\/li>\n  <li>Des odeurs inhabituelles.<\/li>\n  <li>Accumulation de salet\u00e9.<\/li>\n  <li>L\u2019\u00e9tat des housses ou des tissus.<\/li>\n<\/ul>\n<br>\n<p>Si possible, laissez le matelas s\u2019a\u00e9rer pendant plusieurs heures. Cela permet d\u2019\u00e9liminer l\u2019humidit\u00e9 accumul\u00e9e et de pr\u00e9server les mat\u00e9riaux en meilleur \u00e9tat plus longtemps.<\/p>\n\n<p>Une bonne ventilation apr\u00e8s chaque voyage peut prolonger consid\u00e9rablement la dur\u00e9e de vie de votre syst\u00e8me de couchage.<\/p>\n\n<h2>V\u00e9rifiez l\u2019\u00e9tat des isolants thermiques<\/h2>\n\n<p>Les isolants thermiques sont particuli\u00e8rement sollicit\u00e9s pendant l\u2019\u00e9t\u00e9. C\u2019est pourquoi, \u00e0 la fin de la p\u00e9riode de plus forte utilisation, il vaut la peine de consacrer quelques minutes \u00e0 leur v\u00e9rification.<\/p>\n\n<p>V\u00e9rifiez :<\/p>\n\n<ul>\n  <li>L\u2019\u00e9tat des ventouses.<\/li>\n  <li>D\u2019\u00e9ventuelles d\u00e9formations.<\/li>\n  <li>Coutures.<\/li>\n  <li>Salet\u00e9 accumul\u00e9e.<\/li>\n  <li>Humidit\u00e9.<\/li>\n<\/ul>\n<br>\n<p>Avant de les ranger, assurez-vous qu\u2019ils sont parfaitement secs. Les stocker humides peut provoquer de mauvaises odeurs et m\u00eame d\u00e9t\u00e9riorer certains mat\u00e9riaux avec le temps.<\/p>\n\n<h2>A\u00e9rez correctement le v\u00e9hicule avant de le remiser<\/h2>\n\n<p>L\u2019une des erreurs les plus fr\u00e9quentes consiste \u00e0 fermer le camper imm\u00e9diatement apr\u00e8s le retour du voyage.<\/p>\n\n<p>M\u00eame si tout semble sec \u00e0 premi\u00e8re vue, il reste toujours un peu d\u2019humidit\u00e9 provenant de :<\/p>\n\n<ul>\n  <li>La respiration.<\/li>\n  <li>La cuisine.<\/li>\n  <li>La douche.<\/li>\n  <li>La condensation.<\/li>\n  <li>Les v\u00eatements humides.<\/li>\n<\/ul>\n<br>\n<p>C\u2019est pourquoi il est recommand\u00e9 de laisser les portes et les fen\u00eatres ouvertes pendant un certain temps afin de renouveler compl\u00e8tement l\u2019air \u00e0 l\u2019int\u00e9rieur du v\u00e9hicule.<\/p>\n\n<p>C\u2019est une op\u00e9ration simple qui peut \u00e9viter de nombreux probl\u00e8mes par la suite.<\/p>\n\n<h2>Recherchez les signes d\u2019humidit\u00e9 avant que des probl\u00e8mes n\u2019apparaissent<\/h2>\n\n<p>La fin de l\u2019\u00e9t\u00e9 est un bon moment pour rep\u00e9rer les zones susceptibles de poser probl\u00e8me.<\/p>\n\n<p>V\u00e9rifiez en particulier :<\/p>\n\n<ul>\n  <li>Coins.<\/li>\n  <li>Cadres de fen\u00eatres.<\/li>\n  <li>Compartiments ferm\u00e9s.<\/li>\n  <li>Zones sous le matelas.<\/li>\n  <li>Espaces peu ventil\u00e9s.<\/li>\n<\/ul>\n<br>\n<p>D\u00e9tecter l\u2019humidit\u00e9 \u00e0 temps est bien plus simple que d\u2019en r\u00e9soudre les cons\u00e9quences plusieurs mois plus tard.<\/p>\n\n<p>En outre, cette v\u00e9rification vous aidera \u00e0 pr\u00e9parer le v\u00e9hicule \u00e0 l\u2019arriv\u00e9e des temp\u00e9ratures plus fra\u00eeches de l\u2019automne.<\/p>\n\n<h2>V\u00e9rifiez les \u00e9l\u00e9ments les plus sollicit\u00e9s pendant l\u2019\u00e9t\u00e9<\/h2>\n\n<p>Certains \u00e9l\u00e9ments sont particuli\u00e8rement sollicit\u00e9s pendant les vacances.<\/p>\n\n<p>Par exemple :<\/p>\n\n<h3>Syst\u00e8mes d\u2019ouverture.<\/h3>\n\n<p>Les portes, les tiroirs et les charni\u00e8res sont g\u00e9n\u00e9ralement beaucoup plus sollicit\u00e9s pendant les voyages.<\/p>\n\n<h3>\u00c9quipements \u00e9lectriques.<\/h3>\n\n<p>V\u00e9rifiez que les \u00e9clairages, les prises et les connexions fonctionnent correctement.<\/p>\n\n<h3>\u00c9l\u00e9ments textiles.<\/h3>\n\n<p>Les rideaux, les housses ou les protections peuvent n\u00e9cessiter un nettoyage avant d\u2019\u00eatre rang\u00e9s.<\/p>\n\n<p>De petites v\u00e9rifications r\u00e9guli\u00e8res permettent de d\u00e9tecter l\u2019usure avant qu\u2019elle ne se transforme en probl\u00e8mes plus importants.<\/p>\n\n<h2>Si vous repartez bient\u00f4t, profitez-en pour tout pr\u00e9parer<\/h2>\n\n<p>Tous les voyageurs ne remisent pas leur camper jusqu\u2019\u00e0 la saison suivante. Beaucoup continuent \u00e0 profiter d\u2019escapades en septembre, en octobre ou m\u00eame pendant l\u2019hiver.<\/p>\n\n<p>Si c\u2019est votre cas, c\u2019est le moment id\u00e9al pour pr\u00e9parer votre v\u00e9hicule :<\/p>\n\n<ul>\n  <li>R\u00e9organisez votre \u00e9quipement.<\/li>\n  <li>R\u00e9approvisionnez les consommables.<\/li>\n  <li>Faites le point sur ce que vous avez r\u00e9ellement utilis\u00e9.<\/li>\n  <li>Retirez tout ce dont vous n\u2019avez pas besoin.<\/li>\n<\/ul>\n<br>\n<p>Ainsi, votre prochaine escapade sera beaucoup plus confortable et rapide \u00e0 pr\u00e9parer.<\/p>\n\n<h2>Une heure de v\u00e9rification peut \u00e9viter de nombreux probl\u00e8mes \u00e0 l\u2019avenir<\/h2>\n\n<p>La plupart des probl\u00e8mes li\u00e9s \u00e0 l\u2019humidit\u00e9, aux mauvaises odeurs ou \u00e0 la d\u00e9t\u00e9rioration des mat\u00e9riaux n\u2019apparaissent pas du jour au lendemain.<\/p>\n\n<p>Ils commencent g\u00e9n\u00e9ralement par de petits d\u00e9tails qui passent inaper\u00e7us apr\u00e8s une escapade.<\/p>\n\n<p>Consacrer une heure \u00e0 v\u00e9rifier votre v\u00e9hicule apr\u00e8s les vacances peut vous aider \u00e0 mieux pr\u00e9server votre camper et \u00e0 en profiter pendant de nombreuses ann\u00e9es.<\/p>\n\n<p>En outre, cela vous permettra de commencer votre prochaine aventure avec la tranquillit\u00e9 d\u2019esprit de savoir que tout est en ordre.<\/p>\n\n\n\n\n<h2 class=\"wp-block-heading\">Questions fr\u00e9quentes<\/h2>\n\n\n\n<details class=\"wp-block-details is-layout-flow wp-block-details-is-layout-flow\"><summary><strong>Faut-il nettoyer son camper apr\u00e8s chaque voyage ?<\/strong><\/summary>\n<p class=\"wp-block-paragraph\">Oui. M\u00eame apr\u00e8s une courte escapade, un nettoyage de base permet de mieux pr\u00e9server les mat\u00e9riaux et de d\u00e9tecter d\u2019\u00e9ventuels probl\u00e8mes.<\/p>\n<\/details>\n\n\n\n<details class=\"wp-block-details is-layout-flow wp-block-details-is-layout-flow\"><summary><strong>Faut-il a\u00e9rer le matelas au retour des vacances ?<\/strong><\/summary>\n<p class=\"wp-block-paragraph\">Oui. C\u2019est l\u2019un des meilleurs moyens d\u2019\u00e9liminer l\u2019humidit\u00e9 accumul\u00e9e et de le maintenir en bon \u00e9tat.<\/p>\n<\/details>\n\n\n\n<details class=\"wp-block-details is-layout-flow wp-block-details-is-layout-flow\"><summary><strong>Comment ranger correctement les isolants thermiques ?<\/strong><\/summary>\n<p class=\"wp-block-paragraph\">Le plus important est de s\u2019assurer qu\u2019ils soient compl\u00e8tement secs avant de les ranger.<\/p>\n<\/details>\n\n\n\n<details class=\"wp-block-details is-layout-flow wp-block-details-is-layout-flow\"><summary><strong>Quelles sont les zones qui accumulent le plus d\u2019humidit\u00e9 \u00e0 l\u2019int\u00e9rieur d\u2019un camper ?<\/strong><\/summary>\n<p class=\"wp-block-paragraph\">Les zones sous le matelas, les compartiments ferm\u00e9s et les cadres de fen\u00eatres sont g\u00e9n\u00e9ralement les plus sensibles \u00e0 l\u2019humidit\u00e9.<\/p>\n<\/details>\n\n\n\n<br><p>Un bon entretien apr\u00e8s les vacances est la meilleure fa\u00e7on de conserver votre camper en parfait \u00e9tat pendant de nombreuses ann\u00e9es.<\/p>\n\n<p>Si, lors de votre v\u00e9rification, vous constatez qu\u2019il est temps de renouveler votre espace de repos ou d\u2019am\u00e9liorer le confort thermique de votre v\u00e9hicule, chez M2Camper, nous fabriquons des matelas et des isolants thermiques sur mesure pour vous aider \u00e0 profiter de chaque voyage avec un confort optimal.<\/p>\n\n\n<div class=\"wp-block-image\">\n<figure class=\"aligncenter size-full is-resized\"><img fetchpriority=\"high\" decoding=\"async\" width=\"1672\" height=\"941\" src=\"https:\/\/m2camper.com\/wp-content\/uploads\/2026\/06\/revisar-camper-despues-de-vacaciones.webp\" alt=\"entretien du camper apr\u00e8s l\u2019\u00e9t\u00e9\" class=\"wp-image-18282\" style=\"width:500px\" srcset=\"https:\/\/m2camper.com\/wp-content\/uploads\/2026\/06\/revisar-camper-despues-de-vacaciones.webp 1672w, https:\/\/m2camper.com\/wp-content\/uploads\/2026\/06\/revisar-camper-despues-de-vacaciones-300x169.webp 300w, https:\/\/m2camper.com\/wp-content\/uploads\/2026\/06\/revisar-camper-despues-de-vacaciones-1024x576.webp 1024w, https:\/\/m2camper.com\/wp-content\/uploads\/2026\/06\/revisar-camper-despues-de-vacaciones-768x432.webp 768w, https:\/\/m2camper.com\/wp-content\/uploads\/2026\/06\/revisar-camper-despues-de-vacaciones-1536x864.webp 1536w, https:\/\/m2camper.com\/wp-content\/uploads\/2026\/06\/revisar-camper-despues-de-vacaciones-18x10.webp 18w, https:\/\/m2camper.com\/wp-content\/uploads\/2026\/06\/revisar-camper-despues-de-vacaciones-600x338.webp 600w\" sizes=\"(max-width: 1672px) 100vw, 1672px\" \/><\/figure>\n<\/div>","protected":false},"excerpt":{"rendered":"<p>El final de las vacaciones tambi\u00e9n forma parte del viaje Cuando termina una escapada o unas vacaciones largas en camper, la mayor\u00eda de viajeros hacen exactamente lo mismo: llegan a casa, descargan lo imprescindible y dejan el resto para m\u00e1s adelante. Es totalmente normal. Despu\u00e9s de varios d\u00edas en ruta, lo \u00faltimo que apetece es&hellip;&nbsp;<a href=\"https:\/\/m2camper.com\/fr\/despues-de-las-vacaciones-como-revisar-tu-camper-antes-de-guardarla-o-volver-a-usarla\/\" rel=\"bookmark\">En savoir plus &quot;<span class=\"screen-reader-text\">Apr\u00e8s les vacances : comment v\u00e9rifier votre camper avant de le remiser ou de le r\u00e9utiliser<\/span><\/a><\/p>","protected":false},"author":5741,"featured_media":18282,"comment_status":"closed","ping_status":"closed","sticky":false,"template":"","format":"standard","meta":{"neve_meta_sidebar":"","neve_meta_container":"","neve_meta_enable_content_width":"","neve_meta_content_width":0,"neve_meta_title_alignment":"","neve_meta_author_avatar":"","neve_post_elements_order":"","neve_meta_disable_header":"","neve_meta_disable_footer":"","neve_meta_disable_title":"","footnotes":""},"categories":[202],"tags":[],"class_list":["post-18281","post","type-post","status-publish","format-standard","has-post-thumbnail","hentry","category-camperizacion-de-furgonetas"],"yoast_head":"<!-- This site is optimized with the Yoast SEO plugin v28.3 - https:\/\/yoast.com\/product\/yoast-seo-wordpress\/ -->\n<title>C\u00f3mo revisar tu camper despu\u00e9s de las vacaciones | Gu\u00eda pr\u00e1ctica<\/title>\n<meta name=\"description\" content=\"Descubre qu\u00e9 revisar en tu camper despu\u00e9s de las vacaciones para mantenerla en buen estado, evitar problemas y preparar futuras escapadas.\" \/>\n<meta name=\"robots\" content=\"index, follow, max-snippet:-1, max-image-preview:large, max-video-preview:-1\" \/>\n<link rel=\"canonical\" href=\"https:\/\/m2camper.com\/fr\/despues-de-las-vacaciones-como-revisar-tu-camper-antes-de-guardarla-o-volver-a-usarla\/\" \/>\n<meta property=\"og:locale\" content=\"fr_FR\" \/>\n<meta property=\"og:type\" content=\"article\" \/>\n<meta property=\"og:title\" content=\"C\u00f3mo revisar tu camper despu\u00e9s de las vacaciones | Gu\u00eda pr\u00e1ctica\" \/>\n<meta property=\"og:description\" content=\"Descubre qu\u00e9 revisar en tu camper despu\u00e9s de las vacaciones para mantenerla en buen estado, evitar problemas y preparar futuras escapadas.\" \/>\n<meta property=\"og:url\" content=\"https:\/\/m2camper.com\/fr\/despues-de-las-vacaciones-como-revisar-tu-camper-antes-de-guardarla-o-volver-a-usarla\/\" \/>\n<meta property=\"og:site_name\" content=\"M2 Camper | Aislantes t\u00e9rmicos y oscurecedores para campers\" \/>\n<meta property=\"article:published_time\" content=\"2026-08-24T08:09:38+00:00\" \/>\n<meta property=\"og:image\" content=\"https:\/\/m2camper.com\/wp-content\/uploads\/2026\/06\/revisar-camper-despues-de-vacaciones.webp\" \/>\n\t<meta property=\"og:image:width\" content=\"1672\" \/>\n\t<meta property=\"og:image:height\" content=\"941\" \/>\n\t<meta property=\"og:image:type\" content=\"image\/webp\" \/>\n<meta name=\"author\" content=\"Prubs214s\" \/>\n<meta name=\"twitter:card\" content=\"summary_large_image\" \/>\n<meta name=\"twitter:label1\" content=\"\u00c9crit par\" \/>\n\t<meta name=\"twitter:data1\" content=\"Prubs214s\" \/>\n\t<meta name=\"twitter:label2\" content=\"Dur\u00e9e de lecture estim\u00e9e\" \/>\n\t<meta name=\"twitter:data2\" content=\"5 minutes\" \/>\n<script type=\"application\/ld+json\" class=\"yoast-schema-graph\">{\"@context\":\"https:\\\/\\\/schema.org\",\"@graph\":[{\"@type\":\"Article\",\"@id\":\"https:\\\/\\\/m2camper.com\\\/despues-de-las-vacaciones-como-revisar-tu-camper-antes-de-guardarla-o-volver-a-usarla\\\/#article\",\"isPartOf\":{\"@id\":\"https:\\\/\\\/m2camper.com\\\/despues-de-las-vacaciones-como-revisar-tu-camper-antes-de-guardarla-o-volver-a-usarla\\\/\"},\"author\":{\"name\":\"Prubs214s\",\"@id\":\"https:\\\/\\\/m2camper.com\\\/pt\\\/#\\\/schema\\\/person\\\/ad1e681f60b2e23c9b88a93e6d3feab3\"},\"headline\":\"Despu\u00e9s de las vacaciones: c\u00f3mo revisar tu camper antes de guardarla o volver a usarla\",\"datePublished\":\"2026-08-24T08:09:38+00:00\",\"mainEntityOfPage\":{\"@id\":\"https:\\\/\\\/m2camper.com\\\/despues-de-las-vacaciones-como-revisar-tu-camper-antes-de-guardarla-o-volver-a-usarla\\\/\"},\"wordCount\":1095,\"image\":{\"@id\":\"https:\\\/\\\/m2camper.com\\\/despues-de-las-vacaciones-como-revisar-tu-camper-antes-de-guardarla-o-volver-a-usarla\\\/#primaryimage\"},\"thumbnailUrl\":\"https:\\\/\\\/m2camper.com\\\/wp-content\\\/uploads\\\/2026\\\/06\\\/revisar-camper-despues-de-vacaciones.webp\",\"articleSection\":[\"camperizaci\u00f3n de furgonetas\"],\"inLanguage\":\"fr-FR\"},{\"@type\":\"WebPage\",\"@id\":\"https:\\\/\\\/m2camper.com\\\/despues-de-las-vacaciones-como-revisar-tu-camper-antes-de-guardarla-o-volver-a-usarla\\\/\",\"url\":\"https:\\\/\\\/m2camper.com\\\/despues-de-las-vacaciones-como-revisar-tu-camper-antes-de-guardarla-o-volver-a-usarla\\\/\",\"name\":\"C\u00f3mo revisar tu camper despu\u00e9s de las vacaciones | Gu\u00eda pr\u00e1ctica\",\"isPartOf\":{\"@id\":\"https:\\\/\\\/m2camper.com\\\/pt\\\/#website\"},\"primaryImageOfPage\":{\"@id\":\"https:\\\/\\\/m2camper.com\\\/despues-de-las-vacaciones-como-revisar-tu-camper-antes-de-guardarla-o-volver-a-usarla\\\/#primaryimage\"},\"image\":{\"@id\":\"https:\\\/\\\/m2camper.com\\\/despues-de-las-vacaciones-como-revisar-tu-camper-antes-de-guardarla-o-volver-a-usarla\\\/#primaryimage\"},\"thumbnailUrl\":\"https:\\\/\\\/m2camper.com\\\/wp-content\\\/uploads\\\/2026\\\/06\\\/revisar-camper-despues-de-vacaciones.webp\",\"datePublished\":\"2026-08-24T08:09:38+00:00\",\"author\":{\"@id\":\"https:\\\/\\\/m2camper.com\\\/pt\\\/#\\\/schema\\\/person\\\/ad1e681f60b2e23c9b88a93e6d3feab3\"},\"description\":\"Descubre qu\u00e9 revisar en tu camper despu\u00e9s de las vacaciones para mantenerla en buen estado, evitar problemas y preparar futuras escapadas.\",\"breadcrumb\":{\"@id\":\"https:\\\/\\\/m2camper.com\\\/despues-de-las-vacaciones-como-revisar-tu-camper-antes-de-guardarla-o-volver-a-usarla\\\/#breadcrumb\"},\"inLanguage\":\"fr-FR\",\"potentialAction\":[{\"@type\":\"ReadAction\",\"target\":[\"https:\\\/\\\/m2camper.com\\\/despues-de-las-vacaciones-como-revisar-tu-camper-antes-de-guardarla-o-volver-a-usarla\\\/\"]}]},{\"@type\":\"ImageObject\",\"inLanguage\":\"fr-FR\",\"@id\":\"https:\\\/\\\/m2camper.com\\\/despues-de-las-vacaciones-como-revisar-tu-camper-antes-de-guardarla-o-volver-a-usarla\\\/#primaryimage\",\"url\":\"https:\\\/\\\/m2camper.com\\\/wp-content\\\/uploads\\\/2026\\\/06\\\/revisar-camper-despues-de-vacaciones.webp\",\"contentUrl\":\"https:\\\/\\\/m2camper.com\\\/wp-content\\\/uploads\\\/2026\\\/06\\\/revisar-camper-despues-de-vacaciones.webp\",\"width\":1672,\"height\":941,\"caption\":\"revisar camper despu\u00e9s de vacaciones\"},{\"@type\":\"BreadcrumbList\",\"@id\":\"https:\\\/\\\/m2camper.com\\\/despues-de-las-vacaciones-como-revisar-tu-camper-antes-de-guardarla-o-volver-a-usarla\\\/#breadcrumb\",\"itemListElement\":[{\"@type\":\"ListItem\",\"position\":1,\"name\":\"Portada\",\"item\":\"https:\\\/\\\/m2camper.com\\\/pt\\\/\"},{\"@type\":\"ListItem\",\"position\":2,\"name\":\"Despu\u00e9s de las vacaciones: c\u00f3mo revisar tu camper antes de guardarla o volver a usarla\"}]},{\"@type\":\"WebSite\",\"@id\":\"https:\\\/\\\/m2camper.com\\\/pt\\\/#website\",\"url\":\"https:\\\/\\\/m2camper.com\\\/pt\\\/\",\"name\":\"M2 Campers | Aislantes t\u00e9rmicos y oscurecedores para campers\",\"description\":\"Descubre calidad y confort de nuestros aislantes t\u00e9rmicos oscurecedores y colchones para veh\u00edculos. Optimiza tu experiencia en carretera con M2 Camper.\",\"potentialAction\":[{\"@type\":\"SearchAction\",\"target\":{\"@type\":\"EntryPoint\",\"urlTemplate\":\"https:\\\/\\\/m2camper.com\\\/pt\\\/?s={search_term_string}\"},\"query-input\":{\"@type\":\"PropertyValueSpecification\",\"valueRequired\":true,\"valueName\":\"search_term_string\"}}],\"inLanguage\":\"fr-FR\"},{\"@type\":\"Person\",\"@id\":\"https:\\\/\\\/m2camper.com\\\/pt\\\/#\\\/schema\\\/person\\\/ad1e681f60b2e23c9b88a93e6d3feab3\",\"name\":\"Prubs214s\",\"image\":{\"@type\":\"ImageObject\",\"inLanguage\":\"fr-FR\",\"@id\":\"https:\\\/\\\/secure.gravatar.com\\\/avatar\\\/74706914812c3b473b95a5253410b33d71c50bf5f0d5423532bc0afa617d4316?s=96&d=mm&r=g\",\"url\":\"https:\\\/\\\/secure.gravatar.com\\\/avatar\\\/74706914812c3b473b95a5253410b33d71c50bf5f0d5423532bc0afa617d4316?s=96&d=mm&r=g\",\"contentUrl\":\"https:\\\/\\\/secure.gravatar.com\\\/avatar\\\/74706914812c3b473b95a5253410b33d71c50bf5f0d5423532bc0afa617d4316?s=96&d=mm&r=g\",\"caption\":\"Prubs214s\"},\"url\":\"https:\\\/\\\/m2camper.com\\\/fr\\\/author\\\/prubs214s\\\/\"}]}<\/script>\n<!-- \/ Yoast SEO plugin. -->","yoast_head_json":{"title":"Comment v\u00e9rifier votre camper apr\u00e8s les vacances | Guide pratique","description":"D\u00e9couvrez les \u00e9l\u00e9ments \u00e0 v\u00e9rifier sur votre camper apr\u00e8s les vacances afin de le maintenir en bon \u00e9tat, d\u2019\u00e9viter les probl\u00e8mes et de pr\u00e9parer vos prochaines escapades.","robots":{"index":"index","follow":"follow","max-snippet":"max-snippet:-1","max-image-preview":"max-image-preview:large","max-video-preview":"max-video-preview:-1"},"canonical":"https:\/\/m2camper.com\/fr\/despues-de-las-vacaciones-como-revisar-tu-camper-antes-de-guardarla-o-volver-a-usarla\/","og_locale":"fr_FR","og_type":"article","og_title":"C\u00f3mo revisar tu camper despu\u00e9s de las vacaciones | Gu\u00eda pr\u00e1ctica","og_description":"Descubre qu\u00e9 revisar en tu camper despu\u00e9s de las vacaciones para mantenerla en buen estado, evitar problemas y preparar futuras escapadas.","og_url":"https:\/\/m2camper.com\/fr\/despues-de-las-vacaciones-como-revisar-tu-camper-antes-de-guardarla-o-volver-a-usarla\/","og_site_name":"M2 Camper | Aislantes t\u00e9rmicos y oscurecedores para campers","article_published_time":"2026-08-24T08:09:38+00:00","og_image":[{"width":1672,"height":941,"url":"https:\/\/m2camper.com\/wp-content\/uploads\/2026\/06\/revisar-camper-despues-de-vacaciones.webp","type":"image\/webp"}],"author":"Prubs214s","twitter_card":"summary_large_image","twitter_misc":{"\u00c9crit par":"Prubs214s","Dur\u00e9e de lecture estim\u00e9e":"5 minutes"},"schema":{"@context":"https:\/\/schema.org","@graph":[{"@type":"Article","@id":"https:\/\/m2camper.com\/despues-de-las-vacaciones-como-revisar-tu-camper-antes-de-guardarla-o-volver-a-usarla\/#article","isPartOf":{"@id":"https:\/\/m2camper.com\/despues-de-las-vacaciones-como-revisar-tu-camper-antes-de-guardarla-o-volver-a-usarla\/"},"author":{"name":"Prubs214s","@id":"https:\/\/m2camper.com\/pt\/#\/schema\/person\/ad1e681f60b2e23c9b88a93e6d3feab3"},"headline":"Despu\u00e9s de las vacaciones: c\u00f3mo revisar tu camper antes de guardarla o volver a usarla","datePublished":"2026-08-24T08:09:38+00:00","mainEntityOfPage":{"@id":"https:\/\/m2camper.com\/despues-de-las-vacaciones-como-revisar-tu-camper-antes-de-guardarla-o-volver-a-usarla\/"},"wordCount":1095,"image":{"@id":"https:\/\/m2camper.com\/despues-de-las-vacaciones-como-revisar-tu-camper-antes-de-guardarla-o-volver-a-usarla\/#primaryimage"},"thumbnailUrl":"https:\/\/m2camper.com\/wp-content\/uploads\/2026\/06\/revisar-camper-despues-de-vacaciones.webp","articleSection":["camperizaci\u00f3n de furgonetas"],"inLanguage":"fr-FR"},{"@type":"WebPage","@id":"https:\/\/m2camper.com\/despues-de-las-vacaciones-como-revisar-tu-camper-antes-de-guardarla-o-volver-a-usarla\/","url":"https:\/\/m2camper.com\/despues-de-las-vacaciones-como-revisar-tu-camper-antes-de-guardarla-o-volver-a-usarla\/","name":"Comment v\u00e9rifier votre camper apr\u00e8s les vacances | Guide pratique","isPartOf":{"@id":"https:\/\/m2camper.com\/pt\/#website"},"primaryImageOfPage":{"@id":"https:\/\/m2camper.com\/despues-de-las-vacaciones-como-revisar-tu-camper-antes-de-guardarla-o-volver-a-usarla\/#primaryimage"},"image":{"@id":"https:\/\/m2camper.com\/despues-de-las-vacaciones-como-revisar-tu-camper-antes-de-guardarla-o-volver-a-usarla\/#primaryimage"},"thumbnailUrl":"https:\/\/m2camper.com\/wp-content\/uploads\/2026\/06\/revisar-camper-despues-de-vacaciones.webp","datePublished":"2026-08-24T08:09:38+00:00","author":{"@id":"https:\/\/m2camper.com\/pt\/#\/schema\/person\/ad1e681f60b2e23c9b88a93e6d3feab3"},"description":"D\u00e9couvrez les \u00e9l\u00e9ments \u00e0 v\u00e9rifier sur votre camper apr\u00e8s les vacances afin de le maintenir en bon \u00e9tat, d\u2019\u00e9viter les probl\u00e8mes et de pr\u00e9parer vos prochaines escapades.","breadcrumb":{"@id":"https:\/\/m2camper.com\/despues-de-las-vacaciones-como-revisar-tu-camper-antes-de-guardarla-o-volver-a-usarla\/#breadcrumb"},"inLanguage":"fr-FR","potentialAction":[{"@type":"ReadAction","target":["https:\/\/m2camper.com\/despues-de-las-vacaciones-como-revisar-tu-camper-antes-de-guardarla-o-volver-a-usarla\/"]}]},{"@type":"ImageObject","inLanguage":"fr-FR","@id":"https:\/\/m2camper.com\/despues-de-las-vacaciones-como-revisar-tu-camper-antes-de-guardarla-o-volver-a-usarla\/#primaryimage","url":"https:\/\/m2camper.com\/wp-content\/uploads\/2026\/06\/revisar-camper-despues-de-vacaciones.webp","contentUrl":"https:\/\/m2camper.com\/wp-content\/uploads\/2026\/06\/revisar-camper-despues-de-vacaciones.webp","width":1672,"height":941,"caption":"revisar camper despu\u00e9s de vacaciones"},{"@type":"BreadcrumbList","@id":"https:\/\/m2camper.com\/despues-de-las-vacaciones-como-revisar-tu-camper-antes-de-guardarla-o-volver-a-usarla\/#breadcrumb","itemListElement":[{"@type":"ListItem","position":1,"name":"Portada","item":"https:\/\/m2camper.com\/pt\/"},{"@type":"ListItem","position":2,"name":"Despu\u00e9s de las vacaciones: c\u00f3mo revisar tu camper antes de guardarla o volver a usarla"}]},{"@type":"WebSite","@id":"https:\/\/m2camper.com\/pt\/#website","url":"https:\/\/m2camper.com\/pt\/","name":"M2 Campeurs | Isolation thermique et oscurecedores pour les campeurs","description":"D\u00e9couvrez la qualit\u00e9 et le confort de notre isolation thermique oscurecedores et des matelas pour les v\u00e9hicules. Optimiser votre exp\u00e9rience de la route avec M2 camping-car.","potentialAction":[{"@type":"SearchAction","target":{"@type":"EntryPoint","urlTemplate":"https:\/\/m2camper.com\/pt\/?s={search_term_string}"},"query-input":{"@type":"PropertyValueSpecification","valueRequired":true,"valueName":"search_term_string"}}],"inLanguage":"fr-FR"},{"@type":"Person","@id":"https:\/\/m2camper.com\/pt\/#\/schema\/person\/ad1e681f60b2e23c9b88a93e6d3feab3","name":"Prubs214s","image":{"@type":"ImageObject","inLanguage":"fr-FR","@id":"https:\/\/secure.gravatar.com\/avatar\/74706914812c3b473b95a5253410b33d71c50bf5f0d5423532bc0afa617d4316?s=96&d=mm&r=g","url":"https:\/\/secure.gravatar.com\/avatar\/74706914812c3b473b95a5253410b33d71c50bf5f0d5423532bc0afa617d4316?s=96&d=mm&r=g","contentUrl":"https:\/\/secure.gravatar.com\/avatar\/74706914812c3b473b95a5253410b33d71c50bf5f0d5423532bc0afa617d4316?s=96&d=mm&r=g","caption":"Prubs214s"},"url":"https:\/\/m2camper.com\/fr\/author\/prubs214s\/"}]}},"_links":{"self":[{"href":"https:\/\/m2camper.com\/fr\/wp-json\/wp\/v2\/posts\/18281","targetHints":{"allow":["GET"]}}],"collection":[{"href":"https:\/\/m2camper.com\/fr\/wp-json\/wp\/v2\/posts"}],"about":[{"href":"https:\/\/m2camper.com\/fr\/wp-json\/wp\/v2\/types\/post"}],"author":[{"embeddable":true,"href":"https:\/\/m2camper.com\/fr\/wp-json\/wp\/v2\/users\/5741"}],"replies":[{"embeddable":true,"href":"https:\/\/m2camper.com\/fr\/wp-json\/wp\/v2\/comments?post=18281"}],"version-history":[{"count":2,"href":"https:\/\/m2camper.com\/fr\/wp-json\/wp\/v2\/posts\/18281\/revisions"}],"predecessor-version":[{"id":18284,"href":"https:\/\/m2camper.com\/fr\/wp-json\/wp\/v2\/posts\/18281\/revisions\/18284"}],"wp:featuredmedia":[{"embeddable":true,"href":"https:\/\/m2camper.com\/fr\/wp-json\/wp\/v2\/media\/18282"}],"wp:attachment":[{"href":"https:\/\/m2camper.com\/fr\/wp-json\/wp\/v2\/media?parent=18281"}],"wp:term":[{"taxonomy":"category","embeddable":true,"href":"https:\/\/m2camper.com\/fr\/wp-json\/wp\/v2\/categories?post=18281"},{"taxonomy":"post_tag","embeddable":true,"href":"https:\/\/m2camper.com\/fr\/wp-json\/wp\/v2\/tags?post=18281"}],"curies":[{"name":"wp","href":"https:\/\/api.w.org\/{rel}","templated":true}]}}