{"id":16985,"date":"2026-04-27T10:21:00","date_gmt":"2026-04-27T08:21:00","guid":{"rendered":"https:\/\/m2camper.com\/?p=16985"},"modified":"2026-04-01T18:41:53","modified_gmt":"2026-04-01T16:41:53","slug":"condensacion-camper-como-evitarla","status":"publish","type":"post","link":"https:\/\/m2camper.com\/fr\/condensacion-camper-como-evitarla\/","title":{"rendered":"Condensation dans les vans am\u00e9nag\u00e9s : pourquoi se produit-elle et comment l\u2019\u00e9viter r\u00e9ellement"},"content":{"rendered":"<p>Si vous vous \u00eates d\u00e9j\u00e0 r\u00e9veill\u00e9 avec les fen\u00eatres compl\u00e8tement embu\u00e9es ou avec une sensation d\u2019humidit\u00e9 \u00e0 l\u2019int\u00e9rieur de votre v\u00e9hicule, vous savez d\u00e9j\u00e0 \u00e0 quel point la condensation dans un van am\u00e9nag\u00e9 peut \u00eatre inconfortable.<\/p>\n\n\n\n<p>Mais au-del\u00e0 de l\u2019inconfort, c\u2019est un probl\u00e8me qui affecte directement le confort\u2026 et, \u00e0 long terme, le v\u00e9hicule lui-m\u00eame.<\/p>\n\n\n\n<h2 class=\"wp-block-heading\">Qu\u2019est-ce que la condensation dans un van am\u00e9nag\u00e9<\/h2>\n\n\n\n<p>La condensation appara\u00eet lorsque l\u2019air chaud et humide \u00e0 l\u2019int\u00e9rieur entre en contact avec des surfaces froides, comme les vitres.<\/p>\n\n\n\n<p>R\u00e9sultat :<\/p>\n\n\n\n<ul class=\"wp-block-list\">\n<li>Eau sur les vitres<\/li>\n\n\n\n<li>Sensation d\u2019humidit\u00e9<\/li>\n\n\n\n<li>Environnement inconfortable pour dormir<\/li>\n<\/ul>\n\n\n\n<p><\/p>\n\n\n\n<h2 class=\"wp-block-heading\">Pourquoi l\u2019humidit\u00e9 appara\u00eet-elle \u00e0 l\u2019int\u00e9rieur du v\u00e9hicule<\/h2>\n\n\n\n<p>M\u00eame si cela ne semble pas \u00e9vident, nous produisons beaucoup d\u2019humidit\u00e9 :<\/p>\n\n\n\n<ul class=\"wp-block-list\">\n<li>Respiration pendant la nuit<\/li>\n\n\n\n<li>Transpiration corporelle<\/li>\n\n\n\n<li>Diff\u00e9rence de temp\u00e9rature int\u00e9rieur\/ext\u00e9rieur<\/li>\n<\/ul>\n\n\n\n<p><\/p>\n\n\n\n<p>Et dans un espace aussi r\u00e9duit qu\u2019une voiture ou un fourgon, cela se multiplie.<\/p>\n\n\n\n<h2 class=\"wp-block-heading\">Probl\u00e8mes r\u00e9els li\u00e9s \u00e0 la condensation<\/h2>\n\n\n\n<p>Ce n\u2019est pas seulement une g\u00eane ponctuelle :<\/p>\n\n\n\n<ul class=\"wp-block-list\">\n<li>Cela d\u00e9t\u00e9riore la qualit\u00e9 du sommeil<\/li>\n\n\n\n<li>Augmente la sensation de froid<\/li>\n\n\n\n<li>Peut g\u00e9n\u00e9rer de mauvaises odeurs<\/li>\n\n\n\n<li>\u00c0 long terme, cela peut affecter les mat\u00e9riaux<\/li>\n<\/ul>\n\n\n\n<p><\/p>\n\n\n\n<h2 class=\"wp-block-heading\">Comment \u00e9viter la condensation \u00e9tape par \u00e9tape<\/h2>\n\n\n\n<h3 class=\"wp-block-heading\">Ventilation<\/h3>\n\n\n\n<p>Il est essentiel de renouveler l\u2019air.<\/p>\n\n\n\n<p>Options :<\/p>\n\n\n\n<ul class=\"wp-block-list\">\n<li>Laisser une petite ouverture<\/li>\n\n\n\n<li>Utiliser des d\u00e9flecteurs<\/li>\n<\/ul>\n\n\n\n<p><\/p>\n\n\n\n<h3 class=\"wp-block-heading\">Isolation thermique<\/h3>\n\n\n\n<p>Voici l\u2019un des points cl\u00e9s.<\/p>\n\n\n\n<p>Les vitres sont la principale source de froid, et sans protection :<\/p>\n\n\n\n<ul class=\"wp-block-list\">\n<li>Elles se refroidissent rapidement<\/li>\n\n\n\n<li>Elles g\u00e9n\u00e8rent de la condensation<\/li>\n<\/ul>\n\n\n\n<p><\/p>\n\n\n\n<p class=\"translation-block\">Les <strong><a href=\"\/fr\/isolateurs\/\" target=\"_self\">isolants thermiques sur mesure<\/a><\/strong> aident \u00e0 :<\/p>\n\n\n\n<ul class=\"wp-block-list\">\n<li>R\u00e9duire le contraste thermique<\/li>\n\n\n\n<li>Minimiser l\u2019apparition d\u2019humidit\u00e9<\/li>\n\n\n\n<li>Am\u00e9liorer le confort int\u00e9rieur<\/li>\n<\/ul>\n\n\n\n<p><\/p>\n\n\n\n<h3 class=\"wp-block-heading\">Utilisation de mat\u00e9riaux adapt\u00e9s<\/h3>\n\n\n\n<p>\u00c9vitez les solutions improvis\u00e9es qui retiennent l\u2019humidit\u00e9.<\/p>\n\n\n\n<p>Optez pour des mat\u00e9riaux con\u00e7us pour cet usage, qui :<\/p>\n\n\n\n<ul class=\"wp-block-list\">\n<li>N\u2019accumulent pas d\u2019eau<\/li>\n\n\n\n<li>Soient respirants<\/li>\n<\/ul>\n\n\n\n<p><\/p>\n\n\n\n<h2 class=\"wp-block-heading\">Solutions efficaces pour le quotidien<\/h2>\n\n\n\n<ul class=\"wp-block-list\">\n<li>A\u00e9rer apr\u00e8s avoir dormi<\/li>\n\n\n\n<li>Utiliser des isolants chaque fois que vous passez la nuit<\/li>\n\n\n\n<li>S\u00e9cher les surfaces si de l\u2019humidit\u00e9 appara\u00eet<\/li>\n\n\n\n<li>Maintenir une routine de base<\/li>\n<\/ul>\n\n\n\n<p><\/p>\n\n\n\n<p class=\"has-large-font-size\"><strong>FAQ<\/strong><\/p>\n\n\n\n<details class=\"wp-block-details is-layout-flow wp-block-details-is-layout-flow\"><summary><strong>Est-il normal d\u2019avoir de la condensation dans un van am\u00e9nag\u00e9 ?<\/strong><\/summary>\n<p>Oui, mais elle peut \u00eatre fortement r\u00e9duite avec de bonnes pratiques.<\/p>\n<\/details>\n\n\n\n<details class=\"wp-block-details is-layout-flow wp-block-details-is-layout-flow\"><summary><strong>Les isolants aident-ils vraiment ?<\/strong><\/summary>\n<p>Oui, ils font partie des solutions les plus efficaces.<\/p>\n<\/details>\n\n\n\n<details class=\"wp-block-details is-layout-flow wp-block-details-is-layout-flow\"><summary><strong>Est-ce pire en hiver ?<\/strong><\/summary>\n<p>Oui, en raison du contraste thermique plus important.<\/p>\n<\/details>\n\n\n\n<p><\/p>\n\n\n\n<p>La condensation n\u2019est pas quelque chose que vous devez accepter comme faisant partie du voyage.<\/p>\n\n\n\n<p>Avec les solutions adapt\u00e9es, vous pouvez consid\u00e9rablement am\u00e9liorer votre exp\u00e9rience et votre repos.<\/p>\n\n\n\n<p class=\"translation-block\">D\u00e9couvrez sur <a href=\"\/fr\/\" target=\"_self\">m2camper<\/a> comment des isolants thermiques sur mesure peuvent vous aider \u00e0 maintenir un int\u00e9rieur plus sec, confortable et pr\u00eat pour toute escapade.<\/p>\n\n\n<div class=\"wp-block-image\">\n<figure class=\"aligncenter size-full is-resized\"><img fetchpriority=\"high\" decoding=\"async\" width=\"1080\" height=\"1620\" src=\"https:\/\/m2camper.com\/wp-content\/uploads\/2026\/04\/condensacion-en-una-camper.webp\" alt=\"Humidit\u00e9 int\u00e9rieure du fourgon\" class=\"wp-image-16991\" style=\"aspect-ratio:1;object-fit:cover;width:auto;height:500px\" srcset=\"https:\/\/m2camper.com\/wp-content\/uploads\/2026\/04\/condensacion-en-una-camper.webp 1080w, https:\/\/m2camper.com\/wp-content\/uploads\/2026\/04\/condensacion-en-una-camper-200x300.webp 200w, https:\/\/m2camper.com\/wp-content\/uploads\/2026\/04\/condensacion-en-una-camper-683x1024.webp 683w, https:\/\/m2camper.com\/wp-content\/uploads\/2026\/04\/condensacion-en-una-camper-768x1152.webp 768w, https:\/\/m2camper.com\/wp-content\/uploads\/2026\/04\/condensacion-en-una-camper-1024x1536.webp 1024w, https:\/\/m2camper.com\/wp-content\/uploads\/2026\/04\/condensacion-en-una-camper-8x12.webp 8w, https:\/\/m2camper.com\/wp-content\/uploads\/2026\/04\/condensacion-en-una-camper-300x450.webp 300w, https:\/\/m2camper.com\/wp-content\/uploads\/2026\/04\/condensacion-en-una-camper-600x900.webp 600w\" sizes=\"(max-width: 1080px) 100vw, 1080px\" \/><\/figure>\n<\/div>","protected":false},"excerpt":{"rendered":"<p>Si alguna vez te has despertado con las ventanas completamente empa\u00f1adas o con sensaci\u00f3n de humedad dentro de tu veh\u00edculo, ya sabes lo inc\u00f3moda que puede ser la condensaci\u00f3n en una camper. Pero m\u00e1s all\u00e1 de la incomodidad, es un problema que afecta directamente al confort\u2026 y a largo plazo, al propio veh\u00edculo. Qu\u00e9 es&hellip;&nbsp;<a href=\"https:\/\/m2camper.com\/fr\/condensacion-camper-como-evitarla\/\" rel=\"bookmark\">En savoir plus &quot;<span class=\"screen-reader-text\">Condensation dans les vans am\u00e9nag\u00e9s : pourquoi se produit-elle et comment l\u2019\u00e9viter r\u00e9ellement<\/span><\/a><\/p>","protected":false},"author":5741,"featured_media":16991,"comment_status":"closed","ping_status":"closed","sticky":false,"template":"","format":"standard","meta":{"neve_meta_sidebar":"","neve_meta_container":"","neve_meta_enable_content_width":"","neve_meta_content_width":0,"neve_meta_title_alignment":"","neve_meta_author_avatar":"","neve_post_elements_order":"","neve_meta_disable_header":"","neve_meta_disable_footer":"","neve_meta_disable_title":"","footnotes":""},"categories":[208,202],"tags":[],"class_list":["post-16985","post","type-post","status-publish","format-standard","has-post-thumbnail","hentry","category-aislantes-termicos","category-camperizacion-de-furgonetas"],"yoast_head":"<!-- This site is optimized with the Yoast SEO plugin v27.4 - https:\/\/yoast.com\/product\/yoast-seo-wordpress\/ -->\n<title>Evitar condensaci\u00f3n en camper: gu\u00eda pr\u00e1ctica - M2 Camper | Aislantes t\u00e9rmicos y oscurecedores para campers<\/title>\n<meta name=\"description\" content=\"Aprende por qu\u00e9 aparece la condensaci\u00f3n en tu camper y c\u00f3mo evitarla con soluciones reales. Mejora tu confort y evita humedad.\" \/>\n<meta name=\"robots\" content=\"index, follow, max-snippet:-1, max-image-preview:large, max-video-preview:-1\" \/>\n<link rel=\"canonical\" href=\"https:\/\/m2camper.com\/fr\/condensacion-camper-como-evitarla\/\" \/>\n<meta property=\"og:locale\" content=\"fr_FR\" \/>\n<meta property=\"og:type\" content=\"article\" \/>\n<meta property=\"og:title\" content=\"Evitar condensaci\u00f3n en camper: gu\u00eda pr\u00e1ctica - M2 Camper | Aislantes t\u00e9rmicos y oscurecedores para campers\" \/>\n<meta property=\"og:description\" content=\"Aprende por qu\u00e9 aparece la condensaci\u00f3n en tu camper y c\u00f3mo evitarla con soluciones reales. Mejora tu confort y evita humedad.\" \/>\n<meta property=\"og:url\" content=\"https:\/\/m2camper.com\/fr\/condensacion-camper-como-evitarla\/\" \/>\n<meta property=\"og:site_name\" content=\"M2 Camper | Aislantes t\u00e9rmicos y oscurecedores para campers\" \/>\n<meta property=\"article:published_time\" content=\"2026-04-27T08:21:00+00:00\" \/>\n<meta property=\"og:image\" content=\"https:\/\/m2camper.com\/wp-content\/uploads\/2026\/04\/condensacion-en-una-camper.webp\" \/>\n\t<meta property=\"og:image:width\" content=\"1080\" \/>\n\t<meta property=\"og:image:height\" content=\"1620\" \/>\n\t<meta property=\"og:image:type\" content=\"image\/webp\" \/>\n<meta name=\"author\" content=\"Prubs214s\" \/>\n<meta name=\"twitter:card\" content=\"summary_large_image\" \/>\n<meta name=\"twitter:label1\" content=\"\u00c9crit par\" \/>\n\t<meta name=\"twitter:data1\" content=\"Prubs214s\" \/>\n\t<meta name=\"twitter:label2\" content=\"Dur\u00e9e de lecture estim\u00e9e\" \/>\n\t<meta name=\"twitter:data2\" content=\"3 minutes\" \/>\n<script type=\"application\/ld+json\" class=\"yoast-schema-graph\">{\"@context\":\"https:\\\/\\\/schema.org\",\"@graph\":[{\"@type\":\"Article\",\"@id\":\"https:\\\/\\\/m2camper.com\\\/condensacion-camper-como-evitarla\\\/#article\",\"isPartOf\":{\"@id\":\"https:\\\/\\\/m2camper.com\\\/condensacion-camper-como-evitarla\\\/\"},\"author\":{\"name\":\"Prubs214s\",\"@id\":\"https:\\\/\\\/m2camper.com\\\/pt\\\/#\\\/schema\\\/person\\\/ad1e681f60b2e23c9b88a93e6d3feab3\"},\"headline\":\"Condensaci\u00f3n en camper: por qu\u00e9 ocurre y c\u00f3mo evitarla de verdad\",\"datePublished\":\"2026-04-27T08:21:00+00:00\",\"mainEntityOfPage\":{\"@id\":\"https:\\\/\\\/m2camper.com\\\/condensacion-camper-como-evitarla\\\/\"},\"wordCount\":421,\"image\":{\"@id\":\"https:\\\/\\\/m2camper.com\\\/condensacion-camper-como-evitarla\\\/#primaryimage\"},\"thumbnailUrl\":\"https:\\\/\\\/m2camper.com\\\/wp-content\\\/uploads\\\/2026\\\/04\\\/condensacion-en-una-camper.webp\",\"articleSection\":[\"Aislantes t\u00e9rmicos\",\"camperizaci\u00f3n de furgonetas\"],\"inLanguage\":\"fr-FR\"},{\"@type\":\"WebPage\",\"@id\":\"https:\\\/\\\/m2camper.com\\\/condensacion-camper-como-evitarla\\\/\",\"url\":\"https:\\\/\\\/m2camper.com\\\/condensacion-camper-como-evitarla\\\/\",\"name\":\"Evitar condensaci\u00f3n en camper: gu\u00eda pr\u00e1ctica - M2 Camper | Aislantes t\u00e9rmicos y oscurecedores para campers\",\"isPartOf\":{\"@id\":\"https:\\\/\\\/m2camper.com\\\/pt\\\/#website\"},\"primaryImageOfPage\":{\"@id\":\"https:\\\/\\\/m2camper.com\\\/condensacion-camper-como-evitarla\\\/#primaryimage\"},\"image\":{\"@id\":\"https:\\\/\\\/m2camper.com\\\/condensacion-camper-como-evitarla\\\/#primaryimage\"},\"thumbnailUrl\":\"https:\\\/\\\/m2camper.com\\\/wp-content\\\/uploads\\\/2026\\\/04\\\/condensacion-en-una-camper.webp\",\"datePublished\":\"2026-04-27T08:21:00+00:00\",\"author\":{\"@id\":\"https:\\\/\\\/m2camper.com\\\/pt\\\/#\\\/schema\\\/person\\\/ad1e681f60b2e23c9b88a93e6d3feab3\"},\"description\":\"Aprende por qu\u00e9 aparece la condensaci\u00f3n en tu camper y c\u00f3mo evitarla con soluciones reales. Mejora tu confort y evita humedad.\",\"breadcrumb\":{\"@id\":\"https:\\\/\\\/m2camper.com\\\/condensacion-camper-como-evitarla\\\/#breadcrumb\"},\"inLanguage\":\"fr-FR\",\"potentialAction\":[{\"@type\":\"ReadAction\",\"target\":[\"https:\\\/\\\/m2camper.com\\\/condensacion-camper-como-evitarla\\\/\"]}]},{\"@type\":\"ImageObject\",\"inLanguage\":\"fr-FR\",\"@id\":\"https:\\\/\\\/m2camper.com\\\/condensacion-camper-como-evitarla\\\/#primaryimage\",\"url\":\"https:\\\/\\\/m2camper.com\\\/wp-content\\\/uploads\\\/2026\\\/04\\\/condensacion-en-una-camper.webp\",\"contentUrl\":\"https:\\\/\\\/m2camper.com\\\/wp-content\\\/uploads\\\/2026\\\/04\\\/condensacion-en-una-camper.webp\",\"width\":1080,\"height\":1620,\"caption\":\"humedad interior furgoneta\"},{\"@type\":\"BreadcrumbList\",\"@id\":\"https:\\\/\\\/m2camper.com\\\/condensacion-camper-como-evitarla\\\/#breadcrumb\",\"itemListElement\":[{\"@type\":\"ListItem\",\"position\":1,\"name\":\"Portada\",\"item\":\"https:\\\/\\\/m2camper.com\\\/pt\\\/\"},{\"@type\":\"ListItem\",\"position\":2,\"name\":\"Condensaci\u00f3n en camper: por qu\u00e9 ocurre y c\u00f3mo evitarla de verdad\"}]},{\"@type\":\"WebSite\",\"@id\":\"https:\\\/\\\/m2camper.com\\\/pt\\\/#website\",\"url\":\"https:\\\/\\\/m2camper.com\\\/pt\\\/\",\"name\":\"M2 Campers | Aislantes t\u00e9rmicos y oscurecedores para campers\",\"description\":\"Descubre calidad y confort de nuestros aislantes t\u00e9rmicos oscurecedores y colchones para veh\u00edculos. Optimiza tu experiencia en carretera con M2 Camper.\",\"potentialAction\":[{\"@type\":\"SearchAction\",\"target\":{\"@type\":\"EntryPoint\",\"urlTemplate\":\"https:\\\/\\\/m2camper.com\\\/pt\\\/?s={search_term_string}\"},\"query-input\":{\"@type\":\"PropertyValueSpecification\",\"valueRequired\":true,\"valueName\":\"search_term_string\"}}],\"inLanguage\":\"fr-FR\"},{\"@type\":\"Person\",\"@id\":\"https:\\\/\\\/m2camper.com\\\/pt\\\/#\\\/schema\\\/person\\\/ad1e681f60b2e23c9b88a93e6d3feab3\",\"name\":\"Prubs214s\",\"image\":{\"@type\":\"ImageObject\",\"inLanguage\":\"fr-FR\",\"@id\":\"https:\\\/\\\/secure.gravatar.com\\\/avatar\\\/74706914812c3b473b95a5253410b33d71c50bf5f0d5423532bc0afa617d4316?s=96&d=mm&r=g\",\"url\":\"https:\\\/\\\/secure.gravatar.com\\\/avatar\\\/74706914812c3b473b95a5253410b33d71c50bf5f0d5423532bc0afa617d4316?s=96&d=mm&r=g\",\"contentUrl\":\"https:\\\/\\\/secure.gravatar.com\\\/avatar\\\/74706914812c3b473b95a5253410b33d71c50bf5f0d5423532bc0afa617d4316?s=96&d=mm&r=g\",\"caption\":\"Prubs214s\"},\"url\":\"https:\\\/\\\/m2camper.com\\\/fr\\\/author\\\/prubs214s\\\/\"}]}<\/script>\n<!-- \/ Yoast SEO plugin. -->","yoast_head_json":{"title":"Evitar condensaci\u00f3n en camper: gu\u00eda pr\u00e1ctica - M2 Camper | Aislantes t\u00e9rmicos y oscurecedores para campers","description":"Aprende por qu\u00e9 aparece la condensaci\u00f3n en tu camper y c\u00f3mo evitarla con soluciones reales. Mejora tu confort y evita humedad.","robots":{"index":"index","follow":"follow","max-snippet":"max-snippet:-1","max-image-preview":"max-image-preview:large","max-video-preview":"max-video-preview:-1"},"canonical":"https:\/\/m2camper.com\/fr\/condensacion-camper-como-evitarla\/","og_locale":"fr_FR","og_type":"article","og_title":"Evitar condensaci\u00f3n en camper: gu\u00eda pr\u00e1ctica - M2 Camper | Aislantes t\u00e9rmicos y oscurecedores para campers","og_description":"Aprende por qu\u00e9 aparece la condensaci\u00f3n en tu camper y c\u00f3mo evitarla con soluciones reales. Mejora tu confort y evita humedad.","og_url":"https:\/\/m2camper.com\/fr\/condensacion-camper-como-evitarla\/","og_site_name":"M2 Camper | Aislantes t\u00e9rmicos y oscurecedores para campers","article_published_time":"2026-04-27T08:21:00+00:00","og_image":[{"width":1080,"height":1620,"url":"https:\/\/m2camper.com\/wp-content\/uploads\/2026\/04\/condensacion-en-una-camper.webp","type":"image\/webp"}],"author":"Prubs214s","twitter_card":"summary_large_image","twitter_misc":{"\u00c9crit par":"Prubs214s","Dur\u00e9e de lecture estim\u00e9e":"3 minutes"},"schema":{"@context":"https:\/\/schema.org","@graph":[{"@type":"Article","@id":"https:\/\/m2camper.com\/condensacion-camper-como-evitarla\/#article","isPartOf":{"@id":"https:\/\/m2camper.com\/condensacion-camper-como-evitarla\/"},"author":{"name":"Prubs214s","@id":"https:\/\/m2camper.com\/pt\/#\/schema\/person\/ad1e681f60b2e23c9b88a93e6d3feab3"},"headline":"Condensaci\u00f3n en camper: por qu\u00e9 ocurre y c\u00f3mo evitarla de verdad","datePublished":"2026-04-27T08:21:00+00:00","mainEntityOfPage":{"@id":"https:\/\/m2camper.com\/condensacion-camper-como-evitarla\/"},"wordCount":421,"image":{"@id":"https:\/\/m2camper.com\/condensacion-camper-como-evitarla\/#primaryimage"},"thumbnailUrl":"https:\/\/m2camper.com\/wp-content\/uploads\/2026\/04\/condensacion-en-una-camper.webp","articleSection":["Aislantes t\u00e9rmicos","camperizaci\u00f3n de furgonetas"],"inLanguage":"fr-FR"},{"@type":"WebPage","@id":"https:\/\/m2camper.com\/condensacion-camper-como-evitarla\/","url":"https:\/\/m2camper.com\/condensacion-camper-como-evitarla\/","name":"Evitar condensaci\u00f3n en camper: gu\u00eda pr\u00e1ctica - M2 Camper | Aislantes t\u00e9rmicos y oscurecedores para campers","isPartOf":{"@id":"https:\/\/m2camper.com\/pt\/#website"},"primaryImageOfPage":{"@id":"https:\/\/m2camper.com\/condensacion-camper-como-evitarla\/#primaryimage"},"image":{"@id":"https:\/\/m2camper.com\/condensacion-camper-como-evitarla\/#primaryimage"},"thumbnailUrl":"https:\/\/m2camper.com\/wp-content\/uploads\/2026\/04\/condensacion-en-una-camper.webp","datePublished":"2026-04-27T08:21:00+00:00","author":{"@id":"https:\/\/m2camper.com\/pt\/#\/schema\/person\/ad1e681f60b2e23c9b88a93e6d3feab3"},"description":"Aprende por qu\u00e9 aparece la condensaci\u00f3n en tu camper y c\u00f3mo evitarla con soluciones reales. Mejora tu confort y evita humedad.","breadcrumb":{"@id":"https:\/\/m2camper.com\/condensacion-camper-como-evitarla\/#breadcrumb"},"inLanguage":"fr-FR","potentialAction":[{"@type":"ReadAction","target":["https:\/\/m2camper.com\/condensacion-camper-como-evitarla\/"]}]},{"@type":"ImageObject","inLanguage":"fr-FR","@id":"https:\/\/m2camper.com\/condensacion-camper-como-evitarla\/#primaryimage","url":"https:\/\/m2camper.com\/wp-content\/uploads\/2026\/04\/condensacion-en-una-camper.webp","contentUrl":"https:\/\/m2camper.com\/wp-content\/uploads\/2026\/04\/condensacion-en-una-camper.webp","width":1080,"height":1620,"caption":"humedad interior furgoneta"},{"@type":"BreadcrumbList","@id":"https:\/\/m2camper.com\/condensacion-camper-como-evitarla\/#breadcrumb","itemListElement":[{"@type":"ListItem","position":1,"name":"Portada","item":"https:\/\/m2camper.com\/pt\/"},{"@type":"ListItem","position":2,"name":"Condensaci\u00f3n en camper: por qu\u00e9 ocurre y c\u00f3mo evitarla de verdad"}]},{"@type":"WebSite","@id":"https:\/\/m2camper.com\/pt\/#website","url":"https:\/\/m2camper.com\/pt\/","name":"M2 Campeurs | Isolation thermique et oscurecedores pour les campeurs","description":"D\u00e9couvrez la qualit\u00e9 et le confort de notre isolation thermique oscurecedores et des matelas pour les v\u00e9hicules. Optimiser votre exp\u00e9rience de la route avec M2 camping-car.","potentialAction":[{"@type":"SearchAction","target":{"@type":"EntryPoint","urlTemplate":"https:\/\/m2camper.com\/pt\/?s={search_term_string}"},"query-input":{"@type":"PropertyValueSpecification","valueRequired":true,"valueName":"search_term_string"}}],"inLanguage":"fr-FR"},{"@type":"Person","@id":"https:\/\/m2camper.com\/pt\/#\/schema\/person\/ad1e681f60b2e23c9b88a93e6d3feab3","name":"Prubs214s","image":{"@type":"ImageObject","inLanguage":"fr-FR","@id":"https:\/\/secure.gravatar.com\/avatar\/74706914812c3b473b95a5253410b33d71c50bf5f0d5423532bc0afa617d4316?s=96&d=mm&r=g","url":"https:\/\/secure.gravatar.com\/avatar\/74706914812c3b473b95a5253410b33d71c50bf5f0d5423532bc0afa617d4316?s=96&d=mm&r=g","contentUrl":"https:\/\/secure.gravatar.com\/avatar\/74706914812c3b473b95a5253410b33d71c50bf5f0d5423532bc0afa617d4316?s=96&d=mm&r=g","caption":"Prubs214s"},"url":"https:\/\/m2camper.com\/fr\/author\/prubs214s\/"}]}},"_links":{"self":[{"href":"https:\/\/m2camper.com\/fr\/wp-json\/wp\/v2\/posts\/16985","targetHints":{"allow":["GET"]}}],"collection":[{"href":"https:\/\/m2camper.com\/fr\/wp-json\/wp\/v2\/posts"}],"about":[{"href":"https:\/\/m2camper.com\/fr\/wp-json\/wp\/v2\/types\/post"}],"author":[{"embeddable":true,"href":"https:\/\/m2camper.com\/fr\/wp-json\/wp\/v2\/users\/5741"}],"replies":[{"embeddable":true,"href":"https:\/\/m2camper.com\/fr\/wp-json\/wp\/v2\/comments?post=16985"}],"version-history":[{"count":5,"href":"https:\/\/m2camper.com\/fr\/wp-json\/wp\/v2\/posts\/16985\/revisions"}],"predecessor-version":[{"id":16993,"href":"https:\/\/m2camper.com\/fr\/wp-json\/wp\/v2\/posts\/16985\/revisions\/16993"}],"wp:featuredmedia":[{"embeddable":true,"href":"https:\/\/m2camper.com\/fr\/wp-json\/wp\/v2\/media\/16991"}],"wp:attachment":[{"href":"https:\/\/m2camper.com\/fr\/wp-json\/wp\/v2\/media?parent=16985"}],"wp:term":[{"taxonomy":"category","embeddable":true,"href":"https:\/\/m2camper.com\/fr\/wp-json\/wp\/v2\/categories?post=16985"},{"taxonomy":"post_tag","embeddable":true,"href":"https:\/\/m2camper.com\/fr\/wp-json\/wp\/v2\/tags?post=16985"}],"curies":[{"name":"wp","href":"https:\/\/api.w.org\/{rel}","templated":true}]}}