{"id":14040,"date":"2025-06-20T09:08:23","date_gmt":"2025-06-20T07:08:23","guid":{"rendered":"https:\/\/m2camper.com\/?p=14040"},"modified":"2025-06-23T09:33:05","modified_gmt":"2025-06-23T07:33:05","slug":"isolation-sur-mesure-pour-maisons-bateaux-et-plus-encore-le-confort-thermique-va-au-dela-du-camping-car","status":"publish","type":"post","link":"https:\/\/m2camper.com\/fr\/isolation-sur-mesure-pour-maisons-bateaux-et-plus-encore-le-confort-thermique-va-au-dela-du-camping-car\/","title":{"rendered":"Isolation sur mesure pour maisons, bateaux et plus encore : le confort thermique va au-del\u00e0 du monde du camping-car"},"content":{"rendered":"<h2 class=\"wp-block-heading has-nv-dark-bg-color has-text-color has-link-color wp-elements-bd55eac3c0716ffafefa79888eebdfc6\">Des isolants pour votre confort<\/h2>\n\n\n\n<p class=\"has-nv-dark-bg-color has-text-color has-link-color wp-elements-aa96f9a31f67f0511daa2beaf73f10cf\">Lorsqu&#039;on parle de confort, d&#039;isolation thermique et de protection contre les intemp\u00e9ries, beaucoup pensent uniquement aux maisons et aux camping-cars. Pourtant, de nombreux autres espaces n\u00e9cessitent des solutions efficaces, fonctionnelles et adaptables. Chez M2 Camper, nous les fabriquons depuis des ann\u00e9es. <strong><a href=\"https:\/\/m2camper.com\/fr\/isolateurs\/\">isolateurs<\/a><\/strong> Pour les fourgons et les camping-cars, mais nous concevons \u00e9galement des solutions sur mesure pour les maisons, les petits bateaux, les espaces de travail mobiles et les caravanes, entre autres. Car le confort ne d\u00e9pend pas de la taille, mais de la qualit\u00e9.<\/p>\n\n\n\n<p>L&#039;\u00e9volution de notre exp\u00e9rience dans le secteur des camping-cars nous a amen\u00e9s \u00e0 appliquer ces m\u00eames connaissances techniques et cette approche personnalis\u00e9e \u00e0 d&#039;autres environnements o\u00f9 le contr\u00f4le de la temp\u00e9rature, l&#039;intimit\u00e9 et l&#039;efficacit\u00e9 \u00e9nerg\u00e9tique sont \u00e9galement des priorit\u00e9s. <strong>isolateurs<\/strong> qui fonctionnent vraiment, sont fabriqu\u00e9s sur mesure et r\u00e9sistent aux conditions exigeantes, chez M2 Camper nous avons la solution que vous recherchez.<\/p>\n\n\n<div class=\"wp-block-image\">\n<figure class=\"aligncenter size-large\"><img fetchpriority=\"high\" decoding=\"async\" width=\"1024\" height=\"724\" src=\"https:\/\/m2camper.com\/wp-content\/uploads\/2025\/06\/upcycled-fashion-1024x724.jpg\" alt=\"\" class=\"wp-image-14045\" srcset=\"https:\/\/m2camper.com\/wp-content\/uploads\/2025\/06\/upcycled-fashion-1024x724.jpg 1024w, https:\/\/m2camper.com\/wp-content\/uploads\/2025\/06\/upcycled-fashion-300x212.jpg 300w, https:\/\/m2camper.com\/wp-content\/uploads\/2025\/06\/upcycled-fashion-768x543.jpg 768w, https:\/\/m2camper.com\/wp-content\/uploads\/2025\/06\/upcycled-fashion-1536x1086.jpg 1536w, https:\/\/m2camper.com\/wp-content\/uploads\/2025\/06\/upcycled-fashion-18x12.jpg 18w, https:\/\/m2camper.com\/wp-content\/uploads\/2025\/06\/upcycled-fashion-600x424.jpg 600w, https:\/\/m2camper.com\/wp-content\/uploads\/2025\/06\/upcycled-fashion.jpg 2000w\" sizes=\"(max-width: 1024px) 100vw, 1024px\" \/><\/figure>\n<\/div>\n\n\n<h2 class=\"wp-block-heading has-nv-dark-bg-color has-text-color has-link-color wp-elements-ebbf92d5cb5e4dea2935da36b9f99773\">Isolation de la maison : confort et efficacit\u00e9 \u00e9nerg\u00e9tique de l&#039;int\u00e9rieur<\/h2>\n\n\n\n<p>De plus en plus de personnes se tournent vers des solutions rapides et abordables pour am\u00e9liorer l&#039;isolation de certaines pi\u00e8ces de leur logement, sans n\u00e9cessiter de r\u00e9novations majeures. Des fen\u00eatres mal \u00e9tanches, des plafonds qui fuient ou des murs froids peuvent engendrer inconfort, gaspillage d&#039;\u00e9nergie et probl\u00e8mes de condensation. Dans ces cas, la <strong>isolateurs<\/strong> le sur mesure est une excellente option.<\/p>\n\n\n\n<p>Chez M2 Camper, nous fabriquons <strong>isolateurs <\/strong>Multicouches, faciles \u00e0 installer et tr\u00e8s efficaces, ces produits peuvent \u00eatre plac\u00e9s sur les fen\u00eatres, les portes, les greniers, les sous-sols ou tout autre endroit vuln\u00e9rable de la maison. Ces produits sont compos\u00e9s de mat\u00e9riaux r\u00e9fl\u00e9chissants, de couches thermiques et de pare-vapeur qui agissent comme des boucliers contre les temp\u00e9ratures extr\u00eames, hiver comme \u00e9t\u00e9.<\/p>\n\n\n\n<p>De plus, notre <strong>isolateurs<\/strong> Ils sont con\u00e7us sur mesure pour chaque ouverture ou espace sp\u00e9cifique. Il vous suffit de nous envoyer les mesures ou un gabarit, et nous nous occupons du reste. Ce sont des solutions id\u00e9ales pour les personnes vivant dans des r\u00e9gions aux climats extr\u00eames, pour les r\u00e9sidences secondaires sans climatisation permanente, ou m\u00eame pour les studios professionnels n\u00e9cessitant une stabilit\u00e9 thermique.<\/p>\n\n\n\n<h2 class=\"wp-block-heading has-nv-dark-bg-color has-text-color has-link-color wp-elements-5697bb2dc91f77ff1be065e5eb3d8381\">Isolation pour petits bateaux : confort et protection en haute mer<\/h2>\n\n\n\n<p>Naviguer sur un petit bateau, que ce soit pour le loisir ou le sport, implique une exposition \u00e0 des conditions environnementales changeantes\u00a0: humidit\u00e9, chaleur, rayonnement solaire direct, vent et air salin. Dans ces contextes, <strong>isolateurs<\/strong> Ils jouent un r\u00f4le fondamental pour assurer une temp\u00e9rature int\u00e9rieure ad\u00e9quate, prot\u00e9ger les mat\u00e9riaux int\u00e9rieurs et am\u00e9liorer l&#039;exp\u00e9rience \u00e0 bord.<\/p>\n\n\n\n<p>Chez M2 Camper, nous concevons des isolants thermiques et r\u00e9fl\u00e9chissants pour petits bateaux, adapt\u00e9s aux formes courbes et aux structures irr\u00e9guli\u00e8res que l&#039;on retrouve g\u00e9n\u00e9ralement sur ces embarcations. Nous cr\u00e9ons des pi\u00e8ces sur mesure pour recouvrir les fen\u00eatres, les panneaux, les cloisons et les aires de repos.<\/p>\n\n\n\n<p>Nos mat\u00e9riaux sont con\u00e7us pour r\u00e9sister \u00e0 l&#039;humidit\u00e9 et au milieu marin sans se d\u00e9t\u00e9riorer. En plus de r\u00e9guler la temp\u00e9rature, <strong>isolateurs<\/strong> Ils aident \u00e0 bloquer les rayons UV, \u00e0 prot\u00e9ger les tissus d&#039;ameublement et les meubles et offrent une plus grande intimit\u00e9 lorsque le bateau est amarr\u00e9.<\/p>\n\n\n\n<p>Pour les propri\u00e9taires de voiliers, de bateaux \u00e0 moteur ou de petits bateaux de plaisance, ayant <strong>isolateurs sur mesure<\/strong> Non seulement cela am\u00e9liore le confort, mais cela contribue \u00e9galement \u00e0 maintenir la valeur de votre bateau au fil du temps.<\/p>\n\n\n<div class=\"wp-block-image\">\n<figure class=\"aligncenter size-large\"><img decoding=\"async\" width=\"1024\" height=\"724\" src=\"https:\/\/m2camper.com\/wp-content\/uploads\/2025\/06\/upcycle-fashion-spain-1024x724.jpg\" alt=\"\" class=\"wp-image-14044\" srcset=\"https:\/\/m2camper.com\/wp-content\/uploads\/2025\/06\/upcycle-fashion-spain-1024x724.jpg 1024w, https:\/\/m2camper.com\/wp-content\/uploads\/2025\/06\/upcycle-fashion-spain-300x212.jpg 300w, https:\/\/m2camper.com\/wp-content\/uploads\/2025\/06\/upcycle-fashion-spain-768x543.jpg 768w, https:\/\/m2camper.com\/wp-content\/uploads\/2025\/06\/upcycle-fashion-spain-1536x1086.jpg 1536w, https:\/\/m2camper.com\/wp-content\/uploads\/2025\/06\/upcycle-fashion-spain-18x12.jpg 18w, https:\/\/m2camper.com\/wp-content\/uploads\/2025\/06\/upcycle-fashion-spain-600x424.jpg 600w, https:\/\/m2camper.com\/wp-content\/uploads\/2025\/06\/upcycle-fashion-spain.jpg 2000w\" sizes=\"(max-width: 1024px) 100vw, 1024px\" \/><\/figure>\n<\/div>\n\n\n<h3 class=\"wp-block-heading has-nv-dark-bg-color has-text-color has-link-color wp-elements-cb2a9af304cb1d7095859191ed8d48b9\">Isolation sur mesure pour espaces sp\u00e9ciaux : \u00e0 chaque projet, une solution<\/h3>\n\n\n\n<p>Au fil des ann\u00e9es, chez M2 Camper, nous avons d\u00e9velopp\u00e9 des projets sp\u00e9ciaux dans lesquels notre <strong>isolateurs<\/strong> Ils ont jou\u00e9 un r\u00f4le majeur au-del\u00e0 des environnements conventionnels\u00a0: des caravanes transform\u00e9es en bureaux mobiles aux postes de garde, en passant par les food trucks, les fourgons frigorifiques et les espaces pour foires et expositions.<\/p>\n\n\n\n<p>Dans tous ces cas, le besoin est le m\u00eame : <strong>isoler thermiquement<\/strong> Un espace initialement con\u00e7u pour l&#039;habitation ou le travail, mais d\u00e9sormais utilis\u00e9 comme tel. Notre approche sur mesure nous permet de nous adapter aux besoins techniques de chaque client\u00a0: dimensions sp\u00e9cifiques, formes irr\u00e9guli\u00e8res, combinaisons de mat\u00e9riaux, renforts sp\u00e9cifiques, voire personnalisation esth\u00e9tique.<\/p>\n\n\n\n<p>Nous travaillons avec des mat\u00e9riaux multicouches hautement performants, capables de r\u00e9sister aux temp\u00e9ratures extr\u00eames, de r\u00e9fl\u00e9chir le rayonnement solaire, de bloquer le passage du froid ou de la chaleur et d&#039;agir comme une barri\u00e8re acoustique. De plus, tous nos <strong>isolateurs<\/strong> Ils peuvent \u00eatre facilement pli\u00e9s, transport\u00e9s et stock\u00e9s, ce qui en fait une option tr\u00e8s pratique pour ceux qui ont besoin de solutions temporaires ou mobiles.<\/p>\n\n\n\n<h4 class=\"wp-block-heading has-nv-dark-bg-color has-text-color has-link-color wp-elements-c894d1ab23e84153a1d8889fcc7a961b\">M2 Camper : experts en isolation fonctionnelle et durable pour tout environnement<\/h4>\n\n\n\n<p class=\"has-nv-dark-bg-color has-text-color has-link-color wp-elements-abcc686b68d6fb1f9a2539b026a17682\">Chez M2 Camper, nous pensons que l&#039;isolation thermique n&#039;est pas un simple \u00e9l\u00e9ment\u00a0: elle est un gage de confort, d&#039;efficacit\u00e9 et de durabilit\u00e9 pour tout espace clos. C&#039;est pourquoi nous mettons notre exp\u00e9rience du camping-car au service de tous types de projets, cr\u00e9ant <strong><a href=\"https:\/\/m2camper.com\/fr\/isolateurs\/\">isolateurs<\/a><\/strong> car ils fonctionnent, durent et s&#039;adaptent \u00e0 la r\u00e9alit\u00e9 de chaque client.<\/p>\n\n\n\n<p>Si vous souhaitez am\u00e9liorer le confort thermique de votre maison, prot\u00e9ger l&#039;int\u00e9rieur de votre bateau ou trouver une solution personnalis\u00e9e pour un espace unique, nous pouvons vous aider. Envoyez-nous vos mesures, plans ou id\u00e9es, et nous d\u00e9velopperons un produit durable, l\u00e9ger, facile \u00e0 installer et v\u00e9ritablement efficace.<\/p>\n\n\n\n<p>D\u00e9couvrez avec M2 Camper comment le <strong>isolateurs<\/strong> Une bonne isolation peut transformer n&#039;importe quel espace en un lieu plus confortable, plus performant et plus agr\u00e9able \u00e0 vivre. Car isoler n&#039;est pas forc\u00e9ment compliqu\u00e9\u00a0: il suffit d&#039;\u00eatre bien fait.<\/p>\n\n\n<div class=\"wp-block-image\">\n<figure class=\"aligncenter size-large\"><img decoding=\"async\" width=\"1024\" height=\"768\" src=\"https:\/\/m2camper.com\/wp-content\/uploads\/2025\/06\/20250618_084055-1-1024x768.jpg\" alt=\"\" class=\"wp-image-14041\" srcset=\"https:\/\/m2camper.com\/wp-content\/uploads\/2025\/06\/20250618_084055-1-1024x768.jpg 1024w, https:\/\/m2camper.com\/wp-content\/uploads\/2025\/06\/20250618_084055-1-300x225.jpg 300w, https:\/\/m2camper.com\/wp-content\/uploads\/2025\/06\/20250618_084055-1-768x576.jpg 768w, https:\/\/m2camper.com\/wp-content\/uploads\/2025\/06\/20250618_084055-1-1536x1152.jpg 1536w, https:\/\/m2camper.com\/wp-content\/uploads\/2025\/06\/20250618_084055-1-2048x1536.jpg 2048w, https:\/\/m2camper.com\/wp-content\/uploads\/2025\/06\/20250618_084055-1-16x12.jpg 16w, https:\/\/m2camper.com\/wp-content\/uploads\/2025\/06\/20250618_084055-1-600x450.jpg 600w\" sizes=\"(max-width: 1024px) 100vw, 1024px\" \/><\/figure>\n<\/div>","protected":false},"excerpt":{"rendered":"<p>Aislantes para tu comodidad Cuando hablamos de confort, aislamiento t\u00e9rmico y protecci\u00f3n frente a las inclemencias del clima, muchas personas piensan \u00fanicamente en casas o autocaravanas. Sin embargo, hay muchos m\u00e1s espacios que tambi\u00e9n requieren soluciones eficaces, funcionales y adaptadas. En M2 Camper, llevamos a\u00f1os fabricando aislantes para furgonetas y campers, pero tambi\u00e9n dise\u00f1amos soluciones&hellip;&nbsp;<a href=\"https:\/\/m2camper.com\/fr\/isolation-sur-mesure-pour-maisons-bateaux-et-plus-encore-le-confort-thermique-va-au-dela-du-camping-car\/\" rel=\"bookmark\">En savoir plus &quot;<span class=\"screen-reader-text\">Isolation sur mesure pour maisons, bateaux et plus encore : le confort thermique va au-del\u00e0 du monde du camping-car<\/span><\/a><\/p>","protected":false},"author":5741,"featured_media":10710,"comment_status":"closed","ping_status":"closed","sticky":false,"template":"","format":"standard","meta":{"neve_meta_sidebar":"","neve_meta_container":"","neve_meta_enable_content_width":"","neve_meta_content_width":0,"neve_meta_title_alignment":"","neve_meta_author_avatar":"","neve_post_elements_order":"","neve_meta_disable_header":"","neve_meta_disable_footer":"","neve_meta_disable_title":"","footnotes":""},"categories":[208],"tags":[211],"class_list":["post-14040","post","type-post","status-publish","format-standard","has-post-thumbnail","hentry","category-aislantes-termicos","tag-aislantes"],"yoast_head":"<!-- This site is optimized with the Yoast SEO plugin v27.5 - https:\/\/yoast.com\/product\/yoast-seo-wordpress\/ -->\n<title>Aislantes a medida para viviendas, embarcaciones y m\u00e1s: el confort t\u00e9rmico va m\u00e1s all\u00e1 del mundo camper - M2 Camper | Aislantes t\u00e9rmicos y oscurecedores para campers<\/title>\n<meta name=\"robots\" content=\"index, follow, max-snippet:-1, max-image-preview:large, max-video-preview:-1\" \/>\n<link rel=\"canonical\" href=\"https:\/\/m2camper.com\/fr\/isolation-sur-mesure-pour-maisons-bateaux-et-plus-encore-le-confort-thermique-va-au-dela-du-camping-car\/\" \/>\n<meta property=\"og:locale\" content=\"fr_FR\" \/>\n<meta property=\"og:type\" content=\"article\" \/>\n<meta property=\"og:title\" content=\"Aislantes a medida para viviendas, embarcaciones y m\u00e1s: el confort t\u00e9rmico va m\u00e1s all\u00e1 del mundo camper - M2 Camper | Aislantes t\u00e9rmicos y oscurecedores para campers\" \/>\n<meta property=\"og:description\" content=\"Aislantes para tu comodidad Cuando hablamos de confort, aislamiento t\u00e9rmico y protecci\u00f3n frente a las inclemencias del clima, muchas personas piensan \u00fanicamente en casas o autocaravanas. Sin embargo, hay muchos m\u00e1s espacios que tambi\u00e9n requieren soluciones eficaces, funcionales y adaptadas. En M2 Camper, llevamos a\u00f1os fabricando aislantes para furgonetas y campers, pero tambi\u00e9n dise\u00f1amos soluciones&hellip;&nbsp;Lire la suite &raquo;Aislantes a medida para viviendas, embarcaciones y m\u00e1s: el confort t\u00e9rmico va m\u00e1s all\u00e1 del mundo camper\" \/>\n<meta property=\"og:url\" content=\"https:\/\/m2camper.com\/fr\/isolation-sur-mesure-pour-maisons-bateaux-et-plus-encore-le-confort-thermique-va-au-dela-du-camping-car\/\" \/>\n<meta property=\"og:site_name\" content=\"M2 Camper | Aislantes t\u00e9rmicos y oscurecedores para campers\" \/>\n<meta property=\"article:published_time\" content=\"2025-06-20T07:08:23+00:00\" \/>\n<meta property=\"article:modified_time\" content=\"2025-06-23T07:33:05+00:00\" \/>\n<meta property=\"og:image\" content=\"https:\/\/m2camper.com\/wp-content\/uploads\/2025\/01\/60c9aa_c12901196b09471aa1770a20a0d35485mv2-1.webp\" \/>\n\t<meta property=\"og:image:width\" content=\"980\" \/>\n\t<meta property=\"og:image:height\" content=\"1307\" \/>\n\t<meta property=\"og:image:type\" content=\"image\/webp\" \/>\n<meta name=\"author\" content=\"Prubs214s\" \/>\n<meta name=\"twitter:card\" content=\"summary_large_image\" \/>\n<meta name=\"twitter:label1\" content=\"\u00c9crit par\" \/>\n\t<meta name=\"twitter:data1\" content=\"Prubs214s\" \/>\n\t<meta name=\"twitter:label2\" content=\"Dur\u00e9e de lecture estim\u00e9e\" \/>\n\t<meta name=\"twitter:data2\" content=\"5 minutes\" \/>\n<script type=\"application\/ld+json\" class=\"yoast-schema-graph\">{\"@context\":\"https:\\\/\\\/schema.org\",\"@graph\":[{\"@type\":\"Article\",\"@id\":\"https:\\\/\\\/m2camper.com\\\/aislantes-a-medida-para-viviendas-embarcaciones-y-mas-el-confort-termico-va-mas-alla-del-mundo-camper\\\/#article\",\"isPartOf\":{\"@id\":\"https:\\\/\\\/m2camper.com\\\/aislantes-a-medida-para-viviendas-embarcaciones-y-mas-el-confort-termico-va-mas-alla-del-mundo-camper\\\/\"},\"author\":{\"name\":\"Prubs214s\",\"@id\":\"https:\\\/\\\/m2camper.com\\\/pt\\\/#\\\/schema\\\/person\\\/ad1e681f60b2e23c9b88a93e6d3feab3\"},\"headline\":\"Aislantes a medida para viviendas, embarcaciones y m\u00e1s: el confort t\u00e9rmico va m\u00e1s all\u00e1 del mundo camper\",\"datePublished\":\"2025-06-20T07:08:23+00:00\",\"dateModified\":\"2025-06-23T07:33:05+00:00\",\"mainEntityOfPage\":{\"@id\":\"https:\\\/\\\/m2camper.com\\\/aislantes-a-medida-para-viviendas-embarcaciones-y-mas-el-confort-termico-va-mas-alla-del-mundo-camper\\\/\"},\"wordCount\":903,\"image\":{\"@id\":\"https:\\\/\\\/m2camper.com\\\/aislantes-a-medida-para-viviendas-embarcaciones-y-mas-el-confort-termico-va-mas-alla-del-mundo-camper\\\/#primaryimage\"},\"thumbnailUrl\":\"https:\\\/\\\/m2camper.com\\\/wp-content\\\/uploads\\\/2025\\\/01\\\/60c9aa_c12901196b09471aa1770a20a0d35485mv2-1.webp\",\"keywords\":[\"aislantes\"],\"articleSection\":[\"Aislantes t\u00e9rmicos\"],\"inLanguage\":\"fr-FR\"},{\"@type\":\"WebPage\",\"@id\":\"https:\\\/\\\/m2camper.com\\\/aislantes-a-medida-para-viviendas-embarcaciones-y-mas-el-confort-termico-va-mas-alla-del-mundo-camper\\\/\",\"url\":\"https:\\\/\\\/m2camper.com\\\/aislantes-a-medida-para-viviendas-embarcaciones-y-mas-el-confort-termico-va-mas-alla-del-mundo-camper\\\/\",\"name\":\"Aislantes a medida para viviendas, embarcaciones y m\u00e1s: el confort t\u00e9rmico va m\u00e1s all\u00e1 del mundo camper - M2 Camper | Aislantes t\u00e9rmicos y oscurecedores para campers\",\"isPartOf\":{\"@id\":\"https:\\\/\\\/m2camper.com\\\/pt\\\/#website\"},\"primaryImageOfPage\":{\"@id\":\"https:\\\/\\\/m2camper.com\\\/aislantes-a-medida-para-viviendas-embarcaciones-y-mas-el-confort-termico-va-mas-alla-del-mundo-camper\\\/#primaryimage\"},\"image\":{\"@id\":\"https:\\\/\\\/m2camper.com\\\/aislantes-a-medida-para-viviendas-embarcaciones-y-mas-el-confort-termico-va-mas-alla-del-mundo-camper\\\/#primaryimage\"},\"thumbnailUrl\":\"https:\\\/\\\/m2camper.com\\\/wp-content\\\/uploads\\\/2025\\\/01\\\/60c9aa_c12901196b09471aa1770a20a0d35485mv2-1.webp\",\"datePublished\":\"2025-06-20T07:08:23+00:00\",\"dateModified\":\"2025-06-23T07:33:05+00:00\",\"author\":{\"@id\":\"https:\\\/\\\/m2camper.com\\\/pt\\\/#\\\/schema\\\/person\\\/ad1e681f60b2e23c9b88a93e6d3feab3\"},\"breadcrumb\":{\"@id\":\"https:\\\/\\\/m2camper.com\\\/aislantes-a-medida-para-viviendas-embarcaciones-y-mas-el-confort-termico-va-mas-alla-del-mundo-camper\\\/#breadcrumb\"},\"inLanguage\":\"fr-FR\",\"potentialAction\":[{\"@type\":\"ReadAction\",\"target\":[\"https:\\\/\\\/m2camper.com\\\/aislantes-a-medida-para-viviendas-embarcaciones-y-mas-el-confort-termico-va-mas-alla-del-mundo-camper\\\/\"]}]},{\"@type\":\"ImageObject\",\"inLanguage\":\"fr-FR\",\"@id\":\"https:\\\/\\\/m2camper.com\\\/aislantes-a-medida-para-viviendas-embarcaciones-y-mas-el-confort-termico-va-mas-alla-del-mundo-camper\\\/#primaryimage\",\"url\":\"https:\\\/\\\/m2camper.com\\\/wp-content\\\/uploads\\\/2025\\\/01\\\/60c9aa_c12901196b09471aa1770a20a0d35485mv2-1.webp\",\"contentUrl\":\"https:\\\/\\\/m2camper.com\\\/wp-content\\\/uploads\\\/2025\\\/01\\\/60c9aa_c12901196b09471aa1770a20a0d35485mv2-1.webp\",\"width\":980,\"height\":1307},{\"@type\":\"BreadcrumbList\",\"@id\":\"https:\\\/\\\/m2camper.com\\\/aislantes-a-medida-para-viviendas-embarcaciones-y-mas-el-confort-termico-va-mas-alla-del-mundo-camper\\\/#breadcrumb\",\"itemListElement\":[{\"@type\":\"ListItem\",\"position\":1,\"name\":\"Portada\",\"item\":\"https:\\\/\\\/m2camper.com\\\/pt\\\/\"},{\"@type\":\"ListItem\",\"position\":2,\"name\":\"Aislantes a medida para viviendas, embarcaciones y m\u00e1s: el confort t\u00e9rmico va m\u00e1s all\u00e1 del mundo camper\"}]},{\"@type\":\"WebSite\",\"@id\":\"https:\\\/\\\/m2camper.com\\\/pt\\\/#website\",\"url\":\"https:\\\/\\\/m2camper.com\\\/pt\\\/\",\"name\":\"M2 Campers | Aislantes t\u00e9rmicos y oscurecedores para campers\",\"description\":\"Descubre calidad y confort de nuestros aislantes t\u00e9rmicos oscurecedores y colchones para veh\u00edculos. Optimiza tu experiencia en carretera con M2 Camper.\",\"potentialAction\":[{\"@type\":\"SearchAction\",\"target\":{\"@type\":\"EntryPoint\",\"urlTemplate\":\"https:\\\/\\\/m2camper.com\\\/pt\\\/?s={search_term_string}\"},\"query-input\":{\"@type\":\"PropertyValueSpecification\",\"valueRequired\":true,\"valueName\":\"search_term_string\"}}],\"inLanguage\":\"fr-FR\"},{\"@type\":\"Person\",\"@id\":\"https:\\\/\\\/m2camper.com\\\/pt\\\/#\\\/schema\\\/person\\\/ad1e681f60b2e23c9b88a93e6d3feab3\",\"name\":\"Prubs214s\",\"image\":{\"@type\":\"ImageObject\",\"inLanguage\":\"fr-FR\",\"@id\":\"https:\\\/\\\/secure.gravatar.com\\\/avatar\\\/74706914812c3b473b95a5253410b33d71c50bf5f0d5423532bc0afa617d4316?s=96&d=mm&r=g\",\"url\":\"https:\\\/\\\/secure.gravatar.com\\\/avatar\\\/74706914812c3b473b95a5253410b33d71c50bf5f0d5423532bc0afa617d4316?s=96&d=mm&r=g\",\"contentUrl\":\"https:\\\/\\\/secure.gravatar.com\\\/avatar\\\/74706914812c3b473b95a5253410b33d71c50bf5f0d5423532bc0afa617d4316?s=96&d=mm&r=g\",\"caption\":\"Prubs214s\"},\"url\":\"https:\\\/\\\/m2camper.com\\\/fr\\\/author\\\/prubs214s\\\/\"}]}<\/script>\n<!-- \/ Yoast SEO plugin. -->","yoast_head_json":{"title":"Isolation sur mesure pour maisons, bateaux et plus encore\u00a0: le confort thermique au-del\u00e0 du camping-car - M2 Camper | Isolation thermique et occultation pour camping-cars","robots":{"index":"index","follow":"follow","max-snippet":"max-snippet:-1","max-image-preview":"max-image-preview:large","max-video-preview":"max-video-preview:-1"},"canonical":"https:\/\/m2camper.com\/fr\/isolation-sur-mesure-pour-maisons-bateaux-et-plus-encore-le-confort-thermique-va-au-dela-du-camping-car\/","og_locale":"fr_FR","og_type":"article","og_title":"Aislantes a medida para viviendas, embarcaciones y m\u00e1s: el confort t\u00e9rmico va m\u00e1s all\u00e1 del mundo camper - M2 Camper | Aislantes t\u00e9rmicos y oscurecedores para campers","og_description":"Aislantes para tu comodidad Cuando hablamos de confort, aislamiento t\u00e9rmico y protecci\u00f3n frente a las inclemencias del clima, muchas personas piensan \u00fanicamente en casas o autocaravanas. Sin embargo, hay muchos m\u00e1s espacios que tambi\u00e9n requieren soluciones eficaces, funcionales y adaptadas. En M2 Camper, llevamos a\u00f1os fabricando aislantes para furgonetas y campers, pero tambi\u00e9n dise\u00f1amos soluciones&hellip;&nbsp;Lire la suite &raquo;Aislantes a medida para viviendas, embarcaciones y m\u00e1s: el confort t\u00e9rmico va m\u00e1s all\u00e1 del mundo camper","og_url":"https:\/\/m2camper.com\/fr\/isolation-sur-mesure-pour-maisons-bateaux-et-plus-encore-le-confort-thermique-va-au-dela-du-camping-car\/","og_site_name":"M2 Camper | Aislantes t\u00e9rmicos y oscurecedores para campers","article_published_time":"2025-06-20T07:08:23+00:00","article_modified_time":"2025-06-23T07:33:05+00:00","og_image":[{"width":980,"height":1307,"url":"https:\/\/m2camper.com\/wp-content\/uploads\/2025\/01\/60c9aa_c12901196b09471aa1770a20a0d35485mv2-1.webp","type":"image\/webp"}],"author":"Prubs214s","twitter_card":"summary_large_image","twitter_misc":{"\u00c9crit par":"Prubs214s","Dur\u00e9e de lecture estim\u00e9e":"5 minutes"},"schema":{"@context":"https:\/\/schema.org","@graph":[{"@type":"Article","@id":"https:\/\/m2camper.com\/aislantes-a-medida-para-viviendas-embarcaciones-y-mas-el-confort-termico-va-mas-alla-del-mundo-camper\/#article","isPartOf":{"@id":"https:\/\/m2camper.com\/aislantes-a-medida-para-viviendas-embarcaciones-y-mas-el-confort-termico-va-mas-alla-del-mundo-camper\/"},"author":{"name":"Prubs214s","@id":"https:\/\/m2camper.com\/pt\/#\/schema\/person\/ad1e681f60b2e23c9b88a93e6d3feab3"},"headline":"Aislantes a medida para viviendas, embarcaciones y m\u00e1s: el confort t\u00e9rmico va m\u00e1s all\u00e1 del mundo camper","datePublished":"2025-06-20T07:08:23+00:00","dateModified":"2025-06-23T07:33:05+00:00","mainEntityOfPage":{"@id":"https:\/\/m2camper.com\/aislantes-a-medida-para-viviendas-embarcaciones-y-mas-el-confort-termico-va-mas-alla-del-mundo-camper\/"},"wordCount":903,"image":{"@id":"https:\/\/m2camper.com\/aislantes-a-medida-para-viviendas-embarcaciones-y-mas-el-confort-termico-va-mas-alla-del-mundo-camper\/#primaryimage"},"thumbnailUrl":"https:\/\/m2camper.com\/wp-content\/uploads\/2025\/01\/60c9aa_c12901196b09471aa1770a20a0d35485mv2-1.webp","keywords":["aislantes"],"articleSection":["Aislantes t\u00e9rmicos"],"inLanguage":"fr-FR"},{"@type":"WebPage","@id":"https:\/\/m2camper.com\/aislantes-a-medida-para-viviendas-embarcaciones-y-mas-el-confort-termico-va-mas-alla-del-mundo-camper\/","url":"https:\/\/m2camper.com\/aislantes-a-medida-para-viviendas-embarcaciones-y-mas-el-confort-termico-va-mas-alla-del-mundo-camper\/","name":"Isolation sur mesure pour maisons, bateaux et plus encore\u00a0: le confort thermique au-del\u00e0 du camping-car - M2 Camper | Isolation thermique et occultation pour camping-cars","isPartOf":{"@id":"https:\/\/m2camper.com\/pt\/#website"},"primaryImageOfPage":{"@id":"https:\/\/m2camper.com\/aislantes-a-medida-para-viviendas-embarcaciones-y-mas-el-confort-termico-va-mas-alla-del-mundo-camper\/#primaryimage"},"image":{"@id":"https:\/\/m2camper.com\/aislantes-a-medida-para-viviendas-embarcaciones-y-mas-el-confort-termico-va-mas-alla-del-mundo-camper\/#primaryimage"},"thumbnailUrl":"https:\/\/m2camper.com\/wp-content\/uploads\/2025\/01\/60c9aa_c12901196b09471aa1770a20a0d35485mv2-1.webp","datePublished":"2025-06-20T07:08:23+00:00","dateModified":"2025-06-23T07:33:05+00:00","author":{"@id":"https:\/\/m2camper.com\/pt\/#\/schema\/person\/ad1e681f60b2e23c9b88a93e6d3feab3"},"breadcrumb":{"@id":"https:\/\/m2camper.com\/aislantes-a-medida-para-viviendas-embarcaciones-y-mas-el-confort-termico-va-mas-alla-del-mundo-camper\/#breadcrumb"},"inLanguage":"fr-FR","potentialAction":[{"@type":"ReadAction","target":["https:\/\/m2camper.com\/aislantes-a-medida-para-viviendas-embarcaciones-y-mas-el-confort-termico-va-mas-alla-del-mundo-camper\/"]}]},{"@type":"ImageObject","inLanguage":"fr-FR","@id":"https:\/\/m2camper.com\/aislantes-a-medida-para-viviendas-embarcaciones-y-mas-el-confort-termico-va-mas-alla-del-mundo-camper\/#primaryimage","url":"https:\/\/m2camper.com\/wp-content\/uploads\/2025\/01\/60c9aa_c12901196b09471aa1770a20a0d35485mv2-1.webp","contentUrl":"https:\/\/m2camper.com\/wp-content\/uploads\/2025\/01\/60c9aa_c12901196b09471aa1770a20a0d35485mv2-1.webp","width":980,"height":1307},{"@type":"BreadcrumbList","@id":"https:\/\/m2camper.com\/aislantes-a-medida-para-viviendas-embarcaciones-y-mas-el-confort-termico-va-mas-alla-del-mundo-camper\/#breadcrumb","itemListElement":[{"@type":"ListItem","position":1,"name":"Portada","item":"https:\/\/m2camper.com\/pt\/"},{"@type":"ListItem","position":2,"name":"Aislantes a medida para viviendas, embarcaciones y m\u00e1s: el confort t\u00e9rmico va m\u00e1s all\u00e1 del mundo camper"}]},{"@type":"WebSite","@id":"https:\/\/m2camper.com\/pt\/#website","url":"https:\/\/m2camper.com\/pt\/","name":"M2 Campeurs | Isolation thermique et oscurecedores pour les campeurs","description":"D\u00e9couvrez la qualit\u00e9 et le confort de notre isolation thermique oscurecedores et des matelas pour les v\u00e9hicules. Optimiser votre exp\u00e9rience de la route avec M2 camping-car.","potentialAction":[{"@type":"SearchAction","target":{"@type":"EntryPoint","urlTemplate":"https:\/\/m2camper.com\/pt\/?s={search_term_string}"},"query-input":{"@type":"PropertyValueSpecification","valueRequired":true,"valueName":"search_term_string"}}],"inLanguage":"fr-FR"},{"@type":"Person","@id":"https:\/\/m2camper.com\/pt\/#\/schema\/person\/ad1e681f60b2e23c9b88a93e6d3feab3","name":"Prubs214s","image":{"@type":"ImageObject","inLanguage":"fr-FR","@id":"https:\/\/secure.gravatar.com\/avatar\/74706914812c3b473b95a5253410b33d71c50bf5f0d5423532bc0afa617d4316?s=96&d=mm&r=g","url":"https:\/\/secure.gravatar.com\/avatar\/74706914812c3b473b95a5253410b33d71c50bf5f0d5423532bc0afa617d4316?s=96&d=mm&r=g","contentUrl":"https:\/\/secure.gravatar.com\/avatar\/74706914812c3b473b95a5253410b33d71c50bf5f0d5423532bc0afa617d4316?s=96&d=mm&r=g","caption":"Prubs214s"},"url":"https:\/\/m2camper.com\/fr\/author\/prubs214s\/"}]}},"_links":{"self":[{"href":"https:\/\/m2camper.com\/fr\/wp-json\/wp\/v2\/posts\/14040","targetHints":{"allow":["GET"]}}],"collection":[{"href":"https:\/\/m2camper.com\/fr\/wp-json\/wp\/v2\/posts"}],"about":[{"href":"https:\/\/m2camper.com\/fr\/wp-json\/wp\/v2\/types\/post"}],"author":[{"embeddable":true,"href":"https:\/\/m2camper.com\/fr\/wp-json\/wp\/v2\/users\/5741"}],"replies":[{"embeddable":true,"href":"https:\/\/m2camper.com\/fr\/wp-json\/wp\/v2\/comments?post=14040"}],"version-history":[{"count":2,"href":"https:\/\/m2camper.com\/fr\/wp-json\/wp\/v2\/posts\/14040\/revisions"}],"predecessor-version":[{"id":14047,"href":"https:\/\/m2camper.com\/fr\/wp-json\/wp\/v2\/posts\/14040\/revisions\/14047"}],"wp:featuredmedia":[{"embeddable":true,"href":"https:\/\/m2camper.com\/fr\/wp-json\/wp\/v2\/media\/10710"}],"wp:attachment":[{"href":"https:\/\/m2camper.com\/fr\/wp-json\/wp\/v2\/media?parent=14040"}],"wp:term":[{"taxonomy":"category","embeddable":true,"href":"https:\/\/m2camper.com\/fr\/wp-json\/wp\/v2\/categories?post=14040"},{"taxonomy":"post_tag","embeddable":true,"href":"https:\/\/m2camper.com\/fr\/wp-json\/wp\/v2\/tags?post=14040"}],"curies":[{"name":"wp","href":"https:\/\/api.w.org\/{rel}","templated":true}]}}