{"id":14035,"date":"2025-06-23T09:04:34","date_gmt":"2025-06-23T07:04:34","guid":{"rendered":"https:\/\/m2camper.com\/?p=14035"},"modified":"2025-06-23T09:06:03","modified_gmt":"2025-06-23T07:06:03","slug":"isolation-thermique-pour-campeurs-confort-economies-et-protection-a-chaque-voyage","status":"publish","type":"post","link":"https:\/\/m2camper.com\/fr\/isolation-thermique-pour-campeurs-confort-economies-et-protection-a-chaque-voyage\/","title":{"rendered":"Isolation thermique pour campeurs : confort, \u00e9conomies et protection \u00e0 chaque voyage"},"content":{"rendered":"<p><\/p>\n\n\n\n<h4 class=\"wp-block-heading has-nv-dark-bg-color has-text-color has-link-color wp-elements-2ae34f0cb9b18e504d1918b02183f9c3\"><strong>Isolation thermique pour camping-cars : des solutions sur mesure pour la vie sur roues<\/strong><\/h4>\n\n\n\n<p class=\"has-nv-dark-bg-color has-text-color has-link-color wp-elements-37560a73c73a22ba89f70fdbf88959df\">Voyager en camping-car n&#039;est pas seulement un moyen de transport\u00a0; c&#039;est un art de vivre. Et comme tout mode de vie, cela exige une pr\u00e9paration minutieuse, un \u00e9quipement de qualit\u00e9 et, surtout, du confort. L&#039;un des \u00e9l\u00e9ments cl\u00e9s pour une exp\u00e9rience v\u00e9ritablement confortable est de disposer d&#039;un \u00e9quipement adapt\u00e9. <a href=\"https:\/\/m2camper.com\/fr\/isolateurs\/\"><strong>isolation thermique pour camping-cars<\/strong> <\/a>Con\u00e7us sur mesure. Loin d&#039;\u00eatre un accessoire optionnel, ces isolants am\u00e9liorent consid\u00e9rablement l&#039;habitabilit\u00e9 du v\u00e9hicule, notamment lorsque les conditions m\u00e9t\u00e9orologiques deviennent extr\u00eames.<\/p>\n\n\n\n<p>Chez M2 Camper, nous d\u00e9veloppons depuis des ann\u00e9es des solutions techniques con\u00e7ues pour optimiser le confort thermique \u00e0 l&#039;int\u00e9rieur de tout type de camping-car. Nous fabriquons des isolations thermiques sur mesure pour tous types de v\u00e9hicules, en prenant soin de chaque d\u00e9tail pour garantir une exp\u00e9rience efficace, durable et personnalis\u00e9e. Si vous envisagez de transformer votre fourgon ou d&#039;am\u00e9liorer votre syst\u00e8me d&#039;isolation actuel, voici pourquoi nos produits peuvent r\u00e9volutionner votre fa\u00e7on de voyager.<\/p>\n\n\n<div class=\"wp-block-image\">\n<figure class=\"aligncenter size-full\"><img fetchpriority=\"high\" decoding=\"async\" width=\"454\" height=\"341\" src=\"https:\/\/m2camper.com\/wp-content\/uploads\/2025\/02\/60c9aa_2385c1dfe64746ae84947b5e225dc513mv2.webp\" alt=\"\" class=\"wp-image-11567\" srcset=\"https:\/\/m2camper.com\/wp-content\/uploads\/2025\/02\/60c9aa_2385c1dfe64746ae84947b5e225dc513mv2.webp 454w, https:\/\/m2camper.com\/wp-content\/uploads\/2025\/02\/60c9aa_2385c1dfe64746ae84947b5e225dc513mv2-300x225.webp 300w\" sizes=\"(max-width: 454px) 100vw, 454px\" \/><\/figure>\n<\/div>\n\n\n<h4 class=\"wp-block-heading has-nv-dark-bg-color has-text-color has-link-color wp-elements-fb707f6c4cda349f90e5250ba78eefa0\"><strong>Pourquoi choisir une isolation thermique sur mesure pour camping-car ?<\/strong><\/h4>\n\n\n\n<p>L\u2019objectif principal de la <strong>isolation thermique pour camping-cars<\/strong> Ils stabilisent la temp\u00e9rature int\u00e9rieure du v\u00e9hicule en toute saison. En \u00e9t\u00e9, ils emp\u00eachent la chaleur de p\u00e9n\u00e9trer par les vitres, le pare-brise et autres surfaces expos\u00e9es au soleil, r\u00e9duisant ainsi l&#039;effet de serre. En hiver, ils agissent comme une barri\u00e8re thermique, contribuant \u00e0 retenir la chaleur g\u00e9n\u00e9r\u00e9e \u00e0 l&#039;int\u00e9rieur et \u00e0 minimiser les pertes d&#039;\u00e9nergie.<\/p>\n\n\n\n<p>En plus de leur capacit\u00e9 thermique, les isolants <strong>r\u00e9duire la condensation<\/strong>Ils offrent une plus grande intimit\u00e9 et r\u00e9duisent la quantit\u00e9 de lumi\u00e8re ext\u00e9rieure entrante. Tout cela se traduit par un meilleur sommeil, une meilleure efficacit\u00e9 \u00e9nerg\u00e9tique et un confort accru lors de l&#039;utilisation du v\u00e9hicule la nuit ou pendant les p\u00e9riodes de repos.<\/p>\n\n\n\n<p>Un autre aspect cl\u00e9 est la r\u00e9sistance et la durabilit\u00e9. Chez M2 Camper, nous fabriquons notre isolation avec des mat\u00e9riaux multicouches de haute qualit\u00e9, combinant des feuilles r\u00e9fl\u00e9chissantes, des couches thermiques et des barri\u00e8res contre le rayonnement solaire. Chaque pi\u00e8ce est dot\u00e9e de bords thermosoud\u00e9s, garantissant une plus grande durabilit\u00e9, pr\u00e9venant l&#039;effilochage et offrant une structure plus robuste et professionnelle.<\/p>\n\n\n\n<p>Il est important de noter que notre isolant n&#039;est ni lavable ni imperm\u00e9able. Bien qu&#039;il puisse \u00eatre nettoy\u00e9 superficiellement avec un chiffon sec ou l\u00e9g\u00e8rement humide, il ne doit pas \u00eatre immerg\u00e9 ni lav\u00e9 au jet haute pression, car du liquide pourrait s&#039;infiltrer entre les couches int\u00e9rieures et emp\u00eacher un s\u00e9chage complet. Par cons\u00e9quent, nous recommandons un nettoyage localis\u00e9, un nettoyage doux et une exposition directe \u00e0 l&#039;humidit\u00e9.<\/p>\n\n\n<div class=\"wp-block-image\">\n<figure class=\"aligncenter size-full\"><img decoding=\"async\" width=\"454\" height=\"341\" src=\"https:\/\/m2camper.com\/wp-content\/uploads\/2025\/02\/60c9aa_cfb5dadbb25f4de0ab2e6a577605f3bemv2.webp\" alt=\"\" class=\"wp-image-11579\" srcset=\"https:\/\/m2camper.com\/wp-content\/uploads\/2025\/02\/60c9aa_cfb5dadbb25f4de0ab2e6a577605f3bemv2.webp 454w, https:\/\/m2camper.com\/wp-content\/uploads\/2025\/02\/60c9aa_cfb5dadbb25f4de0ab2e6a577605f3bemv2-300x225.webp 300w\" sizes=\"(max-width: 454px) 100vw, 454px\" \/><\/figure>\n<\/div>\n\n\n<h4 class=\"wp-block-heading has-nv-dark-bg-color has-text-color has-link-color wp-elements-e4dc50ac2d0fed34c5f821a3706d64a5\"><strong>Adaptabilit\u00e9, pr\u00e9cision et mat\u00e9riaux techniques : la proposition M2 Camper<\/strong><\/h4>\n\n\n\n<p>Chaque camping-car est unique, c&#039;est pourquoi notre <strong>isolants thermiques<\/strong> Ils sont fabriqu\u00e9s exclusivement sur mesure. Nous n&#039;utilisons pas de formats universels. Nous travaillons \u00e0 partir des dimensions de votre v\u00e9hicule, en nous adaptant \u00e0 chaque fen\u00eatre, hayon, lanterneau ou vitre lat\u00e9rale. Ainsi, nous obtenons une couverture pr\u00e9cise et sans faille et optimisons les performances thermiques et visuelles de chaque pi\u00e8ce.<\/p>\n\n\n\n<p>Nos mod\u00e8les sont con\u00e7us pour se plier et se ranger facilement, occupant ainsi peu de place lorsqu&#039;ils ne sont pas utilis\u00e9s. Nous proposons \u00e9galement des housses de transport et de rangement, particuli\u00e8rement utiles lors de d\u00e9m\u00e9nagements fr\u00e9quents.<\/p>\n\n\n\n<p>Dans notre catalogue, vous trouverez des solutions sp\u00e9cifiques pour pare-brise, fen\u00eatres coulissantes, toits relevables, portes arri\u00e8re et toute surface vitr\u00e9e n\u00e9cessitant une isolation efficace. Si votre mod\u00e8le ne fait pas partie des mod\u00e8les standard, aucun probl\u00e8me\u00a0: envoyez-nous simplement un gabarit ou les dimensions exactes, et nous le fabriquerons selon vos sp\u00e9cifications.<\/p>\n\n\n\n<p>Nous n&#039;utilisons ni fermetures \u00e9clair, ni velcro, ni clips amovibles, pr\u00e9f\u00e9rant des structures continues et robustes qui garantissent une durabilit\u00e9 accrue et une utilisation facile, sans points faibles. Notre priorit\u00e9 est de proposer des produits fonctionnels et durables qui s&#039;int\u00e8grent harmonieusement \u00e0 l&#039;int\u00e9rieur de votre camping-car.<\/p>\n\n\n\n<h4 class=\"wp-block-heading has-nv-dark-bg-color has-text-color has-link-color wp-elements-21ce4dd89c05282b4cbcebf7286f36dd\">Plus que du confort : un investissement dans l&#039;efficacit\u00e9 et le bien-\u00eatre<\/h4>\n\n\n\n<p class=\"has-nv-dark-bg-color has-text-color has-link-color wp-elements-4973416c124bad940da035159d9b8d1b\">Investir dans <strong><a href=\"https:\/\/m2camper.com\/fr\/isolateurs\/\">isolation thermique pour camping-cars<\/a><\/strong> C&#039;est une question d&#039;efficacit\u00e9, de d\u00e9tente et de protection \u00e0 long terme. En r\u00e9duisant le besoin de chauffage ou de climatisation, vous r\u00e9duisez \u00e9galement votre consommation d&#039;\u00e9nergie ou de gaz, ce qui est essentiel pour ceux qui voyagent de mani\u00e8re autonome et souhaitent minimiser leur impact environnemental.<\/p>\n\n\n\n<p>De plus, les isolants prot\u00e8gent l&#039;int\u00e9rieur du v\u00e9hicule, ses garnitures et ses mat\u00e9riaux en bloquant les rayons UV et en pr\u00e9venant l&#039;usure pr\u00e9matur\u00e9e due \u00e0 l&#039;exposition au soleil. Ils contribuent \u00e9galement \u00e0 maintenir un int\u00e9rieur propre et ordonn\u00e9, notamment lorsqu&#039;ils sont associ\u00e9s \u00e0 des solutions de rangement efficaces.<\/p>\n\n\n\n<p>Nos clients les utilisent non seulement dans les camping-cars, mais aussi dans les petits bateaux, les cabines mobiles, les studios mobiles et m\u00eame les habitations situ\u00e9es dans des r\u00e9gions aux conditions thermiques d\u00e9favorables. La polyvalence de ces isolants leur permet de s&#039;adapter \u00e0 diff\u00e9rents environnements et besoins.<\/p>\n\n\n<div class=\"wp-block-image\">\n<figure class=\"aligncenter size-full\"><img decoding=\"async\" width=\"480\" height=\"480\" src=\"https:\/\/m2camper.com\/wp-content\/uploads\/2025\/01\/60c9aa_8a5b79fb19e44ac38c87d74e075dbf3amv2.jpg\" alt=\"\" class=\"wp-image-11243\" srcset=\"https:\/\/m2camper.com\/wp-content\/uploads\/2025\/01\/60c9aa_8a5b79fb19e44ac38c87d74e075dbf3amv2.jpg 480w, https:\/\/m2camper.com\/wp-content\/uploads\/2025\/01\/60c9aa_8a5b79fb19e44ac38c87d74e075dbf3amv2-300x300.jpg 300w, https:\/\/m2camper.com\/wp-content\/uploads\/2025\/01\/60c9aa_8a5b79fb19e44ac38c87d74e075dbf3amv2-150x150.jpg 150w, https:\/\/m2camper.com\/wp-content\/uploads\/2025\/01\/60c9aa_8a5b79fb19e44ac38c87d74e075dbf3amv2-100x100.jpg 100w\" sizes=\"(max-width: 480px) 100vw, 480px\" \/><\/figure>\n<\/div>","protected":false},"excerpt":{"rendered":"<p>Aislantes t\u00e9rmicos para camper: soluciones a medida para una vida sobre ruedas Viajar en camper no es solo una forma de moverse, es una manera de vivir. Y como todo estilo de vida, requiere una preparaci\u00f3n cuidadosa, equipamiento de calidad y, ante todo, comodidad. Uno de los elementos clave para disfrutar de una experiencia realmente&hellip;&nbsp;<a href=\"https:\/\/m2camper.com\/fr\/isolation-thermique-pour-campeurs-confort-economies-et-protection-a-chaque-voyage\/\" rel=\"bookmark\">En savoir plus &quot;<span class=\"screen-reader-text\">Isolation thermique pour campeurs : confort, \u00e9conomies et protection \u00e0 chaque voyage<\/span><\/a><\/p>","protected":false},"author":5741,"featured_media":12259,"comment_status":"closed","ping_status":"closed","sticky":false,"template":"","format":"standard","meta":{"neve_meta_sidebar":"","neve_meta_container":"","neve_meta_enable_content_width":"","neve_meta_content_width":0,"neve_meta_title_alignment":"","neve_meta_author_avatar":"","neve_post_elements_order":"","neve_meta_disable_header":"","neve_meta_disable_footer":"","neve_meta_disable_title":"","footnotes":""},"categories":[208],"tags":[210],"class_list":["post-14035","post","type-post","status-publish","format-standard","has-post-thumbnail","hentry","category-aislantes-termicos","tag-aislantes-termicos-para-camper"],"yoast_head":"<!-- This site is optimized with the Yoast SEO plugin v27.5 - https:\/\/yoast.com\/product\/yoast-seo-wordpress\/ -->\n<title>Aislantes t\u00e9rmicos para camper: confort, ahorro y protecci\u00f3n en cada viaje - M2 Camper | Aislantes t\u00e9rmicos y oscurecedores para campers<\/title>\n<meta name=\"robots\" content=\"index, follow, max-snippet:-1, max-image-preview:large, max-video-preview:-1\" \/>\n<link rel=\"canonical\" href=\"https:\/\/m2camper.com\/fr\/isolation-thermique-pour-campeurs-confort-economies-et-protection-a-chaque-voyage\/\" \/>\n<meta property=\"og:locale\" content=\"fr_FR\" \/>\n<meta property=\"og:type\" content=\"article\" \/>\n<meta property=\"og:title\" content=\"Aislantes t\u00e9rmicos para camper: confort, ahorro y protecci\u00f3n en cada viaje - M2 Camper | Aislantes t\u00e9rmicos y oscurecedores para campers\" \/>\n<meta property=\"og:description\" content=\"Aislantes t\u00e9rmicos para camper: soluciones a medida para una vida sobre ruedas Viajar en camper no es solo una forma de moverse, es una manera de vivir. Y como todo estilo de vida, requiere una preparaci\u00f3n cuidadosa, equipamiento de calidad y, ante todo, comodidad. Uno de los elementos clave para disfrutar de una experiencia realmente&hellip;&nbsp;Lire la suite &raquo;Aislantes t\u00e9rmicos para camper: confort, ahorro y protecci\u00f3n en cada viaje\" \/>\n<meta property=\"og:url\" content=\"https:\/\/m2camper.com\/fr\/isolation-thermique-pour-campeurs-confort-economies-et-protection-a-chaque-voyage\/\" \/>\n<meta property=\"og:site_name\" content=\"M2 Camper | Aislantes t\u00e9rmicos y oscurecedores para campers\" \/>\n<meta property=\"article:published_time\" content=\"2025-06-23T07:04:34+00:00\" \/>\n<meta property=\"article:modified_time\" content=\"2025-06-23T07:06:03+00:00\" \/>\n<meta property=\"og:image\" content=\"https:\/\/m2camper.com\/wp-content\/uploads\/2025\/02\/Diseno-sin-titulo-1.jpg\" \/>\n\t<meta property=\"og:image:width\" content=\"1920\" \/>\n\t<meta property=\"og:image:height\" content=\"1080\" \/>\n\t<meta property=\"og:image:type\" content=\"image\/jpeg\" \/>\n<meta name=\"author\" content=\"Prubs214s\" \/>\n<meta name=\"twitter:card\" content=\"summary_large_image\" \/>\n<meta name=\"twitter:label1\" content=\"\u00c9crit par\" \/>\n\t<meta name=\"twitter:data1\" content=\"Prubs214s\" \/>\n\t<meta name=\"twitter:label2\" content=\"Dur\u00e9e de lecture estim\u00e9e\" \/>\n\t<meta name=\"twitter:data2\" content=\"5 minutes\" \/>\n<script type=\"application\/ld+json\" class=\"yoast-schema-graph\">{\"@context\":\"https:\\\/\\\/schema.org\",\"@graph\":[{\"@type\":\"Article\",\"@id\":\"https:\\\/\\\/m2camper.com\\\/aislantes-termicos-para-camper-confort-ahorro-y-proteccion-en-cada-viaje\\\/#article\",\"isPartOf\":{\"@id\":\"https:\\\/\\\/m2camper.com\\\/aislantes-termicos-para-camper-confort-ahorro-y-proteccion-en-cada-viaje\\\/\"},\"author\":{\"name\":\"Prubs214s\",\"@id\":\"https:\\\/\\\/m2camper.com\\\/pt\\\/#\\\/schema\\\/person\\\/ad1e681f60b2e23c9b88a93e6d3feab3\"},\"headline\":\"Aislantes t\u00e9rmicos para camper: confort, ahorro y protecci\u00f3n en cada viaje\",\"datePublished\":\"2025-06-23T07:04:34+00:00\",\"dateModified\":\"2025-06-23T07:06:03+00:00\",\"mainEntityOfPage\":{\"@id\":\"https:\\\/\\\/m2camper.com\\\/aislantes-termicos-para-camper-confort-ahorro-y-proteccion-en-cada-viaje\\\/\"},\"wordCount\":833,\"image\":{\"@id\":\"https:\\\/\\\/m2camper.com\\\/aislantes-termicos-para-camper-confort-ahorro-y-proteccion-en-cada-viaje\\\/#primaryimage\"},\"thumbnailUrl\":\"https:\\\/\\\/m2camper.com\\\/wp-content\\\/uploads\\\/2025\\\/02\\\/Diseno-sin-titulo-1.jpg\",\"keywords\":[\"Aislantes t\u00e9rmicos para camper\"],\"articleSection\":[\"Aislantes t\u00e9rmicos\"],\"inLanguage\":\"fr-FR\"},{\"@type\":\"WebPage\",\"@id\":\"https:\\\/\\\/m2camper.com\\\/aislantes-termicos-para-camper-confort-ahorro-y-proteccion-en-cada-viaje\\\/\",\"url\":\"https:\\\/\\\/m2camper.com\\\/aislantes-termicos-para-camper-confort-ahorro-y-proteccion-en-cada-viaje\\\/\",\"name\":\"Aislantes t\u00e9rmicos para camper: confort, ahorro y protecci\u00f3n en cada viaje - M2 Camper | Aislantes t\u00e9rmicos y oscurecedores para campers\",\"isPartOf\":{\"@id\":\"https:\\\/\\\/m2camper.com\\\/pt\\\/#website\"},\"primaryImageOfPage\":{\"@id\":\"https:\\\/\\\/m2camper.com\\\/aislantes-termicos-para-camper-confort-ahorro-y-proteccion-en-cada-viaje\\\/#primaryimage\"},\"image\":{\"@id\":\"https:\\\/\\\/m2camper.com\\\/aislantes-termicos-para-camper-confort-ahorro-y-proteccion-en-cada-viaje\\\/#primaryimage\"},\"thumbnailUrl\":\"https:\\\/\\\/m2camper.com\\\/wp-content\\\/uploads\\\/2025\\\/02\\\/Diseno-sin-titulo-1.jpg\",\"datePublished\":\"2025-06-23T07:04:34+00:00\",\"dateModified\":\"2025-06-23T07:06:03+00:00\",\"author\":{\"@id\":\"https:\\\/\\\/m2camper.com\\\/pt\\\/#\\\/schema\\\/person\\\/ad1e681f60b2e23c9b88a93e6d3feab3\"},\"breadcrumb\":{\"@id\":\"https:\\\/\\\/m2camper.com\\\/aislantes-termicos-para-camper-confort-ahorro-y-proteccion-en-cada-viaje\\\/#breadcrumb\"},\"inLanguage\":\"fr-FR\",\"potentialAction\":[{\"@type\":\"ReadAction\",\"target\":[\"https:\\\/\\\/m2camper.com\\\/aislantes-termicos-para-camper-confort-ahorro-y-proteccion-en-cada-viaje\\\/\"]}]},{\"@type\":\"ImageObject\",\"inLanguage\":\"fr-FR\",\"@id\":\"https:\\\/\\\/m2camper.com\\\/aislantes-termicos-para-camper-confort-ahorro-y-proteccion-en-cada-viaje\\\/#primaryimage\",\"url\":\"https:\\\/\\\/m2camper.com\\\/wp-content\\\/uploads\\\/2025\\\/02\\\/Diseno-sin-titulo-1.jpg\",\"contentUrl\":\"https:\\\/\\\/m2camper.com\\\/wp-content\\\/uploads\\\/2025\\\/02\\\/Diseno-sin-titulo-1.jpg\",\"width\":1920,\"height\":1080},{\"@type\":\"BreadcrumbList\",\"@id\":\"https:\\\/\\\/m2camper.com\\\/aislantes-termicos-para-camper-confort-ahorro-y-proteccion-en-cada-viaje\\\/#breadcrumb\",\"itemListElement\":[{\"@type\":\"ListItem\",\"position\":1,\"name\":\"Portada\",\"item\":\"https:\\\/\\\/m2camper.com\\\/pt\\\/\"},{\"@type\":\"ListItem\",\"position\":2,\"name\":\"Aislantes t\u00e9rmicos para camper: confort, ahorro y protecci\u00f3n en cada viaje\"}]},{\"@type\":\"WebSite\",\"@id\":\"https:\\\/\\\/m2camper.com\\\/pt\\\/#website\",\"url\":\"https:\\\/\\\/m2camper.com\\\/pt\\\/\",\"name\":\"M2 Campers | Aislantes t\u00e9rmicos y oscurecedores para campers\",\"description\":\"Descubre calidad y confort de nuestros aislantes t\u00e9rmicos oscurecedores y colchones para veh\u00edculos. Optimiza tu experiencia en carretera con M2 Camper.\",\"potentialAction\":[{\"@type\":\"SearchAction\",\"target\":{\"@type\":\"EntryPoint\",\"urlTemplate\":\"https:\\\/\\\/m2camper.com\\\/pt\\\/?s={search_term_string}\"},\"query-input\":{\"@type\":\"PropertyValueSpecification\",\"valueRequired\":true,\"valueName\":\"search_term_string\"}}],\"inLanguage\":\"fr-FR\"},{\"@type\":\"Person\",\"@id\":\"https:\\\/\\\/m2camper.com\\\/pt\\\/#\\\/schema\\\/person\\\/ad1e681f60b2e23c9b88a93e6d3feab3\",\"name\":\"Prubs214s\",\"image\":{\"@type\":\"ImageObject\",\"inLanguage\":\"fr-FR\",\"@id\":\"https:\\\/\\\/secure.gravatar.com\\\/avatar\\\/74706914812c3b473b95a5253410b33d71c50bf5f0d5423532bc0afa617d4316?s=96&d=mm&r=g\",\"url\":\"https:\\\/\\\/secure.gravatar.com\\\/avatar\\\/74706914812c3b473b95a5253410b33d71c50bf5f0d5423532bc0afa617d4316?s=96&d=mm&r=g\",\"contentUrl\":\"https:\\\/\\\/secure.gravatar.com\\\/avatar\\\/74706914812c3b473b95a5253410b33d71c50bf5f0d5423532bc0afa617d4316?s=96&d=mm&r=g\",\"caption\":\"Prubs214s\"},\"url\":\"https:\\\/\\\/m2camper.com\\\/fr\\\/author\\\/prubs214s\\\/\"}]}<\/script>\n<!-- \/ Yoast SEO plugin. -->","yoast_head_json":{"title":"Isolation thermique pour camping-cars\u00a0: confort, \u00e9conomies et protection \u00e0 chaque voyage - M2 Camper | Isolation thermique et occultation pour camping-cars","robots":{"index":"index","follow":"follow","max-snippet":"max-snippet:-1","max-image-preview":"max-image-preview:large","max-video-preview":"max-video-preview:-1"},"canonical":"https:\/\/m2camper.com\/fr\/isolation-thermique-pour-campeurs-confort-economies-et-protection-a-chaque-voyage\/","og_locale":"fr_FR","og_type":"article","og_title":"Aislantes t\u00e9rmicos para camper: confort, ahorro y protecci\u00f3n en cada viaje - M2 Camper | Aislantes t\u00e9rmicos y oscurecedores para campers","og_description":"Aislantes t\u00e9rmicos para camper: soluciones a medida para una vida sobre ruedas Viajar en camper no es solo una forma de moverse, es una manera de vivir. Y como todo estilo de vida, requiere una preparaci\u00f3n cuidadosa, equipamiento de calidad y, ante todo, comodidad. Uno de los elementos clave para disfrutar de una experiencia realmente&hellip;&nbsp;Lire la suite &raquo;Aislantes t\u00e9rmicos para camper: confort, ahorro y protecci\u00f3n en cada viaje","og_url":"https:\/\/m2camper.com\/fr\/isolation-thermique-pour-campeurs-confort-economies-et-protection-a-chaque-voyage\/","og_site_name":"M2 Camper | Aislantes t\u00e9rmicos y oscurecedores para campers","article_published_time":"2025-06-23T07:04:34+00:00","article_modified_time":"2025-06-23T07:06:03+00:00","og_image":[{"width":1920,"height":1080,"url":"https:\/\/m2camper.com\/wp-content\/uploads\/2025\/02\/Diseno-sin-titulo-1.jpg","type":"image\/jpeg"}],"author":"Prubs214s","twitter_card":"summary_large_image","twitter_misc":{"\u00c9crit par":"Prubs214s","Dur\u00e9e de lecture estim\u00e9e":"5 minutes"},"schema":{"@context":"https:\/\/schema.org","@graph":[{"@type":"Article","@id":"https:\/\/m2camper.com\/aislantes-termicos-para-camper-confort-ahorro-y-proteccion-en-cada-viaje\/#article","isPartOf":{"@id":"https:\/\/m2camper.com\/aislantes-termicos-para-camper-confort-ahorro-y-proteccion-en-cada-viaje\/"},"author":{"name":"Prubs214s","@id":"https:\/\/m2camper.com\/pt\/#\/schema\/person\/ad1e681f60b2e23c9b88a93e6d3feab3"},"headline":"Aislantes t\u00e9rmicos para camper: confort, ahorro y protecci\u00f3n en cada viaje","datePublished":"2025-06-23T07:04:34+00:00","dateModified":"2025-06-23T07:06:03+00:00","mainEntityOfPage":{"@id":"https:\/\/m2camper.com\/aislantes-termicos-para-camper-confort-ahorro-y-proteccion-en-cada-viaje\/"},"wordCount":833,"image":{"@id":"https:\/\/m2camper.com\/aislantes-termicos-para-camper-confort-ahorro-y-proteccion-en-cada-viaje\/#primaryimage"},"thumbnailUrl":"https:\/\/m2camper.com\/wp-content\/uploads\/2025\/02\/Diseno-sin-titulo-1.jpg","keywords":["Aislantes t\u00e9rmicos para camper"],"articleSection":["Aislantes t\u00e9rmicos"],"inLanguage":"fr-FR"},{"@type":"WebPage","@id":"https:\/\/m2camper.com\/aislantes-termicos-para-camper-confort-ahorro-y-proteccion-en-cada-viaje\/","url":"https:\/\/m2camper.com\/aislantes-termicos-para-camper-confort-ahorro-y-proteccion-en-cada-viaje\/","name":"Isolation thermique pour camping-cars\u00a0: confort, \u00e9conomies et protection \u00e0 chaque voyage - M2 Camper | Isolation thermique et occultation pour camping-cars","isPartOf":{"@id":"https:\/\/m2camper.com\/pt\/#website"},"primaryImageOfPage":{"@id":"https:\/\/m2camper.com\/aislantes-termicos-para-camper-confort-ahorro-y-proteccion-en-cada-viaje\/#primaryimage"},"image":{"@id":"https:\/\/m2camper.com\/aislantes-termicos-para-camper-confort-ahorro-y-proteccion-en-cada-viaje\/#primaryimage"},"thumbnailUrl":"https:\/\/m2camper.com\/wp-content\/uploads\/2025\/02\/Diseno-sin-titulo-1.jpg","datePublished":"2025-06-23T07:04:34+00:00","dateModified":"2025-06-23T07:06:03+00:00","author":{"@id":"https:\/\/m2camper.com\/pt\/#\/schema\/person\/ad1e681f60b2e23c9b88a93e6d3feab3"},"breadcrumb":{"@id":"https:\/\/m2camper.com\/aislantes-termicos-para-camper-confort-ahorro-y-proteccion-en-cada-viaje\/#breadcrumb"},"inLanguage":"fr-FR","potentialAction":[{"@type":"ReadAction","target":["https:\/\/m2camper.com\/aislantes-termicos-para-camper-confort-ahorro-y-proteccion-en-cada-viaje\/"]}]},{"@type":"ImageObject","inLanguage":"fr-FR","@id":"https:\/\/m2camper.com\/aislantes-termicos-para-camper-confort-ahorro-y-proteccion-en-cada-viaje\/#primaryimage","url":"https:\/\/m2camper.com\/wp-content\/uploads\/2025\/02\/Diseno-sin-titulo-1.jpg","contentUrl":"https:\/\/m2camper.com\/wp-content\/uploads\/2025\/02\/Diseno-sin-titulo-1.jpg","width":1920,"height":1080},{"@type":"BreadcrumbList","@id":"https:\/\/m2camper.com\/aislantes-termicos-para-camper-confort-ahorro-y-proteccion-en-cada-viaje\/#breadcrumb","itemListElement":[{"@type":"ListItem","position":1,"name":"Portada","item":"https:\/\/m2camper.com\/pt\/"},{"@type":"ListItem","position":2,"name":"Aislantes t\u00e9rmicos para camper: confort, ahorro y protecci\u00f3n en cada viaje"}]},{"@type":"WebSite","@id":"https:\/\/m2camper.com\/pt\/#website","url":"https:\/\/m2camper.com\/pt\/","name":"M2 Campeurs | Isolation thermique et oscurecedores pour les campeurs","description":"D\u00e9couvrez la qualit\u00e9 et le confort de notre isolation thermique oscurecedores et des matelas pour les v\u00e9hicules. Optimiser votre exp\u00e9rience de la route avec M2 camping-car.","potentialAction":[{"@type":"SearchAction","target":{"@type":"EntryPoint","urlTemplate":"https:\/\/m2camper.com\/pt\/?s={search_term_string}"},"query-input":{"@type":"PropertyValueSpecification","valueRequired":true,"valueName":"search_term_string"}}],"inLanguage":"fr-FR"},{"@type":"Person","@id":"https:\/\/m2camper.com\/pt\/#\/schema\/person\/ad1e681f60b2e23c9b88a93e6d3feab3","name":"Prubs214s","image":{"@type":"ImageObject","inLanguage":"fr-FR","@id":"https:\/\/secure.gravatar.com\/avatar\/74706914812c3b473b95a5253410b33d71c50bf5f0d5423532bc0afa617d4316?s=96&d=mm&r=g","url":"https:\/\/secure.gravatar.com\/avatar\/74706914812c3b473b95a5253410b33d71c50bf5f0d5423532bc0afa617d4316?s=96&d=mm&r=g","contentUrl":"https:\/\/secure.gravatar.com\/avatar\/74706914812c3b473b95a5253410b33d71c50bf5f0d5423532bc0afa617d4316?s=96&d=mm&r=g","caption":"Prubs214s"},"url":"https:\/\/m2camper.com\/fr\/author\/prubs214s\/"}]}},"_links":{"self":[{"href":"https:\/\/m2camper.com\/fr\/wp-json\/wp\/v2\/posts\/14035","targetHints":{"allow":["GET"]}}],"collection":[{"href":"https:\/\/m2camper.com\/fr\/wp-json\/wp\/v2\/posts"}],"about":[{"href":"https:\/\/m2camper.com\/fr\/wp-json\/wp\/v2\/types\/post"}],"author":[{"embeddable":true,"href":"https:\/\/m2camper.com\/fr\/wp-json\/wp\/v2\/users\/5741"}],"replies":[{"embeddable":true,"href":"https:\/\/m2camper.com\/fr\/wp-json\/wp\/v2\/comments?post=14035"}],"version-history":[{"count":3,"href":"https:\/\/m2camper.com\/fr\/wp-json\/wp\/v2\/posts\/14035\/revisions"}],"predecessor-version":[{"id":14038,"href":"https:\/\/m2camper.com\/fr\/wp-json\/wp\/v2\/posts\/14035\/revisions\/14038"}],"wp:featuredmedia":[{"embeddable":true,"href":"https:\/\/m2camper.com\/fr\/wp-json\/wp\/v2\/media\/12259"}],"wp:attachment":[{"href":"https:\/\/m2camper.com\/fr\/wp-json\/wp\/v2\/media?parent=14035"}],"wp:term":[{"taxonomy":"category","embeddable":true,"href":"https:\/\/m2camper.com\/fr\/wp-json\/wp\/v2\/categories?post=14035"},{"taxonomy":"post_tag","embeddable":true,"href":"https:\/\/m2camper.com\/fr\/wp-json\/wp\/v2\/tags?post=14035"}],"curies":[{"name":"wp","href":"https:\/\/api.w.org\/{rel}","templated":true}]}}