{"id":13560,"date":"2025-05-05T08:33:11","date_gmt":"2025-05-05T08:33:11","guid":{"rendered":"https:\/\/m2camper.com\/?p=13560"},"modified":"2025-05-27T10:11:29","modified_gmt":"2025-05-27T08:11:29","slug":"comment-ameliorer-lefficacite-energetique-de-votre-vehicule-grace-a-lisolation-thermique-pour-camping-cars","status":"publish","type":"post","link":"https:\/\/m2camper.com\/fr\/comment-ameliorer-lefficacite-energetique-de-votre-vehicule-grace-a-lisolation-thermique-pour-camping-cars\/","title":{"rendered":"Comment am\u00e9liorer l&#039;efficacit\u00e9 \u00e9nerg\u00e9tique de votre v\u00e9hicule gr\u00e2ce \u00e0 l&#039;isolation de votre camping-car"},"content":{"rendered":"<h2 class=\"wp-block-heading has-neve-text-color-color has-text-color has-link-color wp-elements-50e7d5e07bb59a511fc5a70918666334\">Isolation thermique pour camping-car : \u00e9conomies et confort pour votre aventure <\/h2>\n\n\n\n<p class=\"has-neve-text-color-color has-text-color has-link-color wp-elements-4ddb6f69839ac3328c2c41a5efec85d1\">Voyager en camping-car est un mode de vie qui allie libert\u00e9, aventure et contact direct avec la nature. Mais pour que chaque voyage soit vraiment confortable, il est essentiel de disposer d&#039;un syst\u00e8me thermique efficace qui maintient une temp\u00e9rature int\u00e9rieure confortable sans recourir excessivement aux syst\u00e8mes de climatisation. Dans ce contexte, le <strong><a href=\"https:\/\/m2camper.com\/fr\/isolateurs\/\">isolation thermique pour camping-cars<\/a><\/strong> jouent un r\u00f4le cl\u00e9.<\/p>\n\n\n\n<p class=\"has-neve-text-color-color has-text-color has-link-color wp-elements-11d738041fd9e9bcd00da8f9c0b77ae9\">Dans <strong><a href=\"https:\/\/m2camper.com\/fr\/contact\/\">Camping-car M2<\/a><\/strong>Nous travaillons avec des solutions de haute qualit\u00e9 sp\u00e9cialement con\u00e7ues pour optimiser l&#039;isolation thermique de votre v\u00e9hicule, vous aidant \u00e0 \u00e9conomiser de l&#039;\u00e9nergie et \u00e0 am\u00e9liorer votre confort toute l&#039;ann\u00e9e.<\/p>\n\n\n\n<h2 class=\"wp-block-heading has-neve-text-color-color has-text-color has-link-color wp-elements-fe8bbdd6a600f85e7622319cb4ea9fcd\">Pourquoi l&#039;isolation thermique des camping-cars est essentielle <\/h2>\n\n\n\n<p>Les changements de temp\u00e9rature pendant un voyage peuvent \u00eatre intenses et soudains. Une journ\u00e9e ensoleill\u00e9e sur la route peut se transformer en une nuit froide en montagne, ou une escapade estivale peut faire en sorte que l\u2019int\u00e9rieur du v\u00e9hicule atteigne des temp\u00e9ratures extr\u00eames. Avoir une bonne isolation est le meilleur moyen de stabiliser la temp\u00e9rature int\u00e9rieure et d\u2019\u00e9viter ces fluctuations inconfortables.<\/p>\n\n\n\n<p class=\"has-neve-text-color-color has-text-color has-link-color wp-elements-a8ff377e1be1ec18912adbc7da8f9ab4\">Le <strong>isolation thermique pour camping-cars<\/strong> Ils agissent comme une barri\u00e8re protectrice contre la chaleur et le froid, permettant \u00e0 l\u2019int\u00e9rieur du v\u00e9hicule de maintenir une temp\u00e9rature beaucoup plus stable. Cela se traduit par une utilisation moindre du chauffage ou de la climatisation, ce qui signifie des \u00e9conomies sur la batterie, le gaz ou le carburant, selon le syst\u00e8me que vous utilisez. De plus, une bonne isolation permet de r\u00e9duire la condensation \u00e0 l\u2019int\u00e9rieur de la maison, \u00e9vitant ainsi des probl\u00e8mes tels que l\u2019humidit\u00e9, les odeurs d\u00e9sagr\u00e9ables et la d\u00e9t\u00e9rioration des mat\u00e9riaux.<\/p>\n\n\n<div class=\"wp-block-image\">\n<figure class=\"aligncenter size-large\"><img fetchpriority=\"high\" decoding=\"async\" width=\"1024\" height=\"724\" src=\"https:\/\/m2camper.com\/wp-content\/uploads\/2025\/05\/aislantes-termicos-para-camionetas-camper-1024x724.jpg\" alt=\"\" class=\"wp-image-13624\" srcset=\"https:\/\/m2camper.com\/wp-content\/uploads\/2025\/05\/aislantes-termicos-para-camionetas-camper-1024x724.jpg 1024w, https:\/\/m2camper.com\/wp-content\/uploads\/2025\/05\/aislantes-termicos-para-camionetas-camper-300x212.jpg 300w, https:\/\/m2camper.com\/wp-content\/uploads\/2025\/05\/aislantes-termicos-para-camionetas-camper-768x543.jpg 768w, https:\/\/m2camper.com\/wp-content\/uploads\/2025\/05\/aislantes-termicos-para-camionetas-camper-1536x1086.jpg 1536w, https:\/\/m2camper.com\/wp-content\/uploads\/2025\/05\/aislantes-termicos-para-camionetas-camper-18x12.jpg 18w, https:\/\/m2camper.com\/wp-content\/uploads\/2025\/05\/aislantes-termicos-para-camionetas-camper-600x424.jpg 600w, https:\/\/m2camper.com\/wp-content\/uploads\/2025\/05\/aislantes-termicos-para-camionetas-camper.jpg 2000w\" sizes=\"(max-width: 1024px) 100vw, 1024px\" \/><\/figure>\n<\/div>\n\n\n<h2 class=\"wp-block-heading has-neve-text-color-color has-text-color has-link-color wp-elements-ba714f08e83b46cc797e088637d20f36\">L&#039;isolation thermique 9 couches pour camping-cars : performance et fiabilit\u00e9 pour tous vos d\u00e9placements<\/h2>\n\n\n\n<p class=\"has-neve-text-color-color has-text-color has-link-color wp-elements-89447065859837ef569ff76964f8a7b8\">Chez M2 Camper, nous misons sur un mod\u00e8le unique d&#039;isolation thermique car nous pensons que lorsqu&#039;un produit fonctionne vraiment bien, il n&#039;est pas n\u00e9cessaire de compliquer les choses avec des alternatives. Notre <strong>isolation thermique pour camping-cars<\/strong> La couche 9 combine diff\u00e9rents mat\u00e9riaux qui fonctionnent ensemble pour offrir d&#039;excellentes performances dans les climats froids et chauds.<\/p>\n\n\n\n<p>Cet isolant a \u00e9t\u00e9 d\u00e9velopp\u00e9 pour maximiser l&#039;efficacit\u00e9 \u00e9nerg\u00e9tique du v\u00e9hicule et assurer un haut niveau de confort int\u00e9rieur. Sa structure multicouche permet :<\/p>\n\n\n\n<ul class=\"wp-block-list\">\n<li>Refl\u00e8te la chaleur du soleil en \u00e9t\u00e9.<\/li>\n\n\n\n<li>Maintenir la chaleur int\u00e9rieure en hiver.<\/li>\n\n\n\n<li>Minimiser les \u00e9changes de chaleur avec l&#039;ext\u00e9rieur.<\/li>\n\n\n\n<li>Prot\u00e9gez l\u2019int\u00e9rieur du v\u00e9hicule de l\u2019humidit\u00e9 et de la condensation.<\/li>\n<\/ul>\n\n\n\n<p>Gr\u00e2ce \u00e0 sa flexibilit\u00e9, sa l\u00e9g\u00e8ret\u00e9 et sa durabilit\u00e9, ce mat\u00e9riau est id\u00e9al pour s&#039;adapter aux plafonds, aux murs lat\u00e9raux, aux sols, aux portes et \u00e0 d&#039;autres surfaces cl\u00e9s. Avec une installation ad\u00e9quate, son effet est imm\u00e9diat et durable.<\/p>\n\n\n\n<h2 class=\"wp-block-heading has-neve-text-color-color has-text-color has-link-color wp-elements-e979425f6c5264b7beaf5c20b9818cf2\">Conseils pour tirer le meilleur parti de l&#039;isolation thermique des campeurs <\/h2>\n\n\n\n<p>Pour profiter pleinement de l&#039;isolation thermique \u00e0 9 couches, il est important de garder \u00e0 l&#039;esprit certains aspects cl\u00e9s lors de son installation :<\/p>\n\n\n\n<ol class=\"wp-block-list\">\n<li class=\"has-neve-text-color-color has-text-color has-link-color wp-elements-6ef45140adf79b0ed36315270dec157f\"><strong>Couvrir toutes les surfaces pertinentes<\/strong>:Les plafonds, les murs, les portes et m\u00eame le sol doivent \u00eatre isol\u00e9s pour \u00e9viter les points de fuite thermique. Le plafond est souvent prioritaire, mais le sol est \u00e9galement une zone critique.<\/li>\n\n\n\n<li class=\"has-neve-text-color-color has-text-color has-link-color wp-elements-5707288f7179ea689fe871054b0c34f9\"><strong>\u00c9tanch\u00e9it\u00e9 ad\u00e9quate<\/strong>:Il est essentiel de s\u2019assurer qu\u2019il n\u2019y a pas de lacunes ou de ponts thermiques. M\u00eame une petite zone non couverte peut affecter la performance globale de l\u2019isolation.<\/li>\n\n\n\n<li class=\"has-neve-text-color-color has-text-color has-link-color wp-elements-19f5c0db9f1a36b68b8aa42eeffb6c95\"><strong>Installation pr\u00e9cise<\/strong>:Un excellent mat\u00e9riau n\u00e9cessite une installation soign\u00e9e. Chez M2 Camper, nous veillons \u00e0 ce que le processus soit r\u00e9alis\u00e9 avec pr\u00e9cision pour garantir un r\u00e9sultat durable et efficace.<\/li>\n<\/ol>\n\n\n\n<h5 class=\"wp-block-heading has-neve-text-color-color has-text-color has-link-color wp-elements-01fd3a658b502c082ea88c90d6361b0d\">De r\u00e9els avantages : plus de confort, moins de consommation<\/h5>\n\n\n\n<p>Investir dans un bon syst\u00e8me d\u2019isolation thermique am\u00e9liore non seulement l\u2019exp\u00e9rience de voyage, mais pr\u00e9sente \u00e9galement des avantages concrets \u00e0 moyen et long terme :<\/p>\n\n\n\n<ul class=\"wp-block-list\">\n<li class=\"has-neve-text-color-color has-text-color has-link-color wp-elements-5168a615edd296eba06b42e999f2c2ba\"><strong>Un plus grand confort en toutes saisons<\/strong>:Vous pourrez profiter de votre camping-car en \u00e9t\u00e9 comme en hiver, sans avoir \u00e0 d\u00e9pendre en permanence des syst\u00e8mes de climatisation.<\/li>\n\n\n\n<li class=\"has-neve-text-color-color has-text-color has-link-color wp-elements-c1c932bdc06645df1d9f9ff2a2d00334\"><strong>R\u00e9duction de la consommation d&#039;\u00e9nergie<\/strong>:Utiliser moins de chauffage ou de climatisation signifie \u00e9conomiser du gaz, de la batterie ou du carburant.<\/li>\n\n\n\n<li class=\"has-neve-text-color-color has-text-color has-link-color wp-elements-a6c2f3f40916ced3eedf1adb0ce854dd\"><strong>Protection int\u00e9rieure<\/strong>:En r\u00e9duisant la condensation et l\u2019humidit\u00e9, les finitions et les composants du v\u00e9hicule sont mieux pr\u00e9serv\u00e9s.<\/li>\n<\/ul>\n\n\n\n<p>Tout cela se traduit par une exp\u00e9rience plus agr\u00e9able, pratique et durable.<\/p>\n\n\n<div class=\"wp-block-image\">\n<figure class=\"aligncenter size-large\"><img decoding=\"async\" width=\"1024\" height=\"724\" src=\"https:\/\/m2camper.com\/wp-content\/uploads\/2025\/05\/aislantes-termicos-1024x724.jpg\" alt=\"\" class=\"wp-image-13625\" srcset=\"https:\/\/m2camper.com\/wp-content\/uploads\/2025\/05\/aislantes-termicos-1024x724.jpg 1024w, https:\/\/m2camper.com\/wp-content\/uploads\/2025\/05\/aislantes-termicos-300x212.jpg 300w, https:\/\/m2camper.com\/wp-content\/uploads\/2025\/05\/aislantes-termicos-768x543.jpg 768w, https:\/\/m2camper.com\/wp-content\/uploads\/2025\/05\/aislantes-termicos-1536x1086.jpg 1536w, https:\/\/m2camper.com\/wp-content\/uploads\/2025\/05\/aislantes-termicos-18x12.jpg 18w, https:\/\/m2camper.com\/wp-content\/uploads\/2025\/05\/aislantes-termicos-600x424.jpg 600w, https:\/\/m2camper.com\/wp-content\/uploads\/2025\/05\/aislantes-termicos.jpg 2000w\" sizes=\"(max-width: 1024px) 100vw, 1024px\" \/><\/figure>\n<\/div>\n\n\n<h2 class=\"wp-block-heading has-neve-text-color-color has-text-color has-link-color wp-elements-5ca1ac45ff77b3a197f78f9943a1e954\">M2 Camper : experts en isolation thermique pour camping-cars <\/h2>\n\n\n\n<p>Chez M2 Camper, nous sommes sp\u00e9cialis\u00e9s dans l&#039;am\u00e9lioration du confort thermique des camping-cars, en proposant des mat\u00e9riaux performants et des conseils personnalis\u00e9s pour chaque projet. Notre exp\u00e9rience dans le secteur nous permet de proposer une solution efficace, test\u00e9e en conditions r\u00e9elles de voyage et adapt\u00e9e aux besoins de chaque client.<\/p>\n\n\n\n<p>Nous offrons la possibilit\u00e9 d&#039;int\u00e9grer des poches d&#039;organisation dans nos isolants thermiques. Ces poches sont id\u00e9ales pour ranger de petits objets, tels que des cl\u00e9s, des t\u00e9l\u00e9phones portables ou des lampes de poche, offrant commodit\u00e9 et organisation. Les poches sont cousues directement sur l&#039;isolant et fix\u00e9es au verre \u00e0 l&#039;aide de ventouses, garantissant qu&#039;elles ne peuvent supporter que des objets l\u00e9gers sans compromettre l&#039;efficacit\u00e9 de l&#039;isolation.<\/p>\n\n\n\n<p>De plus, en tant qu&#039;atelier sp\u00e9cialis\u00e9, nous pouvons fabriquer des isolants sur mesure pour tout type de v\u00e9hicule ou de fen\u00eatre, en nous adaptant aux besoins de chaque client. Nous avons fabriqu\u00e9 des isolants pour une grande vari\u00e9t\u00e9 d&#039;applications, notamment des fen\u00eatres dans des maisons \u00e0 forte exposition au soleil, des escaliers avec puits de lumi\u00e8re et m\u00eame des petits bateaux. Gr\u00e2ce \u00e0 notre flexibilit\u00e9 et \u00e0 notre exp\u00e9rience, nous proposons des solutions sur mesure pour garantir les meilleures performances thermiques dans n&#039;importe quel environnement. N&#039;h\u00e9sitez pas \u00e0 nous contacter pour plus de d\u00e9tails ou si vous avez des questions.<\/p>\n\n\n\n<p class=\"has-neve-text-color-color has-text-color has-link-color wp-elements-532314d05499426484ad1f70d31fa82b\">Si vous envisagez d\u2019am\u00e9liorer l\u2019isolation de votre camping-car, n\u2019h\u00e9sitez pas : <strong><a href=\"https:\/\/m2camper.com\/fr\/isolateurs\/\">isolation thermique pour camping-cars<\/a><\/strong> Les avantages que nous proposons sont un investissement qui commence \u00e0 se voir d\u00e8s le premier jour. Moins de consommation, plus de confort, plus de libert\u00e9.<\/p>\n\n\n\n<p class=\"has-neve-text-color-color has-text-color has-link-color wp-elements-71fd9159d45b0e42ba66f598f69ad470\"><\/p>\n\n\n<div class=\"wp-block-image\">\n<figure class=\"aligncenter size-large\"><img decoding=\"async\" width=\"1024\" height=\"724\" src=\"https:\/\/m2camper.com\/wp-content\/uploads\/2025\/05\/oscurecedores-para-camper-1024x724.jpg\" alt=\"\" class=\"wp-image-13626\" srcset=\"https:\/\/m2camper.com\/wp-content\/uploads\/2025\/05\/oscurecedores-para-camper-1024x724.jpg 1024w, https:\/\/m2camper.com\/wp-content\/uploads\/2025\/05\/oscurecedores-para-camper-300x212.jpg 300w, https:\/\/m2camper.com\/wp-content\/uploads\/2025\/05\/oscurecedores-para-camper-768x543.jpg 768w, https:\/\/m2camper.com\/wp-content\/uploads\/2025\/05\/oscurecedores-para-camper-1536x1086.jpg 1536w, https:\/\/m2camper.com\/wp-content\/uploads\/2025\/05\/oscurecedores-para-camper-18x12.jpg 18w, https:\/\/m2camper.com\/wp-content\/uploads\/2025\/05\/oscurecedores-para-camper-600x424.jpg 600w, https:\/\/m2camper.com\/wp-content\/uploads\/2025\/05\/oscurecedores-para-camper.jpg 2000w\" sizes=\"(max-width: 1024px) 100vw, 1024px\" \/><\/figure>\n<\/div>","protected":false},"excerpt":{"rendered":"<p>Aislantes t\u00e9rmicos para autocaravanas: ahorro y comodidad en tu aventura Viajar en camper es una forma de vida que combina libertad, aventura y contacto directo con la naturaleza. Pero para que cada trayecto sea realmente c\u00f3modo, es fundamental contar con un sistema t\u00e9rmico eficiente que permita mantener una temperatura interior agradable sin depender en exceso&hellip;&nbsp;<a href=\"https:\/\/m2camper.com\/fr\/comment-ameliorer-lefficacite-energetique-de-votre-vehicule-grace-a-lisolation-thermique-pour-camping-cars\/\" rel=\"bookmark\">En savoir plus &quot;<span class=\"screen-reader-text\">Comment am\u00e9liorer l&#039;efficacit\u00e9 \u00e9nerg\u00e9tique de votre v\u00e9hicule gr\u00e2ce \u00e0 l&#039;isolation de votre camping-car<\/span><\/a><\/p>","protected":false},"author":5741,"featured_media":13618,"comment_status":"closed","ping_status":"closed","sticky":false,"template":"","format":"standard","meta":{"neve_meta_sidebar":"","neve_meta_container":"","neve_meta_enable_content_width":"","neve_meta_content_width":0,"neve_meta_title_alignment":"","neve_meta_author_avatar":"","neve_post_elements_order":"","neve_meta_disable_header":"","neve_meta_disable_footer":"","neve_meta_disable_title":"","footnotes":""},"categories":[208],"tags":[209],"class_list":["post-13560","post","type-post","status-publish","format-standard","has-post-thumbnail","hentry","category-aislantes-termicos","tag-aislantes-termicos-para-autocaravanas"],"yoast_head":"<!-- This site is optimized with the Yoast SEO plugin v27.4 - https:\/\/yoast.com\/product\/yoast-seo-wordpress\/ -->\n<title>C\u00f3mo mejorar la eficiencia energ\u00e9tica de tu veh\u00edculo con aislantes t\u00e9rmicos para autocaravanas - M2 Camper | Aislantes t\u00e9rmicos y oscurecedores para campers<\/title>\n<meta name=\"robots\" content=\"index, follow, max-snippet:-1, max-image-preview:large, max-video-preview:-1\" \/>\n<link rel=\"canonical\" href=\"https:\/\/m2camper.com\/fr\/comment-ameliorer-lefficacite-energetique-de-votre-vehicule-grace-a-lisolation-thermique-pour-camping-cars\/\" \/>\n<meta property=\"og:locale\" content=\"fr_FR\" \/>\n<meta property=\"og:type\" content=\"article\" \/>\n<meta property=\"og:title\" content=\"C\u00f3mo mejorar la eficiencia energ\u00e9tica de tu veh\u00edculo con aislantes t\u00e9rmicos para autocaravanas - M2 Camper | Aislantes t\u00e9rmicos y oscurecedores para campers\" \/>\n<meta property=\"og:description\" content=\"Aislantes t\u00e9rmicos para autocaravanas: ahorro y comodidad en tu aventura Viajar en camper es una forma de vida que combina libertad, aventura y contacto directo con la naturaleza. Pero para que cada trayecto sea realmente c\u00f3modo, es fundamental contar con un sistema t\u00e9rmico eficiente que permita mantener una temperatura interior agradable sin depender en exceso&hellip;&nbsp;Lire la suite &raquo;C\u00f3mo mejorar la eficiencia energ\u00e9tica de tu veh\u00edculo con aislantes t\u00e9rmicos para autocaravanas\" \/>\n<meta property=\"og:url\" content=\"https:\/\/m2camper.com\/fr\/comment-ameliorer-lefficacite-energetique-de-votre-vehicule-grace-a-lisolation-thermique-pour-camping-cars\/\" \/>\n<meta property=\"og:site_name\" content=\"M2 Camper | Aislantes t\u00e9rmicos y oscurecedores para campers\" \/>\n<meta property=\"article:published_time\" content=\"2025-05-05T08:33:11+00:00\" \/>\n<meta property=\"article:modified_time\" content=\"2025-05-27T08:11:29+00:00\" \/>\n<meta property=\"og:image\" content=\"https:\/\/m2camper.com\/wp-content\/uploads\/2025\/04\/aislante-para-furgos-1.jpg\" \/>\n\t<meta property=\"og:image:width\" content=\"2000\" \/>\n\t<meta property=\"og:image:height\" content=\"1414\" \/>\n\t<meta property=\"og:image:type\" content=\"image\/jpeg\" \/>\n<meta name=\"author\" content=\"Prubs214s\" \/>\n<meta name=\"twitter:card\" content=\"summary_large_image\" \/>\n<meta name=\"twitter:label1\" content=\"\u00c9crit par\" \/>\n\t<meta name=\"twitter:data1\" content=\"Prubs214s\" \/>\n\t<meta name=\"twitter:label2\" content=\"Dur\u00e9e de lecture estim\u00e9e\" \/>\n\t<meta name=\"twitter:data2\" content=\"5 minutes\" \/>\n<script type=\"application\/ld+json\" class=\"yoast-schema-graph\">{\"@context\":\"https:\\\/\\\/schema.org\",\"@graph\":[{\"@type\":\"Article\",\"@id\":\"https:\\\/\\\/m2camper.com\\\/como-mejorar-la-eficiencia-energetica-de-tu-vehiculo-con-aislantes-termicos-para-autocaravanas\\\/#article\",\"isPartOf\":{\"@id\":\"https:\\\/\\\/m2camper.com\\\/como-mejorar-la-eficiencia-energetica-de-tu-vehiculo-con-aislantes-termicos-para-autocaravanas\\\/\"},\"author\":{\"name\":\"Prubs214s\",\"@id\":\"https:\\\/\\\/m2camper.com\\\/pt\\\/#\\\/schema\\\/person\\\/ad1e681f60b2e23c9b88a93e6d3feab3\"},\"headline\":\"C\u00f3mo mejorar la eficiencia energ\u00e9tica de tu veh\u00edculo con aislantes t\u00e9rmicos para autocaravanas\",\"datePublished\":\"2025-05-05T08:33:11+00:00\",\"dateModified\":\"2025-05-27T08:11:29+00:00\",\"mainEntityOfPage\":{\"@id\":\"https:\\\/\\\/m2camper.com\\\/como-mejorar-la-eficiencia-energetica-de-tu-vehiculo-con-aislantes-termicos-para-autocaravanas\\\/\"},\"wordCount\":968,\"image\":{\"@id\":\"https:\\\/\\\/m2camper.com\\\/como-mejorar-la-eficiencia-energetica-de-tu-vehiculo-con-aislantes-termicos-para-autocaravanas\\\/#primaryimage\"},\"thumbnailUrl\":\"https:\\\/\\\/m2camper.com\\\/wp-content\\\/uploads\\\/2025\\\/04\\\/aislante-para-furgos-1.jpg\",\"keywords\":[\"Aislantes t\u00e9rmicos para autocaravanas\"],\"articleSection\":[\"Aislantes t\u00e9rmicos\"],\"inLanguage\":\"fr-FR\"},{\"@type\":\"WebPage\",\"@id\":\"https:\\\/\\\/m2camper.com\\\/como-mejorar-la-eficiencia-energetica-de-tu-vehiculo-con-aislantes-termicos-para-autocaravanas\\\/\",\"url\":\"https:\\\/\\\/m2camper.com\\\/como-mejorar-la-eficiencia-energetica-de-tu-vehiculo-con-aislantes-termicos-para-autocaravanas\\\/\",\"name\":\"C\u00f3mo mejorar la eficiencia energ\u00e9tica de tu veh\u00edculo con aislantes t\u00e9rmicos para autocaravanas - M2 Camper | Aislantes t\u00e9rmicos y oscurecedores para campers\",\"isPartOf\":{\"@id\":\"https:\\\/\\\/m2camper.com\\\/pt\\\/#website\"},\"primaryImageOfPage\":{\"@id\":\"https:\\\/\\\/m2camper.com\\\/como-mejorar-la-eficiencia-energetica-de-tu-vehiculo-con-aislantes-termicos-para-autocaravanas\\\/#primaryimage\"},\"image\":{\"@id\":\"https:\\\/\\\/m2camper.com\\\/como-mejorar-la-eficiencia-energetica-de-tu-vehiculo-con-aislantes-termicos-para-autocaravanas\\\/#primaryimage\"},\"thumbnailUrl\":\"https:\\\/\\\/m2camper.com\\\/wp-content\\\/uploads\\\/2025\\\/04\\\/aislante-para-furgos-1.jpg\",\"datePublished\":\"2025-05-05T08:33:11+00:00\",\"dateModified\":\"2025-05-27T08:11:29+00:00\",\"author\":{\"@id\":\"https:\\\/\\\/m2camper.com\\\/pt\\\/#\\\/schema\\\/person\\\/ad1e681f60b2e23c9b88a93e6d3feab3\"},\"breadcrumb\":{\"@id\":\"https:\\\/\\\/m2camper.com\\\/como-mejorar-la-eficiencia-energetica-de-tu-vehiculo-con-aislantes-termicos-para-autocaravanas\\\/#breadcrumb\"},\"inLanguage\":\"fr-FR\",\"potentialAction\":[{\"@type\":\"ReadAction\",\"target\":[\"https:\\\/\\\/m2camper.com\\\/como-mejorar-la-eficiencia-energetica-de-tu-vehiculo-con-aislantes-termicos-para-autocaravanas\\\/\"]}]},{\"@type\":\"ImageObject\",\"inLanguage\":\"fr-FR\",\"@id\":\"https:\\\/\\\/m2camper.com\\\/como-mejorar-la-eficiencia-energetica-de-tu-vehiculo-con-aislantes-termicos-para-autocaravanas\\\/#primaryimage\",\"url\":\"https:\\\/\\\/m2camper.com\\\/wp-content\\\/uploads\\\/2025\\\/04\\\/aislante-para-furgos-1.jpg\",\"contentUrl\":\"https:\\\/\\\/m2camper.com\\\/wp-content\\\/uploads\\\/2025\\\/04\\\/aislante-para-furgos-1.jpg\",\"width\":2000,\"height\":1414},{\"@type\":\"BreadcrumbList\",\"@id\":\"https:\\\/\\\/m2camper.com\\\/como-mejorar-la-eficiencia-energetica-de-tu-vehiculo-con-aislantes-termicos-para-autocaravanas\\\/#breadcrumb\",\"itemListElement\":[{\"@type\":\"ListItem\",\"position\":1,\"name\":\"Portada\",\"item\":\"https:\\\/\\\/m2camper.com\\\/pt\\\/\"},{\"@type\":\"ListItem\",\"position\":2,\"name\":\"C\u00f3mo mejorar la eficiencia energ\u00e9tica de tu veh\u00edculo con aislantes t\u00e9rmicos para autocaravanas\"}]},{\"@type\":\"WebSite\",\"@id\":\"https:\\\/\\\/m2camper.com\\\/pt\\\/#website\",\"url\":\"https:\\\/\\\/m2camper.com\\\/pt\\\/\",\"name\":\"M2 Campers | Aislantes t\u00e9rmicos y oscurecedores para campers\",\"description\":\"Descubre calidad y confort de nuestros aislantes t\u00e9rmicos oscurecedores y colchones para veh\u00edculos. Optimiza tu experiencia en carretera con M2 Camper.\",\"potentialAction\":[{\"@type\":\"SearchAction\",\"target\":{\"@type\":\"EntryPoint\",\"urlTemplate\":\"https:\\\/\\\/m2camper.com\\\/pt\\\/?s={search_term_string}\"},\"query-input\":{\"@type\":\"PropertyValueSpecification\",\"valueRequired\":true,\"valueName\":\"search_term_string\"}}],\"inLanguage\":\"fr-FR\"},{\"@type\":\"Person\",\"@id\":\"https:\\\/\\\/m2camper.com\\\/pt\\\/#\\\/schema\\\/person\\\/ad1e681f60b2e23c9b88a93e6d3feab3\",\"name\":\"Prubs214s\",\"image\":{\"@type\":\"ImageObject\",\"inLanguage\":\"fr-FR\",\"@id\":\"https:\\\/\\\/secure.gravatar.com\\\/avatar\\\/74706914812c3b473b95a5253410b33d71c50bf5f0d5423532bc0afa617d4316?s=96&d=mm&r=g\",\"url\":\"https:\\\/\\\/secure.gravatar.com\\\/avatar\\\/74706914812c3b473b95a5253410b33d71c50bf5f0d5423532bc0afa617d4316?s=96&d=mm&r=g\",\"contentUrl\":\"https:\\\/\\\/secure.gravatar.com\\\/avatar\\\/74706914812c3b473b95a5253410b33d71c50bf5f0d5423532bc0afa617d4316?s=96&d=mm&r=g\",\"caption\":\"Prubs214s\"},\"url\":\"https:\\\/\\\/m2camper.com\\\/fr\\\/author\\\/prubs214s\\\/\"}]}<\/script>\n<!-- \/ Yoast SEO plugin. -->","yoast_head_json":{"title":"Comment am\u00e9liorer l&#039;efficacit\u00e9 \u00e9nerg\u00e9tique de votre v\u00e9hicule gr\u00e2ce \u00e0 l&#039;isolation thermique pour camping-cars - M2 Camper | Isolation thermique et occultation pour camping-cars","robots":{"index":"index","follow":"follow","max-snippet":"max-snippet:-1","max-image-preview":"max-image-preview:large","max-video-preview":"max-video-preview:-1"},"canonical":"https:\/\/m2camper.com\/fr\/comment-ameliorer-lefficacite-energetique-de-votre-vehicule-grace-a-lisolation-thermique-pour-camping-cars\/","og_locale":"fr_FR","og_type":"article","og_title":"C\u00f3mo mejorar la eficiencia energ\u00e9tica de tu veh\u00edculo con aislantes t\u00e9rmicos para autocaravanas - M2 Camper | Aislantes t\u00e9rmicos y oscurecedores para campers","og_description":"Aislantes t\u00e9rmicos para autocaravanas: ahorro y comodidad en tu aventura Viajar en camper es una forma de vida que combina libertad, aventura y contacto directo con la naturaleza. Pero para que cada trayecto sea realmente c\u00f3modo, es fundamental contar con un sistema t\u00e9rmico eficiente que permita mantener una temperatura interior agradable sin depender en exceso&hellip;&nbsp;Lire la suite &raquo;C\u00f3mo mejorar la eficiencia energ\u00e9tica de tu veh\u00edculo con aislantes t\u00e9rmicos para autocaravanas","og_url":"https:\/\/m2camper.com\/fr\/comment-ameliorer-lefficacite-energetique-de-votre-vehicule-grace-a-lisolation-thermique-pour-camping-cars\/","og_site_name":"M2 Camper | Aislantes t\u00e9rmicos y oscurecedores para campers","article_published_time":"2025-05-05T08:33:11+00:00","article_modified_time":"2025-05-27T08:11:29+00:00","og_image":[{"width":2000,"height":1414,"url":"https:\/\/m2camper.com\/wp-content\/uploads\/2025\/04\/aislante-para-furgos-1.jpg","type":"image\/jpeg"}],"author":"Prubs214s","twitter_card":"summary_large_image","twitter_misc":{"\u00c9crit par":"Prubs214s","Dur\u00e9e de lecture estim\u00e9e":"5 minutes"},"schema":{"@context":"https:\/\/schema.org","@graph":[{"@type":"Article","@id":"https:\/\/m2camper.com\/como-mejorar-la-eficiencia-energetica-de-tu-vehiculo-con-aislantes-termicos-para-autocaravanas\/#article","isPartOf":{"@id":"https:\/\/m2camper.com\/como-mejorar-la-eficiencia-energetica-de-tu-vehiculo-con-aislantes-termicos-para-autocaravanas\/"},"author":{"name":"Prubs214s","@id":"https:\/\/m2camper.com\/pt\/#\/schema\/person\/ad1e681f60b2e23c9b88a93e6d3feab3"},"headline":"C\u00f3mo mejorar la eficiencia energ\u00e9tica de tu veh\u00edculo con aislantes t\u00e9rmicos para autocaravanas","datePublished":"2025-05-05T08:33:11+00:00","dateModified":"2025-05-27T08:11:29+00:00","mainEntityOfPage":{"@id":"https:\/\/m2camper.com\/como-mejorar-la-eficiencia-energetica-de-tu-vehiculo-con-aislantes-termicos-para-autocaravanas\/"},"wordCount":968,"image":{"@id":"https:\/\/m2camper.com\/como-mejorar-la-eficiencia-energetica-de-tu-vehiculo-con-aislantes-termicos-para-autocaravanas\/#primaryimage"},"thumbnailUrl":"https:\/\/m2camper.com\/wp-content\/uploads\/2025\/04\/aislante-para-furgos-1.jpg","keywords":["Aislantes t\u00e9rmicos para autocaravanas"],"articleSection":["Aislantes t\u00e9rmicos"],"inLanguage":"fr-FR"},{"@type":"WebPage","@id":"https:\/\/m2camper.com\/como-mejorar-la-eficiencia-energetica-de-tu-vehiculo-con-aislantes-termicos-para-autocaravanas\/","url":"https:\/\/m2camper.com\/como-mejorar-la-eficiencia-energetica-de-tu-vehiculo-con-aislantes-termicos-para-autocaravanas\/","name":"Comment am\u00e9liorer l&#039;efficacit\u00e9 \u00e9nerg\u00e9tique de votre v\u00e9hicule gr\u00e2ce \u00e0 l&#039;isolation thermique pour camping-cars - M2 Camper | Isolation thermique et occultation pour camping-cars","isPartOf":{"@id":"https:\/\/m2camper.com\/pt\/#website"},"primaryImageOfPage":{"@id":"https:\/\/m2camper.com\/como-mejorar-la-eficiencia-energetica-de-tu-vehiculo-con-aislantes-termicos-para-autocaravanas\/#primaryimage"},"image":{"@id":"https:\/\/m2camper.com\/como-mejorar-la-eficiencia-energetica-de-tu-vehiculo-con-aislantes-termicos-para-autocaravanas\/#primaryimage"},"thumbnailUrl":"https:\/\/m2camper.com\/wp-content\/uploads\/2025\/04\/aislante-para-furgos-1.jpg","datePublished":"2025-05-05T08:33:11+00:00","dateModified":"2025-05-27T08:11:29+00:00","author":{"@id":"https:\/\/m2camper.com\/pt\/#\/schema\/person\/ad1e681f60b2e23c9b88a93e6d3feab3"},"breadcrumb":{"@id":"https:\/\/m2camper.com\/como-mejorar-la-eficiencia-energetica-de-tu-vehiculo-con-aislantes-termicos-para-autocaravanas\/#breadcrumb"},"inLanguage":"fr-FR","potentialAction":[{"@type":"ReadAction","target":["https:\/\/m2camper.com\/como-mejorar-la-eficiencia-energetica-de-tu-vehiculo-con-aislantes-termicos-para-autocaravanas\/"]}]},{"@type":"ImageObject","inLanguage":"fr-FR","@id":"https:\/\/m2camper.com\/como-mejorar-la-eficiencia-energetica-de-tu-vehiculo-con-aislantes-termicos-para-autocaravanas\/#primaryimage","url":"https:\/\/m2camper.com\/wp-content\/uploads\/2025\/04\/aislante-para-furgos-1.jpg","contentUrl":"https:\/\/m2camper.com\/wp-content\/uploads\/2025\/04\/aislante-para-furgos-1.jpg","width":2000,"height":1414},{"@type":"BreadcrumbList","@id":"https:\/\/m2camper.com\/como-mejorar-la-eficiencia-energetica-de-tu-vehiculo-con-aislantes-termicos-para-autocaravanas\/#breadcrumb","itemListElement":[{"@type":"ListItem","position":1,"name":"Portada","item":"https:\/\/m2camper.com\/pt\/"},{"@type":"ListItem","position":2,"name":"C\u00f3mo mejorar la eficiencia energ\u00e9tica de tu veh\u00edculo con aislantes t\u00e9rmicos para autocaravanas"}]},{"@type":"WebSite","@id":"https:\/\/m2camper.com\/pt\/#website","url":"https:\/\/m2camper.com\/pt\/","name":"M2 Campeurs | Isolation thermique et oscurecedores pour les campeurs","description":"D\u00e9couvrez la qualit\u00e9 et le confort de notre isolation thermique oscurecedores et des matelas pour les v\u00e9hicules. Optimiser votre exp\u00e9rience de la route avec M2 camping-car.","potentialAction":[{"@type":"SearchAction","target":{"@type":"EntryPoint","urlTemplate":"https:\/\/m2camper.com\/pt\/?s={search_term_string}"},"query-input":{"@type":"PropertyValueSpecification","valueRequired":true,"valueName":"search_term_string"}}],"inLanguage":"fr-FR"},{"@type":"Person","@id":"https:\/\/m2camper.com\/pt\/#\/schema\/person\/ad1e681f60b2e23c9b88a93e6d3feab3","name":"Prubs214s","image":{"@type":"ImageObject","inLanguage":"fr-FR","@id":"https:\/\/secure.gravatar.com\/avatar\/74706914812c3b473b95a5253410b33d71c50bf5f0d5423532bc0afa617d4316?s=96&d=mm&r=g","url":"https:\/\/secure.gravatar.com\/avatar\/74706914812c3b473b95a5253410b33d71c50bf5f0d5423532bc0afa617d4316?s=96&d=mm&r=g","contentUrl":"https:\/\/secure.gravatar.com\/avatar\/74706914812c3b473b95a5253410b33d71c50bf5f0d5423532bc0afa617d4316?s=96&d=mm&r=g","caption":"Prubs214s"},"url":"https:\/\/m2camper.com\/fr\/author\/prubs214s\/"}]}},"_links":{"self":[{"href":"https:\/\/m2camper.com\/fr\/wp-json\/wp\/v2\/posts\/13560","targetHints":{"allow":["GET"]}}],"collection":[{"href":"https:\/\/m2camper.com\/fr\/wp-json\/wp\/v2\/posts"}],"about":[{"href":"https:\/\/m2camper.com\/fr\/wp-json\/wp\/v2\/types\/post"}],"author":[{"embeddable":true,"href":"https:\/\/m2camper.com\/fr\/wp-json\/wp\/v2\/users\/5741"}],"replies":[{"embeddable":true,"href":"https:\/\/m2camper.com\/fr\/wp-json\/wp\/v2\/comments?post=13560"}],"version-history":[{"count":4,"href":"https:\/\/m2camper.com\/fr\/wp-json\/wp\/v2\/posts\/13560\/revisions"}],"predecessor-version":[{"id":13727,"href":"https:\/\/m2camper.com\/fr\/wp-json\/wp\/v2\/posts\/13560\/revisions\/13727"}],"wp:featuredmedia":[{"embeddable":true,"href":"https:\/\/m2camper.com\/fr\/wp-json\/wp\/v2\/media\/13618"}],"wp:attachment":[{"href":"https:\/\/m2camper.com\/fr\/wp-json\/wp\/v2\/media?parent=13560"}],"wp:term":[{"taxonomy":"category","embeddable":true,"href":"https:\/\/m2camper.com\/fr\/wp-json\/wp\/v2\/categories?post=13560"},{"taxonomy":"post_tag","embeddable":true,"href":"https:\/\/m2camper.com\/fr\/wp-json\/wp\/v2\/tags?post=13560"}],"curies":[{"name":"wp","href":"https:\/\/api.w.org\/{rel}","templated":true}]}}