{"id":13496,"date":"2025-04-29T07:09:12","date_gmt":"2025-04-29T07:09:12","guid":{"rendered":"https:\/\/m2camper.com\/?p=13496"},"modified":"2025-05-15T09:41:13","modified_gmt":"2025-05-15T07:41:13","slug":"les-meilleurs-accessoires-pour-completer-votre-kit-de-camping-car-et-faire-passer-votre-experience-au-niveau-superieur","status":"publish","type":"post","link":"https:\/\/m2camper.com\/fr\/les-meilleurs-accessoires-pour-completer-votre-kit-de-camping-car-et-faire-passer-votre-experience-au-niveau-superieur\/","title":{"rendered":"Les meilleurs accessoires pour compl\u00e9ter votre kit de camping-car et faire passer votre exp\u00e9rience au niveau sup\u00e9rieur."},"content":{"rendered":"<h2 class=\"wp-block-heading has-neve-text-color-color has-text-color has-link-color wp-elements-4af4c1ce12a3d209b972e0e5bc0151d1\">Kit camping-car : confort et fonctionnalit\u00e9<br><\/h2>\n\n\n\n<p class=\"has-neve-text-color-color has-text-color has-link-color wp-elements-5dc65115d92d1c62af6bc837f2cc5a5c\">La camperisation n\u2019est pas seulement une tendance : c\u2019est un mode de vie. Pour ceux qui choisissent de voyager librement, de dormir \u00e0 la belle \u00e9toile et de se r\u00e9veiller face \u00e0 la mer ou au milieu de la for\u00eat, en passant un bon moment <strong><a href=\"https:\/\/m2camper.com\/fr\/isolateurs\/\">kit camping-car <\/a><\/strong>Ce n&#039;est que le d\u00e9but. La v\u00e9ritable transformation se produit lorsque vous int\u00e9grez les bons accessoires qui am\u00e9liorent votre confort, votre fonctionnalit\u00e9 et votre autonomie.<\/p>\n\n\n\n<p>Dans cet article, nous vous pr\u00e9sentons les meilleurs accessoires pour votre <strong>kit camping-car<\/strong>. Des isolateurs occultants aux matelas sur mesure, en passant par les solutions d&#039;\u00e9clairage, de ventilation et de cuisine, ce guide vous aidera \u00e0 tirer le meilleur parti de chaque recoin de votre fourgonnette.<\/p>\n\n\n<div class=\"wp-block-image\">\n<figure class=\"aligncenter size-large\"><img fetchpriority=\"high\" decoding=\"async\" width=\"1024\" height=\"936\" src=\"https:\/\/m2camper.com\/wp-content\/uploads\/2025\/02\/headerAislantes-1-1024x936.jpg\" alt=\"\" class=\"wp-image-12539\" srcset=\"https:\/\/m2camper.com\/wp-content\/uploads\/2025\/02\/headerAislantes-1-1024x936.jpg 1024w, https:\/\/m2camper.com\/wp-content\/uploads\/2025\/02\/headerAislantes-1-300x274.jpg 300w, https:\/\/m2camper.com\/wp-content\/uploads\/2025\/02\/headerAislantes-1-768x702.jpg 768w, https:\/\/m2camper.com\/wp-content\/uploads\/2025\/02\/headerAislantes-1-1536x1403.jpg 1536w, https:\/\/m2camper.com\/wp-content\/uploads\/2025\/02\/headerAislantes-1-13x12.jpg 13w, https:\/\/m2camper.com\/wp-content\/uploads\/2025\/02\/headerAislantes-1-600x548.jpg 600w, https:\/\/m2camper.com\/wp-content\/uploads\/2025\/02\/headerAislantes-1.jpg 2048w\" sizes=\"(max-width: 1024px) 100vw, 1024px\" \/><\/figure>\n<\/div>\n\n\n<h2 class=\"wp-block-heading has-neve-text-color-color has-text-color has-link-color wp-elements-0b559cd7c053e24ccc86a7d461d655c1\">Confort essentiel pour votre kit camping-car : isolants thermiques occultants et matelas sur mesure<\/h2>\n\n\n\n<p>L\u2019une des erreurs les plus courantes lors de la conversion d\u2019un camping-car est de se concentrer uniquement sur l\u2019esth\u00e9tique ou le mobilier, en n\u00e9gligeant le confort quotidien. Cependant, deux accessoires font la v\u00e9ritable diff\u00e9rence entre une exp\u00e9rience inconfortable et une v\u00e9ritable maison sur roues :<\/p>\n\n\n\n<h4 class=\"wp-block-heading has-neve-text-color-color has-text-color has-link-color wp-elements-e22a490b560e904d254f5c13a92e0c78\">Isolateurs thermiques occultants : isolation, obscurit\u00e9 et intimit\u00e9 en un seul produit<\/h4>\n\n\n\n<p>Ces accessoires multifonctionnels sont essentiels pour obtenir une temp\u00e9rature int\u00e9rieure confortable toute l&#039;ann\u00e9e et se reposer dans l&#039;obscurit\u00e9 et l&#039;intimit\u00e9 totales. Les mod\u00e8les les plus avanc\u00e9s, tels que les mod\u00e8les \u00e0 9 couches propos\u00e9s par M2 Camper, combinent des mat\u00e9riaux r\u00e9fl\u00e9chissants, une isolation thermique et des propri\u00e9t\u00e9s opaques qui :<\/p>\n\n\n\n<ul class=\"wp-block-list\">\n<li class=\"has-neve-text-color-color has-text-color has-link-color wp-elements-1c67cafb2677df04a1bdbbaf4e3b1d98\"><strong>Ils bloquent le froid en hiver et la chaleur en \u00e9t\u00e9<\/strong>.<\/li>\n\n\n\n<li class=\"has-neve-text-color-color has-text-color has-link-color wp-elements-a6579f30d411d3047e8c38faafc7f16e\"><strong>Ils r\u00e9duisent le bruit ext\u00e9rieur<\/strong>, ce qui am\u00e9liore consid\u00e9rablement la qualit\u00e9 du repos.<\/li>\n\n\n\n<li class=\"has-neve-text-color-color has-text-color has-link-color wp-elements-1d725405e7522d2600e7d68e966fabc9\"><strong>Ils prot\u00e8gent la vie priv\u00e9e<\/strong> \u00e0 l&#039;int\u00e9rieur de la camionnette.<\/li>\n\n\n\n<li class=\"has-neve-text-color-color has-text-color has-link-color wp-elements-f8c343d3017c56f20c4193abb335a9f6\"><strong>Ils assombrissent compl\u00e8tement l&#039;int\u00e9rieur<\/strong>, id\u00e9al pour mieux dormir ou travailler sans \u00e9blouissement.<\/li>\n<\/ul>\n\n\n\n<p>De plus, comme il s&#039;agit de produits fabriqu\u00e9s sur mesure, ils s&#039;adaptent parfaitement aux vitres de votre v\u00e9hicule, assurant une \u00e9tanch\u00e9it\u00e9 optimale et une installation rapide sans avoir besoin d&#039;outils.<\/p>\n\n\n\n<h4 class=\"wp-block-heading has-neve-text-color-color has-text-color has-link-color wp-elements-56265cfecb40d227e12ad9c4ad1fb27f\">Matelas sur mesure : le repos que vous m\u00e9ritez<\/h4>\n\n\n\n<p>Rien ne g\u00e2che plus un voyage que de mal dormir. Investir dans un matelas sur mesure pour votre camping-car est donc une d\u00e9cision qui am\u00e9liore votre qualit\u00e9 de vie d\u00e8s le premier jour.<\/p>\n\n\n\n<p>Les matelas M2 Camper sont fabriqu\u00e9s avec de la mousse haute densit\u00e9, offrant fermet\u00e9 et confort pour des heures de repos. Ils sont \u00e9galement dot\u00e9s de housses amovibles et lavables, con\u00e7ues pour un nettoyage facile pendant le voyage. En plus:<\/p>\n\n\n\n<ul class=\"wp-block-list\">\n<li>Ils sont sp\u00e9cialement con\u00e7us pour votre mod\u00e8le de fourgon.<\/li>\n\n\n\n<li>Ils peuvent \u00eatre divis\u00e9s en modules pour un acc\u00e8s facile au stockage en dessous.<\/li>\n\n\n\n<li>Certains mod\u00e8les sont pliables ou adaptables \u00e0 des structures pliantes.<\/li>\n<\/ul>\n\n\n<div class=\"wp-block-image\">\n<figure class=\"aligncenter size-large\"><img decoding=\"async\" width=\"1024\" height=\"724\" src=\"https:\/\/m2camper.com\/wp-content\/uploads\/2025\/04\/aislantes-para-camper-1-1024x724.jpg\" alt=\"\" class=\"wp-image-13614\" srcset=\"https:\/\/m2camper.com\/wp-content\/uploads\/2025\/04\/aislantes-para-camper-1-1024x724.jpg 1024w, https:\/\/m2camper.com\/wp-content\/uploads\/2025\/04\/aislantes-para-camper-1-300x212.jpg 300w, https:\/\/m2camper.com\/wp-content\/uploads\/2025\/04\/aislantes-para-camper-1-768x543.jpg 768w, https:\/\/m2camper.com\/wp-content\/uploads\/2025\/04\/aislantes-para-camper-1-1536x1086.jpg 1536w, https:\/\/m2camper.com\/wp-content\/uploads\/2025\/04\/aislantes-para-camper-1-18x12.jpg 18w, https:\/\/m2camper.com\/wp-content\/uploads\/2025\/04\/aislantes-para-camper-1-600x424.jpg 600w, https:\/\/m2camper.com\/wp-content\/uploads\/2025\/04\/aislantes-para-camper-1.jpg 2000w\" sizes=\"(max-width: 1024px) 100vw, 1024px\" \/><\/figure>\n<\/div>\n\n\n<h4 class=\"wp-block-heading has-neve-text-color-color has-text-color has-link-color wp-elements-d53927837a20624f4bead689e93123d0\">Puits de lumi\u00e8re, ventilation et \u00e9clairage : am\u00e9liorez l&#039;habitabilit\u00e9 int\u00e9rieure de votre fourgon<\/h4>\n\n\n\n<p>Votre camping-car ne sert pas seulement \u00e0 dormir : c&#039;est aussi votre cuisine, votre espace d\u00e9tente et m\u00eame votre bureau. Un bon \u00e9clairage et une bonne ventilation sont essentiels pour profiter de cet espace de jour comme de nuit.<\/p>\n\n\n\n<h5 class=\"wp-block-heading has-neve-text-color-color has-text-color has-link-color wp-elements-9e84306ec007500d4cf884b13742fcb6\">Puits de lumi\u00e8re avec ventilation<\/h5>\n\n\n\n<p>Ils permettent le renouvellement de l\u2019air, r\u00e9duisent l\u2019humidit\u00e9 et emp\u00eachent la condensation. Certains mod\u00e8les comprennent des ventilateurs int\u00e9gr\u00e9s, des moustiquaires et des stores occultants, et sont aliment\u00e9s par l&#039;\u00e9nergie solaire ou se connectent au syst\u00e8me auxiliaire du fourgon.<\/p>\n\n\n\n<h5 class=\"wp-block-heading has-neve-text-color-color has-text-color has-link-color wp-elements-92205b75255b90114d957f9ac2f1c96c\">\u00c9clairage LED chaleureux et efficace<\/h5>\n\n\n\n<p>Un bon \u00e9clairage transforme l\u2019environnement int\u00e9rieur. Les lumi\u00e8res LED \u00e0 intensit\u00e9 variable sont id\u00e9ales pour cr\u00e9er une atmosph\u00e8re chaleureuse, consommer peu d&#039;\u00e9nergie et s&#039;adapter \u00e0 diff\u00e9rentes activit\u00e9s : cuisiner, lire, se d\u00e9tendre ou travailler.<\/p>\n\n\n\n<h5 class=\"wp-block-heading has-neve-text-color-color has-text-color has-link-color wp-elements-93b284be0d9bbb3dcf8ab04c90c9f08f\">Ventilateurs portables<\/h5>\n\n\n\n<p>Si votre budget ne vous permet pas d\u2019installer un puits de lumi\u00e8re \u00e0 air puls\u00e9, les ventilateurs portables sont une option efficace et abordable pour am\u00e9liorer la circulation de l\u2019air \u00e0 l\u2019int\u00e9rieur de votre maison.<\/p>\n\n\n\n<h4 class=\"wp-block-heading has-neve-text-color-color has-text-color has-link-color wp-elements-d77dabf164d9b76c5c3131b12c0b08af\">Cuisine, ordre et solutions pratiques : la fonctionnalit\u00e9 sur roues<\/h4>\n\n\n\n<p>Voyager en van signifie vivre dans un petit espace, chaque accessoire doit donc \u00eatre pratique, l\u00e9ger et facile \u00e0 utiliser. Voici quelques incontournables :<\/p>\n\n\n\n<h5 class=\"wp-block-heading has-neve-text-color-color has-text-color has-link-color wp-elements-258333a44a0939b81352b47a8c4b467c\">Cuisini\u00e8res portables \u00e0 gaz ou \u00e0 induction<\/h5>\n\n\n\n<p>Id\u00e9al pour ceux qui ne souhaitent pas d&#039;installation fixe. Ils fonctionnent avec des cartouches de gaz jetables ou une connexion \u00e9lectrique 220 V ou 12 V, et beaucoup sont livr\u00e9s dans des \u00e9tuis de transport pour un rangement facile.<\/p>\n\n\n\n<h5 class=\"wp-block-heading has-neve-text-color-color has-text-color has-link-color wp-elements-758f81b8b030069101497a1f492f730c\">Syst\u00e8me d&#039;eau de base<\/h5>\n\n\n\n<p>Un \u00e9vier compact avec r\u00e9servoirs d&#039;eau propre et d&#039;eau us\u00e9e, ainsi qu&#039;une pompe 12 V et un robinet r\u00e9tractable, vous permettent de cuisiner, de nettoyer et de vous toiletter sans complications.<\/p>\n\n\n\n<h5 class=\"wp-block-heading has-neve-text-color-color has-text-color has-link-color wp-elements-631c9c88a9fe817f5bb1bcae6c41c1ed\">Modules et organisateurs<\/h5>\n\n\n\n<p>Des meubles modulaires aux bo\u00eetes pliantes, en passant par les filets et les tiroirs \u00e0 fermeture magn\u00e9tique, il existe de nombreuses fa\u00e7ons de garder votre fourgon organis\u00e9, ce qui est essentiel lorsque chaque centim\u00e8tre compte.<\/p>\n\n\n\n<h5 class=\"wp-block-heading has-neve-text-color-color has-text-color has-link-color wp-elements-7be06e09757764a8698e490543ed3e97\">Table et chaises pliantes<\/h5>\n\n\n\n<p>Parfait pour manger ou travailler en ext\u00e9rieur. Il existe des mod\u00e8les ultra-l\u00e9gers et durables qui prennent tr\u00e8s peu de place une fois pli\u00e9s.<\/p>\n\n\n\n<h2 class=\"wp-block-heading has-neve-text-color-color has-text-color has-link-color wp-elements-8977cf3cfa5d40f73bc6baf476d1288e\">Votre kit camping-car m\u00e9rite des accessoires \u00e0 la hauteur.<\/h2>\n\n\n\n<p class=\"has-neve-text-color-color has-text-color has-link-color wp-elements-810ff43fa7a0e59f26a050325aadf512\">Un bon <strong><a href=\"https:\/\/m2camper.com\/fr\/isolateurs\/\">kit camping-car<\/a><\/strong> Transformez votre v\u00e9hicule, mais les bons accessoires le transforment en une v\u00e9ritable maison sur roues. L&#039;isolation thermique occultante et les matelas sur mesure ne sont pas des extras, mais des \u00e9l\u00e9ments essentiels qui garantissent votre confort et votre bien-\u00eatre tout au long de votre voyage.<\/p>\n\n\n\n<p class=\"has-neve-text-color-color has-text-color has-link-color wp-elements-9bf0f981640abe513209bc48eb13f51e\">Dans <strong><a href=\"https:\/\/m2camper.com\/fr\/contact\/\">Camping-car M2<\/a><\/strong> Vous trouverez des solutions con\u00e7ues pour tous les types d&#039;utilisateurs, des d\u00e9butants aux voyageurs exp\u00e9riment\u00e9s. Nous concevons des produits fonctionnels et durables adapt\u00e9s \u00e0 chaque mod\u00e8le de fourgon, en nous appuyant sur l&#039;exp\u00e9rience de ceux qui ont v\u00e9cu le monde du camping-car de l&#039;int\u00e9rieur.<\/p>\n\n\n\n<p>Pr\u00eat \u00e0 passer \u00e0 l\u2019\u00e9tape suivante ? Am\u00e9liorez votre exp\u00e9rience, gagnez en confort et rendez chaque escapade inoubliable. Parce que votre van peut \u00eatre bien plus qu\u2019un moyen de transport : il peut \u00eatre votre refuge id\u00e9al, o\u00f9 que vous soyez.<\/p>\n\n\n<div class=\"wp-block-image\">\n<figure class=\"aligncenter size-large\"><img decoding=\"async\" width=\"1024\" height=\"724\" src=\"https:\/\/m2camper.com\/wp-content\/uploads\/2025\/04\/aislantes-termicos-1-1024x724.jpg\" alt=\"\" class=\"wp-image-13616\" srcset=\"https:\/\/m2camper.com\/wp-content\/uploads\/2025\/04\/aislantes-termicos-1-1024x724.jpg 1024w, https:\/\/m2camper.com\/wp-content\/uploads\/2025\/04\/aislantes-termicos-1-300x212.jpg 300w, https:\/\/m2camper.com\/wp-content\/uploads\/2025\/04\/aislantes-termicos-1-768x543.jpg 768w, https:\/\/m2camper.com\/wp-content\/uploads\/2025\/04\/aislantes-termicos-1-1536x1086.jpg 1536w, https:\/\/m2camper.com\/wp-content\/uploads\/2025\/04\/aislantes-termicos-1-18x12.jpg 18w, https:\/\/m2camper.com\/wp-content\/uploads\/2025\/04\/aislantes-termicos-1-600x424.jpg 600w, https:\/\/m2camper.com\/wp-content\/uploads\/2025\/04\/aislantes-termicos-1.jpg 2000w\" sizes=\"(max-width: 1024px) 100vw, 1024px\" \/><\/figure>\n<\/div>","protected":false},"excerpt":{"rendered":"<p>Kit para furgonetas camper: comodidad y funcionalidad La camperizaci\u00f3n no es solo una tendencia: es una forma de vida. Para quienes eligen viajar en libertad, dormir bajo las estrellas y despertar frente al mar o en medio del bosque, contar con un buen kit para furgonetas camper es apenas el comienzo. La verdadera transformaci\u00f3n ocurre&hellip;&nbsp;<a href=\"https:\/\/m2camper.com\/fr\/les-meilleurs-accessoires-pour-completer-votre-kit-de-camping-car-et-faire-passer-votre-experience-au-niveau-superieur\/\" rel=\"bookmark\">En savoir plus &quot;<span class=\"screen-reader-text\">Les meilleurs accessoires pour compl\u00e9ter votre kit de camping-car et faire passer votre exp\u00e9rience au niveau sup\u00e9rieur.<\/span><\/a><\/p>","protected":false},"author":5741,"featured_media":13607,"comment_status":"closed","ping_status":"closed","sticky":false,"template":"","format":"standard","meta":{"neve_meta_sidebar":"","neve_meta_container":"","neve_meta_enable_content_width":"","neve_meta_content_width":0,"neve_meta_title_alignment":"","neve_meta_author_avatar":"","neve_post_elements_order":"","neve_meta_disable_header":"","neve_meta_disable_footer":"","neve_meta_disable_title":"","footnotes":""},"categories":[204],"tags":[205],"class_list":["post-13496","post","type-post","status-publish","format-standard","has-post-thumbnail","hentry","category-kit-para-furgonetas-camper","tag-kit-para-furgonetas-camper"],"yoast_head":"<!-- This site is optimized with the Yoast SEO plugin v27.4 - https:\/\/yoast.com\/product\/yoast-seo-wordpress\/ -->\n<title>Los mejores accesorios para complementar tu kit para furgonetas camper y llevar tu experiencia al siguiente nivel - M2 Camper | Aislantes t\u00e9rmicos y oscurecedores para campers<\/title>\n<meta name=\"robots\" content=\"index, follow, max-snippet:-1, max-image-preview:large, max-video-preview:-1\" \/>\n<link rel=\"canonical\" href=\"https:\/\/m2camper.com\/fr\/les-meilleurs-accessoires-pour-completer-votre-kit-de-camping-car-et-faire-passer-votre-experience-au-niveau-superieur\/\" \/>\n<meta property=\"og:locale\" content=\"fr_FR\" \/>\n<meta property=\"og:type\" content=\"article\" \/>\n<meta property=\"og:title\" content=\"Los mejores accesorios para complementar tu kit para furgonetas camper y llevar tu experiencia al siguiente nivel - M2 Camper | Aislantes t\u00e9rmicos y oscurecedores para campers\" \/>\n<meta property=\"og:description\" content=\"Kit para furgonetas camper: comodidad y funcionalidad La camperizaci\u00f3n no es solo una tendencia: es una forma de vida. Para quienes eligen viajar en libertad, dormir bajo las estrellas y despertar frente al mar o en medio del bosque, contar con un buen kit para furgonetas camper es apenas el comienzo. La verdadera transformaci\u00f3n ocurre&hellip;&nbsp;Lire la suite &raquo;Los mejores accesorios para complementar tu kit para furgonetas camper y llevar tu experiencia al siguiente nivel\" \/>\n<meta property=\"og:url\" content=\"https:\/\/m2camper.com\/fr\/les-meilleurs-accessoires-pour-completer-votre-kit-de-camping-car-et-faire-passer-votre-experience-au-niveau-superieur\/\" \/>\n<meta property=\"og:site_name\" content=\"M2 Camper | Aislantes t\u00e9rmicos y oscurecedores para campers\" \/>\n<meta property=\"article:published_time\" content=\"2025-04-29T07:09:12+00:00\" \/>\n<meta property=\"article:modified_time\" content=\"2025-05-15T07:41:13+00:00\" \/>\n<meta property=\"og:image\" content=\"https:\/\/m2camper.com\/wp-content\/uploads\/2025\/04\/aislantes-para-camper.jpg\" \/>\n\t<meta property=\"og:image:width\" content=\"2000\" \/>\n\t<meta property=\"og:image:height\" content=\"1414\" \/>\n\t<meta property=\"og:image:type\" content=\"image\/jpeg\" \/>\n<meta name=\"author\" content=\"Prubs214s\" \/>\n<meta name=\"twitter:card\" content=\"summary_large_image\" \/>\n<meta name=\"twitter:label1\" content=\"\u00c9crit par\" \/>\n\t<meta name=\"twitter:data1\" content=\"Prubs214s\" \/>\n\t<meta name=\"twitter:label2\" content=\"Dur\u00e9e de lecture estim\u00e9e\" \/>\n\t<meta name=\"twitter:data2\" content=\"5 minutes\" \/>\n<script type=\"application\/ld+json\" class=\"yoast-schema-graph\">{\"@context\":\"https:\\\/\\\/schema.org\",\"@graph\":[{\"@type\":\"Article\",\"@id\":\"https:\\\/\\\/m2camper.com\\\/los-mejores-accesorios-para-complementar-tu-kit-para-furgonetas-camper-y-llevar-tu-experiencia-al-siguiente-nivel\\\/#article\",\"isPartOf\":{\"@id\":\"https:\\\/\\\/m2camper.com\\\/los-mejores-accesorios-para-complementar-tu-kit-para-furgonetas-camper-y-llevar-tu-experiencia-al-siguiente-nivel\\\/\"},\"author\":{\"name\":\"Prubs214s\",\"@id\":\"https:\\\/\\\/m2camper.com\\\/pt\\\/#\\\/schema\\\/person\\\/ad1e681f60b2e23c9b88a93e6d3feab3\"},\"headline\":\"Los mejores accesorios para complementar tu kit para furgonetas camper y llevar tu experiencia al siguiente nivel\",\"datePublished\":\"2025-04-29T07:09:12+00:00\",\"dateModified\":\"2025-05-15T07:41:13+00:00\",\"mainEntityOfPage\":{\"@id\":\"https:\\\/\\\/m2camper.com\\\/los-mejores-accesorios-para-complementar-tu-kit-para-furgonetas-camper-y-llevar-tu-experiencia-al-siguiente-nivel\\\/\"},\"wordCount\":941,\"image\":{\"@id\":\"https:\\\/\\\/m2camper.com\\\/los-mejores-accesorios-para-complementar-tu-kit-para-furgonetas-camper-y-llevar-tu-experiencia-al-siguiente-nivel\\\/#primaryimage\"},\"thumbnailUrl\":\"https:\\\/\\\/m2camper.com\\\/wp-content\\\/uploads\\\/2025\\\/04\\\/aislantes-para-camper.jpg\",\"keywords\":[\"kit para furgonetas camper\"],\"articleSection\":[\"kit para furgonetas camper\"],\"inLanguage\":\"fr-FR\"},{\"@type\":\"WebPage\",\"@id\":\"https:\\\/\\\/m2camper.com\\\/los-mejores-accesorios-para-complementar-tu-kit-para-furgonetas-camper-y-llevar-tu-experiencia-al-siguiente-nivel\\\/\",\"url\":\"https:\\\/\\\/m2camper.com\\\/los-mejores-accesorios-para-complementar-tu-kit-para-furgonetas-camper-y-llevar-tu-experiencia-al-siguiente-nivel\\\/\",\"name\":\"Los mejores accesorios para complementar tu kit para furgonetas camper y llevar tu experiencia al siguiente nivel - M2 Camper | Aislantes t\u00e9rmicos y oscurecedores para campers\",\"isPartOf\":{\"@id\":\"https:\\\/\\\/m2camper.com\\\/pt\\\/#website\"},\"primaryImageOfPage\":{\"@id\":\"https:\\\/\\\/m2camper.com\\\/los-mejores-accesorios-para-complementar-tu-kit-para-furgonetas-camper-y-llevar-tu-experiencia-al-siguiente-nivel\\\/#primaryimage\"},\"image\":{\"@id\":\"https:\\\/\\\/m2camper.com\\\/los-mejores-accesorios-para-complementar-tu-kit-para-furgonetas-camper-y-llevar-tu-experiencia-al-siguiente-nivel\\\/#primaryimage\"},\"thumbnailUrl\":\"https:\\\/\\\/m2camper.com\\\/wp-content\\\/uploads\\\/2025\\\/04\\\/aislantes-para-camper.jpg\",\"datePublished\":\"2025-04-29T07:09:12+00:00\",\"dateModified\":\"2025-05-15T07:41:13+00:00\",\"author\":{\"@id\":\"https:\\\/\\\/m2camper.com\\\/pt\\\/#\\\/schema\\\/person\\\/ad1e681f60b2e23c9b88a93e6d3feab3\"},\"breadcrumb\":{\"@id\":\"https:\\\/\\\/m2camper.com\\\/los-mejores-accesorios-para-complementar-tu-kit-para-furgonetas-camper-y-llevar-tu-experiencia-al-siguiente-nivel\\\/#breadcrumb\"},\"inLanguage\":\"fr-FR\",\"potentialAction\":[{\"@type\":\"ReadAction\",\"target\":[\"https:\\\/\\\/m2camper.com\\\/los-mejores-accesorios-para-complementar-tu-kit-para-furgonetas-camper-y-llevar-tu-experiencia-al-siguiente-nivel\\\/\"]}]},{\"@type\":\"ImageObject\",\"inLanguage\":\"fr-FR\",\"@id\":\"https:\\\/\\\/m2camper.com\\\/los-mejores-accesorios-para-complementar-tu-kit-para-furgonetas-camper-y-llevar-tu-experiencia-al-siguiente-nivel\\\/#primaryimage\",\"url\":\"https:\\\/\\\/m2camper.com\\\/wp-content\\\/uploads\\\/2025\\\/04\\\/aislantes-para-camper.jpg\",\"contentUrl\":\"https:\\\/\\\/m2camper.com\\\/wp-content\\\/uploads\\\/2025\\\/04\\\/aislantes-para-camper.jpg\",\"width\":2000,\"height\":1414},{\"@type\":\"BreadcrumbList\",\"@id\":\"https:\\\/\\\/m2camper.com\\\/los-mejores-accesorios-para-complementar-tu-kit-para-furgonetas-camper-y-llevar-tu-experiencia-al-siguiente-nivel\\\/#breadcrumb\",\"itemListElement\":[{\"@type\":\"ListItem\",\"position\":1,\"name\":\"Portada\",\"item\":\"https:\\\/\\\/m2camper.com\\\/pt\\\/\"},{\"@type\":\"ListItem\",\"position\":2,\"name\":\"Los mejores accesorios para complementar tu kit para furgonetas camper y llevar tu experiencia al siguiente nivel\"}]},{\"@type\":\"WebSite\",\"@id\":\"https:\\\/\\\/m2camper.com\\\/pt\\\/#website\",\"url\":\"https:\\\/\\\/m2camper.com\\\/pt\\\/\",\"name\":\"M2 Campers | Aislantes t\u00e9rmicos y oscurecedores para campers\",\"description\":\"Descubre calidad y confort de nuestros aislantes t\u00e9rmicos oscurecedores y colchones para veh\u00edculos. Optimiza tu experiencia en carretera con M2 Camper.\",\"potentialAction\":[{\"@type\":\"SearchAction\",\"target\":{\"@type\":\"EntryPoint\",\"urlTemplate\":\"https:\\\/\\\/m2camper.com\\\/pt\\\/?s={search_term_string}\"},\"query-input\":{\"@type\":\"PropertyValueSpecification\",\"valueRequired\":true,\"valueName\":\"search_term_string\"}}],\"inLanguage\":\"fr-FR\"},{\"@type\":\"Person\",\"@id\":\"https:\\\/\\\/m2camper.com\\\/pt\\\/#\\\/schema\\\/person\\\/ad1e681f60b2e23c9b88a93e6d3feab3\",\"name\":\"Prubs214s\",\"image\":{\"@type\":\"ImageObject\",\"inLanguage\":\"fr-FR\",\"@id\":\"https:\\\/\\\/secure.gravatar.com\\\/avatar\\\/74706914812c3b473b95a5253410b33d71c50bf5f0d5423532bc0afa617d4316?s=96&d=mm&r=g\",\"url\":\"https:\\\/\\\/secure.gravatar.com\\\/avatar\\\/74706914812c3b473b95a5253410b33d71c50bf5f0d5423532bc0afa617d4316?s=96&d=mm&r=g\",\"contentUrl\":\"https:\\\/\\\/secure.gravatar.com\\\/avatar\\\/74706914812c3b473b95a5253410b33d71c50bf5f0d5423532bc0afa617d4316?s=96&d=mm&r=g\",\"caption\":\"Prubs214s\"},\"url\":\"https:\\\/\\\/m2camper.com\\\/fr\\\/author\\\/prubs214s\\\/\"}]}<\/script>\n<!-- \/ Yoast SEO plugin. -->","yoast_head_json":{"title":"Les meilleurs accessoires pour compl\u00e9ter votre kit camping-car et faire passer votre exp\u00e9rience au niveau sup\u00e9rieur - M2 Camper | Isolation thermique et occultation pour camping-cars","robots":{"index":"index","follow":"follow","max-snippet":"max-snippet:-1","max-image-preview":"max-image-preview:large","max-video-preview":"max-video-preview:-1"},"canonical":"https:\/\/m2camper.com\/fr\/les-meilleurs-accessoires-pour-completer-votre-kit-de-camping-car-et-faire-passer-votre-experience-au-niveau-superieur\/","og_locale":"fr_FR","og_type":"article","og_title":"Los mejores accesorios para complementar tu kit para furgonetas camper y llevar tu experiencia al siguiente nivel - M2 Camper | Aislantes t\u00e9rmicos y oscurecedores para campers","og_description":"Kit para furgonetas camper: comodidad y funcionalidad La camperizaci\u00f3n no es solo una tendencia: es una forma de vida. Para quienes eligen viajar en libertad, dormir bajo las estrellas y despertar frente al mar o en medio del bosque, contar con un buen kit para furgonetas camper es apenas el comienzo. La verdadera transformaci\u00f3n ocurre&hellip;&nbsp;Lire la suite &raquo;Los mejores accesorios para complementar tu kit para furgonetas camper y llevar tu experiencia al siguiente nivel","og_url":"https:\/\/m2camper.com\/fr\/les-meilleurs-accessoires-pour-completer-votre-kit-de-camping-car-et-faire-passer-votre-experience-au-niveau-superieur\/","og_site_name":"M2 Camper | Aislantes t\u00e9rmicos y oscurecedores para campers","article_published_time":"2025-04-29T07:09:12+00:00","article_modified_time":"2025-05-15T07:41:13+00:00","og_image":[{"width":2000,"height":1414,"url":"https:\/\/m2camper.com\/wp-content\/uploads\/2025\/04\/aislantes-para-camper.jpg","type":"image\/jpeg"}],"author":"Prubs214s","twitter_card":"summary_large_image","twitter_misc":{"\u00c9crit par":"Prubs214s","Dur\u00e9e de lecture estim\u00e9e":"5 minutes"},"schema":{"@context":"https:\/\/schema.org","@graph":[{"@type":"Article","@id":"https:\/\/m2camper.com\/los-mejores-accesorios-para-complementar-tu-kit-para-furgonetas-camper-y-llevar-tu-experiencia-al-siguiente-nivel\/#article","isPartOf":{"@id":"https:\/\/m2camper.com\/los-mejores-accesorios-para-complementar-tu-kit-para-furgonetas-camper-y-llevar-tu-experiencia-al-siguiente-nivel\/"},"author":{"name":"Prubs214s","@id":"https:\/\/m2camper.com\/pt\/#\/schema\/person\/ad1e681f60b2e23c9b88a93e6d3feab3"},"headline":"Los mejores accesorios para complementar tu kit para furgonetas camper y llevar tu experiencia al siguiente nivel","datePublished":"2025-04-29T07:09:12+00:00","dateModified":"2025-05-15T07:41:13+00:00","mainEntityOfPage":{"@id":"https:\/\/m2camper.com\/los-mejores-accesorios-para-complementar-tu-kit-para-furgonetas-camper-y-llevar-tu-experiencia-al-siguiente-nivel\/"},"wordCount":941,"image":{"@id":"https:\/\/m2camper.com\/los-mejores-accesorios-para-complementar-tu-kit-para-furgonetas-camper-y-llevar-tu-experiencia-al-siguiente-nivel\/#primaryimage"},"thumbnailUrl":"https:\/\/m2camper.com\/wp-content\/uploads\/2025\/04\/aislantes-para-camper.jpg","keywords":["kit para furgonetas camper"],"articleSection":["kit para furgonetas camper"],"inLanguage":"fr-FR"},{"@type":"WebPage","@id":"https:\/\/m2camper.com\/los-mejores-accesorios-para-complementar-tu-kit-para-furgonetas-camper-y-llevar-tu-experiencia-al-siguiente-nivel\/","url":"https:\/\/m2camper.com\/los-mejores-accesorios-para-complementar-tu-kit-para-furgonetas-camper-y-llevar-tu-experiencia-al-siguiente-nivel\/","name":"Les meilleurs accessoires pour compl\u00e9ter votre kit camping-car et faire passer votre exp\u00e9rience au niveau sup\u00e9rieur - M2 Camper | Isolation thermique et occultation pour camping-cars","isPartOf":{"@id":"https:\/\/m2camper.com\/pt\/#website"},"primaryImageOfPage":{"@id":"https:\/\/m2camper.com\/los-mejores-accesorios-para-complementar-tu-kit-para-furgonetas-camper-y-llevar-tu-experiencia-al-siguiente-nivel\/#primaryimage"},"image":{"@id":"https:\/\/m2camper.com\/los-mejores-accesorios-para-complementar-tu-kit-para-furgonetas-camper-y-llevar-tu-experiencia-al-siguiente-nivel\/#primaryimage"},"thumbnailUrl":"https:\/\/m2camper.com\/wp-content\/uploads\/2025\/04\/aislantes-para-camper.jpg","datePublished":"2025-04-29T07:09:12+00:00","dateModified":"2025-05-15T07:41:13+00:00","author":{"@id":"https:\/\/m2camper.com\/pt\/#\/schema\/person\/ad1e681f60b2e23c9b88a93e6d3feab3"},"breadcrumb":{"@id":"https:\/\/m2camper.com\/los-mejores-accesorios-para-complementar-tu-kit-para-furgonetas-camper-y-llevar-tu-experiencia-al-siguiente-nivel\/#breadcrumb"},"inLanguage":"fr-FR","potentialAction":[{"@type":"ReadAction","target":["https:\/\/m2camper.com\/los-mejores-accesorios-para-complementar-tu-kit-para-furgonetas-camper-y-llevar-tu-experiencia-al-siguiente-nivel\/"]}]},{"@type":"ImageObject","inLanguage":"fr-FR","@id":"https:\/\/m2camper.com\/los-mejores-accesorios-para-complementar-tu-kit-para-furgonetas-camper-y-llevar-tu-experiencia-al-siguiente-nivel\/#primaryimage","url":"https:\/\/m2camper.com\/wp-content\/uploads\/2025\/04\/aislantes-para-camper.jpg","contentUrl":"https:\/\/m2camper.com\/wp-content\/uploads\/2025\/04\/aislantes-para-camper.jpg","width":2000,"height":1414},{"@type":"BreadcrumbList","@id":"https:\/\/m2camper.com\/los-mejores-accesorios-para-complementar-tu-kit-para-furgonetas-camper-y-llevar-tu-experiencia-al-siguiente-nivel\/#breadcrumb","itemListElement":[{"@type":"ListItem","position":1,"name":"Portada","item":"https:\/\/m2camper.com\/pt\/"},{"@type":"ListItem","position":2,"name":"Los mejores accesorios para complementar tu kit para furgonetas camper y llevar tu experiencia al siguiente nivel"}]},{"@type":"WebSite","@id":"https:\/\/m2camper.com\/pt\/#website","url":"https:\/\/m2camper.com\/pt\/","name":"M2 Campeurs | Isolation thermique et oscurecedores pour les campeurs","description":"D\u00e9couvrez la qualit\u00e9 et le confort de notre isolation thermique oscurecedores et des matelas pour les v\u00e9hicules. Optimiser votre exp\u00e9rience de la route avec M2 camping-car.","potentialAction":[{"@type":"SearchAction","target":{"@type":"EntryPoint","urlTemplate":"https:\/\/m2camper.com\/pt\/?s={search_term_string}"},"query-input":{"@type":"PropertyValueSpecification","valueRequired":true,"valueName":"search_term_string"}}],"inLanguage":"fr-FR"},{"@type":"Person","@id":"https:\/\/m2camper.com\/pt\/#\/schema\/person\/ad1e681f60b2e23c9b88a93e6d3feab3","name":"Prubs214s","image":{"@type":"ImageObject","inLanguage":"fr-FR","@id":"https:\/\/secure.gravatar.com\/avatar\/74706914812c3b473b95a5253410b33d71c50bf5f0d5423532bc0afa617d4316?s=96&d=mm&r=g","url":"https:\/\/secure.gravatar.com\/avatar\/74706914812c3b473b95a5253410b33d71c50bf5f0d5423532bc0afa617d4316?s=96&d=mm&r=g","contentUrl":"https:\/\/secure.gravatar.com\/avatar\/74706914812c3b473b95a5253410b33d71c50bf5f0d5423532bc0afa617d4316?s=96&d=mm&r=g","caption":"Prubs214s"},"url":"https:\/\/m2camper.com\/fr\/author\/prubs214s\/"}]}},"_links":{"self":[{"href":"https:\/\/m2camper.com\/fr\/wp-json\/wp\/v2\/posts\/13496","targetHints":{"allow":["GET"]}}],"collection":[{"href":"https:\/\/m2camper.com\/fr\/wp-json\/wp\/v2\/posts"}],"about":[{"href":"https:\/\/m2camper.com\/fr\/wp-json\/wp\/v2\/types\/post"}],"author":[{"embeddable":true,"href":"https:\/\/m2camper.com\/fr\/wp-json\/wp\/v2\/users\/5741"}],"replies":[{"embeddable":true,"href":"https:\/\/m2camper.com\/fr\/wp-json\/wp\/v2\/comments?post=13496"}],"version-history":[{"count":7,"href":"https:\/\/m2camper.com\/fr\/wp-json\/wp\/v2\/posts\/13496\/revisions"}],"predecessor-version":[{"id":13632,"href":"https:\/\/m2camper.com\/fr\/wp-json\/wp\/v2\/posts\/13496\/revisions\/13632"}],"wp:featuredmedia":[{"embeddable":true,"href":"https:\/\/m2camper.com\/fr\/wp-json\/wp\/v2\/media\/13607"}],"wp:attachment":[{"href":"https:\/\/m2camper.com\/fr\/wp-json\/wp\/v2\/media?parent=13496"}],"wp:term":[{"taxonomy":"category","embeddable":true,"href":"https:\/\/m2camper.com\/fr\/wp-json\/wp\/v2\/categories?post=13496"},{"taxonomy":"post_tag","embeddable":true,"href":"https:\/\/m2camper.com\/fr\/wp-json\/wp\/v2\/tags?post=13496"}],"curies":[{"name":"wp","href":"https:\/\/api.w.org\/{rel}","templated":true}]}}