{"id":11586,"date":"2024-12-04T08:29:04","date_gmt":"2024-12-04T08:29:04","guid":{"rendered":"https:\/\/ultbit.com\/m2camper\/?p=11586"},"modified":"2025-02-07T08:30:09","modified_gmt":"2025-02-07T08:30:09","slug":"offrez-des-isolants-thermiques-personnalises","status":"publish","type":"post","link":"https:\/\/m2camper.com\/fr\/offrez-des-isolants-thermiques-personnalises\/","title":{"rendered":"Le cadeau pratique et original pour ce No\u00ebl"},"content":{"rendered":"<div data-breakout=\"normal\">\n<p id=\"viewer-foo\" class=\"cqfST cQRuq WGebp jTM--\" dir=\"auto\"><span class=\"_61ACD\">\u00bfBuscas un regalo \u00fanico, pr\u00e1ctico y que se pueda disfrutar durante todo el a\u00f1o? Estas Navidades, sorprende a tus seres queridos con aislantes t\u00e9rmicos oscurecedores a medida para cualquier tipo de veh\u00edculo. Ya sea un camper, una caravana o un coche particular, este detalle es perfecto para quienes valoran la comodidad, la privacidad y la eficiencia en su transporte.<\/span><\/p>\n<\/div>\n<div data-breakout=\"normal\">\n<h2 id=\"viewer-tkfpf15392\" class=\"_7d6qt scQlf WGebp jTM--\" dir=\"auto\"><span class=\"hpUmk\" style=\"color: #000000;\">Regala Aislantes T\u00e9rmicos a medida<\/span><\/h2>\n<\/div>\n<div data-breakout=\"normal\">\n<h3 id=\"viewer-337va3625\" class=\"jZpvm scQlf WGebp jTM--\" dir=\"auto\"><span class=\"hpUmk\" style=\"color: #000000;\">\u00bfQu\u00e9 son los aislantes oscurecedores?<\/span><\/h3>\n<\/div>\n<div data-breakout=\"normal\">\n<p id=\"viewer-ca7ac3627\" class=\"cqfST cQRuq WGebp jTM--\" dir=\"auto\"><span class=\"_61ACD\">Los aislantes oscurecedores son paneles dise\u00f1ados para cubrir las ventanas de los veh\u00edculos, ofreciendo m\u00faltiples beneficios:<\/span><\/p>\n<\/div>\n<div data-breakout=\"normal\">\n<ul class=\"_9byOP WGebp\">\n<li class=\"fGYqH\" dir=\"auto\" aria-level=\"1\">\n<p id=\"viewer-f56qr3631\" class=\"cqfST cQRuq WGebp jTM--\" dir=\"\"><span class=\"_61ACD\"><strong>Aislamiento t\u00e9rmico<\/strong>: Mantienen el interior fresco en verano y c\u00e1lido en invierno.<\/span><\/p>\n<\/li>\n<li class=\"fGYqH\" dir=\"auto\" aria-level=\"1\">\n<p id=\"viewer-2q3sj3635\" class=\"cqfST cQRuq WGebp jTM--\" dir=\"\"><span class=\"_61ACD\"><strong>Privacidad absoluta<\/strong>: Impiden que las miradas indiscretas se asomen al interior.<\/span><\/p>\n<\/li>\n<li class=\"fGYqH\" dir=\"auto\" aria-level=\"1\">\n<p id=\"viewer-ik8mv3639\" class=\"cqfST cQRuq WGebp jTM--\" dir=\"\"><span class=\"_61ACD\"><strong>Reducci\u00f3n de luz<\/strong>: Ideales para bloquear la entrada de luz exterior, garantizando un descanso perfecto.<\/span><\/p>\n<\/li>\n<li class=\"fGYqH\" dir=\"auto\" aria-level=\"1\">\n<p id=\"viewer-6hypk3643\" class=\"cqfST cQRuq WGebp jTM--\" dir=\"\"><span class=\"_61ACD\"><strong>Ahorro energ\u00e9tico<\/strong>: Ayudan a optimizar el uso del aire acondicionado o la calefacci\u00f3n.<\/span><\/p>\n<\/li>\n<\/ul>\n<\/div>\n<div data-breakout=\"normal\">\n<h3 id=\"viewer-dm2nb3646\" class=\"jZpvm scQlf WGebp jTM--\" dir=\"auto\"><span class=\"hpUmk\" style=\"color: #000000;\">A medida para cualquier veh\u00edculo<\/span><\/h3>\n<\/div>\n<div data-breakout=\"normal\">\n<p id=\"viewer-or8pz3648\" class=\"cqfST cQRuq WGebp jTM--\" dir=\"auto\"><span class=\"_61ACD\">Lo mejor de nuestros aislantes es que los fabricamos completamente a medida, adapt\u00e1ndonos a las especificaciones exactas de tu veh\u00edculo. No importa si es un peque\u00f1o utilitario, un SUV, una furgoneta camperizada o incluso un cami\u00f3n: cada pieza se dise\u00f1a para encajar perfectamente y ofrecer m\u00e1xima funcionalidad.<\/span><\/p>\n<\/div>\n<div data-breakout=\"normal\">\n<h3 id=\"viewer-wyu5n3650\" class=\"jZpvm scQlf WGebp jTM--\" dir=\"auto\"><span class=\"hpUmk\" style=\"color: #000000;\">Un regalo para todas las estaciones<\/span><\/h3>\n<\/div>\n<div data-breakout=\"normal\">\n<p id=\"viewer-po9nr3652\" class=\"cqfST cQRuq WGebp jTM--\" dir=\"auto\"><span class=\"_61ACD\">Aunque pueda parecer una soluci\u00f3n ideal para viajes invernales o aventuras de camping en verano, los aislantes oscurecedores son \u00fatiles durante todo el a\u00f1o. Desde mejorar la calidad del descanso hasta proteger el interior del veh\u00edculo de los rayos UV, son un accesorio imprescindible para cualquier conductor o amante de los viajes.<\/span><\/p>\n<\/div>\n<div data-breakout=\"normal\">\n<h3 id=\"viewer-p2vej3654\" class=\"jZpvm scQlf WGebp jTM--\" dir=\"auto\"><span class=\"hpUmk\" style=\"color: #000000;\">Por qu\u00e9 regalar aislantes oscurecedores esta Navidad<\/span><\/h3>\n<\/div>\n<div data-breakout=\"normal\">\n<ol class=\"xkVfi WGebp\">\n<li class=\"fGYqH\" dir=\"auto\" aria-level=\"1\">\n<p id=\"viewer-ysi6j3658\" class=\"cqfST cQRuq WGebp jTM--\" dir=\"\"><span class=\"_61ACD\"><strong>Originalidad<\/strong>: Es un regalo que seguramente no esperar\u00e1n.<\/span><\/p>\n<\/li>\n<li class=\"fGYqH\" dir=\"auto\" aria-level=\"1\">\n<p id=\"viewer-o941u3662\" class=\"cqfST cQRuq WGebp jTM--\" dir=\"\"><span class=\"_61ACD\"><strong>Practicidad<\/strong>: Algo que se usar\u00e1 durante todo el a\u00f1o.<\/span><\/p>\n<\/li>\n<li class=\"fGYqH\" dir=\"auto\" aria-level=\"1\">\n<p id=\"viewer-e7jcp3666\" class=\"cqfST cQRuq WGebp jTM--\" dir=\"\"><span class=\"_61ACD\"><strong>Personalizaci\u00f3n<\/strong>: Hecho a medida, es un detalle personalizado que demuestra cuidado y atenci\u00f3n.<\/span><\/p>\n<\/li>\n<li class=\"fGYqH\" dir=\"auto\" aria-level=\"1\">\n<p id=\"viewer-7nfp33670\" class=\"cqfST cQRuq WGebp jTM--\" dir=\"\"><span class=\"_61ACD\"><strong>Versatilidad<\/strong>: Perfecto tanto para viajeros frecuentes como para quienes usan su veh\u00edculo diariamente.<\/span><\/p>\n<\/li>\n<\/ol>\n<\/div>\n<div data-breakout=\"normal\">\n<h3 id=\"viewer-6yrgu3673\" class=\"jZpvm scQlf WGebp jTM--\" dir=\"auto\"><span class=\"hpUmk\" style=\"color: #000000;\">Regala confort y estilo esta Navidad<\/span><\/h3>\n<\/div>\n<div data-breakout=\"normal\">\n<p id=\"viewer-vldi43675\" class=\"cqfST cQRuq WGebp jTM--\" dir=\"auto\"><span class=\"_61ACD\">En estas fechas tan especiales, apuesta por un regalo que combine utilidad, dise\u00f1o y exclusividad. No solo est\u00e1s regalando un accesorio para el veh\u00edculo, sino una mejora en calidad de vida para cualquier trayecto. Regala aislantes t\u00e9rmicos a medida para cualquier veh\u00edculo.<\/span><\/p>\n<\/div>\n<div data-breakout=\"normal\">\n<p id=\"viewer-u8mew3979\" class=\"cqfST cQRuq WGebp jTM--\" dir=\"auto\"><span class=\"_61ACD\">Cont\u00e1ctanos hoy mismo para dise\u00f1ar los aislantes oscurecedores perfectos para el veh\u00edculo de esa persona especial. \u00a1Haz que esta Navidad sea pr\u00e1ctica, original y completamente personalizada!<\/span><\/p>\n<\/div>\n<div data-hook=\"rcv-block24\"><\/div>\n<div data-breakout=\"normal\">\n<div id=\"viewer-adld68728\" class=\"KqKMh\">\n<div class=\"_7T4Uc LIugr\">\n<div class=\"ngZyz AGeqp\" role=\"none\" data-hook=\"galleryViewer\">\n<div id=\"pro-gallery-adld68728\" class=\"pro-gallery\">\n<div class=\"\" tabindex=\"-1\" data-key=\"pro-gallery-inner-container\">\n<div class=\"pro-gallery-parent-container\" role=\"region\">\n<div id=\"pro-gallery-container-adld68728\" class=\"pro-gallery inline-styles accessible ltr \">\n<div id=\"pro-gallery-margin-container-adld68728\" class=\"pro-gallery-margin-container\">\n<div class=\"item-link-wrapper\" tabindex=\"-1\" data-id=\"15d336b7-3041-4085-9f8e-7a12e8d111ad_0\" data-idx=\"0\" data-hook=\"item-link-wrapper\">\n<div id=\"pgi15d336b7304140859f8e7a12e8d111ad_0_0\" class=\"gallery-item-container item-container-hover has-custom-focus visible simulate-hover\" tabindex=\"0\" role=\"link\" aria-label=\"regala aislantes t\u00e9rmicos a medida\" data-hash=\"15d336b7-3041-4085-9f8e-7a12e8d111ad_0\" data-id=\"15d336b7-3041-4085-9f8e-7a12e8d111ad_0\" data-idx=\"0\" data-hook=\"item-container\">\n<div>\n<div id=\"item-wrapper-15d336b7-3041-4085-9f8e-7a12e8d111ad_0\" class=\"gallery-item-wrapper visible [object Object]\" data-hook=\"item-wrapper\">\n<div class=\"gallery-item-content item-content-hover image-item gallery-item-visible gallery-item gallery-item-preloaded \" data-hook=\"image-item\"><img decoding=\"async\" class=\"gallery-item-visible gallery-item gallery-item-preloaded aligncenter\" tabindex=\"0\" src=\"https:\/\/static.wixstatic.com\/media\/60c9aa_ae823304369941f0bef01ef95f635825~mv2.jpg\/v1\/fill\/w_262,h_262,fp_0.50_0.50,q_90\/60c9aa_ae823304369941f0bef01ef95f635825~mv2.webp\" srcset=\"https:\/\/static.wixstatic.com\/media\/60c9aa_ae823304369941f0bef01ef95f635825~mv2.jpg\/v1\/fill\/w_262,h_262,fp_0.50_0.50,q_90\/60c9aa_ae823304369941f0bef01ef95f635825~mv2.webp, https:\/\/static.wixstatic.com\/media\/60c9aa_ae823304369941f0bef01ef95f635825~mv2.jpg 2x\" alt=\"regala aislantes t\u00e9rmicos a medida\" data-hook=\"gallery-item-image-img\" data-idx=\"0\" data-pin-url=\"https:\/\/m2camper.com\/post\/regala-aislantes-termicos-a-medida\" \/><\/div>\n<div data-hook=\"image-item\"><\/div>\n<div class=\"item-hover-flex-container\">\n<div class=\"gallery-item-hover fullscreen-disabled default force-hover item-overlay-hover\" data-hook=\"item-hover-0\" aria-hidden=\"true\">\n<div class=\"gallery-item-hover-inner\">\n<div class=\"_15kVL\"><\/div>\n<\/div>\n<\/div>\n<\/div>\n<\/div>\n<\/div>\n<\/div>\n<\/div>\n<div class=\"item-link-wrapper\" tabindex=\"-1\" data-id=\"81991c23-2491-47c3-bbb9-46eb5a482ad7_1\" data-idx=\"1\" data-hook=\"item-link-wrapper\">\n<div id=\"pgi81991c23249147c3bbb946eb5a482ad7_1_1\" class=\"gallery-item-container item-container-hover has-custom-focus visible simulate-hover\" tabindex=\"-1\" role=\"link\" aria-label=\"los mejores aislantes t\u00e9rmicos a medida\" data-hash=\"81991c23-2491-47c3-bbb9-46eb5a482ad7_1\" data-id=\"81991c23-2491-47c3-bbb9-46eb5a482ad7_1\" data-idx=\"1\" data-hook=\"item-container\">\n<div>\n<div id=\"item-wrapper-81991c23-2491-47c3-bbb9-46eb5a482ad7_1\" class=\"gallery-item-wrapper visible [object Object]\" data-hook=\"item-wrapper\">\n<div class=\"gallery-item-content item-content-hover image-item gallery-item-visible gallery-item gallery-item-preloaded \" data-hook=\"image-item\"><img decoding=\"async\" class=\"gallery-item-visible gallery-item gallery-item-preloaded aligncenter\" tabindex=\"0\" src=\"https:\/\/static.wixstatic.com\/media\/60c9aa_429c1eacee7d47aaa114a28dba089b08~mv2.png\/v1\/fill\/w_468,h_262,fp_0.50_0.50,q_90\/60c9aa_429c1eacee7d47aaa114a28dba089b08~mv2.webp\" srcset=\"https:\/\/static.wixstatic.com\/media\/60c9aa_429c1eacee7d47aaa114a28dba089b08~mv2.png\/v1\/fill\/w_468,h_262,fp_0.50_0.50,q_90\/60c9aa_429c1eacee7d47aaa114a28dba089b08~mv2.webp, https:\/\/static.wixstatic.com\/media\/60c9aa_429c1eacee7d47aaa114a28dba089b08~mv2.png\/v1\/fill\/w_936,h_524,fp_0.50_0.50,q_90\/60c9aa_429c1eacee7d47aaa114a28dba089b08~mv2.webp 2x\" alt=\"los mejores aislantes t\u00e9rmicos a medida\" data-hook=\"gallery-item-image-img\" data-idx=\"1\" data-pin-url=\"https:\/\/m2camper.com\/post\/regala-aislantes-termicos-a-medida\" \/><\/div>\n<div class=\"item-hover-flex-container\">\n<div class=\"gallery-item-hover fullscreen-disabled default force-hover item-overlay-hover\" data-hook=\"item-hover-1\" aria-hidden=\"true\">\n<div class=\"gallery-item-hover-inner\">\n<div class=\"_15kVL\"><\/div>\n<\/div>\n<\/div>\n<\/div>\n<\/div>\n<\/div>\n<\/div>\n<\/div>\n<\/div>\n<\/div>\n<\/div>\n<\/div>\n<\/div>\n<\/div>\n<\/div>\n<\/div>\n<\/div>\n<div data-hook=\"rcv-block25\"><\/div>\n<div data-breakout=\"normal\">\n<div id=\"viewer-mhk6811368\" class=\"cqfST cQRuq WGebp jTM--\" dir=\"auto\"><span class=\"_61ACD\">\u00a0<\/span><\/div>\n<\/div>\n<div data-hook=\"rcv-block26\"><\/div>\n<div data-breakout=\"normal\">\n<div id=\"viewer-zgeuc11369\" class=\"cqfST cQRuq WGebp jTM--\" dir=\"auto\"><span class=\"_61ACD\">\u00a0<\/span><\/div>\n<\/div>\n<div data-hook=\"rcv-block27\"><\/div>\n<div data-breakout=\"normal\"><\/div>\n","protected":false},"excerpt":{"rendered":"<p>\u00bfBuscas un regalo \u00fanico, pr\u00e1ctico y que se pueda disfrutar durante todo el a\u00f1o? Estas Navidades, sorprende a tus seres queridos con aislantes t\u00e9rmicos oscurecedores a medida para cualquier tipo de veh\u00edculo. Ya sea un camper, una caravana o un coche particular, este detalle es perfecto para quienes valoran la comodidad, la privacidad y la&hellip;&nbsp;<a href=\"https:\/\/m2camper.com\/fr\/offrez-des-isolants-thermiques-personnalises\/\" rel=\"bookmark\">En savoir plus &quot;<span class=\"screen-reader-text\">Le cadeau pratique et original pour ce No\u00ebl<\/span><\/a><\/p>","protected":false},"author":5740,"featured_media":11588,"comment_status":"open","ping_status":"open","sticky":false,"template":"","format":"standard","meta":{"neve_meta_sidebar":"","neve_meta_container":"","neve_meta_enable_content_width":"off","neve_meta_content_width":70,"neve_meta_title_alignment":"","neve_meta_author_avatar":"","neve_post_elements_order":"","neve_meta_disable_header":"","neve_meta_disable_footer":"","neve_meta_disable_title":"","footnotes":""},"categories":[1],"tags":[],"class_list":["post-11586","post","type-post","status-publish","format-standard","has-post-thumbnail","hentry","category-uncategorized"],"yoast_head":"<!-- This site is optimized with the Yoast SEO plugin v27.4 - https:\/\/yoast.com\/product\/yoast-seo-wordpress\/ -->\n<title>El Regalo Pr\u00e1ctico y Original Estas Navidades - M2 Camper | Aislantes t\u00e9rmicos y oscurecedores para campers<\/title>\n<meta name=\"robots\" content=\"index, follow, max-snippet:-1, max-image-preview:large, max-video-preview:-1\" \/>\n<link rel=\"canonical\" href=\"https:\/\/m2camper.com\/fr\/offrez-des-isolants-thermiques-personnalises\/\" \/>\n<meta property=\"og:locale\" content=\"fr_FR\" \/>\n<meta property=\"og:type\" content=\"article\" \/>\n<meta property=\"og:title\" content=\"El Regalo Pr\u00e1ctico y Original Estas Navidades - M2 Camper | Aislantes t\u00e9rmicos y oscurecedores para campers\" \/>\n<meta property=\"og:description\" content=\"\u00bfBuscas un regalo \u00fanico, pr\u00e1ctico y que se pueda disfrutar durante todo el a\u00f1o? Estas Navidades, sorprende a tus seres queridos con aislantes t\u00e9rmicos oscurecedores a medida para cualquier tipo de veh\u00edculo. Ya sea un camper, una caravana o un coche particular, este detalle es perfecto para quienes valoran la comodidad, la privacidad y la&hellip;&nbsp;Lire la suite &raquo;El Regalo Pr\u00e1ctico y Original Estas Navidades\" \/>\n<meta property=\"og:url\" content=\"https:\/\/m2camper.com\/fr\/offrez-des-isolants-thermiques-personnalises\/\" \/>\n<meta property=\"og:site_name\" content=\"M2 Camper | Aislantes t\u00e9rmicos y oscurecedores para campers\" \/>\n<meta property=\"article:published_time\" content=\"2024-12-04T08:29:04+00:00\" \/>\n<meta property=\"article:modified_time\" content=\"2025-02-07T08:30:09+00:00\" \/>\n<meta property=\"og:image\" content=\"https:\/\/m2camper.com\/wp-content\/uploads\/2025\/02\/60c9aa_ae823304369941f0bef01ef95f635825mv2.webp\" \/>\n\t<meta property=\"og:image:width\" content=\"454\" \/>\n\t<meta property=\"og:image:height\" content=\"341\" \/>\n\t<meta property=\"og:image:type\" content=\"image\/webp\" \/>\n<meta name=\"author\" content=\"carlos\" \/>\n<meta name=\"twitter:card\" content=\"summary_large_image\" \/>\n<meta name=\"twitter:label1\" content=\"\u00c9crit par\" \/>\n\t<meta name=\"twitter:data1\" content=\"carlos\" \/>\n\t<meta name=\"twitter:label2\" content=\"Dur\u00e9e de lecture estim\u00e9e\" \/>\n\t<meta name=\"twitter:data2\" content=\"2 minutes\" \/>\n<script type=\"application\/ld+json\" class=\"yoast-schema-graph\">{\"@context\":\"https:\\\/\\\/schema.org\",\"@graph\":[{\"@type\":\"Article\",\"@id\":\"https:\\\/\\\/m2camper.com\\\/regala-aislantes-termicos-a-medida\\\/#article\",\"isPartOf\":{\"@id\":\"https:\\\/\\\/m2camper.com\\\/regala-aislantes-termicos-a-medida\\\/\"},\"author\":{\"name\":\"carlos\",\"@id\":\"https:\\\/\\\/m2camper.com\\\/pt\\\/#\\\/schema\\\/person\\\/d003f4147a0469cbf1c77ba1bebdb1bb\"},\"headline\":\"El Regalo Pr\u00e1ctico y Original Estas Navidades\",\"datePublished\":\"2024-12-04T08:29:04+00:00\",\"dateModified\":\"2025-02-07T08:30:09+00:00\",\"mainEntityOfPage\":{\"@id\":\"https:\\\/\\\/m2camper.com\\\/regala-aislantes-termicos-a-medida\\\/\"},\"wordCount\":415,\"commentCount\":0,\"image\":{\"@id\":\"https:\\\/\\\/m2camper.com\\\/regala-aislantes-termicos-a-medida\\\/#primaryimage\"},\"thumbnailUrl\":\"https:\\\/\\\/m2camper.com\\\/wp-content\\\/uploads\\\/2025\\\/02\\\/60c9aa_ae823304369941f0bef01ef95f635825mv2.webp\",\"articleSection\":[\"Uncategorized\"],\"inLanguage\":\"fr-FR\",\"potentialAction\":[{\"@type\":\"CommentAction\",\"name\":\"Comment\",\"target\":[\"https:\\\/\\\/m2camper.com\\\/regala-aislantes-termicos-a-medida\\\/#respond\"]}]},{\"@type\":\"WebPage\",\"@id\":\"https:\\\/\\\/m2camper.com\\\/regala-aislantes-termicos-a-medida\\\/\",\"url\":\"https:\\\/\\\/m2camper.com\\\/regala-aislantes-termicos-a-medida\\\/\",\"name\":\"El Regalo Pr\u00e1ctico y Original Estas Navidades - M2 Camper | Aislantes t\u00e9rmicos y oscurecedores para campers\",\"isPartOf\":{\"@id\":\"https:\\\/\\\/m2camper.com\\\/pt\\\/#website\"},\"primaryImageOfPage\":{\"@id\":\"https:\\\/\\\/m2camper.com\\\/regala-aislantes-termicos-a-medida\\\/#primaryimage\"},\"image\":{\"@id\":\"https:\\\/\\\/m2camper.com\\\/regala-aislantes-termicos-a-medida\\\/#primaryimage\"},\"thumbnailUrl\":\"https:\\\/\\\/m2camper.com\\\/wp-content\\\/uploads\\\/2025\\\/02\\\/60c9aa_ae823304369941f0bef01ef95f635825mv2.webp\",\"datePublished\":\"2024-12-04T08:29:04+00:00\",\"dateModified\":\"2025-02-07T08:30:09+00:00\",\"author\":{\"@id\":\"https:\\\/\\\/m2camper.com\\\/pt\\\/#\\\/schema\\\/person\\\/d003f4147a0469cbf1c77ba1bebdb1bb\"},\"breadcrumb\":{\"@id\":\"https:\\\/\\\/m2camper.com\\\/regala-aislantes-termicos-a-medida\\\/#breadcrumb\"},\"inLanguage\":\"fr-FR\",\"potentialAction\":[{\"@type\":\"ReadAction\",\"target\":[\"https:\\\/\\\/m2camper.com\\\/regala-aislantes-termicos-a-medida\\\/\"]}]},{\"@type\":\"ImageObject\",\"inLanguage\":\"fr-FR\",\"@id\":\"https:\\\/\\\/m2camper.com\\\/regala-aislantes-termicos-a-medida\\\/#primaryimage\",\"url\":\"https:\\\/\\\/m2camper.com\\\/wp-content\\\/uploads\\\/2025\\\/02\\\/60c9aa_ae823304369941f0bef01ef95f635825mv2.webp\",\"contentUrl\":\"https:\\\/\\\/m2camper.com\\\/wp-content\\\/uploads\\\/2025\\\/02\\\/60c9aa_ae823304369941f0bef01ef95f635825mv2.webp\",\"width\":454,\"height\":341},{\"@type\":\"BreadcrumbList\",\"@id\":\"https:\\\/\\\/m2camper.com\\\/regala-aislantes-termicos-a-medida\\\/#breadcrumb\",\"itemListElement\":[{\"@type\":\"ListItem\",\"position\":1,\"name\":\"Portada\",\"item\":\"https:\\\/\\\/m2camper.com\\\/pt\\\/\"},{\"@type\":\"ListItem\",\"position\":2,\"name\":\"El Regalo Pr\u00e1ctico y Original Estas Navidades\"}]},{\"@type\":\"WebSite\",\"@id\":\"https:\\\/\\\/m2camper.com\\\/pt\\\/#website\",\"url\":\"https:\\\/\\\/m2camper.com\\\/pt\\\/\",\"name\":\"M2 Campers | Aislantes t\u00e9rmicos y oscurecedores para campers\",\"description\":\"Descubre calidad y confort de nuestros aislantes t\u00e9rmicos oscurecedores y colchones para veh\u00edculos. Optimiza tu experiencia en carretera con M2 Camper.\",\"potentialAction\":[{\"@type\":\"SearchAction\",\"target\":{\"@type\":\"EntryPoint\",\"urlTemplate\":\"https:\\\/\\\/m2camper.com\\\/pt\\\/?s={search_term_string}\"},\"query-input\":{\"@type\":\"PropertyValueSpecification\",\"valueRequired\":true,\"valueName\":\"search_term_string\"}}],\"inLanguage\":\"fr-FR\"},{\"@type\":\"Person\",\"@id\":\"https:\\\/\\\/m2camper.com\\\/pt\\\/#\\\/schema\\\/person\\\/d003f4147a0469cbf1c77ba1bebdb1bb\",\"name\":\"carlos\",\"image\":{\"@type\":\"ImageObject\",\"inLanguage\":\"fr-FR\",\"@id\":\"https:\\\/\\\/secure.gravatar.com\\\/avatar\\\/ab10b60551e807f6b37d54bb09e40bc41b08e3828d46504634ad6f35da1b46dc?s=96&d=mm&r=g\",\"url\":\"https:\\\/\\\/secure.gravatar.com\\\/avatar\\\/ab10b60551e807f6b37d54bb09e40bc41b08e3828d46504634ad6f35da1b46dc?s=96&d=mm&r=g\",\"contentUrl\":\"https:\\\/\\\/secure.gravatar.com\\\/avatar\\\/ab10b60551e807f6b37d54bb09e40bc41b08e3828d46504634ad6f35da1b46dc?s=96&d=mm&r=g\",\"caption\":\"carlos\"},\"url\":\"https:\\\/\\\/m2camper.com\\\/fr\\\/author\\\/carlos\\\/\"}]}<\/script>\n<!-- \/ Yoast SEO plugin. -->","yoast_head_json":{"title":"Le cadeau pratique et original pour No\u00ebl - M2 Camper | Isolation thermique et occultation pour camping-cars","robots":{"index":"index","follow":"follow","max-snippet":"max-snippet:-1","max-image-preview":"max-image-preview:large","max-video-preview":"max-video-preview:-1"},"canonical":"https:\/\/m2camper.com\/fr\/offrez-des-isolants-thermiques-personnalises\/","og_locale":"fr_FR","og_type":"article","og_title":"El Regalo Pr\u00e1ctico y Original Estas Navidades - M2 Camper | Aislantes t\u00e9rmicos y oscurecedores para campers","og_description":"\u00bfBuscas un regalo \u00fanico, pr\u00e1ctico y que se pueda disfrutar durante todo el a\u00f1o? Estas Navidades, sorprende a tus seres queridos con aislantes t\u00e9rmicos oscurecedores a medida para cualquier tipo de veh\u00edculo. Ya sea un camper, una caravana o un coche particular, este detalle es perfecto para quienes valoran la comodidad, la privacidad y la&hellip;&nbsp;Lire la suite &raquo;El Regalo Pr\u00e1ctico y Original Estas Navidades","og_url":"https:\/\/m2camper.com\/fr\/offrez-des-isolants-thermiques-personnalises\/","og_site_name":"M2 Camper | Aislantes t\u00e9rmicos y oscurecedores para campers","article_published_time":"2024-12-04T08:29:04+00:00","article_modified_time":"2025-02-07T08:30:09+00:00","og_image":[{"width":454,"height":341,"url":"https:\/\/m2camper.com\/wp-content\/uploads\/2025\/02\/60c9aa_ae823304369941f0bef01ef95f635825mv2.webp","type":"image\/webp"}],"author":"carlos","twitter_card":"summary_large_image","twitter_misc":{"\u00c9crit par":"carlos","Dur\u00e9e de lecture estim\u00e9e":"2 minutes"},"schema":{"@context":"https:\/\/schema.org","@graph":[{"@type":"Article","@id":"https:\/\/m2camper.com\/regala-aislantes-termicos-a-medida\/#article","isPartOf":{"@id":"https:\/\/m2camper.com\/regala-aislantes-termicos-a-medida\/"},"author":{"name":"carlos","@id":"https:\/\/m2camper.com\/pt\/#\/schema\/person\/d003f4147a0469cbf1c77ba1bebdb1bb"},"headline":"El Regalo Pr\u00e1ctico y Original Estas Navidades","datePublished":"2024-12-04T08:29:04+00:00","dateModified":"2025-02-07T08:30:09+00:00","mainEntityOfPage":{"@id":"https:\/\/m2camper.com\/regala-aislantes-termicos-a-medida\/"},"wordCount":415,"commentCount":0,"image":{"@id":"https:\/\/m2camper.com\/regala-aislantes-termicos-a-medida\/#primaryimage"},"thumbnailUrl":"https:\/\/m2camper.com\/wp-content\/uploads\/2025\/02\/60c9aa_ae823304369941f0bef01ef95f635825mv2.webp","articleSection":["Uncategorized"],"inLanguage":"fr-FR","potentialAction":[{"@type":"CommentAction","name":"Comment","target":["https:\/\/m2camper.com\/regala-aislantes-termicos-a-medida\/#respond"]}]},{"@type":"WebPage","@id":"https:\/\/m2camper.com\/regala-aislantes-termicos-a-medida\/","url":"https:\/\/m2camper.com\/regala-aislantes-termicos-a-medida\/","name":"Le cadeau pratique et original pour No\u00ebl - M2 Camper | Isolation thermique et occultation pour camping-cars","isPartOf":{"@id":"https:\/\/m2camper.com\/pt\/#website"},"primaryImageOfPage":{"@id":"https:\/\/m2camper.com\/regala-aislantes-termicos-a-medida\/#primaryimage"},"image":{"@id":"https:\/\/m2camper.com\/regala-aislantes-termicos-a-medida\/#primaryimage"},"thumbnailUrl":"https:\/\/m2camper.com\/wp-content\/uploads\/2025\/02\/60c9aa_ae823304369941f0bef01ef95f635825mv2.webp","datePublished":"2024-12-04T08:29:04+00:00","dateModified":"2025-02-07T08:30:09+00:00","author":{"@id":"https:\/\/m2camper.com\/pt\/#\/schema\/person\/d003f4147a0469cbf1c77ba1bebdb1bb"},"breadcrumb":{"@id":"https:\/\/m2camper.com\/regala-aislantes-termicos-a-medida\/#breadcrumb"},"inLanguage":"fr-FR","potentialAction":[{"@type":"ReadAction","target":["https:\/\/m2camper.com\/regala-aislantes-termicos-a-medida\/"]}]},{"@type":"ImageObject","inLanguage":"fr-FR","@id":"https:\/\/m2camper.com\/regala-aislantes-termicos-a-medida\/#primaryimage","url":"https:\/\/m2camper.com\/wp-content\/uploads\/2025\/02\/60c9aa_ae823304369941f0bef01ef95f635825mv2.webp","contentUrl":"https:\/\/m2camper.com\/wp-content\/uploads\/2025\/02\/60c9aa_ae823304369941f0bef01ef95f635825mv2.webp","width":454,"height":341},{"@type":"BreadcrumbList","@id":"https:\/\/m2camper.com\/regala-aislantes-termicos-a-medida\/#breadcrumb","itemListElement":[{"@type":"ListItem","position":1,"name":"Portada","item":"https:\/\/m2camper.com\/pt\/"},{"@type":"ListItem","position":2,"name":"El Regalo Pr\u00e1ctico y Original Estas Navidades"}]},{"@type":"WebSite","@id":"https:\/\/m2camper.com\/pt\/#website","url":"https:\/\/m2camper.com\/pt\/","name":"M2 Campeurs | Isolation thermique et oscurecedores pour les campeurs","description":"D\u00e9couvrez la qualit\u00e9 et le confort de notre isolation thermique oscurecedores et des matelas pour les v\u00e9hicules. Optimiser votre exp\u00e9rience de la route avec M2 camping-car.","potentialAction":[{"@type":"SearchAction","target":{"@type":"EntryPoint","urlTemplate":"https:\/\/m2camper.com\/pt\/?s={search_term_string}"},"query-input":{"@type":"PropertyValueSpecification","valueRequired":true,"valueName":"search_term_string"}}],"inLanguage":"fr-FR"},{"@type":"Person","@id":"https:\/\/m2camper.com\/pt\/#\/schema\/person\/d003f4147a0469cbf1c77ba1bebdb1bb","name":"Carlos","image":{"@type":"ImageObject","inLanguage":"fr-FR","@id":"https:\/\/secure.gravatar.com\/avatar\/ab10b60551e807f6b37d54bb09e40bc41b08e3828d46504634ad6f35da1b46dc?s=96&d=mm&r=g","url":"https:\/\/secure.gravatar.com\/avatar\/ab10b60551e807f6b37d54bb09e40bc41b08e3828d46504634ad6f35da1b46dc?s=96&d=mm&r=g","contentUrl":"https:\/\/secure.gravatar.com\/avatar\/ab10b60551e807f6b37d54bb09e40bc41b08e3828d46504634ad6f35da1b46dc?s=96&d=mm&r=g","caption":"carlos"},"url":"https:\/\/m2camper.com\/fr\/author\/carlos\/"}]}},"_links":{"self":[{"href":"https:\/\/m2camper.com\/fr\/wp-json\/wp\/v2\/posts\/11586","targetHints":{"allow":["GET"]}}],"collection":[{"href":"https:\/\/m2camper.com\/fr\/wp-json\/wp\/v2\/posts"}],"about":[{"href":"https:\/\/m2camper.com\/fr\/wp-json\/wp\/v2\/types\/post"}],"author":[{"embeddable":true,"href":"https:\/\/m2camper.com\/fr\/wp-json\/wp\/v2\/users\/5740"}],"replies":[{"embeddable":true,"href":"https:\/\/m2camper.com\/fr\/wp-json\/wp\/v2\/comments?post=11586"}],"version-history":[{"count":3,"href":"https:\/\/m2camper.com\/fr\/wp-json\/wp\/v2\/posts\/11586\/revisions"}],"predecessor-version":[{"id":11589,"href":"https:\/\/m2camper.com\/fr\/wp-json\/wp\/v2\/posts\/11586\/revisions\/11589"}],"wp:featuredmedia":[{"embeddable":true,"href":"https:\/\/m2camper.com\/fr\/wp-json\/wp\/v2\/media\/11588"}],"wp:attachment":[{"href":"https:\/\/m2camper.com\/fr\/wp-json\/wp\/v2\/media?parent=11586"}],"wp:term":[{"taxonomy":"category","embeddable":true,"href":"https:\/\/m2camper.com\/fr\/wp-json\/wp\/v2\/categories?post=11586"},{"taxonomy":"post_tag","embeddable":true,"href":"https:\/\/m2camper.com\/fr\/wp-json\/wp\/v2\/tags?post=11586"}],"curies":[{"name":"wp","href":"https:\/\/api.w.org\/{rel}","templated":true}]}}