{"id":11574,"date":"2024-06-16T08:16:20","date_gmt":"2024-06-16T08:16:20","guid":{"rendered":"https:\/\/ultbit.com\/m2camper\/?p=11574"},"modified":"2025-02-07T08:32:09","modified_gmt":"2025-02-07T08:32:09","slug":"isolants-et-matelas-pour-camping-cars","status":"publish","type":"post","link":"https:\/\/m2camper.com\/fr\/isolants-et-matelas-pour-camping-cars\/","title":{"rendered":"Isolation et matelas pour camping-cars : l&#039;importance de l&#039;efficacit\u00e9 \u00e9nerg\u00e9tique et de la durabilit\u00e9"},"content":{"rendered":"<div class=\"nLG8d5\" data-hook=\"post-description\">\n<article class=\"blog-post-page-font\">\n<div class=\"post-content__body stSKMK\">\n<div class=\"moHCnT\">\n<div class=\"moHCnT\">\n<div class=\"fTEXDR\" data-rce-version=\"10.117.2\">\n<div class=\"m6AOT\" dir=\"ltr\" data-id=\"content-viewer\">\n<div class=\"uSiJi\">\n<div class=\"X6Wo9\">\n<div data-breakout=\"normal\">\n<p id=\"viewer-foo\" class=\"cqfST cQRuq WGebp jTM--\" dir=\"auto\"><span class=\"_61ACD\">Lors de la transformation d&#039;un v\u00e9hicule en camping-car, beaucoup d&#039;entre nous pensent au confort et \u00e0 la commodit\u00e9, mais il existe d&#039;autres aspects tout aussi cruciaux que nous devons prendre en compte : l&#039;efficacit\u00e9 \u00e9nerg\u00e9tique et la durabilit\u00e9. Ces deux \u00e9l\u00e9ments sont essentiels pour garantir que votre camping-car soit non seulement confortable, mais \u00e9galement pratique et durable \u00e0 long terme. Dans cet article, nous explorerons comment l\u2019isolation et les matelas peuvent contribuer \u00e0 am\u00e9liorer l\u2019efficacit\u00e9 \u00e9nerg\u00e9tique et la durabilit\u00e9 de votre camping-car.<\/span><\/p>\n<\/div>\n<div data-breakout=\"normal\">\n<h3 id=\"viewer-pdtzf61\" class=\"jZpvm scQlf WGebp jTM--\" dir=\"auto\"><span class=\"hpUmk\" style=\"color: #000000;\">Efficacit\u00e9 \u00e9nerg\u00e9tique : maintenir le climat id\u00e9al<\/span><\/h3>\n<\/div>\n<div data-breakout=\"normal\">\n<h4 id=\"viewer-xyeqm63\" class=\"UQERr scQlf WGebp jTM--\" dir=\"auto\"><span class=\"hpUmk\" style=\"color: #000000;\">Isolation thermique<\/span><\/h4>\n<\/div>\n<div data-breakout=\"normal\">\n<p id=\"viewer-mh3xz65\" class=\"cqfST cQRuq WGebp jTM--\" dir=\"auto\"><span class=\"_61ACD\">L\u2019un des plus grands d\u00e9fis dans un camping-car est de maintenir une temp\u00e9rature confortable sans recourir excessivement au chauffage ou \u00e0 la climatisation, en particulier lorsque l\u2019on voyage dans des climats extr\u00eames. C\u2019est l\u00e0 que l\u2019isolation thermique joue un r\u00f4le essentiel. Une isolation de haute qualit\u00e9 peut conserver la chaleur \u00e0 l\u2019int\u00e9rieur du camping-car pendant l\u2019hiver et la refl\u00e9ter \u00e0 l\u2019ext\u00e9rieur en \u00e9t\u00e9. Cela am\u00e9liore non seulement le confort, mais r\u00e9duit \u00e9galement la consommation d\u2019\u00e9nergie, prolongeant ainsi la dur\u00e9e de vie de vos syst\u00e8mes de chauffage et de refroidissement.<\/span><\/p>\n<\/div>\n<div data-breakout=\"normal\">\n<h4 id=\"viewer-zjz2067\" class=\"UQERr scQlf WGebp jTM--\" dir=\"auto\"><span class=\"hpUmk\" style=\"color: #000000;\">Isolation acoustique<\/span><\/h4>\n<\/div>\n<div data-breakout=\"normal\">\n<p id=\"viewer-pkqft69\" class=\"cqfST cQRuq WGebp jTM--\" dir=\"auto\"><span class=\"_61ACD\">En plus de l\u2019isolation thermique, l\u2019isolation acoustique est un autre aspect important pour am\u00e9liorer l\u2019efficacit\u00e9 \u00e9nerg\u00e9tique de votre camping-car. Une bonne isolation phonique peut r\u00e9duire le bruit ext\u00e9rieur, cr\u00e9ant un environnement plus calme et permettant un meilleur repos. Moins de bruit signifie moins de stress et un besoin r\u00e9duit d&#039;appareils suppl\u00e9mentaires pour cr\u00e9er un environnement relaxant, ce qui contribue \u00e9galement \u00e0 l&#039;efficacit\u00e9 \u00e9nerg\u00e9tique du v\u00e9hicule.<\/span><\/p>\n<\/div>\n<div data-breakout=\"normal\">\n<h3 id=\"viewer-0bims71\" class=\"jZpvm scQlf WGebp jTM--\" dir=\"auto\"><span class=\"hpUmk\" style=\"color: #000000;\">Durabilit\u00e9 : garantir un investissement \u00e0 long terme<\/span><\/h3>\n<\/div>\n<div data-breakout=\"normal\">\n<h4 id=\"viewer-p13pu73\" class=\"UQERr scQlf WGebp jTM--\" dir=\"auto\"><span class=\"hpUmk\" style=\"color: #000000;\">Mat\u00e9riaux r\u00e9sistants<\/span><\/h4>\n<\/div>\n<div data-breakout=\"normal\">\n<p id=\"viewer-9go2475\" class=\"cqfST cQRuq WGebp jTM--\" dir=\"auto\"><span class=\"_61ACD\">La durabilit\u00e9 de vos mat\u00e9riaux isolants et de vos matelas est cruciale pour la long\u00e9vit\u00e9 de votre camping-car. Les mat\u00e9riaux comme l\u2019isolation \u00e0 9 couches sont connus pour leur r\u00e9sistance et leur durabilit\u00e9. Ces mat\u00e9riaux sont \u00e9galement performants en termes d\u2019isolation thermique et acoustique \u00e0 long terme.<\/span><\/p>\n<\/div>\n<div data-breakout=\"normal\">\n<h4 id=\"viewer-7qwlw77\" class=\"UQERr scQlf WGebp jTM--\" dir=\"auto\"><span class=\"hpUmk\" style=\"color: #000000;\">Matelas de haute qualit\u00e9<\/span><\/h4>\n<\/div>\n<div data-breakout=\"normal\">\n<p id=\"viewer-32vem79\" class=\"cqfST cQRuq WGebp jTM--\" dir=\"auto\"><span class=\"_61ACD\">En mati\u00e8re de matelas, choisir ceux fabriqu\u00e9s avec des mat\u00e9riaux durables et de haute qualit\u00e9 est un investissement rentable. Les matelas en mousse \u00e0 m\u00e9moire de forme ou en mousse de haute qualit\u00e9 offrent non seulement un excellent soutien et un excellent confort, mais sont \u00e9galement plus r\u00e9sistants \u00e0 la d\u00e9formation et \u00e0 l&#039;usure. De plus, bon nombre de ces matelas sont dot\u00e9s de housses amovibles et lavables, ce qui facilite leur entretien et prolonge leur dur\u00e9e de vie.<\/span><\/p>\n<\/div>\n<div data-breakout=\"normal\">\n<h3 id=\"viewer-wkdku81\" class=\"jZpvm scQlf WGebp jTM--\" dir=\"auto\"><span class=\"hpUmk\" style=\"color: #000000;\">Durabilit\u00e9 : penser l&#039;avenir<\/span><\/h3>\n<\/div>\n<div data-breakout=\"normal\">\n<h4 id=\"viewer-tv98z87\" class=\"UQERr scQlf WGebp jTM--\" dir=\"auto\"><span class=\"hpUmk\" style=\"color: #000000;\">R\u00e9duction des d\u00e9chets<\/span><\/h4>\n<\/div>\n<div data-breakout=\"normal\">\n<p id=\"viewer-c9e5889\" class=\"cqfST cQRuq WGebp jTM--\" dir=\"auto\"><span class=\"_61ACD\">En choisissant des produits durables et de haute qualit\u00e9, nous contribuons \u00e9galement \u00e0 r\u00e9duire les d\u00e9chets. Un isolant ou un matelas plus durable signifie moins de remplacements et donc moins de d\u00e9chets. Ceci est particuli\u00e8rement important dans le contexte du voyage et de l\u2019aventure, o\u00f9 la durabilit\u00e9 et le respect de l\u2019environnement naturel sont essentiels.<\/span><\/p>\n<\/div>\n<div data-breakout=\"normal\">\n<h3 id=\"viewer-9ns1191\" class=\"jZpvm scQlf WGebp jTM--\" dir=\"auto\"><span class=\"hpUmk\" style=\"color: #000000;\">Conclusion<\/span><\/h3>\n<\/div>\n<div data-breakout=\"normal\">\n<p id=\"viewer-k8azb93\" class=\"cqfST cQRuq WGebp jTM--\" dir=\"auto\"><span class=\"_61ACD\">Choisir la bonne isolation et les bons matelas pour votre camping-car va au-del\u00e0 du confort. L\u2019efficacit\u00e9 \u00e9nerg\u00e9tique et la durabilit\u00e9 sont des aspects essentiels qui garantissent que votre investissement soit pratique et durable \u00e0 long terme. En choisissant des mat\u00e9riaux de haute qualit\u00e9, vous am\u00e9liorerez non seulement l&#039;efficacit\u00e9 de votre camping-car, mais contribuerez \u00e9galement \u00e0 un avenir plus durable. N&#039;oubliez pas qu&#039;un camping-car bien isol\u00e9 et \u00e9quip\u00e9 vous offrira non seulement du confort, mais aussi de la tranquillit\u00e9 d&#039;esprit et de l&#039;efficacit\u00e9 \u00e0 chaque voyage.<\/span><\/p>\n<\/div>\n<div data-breakout=\"normal\">\n<p id=\"viewer-cax3i19411\" class=\"cqfST cQRuq WGebp jTM--\" dir=\"auto\"><span class=\"_61ACD\"><em>Les meilleurs isolants et matelas pour camping-cars sont chez M2Camper.<\/em><\/span><\/p>\n<\/div>\n<div data-breakout=\"normal\">\n<div id=\"viewer-4q83k10063\" class=\"KqKMh\">\n<div class=\"_7T4Uc LIugr\">\n<figure class=\"P29V1\">\n<div class=\"CuIEU\" tabindex=\"0\" role=\"button\" data-hook=\"imageViewer\" aria-haspopup=\"true\">\n<div id=\"4q83k10063\" class=\"KfAFF ApRDe _84uzj\"><img decoding=\"async\" class=\"aligncenter\" draggable=\"false\" src=\"https:\/\/static.wixstatic.com\/media\/60c9aa_e09f902c950948f4b27e9b3483c8d7a8~mv2.jpg\/v1\/fill\/w_740,h_442,al_c,q_80,usm_0.66_1.00_0.01,enc_auto\/60c9aa_e09f902c950948f4b27e9b3483c8d7a8~mv2.jpg\" alt=\"Isolation et matelas pour camping-cars\" data-pin-url=\"https:\/\/m2camper.com\/post\/aislantes-y-colchones-para-vehiculos-camper\" data-pin-media=\"https:\/\/static.wixstatic.com\/media\/60c9aa_e09f902c950948f4b27e9b3483c8d7a8~mv2.jpg\/v1\/fill\/w_2048,h_1222,al_c,q_90\/60c9aa_e09f902c950948f4b27e9b3483c8d7a8~mv2.jpg\" data-ssr-src-done=\"true\" data-load-done=\"\" \/><\/div>\n<\/div>\n<\/figure>\n<\/div>\n<\/div>\n<\/div>\n<div data-hook=\"rcv-block24\"><\/div>\n<div data-breakout=\"normal\">\n<div id=\"viewer-xfusc10300\" class=\"KqKMh\">\n<div class=\"_7T4Uc LIugr\">\n<figure class=\"P29V1\">\n<div class=\"CuIEU\" tabindex=\"0\" role=\"button\" data-hook=\"imageViewer\" aria-haspopup=\"true\">\n<div id=\"xfusc10300\" class=\"KfAFF ApRDe _84uzj\"><img decoding=\"async\" class=\"aligncenter\" draggable=\"false\" src=\"https:\/\/static.wixstatic.com\/media\/60c9aa_f7de191ea4d44694a34f7286a9622e82~mv2.jpg\/v1\/fill\/w_740,h_416,al_c,q_80,usm_0.66_1.00_0.01,enc_auto\/60c9aa_f7de191ea4d44694a34f7286a9622e82~mv2.jpg\" alt=\"Isolation et matelas pour camping-cars\" data-pin-url=\"https:\/\/m2camper.com\/post\/aislantes-y-colchones-para-vehiculos-camper\" data-pin-media=\"https:\/\/static.wixstatic.com\/media\/60c9aa_f7de191ea4d44694a34f7286a9622e82~mv2.jpg\/v1\/fill\/w_2000,h_1125,al_c,q_90\/60c9aa_f7de191ea4d44694a34f7286a9622e82~mv2.jpg\" data-load-done=\"\" \/><\/div>\n<\/div>\n<\/figure>\n<\/div>\n<\/div>\n<\/div>\n<\/div>\n<\/div>\n<\/div>\n<\/div>\n<\/div>\n<\/div>\n<\/div>\n<\/article>\n<\/div>","protected":false},"excerpt":{"rendered":"<p>Lorsqu&#039;on transforme un v\u00e9hicule en camping-car, on pense souvent au confort et \u00e0 la praticit\u00e9, mais d&#039;autres aspects tout aussi cruciaux sont \u00e0 prendre en compte\u00a0: l&#039;efficacit\u00e9 \u00e9nerg\u00e9tique et la durabilit\u00e9. Ces deux \u00e9l\u00e9ments sont essentiels pour garantir que votre camping-car soit non seulement confortable, mais aussi pratique et durable \u00e0 long terme.&nbsp;<a href=\"https:\/\/m2camper.com\/fr\/isolants-et-matelas-pour-camping-cars\/\" rel=\"bookmark\">En savoir plus &quot;<span class=\"screen-reader-text\">Isolation et matelas pour camping-cars : l&#039;importance de l&#039;efficacit\u00e9 \u00e9nerg\u00e9tique et de la durabilit\u00e9<\/span><\/a><\/p>","protected":false},"author":5740,"featured_media":11575,"comment_status":"open","ping_status":"open","sticky":false,"template":"","format":"standard","meta":{"neve_meta_sidebar":"","neve_meta_container":"","neve_meta_enable_content_width":"off","neve_meta_content_width":70,"neve_meta_title_alignment":"","neve_meta_author_avatar":"","neve_post_elements_order":"","neve_meta_disable_header":"","neve_meta_disable_footer":"","neve_meta_disable_title":"","footnotes":""},"categories":[1],"tags":[],"class_list":["post-11574","post","type-post","status-publish","format-standard","has-post-thumbnail","hentry","category-uncategorized"],"yoast_head":"<!-- This site is optimized with the Yoast SEO plugin v27.5 - https:\/\/yoast.com\/product\/yoast-seo-wordpress\/ -->\n<title>Aislantes y Colchones para Veh\u00edculos Camper: La Importancia de la Eficiencia Energ\u00e9tica y la Durabilidad - M2 Camper | Aislantes t\u00e9rmicos y oscurecedores para campers<\/title>\n<meta name=\"robots\" content=\"index, follow, max-snippet:-1, max-image-preview:large, max-video-preview:-1\" \/>\n<link rel=\"canonical\" href=\"https:\/\/m2camper.com\/fr\/isolants-et-matelas-pour-camping-cars\/\" \/>\n<meta property=\"og:locale\" content=\"fr_FR\" \/>\n<meta property=\"og:type\" content=\"article\" \/>\n<meta property=\"og:title\" content=\"Aislantes y Colchones para Veh\u00edculos Camper: La Importancia de la Eficiencia Energ\u00e9tica y la Durabilidad - M2 Camper | Aislantes t\u00e9rmicos y oscurecedores para campers\" \/>\n<meta property=\"og:description\" content=\"Cuando transformamos un veh\u00edculo en un camper, muchos pensamos en el confort y la comodidad, pero hay otros aspectos igual de cruciales que debemos tener en cuenta: la eficiencia energ\u00e9tica y la durabilidad. Estos dos elementos son esenciales para asegurar que tu camper no solo sea c\u00f3modo, sino tambi\u00e9n pr\u00e1ctico y sostenible a largo plazo.&hellip;&nbsp;Lire la suite &raquo;Aislantes y Colchones para Veh\u00edculos Camper: La Importancia de la Eficiencia Energ\u00e9tica y la Durabilidad\" \/>\n<meta property=\"og:url\" content=\"https:\/\/m2camper.com\/fr\/isolants-et-matelas-pour-camping-cars\/\" \/>\n<meta property=\"og:site_name\" content=\"M2 Camper | Aislantes t\u00e9rmicos y oscurecedores para campers\" \/>\n<meta property=\"article:published_time\" content=\"2024-06-16T08:16:20+00:00\" \/>\n<meta property=\"article:modified_time\" content=\"2025-02-07T08:32:09+00:00\" \/>\n<meta property=\"og:image\" content=\"https:\/\/m2camper.com\/wp-content\/uploads\/2025\/02\/60c9aa_30e494ae4dd7476c9c65f5ecedd8fc5emv2.webp\" \/>\n\t<meta property=\"og:image:width\" content=\"454\" \/>\n\t<meta property=\"og:image:height\" content=\"341\" \/>\n\t<meta property=\"og:image:type\" content=\"image\/webp\" \/>\n<meta name=\"author\" content=\"carlos\" \/>\n<meta name=\"twitter:card\" content=\"summary_large_image\" \/>\n<meta name=\"twitter:label1\" content=\"\u00c9crit par\" \/>\n\t<meta name=\"twitter:data1\" content=\"carlos\" \/>\n\t<meta name=\"twitter:label2\" content=\"Dur\u00e9e de lecture estim\u00e9e\" \/>\n\t<meta name=\"twitter:data2\" content=\"3 minutes\" \/>\n<script type=\"application\/ld+json\" class=\"yoast-schema-graph\">{\"@context\":\"https:\\\/\\\/schema.org\",\"@graph\":[{\"@type\":\"Article\",\"@id\":\"https:\\\/\\\/m2camper.com\\\/aislantes-y-colchones-para-vehiculos-camper\\\/#article\",\"isPartOf\":{\"@id\":\"https:\\\/\\\/m2camper.com\\\/aislantes-y-colchones-para-vehiculos-camper\\\/\"},\"author\":{\"name\":\"carlos\",\"@id\":\"https:\\\/\\\/m2camper.com\\\/pt\\\/#\\\/schema\\\/person\\\/d003f4147a0469cbf1c77ba1bebdb1bb\"},\"headline\":\"Aislantes y Colchones para Veh\u00edculos Camper: La Importancia de la Eficiencia Energ\u00e9tica y la Durabilidad\",\"datePublished\":\"2024-06-16T08:16:20+00:00\",\"dateModified\":\"2025-02-07T08:32:09+00:00\",\"mainEntityOfPage\":{\"@id\":\"https:\\\/\\\/m2camper.com\\\/aislantes-y-colchones-para-vehiculos-camper\\\/\"},\"wordCount\":605,\"commentCount\":0,\"image\":{\"@id\":\"https:\\\/\\\/m2camper.com\\\/aislantes-y-colchones-para-vehiculos-camper\\\/#primaryimage\"},\"thumbnailUrl\":\"https:\\\/\\\/m2camper.com\\\/wp-content\\\/uploads\\\/2025\\\/02\\\/60c9aa_30e494ae4dd7476c9c65f5ecedd8fc5emv2.webp\",\"articleSection\":[\"Uncategorized\"],\"inLanguage\":\"fr-FR\",\"potentialAction\":[{\"@type\":\"CommentAction\",\"name\":\"Comment\",\"target\":[\"https:\\\/\\\/m2camper.com\\\/aislantes-y-colchones-para-vehiculos-camper\\\/#respond\"]}]},{\"@type\":\"WebPage\",\"@id\":\"https:\\\/\\\/m2camper.com\\\/aislantes-y-colchones-para-vehiculos-camper\\\/\",\"url\":\"https:\\\/\\\/m2camper.com\\\/aislantes-y-colchones-para-vehiculos-camper\\\/\",\"name\":\"Aislantes y Colchones para Veh\u00edculos Camper: La Importancia de la Eficiencia Energ\u00e9tica y la Durabilidad - M2 Camper | Aislantes t\u00e9rmicos y oscurecedores para campers\",\"isPartOf\":{\"@id\":\"https:\\\/\\\/m2camper.com\\\/pt\\\/#website\"},\"primaryImageOfPage\":{\"@id\":\"https:\\\/\\\/m2camper.com\\\/aislantes-y-colchones-para-vehiculos-camper\\\/#primaryimage\"},\"image\":{\"@id\":\"https:\\\/\\\/m2camper.com\\\/aislantes-y-colchones-para-vehiculos-camper\\\/#primaryimage\"},\"thumbnailUrl\":\"https:\\\/\\\/m2camper.com\\\/wp-content\\\/uploads\\\/2025\\\/02\\\/60c9aa_30e494ae4dd7476c9c65f5ecedd8fc5emv2.webp\",\"datePublished\":\"2024-06-16T08:16:20+00:00\",\"dateModified\":\"2025-02-07T08:32:09+00:00\",\"author\":{\"@id\":\"https:\\\/\\\/m2camper.com\\\/pt\\\/#\\\/schema\\\/person\\\/d003f4147a0469cbf1c77ba1bebdb1bb\"},\"breadcrumb\":{\"@id\":\"https:\\\/\\\/m2camper.com\\\/aislantes-y-colchones-para-vehiculos-camper\\\/#breadcrumb\"},\"inLanguage\":\"fr-FR\",\"potentialAction\":[{\"@type\":\"ReadAction\",\"target\":[\"https:\\\/\\\/m2camper.com\\\/aislantes-y-colchones-para-vehiculos-camper\\\/\"]}]},{\"@type\":\"ImageObject\",\"inLanguage\":\"fr-FR\",\"@id\":\"https:\\\/\\\/m2camper.com\\\/aislantes-y-colchones-para-vehiculos-camper\\\/#primaryimage\",\"url\":\"https:\\\/\\\/m2camper.com\\\/wp-content\\\/uploads\\\/2025\\\/02\\\/60c9aa_30e494ae4dd7476c9c65f5ecedd8fc5emv2.webp\",\"contentUrl\":\"https:\\\/\\\/m2camper.com\\\/wp-content\\\/uploads\\\/2025\\\/02\\\/60c9aa_30e494ae4dd7476c9c65f5ecedd8fc5emv2.webp\",\"width\":454,\"height\":341},{\"@type\":\"BreadcrumbList\",\"@id\":\"https:\\\/\\\/m2camper.com\\\/aislantes-y-colchones-para-vehiculos-camper\\\/#breadcrumb\",\"itemListElement\":[{\"@type\":\"ListItem\",\"position\":1,\"name\":\"Portada\",\"item\":\"https:\\\/\\\/m2camper.com\\\/pt\\\/\"},{\"@type\":\"ListItem\",\"position\":2,\"name\":\"Aislantes y Colchones para Veh\u00edculos Camper: La Importancia de la Eficiencia Energ\u00e9tica y la Durabilidad\"}]},{\"@type\":\"WebSite\",\"@id\":\"https:\\\/\\\/m2camper.com\\\/pt\\\/#website\",\"url\":\"https:\\\/\\\/m2camper.com\\\/pt\\\/\",\"name\":\"M2 Campers | Aislantes t\u00e9rmicos y oscurecedores para campers\",\"description\":\"Descubre calidad y confort de nuestros aislantes t\u00e9rmicos oscurecedores y colchones para veh\u00edculos. Optimiza tu experiencia en carretera con M2 Camper.\",\"potentialAction\":[{\"@type\":\"SearchAction\",\"target\":{\"@type\":\"EntryPoint\",\"urlTemplate\":\"https:\\\/\\\/m2camper.com\\\/pt\\\/?s={search_term_string}\"},\"query-input\":{\"@type\":\"PropertyValueSpecification\",\"valueRequired\":true,\"valueName\":\"search_term_string\"}}],\"inLanguage\":\"fr-FR\"},{\"@type\":\"Person\",\"@id\":\"https:\\\/\\\/m2camper.com\\\/pt\\\/#\\\/schema\\\/person\\\/d003f4147a0469cbf1c77ba1bebdb1bb\",\"name\":\"carlos\",\"image\":{\"@type\":\"ImageObject\",\"inLanguage\":\"fr-FR\",\"@id\":\"https:\\\/\\\/secure.gravatar.com\\\/avatar\\\/ab10b60551e807f6b37d54bb09e40bc41b08e3828d46504634ad6f35da1b46dc?s=96&d=mm&r=g\",\"url\":\"https:\\\/\\\/secure.gravatar.com\\\/avatar\\\/ab10b60551e807f6b37d54bb09e40bc41b08e3828d46504634ad6f35da1b46dc?s=96&d=mm&r=g\",\"contentUrl\":\"https:\\\/\\\/secure.gravatar.com\\\/avatar\\\/ab10b60551e807f6b37d54bb09e40bc41b08e3828d46504634ad6f35da1b46dc?s=96&d=mm&r=g\",\"caption\":\"carlos\"},\"url\":\"https:\\\/\\\/m2camper.com\\\/fr\\\/author\\\/carlos\\\/\"}]}<\/script>\n<!-- \/ Yoast SEO plugin. -->","yoast_head_json":{"title":"Isolation et matelas pour camping-cars : l&#039;importance de l&#039;efficacit\u00e9 \u00e9nerg\u00e9tique et de la durabilit\u00e9 - M2 Camper | Isolation thermique et occultation pour camping-cars","robots":{"index":"index","follow":"follow","max-snippet":"max-snippet:-1","max-image-preview":"max-image-preview:large","max-video-preview":"max-video-preview:-1"},"canonical":"https:\/\/m2camper.com\/fr\/isolants-et-matelas-pour-camping-cars\/","og_locale":"fr_FR","og_type":"article","og_title":"Aislantes y Colchones para Veh\u00edculos Camper: La Importancia de la Eficiencia Energ\u00e9tica y la Durabilidad - M2 Camper | Aislantes t\u00e9rmicos y oscurecedores para campers","og_description":"Cuando transformamos un veh\u00edculo en un camper, muchos pensamos en el confort y la comodidad, pero hay otros aspectos igual de cruciales que debemos tener en cuenta: la eficiencia energ\u00e9tica y la durabilidad. Estos dos elementos son esenciales para asegurar que tu camper no solo sea c\u00f3modo, sino tambi\u00e9n pr\u00e1ctico y sostenible a largo plazo.&hellip;&nbsp;Lire la suite &raquo;Aislantes y Colchones para Veh\u00edculos Camper: La Importancia de la Eficiencia Energ\u00e9tica y la Durabilidad","og_url":"https:\/\/m2camper.com\/fr\/isolants-et-matelas-pour-camping-cars\/","og_site_name":"M2 Camper | Aislantes t\u00e9rmicos y oscurecedores para campers","article_published_time":"2024-06-16T08:16:20+00:00","article_modified_time":"2025-02-07T08:32:09+00:00","og_image":[{"width":454,"height":341,"url":"https:\/\/m2camper.com\/wp-content\/uploads\/2025\/02\/60c9aa_30e494ae4dd7476c9c65f5ecedd8fc5emv2.webp","type":"image\/webp"}],"author":"carlos","twitter_card":"summary_large_image","twitter_misc":{"\u00c9crit par":"carlos","Dur\u00e9e de lecture estim\u00e9e":"3 minutes"},"schema":{"@context":"https:\/\/schema.org","@graph":[{"@type":"Article","@id":"https:\/\/m2camper.com\/aislantes-y-colchones-para-vehiculos-camper\/#article","isPartOf":{"@id":"https:\/\/m2camper.com\/aislantes-y-colchones-para-vehiculos-camper\/"},"author":{"name":"carlos","@id":"https:\/\/m2camper.com\/pt\/#\/schema\/person\/d003f4147a0469cbf1c77ba1bebdb1bb"},"headline":"Aislantes y Colchones para Veh\u00edculos Camper: La Importancia de la Eficiencia Energ\u00e9tica y la Durabilidad","datePublished":"2024-06-16T08:16:20+00:00","dateModified":"2025-02-07T08:32:09+00:00","mainEntityOfPage":{"@id":"https:\/\/m2camper.com\/aislantes-y-colchones-para-vehiculos-camper\/"},"wordCount":605,"commentCount":0,"image":{"@id":"https:\/\/m2camper.com\/aislantes-y-colchones-para-vehiculos-camper\/#primaryimage"},"thumbnailUrl":"https:\/\/m2camper.com\/wp-content\/uploads\/2025\/02\/60c9aa_30e494ae4dd7476c9c65f5ecedd8fc5emv2.webp","articleSection":["Uncategorized"],"inLanguage":"fr-FR","potentialAction":[{"@type":"CommentAction","name":"Comment","target":["https:\/\/m2camper.com\/aislantes-y-colchones-para-vehiculos-camper\/#respond"]}]},{"@type":"WebPage","@id":"https:\/\/m2camper.com\/aislantes-y-colchones-para-vehiculos-camper\/","url":"https:\/\/m2camper.com\/aislantes-y-colchones-para-vehiculos-camper\/","name":"Isolation et matelas pour camping-cars : l&#039;importance de l&#039;efficacit\u00e9 \u00e9nerg\u00e9tique et de la durabilit\u00e9 - M2 Camper | Isolation thermique et occultation pour camping-cars","isPartOf":{"@id":"https:\/\/m2camper.com\/pt\/#website"},"primaryImageOfPage":{"@id":"https:\/\/m2camper.com\/aislantes-y-colchones-para-vehiculos-camper\/#primaryimage"},"image":{"@id":"https:\/\/m2camper.com\/aislantes-y-colchones-para-vehiculos-camper\/#primaryimage"},"thumbnailUrl":"https:\/\/m2camper.com\/wp-content\/uploads\/2025\/02\/60c9aa_30e494ae4dd7476c9c65f5ecedd8fc5emv2.webp","datePublished":"2024-06-16T08:16:20+00:00","dateModified":"2025-02-07T08:32:09+00:00","author":{"@id":"https:\/\/m2camper.com\/pt\/#\/schema\/person\/d003f4147a0469cbf1c77ba1bebdb1bb"},"breadcrumb":{"@id":"https:\/\/m2camper.com\/aislantes-y-colchones-para-vehiculos-camper\/#breadcrumb"},"inLanguage":"fr-FR","potentialAction":[{"@type":"ReadAction","target":["https:\/\/m2camper.com\/aislantes-y-colchones-para-vehiculos-camper\/"]}]},{"@type":"ImageObject","inLanguage":"fr-FR","@id":"https:\/\/m2camper.com\/aislantes-y-colchones-para-vehiculos-camper\/#primaryimage","url":"https:\/\/m2camper.com\/wp-content\/uploads\/2025\/02\/60c9aa_30e494ae4dd7476c9c65f5ecedd8fc5emv2.webp","contentUrl":"https:\/\/m2camper.com\/wp-content\/uploads\/2025\/02\/60c9aa_30e494ae4dd7476c9c65f5ecedd8fc5emv2.webp","width":454,"height":341},{"@type":"BreadcrumbList","@id":"https:\/\/m2camper.com\/aislantes-y-colchones-para-vehiculos-camper\/#breadcrumb","itemListElement":[{"@type":"ListItem","position":1,"name":"Portada","item":"https:\/\/m2camper.com\/pt\/"},{"@type":"ListItem","position":2,"name":"Aislantes y Colchones para Veh\u00edculos Camper: La Importancia de la Eficiencia Energ\u00e9tica y la Durabilidad"}]},{"@type":"WebSite","@id":"https:\/\/m2camper.com\/pt\/#website","url":"https:\/\/m2camper.com\/pt\/","name":"M2 Campeurs | Isolation thermique et oscurecedores pour les campeurs","description":"D\u00e9couvrez la qualit\u00e9 et le confort de notre isolation thermique oscurecedores et des matelas pour les v\u00e9hicules. Optimiser votre exp\u00e9rience de la route avec M2 camping-car.","potentialAction":[{"@type":"SearchAction","target":{"@type":"EntryPoint","urlTemplate":"https:\/\/m2camper.com\/pt\/?s={search_term_string}"},"query-input":{"@type":"PropertyValueSpecification","valueRequired":true,"valueName":"search_term_string"}}],"inLanguage":"fr-FR"},{"@type":"Person","@id":"https:\/\/m2camper.com\/pt\/#\/schema\/person\/d003f4147a0469cbf1c77ba1bebdb1bb","name":"Carlos","image":{"@type":"ImageObject","inLanguage":"fr-FR","@id":"https:\/\/secure.gravatar.com\/avatar\/ab10b60551e807f6b37d54bb09e40bc41b08e3828d46504634ad6f35da1b46dc?s=96&d=mm&r=g","url":"https:\/\/secure.gravatar.com\/avatar\/ab10b60551e807f6b37d54bb09e40bc41b08e3828d46504634ad6f35da1b46dc?s=96&d=mm&r=g","contentUrl":"https:\/\/secure.gravatar.com\/avatar\/ab10b60551e807f6b37d54bb09e40bc41b08e3828d46504634ad6f35da1b46dc?s=96&d=mm&r=g","caption":"carlos"},"url":"https:\/\/m2camper.com\/fr\/author\/carlos\/"}]}},"_links":{"self":[{"href":"https:\/\/m2camper.com\/fr\/wp-json\/wp\/v2\/posts\/11574","targetHints":{"allow":["GET"]}}],"collection":[{"href":"https:\/\/m2camper.com\/fr\/wp-json\/wp\/v2\/posts"}],"about":[{"href":"https:\/\/m2camper.com\/fr\/wp-json\/wp\/v2\/types\/post"}],"author":[{"embeddable":true,"href":"https:\/\/m2camper.com\/fr\/wp-json\/wp\/v2\/users\/5740"}],"replies":[{"embeddable":true,"href":"https:\/\/m2camper.com\/fr\/wp-json\/wp\/v2\/comments?post=11574"}],"version-history":[{"count":2,"href":"https:\/\/m2camper.com\/fr\/wp-json\/wp\/v2\/posts\/11574\/revisions"}],"predecessor-version":[{"id":11591,"href":"https:\/\/m2camper.com\/fr\/wp-json\/wp\/v2\/posts\/11574\/revisions\/11591"}],"wp:featuredmedia":[{"embeddable":true,"href":"https:\/\/m2camper.com\/fr\/wp-json\/wp\/v2\/media\/11575"}],"wp:attachment":[{"href":"https:\/\/m2camper.com\/fr\/wp-json\/wp\/v2\/media?parent=11574"}],"wp:term":[{"taxonomy":"category","embeddable":true,"href":"https:\/\/m2camper.com\/fr\/wp-json\/wp\/v2\/categories?post=11574"},{"taxonomy":"post_tag","embeddable":true,"href":"https:\/\/m2camper.com\/fr\/wp-json\/wp\/v2\/tags?post=11574"}],"curies":[{"name":"wp","href":"https:\/\/api.w.org\/{rel}","templated":true}]}}