{"id":11570,"date":"2024-05-12T11:33:27","date_gmt":"2024-05-12T11:33:27","guid":{"rendered":"https:\/\/ultbit.com\/m2camper\/?p=11570"},"modified":"2025-02-06T12:02:16","modified_gmt":"2025-02-06T12:02:16","slug":"maximisez-votre-espace-les-matelas-personnalises-transforment-votre-camping-car","status":"publish","type":"post","link":"https:\/\/m2camper.com\/fr\/maximisez-votre-espace-les-matelas-personnalises-transforment-votre-camping-car\/","title":{"rendered":"Optimisez votre espace : les matelas personnalis\u00e9s transforment votre camping-car"},"content":{"rendered":"<div data-breakout=\"normal\">\n<p id=\"viewer-foo\" class=\"cqfST cQRuq WGebp jTM--\" dir=\"auto\"><span class=\"_61ACD\">Dans le monde du camping-car, chaque centim\u00e8tre de votre v\u00e9hicule est pr\u00e9cieux. Adapter un v\u00e9hicule pour qu&#039;il soit \u00e0 la fois un moyen de transport et un logement temporaire confortable est un art qui demande de l&#039;ing\u00e9niosit\u00e9, notamment en mati\u00e8re d&#039;am\u00e9nagement spatial. Les matelas personnalis\u00e9s ne sont pas seulement un \u00e9l\u00e9ment cl\u00e9 du puzzle du confort, mais ils sont \u00e9galement essentiels pour une r\u00e9partition intelligente de l&#039;espace int\u00e9rieur de votre camping-car.<\/span><\/p>\n<\/div>\n<div data-breakout=\"normal\">\n<p id=\"viewer-cjtn749\" class=\"cqfST cQRuq WGebp jTM--\" dir=\"auto\"><span class=\"_61ACD\"><strong>Repenser l&#039;int\u00e9rieur avec intelligence<\/strong><\/span><\/p>\n<\/div>\n<div data-breakout=\"normal\">\n<p id=\"viewer-l0liz51\" class=\"cqfST cQRuq WGebp jTM--\" dir=\"auto\"><span class=\"_61ACD\">Les matelas sur mesure offrent une solution innovante non seulement en termes de confort mais \u00e9galement d\u2019optimisation de l\u2019espace. Chez M2 Camper, nous concevons des matelas qui s&#039;adaptent aux dimensions uniques de chaque camping-car, \u00e9liminant ainsi l&#039;espace perdu et faisant en sorte que chaque centim\u00e8tre compte. Cela ouvre de nouvelles possibilit\u00e9s de stockage, d&#039;espaces de vie et plus encore, transformant votre v\u00e9hicule en un espace plus fonctionnel et organis\u00e9.<\/span><\/p>\n<\/div>\n<div data-breakout=\"normal\">\n<div id=\"viewer-2djm91480\" class=\"KqKMh\">\n<div class=\"_7T4Uc SkJEB\">\n<figure class=\"P29V1\">\n<div class=\"CuIEU\" tabindex=\"0\" role=\"button\" data-hook=\"imageViewer\" aria-haspopup=\"true\">\n<div id=\"2djm91480\" class=\"KfAFF ApRDe _84uzj\"><img decoding=\"async\" class=\"aligncenter\" draggable=\"false\" src=\"https:\/\/static.wixstatic.com\/media\/60c9aa_34bae4643e154cb5a6b16f920794c861~mv2.jpg\/v1\/fill\/w_350,h_263,al_c,q_80,usm_0.66_1.00_0.01,enc_auto\/60c9aa_34bae4643e154cb5a6b16f920794c861~mv2.jpg\" alt=\"Optimisez votre espace avec des matelas sur mesure\" data-pin-url=\"https:\/\/m2camper.com\/post\/maximiza-tu-espacio-los-colchones-a-medida-transforman-tu-camper\" data-pin-media=\"https:\/\/static.wixstatic.com\/media\/60c9aa_34bae4643e154cb5a6b16f920794c861~mv2.jpg\/v1\/fill\/w_2048,h_1536,al_c,q_90\/60c9aa_34bae4643e154cb5a6b16f920794c861~mv2.jpg\" data-ssr-src-done=\"true\" data-load-done=\"\" \/><\/div>\n<\/div>\n<\/figure>\n<\/div>\n<\/div>\n<\/div>\n<div data-breakout=\"normal\">\n<p id=\"viewer-m3jib53\" class=\"cqfST cQRuq WGebp jTM--\" dir=\"auto\"><span class=\"_61ACD\"><strong>Fonctionnalit\u00e9s \u00e9tendues au-del\u00e0 du repos<\/strong><\/span><\/p>\n<\/div>\n<div data-breakout=\"normal\">\n<p id=\"viewer-r8mcv55\" class=\"cqfST cQRuq WGebp jTM--\" dir=\"auto\"><span class=\"_61ACD\">Un matelas personnalis\u00e9 ne doit pas \u00eatre simplement un endroit o\u00f9 se reposer. Avec une conception appropri\u00e9e, il peut fonctionner comme une partie int\u00e9grante de votre configuration de vie et de voyage. Imaginez un matelas qui se plie en canap\u00e9 pendant la journ\u00e9e ou qui comprend des compartiments de rangement cach\u00e9s en dessous. Ce type de double fonctionnalit\u00e9 permet non seulement d&#039;\u00e9conomiser de l&#039;espace, mais maximise \u00e9galement l&#039;utilit\u00e9 de chaque zone de votre camping-car.<\/span><\/p>\n<\/div>\n<div data-breakout=\"normal\">\n<p id=\"viewer-2nuis57\" class=\"cqfST cQRuq WGebp jTM--\" dir=\"auto\"><span class=\"_61ACD\"><strong>Esth\u00e9tique et confort en harmonie<\/strong><\/span><\/p>\n<\/div>\n<div data-breakout=\"normal\">\n<p id=\"viewer-r7rd859\" class=\"cqfST cQRuq WGebp jTM--\" dir=\"auto\"><span class=\"_61ACD\">En plus d&#039;\u00eatre pratiques, les matelas personnalis\u00e9s peuvent contribuer \u00e0 l&#039;esth\u00e9tique g\u00e9n\u00e9rale de l&#039;int\u00e9rieur de votre camping-car. En s\u00e9lectionnant des mat\u00e9riaux et des designs qui compl\u00e8tent le reste de votre configuration, vous pouvez cr\u00e9er un environnement qui refl\u00e8te votre style personnel et am\u00e9liore le sentiment d&#039;\u00eatre chez soi sur la route.<\/span><\/p>\n<\/div>\n<div data-breakout=\"normal\">\n<p id=\"viewer-k5t7l61\" class=\"cqfST cQRuq WGebp jTM--\" dir=\"auto\"><span class=\"_61ACD\"><strong>Sant\u00e9 et ergonomie sur la route<\/strong><\/span><\/p>\n<\/div>\n<div data-breakout=\"normal\">\n<p id=\"viewer-ipt1c63\" class=\"cqfST cQRuq WGebp jTM--\" dir=\"auto\"><span class=\"_61ACD\">L\u2019importance d\u2019une bonne nuit de sommeil ne peut pas \u00eatre sous-estim\u00e9e, surtout lorsque vous \u00eates sur la route. Un matelas mal ajust\u00e9 peut entra\u00eener un mauvais sommeil, affectant votre sant\u00e9 et votre \u00e9nergie. Les matelas sur mesure, con\u00e7us dans un souci d&#039;ergonomie et soutenus par la science du sommeil, peuvent pr\u00e9venir les probl\u00e8mes de dos et am\u00e9liorer la qualit\u00e9 du sommeil, vous assurant de vous r\u00e9veiller rafra\u00eechi et pr\u00eat pour l&#039;aventure chaque jour.<\/span><\/p>\n<\/div>\n<div data-breakout=\"normal\">\n<p id=\"viewer-2dteh65\" class=\"cqfST cQRuq WGebp jTM--\" dir=\"auto\"><span class=\"_61ACD\"><strong>Investissement \u00e0 long terme dans votre style de vie<\/strong><\/span><\/p>\n<\/div>\n<div data-breakout=\"normal\">\n<p id=\"viewer-fras467\" class=\"cqfST cQRuq WGebp jTM--\" dir=\"auto\"><span class=\"_61ACD\">Choisir un matelas sur mesure pour votre camping-car est bien plus qu\u2019un simple achat ; C&#039;est un investissement dans votre style de vie et vos aventures. En choisissant une conception personnalis\u00e9e adapt\u00e9e \u00e0 vos besoins sp\u00e9cifiques, vous vous assurez d&#039;une solution durable qui vous accompagnera dans de nombreux voyages, offrant confort et commodit\u00e9 o\u00f9 que la route vous m\u00e8ne.<\/span><\/p>\n<\/div>\n<div data-breakout=\"normal\">\n<p id=\"viewer-xf0v369\" class=\"cqfST cQRuq WGebp jTM--\" dir=\"auto\"><span class=\"_61ACD\">Chez M2 Camper, nous pensons qu\u2019un matelas sur mesure est bien plus qu\u2019un simple endroit o\u00f9 dormir. C&#039;est une pi\u00e8ce ma\u00eetresse pour transformer votre v\u00e9hicule en une maison sur roues fonctionnelle, confortable et esth\u00e9tique. En r\u00e9imaginant l&#039;utilisation de cet espace essentiel, vous am\u00e9liorerez non seulement votre exp\u00e9rience de voyage, mais maximiserez \u00e9galement le potentiel de votre camping-car. Pr\u00e9parez-vous \u00e0 red\u00e9couvrir ce que signifie voyager dans le confort et le style.<\/span><\/p>\n<\/div>\n<div data-breakout=\"normal\">\n<p id=\"viewer-qjl8y1580\" class=\"cqfST cQRuq WGebp jTM--\" dir=\"auto\"><span class=\"_61ACD\"><em>Optimisez votre espace avec des matelas personnalis\u00e9s<\/em><\/span><\/p>\n<\/div>\n<div data-breakout=\"normal\">\n<div id=\"viewer-x5h9e1279\" class=\"KqKMh\">\n<div class=\"_7T4Uc SkJEB\">\n<figure class=\"P29V1\">\n<div class=\"CuIEU\" tabindex=\"0\" role=\"button\" data-hook=\"imageViewer\" aria-haspopup=\"true\">\n<div id=\"x5h9e1279\" class=\"KfAFF ApRDe _84uzj\"><img decoding=\"async\" class=\"aligncenter\" draggable=\"false\" src=\"https:\/\/static.wixstatic.com\/media\/60c9aa_a1dc04875e6b46ebb33c7a6c66a4ae76~mv2.jpg\/v1\/fill\/w_350,h_263,al_c,q_80,usm_0.66_1.00_0.01,enc_auto\/60c9aa_a1dc04875e6b46ebb33c7a6c66a4ae76~mv2.jpg\" alt=\"Optimisez votre espace avec des matelas sur mesure\" data-pin-url=\"https:\/\/m2camper.com\/post\/maximiza-tu-espacio-los-colchones-a-medida-transforman-tu-camper\" data-pin-media=\"https:\/\/static.wixstatic.com\/media\/60c9aa_a1dc04875e6b46ebb33c7a6c66a4ae76~mv2.jpg\/v1\/fill\/w_2048,h_1536,al_c,q_90\/60c9aa_a1dc04875e6b46ebb33c7a6c66a4ae76~mv2.jpg\" data-ssr-src-done=\"true\" data-load-done=\"\" \/><\/div>\n<\/div>\n<\/figure>\n<\/div>\n<\/div>\n<\/div>","protected":false},"excerpt":{"rendered":"<p>En el mundo del camper, cada cent\u00edmetro de tu veh\u00edculo es precioso. Adaptar un veh\u00edculo para que sea tanto un medio de transporte como un c\u00f3modo hogar temporal es un arte que requiere ingenio, especialmente cuando se trata de la distribuci\u00f3n del espacio. Los colchones a medida no solo son una pieza clave en el&hellip;&nbsp;<a href=\"https:\/\/m2camper.com\/fr\/maximisez-votre-espace-les-matelas-personnalises-transforment-votre-camping-car\/\" rel=\"bookmark\">En savoir plus &quot;<span class=\"screen-reader-text\">Optimisez votre espace : les matelas personnalis\u00e9s transforment votre camping-car<\/span><\/a><\/p>","protected":false},"author":5740,"featured_media":11571,"comment_status":"open","ping_status":"open","sticky":false,"template":"","format":"standard","meta":{"neve_meta_sidebar":"","neve_meta_container":"","neve_meta_enable_content_width":"off","neve_meta_content_width":70,"neve_meta_title_alignment":"","neve_meta_author_avatar":"","neve_post_elements_order":"","neve_meta_disable_header":"","neve_meta_disable_footer":"","neve_meta_disable_title":"","footnotes":""},"categories":[1],"tags":[],"class_list":["post-11570","post","type-post","status-publish","format-standard","has-post-thumbnail","hentry","category-uncategorized"],"yoast_head":"<!-- This site is optimized with the Yoast SEO plugin v27.4 - https:\/\/yoast.com\/product\/yoast-seo-wordpress\/ -->\n<title>Maximiza Tu Espacio: Los Colchones a Medida Transforman Tu Camper - M2 Camper | Aislantes t\u00e9rmicos y oscurecedores para campers<\/title>\n<meta name=\"robots\" content=\"index, follow, max-snippet:-1, max-image-preview:large, max-video-preview:-1\" \/>\n<link rel=\"canonical\" href=\"https:\/\/m2camper.com\/fr\/maximisez-votre-espace-les-matelas-personnalises-transforment-votre-camping-car\/\" \/>\n<meta property=\"og:locale\" content=\"fr_FR\" \/>\n<meta property=\"og:type\" content=\"article\" \/>\n<meta property=\"og:title\" content=\"Maximiza Tu Espacio: Los Colchones a Medida Transforman Tu Camper - M2 Camper | Aislantes t\u00e9rmicos y oscurecedores para campers\" \/>\n<meta property=\"og:description\" content=\"En el mundo del camper, cada cent\u00edmetro de tu veh\u00edculo es precioso. Adaptar un veh\u00edculo para que sea tanto un medio de transporte como un c\u00f3modo hogar temporal es un arte que requiere ingenio, especialmente cuando se trata de la distribuci\u00f3n del espacio. Los colchones a medida no solo son una pieza clave en el&hellip;&nbsp;Lire la suite &raquo;Maximiza Tu Espacio: Los Colchones a Medida Transforman Tu Camper\" \/>\n<meta property=\"og:url\" content=\"https:\/\/m2camper.com\/fr\/maximisez-votre-espace-les-matelas-personnalises-transforment-votre-camping-car\/\" \/>\n<meta property=\"og:site_name\" content=\"M2 Camper | Aislantes t\u00e9rmicos y oscurecedores para campers\" \/>\n<meta property=\"article:published_time\" content=\"2024-05-12T11:33:27+00:00\" \/>\n<meta property=\"article:modified_time\" content=\"2025-02-06T12:02:16+00:00\" \/>\n<meta property=\"og:image\" content=\"https:\/\/m2camper.com\/wp-content\/uploads\/2025\/02\/60c9aa_ed4c7456bc2048a29bcb737eed9d9e05mv2.webp\" \/>\n\t<meta property=\"og:image:width\" content=\"454\" \/>\n\t<meta property=\"og:image:height\" content=\"341\" \/>\n\t<meta property=\"og:image:type\" content=\"image\/webp\" \/>\n<meta name=\"author\" content=\"carlos\" \/>\n<meta name=\"twitter:card\" content=\"summary_large_image\" \/>\n<meta name=\"twitter:label1\" content=\"\u00c9crit par\" \/>\n\t<meta name=\"twitter:data1\" content=\"carlos\" \/>\n\t<meta name=\"twitter:label2\" content=\"Dur\u00e9e de lecture estim\u00e9e\" \/>\n\t<meta name=\"twitter:data2\" content=\"3 minutes\" \/>\n<script type=\"application\/ld+json\" class=\"yoast-schema-graph\">{\"@context\":\"https:\\\/\\\/schema.org\",\"@graph\":[{\"@type\":\"Article\",\"@id\":\"https:\\\/\\\/m2camper.com\\\/maximiza-tu-espacio-los-colchones-a-medida-transforman-tu-camper\\\/#article\",\"isPartOf\":{\"@id\":\"https:\\\/\\\/m2camper.com\\\/maximiza-tu-espacio-los-colchones-a-medida-transforman-tu-camper\\\/\"},\"author\":{\"name\":\"carlos\",\"@id\":\"https:\\\/\\\/m2camper.com\\\/pt\\\/#\\\/schema\\\/person\\\/d003f4147a0469cbf1c77ba1bebdb1bb\"},\"headline\":\"Maximiza Tu Espacio: Los Colchones a Medida Transforman Tu Camper\",\"datePublished\":\"2024-05-12T11:33:27+00:00\",\"dateModified\":\"2025-02-06T12:02:16+00:00\",\"mainEntityOfPage\":{\"@id\":\"https:\\\/\\\/m2camper.com\\\/maximiza-tu-espacio-los-colchones-a-medida-transforman-tu-camper\\\/\"},\"wordCount\":568,\"commentCount\":0,\"image\":{\"@id\":\"https:\\\/\\\/m2camper.com\\\/maximiza-tu-espacio-los-colchones-a-medida-transforman-tu-camper\\\/#primaryimage\"},\"thumbnailUrl\":\"https:\\\/\\\/m2camper.com\\\/wp-content\\\/uploads\\\/2025\\\/02\\\/60c9aa_ed4c7456bc2048a29bcb737eed9d9e05mv2.webp\",\"articleSection\":[\"Uncategorized\"],\"inLanguage\":\"fr-FR\",\"potentialAction\":[{\"@type\":\"CommentAction\",\"name\":\"Comment\",\"target\":[\"https:\\\/\\\/m2camper.com\\\/maximiza-tu-espacio-los-colchones-a-medida-transforman-tu-camper\\\/#respond\"]}]},{\"@type\":\"WebPage\",\"@id\":\"https:\\\/\\\/m2camper.com\\\/maximiza-tu-espacio-los-colchones-a-medida-transforman-tu-camper\\\/\",\"url\":\"https:\\\/\\\/m2camper.com\\\/maximiza-tu-espacio-los-colchones-a-medida-transforman-tu-camper\\\/\",\"name\":\"Maximiza Tu Espacio: Los Colchones a Medida Transforman Tu Camper - M2 Camper | Aislantes t\u00e9rmicos y oscurecedores para campers\",\"isPartOf\":{\"@id\":\"https:\\\/\\\/m2camper.com\\\/pt\\\/#website\"},\"primaryImageOfPage\":{\"@id\":\"https:\\\/\\\/m2camper.com\\\/maximiza-tu-espacio-los-colchones-a-medida-transforman-tu-camper\\\/#primaryimage\"},\"image\":{\"@id\":\"https:\\\/\\\/m2camper.com\\\/maximiza-tu-espacio-los-colchones-a-medida-transforman-tu-camper\\\/#primaryimage\"},\"thumbnailUrl\":\"https:\\\/\\\/m2camper.com\\\/wp-content\\\/uploads\\\/2025\\\/02\\\/60c9aa_ed4c7456bc2048a29bcb737eed9d9e05mv2.webp\",\"datePublished\":\"2024-05-12T11:33:27+00:00\",\"dateModified\":\"2025-02-06T12:02:16+00:00\",\"author\":{\"@id\":\"https:\\\/\\\/m2camper.com\\\/pt\\\/#\\\/schema\\\/person\\\/d003f4147a0469cbf1c77ba1bebdb1bb\"},\"breadcrumb\":{\"@id\":\"https:\\\/\\\/m2camper.com\\\/maximiza-tu-espacio-los-colchones-a-medida-transforman-tu-camper\\\/#breadcrumb\"},\"inLanguage\":\"fr-FR\",\"potentialAction\":[{\"@type\":\"ReadAction\",\"target\":[\"https:\\\/\\\/m2camper.com\\\/maximiza-tu-espacio-los-colchones-a-medida-transforman-tu-camper\\\/\"]}]},{\"@type\":\"ImageObject\",\"inLanguage\":\"fr-FR\",\"@id\":\"https:\\\/\\\/m2camper.com\\\/maximiza-tu-espacio-los-colchones-a-medida-transforman-tu-camper\\\/#primaryimage\",\"url\":\"https:\\\/\\\/m2camper.com\\\/wp-content\\\/uploads\\\/2025\\\/02\\\/60c9aa_ed4c7456bc2048a29bcb737eed9d9e05mv2.webp\",\"contentUrl\":\"https:\\\/\\\/m2camper.com\\\/wp-content\\\/uploads\\\/2025\\\/02\\\/60c9aa_ed4c7456bc2048a29bcb737eed9d9e05mv2.webp\",\"width\":454,\"height\":341},{\"@type\":\"BreadcrumbList\",\"@id\":\"https:\\\/\\\/m2camper.com\\\/maximiza-tu-espacio-los-colchones-a-medida-transforman-tu-camper\\\/#breadcrumb\",\"itemListElement\":[{\"@type\":\"ListItem\",\"position\":1,\"name\":\"Portada\",\"item\":\"https:\\\/\\\/m2camper.com\\\/pt\\\/\"},{\"@type\":\"ListItem\",\"position\":2,\"name\":\"Maximiza Tu Espacio: Los Colchones a Medida Transforman Tu Camper\"}]},{\"@type\":\"WebSite\",\"@id\":\"https:\\\/\\\/m2camper.com\\\/pt\\\/#website\",\"url\":\"https:\\\/\\\/m2camper.com\\\/pt\\\/\",\"name\":\"M2 Campers | Aislantes t\u00e9rmicos y oscurecedores para campers\",\"description\":\"Descubre calidad y confort de nuestros aislantes t\u00e9rmicos oscurecedores y colchones para veh\u00edculos. Optimiza tu experiencia en carretera con M2 Camper.\",\"potentialAction\":[{\"@type\":\"SearchAction\",\"target\":{\"@type\":\"EntryPoint\",\"urlTemplate\":\"https:\\\/\\\/m2camper.com\\\/pt\\\/?s={search_term_string}\"},\"query-input\":{\"@type\":\"PropertyValueSpecification\",\"valueRequired\":true,\"valueName\":\"search_term_string\"}}],\"inLanguage\":\"fr-FR\"},{\"@type\":\"Person\",\"@id\":\"https:\\\/\\\/m2camper.com\\\/pt\\\/#\\\/schema\\\/person\\\/d003f4147a0469cbf1c77ba1bebdb1bb\",\"name\":\"carlos\",\"image\":{\"@type\":\"ImageObject\",\"inLanguage\":\"fr-FR\",\"@id\":\"https:\\\/\\\/secure.gravatar.com\\\/avatar\\\/ab10b60551e807f6b37d54bb09e40bc41b08e3828d46504634ad6f35da1b46dc?s=96&d=mm&r=g\",\"url\":\"https:\\\/\\\/secure.gravatar.com\\\/avatar\\\/ab10b60551e807f6b37d54bb09e40bc41b08e3828d46504634ad6f35da1b46dc?s=96&d=mm&r=g\",\"contentUrl\":\"https:\\\/\\\/secure.gravatar.com\\\/avatar\\\/ab10b60551e807f6b37d54bb09e40bc41b08e3828d46504634ad6f35da1b46dc?s=96&d=mm&r=g\",\"caption\":\"carlos\"},\"url\":\"https:\\\/\\\/m2camper.com\\\/fr\\\/author\\\/carlos\\\/\"}]}<\/script>\n<!-- \/ Yoast SEO plugin. -->","yoast_head_json":{"title":"Optimisez votre espace : les matelas personnalis\u00e9s transforment votre camping-car - M2 Camper | Isolation thermique et occultation pour camping-cars","robots":{"index":"index","follow":"follow","max-snippet":"max-snippet:-1","max-image-preview":"max-image-preview:large","max-video-preview":"max-video-preview:-1"},"canonical":"https:\/\/m2camper.com\/fr\/maximisez-votre-espace-les-matelas-personnalises-transforment-votre-camping-car\/","og_locale":"fr_FR","og_type":"article","og_title":"Maximiza Tu Espacio: Los Colchones a Medida Transforman Tu Camper - M2 Camper | Aislantes t\u00e9rmicos y oscurecedores para campers","og_description":"En el mundo del camper, cada cent\u00edmetro de tu veh\u00edculo es precioso. Adaptar un veh\u00edculo para que sea tanto un medio de transporte como un c\u00f3modo hogar temporal es un arte que requiere ingenio, especialmente cuando se trata de la distribuci\u00f3n del espacio. Los colchones a medida no solo son una pieza clave en el&hellip;&nbsp;Lire la suite &raquo;Maximiza Tu Espacio: Los Colchones a Medida Transforman Tu Camper","og_url":"https:\/\/m2camper.com\/fr\/maximisez-votre-espace-les-matelas-personnalises-transforment-votre-camping-car\/","og_site_name":"M2 Camper | Aislantes t\u00e9rmicos y oscurecedores para campers","article_published_time":"2024-05-12T11:33:27+00:00","article_modified_time":"2025-02-06T12:02:16+00:00","og_image":[{"width":454,"height":341,"url":"https:\/\/m2camper.com\/wp-content\/uploads\/2025\/02\/60c9aa_ed4c7456bc2048a29bcb737eed9d9e05mv2.webp","type":"image\/webp"}],"author":"carlos","twitter_card":"summary_large_image","twitter_misc":{"\u00c9crit par":"carlos","Dur\u00e9e de lecture estim\u00e9e":"3 minutes"},"schema":{"@context":"https:\/\/schema.org","@graph":[{"@type":"Article","@id":"https:\/\/m2camper.com\/maximiza-tu-espacio-los-colchones-a-medida-transforman-tu-camper\/#article","isPartOf":{"@id":"https:\/\/m2camper.com\/maximiza-tu-espacio-los-colchones-a-medida-transforman-tu-camper\/"},"author":{"name":"carlos","@id":"https:\/\/m2camper.com\/pt\/#\/schema\/person\/d003f4147a0469cbf1c77ba1bebdb1bb"},"headline":"Maximiza Tu Espacio: Los Colchones a Medida Transforman Tu Camper","datePublished":"2024-05-12T11:33:27+00:00","dateModified":"2025-02-06T12:02:16+00:00","mainEntityOfPage":{"@id":"https:\/\/m2camper.com\/maximiza-tu-espacio-los-colchones-a-medida-transforman-tu-camper\/"},"wordCount":568,"commentCount":0,"image":{"@id":"https:\/\/m2camper.com\/maximiza-tu-espacio-los-colchones-a-medida-transforman-tu-camper\/#primaryimage"},"thumbnailUrl":"https:\/\/m2camper.com\/wp-content\/uploads\/2025\/02\/60c9aa_ed4c7456bc2048a29bcb737eed9d9e05mv2.webp","articleSection":["Uncategorized"],"inLanguage":"fr-FR","potentialAction":[{"@type":"CommentAction","name":"Comment","target":["https:\/\/m2camper.com\/maximiza-tu-espacio-los-colchones-a-medida-transforman-tu-camper\/#respond"]}]},{"@type":"WebPage","@id":"https:\/\/m2camper.com\/maximiza-tu-espacio-los-colchones-a-medida-transforman-tu-camper\/","url":"https:\/\/m2camper.com\/maximiza-tu-espacio-los-colchones-a-medida-transforman-tu-camper\/","name":"Optimisez votre espace : les matelas personnalis\u00e9s transforment votre camping-car - M2 Camper | Isolation thermique et occultation pour camping-cars","isPartOf":{"@id":"https:\/\/m2camper.com\/pt\/#website"},"primaryImageOfPage":{"@id":"https:\/\/m2camper.com\/maximiza-tu-espacio-los-colchones-a-medida-transforman-tu-camper\/#primaryimage"},"image":{"@id":"https:\/\/m2camper.com\/maximiza-tu-espacio-los-colchones-a-medida-transforman-tu-camper\/#primaryimage"},"thumbnailUrl":"https:\/\/m2camper.com\/wp-content\/uploads\/2025\/02\/60c9aa_ed4c7456bc2048a29bcb737eed9d9e05mv2.webp","datePublished":"2024-05-12T11:33:27+00:00","dateModified":"2025-02-06T12:02:16+00:00","author":{"@id":"https:\/\/m2camper.com\/pt\/#\/schema\/person\/d003f4147a0469cbf1c77ba1bebdb1bb"},"breadcrumb":{"@id":"https:\/\/m2camper.com\/maximiza-tu-espacio-los-colchones-a-medida-transforman-tu-camper\/#breadcrumb"},"inLanguage":"fr-FR","potentialAction":[{"@type":"ReadAction","target":["https:\/\/m2camper.com\/maximiza-tu-espacio-los-colchones-a-medida-transforman-tu-camper\/"]}]},{"@type":"ImageObject","inLanguage":"fr-FR","@id":"https:\/\/m2camper.com\/maximiza-tu-espacio-los-colchones-a-medida-transforman-tu-camper\/#primaryimage","url":"https:\/\/m2camper.com\/wp-content\/uploads\/2025\/02\/60c9aa_ed4c7456bc2048a29bcb737eed9d9e05mv2.webp","contentUrl":"https:\/\/m2camper.com\/wp-content\/uploads\/2025\/02\/60c9aa_ed4c7456bc2048a29bcb737eed9d9e05mv2.webp","width":454,"height":341},{"@type":"BreadcrumbList","@id":"https:\/\/m2camper.com\/maximiza-tu-espacio-los-colchones-a-medida-transforman-tu-camper\/#breadcrumb","itemListElement":[{"@type":"ListItem","position":1,"name":"Portada","item":"https:\/\/m2camper.com\/pt\/"},{"@type":"ListItem","position":2,"name":"Maximiza Tu Espacio: Los Colchones a Medida Transforman Tu Camper"}]},{"@type":"WebSite","@id":"https:\/\/m2camper.com\/pt\/#website","url":"https:\/\/m2camper.com\/pt\/","name":"M2 Campeurs | Isolation thermique et oscurecedores pour les campeurs","description":"D\u00e9couvrez la qualit\u00e9 et le confort de notre isolation thermique oscurecedores et des matelas pour les v\u00e9hicules. Optimiser votre exp\u00e9rience de la route avec M2 camping-car.","potentialAction":[{"@type":"SearchAction","target":{"@type":"EntryPoint","urlTemplate":"https:\/\/m2camper.com\/pt\/?s={search_term_string}"},"query-input":{"@type":"PropertyValueSpecification","valueRequired":true,"valueName":"search_term_string"}}],"inLanguage":"fr-FR"},{"@type":"Person","@id":"https:\/\/m2camper.com\/pt\/#\/schema\/person\/d003f4147a0469cbf1c77ba1bebdb1bb","name":"Carlos","image":{"@type":"ImageObject","inLanguage":"fr-FR","@id":"https:\/\/secure.gravatar.com\/avatar\/ab10b60551e807f6b37d54bb09e40bc41b08e3828d46504634ad6f35da1b46dc?s=96&d=mm&r=g","url":"https:\/\/secure.gravatar.com\/avatar\/ab10b60551e807f6b37d54bb09e40bc41b08e3828d46504634ad6f35da1b46dc?s=96&d=mm&r=g","contentUrl":"https:\/\/secure.gravatar.com\/avatar\/ab10b60551e807f6b37d54bb09e40bc41b08e3828d46504634ad6f35da1b46dc?s=96&d=mm&r=g","caption":"carlos"},"url":"https:\/\/m2camper.com\/fr\/author\/carlos\/"}]}},"_links":{"self":[{"href":"https:\/\/m2camper.com\/fr\/wp-json\/wp\/v2\/posts\/11570","targetHints":{"allow":["GET"]}}],"collection":[{"href":"https:\/\/m2camper.com\/fr\/wp-json\/wp\/v2\/posts"}],"about":[{"href":"https:\/\/m2camper.com\/fr\/wp-json\/wp\/v2\/types\/post"}],"author":[{"embeddable":true,"href":"https:\/\/m2camper.com\/fr\/wp-json\/wp\/v2\/users\/5740"}],"replies":[{"embeddable":true,"href":"https:\/\/m2camper.com\/fr\/wp-json\/wp\/v2\/comments?post=11570"}],"version-history":[{"count":2,"href":"https:\/\/m2camper.com\/fr\/wp-json\/wp\/v2\/posts\/11570\/revisions"}],"predecessor-version":[{"id":11573,"href":"https:\/\/m2camper.com\/fr\/wp-json\/wp\/v2\/posts\/11570\/revisions\/11573"}],"wp:featuredmedia":[{"embeddable":true,"href":"https:\/\/m2camper.com\/fr\/wp-json\/wp\/v2\/media\/11571"}],"wp:attachment":[{"href":"https:\/\/m2camper.com\/fr\/wp-json\/wp\/v2\/media?parent=11570"}],"wp:term":[{"taxonomy":"category","embeddable":true,"href":"https:\/\/m2camper.com\/fr\/wp-json\/wp\/v2\/categories?post=11570"},{"taxonomy":"post_tag","embeddable":true,"href":"https:\/\/m2camper.com\/fr\/wp-json\/wp\/v2\/tags?post=11570"}],"curies":[{"name":"wp","href":"https:\/\/api.w.org\/{rel}","templated":true}]}}