{"id":11559,"date":"2024-02-24T11:00:28","date_gmt":"2024-02-24T11:00:28","guid":{"rendered":"https:\/\/ultbit.com\/m2camper\/?p=11559"},"modified":"2025-02-06T11:01:52","modified_gmt":"2025-02-06T11:01:52","slug":"decouvrez-la-magie-des-fenetres-de-votre-camping-car","status":"publish","type":"post","link":"https:\/\/m2camper.com\/fr\/decouvrez-la-magie-des-fenetres-de-votre-camping-car\/","title":{"rendered":"D\u00e9couvrez la magie des fen\u00eatres dans votre camping-car"},"content":{"rendered":"<div data-breakout=\"normal\">\n<p id=\"viewer-c2mj6\" class=\"cqfST cQRuq WGebp jTM--\" dir=\"auto\"><span class=\"_61ACD\">Bienvenue, amoureux de la vie sur roues ! Dans cet article, nous explorerons l&#039;importance des fen\u00eatres dans votre camping-car, leur vari\u00e9t\u00e9 de tailles et de formes, et comment les isolants occultants peuvent transformer votre espace en un sanctuaire confortable et priv\u00e9.<\/span><\/p>\n<\/div>\n<div data-breakout=\"normal\">\n<p id=\"viewer-2nltz74\" class=\"cqfST cQRuq WGebp jTM--\" dir=\"auto\"><span class=\"_61ACD\"><strong>Les fen\u00eatres : la grande vitrine vers l&#039;ext\u00e9rieur<\/strong><\/span><\/p>\n<\/div>\n<div data-breakout=\"normal\">\n<p id=\"viewer-g6wtl76\" class=\"cqfST cQRuq WGebp jTM--\" dir=\"auto\"><span class=\"_61ACD\">Les fen\u00eatres de votre camping-car sont bien plus que de simples ouvertures pour laisser entrer la lumi\u00e8re. Ils sont le lien avec le monde ext\u00e9rieur, un portail vers des paysages \u00e0 couper le souffle et des nuits \u00e9toil\u00e9es. Mais avec une telle beaut\u00e9 vient le besoin d\u2019intimit\u00e9 et de confort thermique.<\/span><\/p>\n<\/div>\n<div data-breakout=\"normal\">\n<p id=\"viewer-n2yvo78\" class=\"cqfST cQRuq WGebp jTM--\" dir=\"auto\"><span class=\"_61ACD\">Chaque mod\u00e8le de camping-car poss\u00e8de ses propres caract\u00e9ristiques distinctives concernant la taille et la forme de ses fen\u00eatres. Certaines disposent de fen\u00eatres panoramiques qui offrent une vue large, tandis que d&#039;autres optent pour des fen\u00eatres plus petites pour une plus grande intimit\u00e9. Quelle que soit la conception de votre camping-car, il existe une solution sur mesure pour sublimer et prot\u00e9ger ces fen\u00eatres.<\/span><\/p>\n<\/div>\n<div data-breakout=\"normal\">\n<p id=\"viewer-xwao580\" class=\"cqfST cQRuq WGebp jTM--\" dir=\"auto\"><span class=\"_61ACD\"><strong>Explorer la vari\u00e9t\u00e9 des tailles et des formes des fen\u00eatres de camping-car<\/strong><\/span><\/p>\n<\/div>\n<div data-breakout=\"normal\">\n<ol class=\"xkVfi WGebp\">\n<li class=\"fGYqH\" dir=\"auto\" aria-level=\"1\">\n<p id=\"viewer-jz9st84\" class=\"cqfST cQRuq WGebp jTM--\" dir=\"\"><span class=\"_61ACD\"><em>Fen\u00eatres panoramiques<\/em>:Id\u00e9al pour profiter de paysages \u00e9poustouflants. Les isolants thermiques occultants pour ce type de fen\u00eatre maximisent l&#039;intimit\u00e9 et emp\u00eachent la lumi\u00e8re ind\u00e9sirable d&#039;entrer.<\/span><\/p>\n<\/li>\n<li class=\"fGYqH\" dir=\"auto\" aria-level=\"1\">\n<p id=\"viewer-7qi4988\" class=\"cqfST cQRuq WGebp jTM--\" dir=\"\"><span class=\"_61ACD\"><em>Fen\u00eatres coulissantes<\/em>:Pratiques et fonctionnelles, ces fen\u00eatres permettent un acc\u00e8s facile \u00e0 l&#039;ext\u00e9rieur. Les stores occultants thermiques assurent un sommeil r\u00e9parateur et une protection suppl\u00e9mentaire contre les \u00e9l\u00e9ments.<\/span><\/p>\n<\/li>\n<li class=\"fGYqH\" dir=\"auto\" aria-level=\"1\">\n<p id=\"viewer-djgiv92\" class=\"cqfST cQRuq WGebp jTM--\" dir=\"\"><span class=\"_61ACD\"><em>Hublots<\/em>:Avec un design classique, ces fen\u00eatres ajoutent une touche r\u00e9tro. Les stores occultants sur mesure respectent l&#039;esth\u00e9tique tout en offrant la protection n\u00e9cessaire.<\/span><\/p>\n<\/li>\n<li class=\"fGYqH\" dir=\"auto\" aria-level=\"1\">\n<p id=\"viewer-c62pu96\" class=\"cqfST cQRuq WGebp jTM--\" dir=\"\"><span class=\"_61ACD\"><em>Petites fen\u00eatres strat\u00e9giquement plac\u00e9es<\/em>Dans certains mod\u00e8les de camping-cars, les fen\u00eatres sont strat\u00e9giquement situ\u00e9es pour \u00e9quilibrer l\u2019intimit\u00e9 avec la lumi\u00e8re naturelle. Des isolants thermiques occultants bien ajust\u00e9s sont la cl\u00e9 d&#039;une atmosph\u00e8re chaleureuse. <\/span><\/p>\n<\/li>\n<\/ol>\n<\/div>\n<div data-breakout=\"normal\">\n<p id=\"viewer-1vy7q99\" class=\"cqfST cQRuq WGebp jTM--\" dir=\"auto\"><span class=\"_61ACD\"><strong>La touche finale\u00a0: isolation thermique et occultation des fen\u00eatres des camping-cars<\/strong><\/span><\/p>\n<\/div>\n<div data-breakout=\"normal\">\n<p id=\"viewer-pjh6r101\" class=\"cqfST cQRuq WGebp jTM--\" dir=\"auto\"><span class=\"_61ACD\">Une fois que vous avez explor\u00e9 la vari\u00e9t\u00e9 de fen\u00eatres de votre camping-car, il est temps de r\u00e9fl\u00e9chir \u00e0 la mani\u00e8re d&#039;am\u00e9liorer votre exp\u00e9rience de voyage. Les isolants thermiques occultants sont la solution parfaite.<\/span><\/p>\n<\/div>\n<div data-breakout=\"normal\">\n<p id=\"viewer-ay2nl103\" class=\"cqfST cQRuq WGebp jTM--\" dir=\"auto\"><span class=\"_61ACD\">Ce<\/span><\/p>\n<\/div>\n<div data-breakout=\"normal\">\n<ul class=\"_9byOP WGebp\">\n<li class=\"fGYqH\" dir=\"auto\" aria-level=\"1\">\n<p id=\"viewer-dce1q107\" class=\"cqfST cQRuq WGebp jTM--\" dir=\"\"><span class=\"_61ACD\"><strong>Confidentialit\u00e9 totale<\/strong>:Ils bloquent la vue de l&#039;ext\u00e9rieur pour que vous puissiez profiter de votre espace sans soucis.<\/span><\/p>\n<\/li>\n<li class=\"fGYqH\" dir=\"auto\" aria-level=\"1\">\n<p id=\"viewer-1rs1d111\" class=\"cqfST cQRuq WGebp jTM--\" dir=\"\"><span class=\"_61ACD\"><strong>R\u00e9gulation thermique<\/strong>:Ils gardent votre camping-car au frais en \u00e9t\u00e9 et au chaud en hiver, optimisant ainsi le confort.<\/span><\/p>\n<\/li>\n<li class=\"fGYqH\" dir=\"auto\" aria-level=\"1\">\n<p id=\"viewer-2rbrx115\" class=\"cqfST cQRuq WGebp jTM--\" dir=\"\"><span class=\"_61ACD\"><strong>Obscurit\u00e9 absolue<\/strong>:Id\u00e9al pour ceux qui appr\u00e9cient un sommeil profond. Les stores occultants emp\u00eachent la lumi\u00e8re d&#039;entrer, cr\u00e9ant ainsi un environnement propice au repos. <\/span><\/p>\n<\/li>\n<\/ul>\n<\/div>\n<div data-breakout=\"normal\">\n<div id=\"viewer-65jmm1469\" class=\"KqKMh\">\n<div class=\"_7T4Uc LIugr\">\n<figure class=\"P29V1\">\n<div class=\"CuIEU\" tabindex=\"0\" role=\"button\" data-hook=\"imageViewer\" aria-haspopup=\"true\">\n<div id=\"65jmm1469\" class=\"KfAFF ApRDe _84uzj\"><img decoding=\"async\" class=\"aligncenter\" draggable=\"false\" src=\"https:\/\/static.wixstatic.com\/media\/60c9aa_99e8feb698dd4a3db38512aea505a7cc~mv2.jpg\/v1\/fill\/w_740,h_740,al_c,q_85,usm_0.66_1.00_0.01,enc_avif,quality_auto\/60c9aa_99e8feb698dd4a3db38512aea505a7cc~mv2.jpg\" alt=\"D\u00e9couvrez la magie des fen\u00eatres dans votre camping-car\" data-pin-url=\"https:\/\/m2camper.com\/post\/descubre-la-magia-de-las-ventanas-en-tu-camper\" data-pin-media=\"https:\/\/static.wixstatic.com\/media\/60c9aa_99e8feb698dd4a3db38512aea505a7cc~mv2.jpg\/v1\/fill\/w_1024,h_1024,al_c,q_85\/60c9aa_99e8feb698dd4a3db38512aea505a7cc~mv2.jpg\" data-ssr-src-done=\"true\" data-load-done=\"\" \/><\/div>\n<\/div>\n<\/figure>\n<\/div>\n<\/div>\n<\/div>\n<div data-breakout=\"normal\">\n<p id=\"viewer-wod7m118\" class=\"cqfST cQRuq WGebp jTM--\" dir=\"auto\"><span class=\"_61ACD\">En bref, les fen\u00eatres sont le c\u0153ur de votre camping-car et l\u2019isolation thermique occultante est la cl\u00e9 pour maximiser leur potentiel. Donnez \u00e0 votre espace sur roues une touche personnalis\u00e9e et confortable, et pr\u00e9parez-vous \u00e0 profiter de l&#039;aventure avec style avec M2 Camper !<\/span><\/p>\n<\/div>\n<div data-breakout=\"normal\">\n<div id=\"viewer-0c3lx3674\" class=\"KqKMh\">\n<div class=\"_7T4Uc LIugr\">\n<figure class=\"P29V1\">\n<div class=\"CuIEU\" tabindex=\"0\" role=\"button\" data-hook=\"imageViewer\" aria-haspopup=\"true\">\n<div id=\"0c3lx3674\" class=\"KfAFF ApRDe _84uzj\"><img decoding=\"async\" class=\"aligncenter\" draggable=\"false\" src=\"https:\/\/static.wixstatic.com\/media\/60c9aa_fdcd0c24e7dd462bb00a4d17d76e0f55~mv2.jpg\/v1\/fill\/w_740,h_740,al_c,q_85,usm_0.66_1.00_0.01,enc_avif,quality_auto\/60c9aa_fdcd0c24e7dd462bb00a4d17d76e0f55~mv2.jpg\" alt=\"D\u00e9couvrez la magie des fen\u00eatres dans votre camping-car\" data-pin-url=\"https:\/\/m2camper.com\/post\/descubre-la-magia-de-las-ventanas-en-tu-camper\" data-pin-media=\"https:\/\/static.wixstatic.com\/media\/60c9aa_fdcd0c24e7dd462bb00a4d17d76e0f55~mv2.jpg\/v1\/fill\/w_1024,h_1024,al_c,q_85\/60c9aa_fdcd0c24e7dd462bb00a4d17d76e0f55~mv2.jpg\" data-load-done=\"\" \/><\/div>\n<\/div>\n<\/figure>\n<\/div>\n<\/div>\n<\/div>\n<div data-hook=\"rcv-block18\"><\/div>\n<div data-breakout=\"normal\">\n<p id=\"viewer-jsw1i3676\" class=\"cqfST cQRuq WGebp jTM--\" dir=\"auto\">\n<\/div>","protected":false},"excerpt":{"rendered":"<p>\u00a1Bienvenidos, amantes de la vida sobre ruedas! En esta entrada, vamos a explorar la importancia de las ventanas en tu camper, su diversidad en tama\u00f1o y formas, y c\u00f3mo los aislantes t\u00e9rmicos oscurecedores pueden convertir tu espacio en un santuario acogedor y privado. Las Ventanas: El Gran Escaparate al Exterior Las ventanas en tu camper&hellip;&nbsp;<a href=\"https:\/\/m2camper.com\/fr\/decouvrez-la-magie-des-fenetres-de-votre-camping-car\/\" rel=\"bookmark\">En savoir plus &quot;<span class=\"screen-reader-text\">D\u00e9couvrez la magie des fen\u00eatres dans votre camping-car<\/span><\/a><\/p>","protected":false},"author":5740,"featured_media":11560,"comment_status":"open","ping_status":"open","sticky":false,"template":"","format":"standard","meta":{"neve_meta_sidebar":"","neve_meta_container":"","neve_meta_enable_content_width":"off","neve_meta_content_width":70,"neve_meta_title_alignment":"","neve_meta_author_avatar":"","neve_post_elements_order":"","neve_meta_disable_header":"","neve_meta_disable_footer":"","neve_meta_disable_title":"","footnotes":""},"categories":[1],"tags":[],"class_list":["post-11559","post","type-post","status-publish","format-standard","has-post-thumbnail","hentry","category-uncategorized"],"yoast_head":"<!-- This site is optimized with the Yoast SEO plugin v27.4 - https:\/\/yoast.com\/product\/yoast-seo-wordpress\/ -->\n<title>Descubre la Magia de las Ventanas en tu Camper - M2 Camper | Aislantes t\u00e9rmicos y oscurecedores para campers<\/title>\n<meta name=\"robots\" content=\"index, follow, max-snippet:-1, max-image-preview:large, max-video-preview:-1\" \/>\n<link rel=\"canonical\" href=\"https:\/\/m2camper.com\/fr\/decouvrez-la-magie-des-fenetres-de-votre-camping-car\/\" \/>\n<meta property=\"og:locale\" content=\"fr_FR\" \/>\n<meta property=\"og:type\" content=\"article\" \/>\n<meta property=\"og:title\" content=\"Descubre la Magia de las Ventanas en tu Camper - M2 Camper | Aislantes t\u00e9rmicos y oscurecedores para campers\" \/>\n<meta property=\"og:description\" content=\"\u00a1Bienvenidos, amantes de la vida sobre ruedas! En esta entrada, vamos a explorar la importancia de las ventanas en tu camper, su diversidad en tama\u00f1o y formas, y c\u00f3mo los aislantes t\u00e9rmicos oscurecedores pueden convertir tu espacio en un santuario acogedor y privado. Las Ventanas: El Gran Escaparate al Exterior Las ventanas en tu camper&hellip;&nbsp;Lire la suite &raquo;Descubre la Magia de las Ventanas en tu Camper\" \/>\n<meta property=\"og:url\" content=\"https:\/\/m2camper.com\/fr\/decouvrez-la-magie-des-fenetres-de-votre-camping-car\/\" \/>\n<meta property=\"og:site_name\" content=\"M2 Camper | Aislantes t\u00e9rmicos y oscurecedores para campers\" \/>\n<meta property=\"article:published_time\" content=\"2024-02-24T11:00:28+00:00\" \/>\n<meta property=\"article:modified_time\" content=\"2025-02-06T11:01:52+00:00\" \/>\n<meta property=\"og:image\" content=\"https:\/\/m2camper.com\/wp-content\/uploads\/2025\/02\/60c9aa_99e8feb698dd4a3db38512aea505a7ccmv2.webp\" \/>\n\t<meta property=\"og:image:width\" content=\"454\" \/>\n\t<meta property=\"og:image:height\" content=\"341\" \/>\n\t<meta property=\"og:image:type\" content=\"image\/webp\" \/>\n<meta name=\"author\" content=\"carlos\" \/>\n<meta name=\"twitter:card\" content=\"summary_large_image\" \/>\n<meta name=\"twitter:label1\" content=\"\u00c9crit par\" \/>\n\t<meta name=\"twitter:data1\" content=\"carlos\" \/>\n\t<meta name=\"twitter:label2\" content=\"Dur\u00e9e de lecture estim\u00e9e\" \/>\n\t<meta name=\"twitter:data2\" content=\"2 minutes\" \/>\n<script type=\"application\/ld+json\" class=\"yoast-schema-graph\">{\"@context\":\"https:\\\/\\\/schema.org\",\"@graph\":[{\"@type\":\"Article\",\"@id\":\"https:\\\/\\\/m2camper.com\\\/descubre-la-magia-de-las-ventanas-en-tu-camper\\\/#article\",\"isPartOf\":{\"@id\":\"https:\\\/\\\/m2camper.com\\\/descubre-la-magia-de-las-ventanas-en-tu-camper\\\/\"},\"author\":{\"name\":\"carlos\",\"@id\":\"https:\\\/\\\/m2camper.com\\\/pt\\\/#\\\/schema\\\/person\\\/d003f4147a0469cbf1c77ba1bebdb1bb\"},\"headline\":\"Descubre la Magia de las Ventanas en tu Camper\",\"datePublished\":\"2024-02-24T11:00:28+00:00\",\"dateModified\":\"2025-02-06T11:01:52+00:00\",\"mainEntityOfPage\":{\"@id\":\"https:\\\/\\\/m2camper.com\\\/descubre-la-magia-de-las-ventanas-en-tu-camper\\\/\"},\"wordCount\":478,\"commentCount\":0,\"image\":{\"@id\":\"https:\\\/\\\/m2camper.com\\\/descubre-la-magia-de-las-ventanas-en-tu-camper\\\/#primaryimage\"},\"thumbnailUrl\":\"https:\\\/\\\/m2camper.com\\\/wp-content\\\/uploads\\\/2025\\\/02\\\/60c9aa_99e8feb698dd4a3db38512aea505a7ccmv2.webp\",\"articleSection\":[\"Uncategorized\"],\"inLanguage\":\"fr-FR\",\"potentialAction\":[{\"@type\":\"CommentAction\",\"name\":\"Comment\",\"target\":[\"https:\\\/\\\/m2camper.com\\\/descubre-la-magia-de-las-ventanas-en-tu-camper\\\/#respond\"]}]},{\"@type\":\"WebPage\",\"@id\":\"https:\\\/\\\/m2camper.com\\\/descubre-la-magia-de-las-ventanas-en-tu-camper\\\/\",\"url\":\"https:\\\/\\\/m2camper.com\\\/descubre-la-magia-de-las-ventanas-en-tu-camper\\\/\",\"name\":\"Descubre la Magia de las Ventanas en tu Camper - M2 Camper | Aislantes t\u00e9rmicos y oscurecedores para campers\",\"isPartOf\":{\"@id\":\"https:\\\/\\\/m2camper.com\\\/pt\\\/#website\"},\"primaryImageOfPage\":{\"@id\":\"https:\\\/\\\/m2camper.com\\\/descubre-la-magia-de-las-ventanas-en-tu-camper\\\/#primaryimage\"},\"image\":{\"@id\":\"https:\\\/\\\/m2camper.com\\\/descubre-la-magia-de-las-ventanas-en-tu-camper\\\/#primaryimage\"},\"thumbnailUrl\":\"https:\\\/\\\/m2camper.com\\\/wp-content\\\/uploads\\\/2025\\\/02\\\/60c9aa_99e8feb698dd4a3db38512aea505a7ccmv2.webp\",\"datePublished\":\"2024-02-24T11:00:28+00:00\",\"dateModified\":\"2025-02-06T11:01:52+00:00\",\"author\":{\"@id\":\"https:\\\/\\\/m2camper.com\\\/pt\\\/#\\\/schema\\\/person\\\/d003f4147a0469cbf1c77ba1bebdb1bb\"},\"breadcrumb\":{\"@id\":\"https:\\\/\\\/m2camper.com\\\/descubre-la-magia-de-las-ventanas-en-tu-camper\\\/#breadcrumb\"},\"inLanguage\":\"fr-FR\",\"potentialAction\":[{\"@type\":\"ReadAction\",\"target\":[\"https:\\\/\\\/m2camper.com\\\/descubre-la-magia-de-las-ventanas-en-tu-camper\\\/\"]}]},{\"@type\":\"ImageObject\",\"inLanguage\":\"fr-FR\",\"@id\":\"https:\\\/\\\/m2camper.com\\\/descubre-la-magia-de-las-ventanas-en-tu-camper\\\/#primaryimage\",\"url\":\"https:\\\/\\\/m2camper.com\\\/wp-content\\\/uploads\\\/2025\\\/02\\\/60c9aa_99e8feb698dd4a3db38512aea505a7ccmv2.webp\",\"contentUrl\":\"https:\\\/\\\/m2camper.com\\\/wp-content\\\/uploads\\\/2025\\\/02\\\/60c9aa_99e8feb698dd4a3db38512aea505a7ccmv2.webp\",\"width\":454,\"height\":341},{\"@type\":\"BreadcrumbList\",\"@id\":\"https:\\\/\\\/m2camper.com\\\/descubre-la-magia-de-las-ventanas-en-tu-camper\\\/#breadcrumb\",\"itemListElement\":[{\"@type\":\"ListItem\",\"position\":1,\"name\":\"Portada\",\"item\":\"https:\\\/\\\/m2camper.com\\\/pt\\\/\"},{\"@type\":\"ListItem\",\"position\":2,\"name\":\"Descubre la Magia de las Ventanas en tu Camper\"}]},{\"@type\":\"WebSite\",\"@id\":\"https:\\\/\\\/m2camper.com\\\/pt\\\/#website\",\"url\":\"https:\\\/\\\/m2camper.com\\\/pt\\\/\",\"name\":\"M2 Campers | Aislantes t\u00e9rmicos y oscurecedores para campers\",\"description\":\"Descubre calidad y confort de nuestros aislantes t\u00e9rmicos oscurecedores y colchones para veh\u00edculos. Optimiza tu experiencia en carretera con M2 Camper.\",\"potentialAction\":[{\"@type\":\"SearchAction\",\"target\":{\"@type\":\"EntryPoint\",\"urlTemplate\":\"https:\\\/\\\/m2camper.com\\\/pt\\\/?s={search_term_string}\"},\"query-input\":{\"@type\":\"PropertyValueSpecification\",\"valueRequired\":true,\"valueName\":\"search_term_string\"}}],\"inLanguage\":\"fr-FR\"},{\"@type\":\"Person\",\"@id\":\"https:\\\/\\\/m2camper.com\\\/pt\\\/#\\\/schema\\\/person\\\/d003f4147a0469cbf1c77ba1bebdb1bb\",\"name\":\"carlos\",\"image\":{\"@type\":\"ImageObject\",\"inLanguage\":\"fr-FR\",\"@id\":\"https:\\\/\\\/secure.gravatar.com\\\/avatar\\\/ab10b60551e807f6b37d54bb09e40bc41b08e3828d46504634ad6f35da1b46dc?s=96&d=mm&r=g\",\"url\":\"https:\\\/\\\/secure.gravatar.com\\\/avatar\\\/ab10b60551e807f6b37d54bb09e40bc41b08e3828d46504634ad6f35da1b46dc?s=96&d=mm&r=g\",\"contentUrl\":\"https:\\\/\\\/secure.gravatar.com\\\/avatar\\\/ab10b60551e807f6b37d54bb09e40bc41b08e3828d46504634ad6f35da1b46dc?s=96&d=mm&r=g\",\"caption\":\"carlos\"},\"url\":\"https:\\\/\\\/m2camper.com\\\/fr\\\/author\\\/carlos\\\/\"}]}<\/script>\n<!-- \/ Yoast SEO plugin. -->","yoast_head_json":{"title":"D\u00e9couvrez la magie des fen\u00eatres dans votre camping-car - M2 Camper | Isolation thermique et occultation pour camping-cars","robots":{"index":"index","follow":"follow","max-snippet":"max-snippet:-1","max-image-preview":"max-image-preview:large","max-video-preview":"max-video-preview:-1"},"canonical":"https:\/\/m2camper.com\/fr\/decouvrez-la-magie-des-fenetres-de-votre-camping-car\/","og_locale":"fr_FR","og_type":"article","og_title":"Descubre la Magia de las Ventanas en tu Camper - M2 Camper | Aislantes t\u00e9rmicos y oscurecedores para campers","og_description":"\u00a1Bienvenidos, amantes de la vida sobre ruedas! En esta entrada, vamos a explorar la importancia de las ventanas en tu camper, su diversidad en tama\u00f1o y formas, y c\u00f3mo los aislantes t\u00e9rmicos oscurecedores pueden convertir tu espacio en un santuario acogedor y privado. Las Ventanas: El Gran Escaparate al Exterior Las ventanas en tu camper&hellip;&nbsp;Lire la suite &raquo;Descubre la Magia de las Ventanas en tu Camper","og_url":"https:\/\/m2camper.com\/fr\/decouvrez-la-magie-des-fenetres-de-votre-camping-car\/","og_site_name":"M2 Camper | Aislantes t\u00e9rmicos y oscurecedores para campers","article_published_time":"2024-02-24T11:00:28+00:00","article_modified_time":"2025-02-06T11:01:52+00:00","og_image":[{"width":454,"height":341,"url":"https:\/\/m2camper.com\/wp-content\/uploads\/2025\/02\/60c9aa_99e8feb698dd4a3db38512aea505a7ccmv2.webp","type":"image\/webp"}],"author":"carlos","twitter_card":"summary_large_image","twitter_misc":{"\u00c9crit par":"carlos","Dur\u00e9e de lecture estim\u00e9e":"2 minutes"},"schema":{"@context":"https:\/\/schema.org","@graph":[{"@type":"Article","@id":"https:\/\/m2camper.com\/descubre-la-magia-de-las-ventanas-en-tu-camper\/#article","isPartOf":{"@id":"https:\/\/m2camper.com\/descubre-la-magia-de-las-ventanas-en-tu-camper\/"},"author":{"name":"carlos","@id":"https:\/\/m2camper.com\/pt\/#\/schema\/person\/d003f4147a0469cbf1c77ba1bebdb1bb"},"headline":"Descubre la Magia de las Ventanas en tu Camper","datePublished":"2024-02-24T11:00:28+00:00","dateModified":"2025-02-06T11:01:52+00:00","mainEntityOfPage":{"@id":"https:\/\/m2camper.com\/descubre-la-magia-de-las-ventanas-en-tu-camper\/"},"wordCount":478,"commentCount":0,"image":{"@id":"https:\/\/m2camper.com\/descubre-la-magia-de-las-ventanas-en-tu-camper\/#primaryimage"},"thumbnailUrl":"https:\/\/m2camper.com\/wp-content\/uploads\/2025\/02\/60c9aa_99e8feb698dd4a3db38512aea505a7ccmv2.webp","articleSection":["Uncategorized"],"inLanguage":"fr-FR","potentialAction":[{"@type":"CommentAction","name":"Comment","target":["https:\/\/m2camper.com\/descubre-la-magia-de-las-ventanas-en-tu-camper\/#respond"]}]},{"@type":"WebPage","@id":"https:\/\/m2camper.com\/descubre-la-magia-de-las-ventanas-en-tu-camper\/","url":"https:\/\/m2camper.com\/descubre-la-magia-de-las-ventanas-en-tu-camper\/","name":"D\u00e9couvrez la magie des fen\u00eatres dans votre camping-car - M2 Camper | Isolation thermique et occultation pour camping-cars","isPartOf":{"@id":"https:\/\/m2camper.com\/pt\/#website"},"primaryImageOfPage":{"@id":"https:\/\/m2camper.com\/descubre-la-magia-de-las-ventanas-en-tu-camper\/#primaryimage"},"image":{"@id":"https:\/\/m2camper.com\/descubre-la-magia-de-las-ventanas-en-tu-camper\/#primaryimage"},"thumbnailUrl":"https:\/\/m2camper.com\/wp-content\/uploads\/2025\/02\/60c9aa_99e8feb698dd4a3db38512aea505a7ccmv2.webp","datePublished":"2024-02-24T11:00:28+00:00","dateModified":"2025-02-06T11:01:52+00:00","author":{"@id":"https:\/\/m2camper.com\/pt\/#\/schema\/person\/d003f4147a0469cbf1c77ba1bebdb1bb"},"breadcrumb":{"@id":"https:\/\/m2camper.com\/descubre-la-magia-de-las-ventanas-en-tu-camper\/#breadcrumb"},"inLanguage":"fr-FR","potentialAction":[{"@type":"ReadAction","target":["https:\/\/m2camper.com\/descubre-la-magia-de-las-ventanas-en-tu-camper\/"]}]},{"@type":"ImageObject","inLanguage":"fr-FR","@id":"https:\/\/m2camper.com\/descubre-la-magia-de-las-ventanas-en-tu-camper\/#primaryimage","url":"https:\/\/m2camper.com\/wp-content\/uploads\/2025\/02\/60c9aa_99e8feb698dd4a3db38512aea505a7ccmv2.webp","contentUrl":"https:\/\/m2camper.com\/wp-content\/uploads\/2025\/02\/60c9aa_99e8feb698dd4a3db38512aea505a7ccmv2.webp","width":454,"height":341},{"@type":"BreadcrumbList","@id":"https:\/\/m2camper.com\/descubre-la-magia-de-las-ventanas-en-tu-camper\/#breadcrumb","itemListElement":[{"@type":"ListItem","position":1,"name":"Portada","item":"https:\/\/m2camper.com\/pt\/"},{"@type":"ListItem","position":2,"name":"Descubre la Magia de las Ventanas en tu Camper"}]},{"@type":"WebSite","@id":"https:\/\/m2camper.com\/pt\/#website","url":"https:\/\/m2camper.com\/pt\/","name":"M2 Campeurs | Isolation thermique et oscurecedores pour les campeurs","description":"D\u00e9couvrez la qualit\u00e9 et le confort de notre isolation thermique oscurecedores et des matelas pour les v\u00e9hicules. Optimiser votre exp\u00e9rience de la route avec M2 camping-car.","potentialAction":[{"@type":"SearchAction","target":{"@type":"EntryPoint","urlTemplate":"https:\/\/m2camper.com\/pt\/?s={search_term_string}"},"query-input":{"@type":"PropertyValueSpecification","valueRequired":true,"valueName":"search_term_string"}}],"inLanguage":"fr-FR"},{"@type":"Person","@id":"https:\/\/m2camper.com\/pt\/#\/schema\/person\/d003f4147a0469cbf1c77ba1bebdb1bb","name":"Carlos","image":{"@type":"ImageObject","inLanguage":"fr-FR","@id":"https:\/\/secure.gravatar.com\/avatar\/ab10b60551e807f6b37d54bb09e40bc41b08e3828d46504634ad6f35da1b46dc?s=96&d=mm&r=g","url":"https:\/\/secure.gravatar.com\/avatar\/ab10b60551e807f6b37d54bb09e40bc41b08e3828d46504634ad6f35da1b46dc?s=96&d=mm&r=g","contentUrl":"https:\/\/secure.gravatar.com\/avatar\/ab10b60551e807f6b37d54bb09e40bc41b08e3828d46504634ad6f35da1b46dc?s=96&d=mm&r=g","caption":"carlos"},"url":"https:\/\/m2camper.com\/fr\/author\/carlos\/"}]}},"_links":{"self":[{"href":"https:\/\/m2camper.com\/fr\/wp-json\/wp\/v2\/posts\/11559","targetHints":{"allow":["GET"]}}],"collection":[{"href":"https:\/\/m2camper.com\/fr\/wp-json\/wp\/v2\/posts"}],"about":[{"href":"https:\/\/m2camper.com\/fr\/wp-json\/wp\/v2\/types\/post"}],"author":[{"embeddable":true,"href":"https:\/\/m2camper.com\/fr\/wp-json\/wp\/v2\/users\/5740"}],"replies":[{"embeddable":true,"href":"https:\/\/m2camper.com\/fr\/wp-json\/wp\/v2\/comments?post=11559"}],"version-history":[{"count":2,"href":"https:\/\/m2camper.com\/fr\/wp-json\/wp\/v2\/posts\/11559\/revisions"}],"predecessor-version":[{"id":11562,"href":"https:\/\/m2camper.com\/fr\/wp-json\/wp\/v2\/posts\/11559\/revisions\/11562"}],"wp:featuredmedia":[{"embeddable":true,"href":"https:\/\/m2camper.com\/fr\/wp-json\/wp\/v2\/media\/11560"}],"wp:attachment":[{"href":"https:\/\/m2camper.com\/fr\/wp-json\/wp\/v2\/media?parent=11559"}],"wp:term":[{"taxonomy":"category","embeddable":true,"href":"https:\/\/m2camper.com\/fr\/wp-json\/wp\/v2\/categories?post=11559"},{"taxonomy":"post_tag","embeddable":true,"href":"https:\/\/m2camper.com\/fr\/wp-json\/wp\/v2\/tags?post=11559"}],"curies":[{"name":"wp","href":"https:\/\/api.w.org\/{rel}","templated":true}]}}