{"id":11555,"date":"2024-02-04T10:55:59","date_gmt":"2024-02-04T10:55:59","guid":{"rendered":"https:\/\/ultbit.com\/m2camper\/?p=11555"},"modified":"2025-02-06T10:57:24","modified_gmt":"2025-02-06T10:57:24","slug":"isolez-votre-vehicule-avec-notre-technologie-a-9-couches","status":"publish","type":"post","link":"https:\/\/m2camper.com\/fr\/isolez-votre-vehicule-avec-notre-technologie-a-9-couches\/","title":{"rendered":"Isolez votre v\u00e9hicule avec notre technologie \u00e0 9 couches : une barri\u00e8re efficace contre le froid et la chaleur"},"content":{"rendered":"<div data-breakout=\"normal\">\n<p id=\"viewer-9es8o92\" class=\"cqfST cQRuq WGebp jTM--\" dir=\"auto\"><span class=\"_61ACD\"><strong>Couche 1 : Aluminium 90 microns, anti-UV et r\u00e9sistant aux rayures<\/strong> La premi\u00e8re ligne de d\u00e9fense de cet isolant thermique est une couche d\u2019aluminium de 90 microns, con\u00e7ue pour r\u00e9sister aux rayons UV et prot\u00e9ger contre les rayures. Cette couche assure non seulement la durabilit\u00e9 du produit, mais emp\u00eache \u00e9galement la d\u00e9t\u00e9rioration caus\u00e9e par l&#039;exposition directe au soleil.<\/span><\/p>\n<\/div>\n<div data-breakout=\"normal\">\n<p id=\"viewer-ggoz4129\" class=\"cqfST cQRuq WGebp jTM--\" dir=\"auto\"><span class=\"_61ACD\"><strong>Couches 2, 4, 6 et 8\u00a0: poly\u00e9thyl\u00e8ne expans\u00e9 de 2\u00a0mm<\/strong> Entre les couches d&#039;aluminium se trouvent des feuilles de poly\u00e9thyl\u00e8ne expans\u00e9 de 2 mm d&#039;\u00e9paisseur. Ces couches assurent une isolation thermique efficace, contribuant \u00e0 maintenir une temp\u00e9rature int\u00e9rieure constante et r\u00e9duisant le transfert de chaleur ou de froid de l&#039;ext\u00e9rieur.<\/span><\/p>\n<\/div>\n<div data-breakout=\"normal\">\n<p id=\"viewer-7d8hp132\" class=\"cqfST cQRuq WGebp jTM--\" dir=\"auto\"><span class=\"_61ACD\"><strong>Couches 3, 5 et 7\u00a0: feuille d&#039;aluminium de 38 microns pour l&#039;isolation<\/strong> Entre les couches de poly\u00e9thyl\u00e8ne se trouvent des films d&#039;aluminium de 38 microns, sp\u00e9cialement con\u00e7us pour fournir une isolation thermique suppl\u00e9mentaire. Cette disposition strat\u00e9gique de films d\u2019aluminium assure un contr\u00f4le efficace de la temp\u00e9rature, cr\u00e9ant une barri\u00e8re durable contre les conditions m\u00e9t\u00e9orologiques d\u00e9favorables.<\/span><\/p>\n<\/div>\n<div data-breakout=\"normal\">\n<p id=\"viewer-uangy135\" class=\"cqfST cQRuq WGebp jTM--\" dir=\"auto\"><span class=\"_61ACD\"><strong>Couche 9 : Ouate antiallergique 75 gr\/m\u00b2 pour l&#039;isolation<\/strong> La couche finale de cette isolation thermique occultante innovante est constitu\u00e9e de ouate de 75 g\/m\u00b2, qui contribue non seulement \u00e0 l&#039;isolation thermique mais agit \u00e9galement comme une barri\u00e8re anti-allergique. Ce mat\u00e9riau sp\u00e9cialis\u00e9 aide \u00e0 maintenir un environnement sans allerg\u00e8nes, offrant un espace plus sain et plus confortable.<\/span><\/p>\n<\/div>\n<div data-breakout=\"normal\">\n<p id=\"viewer-4x9jc138\" class=\"cqfST cQRuq WGebp jTM--\" dir=\"auto\"><span class=\"_61ACD\"><strong>Couche suppl\u00e9mentaire : PVC anti-condensation<\/strong> En guise de touche finale, une couche de cuir \u00e9cologique ou de PVC anti-condensation est ajout\u00e9e pour \u00e9viter l&#039;accumulation d&#039;humidit\u00e9, contribuant ainsi \u00e0 la protection contre la croissance de moisissures et de bact\u00e9ries. Cette couche suppl\u00e9mentaire garantit que l\u2019isolation thermique conserve ses performances optimales dans le temps.<\/span><\/p>\n<\/div>\n<div data-breakout=\"normal\">\n<p id=\"viewer-a29zw141\" class=\"cqfST cQRuq WGebp jTM--\" dir=\"auto\"><span class=\"_61ACD\">En bref, l\u2019isolation thermique occultante \u00e0 9 couches offre une solution compl\u00e8te pour le contr\u00f4le thermique int\u00e9rieur, se distinguant par sa r\u00e9sistance, sa durabilit\u00e9 et sa capacit\u00e9 \u00e0 cr\u00e9er un environnement int\u00e9rieur confortable et sain. Ces caract\u00e9ristiques innovantes font de ce produit un choix judicieux pour ceux qui cherchent \u00e0 am\u00e9liorer l\u2019efficacit\u00e9 \u00e9nerg\u00e9tique de leurs v\u00e9hicules.<\/span><\/p>\n<\/div>\n<div data-breakout=\"normal\">\n<p id=\"viewer-xjzep8710\" class=\"cqfST cQRuq WGebp jTM--\" dir=\"auto\"><span class=\"_61ACD\"><em>Isolez votre v\u00e9hicule avec notre technologie \u00e0 9 couches<\/em><\/span><\/p>\n<\/div>\n<div data-breakout=\"normal\">\n<div id=\"viewer-974oq293\" class=\"KqKMh\">\n<div class=\"_7T4Uc\">\n<figure class=\"P29V1\">\n<div class=\"CuIEU\" tabindex=\"0\" role=\"button\" data-hook=\"imageViewer\" aria-haspopup=\"true\">\n<div id=\"974oq293\" class=\"KfAFF ApRDe _84uzj\"><img decoding=\"async\" class=\"aligncenter\" draggable=\"false\" src=\"https:\/\/static.wixstatic.com\/media\/60c9aa_b71ea5f79a0442ca98a42d74da82444b~mv2.jpg\/v1\/fill\/w_524,h_524,al_c,q_80,usm_0.66_1.00_0.01,enc_auto\/60c9aa_b71ea5f79a0442ca98a42d74da82444b~mv2.jpg\" alt=\"9 couches d&#039;isolation thermique occultante\" data-pin-url=\"https:\/\/m2camper.com\/post\/aisla-tu-vehiculo-con-nuestra-tecnologa-de-9-capas\" data-pin-media=\"https:\/\/static.wixstatic.com\/media\/60c9aa_b71ea5f79a0442ca98a42d74da82444b~mv2.jpg\/v1\/fill\/w_1772,h_1772,al_c,q_90\/60c9aa_b71ea5f79a0442ca98a42d74da82444b~mv2.jpg\" data-ssr-src-done=\"true\" data-load-done=\"\" \/><\/div>\n<\/div>\n<\/figure>\n<\/div>\n<\/div>\n<\/div>\n<div data-hook=\"rcv-block17\"><\/div>\n<div data-breakout=\"normal\">\n<div id=\"viewer-arj9b295\" class=\"cqfST cQRuq WGebp jTM--\" dir=\"auto\"><\/div>\n<\/div>","protected":false},"excerpt":{"rendered":"<p>Capa 1: Aluminio de 90 micras anti rayos ultravioleta y resistente a rayadas La primera l\u00ednea de defensa de este aislante t\u00e9rmico est\u00e1 compuesta por una capa de aluminio de 90 micras, dise\u00f1ada para resistir los rayos ultravioleta y proteger contra ara\u00f1azos. Esta capa no solo garantiza la durabilidad del producto, sino que tambi\u00e9n previene&hellip;&nbsp;<a href=\"https:\/\/m2camper.com\/fr\/isolez-votre-vehicule-avec-notre-technologie-a-9-couches\/\" rel=\"bookmark\">En savoir plus &quot;<span class=\"screen-reader-text\">Isolez votre v\u00e9hicule avec notre technologie \u00e0 9 couches : une barri\u00e8re efficace contre le froid et la chaleur<\/span><\/a><\/p>","protected":false},"author":5740,"featured_media":11556,"comment_status":"open","ping_status":"open","sticky":false,"template":"","format":"standard","meta":{"neve_meta_sidebar":"","neve_meta_container":"","neve_meta_enable_content_width":"off","neve_meta_content_width":70,"neve_meta_title_alignment":"","neve_meta_author_avatar":"","neve_post_elements_order":"","neve_meta_disable_header":"","neve_meta_disable_footer":"","neve_meta_disable_title":"","footnotes":""},"categories":[1],"tags":[],"class_list":["post-11555","post","type-post","status-publish","format-standard","has-post-thumbnail","hentry","category-uncategorized"],"yoast_head":"<!-- This site is optimized with the Yoast SEO plugin v27.4 - https:\/\/yoast.com\/product\/yoast-seo-wordpress\/ -->\n<title>A\u00edsla tu veh\u00edculo con nuestra tecnolog\u00eda de 9 capas: Una Barrera Eficiente contra el Fr\u00edo y el Calor - M2 Camper | Aislantes t\u00e9rmicos y oscurecedores para campers<\/title>\n<meta name=\"robots\" content=\"index, follow, max-snippet:-1, max-image-preview:large, max-video-preview:-1\" \/>\n<link rel=\"canonical\" href=\"https:\/\/m2camper.com\/fr\/isolez-votre-vehicule-avec-notre-technologie-a-9-couches\/\" \/>\n<meta property=\"og:locale\" content=\"fr_FR\" \/>\n<meta property=\"og:type\" content=\"article\" \/>\n<meta property=\"og:title\" content=\"A\u00edsla tu veh\u00edculo con nuestra tecnolog\u00eda de 9 capas: Una Barrera Eficiente contra el Fr\u00edo y el Calor - M2 Camper | Aislantes t\u00e9rmicos y oscurecedores para campers\" \/>\n<meta property=\"og:description\" content=\"Capa 1: Aluminio de 90 micras anti rayos ultravioleta y resistente a rayadas La primera l\u00ednea de defensa de este aislante t\u00e9rmico est\u00e1 compuesta por una capa de aluminio de 90 micras, dise\u00f1ada para resistir los rayos ultravioleta y proteger contra ara\u00f1azos. Esta capa no solo garantiza la durabilidad del producto, sino que tambi\u00e9n previene&hellip;&nbsp;Lire la suite &raquo;A\u00edsla tu veh\u00edculo con nuestra tecnolog\u00eda de 9 capas: Una Barrera Eficiente contra el Fr\u00edo y el Calor\" \/>\n<meta property=\"og:url\" content=\"https:\/\/m2camper.com\/fr\/isolez-votre-vehicule-avec-notre-technologie-a-9-couches\/\" \/>\n<meta property=\"og:site_name\" content=\"M2 Camper | Aislantes t\u00e9rmicos y oscurecedores para campers\" \/>\n<meta property=\"article:published_time\" content=\"2024-02-04T10:55:59+00:00\" \/>\n<meta property=\"article:modified_time\" content=\"2025-02-06T10:57:24+00:00\" \/>\n<meta property=\"og:image\" content=\"https:\/\/m2camper.com\/wp-content\/uploads\/2025\/02\/60c9aa_b71ea5f79a0442ca98a42d74da82444bmv2.webp\" \/>\n\t<meta property=\"og:image:width\" content=\"454\" \/>\n\t<meta property=\"og:image:height\" content=\"341\" \/>\n\t<meta property=\"og:image:type\" content=\"image\/webp\" \/>\n<meta name=\"author\" content=\"carlos\" \/>\n<meta name=\"twitter:card\" content=\"summary_large_image\" \/>\n<meta name=\"twitter:label1\" content=\"\u00c9crit par\" \/>\n\t<meta name=\"twitter:data1\" content=\"carlos\" \/>\n\t<meta name=\"twitter:label2\" content=\"Dur\u00e9e de lecture estim\u00e9e\" \/>\n\t<meta name=\"twitter:data2\" content=\"2 minutes\" \/>\n<script type=\"application\/ld+json\" class=\"yoast-schema-graph\">{\"@context\":\"https:\\\/\\\/schema.org\",\"@graph\":[{\"@type\":\"Article\",\"@id\":\"https:\\\/\\\/m2camper.com\\\/fr\\\/isolez-votre-vehicule-avec-notre-technologie-a-9-couches\\\/#article\",\"isPartOf\":{\"@id\":\"https:\\\/\\\/m2camper.com\\\/fr\\\/isolez-votre-vehicule-avec-notre-technologie-a-9-couches\\\/\"},\"author\":{\"name\":\"carlos\",\"@id\":\"https:\\\/\\\/m2camper.com\\\/pt\\\/#\\\/schema\\\/person\\\/d003f4147a0469cbf1c77ba1bebdb1bb\"},\"headline\":\"A\u00edsla tu veh\u00edculo con nuestra tecnolog\u00eda de 9 capas: Una Barrera Eficiente contra el Fr\u00edo y el Calor\",\"datePublished\":\"2024-02-04T10:55:59+00:00\",\"dateModified\":\"2025-02-06T10:57:24+00:00\",\"mainEntityOfPage\":{\"@id\":\"https:\\\/\\\/m2camper.com\\\/fr\\\/isolez-votre-vehicule-avec-notre-technologie-a-9-couches\\\/\"},\"wordCount\":398,\"commentCount\":0,\"image\":{\"@id\":\"https:\\\/\\\/m2camper.com\\\/fr\\\/isolez-votre-vehicule-avec-notre-technologie-a-9-couches\\\/#primaryimage\"},\"thumbnailUrl\":\"https:\\\/\\\/m2camper.com\\\/wp-content\\\/uploads\\\/2025\\\/02\\\/60c9aa_b71ea5f79a0442ca98a42d74da82444bmv2.webp\",\"articleSection\":[\"Uncategorized\"],\"inLanguage\":\"fr-FR\",\"potentialAction\":[{\"@type\":\"CommentAction\",\"name\":\"Comment\",\"target\":[\"https:\\\/\\\/m2camper.com\\\/fr\\\/isolez-votre-vehicule-avec-notre-technologie-a-9-couches\\\/#respond\"]}]},{\"@type\":\"WebPage\",\"@id\":\"https:\\\/\\\/m2camper.com\\\/fr\\\/isolez-votre-vehicule-avec-notre-technologie-a-9-couches\\\/\",\"url\":\"https:\\\/\\\/m2camper.com\\\/fr\\\/isolez-votre-vehicule-avec-notre-technologie-a-9-couches\\\/\",\"name\":\"A\u00edsla tu veh\u00edculo con nuestra tecnolog\u00eda de 9 capas: Una Barrera Eficiente contra el Fr\u00edo y el Calor - M2 Camper | Aislantes t\u00e9rmicos y oscurecedores para campers\",\"isPartOf\":{\"@id\":\"https:\\\/\\\/m2camper.com\\\/pt\\\/#website\"},\"primaryImageOfPage\":{\"@id\":\"https:\\\/\\\/m2camper.com\\\/fr\\\/isolez-votre-vehicule-avec-notre-technologie-a-9-couches\\\/#primaryimage\"},\"image\":{\"@id\":\"https:\\\/\\\/m2camper.com\\\/fr\\\/isolez-votre-vehicule-avec-notre-technologie-a-9-couches\\\/#primaryimage\"},\"thumbnailUrl\":\"https:\\\/\\\/m2camper.com\\\/wp-content\\\/uploads\\\/2025\\\/02\\\/60c9aa_b71ea5f79a0442ca98a42d74da82444bmv2.webp\",\"datePublished\":\"2024-02-04T10:55:59+00:00\",\"dateModified\":\"2025-02-06T10:57:24+00:00\",\"author\":{\"@id\":\"https:\\\/\\\/m2camper.com\\\/pt\\\/#\\\/schema\\\/person\\\/d003f4147a0469cbf1c77ba1bebdb1bb\"},\"breadcrumb\":{\"@id\":\"https:\\\/\\\/m2camper.com\\\/fr\\\/isolez-votre-vehicule-avec-notre-technologie-a-9-couches\\\/#breadcrumb\"},\"inLanguage\":\"fr-FR\",\"potentialAction\":[{\"@type\":\"ReadAction\",\"target\":[\"https:\\\/\\\/m2camper.com\\\/fr\\\/isolez-votre-vehicule-avec-notre-technologie-a-9-couches\\\/\"]}]},{\"@type\":\"ImageObject\",\"inLanguage\":\"fr-FR\",\"@id\":\"https:\\\/\\\/m2camper.com\\\/fr\\\/isolez-votre-vehicule-avec-notre-technologie-a-9-couches\\\/#primaryimage\",\"url\":\"https:\\\/\\\/m2camper.com\\\/wp-content\\\/uploads\\\/2025\\\/02\\\/60c9aa_b71ea5f79a0442ca98a42d74da82444bmv2.webp\",\"contentUrl\":\"https:\\\/\\\/m2camper.com\\\/wp-content\\\/uploads\\\/2025\\\/02\\\/60c9aa_b71ea5f79a0442ca98a42d74da82444bmv2.webp\",\"width\":454,\"height\":341},{\"@type\":\"BreadcrumbList\",\"@id\":\"https:\\\/\\\/m2camper.com\\\/fr\\\/isolez-votre-vehicule-avec-notre-technologie-a-9-couches\\\/#breadcrumb\",\"itemListElement\":[{\"@type\":\"ListItem\",\"position\":1,\"name\":\"Portada\",\"item\":\"https:\\\/\\\/m2camper.com\\\/pt\\\/\"},{\"@type\":\"ListItem\",\"position\":2,\"name\":\"A\u00edsla tu veh\u00edculo con nuestra tecnolog\u00eda de 9 capas: Una Barrera Eficiente contra el Fr\u00edo y el Calor\"}]},{\"@type\":\"WebSite\",\"@id\":\"https:\\\/\\\/m2camper.com\\\/pt\\\/#website\",\"url\":\"https:\\\/\\\/m2camper.com\\\/pt\\\/\",\"name\":\"M2 Campers | Aislantes t\u00e9rmicos y oscurecedores para campers\",\"description\":\"Descubre calidad y confort de nuestros aislantes t\u00e9rmicos oscurecedores y colchones para veh\u00edculos. Optimiza tu experiencia en carretera con M2 Camper.\",\"potentialAction\":[{\"@type\":\"SearchAction\",\"target\":{\"@type\":\"EntryPoint\",\"urlTemplate\":\"https:\\\/\\\/m2camper.com\\\/pt\\\/?s={search_term_string}\"},\"query-input\":{\"@type\":\"PropertyValueSpecification\",\"valueRequired\":true,\"valueName\":\"search_term_string\"}}],\"inLanguage\":\"fr-FR\"},{\"@type\":\"Person\",\"@id\":\"https:\\\/\\\/m2camper.com\\\/pt\\\/#\\\/schema\\\/person\\\/d003f4147a0469cbf1c77ba1bebdb1bb\",\"name\":\"carlos\",\"image\":{\"@type\":\"ImageObject\",\"inLanguage\":\"fr-FR\",\"@id\":\"https:\\\/\\\/secure.gravatar.com\\\/avatar\\\/ab10b60551e807f6b37d54bb09e40bc41b08e3828d46504634ad6f35da1b46dc?s=96&d=mm&r=g\",\"url\":\"https:\\\/\\\/secure.gravatar.com\\\/avatar\\\/ab10b60551e807f6b37d54bb09e40bc41b08e3828d46504634ad6f35da1b46dc?s=96&d=mm&r=g\",\"contentUrl\":\"https:\\\/\\\/secure.gravatar.com\\\/avatar\\\/ab10b60551e807f6b37d54bb09e40bc41b08e3828d46504634ad6f35da1b46dc?s=96&d=mm&r=g\",\"caption\":\"carlos\"},\"url\":\"https:\\\/\\\/m2camper.com\\\/fr\\\/author\\\/carlos\\\/\"}]}<\/script>\n<!-- \/ Yoast SEO plugin. -->","yoast_head_json":{"title":"Isolez votre v\u00e9hicule avec notre technologie 9 couches : Une barri\u00e8re efficace contre le froid et la chaleur - M2 Camper | Isolation thermique et occultation pour camping-cars","robots":{"index":"index","follow":"follow","max-snippet":"max-snippet:-1","max-image-preview":"max-image-preview:large","max-video-preview":"max-video-preview:-1"},"canonical":"https:\/\/m2camper.com\/fr\/isolez-votre-vehicule-avec-notre-technologie-a-9-couches\/","og_locale":"fr_FR","og_type":"article","og_title":"A\u00edsla tu veh\u00edculo con nuestra tecnolog\u00eda de 9 capas: Una Barrera Eficiente contra el Fr\u00edo y el Calor - M2 Camper | Aislantes t\u00e9rmicos y oscurecedores para campers","og_description":"Capa 1: Aluminio de 90 micras anti rayos ultravioleta y resistente a rayadas La primera l\u00ednea de defensa de este aislante t\u00e9rmico est\u00e1 compuesta por una capa de aluminio de 90 micras, dise\u00f1ada para resistir los rayos ultravioleta y proteger contra ara\u00f1azos. Esta capa no solo garantiza la durabilidad del producto, sino que tambi\u00e9n previene&hellip;&nbsp;Lire la suite &raquo;A\u00edsla tu veh\u00edculo con nuestra tecnolog\u00eda de 9 capas: Una Barrera Eficiente contra el Fr\u00edo y el Calor","og_url":"https:\/\/m2camper.com\/fr\/isolez-votre-vehicule-avec-notre-technologie-a-9-couches\/","og_site_name":"M2 Camper | Aislantes t\u00e9rmicos y oscurecedores para campers","article_published_time":"2024-02-04T10:55:59+00:00","article_modified_time":"2025-02-06T10:57:24+00:00","og_image":[{"width":454,"height":341,"url":"https:\/\/m2camper.com\/wp-content\/uploads\/2025\/02\/60c9aa_b71ea5f79a0442ca98a42d74da82444bmv2.webp","type":"image\/webp"}],"author":"carlos","twitter_card":"summary_large_image","twitter_misc":{"\u00c9crit par":"carlos","Dur\u00e9e de lecture estim\u00e9e":"2 minutes"},"schema":{"@context":"https:\/\/schema.org","@graph":[{"@type":"Article","@id":"https:\/\/m2camper.com\/fr\/isolez-votre-vehicule-avec-notre-technologie-a-9-couches\/#article","isPartOf":{"@id":"https:\/\/m2camper.com\/fr\/isolez-votre-vehicule-avec-notre-technologie-a-9-couches\/"},"author":{"name":"carlos","@id":"https:\/\/m2camper.com\/pt\/#\/schema\/person\/d003f4147a0469cbf1c77ba1bebdb1bb"},"headline":"A\u00edsla tu veh\u00edculo con nuestra tecnolog\u00eda de 9 capas: Una Barrera Eficiente contra el Fr\u00edo y el Calor","datePublished":"2024-02-04T10:55:59+00:00","dateModified":"2025-02-06T10:57:24+00:00","mainEntityOfPage":{"@id":"https:\/\/m2camper.com\/fr\/isolez-votre-vehicule-avec-notre-technologie-a-9-couches\/"},"wordCount":398,"commentCount":0,"image":{"@id":"https:\/\/m2camper.com\/fr\/isolez-votre-vehicule-avec-notre-technologie-a-9-couches\/#primaryimage"},"thumbnailUrl":"https:\/\/m2camper.com\/wp-content\/uploads\/2025\/02\/60c9aa_b71ea5f79a0442ca98a42d74da82444bmv2.webp","articleSection":["Uncategorized"],"inLanguage":"fr-FR","potentialAction":[{"@type":"CommentAction","name":"Comment","target":["https:\/\/m2camper.com\/fr\/isolez-votre-vehicule-avec-notre-technologie-a-9-couches\/#respond"]}]},{"@type":"WebPage","@id":"https:\/\/m2camper.com\/fr\/isolez-votre-vehicule-avec-notre-technologie-a-9-couches\/","url":"https:\/\/m2camper.com\/fr\/isolez-votre-vehicule-avec-notre-technologie-a-9-couches\/","name":"Isolez votre v\u00e9hicule avec notre technologie 9 couches : Une barri\u00e8re efficace contre le froid et la chaleur - M2 Camper | Isolation thermique et occultation pour camping-cars","isPartOf":{"@id":"https:\/\/m2camper.com\/pt\/#website"},"primaryImageOfPage":{"@id":"https:\/\/m2camper.com\/fr\/isolez-votre-vehicule-avec-notre-technologie-a-9-couches\/#primaryimage"},"image":{"@id":"https:\/\/m2camper.com\/fr\/isolez-votre-vehicule-avec-notre-technologie-a-9-couches\/#primaryimage"},"thumbnailUrl":"https:\/\/m2camper.com\/wp-content\/uploads\/2025\/02\/60c9aa_b71ea5f79a0442ca98a42d74da82444bmv2.webp","datePublished":"2024-02-04T10:55:59+00:00","dateModified":"2025-02-06T10:57:24+00:00","author":{"@id":"https:\/\/m2camper.com\/pt\/#\/schema\/person\/d003f4147a0469cbf1c77ba1bebdb1bb"},"breadcrumb":{"@id":"https:\/\/m2camper.com\/fr\/isolez-votre-vehicule-avec-notre-technologie-a-9-couches\/#breadcrumb"},"inLanguage":"fr-FR","potentialAction":[{"@type":"ReadAction","target":["https:\/\/m2camper.com\/fr\/isolez-votre-vehicule-avec-notre-technologie-a-9-couches\/"]}]},{"@type":"ImageObject","inLanguage":"fr-FR","@id":"https:\/\/m2camper.com\/fr\/isolez-votre-vehicule-avec-notre-technologie-a-9-couches\/#primaryimage","url":"https:\/\/m2camper.com\/wp-content\/uploads\/2025\/02\/60c9aa_b71ea5f79a0442ca98a42d74da82444bmv2.webp","contentUrl":"https:\/\/m2camper.com\/wp-content\/uploads\/2025\/02\/60c9aa_b71ea5f79a0442ca98a42d74da82444bmv2.webp","width":454,"height":341},{"@type":"BreadcrumbList","@id":"https:\/\/m2camper.com\/fr\/isolez-votre-vehicule-avec-notre-technologie-a-9-couches\/#breadcrumb","itemListElement":[{"@type":"ListItem","position":1,"name":"Portada","item":"https:\/\/m2camper.com\/pt\/"},{"@type":"ListItem","position":2,"name":"A\u00edsla tu veh\u00edculo con nuestra tecnolog\u00eda de 9 capas: Una Barrera Eficiente contra el Fr\u00edo y el Calor"}]},{"@type":"WebSite","@id":"https:\/\/m2camper.com\/pt\/#website","url":"https:\/\/m2camper.com\/pt\/","name":"M2 Campeurs | Isolation thermique et oscurecedores pour les campeurs","description":"D\u00e9couvrez la qualit\u00e9 et le confort de notre isolation thermique oscurecedores et des matelas pour les v\u00e9hicules. Optimiser votre exp\u00e9rience de la route avec M2 camping-car.","potentialAction":[{"@type":"SearchAction","target":{"@type":"EntryPoint","urlTemplate":"https:\/\/m2camper.com\/pt\/?s={search_term_string}"},"query-input":{"@type":"PropertyValueSpecification","valueRequired":true,"valueName":"search_term_string"}}],"inLanguage":"fr-FR"},{"@type":"Person","@id":"https:\/\/m2camper.com\/pt\/#\/schema\/person\/d003f4147a0469cbf1c77ba1bebdb1bb","name":"Carlos","image":{"@type":"ImageObject","inLanguage":"fr-FR","@id":"https:\/\/secure.gravatar.com\/avatar\/ab10b60551e807f6b37d54bb09e40bc41b08e3828d46504634ad6f35da1b46dc?s=96&d=mm&r=g","url":"https:\/\/secure.gravatar.com\/avatar\/ab10b60551e807f6b37d54bb09e40bc41b08e3828d46504634ad6f35da1b46dc?s=96&d=mm&r=g","contentUrl":"https:\/\/secure.gravatar.com\/avatar\/ab10b60551e807f6b37d54bb09e40bc41b08e3828d46504634ad6f35da1b46dc?s=96&d=mm&r=g","caption":"carlos"},"url":"https:\/\/m2camper.com\/fr\/author\/carlos\/"}]}},"_links":{"self":[{"href":"https:\/\/m2camper.com\/fr\/wp-json\/wp\/v2\/posts\/11555","targetHints":{"allow":["GET"]}}],"collection":[{"href":"https:\/\/m2camper.com\/fr\/wp-json\/wp\/v2\/posts"}],"about":[{"href":"https:\/\/m2camper.com\/fr\/wp-json\/wp\/v2\/types\/post"}],"author":[{"embeddable":true,"href":"https:\/\/m2camper.com\/fr\/wp-json\/wp\/v2\/users\/5740"}],"replies":[{"embeddable":true,"href":"https:\/\/m2camper.com\/fr\/wp-json\/wp\/v2\/comments?post=11555"}],"version-history":[{"count":2,"href":"https:\/\/m2camper.com\/fr\/wp-json\/wp\/v2\/posts\/11555\/revisions"}],"predecessor-version":[{"id":11558,"href":"https:\/\/m2camper.com\/fr\/wp-json\/wp\/v2\/posts\/11555\/revisions\/11558"}],"wp:featuredmedia":[{"embeddable":true,"href":"https:\/\/m2camper.com\/fr\/wp-json\/wp\/v2\/media\/11556"}],"wp:attachment":[{"href":"https:\/\/m2camper.com\/fr\/wp-json\/wp\/v2\/media?parent=11555"}],"wp:term":[{"taxonomy":"category","embeddable":true,"href":"https:\/\/m2camper.com\/fr\/wp-json\/wp\/v2\/categories?post=11555"},{"taxonomy":"post_tag","embeddable":true,"href":"https:\/\/m2camper.com\/fr\/wp-json\/wp\/v2\/tags?post=11555"}],"curies":[{"name":"wp","href":"https:\/\/api.w.org\/{rel}","templated":true}]}}