{"id":11548,"date":"2023-12-23T10:43:50","date_gmt":"2023-12-23T10:43:50","guid":{"rendered":"https:\/\/ultbit.com\/m2camper\/?p=11548"},"modified":"2025-02-06T10:44:25","modified_gmt":"2025-02-06T10:44:25","slug":"celebrez-noel-avec-nos-isolants-thermiques","status":"publish","type":"post","link":"https:\/\/m2camper.com\/fr\/celebrez-noel-avec-nos-isolants-thermiques\/","title":{"rendered":"C\u00e9l\u00e9brez un No\u00ebl douillet dans votre camping-car avec notre isolation thermique occultante"},"content":{"rendered":"<div data-breakout=\"normal\">\n<p id=\"viewer-z5sf94647\" class=\"cqfST cQRuq WGebp jTM--\" dir=\"auto\"><span class=\"_61ACD\">La magie de No\u00ebl arrive dans votre camping-car cette ann\u00e9e avec confort et chaleur ! En ces temps particuliers, transformez votre v\u00e9hicule en un havre de paix gr\u00e2ce \u00e0 nos isolants thermiques occultants innovants. Nous vous invitons \u00e0 d\u00e9couvrir comment vous pouvez profiter de vacances inoubliables, quel que soit le temps ext\u00e9rieur.<\/span><\/p>\n<\/div>\n<div data-breakout=\"normal\">\n<p id=\"viewer-fmpmx4659\" class=\"cqfST cQRuq WGebp jTM--\" dir=\"auto\"><span class=\"_61ACD\">L\u2019hiver apporte non seulement des festivit\u00e9s, mais aussi des temp\u00e9ratures glaciales qui peuvent affecter votre exp\u00e9rience de camping. C&#039;est pourquoi, en cette p\u00e9riode des f\u00eates, nous souhaitons vous proposer la solution id\u00e9ale pour pr\u00e9server chaleur et intimit\u00e9 dans votre v\u00e9hicule : nos isolants thermiques occultants. D\u00e9couvrez comment ces produits peuvent faire la diff\u00e9rence dans vos c\u00e9l\u00e9brations de vacances sur roues.<\/span><\/p>\n<\/div>\n<div data-breakout=\"normal\">\n<p id=\"viewer-h5zjh4661\" class=\"cqfST cQRuq WGebp jTM--\" dir=\"auto\"><span class=\"_61ACD\"><strong>Avantages de nos isolateurs thermiques occultants :<\/strong><\/span><\/p>\n<\/div>\n<div data-breakout=\"normal\">\n<ol class=\"xkVfi WGebp\">\n<li class=\"fGYqH\" dir=\"auto\" aria-level=\"1\">\n<p id=\"viewer-bepov4665\" class=\"cqfST cQRuq WGebp jTM--\" dir=\"\"><span class=\"_61ACD\"><strong>Chaleur festive :<\/strong>\u00a0Oubliez le froid hivernal avec notre isolation thermique de haute qualit\u00e9. Gardez la chaleur \u00e0 l\u2019int\u00e9rieur de votre camping-car et profitez d\u2019un No\u00ebl chaleureux et confortable.<\/span><\/p>\n<\/li>\n<li class=\"fGYqH\" dir=\"auto\" aria-level=\"1\">\n<p id=\"viewer-09gye4669\" class=\"cqfST cQRuq WGebp jTM--\" dir=\"\"><span class=\"_61ACD\"><strong>Confidentialit\u00e9 \u00e0 tout moment :<\/strong>\u00a0Les stores occultants bloquent efficacement les vues ext\u00e9rieures, vous offrant l&#039;intimit\u00e9 dont vous avez besoin pour profiter de moments intimes lors de ces dates sp\u00e9ciales.<\/span><\/p>\n<\/li>\n<li class=\"fGYqH\" dir=\"auto\" aria-level=\"1\">\n<p id=\"viewer-qxppl4673\" class=\"cqfST cQRuq WGebp jTM--\" dir=\"\"><span class=\"_61ACD\"><strong>Installation facile :<\/strong>\u00a0Nos produits sont con\u00e7us pour \u00eatre faciles \u00e0 installer, vous permettant de vous concentrer sur ce qui compte vraiment pendant la p\u00e9riode des f\u00eates : \u00eatre avec vos proches.<\/span><\/p>\n<\/li>\n<li class=\"fGYqH\" dir=\"auto\" aria-level=\"1\">\n<p id=\"viewer-y64s44677\" class=\"cqfST cQRuq WGebp jTM--\" dir=\"\"><span class=\"_61ACD\"><strong>Versatilit\u00e9:<\/strong>\u00a0Utilisez nos isolants thermiques occultants non seulement pendant No\u00ebl, mais \u00e0 tout moment de l&#039;ann\u00e9e. Ils constituent l\u2019investissement parfait pour assurer le confort lors de vos voyages en camping-car.<\/span><\/p>\n<\/li>\n<\/ol>\n<\/div>\n<div data-breakout=\"normal\">\n<p id=\"viewer-3al984680\" class=\"cqfST cQRuq WGebp jTM--\" dir=\"auto\"><span class=\"_61ACD\"><strong>Comment faire de votre camping-car un espace de No\u00ebl\u00a0:<\/strong><\/span><\/p>\n<\/div>\n<div data-breakout=\"normal\">\n<ol class=\"xkVfi WGebp\">\n<li class=\"fGYqH\" dir=\"auto\" aria-level=\"1\">\n<p id=\"viewer-w9rbw4684\" class=\"cqfST cQRuq WGebp jTM--\" dir=\"\"><span class=\"_61ACD\"><strong>D\u00e9corez avec des lumi\u00e8res festives :<\/strong>\u00a0Profitez de l&#039;intimit\u00e9 de votre camping-car et d\u00e9corez-le de lumi\u00e8res de No\u00ebl pour cr\u00e9er une atmosph\u00e8re magique.<\/span><\/p>\n<\/li>\n<li class=\"fGYqH\" dir=\"auto\" aria-level=\"1\">\n<p id=\"viewer-vt71f4688\" class=\"cqfST cQRuq WGebp jTM--\" dir=\"\"><span class=\"_61ACD\"><strong>Pr\u00e9parez de d\u00e9licieux repas :<\/strong>\u00a0La cuisine de votre camping-car est l&#039;endroit id\u00e9al pour pr\u00e9parer de d\u00e9licieux repas de vacances. Surprenez vos proches avec des plats faits maison !<\/span><\/p>\n<\/li>\n<li class=\"fGYqH\" dir=\"auto\" aria-level=\"1\">\n<p id=\"viewer-6gzfk4692\" class=\"cqfST cQRuq WGebp jTM--\" dir=\"\"><span class=\"_61ACD\"><strong>Organiser des jeux et des activit\u00e9s :<\/strong>\u00a0Profitez de l&#039;espace de votre camping-car pour organiser des jeux et des activit\u00e9s en famille. Le plaisir est garanti !<\/span><\/p>\n<\/li>\n<\/ol>\n<\/div>\n<div data-hook=\"rcv-block10\"><\/div>\n<div data-breakout=\"normal\">\n<p id=\"viewer-2gd6k7417\" class=\"cqfST cQRuq WGebp jTM--\" dir=\"auto\"><span class=\"_61ACD\"><em>C\u00e9l\u00e9brez No\u00ebl avec nos isolants thermiques occultants \u00e0 9 couches<\/em><\/span><\/p>\n<\/div>\n<div data-hook=\"rcv-block13\"><\/div>\n<div data-breakout=\"normal\">\n<div id=\"viewer-f0sl67850\" class=\"KqKMh\">\n<div class=\"_7T4Uc SkJEB\">\n<figure class=\"P29V1\">\n<div class=\"CuIEU\" tabindex=\"0\" role=\"button\" data-hook=\"imageViewer\" aria-haspopup=\"true\">\n<div id=\"f0sl67850\" class=\"KfAFF ApRDe _84uzj\"><img decoding=\"async\" class=\"aligncenter\" draggable=\"false\" src=\"https:\/\/static.wixstatic.com\/media\/60c9aa_cf147de094fa4d649dac3f95a314de7c~mv2.jpg\/v1\/fill\/w_350,h_467,al_c,q_80,usm_0.66_1.00_0.01,enc_auto\/60c9aa_cf147de094fa4d649dac3f95a314de7c~mv2.jpg\" alt=\"Isolation thermique pour camping-cars\" data-pin-url=\"https:\/\/m2camper.com\/post\/celebra-una-navidad-con-nuestros-aislantes-termicos\" data-pin-media=\"https:\/\/static.wixstatic.com\/media\/60c9aa_cf147de094fa4d649dac3f95a314de7c~mv2.jpg\/v1\/fill\/w_3096,h_4128,al_c,q_90\/60c9aa_cf147de094fa4d649dac3f95a314de7c~mv2.jpg\" data-ssr-src-done=\"true\" data-load-done=\"\" \/><\/div>\n<\/div>\n<\/figure>\n<\/div>\n<\/div>\n<\/div>","protected":false},"excerpt":{"rendered":"<p>\u00a1La magia de la Navidad llega a tu camper este a\u00f1o de la mano de confort y calidez! En estas fechas tan especiales, transforma tu veh\u00edculo en un refugio acogedor con nuestros innovadores aislantes t\u00e9rmicos oscurecedores. Te invitamos a descubrir c\u00f3mo puedes disfrutar de unas fiestas inolvidables, sin importar el clima exterior. El invierno trae&hellip;&nbsp;<a href=\"https:\/\/m2camper.com\/fr\/celebrez-noel-avec-nos-isolants-thermiques\/\" rel=\"bookmark\">En savoir plus &quot;<span class=\"screen-reader-text\">C\u00e9l\u00e9brez un No\u00ebl douillet dans votre camping-car avec notre isolation thermique occultante<\/span><\/a><\/p>","protected":false},"author":5740,"featured_media":11549,"comment_status":"open","ping_status":"open","sticky":false,"template":"","format":"standard","meta":{"neve_meta_sidebar":"","neve_meta_container":"","neve_meta_enable_content_width":"off","neve_meta_content_width":70,"neve_meta_title_alignment":"","neve_meta_author_avatar":"","neve_post_elements_order":"","neve_meta_disable_header":"","neve_meta_disable_footer":"","neve_meta_disable_title":"","footnotes":""},"categories":[1],"tags":[],"class_list":["post-11548","post","type-post","status-publish","format-standard","has-post-thumbnail","hentry","category-uncategorized"],"yoast_head":"<!-- This site is optimized with the Yoast SEO plugin v27.5 - https:\/\/yoast.com\/product\/yoast-seo-wordpress\/ -->\n<title>Celebra una Navidad Acogedora en Tu Camper con Nuestros Aislantes T\u00e9rmicos Oscurecedores - M2 Camper | Aislantes t\u00e9rmicos y oscurecedores para campers<\/title>\n<meta name=\"robots\" content=\"index, follow, max-snippet:-1, max-image-preview:large, max-video-preview:-1\" \/>\n<link rel=\"canonical\" href=\"https:\/\/m2camper.com\/fr\/celebrez-noel-avec-nos-isolants-thermiques\/\" \/>\n<meta property=\"og:locale\" content=\"fr_FR\" \/>\n<meta property=\"og:type\" content=\"article\" \/>\n<meta property=\"og:title\" content=\"Celebra una Navidad Acogedora en Tu Camper con Nuestros Aislantes T\u00e9rmicos Oscurecedores - M2 Camper | Aislantes t\u00e9rmicos y oscurecedores para campers\" \/>\n<meta property=\"og:description\" content=\"\u00a1La magia de la Navidad llega a tu camper este a\u00f1o de la mano de confort y calidez! En estas fechas tan especiales, transforma tu veh\u00edculo en un refugio acogedor con nuestros innovadores aislantes t\u00e9rmicos oscurecedores. Te invitamos a descubrir c\u00f3mo puedes disfrutar de unas fiestas inolvidables, sin importar el clima exterior. El invierno trae&hellip;&nbsp;Lire la suite &raquo;Celebra una Navidad Acogedora en Tu Camper con Nuestros Aislantes T\u00e9rmicos Oscurecedores\" \/>\n<meta property=\"og:url\" content=\"https:\/\/m2camper.com\/fr\/celebrez-noel-avec-nos-isolants-thermiques\/\" \/>\n<meta property=\"og:site_name\" content=\"M2 Camper | Aislantes t\u00e9rmicos y oscurecedores para campers\" \/>\n<meta property=\"article:published_time\" content=\"2023-12-23T10:43:50+00:00\" \/>\n<meta property=\"article:modified_time\" content=\"2025-02-06T10:44:25+00:00\" \/>\n<meta property=\"og:image\" content=\"https:\/\/m2camper.com\/wp-content\/uploads\/2025\/02\/60c9aa_cf147de094fa4d649dac3f95a314de7cmv2.webp\" \/>\n\t<meta property=\"og:image:width\" content=\"1208\" \/>\n\t<meta property=\"og:image:height\" content=\"1610\" \/>\n\t<meta property=\"og:image:type\" content=\"image\/webp\" \/>\n<meta name=\"author\" content=\"carlos\" \/>\n<meta name=\"twitter:card\" content=\"summary_large_image\" \/>\n<meta name=\"twitter:label1\" content=\"\u00c9crit par\" \/>\n\t<meta name=\"twitter:data1\" content=\"carlos\" \/>\n\t<meta name=\"twitter:label2\" content=\"Dur\u00e9e de lecture estim\u00e9e\" \/>\n\t<meta name=\"twitter:data2\" content=\"2 minutes\" \/>\n<script type=\"application\/ld+json\" class=\"yoast-schema-graph\">{\"@context\":\"https:\\\/\\\/schema.org\",\"@graph\":[{\"@type\":\"Article\",\"@id\":\"https:\\\/\\\/m2camper.com\\\/celebra-una-navidad-con-nuestros-aislantes-termicos\\\/#article\",\"isPartOf\":{\"@id\":\"https:\\\/\\\/m2camper.com\\\/celebra-una-navidad-con-nuestros-aislantes-termicos\\\/\"},\"author\":{\"name\":\"carlos\",\"@id\":\"https:\\\/\\\/m2camper.com\\\/pt\\\/#\\\/schema\\\/person\\\/d003f4147a0469cbf1c77ba1bebdb1bb\"},\"headline\":\"Celebra una Navidad Acogedora en Tu Camper con Nuestros Aislantes T\u00e9rmicos Oscurecedores\",\"datePublished\":\"2023-12-23T10:43:50+00:00\",\"dateModified\":\"2025-02-06T10:44:25+00:00\",\"mainEntityOfPage\":{\"@id\":\"https:\\\/\\\/m2camper.com\\\/celebra-una-navidad-con-nuestros-aislantes-termicos\\\/\"},\"wordCount\":365,\"commentCount\":0,\"image\":{\"@id\":\"https:\\\/\\\/m2camper.com\\\/celebra-una-navidad-con-nuestros-aislantes-termicos\\\/#primaryimage\"},\"thumbnailUrl\":\"https:\\\/\\\/m2camper.com\\\/wp-content\\\/uploads\\\/2025\\\/02\\\/60c9aa_cf147de094fa4d649dac3f95a314de7cmv2.webp\",\"articleSection\":[\"Uncategorized\"],\"inLanguage\":\"fr-FR\",\"potentialAction\":[{\"@type\":\"CommentAction\",\"name\":\"Comment\",\"target\":[\"https:\\\/\\\/m2camper.com\\\/celebra-una-navidad-con-nuestros-aislantes-termicos\\\/#respond\"]}]},{\"@type\":\"WebPage\",\"@id\":\"https:\\\/\\\/m2camper.com\\\/celebra-una-navidad-con-nuestros-aislantes-termicos\\\/\",\"url\":\"https:\\\/\\\/m2camper.com\\\/celebra-una-navidad-con-nuestros-aislantes-termicos\\\/\",\"name\":\"Celebra una Navidad Acogedora en Tu Camper con Nuestros Aislantes T\u00e9rmicos Oscurecedores - M2 Camper | Aislantes t\u00e9rmicos y oscurecedores para campers\",\"isPartOf\":{\"@id\":\"https:\\\/\\\/m2camper.com\\\/pt\\\/#website\"},\"primaryImageOfPage\":{\"@id\":\"https:\\\/\\\/m2camper.com\\\/celebra-una-navidad-con-nuestros-aislantes-termicos\\\/#primaryimage\"},\"image\":{\"@id\":\"https:\\\/\\\/m2camper.com\\\/celebra-una-navidad-con-nuestros-aislantes-termicos\\\/#primaryimage\"},\"thumbnailUrl\":\"https:\\\/\\\/m2camper.com\\\/wp-content\\\/uploads\\\/2025\\\/02\\\/60c9aa_cf147de094fa4d649dac3f95a314de7cmv2.webp\",\"datePublished\":\"2023-12-23T10:43:50+00:00\",\"dateModified\":\"2025-02-06T10:44:25+00:00\",\"author\":{\"@id\":\"https:\\\/\\\/m2camper.com\\\/pt\\\/#\\\/schema\\\/person\\\/d003f4147a0469cbf1c77ba1bebdb1bb\"},\"breadcrumb\":{\"@id\":\"https:\\\/\\\/m2camper.com\\\/celebra-una-navidad-con-nuestros-aislantes-termicos\\\/#breadcrumb\"},\"inLanguage\":\"fr-FR\",\"potentialAction\":[{\"@type\":\"ReadAction\",\"target\":[\"https:\\\/\\\/m2camper.com\\\/celebra-una-navidad-con-nuestros-aislantes-termicos\\\/\"]}]},{\"@type\":\"ImageObject\",\"inLanguage\":\"fr-FR\",\"@id\":\"https:\\\/\\\/m2camper.com\\\/celebra-una-navidad-con-nuestros-aislantes-termicos\\\/#primaryimage\",\"url\":\"https:\\\/\\\/m2camper.com\\\/wp-content\\\/uploads\\\/2025\\\/02\\\/60c9aa_cf147de094fa4d649dac3f95a314de7cmv2.webp\",\"contentUrl\":\"https:\\\/\\\/m2camper.com\\\/wp-content\\\/uploads\\\/2025\\\/02\\\/60c9aa_cf147de094fa4d649dac3f95a314de7cmv2.webp\",\"width\":1208,\"height\":1610},{\"@type\":\"BreadcrumbList\",\"@id\":\"https:\\\/\\\/m2camper.com\\\/celebra-una-navidad-con-nuestros-aislantes-termicos\\\/#breadcrumb\",\"itemListElement\":[{\"@type\":\"ListItem\",\"position\":1,\"name\":\"Portada\",\"item\":\"https:\\\/\\\/m2camper.com\\\/pt\\\/\"},{\"@type\":\"ListItem\",\"position\":2,\"name\":\"Celebra una Navidad Acogedora en Tu Camper con Nuestros Aislantes T\u00e9rmicos Oscurecedores\"}]},{\"@type\":\"WebSite\",\"@id\":\"https:\\\/\\\/m2camper.com\\\/pt\\\/#website\",\"url\":\"https:\\\/\\\/m2camper.com\\\/pt\\\/\",\"name\":\"M2 Campers | Aislantes t\u00e9rmicos y oscurecedores para campers\",\"description\":\"Descubre calidad y confort de nuestros aislantes t\u00e9rmicos oscurecedores y colchones para veh\u00edculos. Optimiza tu experiencia en carretera con M2 Camper.\",\"potentialAction\":[{\"@type\":\"SearchAction\",\"target\":{\"@type\":\"EntryPoint\",\"urlTemplate\":\"https:\\\/\\\/m2camper.com\\\/pt\\\/?s={search_term_string}\"},\"query-input\":{\"@type\":\"PropertyValueSpecification\",\"valueRequired\":true,\"valueName\":\"search_term_string\"}}],\"inLanguage\":\"fr-FR\"},{\"@type\":\"Person\",\"@id\":\"https:\\\/\\\/m2camper.com\\\/pt\\\/#\\\/schema\\\/person\\\/d003f4147a0469cbf1c77ba1bebdb1bb\",\"name\":\"carlos\",\"image\":{\"@type\":\"ImageObject\",\"inLanguage\":\"fr-FR\",\"@id\":\"https:\\\/\\\/secure.gravatar.com\\\/avatar\\\/ab10b60551e807f6b37d54bb09e40bc41b08e3828d46504634ad6f35da1b46dc?s=96&d=mm&r=g\",\"url\":\"https:\\\/\\\/secure.gravatar.com\\\/avatar\\\/ab10b60551e807f6b37d54bb09e40bc41b08e3828d46504634ad6f35da1b46dc?s=96&d=mm&r=g\",\"contentUrl\":\"https:\\\/\\\/secure.gravatar.com\\\/avatar\\\/ab10b60551e807f6b37d54bb09e40bc41b08e3828d46504634ad6f35da1b46dc?s=96&d=mm&r=g\",\"caption\":\"carlos\"},\"url\":\"https:\\\/\\\/m2camper.com\\\/fr\\\/author\\\/carlos\\\/\"}]}<\/script>\n<!-- \/ Yoast SEO plugin. -->","yoast_head_json":{"title":"C\u00e9l\u00e9brez un No\u00ebl douillet dans votre camping-car avec nos isolants thermiques occultants - M2 Camper | Isolation thermique et occultation pour camping-cars","robots":{"index":"index","follow":"follow","max-snippet":"max-snippet:-1","max-image-preview":"max-image-preview:large","max-video-preview":"max-video-preview:-1"},"canonical":"https:\/\/m2camper.com\/fr\/celebrez-noel-avec-nos-isolants-thermiques\/","og_locale":"fr_FR","og_type":"article","og_title":"Celebra una Navidad Acogedora en Tu Camper con Nuestros Aislantes T\u00e9rmicos Oscurecedores - M2 Camper | Aislantes t\u00e9rmicos y oscurecedores para campers","og_description":"\u00a1La magia de la Navidad llega a tu camper este a\u00f1o de la mano de confort y calidez! En estas fechas tan especiales, transforma tu veh\u00edculo en un refugio acogedor con nuestros innovadores aislantes t\u00e9rmicos oscurecedores. Te invitamos a descubrir c\u00f3mo puedes disfrutar de unas fiestas inolvidables, sin importar el clima exterior. El invierno trae&hellip;&nbsp;Lire la suite &raquo;Celebra una Navidad Acogedora en Tu Camper con Nuestros Aislantes T\u00e9rmicos Oscurecedores","og_url":"https:\/\/m2camper.com\/fr\/celebrez-noel-avec-nos-isolants-thermiques\/","og_site_name":"M2 Camper | Aislantes t\u00e9rmicos y oscurecedores para campers","article_published_time":"2023-12-23T10:43:50+00:00","article_modified_time":"2025-02-06T10:44:25+00:00","og_image":[{"width":1208,"height":1610,"url":"https:\/\/m2camper.com\/wp-content\/uploads\/2025\/02\/60c9aa_cf147de094fa4d649dac3f95a314de7cmv2.webp","type":"image\/webp"}],"author":"carlos","twitter_card":"summary_large_image","twitter_misc":{"\u00c9crit par":"carlos","Dur\u00e9e de lecture estim\u00e9e":"2 minutes"},"schema":{"@context":"https:\/\/schema.org","@graph":[{"@type":"Article","@id":"https:\/\/m2camper.com\/celebra-una-navidad-con-nuestros-aislantes-termicos\/#article","isPartOf":{"@id":"https:\/\/m2camper.com\/celebra-una-navidad-con-nuestros-aislantes-termicos\/"},"author":{"name":"carlos","@id":"https:\/\/m2camper.com\/pt\/#\/schema\/person\/d003f4147a0469cbf1c77ba1bebdb1bb"},"headline":"Celebra una Navidad Acogedora en Tu Camper con Nuestros Aislantes T\u00e9rmicos Oscurecedores","datePublished":"2023-12-23T10:43:50+00:00","dateModified":"2025-02-06T10:44:25+00:00","mainEntityOfPage":{"@id":"https:\/\/m2camper.com\/celebra-una-navidad-con-nuestros-aislantes-termicos\/"},"wordCount":365,"commentCount":0,"image":{"@id":"https:\/\/m2camper.com\/celebra-una-navidad-con-nuestros-aislantes-termicos\/#primaryimage"},"thumbnailUrl":"https:\/\/m2camper.com\/wp-content\/uploads\/2025\/02\/60c9aa_cf147de094fa4d649dac3f95a314de7cmv2.webp","articleSection":["Uncategorized"],"inLanguage":"fr-FR","potentialAction":[{"@type":"CommentAction","name":"Comment","target":["https:\/\/m2camper.com\/celebra-una-navidad-con-nuestros-aislantes-termicos\/#respond"]}]},{"@type":"WebPage","@id":"https:\/\/m2camper.com\/celebra-una-navidad-con-nuestros-aislantes-termicos\/","url":"https:\/\/m2camper.com\/celebra-una-navidad-con-nuestros-aislantes-termicos\/","name":"C\u00e9l\u00e9brez un No\u00ebl douillet dans votre camping-car avec nos isolants thermiques occultants - M2 Camper | Isolation thermique et occultation pour camping-cars","isPartOf":{"@id":"https:\/\/m2camper.com\/pt\/#website"},"primaryImageOfPage":{"@id":"https:\/\/m2camper.com\/celebra-una-navidad-con-nuestros-aislantes-termicos\/#primaryimage"},"image":{"@id":"https:\/\/m2camper.com\/celebra-una-navidad-con-nuestros-aislantes-termicos\/#primaryimage"},"thumbnailUrl":"https:\/\/m2camper.com\/wp-content\/uploads\/2025\/02\/60c9aa_cf147de094fa4d649dac3f95a314de7cmv2.webp","datePublished":"2023-12-23T10:43:50+00:00","dateModified":"2025-02-06T10:44:25+00:00","author":{"@id":"https:\/\/m2camper.com\/pt\/#\/schema\/person\/d003f4147a0469cbf1c77ba1bebdb1bb"},"breadcrumb":{"@id":"https:\/\/m2camper.com\/celebra-una-navidad-con-nuestros-aislantes-termicos\/#breadcrumb"},"inLanguage":"fr-FR","potentialAction":[{"@type":"ReadAction","target":["https:\/\/m2camper.com\/celebra-una-navidad-con-nuestros-aislantes-termicos\/"]}]},{"@type":"ImageObject","inLanguage":"fr-FR","@id":"https:\/\/m2camper.com\/celebra-una-navidad-con-nuestros-aislantes-termicos\/#primaryimage","url":"https:\/\/m2camper.com\/wp-content\/uploads\/2025\/02\/60c9aa_cf147de094fa4d649dac3f95a314de7cmv2.webp","contentUrl":"https:\/\/m2camper.com\/wp-content\/uploads\/2025\/02\/60c9aa_cf147de094fa4d649dac3f95a314de7cmv2.webp","width":1208,"height":1610},{"@type":"BreadcrumbList","@id":"https:\/\/m2camper.com\/celebra-una-navidad-con-nuestros-aislantes-termicos\/#breadcrumb","itemListElement":[{"@type":"ListItem","position":1,"name":"Portada","item":"https:\/\/m2camper.com\/pt\/"},{"@type":"ListItem","position":2,"name":"Celebra una Navidad Acogedora en Tu Camper con Nuestros Aislantes T\u00e9rmicos Oscurecedores"}]},{"@type":"WebSite","@id":"https:\/\/m2camper.com\/pt\/#website","url":"https:\/\/m2camper.com\/pt\/","name":"M2 Campeurs | Isolation thermique et oscurecedores pour les campeurs","description":"D\u00e9couvrez la qualit\u00e9 et le confort de notre isolation thermique oscurecedores et des matelas pour les v\u00e9hicules. Optimiser votre exp\u00e9rience de la route avec M2 camping-car.","potentialAction":[{"@type":"SearchAction","target":{"@type":"EntryPoint","urlTemplate":"https:\/\/m2camper.com\/pt\/?s={search_term_string}"},"query-input":{"@type":"PropertyValueSpecification","valueRequired":true,"valueName":"search_term_string"}}],"inLanguage":"fr-FR"},{"@type":"Person","@id":"https:\/\/m2camper.com\/pt\/#\/schema\/person\/d003f4147a0469cbf1c77ba1bebdb1bb","name":"Carlos","image":{"@type":"ImageObject","inLanguage":"fr-FR","@id":"https:\/\/secure.gravatar.com\/avatar\/ab10b60551e807f6b37d54bb09e40bc41b08e3828d46504634ad6f35da1b46dc?s=96&d=mm&r=g","url":"https:\/\/secure.gravatar.com\/avatar\/ab10b60551e807f6b37d54bb09e40bc41b08e3828d46504634ad6f35da1b46dc?s=96&d=mm&r=g","contentUrl":"https:\/\/secure.gravatar.com\/avatar\/ab10b60551e807f6b37d54bb09e40bc41b08e3828d46504634ad6f35da1b46dc?s=96&d=mm&r=g","caption":"carlos"},"url":"https:\/\/m2camper.com\/fr\/author\/carlos\/"}]}},"_links":{"self":[{"href":"https:\/\/m2camper.com\/fr\/wp-json\/wp\/v2\/posts\/11548","targetHints":{"allow":["GET"]}}],"collection":[{"href":"https:\/\/m2camper.com\/fr\/wp-json\/wp\/v2\/posts"}],"about":[{"href":"https:\/\/m2camper.com\/fr\/wp-json\/wp\/v2\/types\/post"}],"author":[{"embeddable":true,"href":"https:\/\/m2camper.com\/fr\/wp-json\/wp\/v2\/users\/5740"}],"replies":[{"embeddable":true,"href":"https:\/\/m2camper.com\/fr\/wp-json\/wp\/v2\/comments?post=11548"}],"version-history":[{"count":1,"href":"https:\/\/m2camper.com\/fr\/wp-json\/wp\/v2\/posts\/11548\/revisions"}],"predecessor-version":[{"id":11550,"href":"https:\/\/m2camper.com\/fr\/wp-json\/wp\/v2\/posts\/11548\/revisions\/11550"}],"wp:featuredmedia":[{"embeddable":true,"href":"https:\/\/m2camper.com\/fr\/wp-json\/wp\/v2\/media\/11549"}],"wp:attachment":[{"href":"https:\/\/m2camper.com\/fr\/wp-json\/wp\/v2\/media?parent=11548"}],"wp:term":[{"taxonomy":"category","embeddable":true,"href":"https:\/\/m2camper.com\/fr\/wp-json\/wp\/v2\/categories?post=11548"},{"taxonomy":"post_tag","embeddable":true,"href":"https:\/\/m2camper.com\/fr\/wp-json\/wp\/v2\/tags?post=11548"}],"curies":[{"name":"wp","href":"https:\/\/api.w.org\/{rel}","templated":true}]}}