{"id":11533,"date":"2023-11-05T10:06:26","date_gmt":"2023-11-05T10:06:26","guid":{"rendered":"https:\/\/ultbit.com\/m2camper\/?p=11533"},"modified":"2025-02-06T10:41:13","modified_gmt":"2025-02-06T10:41:13","slug":"isolation-thermique-des-fenetres-de-camping-car-un-guide-complet-pour-optimiser-votre-voyage","status":"publish","type":"post","link":"https:\/\/m2camper.com\/fr\/isolation-thermique-des-fenetres-de-camping-car-un-guide-complet-pour-optimiser-votre-voyage\/","title":{"rendered":"Isolation thermique des vitres de camping-car\u00a0: guide complet pour optimiser votre voyage"},"content":{"rendered":"<div data-breakout=\"normal\">\n<p id=\"viewer-foo\" class=\"cqfST cQRuq WGebp jTM--\" dir=\"auto\"><span class=\"_61ACD\">Bienvenue dans le guide ultime de l\u2019isolation des fen\u00eatres de camping-car\u00a0!<\/span><\/p>\n<\/div>\n<div data-breakout=\"normal\">\n<p id=\"viewer-a3q75\" class=\"cqfST cQRuq WGebp jTM--\" dir=\"auto\"><span class=\"_61ACD\">Les camping-cars ont gagn\u00e9 en popularit\u00e9 en tant qu&#039;incarnation de la libert\u00e9 de voyage. Cependant, pour assurer une exp\u00e9rience confortable et efficace en toutes saisons, il est essentiel de prendre en compte l&#039;efficacit\u00e9 \u00e9nerg\u00e9tique et le confort de votre VR.<\/span><\/p>\n<\/div>\n<div data-breakout=\"normal\">\n<p id=\"viewer-26lut\" class=\"cqfST cQRuq WGebp jTM--\" dir=\"auto\"><span class=\"_61ACD\">L\u2019isolation thermique des fen\u00eatres est un alli\u00e9 indispensable dans ce voyage. Ces accessoires apparemment simples peuvent faire une grande diff\u00e9rence, surtout dans les climats extr\u00eames.<\/span><\/p>\n<\/div>\n<h3><span style=\"color: #000000;\">Pourquoi l\u2019isolation thermique des syst\u00e8mes de fen\u00eatres de camping-car est-elle cruciale\u00a0?<\/span><\/h3>\n<div data-breakout=\"normal\">\n<ol class=\"xkVfi WGebp\">\n<li class=\"fGYqH\" dir=\"auto\" aria-level=\"1\">\n<p id=\"viewer-75mik\" class=\"cqfST cQRuq WGebp jTM--\" dir=\"\"><span class=\"_61ACD\"><strong>R\u00e9gulation thermique<\/strong>Les fen\u00eatres sont des points critiques en termes de perte ou de gain de chaleur. L&#039;isolation thermique stabilise la temp\u00e9rature int\u00e9rieure, r\u00e9duisant ainsi la d\u00e9pendance aux syst\u00e8mes de chauffage ou de climatisation.<\/span><\/p>\n<\/li>\n<li class=\"fGYqH\" dir=\"auto\" aria-level=\"1\">\n<p id=\"viewer-7b2g4\" class=\"cqfST cQRuq WGebp jTM--\" dir=\"\"><span class=\"_61ACD\"><strong>Intimit\u00e9 et confort<\/strong>:En plus de r\u00e9guler la temp\u00e9rature, ils offrent une intimit\u00e9 suppl\u00e9mentaire et r\u00e9duisent l&#039;entr\u00e9e de lumi\u00e8re, am\u00e9liorant ainsi la qualit\u00e9 du repos \u00e0 tout moment de la journ\u00e9e.<\/span><\/p>\n<\/li>\n<li class=\"fGYqH\" dir=\"auto\" aria-level=\"1\">\n<p id=\"viewer-9hp4\" class=\"cqfST cQRuq WGebp jTM--\" dir=\"\"><span class=\"_61ACD\"><strong>\u00c9conomie d&#039;\u00e9nergie<\/strong>:Ils r\u00e9duisent les pertes ou les gains de chaleur ind\u00e9sirables, optimisant ainsi la consommation d&#039;\u00e9nergie et prolongeant l&#039;autonomie de votre v\u00e9hicule.<\/span><\/p>\n<\/li>\n<\/ol>\n<\/div>\n<div data-breakout=\"normal\">\n<h3 id=\"viewer-5te3p\" class=\"jZpvm scQlf WGebp jTM--\" dir=\"auto\"><span class=\"hpUmk\" style=\"color: #000000;\">Optimisez votre voyage\u00a0: isolation thermique des fen\u00eatres de camping-car<\/span><\/h3>\n<\/div>\n<div data-breakout=\"normal\">\n<p id=\"viewer-84sqd\" class=\"cqfST cQRuq WGebp jTM--\" dir=\"auto\"><span class=\"_61ACD\">L\u2019isolation thermique des fen\u00eatres est un investissement intelligent qui peut am\u00e9liorer consid\u00e9rablement votre exp\u00e9rience de conduite, quelles que soient les conditions m\u00e9t\u00e9orologiques.<\/span><\/p>\n<\/div>\n<div data-breakout=\"normal\">\n<p id=\"viewer-c1c76\" class=\"cqfST cQRuq WGebp jTM--\" dir=\"auto\"><span class=\"_61ACD\">Avez-vous utilis\u00e9 une isolation thermique pour les fen\u00eatres de votre camping-car ? Partagez vos exp\u00e9riences et strat\u00e9gies pour maximiser l\u2019efficacit\u00e9 \u00e9nerg\u00e9tique en voyage dans la section commentaires !<\/span><\/p>\n<\/div>\n<div data-breakout=\"normal\">\n<p id=\"viewer-3gqnm\" class=\"cqfST cQRuq WGebp jTM--\" dir=\"auto\"><span class=\"_61ACD\">Pr\u00e9parez votre camping-car pour toutes les saisons et profitez de voyages plus confortables et durables.<\/span><\/p>\n<\/div>\n<div data-breakout=\"normal\">\n<p id=\"viewer-ba2b\" class=\"cqfST cQRuq WGebp jTM--\" dir=\"auto\"><span class=\"_61ACD\">\u00c0 bient\u00f4t pour la prochaine aventure !<\/span><\/p>\n<\/div>\n<div data-breakout=\"normal\">\n<p id=\"viewer-264ua\" class=\"cqfST cQRuq WGebp jTM--\" dir=\"auto\"><span class=\"_61ACD\"><em>N&#039;oubliez pas, un voyage confortable est un voyage inoubliable !<\/em><\/span><\/p>\n<\/div>\n<div data-hook=\"rcv-block14\"><img fetchpriority=\"high\" decoding=\"async\" class=\"alignnone size-full wp-image-859\" src=\"https:\/\/m2camper.com\/wp-content\/uploads\/2025\/01\/60c9aa_043fe0d0f62746ae9da64fbe1b1a146amv2-scaled.jpg\" alt=\"\" width=\"2560\" height=\"1915\" srcset=\"https:\/\/m2camper.com\/wp-content\/uploads\/2025\/01\/60c9aa_043fe0d0f62746ae9da64fbe1b1a146amv2-scaled.jpg 2560w, https:\/\/m2camper.com\/wp-content\/uploads\/2025\/01\/60c9aa_043fe0d0f62746ae9da64fbe1b1a146amv2-scaled-300x224.jpg 300w, https:\/\/m2camper.com\/wp-content\/uploads\/2025\/01\/60c9aa_043fe0d0f62746ae9da64fbe1b1a146amv2-scaled-600x449.jpg 600w\" sizes=\"(max-width: 2560px) 100vw, 2560px\" \/><\/div>\n<div data-breakout=\"normal\">\n<div id=\"viewer-3m719\" class=\"KqKMh\">\n<div class=\"eK2xv ytibG\">\n<figure class=\"P29V1\">\n<div class=\"CuIEU\" data-hook=\"imageViewer\">\n<div id=\"3m719\" class=\"KfAFF ApRDe _84uzj\"><\/div>\n<\/div>\n<\/figure>\n<\/div>\n<\/div>\n<\/div>","protected":false},"excerpt":{"rendered":"<p>\u00a1Bienvenidos a la gu\u00eda definitiva sobre aislantes t\u00e9rmicos para ventanas de veh\u00edculos camper! Los veh\u00edculos camper han ganado popularidad como el ep\u00edtome de la libertad en viajes. Sin embargo, para garantizar una experiencia c\u00f3moda y eficiente en todas las estaciones, es esencial considerar la eficiencia energ\u00e9tica y la comodidad en tu hogar rodante. Los aislantes&hellip;&nbsp;<a href=\"https:\/\/m2camper.com\/fr\/isolation-thermique-des-fenetres-de-camping-car-un-guide-complet-pour-optimiser-votre-voyage\/\" rel=\"bookmark\">En savoir plus &quot;<span class=\"screen-reader-text\">Isolation thermique des vitres de camping-car\u00a0: guide complet pour optimiser votre voyage<\/span><\/a><\/p>","protected":false},"author":5740,"featured_media":859,"comment_status":"open","ping_status":"open","sticky":false,"template":"","format":"standard","meta":{"neve_meta_sidebar":"","neve_meta_container":"","neve_meta_enable_content_width":"off","neve_meta_content_width":70,"neve_meta_title_alignment":"","neve_meta_author_avatar":"","neve_post_elements_order":"","neve_meta_disable_header":"","neve_meta_disable_footer":"","neve_meta_disable_title":"","footnotes":""},"categories":[1],"tags":[],"class_list":["post-11533","post","type-post","status-publish","format-standard","has-post-thumbnail","hentry","category-uncategorized"],"yoast_head":"<!-- This site is optimized with the Yoast SEO plugin v27.4 - https:\/\/yoast.com\/product\/yoast-seo-wordpress\/ -->\n<title>Aislantes T\u00e9rmicos para Ventanas de Veh\u00edculos Camper: Gu\u00eda Completa para Optimizar tu Viaje - M2 Camper | Aislantes t\u00e9rmicos y oscurecedores para campers<\/title>\n<meta name=\"robots\" content=\"index, follow, max-snippet:-1, max-image-preview:large, max-video-preview:-1\" \/>\n<link rel=\"canonical\" href=\"https:\/\/m2camper.com\/fr\/isolation-thermique-des-fenetres-de-camping-car-un-guide-complet-pour-optimiser-votre-voyage\/\" \/>\n<meta property=\"og:locale\" content=\"fr_FR\" \/>\n<meta property=\"og:type\" content=\"article\" \/>\n<meta property=\"og:title\" content=\"Aislantes T\u00e9rmicos para Ventanas de Veh\u00edculos Camper: Gu\u00eda Completa para Optimizar tu Viaje - M2 Camper | Aislantes t\u00e9rmicos y oscurecedores para campers\" \/>\n<meta property=\"og:description\" content=\"\u00a1Bienvenidos a la gu\u00eda definitiva sobre aislantes t\u00e9rmicos para ventanas de veh\u00edculos camper! Los veh\u00edculos camper han ganado popularidad como el ep\u00edtome de la libertad en viajes. Sin embargo, para garantizar una experiencia c\u00f3moda y eficiente en todas las estaciones, es esencial considerar la eficiencia energ\u00e9tica y la comodidad en tu hogar rodante. Los aislantes&hellip;&nbsp;Lire la suite &raquo;Aislantes T\u00e9rmicos para Ventanas de Veh\u00edculos Camper: Gu\u00eda Completa para Optimizar tu Viaje\" \/>\n<meta property=\"og:url\" content=\"https:\/\/m2camper.com\/fr\/isolation-thermique-des-fenetres-de-camping-car-un-guide-complet-pour-optimiser-votre-voyage\/\" \/>\n<meta property=\"og:site_name\" content=\"M2 Camper | Aislantes t\u00e9rmicos y oscurecedores para campers\" \/>\n<meta property=\"article:published_time\" content=\"2023-11-05T10:06:26+00:00\" \/>\n<meta property=\"article:modified_time\" content=\"2025-02-06T10:41:13+00:00\" \/>\n<meta property=\"og:image\" content=\"https:\/\/m2camper.com\/wp-content\/uploads\/2025\/01\/60c9aa_043fe0d0f62746ae9da64fbe1b1a146amv2-scaled.jpg\" \/>\n\t<meta property=\"og:image:width\" content=\"2560\" \/>\n\t<meta property=\"og:image:height\" content=\"1915\" \/>\n\t<meta property=\"og:image:type\" content=\"image\/jpeg\" \/>\n<meta name=\"author\" content=\"carlos\" \/>\n<meta name=\"twitter:card\" content=\"summary_large_image\" \/>\n<meta name=\"twitter:label1\" content=\"\u00c9crit par\" \/>\n\t<meta name=\"twitter:data1\" content=\"carlos\" \/>\n\t<meta name=\"twitter:label2\" content=\"Dur\u00e9e de lecture estim\u00e9e\" \/>\n\t<meta name=\"twitter:data2\" content=\"1 minute\" \/>\n<script type=\"application\/ld+json\" class=\"yoast-schema-graph\">{\"@context\":\"https:\\\/\\\/schema.org\",\"@graph\":[{\"@type\":\"Article\",\"@id\":\"https:\\\/\\\/m2camper.com\\\/aislantes-termicos-para-ventanas-de-vehiculos-camper-guia-completa-para-optimizar-tu-viaje\\\/#article\",\"isPartOf\":{\"@id\":\"https:\\\/\\\/m2camper.com\\\/aislantes-termicos-para-ventanas-de-vehiculos-camper-guia-completa-para-optimizar-tu-viaje\\\/\"},\"author\":{\"name\":\"carlos\",\"@id\":\"https:\\\/\\\/m2camper.com\\\/pt\\\/#\\\/schema\\\/person\\\/d003f4147a0469cbf1c77ba1bebdb1bb\"},\"headline\":\"Aislantes T\u00e9rmicos para Ventanas de Veh\u00edculos Camper: Gu\u00eda Completa para Optimizar tu Viaje\",\"datePublished\":\"2023-11-05T10:06:26+00:00\",\"dateModified\":\"2025-02-06T10:41:13+00:00\",\"mainEntityOfPage\":{\"@id\":\"https:\\\/\\\/m2camper.com\\\/aislantes-termicos-para-ventanas-de-vehiculos-camper-guia-completa-para-optimizar-tu-viaje\\\/\"},\"wordCount\":309,\"commentCount\":0,\"image\":{\"@id\":\"https:\\\/\\\/m2camper.com\\\/aislantes-termicos-para-ventanas-de-vehiculos-camper-guia-completa-para-optimizar-tu-viaje\\\/#primaryimage\"},\"thumbnailUrl\":\"https:\\\/\\\/m2camper.com\\\/wp-content\\\/uploads\\\/2025\\\/01\\\/60c9aa_043fe0d0f62746ae9da64fbe1b1a146amv2-scaled.jpg\",\"articleSection\":[\"Uncategorized\"],\"inLanguage\":\"fr-FR\",\"potentialAction\":[{\"@type\":\"CommentAction\",\"name\":\"Comment\",\"target\":[\"https:\\\/\\\/m2camper.com\\\/aislantes-termicos-para-ventanas-de-vehiculos-camper-guia-completa-para-optimizar-tu-viaje\\\/#respond\"]}]},{\"@type\":\"WebPage\",\"@id\":\"https:\\\/\\\/m2camper.com\\\/aislantes-termicos-para-ventanas-de-vehiculos-camper-guia-completa-para-optimizar-tu-viaje\\\/\",\"url\":\"https:\\\/\\\/m2camper.com\\\/aislantes-termicos-para-ventanas-de-vehiculos-camper-guia-completa-para-optimizar-tu-viaje\\\/\",\"name\":\"Aislantes T\u00e9rmicos para Ventanas de Veh\u00edculos Camper: Gu\u00eda Completa para Optimizar tu Viaje - M2 Camper | Aislantes t\u00e9rmicos y oscurecedores para campers\",\"isPartOf\":{\"@id\":\"https:\\\/\\\/m2camper.com\\\/pt\\\/#website\"},\"primaryImageOfPage\":{\"@id\":\"https:\\\/\\\/m2camper.com\\\/aislantes-termicos-para-ventanas-de-vehiculos-camper-guia-completa-para-optimizar-tu-viaje\\\/#primaryimage\"},\"image\":{\"@id\":\"https:\\\/\\\/m2camper.com\\\/aislantes-termicos-para-ventanas-de-vehiculos-camper-guia-completa-para-optimizar-tu-viaje\\\/#primaryimage\"},\"thumbnailUrl\":\"https:\\\/\\\/m2camper.com\\\/wp-content\\\/uploads\\\/2025\\\/01\\\/60c9aa_043fe0d0f62746ae9da64fbe1b1a146amv2-scaled.jpg\",\"datePublished\":\"2023-11-05T10:06:26+00:00\",\"dateModified\":\"2025-02-06T10:41:13+00:00\",\"author\":{\"@id\":\"https:\\\/\\\/m2camper.com\\\/pt\\\/#\\\/schema\\\/person\\\/d003f4147a0469cbf1c77ba1bebdb1bb\"},\"breadcrumb\":{\"@id\":\"https:\\\/\\\/m2camper.com\\\/aislantes-termicos-para-ventanas-de-vehiculos-camper-guia-completa-para-optimizar-tu-viaje\\\/#breadcrumb\"},\"inLanguage\":\"fr-FR\",\"potentialAction\":[{\"@type\":\"ReadAction\",\"target\":[\"https:\\\/\\\/m2camper.com\\\/aislantes-termicos-para-ventanas-de-vehiculos-camper-guia-completa-para-optimizar-tu-viaje\\\/\"]}]},{\"@type\":\"ImageObject\",\"inLanguage\":\"fr-FR\",\"@id\":\"https:\\\/\\\/m2camper.com\\\/aislantes-termicos-para-ventanas-de-vehiculos-camper-guia-completa-para-optimizar-tu-viaje\\\/#primaryimage\",\"url\":\"https:\\\/\\\/m2camper.com\\\/wp-content\\\/uploads\\\/2025\\\/01\\\/60c9aa_043fe0d0f62746ae9da64fbe1b1a146amv2-scaled.jpg\",\"contentUrl\":\"https:\\\/\\\/m2camper.com\\\/wp-content\\\/uploads\\\/2025\\\/01\\\/60c9aa_043fe0d0f62746ae9da64fbe1b1a146amv2-scaled.jpg\",\"width\":2560,\"height\":1915},{\"@type\":\"BreadcrumbList\",\"@id\":\"https:\\\/\\\/m2camper.com\\\/aislantes-termicos-para-ventanas-de-vehiculos-camper-guia-completa-para-optimizar-tu-viaje\\\/#breadcrumb\",\"itemListElement\":[{\"@type\":\"ListItem\",\"position\":1,\"name\":\"Portada\",\"item\":\"https:\\\/\\\/m2camper.com\\\/pt\\\/\"},{\"@type\":\"ListItem\",\"position\":2,\"name\":\"Aislantes T\u00e9rmicos para Ventanas de Veh\u00edculos Camper: Gu\u00eda Completa para Optimizar tu Viaje\"}]},{\"@type\":\"WebSite\",\"@id\":\"https:\\\/\\\/m2camper.com\\\/pt\\\/#website\",\"url\":\"https:\\\/\\\/m2camper.com\\\/pt\\\/\",\"name\":\"M2 Campers | Aislantes t\u00e9rmicos y oscurecedores para campers\",\"description\":\"Descubre calidad y confort de nuestros aislantes t\u00e9rmicos oscurecedores y colchones para veh\u00edculos. Optimiza tu experiencia en carretera con M2 Camper.\",\"potentialAction\":[{\"@type\":\"SearchAction\",\"target\":{\"@type\":\"EntryPoint\",\"urlTemplate\":\"https:\\\/\\\/m2camper.com\\\/pt\\\/?s={search_term_string}\"},\"query-input\":{\"@type\":\"PropertyValueSpecification\",\"valueRequired\":true,\"valueName\":\"search_term_string\"}}],\"inLanguage\":\"fr-FR\"},{\"@type\":\"Person\",\"@id\":\"https:\\\/\\\/m2camper.com\\\/pt\\\/#\\\/schema\\\/person\\\/d003f4147a0469cbf1c77ba1bebdb1bb\",\"name\":\"carlos\",\"image\":{\"@type\":\"ImageObject\",\"inLanguage\":\"fr-FR\",\"@id\":\"https:\\\/\\\/secure.gravatar.com\\\/avatar\\\/ab10b60551e807f6b37d54bb09e40bc41b08e3828d46504634ad6f35da1b46dc?s=96&d=mm&r=g\",\"url\":\"https:\\\/\\\/secure.gravatar.com\\\/avatar\\\/ab10b60551e807f6b37d54bb09e40bc41b08e3828d46504634ad6f35da1b46dc?s=96&d=mm&r=g\",\"contentUrl\":\"https:\\\/\\\/secure.gravatar.com\\\/avatar\\\/ab10b60551e807f6b37d54bb09e40bc41b08e3828d46504634ad6f35da1b46dc?s=96&d=mm&r=g\",\"caption\":\"carlos\"},\"url\":\"https:\\\/\\\/m2camper.com\\\/fr\\\/author\\\/carlos\\\/\"}]}<\/script>\n<!-- \/ Yoast SEO plugin. -->","yoast_head_json":{"title":"Isolation thermique des vitres des camping-cars : un guide complet pour optimiser votre voyage - M2 Camper | Isolation thermique et occultation pour camping-cars","robots":{"index":"index","follow":"follow","max-snippet":"max-snippet:-1","max-image-preview":"max-image-preview:large","max-video-preview":"max-video-preview:-1"},"canonical":"https:\/\/m2camper.com\/fr\/isolation-thermique-des-fenetres-de-camping-car-un-guide-complet-pour-optimiser-votre-voyage\/","og_locale":"fr_FR","og_type":"article","og_title":"Aislantes T\u00e9rmicos para Ventanas de Veh\u00edculos Camper: Gu\u00eda Completa para Optimizar tu Viaje - M2 Camper | Aislantes t\u00e9rmicos y oscurecedores para campers","og_description":"\u00a1Bienvenidos a la gu\u00eda definitiva sobre aislantes t\u00e9rmicos para ventanas de veh\u00edculos camper! Los veh\u00edculos camper han ganado popularidad como el ep\u00edtome de la libertad en viajes. Sin embargo, para garantizar una experiencia c\u00f3moda y eficiente en todas las estaciones, es esencial considerar la eficiencia energ\u00e9tica y la comodidad en tu hogar rodante. Los aislantes&hellip;&nbsp;Lire la suite &raquo;Aislantes T\u00e9rmicos para Ventanas de Veh\u00edculos Camper: Gu\u00eda Completa para Optimizar tu Viaje","og_url":"https:\/\/m2camper.com\/fr\/isolation-thermique-des-fenetres-de-camping-car-un-guide-complet-pour-optimiser-votre-voyage\/","og_site_name":"M2 Camper | Aislantes t\u00e9rmicos y oscurecedores para campers","article_published_time":"2023-11-05T10:06:26+00:00","article_modified_time":"2025-02-06T10:41:13+00:00","og_image":[{"width":2560,"height":1915,"url":"https:\/\/m2camper.com\/wp-content\/uploads\/2025\/01\/60c9aa_043fe0d0f62746ae9da64fbe1b1a146amv2-scaled.jpg","type":"image\/jpeg"}],"author":"carlos","twitter_card":"summary_large_image","twitter_misc":{"\u00c9crit par":"carlos","Dur\u00e9e de lecture estim\u00e9e":"1 minute"},"schema":{"@context":"https:\/\/schema.org","@graph":[{"@type":"Article","@id":"https:\/\/m2camper.com\/aislantes-termicos-para-ventanas-de-vehiculos-camper-guia-completa-para-optimizar-tu-viaje\/#article","isPartOf":{"@id":"https:\/\/m2camper.com\/aislantes-termicos-para-ventanas-de-vehiculos-camper-guia-completa-para-optimizar-tu-viaje\/"},"author":{"name":"carlos","@id":"https:\/\/m2camper.com\/pt\/#\/schema\/person\/d003f4147a0469cbf1c77ba1bebdb1bb"},"headline":"Aislantes T\u00e9rmicos para Ventanas de Veh\u00edculos Camper: Gu\u00eda Completa para Optimizar tu Viaje","datePublished":"2023-11-05T10:06:26+00:00","dateModified":"2025-02-06T10:41:13+00:00","mainEntityOfPage":{"@id":"https:\/\/m2camper.com\/aislantes-termicos-para-ventanas-de-vehiculos-camper-guia-completa-para-optimizar-tu-viaje\/"},"wordCount":309,"commentCount":0,"image":{"@id":"https:\/\/m2camper.com\/aislantes-termicos-para-ventanas-de-vehiculos-camper-guia-completa-para-optimizar-tu-viaje\/#primaryimage"},"thumbnailUrl":"https:\/\/m2camper.com\/wp-content\/uploads\/2025\/01\/60c9aa_043fe0d0f62746ae9da64fbe1b1a146amv2-scaled.jpg","articleSection":["Uncategorized"],"inLanguage":"fr-FR","potentialAction":[{"@type":"CommentAction","name":"Comment","target":["https:\/\/m2camper.com\/aislantes-termicos-para-ventanas-de-vehiculos-camper-guia-completa-para-optimizar-tu-viaje\/#respond"]}]},{"@type":"WebPage","@id":"https:\/\/m2camper.com\/aislantes-termicos-para-ventanas-de-vehiculos-camper-guia-completa-para-optimizar-tu-viaje\/","url":"https:\/\/m2camper.com\/aislantes-termicos-para-ventanas-de-vehiculos-camper-guia-completa-para-optimizar-tu-viaje\/","name":"Isolation thermique des vitres des camping-cars : un guide complet pour optimiser votre voyage - M2 Camper | Isolation thermique et occultation pour camping-cars","isPartOf":{"@id":"https:\/\/m2camper.com\/pt\/#website"},"primaryImageOfPage":{"@id":"https:\/\/m2camper.com\/aislantes-termicos-para-ventanas-de-vehiculos-camper-guia-completa-para-optimizar-tu-viaje\/#primaryimage"},"image":{"@id":"https:\/\/m2camper.com\/aislantes-termicos-para-ventanas-de-vehiculos-camper-guia-completa-para-optimizar-tu-viaje\/#primaryimage"},"thumbnailUrl":"https:\/\/m2camper.com\/wp-content\/uploads\/2025\/01\/60c9aa_043fe0d0f62746ae9da64fbe1b1a146amv2-scaled.jpg","datePublished":"2023-11-05T10:06:26+00:00","dateModified":"2025-02-06T10:41:13+00:00","author":{"@id":"https:\/\/m2camper.com\/pt\/#\/schema\/person\/d003f4147a0469cbf1c77ba1bebdb1bb"},"breadcrumb":{"@id":"https:\/\/m2camper.com\/aislantes-termicos-para-ventanas-de-vehiculos-camper-guia-completa-para-optimizar-tu-viaje\/#breadcrumb"},"inLanguage":"fr-FR","potentialAction":[{"@type":"ReadAction","target":["https:\/\/m2camper.com\/aislantes-termicos-para-ventanas-de-vehiculos-camper-guia-completa-para-optimizar-tu-viaje\/"]}]},{"@type":"ImageObject","inLanguage":"fr-FR","@id":"https:\/\/m2camper.com\/aislantes-termicos-para-ventanas-de-vehiculos-camper-guia-completa-para-optimizar-tu-viaje\/#primaryimage","url":"https:\/\/m2camper.com\/wp-content\/uploads\/2025\/01\/60c9aa_043fe0d0f62746ae9da64fbe1b1a146amv2-scaled.jpg","contentUrl":"https:\/\/m2camper.com\/wp-content\/uploads\/2025\/01\/60c9aa_043fe0d0f62746ae9da64fbe1b1a146amv2-scaled.jpg","width":2560,"height":1915},{"@type":"BreadcrumbList","@id":"https:\/\/m2camper.com\/aislantes-termicos-para-ventanas-de-vehiculos-camper-guia-completa-para-optimizar-tu-viaje\/#breadcrumb","itemListElement":[{"@type":"ListItem","position":1,"name":"Portada","item":"https:\/\/m2camper.com\/pt\/"},{"@type":"ListItem","position":2,"name":"Aislantes T\u00e9rmicos para Ventanas de Veh\u00edculos Camper: Gu\u00eda Completa para Optimizar tu Viaje"}]},{"@type":"WebSite","@id":"https:\/\/m2camper.com\/pt\/#website","url":"https:\/\/m2camper.com\/pt\/","name":"M2 Campeurs | Isolation thermique et oscurecedores pour les campeurs","description":"D\u00e9couvrez la qualit\u00e9 et le confort de notre isolation thermique oscurecedores et des matelas pour les v\u00e9hicules. Optimiser votre exp\u00e9rience de la route avec M2 camping-car.","potentialAction":[{"@type":"SearchAction","target":{"@type":"EntryPoint","urlTemplate":"https:\/\/m2camper.com\/pt\/?s={search_term_string}"},"query-input":{"@type":"PropertyValueSpecification","valueRequired":true,"valueName":"search_term_string"}}],"inLanguage":"fr-FR"},{"@type":"Person","@id":"https:\/\/m2camper.com\/pt\/#\/schema\/person\/d003f4147a0469cbf1c77ba1bebdb1bb","name":"Carlos","image":{"@type":"ImageObject","inLanguage":"fr-FR","@id":"https:\/\/secure.gravatar.com\/avatar\/ab10b60551e807f6b37d54bb09e40bc41b08e3828d46504634ad6f35da1b46dc?s=96&d=mm&r=g","url":"https:\/\/secure.gravatar.com\/avatar\/ab10b60551e807f6b37d54bb09e40bc41b08e3828d46504634ad6f35da1b46dc?s=96&d=mm&r=g","contentUrl":"https:\/\/secure.gravatar.com\/avatar\/ab10b60551e807f6b37d54bb09e40bc41b08e3828d46504634ad6f35da1b46dc?s=96&d=mm&r=g","caption":"carlos"},"url":"https:\/\/m2camper.com\/fr\/author\/carlos\/"}]}},"_links":{"self":[{"href":"https:\/\/m2camper.com\/fr\/wp-json\/wp\/v2\/posts\/11533","targetHints":{"allow":["GET"]}}],"collection":[{"href":"https:\/\/m2camper.com\/fr\/wp-json\/wp\/v2\/posts"}],"about":[{"href":"https:\/\/m2camper.com\/fr\/wp-json\/wp\/v2\/types\/post"}],"author":[{"embeddable":true,"href":"https:\/\/m2camper.com\/fr\/wp-json\/wp\/v2\/users\/5740"}],"replies":[{"embeddable":true,"href":"https:\/\/m2camper.com\/fr\/wp-json\/wp\/v2\/comments?post=11533"}],"version-history":[{"count":4,"href":"https:\/\/m2camper.com\/fr\/wp-json\/wp\/v2\/posts\/11533\/revisions"}],"predecessor-version":[{"id":11539,"href":"https:\/\/m2camper.com\/fr\/wp-json\/wp\/v2\/posts\/11533\/revisions\/11539"}],"wp:featuredmedia":[{"embeddable":true,"href":"https:\/\/m2camper.com\/fr\/wp-json\/wp\/v2\/media\/859"}],"wp:attachment":[{"href":"https:\/\/m2camper.com\/fr\/wp-json\/wp\/v2\/media?parent=11533"}],"wp:term":[{"taxonomy":"category","embeddable":true,"href":"https:\/\/m2camper.com\/fr\/wp-json\/wp\/v2\/categories?post=11533"},{"taxonomy":"post_tag","embeddable":true,"href":"https:\/\/m2camper.com\/fr\/wp-json\/wp\/v2\/tags?post=11533"}],"curies":[{"name":"wp","href":"https:\/\/api.w.org\/{rel}","templated":true}]}}