{"id":16985,"date":"2026-04-27T10:21:00","date_gmt":"2026-04-27T08:21:00","guid":{"rendered":"https:\/\/m2camper.com\/?p=16985"},"modified":"2026-04-01T18:41:53","modified_gmt":"2026-04-01T16:41:53","slug":"condensacion-camper-como-evitarla","status":"publish","type":"post","link":"https:\/\/m2camper.com\/es\/condensacion-camper-como-evitarla\/","title":{"rendered":"Condensaci\u00f3n en camper: por qu\u00e9 ocurre y c\u00f3mo evitarla de verdad"},"content":{"rendered":"\n<p>Si alguna vez te has despertado con las ventanas completamente empa\u00f1adas o con sensaci\u00f3n de humedad dentro de tu veh\u00edculo, ya sabes lo inc\u00f3moda que puede ser la condensaci\u00f3n en una camper.<\/p>\n\n\n\n<p>Pero m\u00e1s all\u00e1 de la incomodidad, es un problema que afecta directamente al confort\u2026 y a largo plazo, al propio veh\u00edculo.<\/p>\n\n\n\n<h2 class=\"wp-block-heading\">Qu\u00e9 es la condensaci\u00f3n en una camper<\/h2>\n\n\n\n<p>La condensaci\u00f3n aparece cuando el aire caliente y h\u00famedo del interior entra en contacto con superficies fr\u00edas, como los cristales.<\/p>\n\n\n\n<p>Resultado:<\/p>\n\n\n\n<ul class=\"wp-block-list\">\n<li>Agua en ventanas<\/li>\n\n\n\n<li>Sensaci\u00f3n de humedad<\/li>\n\n\n\n<li>Ambiente inc\u00f3modo para dormir<\/li>\n<\/ul>\n\n\n\n<p><\/p>\n\n\n\n<h2 class=\"wp-block-heading\">Por qu\u00e9 aparece humedad dentro del veh\u00edculo<\/h2>\n\n\n\n<p>Aunque no lo parezca, generamos mucha humedad:<\/p>\n\n\n\n<ul class=\"wp-block-list\">\n<li>Respiraci\u00f3n durante la noche<\/li>\n\n\n\n<li>Sudor corporal<\/li>\n\n\n\n<li>Diferencia de temperatura interior\/exterior<\/li>\n<\/ul>\n\n\n\n<p><\/p>\n\n\n\n<p>Y en un espacio tan peque\u00f1o como un coche o furgoneta, esto se multiplica.<\/p>\n\n\n\n<h2 class=\"wp-block-heading\">Problemas reales de la condensaci\u00f3n<\/h2>\n\n\n\n<p>No es solo una molestia puntual:<\/p>\n\n\n\n<ul class=\"wp-block-list\">\n<li>Empeora el descanso<\/li>\n\n\n\n<li>Aumenta la sensaci\u00f3n de fr\u00edo<\/li>\n\n\n\n<li>Puede generar malos olores<\/li>\n\n\n\n<li>A largo plazo, puede afectar materiales<\/li>\n<\/ul>\n\n\n\n<p><\/p>\n\n\n\n<h2 class=\"wp-block-heading\">C\u00f3mo evitar la condensaci\u00f3n paso a paso<\/h2>\n\n\n\n<h3 class=\"wp-block-heading\">Ventilaci\u00f3n<\/h3>\n\n\n\n<p>Es fundamental renovar el aire.<\/p>\n\n\n\n<p>Opciones:<\/p>\n\n\n\n<ul class=\"wp-block-list\">\n<li>Dejar una peque\u00f1a apertura<\/li>\n\n\n\n<li>Usar deflectores<\/li>\n<\/ul>\n\n\n\n<p><\/p>\n\n\n\n<h3 class=\"wp-block-heading\">Aislamiento t\u00e9rmico<\/h3>\n\n\n\n<p>Aqu\u00ed est\u00e1 uno de los puntos clave.<\/p>\n\n\n\n<p>Los cristales son la principal fuente de fr\u00edo, y sin protecci\u00f3n:<\/p>\n\n\n\n<ul class=\"wp-block-list\">\n<li>Se enfr\u00edan r\u00e1pidamente<\/li>\n\n\n\n<li>Generan condensaci\u00f3n<\/li>\n<\/ul>\n\n\n\n<p><\/p>\n\n\n\n<p>Los <strong><a href=\"\/es\/aislantes\/\">aislantes t\u00e9rmicos a medida<\/a><\/strong> ayudan a:<\/p>\n\n\n\n<ul class=\"wp-block-list\">\n<li>Reducir el contraste t\u00e9rmico<\/li>\n\n\n\n<li>Minimizar la aparici\u00f3n de humedad<\/li>\n\n\n\n<li>Mejorar el confort interior<\/li>\n<\/ul>\n\n\n\n<p><\/p>\n\n\n\n<h3 class=\"wp-block-heading\">Uso de materiales adecuados<\/h3>\n\n\n\n<p>Evita soluciones improvisadas que retienen humedad.<\/p>\n\n\n\n<p>Opta por materiales dise\u00f1ados para este uso, que:<\/p>\n\n\n\n<ul class=\"wp-block-list\">\n<li>No acumulen agua<\/li>\n\n\n\n<li>Sean transpirables<\/li>\n<\/ul>\n\n\n\n<p><\/p>\n\n\n\n<h2 class=\"wp-block-heading\">Soluciones eficaces para el d\u00eda a d\u00eda<\/h2>\n\n\n\n<ul class=\"wp-block-list\">\n<li>Ventilar despu\u00e9s de dormir<\/li>\n\n\n\n<li>Usar aislantes siempre que pernoctes<\/li>\n\n\n\n<li>Secar superficies si aparece humedad<\/li>\n\n\n\n<li>Mantener una rutina b\u00e1sica<\/li>\n<\/ul>\n\n\n\n<p><\/p>\n\n\n\n<p class=\"has-large-font-size\"><strong>FAQs<\/strong><\/p>\n\n\n\n<details class=\"wp-block-details is-layout-flow wp-block-details-is-layout-flow\"><summary><strong>\u00bfEs normal que haya condensaci\u00f3n en la camper?<\/strong><\/summary>\n<p>S\u00ed, pero se puede reducir mucho con buenas pr\u00e1cticas.<\/p>\n<\/details>\n\n\n\n<details class=\"wp-block-details is-layout-flow wp-block-details-is-layout-flow\"><summary><strong>\u00bfLos aislantes ayudan realmente?<\/strong><\/summary>\n<p>S\u00ed, son una de las soluciones m\u00e1s efectivas.<\/p>\n<\/details>\n\n\n\n<details class=\"wp-block-details is-layout-flow wp-block-details-is-layout-flow\"><summary><strong>\u00bfEs peor en invierno?<\/strong><\/summary>\n<p>S\u00ed, por el mayor contraste t\u00e9rmico.<\/p>\n<\/details>\n\n\n\n<p><\/p>\n\n\n\n<p>La condensaci\u00f3n no es algo que tengas que aceptar como parte del viaje.<\/p>\n\n\n\n<p>Con las soluciones adecuadas, puedes mejorar much\u00edsimo tu experiencia y tu descanso.<\/p>\n\n\n\n<p>Descubre en <a href=\"\/\">m2camper<\/a> c\u00f3mo los aislantes t\u00e9rmicos a medida pueden ayudarte a mantener un interior m\u00e1s seco, c\u00f3modo y preparado para cualquier escapada.<\/p>\n\n\n<div class=\"wp-block-image\">\n<figure class=\"aligncenter size-full is-resized\"><img fetchpriority=\"high\" decoding=\"async\" width=\"1080\" height=\"1620\" src=\"https:\/\/m2camper.com\/wp-content\/uploads\/2026\/04\/condensacion-en-una-camper.webp\" alt=\"humedad interior furgoneta\" class=\"wp-image-16991\" style=\"aspect-ratio:1;object-fit:cover;width:auto;height:500px\" srcset=\"https:\/\/m2camper.com\/wp-content\/uploads\/2026\/04\/condensacion-en-una-camper.webp 1080w, https:\/\/m2camper.com\/wp-content\/uploads\/2026\/04\/condensacion-en-una-camper-200x300.webp 200w, https:\/\/m2camper.com\/wp-content\/uploads\/2026\/04\/condensacion-en-una-camper-683x1024.webp 683w, https:\/\/m2camper.com\/wp-content\/uploads\/2026\/04\/condensacion-en-una-camper-768x1152.webp 768w, https:\/\/m2camper.com\/wp-content\/uploads\/2026\/04\/condensacion-en-una-camper-1024x1536.webp 1024w, https:\/\/m2camper.com\/wp-content\/uploads\/2026\/04\/condensacion-en-una-camper-8x12.webp 8w, https:\/\/m2camper.com\/wp-content\/uploads\/2026\/04\/condensacion-en-una-camper-300x450.webp 300w, https:\/\/m2camper.com\/wp-content\/uploads\/2026\/04\/condensacion-en-una-camper-600x900.webp 600w\" sizes=\"(max-width: 1080px) 100vw, 1080px\" \/><\/figure>\n<\/div>","protected":false},"excerpt":{"rendered":"<p>Si alguna vez te has despertado con las ventanas completamente empa\u00f1adas o con sensaci\u00f3n de humedad dentro de tu veh\u00edculo, ya sabes lo inc\u00f3moda que puede ser la condensaci\u00f3n en una camper. Pero m\u00e1s all\u00e1 de la incomodidad, es un problema que afecta directamente al confort\u2026 y a largo plazo, al propio veh\u00edculo. Qu\u00e9 es&hellip;&nbsp;<a href=\"https:\/\/m2camper.com\/es\/condensacion-camper-como-evitarla\/\" rel=\"bookmark\">Leer m\u00e1s &raquo;<span class=\"screen-reader-text\">Condensaci\u00f3n en camper: por qu\u00e9 ocurre y c\u00f3mo evitarla de verdad<\/span><\/a><\/p>\n","protected":false},"author":5741,"featured_media":16991,"comment_status":"closed","ping_status":"closed","sticky":false,"template":"","format":"standard","meta":{"neve_meta_sidebar":"","neve_meta_container":"","neve_meta_enable_content_width":"","neve_meta_content_width":0,"neve_meta_title_alignment":"","neve_meta_author_avatar":"","neve_post_elements_order":"","neve_meta_disable_header":"","neve_meta_disable_footer":"","neve_meta_disable_title":"","footnotes":""},"categories":[208,202],"tags":[],"class_list":["post-16985","post","type-post","status-publish","format-standard","has-post-thumbnail","hentry","category-aislantes-termicos","category-camperizacion-de-furgonetas"],"yoast_head":"<!-- This site is optimized with the Yoast SEO plugin v27.4 - https:\/\/yoast.com\/product\/yoast-seo-wordpress\/ -->\n<title>Evitar condensaci\u00f3n en camper: gu\u00eda pr\u00e1ctica - M2 Camper | Aislantes t\u00e9rmicos y oscurecedores para campers<\/title>\n<meta name=\"description\" content=\"Aprende por qu\u00e9 aparece la condensaci\u00f3n en tu camper y c\u00f3mo evitarla con soluciones reales. Mejora tu confort y evita humedad.\" \/>\n<meta name=\"robots\" content=\"index, follow, max-snippet:-1, max-image-preview:large, max-video-preview:-1\" \/>\n<link rel=\"canonical\" href=\"https:\/\/m2camper.com\/es\/condensacion-camper-como-evitarla\/\" \/>\n<meta property=\"og:locale\" content=\"es_ES\" \/>\n<meta property=\"og:type\" content=\"article\" \/>\n<meta property=\"og:title\" content=\"Evitar condensaci\u00f3n en camper: gu\u00eda pr\u00e1ctica - M2 Camper | Aislantes t\u00e9rmicos y oscurecedores para campers\" \/>\n<meta property=\"og:description\" content=\"Aprende por qu\u00e9 aparece la condensaci\u00f3n en tu camper y c\u00f3mo evitarla con soluciones reales. Mejora tu confort y evita humedad.\" \/>\n<meta property=\"og:url\" content=\"https:\/\/m2camper.com\/es\/condensacion-camper-como-evitarla\/\" \/>\n<meta property=\"og:site_name\" content=\"M2 Camper | Aislantes t\u00e9rmicos y oscurecedores para campers\" \/>\n<meta property=\"article:published_time\" content=\"2026-04-27T08:21:00+00:00\" \/>\n<meta property=\"og:image\" content=\"https:\/\/m2camper.com\/wp-content\/uploads\/2026\/04\/condensacion-en-una-camper.webp\" \/>\n\t<meta property=\"og:image:width\" content=\"1080\" \/>\n\t<meta property=\"og:image:height\" content=\"1620\" \/>\n\t<meta property=\"og:image:type\" content=\"image\/webp\" \/>\n<meta name=\"author\" content=\"Prubs214s\" \/>\n<meta name=\"twitter:card\" content=\"summary_large_image\" \/>\n<meta name=\"twitter:label1\" content=\"Escrito por\" \/>\n\t<meta name=\"twitter:data1\" content=\"Prubs214s\" \/>\n\t<meta name=\"twitter:label2\" content=\"Tiempo de lectura\" \/>\n\t<meta name=\"twitter:data2\" content=\"3 minutos\" \/>\n<script type=\"application\/ld+json\" class=\"yoast-schema-graph\">{\"@context\":\"https:\\\/\\\/schema.org\",\"@graph\":[{\"@type\":\"Article\",\"@id\":\"https:\\\/\\\/m2camper.com\\\/condensacion-camper-como-evitarla\\\/#article\",\"isPartOf\":{\"@id\":\"https:\\\/\\\/m2camper.com\\\/condensacion-camper-como-evitarla\\\/\"},\"author\":{\"name\":\"Prubs214s\",\"@id\":\"https:\\\/\\\/m2camper.com\\\/pt\\\/#\\\/schema\\\/person\\\/ad1e681f60b2e23c9b88a93e6d3feab3\"},\"headline\":\"Condensaci\u00f3n en camper: por qu\u00e9 ocurre y c\u00f3mo evitarla de verdad\",\"datePublished\":\"2026-04-27T08:21:00+00:00\",\"mainEntityOfPage\":{\"@id\":\"https:\\\/\\\/m2camper.com\\\/condensacion-camper-como-evitarla\\\/\"},\"wordCount\":421,\"image\":{\"@id\":\"https:\\\/\\\/m2camper.com\\\/condensacion-camper-como-evitarla\\\/#primaryimage\"},\"thumbnailUrl\":\"https:\\\/\\\/m2camper.com\\\/wp-content\\\/uploads\\\/2026\\\/04\\\/condensacion-en-una-camper.webp\",\"articleSection\":[\"Aislantes t\u00e9rmicos\",\"camperizaci\u00f3n de furgonetas\"],\"inLanguage\":\"es\"},{\"@type\":\"WebPage\",\"@id\":\"https:\\\/\\\/m2camper.com\\\/condensacion-camper-como-evitarla\\\/\",\"url\":\"https:\\\/\\\/m2camper.com\\\/condensacion-camper-como-evitarla\\\/\",\"name\":\"Evitar condensaci\u00f3n en camper: gu\u00eda pr\u00e1ctica - M2 Camper | Aislantes t\u00e9rmicos y oscurecedores para campers\",\"isPartOf\":{\"@id\":\"https:\\\/\\\/m2camper.com\\\/pt\\\/#website\"},\"primaryImageOfPage\":{\"@id\":\"https:\\\/\\\/m2camper.com\\\/condensacion-camper-como-evitarla\\\/#primaryimage\"},\"image\":{\"@id\":\"https:\\\/\\\/m2camper.com\\\/condensacion-camper-como-evitarla\\\/#primaryimage\"},\"thumbnailUrl\":\"https:\\\/\\\/m2camper.com\\\/wp-content\\\/uploads\\\/2026\\\/04\\\/condensacion-en-una-camper.webp\",\"datePublished\":\"2026-04-27T08:21:00+00:00\",\"author\":{\"@id\":\"https:\\\/\\\/m2camper.com\\\/pt\\\/#\\\/schema\\\/person\\\/ad1e681f60b2e23c9b88a93e6d3feab3\"},\"description\":\"Aprende por qu\u00e9 aparece la condensaci\u00f3n en tu camper y c\u00f3mo evitarla con soluciones reales. Mejora tu confort y evita humedad.\",\"breadcrumb\":{\"@id\":\"https:\\\/\\\/m2camper.com\\\/condensacion-camper-como-evitarla\\\/#breadcrumb\"},\"inLanguage\":\"es\",\"potentialAction\":[{\"@type\":\"ReadAction\",\"target\":[\"https:\\\/\\\/m2camper.com\\\/condensacion-camper-como-evitarla\\\/\"]}]},{\"@type\":\"ImageObject\",\"inLanguage\":\"es\",\"@id\":\"https:\\\/\\\/m2camper.com\\\/condensacion-camper-como-evitarla\\\/#primaryimage\",\"url\":\"https:\\\/\\\/m2camper.com\\\/wp-content\\\/uploads\\\/2026\\\/04\\\/condensacion-en-una-camper.webp\",\"contentUrl\":\"https:\\\/\\\/m2camper.com\\\/wp-content\\\/uploads\\\/2026\\\/04\\\/condensacion-en-una-camper.webp\",\"width\":1080,\"height\":1620,\"caption\":\"humedad interior furgoneta\"},{\"@type\":\"BreadcrumbList\",\"@id\":\"https:\\\/\\\/m2camper.com\\\/condensacion-camper-como-evitarla\\\/#breadcrumb\",\"itemListElement\":[{\"@type\":\"ListItem\",\"position\":1,\"name\":\"Portada\",\"item\":\"https:\\\/\\\/m2camper.com\\\/pt\\\/\"},{\"@type\":\"ListItem\",\"position\":2,\"name\":\"Condensaci\u00f3n en camper: por qu\u00e9 ocurre y c\u00f3mo evitarla de verdad\"}]},{\"@type\":\"WebSite\",\"@id\":\"https:\\\/\\\/m2camper.com\\\/pt\\\/#website\",\"url\":\"https:\\\/\\\/m2camper.com\\\/pt\\\/\",\"name\":\"M2 Campers | Aislantes t\u00e9rmicos y oscurecedores para campers\",\"description\":\"Descubre calidad y confort de nuestros aislantes t\u00e9rmicos oscurecedores y colchones para veh\u00edculos. Optimiza tu experiencia en carretera con M2 Camper.\",\"potentialAction\":[{\"@type\":\"SearchAction\",\"target\":{\"@type\":\"EntryPoint\",\"urlTemplate\":\"https:\\\/\\\/m2camper.com\\\/pt\\\/?s={search_term_string}\"},\"query-input\":{\"@type\":\"PropertyValueSpecification\",\"valueRequired\":true,\"valueName\":\"search_term_string\"}}],\"inLanguage\":\"es\"},{\"@type\":\"Person\",\"@id\":\"https:\\\/\\\/m2camper.com\\\/pt\\\/#\\\/schema\\\/person\\\/ad1e681f60b2e23c9b88a93e6d3feab3\",\"name\":\"Prubs214s\",\"image\":{\"@type\":\"ImageObject\",\"inLanguage\":\"es\",\"@id\":\"https:\\\/\\\/secure.gravatar.com\\\/avatar\\\/74706914812c3b473b95a5253410b33d71c50bf5f0d5423532bc0afa617d4316?s=96&d=mm&r=g\",\"url\":\"https:\\\/\\\/secure.gravatar.com\\\/avatar\\\/74706914812c3b473b95a5253410b33d71c50bf5f0d5423532bc0afa617d4316?s=96&d=mm&r=g\",\"contentUrl\":\"https:\\\/\\\/secure.gravatar.com\\\/avatar\\\/74706914812c3b473b95a5253410b33d71c50bf5f0d5423532bc0afa617d4316?s=96&d=mm&r=g\",\"caption\":\"Prubs214s\"},\"url\":\"https:\\\/\\\/m2camper.com\\\/es\\\/author\\\/prubs214s\\\/\"}]}<\/script>\n<!-- \/ Yoast SEO plugin. -->","yoast_head_json":{"title":"Evitar condensaci\u00f3n en camper: gu\u00eda pr\u00e1ctica - M2 Camper | Aislantes t\u00e9rmicos y oscurecedores para campers","description":"Aprende por qu\u00e9 aparece la condensaci\u00f3n en tu camper y c\u00f3mo evitarla con soluciones reales. Mejora tu confort y evita humedad.","robots":{"index":"index","follow":"follow","max-snippet":"max-snippet:-1","max-image-preview":"max-image-preview:large","max-video-preview":"max-video-preview:-1"},"canonical":"https:\/\/m2camper.com\/es\/condensacion-camper-como-evitarla\/","og_locale":"es_ES","og_type":"article","og_title":"Evitar condensaci\u00f3n en camper: gu\u00eda pr\u00e1ctica - M2 Camper | Aislantes t\u00e9rmicos y oscurecedores para campers","og_description":"Aprende por qu\u00e9 aparece la condensaci\u00f3n en tu camper y c\u00f3mo evitarla con soluciones reales. Mejora tu confort y evita humedad.","og_url":"https:\/\/m2camper.com\/es\/condensacion-camper-como-evitarla\/","og_site_name":"M2 Camper | Aislantes t\u00e9rmicos y oscurecedores para campers","article_published_time":"2026-04-27T08:21:00+00:00","og_image":[{"width":1080,"height":1620,"url":"https:\/\/m2camper.com\/wp-content\/uploads\/2026\/04\/condensacion-en-una-camper.webp","type":"image\/webp"}],"author":"Prubs214s","twitter_card":"summary_large_image","twitter_misc":{"Escrito por":"Prubs214s","Tiempo de lectura":"3 minutos"},"schema":{"@context":"https:\/\/schema.org","@graph":[{"@type":"Article","@id":"https:\/\/m2camper.com\/condensacion-camper-como-evitarla\/#article","isPartOf":{"@id":"https:\/\/m2camper.com\/condensacion-camper-como-evitarla\/"},"author":{"name":"Prubs214s","@id":"https:\/\/m2camper.com\/pt\/#\/schema\/person\/ad1e681f60b2e23c9b88a93e6d3feab3"},"headline":"Condensaci\u00f3n en camper: por qu\u00e9 ocurre y c\u00f3mo evitarla de verdad","datePublished":"2026-04-27T08:21:00+00:00","mainEntityOfPage":{"@id":"https:\/\/m2camper.com\/condensacion-camper-como-evitarla\/"},"wordCount":421,"image":{"@id":"https:\/\/m2camper.com\/condensacion-camper-como-evitarla\/#primaryimage"},"thumbnailUrl":"https:\/\/m2camper.com\/wp-content\/uploads\/2026\/04\/condensacion-en-una-camper.webp","articleSection":["Aislantes t\u00e9rmicos","camperizaci\u00f3n de furgonetas"],"inLanguage":"es"},{"@type":"WebPage","@id":"https:\/\/m2camper.com\/condensacion-camper-como-evitarla\/","url":"https:\/\/m2camper.com\/condensacion-camper-como-evitarla\/","name":"Evitar condensaci\u00f3n en camper: gu\u00eda pr\u00e1ctica - M2 Camper | Aislantes t\u00e9rmicos y oscurecedores para campers","isPartOf":{"@id":"https:\/\/m2camper.com\/pt\/#website"},"primaryImageOfPage":{"@id":"https:\/\/m2camper.com\/condensacion-camper-como-evitarla\/#primaryimage"},"image":{"@id":"https:\/\/m2camper.com\/condensacion-camper-como-evitarla\/#primaryimage"},"thumbnailUrl":"https:\/\/m2camper.com\/wp-content\/uploads\/2026\/04\/condensacion-en-una-camper.webp","datePublished":"2026-04-27T08:21:00+00:00","author":{"@id":"https:\/\/m2camper.com\/pt\/#\/schema\/person\/ad1e681f60b2e23c9b88a93e6d3feab3"},"description":"Aprende por qu\u00e9 aparece la condensaci\u00f3n en tu camper y c\u00f3mo evitarla con soluciones reales. Mejora tu confort y evita humedad.","breadcrumb":{"@id":"https:\/\/m2camper.com\/condensacion-camper-como-evitarla\/#breadcrumb"},"inLanguage":"es","potentialAction":[{"@type":"ReadAction","target":["https:\/\/m2camper.com\/condensacion-camper-como-evitarla\/"]}]},{"@type":"ImageObject","inLanguage":"es","@id":"https:\/\/m2camper.com\/condensacion-camper-como-evitarla\/#primaryimage","url":"https:\/\/m2camper.com\/wp-content\/uploads\/2026\/04\/condensacion-en-una-camper.webp","contentUrl":"https:\/\/m2camper.com\/wp-content\/uploads\/2026\/04\/condensacion-en-una-camper.webp","width":1080,"height":1620,"caption":"humedad interior furgoneta"},{"@type":"BreadcrumbList","@id":"https:\/\/m2camper.com\/condensacion-camper-como-evitarla\/#breadcrumb","itemListElement":[{"@type":"ListItem","position":1,"name":"Portada","item":"https:\/\/m2camper.com\/pt\/"},{"@type":"ListItem","position":2,"name":"Condensaci\u00f3n en camper: por qu\u00e9 ocurre y c\u00f3mo evitarla de verdad"}]},{"@type":"WebSite","@id":"https:\/\/m2camper.com\/pt\/#website","url":"https:\/\/m2camper.com\/pt\/","name":"M2 Campers | Aislantes t\u00e9rmicos y oscurecedores para campers","description":"Descubre calidad y confort de nuestros aislantes t\u00e9rmicos oscurecedores y colchones para veh\u00edculos. Optimiza tu experiencia en carretera con M2 Camper.","potentialAction":[{"@type":"SearchAction","target":{"@type":"EntryPoint","urlTemplate":"https:\/\/m2camper.com\/pt\/?s={search_term_string}"},"query-input":{"@type":"PropertyValueSpecification","valueRequired":true,"valueName":"search_term_string"}}],"inLanguage":"es"},{"@type":"Person","@id":"https:\/\/m2camper.com\/pt\/#\/schema\/person\/ad1e681f60b2e23c9b88a93e6d3feab3","name":"Prubs214s","image":{"@type":"ImageObject","inLanguage":"es","@id":"https:\/\/secure.gravatar.com\/avatar\/74706914812c3b473b95a5253410b33d71c50bf5f0d5423532bc0afa617d4316?s=96&d=mm&r=g","url":"https:\/\/secure.gravatar.com\/avatar\/74706914812c3b473b95a5253410b33d71c50bf5f0d5423532bc0afa617d4316?s=96&d=mm&r=g","contentUrl":"https:\/\/secure.gravatar.com\/avatar\/74706914812c3b473b95a5253410b33d71c50bf5f0d5423532bc0afa617d4316?s=96&d=mm&r=g","caption":"Prubs214s"},"url":"https:\/\/m2camper.com\/es\/author\/prubs214s\/"}]}},"_links":{"self":[{"href":"https:\/\/m2camper.com\/es\/wp-json\/wp\/v2\/posts\/16985","targetHints":{"allow":["GET"]}}],"collection":[{"href":"https:\/\/m2camper.com\/es\/wp-json\/wp\/v2\/posts"}],"about":[{"href":"https:\/\/m2camper.com\/es\/wp-json\/wp\/v2\/types\/post"}],"author":[{"embeddable":true,"href":"https:\/\/m2camper.com\/es\/wp-json\/wp\/v2\/users\/5741"}],"replies":[{"embeddable":true,"href":"https:\/\/m2camper.com\/es\/wp-json\/wp\/v2\/comments?post=16985"}],"version-history":[{"count":5,"href":"https:\/\/m2camper.com\/es\/wp-json\/wp\/v2\/posts\/16985\/revisions"}],"predecessor-version":[{"id":16993,"href":"https:\/\/m2camper.com\/es\/wp-json\/wp\/v2\/posts\/16985\/revisions\/16993"}],"wp:featuredmedia":[{"embeddable":true,"href":"https:\/\/m2camper.com\/es\/wp-json\/wp\/v2\/media\/16991"}],"wp:attachment":[{"href":"https:\/\/m2camper.com\/es\/wp-json\/wp\/v2\/media?parent=16985"}],"wp:term":[{"taxonomy":"category","embeddable":true,"href":"https:\/\/m2camper.com\/es\/wp-json\/wp\/v2\/categories?post=16985"},{"taxonomy":"post_tag","embeddable":true,"href":"https:\/\/m2camper.com\/es\/wp-json\/wp\/v2\/tags?post=16985"}],"curies":[{"name":"wp","href":"https:\/\/api.w.org\/{rel}","templated":true}]}}