{"id":14040,"date":"2025-06-20T09:08:23","date_gmt":"2025-06-20T07:08:23","guid":{"rendered":"https:\/\/m2camper.com\/?p=14040"},"modified":"2025-06-23T09:33:05","modified_gmt":"2025-06-23T07:33:05","slug":"aislantes-a-medida-para-viviendas-embarcaciones-y-mas-el-confort-termico-va-mas-alla-del-mundo-camper","status":"publish","type":"post","link":"https:\/\/m2camper.com\/es\/aislantes-a-medida-para-viviendas-embarcaciones-y-mas-el-confort-termico-va-mas-alla-del-mundo-camper\/","title":{"rendered":"Aislantes a medida para viviendas, embarcaciones y m\u00e1s: el confort t\u00e9rmico va m\u00e1s all\u00e1 del mundo camper"},"content":{"rendered":"\n<h2 class=\"wp-block-heading has-nv-dark-bg-color has-text-color has-link-color wp-elements-bd55eac3c0716ffafefa79888eebdfc6\">Aislantes para tu comodidad<\/h2>\n\n\n\n<p class=\"has-nv-dark-bg-color has-text-color has-link-color wp-elements-aa96f9a31f67f0511daa2beaf73f10cf\">Cuando hablamos de confort, aislamiento t\u00e9rmico y protecci\u00f3n frente a las inclemencias del clima, muchas personas piensan \u00fanicamente en casas o autocaravanas. Sin embargo, hay muchos m\u00e1s espacios que tambi\u00e9n requieren soluciones eficaces, funcionales y adaptadas. En M2 Camper, llevamos a\u00f1os fabricando <strong><a href=\"https:\/\/m2camper.com\/es\/aislantes\/\">aislantes<\/a><\/strong> para furgonetas y campers, pero tambi\u00e9n dise\u00f1amos soluciones personalizadas para viviendas, embarcaciones peque\u00f1as, espacios de trabajo m\u00f3viles o remolques, entre otros. Porque la comodidad no entiende de formatos, pero s\u00ed de calidad.<\/p>\n\n\n\n<p>La evoluci\u00f3n de nuestra experiencia en el sector camper nos ha llevado a aplicar ese mismo conocimiento t\u00e9cnico y enfoque personalizado en otros entornos donde el control de temperatura, la privacidad y la eficiencia energ\u00e9tica tambi\u00e9n son prioritarios. Si necesitas <strong>aislantes<\/strong> que realmente funcionen, est\u00e9n hechos a medida y resistan condiciones exigentes, en M2 Camper tenemos la soluci\u00f3n que est\u00e1s buscando.<\/p>\n\n\n<div class=\"wp-block-image\">\n<figure class=\"aligncenter size-large\"><img fetchpriority=\"high\" decoding=\"async\" width=\"1024\" height=\"724\" src=\"https:\/\/m2camper.com\/wp-content\/uploads\/2025\/06\/upcycled-fashion-1024x724.jpg\" alt=\"\" class=\"wp-image-14045\" srcset=\"https:\/\/m2camper.com\/wp-content\/uploads\/2025\/06\/upcycled-fashion-1024x724.jpg 1024w, https:\/\/m2camper.com\/wp-content\/uploads\/2025\/06\/upcycled-fashion-300x212.jpg 300w, https:\/\/m2camper.com\/wp-content\/uploads\/2025\/06\/upcycled-fashion-768x543.jpg 768w, https:\/\/m2camper.com\/wp-content\/uploads\/2025\/06\/upcycled-fashion-1536x1086.jpg 1536w, https:\/\/m2camper.com\/wp-content\/uploads\/2025\/06\/upcycled-fashion-18x12.jpg 18w, https:\/\/m2camper.com\/wp-content\/uploads\/2025\/06\/upcycled-fashion-600x424.jpg 600w, https:\/\/m2camper.com\/wp-content\/uploads\/2025\/06\/upcycled-fashion.jpg 2000w\" sizes=\"(max-width: 1024px) 100vw, 1024px\" \/><\/figure>\n<\/div>\n\n\n<h2 class=\"wp-block-heading has-nv-dark-bg-color has-text-color has-link-color wp-elements-ebbf92d5cb5e4dea2935da36b9f99773\">Aislantes para viviendas: confort y eficiencia energ\u00e9tica desde dentro<\/h2>\n\n\n\n<p>Cada vez m\u00e1s personas apuestan por soluciones r\u00e1pidas y econ\u00f3micas para mejorar el aislamiento de ciertas zonas de su vivienda, sin necesidad de grandes reformas. Ventanas mal selladas, techos con filtraciones t\u00e9rmicas o paredes fr\u00edas pueden generar incomodidad, gasto energ\u00e9tico y problemas de condensaci\u00f3n. En estos casos, los <strong>aislantes<\/strong> a medida son una excelente opci\u00f3n.<\/p>\n\n\n\n<p>En M2 Camper fabricamos <strong>aislantes <\/strong>multicapa, f\u00e1ciles de instalar y altamente eficaces, que pueden colocarse en ventanas, puertas, buhardillas, s\u00f3tanos o cualquier punto vulnerable de la vivienda. Estos productos est\u00e1n fabricados con materiales reflectantes, capas t\u00e9rmicas y barreras de vapor que act\u00faan como escudos frente a las temperaturas extremas, tanto en invierno como en verano.<\/p>\n\n\n\n<p>Adem\u00e1s, nuestros <strong>aislantes<\/strong> se dise\u00f1an a medida de cada hueco o espacio concreto. Solo necesitas enviarnos las medidas o una plantilla y nos encargamos del resto. Son soluciones perfectas para quienes viven en zonas con climas extremos, para segundas residencias sin climatizaci\u00f3n permanente o incluso para estudios profesionales que requieren estabilidad t\u00e9rmica.<\/p>\n\n\n\n<h2 class=\"wp-block-heading has-nv-dark-bg-color has-text-color has-link-color wp-elements-5697bb2dc91f77ff1be065e5eb3d8381\">Aislantes para embarcaciones peque\u00f1as: comodidad y protecci\u00f3n en alta mar<\/h2>\n\n\n\n<p>Navegar en una embarcaci\u00f3n peque\u00f1a, ya sea por ocio o deporte, implica exponerse a condiciones ambientales cambiantes: humedad, calor, sol directo, viento y salitre. En estos contextos, los <strong>aislantes<\/strong> juegan un papel fundamental para garantizar una temperatura interior adecuada, proteger los materiales del interior y mejorar la experiencia a bordo.<\/p>\n\n\n\n<p>En M2 Camper dise\u00f1amos aislantes t\u00e9rmicos y reflectantes para embarcaciones peque\u00f1as, adapt\u00e1ndonos a las formas curvas y estructuras irregulares que suelen tener estos veh\u00edculos acu\u00e1ticos. Creamos piezas personalizadas para cubrir ventanales, escotillas, mamparos o zonas de descanso.<\/p>\n\n\n\n<p>Nuestros materiales est\u00e1n pensados para resistir la humedad y el ambiente marino sin deteriorarse. Adem\u00e1s de regular la temperatura, los <strong>aislantes<\/strong> ayudan a bloquear los rayos UV, protegen tapicer\u00edas y mobiliario, y ofrecen una mayor privacidad cuando la embarcaci\u00f3n est\u00e1 atracada.<\/p>\n\n\n\n<p>Para los propietarios de veleros, lanchas o peque\u00f1as embarcaciones de recreo, contar con <strong>aislantes a medida<\/strong> no solo mejora el confort, sino que tambi\u00e9n contribuye a mantener el valor de su embarcaci\u00f3n en buen estado con el paso del tiempo.<\/p>\n\n\n<div class=\"wp-block-image\">\n<figure class=\"aligncenter size-large\"><img decoding=\"async\" width=\"1024\" height=\"724\" src=\"https:\/\/m2camper.com\/wp-content\/uploads\/2025\/06\/upcycle-fashion-spain-1024x724.jpg\" alt=\"\" class=\"wp-image-14044\" srcset=\"https:\/\/m2camper.com\/wp-content\/uploads\/2025\/06\/upcycle-fashion-spain-1024x724.jpg 1024w, https:\/\/m2camper.com\/wp-content\/uploads\/2025\/06\/upcycle-fashion-spain-300x212.jpg 300w, https:\/\/m2camper.com\/wp-content\/uploads\/2025\/06\/upcycle-fashion-spain-768x543.jpg 768w, https:\/\/m2camper.com\/wp-content\/uploads\/2025\/06\/upcycle-fashion-spain-1536x1086.jpg 1536w, https:\/\/m2camper.com\/wp-content\/uploads\/2025\/06\/upcycle-fashion-spain-18x12.jpg 18w, https:\/\/m2camper.com\/wp-content\/uploads\/2025\/06\/upcycle-fashion-spain-600x424.jpg 600w, https:\/\/m2camper.com\/wp-content\/uploads\/2025\/06\/upcycle-fashion-spain.jpg 2000w\" sizes=\"(max-width: 1024px) 100vw, 1024px\" \/><\/figure>\n<\/div>\n\n\n<h3 class=\"wp-block-heading has-nv-dark-bg-color has-text-color has-link-color wp-elements-cb2a9af304cb1d7095859191ed8d48b9\">Aislantes personalizados para espacios especiales: cada proyecto, una soluci\u00f3n<\/h3>\n\n\n\n<p>A lo largo de los a\u00f1os, en M2 Camper hemos desarrollado proyectos especiales en los que nuestros <strong>aislantes<\/strong> han sido protagonistas m\u00e1s all\u00e1 del entorno convencional. Desde remolques convertidos en oficinas m\u00f3viles, hasta casetas de vigilancia, food trucks, furgones refrigerados o espacios para ferias y exposiciones.<\/p>\n\n\n\n<p>En todos estos casos, la necesidad es la misma: <strong>aislar t\u00e9rmicamente<\/strong> un espacio que no fue dise\u00f1ado originalmente para vivir o trabajar dentro, pero que ahora se utiliza como tal. Nuestro enfoque a medida nos permite adaptarnos a las necesidades t\u00e9cnicas de cada cliente: medidas concretas, formas irregulares, combinaci\u00f3n de materiales, refuerzos especiales o incluso personalizaci\u00f3n est\u00e9tica.<\/p>\n\n\n\n<p>Trabajamos con materiales multicapa de alta eficiencia, capaces de soportar temperaturas extremas, reflejar la radiaci\u00f3n solar, bloquear el paso del fr\u00edo o el calor y actuar como barrera ac\u00fastica. Adem\u00e1s, todos nuestros <strong>aislantes<\/strong> pueden plegarse, transportarse y almacenarse f\u00e1cilmente, lo que los convierte en una opci\u00f3n muy pr\u00e1ctica para quienes necesitan soluciones temporales o m\u00f3viles.<\/p>\n\n\n\n<h4 class=\"wp-block-heading has-nv-dark-bg-color has-text-color has-link-color wp-elements-c894d1ab23e84153a1d8889fcc7a961b\">M2 Camper: expertos en aislantes funcionales y duraderos para cualquier entorno<\/h4>\n\n\n\n<p class=\"has-nv-dark-bg-color has-text-color has-link-color wp-elements-abcc686b68d6fb1f9a2539b026a17682\">En M2 Camper creemos que el aislamiento t\u00e9rmico no es solo un componente m\u00e1s: es una garant\u00eda de confort, eficiencia y durabilidad para cualquier espacio cerrado. Por eso, aplicamos nuestra experiencia del mundo camper a todo tipo de proyectos, creando <strong><a href=\"https:\/\/m2camper.com\/es\/aislantes\/\">aislantes<\/a><\/strong> a medida que funcionan, duran y se adaptan a la realidad de cada cliente.<\/p>\n\n\n\n<p>Si necesitas mejorar el confort t\u00e9rmico de tu vivienda, proteger el interior de tu embarcaci\u00f3n o encontrar una soluci\u00f3n personalizada para un espacio \u00fanico, podemos ayudarte. Env\u00edanos tus medidas, planos o ideas y nos encargaremos de desarrollar un producto duradero, ligero, f\u00e1cil de instalar y verdaderamente eficaz.<\/p>\n\n\n\n<p>Descubre con M2 Camper c\u00f3mo los <strong>aislantes<\/strong> adecuados pueden transformar cualquier espacio en un lugar m\u00e1s confortable, eficiente y habitable. Porque el aislamiento no tiene por qu\u00e9 ser complicado\u2026 solo tiene que estar bien hecho.<\/p>\n\n\n<div class=\"wp-block-image\">\n<figure class=\"aligncenter size-large\"><img decoding=\"async\" width=\"1024\" height=\"768\" src=\"https:\/\/m2camper.com\/wp-content\/uploads\/2025\/06\/20250618_084055-1-1024x768.jpg\" alt=\"\" class=\"wp-image-14041\" srcset=\"https:\/\/m2camper.com\/wp-content\/uploads\/2025\/06\/20250618_084055-1-1024x768.jpg 1024w, https:\/\/m2camper.com\/wp-content\/uploads\/2025\/06\/20250618_084055-1-300x225.jpg 300w, https:\/\/m2camper.com\/wp-content\/uploads\/2025\/06\/20250618_084055-1-768x576.jpg 768w, https:\/\/m2camper.com\/wp-content\/uploads\/2025\/06\/20250618_084055-1-1536x1152.jpg 1536w, https:\/\/m2camper.com\/wp-content\/uploads\/2025\/06\/20250618_084055-1-2048x1536.jpg 2048w, https:\/\/m2camper.com\/wp-content\/uploads\/2025\/06\/20250618_084055-1-16x12.jpg 16w, https:\/\/m2camper.com\/wp-content\/uploads\/2025\/06\/20250618_084055-1-600x450.jpg 600w\" sizes=\"(max-width: 1024px) 100vw, 1024px\" \/><\/figure>\n<\/div>\n\n","protected":false},"excerpt":{"rendered":"<p>Aislantes para tu comodidad Cuando hablamos de confort, aislamiento t\u00e9rmico y protecci\u00f3n frente a las inclemencias del clima, muchas personas piensan \u00fanicamente en casas o autocaravanas. Sin embargo, hay muchos m\u00e1s espacios que tambi\u00e9n requieren soluciones eficaces, funcionales y adaptadas. En M2 Camper, llevamos a\u00f1os fabricando aislantes para furgonetas y campers, pero tambi\u00e9n dise\u00f1amos soluciones&hellip;&nbsp;<a href=\"https:\/\/m2camper.com\/es\/aislantes-a-medida-para-viviendas-embarcaciones-y-mas-el-confort-termico-va-mas-alla-del-mundo-camper\/\" rel=\"bookmark\">Leer m\u00e1s &raquo;<span class=\"screen-reader-text\">Aislantes a medida para viviendas, embarcaciones y m\u00e1s: el confort t\u00e9rmico va m\u00e1s all\u00e1 del mundo camper<\/span><\/a><\/p>\n","protected":false},"author":5741,"featured_media":10710,"comment_status":"closed","ping_status":"closed","sticky":false,"template":"","format":"standard","meta":{"neve_meta_sidebar":"","neve_meta_container":"","neve_meta_enable_content_width":"","neve_meta_content_width":0,"neve_meta_title_alignment":"","neve_meta_author_avatar":"","neve_post_elements_order":"","neve_meta_disable_header":"","neve_meta_disable_footer":"","neve_meta_disable_title":"","footnotes":""},"categories":[208],"tags":[211],"class_list":["post-14040","post","type-post","status-publish","format-standard","has-post-thumbnail","hentry","category-aislantes-termicos","tag-aislantes"],"yoast_head":"<!-- This site is optimized with the Yoast SEO plugin v27.5 - https:\/\/yoast.com\/product\/yoast-seo-wordpress\/ -->\n<title>Aislantes a medida para viviendas, embarcaciones y m\u00e1s: el confort t\u00e9rmico va m\u00e1s all\u00e1 del mundo camper - M2 Camper | Aislantes t\u00e9rmicos y oscurecedores para campers<\/title>\n<meta name=\"robots\" content=\"index, follow, max-snippet:-1, max-image-preview:large, max-video-preview:-1\" \/>\n<link rel=\"canonical\" href=\"https:\/\/m2camper.com\/es\/aislantes-a-medida-para-viviendas-embarcaciones-y-mas-el-confort-termico-va-mas-alla-del-mundo-camper\/\" \/>\n<meta property=\"og:locale\" content=\"es_ES\" \/>\n<meta property=\"og:type\" content=\"article\" \/>\n<meta property=\"og:title\" content=\"Aislantes a medida para viviendas, embarcaciones y m\u00e1s: el confort t\u00e9rmico va m\u00e1s all\u00e1 del mundo camper - M2 Camper | Aislantes t\u00e9rmicos y oscurecedores para campers\" \/>\n<meta property=\"og:description\" content=\"Aislantes para tu comodidad Cuando hablamos de confort, aislamiento t\u00e9rmico y protecci\u00f3n frente a las inclemencias del clima, muchas personas piensan \u00fanicamente en casas o autocaravanas. Sin embargo, hay muchos m\u00e1s espacios que tambi\u00e9n requieren soluciones eficaces, funcionales y adaptadas. En M2 Camper, llevamos a\u00f1os fabricando aislantes para furgonetas y campers, pero tambi\u00e9n dise\u00f1amos soluciones&hellip;&nbsp;Leer m\u00e1s &raquo;Aislantes a medida para viviendas, embarcaciones y m\u00e1s: el confort t\u00e9rmico va m\u00e1s all\u00e1 del mundo camper\" \/>\n<meta property=\"og:url\" content=\"https:\/\/m2camper.com\/es\/aislantes-a-medida-para-viviendas-embarcaciones-y-mas-el-confort-termico-va-mas-alla-del-mundo-camper\/\" \/>\n<meta property=\"og:site_name\" content=\"M2 Camper | Aislantes t\u00e9rmicos y oscurecedores para campers\" \/>\n<meta property=\"article:published_time\" content=\"2025-06-20T07:08:23+00:00\" \/>\n<meta property=\"article:modified_time\" content=\"2025-06-23T07:33:05+00:00\" \/>\n<meta property=\"og:image\" content=\"https:\/\/m2camper.com\/wp-content\/uploads\/2025\/01\/60c9aa_c12901196b09471aa1770a20a0d35485mv2-1.webp\" \/>\n\t<meta property=\"og:image:width\" content=\"980\" \/>\n\t<meta property=\"og:image:height\" content=\"1307\" \/>\n\t<meta property=\"og:image:type\" content=\"image\/webp\" \/>\n<meta name=\"author\" content=\"Prubs214s\" \/>\n<meta name=\"twitter:card\" content=\"summary_large_image\" \/>\n<meta name=\"twitter:label1\" content=\"Escrito por\" \/>\n\t<meta name=\"twitter:data1\" content=\"Prubs214s\" \/>\n\t<meta name=\"twitter:label2\" content=\"Tiempo de lectura\" \/>\n\t<meta name=\"twitter:data2\" content=\"5 minutos\" \/>\n<script type=\"application\/ld+json\" class=\"yoast-schema-graph\">{\"@context\":\"https:\\\/\\\/schema.org\",\"@graph\":[{\"@type\":\"Article\",\"@id\":\"https:\\\/\\\/m2camper.com\\\/aislantes-a-medida-para-viviendas-embarcaciones-y-mas-el-confort-termico-va-mas-alla-del-mundo-camper\\\/#article\",\"isPartOf\":{\"@id\":\"https:\\\/\\\/m2camper.com\\\/aislantes-a-medida-para-viviendas-embarcaciones-y-mas-el-confort-termico-va-mas-alla-del-mundo-camper\\\/\"},\"author\":{\"name\":\"Prubs214s\",\"@id\":\"https:\\\/\\\/m2camper.com\\\/pt\\\/#\\\/schema\\\/person\\\/ad1e681f60b2e23c9b88a93e6d3feab3\"},\"headline\":\"Aislantes a medida para viviendas, embarcaciones y m\u00e1s: el confort t\u00e9rmico va m\u00e1s all\u00e1 del mundo camper\",\"datePublished\":\"2025-06-20T07:08:23+00:00\",\"dateModified\":\"2025-06-23T07:33:05+00:00\",\"mainEntityOfPage\":{\"@id\":\"https:\\\/\\\/m2camper.com\\\/aislantes-a-medida-para-viviendas-embarcaciones-y-mas-el-confort-termico-va-mas-alla-del-mundo-camper\\\/\"},\"wordCount\":903,\"image\":{\"@id\":\"https:\\\/\\\/m2camper.com\\\/aislantes-a-medida-para-viviendas-embarcaciones-y-mas-el-confort-termico-va-mas-alla-del-mundo-camper\\\/#primaryimage\"},\"thumbnailUrl\":\"https:\\\/\\\/m2camper.com\\\/wp-content\\\/uploads\\\/2025\\\/01\\\/60c9aa_c12901196b09471aa1770a20a0d35485mv2-1.webp\",\"keywords\":[\"aislantes\"],\"articleSection\":[\"Aislantes t\u00e9rmicos\"],\"inLanguage\":\"es\"},{\"@type\":\"WebPage\",\"@id\":\"https:\\\/\\\/m2camper.com\\\/aislantes-a-medida-para-viviendas-embarcaciones-y-mas-el-confort-termico-va-mas-alla-del-mundo-camper\\\/\",\"url\":\"https:\\\/\\\/m2camper.com\\\/aislantes-a-medida-para-viviendas-embarcaciones-y-mas-el-confort-termico-va-mas-alla-del-mundo-camper\\\/\",\"name\":\"Aislantes a medida para viviendas, embarcaciones y m\u00e1s: el confort t\u00e9rmico va m\u00e1s all\u00e1 del mundo camper - M2 Camper | Aislantes t\u00e9rmicos y oscurecedores para campers\",\"isPartOf\":{\"@id\":\"https:\\\/\\\/m2camper.com\\\/pt\\\/#website\"},\"primaryImageOfPage\":{\"@id\":\"https:\\\/\\\/m2camper.com\\\/aislantes-a-medida-para-viviendas-embarcaciones-y-mas-el-confort-termico-va-mas-alla-del-mundo-camper\\\/#primaryimage\"},\"image\":{\"@id\":\"https:\\\/\\\/m2camper.com\\\/aislantes-a-medida-para-viviendas-embarcaciones-y-mas-el-confort-termico-va-mas-alla-del-mundo-camper\\\/#primaryimage\"},\"thumbnailUrl\":\"https:\\\/\\\/m2camper.com\\\/wp-content\\\/uploads\\\/2025\\\/01\\\/60c9aa_c12901196b09471aa1770a20a0d35485mv2-1.webp\",\"datePublished\":\"2025-06-20T07:08:23+00:00\",\"dateModified\":\"2025-06-23T07:33:05+00:00\",\"author\":{\"@id\":\"https:\\\/\\\/m2camper.com\\\/pt\\\/#\\\/schema\\\/person\\\/ad1e681f60b2e23c9b88a93e6d3feab3\"},\"breadcrumb\":{\"@id\":\"https:\\\/\\\/m2camper.com\\\/aislantes-a-medida-para-viviendas-embarcaciones-y-mas-el-confort-termico-va-mas-alla-del-mundo-camper\\\/#breadcrumb\"},\"inLanguage\":\"es\",\"potentialAction\":[{\"@type\":\"ReadAction\",\"target\":[\"https:\\\/\\\/m2camper.com\\\/aislantes-a-medida-para-viviendas-embarcaciones-y-mas-el-confort-termico-va-mas-alla-del-mundo-camper\\\/\"]}]},{\"@type\":\"ImageObject\",\"inLanguage\":\"es\",\"@id\":\"https:\\\/\\\/m2camper.com\\\/aislantes-a-medida-para-viviendas-embarcaciones-y-mas-el-confort-termico-va-mas-alla-del-mundo-camper\\\/#primaryimage\",\"url\":\"https:\\\/\\\/m2camper.com\\\/wp-content\\\/uploads\\\/2025\\\/01\\\/60c9aa_c12901196b09471aa1770a20a0d35485mv2-1.webp\",\"contentUrl\":\"https:\\\/\\\/m2camper.com\\\/wp-content\\\/uploads\\\/2025\\\/01\\\/60c9aa_c12901196b09471aa1770a20a0d35485mv2-1.webp\",\"width\":980,\"height\":1307},{\"@type\":\"BreadcrumbList\",\"@id\":\"https:\\\/\\\/m2camper.com\\\/aislantes-a-medida-para-viviendas-embarcaciones-y-mas-el-confort-termico-va-mas-alla-del-mundo-camper\\\/#breadcrumb\",\"itemListElement\":[{\"@type\":\"ListItem\",\"position\":1,\"name\":\"Portada\",\"item\":\"https:\\\/\\\/m2camper.com\\\/pt\\\/\"},{\"@type\":\"ListItem\",\"position\":2,\"name\":\"Aislantes a medida para viviendas, embarcaciones y m\u00e1s: el confort t\u00e9rmico va m\u00e1s all\u00e1 del mundo camper\"}]},{\"@type\":\"WebSite\",\"@id\":\"https:\\\/\\\/m2camper.com\\\/pt\\\/#website\",\"url\":\"https:\\\/\\\/m2camper.com\\\/pt\\\/\",\"name\":\"M2 Campers | Aislantes t\u00e9rmicos y oscurecedores para campers\",\"description\":\"Descubre calidad y confort de nuestros aislantes t\u00e9rmicos oscurecedores y colchones para veh\u00edculos. Optimiza tu experiencia en carretera con M2 Camper.\",\"potentialAction\":[{\"@type\":\"SearchAction\",\"target\":{\"@type\":\"EntryPoint\",\"urlTemplate\":\"https:\\\/\\\/m2camper.com\\\/pt\\\/?s={search_term_string}\"},\"query-input\":{\"@type\":\"PropertyValueSpecification\",\"valueRequired\":true,\"valueName\":\"search_term_string\"}}],\"inLanguage\":\"es\"},{\"@type\":\"Person\",\"@id\":\"https:\\\/\\\/m2camper.com\\\/pt\\\/#\\\/schema\\\/person\\\/ad1e681f60b2e23c9b88a93e6d3feab3\",\"name\":\"Prubs214s\",\"image\":{\"@type\":\"ImageObject\",\"inLanguage\":\"es\",\"@id\":\"https:\\\/\\\/secure.gravatar.com\\\/avatar\\\/74706914812c3b473b95a5253410b33d71c50bf5f0d5423532bc0afa617d4316?s=96&d=mm&r=g\",\"url\":\"https:\\\/\\\/secure.gravatar.com\\\/avatar\\\/74706914812c3b473b95a5253410b33d71c50bf5f0d5423532bc0afa617d4316?s=96&d=mm&r=g\",\"contentUrl\":\"https:\\\/\\\/secure.gravatar.com\\\/avatar\\\/74706914812c3b473b95a5253410b33d71c50bf5f0d5423532bc0afa617d4316?s=96&d=mm&r=g\",\"caption\":\"Prubs214s\"},\"url\":\"https:\\\/\\\/m2camper.com\\\/es\\\/author\\\/prubs214s\\\/\"}]}<\/script>\n<!-- \/ Yoast SEO plugin. -->","yoast_head_json":{"title":"Aislantes a medida para viviendas, embarcaciones y m\u00e1s: el confort t\u00e9rmico va m\u00e1s all\u00e1 del mundo camper - M2 Camper | Aislantes t\u00e9rmicos y oscurecedores para campers","robots":{"index":"index","follow":"follow","max-snippet":"max-snippet:-1","max-image-preview":"max-image-preview:large","max-video-preview":"max-video-preview:-1"},"canonical":"https:\/\/m2camper.com\/es\/aislantes-a-medida-para-viviendas-embarcaciones-y-mas-el-confort-termico-va-mas-alla-del-mundo-camper\/","og_locale":"es_ES","og_type":"article","og_title":"Aislantes a medida para viviendas, embarcaciones y m\u00e1s: el confort t\u00e9rmico va m\u00e1s all\u00e1 del mundo camper - M2 Camper | Aislantes t\u00e9rmicos y oscurecedores para campers","og_description":"Aislantes para tu comodidad Cuando hablamos de confort, aislamiento t\u00e9rmico y protecci\u00f3n frente a las inclemencias del clima, muchas personas piensan \u00fanicamente en casas o autocaravanas. Sin embargo, hay muchos m\u00e1s espacios que tambi\u00e9n requieren soluciones eficaces, funcionales y adaptadas. En M2 Camper, llevamos a\u00f1os fabricando aislantes para furgonetas y campers, pero tambi\u00e9n dise\u00f1amos soluciones&hellip;&nbsp;Leer m\u00e1s &raquo;Aislantes a medida para viviendas, embarcaciones y m\u00e1s: el confort t\u00e9rmico va m\u00e1s all\u00e1 del mundo camper","og_url":"https:\/\/m2camper.com\/es\/aislantes-a-medida-para-viviendas-embarcaciones-y-mas-el-confort-termico-va-mas-alla-del-mundo-camper\/","og_site_name":"M2 Camper | Aislantes t\u00e9rmicos y oscurecedores para campers","article_published_time":"2025-06-20T07:08:23+00:00","article_modified_time":"2025-06-23T07:33:05+00:00","og_image":[{"width":980,"height":1307,"url":"https:\/\/m2camper.com\/wp-content\/uploads\/2025\/01\/60c9aa_c12901196b09471aa1770a20a0d35485mv2-1.webp","type":"image\/webp"}],"author":"Prubs214s","twitter_card":"summary_large_image","twitter_misc":{"Escrito por":"Prubs214s","Tiempo de lectura":"5 minutos"},"schema":{"@context":"https:\/\/schema.org","@graph":[{"@type":"Article","@id":"https:\/\/m2camper.com\/aislantes-a-medida-para-viviendas-embarcaciones-y-mas-el-confort-termico-va-mas-alla-del-mundo-camper\/#article","isPartOf":{"@id":"https:\/\/m2camper.com\/aislantes-a-medida-para-viviendas-embarcaciones-y-mas-el-confort-termico-va-mas-alla-del-mundo-camper\/"},"author":{"name":"Prubs214s","@id":"https:\/\/m2camper.com\/pt\/#\/schema\/person\/ad1e681f60b2e23c9b88a93e6d3feab3"},"headline":"Aislantes a medida para viviendas, embarcaciones y m\u00e1s: el confort t\u00e9rmico va m\u00e1s all\u00e1 del mundo camper","datePublished":"2025-06-20T07:08:23+00:00","dateModified":"2025-06-23T07:33:05+00:00","mainEntityOfPage":{"@id":"https:\/\/m2camper.com\/aislantes-a-medida-para-viviendas-embarcaciones-y-mas-el-confort-termico-va-mas-alla-del-mundo-camper\/"},"wordCount":903,"image":{"@id":"https:\/\/m2camper.com\/aislantes-a-medida-para-viviendas-embarcaciones-y-mas-el-confort-termico-va-mas-alla-del-mundo-camper\/#primaryimage"},"thumbnailUrl":"https:\/\/m2camper.com\/wp-content\/uploads\/2025\/01\/60c9aa_c12901196b09471aa1770a20a0d35485mv2-1.webp","keywords":["aislantes"],"articleSection":["Aislantes t\u00e9rmicos"],"inLanguage":"es"},{"@type":"WebPage","@id":"https:\/\/m2camper.com\/aislantes-a-medida-para-viviendas-embarcaciones-y-mas-el-confort-termico-va-mas-alla-del-mundo-camper\/","url":"https:\/\/m2camper.com\/aislantes-a-medida-para-viviendas-embarcaciones-y-mas-el-confort-termico-va-mas-alla-del-mundo-camper\/","name":"Aislantes a medida para viviendas, embarcaciones y m\u00e1s: el confort t\u00e9rmico va m\u00e1s all\u00e1 del mundo camper - M2 Camper | Aislantes t\u00e9rmicos y oscurecedores para campers","isPartOf":{"@id":"https:\/\/m2camper.com\/pt\/#website"},"primaryImageOfPage":{"@id":"https:\/\/m2camper.com\/aislantes-a-medida-para-viviendas-embarcaciones-y-mas-el-confort-termico-va-mas-alla-del-mundo-camper\/#primaryimage"},"image":{"@id":"https:\/\/m2camper.com\/aislantes-a-medida-para-viviendas-embarcaciones-y-mas-el-confort-termico-va-mas-alla-del-mundo-camper\/#primaryimage"},"thumbnailUrl":"https:\/\/m2camper.com\/wp-content\/uploads\/2025\/01\/60c9aa_c12901196b09471aa1770a20a0d35485mv2-1.webp","datePublished":"2025-06-20T07:08:23+00:00","dateModified":"2025-06-23T07:33:05+00:00","author":{"@id":"https:\/\/m2camper.com\/pt\/#\/schema\/person\/ad1e681f60b2e23c9b88a93e6d3feab3"},"breadcrumb":{"@id":"https:\/\/m2camper.com\/aislantes-a-medida-para-viviendas-embarcaciones-y-mas-el-confort-termico-va-mas-alla-del-mundo-camper\/#breadcrumb"},"inLanguage":"es","potentialAction":[{"@type":"ReadAction","target":["https:\/\/m2camper.com\/aislantes-a-medida-para-viviendas-embarcaciones-y-mas-el-confort-termico-va-mas-alla-del-mundo-camper\/"]}]},{"@type":"ImageObject","inLanguage":"es","@id":"https:\/\/m2camper.com\/aislantes-a-medida-para-viviendas-embarcaciones-y-mas-el-confort-termico-va-mas-alla-del-mundo-camper\/#primaryimage","url":"https:\/\/m2camper.com\/wp-content\/uploads\/2025\/01\/60c9aa_c12901196b09471aa1770a20a0d35485mv2-1.webp","contentUrl":"https:\/\/m2camper.com\/wp-content\/uploads\/2025\/01\/60c9aa_c12901196b09471aa1770a20a0d35485mv2-1.webp","width":980,"height":1307},{"@type":"BreadcrumbList","@id":"https:\/\/m2camper.com\/aislantes-a-medida-para-viviendas-embarcaciones-y-mas-el-confort-termico-va-mas-alla-del-mundo-camper\/#breadcrumb","itemListElement":[{"@type":"ListItem","position":1,"name":"Portada","item":"https:\/\/m2camper.com\/pt\/"},{"@type":"ListItem","position":2,"name":"Aislantes a medida para viviendas, embarcaciones y m\u00e1s: el confort t\u00e9rmico va m\u00e1s all\u00e1 del mundo camper"}]},{"@type":"WebSite","@id":"https:\/\/m2camper.com\/pt\/#website","url":"https:\/\/m2camper.com\/pt\/","name":"M2 Campers | Aislantes t\u00e9rmicos y oscurecedores para campers","description":"Descubre calidad y confort de nuestros aislantes t\u00e9rmicos oscurecedores y colchones para veh\u00edculos. Optimiza tu experiencia en carretera con M2 Camper.","potentialAction":[{"@type":"SearchAction","target":{"@type":"EntryPoint","urlTemplate":"https:\/\/m2camper.com\/pt\/?s={search_term_string}"},"query-input":{"@type":"PropertyValueSpecification","valueRequired":true,"valueName":"search_term_string"}}],"inLanguage":"es"},{"@type":"Person","@id":"https:\/\/m2camper.com\/pt\/#\/schema\/person\/ad1e681f60b2e23c9b88a93e6d3feab3","name":"Prubs214s","image":{"@type":"ImageObject","inLanguage":"es","@id":"https:\/\/secure.gravatar.com\/avatar\/74706914812c3b473b95a5253410b33d71c50bf5f0d5423532bc0afa617d4316?s=96&d=mm&r=g","url":"https:\/\/secure.gravatar.com\/avatar\/74706914812c3b473b95a5253410b33d71c50bf5f0d5423532bc0afa617d4316?s=96&d=mm&r=g","contentUrl":"https:\/\/secure.gravatar.com\/avatar\/74706914812c3b473b95a5253410b33d71c50bf5f0d5423532bc0afa617d4316?s=96&d=mm&r=g","caption":"Prubs214s"},"url":"https:\/\/m2camper.com\/es\/author\/prubs214s\/"}]}},"_links":{"self":[{"href":"https:\/\/m2camper.com\/es\/wp-json\/wp\/v2\/posts\/14040","targetHints":{"allow":["GET"]}}],"collection":[{"href":"https:\/\/m2camper.com\/es\/wp-json\/wp\/v2\/posts"}],"about":[{"href":"https:\/\/m2camper.com\/es\/wp-json\/wp\/v2\/types\/post"}],"author":[{"embeddable":true,"href":"https:\/\/m2camper.com\/es\/wp-json\/wp\/v2\/users\/5741"}],"replies":[{"embeddable":true,"href":"https:\/\/m2camper.com\/es\/wp-json\/wp\/v2\/comments?post=14040"}],"version-history":[{"count":2,"href":"https:\/\/m2camper.com\/es\/wp-json\/wp\/v2\/posts\/14040\/revisions"}],"predecessor-version":[{"id":14047,"href":"https:\/\/m2camper.com\/es\/wp-json\/wp\/v2\/posts\/14040\/revisions\/14047"}],"wp:featuredmedia":[{"embeddable":true,"href":"https:\/\/m2camper.com\/es\/wp-json\/wp\/v2\/media\/10710"}],"wp:attachment":[{"href":"https:\/\/m2camper.com\/es\/wp-json\/wp\/v2\/media?parent=14040"}],"wp:term":[{"taxonomy":"category","embeddable":true,"href":"https:\/\/m2camper.com\/es\/wp-json\/wp\/v2\/categories?post=14040"},{"taxonomy":"post_tag","embeddable":true,"href":"https:\/\/m2camper.com\/es\/wp-json\/wp\/v2\/tags?post=14040"}],"curies":[{"name":"wp","href":"https:\/\/api.w.org\/{rel}","templated":true}]}}