{"id":13560,"date":"2025-05-05T08:33:11","date_gmt":"2025-05-05T08:33:11","guid":{"rendered":"https:\/\/m2camper.com\/?p=13560"},"modified":"2025-05-27T10:11:29","modified_gmt":"2025-05-27T08:11:29","slug":"como-mejorar-la-eficiencia-energetica-de-tu-vehiculo-con-aislantes-termicos-para-autocaravanas","status":"publish","type":"post","link":"https:\/\/m2camper.com\/es\/como-mejorar-la-eficiencia-energetica-de-tu-vehiculo-con-aislantes-termicos-para-autocaravanas\/","title":{"rendered":"C\u00f3mo mejorar la eficiencia energ\u00e9tica de tu veh\u00edculo con aislantes t\u00e9rmicos para autocaravanas"},"content":{"rendered":"\n<h2 class=\"wp-block-heading has-neve-text-color-color has-text-color has-link-color wp-elements-50e7d5e07bb59a511fc5a70918666334\">Aislantes t\u00e9rmicos para autocaravanas: ahorro y comodidad en tu aventura <\/h2>\n\n\n\n<p class=\"has-neve-text-color-color has-text-color has-link-color wp-elements-4ddb6f69839ac3328c2c41a5efec85d1\">Viajar en camper es una forma de vida que combina libertad, aventura y contacto directo con la naturaleza. Pero para que cada trayecto sea realmente c\u00f3modo, es fundamental contar con un sistema t\u00e9rmico eficiente que permita mantener una temperatura interior agradable sin depender en exceso de sistemas de climatizaci\u00f3n. En este contexto, los <strong><a href=\"https:\/\/m2camper.com\/es\/aislantes\/\">aislantes t\u00e9rmicos para campers<\/a><\/strong> juegan un papel clave.<\/p>\n\n\n\n<p class=\"has-neve-text-color-color has-text-color has-link-color wp-elements-11d738041fd9e9bcd00da8f9c0b77ae9\">En <strong><a href=\"https:\/\/m2camper.com\/es\/contacto\/\">M2 Camper<\/a><\/strong>, trabajamos con soluciones de alta calidad dise\u00f1adas espec\u00edficamente para optimizar el aislamiento t\u00e9rmico de tu veh\u00edculo, ayud\u00e1ndote a ahorrar energ\u00eda y mejorar el confort en cualquier \u00e9poca del a\u00f1o.<\/p>\n\n\n\n<h2 class=\"wp-block-heading has-neve-text-color-color has-text-color has-link-color wp-elements-fe8bbdd6a600f85e7622319cb4ea9fcd\">Por qu\u00e9 el aislamiento t\u00e9rmico para campers es esencial <\/h2>\n\n\n\n<p>Los cambios de temperatura durante un viaje pueden ser intensos y repentinos. Un d\u00eda soleado en ruta puede convertirse en una noche fr\u00eda en monta\u00f1a, o una escapada de verano puede hacer que el interior del veh\u00edculo alcance temperaturas extremas. Contar con un buen aislamiento es la mejor manera de estabilizar la temperatura interior y evitar esas oscilaciones tan inc\u00f3modas.<\/p>\n\n\n\n<p class=\"has-neve-text-color-color has-text-color has-link-color wp-elements-a8ff377e1be1ec18912adbc7da8f9ab4\">Los <strong>aislantes t\u00e9rmicos para campers<\/strong> act\u00faan como una barrera protectora frente al calor y al fr\u00edo, permitiendo que el interior del veh\u00edculo mantenga una temperatura mucho m\u00e1s estable. Esto se traduce en un menor uso de calefacci\u00f3n o aire acondicionado, lo que implica un ahorro de bater\u00eda, gas o combustible, dependiendo del sistema que utilices. Adem\u00e1s, un buen aislamiento ayuda a reducir la condensaci\u00f3n en el interior, evitando problemas como humedad, malos olores o deterioro de materiales.<\/p>\n\n\n<div class=\"wp-block-image\">\n<figure class=\"aligncenter size-large\"><img fetchpriority=\"high\" decoding=\"async\" width=\"1024\" height=\"724\" src=\"https:\/\/m2camper.com\/wp-content\/uploads\/2025\/05\/aislantes-termicos-para-camionetas-camper-1024x724.jpg\" alt=\"\" class=\"wp-image-13624\" srcset=\"https:\/\/m2camper.com\/wp-content\/uploads\/2025\/05\/aislantes-termicos-para-camionetas-camper-1024x724.jpg 1024w, https:\/\/m2camper.com\/wp-content\/uploads\/2025\/05\/aislantes-termicos-para-camionetas-camper-300x212.jpg 300w, https:\/\/m2camper.com\/wp-content\/uploads\/2025\/05\/aislantes-termicos-para-camionetas-camper-768x543.jpg 768w, https:\/\/m2camper.com\/wp-content\/uploads\/2025\/05\/aislantes-termicos-para-camionetas-camper-1536x1086.jpg 1536w, https:\/\/m2camper.com\/wp-content\/uploads\/2025\/05\/aislantes-termicos-para-camionetas-camper-18x12.jpg 18w, https:\/\/m2camper.com\/wp-content\/uploads\/2025\/05\/aislantes-termicos-para-camionetas-camper-600x424.jpg 600w, https:\/\/m2camper.com\/wp-content\/uploads\/2025\/05\/aislantes-termicos-para-camionetas-camper.jpg 2000w\" sizes=\"(max-width: 1024px) 100vw, 1024px\" \/><\/figure>\n<\/div>\n\n\n<h2 class=\"wp-block-heading has-neve-text-color-color has-text-color has-link-color wp-elements-ba714f08e83b46cc797e088637d20f36\">El aislante t\u00e9rmico para campers de 9 capas: rendimiento y fiabilidad para todas tus rutas<\/h2>\n\n\n\n<p class=\"has-neve-text-color-color has-text-color has-link-color wp-elements-89447065859837ef569ff76964f8a7b8\">En M2 Camper apostamos por un \u00fanico modelo de aislante t\u00e9rmico porque creemos que cuando un producto funciona realmente bien, no hace falta complicarse con alternativas. Nuestro <strong>aislante t\u00e9rmico para campers<\/strong> de 9 capas combina distintos materiales que trabajan en conjunto para ofrecer un excelente rendimiento tanto en climas fr\u00edos como calurosos.<\/p>\n\n\n\n<p>Este aislante ha sido desarrollado para maximizar la eficiencia energ\u00e9tica del veh\u00edculo y garantizar un alto grado de confort interior. Su estructura multicapa permite:<\/p>\n\n\n\n<ul class=\"wp-block-list\">\n<li>Reflejar el calor del sol en verano.<\/li>\n\n\n\n<li>Conservar el calor interior en invierno.<\/li>\n\n\n\n<li>Reducir al m\u00e1ximo los intercambios t\u00e9rmicos con el exterior.<\/li>\n\n\n\n<li>Proteger el interior del veh\u00edculo de la humedad y la condensaci\u00f3n.<\/li>\n<\/ul>\n\n\n\n<p>Gracias a su flexibilidad, ligereza y durabilidad, este material es ideal para adaptarse a techos, paredes laterales, suelos, puertas y otras superficies clave. Con una correcta instalaci\u00f3n, su efecto es inmediato y duradero.<\/p>\n\n\n\n<h2 class=\"wp-block-heading has-neve-text-color-color has-text-color has-link-color wp-elements-e979425f6c5264b7beaf5c20b9818cf2\">Consejos para sacar el m\u00e1ximo partido al aislamiento t\u00e9rmico para campers <\/h2>\n\n\n\n<p>Para aprovechar todo el potencial del aislante t\u00e9rmico de 9 capas, es importante tener en cuenta algunos aspectos clave durante su instalaci\u00f3n:<\/p>\n\n\n\n<ol class=\"wp-block-list\">\n<li class=\"has-neve-text-color-color has-text-color has-link-color wp-elements-6ef45140adf79b0ed36315270dec157f\"><strong>Cubrir todas las superficies relevantes<\/strong>: techos, paredes, puertas e incluso el suelo deben ser aislados para evitar puntos de fuga t\u00e9rmica. Muchas veces se prioriza el techo, pero el suelo tambi\u00e9n es una zona cr\u00edtica.<\/li>\n\n\n\n<li class=\"has-neve-text-color-color has-text-color has-link-color wp-elements-5707288f7179ea689fe871054b0c34f9\"><strong>Sellado adecuado<\/strong>: asegurarse de que no existan huecos ni puentes t\u00e9rmicos es esencial. Incluso una peque\u00f1a zona sin cubrir puede afectar al rendimiento global del aislamiento.<\/li>\n\n\n\n<li class=\"has-neve-text-color-color has-text-color has-link-color wp-elements-19f5c0db9f1a36b68b8aa42eeffb6c95\"><strong>Instalaci\u00f3n precisa<\/strong>: un material excelente requiere una instalaci\u00f3n cuidadosa. En M2 Camper nos aseguramos de que el proceso se realice con precisi\u00f3n para garantizar un resultado duradero y eficiente.<\/li>\n<\/ol>\n\n\n\n<h5 class=\"wp-block-heading has-neve-text-color-color has-text-color has-link-color wp-elements-01fd3a658b502c082ea88c90d6361b0d\">Beneficios reales: m\u00e1s confort, menos consumo<\/h5>\n\n\n\n<p>La inversi\u00f3n en un buen sistema de aislamiento t\u00e9rmico no solo mejora la experiencia de viaje, tambi\u00e9n tiene beneficios concretos a medio y largo plazo:<\/p>\n\n\n\n<ul class=\"wp-block-list\">\n<li class=\"has-neve-text-color-color has-text-color has-link-color wp-elements-5168a615edd296eba06b42e999f2c2ba\"><strong>Mayor confort en todas las estaciones<\/strong>: podr\u00e1s disfrutar de tu camper tanto en pleno verano como en invierno, sin depender constantemente de sistemas de climatizaci\u00f3n.<\/li>\n\n\n\n<li class=\"has-neve-text-color-color has-text-color has-link-color wp-elements-c1c932bdc06645df1d9f9ff2a2d00334\"><strong>Reducci\u00f3n del consumo energ\u00e9tico<\/strong>: usar menos calefacci\u00f3n o aire acondicionado supone un ahorro en gas, bater\u00eda o combustible.<\/li>\n\n\n\n<li class=\"has-neve-text-color-color has-text-color has-link-color wp-elements-a6c2f3f40916ced3eedf1adb0ce854dd\"><strong>Protecci\u00f3n del interior<\/strong>: al reducir la condensaci\u00f3n y la humedad, los acabados y componentes del veh\u00edculo se conservan mejor.<\/li>\n<\/ul>\n\n\n\n<p>Todo esto se traduce en una experiencia m\u00e1s agradable, pr\u00e1ctica y sostenible.<\/p>\n\n\n<div class=\"wp-block-image\">\n<figure class=\"aligncenter size-large\"><img decoding=\"async\" width=\"1024\" height=\"724\" src=\"https:\/\/m2camper.com\/wp-content\/uploads\/2025\/05\/aislantes-termicos-1024x724.jpg\" alt=\"\" class=\"wp-image-13625\" srcset=\"https:\/\/m2camper.com\/wp-content\/uploads\/2025\/05\/aislantes-termicos-1024x724.jpg 1024w, https:\/\/m2camper.com\/wp-content\/uploads\/2025\/05\/aislantes-termicos-300x212.jpg 300w, https:\/\/m2camper.com\/wp-content\/uploads\/2025\/05\/aislantes-termicos-768x543.jpg 768w, https:\/\/m2camper.com\/wp-content\/uploads\/2025\/05\/aislantes-termicos-1536x1086.jpg 1536w, https:\/\/m2camper.com\/wp-content\/uploads\/2025\/05\/aislantes-termicos-18x12.jpg 18w, https:\/\/m2camper.com\/wp-content\/uploads\/2025\/05\/aislantes-termicos-600x424.jpg 600w, https:\/\/m2camper.com\/wp-content\/uploads\/2025\/05\/aislantes-termicos.jpg 2000w\" sizes=\"(max-width: 1024px) 100vw, 1024px\" \/><\/figure>\n<\/div>\n\n\n<h2 class=\"wp-block-heading has-neve-text-color-color has-text-color has-link-color wp-elements-5ca1ac45ff77b3a197f78f9943a1e954\">M2 Camper: expertos en aislantes t\u00e9rmicos para campers <\/h2>\n\n\n\n<p>En M2 Camper nos especializamos en la mejora del confort t\u00e9rmico en veh\u00edculos camper, ofreciendo materiales de alto rendimiento y asesoramiento personalizado para cada proyecto. Nuestra experiencia en el sector nos permite ofrecer una soluci\u00f3n eficaz, probada en condiciones reales de viaje y adaptada a las necesidades de cada cliente.<\/p>\n\n\n\n<p>Ofrecemos la opci\u00f3n de incorporar bolsillos organizadores en nuestros aislantes t\u00e9rmicos. Estos bolsillos son ideales para almacenar peque\u00f1os objetos, como llaves, m\u00f3viles o linternas, proporcionando comodidad y organizaci\u00f3n. Los bolsillos se cosen directamente a los aislantes y se sujetan al cristal mediante ventosas, asegurando que puedan soportar solo objetos ligeros sin comprometer la eficacia del aislamiento.<\/p>\n\n\n\n<p>Adem\u00e1s, al ser un taller especializado, podemos fabricar aislantes personalizados para cualquier tipo de veh\u00edculo o ventana, adapt\u00e1ndonos a las necesidades de cada cliente. Hemos realizado aislantes para una amplia variedad de aplicaciones, incluyendo ventanas de viviendas con gran exposici\u00f3n al sol, escaleras con tragaluces, e incluso embarcaciones peque\u00f1as. Gracias a nuestra flexibilidad y experiencia, ofrecemos soluciones a medida para garantizar el mejor rendimiento t\u00e9rmico en cualquier entorno. No dudes en contactarnos para m\u00e1s detalles o si tienes alguna duda.<\/p>\n\n\n\n<p class=\"has-neve-text-color-color has-text-color has-link-color wp-elements-532314d05499426484ad1f70d31fa82b\">Si est\u00e1s pensando en mejorar el aislamiento de tu veh\u00edculo camper, no lo dudes: los <strong><a href=\"https:\/\/m2camper.com\/es\/aislantes\/\">aislantes t\u00e9rmicos para campers<\/a><\/strong> que ofrecemos son una inversi\u00f3n que empieza a notarse desde el primer d\u00eda. Menos consumo, m\u00e1s confort, m\u00e1s libertad.<\/p>\n\n\n\n<p class=\"has-neve-text-color-color has-text-color has-link-color wp-elements-71fd9159d45b0e42ba66f598f69ad470\"><\/p>\n\n\n<div class=\"wp-block-image\">\n<figure class=\"aligncenter size-large\"><img decoding=\"async\" width=\"1024\" height=\"724\" src=\"https:\/\/m2camper.com\/wp-content\/uploads\/2025\/05\/oscurecedores-para-camper-1024x724.jpg\" alt=\"\" class=\"wp-image-13626\" srcset=\"https:\/\/m2camper.com\/wp-content\/uploads\/2025\/05\/oscurecedores-para-camper-1024x724.jpg 1024w, https:\/\/m2camper.com\/wp-content\/uploads\/2025\/05\/oscurecedores-para-camper-300x212.jpg 300w, https:\/\/m2camper.com\/wp-content\/uploads\/2025\/05\/oscurecedores-para-camper-768x543.jpg 768w, https:\/\/m2camper.com\/wp-content\/uploads\/2025\/05\/oscurecedores-para-camper-1536x1086.jpg 1536w, https:\/\/m2camper.com\/wp-content\/uploads\/2025\/05\/oscurecedores-para-camper-18x12.jpg 18w, https:\/\/m2camper.com\/wp-content\/uploads\/2025\/05\/oscurecedores-para-camper-600x424.jpg 600w, https:\/\/m2camper.com\/wp-content\/uploads\/2025\/05\/oscurecedores-para-camper.jpg 2000w\" sizes=\"(max-width: 1024px) 100vw, 1024px\" \/><\/figure>\n<\/div>","protected":false},"excerpt":{"rendered":"<p>Aislantes t\u00e9rmicos para autocaravanas: ahorro y comodidad en tu aventura Viajar en camper es una forma de vida que combina libertad, aventura y contacto directo con la naturaleza. Pero para que cada trayecto sea realmente c\u00f3modo, es fundamental contar con un sistema t\u00e9rmico eficiente que permita mantener una temperatura interior agradable sin depender en exceso&hellip;&nbsp;<a href=\"https:\/\/m2camper.com\/es\/como-mejorar-la-eficiencia-energetica-de-tu-vehiculo-con-aislantes-termicos-para-autocaravanas\/\" rel=\"bookmark\">Leer m\u00e1s &raquo;<span class=\"screen-reader-text\">C\u00f3mo mejorar la eficiencia energ\u00e9tica de tu veh\u00edculo con aislantes t\u00e9rmicos para autocaravanas<\/span><\/a><\/p>\n","protected":false},"author":5741,"featured_media":13618,"comment_status":"closed","ping_status":"closed","sticky":false,"template":"","format":"standard","meta":{"neve_meta_sidebar":"","neve_meta_container":"","neve_meta_enable_content_width":"","neve_meta_content_width":0,"neve_meta_title_alignment":"","neve_meta_author_avatar":"","neve_post_elements_order":"","neve_meta_disable_header":"","neve_meta_disable_footer":"","neve_meta_disable_title":"","footnotes":""},"categories":[208],"tags":[209],"class_list":["post-13560","post","type-post","status-publish","format-standard","has-post-thumbnail","hentry","category-aislantes-termicos","tag-aislantes-termicos-para-autocaravanas"],"yoast_head":"<!-- This site is optimized with the Yoast SEO plugin v27.4 - https:\/\/yoast.com\/product\/yoast-seo-wordpress\/ -->\n<title>C\u00f3mo mejorar la eficiencia energ\u00e9tica de tu veh\u00edculo con aislantes t\u00e9rmicos para autocaravanas - M2 Camper | Aislantes t\u00e9rmicos y oscurecedores para campers<\/title>\n<meta name=\"robots\" content=\"index, follow, max-snippet:-1, max-image-preview:large, max-video-preview:-1\" \/>\n<link rel=\"canonical\" href=\"https:\/\/m2camper.com\/es\/como-mejorar-la-eficiencia-energetica-de-tu-vehiculo-con-aislantes-termicos-para-autocaravanas\/\" \/>\n<meta property=\"og:locale\" content=\"es_ES\" \/>\n<meta property=\"og:type\" content=\"article\" \/>\n<meta property=\"og:title\" content=\"C\u00f3mo mejorar la eficiencia energ\u00e9tica de tu veh\u00edculo con aislantes t\u00e9rmicos para autocaravanas - M2 Camper | Aislantes t\u00e9rmicos y oscurecedores para campers\" \/>\n<meta property=\"og:description\" content=\"Aislantes t\u00e9rmicos para autocaravanas: ahorro y comodidad en tu aventura Viajar en camper es una forma de vida que combina libertad, aventura y contacto directo con la naturaleza. Pero para que cada trayecto sea realmente c\u00f3modo, es fundamental contar con un sistema t\u00e9rmico eficiente que permita mantener una temperatura interior agradable sin depender en exceso&hellip;&nbsp;Leer m\u00e1s &raquo;C\u00f3mo mejorar la eficiencia energ\u00e9tica de tu veh\u00edculo con aislantes t\u00e9rmicos para autocaravanas\" \/>\n<meta property=\"og:url\" content=\"https:\/\/m2camper.com\/es\/como-mejorar-la-eficiencia-energetica-de-tu-vehiculo-con-aislantes-termicos-para-autocaravanas\/\" \/>\n<meta property=\"og:site_name\" content=\"M2 Camper | Aislantes t\u00e9rmicos y oscurecedores para campers\" \/>\n<meta property=\"article:published_time\" content=\"2025-05-05T08:33:11+00:00\" \/>\n<meta property=\"article:modified_time\" content=\"2025-05-27T08:11:29+00:00\" \/>\n<meta property=\"og:image\" content=\"https:\/\/m2camper.com\/wp-content\/uploads\/2025\/04\/aislante-para-furgos-1.jpg\" \/>\n\t<meta property=\"og:image:width\" content=\"2000\" \/>\n\t<meta property=\"og:image:height\" content=\"1414\" \/>\n\t<meta property=\"og:image:type\" content=\"image\/jpeg\" \/>\n<meta name=\"author\" content=\"Prubs214s\" \/>\n<meta name=\"twitter:card\" content=\"summary_large_image\" \/>\n<meta name=\"twitter:label1\" content=\"Escrito por\" \/>\n\t<meta name=\"twitter:data1\" content=\"Prubs214s\" \/>\n\t<meta name=\"twitter:label2\" content=\"Tiempo de lectura\" \/>\n\t<meta name=\"twitter:data2\" content=\"5 minutos\" \/>\n<script type=\"application\/ld+json\" class=\"yoast-schema-graph\">{\"@context\":\"https:\\\/\\\/schema.org\",\"@graph\":[{\"@type\":\"Article\",\"@id\":\"https:\\\/\\\/m2camper.com\\\/como-mejorar-la-eficiencia-energetica-de-tu-vehiculo-con-aislantes-termicos-para-autocaravanas\\\/#article\",\"isPartOf\":{\"@id\":\"https:\\\/\\\/m2camper.com\\\/como-mejorar-la-eficiencia-energetica-de-tu-vehiculo-con-aislantes-termicos-para-autocaravanas\\\/\"},\"author\":{\"name\":\"Prubs214s\",\"@id\":\"https:\\\/\\\/m2camper.com\\\/pt\\\/#\\\/schema\\\/person\\\/ad1e681f60b2e23c9b88a93e6d3feab3\"},\"headline\":\"C\u00f3mo mejorar la eficiencia energ\u00e9tica de tu veh\u00edculo con aislantes t\u00e9rmicos para autocaravanas\",\"datePublished\":\"2025-05-05T08:33:11+00:00\",\"dateModified\":\"2025-05-27T08:11:29+00:00\",\"mainEntityOfPage\":{\"@id\":\"https:\\\/\\\/m2camper.com\\\/como-mejorar-la-eficiencia-energetica-de-tu-vehiculo-con-aislantes-termicos-para-autocaravanas\\\/\"},\"wordCount\":968,\"image\":{\"@id\":\"https:\\\/\\\/m2camper.com\\\/como-mejorar-la-eficiencia-energetica-de-tu-vehiculo-con-aislantes-termicos-para-autocaravanas\\\/#primaryimage\"},\"thumbnailUrl\":\"https:\\\/\\\/m2camper.com\\\/wp-content\\\/uploads\\\/2025\\\/04\\\/aislante-para-furgos-1.jpg\",\"keywords\":[\"Aislantes t\u00e9rmicos para autocaravanas\"],\"articleSection\":[\"Aislantes t\u00e9rmicos\"],\"inLanguage\":\"es\"},{\"@type\":\"WebPage\",\"@id\":\"https:\\\/\\\/m2camper.com\\\/como-mejorar-la-eficiencia-energetica-de-tu-vehiculo-con-aislantes-termicos-para-autocaravanas\\\/\",\"url\":\"https:\\\/\\\/m2camper.com\\\/como-mejorar-la-eficiencia-energetica-de-tu-vehiculo-con-aislantes-termicos-para-autocaravanas\\\/\",\"name\":\"C\u00f3mo mejorar la eficiencia energ\u00e9tica de tu veh\u00edculo con aislantes t\u00e9rmicos para autocaravanas - M2 Camper | Aislantes t\u00e9rmicos y oscurecedores para campers\",\"isPartOf\":{\"@id\":\"https:\\\/\\\/m2camper.com\\\/pt\\\/#website\"},\"primaryImageOfPage\":{\"@id\":\"https:\\\/\\\/m2camper.com\\\/como-mejorar-la-eficiencia-energetica-de-tu-vehiculo-con-aislantes-termicos-para-autocaravanas\\\/#primaryimage\"},\"image\":{\"@id\":\"https:\\\/\\\/m2camper.com\\\/como-mejorar-la-eficiencia-energetica-de-tu-vehiculo-con-aislantes-termicos-para-autocaravanas\\\/#primaryimage\"},\"thumbnailUrl\":\"https:\\\/\\\/m2camper.com\\\/wp-content\\\/uploads\\\/2025\\\/04\\\/aislante-para-furgos-1.jpg\",\"datePublished\":\"2025-05-05T08:33:11+00:00\",\"dateModified\":\"2025-05-27T08:11:29+00:00\",\"author\":{\"@id\":\"https:\\\/\\\/m2camper.com\\\/pt\\\/#\\\/schema\\\/person\\\/ad1e681f60b2e23c9b88a93e6d3feab3\"},\"breadcrumb\":{\"@id\":\"https:\\\/\\\/m2camper.com\\\/como-mejorar-la-eficiencia-energetica-de-tu-vehiculo-con-aislantes-termicos-para-autocaravanas\\\/#breadcrumb\"},\"inLanguage\":\"es\",\"potentialAction\":[{\"@type\":\"ReadAction\",\"target\":[\"https:\\\/\\\/m2camper.com\\\/como-mejorar-la-eficiencia-energetica-de-tu-vehiculo-con-aislantes-termicos-para-autocaravanas\\\/\"]}]},{\"@type\":\"ImageObject\",\"inLanguage\":\"es\",\"@id\":\"https:\\\/\\\/m2camper.com\\\/como-mejorar-la-eficiencia-energetica-de-tu-vehiculo-con-aislantes-termicos-para-autocaravanas\\\/#primaryimage\",\"url\":\"https:\\\/\\\/m2camper.com\\\/wp-content\\\/uploads\\\/2025\\\/04\\\/aislante-para-furgos-1.jpg\",\"contentUrl\":\"https:\\\/\\\/m2camper.com\\\/wp-content\\\/uploads\\\/2025\\\/04\\\/aislante-para-furgos-1.jpg\",\"width\":2000,\"height\":1414},{\"@type\":\"BreadcrumbList\",\"@id\":\"https:\\\/\\\/m2camper.com\\\/como-mejorar-la-eficiencia-energetica-de-tu-vehiculo-con-aislantes-termicos-para-autocaravanas\\\/#breadcrumb\",\"itemListElement\":[{\"@type\":\"ListItem\",\"position\":1,\"name\":\"Portada\",\"item\":\"https:\\\/\\\/m2camper.com\\\/pt\\\/\"},{\"@type\":\"ListItem\",\"position\":2,\"name\":\"C\u00f3mo mejorar la eficiencia energ\u00e9tica de tu veh\u00edculo con aislantes t\u00e9rmicos para autocaravanas\"}]},{\"@type\":\"WebSite\",\"@id\":\"https:\\\/\\\/m2camper.com\\\/pt\\\/#website\",\"url\":\"https:\\\/\\\/m2camper.com\\\/pt\\\/\",\"name\":\"M2 Campers | Aislantes t\u00e9rmicos y oscurecedores para campers\",\"description\":\"Descubre calidad y confort de nuestros aislantes t\u00e9rmicos oscurecedores y colchones para veh\u00edculos. Optimiza tu experiencia en carretera con M2 Camper.\",\"potentialAction\":[{\"@type\":\"SearchAction\",\"target\":{\"@type\":\"EntryPoint\",\"urlTemplate\":\"https:\\\/\\\/m2camper.com\\\/pt\\\/?s={search_term_string}\"},\"query-input\":{\"@type\":\"PropertyValueSpecification\",\"valueRequired\":true,\"valueName\":\"search_term_string\"}}],\"inLanguage\":\"es\"},{\"@type\":\"Person\",\"@id\":\"https:\\\/\\\/m2camper.com\\\/pt\\\/#\\\/schema\\\/person\\\/ad1e681f60b2e23c9b88a93e6d3feab3\",\"name\":\"Prubs214s\",\"image\":{\"@type\":\"ImageObject\",\"inLanguage\":\"es\",\"@id\":\"https:\\\/\\\/secure.gravatar.com\\\/avatar\\\/74706914812c3b473b95a5253410b33d71c50bf5f0d5423532bc0afa617d4316?s=96&d=mm&r=g\",\"url\":\"https:\\\/\\\/secure.gravatar.com\\\/avatar\\\/74706914812c3b473b95a5253410b33d71c50bf5f0d5423532bc0afa617d4316?s=96&d=mm&r=g\",\"contentUrl\":\"https:\\\/\\\/secure.gravatar.com\\\/avatar\\\/74706914812c3b473b95a5253410b33d71c50bf5f0d5423532bc0afa617d4316?s=96&d=mm&r=g\",\"caption\":\"Prubs214s\"},\"url\":\"https:\\\/\\\/m2camper.com\\\/es\\\/author\\\/prubs214s\\\/\"}]}<\/script>\n<!-- \/ Yoast SEO plugin. -->","yoast_head_json":{"title":"C\u00f3mo mejorar la eficiencia energ\u00e9tica de tu veh\u00edculo con aislantes t\u00e9rmicos para autocaravanas - M2 Camper | Aislantes t\u00e9rmicos y oscurecedores para campers","robots":{"index":"index","follow":"follow","max-snippet":"max-snippet:-1","max-image-preview":"max-image-preview:large","max-video-preview":"max-video-preview:-1"},"canonical":"https:\/\/m2camper.com\/es\/como-mejorar-la-eficiencia-energetica-de-tu-vehiculo-con-aislantes-termicos-para-autocaravanas\/","og_locale":"es_ES","og_type":"article","og_title":"C\u00f3mo mejorar la eficiencia energ\u00e9tica de tu veh\u00edculo con aislantes t\u00e9rmicos para autocaravanas - M2 Camper | Aislantes t\u00e9rmicos y oscurecedores para campers","og_description":"Aislantes t\u00e9rmicos para autocaravanas: ahorro y comodidad en tu aventura Viajar en camper es una forma de vida que combina libertad, aventura y contacto directo con la naturaleza. Pero para que cada trayecto sea realmente c\u00f3modo, es fundamental contar con un sistema t\u00e9rmico eficiente que permita mantener una temperatura interior agradable sin depender en exceso&hellip;&nbsp;Leer m\u00e1s &raquo;C\u00f3mo mejorar la eficiencia energ\u00e9tica de tu veh\u00edculo con aislantes t\u00e9rmicos para autocaravanas","og_url":"https:\/\/m2camper.com\/es\/como-mejorar-la-eficiencia-energetica-de-tu-vehiculo-con-aislantes-termicos-para-autocaravanas\/","og_site_name":"M2 Camper | Aislantes t\u00e9rmicos y oscurecedores para campers","article_published_time":"2025-05-05T08:33:11+00:00","article_modified_time":"2025-05-27T08:11:29+00:00","og_image":[{"width":2000,"height":1414,"url":"https:\/\/m2camper.com\/wp-content\/uploads\/2025\/04\/aislante-para-furgos-1.jpg","type":"image\/jpeg"}],"author":"Prubs214s","twitter_card":"summary_large_image","twitter_misc":{"Escrito por":"Prubs214s","Tiempo de lectura":"5 minutos"},"schema":{"@context":"https:\/\/schema.org","@graph":[{"@type":"Article","@id":"https:\/\/m2camper.com\/como-mejorar-la-eficiencia-energetica-de-tu-vehiculo-con-aislantes-termicos-para-autocaravanas\/#article","isPartOf":{"@id":"https:\/\/m2camper.com\/como-mejorar-la-eficiencia-energetica-de-tu-vehiculo-con-aislantes-termicos-para-autocaravanas\/"},"author":{"name":"Prubs214s","@id":"https:\/\/m2camper.com\/pt\/#\/schema\/person\/ad1e681f60b2e23c9b88a93e6d3feab3"},"headline":"C\u00f3mo mejorar la eficiencia energ\u00e9tica de tu veh\u00edculo con aislantes t\u00e9rmicos para autocaravanas","datePublished":"2025-05-05T08:33:11+00:00","dateModified":"2025-05-27T08:11:29+00:00","mainEntityOfPage":{"@id":"https:\/\/m2camper.com\/como-mejorar-la-eficiencia-energetica-de-tu-vehiculo-con-aislantes-termicos-para-autocaravanas\/"},"wordCount":968,"image":{"@id":"https:\/\/m2camper.com\/como-mejorar-la-eficiencia-energetica-de-tu-vehiculo-con-aislantes-termicos-para-autocaravanas\/#primaryimage"},"thumbnailUrl":"https:\/\/m2camper.com\/wp-content\/uploads\/2025\/04\/aislante-para-furgos-1.jpg","keywords":["Aislantes t\u00e9rmicos para autocaravanas"],"articleSection":["Aislantes t\u00e9rmicos"],"inLanguage":"es"},{"@type":"WebPage","@id":"https:\/\/m2camper.com\/como-mejorar-la-eficiencia-energetica-de-tu-vehiculo-con-aislantes-termicos-para-autocaravanas\/","url":"https:\/\/m2camper.com\/como-mejorar-la-eficiencia-energetica-de-tu-vehiculo-con-aislantes-termicos-para-autocaravanas\/","name":"C\u00f3mo mejorar la eficiencia energ\u00e9tica de tu veh\u00edculo con aislantes t\u00e9rmicos para autocaravanas - M2 Camper | Aislantes t\u00e9rmicos y oscurecedores para campers","isPartOf":{"@id":"https:\/\/m2camper.com\/pt\/#website"},"primaryImageOfPage":{"@id":"https:\/\/m2camper.com\/como-mejorar-la-eficiencia-energetica-de-tu-vehiculo-con-aislantes-termicos-para-autocaravanas\/#primaryimage"},"image":{"@id":"https:\/\/m2camper.com\/como-mejorar-la-eficiencia-energetica-de-tu-vehiculo-con-aislantes-termicos-para-autocaravanas\/#primaryimage"},"thumbnailUrl":"https:\/\/m2camper.com\/wp-content\/uploads\/2025\/04\/aislante-para-furgos-1.jpg","datePublished":"2025-05-05T08:33:11+00:00","dateModified":"2025-05-27T08:11:29+00:00","author":{"@id":"https:\/\/m2camper.com\/pt\/#\/schema\/person\/ad1e681f60b2e23c9b88a93e6d3feab3"},"breadcrumb":{"@id":"https:\/\/m2camper.com\/como-mejorar-la-eficiencia-energetica-de-tu-vehiculo-con-aislantes-termicos-para-autocaravanas\/#breadcrumb"},"inLanguage":"es","potentialAction":[{"@type":"ReadAction","target":["https:\/\/m2camper.com\/como-mejorar-la-eficiencia-energetica-de-tu-vehiculo-con-aislantes-termicos-para-autocaravanas\/"]}]},{"@type":"ImageObject","inLanguage":"es","@id":"https:\/\/m2camper.com\/como-mejorar-la-eficiencia-energetica-de-tu-vehiculo-con-aislantes-termicos-para-autocaravanas\/#primaryimage","url":"https:\/\/m2camper.com\/wp-content\/uploads\/2025\/04\/aislante-para-furgos-1.jpg","contentUrl":"https:\/\/m2camper.com\/wp-content\/uploads\/2025\/04\/aislante-para-furgos-1.jpg","width":2000,"height":1414},{"@type":"BreadcrumbList","@id":"https:\/\/m2camper.com\/como-mejorar-la-eficiencia-energetica-de-tu-vehiculo-con-aislantes-termicos-para-autocaravanas\/#breadcrumb","itemListElement":[{"@type":"ListItem","position":1,"name":"Portada","item":"https:\/\/m2camper.com\/pt\/"},{"@type":"ListItem","position":2,"name":"C\u00f3mo mejorar la eficiencia energ\u00e9tica de tu veh\u00edculo con aislantes t\u00e9rmicos para autocaravanas"}]},{"@type":"WebSite","@id":"https:\/\/m2camper.com\/pt\/#website","url":"https:\/\/m2camper.com\/pt\/","name":"M2 Campers | Aislantes t\u00e9rmicos y oscurecedores para campers","description":"Descubre calidad y confort de nuestros aislantes t\u00e9rmicos oscurecedores y colchones para veh\u00edculos. Optimiza tu experiencia en carretera con M2 Camper.","potentialAction":[{"@type":"SearchAction","target":{"@type":"EntryPoint","urlTemplate":"https:\/\/m2camper.com\/pt\/?s={search_term_string}"},"query-input":{"@type":"PropertyValueSpecification","valueRequired":true,"valueName":"search_term_string"}}],"inLanguage":"es"},{"@type":"Person","@id":"https:\/\/m2camper.com\/pt\/#\/schema\/person\/ad1e681f60b2e23c9b88a93e6d3feab3","name":"Prubs214s","image":{"@type":"ImageObject","inLanguage":"es","@id":"https:\/\/secure.gravatar.com\/avatar\/74706914812c3b473b95a5253410b33d71c50bf5f0d5423532bc0afa617d4316?s=96&d=mm&r=g","url":"https:\/\/secure.gravatar.com\/avatar\/74706914812c3b473b95a5253410b33d71c50bf5f0d5423532bc0afa617d4316?s=96&d=mm&r=g","contentUrl":"https:\/\/secure.gravatar.com\/avatar\/74706914812c3b473b95a5253410b33d71c50bf5f0d5423532bc0afa617d4316?s=96&d=mm&r=g","caption":"Prubs214s"},"url":"https:\/\/m2camper.com\/es\/author\/prubs214s\/"}]}},"_links":{"self":[{"href":"https:\/\/m2camper.com\/es\/wp-json\/wp\/v2\/posts\/13560","targetHints":{"allow":["GET"]}}],"collection":[{"href":"https:\/\/m2camper.com\/es\/wp-json\/wp\/v2\/posts"}],"about":[{"href":"https:\/\/m2camper.com\/es\/wp-json\/wp\/v2\/types\/post"}],"author":[{"embeddable":true,"href":"https:\/\/m2camper.com\/es\/wp-json\/wp\/v2\/users\/5741"}],"replies":[{"embeddable":true,"href":"https:\/\/m2camper.com\/es\/wp-json\/wp\/v2\/comments?post=13560"}],"version-history":[{"count":4,"href":"https:\/\/m2camper.com\/es\/wp-json\/wp\/v2\/posts\/13560\/revisions"}],"predecessor-version":[{"id":13727,"href":"https:\/\/m2camper.com\/es\/wp-json\/wp\/v2\/posts\/13560\/revisions\/13727"}],"wp:featuredmedia":[{"embeddable":true,"href":"https:\/\/m2camper.com\/es\/wp-json\/wp\/v2\/media\/13618"}],"wp:attachment":[{"href":"https:\/\/m2camper.com\/es\/wp-json\/wp\/v2\/media?parent=13560"}],"wp:term":[{"taxonomy":"category","embeddable":true,"href":"https:\/\/m2camper.com\/es\/wp-json\/wp\/v2\/categories?post=13560"},{"taxonomy":"post_tag","embeddable":true,"href":"https:\/\/m2camper.com\/es\/wp-json\/wp\/v2\/tags?post=13560"}],"curies":[{"name":"wp","href":"https:\/\/api.w.org\/{rel}","templated":true}]}}