{"id":11533,"date":"2023-11-05T10:06:26","date_gmt":"2023-11-05T10:06:26","guid":{"rendered":"https:\/\/ultbit.com\/m2camper\/?p=11533"},"modified":"2025-02-06T10:41:13","modified_gmt":"2025-02-06T10:41:13","slug":"aislantes-termicos-para-ventanas-de-vehiculos-camper-guia-completa-para-optimizar-tu-viaje","status":"publish","type":"post","link":"https:\/\/m2camper.com\/es\/aislantes-termicos-para-ventanas-de-vehiculos-camper-guia-completa-para-optimizar-tu-viaje\/","title":{"rendered":"Aislantes T\u00e9rmicos para Ventanas de Veh\u00edculos Camper: Gu\u00eda Completa para Optimizar tu Viaje"},"content":{"rendered":"<div data-breakout=\"normal\">\n<p id=\"viewer-foo\" class=\"cqfST cQRuq WGebp jTM--\" dir=\"auto\"><span class=\"_61ACD\">\u00a1Bienvenidos a la gu\u00eda definitiva sobre aislantes t\u00e9rmicos para ventanas de veh\u00edculos camper!<\/span><\/p>\n<\/div>\n<div data-breakout=\"normal\">\n<p id=\"viewer-a3q75\" class=\"cqfST cQRuq WGebp jTM--\" dir=\"auto\"><span class=\"_61ACD\">Los veh\u00edculos camper han ganado popularidad como el ep\u00edtome de la libertad en viajes. Sin embargo, para garantizar una experiencia c\u00f3moda y eficiente en todas las estaciones, es esencial considerar la eficiencia energ\u00e9tica y la comodidad en tu hogar rodante.<\/span><\/p>\n<\/div>\n<div data-breakout=\"normal\">\n<p id=\"viewer-26lut\" class=\"cqfST cQRuq WGebp jTM--\" dir=\"auto\"><span class=\"_61ACD\">Los aislantes t\u00e9rmicos para ventanas son aliados indispensables en este viaje. Estos accesorios, aparentemente simples, pueden marcar una gran diferencia, especialmente en climas extremos.<\/span><\/p>\n<\/div>\n<h3><span style=\"color: #000000;\">\u00bfPor qu\u00e9 son Cruciales los Aislantes T\u00e9rmicos para Ventanas de Veh\u00edculos Camper?<\/span><\/h3>\n<div data-breakout=\"normal\">\n<ol class=\"xkVfi WGebp\">\n<li class=\"fGYqH\" dir=\"auto\" aria-level=\"1\">\n<p id=\"viewer-75mik\" class=\"cqfST cQRuq WGebp jTM--\" dir=\"\"><span class=\"_61ACD\"><strong>Regulaci\u00f3n T\u00e9rmica<\/strong>: Las ventanas son puntos cr\u00edticos para la p\u00e9rdida o ganancia de calor. Los aislantes t\u00e9rmicos estabilizan la temperatura interna, reduciendo la dependencia de sistemas de calefacci\u00f3n o aire acondicionado.<\/span><\/p>\n<\/li>\n<li class=\"fGYqH\" dir=\"auto\" aria-level=\"1\">\n<p id=\"viewer-7b2g4\" class=\"cqfST cQRuq WGebp jTM--\" dir=\"\"><span class=\"_61ACD\"><strong>Privacidad y Confort<\/strong>: Adem\u00e1s de regular la temperatura, brindan privacidad adicional y reducen la entrada de luz, mejorando la calidad del descanso en cualquier momento del d\u00eda.<\/span><\/p>\n<\/li>\n<li class=\"fGYqH\" dir=\"auto\" aria-level=\"1\">\n<p id=\"viewer-9hp4\" class=\"cqfST cQRuq WGebp jTM--\" dir=\"\"><span class=\"_61ACD\"><strong>Ahorro Energ\u00e9tico<\/strong>: Reducen la p\u00e9rdida o ganancia de calor no deseada, optimizando el consumo de energ\u00eda y prolongando la autonom\u00eda de tu veh\u00edculo.<\/span><\/p>\n<\/li>\n<\/ol>\n<\/div>\n<div data-breakout=\"normal\">\n<h3 id=\"viewer-5te3p\" class=\"jZpvm scQlf WGebp jTM--\" dir=\"auto\"><span class=\"hpUmk\" style=\"color: #000000;\">Optimiza tu Viaje: Aislantes T\u00e9rmicos para Ventanas en Veh\u00edculos Camper<\/span><\/h3>\n<\/div>\n<div data-breakout=\"normal\">\n<p id=\"viewer-84sqd\" class=\"cqfST cQRuq WGebp jTM--\" dir=\"auto\"><span class=\"_61ACD\">Los aislantes t\u00e9rmicos para ventanas son inversiones inteligentes que pueden mejorar significativamente tu experiencia en la carretera, sin importar las condiciones clim\u00e1ticas.<\/span><\/p>\n<\/div>\n<div data-breakout=\"normal\">\n<p id=\"viewer-c1c76\" class=\"cqfST cQRuq WGebp jTM--\" dir=\"auto\"><span class=\"_61ACD\">\u00bfHas usado aislantes t\u00e9rmicos para ventanas en tu veh\u00edculo camper? \u00a1Comparte tus experiencias y estrategias para maximizar la eficiencia energ\u00e9tica en tus viajes en la secci\u00f3n de comentarios!<\/span><\/p>\n<\/div>\n<div data-breakout=\"normal\">\n<p id=\"viewer-3gqnm\" class=\"cqfST cQRuq WGebp jTM--\" dir=\"auto\"><span class=\"_61ACD\">Prepara tu veh\u00edculo camper para todas las estaciones y disfruta de viajes m\u00e1s confortables y sostenibles.<\/span><\/p>\n<\/div>\n<div data-breakout=\"normal\">\n<p id=\"viewer-ba2b\" class=\"cqfST cQRuq WGebp jTM--\" dir=\"auto\"><span class=\"_61ACD\">\u00a1Hasta la pr\u00f3xima aventura!<\/span><\/p>\n<\/div>\n<div data-breakout=\"normal\">\n<p id=\"viewer-264ua\" class=\"cqfST cQRuq WGebp jTM--\" dir=\"auto\"><span class=\"_61ACD\"><em>\u00a1Recuerda, un viaje c\u00f3modo es un viaje inolvidable!<\/em><\/span><\/p>\n<\/div>\n<div data-hook=\"rcv-block14\"><img fetchpriority=\"high\" decoding=\"async\" class=\"alignnone size-full wp-image-859\" src=\"https:\/\/m2camper.com\/wp-content\/uploads\/2025\/01\/60c9aa_043fe0d0f62746ae9da64fbe1b1a146amv2-scaled.jpg\" alt=\"\" width=\"2560\" height=\"1915\" srcset=\"https:\/\/m2camper.com\/wp-content\/uploads\/2025\/01\/60c9aa_043fe0d0f62746ae9da64fbe1b1a146amv2-scaled.jpg 2560w, https:\/\/m2camper.com\/wp-content\/uploads\/2025\/01\/60c9aa_043fe0d0f62746ae9da64fbe1b1a146amv2-scaled-300x224.jpg 300w, https:\/\/m2camper.com\/wp-content\/uploads\/2025\/01\/60c9aa_043fe0d0f62746ae9da64fbe1b1a146amv2-scaled-600x449.jpg 600w\" sizes=\"(max-width: 2560px) 100vw, 2560px\" \/><\/div>\n<div data-breakout=\"normal\">\n<div id=\"viewer-3m719\" class=\"KqKMh\">\n<div class=\"eK2xv ytibG\">\n<figure class=\"P29V1\">\n<div class=\"CuIEU\" data-hook=\"imageViewer\">\n<div id=\"3m719\" class=\"KfAFF ApRDe _84uzj\"><\/div>\n<\/div>\n<\/figure>\n<\/div>\n<\/div>\n<\/div>\n","protected":false},"excerpt":{"rendered":"<p>\u00a1Bienvenidos a la gu\u00eda definitiva sobre aislantes t\u00e9rmicos para ventanas de veh\u00edculos camper! Los veh\u00edculos camper han ganado popularidad como el ep\u00edtome de la libertad en viajes. Sin embargo, para garantizar una experiencia c\u00f3moda y eficiente en todas las estaciones, es esencial considerar la eficiencia energ\u00e9tica y la comodidad en tu hogar rodante. Los aislantes&hellip;&nbsp;<a href=\"https:\/\/m2camper.com\/es\/aislantes-termicos-para-ventanas-de-vehiculos-camper-guia-completa-para-optimizar-tu-viaje\/\" rel=\"bookmark\">Leer m\u00e1s &raquo;<span class=\"screen-reader-text\">Aislantes T\u00e9rmicos para Ventanas de Veh\u00edculos Camper: Gu\u00eda Completa para Optimizar tu Viaje<\/span><\/a><\/p>\n","protected":false},"author":5740,"featured_media":859,"comment_status":"open","ping_status":"open","sticky":false,"template":"","format":"standard","meta":{"neve_meta_sidebar":"","neve_meta_container":"","neve_meta_enable_content_width":"off","neve_meta_content_width":70,"neve_meta_title_alignment":"","neve_meta_author_avatar":"","neve_post_elements_order":"","neve_meta_disable_header":"","neve_meta_disable_footer":"","neve_meta_disable_title":"","footnotes":""},"categories":[1],"tags":[],"class_list":["post-11533","post","type-post","status-publish","format-standard","has-post-thumbnail","hentry","category-uncategorized"],"yoast_head":"<!-- This site is optimized with the Yoast SEO plugin v27.4 - https:\/\/yoast.com\/product\/yoast-seo-wordpress\/ -->\n<title>Aislantes T\u00e9rmicos para Ventanas de Veh\u00edculos Camper: Gu\u00eda Completa para Optimizar tu Viaje - M2 Camper | Aislantes t\u00e9rmicos y oscurecedores para campers<\/title>\n<meta name=\"robots\" content=\"index, follow, max-snippet:-1, max-image-preview:large, max-video-preview:-1\" \/>\n<link rel=\"canonical\" href=\"https:\/\/m2camper.com\/es\/aislantes-termicos-para-ventanas-de-vehiculos-camper-guia-completa-para-optimizar-tu-viaje\/\" \/>\n<meta property=\"og:locale\" content=\"es_ES\" \/>\n<meta property=\"og:type\" content=\"article\" \/>\n<meta property=\"og:title\" content=\"Aislantes T\u00e9rmicos para Ventanas de Veh\u00edculos Camper: Gu\u00eda Completa para Optimizar tu Viaje - M2 Camper | Aislantes t\u00e9rmicos y oscurecedores para campers\" \/>\n<meta property=\"og:description\" content=\"\u00a1Bienvenidos a la gu\u00eda definitiva sobre aislantes t\u00e9rmicos para ventanas de veh\u00edculos camper! Los veh\u00edculos camper han ganado popularidad como el ep\u00edtome de la libertad en viajes. Sin embargo, para garantizar una experiencia c\u00f3moda y eficiente en todas las estaciones, es esencial considerar la eficiencia energ\u00e9tica y la comodidad en tu hogar rodante. Los aislantes&hellip;&nbsp;Leer m\u00e1s &raquo;Aislantes T\u00e9rmicos para Ventanas de Veh\u00edculos Camper: Gu\u00eda Completa para Optimizar tu Viaje\" \/>\n<meta property=\"og:url\" content=\"https:\/\/m2camper.com\/es\/aislantes-termicos-para-ventanas-de-vehiculos-camper-guia-completa-para-optimizar-tu-viaje\/\" \/>\n<meta property=\"og:site_name\" content=\"M2 Camper | Aislantes t\u00e9rmicos y oscurecedores para campers\" \/>\n<meta property=\"article:published_time\" content=\"2023-11-05T10:06:26+00:00\" \/>\n<meta property=\"article:modified_time\" content=\"2025-02-06T10:41:13+00:00\" \/>\n<meta property=\"og:image\" content=\"https:\/\/m2camper.com\/wp-content\/uploads\/2025\/01\/60c9aa_043fe0d0f62746ae9da64fbe1b1a146amv2-scaled.jpg\" \/>\n\t<meta property=\"og:image:width\" content=\"2560\" \/>\n\t<meta property=\"og:image:height\" content=\"1915\" \/>\n\t<meta property=\"og:image:type\" content=\"image\/jpeg\" \/>\n<meta name=\"author\" content=\"carlos\" \/>\n<meta name=\"twitter:card\" content=\"summary_large_image\" \/>\n<meta name=\"twitter:label1\" content=\"Escrito por\" \/>\n\t<meta name=\"twitter:data1\" content=\"carlos\" \/>\n\t<meta name=\"twitter:label2\" content=\"Tiempo de lectura\" \/>\n\t<meta name=\"twitter:data2\" content=\"1 minuto\" \/>\n<script type=\"application\/ld+json\" class=\"yoast-schema-graph\">{\"@context\":\"https:\\\/\\\/schema.org\",\"@graph\":[{\"@type\":\"Article\",\"@id\":\"https:\\\/\\\/m2camper.com\\\/aislantes-termicos-para-ventanas-de-vehiculos-camper-guia-completa-para-optimizar-tu-viaje\\\/#article\",\"isPartOf\":{\"@id\":\"https:\\\/\\\/m2camper.com\\\/aislantes-termicos-para-ventanas-de-vehiculos-camper-guia-completa-para-optimizar-tu-viaje\\\/\"},\"author\":{\"name\":\"carlos\",\"@id\":\"https:\\\/\\\/m2camper.com\\\/pt\\\/#\\\/schema\\\/person\\\/d003f4147a0469cbf1c77ba1bebdb1bb\"},\"headline\":\"Aislantes T\u00e9rmicos para Ventanas de Veh\u00edculos Camper: Gu\u00eda Completa para Optimizar tu Viaje\",\"datePublished\":\"2023-11-05T10:06:26+00:00\",\"dateModified\":\"2025-02-06T10:41:13+00:00\",\"mainEntityOfPage\":{\"@id\":\"https:\\\/\\\/m2camper.com\\\/aislantes-termicos-para-ventanas-de-vehiculos-camper-guia-completa-para-optimizar-tu-viaje\\\/\"},\"wordCount\":309,\"commentCount\":0,\"image\":{\"@id\":\"https:\\\/\\\/m2camper.com\\\/aislantes-termicos-para-ventanas-de-vehiculos-camper-guia-completa-para-optimizar-tu-viaje\\\/#primaryimage\"},\"thumbnailUrl\":\"https:\\\/\\\/m2camper.com\\\/wp-content\\\/uploads\\\/2025\\\/01\\\/60c9aa_043fe0d0f62746ae9da64fbe1b1a146amv2-scaled.jpg\",\"articleSection\":[\"Uncategorized\"],\"inLanguage\":\"es\",\"potentialAction\":[{\"@type\":\"CommentAction\",\"name\":\"Comment\",\"target\":[\"https:\\\/\\\/m2camper.com\\\/aislantes-termicos-para-ventanas-de-vehiculos-camper-guia-completa-para-optimizar-tu-viaje\\\/#respond\"]}]},{\"@type\":\"WebPage\",\"@id\":\"https:\\\/\\\/m2camper.com\\\/aislantes-termicos-para-ventanas-de-vehiculos-camper-guia-completa-para-optimizar-tu-viaje\\\/\",\"url\":\"https:\\\/\\\/m2camper.com\\\/aislantes-termicos-para-ventanas-de-vehiculos-camper-guia-completa-para-optimizar-tu-viaje\\\/\",\"name\":\"Aislantes T\u00e9rmicos para Ventanas de Veh\u00edculos Camper: Gu\u00eda Completa para Optimizar tu Viaje - M2 Camper | Aislantes t\u00e9rmicos y oscurecedores para campers\",\"isPartOf\":{\"@id\":\"https:\\\/\\\/m2camper.com\\\/pt\\\/#website\"},\"primaryImageOfPage\":{\"@id\":\"https:\\\/\\\/m2camper.com\\\/aislantes-termicos-para-ventanas-de-vehiculos-camper-guia-completa-para-optimizar-tu-viaje\\\/#primaryimage\"},\"image\":{\"@id\":\"https:\\\/\\\/m2camper.com\\\/aislantes-termicos-para-ventanas-de-vehiculos-camper-guia-completa-para-optimizar-tu-viaje\\\/#primaryimage\"},\"thumbnailUrl\":\"https:\\\/\\\/m2camper.com\\\/wp-content\\\/uploads\\\/2025\\\/01\\\/60c9aa_043fe0d0f62746ae9da64fbe1b1a146amv2-scaled.jpg\",\"datePublished\":\"2023-11-05T10:06:26+00:00\",\"dateModified\":\"2025-02-06T10:41:13+00:00\",\"author\":{\"@id\":\"https:\\\/\\\/m2camper.com\\\/pt\\\/#\\\/schema\\\/person\\\/d003f4147a0469cbf1c77ba1bebdb1bb\"},\"breadcrumb\":{\"@id\":\"https:\\\/\\\/m2camper.com\\\/aislantes-termicos-para-ventanas-de-vehiculos-camper-guia-completa-para-optimizar-tu-viaje\\\/#breadcrumb\"},\"inLanguage\":\"es\",\"potentialAction\":[{\"@type\":\"ReadAction\",\"target\":[\"https:\\\/\\\/m2camper.com\\\/aislantes-termicos-para-ventanas-de-vehiculos-camper-guia-completa-para-optimizar-tu-viaje\\\/\"]}]},{\"@type\":\"ImageObject\",\"inLanguage\":\"es\",\"@id\":\"https:\\\/\\\/m2camper.com\\\/aislantes-termicos-para-ventanas-de-vehiculos-camper-guia-completa-para-optimizar-tu-viaje\\\/#primaryimage\",\"url\":\"https:\\\/\\\/m2camper.com\\\/wp-content\\\/uploads\\\/2025\\\/01\\\/60c9aa_043fe0d0f62746ae9da64fbe1b1a146amv2-scaled.jpg\",\"contentUrl\":\"https:\\\/\\\/m2camper.com\\\/wp-content\\\/uploads\\\/2025\\\/01\\\/60c9aa_043fe0d0f62746ae9da64fbe1b1a146amv2-scaled.jpg\",\"width\":2560,\"height\":1915},{\"@type\":\"BreadcrumbList\",\"@id\":\"https:\\\/\\\/m2camper.com\\\/aislantes-termicos-para-ventanas-de-vehiculos-camper-guia-completa-para-optimizar-tu-viaje\\\/#breadcrumb\",\"itemListElement\":[{\"@type\":\"ListItem\",\"position\":1,\"name\":\"Portada\",\"item\":\"https:\\\/\\\/m2camper.com\\\/pt\\\/\"},{\"@type\":\"ListItem\",\"position\":2,\"name\":\"Aislantes T\u00e9rmicos para Ventanas de Veh\u00edculos Camper: Gu\u00eda Completa para Optimizar tu Viaje\"}]},{\"@type\":\"WebSite\",\"@id\":\"https:\\\/\\\/m2camper.com\\\/pt\\\/#website\",\"url\":\"https:\\\/\\\/m2camper.com\\\/pt\\\/\",\"name\":\"M2 Campers | Aislantes t\u00e9rmicos y oscurecedores para campers\",\"description\":\"Descubre calidad y confort de nuestros aislantes t\u00e9rmicos oscurecedores y colchones para veh\u00edculos. Optimiza tu experiencia en carretera con M2 Camper.\",\"potentialAction\":[{\"@type\":\"SearchAction\",\"target\":{\"@type\":\"EntryPoint\",\"urlTemplate\":\"https:\\\/\\\/m2camper.com\\\/pt\\\/?s={search_term_string}\"},\"query-input\":{\"@type\":\"PropertyValueSpecification\",\"valueRequired\":true,\"valueName\":\"search_term_string\"}}],\"inLanguage\":\"es\"},{\"@type\":\"Person\",\"@id\":\"https:\\\/\\\/m2camper.com\\\/pt\\\/#\\\/schema\\\/person\\\/d003f4147a0469cbf1c77ba1bebdb1bb\",\"name\":\"carlos\",\"image\":{\"@type\":\"ImageObject\",\"inLanguage\":\"es\",\"@id\":\"https:\\\/\\\/secure.gravatar.com\\\/avatar\\\/ab10b60551e807f6b37d54bb09e40bc41b08e3828d46504634ad6f35da1b46dc?s=96&d=mm&r=g\",\"url\":\"https:\\\/\\\/secure.gravatar.com\\\/avatar\\\/ab10b60551e807f6b37d54bb09e40bc41b08e3828d46504634ad6f35da1b46dc?s=96&d=mm&r=g\",\"contentUrl\":\"https:\\\/\\\/secure.gravatar.com\\\/avatar\\\/ab10b60551e807f6b37d54bb09e40bc41b08e3828d46504634ad6f35da1b46dc?s=96&d=mm&r=g\",\"caption\":\"carlos\"},\"url\":\"https:\\\/\\\/m2camper.com\\\/es\\\/author\\\/carlos\\\/\"}]}<\/script>\n<!-- \/ Yoast SEO plugin. -->","yoast_head_json":{"title":"Aislantes T\u00e9rmicos para Ventanas de Veh\u00edculos Camper: Gu\u00eda Completa para Optimizar tu Viaje - M2 Camper | Aislantes t\u00e9rmicos y oscurecedores para campers","robots":{"index":"index","follow":"follow","max-snippet":"max-snippet:-1","max-image-preview":"max-image-preview:large","max-video-preview":"max-video-preview:-1"},"canonical":"https:\/\/m2camper.com\/es\/aislantes-termicos-para-ventanas-de-vehiculos-camper-guia-completa-para-optimizar-tu-viaje\/","og_locale":"es_ES","og_type":"article","og_title":"Aislantes T\u00e9rmicos para Ventanas de Veh\u00edculos Camper: Gu\u00eda Completa para Optimizar tu Viaje - M2 Camper | Aislantes t\u00e9rmicos y oscurecedores para campers","og_description":"\u00a1Bienvenidos a la gu\u00eda definitiva sobre aislantes t\u00e9rmicos para ventanas de veh\u00edculos camper! Los veh\u00edculos camper han ganado popularidad como el ep\u00edtome de la libertad en viajes. Sin embargo, para garantizar una experiencia c\u00f3moda y eficiente en todas las estaciones, es esencial considerar la eficiencia energ\u00e9tica y la comodidad en tu hogar rodante. Los aislantes&hellip;&nbsp;Leer m\u00e1s &raquo;Aislantes T\u00e9rmicos para Ventanas de Veh\u00edculos Camper: Gu\u00eda Completa para Optimizar tu Viaje","og_url":"https:\/\/m2camper.com\/es\/aislantes-termicos-para-ventanas-de-vehiculos-camper-guia-completa-para-optimizar-tu-viaje\/","og_site_name":"M2 Camper | Aislantes t\u00e9rmicos y oscurecedores para campers","article_published_time":"2023-11-05T10:06:26+00:00","article_modified_time":"2025-02-06T10:41:13+00:00","og_image":[{"width":2560,"height":1915,"url":"https:\/\/m2camper.com\/wp-content\/uploads\/2025\/01\/60c9aa_043fe0d0f62746ae9da64fbe1b1a146amv2-scaled.jpg","type":"image\/jpeg"}],"author":"carlos","twitter_card":"summary_large_image","twitter_misc":{"Escrito por":"carlos","Tiempo de lectura":"1 minuto"},"schema":{"@context":"https:\/\/schema.org","@graph":[{"@type":"Article","@id":"https:\/\/m2camper.com\/aislantes-termicos-para-ventanas-de-vehiculos-camper-guia-completa-para-optimizar-tu-viaje\/#article","isPartOf":{"@id":"https:\/\/m2camper.com\/aislantes-termicos-para-ventanas-de-vehiculos-camper-guia-completa-para-optimizar-tu-viaje\/"},"author":{"name":"carlos","@id":"https:\/\/m2camper.com\/pt\/#\/schema\/person\/d003f4147a0469cbf1c77ba1bebdb1bb"},"headline":"Aislantes T\u00e9rmicos para Ventanas de Veh\u00edculos Camper: Gu\u00eda Completa para Optimizar tu Viaje","datePublished":"2023-11-05T10:06:26+00:00","dateModified":"2025-02-06T10:41:13+00:00","mainEntityOfPage":{"@id":"https:\/\/m2camper.com\/aislantes-termicos-para-ventanas-de-vehiculos-camper-guia-completa-para-optimizar-tu-viaje\/"},"wordCount":309,"commentCount":0,"image":{"@id":"https:\/\/m2camper.com\/aislantes-termicos-para-ventanas-de-vehiculos-camper-guia-completa-para-optimizar-tu-viaje\/#primaryimage"},"thumbnailUrl":"https:\/\/m2camper.com\/wp-content\/uploads\/2025\/01\/60c9aa_043fe0d0f62746ae9da64fbe1b1a146amv2-scaled.jpg","articleSection":["Uncategorized"],"inLanguage":"es","potentialAction":[{"@type":"CommentAction","name":"Comment","target":["https:\/\/m2camper.com\/aislantes-termicos-para-ventanas-de-vehiculos-camper-guia-completa-para-optimizar-tu-viaje\/#respond"]}]},{"@type":"WebPage","@id":"https:\/\/m2camper.com\/aislantes-termicos-para-ventanas-de-vehiculos-camper-guia-completa-para-optimizar-tu-viaje\/","url":"https:\/\/m2camper.com\/aislantes-termicos-para-ventanas-de-vehiculos-camper-guia-completa-para-optimizar-tu-viaje\/","name":"Aislantes T\u00e9rmicos para Ventanas de Veh\u00edculos Camper: Gu\u00eda Completa para Optimizar tu Viaje - M2 Camper | Aislantes t\u00e9rmicos y oscurecedores para campers","isPartOf":{"@id":"https:\/\/m2camper.com\/pt\/#website"},"primaryImageOfPage":{"@id":"https:\/\/m2camper.com\/aislantes-termicos-para-ventanas-de-vehiculos-camper-guia-completa-para-optimizar-tu-viaje\/#primaryimage"},"image":{"@id":"https:\/\/m2camper.com\/aislantes-termicos-para-ventanas-de-vehiculos-camper-guia-completa-para-optimizar-tu-viaje\/#primaryimage"},"thumbnailUrl":"https:\/\/m2camper.com\/wp-content\/uploads\/2025\/01\/60c9aa_043fe0d0f62746ae9da64fbe1b1a146amv2-scaled.jpg","datePublished":"2023-11-05T10:06:26+00:00","dateModified":"2025-02-06T10:41:13+00:00","author":{"@id":"https:\/\/m2camper.com\/pt\/#\/schema\/person\/d003f4147a0469cbf1c77ba1bebdb1bb"},"breadcrumb":{"@id":"https:\/\/m2camper.com\/aislantes-termicos-para-ventanas-de-vehiculos-camper-guia-completa-para-optimizar-tu-viaje\/#breadcrumb"},"inLanguage":"es","potentialAction":[{"@type":"ReadAction","target":["https:\/\/m2camper.com\/aislantes-termicos-para-ventanas-de-vehiculos-camper-guia-completa-para-optimizar-tu-viaje\/"]}]},{"@type":"ImageObject","inLanguage":"es","@id":"https:\/\/m2camper.com\/aislantes-termicos-para-ventanas-de-vehiculos-camper-guia-completa-para-optimizar-tu-viaje\/#primaryimage","url":"https:\/\/m2camper.com\/wp-content\/uploads\/2025\/01\/60c9aa_043fe0d0f62746ae9da64fbe1b1a146amv2-scaled.jpg","contentUrl":"https:\/\/m2camper.com\/wp-content\/uploads\/2025\/01\/60c9aa_043fe0d0f62746ae9da64fbe1b1a146amv2-scaled.jpg","width":2560,"height":1915},{"@type":"BreadcrumbList","@id":"https:\/\/m2camper.com\/aislantes-termicos-para-ventanas-de-vehiculos-camper-guia-completa-para-optimizar-tu-viaje\/#breadcrumb","itemListElement":[{"@type":"ListItem","position":1,"name":"Portada","item":"https:\/\/m2camper.com\/pt\/"},{"@type":"ListItem","position":2,"name":"Aislantes T\u00e9rmicos para Ventanas de Veh\u00edculos Camper: Gu\u00eda Completa para Optimizar tu Viaje"}]},{"@type":"WebSite","@id":"https:\/\/m2camper.com\/pt\/#website","url":"https:\/\/m2camper.com\/pt\/","name":"M2 Campers | Aislantes t\u00e9rmicos y oscurecedores para campers","description":"Descubre calidad y confort de nuestros aislantes t\u00e9rmicos oscurecedores y colchones para veh\u00edculos. Optimiza tu experiencia en carretera con M2 Camper.","potentialAction":[{"@type":"SearchAction","target":{"@type":"EntryPoint","urlTemplate":"https:\/\/m2camper.com\/pt\/?s={search_term_string}"},"query-input":{"@type":"PropertyValueSpecification","valueRequired":true,"valueName":"search_term_string"}}],"inLanguage":"es"},{"@type":"Person","@id":"https:\/\/m2camper.com\/pt\/#\/schema\/person\/d003f4147a0469cbf1c77ba1bebdb1bb","name":"carlos","image":{"@type":"ImageObject","inLanguage":"es","@id":"https:\/\/secure.gravatar.com\/avatar\/ab10b60551e807f6b37d54bb09e40bc41b08e3828d46504634ad6f35da1b46dc?s=96&d=mm&r=g","url":"https:\/\/secure.gravatar.com\/avatar\/ab10b60551e807f6b37d54bb09e40bc41b08e3828d46504634ad6f35da1b46dc?s=96&d=mm&r=g","contentUrl":"https:\/\/secure.gravatar.com\/avatar\/ab10b60551e807f6b37d54bb09e40bc41b08e3828d46504634ad6f35da1b46dc?s=96&d=mm&r=g","caption":"carlos"},"url":"https:\/\/m2camper.com\/es\/author\/carlos\/"}]}},"_links":{"self":[{"href":"https:\/\/m2camper.com\/es\/wp-json\/wp\/v2\/posts\/11533","targetHints":{"allow":["GET"]}}],"collection":[{"href":"https:\/\/m2camper.com\/es\/wp-json\/wp\/v2\/posts"}],"about":[{"href":"https:\/\/m2camper.com\/es\/wp-json\/wp\/v2\/types\/post"}],"author":[{"embeddable":true,"href":"https:\/\/m2camper.com\/es\/wp-json\/wp\/v2\/users\/5740"}],"replies":[{"embeddable":true,"href":"https:\/\/m2camper.com\/es\/wp-json\/wp\/v2\/comments?post=11533"}],"version-history":[{"count":4,"href":"https:\/\/m2camper.com\/es\/wp-json\/wp\/v2\/posts\/11533\/revisions"}],"predecessor-version":[{"id":11539,"href":"https:\/\/m2camper.com\/es\/wp-json\/wp\/v2\/posts\/11533\/revisions\/11539"}],"wp:featuredmedia":[{"embeddable":true,"href":"https:\/\/m2camper.com\/es\/wp-json\/wp\/v2\/media\/859"}],"wp:attachment":[{"href":"https:\/\/m2camper.com\/es\/wp-json\/wp\/v2\/media?parent=11533"}],"wp:term":[{"taxonomy":"category","embeddable":true,"href":"https:\/\/m2camper.com\/es\/wp-json\/wp\/v2\/categories?post=11533"},{"taxonomy":"post_tag","embeddable":true,"href":"https:\/\/m2camper.com\/es\/wp-json\/wp\/v2\/tags?post=11533"}],"curies":[{"name":"wp","href":"https:\/\/api.w.org\/{rel}","templated":true}]}}