{"id":10822,"date":"2024-10-13T14:20:40","date_gmt":"2024-10-13T14:20:40","guid":{"rendered":"https:\/\/ultbit.com\/m2camper\/?p=10822"},"modified":"2025-02-07T08:26:38","modified_gmt":"2025-02-07T08:26:38","slug":"consejos-para-prolongar-la-vida-util-de-los-aislantes-termicos","status":"publish","type":"post","link":"https:\/\/m2camper.com\/es\/consejos-para-prolongar-la-vida-util-de-los-aislantes-termicos\/","title":{"rendered":"Consejos para prolongar la vida \u00fatil de los aislantes t\u00e9rmicos"},"content":{"rendered":"<div data-breakout=\"normal\">\n<div class=\"BL3dva\">\n<div class=\"OSxNQL\">\n<div class=\"OFA52E CBJRSV\">\n<div class=\"cD_92h UitnHM\" data-hook=\"post-title\">\n<p class=\"UbhFJ7 nkqC0Q blog-post-title-font blog-post-title-color blog-text-color post-title blog-hover-container-element-color FG3qXk blog-post-page-title-font\" tabindex=\"-1\" data-hook=\"post-title\">Los aislantes t\u00e9rmicos para ventanas de veh\u00edculos son una excelente inversi\u00f3n para mantener el interior fresco durante los d\u00edas calurosos y mejorar la eficiencia energ\u00e9tica. Si bien su objetivo principal es proteger del calor y los rayos UV, requieren ciertos cuidados para que su rendimiento y durabilidad se mantengan a lo largo del tiempo. Aqu\u00ed te dejamos algunos consejos pr\u00e1cticos para prolongar la vida \u00fatil de los aislantes t\u00e9rmicos:<\/p>\n<\/div>\n<\/div>\n<\/div>\n<\/div>\n<div class=\"nLG8d5\" data-hook=\"post-description\">\n<article class=\"blog-post-page-font\">\n<div class=\"post-content__body stSKMK\">\n<div class=\"moHCnT\">\n<div class=\"moHCnT\">\n<div class=\"fTEXDR\" data-rce-version=\"10.117.2\">\n<div class=\"m6AOT\" dir=\"ltr\" data-id=\"content-viewer\">\n<div class=\"uSiJi\">\n<div class=\"X6Wo9\">\n<div data-breakout=\"normal\">\n<h2 id=\"viewer-9x32e57\" class=\"_7d6qt scQlf WGebp jTM--\" dir=\"auto\"><span class=\"hpUmk\" style=\"color: #000000;\">Como prolongar la vida \u00fatil de los aislantes t\u00e9rmicos oscurecedores<\/span><\/h2>\n<\/div>\n<div data-breakout=\"normal\">\n<h3 id=\"viewer-63hgs59\" class=\"jZpvm scQlf WGebp jTM--\" dir=\"auto\"><span class=\"hpUmk\" style=\"color: #000000;\">1. Limpieza regular y adecuada<\/span><\/h3>\n<\/div>\n<div data-breakout=\"normal\">\n<p id=\"viewer-v1gnl62\" class=\"cqfST cQRuq WGebp jTM--\" dir=\"auto\"><span class=\"_61ACD\">La acumulaci\u00f3n de polvo y suciedad puede da\u00f1ar los aislantes t\u00e9rmicos. Para limpiarlos correctamente:<\/span><\/p>\n<\/div>\n<div data-breakout=\"normal\">\n<ul class=\"_9byOP WGebp\">\n<li class=\"fGYqH\" dir=\"auto\" aria-level=\"1\">\n<p id=\"viewer-zsfvt66\" class=\"cqfST cQRuq WGebp jTM--\" dir=\"\"><span class=\"_61ACD\">Utiliza un pa\u00f1o suave o una esponja h\u00fameda para quitar la suciedad.<\/span><\/p>\n<\/li>\n<li class=\"fGYqH\" dir=\"auto\" aria-level=\"1\">\n<p id=\"viewer-shcj469\" class=\"cqfST cQRuq WGebp jTM--\" dir=\"\"><span class=\"_61ACD\">Evita productos qu\u00edmicos fuertes o abrasivos, ya que pueden desgastar el material.<\/span><\/p>\n<\/li>\n<li class=\"fGYqH\" dir=\"auto\" aria-level=\"1\">\n<p id=\"viewer-7bdtp72\" class=\"cqfST cQRuq WGebp jTM--\" dir=\"\"><span class=\"_61ACD\">Si es necesario, usa una mezcla suave de agua y jab\u00f3n neutro.<\/span><\/p>\n<\/li>\n<\/ul>\n<\/div>\n<div data-breakout=\"normal\">\n<h3 id=\"viewer-vzu2s97\" class=\"jZpvm scQlf WGebp jTM--\" dir=\"auto\"><span class=\"hpUmk\" style=\"color: #000000;\">2. Almacenamiento adecuado<\/span><\/h3>\n<\/div>\n<div data-breakout=\"normal\">\n<p id=\"viewer-czqye100\" class=\"cqfST cQRuq WGebp jTM--\" dir=\"auto\"><span class=\"_61ACD\">Cuando no los est\u00e9s utilizando:<\/span><\/p>\n<\/div>\n<div data-breakout=\"normal\">\n<ul class=\"_9byOP WGebp\">\n<li class=\"fGYqH\" dir=\"auto\" aria-level=\"1\">\n<p id=\"viewer-37y1t104\" class=\"cqfST cQRuq WGebp jTM--\" dir=\"\"><span class=\"_61ACD\">Evita dejarlos en el coche\u00a0expuestos al sol o a altas temperaturas, ya que esto puede deteriorar el material con el tiempo.<\/span><\/p>\n<\/li>\n<li class=\"fGYqH\" dir=\"auto\" aria-level=\"1\">\n<p id=\"viewer-ctnhm108\" class=\"cqfST cQRuq WGebp jTM--\" dir=\"\"><span class=\"_61ACD\">Guarda los aislantes t\u00e9rmicos en su funda original o en una bolsa de tela para evitar que se doblen o se rasguen.<\/span><\/p>\n<\/li>\n<li class=\"fGYqH\" dir=\"auto\" aria-level=\"1\">\n<p id=\"viewer-xfzq1111\" class=\"cqfST cQRuq WGebp jTM--\" dir=\"\"><span class=\"_61ACD\">D\u00f3blalos suavemente, evitando las arrugas permanentes que pueden romper el material aislante.<\/span><\/p>\n<\/li>\n<\/ul>\n<\/div>\n<div data-breakout=\"normal\">\n<p id=\"viewer-7gpdj130\" class=\"cqfST cQRuq WGebp jTM--\" dir=\"auto\"><span class=\"_61ACD\">Estos aislantes multicapa requieren una ventilaci\u00f3n adecuada para evitar la acumulaci\u00f3n de humedad entre las capas, lo que podr\u00eda reducir su efectividad y provocar da\u00f1os:<\/span><\/p>\n<\/div>\n<div data-breakout=\"normal\">\n<ul class=\"_9byOP WGebp\">\n<li class=\"fGYqH\" dir=\"auto\" aria-level=\"1\">\n<p id=\"viewer-k8zw4489\" class=\"cqfST cQRuq WGebp jTM--\" dir=\"\"><span class=\"_61ACD\">Airea el veh\u00edculo\u00a0de vez en cuando si los usas por per\u00edodos prolongados. Esto evitar\u00e1 que se acumule calor excesivo o condensaci\u00f3n en el interior del coche.<\/span><\/p>\n<\/li>\n<li class=\"fGYqH\" dir=\"auto\" aria-level=\"1\">\n<p id=\"viewer-fxtwt493\" class=\"cqfST cQRuq WGebp jTM--\" dir=\"\"><span class=\"_61ACD\">Si notas que el aislante est\u00e1 h\u00famedo, s\u00e1calo y d\u00e9jalo ventilar completamente antes de volver a instalarlo o guardarlo.<\/span><\/p>\n<\/li>\n<\/ul>\n<\/div>\n<div data-breakout=\"normal\">\n<h3 id=\"viewer-jjh4i248\" class=\"jZpvm scQlf WGebp jTM--\" dir=\"auto\"><span class=\"hpUmk\" style=\"color: #000000;\">3. Instalaci\u00f3n correcta<\/span><\/h3>\n<\/div>\n<div data-breakout=\"normal\">\n<ul class=\"_9byOP WGebp\">\n<li class=\"fGYqH\" dir=\"auto\" aria-level=\"1\">\n<p id=\"viewer-4s2l4253\" class=\"cqfST cQRuq WGebp jTM--\" dir=\"\"><span class=\"_61ACD\">Aseg\u00farate de que est\u00e9n bien colocados en las ventanas. Forzar su ajuste puede causar desgarros o deformaciones.<\/span><\/p>\n<\/li>\n<li class=\"fGYqH\" dir=\"auto\" aria-level=\"1\">\n<p id=\"viewer-1wcbn256\" class=\"cqfST cQRuq WGebp jTM--\" dir=\"\"><span class=\"_61ACD\"> Verifica que las ventosas est\u00e9n limpias y en buen estado. La suciedad en las ventosas puede reducir su capacidad de adherencia. <\/span><\/p>\n<\/li>\n<\/ul>\n<\/div>\n<div data-breakout=\"normal\">\n<h3 id=\"viewer-623cw337\" class=\"jZpvm scQlf WGebp jTM--\" dir=\"auto\"><span class=\"hpUmk\" style=\"color: #000000;\">4. Evita el contacto con objetos afilados<\/span><\/h3>\n<\/div>\n<div data-breakout=\"normal\">\n<p id=\"viewer-pbzrr340\" class=\"cqfST cQRuq WGebp jTM--\" dir=\"auto\"><span class=\"_61ACD\">El contacto con llaves, herramientas u otros objetos punzantes puede da\u00f1ar los aislantes t\u00e9rmicos. Evita colocarlos cerca de estos objetos, ya sea en el coche o al guardarlos.<\/span><\/p>\n<\/div>\n<div data-breakout=\"normal\">\n<h3 id=\"viewer-ehtgr410\" class=\"jZpvm scQlf WGebp jTM--\" dir=\"auto\"><span class=\"hpUmk\" style=\"color: #000000;\">5. Protecci\u00f3n contra la humedad<\/span><\/h3>\n<\/div>\n<div data-breakout=\"normal\">\n<p id=\"viewer-j4b9k413\" class=\"cqfST cQRuq WGebp jTM--\" dir=\"auto\"><span class=\"_61ACD\">Intenta no almacenar los aislantes t\u00e9rmicos cuando est\u00e9n h\u00famedos o mojados. La humedad puede generar moho y deteriorar el material. Si se mojan, d\u00e9jalos secar completamente antes de guardarlos.<\/span><\/p>\n<\/div>\n<div data-breakout=\"normal\">\n<p id=\"viewer-w7fqv415\" class=\"cqfST cQRuq WGebp jTM--\" dir=\"auto\"><span class=\"_61ACD\">Siguiendo estos simples consejos, podr\u00e1s maximizar la durabilidad y eficiencia de los aislantes t\u00e9rmicos de las ventanas de tu veh\u00edculo, asegurando su buen rendimiento y protegiendo tanto tu coche como a ti del calor.<\/span><\/p>\n<\/div>\n<div data-breakout=\"normal\">\n<div id=\"viewer-mxii02855\" class=\"KqKMh\">\n<div class=\"_7T4Uc LIugr\">\n<figure class=\"P29V1\">\n<div class=\"CuIEU\" tabindex=\"0\" role=\"button\" data-hook=\"imageViewer\" aria-haspopup=\"true\">\n<div id=\"mxii02855\" class=\"KfAFF ApRDe _84uzj\"><img decoding=\"async\" class=\"aligncenter\" draggable=\"false\" src=\"https:\/\/static.wixstatic.com\/media\/60c9aa_90fa74c202c747a098f6d63b9f3ea002~mv2.jpg\/v1\/fill\/w_740,h_416,al_c,q_80,usm_0.66_1.00_0.01,enc_auto\/60c9aa_90fa74c202c747a098f6d63b9f3ea002~mv2.jpg\" alt=\"Cuida tus aislantes t\u00e9rmicos oscurecedores\" data-pin-url=\"https:\/\/m2camper.com\/post\/consejos-para-prolongar-la-vida-util-de-los-aislantes-termicos\" data-pin-media=\"https:\/\/static.wixstatic.com\/media\/60c9aa_90fa74c202c747a098f6d63b9f3ea002~mv2.jpg\/v1\/fill\/w_4128,h_2322,al_c,q_90\/60c9aa_90fa74c202c747a098f6d63b9f3ea002~mv2.jpg\" data-load-done=\"\" \/><\/div>\n<\/div>\n<\/figure>\n<\/div>\n<\/div>\n<\/div>\n<\/div>\n<\/div>\n<\/div>\n<\/div>\n<\/div>\n<\/div>\n<\/div>\n<\/article>\n<\/div>\n<\/div>\n","protected":false},"excerpt":{"rendered":"<p>Los aislantes t\u00e9rmicos para ventanas de veh\u00edculos son una excelente inversi\u00f3n para mantener el interior fresco durante los d\u00edas calurosos y mejorar la eficiencia energ\u00e9tica. Si bien su objetivo principal es proteger del calor y los rayos UV, requieren ciertos cuidados para que su rendimiento y durabilidad se mantengan a lo largo del tiempo. Aqu\u00ed&hellip;&nbsp;<a href=\"https:\/\/m2camper.com\/es\/consejos-para-prolongar-la-vida-util-de-los-aislantes-termicos\/\" rel=\"bookmark\">Leer m\u00e1s &raquo;<span class=\"screen-reader-text\">Consejos para prolongar la vida \u00fatil de los aislantes t\u00e9rmicos<\/span><\/a><\/p>\n","protected":false},"author":1,"featured_media":10823,"comment_status":"open","ping_status":"open","sticky":false,"template":"","format":"standard","meta":{"neve_meta_sidebar":"","neve_meta_container":"","neve_meta_enable_content_width":"off","neve_meta_content_width":70,"neve_meta_title_alignment":"","neve_meta_author_avatar":"","neve_post_elements_order":"","neve_meta_disable_header":"","neve_meta_disable_footer":"","neve_meta_disable_title":"","footnotes":""},"categories":[1],"tags":[],"class_list":["post-10822","post","type-post","status-publish","format-standard","has-post-thumbnail","hentry","category-uncategorized"],"yoast_head":"<!-- This site is optimized with the Yoast SEO plugin v27.4 - https:\/\/yoast.com\/product\/yoast-seo-wordpress\/ -->\n<title>Consejos para prolongar la vida \u00fatil de los aislantes t\u00e9rmicos - M2 Camper | Aislantes t\u00e9rmicos y oscurecedores para campers<\/title>\n<meta name=\"robots\" content=\"index, follow, max-snippet:-1, max-image-preview:large, max-video-preview:-1\" \/>\n<link rel=\"canonical\" href=\"https:\/\/m2camper.com\/es\/consejos-para-prolongar-la-vida-util-de-los-aislantes-termicos\/\" \/>\n<meta property=\"og:locale\" content=\"es_ES\" \/>\n<meta property=\"og:type\" content=\"article\" \/>\n<meta property=\"og:title\" content=\"Consejos para prolongar la vida \u00fatil de los aislantes t\u00e9rmicos - M2 Camper | Aislantes t\u00e9rmicos y oscurecedores para campers\" \/>\n<meta property=\"og:description\" content=\"Los aislantes t\u00e9rmicos para ventanas de veh\u00edculos son una excelente inversi\u00f3n para mantener el interior fresco durante los d\u00edas calurosos y mejorar la eficiencia energ\u00e9tica. Si bien su objetivo principal es proteger del calor y los rayos UV, requieren ciertos cuidados para que su rendimiento y durabilidad se mantengan a lo largo del tiempo. Aqu\u00ed&hellip;&nbsp;Leer m\u00e1s &raquo;Consejos para prolongar la vida \u00fatil de los aislantes t\u00e9rmicos\" \/>\n<meta property=\"og:url\" content=\"https:\/\/m2camper.com\/es\/consejos-para-prolongar-la-vida-util-de-los-aislantes-termicos\/\" \/>\n<meta property=\"og:site_name\" content=\"M2 Camper | Aislantes t\u00e9rmicos y oscurecedores para campers\" \/>\n<meta property=\"article:published_time\" content=\"2024-10-13T14:20:40+00:00\" \/>\n<meta property=\"article:modified_time\" content=\"2025-02-07T08:26:38+00:00\" \/>\n<meta property=\"og:image\" content=\"https:\/\/m2camper.com\/wp-content\/uploads\/2025\/01\/60c9aa_90fa74c202c747a098f6d63b9f3ea002mv2-scaled.webp\" \/>\n\t<meta property=\"og:image:width\" content=\"2560\" \/>\n\t<meta property=\"og:image:height\" content=\"1440\" \/>\n\t<meta property=\"og:image:type\" content=\"image\/webp\" \/>\n<meta name=\"author\" content=\"admin\" \/>\n<meta name=\"twitter:card\" content=\"summary_large_image\" \/>\n<meta name=\"twitter:label1\" content=\"Escrito por\" \/>\n\t<meta name=\"twitter:data1\" content=\"admin\" \/>\n\t<meta name=\"twitter:label2\" content=\"Tiempo de lectura\" \/>\n\t<meta name=\"twitter:data2\" content=\"2 minutos\" \/>\n<script type=\"application\/ld+json\" class=\"yoast-schema-graph\">{\"@context\":\"https:\\\/\\\/schema.org\",\"@graph\":[{\"@type\":\"Article\",\"@id\":\"https:\\\/\\\/m2camper.com\\\/consejos-para-prolongar-la-vida-util-de-los-aislantes-termicos\\\/#article\",\"isPartOf\":{\"@id\":\"https:\\\/\\\/m2camper.com\\\/consejos-para-prolongar-la-vida-util-de-los-aislantes-termicos\\\/\"},\"author\":{\"name\":\"admin\",\"@id\":\"https:\\\/\\\/m2camper.com\\\/pt\\\/#\\\/schema\\\/person\\\/e05510a66a6a17948fe5fe1af87461dd\"},\"headline\":\"Consejos para prolongar la vida \u00fatil de los aislantes t\u00e9rmicos\",\"datePublished\":\"2024-10-13T14:20:40+00:00\",\"dateModified\":\"2025-02-07T08:26:38+00:00\",\"mainEntityOfPage\":{\"@id\":\"https:\\\/\\\/m2camper.com\\\/consejos-para-prolongar-la-vida-util-de-los-aislantes-termicos\\\/\"},\"wordCount\":461,\"commentCount\":0,\"image\":{\"@id\":\"https:\\\/\\\/m2camper.com\\\/consejos-para-prolongar-la-vida-util-de-los-aislantes-termicos\\\/#primaryimage\"},\"thumbnailUrl\":\"https:\\\/\\\/m2camper.com\\\/wp-content\\\/uploads\\\/2025\\\/01\\\/60c9aa_90fa74c202c747a098f6d63b9f3ea002mv2-scaled.webp\",\"articleSection\":[\"Uncategorized\"],\"inLanguage\":\"es\",\"potentialAction\":[{\"@type\":\"CommentAction\",\"name\":\"Comment\",\"target\":[\"https:\\\/\\\/m2camper.com\\\/consejos-para-prolongar-la-vida-util-de-los-aislantes-termicos\\\/#respond\"]}]},{\"@type\":\"WebPage\",\"@id\":\"https:\\\/\\\/m2camper.com\\\/consejos-para-prolongar-la-vida-util-de-los-aislantes-termicos\\\/\",\"url\":\"https:\\\/\\\/m2camper.com\\\/consejos-para-prolongar-la-vida-util-de-los-aislantes-termicos\\\/\",\"name\":\"Consejos para prolongar la vida \u00fatil de los aislantes t\u00e9rmicos - M2 Camper | Aislantes t\u00e9rmicos y oscurecedores para campers\",\"isPartOf\":{\"@id\":\"https:\\\/\\\/m2camper.com\\\/pt\\\/#website\"},\"primaryImageOfPage\":{\"@id\":\"https:\\\/\\\/m2camper.com\\\/consejos-para-prolongar-la-vida-util-de-los-aislantes-termicos\\\/#primaryimage\"},\"image\":{\"@id\":\"https:\\\/\\\/m2camper.com\\\/consejos-para-prolongar-la-vida-util-de-los-aislantes-termicos\\\/#primaryimage\"},\"thumbnailUrl\":\"https:\\\/\\\/m2camper.com\\\/wp-content\\\/uploads\\\/2025\\\/01\\\/60c9aa_90fa74c202c747a098f6d63b9f3ea002mv2-scaled.webp\",\"datePublished\":\"2024-10-13T14:20:40+00:00\",\"dateModified\":\"2025-02-07T08:26:38+00:00\",\"author\":{\"@id\":\"https:\\\/\\\/m2camper.com\\\/pt\\\/#\\\/schema\\\/person\\\/e05510a66a6a17948fe5fe1af87461dd\"},\"breadcrumb\":{\"@id\":\"https:\\\/\\\/m2camper.com\\\/consejos-para-prolongar-la-vida-util-de-los-aislantes-termicos\\\/#breadcrumb\"},\"inLanguage\":\"es\",\"potentialAction\":[{\"@type\":\"ReadAction\",\"target\":[\"https:\\\/\\\/m2camper.com\\\/consejos-para-prolongar-la-vida-util-de-los-aislantes-termicos\\\/\"]}]},{\"@type\":\"ImageObject\",\"inLanguage\":\"es\",\"@id\":\"https:\\\/\\\/m2camper.com\\\/consejos-para-prolongar-la-vida-util-de-los-aislantes-termicos\\\/#primaryimage\",\"url\":\"https:\\\/\\\/m2camper.com\\\/wp-content\\\/uploads\\\/2025\\\/01\\\/60c9aa_90fa74c202c747a098f6d63b9f3ea002mv2-scaled.webp\",\"contentUrl\":\"https:\\\/\\\/m2camper.com\\\/wp-content\\\/uploads\\\/2025\\\/01\\\/60c9aa_90fa74c202c747a098f6d63b9f3ea002mv2-scaled.webp\",\"width\":2560,\"height\":1440},{\"@type\":\"BreadcrumbList\",\"@id\":\"https:\\\/\\\/m2camper.com\\\/consejos-para-prolongar-la-vida-util-de-los-aislantes-termicos\\\/#breadcrumb\",\"itemListElement\":[{\"@type\":\"ListItem\",\"position\":1,\"name\":\"Portada\",\"item\":\"https:\\\/\\\/m2camper.com\\\/pt\\\/\"},{\"@type\":\"ListItem\",\"position\":2,\"name\":\"Consejos para prolongar la vida \u00fatil de los aislantes t\u00e9rmicos\"}]},{\"@type\":\"WebSite\",\"@id\":\"https:\\\/\\\/m2camper.com\\\/pt\\\/#website\",\"url\":\"https:\\\/\\\/m2camper.com\\\/pt\\\/\",\"name\":\"M2 Campers | Aislantes t\u00e9rmicos y oscurecedores para campers\",\"description\":\"Descubre calidad y confort de nuestros aislantes t\u00e9rmicos oscurecedores y colchones para veh\u00edculos. Optimiza tu experiencia en carretera con M2 Camper.\",\"potentialAction\":[{\"@type\":\"SearchAction\",\"target\":{\"@type\":\"EntryPoint\",\"urlTemplate\":\"https:\\\/\\\/m2camper.com\\\/pt\\\/?s={search_term_string}\"},\"query-input\":{\"@type\":\"PropertyValueSpecification\",\"valueRequired\":true,\"valueName\":\"search_term_string\"}}],\"inLanguage\":\"es\"},{\"@type\":\"Person\",\"@id\":\"https:\\\/\\\/m2camper.com\\\/pt\\\/#\\\/schema\\\/person\\\/e05510a66a6a17948fe5fe1af87461dd\",\"name\":\"admin\",\"image\":{\"@type\":\"ImageObject\",\"inLanguage\":\"es\",\"@id\":\"https:\\\/\\\/secure.gravatar.com\\\/avatar\\\/44c520d0ee00f53bf5bce3cfe25f0f21a8b564001fa9d374716835d95b110394?s=96&d=mm&r=g\",\"url\":\"https:\\\/\\\/secure.gravatar.com\\\/avatar\\\/44c520d0ee00f53bf5bce3cfe25f0f21a8b564001fa9d374716835d95b110394?s=96&d=mm&r=g\",\"contentUrl\":\"https:\\\/\\\/secure.gravatar.com\\\/avatar\\\/44c520d0ee00f53bf5bce3cfe25f0f21a8b564001fa9d374716835d95b110394?s=96&d=mm&r=g\",\"caption\":\"admin\"},\"sameAs\":[\"https:\\\/\\\/m2camper.com\"],\"url\":\"https:\\\/\\\/m2camper.com\\\/es\\\/author\\\/rbuila_k3s9szn2x\\\/\"}]}<\/script>\n<!-- \/ Yoast SEO plugin. -->","yoast_head_json":{"title":"Consejos para prolongar la vida \u00fatil de los aislantes t\u00e9rmicos - M2 Camper | Aislantes t\u00e9rmicos y oscurecedores para campers","robots":{"index":"index","follow":"follow","max-snippet":"max-snippet:-1","max-image-preview":"max-image-preview:large","max-video-preview":"max-video-preview:-1"},"canonical":"https:\/\/m2camper.com\/es\/consejos-para-prolongar-la-vida-util-de-los-aislantes-termicos\/","og_locale":"es_ES","og_type":"article","og_title":"Consejos para prolongar la vida \u00fatil de los aislantes t\u00e9rmicos - M2 Camper | Aislantes t\u00e9rmicos y oscurecedores para campers","og_description":"Los aislantes t\u00e9rmicos para ventanas de veh\u00edculos son una excelente inversi\u00f3n para mantener el interior fresco durante los d\u00edas calurosos y mejorar la eficiencia energ\u00e9tica. Si bien su objetivo principal es proteger del calor y los rayos UV, requieren ciertos cuidados para que su rendimiento y durabilidad se mantengan a lo largo del tiempo. Aqu\u00ed&hellip;&nbsp;Leer m\u00e1s &raquo;Consejos para prolongar la vida \u00fatil de los aislantes t\u00e9rmicos","og_url":"https:\/\/m2camper.com\/es\/consejos-para-prolongar-la-vida-util-de-los-aislantes-termicos\/","og_site_name":"M2 Camper | Aislantes t\u00e9rmicos y oscurecedores para campers","article_published_time":"2024-10-13T14:20:40+00:00","article_modified_time":"2025-02-07T08:26:38+00:00","og_image":[{"width":2560,"height":1440,"url":"https:\/\/m2camper.com\/wp-content\/uploads\/2025\/01\/60c9aa_90fa74c202c747a098f6d63b9f3ea002mv2-scaled.webp","type":"image\/webp"}],"author":"admin","twitter_card":"summary_large_image","twitter_misc":{"Escrito por":"admin","Tiempo de lectura":"2 minutos"},"schema":{"@context":"https:\/\/schema.org","@graph":[{"@type":"Article","@id":"https:\/\/m2camper.com\/consejos-para-prolongar-la-vida-util-de-los-aislantes-termicos\/#article","isPartOf":{"@id":"https:\/\/m2camper.com\/consejos-para-prolongar-la-vida-util-de-los-aislantes-termicos\/"},"author":{"name":"admin","@id":"https:\/\/m2camper.com\/pt\/#\/schema\/person\/e05510a66a6a17948fe5fe1af87461dd"},"headline":"Consejos para prolongar la vida \u00fatil de los aislantes t\u00e9rmicos","datePublished":"2024-10-13T14:20:40+00:00","dateModified":"2025-02-07T08:26:38+00:00","mainEntityOfPage":{"@id":"https:\/\/m2camper.com\/consejos-para-prolongar-la-vida-util-de-los-aislantes-termicos\/"},"wordCount":461,"commentCount":0,"image":{"@id":"https:\/\/m2camper.com\/consejos-para-prolongar-la-vida-util-de-los-aislantes-termicos\/#primaryimage"},"thumbnailUrl":"https:\/\/m2camper.com\/wp-content\/uploads\/2025\/01\/60c9aa_90fa74c202c747a098f6d63b9f3ea002mv2-scaled.webp","articleSection":["Uncategorized"],"inLanguage":"es","potentialAction":[{"@type":"CommentAction","name":"Comment","target":["https:\/\/m2camper.com\/consejos-para-prolongar-la-vida-util-de-los-aislantes-termicos\/#respond"]}]},{"@type":"WebPage","@id":"https:\/\/m2camper.com\/consejos-para-prolongar-la-vida-util-de-los-aislantes-termicos\/","url":"https:\/\/m2camper.com\/consejos-para-prolongar-la-vida-util-de-los-aislantes-termicos\/","name":"Consejos para prolongar la vida \u00fatil de los aislantes t\u00e9rmicos - M2 Camper | Aislantes t\u00e9rmicos y oscurecedores para campers","isPartOf":{"@id":"https:\/\/m2camper.com\/pt\/#website"},"primaryImageOfPage":{"@id":"https:\/\/m2camper.com\/consejos-para-prolongar-la-vida-util-de-los-aislantes-termicos\/#primaryimage"},"image":{"@id":"https:\/\/m2camper.com\/consejos-para-prolongar-la-vida-util-de-los-aislantes-termicos\/#primaryimage"},"thumbnailUrl":"https:\/\/m2camper.com\/wp-content\/uploads\/2025\/01\/60c9aa_90fa74c202c747a098f6d63b9f3ea002mv2-scaled.webp","datePublished":"2024-10-13T14:20:40+00:00","dateModified":"2025-02-07T08:26:38+00:00","author":{"@id":"https:\/\/m2camper.com\/pt\/#\/schema\/person\/e05510a66a6a17948fe5fe1af87461dd"},"breadcrumb":{"@id":"https:\/\/m2camper.com\/consejos-para-prolongar-la-vida-util-de-los-aislantes-termicos\/#breadcrumb"},"inLanguage":"es","potentialAction":[{"@type":"ReadAction","target":["https:\/\/m2camper.com\/consejos-para-prolongar-la-vida-util-de-los-aislantes-termicos\/"]}]},{"@type":"ImageObject","inLanguage":"es","@id":"https:\/\/m2camper.com\/consejos-para-prolongar-la-vida-util-de-los-aislantes-termicos\/#primaryimage","url":"https:\/\/m2camper.com\/wp-content\/uploads\/2025\/01\/60c9aa_90fa74c202c747a098f6d63b9f3ea002mv2-scaled.webp","contentUrl":"https:\/\/m2camper.com\/wp-content\/uploads\/2025\/01\/60c9aa_90fa74c202c747a098f6d63b9f3ea002mv2-scaled.webp","width":2560,"height":1440},{"@type":"BreadcrumbList","@id":"https:\/\/m2camper.com\/consejos-para-prolongar-la-vida-util-de-los-aislantes-termicos\/#breadcrumb","itemListElement":[{"@type":"ListItem","position":1,"name":"Portada","item":"https:\/\/m2camper.com\/pt\/"},{"@type":"ListItem","position":2,"name":"Consejos para prolongar la vida \u00fatil de los aislantes t\u00e9rmicos"}]},{"@type":"WebSite","@id":"https:\/\/m2camper.com\/pt\/#website","url":"https:\/\/m2camper.com\/pt\/","name":"M2 Campers | Aislantes t\u00e9rmicos y oscurecedores para campers","description":"Descubre calidad y confort de nuestros aislantes t\u00e9rmicos oscurecedores y colchones para veh\u00edculos. Optimiza tu experiencia en carretera con M2 Camper.","potentialAction":[{"@type":"SearchAction","target":{"@type":"EntryPoint","urlTemplate":"https:\/\/m2camper.com\/pt\/?s={search_term_string}"},"query-input":{"@type":"PropertyValueSpecification","valueRequired":true,"valueName":"search_term_string"}}],"inLanguage":"es"},{"@type":"Person","@id":"https:\/\/m2camper.com\/pt\/#\/schema\/person\/e05510a66a6a17948fe5fe1af87461dd","name":"admin","image":{"@type":"ImageObject","inLanguage":"es","@id":"https:\/\/secure.gravatar.com\/avatar\/44c520d0ee00f53bf5bce3cfe25f0f21a8b564001fa9d374716835d95b110394?s=96&d=mm&r=g","url":"https:\/\/secure.gravatar.com\/avatar\/44c520d0ee00f53bf5bce3cfe25f0f21a8b564001fa9d374716835d95b110394?s=96&d=mm&r=g","contentUrl":"https:\/\/secure.gravatar.com\/avatar\/44c520d0ee00f53bf5bce3cfe25f0f21a8b564001fa9d374716835d95b110394?s=96&d=mm&r=g","caption":"admin"},"sameAs":["https:\/\/m2camper.com"],"url":"https:\/\/m2camper.com\/es\/author\/rbuila_k3s9szn2x\/"}]}},"_links":{"self":[{"href":"https:\/\/m2camper.com\/es\/wp-json\/wp\/v2\/posts\/10822","targetHints":{"allow":["GET"]}}],"collection":[{"href":"https:\/\/m2camper.com\/es\/wp-json\/wp\/v2\/posts"}],"about":[{"href":"https:\/\/m2camper.com\/es\/wp-json\/wp\/v2\/types\/post"}],"author":[{"embeddable":true,"href":"https:\/\/m2camper.com\/es\/wp-json\/wp\/v2\/users\/1"}],"replies":[{"embeddable":true,"href":"https:\/\/m2camper.com\/es\/wp-json\/wp\/v2\/comments?post=10822"}],"version-history":[{"count":5,"href":"https:\/\/m2camper.com\/es\/wp-json\/wp\/v2\/posts\/10822\/revisions"}],"predecessor-version":[{"id":11582,"href":"https:\/\/m2camper.com\/es\/wp-json\/wp\/v2\/posts\/10822\/revisions\/11582"}],"wp:featuredmedia":[{"embeddable":true,"href":"https:\/\/m2camper.com\/es\/wp-json\/wp\/v2\/media\/10823"}],"wp:attachment":[{"href":"https:\/\/m2camper.com\/es\/wp-json\/wp\/v2\/media?parent=10822"}],"wp:term":[{"taxonomy":"category","embeddable":true,"href":"https:\/\/m2camper.com\/es\/wp-json\/wp\/v2\/categories?post=10822"},{"taxonomy":"post_tag","embeddable":true,"href":"https:\/\/m2camper.com\/es\/wp-json\/wp\/v2\/tags?post=10822"}],"curies":[{"name":"wp","href":"https:\/\/api.w.org\/{rel}","templated":true}]}}