{"id":18281,"date":"2026-08-24T10:09:38","date_gmt":"2026-08-24T08:09:38","guid":{"rendered":"https:\/\/m2camper.com\/?p=18281"},"modified":"2026-06-25T10:47:56","modified_gmt":"2026-06-25T08:47:56","slug":"despues-de-las-vacaciones-como-revisar-tu-camper-antes-de-guardarla-o-volver-a-usarla","status":"publish","type":"post","link":"https:\/\/m2camper.com\/de\/despues-de-las-vacaciones-como-revisar-tu-camper-antes-de-guardarla-o-volver-a-usarla\/","title":{"rendered":"Nach dem Urlaub: So \u00fcberpr\u00fcfen Sie Ihren Camper, bevor Sie ihn einlagern oder wieder nutzen"},"content":{"rendered":"<h2>Das Ende des Urlaubs geh\u00f6rt ebenfalls zur Reise<\/h2>\n\n<p>Wenn ein Kurztrip oder ein l\u00e4ngerer Urlaub mit dem Camper endet, machen die meisten Reisenden genau dasselbe: Sie kommen nach Hause, laden das N\u00f6tigste aus und verschieben den Rest auf sp\u00e4ter.<\/p>\n\n<p>Das ist v\u00f6llig normal.<\/p>\n\n<p>Nach mehreren Tagen unterwegs hat man meist keine Lust mehr, Zeit mit der \u00dcberpr\u00fcfung des Fahrzeugs zu verbringen. Genau dieser Zeitpunkt ist jedoch einer der wichtigsten f\u00fcr die Wartung eines Campers.<\/p>\n\n<p>Eine kurze Kontrolle nach der R\u00fcckkehr kann Ihnen helfen, Probleme zu erkennen, bevor sie zu Defekten werden, unangenehme Ger\u00fcche zu vermeiden, die Materialien besser zu erhalten und Ihr Fahrzeug f\u00fcr den n\u00e4chsten Ausflug in einwandfreiem Zustand vorzufinden.<\/p>\n\n<p>Sie m\u00fcssen daf\u00fcr keinen ganzen Nachmittag einplanen. Mit einer einfachen und gut strukturierten Kontrolle bleibt Ihr Camper f\u00fcr das n\u00e4chste Abenteuer bereit.<\/p>\n\n<h2>Beginnen Sie mit einer gr\u00fcndlichen Reinigung<\/h2>\n\n<p>Bevor Sie irgendein Bauteil \u00fcberpr\u00fcfen, sollten Sie mit dem Wichtigsten beginnen: der Reinigung.<\/p>\n\n<p>W\u00e4hrend des Urlaubs sammeln sich h\u00e4ufig Staub, Sand, Bl\u00e4tter, Feuchtigkeit, Essensreste oder Schmutz von au\u00dfen an. Je l\u00e4nger sie im Fahrzeug bleiben, desto schwieriger lassen sie sich sp\u00e4ter entfernen.<\/p>\n\n<h3>Innenraum<\/h3>\n\n<p>Entfernen Sie zun\u00e4chst alles, was nicht zur \u00fcblichen Ausstattung des Fahrzeugs geh\u00f6rt:<\/p>\n\n<ul>\n  <li>Kleidung.<\/li>\n  <li>Handt\u00fccher.<\/li>\n  <li>K\u00fcchenutensilien.<\/li>\n  <li>Lebensmittel.<\/li>\n  <li>Sportausr\u00fcstung.<\/li>\n<\/ul>\n<br>\n<p>Reinigen Sie anschlie\u00dfend:<\/p>\n\n<ul>\n  <li>M\u00f6bel.<\/li>\n  <li>Schubladen.<\/li>\n  <li>Arbeitsfl\u00e4chen.<\/li>\n  <li>Boden.<\/li>\n  <li>Staur\u00e4ume.<\/li>\n<\/ul>\n<br>\n<p>Neben einer besseren Hygiene haben Sie auch die M\u00f6glichkeit, Verschlei\u00df oder kleinere Sch\u00e4den zu entdecken, die w\u00e4hrend der Reise unbemerkt geblieben sind.<\/p>\n\n<h3>Au\u00dfenbereich<\/h3>\n\n<p>Auch die Au\u00dfenreinigung ist wichtig.<\/p>\n\n<p>Im Sommer sammeln sich an Fahrzeugen h\u00e4ufig:<\/p>\n\n<ul>\n  <li>Staub.<\/li>\n  <li>Insekten.<\/li>\n  <li>Baumharz.<\/li>\n  <li>Salzr\u00fcckst\u00e4nde.<\/li>\n  <li>Schlammreste.<\/li>\n<\/ul>\n<br>\n<p>Das Entfernen dieser R\u00fcckst\u00e4nde tr\u00e4gt dazu bei, die Karosserie besser zu erhalten und m\u00f6gliche Sch\u00e4den leichter zu erkennen.<\/p>\n\n<h2>\u00dcberpr\u00fcfen Sie die Matratze und den Schlafbereich<\/h2>\n\n<p>Das Bett geh\u00f6rt bei jeder Reise zu den am h\u00e4ufigsten genutzten Bereichen. Dennoch wird es bei Wartungsarbeiten oft \u00fcbersehen.<\/p>\n\n<p>Nach der R\u00fcckkehr aus dem Urlaub sollten Sie Folgendes \u00fcberpr\u00fcfen:<\/p>\n\n<ul>\n  <li>Den allgemeinen Zustand der Matratze.<\/li>\n  <li>Das Vorhandensein von Feuchtigkeit.<\/li>\n  <li>Ungew\u00f6hnliche Ger\u00fcche.<\/li>\n  <li>Ansammlung von Schmutz.<\/li>\n  <li>Den Zustand der Bez\u00fcge oder Stoffe.<\/li>\n<\/ul>\n<br>\n<p>Lassen Sie die Matratze nach M\u00f6glichkeit mehrere Stunden ausl\u00fcften. Dadurch wird angesammelte Feuchtigkeit entfernt und die Materialien bleiben l\u00e4nger in einem guten Zustand.<\/p>\n\n<p>Eine gute Bel\u00fcftung nach jeder Reise kann die Lebensdauer des Schlafsystems erheblich verl\u00e4ngern.<\/p>\n\n<h2>\u00dcberpr\u00fcfen Sie den Zustand der W\u00e4rmeisolierungen<\/h2>\n\n<p>W\u00e4rmeisolierungen werden im Sommer besonders stark beansprucht. Deshalb lohnt es sich, nach der intensivsten Nutzungszeit ein paar Minuten f\u00fcr ihre \u00dcberpr\u00fcfung einzuplanen.<\/p>\n\n<p>\u00dcberpr\u00fcfen Sie:<\/p>\n\n<ul>\n  <li>Den Zustand der Saugn\u00e4pfe.<\/li>\n  <li>M\u00f6gliche Verformungen.<\/li>\n  <li>N\u00e4hte.<\/li>\n  <li>Angesammelter Schmutz.<\/li>\n  <li>Feuchtigkeit.<\/li>\n<\/ul>\n<br>\n<p>Vergewissern Sie sich vor dem Verstauen, dass sie vollst\u00e4ndig trocken sind. Werden sie feucht gelagert, k\u00f6nnen unangenehme Ger\u00fcche entstehen und einige Materialien mit der Zeit besch\u00e4digt werden.<\/p>\n\n<h2>L\u00fcften Sie das Fahrzeug gr\u00fcndlich, bevor Sie es abstellen<\/h2>\n\n<p>Einer der h\u00e4ufigsten Fehler besteht darin, den Camper direkt nach der R\u00fcckkehr von der Reise zu verschlie\u00dfen.<\/p>\n\n<p>Auch wenn auf den ersten Blick alles trocken erscheint, bleibt immer etwas Restfeuchtigkeit zur\u00fcck, die stammt von:<\/p>\n\n<ul>\n  <li>Der Atmung.<\/li>\n  <li>Dem Kochen.<\/li>\n  <li>Der Dusche.<\/li>\n  <li>Der Kondensation.<\/li>\n  <li>Feuchter Kleidung.<\/li>\n<\/ul>\n<br>\n<p>Deshalb empfiehlt es sich, T\u00fcren und Fenster eine Zeit lang ge\u00f6ffnet zu lassen, damit die Luft im Innenraum vollst\u00e4ndig erneuert wird.<\/p>\n\n<p>Es ist eine einfache Ma\u00dfnahme, die viele sp\u00e4tere Probleme verhindern kann.<\/p>\n\n<h2>Achten Sie auf Anzeichen von Feuchtigkeit, bevor Probleme entstehen<\/h2>\n\n<p>Das Ende des Sommers ist ein guter Zeitpunkt, um m\u00f6gliche Problemstellen zu erkennen.<\/p>\n\n<p>\u00dcberpr\u00fcfen Sie besonders:<\/p>\n\n<ul>\n  <li>Ecken.<\/li>\n  <li>Fensterrahmen.<\/li>\n  <li>Geschlossene Stauf\u00e4cher.<\/li>\n  <li>Bereiche unter der Matratze.<\/li>\n  <li>Schlecht bel\u00fcftete Bereiche.<\/li>\n<\/ul>\n<br>\n<p>Feuchtigkeit fr\u00fchzeitig zu erkennen ist deutlich einfacher, als ihre Folgen Monate sp\u00e4ter zu beheben.<\/p>\n\n<p>Au\u00dferdem hilft Ihnen diese Kontrolle dabei, das Fahrzeug auf die k\u00fchleren Temperaturen im Herbst vorzubereiten.<\/p>\n\n<h2>\u00dcberpr\u00fcfen Sie die Komponenten, die im Sommer am st\u00e4rksten beansprucht wurden<\/h2>\n\n<p>Einige Komponenten werden w\u00e4hrend des Urlaubs besonders stark beansprucht.<\/p>\n\n<p>Zum Beispiel:<\/p>\n\n<h3>\u00d6ffnungssysteme.<\/h3>\n\n<p>T\u00fcren, Schubladen und Scharniere werden w\u00e4hrend einer Reise in der Regel deutlich h\u00e4ufiger genutzt.<\/p>\n\n<h3>Elektrische Ausstattung.<\/h3>\n\n<p>\u00dcberpr\u00fcfen Sie, ob Beleuchtung, Steckdosen und Anschl\u00fcsse einwandfrei funktionieren.<\/p>\n\n<h3>Textilelemente.<\/h3>\n\n<p>Vorh\u00e4nge, Bez\u00fcge oder Schutzabdeckungen sollten gegebenenfalls vor dem Verstauen gereinigt werden.<\/p>\n\n<p>Regelm\u00e4\u00dfige kleine Kontrollen helfen dabei, Verschlei\u00df fr\u00fchzeitig zu erkennen, bevor gr\u00f6\u00dfere Probleme entstehen.<\/p>\n\n<h2>Wenn Sie bald wieder verreisen, nutzen Sie die Gelegenheit, alles vorzubereiten<\/h2>\n\n<p>Nicht alle Reisenden stellen ihren Camper bis zur n\u00e4chsten Saison ab. Viele unternehmen auch im September, Oktober oder sogar im Winter weitere Ausfl\u00fcge.<\/p>\n\n<p>Wenn das auf Sie zutrifft, ist jetzt der ideale Zeitpunkt, um Ihr Fahrzeug vorzubereiten:<\/p>\n\n<ul>\n  <li>Organisieren Sie die Ausstattung neu.<\/li>\n  <li>F\u00fcllen Sie Verbrauchsmaterialien auf.<\/li>\n  <li>\u00dcberpr\u00fcfen Sie, was Sie tats\u00e4chlich genutzt haben.<\/li>\n  <li>Entfernen Sie alles, was Sie nicht ben\u00f6tigen.<\/li>\n<\/ul>\n<br>\n<p>So wird Ihr n\u00e4chster Ausflug deutlich komfortabler und schneller vorbereitet sein.<\/p>\n\n<h2>Eine Stunde Kontrolle kann viele sp\u00e4tere Probleme verhindern<\/h2>\n\n<p>Die meisten Probleme im Zusammenhang mit Feuchtigkeit, unangenehmen Ger\u00fcchen oder Materialverschlei\u00df entstehen nicht von heute auf morgen.<\/p>\n\n<p>Sie beginnen meist mit kleinen Details, die nach einem Ausflug unbemerkt bleiben.<\/p>\n\n<p>Wenn Sie nach dem Urlaub eine Stunde in die \u00dcberpr\u00fcfung Ihres Fahrzeugs investieren, k\u00f6nnen Sie Ihren Camper besser erhalten und noch viele Jahre Freude daran haben.<\/p>\n\n<p>Au\u00dferdem k\u00f6nnen Sie so mit dem beruhigenden Gef\u00fchl in Ihr n\u00e4chstes Abenteuer starten, dass alles in Ordnung ist.<\/p>\n\n\n\n\n<h2 class=\"wp-block-heading\">H\u00e4ufig gestellte Fragen<\/h2>\n\n\n\n<details class=\"wp-block-details is-layout-flow wp-block-details-is-layout-flow\"><summary><strong>Ist es notwendig, den Camper nach jeder Reise zu reinigen?<\/strong><\/summary>\n<p class=\"wp-block-paragraph\">Ja. Selbst nach einem kurzen Ausflug hilft eine grundlegende Reinigung dabei, die Materialien besser zu erhalten und m\u00f6gliche Probleme fr\u00fchzeitig zu erkennen.<\/p>\n<\/details>\n\n\n\n<details class=\"wp-block-details is-layout-flow wp-block-details-is-layout-flow\"><summary><strong>Sollte ich die Matratze nach dem Urlaub ausl\u00fcften?<\/strong><\/summary>\n<p class=\"wp-block-paragraph\">Ja. Das ist eine der besten M\u00f6glichkeiten, angesammelte Feuchtigkeit zu entfernen und die Matratze in gutem Zustand zu halten.<\/p>\n<\/details>\n\n\n\n<details class=\"wp-block-details is-layout-flow wp-block-details-is-layout-flow\"><summary><strong>Wie bewahre ich W\u00e4rmeisolierungen richtig auf?<\/strong><\/summary>\n<p class=\"wp-block-paragraph\">Das Wichtigste ist, sicherzustellen, dass sie vollst\u00e4ndig trocken sind, bevor sie verstaut werden.<\/p>\n<\/details>\n\n\n\n<details class=\"wp-block-details is-layout-flow wp-block-details-is-layout-flow\"><summary><strong>Welche Bereiche sammeln im Camper am meisten Feuchtigkeit?<\/strong><\/summary>\n<p class=\"wp-block-paragraph\">Die Bereiche unter der Matratze, geschlossene Stauf\u00e4cher und Fensterrahmen sind in der Regel am anf\u00e4lligsten f\u00fcr Feuchtigkeit.<\/p>\n<\/details>\n\n\n\n<br><p>Eine sorgf\u00e4ltige Wartung nach dem Urlaub ist der beste Weg, Ihren Camper viele Jahre lang in einwandfreiem Zustand zu erhalten.<\/p>\n\n<p>Wenn Sie bei der Kontrolle feststellen, dass es Zeit ist, Ihren Schlafbereich zu erneuern oder den W\u00e4rmekomfort Ihres Fahrzeugs zu verbessern, fertigen wir bei M2Camper ma\u00dfgefertigte Matratzen und W\u00e4rmeisolierungen, damit Sie jede Reise mit h\u00f6chstem Komfort genie\u00dfen k\u00f6nnen.<\/p>\n\n\n<div class=\"wp-block-image\">\n<figure class=\"aligncenter size-full is-resized\"><img fetchpriority=\"high\" decoding=\"async\" width=\"1672\" height=\"941\" src=\"https:\/\/m2camper.com\/wp-content\/uploads\/2026\/06\/revisar-camper-despues-de-vacaciones.webp\" alt=\"Camper-Wartung nach dem Sommer\" class=\"wp-image-18282\" style=\"width:500px\" srcset=\"https:\/\/m2camper.com\/wp-content\/uploads\/2026\/06\/revisar-camper-despues-de-vacaciones.webp 1672w, https:\/\/m2camper.com\/wp-content\/uploads\/2026\/06\/revisar-camper-despues-de-vacaciones-300x169.webp 300w, https:\/\/m2camper.com\/wp-content\/uploads\/2026\/06\/revisar-camper-despues-de-vacaciones-1024x576.webp 1024w, https:\/\/m2camper.com\/wp-content\/uploads\/2026\/06\/revisar-camper-despues-de-vacaciones-768x432.webp 768w, https:\/\/m2camper.com\/wp-content\/uploads\/2026\/06\/revisar-camper-despues-de-vacaciones-1536x864.webp 1536w, https:\/\/m2camper.com\/wp-content\/uploads\/2026\/06\/revisar-camper-despues-de-vacaciones-18x10.webp 18w, https:\/\/m2camper.com\/wp-content\/uploads\/2026\/06\/revisar-camper-despues-de-vacaciones-600x338.webp 600w\" sizes=\"(max-width: 1672px) 100vw, 1672px\" \/><\/figure>\n<\/div>","protected":false},"excerpt":{"rendered":"<p>El final de las vacaciones tambi\u00e9n forma parte del viaje Cuando termina una escapada o unas vacaciones largas en camper, la mayor\u00eda de viajeros hacen exactamente lo mismo: llegan a casa, descargan lo imprescindible y dejan el resto para m\u00e1s adelante. Es totalmente normal. Despu\u00e9s de varios d\u00edas en ruta, lo \u00faltimo que apetece es&hellip;&nbsp;<a href=\"https:\/\/m2camper.com\/de\/despues-de-las-vacaciones-como-revisar-tu-camper-antes-de-guardarla-o-volver-a-usarla\/\" rel=\"bookmark\">Mehr lesen &quot;<span class=\"screen-reader-text\">Nach dem Urlaub: So \u00fcberpr\u00fcfen Sie Ihren Camper, bevor Sie ihn einlagern oder wieder nutzen<\/span><\/a><\/p>","protected":false},"author":5741,"featured_media":18282,"comment_status":"closed","ping_status":"closed","sticky":false,"template":"","format":"standard","meta":{"neve_meta_sidebar":"","neve_meta_container":"","neve_meta_enable_content_width":"","neve_meta_content_width":0,"neve_meta_title_alignment":"","neve_meta_author_avatar":"","neve_post_elements_order":"","neve_meta_disable_header":"","neve_meta_disable_footer":"","neve_meta_disable_title":"","footnotes":""},"categories":[202],"tags":[],"class_list":["post-18281","post","type-post","status-publish","format-standard","has-post-thumbnail","hentry","category-camperizacion-de-furgonetas"],"yoast_head":"<!-- This site is optimized with the Yoast SEO plugin v28.3 - https:\/\/yoast.com\/product\/yoast-seo-wordpress\/ -->\n<title>C\u00f3mo revisar tu camper despu\u00e9s de las vacaciones | Gu\u00eda pr\u00e1ctica<\/title>\n<meta name=\"description\" content=\"Descubre qu\u00e9 revisar en tu camper despu\u00e9s de las vacaciones para mantenerla en buen estado, evitar problemas y preparar futuras escapadas.\" \/>\n<meta name=\"robots\" content=\"index, follow, max-snippet:-1, max-image-preview:large, max-video-preview:-1\" \/>\n<link rel=\"canonical\" href=\"https:\/\/m2camper.com\/de\/despues-de-las-vacaciones-como-revisar-tu-camper-antes-de-guardarla-o-volver-a-usarla\/\" \/>\n<meta property=\"og:locale\" content=\"de_DE\" \/>\n<meta property=\"og:type\" content=\"article\" \/>\n<meta property=\"og:title\" content=\"C\u00f3mo revisar tu camper despu\u00e9s de las vacaciones | Gu\u00eda pr\u00e1ctica\" \/>\n<meta property=\"og:description\" content=\"Descubre qu\u00e9 revisar en tu camper despu\u00e9s de las vacaciones para mantenerla en buen estado, evitar problemas y preparar futuras escapadas.\" \/>\n<meta property=\"og:url\" content=\"https:\/\/m2camper.com\/de\/despues-de-las-vacaciones-como-revisar-tu-camper-antes-de-guardarla-o-volver-a-usarla\/\" \/>\n<meta property=\"og:site_name\" content=\"M2 Camper | Aislantes t\u00e9rmicos y oscurecedores para campers\" \/>\n<meta property=\"article:published_time\" content=\"2026-08-24T08:09:38+00:00\" \/>\n<meta property=\"og:image\" content=\"https:\/\/m2camper.com\/wp-content\/uploads\/2026\/06\/revisar-camper-despues-de-vacaciones.webp\" \/>\n\t<meta property=\"og:image:width\" content=\"1672\" \/>\n\t<meta property=\"og:image:height\" content=\"941\" \/>\n\t<meta property=\"og:image:type\" content=\"image\/webp\" \/>\n<meta name=\"author\" content=\"Prubs214s\" \/>\n<meta name=\"twitter:card\" content=\"summary_large_image\" \/>\n<meta name=\"twitter:label1\" content=\"Verfasst von\" \/>\n\t<meta name=\"twitter:data1\" content=\"Prubs214s\" \/>\n\t<meta name=\"twitter:label2\" content=\"Gesch\u00e4tzte Lesezeit\" \/>\n\t<meta name=\"twitter:data2\" content=\"5\u00a0Minuten\" \/>\n<script type=\"application\/ld+json\" class=\"yoast-schema-graph\">{\"@context\":\"https:\\\/\\\/schema.org\",\"@graph\":[{\"@type\":\"Article\",\"@id\":\"https:\\\/\\\/m2camper.com\\\/despues-de-las-vacaciones-como-revisar-tu-camper-antes-de-guardarla-o-volver-a-usarla\\\/#article\",\"isPartOf\":{\"@id\":\"https:\\\/\\\/m2camper.com\\\/despues-de-las-vacaciones-como-revisar-tu-camper-antes-de-guardarla-o-volver-a-usarla\\\/\"},\"author\":{\"name\":\"Prubs214s\",\"@id\":\"https:\\\/\\\/m2camper.com\\\/pt\\\/#\\\/schema\\\/person\\\/ad1e681f60b2e23c9b88a93e6d3feab3\"},\"headline\":\"Despu\u00e9s de las vacaciones: c\u00f3mo revisar tu camper antes de guardarla o volver a usarla\",\"datePublished\":\"2026-08-24T08:09:38+00:00\",\"mainEntityOfPage\":{\"@id\":\"https:\\\/\\\/m2camper.com\\\/despues-de-las-vacaciones-como-revisar-tu-camper-antes-de-guardarla-o-volver-a-usarla\\\/\"},\"wordCount\":1095,\"image\":{\"@id\":\"https:\\\/\\\/m2camper.com\\\/despues-de-las-vacaciones-como-revisar-tu-camper-antes-de-guardarla-o-volver-a-usarla\\\/#primaryimage\"},\"thumbnailUrl\":\"https:\\\/\\\/m2camper.com\\\/wp-content\\\/uploads\\\/2026\\\/06\\\/revisar-camper-despues-de-vacaciones.webp\",\"articleSection\":[\"camperizaci\u00f3n de furgonetas\"],\"inLanguage\":\"de\"},{\"@type\":\"WebPage\",\"@id\":\"https:\\\/\\\/m2camper.com\\\/despues-de-las-vacaciones-como-revisar-tu-camper-antes-de-guardarla-o-volver-a-usarla\\\/\",\"url\":\"https:\\\/\\\/m2camper.com\\\/despues-de-las-vacaciones-como-revisar-tu-camper-antes-de-guardarla-o-volver-a-usarla\\\/\",\"name\":\"C\u00f3mo revisar tu camper despu\u00e9s de las vacaciones | Gu\u00eda pr\u00e1ctica\",\"isPartOf\":{\"@id\":\"https:\\\/\\\/m2camper.com\\\/pt\\\/#website\"},\"primaryImageOfPage\":{\"@id\":\"https:\\\/\\\/m2camper.com\\\/despues-de-las-vacaciones-como-revisar-tu-camper-antes-de-guardarla-o-volver-a-usarla\\\/#primaryimage\"},\"image\":{\"@id\":\"https:\\\/\\\/m2camper.com\\\/despues-de-las-vacaciones-como-revisar-tu-camper-antes-de-guardarla-o-volver-a-usarla\\\/#primaryimage\"},\"thumbnailUrl\":\"https:\\\/\\\/m2camper.com\\\/wp-content\\\/uploads\\\/2026\\\/06\\\/revisar-camper-despues-de-vacaciones.webp\",\"datePublished\":\"2026-08-24T08:09:38+00:00\",\"author\":{\"@id\":\"https:\\\/\\\/m2camper.com\\\/pt\\\/#\\\/schema\\\/person\\\/ad1e681f60b2e23c9b88a93e6d3feab3\"},\"description\":\"Descubre qu\u00e9 revisar en tu camper despu\u00e9s de las vacaciones para mantenerla en buen estado, evitar problemas y preparar futuras escapadas.\",\"breadcrumb\":{\"@id\":\"https:\\\/\\\/m2camper.com\\\/despues-de-las-vacaciones-como-revisar-tu-camper-antes-de-guardarla-o-volver-a-usarla\\\/#breadcrumb\"},\"inLanguage\":\"de\",\"potentialAction\":[{\"@type\":\"ReadAction\",\"target\":[\"https:\\\/\\\/m2camper.com\\\/despues-de-las-vacaciones-como-revisar-tu-camper-antes-de-guardarla-o-volver-a-usarla\\\/\"]}]},{\"@type\":\"ImageObject\",\"inLanguage\":\"de\",\"@id\":\"https:\\\/\\\/m2camper.com\\\/despues-de-las-vacaciones-como-revisar-tu-camper-antes-de-guardarla-o-volver-a-usarla\\\/#primaryimage\",\"url\":\"https:\\\/\\\/m2camper.com\\\/wp-content\\\/uploads\\\/2026\\\/06\\\/revisar-camper-despues-de-vacaciones.webp\",\"contentUrl\":\"https:\\\/\\\/m2camper.com\\\/wp-content\\\/uploads\\\/2026\\\/06\\\/revisar-camper-despues-de-vacaciones.webp\",\"width\":1672,\"height\":941,\"caption\":\"revisar camper despu\u00e9s de vacaciones\"},{\"@type\":\"BreadcrumbList\",\"@id\":\"https:\\\/\\\/m2camper.com\\\/despues-de-las-vacaciones-como-revisar-tu-camper-antes-de-guardarla-o-volver-a-usarla\\\/#breadcrumb\",\"itemListElement\":[{\"@type\":\"ListItem\",\"position\":1,\"name\":\"Portada\",\"item\":\"https:\\\/\\\/m2camper.com\\\/pt\\\/\"},{\"@type\":\"ListItem\",\"position\":2,\"name\":\"Despu\u00e9s de las vacaciones: c\u00f3mo revisar tu camper antes de guardarla o volver a usarla\"}]},{\"@type\":\"WebSite\",\"@id\":\"https:\\\/\\\/m2camper.com\\\/pt\\\/#website\",\"url\":\"https:\\\/\\\/m2camper.com\\\/pt\\\/\",\"name\":\"M2 Campers | Aislantes t\u00e9rmicos y oscurecedores para campers\",\"description\":\"Descubre calidad y confort de nuestros aislantes t\u00e9rmicos oscurecedores y colchones para veh\u00edculos. Optimiza tu experiencia en carretera con M2 Camper.\",\"potentialAction\":[{\"@type\":\"SearchAction\",\"target\":{\"@type\":\"EntryPoint\",\"urlTemplate\":\"https:\\\/\\\/m2camper.com\\\/pt\\\/?s={search_term_string}\"},\"query-input\":{\"@type\":\"PropertyValueSpecification\",\"valueRequired\":true,\"valueName\":\"search_term_string\"}}],\"inLanguage\":\"de\"},{\"@type\":\"Person\",\"@id\":\"https:\\\/\\\/m2camper.com\\\/pt\\\/#\\\/schema\\\/person\\\/ad1e681f60b2e23c9b88a93e6d3feab3\",\"name\":\"Prubs214s\",\"image\":{\"@type\":\"ImageObject\",\"inLanguage\":\"de\",\"@id\":\"https:\\\/\\\/secure.gravatar.com\\\/avatar\\\/74706914812c3b473b95a5253410b33d71c50bf5f0d5423532bc0afa617d4316?s=96&d=mm&r=g\",\"url\":\"https:\\\/\\\/secure.gravatar.com\\\/avatar\\\/74706914812c3b473b95a5253410b33d71c50bf5f0d5423532bc0afa617d4316?s=96&d=mm&r=g\",\"contentUrl\":\"https:\\\/\\\/secure.gravatar.com\\\/avatar\\\/74706914812c3b473b95a5253410b33d71c50bf5f0d5423532bc0afa617d4316?s=96&d=mm&r=g\",\"caption\":\"Prubs214s\"},\"url\":\"https:\\\/\\\/m2camper.com\\\/de\\\/author\\\/prubs214s\\\/\"}]}<\/script>\n<!-- \/ Yoast SEO plugin. -->","yoast_head_json":{"title":"So \u00fcberpr\u00fcfen Sie Ihren Camper nach dem Urlaub | Praktischer Leitfaden","description":"Erfahren Sie, was Sie nach dem Urlaub an Ihrem Camper \u00fcberpr\u00fcfen sollten, um ihn in gutem Zustand zu halten, Probleme zu vermeiden und ihn f\u00fcr zuk\u00fcnftige Reisen vorzubereiten.","robots":{"index":"index","follow":"follow","max-snippet":"max-snippet:-1","max-image-preview":"max-image-preview:large","max-video-preview":"max-video-preview:-1"},"canonical":"https:\/\/m2camper.com\/de\/despues-de-las-vacaciones-como-revisar-tu-camper-antes-de-guardarla-o-volver-a-usarla\/","og_locale":"de_DE","og_type":"article","og_title":"C\u00f3mo revisar tu camper despu\u00e9s de las vacaciones | Gu\u00eda pr\u00e1ctica","og_description":"Descubre qu\u00e9 revisar en tu camper despu\u00e9s de las vacaciones para mantenerla en buen estado, evitar problemas y preparar futuras escapadas.","og_url":"https:\/\/m2camper.com\/de\/despues-de-las-vacaciones-como-revisar-tu-camper-antes-de-guardarla-o-volver-a-usarla\/","og_site_name":"M2 Camper | Aislantes t\u00e9rmicos y oscurecedores para campers","article_published_time":"2026-08-24T08:09:38+00:00","og_image":[{"width":1672,"height":941,"url":"https:\/\/m2camper.com\/wp-content\/uploads\/2026\/06\/revisar-camper-despues-de-vacaciones.webp","type":"image\/webp"}],"author":"Prubs214s","twitter_card":"summary_large_image","twitter_misc":{"Verfasst von":"Prubs214s","Gesch\u00e4tzte Lesezeit":"5\u00a0Minuten"},"schema":{"@context":"https:\/\/schema.org","@graph":[{"@type":"Article","@id":"https:\/\/m2camper.com\/despues-de-las-vacaciones-como-revisar-tu-camper-antes-de-guardarla-o-volver-a-usarla\/#article","isPartOf":{"@id":"https:\/\/m2camper.com\/despues-de-las-vacaciones-como-revisar-tu-camper-antes-de-guardarla-o-volver-a-usarla\/"},"author":{"name":"Prubs214s","@id":"https:\/\/m2camper.com\/pt\/#\/schema\/person\/ad1e681f60b2e23c9b88a93e6d3feab3"},"headline":"Despu\u00e9s de las vacaciones: c\u00f3mo revisar tu camper antes de guardarla o volver a usarla","datePublished":"2026-08-24T08:09:38+00:00","mainEntityOfPage":{"@id":"https:\/\/m2camper.com\/despues-de-las-vacaciones-como-revisar-tu-camper-antes-de-guardarla-o-volver-a-usarla\/"},"wordCount":1095,"image":{"@id":"https:\/\/m2camper.com\/despues-de-las-vacaciones-como-revisar-tu-camper-antes-de-guardarla-o-volver-a-usarla\/#primaryimage"},"thumbnailUrl":"https:\/\/m2camper.com\/wp-content\/uploads\/2026\/06\/revisar-camper-despues-de-vacaciones.webp","articleSection":["camperizaci\u00f3n de furgonetas"],"inLanguage":"de"},{"@type":"WebPage","@id":"https:\/\/m2camper.com\/despues-de-las-vacaciones-como-revisar-tu-camper-antes-de-guardarla-o-volver-a-usarla\/","url":"https:\/\/m2camper.com\/despues-de-las-vacaciones-como-revisar-tu-camper-antes-de-guardarla-o-volver-a-usarla\/","name":"So \u00fcberpr\u00fcfen Sie Ihren Camper nach dem Urlaub | Praktischer Leitfaden","isPartOf":{"@id":"https:\/\/m2camper.com\/pt\/#website"},"primaryImageOfPage":{"@id":"https:\/\/m2camper.com\/despues-de-las-vacaciones-como-revisar-tu-camper-antes-de-guardarla-o-volver-a-usarla\/#primaryimage"},"image":{"@id":"https:\/\/m2camper.com\/despues-de-las-vacaciones-como-revisar-tu-camper-antes-de-guardarla-o-volver-a-usarla\/#primaryimage"},"thumbnailUrl":"https:\/\/m2camper.com\/wp-content\/uploads\/2026\/06\/revisar-camper-despues-de-vacaciones.webp","datePublished":"2026-08-24T08:09:38+00:00","author":{"@id":"https:\/\/m2camper.com\/pt\/#\/schema\/person\/ad1e681f60b2e23c9b88a93e6d3feab3"},"description":"Erfahren Sie, was Sie nach dem Urlaub an Ihrem Camper \u00fcberpr\u00fcfen sollten, um ihn in gutem Zustand zu halten, Probleme zu vermeiden und ihn f\u00fcr zuk\u00fcnftige Reisen vorzubereiten.","breadcrumb":{"@id":"https:\/\/m2camper.com\/despues-de-las-vacaciones-como-revisar-tu-camper-antes-de-guardarla-o-volver-a-usarla\/#breadcrumb"},"inLanguage":"de","potentialAction":[{"@type":"ReadAction","target":["https:\/\/m2camper.com\/despues-de-las-vacaciones-como-revisar-tu-camper-antes-de-guardarla-o-volver-a-usarla\/"]}]},{"@type":"ImageObject","inLanguage":"de","@id":"https:\/\/m2camper.com\/despues-de-las-vacaciones-como-revisar-tu-camper-antes-de-guardarla-o-volver-a-usarla\/#primaryimage","url":"https:\/\/m2camper.com\/wp-content\/uploads\/2026\/06\/revisar-camper-despues-de-vacaciones.webp","contentUrl":"https:\/\/m2camper.com\/wp-content\/uploads\/2026\/06\/revisar-camper-despues-de-vacaciones.webp","width":1672,"height":941,"caption":"revisar camper despu\u00e9s de vacaciones"},{"@type":"BreadcrumbList","@id":"https:\/\/m2camper.com\/despues-de-las-vacaciones-como-revisar-tu-camper-antes-de-guardarla-o-volver-a-usarla\/#breadcrumb","itemListElement":[{"@type":"ListItem","position":1,"name":"Portada","item":"https:\/\/m2camper.com\/pt\/"},{"@type":"ListItem","position":2,"name":"Despu\u00e9s de las vacaciones: c\u00f3mo revisar tu camper antes de guardarla o volver a usarla"}]},{"@type":"WebSite","@id":"https:\/\/m2camper.com\/pt\/#website","url":"https:\/\/m2camper.com\/pt\/","name":"M2 Wohnmobile | W\u00e4rmed\u00e4mmung und Verdunkelung f\u00fcr Camper","description":"Entdecken Sie die Qualit\u00e4t und den Komfort unserer w\u00e4rmeisolierenden Verdunkelungen und Matratzen f\u00fcr Fahrzeuge. Optimieren Sie Ihren Aufenthalt auf der Stra\u00dfe mit M2 Camper.","potentialAction":[{"@type":"SearchAction","target":{"@type":"EntryPoint","urlTemplate":"https:\/\/m2camper.com\/pt\/?s={search_term_string}"},"query-input":{"@type":"PropertyValueSpecification","valueRequired":true,"valueName":"search_term_string"}}],"inLanguage":"de"},{"@type":"Person","@id":"https:\/\/m2camper.com\/pt\/#\/schema\/person\/ad1e681f60b2e23c9b88a93e6d3feab3","name":"Prubs214s","image":{"@type":"ImageObject","inLanguage":"de","@id":"https:\/\/secure.gravatar.com\/avatar\/74706914812c3b473b95a5253410b33d71c50bf5f0d5423532bc0afa617d4316?s=96&d=mm&r=g","url":"https:\/\/secure.gravatar.com\/avatar\/74706914812c3b473b95a5253410b33d71c50bf5f0d5423532bc0afa617d4316?s=96&d=mm&r=g","contentUrl":"https:\/\/secure.gravatar.com\/avatar\/74706914812c3b473b95a5253410b33d71c50bf5f0d5423532bc0afa617d4316?s=96&d=mm&r=g","caption":"Prubs214s"},"url":"https:\/\/m2camper.com\/de\/author\/prubs214s\/"}]}},"_links":{"self":[{"href":"https:\/\/m2camper.com\/de\/wp-json\/wp\/v2\/posts\/18281","targetHints":{"allow":["GET"]}}],"collection":[{"href":"https:\/\/m2camper.com\/de\/wp-json\/wp\/v2\/posts"}],"about":[{"href":"https:\/\/m2camper.com\/de\/wp-json\/wp\/v2\/types\/post"}],"author":[{"embeddable":true,"href":"https:\/\/m2camper.com\/de\/wp-json\/wp\/v2\/users\/5741"}],"replies":[{"embeddable":true,"href":"https:\/\/m2camper.com\/de\/wp-json\/wp\/v2\/comments?post=18281"}],"version-history":[{"count":2,"href":"https:\/\/m2camper.com\/de\/wp-json\/wp\/v2\/posts\/18281\/revisions"}],"predecessor-version":[{"id":18284,"href":"https:\/\/m2camper.com\/de\/wp-json\/wp\/v2\/posts\/18281\/revisions\/18284"}],"wp:featuredmedia":[{"embeddable":true,"href":"https:\/\/m2camper.com\/de\/wp-json\/wp\/v2\/media\/18282"}],"wp:attachment":[{"href":"https:\/\/m2camper.com\/de\/wp-json\/wp\/v2\/media?parent=18281"}],"wp:term":[{"taxonomy":"category","embeddable":true,"href":"https:\/\/m2camper.com\/de\/wp-json\/wp\/v2\/categories?post=18281"},{"taxonomy":"post_tag","embeddable":true,"href":"https:\/\/m2camper.com\/de\/wp-json\/wp\/v2\/tags?post=18281"}],"curies":[{"name":"wp","href":"https:\/\/api.w.org\/{rel}","templated":true}]}}