{"id":14460,"date":"2025-07-15T10:36:18","date_gmt":"2025-07-15T08:36:18","guid":{"rendered":"https:\/\/m2camper.com\/?p=14460"},"modified":"2025-07-17T09:24:16","modified_gmt":"2025-07-17T07:24:16","slug":"um-den-sommer-in-ihrem-wohnmobil-ohne-hitze-geniesen-zu-konnen-ist-die-warmeisolierung-der-schlussel","status":"publish","type":"post","link":"https:\/\/m2camper.com\/de\/um-den-sommer-in-ihrem-wohnmobil-ohne-hitze-geniesen-zu-konnen-ist-die-warmeisolierung-der-schlussel\/","title":{"rendered":"W\u00e4rmed\u00e4mmung: So genie\u00dfen Sie den Sommer im Wohnmobil ohne Hitze"},"content":{"rendered":"<h4 class=\"wp-block-heading\">W\u00e4rmed\u00e4mmung: So hilft sie gegen Hitze im Fahrzeug<\/h4>\n\n\n\n<p>Der Sommer ist die beliebteste Jahreszeit f\u00fcr Wohnmobilreisen. Die offenen Stra\u00dfen, sonnigen Landschaften und die Freiheit, \u00fcberall schlafen zu k\u00f6nnen, sorgen f\u00fcr ein einzigartiges Erlebnis. Mit der Hitze gehen jedoch auch Herausforderungen einher. Eine der wichtigsten ist die Aufrechterhaltung einer angenehmen Temperatur in der Kabine. Hier ist der <strong><a href=\"https:\/\/m2camper.com\/de\/isolatoren\/\">W\u00e4rmed\u00e4mmung<\/a><\/strong>, ein wesentliches Element f\u00fcr jedes Wohnmobil.<\/p>\n\n\n\n<p>A <strong>W\u00e4rmed\u00e4mmung<\/strong> Ein gut konzipiertes Wohnmobil kann den Unterschied zwischen einem angenehmen Urlaub und einer echten Sauna auf R\u00e4dern ausmachen. Im Sommer trifft die Sonne das Fahrzeug stark, insbesondere wenn es stundenlang geparkt ist. Fenster und D\u00e4cher wirken wie W\u00e4rmeverst\u00e4rker, und die Innentemperatur kann leicht 50 \u00b0C \u00fcberschreiten. Dies beeintr\u00e4chtigt nicht nur den Komfort, sondern auch die Sicherheit, die Lebensmittelkonservierung, die Ruhe und die Lebensdauer der Innenausstattung des Wohnmobils.<\/p>\n\n\n\n<p>In <strong>M2 Camper<\/strong> Wir arbeiten mit hochwertigen technischen Materialien, um echte L\u00f6sungen f\u00fcr sommerliche W\u00e4rmeprobleme zu bieten. Unsere <strong>W\u00e4rmeisolatoren<\/strong> Sie sind so konzipiert, dass sie der Hitze von au\u00dfen standhalten, die W\u00e4rme\u00fcbertragung minimieren und die Umgebung l\u00e4nger k\u00fchl halten. Es geht nicht mehr nur darum, besser zu schlafen; es geht darum, das Fahrzeug tags\u00fcber nutzen zu k\u00f6nnen, ohne dass es zum Backofen wird.<\/p>\n\n\n<div class=\"wp-block-image\">\n<figure class=\"aligncenter size-large\"><img fetchpriority=\"high\" decoding=\"async\" width=\"1024\" height=\"724\" src=\"https:\/\/m2camper.com\/wp-content\/uploads\/2025\/04\/aislante-para-furgos-1-1024x724.jpg\" alt=\"\" class=\"wp-image-13618\" srcset=\"https:\/\/m2camper.com\/wp-content\/uploads\/2025\/04\/aislante-para-furgos-1-1024x724.jpg 1024w, https:\/\/m2camper.com\/wp-content\/uploads\/2025\/04\/aislante-para-furgos-1-300x212.jpg 300w, https:\/\/m2camper.com\/wp-content\/uploads\/2025\/04\/aislante-para-furgos-1-768x543.jpg 768w, https:\/\/m2camper.com\/wp-content\/uploads\/2025\/04\/aislante-para-furgos-1-1536x1086.jpg 1536w, https:\/\/m2camper.com\/wp-content\/uploads\/2025\/04\/aislante-para-furgos-1-18x12.jpg 18w, https:\/\/m2camper.com\/wp-content\/uploads\/2025\/04\/aislante-para-furgos-1-600x424.jpg 600w, https:\/\/m2camper.com\/wp-content\/uploads\/2025\/04\/aislante-para-furgos-1.jpg 2000w\" sizes=\"(max-width: 1024px) 100vw, 1024px\" \/><\/figure>\n<\/div>\n\n\n<h4 class=\"wp-block-heading\">W\u00e4rmed\u00e4mmung: Materialien, Aufbau und Wirksamkeit im Sommer<\/h4>\n\n\n\n<p>Nicht alle Produkte auf dem Markt funktionieren gleich. Die Leistung eines <strong>W\u00e4rmed\u00e4mmung<\/strong> Es h\u00e4ngt ma\u00dfgeblich von den verwendeten Materialien, dem mehrschichtigen Aufbau und der Qualit\u00e4t der Oberfl\u00e4chen ab. Bei M2 Camper fertigen wir Isolierungen mit bis zu neun technischen Schichten, darunter reflektierende Aluminiumfolie, Thermoschaum und eine Dampfsperre. Diese Kombination blockiert effektiv die Sonneneinstrahlung und verhindert so den gef\u00fcrchteten Treibhauseffekt.<\/p>\n\n\n\n<p>Dar\u00fcber hinaus <strong>W\u00e4rmeisolatoren<\/strong> Sie sind nicht nur f\u00fcr Wohnmobile, sondern auch f\u00fcr Campervans, SUVs und sogar kleine Boote konzipiert. Jede Einheit wird individuell an die spezifischen Abmessungen Ihres Fahrzeugs angepasst, um eine vollst\u00e4ndige Abdeckung und optimale Wirksamkeit zu gew\u00e4hrleisten. Im Gegensatz zu herk\u00f6mmlichen Produkten aus dem Handel passen unsere Isolatoren perfekt und hinterlassen keine L\u00fccken, durch die W\u00e4rme eindringen kann.<\/p>\n\n\n\n<p>Im Sommer ist die h\u00e4ufigste Nutzung der <strong>W\u00e4rmed\u00e4mmung<\/strong> Dies ist besonders wichtig beim Langzeitparken, sei es beim Einkaufen, Arbeiten oder einfach am Strand oder beim Camping. Auch zum Schutz des Innenraums ist es unerl\u00e4sslich, wenn das Fahrzeug w\u00e4hrend der hei\u00dfesten Stunden des Tages direkter Sonneneinstrahlung ausgesetzt ist. Als Hitzeschild tragen diese Isolatoren zur Stabilit\u00e4t elektrischer Ger\u00e4te bei, sch\u00fctzen Textilien und entlasten K\u00fchlschr\u00e4nke, Ventilatoren und andere Ger\u00e4te.<\/p>\n\n\n\n<h4 class=\"wp-block-heading\">W\u00e4rmed\u00e4mmung: Komfort, Energieeinsparung und Vielseitigkeit auf der Stra\u00dfe<\/h4>\n\n\n\n<p>\u00dcber den thermischen Komfort hinaus ist die Verwendung eines guten <strong>W\u00e4rmed\u00e4mmung<\/strong> Dies wirkt sich auch positiv auf den Energieverbrauch des Fahrzeugs aus. Durch die Vermeidung einer \u00dcberhitzung der Kabine wird der Bedarf an L\u00fcftern oder elektrischen K\u00fchlsystemen reduziert, was zu einem geringeren Batterie- und Benzinverbrauch f\u00fchrt. Dies ist besonders wichtig f\u00fcr autonomes Reisen und die effiziente Nutzung der Ressourcen.<\/p>\n\n\n\n<p>Ein weiterer Vorteil ist der verbesserte Schlaf. In Sommern\u00e4chten sind viele Reisende gezwungen, bei ge\u00f6ffnetem Fenster zu schlafen, um der Hitze entgegenzuwirken. Aber mit einem guten <strong>W\u00e4rmed\u00e4mmung<\/strong>Das Raumklima bleibt ab Einbruch der Dunkelheit k\u00fchl und sorgt f\u00fcr einen tieferen, erholsameren Schlaf. Die Isolierung schirmt zudem Licht und Au\u00dfenger\u00e4usche ab und sorgt so f\u00fcr mehr Privatsph\u00e4re und Komfort.<\/p>\n\n\n\n<p>Bei M2 Camper wissen wir, dass jedes Fahrzeug und jede Reise einzigartig ist. Deshalb bieten wir <strong>W\u00e4rmed\u00e4mmung<\/strong> Individuell f\u00fcr jeden Bereich des Fahrzeugs: Windschutzscheibe, Seitenfenster, Dachfenster, Aufstelld\u00e4cher und Heckt\u00fcren. Unser Team ber\u00e4t Sie gerne bei der Auswahl der passenden Konfiguration basierend auf Ihrem Wohnmobilmodell und Ihrer Sommernutzung.<\/p>\n\n\n<div class=\"wp-block-image\">\n<figure class=\"aligncenter size-large\"><img decoding=\"async\" width=\"1024\" height=\"576\" src=\"https:\/\/m2camper.com\/wp-content\/uploads\/2025\/02\/1-1024x576.jpg\" alt=\"\" class=\"wp-image-12210\" srcset=\"https:\/\/m2camper.com\/wp-content\/uploads\/2025\/02\/1-1024x576.jpg 1024w, https:\/\/m2camper.com\/wp-content\/uploads\/2025\/02\/1-300x169.jpg 300w, https:\/\/m2camper.com\/wp-content\/uploads\/2025\/02\/1-768x432.jpg 768w, https:\/\/m2camper.com\/wp-content\/uploads\/2025\/02\/1-1536x864.jpg 1536w, https:\/\/m2camper.com\/wp-content\/uploads\/2025\/02\/1-18x10.jpg 18w, https:\/\/m2camper.com\/wp-content\/uploads\/2025\/02\/1-600x338.jpg 600w, https:\/\/m2camper.com\/wp-content\/uploads\/2025\/02\/1.jpg 1920w\" sizes=\"(max-width: 1024px) 100vw, 1024px\" \/><\/figure>\n<\/div>\n\n\n<h3 class=\"wp-block-heading\">Verbessern Sie Ihre Sommerreisen mit der W\u00e4rmed\u00e4mmung von M2 Camper<\/h3>\n\n\n\n<p>Wenn Sie Ihren n\u00e4chsten Urlaub planen und sicherstellen m\u00f6chten, dass Sie ihn in vollen Z\u00fcgen genie\u00dfen, integrieren Sie eine <strong>W\u00e4rmed\u00e4mmung<\/strong> Die Erneuerung Ihres Wohnmobils ist eine der besten Entscheidungen, die Sie treffen k\u00f6nnen. Sie steigern nicht nur Ihr Wohlbefinden und Ihren Komfort, sondern schonen auch Ihr Fahrzeug, optimieren die Ressourcen und verl\u00e4ngern die Lebensdauer Ihrer Ausr\u00fcstung.<\/p>\n\n\n\n<p>In <strong>M2 Camper<\/strong>fertigen wir jedes <strong>W\u00e4rmed\u00e4mmung<\/strong> Mit Pr\u00e4zision, Erfahrung und einem hohen Qualit\u00e4tsanspruch. Wir sind spezialisiert auf funktionale Ausr\u00fcstung f\u00fcr das mobile Leben und bieten Ihnen ma\u00dfgeschneiderte Produkte aus Hochleistungsmaterialien und einem Design, das auf echten Nutzen und nicht auf vor\u00fcbergehende Moden ausgerichtet ist.<\/p>\n\n\n\n<p>Kontaktieren Sie uns oder fordern Sie ein kostenloses Angebot an. Reisen Sie diesen Sommer besser, schlafen Sie besser und sch\u00fctzen Sie Ihr Wohnmobil mit den besten <strong><a href=\"https:\/\/m2camper.com\/de\/isolatoren\/\">W\u00e4rmed\u00e4mmung<\/a><\/strong>Denn die Hitze soll Ihr Abenteuer nicht verderben.<\/p>\n\n\n<div class=\"wp-block-image\">\n<figure class=\"aligncenter size-large\"><img decoding=\"async\" width=\"1024\" height=\"576\" src=\"https:\/\/m2camper.com\/wp-content\/uploads\/2025\/02\/Diseno-sin-titulo-1-1024x576.jpg\" alt=\"\" class=\"wp-image-12259\" srcset=\"https:\/\/m2camper.com\/wp-content\/uploads\/2025\/02\/Diseno-sin-titulo-1-1024x576.jpg 1024w, https:\/\/m2camper.com\/wp-content\/uploads\/2025\/02\/Diseno-sin-titulo-1-300x169.jpg 300w, https:\/\/m2camper.com\/wp-content\/uploads\/2025\/02\/Diseno-sin-titulo-1-768x432.jpg 768w, https:\/\/m2camper.com\/wp-content\/uploads\/2025\/02\/Diseno-sin-titulo-1-1536x864.jpg 1536w, https:\/\/m2camper.com\/wp-content\/uploads\/2025\/02\/Diseno-sin-titulo-1-18x10.jpg 18w, https:\/\/m2camper.com\/wp-content\/uploads\/2025\/02\/Diseno-sin-titulo-1-600x338.jpg 600w, https:\/\/m2camper.com\/wp-content\/uploads\/2025\/02\/Diseno-sin-titulo-1.jpg 1920w\" sizes=\"(max-width: 1024px) 100vw, 1024px\" \/><\/figure>\n<\/div>","protected":false},"excerpt":{"rendered":"<p>Aislante t\u00e9rmico: c\u00f3mo ayuda a combatir el calor dentro del veh\u00edculo El verano es la temporada favorita para viajar en camper. Las carreteras abiertas, los paisajes soleados y la libertad de dormir en cualquier lugar hacen que la experiencia sea \u00fanica. Sin embargo, con el calor tambi\u00e9n llegan los desaf\u00edos. Uno de los m\u00e1s importantes&hellip;&nbsp;<a href=\"https:\/\/m2camper.com\/de\/um-den-sommer-in-ihrem-wohnmobil-ohne-hitze-geniesen-zu-konnen-ist-die-warmeisolierung-der-schlussel\/\" rel=\"bookmark\">Mehr lesen &quot;<span class=\"screen-reader-text\">W\u00e4rmed\u00e4mmung: So genie\u00dfen Sie den Sommer im Wohnmobil ohne Hitze<\/span><\/a><\/p>","protected":false},"author":5741,"featured_media":13624,"comment_status":"closed","ping_status":"closed","sticky":false,"template":"","format":"standard","meta":{"neve_meta_sidebar":"","neve_meta_container":"","neve_meta_enable_content_width":"","neve_meta_content_width":0,"neve_meta_title_alignment":"","neve_meta_author_avatar":"","neve_post_elements_order":"","neve_meta_disable_header":"","neve_meta_disable_footer":"","neve_meta_disable_title":"","footnotes":""},"categories":[208],"tags":[214],"class_list":["post-14460","post","type-post","status-publish","format-standard","has-post-thumbnail","hentry","category-aislantes-termicos","tag-aislante-termico"],"yoast_head":"<!-- This site is optimized with the Yoast SEO plugin v27.4 - https:\/\/yoast.com\/product\/yoast-seo-wordpress\/ -->\n<title>Aislante t\u00e9rmico: la clave para disfrutar del verano en tu camper sin sofocos - M2 Camper | Aislantes t\u00e9rmicos y oscurecedores para campers<\/title>\n<meta name=\"robots\" content=\"index, follow, max-snippet:-1, max-image-preview:large, max-video-preview:-1\" \/>\n<link rel=\"canonical\" href=\"https:\/\/m2camper.com\/de\/um-den-sommer-in-ihrem-wohnmobil-ohne-hitze-geniesen-zu-konnen-ist-die-warmeisolierung-der-schlussel\/\" \/>\n<meta property=\"og:locale\" content=\"de_DE\" \/>\n<meta property=\"og:type\" content=\"article\" \/>\n<meta property=\"og:title\" content=\"Aislante t\u00e9rmico: la clave para disfrutar del verano en tu camper sin sofocos - M2 Camper | Aislantes t\u00e9rmicos y oscurecedores para campers\" \/>\n<meta property=\"og:description\" content=\"Aislante t\u00e9rmico: c\u00f3mo ayuda a combatir el calor dentro del veh\u00edculo El verano es la temporada favorita para viajar en camper. Las carreteras abiertas, los paisajes soleados y la libertad de dormir en cualquier lugar hacen que la experiencia sea \u00fanica. Sin embargo, con el calor tambi\u00e9n llegan los desaf\u00edos. Uno de los m\u00e1s importantes&hellip;&nbsp;Weiterlesen &raquo;Aislante t\u00e9rmico: la clave para disfrutar del verano en tu camper sin sofocos\" \/>\n<meta property=\"og:url\" content=\"https:\/\/m2camper.com\/de\/um-den-sommer-in-ihrem-wohnmobil-ohne-hitze-geniesen-zu-konnen-ist-die-warmeisolierung-der-schlussel\/\" \/>\n<meta property=\"og:site_name\" content=\"M2 Camper | Aislantes t\u00e9rmicos y oscurecedores para campers\" \/>\n<meta property=\"article:published_time\" content=\"2025-07-15T08:36:18+00:00\" \/>\n<meta property=\"article:modified_time\" content=\"2025-07-17T07:24:16+00:00\" \/>\n<meta property=\"og:image\" content=\"https:\/\/m2camper.com\/wp-content\/uploads\/2025\/05\/aislantes-termicos-para-camionetas-camper.jpg\" \/>\n\t<meta property=\"og:image:width\" content=\"2000\" \/>\n\t<meta property=\"og:image:height\" content=\"1414\" \/>\n\t<meta property=\"og:image:type\" content=\"image\/jpeg\" \/>\n<meta name=\"author\" content=\"Prubs214s\" \/>\n<meta name=\"twitter:card\" content=\"summary_large_image\" \/>\n<meta name=\"twitter:label1\" content=\"Verfasst von\" \/>\n\t<meta name=\"twitter:data1\" content=\"Prubs214s\" \/>\n\t<meta name=\"twitter:label2\" content=\"Gesch\u00e4tzte Lesezeit\" \/>\n\t<meta name=\"twitter:data2\" content=\"5\u00a0Minuten\" \/>\n<script type=\"application\/ld+json\" class=\"yoast-schema-graph\">{\"@context\":\"https:\\\/\\\/schema.org\",\"@graph\":[{\"@type\":\"Article\",\"@id\":\"https:\\\/\\\/m2camper.com\\\/ca\\\/aillant-termic-la-clau-per-gaudir-de-lestiu-al-teu-camper-sense-sufocacions\\\/#article\",\"isPartOf\":{\"@id\":\"https:\\\/\\\/m2camper.com\\\/ca\\\/aillant-termic-la-clau-per-gaudir-de-lestiu-al-teu-camper-sense-sufocacions\\\/\"},\"author\":{\"name\":\"Prubs214s\",\"@id\":\"https:\\\/\\\/m2camper.com\\\/pt\\\/#\\\/schema\\\/person\\\/ad1e681f60b2e23c9b88a93e6d3feab3\"},\"headline\":\"Aislante t\u00e9rmico: la clave para disfrutar del verano en tu camper sin sofocos\",\"datePublished\":\"2025-07-15T08:36:18+00:00\",\"dateModified\":\"2025-07-17T07:24:16+00:00\",\"mainEntityOfPage\":{\"@id\":\"https:\\\/\\\/m2camper.com\\\/ca\\\/aillant-termic-la-clau-per-gaudir-de-lestiu-al-teu-camper-sense-sufocacions\\\/\"},\"wordCount\":916,\"image\":{\"@id\":\"https:\\\/\\\/m2camper.com\\\/ca\\\/aillant-termic-la-clau-per-gaudir-de-lestiu-al-teu-camper-sense-sufocacions\\\/#primaryimage\"},\"thumbnailUrl\":\"https:\\\/\\\/m2camper.com\\\/wp-content\\\/uploads\\\/2025\\\/05\\\/aislantes-termicos-para-camionetas-camper.jpg\",\"keywords\":[\"aislante t\u00e9rmico\"],\"articleSection\":[\"Aislantes t\u00e9rmicos\"],\"inLanguage\":\"de\"},{\"@type\":\"WebPage\",\"@id\":\"https:\\\/\\\/m2camper.com\\\/ca\\\/aillant-termic-la-clau-per-gaudir-de-lestiu-al-teu-camper-sense-sufocacions\\\/\",\"url\":\"https:\\\/\\\/m2camper.com\\\/ca\\\/aillant-termic-la-clau-per-gaudir-de-lestiu-al-teu-camper-sense-sufocacions\\\/\",\"name\":\"Aislante t\u00e9rmico: la clave para disfrutar del verano en tu camper sin sofocos - M2 Camper | Aislantes t\u00e9rmicos y oscurecedores para campers\",\"isPartOf\":{\"@id\":\"https:\\\/\\\/m2camper.com\\\/pt\\\/#website\"},\"primaryImageOfPage\":{\"@id\":\"https:\\\/\\\/m2camper.com\\\/ca\\\/aillant-termic-la-clau-per-gaudir-de-lestiu-al-teu-camper-sense-sufocacions\\\/#primaryimage\"},\"image\":{\"@id\":\"https:\\\/\\\/m2camper.com\\\/ca\\\/aillant-termic-la-clau-per-gaudir-de-lestiu-al-teu-camper-sense-sufocacions\\\/#primaryimage\"},\"thumbnailUrl\":\"https:\\\/\\\/m2camper.com\\\/wp-content\\\/uploads\\\/2025\\\/05\\\/aislantes-termicos-para-camionetas-camper.jpg\",\"datePublished\":\"2025-07-15T08:36:18+00:00\",\"dateModified\":\"2025-07-17T07:24:16+00:00\",\"author\":{\"@id\":\"https:\\\/\\\/m2camper.com\\\/pt\\\/#\\\/schema\\\/person\\\/ad1e681f60b2e23c9b88a93e6d3feab3\"},\"breadcrumb\":{\"@id\":\"https:\\\/\\\/m2camper.com\\\/ca\\\/aillant-termic-la-clau-per-gaudir-de-lestiu-al-teu-camper-sense-sufocacions\\\/#breadcrumb\"},\"inLanguage\":\"de\",\"potentialAction\":[{\"@type\":\"ReadAction\",\"target\":[\"https:\\\/\\\/m2camper.com\\\/ca\\\/aillant-termic-la-clau-per-gaudir-de-lestiu-al-teu-camper-sense-sufocacions\\\/\"]}]},{\"@type\":\"ImageObject\",\"inLanguage\":\"de\",\"@id\":\"https:\\\/\\\/m2camper.com\\\/ca\\\/aillant-termic-la-clau-per-gaudir-de-lestiu-al-teu-camper-sense-sufocacions\\\/#primaryimage\",\"url\":\"https:\\\/\\\/m2camper.com\\\/wp-content\\\/uploads\\\/2025\\\/05\\\/aislantes-termicos-para-camionetas-camper.jpg\",\"contentUrl\":\"https:\\\/\\\/m2camper.com\\\/wp-content\\\/uploads\\\/2025\\\/05\\\/aislantes-termicos-para-camionetas-camper.jpg\",\"width\":2000,\"height\":1414},{\"@type\":\"BreadcrumbList\",\"@id\":\"https:\\\/\\\/m2camper.com\\\/ca\\\/aillant-termic-la-clau-per-gaudir-de-lestiu-al-teu-camper-sense-sufocacions\\\/#breadcrumb\",\"itemListElement\":[{\"@type\":\"ListItem\",\"position\":1,\"name\":\"Portada\",\"item\":\"https:\\\/\\\/m2camper.com\\\/pt\\\/\"},{\"@type\":\"ListItem\",\"position\":2,\"name\":\"Aislante t\u00e9rmico: la clave para disfrutar del verano en tu camper sin sofocos\"}]},{\"@type\":\"WebSite\",\"@id\":\"https:\\\/\\\/m2camper.com\\\/pt\\\/#website\",\"url\":\"https:\\\/\\\/m2camper.com\\\/pt\\\/\",\"name\":\"M2 Campers | Aislantes t\u00e9rmicos y oscurecedores para campers\",\"description\":\"Descubre calidad y confort de nuestros aislantes t\u00e9rmicos oscurecedores y colchones para veh\u00edculos. Optimiza tu experiencia en carretera con M2 Camper.\",\"potentialAction\":[{\"@type\":\"SearchAction\",\"target\":{\"@type\":\"EntryPoint\",\"urlTemplate\":\"https:\\\/\\\/m2camper.com\\\/pt\\\/?s={search_term_string}\"},\"query-input\":{\"@type\":\"PropertyValueSpecification\",\"valueRequired\":true,\"valueName\":\"search_term_string\"}}],\"inLanguage\":\"de\"},{\"@type\":\"Person\",\"@id\":\"https:\\\/\\\/m2camper.com\\\/pt\\\/#\\\/schema\\\/person\\\/ad1e681f60b2e23c9b88a93e6d3feab3\",\"name\":\"Prubs214s\",\"image\":{\"@type\":\"ImageObject\",\"inLanguage\":\"de\",\"@id\":\"https:\\\/\\\/secure.gravatar.com\\\/avatar\\\/74706914812c3b473b95a5253410b33d71c50bf5f0d5423532bc0afa617d4316?s=96&d=mm&r=g\",\"url\":\"https:\\\/\\\/secure.gravatar.com\\\/avatar\\\/74706914812c3b473b95a5253410b33d71c50bf5f0d5423532bc0afa617d4316?s=96&d=mm&r=g\",\"contentUrl\":\"https:\\\/\\\/secure.gravatar.com\\\/avatar\\\/74706914812c3b473b95a5253410b33d71c50bf5f0d5423532bc0afa617d4316?s=96&d=mm&r=g\",\"caption\":\"Prubs214s\"},\"url\":\"https:\\\/\\\/m2camper.com\\\/de\\\/author\\\/prubs214s\\\/\"}]}<\/script>\n<!-- \/ Yoast SEO plugin. -->","yoast_head_json":{"title":"W\u00e4rmed\u00e4mmung: So genie\u00dfen Sie den Sommer im Wohnmobil ohne Hitze - M2 Camper | W\u00e4rmed\u00e4mmung und Verdunkelung f\u00fcr Wohnmobile","robots":{"index":"index","follow":"follow","max-snippet":"max-snippet:-1","max-image-preview":"max-image-preview:large","max-video-preview":"max-video-preview:-1"},"canonical":"https:\/\/m2camper.com\/de\/um-den-sommer-in-ihrem-wohnmobil-ohne-hitze-geniesen-zu-konnen-ist-die-warmeisolierung-der-schlussel\/","og_locale":"de_DE","og_type":"article","og_title":"Aislante t\u00e9rmico: la clave para disfrutar del verano en tu camper sin sofocos - M2 Camper | Aislantes t\u00e9rmicos y oscurecedores para campers","og_description":"Aislante t\u00e9rmico: c\u00f3mo ayuda a combatir el calor dentro del veh\u00edculo El verano es la temporada favorita para viajar en camper. Las carreteras abiertas, los paisajes soleados y la libertad de dormir en cualquier lugar hacen que la experiencia sea \u00fanica. Sin embargo, con el calor tambi\u00e9n llegan los desaf\u00edos. Uno de los m\u00e1s importantes&hellip;&nbsp;Weiterlesen &raquo;Aislante t\u00e9rmico: la clave para disfrutar del verano en tu camper sin sofocos","og_url":"https:\/\/m2camper.com\/de\/um-den-sommer-in-ihrem-wohnmobil-ohne-hitze-geniesen-zu-konnen-ist-die-warmeisolierung-der-schlussel\/","og_site_name":"M2 Camper | Aislantes t\u00e9rmicos y oscurecedores para campers","article_published_time":"2025-07-15T08:36:18+00:00","article_modified_time":"2025-07-17T07:24:16+00:00","og_image":[{"width":2000,"height":1414,"url":"https:\/\/m2camper.com\/wp-content\/uploads\/2025\/05\/aislantes-termicos-para-camionetas-camper.jpg","type":"image\/jpeg"}],"author":"Prubs214s","twitter_card":"summary_large_image","twitter_misc":{"Verfasst von":"Prubs214s","Gesch\u00e4tzte Lesezeit":"5\u00a0Minuten"},"schema":{"@context":"https:\/\/schema.org","@graph":[{"@type":"Article","@id":"https:\/\/m2camper.com\/ca\/aillant-termic-la-clau-per-gaudir-de-lestiu-al-teu-camper-sense-sufocacions\/#article","isPartOf":{"@id":"https:\/\/m2camper.com\/ca\/aillant-termic-la-clau-per-gaudir-de-lestiu-al-teu-camper-sense-sufocacions\/"},"author":{"name":"Prubs214s","@id":"https:\/\/m2camper.com\/pt\/#\/schema\/person\/ad1e681f60b2e23c9b88a93e6d3feab3"},"headline":"Aislante t\u00e9rmico: la clave para disfrutar del verano en tu camper sin sofocos","datePublished":"2025-07-15T08:36:18+00:00","dateModified":"2025-07-17T07:24:16+00:00","mainEntityOfPage":{"@id":"https:\/\/m2camper.com\/ca\/aillant-termic-la-clau-per-gaudir-de-lestiu-al-teu-camper-sense-sufocacions\/"},"wordCount":916,"image":{"@id":"https:\/\/m2camper.com\/ca\/aillant-termic-la-clau-per-gaudir-de-lestiu-al-teu-camper-sense-sufocacions\/#primaryimage"},"thumbnailUrl":"https:\/\/m2camper.com\/wp-content\/uploads\/2025\/05\/aislantes-termicos-para-camionetas-camper.jpg","keywords":["aislante t\u00e9rmico"],"articleSection":["Aislantes t\u00e9rmicos"],"inLanguage":"de"},{"@type":"WebPage","@id":"https:\/\/m2camper.com\/ca\/aillant-termic-la-clau-per-gaudir-de-lestiu-al-teu-camper-sense-sufocacions\/","url":"https:\/\/m2camper.com\/ca\/aillant-termic-la-clau-per-gaudir-de-lestiu-al-teu-camper-sense-sufocacions\/","name":"W\u00e4rmed\u00e4mmung: So genie\u00dfen Sie den Sommer im Wohnmobil ohne Hitze - M2 Camper | W\u00e4rmed\u00e4mmung und Verdunkelung f\u00fcr Wohnmobile","isPartOf":{"@id":"https:\/\/m2camper.com\/pt\/#website"},"primaryImageOfPage":{"@id":"https:\/\/m2camper.com\/ca\/aillant-termic-la-clau-per-gaudir-de-lestiu-al-teu-camper-sense-sufocacions\/#primaryimage"},"image":{"@id":"https:\/\/m2camper.com\/ca\/aillant-termic-la-clau-per-gaudir-de-lestiu-al-teu-camper-sense-sufocacions\/#primaryimage"},"thumbnailUrl":"https:\/\/m2camper.com\/wp-content\/uploads\/2025\/05\/aislantes-termicos-para-camionetas-camper.jpg","datePublished":"2025-07-15T08:36:18+00:00","dateModified":"2025-07-17T07:24:16+00:00","author":{"@id":"https:\/\/m2camper.com\/pt\/#\/schema\/person\/ad1e681f60b2e23c9b88a93e6d3feab3"},"breadcrumb":{"@id":"https:\/\/m2camper.com\/ca\/aillant-termic-la-clau-per-gaudir-de-lestiu-al-teu-camper-sense-sufocacions\/#breadcrumb"},"inLanguage":"de","potentialAction":[{"@type":"ReadAction","target":["https:\/\/m2camper.com\/ca\/aillant-termic-la-clau-per-gaudir-de-lestiu-al-teu-camper-sense-sufocacions\/"]}]},{"@type":"ImageObject","inLanguage":"de","@id":"https:\/\/m2camper.com\/ca\/aillant-termic-la-clau-per-gaudir-de-lestiu-al-teu-camper-sense-sufocacions\/#primaryimage","url":"https:\/\/m2camper.com\/wp-content\/uploads\/2025\/05\/aislantes-termicos-para-camionetas-camper.jpg","contentUrl":"https:\/\/m2camper.com\/wp-content\/uploads\/2025\/05\/aislantes-termicos-para-camionetas-camper.jpg","width":2000,"height":1414},{"@type":"BreadcrumbList","@id":"https:\/\/m2camper.com\/ca\/aillant-termic-la-clau-per-gaudir-de-lestiu-al-teu-camper-sense-sufocacions\/#breadcrumb","itemListElement":[{"@type":"ListItem","position":1,"name":"Portada","item":"https:\/\/m2camper.com\/pt\/"},{"@type":"ListItem","position":2,"name":"Aislante t\u00e9rmico: la clave para disfrutar del verano en tu camper sin sofocos"}]},{"@type":"WebSite","@id":"https:\/\/m2camper.com\/pt\/#website","url":"https:\/\/m2camper.com\/pt\/","name":"M2 Wohnmobile | W\u00e4rmed\u00e4mmung und Verdunkelung f\u00fcr Camper","description":"Entdecken Sie die Qualit\u00e4t und den Komfort unserer w\u00e4rmeisolierenden Verdunkelungen und Matratzen f\u00fcr Fahrzeuge. Optimieren Sie Ihren Aufenthalt auf der Stra\u00dfe mit M2 Camper.","potentialAction":[{"@type":"SearchAction","target":{"@type":"EntryPoint","urlTemplate":"https:\/\/m2camper.com\/pt\/?s={search_term_string}"},"query-input":{"@type":"PropertyValueSpecification","valueRequired":true,"valueName":"search_term_string"}}],"inLanguage":"de"},{"@type":"Person","@id":"https:\/\/m2camper.com\/pt\/#\/schema\/person\/ad1e681f60b2e23c9b88a93e6d3feab3","name":"Prubs214s","image":{"@type":"ImageObject","inLanguage":"de","@id":"https:\/\/secure.gravatar.com\/avatar\/74706914812c3b473b95a5253410b33d71c50bf5f0d5423532bc0afa617d4316?s=96&d=mm&r=g","url":"https:\/\/secure.gravatar.com\/avatar\/74706914812c3b473b95a5253410b33d71c50bf5f0d5423532bc0afa617d4316?s=96&d=mm&r=g","contentUrl":"https:\/\/secure.gravatar.com\/avatar\/74706914812c3b473b95a5253410b33d71c50bf5f0d5423532bc0afa617d4316?s=96&d=mm&r=g","caption":"Prubs214s"},"url":"https:\/\/m2camper.com\/de\/author\/prubs214s\/"}]}},"_links":{"self":[{"href":"https:\/\/m2camper.com\/de\/wp-json\/wp\/v2\/posts\/14460","targetHints":{"allow":["GET"]}}],"collection":[{"href":"https:\/\/m2camper.com\/de\/wp-json\/wp\/v2\/posts"}],"about":[{"href":"https:\/\/m2camper.com\/de\/wp-json\/wp\/v2\/types\/post"}],"author":[{"embeddable":true,"href":"https:\/\/m2camper.com\/de\/wp-json\/wp\/v2\/users\/5741"}],"replies":[{"embeddable":true,"href":"https:\/\/m2camper.com\/de\/wp-json\/wp\/v2\/comments?post=14460"}],"version-history":[{"count":1,"href":"https:\/\/m2camper.com\/de\/wp-json\/wp\/v2\/posts\/14460\/revisions"}],"predecessor-version":[{"id":14461,"href":"https:\/\/m2camper.com\/de\/wp-json\/wp\/v2\/posts\/14460\/revisions\/14461"}],"wp:featuredmedia":[{"embeddable":true,"href":"https:\/\/m2camper.com\/de\/wp-json\/wp\/v2\/media\/13624"}],"wp:attachment":[{"href":"https:\/\/m2camper.com\/de\/wp-json\/wp\/v2\/media?parent=14460"}],"wp:term":[{"taxonomy":"category","embeddable":true,"href":"https:\/\/m2camper.com\/de\/wp-json\/wp\/v2\/categories?post=14460"},{"taxonomy":"post_tag","embeddable":true,"href":"https:\/\/m2camper.com\/de\/wp-json\/wp\/v2\/tags?post=14460"}],"curies":[{"name":"wp","href":"https:\/\/api.w.org\/{rel}","templated":true}]}}