{"id":14455,"date":"2025-07-11T10:12:22","date_gmt":"2025-07-11T08:12:22","guid":{"rendered":"https:\/\/m2camper.com\/?p=14455"},"modified":"2025-07-17T09:24:08","modified_gmt":"2025-07-17T07:24:08","slug":"frontscheibe-fur-fahrzeuge-mehr-als-nur-ein-sonnenschutz-eine-praktische-und-langlebige-losung","status":"publish","type":"post","link":"https:\/\/m2camper.com\/de\/frontscheibe-fur-fahrzeuge-mehr-als-nur-ein-sonnenschutz-eine-praktische-und-langlebige-losung\/","title":{"rendered":"Frontscheibe f\u00fcr Fahrzeuge: Mehr als nur ein Sonnenschutz, eine praktische und langlebige L\u00f6sung"},"content":{"rendered":"<h2 class=\"wp-block-heading\">Frontscheibe f\u00fcr Fahrzeuge: eine echte Notwendigkeit im Alltag<\/h2>\n\n\n\n<p>Jeder von uns, der t\u00e4glich ein Auto f\u00e4hrt, kennt diese unangenehme Situation mitten im Sommer: Man parkt das Auto, um zur Arbeit zu fahren, einzukaufen oder eine Besorgung zu machen, und bei der R\u00fcckkehr stellt man fest, dass die Kabine ein wahrer Backofen ist. <\/p>\n\n\n\n<p>Um dieses Problem zu vermeiden, verwendet man \u00fcblicherweise einen einfachen Sonnenschirm, wie man ihn auf Basaren oder in Gemischtwarenl\u00e4den findet. Diese Produkte sind jedoch meist unwirksam, decken nicht die gesamte Glasfl\u00e4che ab, verformen sich leicht bei Hitze und landen beim kleinsten Windsto\u00df auf dem Boden. Andererseits <strong><a href=\"https:\/\/m2camper.com\/de\/kontakt\/\">Frontscheibe f\u00fcr Fahrzeuge<\/a><\/strong> Der Schutz durch eine hochwertige W\u00e4rmed\u00e4mmung kann einen gro\u00dfen Unterschied in puncto Komfort und Schutz ausmachen.<\/p>\n\n\n\n<p>Bei M2 Camper entwerfen und fertigen wir <strong>Frontscheiben von Fahrzeugen<\/strong>, mit technischen Materialien, die einen echten Schutz gegen Sonneneinstrahlung bieten. Obwohl wir auf die Welt der Wohnmobile spezialisiert sind, entscheiden sich viele unserer Kunden aus einem einfachen Grund f\u00fcr uns: Unsere L\u00f6sungen eignen sich nicht nur f\u00fcr lange Reisen, sondern verbessern auch den Alltag jedes Fahrers, der Wert auf Haltbarkeit, Komfort und Qualit\u00e4t legt.<\/p>\n\n\n<div class=\"wp-block-image\">\n<figure class=\"aligncenter size-large\"><img fetchpriority=\"high\" decoding=\"async\" width=\"1024\" height=\"576\" src=\"https:\/\/m2camper.com\/wp-content\/uploads\/2025\/07\/2-1024x576.jpg\" alt=\"\" class=\"wp-image-14458\" srcset=\"https:\/\/m2camper.com\/wp-content\/uploads\/2025\/07\/2-1024x576.jpg 1024w, https:\/\/m2camper.com\/wp-content\/uploads\/2025\/07\/2-300x169.jpg 300w, https:\/\/m2camper.com\/wp-content\/uploads\/2025\/07\/2-768x432.jpg 768w, https:\/\/m2camper.com\/wp-content\/uploads\/2025\/07\/2-1536x864.jpg 1536w, https:\/\/m2camper.com\/wp-content\/uploads\/2025\/07\/2-18x10.jpg 18w, https:\/\/m2camper.com\/wp-content\/uploads\/2025\/07\/2-600x338.jpg 600w, https:\/\/m2camper.com\/wp-content\/uploads\/2025\/07\/2.jpg 1920w\" sizes=\"(max-width: 1024px) 100vw, 1024px\" \/><\/figure>\n<\/div>\n\n\n<h4 class=\"wp-block-heading\"><strong>Frontscheibe f\u00fcr Fahrzeuge: W\u00e4rmekomfort und Privatsph\u00e4re ohne Komplikationen<\/strong><\/h4>\n\n\n\n<p>Einer der gro\u00dfen Vorteile des Schutzes der <strong>Frontscheibe f\u00fcr Fahrzeuge<\/strong> Mit einer Hochleistungsisolierung wird nicht nur die Innenraumtemperatur gesenkt, sondern Armaturenbrett, Sitze und elektronische Komponenten werden auch vor Sonneneinstrahlung gesch\u00fctzt. UV-Strahlen beschleunigen die Alterung von Materialien und f\u00fchren mit der Zeit zu Rissen, Verf\u00e4rbungen oder sogar technischen Ausf\u00e4llen.<\/p>\n\n\n\n<p>Die Isolatoren, die wir bei M2 Camper herstellen f\u00fcr die <strong>Frontscheibe von Fahrzeugen<\/strong> Sie bestehen aus mehrschichtigen Materialien, die die W\u00e4rme nach au\u00dfen reflektieren und im Inneren f\u00fcr eine stabilere Temperatur sorgen. Sie lassen sich au\u00dferdem leicht mit einem feuchten Tuch reinigen. <\/p>\n\n\n\n<p>Diese Produkte sind eine praktische, einfach zu montierende und zu entfernende L\u00f6sung \u2013 ideal f\u00fcr alle, die ihr Auto stundenlang in der Sonne parken. Wir entwickeln auch spezielle Teile f\u00fcr die Seitenfenster von Fahrer und Beifahrer, die zusammen mit dem Frontschutz einen effizienten und diskreten Schutz bieten. Sie sind besonders n\u00fctzlich f\u00fcr alle, die ihren thermischen Komfort bei der Arbeit, bei Besorgungen oder einfach beim Parken ihres Autos verbessern m\u00f6chten.<\/p>\n\n\n\n<p><\/p>\n\n\n<div class=\"wp-block-image\">\n<figure class=\"aligncenter size-large\"><img decoding=\"async\" width=\"1024\" height=\"724\" src=\"https:\/\/m2camper.com\/wp-content\/uploads\/2025\/05\/aislantes-termicos-para-camionetas-camper-1024x724.jpg\" alt=\"\" class=\"wp-image-13624\" srcset=\"https:\/\/m2camper.com\/wp-content\/uploads\/2025\/05\/aislantes-termicos-para-camionetas-camper-1024x724.jpg 1024w, https:\/\/m2camper.com\/wp-content\/uploads\/2025\/05\/aislantes-termicos-para-camionetas-camper-300x212.jpg 300w, https:\/\/m2camper.com\/wp-content\/uploads\/2025\/05\/aislantes-termicos-para-camionetas-camper-768x543.jpg 768w, https:\/\/m2camper.com\/wp-content\/uploads\/2025\/05\/aislantes-termicos-para-camionetas-camper-1536x1086.jpg 1536w, https:\/\/m2camper.com\/wp-content\/uploads\/2025\/05\/aislantes-termicos-para-camionetas-camper-18x12.jpg 18w, https:\/\/m2camper.com\/wp-content\/uploads\/2025\/05\/aislantes-termicos-para-camionetas-camper-600x424.jpg 600w, https:\/\/m2camper.com\/wp-content\/uploads\/2025\/05\/aislantes-termicos-para-camionetas-camper.jpg 2000w\" sizes=\"(max-width: 1024px) 100vw, 1024px\" \/><\/figure>\n<\/div>\n\n\n<h4 class=\"wp-block-heading\"><strong>Fahrzeug-Windschutzscheiben: eine bessere Alternative zu Standardprodukten<\/strong><\/h4>\n\n\n\n<p>Es stimmt, dass man auf dem Markt L\u00f6sungen finden kann, um die <strong>Frontscheibe von Fahrzeugen<\/strong>, aber es ist auch klar, dass es sich dabei in den meisten F\u00e4llen um Produkte mit begrenzter Lebensdauer, ungenauen Passformen und Materialien handelt, die dem t\u00e4glichen Gebrauch nicht standhalten. Bei M2 Camper verfolgen wir einen v\u00f6llig anderen Ansatz: Qualit\u00e4t, Pr\u00e4zision und Langlebigkeit sind die S\u00e4ulen jedes von uns hergestellten Isolators.<\/p>\n\n\n\n<p>Jeder Hitzeschild wird individuell an Ihr Fahrzeugmodell angepasst. Das garantiert eine perfekte Passform ohne Zwischenr\u00e4ume, durch die Licht oder W\u00e4rme eindringen k\u00f6nnen. Da diese Produkte von einem Team von Isolierungsexperten entwickelt werden, kombinieren sie zudem technische Schichten, die die Sonneneinstrahlung nicht nur verbergen, sondern auch blockieren.<\/p>\n\n\n\n<p>Viele unserer Kunden, die zun\u00e4chst nach Wohnmobil-Isolatoren suchten, fragen schlie\u00dflich auch nach Isolatoren f\u00fcr die <strong>Frontscheibe von Fahrzeugen<\/strong> f\u00fcr den t\u00e4glichen Gebrauch. Denn sie wissen, dass eine verbesserte Isolierung kein Luxus ist, sondern eine Investition in Komfort, Langlebigkeit und Gesundheit.<\/p>\n\n\n\n<p>Wenn Sie in einem anderen Gebiet mit anspruchsvollem Klima fahren, empfehlen wir Ihnen, diese Option in Betracht zu ziehen. In einer st\u00e4dtischen Umgebung, wo ungesch\u00fctzte Stra\u00dfenparkpl\u00e4tze h\u00e4ufig vorkommen, kann Ihnen eine hochwertige W\u00e4rmed\u00e4mmung viel \u00c4rger ersparen und Ihren Alltag vom ersten Moment an verbessern.<\/p>\n\n\n\n<h3 class=\"wp-block-heading\">Warum sollten Sie sich f\u00fcr M2 Camper zum Schutz der Windschutzscheibe Ihres Fahrzeugs entscheiden?<\/h3>\n\n\n\n<p>Bei M2 Camper fertigen wir jeden Isolator mit der gleichen Sorgfalt, die wir unseren Camper-Produkten widmen. Unser Fokus liegt auf langlebigen, durchdachten und wirklich n\u00fctzlichen L\u00f6sungen f\u00fcr das mobile und urbane Leben. Wenn Sie einen W\u00e4rmeschutz f\u00fcr Ihr <strong><a href=\"https:\/\/m2camper.com\/de\/kontakt\/\">Frontscheibe von Fahrzeugen<\/a><\/strong>, geben Sie sich nicht mit Generika zufrieden.<\/p>\n\n\n\n<p>Entscheiden Sie sich f\u00fcr ein Produkt, das funktioniert, perfekt passt und dem t\u00e4glichen Gebrauch standh\u00e4lt, ohne zu verschlei\u00dfen. Kontaktieren Sie uns, nennen Sie uns Ihr Fahrzeugmodell, und wir beraten Sie gerne zu den besten Optionen. Denn Komfort beginnt schon vor dem Motorstart ... und der Schutz Ihrer Windschutzscheibe ist der erste Schritt.<\/p>\n\n\n<div class=\"wp-block-image\">\n<figure class=\"aligncenter size-large\"><img decoding=\"async\" width=\"1024\" height=\"576\" src=\"https:\/\/m2camper.com\/wp-content\/uploads\/2025\/02\/Diseno-sin-titulo-1024x576.jpg\" alt=\"\" class=\"wp-image-12254\" srcset=\"https:\/\/m2camper.com\/wp-content\/uploads\/2025\/02\/Diseno-sin-titulo-1024x576.jpg 1024w, https:\/\/m2camper.com\/wp-content\/uploads\/2025\/02\/Diseno-sin-titulo-300x169.jpg 300w, https:\/\/m2camper.com\/wp-content\/uploads\/2025\/02\/Diseno-sin-titulo-768x432.jpg 768w, https:\/\/m2camper.com\/wp-content\/uploads\/2025\/02\/Diseno-sin-titulo-1536x864.jpg 1536w, https:\/\/m2camper.com\/wp-content\/uploads\/2025\/02\/Diseno-sin-titulo-18x10.jpg 18w, https:\/\/m2camper.com\/wp-content\/uploads\/2025\/02\/Diseno-sin-titulo-600x338.jpg 600w, https:\/\/m2camper.com\/wp-content\/uploads\/2025\/02\/Diseno-sin-titulo.jpg 1920w\" sizes=\"(max-width: 1024px) 100vw, 1024px\" \/><\/figure>\n<\/div>","protected":false},"excerpt":{"rendered":"<p>Luna delantera para veh\u00edculos: una necesidad real en el d\u00eda a d\u00eda Todos quienes usamos un veh\u00edculo a diario hemos vivido esa situaci\u00f3n inc\u00f3moda en pleno verano: aparcar el coche para ir al trabajo, hacer unas compras o resolver un tr\u00e1mite, y al regresar, descubrir que el habit\u00e1culo es un aut\u00e9ntico horno. Para evitar este&hellip;&nbsp;<a href=\"https:\/\/m2camper.com\/de\/frontscheibe-fur-fahrzeuge-mehr-als-nur-ein-sonnenschutz-eine-praktische-und-langlebige-losung\/\" rel=\"bookmark\">Mehr lesen &quot;<span class=\"screen-reader-text\">Frontscheibe f\u00fcr Fahrzeuge: Mehr als nur ein Sonnenschutz, eine praktische und langlebige L\u00f6sung<\/span><\/a><\/p>","protected":false},"author":5741,"featured_media":14457,"comment_status":"closed","ping_status":"closed","sticky":false,"template":"","format":"standard","meta":{"neve_meta_sidebar":"","neve_meta_container":"","neve_meta_enable_content_width":"","neve_meta_content_width":0,"neve_meta_title_alignment":"","neve_meta_author_avatar":"","neve_post_elements_order":"","neve_meta_disable_header":"","neve_meta_disable_footer":"","neve_meta_disable_title":"","footnotes":""},"categories":[212],"tags":[213],"class_list":["post-14455","post","type-post","status-publish","format-standard","has-post-thumbnail","hentry","category-luna-delantera","tag-luna-delantera-de-vehiculo"],"yoast_head":"<!-- This site is optimized with the Yoast SEO plugin v27.4 - https:\/\/yoast.com\/product\/yoast-seo-wordpress\/ -->\n<title>Luna delantera para veh\u00edculos: m\u00e1s que un simple parasol, una soluci\u00f3n pr\u00e1ctica y duradera - M2 Camper | Aislantes t\u00e9rmicos y oscurecedores para campers<\/title>\n<meta name=\"robots\" content=\"index, follow, max-snippet:-1, max-image-preview:large, max-video-preview:-1\" \/>\n<link rel=\"canonical\" href=\"https:\/\/m2camper.com\/de\/frontscheibe-fur-fahrzeuge-mehr-als-nur-ein-sonnenschutz-eine-praktische-und-langlebige-losung\/\" \/>\n<meta property=\"og:locale\" content=\"de_DE\" \/>\n<meta property=\"og:type\" content=\"article\" \/>\n<meta property=\"og:title\" content=\"Luna delantera para veh\u00edculos: m\u00e1s que un simple parasol, una soluci\u00f3n pr\u00e1ctica y duradera - M2 Camper | Aislantes t\u00e9rmicos y oscurecedores para campers\" \/>\n<meta property=\"og:description\" content=\"Luna delantera para veh\u00edculos: una necesidad real en el d\u00eda a d\u00eda Todos quienes usamos un veh\u00edculo a diario hemos vivido esa situaci\u00f3n inc\u00f3moda en pleno verano: aparcar el coche para ir al trabajo, hacer unas compras o resolver un tr\u00e1mite, y al regresar, descubrir que el habit\u00e1culo es un aut\u00e9ntico horno. Para evitar este&hellip;&nbsp;Weiterlesen &raquo;Luna delantera para veh\u00edculos: m\u00e1s que un simple parasol, una soluci\u00f3n pr\u00e1ctica y duradera\" \/>\n<meta property=\"og:url\" content=\"https:\/\/m2camper.com\/de\/frontscheibe-fur-fahrzeuge-mehr-als-nur-ein-sonnenschutz-eine-praktische-und-langlebige-losung\/\" \/>\n<meta property=\"og:site_name\" content=\"M2 Camper | Aislantes t\u00e9rmicos y oscurecedores para campers\" \/>\n<meta property=\"article:published_time\" content=\"2025-07-11T08:12:22+00:00\" \/>\n<meta property=\"article:modified_time\" content=\"2025-07-17T07:24:08+00:00\" \/>\n<meta property=\"og:image\" content=\"https:\/\/m2camper.com\/wp-content\/uploads\/2025\/07\/1713946481560-scaled.jpg\" \/>\n\t<meta property=\"og:image:width\" content=\"1920\" \/>\n\t<meta property=\"og:image:height\" content=\"2560\" \/>\n\t<meta property=\"og:image:type\" content=\"image\/jpeg\" \/>\n<meta name=\"author\" content=\"Prubs214s\" \/>\n<meta name=\"twitter:card\" content=\"summary_large_image\" \/>\n<meta name=\"twitter:label1\" content=\"Verfasst von\" \/>\n\t<meta name=\"twitter:data1\" content=\"Prubs214s\" \/>\n\t<meta name=\"twitter:label2\" content=\"Gesch\u00e4tzte Lesezeit\" \/>\n\t<meta name=\"twitter:data2\" content=\"5\u00a0Minuten\" \/>\n<script type=\"application\/ld+json\" class=\"yoast-schema-graph\">{\"@context\":\"https:\\\/\\\/schema.org\",\"@graph\":[{\"@type\":\"Article\",\"@id\":\"https:\\\/\\\/m2camper.com\\\/luna-delantera-para-vehiculos-mas-que-un-simple-parasol-una-solucion-practica-y-duradera\\\/#article\",\"isPartOf\":{\"@id\":\"https:\\\/\\\/m2camper.com\\\/luna-delantera-para-vehiculos-mas-que-un-simple-parasol-una-solucion-practica-y-duradera\\\/\"},\"author\":{\"name\":\"Prubs214s\",\"@id\":\"https:\\\/\\\/m2camper.com\\\/pt\\\/#\\\/schema\\\/person\\\/ad1e681f60b2e23c9b88a93e6d3feab3\"},\"headline\":\"Luna delantera para veh\u00edculos: m\u00e1s que un simple parasol, una soluci\u00f3n pr\u00e1ctica y duradera\",\"datePublished\":\"2025-07-11T08:12:22+00:00\",\"dateModified\":\"2025-07-17T07:24:08+00:00\",\"mainEntityOfPage\":{\"@id\":\"https:\\\/\\\/m2camper.com\\\/luna-delantera-para-vehiculos-mas-que-un-simple-parasol-una-solucion-practica-y-duradera\\\/\"},\"wordCount\":827,\"image\":{\"@id\":\"https:\\\/\\\/m2camper.com\\\/luna-delantera-para-vehiculos-mas-que-un-simple-parasol-una-solucion-practica-y-duradera\\\/#primaryimage\"},\"thumbnailUrl\":\"https:\\\/\\\/m2camper.com\\\/wp-content\\\/uploads\\\/2025\\\/07\\\/1713946481560-scaled.jpg\",\"keywords\":[\"luna delantera de veh\u00edculo\"],\"articleSection\":[\"luna delantera\"],\"inLanguage\":\"de\"},{\"@type\":\"WebPage\",\"@id\":\"https:\\\/\\\/m2camper.com\\\/luna-delantera-para-vehiculos-mas-que-un-simple-parasol-una-solucion-practica-y-duradera\\\/\",\"url\":\"https:\\\/\\\/m2camper.com\\\/luna-delantera-para-vehiculos-mas-que-un-simple-parasol-una-solucion-practica-y-duradera\\\/\",\"name\":\"Luna delantera para veh\u00edculos: m\u00e1s que un simple parasol, una soluci\u00f3n pr\u00e1ctica y duradera - M2 Camper | Aislantes t\u00e9rmicos y oscurecedores para campers\",\"isPartOf\":{\"@id\":\"https:\\\/\\\/m2camper.com\\\/pt\\\/#website\"},\"primaryImageOfPage\":{\"@id\":\"https:\\\/\\\/m2camper.com\\\/luna-delantera-para-vehiculos-mas-que-un-simple-parasol-una-solucion-practica-y-duradera\\\/#primaryimage\"},\"image\":{\"@id\":\"https:\\\/\\\/m2camper.com\\\/luna-delantera-para-vehiculos-mas-que-un-simple-parasol-una-solucion-practica-y-duradera\\\/#primaryimage\"},\"thumbnailUrl\":\"https:\\\/\\\/m2camper.com\\\/wp-content\\\/uploads\\\/2025\\\/07\\\/1713946481560-scaled.jpg\",\"datePublished\":\"2025-07-11T08:12:22+00:00\",\"dateModified\":\"2025-07-17T07:24:08+00:00\",\"author\":{\"@id\":\"https:\\\/\\\/m2camper.com\\\/pt\\\/#\\\/schema\\\/person\\\/ad1e681f60b2e23c9b88a93e6d3feab3\"},\"breadcrumb\":{\"@id\":\"https:\\\/\\\/m2camper.com\\\/luna-delantera-para-vehiculos-mas-que-un-simple-parasol-una-solucion-practica-y-duradera\\\/#breadcrumb\"},\"inLanguage\":\"de\",\"potentialAction\":[{\"@type\":\"ReadAction\",\"target\":[\"https:\\\/\\\/m2camper.com\\\/luna-delantera-para-vehiculos-mas-que-un-simple-parasol-una-solucion-practica-y-duradera\\\/\"]}]},{\"@type\":\"ImageObject\",\"inLanguage\":\"de\",\"@id\":\"https:\\\/\\\/m2camper.com\\\/luna-delantera-para-vehiculos-mas-que-un-simple-parasol-una-solucion-practica-y-duradera\\\/#primaryimage\",\"url\":\"https:\\\/\\\/m2camper.com\\\/wp-content\\\/uploads\\\/2025\\\/07\\\/1713946481560-scaled.jpg\",\"contentUrl\":\"https:\\\/\\\/m2camper.com\\\/wp-content\\\/uploads\\\/2025\\\/07\\\/1713946481560-scaled.jpg\",\"width\":1920,\"height\":2560},{\"@type\":\"BreadcrumbList\",\"@id\":\"https:\\\/\\\/m2camper.com\\\/luna-delantera-para-vehiculos-mas-que-un-simple-parasol-una-solucion-practica-y-duradera\\\/#breadcrumb\",\"itemListElement\":[{\"@type\":\"ListItem\",\"position\":1,\"name\":\"Portada\",\"item\":\"https:\\\/\\\/m2camper.com\\\/pt\\\/\"},{\"@type\":\"ListItem\",\"position\":2,\"name\":\"Luna delantera para veh\u00edculos: m\u00e1s que un simple parasol, una soluci\u00f3n pr\u00e1ctica y duradera\"}]},{\"@type\":\"WebSite\",\"@id\":\"https:\\\/\\\/m2camper.com\\\/pt\\\/#website\",\"url\":\"https:\\\/\\\/m2camper.com\\\/pt\\\/\",\"name\":\"M2 Campers | Aislantes t\u00e9rmicos y oscurecedores para campers\",\"description\":\"Descubre calidad y confort de nuestros aislantes t\u00e9rmicos oscurecedores y colchones para veh\u00edculos. Optimiza tu experiencia en carretera con M2 Camper.\",\"potentialAction\":[{\"@type\":\"SearchAction\",\"target\":{\"@type\":\"EntryPoint\",\"urlTemplate\":\"https:\\\/\\\/m2camper.com\\\/pt\\\/?s={search_term_string}\"},\"query-input\":{\"@type\":\"PropertyValueSpecification\",\"valueRequired\":true,\"valueName\":\"search_term_string\"}}],\"inLanguage\":\"de\"},{\"@type\":\"Person\",\"@id\":\"https:\\\/\\\/m2camper.com\\\/pt\\\/#\\\/schema\\\/person\\\/ad1e681f60b2e23c9b88a93e6d3feab3\",\"name\":\"Prubs214s\",\"image\":{\"@type\":\"ImageObject\",\"inLanguage\":\"de\",\"@id\":\"https:\\\/\\\/secure.gravatar.com\\\/avatar\\\/74706914812c3b473b95a5253410b33d71c50bf5f0d5423532bc0afa617d4316?s=96&d=mm&r=g\",\"url\":\"https:\\\/\\\/secure.gravatar.com\\\/avatar\\\/74706914812c3b473b95a5253410b33d71c50bf5f0d5423532bc0afa617d4316?s=96&d=mm&r=g\",\"contentUrl\":\"https:\\\/\\\/secure.gravatar.com\\\/avatar\\\/74706914812c3b473b95a5253410b33d71c50bf5f0d5423532bc0afa617d4316?s=96&d=mm&r=g\",\"caption\":\"Prubs214s\"},\"url\":\"https:\\\/\\\/m2camper.com\\\/de\\\/author\\\/prubs214s\\\/\"}]}<\/script>\n<!-- \/ Yoast SEO plugin. -->","yoast_head_json":{"title":"Frontscheibe f\u00fcr Fahrzeuge: Mehr als nur ein Sonnenschutz, eine praktische und langlebige L\u00f6sung - M2 Camper | W\u00e4rmed\u00e4mmung und Verdunkelung f\u00fcr Wohnmobile","robots":{"index":"index","follow":"follow","max-snippet":"max-snippet:-1","max-image-preview":"max-image-preview:large","max-video-preview":"max-video-preview:-1"},"canonical":"https:\/\/m2camper.com\/de\/frontscheibe-fur-fahrzeuge-mehr-als-nur-ein-sonnenschutz-eine-praktische-und-langlebige-losung\/","og_locale":"de_DE","og_type":"article","og_title":"Luna delantera para veh\u00edculos: m\u00e1s que un simple parasol, una soluci\u00f3n pr\u00e1ctica y duradera - M2 Camper | Aislantes t\u00e9rmicos y oscurecedores para campers","og_description":"Luna delantera para veh\u00edculos: una necesidad real en el d\u00eda a d\u00eda Todos quienes usamos un veh\u00edculo a diario hemos vivido esa situaci\u00f3n inc\u00f3moda en pleno verano: aparcar el coche para ir al trabajo, hacer unas compras o resolver un tr\u00e1mite, y al regresar, descubrir que el habit\u00e1culo es un aut\u00e9ntico horno. Para evitar este&hellip;&nbsp;Weiterlesen &raquo;Luna delantera para veh\u00edculos: m\u00e1s que un simple parasol, una soluci\u00f3n pr\u00e1ctica y duradera","og_url":"https:\/\/m2camper.com\/de\/frontscheibe-fur-fahrzeuge-mehr-als-nur-ein-sonnenschutz-eine-praktische-und-langlebige-losung\/","og_site_name":"M2 Camper | Aislantes t\u00e9rmicos y oscurecedores para campers","article_published_time":"2025-07-11T08:12:22+00:00","article_modified_time":"2025-07-17T07:24:08+00:00","og_image":[{"width":1920,"height":2560,"url":"https:\/\/m2camper.com\/wp-content\/uploads\/2025\/07\/1713946481560-scaled.jpg","type":"image\/jpeg"}],"author":"Prubs214s","twitter_card":"summary_large_image","twitter_misc":{"Verfasst von":"Prubs214s","Gesch\u00e4tzte Lesezeit":"5\u00a0Minuten"},"schema":{"@context":"https:\/\/schema.org","@graph":[{"@type":"Article","@id":"https:\/\/m2camper.com\/luna-delantera-para-vehiculos-mas-que-un-simple-parasol-una-solucion-practica-y-duradera\/#article","isPartOf":{"@id":"https:\/\/m2camper.com\/luna-delantera-para-vehiculos-mas-que-un-simple-parasol-una-solucion-practica-y-duradera\/"},"author":{"name":"Prubs214s","@id":"https:\/\/m2camper.com\/pt\/#\/schema\/person\/ad1e681f60b2e23c9b88a93e6d3feab3"},"headline":"Luna delantera para veh\u00edculos: m\u00e1s que un simple parasol, una soluci\u00f3n pr\u00e1ctica y duradera","datePublished":"2025-07-11T08:12:22+00:00","dateModified":"2025-07-17T07:24:08+00:00","mainEntityOfPage":{"@id":"https:\/\/m2camper.com\/luna-delantera-para-vehiculos-mas-que-un-simple-parasol-una-solucion-practica-y-duradera\/"},"wordCount":827,"image":{"@id":"https:\/\/m2camper.com\/luna-delantera-para-vehiculos-mas-que-un-simple-parasol-una-solucion-practica-y-duradera\/#primaryimage"},"thumbnailUrl":"https:\/\/m2camper.com\/wp-content\/uploads\/2025\/07\/1713946481560-scaled.jpg","keywords":["luna delantera de veh\u00edculo"],"articleSection":["luna delantera"],"inLanguage":"de"},{"@type":"WebPage","@id":"https:\/\/m2camper.com\/luna-delantera-para-vehiculos-mas-que-un-simple-parasol-una-solucion-practica-y-duradera\/","url":"https:\/\/m2camper.com\/luna-delantera-para-vehiculos-mas-que-un-simple-parasol-una-solucion-practica-y-duradera\/","name":"Frontscheibe f\u00fcr Fahrzeuge: Mehr als nur ein Sonnenschutz, eine praktische und langlebige L\u00f6sung - M2 Camper | W\u00e4rmed\u00e4mmung und Verdunkelung f\u00fcr Wohnmobile","isPartOf":{"@id":"https:\/\/m2camper.com\/pt\/#website"},"primaryImageOfPage":{"@id":"https:\/\/m2camper.com\/luna-delantera-para-vehiculos-mas-que-un-simple-parasol-una-solucion-practica-y-duradera\/#primaryimage"},"image":{"@id":"https:\/\/m2camper.com\/luna-delantera-para-vehiculos-mas-que-un-simple-parasol-una-solucion-practica-y-duradera\/#primaryimage"},"thumbnailUrl":"https:\/\/m2camper.com\/wp-content\/uploads\/2025\/07\/1713946481560-scaled.jpg","datePublished":"2025-07-11T08:12:22+00:00","dateModified":"2025-07-17T07:24:08+00:00","author":{"@id":"https:\/\/m2camper.com\/pt\/#\/schema\/person\/ad1e681f60b2e23c9b88a93e6d3feab3"},"breadcrumb":{"@id":"https:\/\/m2camper.com\/luna-delantera-para-vehiculos-mas-que-un-simple-parasol-una-solucion-practica-y-duradera\/#breadcrumb"},"inLanguage":"de","potentialAction":[{"@type":"ReadAction","target":["https:\/\/m2camper.com\/luna-delantera-para-vehiculos-mas-que-un-simple-parasol-una-solucion-practica-y-duradera\/"]}]},{"@type":"ImageObject","inLanguage":"de","@id":"https:\/\/m2camper.com\/luna-delantera-para-vehiculos-mas-que-un-simple-parasol-una-solucion-practica-y-duradera\/#primaryimage","url":"https:\/\/m2camper.com\/wp-content\/uploads\/2025\/07\/1713946481560-scaled.jpg","contentUrl":"https:\/\/m2camper.com\/wp-content\/uploads\/2025\/07\/1713946481560-scaled.jpg","width":1920,"height":2560},{"@type":"BreadcrumbList","@id":"https:\/\/m2camper.com\/luna-delantera-para-vehiculos-mas-que-un-simple-parasol-una-solucion-practica-y-duradera\/#breadcrumb","itemListElement":[{"@type":"ListItem","position":1,"name":"Portada","item":"https:\/\/m2camper.com\/pt\/"},{"@type":"ListItem","position":2,"name":"Luna delantera para veh\u00edculos: m\u00e1s que un simple parasol, una soluci\u00f3n pr\u00e1ctica y duradera"}]},{"@type":"WebSite","@id":"https:\/\/m2camper.com\/pt\/#website","url":"https:\/\/m2camper.com\/pt\/","name":"M2 Wohnmobile | W\u00e4rmed\u00e4mmung und Verdunkelung f\u00fcr Camper","description":"Entdecken Sie die Qualit\u00e4t und den Komfort unserer w\u00e4rmeisolierenden Verdunkelungen und Matratzen f\u00fcr Fahrzeuge. Optimieren Sie Ihren Aufenthalt auf der Stra\u00dfe mit M2 Camper.","potentialAction":[{"@type":"SearchAction","target":{"@type":"EntryPoint","urlTemplate":"https:\/\/m2camper.com\/pt\/?s={search_term_string}"},"query-input":{"@type":"PropertyValueSpecification","valueRequired":true,"valueName":"search_term_string"}}],"inLanguage":"de"},{"@type":"Person","@id":"https:\/\/m2camper.com\/pt\/#\/schema\/person\/ad1e681f60b2e23c9b88a93e6d3feab3","name":"Prubs214s","image":{"@type":"ImageObject","inLanguage":"de","@id":"https:\/\/secure.gravatar.com\/avatar\/74706914812c3b473b95a5253410b33d71c50bf5f0d5423532bc0afa617d4316?s=96&d=mm&r=g","url":"https:\/\/secure.gravatar.com\/avatar\/74706914812c3b473b95a5253410b33d71c50bf5f0d5423532bc0afa617d4316?s=96&d=mm&r=g","contentUrl":"https:\/\/secure.gravatar.com\/avatar\/74706914812c3b473b95a5253410b33d71c50bf5f0d5423532bc0afa617d4316?s=96&d=mm&r=g","caption":"Prubs214s"},"url":"https:\/\/m2camper.com\/de\/author\/prubs214s\/"}]}},"_links":{"self":[{"href":"https:\/\/m2camper.com\/de\/wp-json\/wp\/v2\/posts\/14455","targetHints":{"allow":["GET"]}}],"collection":[{"href":"https:\/\/m2camper.com\/de\/wp-json\/wp\/v2\/posts"}],"about":[{"href":"https:\/\/m2camper.com\/de\/wp-json\/wp\/v2\/types\/post"}],"author":[{"embeddable":true,"href":"https:\/\/m2camper.com\/de\/wp-json\/wp\/v2\/users\/5741"}],"replies":[{"embeddable":true,"href":"https:\/\/m2camper.com\/de\/wp-json\/wp\/v2\/comments?post=14455"}],"version-history":[{"count":2,"href":"https:\/\/m2camper.com\/de\/wp-json\/wp\/v2\/posts\/14455\/revisions"}],"predecessor-version":[{"id":14563,"href":"https:\/\/m2camper.com\/de\/wp-json\/wp\/v2\/posts\/14455\/revisions\/14563"}],"wp:featuredmedia":[{"embeddable":true,"href":"https:\/\/m2camper.com\/de\/wp-json\/wp\/v2\/media\/14457"}],"wp:attachment":[{"href":"https:\/\/m2camper.com\/de\/wp-json\/wp\/v2\/media?parent=14455"}],"wp:term":[{"taxonomy":"category","embeddable":true,"href":"https:\/\/m2camper.com\/de\/wp-json\/wp\/v2\/categories?post=14455"},{"taxonomy":"post_tag","embeddable":true,"href":"https:\/\/m2camper.com\/de\/wp-json\/wp\/v2\/tags?post=14455"}],"curies":[{"name":"wp","href":"https:\/\/api.w.org\/{rel}","templated":true}]}}