{"id":14040,"date":"2025-06-20T09:08:23","date_gmt":"2025-06-20T07:08:23","guid":{"rendered":"https:\/\/m2camper.com\/?p=14040"},"modified":"2025-06-23T09:33:05","modified_gmt":"2025-06-23T07:33:05","slug":"masgeschneiderte-isolierung-fur-hauser-boote-und-mehr-thermischer-komfort-geht-uber-die-welt-der-wohnmobile-hinaus","status":"publish","type":"post","link":"https:\/\/m2camper.com\/de\/masgeschneiderte-isolierung-fur-hauser-boote-und-mehr-thermischer-komfort-geht-uber-die-welt-der-wohnmobile-hinaus\/","title":{"rendered":"Ma\u00dfgeschneiderte Isolierung f\u00fcr H\u00e4user, Boote und mehr: W\u00e4rmekomfort geht \u00fcber die Welt der Wohnmobile hinaus"},"content":{"rendered":"<h2 class=\"wp-block-heading has-nv-dark-bg-color has-text-color has-link-color wp-elements-bd55eac3c0716ffafefa79888eebdfc6\">Isolatoren f\u00fcr Ihren Komfort<\/h2>\n\n\n\n<p class=\"has-nv-dark-bg-color has-text-color has-link-color wp-elements-aa96f9a31f67f0511daa2beaf73f10cf\">Wenn wir \u00fcber Komfort, W\u00e4rmed\u00e4mmung und Wetterschutz sprechen, denken viele Menschen nur an H\u00e4user oder Wohnmobile. Es gibt jedoch viele weitere R\u00e4ume, die ebenfalls effektive, funktionale und anpassungsf\u00e4hige L\u00f6sungen erfordern. Bei M2 Camper fertigen wir diese seit Jahren. <strong><a href=\"https:\/\/m2camper.com\/de\/isolatoren\/\">Isolatoren<\/a><\/strong> f\u00fcr Vans und Wohnmobile, aber wir entwickeln auch ma\u00dfgeschneiderte L\u00f6sungen f\u00fcr H\u00e4user, kleine Boote, mobile Arbeitspl\u00e4tze, Anh\u00e4nger usw. Denn Komfort h\u00e4ngt nicht von der Gr\u00f6\u00dfe ab, sondern von der Qualit\u00e4t.<\/p>\n\n\n\n<p>Die Entwicklung unserer Erfahrung im Wohnmobilsektor hat uns dazu gebracht, dasselbe technische Wissen und unseren personalisierten Ansatz auch auf andere Umgebungen anzuwenden, in denen Temperaturkontrolle, Privatsph\u00e4re und Energieeffizienz ebenfalls Priorit\u00e4t haben. Wenn Sie <strong>Isolatoren<\/strong> die wirklich funktionieren, ma\u00dfgeschneidert sind und anspruchsvollen Bedingungen standhalten \u2013 bei M2 Camper haben wir die L\u00f6sung, die Sie suchen.<\/p>\n\n\n<div class=\"wp-block-image\">\n<figure class=\"aligncenter size-large\"><img fetchpriority=\"high\" decoding=\"async\" width=\"1024\" height=\"724\" src=\"https:\/\/m2camper.com\/wp-content\/uploads\/2025\/06\/upcycled-fashion-1024x724.jpg\" alt=\"\" class=\"wp-image-14045\" srcset=\"https:\/\/m2camper.com\/wp-content\/uploads\/2025\/06\/upcycled-fashion-1024x724.jpg 1024w, https:\/\/m2camper.com\/wp-content\/uploads\/2025\/06\/upcycled-fashion-300x212.jpg 300w, https:\/\/m2camper.com\/wp-content\/uploads\/2025\/06\/upcycled-fashion-768x543.jpg 768w, https:\/\/m2camper.com\/wp-content\/uploads\/2025\/06\/upcycled-fashion-1536x1086.jpg 1536w, https:\/\/m2camper.com\/wp-content\/uploads\/2025\/06\/upcycled-fashion-18x12.jpg 18w, https:\/\/m2camper.com\/wp-content\/uploads\/2025\/06\/upcycled-fashion-600x424.jpg 600w, https:\/\/m2camper.com\/wp-content\/uploads\/2025\/06\/upcycled-fashion.jpg 2000w\" sizes=\"(max-width: 1024px) 100vw, 1024px\" \/><\/figure>\n<\/div>\n\n\n<h2 class=\"wp-block-heading has-nv-dark-bg-color has-text-color has-link-color wp-elements-ebbf92d5cb5e4dea2935da36b9f99773\">Hausd\u00e4mmung: Komfort und Energieeffizienz von innen<\/h2>\n\n\n\n<p>Immer mehr Menschen suchen nach schnellen und kosteng\u00fcnstigen L\u00f6sungen, um die Isolierung bestimmter Bereiche ihres Hauses zu verbessern, ohne dass gr\u00f6\u00dfere Renovierungsarbeiten erforderlich sind. Schlecht abgedichtete Fenster, undichte Decken oder kalte W\u00e4nde k\u00f6nnen Unbehagen, Energieverschwendung und Kondensationsprobleme verursachen. In diesen F\u00e4llen <strong>Isolatoren<\/strong> Ma\u00dfanfertigungen sind eine hervorragende Option.<\/p>\n\n\n\n<p>Bei M2 Camper fertigen wir <strong>Isolatoren <\/strong>Mehrschichtig, einfach zu installieren und hochwirksam, k\u00f6nnen diese Folien an Fenstern, T\u00fcren, Dachb\u00f6den, Kellern und anderen gef\u00e4hrdeten Stellen im Haus angebracht werden. Sie bestehen aus reflektierenden Materialien, Thermoschichten und Dampfsperren, die sowohl im Winter als auch im Sommer vor extremen Temperaturen sch\u00fctzen.<\/p>\n\n\n\n<p>Dar\u00fcber hinaus <strong>Isolatoren<\/strong> Sie werden individuell f\u00fcr jede \u00d6ffnung oder jeden Raum entworfen. Senden Sie uns einfach die Ma\u00dfe oder eine Vorlage, wir k\u00fcmmern uns um den Rest. Sie sind die perfekte L\u00f6sung f\u00fcr Menschen in extremen Klimazonen, f\u00fcr Zweitwohnungen ohne permanente Klimaanlage oder auch f\u00fcr professionelle Studios, die thermische Stabilit\u00e4t ben\u00f6tigen.<\/p>\n\n\n\n<h2 class=\"wp-block-heading has-nv-dark-bg-color has-text-color has-link-color wp-elements-5697bb2dc91f77ff1be065e5eb3d8381\">Isolierung f\u00fcr kleine Boote: Komfort und Schutz auf hoher See<\/h2>\n\n\n\n<p>Das Segeln eines kleinen Bootes, sei es zum Vergn\u00fcgen oder zum Sport, ist wechselnden Umweltbedingungen ausgesetzt: Feuchtigkeit, Hitze, direkte Sonneneinstrahlung, Wind und salzhaltige Luft. In diesen Kontexten <strong>Isolatoren<\/strong> Sie spielen eine grundlegende Rolle bei der Gew\u00e4hrleistung einer angemessenen Innenraumtemperatur, beim Schutz der Innenraummaterialien und bei der Verbesserung des Borderlebnisses.<\/p>\n\n\n\n<p>Bei M2 Camper entwickeln wir W\u00e4rme- und Reflexionsd\u00e4mmungen f\u00fcr kleine Boote, die sich an die geschwungenen Formen und unregelm\u00e4\u00dfigen Strukturen dieser Wasserfahrzeuge anpassen. Wir fertigen ma\u00dfgeschneiderte L\u00f6sungen f\u00fcr Fenster, Luken, Schotten und Ruhebereiche.<\/p>\n\n\n\n<p>Unsere Materialien sind so konzipiert, dass sie Feuchtigkeit und der Meeresumwelt standhalten, ohne sich zu verschlechtern. Neben der Temperaturregulierung, <strong>Isolatoren<\/strong> Sie helfen, UV-Strahlen zu blockieren, Polster und M\u00f6bel zu sch\u00fctzen und bieten mehr Privatsph\u00e4re, wenn das Boot angedockt ist.<\/p>\n\n\n\n<p>F\u00fcr Besitzer von Segelbooten, Motorbooten oder kleinen Freizeitschiffen, die <strong>kundenspezifische Isolatoren<\/strong> Dies verbessert nicht nur den Komfort, sondern tr\u00e4gt auch dazu bei, den Wert Ihres Bootes langfristig zu erhalten.<\/p>\n\n\n<div class=\"wp-block-image\">\n<figure class=\"aligncenter size-large\"><img decoding=\"async\" width=\"1024\" height=\"724\" src=\"https:\/\/m2camper.com\/wp-content\/uploads\/2025\/06\/upcycle-fashion-spain-1024x724.jpg\" alt=\"\" class=\"wp-image-14044\" srcset=\"https:\/\/m2camper.com\/wp-content\/uploads\/2025\/06\/upcycle-fashion-spain-1024x724.jpg 1024w, https:\/\/m2camper.com\/wp-content\/uploads\/2025\/06\/upcycle-fashion-spain-300x212.jpg 300w, https:\/\/m2camper.com\/wp-content\/uploads\/2025\/06\/upcycle-fashion-spain-768x543.jpg 768w, https:\/\/m2camper.com\/wp-content\/uploads\/2025\/06\/upcycle-fashion-spain-1536x1086.jpg 1536w, https:\/\/m2camper.com\/wp-content\/uploads\/2025\/06\/upcycle-fashion-spain-18x12.jpg 18w, https:\/\/m2camper.com\/wp-content\/uploads\/2025\/06\/upcycle-fashion-spain-600x424.jpg 600w, https:\/\/m2camper.com\/wp-content\/uploads\/2025\/06\/upcycle-fashion-spain.jpg 2000w\" sizes=\"(max-width: 1024px) 100vw, 1024px\" \/><\/figure>\n<\/div>\n\n\n<h3 class=\"wp-block-heading has-nv-dark-bg-color has-text-color has-link-color wp-elements-cb2a9af304cb1d7095859191ed8d48b9\">Ma\u00dfgeschneiderte Isolierung f\u00fcr besondere R\u00e4ume: F\u00fcr jedes Projekt eine L\u00f6sung<\/h3>\n\n\n\n<p>Im Laufe der Jahre haben wir bei M2 Camper spezielle Projekte entwickelt, bei denen unsere <strong>Isolatoren<\/strong> Sie waren Protagonisten jenseits der konventionellen Umgebung. Von zu mobilen B\u00fcros umgebauten Anh\u00e4ngern bis hin zu Wachh\u00e4usern, Imbisswagen, K\u00fchltransportern und R\u00e4umen f\u00fcr Messen und Ausstellungen.<\/p>\n\n\n\n<p>In all diesen F\u00e4llen ist der Bedarf derselbe: <strong>thermisch isolieren<\/strong> Ein Raum, der urspr\u00fcnglich nicht zum Wohnen oder Arbeiten konzipiert war, aber nun als solcher genutzt wird. Unser ma\u00dfgeschneiderter Ansatz erm\u00f6glicht es uns, uns an die technischen Anforderungen jedes Kunden anzupassen: spezifische Abmessungen, unregelm\u00e4\u00dfige Formen, Materialkombinationen, spezielle Verst\u00e4rkungen oder sogar \u00e4sthetische Anpassungen.<\/p>\n\n\n\n<p>Wir arbeiten mit hocheffizienten Mehrschichtmaterialien, die extremen Temperaturen standhalten, Sonneneinstrahlung reflektieren, K\u00e4lte und W\u00e4rme blockieren und als Schallschutz dienen. Dar\u00fcber hinaus sind alle unsere <strong>Isolatoren<\/strong> Sie lassen sich leicht zusammenfalten, transportieren und lagern und sind daher eine sehr praktische Option f\u00fcr alle, die tempor\u00e4re oder mobile L\u00f6sungen ben\u00f6tigen.<\/p>\n\n\n\n<h4 class=\"wp-block-heading has-nv-dark-bg-color has-text-color has-link-color wp-elements-c894d1ab23e84153a1d8889fcc7a961b\">M2 Camper: Experten f\u00fcr funktionale und langlebige Isolierung f\u00fcr jede Umgebung<\/h4>\n\n\n\n<p class=\"has-nv-dark-bg-color has-text-color has-link-color wp-elements-abcc686b68d6fb1f9a2539b026a17682\">Wir bei M2 Camper sind \u00fcberzeugt, dass W\u00e4rmed\u00e4mmung nicht nur ein weiteres Element ist: Sie garantiert Komfort, Effizienz und Langlebigkeit f\u00fcr jeden geschlossenen Raum. Deshalb nutzen wir unsere Erfahrung im Wohnmobilbereich f\u00fcr alle Arten von Projekten und schaffen <strong><a href=\"https:\/\/m2camper.com\/de\/isolatoren\/\">Isolatoren<\/a><\/strong> da sie funktionieren, lange halten und sich an die Realit\u00e4t jedes Kunden anpassen.<\/p>\n\n\n\n<p>Wenn Sie den W\u00e4rmekomfort Ihres Zuhauses verbessern, den Innenraum Ihres Bootes sch\u00fctzen oder eine individuelle L\u00f6sung f\u00fcr einen besonderen Raum suchen, helfen wir Ihnen. Senden Sie uns Ihre Ma\u00dfe, Pl\u00e4ne oder Ideen und wir entwickeln ein langlebiges, leichtes, einfach zu installierendes und wirklich effektives Produkt.<\/p>\n\n\n\n<p>Entdecken Sie mit M2 Camper, wie die <strong>Isolatoren<\/strong> Die richtige D\u00e4mmung kann jeden Raum komfortabler, effizienter und bewohnbarer machen. Denn D\u00e4mmung muss nicht kompliziert sein ... sie muss nur richtig ausgef\u00fchrt werden.<\/p>\n\n\n<div class=\"wp-block-image\">\n<figure class=\"aligncenter size-large\"><img decoding=\"async\" width=\"1024\" height=\"768\" src=\"https:\/\/m2camper.com\/wp-content\/uploads\/2025\/06\/20250618_084055-1-1024x768.jpg\" alt=\"\" class=\"wp-image-14041\" srcset=\"https:\/\/m2camper.com\/wp-content\/uploads\/2025\/06\/20250618_084055-1-1024x768.jpg 1024w, https:\/\/m2camper.com\/wp-content\/uploads\/2025\/06\/20250618_084055-1-300x225.jpg 300w, https:\/\/m2camper.com\/wp-content\/uploads\/2025\/06\/20250618_084055-1-768x576.jpg 768w, https:\/\/m2camper.com\/wp-content\/uploads\/2025\/06\/20250618_084055-1-1536x1152.jpg 1536w, https:\/\/m2camper.com\/wp-content\/uploads\/2025\/06\/20250618_084055-1-2048x1536.jpg 2048w, https:\/\/m2camper.com\/wp-content\/uploads\/2025\/06\/20250618_084055-1-16x12.jpg 16w, https:\/\/m2camper.com\/wp-content\/uploads\/2025\/06\/20250618_084055-1-600x450.jpg 600w\" sizes=\"(max-width: 1024px) 100vw, 1024px\" \/><\/figure>\n<\/div>","protected":false},"excerpt":{"rendered":"<p>Aislantes para tu comodidad Cuando hablamos de confort, aislamiento t\u00e9rmico y protecci\u00f3n frente a las inclemencias del clima, muchas personas piensan \u00fanicamente en casas o autocaravanas. Sin embargo, hay muchos m\u00e1s espacios que tambi\u00e9n requieren soluciones eficaces, funcionales y adaptadas. En M2 Camper, llevamos a\u00f1os fabricando aislantes para furgonetas y campers, pero tambi\u00e9n dise\u00f1amos soluciones&hellip;&nbsp;<a href=\"https:\/\/m2camper.com\/de\/masgeschneiderte-isolierung-fur-hauser-boote-und-mehr-thermischer-komfort-geht-uber-die-welt-der-wohnmobile-hinaus\/\" rel=\"bookmark\">Mehr lesen &quot;<span class=\"screen-reader-text\">Ma\u00dfgeschneiderte Isolierung f\u00fcr H\u00e4user, Boote und mehr: W\u00e4rmekomfort geht \u00fcber die Welt der Wohnmobile hinaus<\/span><\/a><\/p>","protected":false},"author":5741,"featured_media":10710,"comment_status":"closed","ping_status":"closed","sticky":false,"template":"","format":"standard","meta":{"neve_meta_sidebar":"","neve_meta_container":"","neve_meta_enable_content_width":"","neve_meta_content_width":0,"neve_meta_title_alignment":"","neve_meta_author_avatar":"","neve_post_elements_order":"","neve_meta_disable_header":"","neve_meta_disable_footer":"","neve_meta_disable_title":"","footnotes":""},"categories":[208],"tags":[211],"class_list":["post-14040","post","type-post","status-publish","format-standard","has-post-thumbnail","hentry","category-aislantes-termicos","tag-aislantes"],"yoast_head":"<!-- This site is optimized with the Yoast SEO plugin v27.4 - https:\/\/yoast.com\/product\/yoast-seo-wordpress\/ -->\n<title>Aislantes a medida para viviendas, embarcaciones y m\u00e1s: el confort t\u00e9rmico va m\u00e1s all\u00e1 del mundo camper - M2 Camper | Aislantes t\u00e9rmicos y oscurecedores para campers<\/title>\n<meta name=\"robots\" content=\"index, follow, max-snippet:-1, max-image-preview:large, max-video-preview:-1\" \/>\n<link rel=\"canonical\" href=\"https:\/\/m2camper.com\/de\/masgeschneiderte-isolierung-fur-hauser-boote-und-mehr-thermischer-komfort-geht-uber-die-welt-der-wohnmobile-hinaus\/\" \/>\n<meta property=\"og:locale\" content=\"de_DE\" \/>\n<meta property=\"og:type\" content=\"article\" \/>\n<meta property=\"og:title\" content=\"Aislantes a medida para viviendas, embarcaciones y m\u00e1s: el confort t\u00e9rmico va m\u00e1s all\u00e1 del mundo camper - M2 Camper | Aislantes t\u00e9rmicos y oscurecedores para campers\" \/>\n<meta property=\"og:description\" content=\"Aislantes para tu comodidad Cuando hablamos de confort, aislamiento t\u00e9rmico y protecci\u00f3n frente a las inclemencias del clima, muchas personas piensan \u00fanicamente en casas o autocaravanas. Sin embargo, hay muchos m\u00e1s espacios que tambi\u00e9n requieren soluciones eficaces, funcionales y adaptadas. En M2 Camper, llevamos a\u00f1os fabricando aislantes para furgonetas y campers, pero tambi\u00e9n dise\u00f1amos soluciones&hellip;&nbsp;Weiterlesen &raquo;Aislantes a medida para viviendas, embarcaciones y m\u00e1s: el confort t\u00e9rmico va m\u00e1s all\u00e1 del mundo camper\" \/>\n<meta property=\"og:url\" content=\"https:\/\/m2camper.com\/de\/masgeschneiderte-isolierung-fur-hauser-boote-und-mehr-thermischer-komfort-geht-uber-die-welt-der-wohnmobile-hinaus\/\" \/>\n<meta property=\"og:site_name\" content=\"M2 Camper | Aislantes t\u00e9rmicos y oscurecedores para campers\" \/>\n<meta property=\"article:published_time\" content=\"2025-06-20T07:08:23+00:00\" \/>\n<meta property=\"article:modified_time\" content=\"2025-06-23T07:33:05+00:00\" \/>\n<meta property=\"og:image\" content=\"https:\/\/m2camper.com\/wp-content\/uploads\/2025\/01\/60c9aa_c12901196b09471aa1770a20a0d35485mv2-1.webp\" \/>\n\t<meta property=\"og:image:width\" content=\"980\" \/>\n\t<meta property=\"og:image:height\" content=\"1307\" \/>\n\t<meta property=\"og:image:type\" content=\"image\/webp\" \/>\n<meta name=\"author\" content=\"Prubs214s\" \/>\n<meta name=\"twitter:card\" content=\"summary_large_image\" \/>\n<meta name=\"twitter:label1\" content=\"Verfasst von\" \/>\n\t<meta name=\"twitter:data1\" content=\"Prubs214s\" \/>\n\t<meta name=\"twitter:label2\" content=\"Gesch\u00e4tzte Lesezeit\" \/>\n\t<meta name=\"twitter:data2\" content=\"5\u00a0Minuten\" \/>\n<script type=\"application\/ld+json\" class=\"yoast-schema-graph\">{\"@context\":\"https:\\\/\\\/schema.org\",\"@graph\":[{\"@type\":\"Article\",\"@id\":\"https:\\\/\\\/m2camper.com\\\/aislantes-a-medida-para-viviendas-embarcaciones-y-mas-el-confort-termico-va-mas-alla-del-mundo-camper\\\/#article\",\"isPartOf\":{\"@id\":\"https:\\\/\\\/m2camper.com\\\/aislantes-a-medida-para-viviendas-embarcaciones-y-mas-el-confort-termico-va-mas-alla-del-mundo-camper\\\/\"},\"author\":{\"name\":\"Prubs214s\",\"@id\":\"https:\\\/\\\/m2camper.com\\\/pt\\\/#\\\/schema\\\/person\\\/ad1e681f60b2e23c9b88a93e6d3feab3\"},\"headline\":\"Aislantes a medida para viviendas, embarcaciones y m\u00e1s: el confort t\u00e9rmico va m\u00e1s all\u00e1 del mundo camper\",\"datePublished\":\"2025-06-20T07:08:23+00:00\",\"dateModified\":\"2025-06-23T07:33:05+00:00\",\"mainEntityOfPage\":{\"@id\":\"https:\\\/\\\/m2camper.com\\\/aislantes-a-medida-para-viviendas-embarcaciones-y-mas-el-confort-termico-va-mas-alla-del-mundo-camper\\\/\"},\"wordCount\":903,\"image\":{\"@id\":\"https:\\\/\\\/m2camper.com\\\/aislantes-a-medida-para-viviendas-embarcaciones-y-mas-el-confort-termico-va-mas-alla-del-mundo-camper\\\/#primaryimage\"},\"thumbnailUrl\":\"https:\\\/\\\/m2camper.com\\\/wp-content\\\/uploads\\\/2025\\\/01\\\/60c9aa_c12901196b09471aa1770a20a0d35485mv2-1.webp\",\"keywords\":[\"aislantes\"],\"articleSection\":[\"Aislantes t\u00e9rmicos\"],\"inLanguage\":\"de\"},{\"@type\":\"WebPage\",\"@id\":\"https:\\\/\\\/m2camper.com\\\/aislantes-a-medida-para-viviendas-embarcaciones-y-mas-el-confort-termico-va-mas-alla-del-mundo-camper\\\/\",\"url\":\"https:\\\/\\\/m2camper.com\\\/aislantes-a-medida-para-viviendas-embarcaciones-y-mas-el-confort-termico-va-mas-alla-del-mundo-camper\\\/\",\"name\":\"Aislantes a medida para viviendas, embarcaciones y m\u00e1s: el confort t\u00e9rmico va m\u00e1s all\u00e1 del mundo camper - M2 Camper | Aislantes t\u00e9rmicos y oscurecedores para campers\",\"isPartOf\":{\"@id\":\"https:\\\/\\\/m2camper.com\\\/pt\\\/#website\"},\"primaryImageOfPage\":{\"@id\":\"https:\\\/\\\/m2camper.com\\\/aislantes-a-medida-para-viviendas-embarcaciones-y-mas-el-confort-termico-va-mas-alla-del-mundo-camper\\\/#primaryimage\"},\"image\":{\"@id\":\"https:\\\/\\\/m2camper.com\\\/aislantes-a-medida-para-viviendas-embarcaciones-y-mas-el-confort-termico-va-mas-alla-del-mundo-camper\\\/#primaryimage\"},\"thumbnailUrl\":\"https:\\\/\\\/m2camper.com\\\/wp-content\\\/uploads\\\/2025\\\/01\\\/60c9aa_c12901196b09471aa1770a20a0d35485mv2-1.webp\",\"datePublished\":\"2025-06-20T07:08:23+00:00\",\"dateModified\":\"2025-06-23T07:33:05+00:00\",\"author\":{\"@id\":\"https:\\\/\\\/m2camper.com\\\/pt\\\/#\\\/schema\\\/person\\\/ad1e681f60b2e23c9b88a93e6d3feab3\"},\"breadcrumb\":{\"@id\":\"https:\\\/\\\/m2camper.com\\\/aislantes-a-medida-para-viviendas-embarcaciones-y-mas-el-confort-termico-va-mas-alla-del-mundo-camper\\\/#breadcrumb\"},\"inLanguage\":\"de\",\"potentialAction\":[{\"@type\":\"ReadAction\",\"target\":[\"https:\\\/\\\/m2camper.com\\\/aislantes-a-medida-para-viviendas-embarcaciones-y-mas-el-confort-termico-va-mas-alla-del-mundo-camper\\\/\"]}]},{\"@type\":\"ImageObject\",\"inLanguage\":\"de\",\"@id\":\"https:\\\/\\\/m2camper.com\\\/aislantes-a-medida-para-viviendas-embarcaciones-y-mas-el-confort-termico-va-mas-alla-del-mundo-camper\\\/#primaryimage\",\"url\":\"https:\\\/\\\/m2camper.com\\\/wp-content\\\/uploads\\\/2025\\\/01\\\/60c9aa_c12901196b09471aa1770a20a0d35485mv2-1.webp\",\"contentUrl\":\"https:\\\/\\\/m2camper.com\\\/wp-content\\\/uploads\\\/2025\\\/01\\\/60c9aa_c12901196b09471aa1770a20a0d35485mv2-1.webp\",\"width\":980,\"height\":1307},{\"@type\":\"BreadcrumbList\",\"@id\":\"https:\\\/\\\/m2camper.com\\\/aislantes-a-medida-para-viviendas-embarcaciones-y-mas-el-confort-termico-va-mas-alla-del-mundo-camper\\\/#breadcrumb\",\"itemListElement\":[{\"@type\":\"ListItem\",\"position\":1,\"name\":\"Portada\",\"item\":\"https:\\\/\\\/m2camper.com\\\/pt\\\/\"},{\"@type\":\"ListItem\",\"position\":2,\"name\":\"Aislantes a medida para viviendas, embarcaciones y m\u00e1s: el confort t\u00e9rmico va m\u00e1s all\u00e1 del mundo camper\"}]},{\"@type\":\"WebSite\",\"@id\":\"https:\\\/\\\/m2camper.com\\\/pt\\\/#website\",\"url\":\"https:\\\/\\\/m2camper.com\\\/pt\\\/\",\"name\":\"M2 Campers | Aislantes t\u00e9rmicos y oscurecedores para campers\",\"description\":\"Descubre calidad y confort de nuestros aislantes t\u00e9rmicos oscurecedores y colchones para veh\u00edculos. Optimiza tu experiencia en carretera con M2 Camper.\",\"potentialAction\":[{\"@type\":\"SearchAction\",\"target\":{\"@type\":\"EntryPoint\",\"urlTemplate\":\"https:\\\/\\\/m2camper.com\\\/pt\\\/?s={search_term_string}\"},\"query-input\":{\"@type\":\"PropertyValueSpecification\",\"valueRequired\":true,\"valueName\":\"search_term_string\"}}],\"inLanguage\":\"de\"},{\"@type\":\"Person\",\"@id\":\"https:\\\/\\\/m2camper.com\\\/pt\\\/#\\\/schema\\\/person\\\/ad1e681f60b2e23c9b88a93e6d3feab3\",\"name\":\"Prubs214s\",\"image\":{\"@type\":\"ImageObject\",\"inLanguage\":\"de\",\"@id\":\"https:\\\/\\\/secure.gravatar.com\\\/avatar\\\/74706914812c3b473b95a5253410b33d71c50bf5f0d5423532bc0afa617d4316?s=96&d=mm&r=g\",\"url\":\"https:\\\/\\\/secure.gravatar.com\\\/avatar\\\/74706914812c3b473b95a5253410b33d71c50bf5f0d5423532bc0afa617d4316?s=96&d=mm&r=g\",\"contentUrl\":\"https:\\\/\\\/secure.gravatar.com\\\/avatar\\\/74706914812c3b473b95a5253410b33d71c50bf5f0d5423532bc0afa617d4316?s=96&d=mm&r=g\",\"caption\":\"Prubs214s\"},\"url\":\"https:\\\/\\\/m2camper.com\\\/de\\\/author\\\/prubs214s\\\/\"}]}<\/script>\n<!-- \/ Yoast SEO plugin. -->","yoast_head_json":{"title":"Ma\u00dfgeschneiderte Isolierung f\u00fcr Haus, Boot und mehr: W\u00e4rmekomfort geht \u00fcber die Welt der Wohnmobile hinaus - M2 Camper | W\u00e4rmed\u00e4mmung und Verdunkelung f\u00fcr Wohnmobile","robots":{"index":"index","follow":"follow","max-snippet":"max-snippet:-1","max-image-preview":"max-image-preview:large","max-video-preview":"max-video-preview:-1"},"canonical":"https:\/\/m2camper.com\/de\/masgeschneiderte-isolierung-fur-hauser-boote-und-mehr-thermischer-komfort-geht-uber-die-welt-der-wohnmobile-hinaus\/","og_locale":"de_DE","og_type":"article","og_title":"Aislantes a medida para viviendas, embarcaciones y m\u00e1s: el confort t\u00e9rmico va m\u00e1s all\u00e1 del mundo camper - M2 Camper | Aislantes t\u00e9rmicos y oscurecedores para campers","og_description":"Aislantes para tu comodidad Cuando hablamos de confort, aislamiento t\u00e9rmico y protecci\u00f3n frente a las inclemencias del clima, muchas personas piensan \u00fanicamente en casas o autocaravanas. Sin embargo, hay muchos m\u00e1s espacios que tambi\u00e9n requieren soluciones eficaces, funcionales y adaptadas. En M2 Camper, llevamos a\u00f1os fabricando aislantes para furgonetas y campers, pero tambi\u00e9n dise\u00f1amos soluciones&hellip;&nbsp;Weiterlesen &raquo;Aislantes a medida para viviendas, embarcaciones y m\u00e1s: el confort t\u00e9rmico va m\u00e1s all\u00e1 del mundo camper","og_url":"https:\/\/m2camper.com\/de\/masgeschneiderte-isolierung-fur-hauser-boote-und-mehr-thermischer-komfort-geht-uber-die-welt-der-wohnmobile-hinaus\/","og_site_name":"M2 Camper | Aislantes t\u00e9rmicos y oscurecedores para campers","article_published_time":"2025-06-20T07:08:23+00:00","article_modified_time":"2025-06-23T07:33:05+00:00","og_image":[{"width":980,"height":1307,"url":"https:\/\/m2camper.com\/wp-content\/uploads\/2025\/01\/60c9aa_c12901196b09471aa1770a20a0d35485mv2-1.webp","type":"image\/webp"}],"author":"Prubs214s","twitter_card":"summary_large_image","twitter_misc":{"Verfasst von":"Prubs214s","Gesch\u00e4tzte Lesezeit":"5\u00a0Minuten"},"schema":{"@context":"https:\/\/schema.org","@graph":[{"@type":"Article","@id":"https:\/\/m2camper.com\/aislantes-a-medida-para-viviendas-embarcaciones-y-mas-el-confort-termico-va-mas-alla-del-mundo-camper\/#article","isPartOf":{"@id":"https:\/\/m2camper.com\/aislantes-a-medida-para-viviendas-embarcaciones-y-mas-el-confort-termico-va-mas-alla-del-mundo-camper\/"},"author":{"name":"Prubs214s","@id":"https:\/\/m2camper.com\/pt\/#\/schema\/person\/ad1e681f60b2e23c9b88a93e6d3feab3"},"headline":"Aislantes a medida para viviendas, embarcaciones y m\u00e1s: el confort t\u00e9rmico va m\u00e1s all\u00e1 del mundo camper","datePublished":"2025-06-20T07:08:23+00:00","dateModified":"2025-06-23T07:33:05+00:00","mainEntityOfPage":{"@id":"https:\/\/m2camper.com\/aislantes-a-medida-para-viviendas-embarcaciones-y-mas-el-confort-termico-va-mas-alla-del-mundo-camper\/"},"wordCount":903,"image":{"@id":"https:\/\/m2camper.com\/aislantes-a-medida-para-viviendas-embarcaciones-y-mas-el-confort-termico-va-mas-alla-del-mundo-camper\/#primaryimage"},"thumbnailUrl":"https:\/\/m2camper.com\/wp-content\/uploads\/2025\/01\/60c9aa_c12901196b09471aa1770a20a0d35485mv2-1.webp","keywords":["aislantes"],"articleSection":["Aislantes t\u00e9rmicos"],"inLanguage":"de"},{"@type":"WebPage","@id":"https:\/\/m2camper.com\/aislantes-a-medida-para-viviendas-embarcaciones-y-mas-el-confort-termico-va-mas-alla-del-mundo-camper\/","url":"https:\/\/m2camper.com\/aislantes-a-medida-para-viviendas-embarcaciones-y-mas-el-confort-termico-va-mas-alla-del-mundo-camper\/","name":"Ma\u00dfgeschneiderte Isolierung f\u00fcr Haus, Boot und mehr: W\u00e4rmekomfort geht \u00fcber die Welt der Wohnmobile hinaus - M2 Camper | W\u00e4rmed\u00e4mmung und Verdunkelung f\u00fcr Wohnmobile","isPartOf":{"@id":"https:\/\/m2camper.com\/pt\/#website"},"primaryImageOfPage":{"@id":"https:\/\/m2camper.com\/aislantes-a-medida-para-viviendas-embarcaciones-y-mas-el-confort-termico-va-mas-alla-del-mundo-camper\/#primaryimage"},"image":{"@id":"https:\/\/m2camper.com\/aislantes-a-medida-para-viviendas-embarcaciones-y-mas-el-confort-termico-va-mas-alla-del-mundo-camper\/#primaryimage"},"thumbnailUrl":"https:\/\/m2camper.com\/wp-content\/uploads\/2025\/01\/60c9aa_c12901196b09471aa1770a20a0d35485mv2-1.webp","datePublished":"2025-06-20T07:08:23+00:00","dateModified":"2025-06-23T07:33:05+00:00","author":{"@id":"https:\/\/m2camper.com\/pt\/#\/schema\/person\/ad1e681f60b2e23c9b88a93e6d3feab3"},"breadcrumb":{"@id":"https:\/\/m2camper.com\/aislantes-a-medida-para-viviendas-embarcaciones-y-mas-el-confort-termico-va-mas-alla-del-mundo-camper\/#breadcrumb"},"inLanguage":"de","potentialAction":[{"@type":"ReadAction","target":["https:\/\/m2camper.com\/aislantes-a-medida-para-viviendas-embarcaciones-y-mas-el-confort-termico-va-mas-alla-del-mundo-camper\/"]}]},{"@type":"ImageObject","inLanguage":"de","@id":"https:\/\/m2camper.com\/aislantes-a-medida-para-viviendas-embarcaciones-y-mas-el-confort-termico-va-mas-alla-del-mundo-camper\/#primaryimage","url":"https:\/\/m2camper.com\/wp-content\/uploads\/2025\/01\/60c9aa_c12901196b09471aa1770a20a0d35485mv2-1.webp","contentUrl":"https:\/\/m2camper.com\/wp-content\/uploads\/2025\/01\/60c9aa_c12901196b09471aa1770a20a0d35485mv2-1.webp","width":980,"height":1307},{"@type":"BreadcrumbList","@id":"https:\/\/m2camper.com\/aislantes-a-medida-para-viviendas-embarcaciones-y-mas-el-confort-termico-va-mas-alla-del-mundo-camper\/#breadcrumb","itemListElement":[{"@type":"ListItem","position":1,"name":"Portada","item":"https:\/\/m2camper.com\/pt\/"},{"@type":"ListItem","position":2,"name":"Aislantes a medida para viviendas, embarcaciones y m\u00e1s: el confort t\u00e9rmico va m\u00e1s all\u00e1 del mundo camper"}]},{"@type":"WebSite","@id":"https:\/\/m2camper.com\/pt\/#website","url":"https:\/\/m2camper.com\/pt\/","name":"M2 Wohnmobile | W\u00e4rmed\u00e4mmung und Verdunkelung f\u00fcr Camper","description":"Entdecken Sie die Qualit\u00e4t und den Komfort unserer w\u00e4rmeisolierenden Verdunkelungen und Matratzen f\u00fcr Fahrzeuge. Optimieren Sie Ihren Aufenthalt auf der Stra\u00dfe mit M2 Camper.","potentialAction":[{"@type":"SearchAction","target":{"@type":"EntryPoint","urlTemplate":"https:\/\/m2camper.com\/pt\/?s={search_term_string}"},"query-input":{"@type":"PropertyValueSpecification","valueRequired":true,"valueName":"search_term_string"}}],"inLanguage":"de"},{"@type":"Person","@id":"https:\/\/m2camper.com\/pt\/#\/schema\/person\/ad1e681f60b2e23c9b88a93e6d3feab3","name":"Prubs214s","image":{"@type":"ImageObject","inLanguage":"de","@id":"https:\/\/secure.gravatar.com\/avatar\/74706914812c3b473b95a5253410b33d71c50bf5f0d5423532bc0afa617d4316?s=96&d=mm&r=g","url":"https:\/\/secure.gravatar.com\/avatar\/74706914812c3b473b95a5253410b33d71c50bf5f0d5423532bc0afa617d4316?s=96&d=mm&r=g","contentUrl":"https:\/\/secure.gravatar.com\/avatar\/74706914812c3b473b95a5253410b33d71c50bf5f0d5423532bc0afa617d4316?s=96&d=mm&r=g","caption":"Prubs214s"},"url":"https:\/\/m2camper.com\/de\/author\/prubs214s\/"}]}},"_links":{"self":[{"href":"https:\/\/m2camper.com\/de\/wp-json\/wp\/v2\/posts\/14040","targetHints":{"allow":["GET"]}}],"collection":[{"href":"https:\/\/m2camper.com\/de\/wp-json\/wp\/v2\/posts"}],"about":[{"href":"https:\/\/m2camper.com\/de\/wp-json\/wp\/v2\/types\/post"}],"author":[{"embeddable":true,"href":"https:\/\/m2camper.com\/de\/wp-json\/wp\/v2\/users\/5741"}],"replies":[{"embeddable":true,"href":"https:\/\/m2camper.com\/de\/wp-json\/wp\/v2\/comments?post=14040"}],"version-history":[{"count":2,"href":"https:\/\/m2camper.com\/de\/wp-json\/wp\/v2\/posts\/14040\/revisions"}],"predecessor-version":[{"id":14047,"href":"https:\/\/m2camper.com\/de\/wp-json\/wp\/v2\/posts\/14040\/revisions\/14047"}],"wp:featuredmedia":[{"embeddable":true,"href":"https:\/\/m2camper.com\/de\/wp-json\/wp\/v2\/media\/10710"}],"wp:attachment":[{"href":"https:\/\/m2camper.com\/de\/wp-json\/wp\/v2\/media?parent=14040"}],"wp:term":[{"taxonomy":"category","embeddable":true,"href":"https:\/\/m2camper.com\/de\/wp-json\/wp\/v2\/categories?post=14040"},{"taxonomy":"post_tag","embeddable":true,"href":"https:\/\/m2camper.com\/de\/wp-json\/wp\/v2\/tags?post=14040"}],"curies":[{"name":"wp","href":"https:\/\/api.w.org\/{rel}","templated":true}]}}