{"id":14035,"date":"2025-06-23T09:04:34","date_gmt":"2025-06-23T07:04:34","guid":{"rendered":"https:\/\/m2camper.com\/?p=14035"},"modified":"2025-06-23T09:06:03","modified_gmt":"2025-06-23T07:06:03","slug":"warmedammung-fur-wohnmobile-komfort-ersparnis-und-schutz-auf-jeder-reise","status":"publish","type":"post","link":"https:\/\/m2camper.com\/de\/warmedammung-fur-wohnmobile-komfort-ersparnis-und-schutz-auf-jeder-reise\/","title":{"rendered":"W\u00e4rmed\u00e4mmung f\u00fcr Wohnmobile: Komfort, Ersparnis und Schutz auf jeder Reise"},"content":{"rendered":"<p><\/p>\n\n\n\n<h4 class=\"wp-block-heading has-nv-dark-bg-color has-text-color has-link-color wp-elements-2ae34f0cb9b18e504d1918b02183f9c3\"><strong>W\u00e4rmed\u00e4mmung f\u00fcr Wohnmobile: Ma\u00dfgeschneiderte L\u00f6sungen f\u00fcr das Leben auf R\u00e4dern<\/strong><\/h4>\n\n\n\n<p class=\"has-nv-dark-bg-color has-text-color has-link-color wp-elements-37560a73c73a22ba89f70fdbf88959df\">Reisen im Wohnmobil ist nicht nur eine Fortbewegungsart, sondern eine Lebenseinstellung. Und wie jeder Lebensstil erfordert es sorgf\u00e4ltige Vorbereitung, hochwertige Ausr\u00fcstung und vor allem Komfort. Ein Schl\u00fcsselelement f\u00fcr ein wirklich komfortables Erlebnis ist die richtige Ausr\u00fcstung. <a href=\"https:\/\/m2camper.com\/de\/isolatoren\/\"><strong>W\u00e4rmed\u00e4mmung f\u00fcr Wohnmobile<\/strong> <\/a>Ma\u00dfgeschneidert. Diese Isolatoren sind weit mehr als nur ein optionales Zubeh\u00f6r, sondern verbessern die Bewohnbarkeit des Fahrzeugs sp\u00fcrbar, insbesondere bei extremen Wetterbedingungen.<\/p>\n\n\n\n<p>Bei M2 Camper entwickeln wir seit Jahren technische L\u00f6sungen f\u00fcr maximalen W\u00e4rmekomfort in jedem Wohnmobiltyp. Wir fertigen ma\u00dfgeschneiderte W\u00e4rmed\u00e4mmung f\u00fcr alle Fahrzeugtypen und achten dabei auf jedes Detail, um ein effizientes, langlebiges und individuelles Erlebnis zu gew\u00e4hrleisten. Wenn Sie Ihren Van umbauen oder Ihr bestehendes D\u00e4mmsystem modernisieren m\u00f6chten, erfahren Sie hier, warum unsere Produkte Ihr Reiseerlebnis ver\u00e4ndern k\u00f6nnen.<\/p>\n\n\n<div class=\"wp-block-image\">\n<figure class=\"aligncenter size-full\"><img fetchpriority=\"high\" decoding=\"async\" width=\"454\" height=\"341\" src=\"https:\/\/m2camper.com\/wp-content\/uploads\/2025\/02\/60c9aa_2385c1dfe64746ae84947b5e225dc513mv2.webp\" alt=\"\" class=\"wp-image-11567\" srcset=\"https:\/\/m2camper.com\/wp-content\/uploads\/2025\/02\/60c9aa_2385c1dfe64746ae84947b5e225dc513mv2.webp 454w, https:\/\/m2camper.com\/wp-content\/uploads\/2025\/02\/60c9aa_2385c1dfe64746ae84947b5e225dc513mv2-300x225.webp 300w\" sizes=\"(max-width: 454px) 100vw, 454px\" \/><\/figure>\n<\/div>\n\n\n<h4 class=\"wp-block-heading has-nv-dark-bg-color has-text-color has-link-color wp-elements-fb707f6c4cda349f90e5250ba78eefa0\"><strong>Warum eine ma\u00dfgeschneiderte W\u00e4rmed\u00e4mmung f\u00fcr Wohnmobile w\u00e4hlen?<\/strong><\/h4>\n\n\n\n<p>Das Hauptziel der <strong>W\u00e4rmed\u00e4mmung f\u00fcr Wohnmobile<\/strong> Sie stabilisieren die Innenraumtemperatur des Fahrzeugs zu jeder Jahreszeit. Im Sommer verhindern sie, dass W\u00e4rme durch Fenster, Windschutzscheiben und andere sonnenexponierte Oberfl\u00e4chen eindringt, und reduzieren so den Treibhauseffekt. Im Winter wirken sie als W\u00e4rmebarriere, halten die im Fahrzeuginneren erzeugte W\u00e4rme und minimieren Energieverluste.<\/p>\n\n\n\n<p>Neben ihrer W\u00e4rmekapazit\u00e4t bieten Isolatoren auch <strong>Kondensation reduzieren<\/strong>Sie bieten mehr Privatsph\u00e4re und reduzieren den Lichteinfall von au\u00dfen. Dies f\u00fchrt zu einem besseren Schlaf, h\u00f6herer Energieeffizienz und einer komfortableren Fahrzeugnutzung bei Nacht oder in Ruhephasen.<\/p>\n\n\n\n<p>Ein weiterer wichtiger Aspekt ist die Robustheit und Langlebigkeit. Bei M2 Camper fertigen wir unsere Isolierung aus hochwertigen Mehrschichtmaterialien, die reflektierende Folien, W\u00e4rmeschichten und Sonnenschutz kombinieren. Jedes Teil ist mit hei\u00dfversiegelten Kanten versehen, was eine l\u00e4ngere Haltbarkeit gew\u00e4hrleistet, Ausfransen verhindert und eine robustere und professionellere Struktur bietet.<\/p>\n\n\n\n<p>Wichtig zu beachten: Unsere Isolierung ist weder waschbar noch wasserdicht. Sie kann zwar oberfl\u00e4chlich mit einem trockenen oder leicht feuchten Tuch gereinigt werden, sollte jedoch nicht untergetaucht oder mit einem Hochdruckreiniger gereinigt werden, da Fl\u00fcssigkeit zwischen die inneren Schichten gelangen und eine vollst\u00e4ndige Trocknung verhindern kann. Wir empfehlen daher eine punktuelle Reinigung, schonendes Reinigen und die Vermeidung direkter Feuchtigkeitsbelastung.<\/p>\n\n\n<div class=\"wp-block-image\">\n<figure class=\"aligncenter size-full\"><img decoding=\"async\" width=\"454\" height=\"341\" src=\"https:\/\/m2camper.com\/wp-content\/uploads\/2025\/02\/60c9aa_cfb5dadbb25f4de0ab2e6a577605f3bemv2.webp\" alt=\"\" class=\"wp-image-11579\" srcset=\"https:\/\/m2camper.com\/wp-content\/uploads\/2025\/02\/60c9aa_cfb5dadbb25f4de0ab2e6a577605f3bemv2.webp 454w, https:\/\/m2camper.com\/wp-content\/uploads\/2025\/02\/60c9aa_cfb5dadbb25f4de0ab2e6a577605f3bemv2-300x225.webp 300w\" sizes=\"(max-width: 454px) 100vw, 454px\" \/><\/figure>\n<\/div>\n\n\n<h4 class=\"wp-block-heading has-nv-dark-bg-color has-text-color has-link-color wp-elements-e4dc50ac2d0fed34c5f821a3706d64a5\"><strong>Anpassungsf\u00e4higkeit, Pr\u00e4zision und technische Materialien: der M2 Camper-Vorschlag<\/strong><\/h4>\n\n\n\n<p>Jeder Camper ist einzigartig, und deshalb ist unsere <strong>W\u00e4rmeisolatoren<\/strong> Sie werden ausschlie\u00dflich nach Ma\u00df gefertigt. Wir verwenden keine Universalformate. Wir arbeiten nach den Ma\u00dfen Ihres Fahrzeugs und passen sie an jedes Fenster, jede Heckklappe, jedes Dachfenster und jedes Seitenfenster an. So erreichen wir eine pr\u00e4zise, l\u00fcckenlose Abdeckung und maximieren die thermische und optische Leistung jedes Teils.<\/p>\n\n\n\n<p>Unsere Modelle lassen sich leicht zusammenfalten und verstauen und nehmen bei Nichtgebrauch nur wenig Platz ein. Wir bieten auch Koffer f\u00fcr Transport und Lagerung an, die besonders bei h\u00e4ufigen Standortwechseln n\u00fctzlich sind.<\/p>\n\n\n\n<p>In unserem Katalog finden Sie spezifische L\u00f6sungen f\u00fcr Windschutzscheiben, Schiebefenster, Aufstelld\u00e4cher, Heckt\u00fcren und alle verglasten Bereiche, die eine effektive Isolierung ben\u00f6tigen. Sollte Ihr Modell nicht zu den Standardmodellen geh\u00f6ren, kein Problem: Senden Sie uns einfach eine Vorlage oder die genauen Ma\u00dfe, und wir fertigen es nach Ihren Vorgaben.<\/p>\n\n\n\n<p>Wir verzichten auf Rei\u00dfverschl\u00fcsse, Klettverschl\u00fcsse oder abnehmbare Clips und bevorzugen durchgehende, robuste Strukturen, die eine l\u00e4ngere Lebensdauer und Benutzerfreundlichkeit ohne Schwachstellen gew\u00e4hrleisten. Unser Ziel ist es, funktionale, langlebige Produkte anzubieten, die sich optisch harmonisch in die Innenausstattung Ihres Wohnmobils einf\u00fcgen.<\/p>\n\n\n\n<h4 class=\"wp-block-heading has-nv-dark-bg-color has-text-color has-link-color wp-elements-21ce4dd89c05282b4cbcebf7286f36dd\">Mehr als Komfort: eine Investition in Effizienz und Wohlbefinden<\/h4>\n\n\n\n<p class=\"has-nv-dark-bg-color has-text-color has-link-color wp-elements-4973416c124bad940da035159d9b8d1b\">Investieren Sie in <strong><a href=\"https:\/\/m2camper.com\/de\/isolatoren\/\">W\u00e4rmed\u00e4mmung f\u00fcr Wohnmobile<\/a><\/strong> Es geht um Effizienz, Entspannung und langfristigen Schutz. Durch die Reduzierung des Heiz- oder K\u00fchlbedarfs senken Sie auch den Energie- bzw. Gasverbrauch, was f\u00fcr Individualreisende, die ihre Umweltbelastung minimieren m\u00f6chten, von entscheidender Bedeutung ist.<\/p>\n\n\n\n<p>Dar\u00fcber hinaus sch\u00fctzen D\u00e4mmstoffe die Innenausstattung, Polster und Materialien des Fahrzeugs, indem sie UV-Strahlung blockieren und so vorzeitigem Verschlei\u00df durch Sonneneinstrahlung vorbeugen. Sie tragen au\u00dferdem zu einem sauberen und ordentlichen Innenraum bei, insbesondere in Kombination mit effizienten Aufbewahrungsl\u00f6sungen.<\/p>\n\n\n\n<p>Unsere Kunden verwenden sie nicht nur in Wohnmobilen, sondern auch in kleinen Booten, mobilen Kabinen, mobilen Studios und sogar in H\u00e4usern in Gebieten mit widrigen thermischen Bedingungen. Die Vielseitigkeit dieser Isolatoren erm\u00f6glicht die Anpassung an unterschiedliche Umgebungen und Bed\u00fcrfnisse.<\/p>\n\n\n<div class=\"wp-block-image\">\n<figure class=\"aligncenter size-full\"><img decoding=\"async\" width=\"480\" height=\"480\" src=\"https:\/\/m2camper.com\/wp-content\/uploads\/2025\/01\/60c9aa_8a5b79fb19e44ac38c87d74e075dbf3amv2.jpg\" alt=\"\" class=\"wp-image-11243\" srcset=\"https:\/\/m2camper.com\/wp-content\/uploads\/2025\/01\/60c9aa_8a5b79fb19e44ac38c87d74e075dbf3amv2.jpg 480w, https:\/\/m2camper.com\/wp-content\/uploads\/2025\/01\/60c9aa_8a5b79fb19e44ac38c87d74e075dbf3amv2-300x300.jpg 300w, https:\/\/m2camper.com\/wp-content\/uploads\/2025\/01\/60c9aa_8a5b79fb19e44ac38c87d74e075dbf3amv2-150x150.jpg 150w, https:\/\/m2camper.com\/wp-content\/uploads\/2025\/01\/60c9aa_8a5b79fb19e44ac38c87d74e075dbf3amv2-100x100.jpg 100w\" sizes=\"(max-width: 480px) 100vw, 480px\" \/><\/figure>\n<\/div>","protected":false},"excerpt":{"rendered":"<p>Aislantes t\u00e9rmicos para camper: soluciones a medida para una vida sobre ruedas Viajar en camper no es solo una forma de moverse, es una manera de vivir. Y como todo estilo de vida, requiere una preparaci\u00f3n cuidadosa, equipamiento de calidad y, ante todo, comodidad. Uno de los elementos clave para disfrutar de una experiencia realmente&hellip;&nbsp;<a href=\"https:\/\/m2camper.com\/de\/warmedammung-fur-wohnmobile-komfort-ersparnis-und-schutz-auf-jeder-reise\/\" rel=\"bookmark\">Mehr lesen &quot;<span class=\"screen-reader-text\">W\u00e4rmed\u00e4mmung f\u00fcr Wohnmobile: Komfort, Ersparnis und Schutz auf jeder Reise<\/span><\/a><\/p>","protected":false},"author":5741,"featured_media":12259,"comment_status":"closed","ping_status":"closed","sticky":false,"template":"","format":"standard","meta":{"neve_meta_sidebar":"","neve_meta_container":"","neve_meta_enable_content_width":"","neve_meta_content_width":0,"neve_meta_title_alignment":"","neve_meta_author_avatar":"","neve_post_elements_order":"","neve_meta_disable_header":"","neve_meta_disable_footer":"","neve_meta_disable_title":"","footnotes":""},"categories":[208],"tags":[210],"class_list":["post-14035","post","type-post","status-publish","format-standard","has-post-thumbnail","hentry","category-aislantes-termicos","tag-aislantes-termicos-para-camper"],"yoast_head":"<!-- This site is optimized with the Yoast SEO plugin v27.4 - https:\/\/yoast.com\/product\/yoast-seo-wordpress\/ -->\n<title>Aislantes t\u00e9rmicos para camper: confort, ahorro y protecci\u00f3n en cada viaje - M2 Camper | Aislantes t\u00e9rmicos y oscurecedores para campers<\/title>\n<meta name=\"robots\" content=\"index, follow, max-snippet:-1, max-image-preview:large, max-video-preview:-1\" \/>\n<link rel=\"canonical\" href=\"https:\/\/m2camper.com\/de\/warmedammung-fur-wohnmobile-komfort-ersparnis-und-schutz-auf-jeder-reise\/\" \/>\n<meta property=\"og:locale\" content=\"de_DE\" \/>\n<meta property=\"og:type\" content=\"article\" \/>\n<meta property=\"og:title\" content=\"Aislantes t\u00e9rmicos para camper: confort, ahorro y protecci\u00f3n en cada viaje - M2 Camper | Aislantes t\u00e9rmicos y oscurecedores para campers\" \/>\n<meta property=\"og:description\" content=\"Aislantes t\u00e9rmicos para camper: soluciones a medida para una vida sobre ruedas Viajar en camper no es solo una forma de moverse, es una manera de vivir. Y como todo estilo de vida, requiere una preparaci\u00f3n cuidadosa, equipamiento de calidad y, ante todo, comodidad. Uno de los elementos clave para disfrutar de una experiencia realmente&hellip;&nbsp;Weiterlesen &raquo;Aislantes t\u00e9rmicos para camper: confort, ahorro y protecci\u00f3n en cada viaje\" \/>\n<meta property=\"og:url\" content=\"https:\/\/m2camper.com\/de\/warmedammung-fur-wohnmobile-komfort-ersparnis-und-schutz-auf-jeder-reise\/\" \/>\n<meta property=\"og:site_name\" content=\"M2 Camper | Aislantes t\u00e9rmicos y oscurecedores para campers\" \/>\n<meta property=\"article:published_time\" content=\"2025-06-23T07:04:34+00:00\" \/>\n<meta property=\"article:modified_time\" content=\"2025-06-23T07:06:03+00:00\" \/>\n<meta property=\"og:image\" content=\"https:\/\/m2camper.com\/wp-content\/uploads\/2025\/02\/Diseno-sin-titulo-1.jpg\" \/>\n\t<meta property=\"og:image:width\" content=\"1920\" \/>\n\t<meta property=\"og:image:height\" content=\"1080\" \/>\n\t<meta property=\"og:image:type\" content=\"image\/jpeg\" \/>\n<meta name=\"author\" content=\"Prubs214s\" \/>\n<meta name=\"twitter:card\" content=\"summary_large_image\" \/>\n<meta name=\"twitter:label1\" content=\"Verfasst von\" \/>\n\t<meta name=\"twitter:data1\" content=\"Prubs214s\" \/>\n\t<meta name=\"twitter:label2\" content=\"Gesch\u00e4tzte Lesezeit\" \/>\n\t<meta name=\"twitter:data2\" content=\"5\u00a0Minuten\" \/>\n<script type=\"application\/ld+json\" class=\"yoast-schema-graph\">{\"@context\":\"https:\\\/\\\/schema.org\",\"@graph\":[{\"@type\":\"Article\",\"@id\":\"https:\\\/\\\/m2camper.com\\\/aislantes-termicos-para-camper-confort-ahorro-y-proteccion-en-cada-viaje\\\/#article\",\"isPartOf\":{\"@id\":\"https:\\\/\\\/m2camper.com\\\/aislantes-termicos-para-camper-confort-ahorro-y-proteccion-en-cada-viaje\\\/\"},\"author\":{\"name\":\"Prubs214s\",\"@id\":\"https:\\\/\\\/m2camper.com\\\/pt\\\/#\\\/schema\\\/person\\\/ad1e681f60b2e23c9b88a93e6d3feab3\"},\"headline\":\"Aislantes t\u00e9rmicos para camper: confort, ahorro y protecci\u00f3n en cada viaje\",\"datePublished\":\"2025-06-23T07:04:34+00:00\",\"dateModified\":\"2025-06-23T07:06:03+00:00\",\"mainEntityOfPage\":{\"@id\":\"https:\\\/\\\/m2camper.com\\\/aislantes-termicos-para-camper-confort-ahorro-y-proteccion-en-cada-viaje\\\/\"},\"wordCount\":833,\"image\":{\"@id\":\"https:\\\/\\\/m2camper.com\\\/aislantes-termicos-para-camper-confort-ahorro-y-proteccion-en-cada-viaje\\\/#primaryimage\"},\"thumbnailUrl\":\"https:\\\/\\\/m2camper.com\\\/wp-content\\\/uploads\\\/2025\\\/02\\\/Diseno-sin-titulo-1.jpg\",\"keywords\":[\"Aislantes t\u00e9rmicos para camper\"],\"articleSection\":[\"Aislantes t\u00e9rmicos\"],\"inLanguage\":\"de\"},{\"@type\":\"WebPage\",\"@id\":\"https:\\\/\\\/m2camper.com\\\/aislantes-termicos-para-camper-confort-ahorro-y-proteccion-en-cada-viaje\\\/\",\"url\":\"https:\\\/\\\/m2camper.com\\\/aislantes-termicos-para-camper-confort-ahorro-y-proteccion-en-cada-viaje\\\/\",\"name\":\"Aislantes t\u00e9rmicos para camper: confort, ahorro y protecci\u00f3n en cada viaje - M2 Camper | Aislantes t\u00e9rmicos y oscurecedores para campers\",\"isPartOf\":{\"@id\":\"https:\\\/\\\/m2camper.com\\\/pt\\\/#website\"},\"primaryImageOfPage\":{\"@id\":\"https:\\\/\\\/m2camper.com\\\/aislantes-termicos-para-camper-confort-ahorro-y-proteccion-en-cada-viaje\\\/#primaryimage\"},\"image\":{\"@id\":\"https:\\\/\\\/m2camper.com\\\/aislantes-termicos-para-camper-confort-ahorro-y-proteccion-en-cada-viaje\\\/#primaryimage\"},\"thumbnailUrl\":\"https:\\\/\\\/m2camper.com\\\/wp-content\\\/uploads\\\/2025\\\/02\\\/Diseno-sin-titulo-1.jpg\",\"datePublished\":\"2025-06-23T07:04:34+00:00\",\"dateModified\":\"2025-06-23T07:06:03+00:00\",\"author\":{\"@id\":\"https:\\\/\\\/m2camper.com\\\/pt\\\/#\\\/schema\\\/person\\\/ad1e681f60b2e23c9b88a93e6d3feab3\"},\"breadcrumb\":{\"@id\":\"https:\\\/\\\/m2camper.com\\\/aislantes-termicos-para-camper-confort-ahorro-y-proteccion-en-cada-viaje\\\/#breadcrumb\"},\"inLanguage\":\"de\",\"potentialAction\":[{\"@type\":\"ReadAction\",\"target\":[\"https:\\\/\\\/m2camper.com\\\/aislantes-termicos-para-camper-confort-ahorro-y-proteccion-en-cada-viaje\\\/\"]}]},{\"@type\":\"ImageObject\",\"inLanguage\":\"de\",\"@id\":\"https:\\\/\\\/m2camper.com\\\/aislantes-termicos-para-camper-confort-ahorro-y-proteccion-en-cada-viaje\\\/#primaryimage\",\"url\":\"https:\\\/\\\/m2camper.com\\\/wp-content\\\/uploads\\\/2025\\\/02\\\/Diseno-sin-titulo-1.jpg\",\"contentUrl\":\"https:\\\/\\\/m2camper.com\\\/wp-content\\\/uploads\\\/2025\\\/02\\\/Diseno-sin-titulo-1.jpg\",\"width\":1920,\"height\":1080},{\"@type\":\"BreadcrumbList\",\"@id\":\"https:\\\/\\\/m2camper.com\\\/aislantes-termicos-para-camper-confort-ahorro-y-proteccion-en-cada-viaje\\\/#breadcrumb\",\"itemListElement\":[{\"@type\":\"ListItem\",\"position\":1,\"name\":\"Portada\",\"item\":\"https:\\\/\\\/m2camper.com\\\/pt\\\/\"},{\"@type\":\"ListItem\",\"position\":2,\"name\":\"Aislantes t\u00e9rmicos para camper: confort, ahorro y protecci\u00f3n en cada viaje\"}]},{\"@type\":\"WebSite\",\"@id\":\"https:\\\/\\\/m2camper.com\\\/pt\\\/#website\",\"url\":\"https:\\\/\\\/m2camper.com\\\/pt\\\/\",\"name\":\"M2 Campers | Aislantes t\u00e9rmicos y oscurecedores para campers\",\"description\":\"Descubre calidad y confort de nuestros aislantes t\u00e9rmicos oscurecedores y colchones para veh\u00edculos. Optimiza tu experiencia en carretera con M2 Camper.\",\"potentialAction\":[{\"@type\":\"SearchAction\",\"target\":{\"@type\":\"EntryPoint\",\"urlTemplate\":\"https:\\\/\\\/m2camper.com\\\/pt\\\/?s={search_term_string}\"},\"query-input\":{\"@type\":\"PropertyValueSpecification\",\"valueRequired\":true,\"valueName\":\"search_term_string\"}}],\"inLanguage\":\"de\"},{\"@type\":\"Person\",\"@id\":\"https:\\\/\\\/m2camper.com\\\/pt\\\/#\\\/schema\\\/person\\\/ad1e681f60b2e23c9b88a93e6d3feab3\",\"name\":\"Prubs214s\",\"image\":{\"@type\":\"ImageObject\",\"inLanguage\":\"de\",\"@id\":\"https:\\\/\\\/secure.gravatar.com\\\/avatar\\\/74706914812c3b473b95a5253410b33d71c50bf5f0d5423532bc0afa617d4316?s=96&d=mm&r=g\",\"url\":\"https:\\\/\\\/secure.gravatar.com\\\/avatar\\\/74706914812c3b473b95a5253410b33d71c50bf5f0d5423532bc0afa617d4316?s=96&d=mm&r=g\",\"contentUrl\":\"https:\\\/\\\/secure.gravatar.com\\\/avatar\\\/74706914812c3b473b95a5253410b33d71c50bf5f0d5423532bc0afa617d4316?s=96&d=mm&r=g\",\"caption\":\"Prubs214s\"},\"url\":\"https:\\\/\\\/m2camper.com\\\/de\\\/author\\\/prubs214s\\\/\"}]}<\/script>\n<!-- \/ Yoast SEO plugin. -->","yoast_head_json":{"title":"W\u00e4rmed\u00e4mmung f\u00fcr Wohnmobile: Komfort, Ersparnis und Schutz auf jeder Reise - M2 Camper | W\u00e4rmed\u00e4mmung und Verdunkelung f\u00fcr Wohnmobile","robots":{"index":"index","follow":"follow","max-snippet":"max-snippet:-1","max-image-preview":"max-image-preview:large","max-video-preview":"max-video-preview:-1"},"canonical":"https:\/\/m2camper.com\/de\/warmedammung-fur-wohnmobile-komfort-ersparnis-und-schutz-auf-jeder-reise\/","og_locale":"de_DE","og_type":"article","og_title":"Aislantes t\u00e9rmicos para camper: confort, ahorro y protecci\u00f3n en cada viaje - M2 Camper | Aislantes t\u00e9rmicos y oscurecedores para campers","og_description":"Aislantes t\u00e9rmicos para camper: soluciones a medida para una vida sobre ruedas Viajar en camper no es solo una forma de moverse, es una manera de vivir. Y como todo estilo de vida, requiere una preparaci\u00f3n cuidadosa, equipamiento de calidad y, ante todo, comodidad. Uno de los elementos clave para disfrutar de una experiencia realmente&hellip;&nbsp;Weiterlesen &raquo;Aislantes t\u00e9rmicos para camper: confort, ahorro y protecci\u00f3n en cada viaje","og_url":"https:\/\/m2camper.com\/de\/warmedammung-fur-wohnmobile-komfort-ersparnis-und-schutz-auf-jeder-reise\/","og_site_name":"M2 Camper | Aislantes t\u00e9rmicos y oscurecedores para campers","article_published_time":"2025-06-23T07:04:34+00:00","article_modified_time":"2025-06-23T07:06:03+00:00","og_image":[{"width":1920,"height":1080,"url":"https:\/\/m2camper.com\/wp-content\/uploads\/2025\/02\/Diseno-sin-titulo-1.jpg","type":"image\/jpeg"}],"author":"Prubs214s","twitter_card":"summary_large_image","twitter_misc":{"Verfasst von":"Prubs214s","Gesch\u00e4tzte Lesezeit":"5\u00a0Minuten"},"schema":{"@context":"https:\/\/schema.org","@graph":[{"@type":"Article","@id":"https:\/\/m2camper.com\/aislantes-termicos-para-camper-confort-ahorro-y-proteccion-en-cada-viaje\/#article","isPartOf":{"@id":"https:\/\/m2camper.com\/aislantes-termicos-para-camper-confort-ahorro-y-proteccion-en-cada-viaje\/"},"author":{"name":"Prubs214s","@id":"https:\/\/m2camper.com\/pt\/#\/schema\/person\/ad1e681f60b2e23c9b88a93e6d3feab3"},"headline":"Aislantes t\u00e9rmicos para camper: confort, ahorro y protecci\u00f3n en cada viaje","datePublished":"2025-06-23T07:04:34+00:00","dateModified":"2025-06-23T07:06:03+00:00","mainEntityOfPage":{"@id":"https:\/\/m2camper.com\/aislantes-termicos-para-camper-confort-ahorro-y-proteccion-en-cada-viaje\/"},"wordCount":833,"image":{"@id":"https:\/\/m2camper.com\/aislantes-termicos-para-camper-confort-ahorro-y-proteccion-en-cada-viaje\/#primaryimage"},"thumbnailUrl":"https:\/\/m2camper.com\/wp-content\/uploads\/2025\/02\/Diseno-sin-titulo-1.jpg","keywords":["Aislantes t\u00e9rmicos para camper"],"articleSection":["Aislantes t\u00e9rmicos"],"inLanguage":"de"},{"@type":"WebPage","@id":"https:\/\/m2camper.com\/aislantes-termicos-para-camper-confort-ahorro-y-proteccion-en-cada-viaje\/","url":"https:\/\/m2camper.com\/aislantes-termicos-para-camper-confort-ahorro-y-proteccion-en-cada-viaje\/","name":"W\u00e4rmed\u00e4mmung f\u00fcr Wohnmobile: Komfort, Ersparnis und Schutz auf jeder Reise - M2 Camper | W\u00e4rmed\u00e4mmung und Verdunkelung f\u00fcr Wohnmobile","isPartOf":{"@id":"https:\/\/m2camper.com\/pt\/#website"},"primaryImageOfPage":{"@id":"https:\/\/m2camper.com\/aislantes-termicos-para-camper-confort-ahorro-y-proteccion-en-cada-viaje\/#primaryimage"},"image":{"@id":"https:\/\/m2camper.com\/aislantes-termicos-para-camper-confort-ahorro-y-proteccion-en-cada-viaje\/#primaryimage"},"thumbnailUrl":"https:\/\/m2camper.com\/wp-content\/uploads\/2025\/02\/Diseno-sin-titulo-1.jpg","datePublished":"2025-06-23T07:04:34+00:00","dateModified":"2025-06-23T07:06:03+00:00","author":{"@id":"https:\/\/m2camper.com\/pt\/#\/schema\/person\/ad1e681f60b2e23c9b88a93e6d3feab3"},"breadcrumb":{"@id":"https:\/\/m2camper.com\/aislantes-termicos-para-camper-confort-ahorro-y-proteccion-en-cada-viaje\/#breadcrumb"},"inLanguage":"de","potentialAction":[{"@type":"ReadAction","target":["https:\/\/m2camper.com\/aislantes-termicos-para-camper-confort-ahorro-y-proteccion-en-cada-viaje\/"]}]},{"@type":"ImageObject","inLanguage":"de","@id":"https:\/\/m2camper.com\/aislantes-termicos-para-camper-confort-ahorro-y-proteccion-en-cada-viaje\/#primaryimage","url":"https:\/\/m2camper.com\/wp-content\/uploads\/2025\/02\/Diseno-sin-titulo-1.jpg","contentUrl":"https:\/\/m2camper.com\/wp-content\/uploads\/2025\/02\/Diseno-sin-titulo-1.jpg","width":1920,"height":1080},{"@type":"BreadcrumbList","@id":"https:\/\/m2camper.com\/aislantes-termicos-para-camper-confort-ahorro-y-proteccion-en-cada-viaje\/#breadcrumb","itemListElement":[{"@type":"ListItem","position":1,"name":"Portada","item":"https:\/\/m2camper.com\/pt\/"},{"@type":"ListItem","position":2,"name":"Aislantes t\u00e9rmicos para camper: confort, ahorro y protecci\u00f3n en cada viaje"}]},{"@type":"WebSite","@id":"https:\/\/m2camper.com\/pt\/#website","url":"https:\/\/m2camper.com\/pt\/","name":"M2 Wohnmobile | W\u00e4rmed\u00e4mmung und Verdunkelung f\u00fcr Camper","description":"Entdecken Sie die Qualit\u00e4t und den Komfort unserer w\u00e4rmeisolierenden Verdunkelungen und Matratzen f\u00fcr Fahrzeuge. Optimieren Sie Ihren Aufenthalt auf der Stra\u00dfe mit M2 Camper.","potentialAction":[{"@type":"SearchAction","target":{"@type":"EntryPoint","urlTemplate":"https:\/\/m2camper.com\/pt\/?s={search_term_string}"},"query-input":{"@type":"PropertyValueSpecification","valueRequired":true,"valueName":"search_term_string"}}],"inLanguage":"de"},{"@type":"Person","@id":"https:\/\/m2camper.com\/pt\/#\/schema\/person\/ad1e681f60b2e23c9b88a93e6d3feab3","name":"Prubs214s","image":{"@type":"ImageObject","inLanguage":"de","@id":"https:\/\/secure.gravatar.com\/avatar\/74706914812c3b473b95a5253410b33d71c50bf5f0d5423532bc0afa617d4316?s=96&d=mm&r=g","url":"https:\/\/secure.gravatar.com\/avatar\/74706914812c3b473b95a5253410b33d71c50bf5f0d5423532bc0afa617d4316?s=96&d=mm&r=g","contentUrl":"https:\/\/secure.gravatar.com\/avatar\/74706914812c3b473b95a5253410b33d71c50bf5f0d5423532bc0afa617d4316?s=96&d=mm&r=g","caption":"Prubs214s"},"url":"https:\/\/m2camper.com\/de\/author\/prubs214s\/"}]}},"_links":{"self":[{"href":"https:\/\/m2camper.com\/de\/wp-json\/wp\/v2\/posts\/14035","targetHints":{"allow":["GET"]}}],"collection":[{"href":"https:\/\/m2camper.com\/de\/wp-json\/wp\/v2\/posts"}],"about":[{"href":"https:\/\/m2camper.com\/de\/wp-json\/wp\/v2\/types\/post"}],"author":[{"embeddable":true,"href":"https:\/\/m2camper.com\/de\/wp-json\/wp\/v2\/users\/5741"}],"replies":[{"embeddable":true,"href":"https:\/\/m2camper.com\/de\/wp-json\/wp\/v2\/comments?post=14035"}],"version-history":[{"count":3,"href":"https:\/\/m2camper.com\/de\/wp-json\/wp\/v2\/posts\/14035\/revisions"}],"predecessor-version":[{"id":14038,"href":"https:\/\/m2camper.com\/de\/wp-json\/wp\/v2\/posts\/14035\/revisions\/14038"}],"wp:featuredmedia":[{"embeddable":true,"href":"https:\/\/m2camper.com\/de\/wp-json\/wp\/v2\/media\/12259"}],"wp:attachment":[{"href":"https:\/\/m2camper.com\/de\/wp-json\/wp\/v2\/media?parent=14035"}],"wp:term":[{"taxonomy":"category","embeddable":true,"href":"https:\/\/m2camper.com\/de\/wp-json\/wp\/v2\/categories?post=14035"},{"taxonomy":"post_tag","embeddable":true,"href":"https:\/\/m2camper.com\/de\/wp-json\/wp\/v2\/tags?post=14035"}],"curies":[{"name":"wp","href":"https:\/\/api.w.org\/{rel}","templated":true}]}}