{"id":13496,"date":"2025-04-29T07:09:12","date_gmt":"2025-04-29T07:09:12","guid":{"rendered":"https:\/\/m2camper.com\/?p=13496"},"modified":"2025-05-15T09:41:13","modified_gmt":"2025-05-15T07:41:13","slug":"das-beste-zubehor-zur-erganzung-ihrer-wohnmobil-ausrustung-das-ihr-erlebnis-auf-die-nachste-stufe-hebt","status":"publish","type":"post","link":"https:\/\/m2camper.com\/de\/das-beste-zubehor-zur-erganzung-ihrer-wohnmobil-ausrustung-das-ihr-erlebnis-auf-die-nachste-stufe-hebt\/","title":{"rendered":"Das beste Zubeh\u00f6r zur Erg\u00e4nzung Ihrer Wohnmobil-Ausr\u00fcstung, das Ihr Erlebnis auf die n\u00e4chste Stufe hebt."},"content":{"rendered":"<h2 class=\"wp-block-heading has-neve-text-color-color has-text-color has-link-color wp-elements-4af4c1ce12a3d209b972e0e5bc0151d1\">Wohnmobil-Ausstattung: Komfort und Funktionalit\u00e4t<br><\/h2>\n\n\n\n<p class=\"has-neve-text-color-color has-text-color has-link-color wp-elements-5dc65115d92d1c62af6bc837f2cc5a5c\">Camperisierung ist nicht nur ein Trend: Es ist eine Lebenseinstellung. F\u00fcr diejenigen, die frei reisen m\u00f6chten, unter den Sternen schlafen und mit Blick auf das Meer oder mitten im Wald aufwachen und einen guten <strong><a href=\"https:\/\/m2camper.com\/de\/isolatoren\/\">Wohnmobil-Bausatz <\/a><\/strong>Es ist erst der Anfang. Die wirkliche Transformation findet statt, wenn Sie das richtige Zubeh\u00f6r integrieren, das Ihren Komfort, Ihre Funktionalit\u00e4t und Ihre Autonomie steigert.<\/p>\n\n\n\n<p>In diesem Artikel pr\u00e4sentieren wir Ihnen das beste Zubeh\u00f6r f\u00fcr Ihre <strong>Wohnmobil-Bausatz<\/strong>. Von Verdunkelungsisolatoren bis hin zu ma\u00dfgefertigten Matratzen, einschlie\u00dflich Beleuchtungs-, Bel\u00fcftungs- und K\u00fcchenl\u00f6sungen \u2013 dieser Leitfaden hilft Ihnen, jede Ecke Ihres Vans optimal zu nutzen.<\/p>\n\n\n<div class=\"wp-block-image\">\n<figure class=\"aligncenter size-large\"><img fetchpriority=\"high\" decoding=\"async\" width=\"1024\" height=\"936\" src=\"https:\/\/m2camper.com\/wp-content\/uploads\/2025\/02\/headerAislantes-1-1024x936.jpg\" alt=\"\" class=\"wp-image-12539\" srcset=\"https:\/\/m2camper.com\/wp-content\/uploads\/2025\/02\/headerAislantes-1-1024x936.jpg 1024w, https:\/\/m2camper.com\/wp-content\/uploads\/2025\/02\/headerAislantes-1-300x274.jpg 300w, https:\/\/m2camper.com\/wp-content\/uploads\/2025\/02\/headerAislantes-1-768x702.jpg 768w, https:\/\/m2camper.com\/wp-content\/uploads\/2025\/02\/headerAislantes-1-1536x1403.jpg 1536w, https:\/\/m2camper.com\/wp-content\/uploads\/2025\/02\/headerAislantes-1-13x12.jpg 13w, https:\/\/m2camper.com\/wp-content\/uploads\/2025\/02\/headerAislantes-1-600x548.jpg 600w, https:\/\/m2camper.com\/wp-content\/uploads\/2025\/02\/headerAislantes-1.jpg 2048w\" sizes=\"(max-width: 1024px) 100vw, 1024px\" \/><\/figure>\n<\/div>\n\n\n<h2 class=\"wp-block-heading has-neve-text-color-color has-text-color has-link-color wp-elements-0b559cd7c053e24ccc86a7d461d655c1\">Unverzichtbarer Komfort f\u00fcr Ihr Wohnmobil-Set: Thermo-Verdunkelungsisolatoren und eine ma\u00dfgeschneiderte Matratze<\/h2>\n\n\n\n<p>Einer der h\u00e4ufigsten Fehler beim Umbau eines Wohnmobils besteht darin, sich ausschlie\u00dflich auf die \u00c4sthetik oder die Einrichtung zu konzentrieren und den Alltagskomfort zu vernachl\u00e4ssigen. Zwei Zubeh\u00f6rteile machen jedoch den entscheidenden Unterschied zwischen einem unbequemen Erlebnis und einem echten Zuhause auf R\u00e4dern:<\/p>\n\n\n\n<h4 class=\"wp-block-heading has-neve-text-color-color has-text-color has-link-color wp-elements-e22a490b560e904d254f5c13a92e0c78\">Thermo-Verdunkelungsisolatoren: Isolierung, Dunkelheit und Privatsph\u00e4re in einem Produkt<\/h4>\n\n\n\n<p>Dieses multifunktionale Zubeh\u00f6r ist der Schl\u00fcssel, um das ganze Jahr \u00fcber eine angenehme Innentemperatur zu erreichen und in v\u00f6lliger Dunkelheit und Privatsph\u00e4re zu ruhen. Die fortschrittlichsten Modelle, wie beispielsweise die 9-Lagen-Modelle von M2 Camper, kombinieren reflektierende Materialien, W\u00e4rmeisolierung und blickdichte Eigenschaften, die:<\/p>\n\n\n\n<ul class=\"wp-block-list\">\n<li class=\"has-neve-text-color-color has-text-color has-link-color wp-elements-1c67cafb2677df04a1bdbbaf4e3b1d98\"><strong>Sie blockieren die K\u00e4lte im Winter und die Hitze im Sommer<\/strong>.<\/li>\n\n\n\n<li class=\"has-neve-text-color-color has-text-color has-link-color wp-elements-a6579f30d411d3047e8c38faafc7f16e\"><strong>Sie reduzieren Au\u00dfenger\u00e4usche<\/strong>, was die Ruhequalit\u00e4t deutlich verbessert.<\/li>\n\n\n\n<li class=\"has-neve-text-color-color has-text-color has-link-color wp-elements-1d725405e7522d2600e7d68e966fabc9\"><strong>Sie sch\u00fctzen die Privatsph\u00e4re<\/strong> im Inneren des Lieferwagens.<\/li>\n\n\n\n<li class=\"has-neve-text-color-color has-text-color has-link-color wp-elements-f8c343d3017c56f20c4193abb335a9f6\"><strong>Sie verdunkeln den Innenraum vollst\u00e4ndig<\/strong>, ideal f\u00fcr besseren Schlaf oder blendfreies Arbeiten.<\/li>\n<\/ul>\n\n\n\n<p>Da es sich um ma\u00dfgefertigte Produkte handelt, passen sie zudem perfekt \u00fcber die Fenster Ihres Fahrzeugs und gew\u00e4hrleisten so eine optimale Abdichtung und eine schnelle Installation ohne Werkzeug.<\/p>\n\n\n\n<h4 class=\"wp-block-heading has-neve-text-color-color has-text-color has-link-color wp-elements-56265cfecb40d227e12ad9c4ad1fb27f\">Ma\u00dfgefertigte Matratze: Die Erholung, die Sie verdienen<\/h4>\n\n\n\n<p>Nichts ruiniert eine Reise mehr als schlechter Schlaf. Daher ist die Investition in eine ma\u00dfgeschneiderte Matratze f\u00fcr Ihren Campervan eine Entscheidung, die Ihre Lebensqualit\u00e4t vom ersten Tag an verbessert.<\/p>\n\n\n\n<p>M2 Camper-Matratzen bestehen aus hochdichtem Schaumstoff und bieten Festigkeit und Komfort f\u00fcr stundenlange Ruhe. Sie verf\u00fcgen au\u00dferdem \u00fcber abnehmbare und waschbare Bez\u00fcge, die sich unterwegs leicht reinigen lassen. Au\u00dferdem:<\/p>\n\n\n\n<ul class=\"wp-block-list\">\n<li>Sie sind speziell auf Ihr Van-Modell abgestimmt.<\/li>\n\n\n\n<li>Sie k\u00f6nnen in Module unterteilt werden, um einen einfachen Zugriff auf den darunter liegenden Speicher zu erm\u00f6glichen.<\/li>\n\n\n\n<li>Einige Modelle sind faltbar oder an Faltkonstruktionen anpassbar.<\/li>\n<\/ul>\n\n\n<div class=\"wp-block-image\">\n<figure class=\"aligncenter size-large\"><img decoding=\"async\" width=\"1024\" height=\"724\" src=\"https:\/\/m2camper.com\/wp-content\/uploads\/2025\/04\/aislantes-para-camper-1-1024x724.jpg\" alt=\"\" class=\"wp-image-13614\" srcset=\"https:\/\/m2camper.com\/wp-content\/uploads\/2025\/04\/aislantes-para-camper-1-1024x724.jpg 1024w, https:\/\/m2camper.com\/wp-content\/uploads\/2025\/04\/aislantes-para-camper-1-300x212.jpg 300w, https:\/\/m2camper.com\/wp-content\/uploads\/2025\/04\/aislantes-para-camper-1-768x543.jpg 768w, https:\/\/m2camper.com\/wp-content\/uploads\/2025\/04\/aislantes-para-camper-1-1536x1086.jpg 1536w, https:\/\/m2camper.com\/wp-content\/uploads\/2025\/04\/aislantes-para-camper-1-18x12.jpg 18w, https:\/\/m2camper.com\/wp-content\/uploads\/2025\/04\/aislantes-para-camper-1-600x424.jpg 600w, https:\/\/m2camper.com\/wp-content\/uploads\/2025\/04\/aislantes-para-camper-1.jpg 2000w\" sizes=\"(max-width: 1024px) 100vw, 1024px\" \/><\/figure>\n<\/div>\n\n\n<h4 class=\"wp-block-heading has-neve-text-color-color has-text-color has-link-color wp-elements-d53927837a20624f4bead689e93123d0\">Dachfenster, Bel\u00fcftung und Beleuchtung: Verbessern Sie die Bewohnbarkeit Ihres Vans<\/h4>\n\n\n\n<p>Ihr Wohnmobil ist nicht nur zum Schlafen da: Es ist auch Ihre K\u00fcche, Ihr Entspannungsbereich und sogar Ihr B\u00fcro. Um diesen Raum Tag und Nacht genie\u00dfen zu k\u00f6nnen, sind eine gute Beleuchtung und Bel\u00fcftung unerl\u00e4sslich.<\/p>\n\n\n\n<h5 class=\"wp-block-heading has-neve-text-color-color has-text-color has-link-color wp-elements-9e84306ec007500d4cf884b13742fcb6\">Dachfenster mit Bel\u00fcftung<\/h5>\n\n\n\n<p>Sie erm\u00f6glichen den Luftaustausch, reduzieren die Luftfeuchtigkeit und verhindern Kondensation. Einige Modelle verf\u00fcgen \u00fcber eingebaute Ventilatoren, Moskitonetze und Verdunkelungsvorh\u00e4nge und werden mit Solarenergie betrieben oder k\u00f6nnen an das Bordnetz des Lieferwagens angeschlossen werden.<\/p>\n\n\n\n<h5 class=\"wp-block-heading has-neve-text-color-color has-text-color has-link-color wp-elements-92205b75255b90114d957f9ac2f1c96c\">Warme und effiziente LED-Beleuchtung<\/h5>\n\n\n\n<p>Gute Beleuchtung ver\u00e4ndert das Raumklima. Dimmbare LED-Leuchten sind ideal, um eine gem\u00fctliche Atmosph\u00e4re zu schaffen, verbrauchen wenig Energie und passen sich verschiedenen Aktivit\u00e4ten an: Kochen, Lesen, Entspannen oder Arbeiten.<\/p>\n\n\n\n<h5 class=\"wp-block-heading has-neve-text-color-color has-text-color has-link-color wp-elements-93b284be0d9bbb3dcf8ab04c90c9f08f\">Tragbare Ventilatoren<\/h5>\n\n\n\n<p>Wenn Ihr Budget kein Oberlicht mit Warmluft zul\u00e4sst, sind tragbare Ventilatoren eine effektive und kosteng\u00fcnstige M\u00f6glichkeit, die Luftzirkulation in Ihrem Zuhause zu verbessern.<\/p>\n\n\n\n<h4 class=\"wp-block-heading has-neve-text-color-color has-text-color has-link-color wp-elements-d77dabf164d9b76c5c3131b12c0b08af\">K\u00fcche, Ordnung und praktische L\u00f6sungen: Funktionalit\u00e4t auf R\u00e4dern<\/h4>\n\n\n\n<p>Reisen mit dem Van bedeutet, auf kleinem Raum zu leben, daher muss jedes Zubeh\u00f6r praktisch, leicht und einfach zu verwenden sein. Hier sind einige Must-Haves:<\/p>\n\n\n\n<h5 class=\"wp-block-heading has-neve-text-color-color has-text-color has-link-color wp-elements-258333a44a0939b81352b47a8c4b467c\">Tragbare Gas- oder Induktionsherde<\/h5>\n\n\n\n<p>Ideal f\u00fcr alle, die keine feste Installation w\u00fcnschen. Sie funktionieren mit Einweg-Gaskartuschen oder einem 220-V- oder 12-V-Stromanschluss und viele werden zur einfachen Aufbewahrung in Tragetaschen geliefert.<\/p>\n\n\n\n<h5 class=\"wp-block-heading has-neve-text-color-color has-text-color has-link-color wp-elements-758f81b8b030069101497a1f492f730c\">Grundlegendes Wassersystem<\/h5>\n\n\n\n<p>Eine kompakte Sp\u00fcle mit Frisch- und Abwassertanks sowie eine 12-V-Pumpe und ein ausziehbarer Wasserhahn erm\u00f6glichen Ihnen unkompliziertes Kochen, Putzen und K\u00f6rperpflegen.<\/p>\n\n\n\n<h5 class=\"wp-block-heading has-neve-text-color-color has-text-color has-link-color wp-elements-631c9c88a9fe817f5bb1bcae6c41c1ed\">Module und Organisatoren<\/h5>\n\n\n\n<p>Von modularen M\u00f6beln bis hin zu Klappboxen, Netzen und Schubladen mit Magnetverschluss gibt es viele M\u00f6glichkeiten, in Ihrem Van Ordnung zu halten \u2013 unerl\u00e4sslich, wenn jeder Zentimeter z\u00e4hlt.<\/p>\n\n\n\n<h5 class=\"wp-block-heading has-neve-text-color-color has-text-color has-link-color wp-elements-7be06e09757764a8698e490543ed3e97\">Klapptisch und St\u00fchle<\/h5>\n\n\n\n<p>Perfekt zum Essen oder Arbeiten im Freien. Es gibt ultraleichte und langlebige Modelle, die zusammengeklappt nur wenig Platz einnehmen.<\/p>\n\n\n\n<h2 class=\"wp-block-heading has-neve-text-color-color has-text-color has-link-color wp-elements-8977cf3cfa5d40f73bc6baf476d1288e\">Ihre Wohnmobil-Ausstattung verdient Zubeh\u00f6r, das den Anforderungen entspricht.<\/h2>\n\n\n\n<p class=\"has-neve-text-color-color has-text-color has-link-color wp-elements-810ff43fa7a0e59f26a050325aadf512\">Ein guter <strong><a href=\"https:\/\/m2camper.com\/de\/isolatoren\/\">Wohnmobil-Bausatz<\/a><\/strong> Verwandeln Sie Ihr Fahrzeug erst mit dem richtigen Zubeh\u00f6r in ein echtes Zuhause auf R\u00e4dern. Die Verdunkelungs-W\u00e4rmed\u00e4mmung und die ma\u00dfgefertigten Matratzen sind keine Extras, sondern wesentliche Elemente, die Ihren Komfort und Ihr Wohlbefinden w\u00e4hrend der gesamten Reise garantieren.<\/p>\n\n\n\n<p class=\"has-neve-text-color-color has-text-color has-link-color wp-elements-9bf0f981640abe513209bc48eb13f51e\">In <strong><a href=\"https:\/\/m2camper.com\/de\/kontakt\/\">M2 Camper<\/a><\/strong> Sie finden L\u00f6sungen f\u00fcr alle Arten von Benutzern, vom Anf\u00e4nger bis zum erfahrenen Reisenden. Wir entwerfen funktionale, langlebige Produkte, die auf jedes Van-Modell zugeschnitten sind und dabei auf die Erfahrungen derjenigen zur\u00fcckgreifen, die die Welt der Wohnmobile von innen kennen.<\/p>\n\n\n\n<p>Bereit f\u00fcr den n\u00e4chsten Schritt? Verbessern Sie Ihr Erlebnis, gewinnen Sie an Komfort und machen Sie jeden Kurzurlaub unvergesslich. Denn Ihr Van kann viel mehr sein als nur ein Fortbewegungsmittel: Er kann Ihr perfekter Zufluchtsort sein, wo immer Sie sind.<\/p>\n\n\n<div class=\"wp-block-image\">\n<figure class=\"aligncenter size-large\"><img decoding=\"async\" width=\"1024\" height=\"724\" src=\"https:\/\/m2camper.com\/wp-content\/uploads\/2025\/04\/aislantes-termicos-1-1024x724.jpg\" alt=\"\" class=\"wp-image-13616\" srcset=\"https:\/\/m2camper.com\/wp-content\/uploads\/2025\/04\/aislantes-termicos-1-1024x724.jpg 1024w, https:\/\/m2camper.com\/wp-content\/uploads\/2025\/04\/aislantes-termicos-1-300x212.jpg 300w, https:\/\/m2camper.com\/wp-content\/uploads\/2025\/04\/aislantes-termicos-1-768x543.jpg 768w, https:\/\/m2camper.com\/wp-content\/uploads\/2025\/04\/aislantes-termicos-1-1536x1086.jpg 1536w, https:\/\/m2camper.com\/wp-content\/uploads\/2025\/04\/aislantes-termicos-1-18x12.jpg 18w, https:\/\/m2camper.com\/wp-content\/uploads\/2025\/04\/aislantes-termicos-1-600x424.jpg 600w, https:\/\/m2camper.com\/wp-content\/uploads\/2025\/04\/aislantes-termicos-1.jpg 2000w\" sizes=\"(max-width: 1024px) 100vw, 1024px\" \/><\/figure>\n<\/div>","protected":false},"excerpt":{"rendered":"<p>Kit para furgonetas camper: comodidad y funcionalidad La camperizaci\u00f3n no es solo una tendencia: es una forma de vida. Para quienes eligen viajar en libertad, dormir bajo las estrellas y despertar frente al mar o en medio del bosque, contar con un buen kit para furgonetas camper es apenas el comienzo. La verdadera transformaci\u00f3n ocurre&hellip;&nbsp;<a href=\"https:\/\/m2camper.com\/de\/das-beste-zubehor-zur-erganzung-ihrer-wohnmobil-ausrustung-das-ihr-erlebnis-auf-die-nachste-stufe-hebt\/\" rel=\"bookmark\">Mehr lesen &quot;<span class=\"screen-reader-text\">Das beste Zubeh\u00f6r zur Erg\u00e4nzung Ihrer Wohnmobil-Ausr\u00fcstung, das Ihr Erlebnis auf die n\u00e4chste Stufe hebt.<\/span><\/a><\/p>","protected":false},"author":5741,"featured_media":13607,"comment_status":"closed","ping_status":"closed","sticky":false,"template":"","format":"standard","meta":{"neve_meta_sidebar":"","neve_meta_container":"","neve_meta_enable_content_width":"","neve_meta_content_width":0,"neve_meta_title_alignment":"","neve_meta_author_avatar":"","neve_post_elements_order":"","neve_meta_disable_header":"","neve_meta_disable_footer":"","neve_meta_disable_title":"","footnotes":""},"categories":[204],"tags":[205],"class_list":["post-13496","post","type-post","status-publish","format-standard","has-post-thumbnail","hentry","category-kit-para-furgonetas-camper","tag-kit-para-furgonetas-camper"],"yoast_head":"<!-- This site is optimized with the Yoast SEO plugin v27.4 - https:\/\/yoast.com\/product\/yoast-seo-wordpress\/ -->\n<title>Los mejores accesorios para complementar tu kit para furgonetas camper y llevar tu experiencia al siguiente nivel - M2 Camper | Aislantes t\u00e9rmicos y oscurecedores para campers<\/title>\n<meta name=\"robots\" content=\"index, follow, max-snippet:-1, max-image-preview:large, max-video-preview:-1\" \/>\n<link rel=\"canonical\" href=\"https:\/\/m2camper.com\/de\/das-beste-zubehor-zur-erganzung-ihrer-wohnmobil-ausrustung-das-ihr-erlebnis-auf-die-nachste-stufe-hebt\/\" \/>\n<meta property=\"og:locale\" content=\"de_DE\" \/>\n<meta property=\"og:type\" content=\"article\" \/>\n<meta property=\"og:title\" content=\"Los mejores accesorios para complementar tu kit para furgonetas camper y llevar tu experiencia al siguiente nivel - M2 Camper | Aislantes t\u00e9rmicos y oscurecedores para campers\" \/>\n<meta property=\"og:description\" content=\"Kit para furgonetas camper: comodidad y funcionalidad La camperizaci\u00f3n no es solo una tendencia: es una forma de vida. Para quienes eligen viajar en libertad, dormir bajo las estrellas y despertar frente al mar o en medio del bosque, contar con un buen kit para furgonetas camper es apenas el comienzo. La verdadera transformaci\u00f3n ocurre&hellip;&nbsp;Weiterlesen &raquo;Los mejores accesorios para complementar tu kit para furgonetas camper y llevar tu experiencia al siguiente nivel\" \/>\n<meta property=\"og:url\" content=\"https:\/\/m2camper.com\/de\/das-beste-zubehor-zur-erganzung-ihrer-wohnmobil-ausrustung-das-ihr-erlebnis-auf-die-nachste-stufe-hebt\/\" \/>\n<meta property=\"og:site_name\" content=\"M2 Camper | Aislantes t\u00e9rmicos y oscurecedores para campers\" \/>\n<meta property=\"article:published_time\" content=\"2025-04-29T07:09:12+00:00\" \/>\n<meta property=\"article:modified_time\" content=\"2025-05-15T07:41:13+00:00\" \/>\n<meta property=\"og:image\" content=\"https:\/\/m2camper.com\/wp-content\/uploads\/2025\/04\/aislantes-para-camper.jpg\" \/>\n\t<meta property=\"og:image:width\" content=\"2000\" \/>\n\t<meta property=\"og:image:height\" content=\"1414\" \/>\n\t<meta property=\"og:image:type\" content=\"image\/jpeg\" \/>\n<meta name=\"author\" content=\"Prubs214s\" \/>\n<meta name=\"twitter:card\" content=\"summary_large_image\" \/>\n<meta name=\"twitter:label1\" content=\"Verfasst von\" \/>\n\t<meta name=\"twitter:data1\" content=\"Prubs214s\" \/>\n\t<meta name=\"twitter:label2\" content=\"Gesch\u00e4tzte Lesezeit\" \/>\n\t<meta name=\"twitter:data2\" content=\"5\u00a0Minuten\" \/>\n<script type=\"application\/ld+json\" class=\"yoast-schema-graph\">{\"@context\":\"https:\\\/\\\/schema.org\",\"@graph\":[{\"@type\":\"Article\",\"@id\":\"https:\\\/\\\/m2camper.com\\\/los-mejores-accesorios-para-complementar-tu-kit-para-furgonetas-camper-y-llevar-tu-experiencia-al-siguiente-nivel\\\/#article\",\"isPartOf\":{\"@id\":\"https:\\\/\\\/m2camper.com\\\/los-mejores-accesorios-para-complementar-tu-kit-para-furgonetas-camper-y-llevar-tu-experiencia-al-siguiente-nivel\\\/\"},\"author\":{\"name\":\"Prubs214s\",\"@id\":\"https:\\\/\\\/m2camper.com\\\/pt\\\/#\\\/schema\\\/person\\\/ad1e681f60b2e23c9b88a93e6d3feab3\"},\"headline\":\"Los mejores accesorios para complementar tu kit para furgonetas camper y llevar tu experiencia al siguiente nivel\",\"datePublished\":\"2025-04-29T07:09:12+00:00\",\"dateModified\":\"2025-05-15T07:41:13+00:00\",\"mainEntityOfPage\":{\"@id\":\"https:\\\/\\\/m2camper.com\\\/los-mejores-accesorios-para-complementar-tu-kit-para-furgonetas-camper-y-llevar-tu-experiencia-al-siguiente-nivel\\\/\"},\"wordCount\":941,\"image\":{\"@id\":\"https:\\\/\\\/m2camper.com\\\/los-mejores-accesorios-para-complementar-tu-kit-para-furgonetas-camper-y-llevar-tu-experiencia-al-siguiente-nivel\\\/#primaryimage\"},\"thumbnailUrl\":\"https:\\\/\\\/m2camper.com\\\/wp-content\\\/uploads\\\/2025\\\/04\\\/aislantes-para-camper.jpg\",\"keywords\":[\"kit para furgonetas camper\"],\"articleSection\":[\"kit para furgonetas camper\"],\"inLanguage\":\"de\"},{\"@type\":\"WebPage\",\"@id\":\"https:\\\/\\\/m2camper.com\\\/los-mejores-accesorios-para-complementar-tu-kit-para-furgonetas-camper-y-llevar-tu-experiencia-al-siguiente-nivel\\\/\",\"url\":\"https:\\\/\\\/m2camper.com\\\/los-mejores-accesorios-para-complementar-tu-kit-para-furgonetas-camper-y-llevar-tu-experiencia-al-siguiente-nivel\\\/\",\"name\":\"Los mejores accesorios para complementar tu kit para furgonetas camper y llevar tu experiencia al siguiente nivel - M2 Camper | Aislantes t\u00e9rmicos y oscurecedores para campers\",\"isPartOf\":{\"@id\":\"https:\\\/\\\/m2camper.com\\\/pt\\\/#website\"},\"primaryImageOfPage\":{\"@id\":\"https:\\\/\\\/m2camper.com\\\/los-mejores-accesorios-para-complementar-tu-kit-para-furgonetas-camper-y-llevar-tu-experiencia-al-siguiente-nivel\\\/#primaryimage\"},\"image\":{\"@id\":\"https:\\\/\\\/m2camper.com\\\/los-mejores-accesorios-para-complementar-tu-kit-para-furgonetas-camper-y-llevar-tu-experiencia-al-siguiente-nivel\\\/#primaryimage\"},\"thumbnailUrl\":\"https:\\\/\\\/m2camper.com\\\/wp-content\\\/uploads\\\/2025\\\/04\\\/aislantes-para-camper.jpg\",\"datePublished\":\"2025-04-29T07:09:12+00:00\",\"dateModified\":\"2025-05-15T07:41:13+00:00\",\"author\":{\"@id\":\"https:\\\/\\\/m2camper.com\\\/pt\\\/#\\\/schema\\\/person\\\/ad1e681f60b2e23c9b88a93e6d3feab3\"},\"breadcrumb\":{\"@id\":\"https:\\\/\\\/m2camper.com\\\/los-mejores-accesorios-para-complementar-tu-kit-para-furgonetas-camper-y-llevar-tu-experiencia-al-siguiente-nivel\\\/#breadcrumb\"},\"inLanguage\":\"de\",\"potentialAction\":[{\"@type\":\"ReadAction\",\"target\":[\"https:\\\/\\\/m2camper.com\\\/los-mejores-accesorios-para-complementar-tu-kit-para-furgonetas-camper-y-llevar-tu-experiencia-al-siguiente-nivel\\\/\"]}]},{\"@type\":\"ImageObject\",\"inLanguage\":\"de\",\"@id\":\"https:\\\/\\\/m2camper.com\\\/los-mejores-accesorios-para-complementar-tu-kit-para-furgonetas-camper-y-llevar-tu-experiencia-al-siguiente-nivel\\\/#primaryimage\",\"url\":\"https:\\\/\\\/m2camper.com\\\/wp-content\\\/uploads\\\/2025\\\/04\\\/aislantes-para-camper.jpg\",\"contentUrl\":\"https:\\\/\\\/m2camper.com\\\/wp-content\\\/uploads\\\/2025\\\/04\\\/aislantes-para-camper.jpg\",\"width\":2000,\"height\":1414},{\"@type\":\"BreadcrumbList\",\"@id\":\"https:\\\/\\\/m2camper.com\\\/los-mejores-accesorios-para-complementar-tu-kit-para-furgonetas-camper-y-llevar-tu-experiencia-al-siguiente-nivel\\\/#breadcrumb\",\"itemListElement\":[{\"@type\":\"ListItem\",\"position\":1,\"name\":\"Portada\",\"item\":\"https:\\\/\\\/m2camper.com\\\/pt\\\/\"},{\"@type\":\"ListItem\",\"position\":2,\"name\":\"Los mejores accesorios para complementar tu kit para furgonetas camper y llevar tu experiencia al siguiente nivel\"}]},{\"@type\":\"WebSite\",\"@id\":\"https:\\\/\\\/m2camper.com\\\/pt\\\/#website\",\"url\":\"https:\\\/\\\/m2camper.com\\\/pt\\\/\",\"name\":\"M2 Campers | Aislantes t\u00e9rmicos y oscurecedores para campers\",\"description\":\"Descubre calidad y confort de nuestros aislantes t\u00e9rmicos oscurecedores y colchones para veh\u00edculos. Optimiza tu experiencia en carretera con M2 Camper.\",\"potentialAction\":[{\"@type\":\"SearchAction\",\"target\":{\"@type\":\"EntryPoint\",\"urlTemplate\":\"https:\\\/\\\/m2camper.com\\\/pt\\\/?s={search_term_string}\"},\"query-input\":{\"@type\":\"PropertyValueSpecification\",\"valueRequired\":true,\"valueName\":\"search_term_string\"}}],\"inLanguage\":\"de\"},{\"@type\":\"Person\",\"@id\":\"https:\\\/\\\/m2camper.com\\\/pt\\\/#\\\/schema\\\/person\\\/ad1e681f60b2e23c9b88a93e6d3feab3\",\"name\":\"Prubs214s\",\"image\":{\"@type\":\"ImageObject\",\"inLanguage\":\"de\",\"@id\":\"https:\\\/\\\/secure.gravatar.com\\\/avatar\\\/74706914812c3b473b95a5253410b33d71c50bf5f0d5423532bc0afa617d4316?s=96&d=mm&r=g\",\"url\":\"https:\\\/\\\/secure.gravatar.com\\\/avatar\\\/74706914812c3b473b95a5253410b33d71c50bf5f0d5423532bc0afa617d4316?s=96&d=mm&r=g\",\"contentUrl\":\"https:\\\/\\\/secure.gravatar.com\\\/avatar\\\/74706914812c3b473b95a5253410b33d71c50bf5f0d5423532bc0afa617d4316?s=96&d=mm&r=g\",\"caption\":\"Prubs214s\"},\"url\":\"https:\\\/\\\/m2camper.com\\\/de\\\/author\\\/prubs214s\\\/\"}]}<\/script>\n<!-- \/ Yoast SEO plugin. -->","yoast_head_json":{"title":"Das beste Zubeh\u00f6r zur Erg\u00e4nzung Ihrer Wohnmobil-Ausr\u00fcstung, um Ihr Erlebnis auf die n\u00e4chste Stufe zu heben \u2013 M2 Camper | W\u00e4rmed\u00e4mmung und Verdunkelung f\u00fcr Camper","robots":{"index":"index","follow":"follow","max-snippet":"max-snippet:-1","max-image-preview":"max-image-preview:large","max-video-preview":"max-video-preview:-1"},"canonical":"https:\/\/m2camper.com\/de\/das-beste-zubehor-zur-erganzung-ihrer-wohnmobil-ausrustung-das-ihr-erlebnis-auf-die-nachste-stufe-hebt\/","og_locale":"de_DE","og_type":"article","og_title":"Los mejores accesorios para complementar tu kit para furgonetas camper y llevar tu experiencia al siguiente nivel - M2 Camper | Aislantes t\u00e9rmicos y oscurecedores para campers","og_description":"Kit para furgonetas camper: comodidad y funcionalidad La camperizaci\u00f3n no es solo una tendencia: es una forma de vida. Para quienes eligen viajar en libertad, dormir bajo las estrellas y despertar frente al mar o en medio del bosque, contar con un buen kit para furgonetas camper es apenas el comienzo. La verdadera transformaci\u00f3n ocurre&hellip;&nbsp;Weiterlesen &raquo;Los mejores accesorios para complementar tu kit para furgonetas camper y llevar tu experiencia al siguiente nivel","og_url":"https:\/\/m2camper.com\/de\/das-beste-zubehor-zur-erganzung-ihrer-wohnmobil-ausrustung-das-ihr-erlebnis-auf-die-nachste-stufe-hebt\/","og_site_name":"M2 Camper | Aislantes t\u00e9rmicos y oscurecedores para campers","article_published_time":"2025-04-29T07:09:12+00:00","article_modified_time":"2025-05-15T07:41:13+00:00","og_image":[{"width":2000,"height":1414,"url":"https:\/\/m2camper.com\/wp-content\/uploads\/2025\/04\/aislantes-para-camper.jpg","type":"image\/jpeg"}],"author":"Prubs214s","twitter_card":"summary_large_image","twitter_misc":{"Verfasst von":"Prubs214s","Gesch\u00e4tzte Lesezeit":"5\u00a0Minuten"},"schema":{"@context":"https:\/\/schema.org","@graph":[{"@type":"Article","@id":"https:\/\/m2camper.com\/los-mejores-accesorios-para-complementar-tu-kit-para-furgonetas-camper-y-llevar-tu-experiencia-al-siguiente-nivel\/#article","isPartOf":{"@id":"https:\/\/m2camper.com\/los-mejores-accesorios-para-complementar-tu-kit-para-furgonetas-camper-y-llevar-tu-experiencia-al-siguiente-nivel\/"},"author":{"name":"Prubs214s","@id":"https:\/\/m2camper.com\/pt\/#\/schema\/person\/ad1e681f60b2e23c9b88a93e6d3feab3"},"headline":"Los mejores accesorios para complementar tu kit para furgonetas camper y llevar tu experiencia al siguiente nivel","datePublished":"2025-04-29T07:09:12+00:00","dateModified":"2025-05-15T07:41:13+00:00","mainEntityOfPage":{"@id":"https:\/\/m2camper.com\/los-mejores-accesorios-para-complementar-tu-kit-para-furgonetas-camper-y-llevar-tu-experiencia-al-siguiente-nivel\/"},"wordCount":941,"image":{"@id":"https:\/\/m2camper.com\/los-mejores-accesorios-para-complementar-tu-kit-para-furgonetas-camper-y-llevar-tu-experiencia-al-siguiente-nivel\/#primaryimage"},"thumbnailUrl":"https:\/\/m2camper.com\/wp-content\/uploads\/2025\/04\/aislantes-para-camper.jpg","keywords":["kit para furgonetas camper"],"articleSection":["kit para furgonetas camper"],"inLanguage":"de"},{"@type":"WebPage","@id":"https:\/\/m2camper.com\/los-mejores-accesorios-para-complementar-tu-kit-para-furgonetas-camper-y-llevar-tu-experiencia-al-siguiente-nivel\/","url":"https:\/\/m2camper.com\/los-mejores-accesorios-para-complementar-tu-kit-para-furgonetas-camper-y-llevar-tu-experiencia-al-siguiente-nivel\/","name":"Das beste Zubeh\u00f6r zur Erg\u00e4nzung Ihrer Wohnmobil-Ausr\u00fcstung, um Ihr Erlebnis auf die n\u00e4chste Stufe zu heben \u2013 M2 Camper | W\u00e4rmed\u00e4mmung und Verdunkelung f\u00fcr Camper","isPartOf":{"@id":"https:\/\/m2camper.com\/pt\/#website"},"primaryImageOfPage":{"@id":"https:\/\/m2camper.com\/los-mejores-accesorios-para-complementar-tu-kit-para-furgonetas-camper-y-llevar-tu-experiencia-al-siguiente-nivel\/#primaryimage"},"image":{"@id":"https:\/\/m2camper.com\/los-mejores-accesorios-para-complementar-tu-kit-para-furgonetas-camper-y-llevar-tu-experiencia-al-siguiente-nivel\/#primaryimage"},"thumbnailUrl":"https:\/\/m2camper.com\/wp-content\/uploads\/2025\/04\/aislantes-para-camper.jpg","datePublished":"2025-04-29T07:09:12+00:00","dateModified":"2025-05-15T07:41:13+00:00","author":{"@id":"https:\/\/m2camper.com\/pt\/#\/schema\/person\/ad1e681f60b2e23c9b88a93e6d3feab3"},"breadcrumb":{"@id":"https:\/\/m2camper.com\/los-mejores-accesorios-para-complementar-tu-kit-para-furgonetas-camper-y-llevar-tu-experiencia-al-siguiente-nivel\/#breadcrumb"},"inLanguage":"de","potentialAction":[{"@type":"ReadAction","target":["https:\/\/m2camper.com\/los-mejores-accesorios-para-complementar-tu-kit-para-furgonetas-camper-y-llevar-tu-experiencia-al-siguiente-nivel\/"]}]},{"@type":"ImageObject","inLanguage":"de","@id":"https:\/\/m2camper.com\/los-mejores-accesorios-para-complementar-tu-kit-para-furgonetas-camper-y-llevar-tu-experiencia-al-siguiente-nivel\/#primaryimage","url":"https:\/\/m2camper.com\/wp-content\/uploads\/2025\/04\/aislantes-para-camper.jpg","contentUrl":"https:\/\/m2camper.com\/wp-content\/uploads\/2025\/04\/aislantes-para-camper.jpg","width":2000,"height":1414},{"@type":"BreadcrumbList","@id":"https:\/\/m2camper.com\/los-mejores-accesorios-para-complementar-tu-kit-para-furgonetas-camper-y-llevar-tu-experiencia-al-siguiente-nivel\/#breadcrumb","itemListElement":[{"@type":"ListItem","position":1,"name":"Portada","item":"https:\/\/m2camper.com\/pt\/"},{"@type":"ListItem","position":2,"name":"Los mejores accesorios para complementar tu kit para furgonetas camper y llevar tu experiencia al siguiente nivel"}]},{"@type":"WebSite","@id":"https:\/\/m2camper.com\/pt\/#website","url":"https:\/\/m2camper.com\/pt\/","name":"M2 Wohnmobile | W\u00e4rmed\u00e4mmung und Verdunkelung f\u00fcr Camper","description":"Entdecken Sie die Qualit\u00e4t und den Komfort unserer w\u00e4rmeisolierenden Verdunkelungen und Matratzen f\u00fcr Fahrzeuge. Optimieren Sie Ihren Aufenthalt auf der Stra\u00dfe mit M2 Camper.","potentialAction":[{"@type":"SearchAction","target":{"@type":"EntryPoint","urlTemplate":"https:\/\/m2camper.com\/pt\/?s={search_term_string}"},"query-input":{"@type":"PropertyValueSpecification","valueRequired":true,"valueName":"search_term_string"}}],"inLanguage":"de"},{"@type":"Person","@id":"https:\/\/m2camper.com\/pt\/#\/schema\/person\/ad1e681f60b2e23c9b88a93e6d3feab3","name":"Prubs214s","image":{"@type":"ImageObject","inLanguage":"de","@id":"https:\/\/secure.gravatar.com\/avatar\/74706914812c3b473b95a5253410b33d71c50bf5f0d5423532bc0afa617d4316?s=96&d=mm&r=g","url":"https:\/\/secure.gravatar.com\/avatar\/74706914812c3b473b95a5253410b33d71c50bf5f0d5423532bc0afa617d4316?s=96&d=mm&r=g","contentUrl":"https:\/\/secure.gravatar.com\/avatar\/74706914812c3b473b95a5253410b33d71c50bf5f0d5423532bc0afa617d4316?s=96&d=mm&r=g","caption":"Prubs214s"},"url":"https:\/\/m2camper.com\/de\/author\/prubs214s\/"}]}},"_links":{"self":[{"href":"https:\/\/m2camper.com\/de\/wp-json\/wp\/v2\/posts\/13496","targetHints":{"allow":["GET"]}}],"collection":[{"href":"https:\/\/m2camper.com\/de\/wp-json\/wp\/v2\/posts"}],"about":[{"href":"https:\/\/m2camper.com\/de\/wp-json\/wp\/v2\/types\/post"}],"author":[{"embeddable":true,"href":"https:\/\/m2camper.com\/de\/wp-json\/wp\/v2\/users\/5741"}],"replies":[{"embeddable":true,"href":"https:\/\/m2camper.com\/de\/wp-json\/wp\/v2\/comments?post=13496"}],"version-history":[{"count":7,"href":"https:\/\/m2camper.com\/de\/wp-json\/wp\/v2\/posts\/13496\/revisions"}],"predecessor-version":[{"id":13632,"href":"https:\/\/m2camper.com\/de\/wp-json\/wp\/v2\/posts\/13496\/revisions\/13632"}],"wp:featuredmedia":[{"embeddable":true,"href":"https:\/\/m2camper.com\/de\/wp-json\/wp\/v2\/media\/13607"}],"wp:attachment":[{"href":"https:\/\/m2camper.com\/de\/wp-json\/wp\/v2\/media?parent=13496"}],"wp:term":[{"taxonomy":"category","embeddable":true,"href":"https:\/\/m2camper.com\/de\/wp-json\/wp\/v2\/categories?post=13496"},{"taxonomy":"post_tag","embeddable":true,"href":"https:\/\/m2camper.com\/de\/wp-json\/wp\/v2\/tags?post=13496"}],"curies":[{"name":"wp","href":"https:\/\/api.w.org\/{rel}","templated":true}]}}