{"id":11570,"date":"2024-05-12T11:33:27","date_gmt":"2024-05-12T11:33:27","guid":{"rendered":"https:\/\/ultbit.com\/m2camper\/?p=11570"},"modified":"2025-02-06T12:02:16","modified_gmt":"2025-02-06T12:02:16","slug":"maximieren-sie-ihren-platz-masgefertigte-matratzen-verwandeln-ihren-camper","status":"publish","type":"post","link":"https:\/\/m2camper.com\/de\/maximieren-sie-ihren-platz-masgefertigte-matratzen-verwandeln-ihren-camper\/","title":{"rendered":"Maximieren Sie Ihren Platz: Ma\u00dfgefertigte Matratzen verwandeln Ihren Camper"},"content":{"rendered":"<div data-breakout=\"normal\">\n<p id=\"viewer-foo\" class=\"cqfST cQRuq WGebp jTM--\" dir=\"auto\"><span class=\"_61ACD\">In der Welt der Wohnmobile ist jeder Zentimeter Ihres Fahrzeugs wertvoll. Ein Fahrzeug so umzubauen, dass es sowohl als Fortbewegungsmittel als auch als komfortables Zuhause auf Zeit genutzt werden kann, ist eine Kunst, die Einfallsreichtum erfordert, insbesondere was die Raumaufteilung betrifft. Ma\u00dfgefertigte Matratzen sind nicht nur ein wichtiger Bestandteil des Komfort-Puzzles, sondern auch f\u00fcr eine intelligente Raumaufteilung im Innenraum Ihres Wohnmobils unerl\u00e4sslich.<\/span><\/p>\n<\/div>\n<div data-breakout=\"normal\">\n<p id=\"viewer-cjtn749\" class=\"cqfST cQRuq WGebp jTM--\" dir=\"auto\"><span class=\"_61ACD\"><strong>Den Innenraum intelligent neu gestalten<\/strong><\/span><\/p>\n<\/div>\n<div data-breakout=\"normal\">\n<p id=\"viewer-l0liz51\" class=\"cqfST cQRuq WGebp jTM--\" dir=\"auto\"><span class=\"_61ACD\">Ma\u00dfgefertigte Matratzen bieten nicht nur in puncto Komfort, sondern auch hinsichtlich der Platzoptimierung eine innovative L\u00f6sung. Bei M2 Camper entwerfen wir Matratzen, die zu den individuellen Ma\u00dfen jedes Campers passen, wodurch Platzverschwendung vermieden wird und jeder Zentimeter z\u00e4hlt. Dies er\u00f6ffnet neue M\u00f6glichkeiten f\u00fcr Stauraum, Wohnbereiche und mehr und verwandelt Ihr Fahrzeug in einen funktionaleren und besser organisierten Raum.<\/span><\/p>\n<\/div>\n<div data-breakout=\"normal\">\n<div id=\"viewer-2djm91480\" class=\"KqKMh\">\n<div class=\"_7T4Uc SkJEB\">\n<figure class=\"P29V1\">\n<div class=\"CuIEU\" tabindex=\"0\" role=\"button\" data-hook=\"imageViewer\" aria-haspopup=\"true\">\n<div id=\"2djm91480\" class=\"KfAFF ApRDe _84uzj\"><img decoding=\"async\" class=\"aligncenter\" draggable=\"false\" src=\"https:\/\/static.wixstatic.com\/media\/60c9aa_34bae4643e154cb5a6b16f920794c861~mv2.jpg\/v1\/fill\/w_350,h_263,al_c,q_80,usm_0.66_1.00_0.01,enc_auto\/60c9aa_34bae4643e154cb5a6b16f920794c861~mv2.jpg\" alt=\"Maximieren Sie Ihren Platz mit ma\u00dfgeschneiderten Matratzen\" data-pin-url=\"https:\/\/m2camper.com\/post\/maximiza-tu-espacio-los-colchones-a-medida-transforman-tu-camper\" data-pin-media=\"https:\/\/static.wixstatic.com\/media\/60c9aa_34bae4643e154cb5a6b16f920794c861~mv2.jpg\/v1\/fill\/w_2048,h_1536,al_c,q_90\/60c9aa_34bae4643e154cb5a6b16f920794c861~mv2.jpg\" data-ssr-src-done=\"true\" data-load-done=\"\" \/><\/div>\n<\/div>\n<\/figure>\n<\/div>\n<\/div>\n<\/div>\n<div data-breakout=\"normal\">\n<p id=\"viewer-m3jib53\" class=\"cqfST cQRuq WGebp jTM--\" dir=\"auto\"><span class=\"_61ACD\"><strong>Erweiterte Funktionalit\u00e4t \u00fcber Rest hinaus<\/strong><\/span><\/p>\n<\/div>\n<div data-breakout=\"normal\">\n<p id=\"viewer-r8mcv55\" class=\"cqfST cQRuq WGebp jTM--\" dir=\"auto\"><span class=\"_61ACD\">Eine ma\u00dfgefertigte Matratze muss nicht nur ein Platz zum Ausruhen sein. Mit dem richtigen Design kann es als integraler Bestandteil Ihrer Wohn- und Reiseeinrichtung fungieren. Stellen Sie sich eine Matratze vor, die sich tags\u00fcber in ein Sofa verwandeln l\u00e4sst oder unter der sich versteckte Stauf\u00e4cher befinden. Diese Art der Doppelfunktionalit\u00e4t spart nicht nur Platz, sondern maximiert auch den Nutzen jedes Bereichs Ihres Wohnmobils.<\/span><\/p>\n<\/div>\n<div data-breakout=\"normal\">\n<p id=\"viewer-2nuis57\" class=\"cqfST cQRuq WGebp jTM--\" dir=\"auto\"><span class=\"_61ACD\"><strong>\u00c4sthetik und Komfort im Einklang<\/strong><\/span><\/p>\n<\/div>\n<div data-breakout=\"normal\">\n<p id=\"viewer-r7rd859\" class=\"cqfST cQRuq WGebp jTM--\" dir=\"auto\"><span class=\"_61ACD\">Ma\u00dfgefertigte Matratzen sind nicht nur praktisch, sondern k\u00f6nnen auch zur Gesamt\u00e4sthetik des Innenraums Ihres Wohnmobils beitragen. Indem Sie Materialien und Designs ausw\u00e4hlen, die zum Rest Ihrer Einrichtung passen, k\u00f6nnen Sie eine Umgebung schaffen, die Ihren pers\u00f6nlichen Stil widerspiegelt und das Gef\u00fchl von Zuhause auch unterwegs verst\u00e4rkt.<\/span><\/p>\n<\/div>\n<div data-breakout=\"normal\">\n<p id=\"viewer-k5t7l61\" class=\"cqfST cQRuq WGebp jTM--\" dir=\"auto\"><span class=\"_61ACD\"><strong>Gesundheit und Ergonomie im Stra\u00dfenverkehr<\/strong><\/span><\/p>\n<\/div>\n<div data-breakout=\"normal\">\n<p id=\"viewer-ipt1c63\" class=\"cqfST cQRuq WGebp jTM--\" dir=\"auto\"><span class=\"_61ACD\">Die Bedeutung einer erholsamen Nachtruhe kann nicht untersch\u00e4tzt werden, insbesondere wenn Sie unterwegs sind. Eine schlecht sitzende Matratze kann zu schlechtem Schlaf f\u00fchren und Ihre Gesundheit und Energie beeintr\u00e4chtigen. Ma\u00dfgefertigte Matratzen, die ergonomisch gestaltet und von der Schlafwissenschaft unterst\u00fctzt werden, k\u00f6nnen R\u00fcckenproblemen vorbeugen und die Schlafqualit\u00e4t verbessern. So wachen Sie jeden Tag erfrischt und bereit f\u00fcr neue Abenteuer auf.<\/span><\/p>\n<\/div>\n<div data-breakout=\"normal\">\n<p id=\"viewer-2dteh65\" class=\"cqfST cQRuq WGebp jTM--\" dir=\"auto\"><span class=\"_61ACD\"><strong>Langfristige Investition in Ihren Lebensstil<\/strong><\/span><\/p>\n<\/div>\n<div data-breakout=\"normal\">\n<p id=\"viewer-fras467\" class=\"cqfST cQRuq WGebp jTM--\" dir=\"auto\"><span class=\"_61ACD\">Die Wahl einer ma\u00dfgeschneiderten Matratze f\u00fcr Ihr Wohnmobil ist mehr als nur ein Kauf; Es ist eine Investition in Ihren Lebensstil und Ihre Abenteuer. Durch die Wahl eines individuellen Designs, das auf Ihre speziellen Bed\u00fcrfnisse zugeschnitten ist, sichern Sie sich eine langlebige L\u00f6sung, die Sie auf vielen Reisen begleitet und Ihnen Komfort und Bequemlichkeit bietet, wohin auch immer die Stra\u00dfe Sie f\u00fchrt.<\/span><\/p>\n<\/div>\n<div data-breakout=\"normal\">\n<p id=\"viewer-xf0v369\" class=\"cqfST cQRuq WGebp jTM--\" dir=\"auto\"><span class=\"_61ACD\">Wir bei M2 Camper glauben, dass eine ma\u00dfgefertigte Matratze viel mehr ist als nur ein Platz zum Schlafen. Es ist ein zentrales Element bei der Umwandlung Ihres Fahrzeugs in ein funktionales, komfortables und \u00e4sthetisch ansprechendes Zuhause auf R\u00e4dern. Indem Sie die Nutzung dieses wichtigen Raums neu erfinden, verbessern Sie nicht nur Ihr Reiseerlebnis, sondern maximieren auch das Potenzial Ihres Wohnmobils. Machen Sie sich bereit, neu zu entdecken, was es bedeutet, bequem und stilvoll zu reisen.<\/span><\/p>\n<\/div>\n<div data-breakout=\"normal\">\n<p id=\"viewer-qjl8y1580\" class=\"cqfST cQRuq WGebp jTM--\" dir=\"auto\"><span class=\"_61ACD\"><em>Maximieren Sie Ihren Platz mit ma\u00dfgeschneiderten Matratzen<\/em><\/span><\/p>\n<\/div>\n<div data-breakout=\"normal\">\n<div id=\"viewer-x5h9e1279\" class=\"KqKMh\">\n<div class=\"_7T4Uc SkJEB\">\n<figure class=\"P29V1\">\n<div class=\"CuIEU\" tabindex=\"0\" role=\"button\" data-hook=\"imageViewer\" aria-haspopup=\"true\">\n<div id=\"x5h9e1279\" class=\"KfAFF ApRDe _84uzj\"><img decoding=\"async\" class=\"aligncenter\" draggable=\"false\" src=\"https:\/\/static.wixstatic.com\/media\/60c9aa_a1dc04875e6b46ebb33c7a6c66a4ae76~mv2.jpg\/v1\/fill\/w_350,h_263,al_c,q_80,usm_0.66_1.00_0.01,enc_auto\/60c9aa_a1dc04875e6b46ebb33c7a6c66a4ae76~mv2.jpg\" alt=\"Maximieren Sie Ihren Platz mit ma\u00dfgeschneiderten Matratzen\" data-pin-url=\"https:\/\/m2camper.com\/post\/maximiza-tu-espacio-los-colchones-a-medida-transforman-tu-camper\" data-pin-media=\"https:\/\/static.wixstatic.com\/media\/60c9aa_a1dc04875e6b46ebb33c7a6c66a4ae76~mv2.jpg\/v1\/fill\/w_2048,h_1536,al_c,q_90\/60c9aa_a1dc04875e6b46ebb33c7a6c66a4ae76~mv2.jpg\" data-ssr-src-done=\"true\" data-load-done=\"\" \/><\/div>\n<\/div>\n<\/figure>\n<\/div>\n<\/div>\n<\/div>","protected":false},"excerpt":{"rendered":"<p>En el mundo del camper, cada cent\u00edmetro de tu veh\u00edculo es precioso. Adaptar un veh\u00edculo para que sea tanto un medio de transporte como un c\u00f3modo hogar temporal es un arte que requiere ingenio, especialmente cuando se trata de la distribuci\u00f3n del espacio. Los colchones a medida no solo son una pieza clave en el&hellip;&nbsp;<a href=\"https:\/\/m2camper.com\/de\/maximieren-sie-ihren-platz-masgefertigte-matratzen-verwandeln-ihren-camper\/\" rel=\"bookmark\">Mehr lesen &quot;<span class=\"screen-reader-text\">Maximieren Sie Ihren Platz: Ma\u00dfgefertigte Matratzen verwandeln Ihren Camper<\/span><\/a><\/p>","protected":false},"author":5740,"featured_media":11571,"comment_status":"open","ping_status":"open","sticky":false,"template":"","format":"standard","meta":{"neve_meta_sidebar":"","neve_meta_container":"","neve_meta_enable_content_width":"off","neve_meta_content_width":70,"neve_meta_title_alignment":"","neve_meta_author_avatar":"","neve_post_elements_order":"","neve_meta_disable_header":"","neve_meta_disable_footer":"","neve_meta_disable_title":"","footnotes":""},"categories":[1],"tags":[],"class_list":["post-11570","post","type-post","status-publish","format-standard","has-post-thumbnail","hentry","category-uncategorized"],"yoast_head":"<!-- This site is optimized with the Yoast SEO plugin v27.4 - https:\/\/yoast.com\/product\/yoast-seo-wordpress\/ -->\n<title>Maximiza Tu Espacio: Los Colchones a Medida Transforman Tu Camper - M2 Camper | Aislantes t\u00e9rmicos y oscurecedores para campers<\/title>\n<meta name=\"robots\" content=\"index, follow, max-snippet:-1, max-image-preview:large, max-video-preview:-1\" \/>\n<link rel=\"canonical\" href=\"https:\/\/m2camper.com\/de\/maximieren-sie-ihren-platz-masgefertigte-matratzen-verwandeln-ihren-camper\/\" \/>\n<meta property=\"og:locale\" content=\"de_DE\" \/>\n<meta property=\"og:type\" content=\"article\" \/>\n<meta property=\"og:title\" content=\"Maximiza Tu Espacio: Los Colchones a Medida Transforman Tu Camper - M2 Camper | Aislantes t\u00e9rmicos y oscurecedores para campers\" \/>\n<meta property=\"og:description\" content=\"En el mundo del camper, cada cent\u00edmetro de tu veh\u00edculo es precioso. Adaptar un veh\u00edculo para que sea tanto un medio de transporte como un c\u00f3modo hogar temporal es un arte que requiere ingenio, especialmente cuando se trata de la distribuci\u00f3n del espacio. Los colchones a medida no solo son una pieza clave en el&hellip;&nbsp;Weiterlesen &raquo;Maximiza Tu Espacio: Los Colchones a Medida Transforman Tu Camper\" \/>\n<meta property=\"og:url\" content=\"https:\/\/m2camper.com\/de\/maximieren-sie-ihren-platz-masgefertigte-matratzen-verwandeln-ihren-camper\/\" \/>\n<meta property=\"og:site_name\" content=\"M2 Camper | Aislantes t\u00e9rmicos y oscurecedores para campers\" \/>\n<meta property=\"article:published_time\" content=\"2024-05-12T11:33:27+00:00\" \/>\n<meta property=\"article:modified_time\" content=\"2025-02-06T12:02:16+00:00\" \/>\n<meta property=\"og:image\" content=\"https:\/\/m2camper.com\/wp-content\/uploads\/2025\/02\/60c9aa_ed4c7456bc2048a29bcb737eed9d9e05mv2.webp\" \/>\n\t<meta property=\"og:image:width\" content=\"454\" \/>\n\t<meta property=\"og:image:height\" content=\"341\" \/>\n\t<meta property=\"og:image:type\" content=\"image\/webp\" \/>\n<meta name=\"author\" content=\"carlos\" \/>\n<meta name=\"twitter:card\" content=\"summary_large_image\" \/>\n<meta name=\"twitter:label1\" content=\"Verfasst von\" \/>\n\t<meta name=\"twitter:data1\" content=\"carlos\" \/>\n\t<meta name=\"twitter:label2\" content=\"Gesch\u00e4tzte Lesezeit\" \/>\n\t<meta name=\"twitter:data2\" content=\"3\u00a0Minuten\" \/>\n<script type=\"application\/ld+json\" class=\"yoast-schema-graph\">{\"@context\":\"https:\\\/\\\/schema.org\",\"@graph\":[{\"@type\":\"Article\",\"@id\":\"https:\\\/\\\/m2camper.com\\\/maximiza-tu-espacio-los-colchones-a-medida-transforman-tu-camper\\\/#article\",\"isPartOf\":{\"@id\":\"https:\\\/\\\/m2camper.com\\\/maximiza-tu-espacio-los-colchones-a-medida-transforman-tu-camper\\\/\"},\"author\":{\"name\":\"carlos\",\"@id\":\"https:\\\/\\\/m2camper.com\\\/pt\\\/#\\\/schema\\\/person\\\/d003f4147a0469cbf1c77ba1bebdb1bb\"},\"headline\":\"Maximiza Tu Espacio: Los Colchones a Medida Transforman Tu Camper\",\"datePublished\":\"2024-05-12T11:33:27+00:00\",\"dateModified\":\"2025-02-06T12:02:16+00:00\",\"mainEntityOfPage\":{\"@id\":\"https:\\\/\\\/m2camper.com\\\/maximiza-tu-espacio-los-colchones-a-medida-transforman-tu-camper\\\/\"},\"wordCount\":568,\"commentCount\":0,\"image\":{\"@id\":\"https:\\\/\\\/m2camper.com\\\/maximiza-tu-espacio-los-colchones-a-medida-transforman-tu-camper\\\/#primaryimage\"},\"thumbnailUrl\":\"https:\\\/\\\/m2camper.com\\\/wp-content\\\/uploads\\\/2025\\\/02\\\/60c9aa_ed4c7456bc2048a29bcb737eed9d9e05mv2.webp\",\"articleSection\":[\"Uncategorized\"],\"inLanguage\":\"de\",\"potentialAction\":[{\"@type\":\"CommentAction\",\"name\":\"Comment\",\"target\":[\"https:\\\/\\\/m2camper.com\\\/maximiza-tu-espacio-los-colchones-a-medida-transforman-tu-camper\\\/#respond\"]}]},{\"@type\":\"WebPage\",\"@id\":\"https:\\\/\\\/m2camper.com\\\/maximiza-tu-espacio-los-colchones-a-medida-transforman-tu-camper\\\/\",\"url\":\"https:\\\/\\\/m2camper.com\\\/maximiza-tu-espacio-los-colchones-a-medida-transforman-tu-camper\\\/\",\"name\":\"Maximiza Tu Espacio: Los Colchones a Medida Transforman Tu Camper - M2 Camper | Aislantes t\u00e9rmicos y oscurecedores para campers\",\"isPartOf\":{\"@id\":\"https:\\\/\\\/m2camper.com\\\/pt\\\/#website\"},\"primaryImageOfPage\":{\"@id\":\"https:\\\/\\\/m2camper.com\\\/maximiza-tu-espacio-los-colchones-a-medida-transforman-tu-camper\\\/#primaryimage\"},\"image\":{\"@id\":\"https:\\\/\\\/m2camper.com\\\/maximiza-tu-espacio-los-colchones-a-medida-transforman-tu-camper\\\/#primaryimage\"},\"thumbnailUrl\":\"https:\\\/\\\/m2camper.com\\\/wp-content\\\/uploads\\\/2025\\\/02\\\/60c9aa_ed4c7456bc2048a29bcb737eed9d9e05mv2.webp\",\"datePublished\":\"2024-05-12T11:33:27+00:00\",\"dateModified\":\"2025-02-06T12:02:16+00:00\",\"author\":{\"@id\":\"https:\\\/\\\/m2camper.com\\\/pt\\\/#\\\/schema\\\/person\\\/d003f4147a0469cbf1c77ba1bebdb1bb\"},\"breadcrumb\":{\"@id\":\"https:\\\/\\\/m2camper.com\\\/maximiza-tu-espacio-los-colchones-a-medida-transforman-tu-camper\\\/#breadcrumb\"},\"inLanguage\":\"de\",\"potentialAction\":[{\"@type\":\"ReadAction\",\"target\":[\"https:\\\/\\\/m2camper.com\\\/maximiza-tu-espacio-los-colchones-a-medida-transforman-tu-camper\\\/\"]}]},{\"@type\":\"ImageObject\",\"inLanguage\":\"de\",\"@id\":\"https:\\\/\\\/m2camper.com\\\/maximiza-tu-espacio-los-colchones-a-medida-transforman-tu-camper\\\/#primaryimage\",\"url\":\"https:\\\/\\\/m2camper.com\\\/wp-content\\\/uploads\\\/2025\\\/02\\\/60c9aa_ed4c7456bc2048a29bcb737eed9d9e05mv2.webp\",\"contentUrl\":\"https:\\\/\\\/m2camper.com\\\/wp-content\\\/uploads\\\/2025\\\/02\\\/60c9aa_ed4c7456bc2048a29bcb737eed9d9e05mv2.webp\",\"width\":454,\"height\":341},{\"@type\":\"BreadcrumbList\",\"@id\":\"https:\\\/\\\/m2camper.com\\\/maximiza-tu-espacio-los-colchones-a-medida-transforman-tu-camper\\\/#breadcrumb\",\"itemListElement\":[{\"@type\":\"ListItem\",\"position\":1,\"name\":\"Portada\",\"item\":\"https:\\\/\\\/m2camper.com\\\/pt\\\/\"},{\"@type\":\"ListItem\",\"position\":2,\"name\":\"Maximiza Tu Espacio: Los Colchones a Medida Transforman Tu Camper\"}]},{\"@type\":\"WebSite\",\"@id\":\"https:\\\/\\\/m2camper.com\\\/pt\\\/#website\",\"url\":\"https:\\\/\\\/m2camper.com\\\/pt\\\/\",\"name\":\"M2 Campers | Aislantes t\u00e9rmicos y oscurecedores para campers\",\"description\":\"Descubre calidad y confort de nuestros aislantes t\u00e9rmicos oscurecedores y colchones para veh\u00edculos. Optimiza tu experiencia en carretera con M2 Camper.\",\"potentialAction\":[{\"@type\":\"SearchAction\",\"target\":{\"@type\":\"EntryPoint\",\"urlTemplate\":\"https:\\\/\\\/m2camper.com\\\/pt\\\/?s={search_term_string}\"},\"query-input\":{\"@type\":\"PropertyValueSpecification\",\"valueRequired\":true,\"valueName\":\"search_term_string\"}}],\"inLanguage\":\"de\"},{\"@type\":\"Person\",\"@id\":\"https:\\\/\\\/m2camper.com\\\/pt\\\/#\\\/schema\\\/person\\\/d003f4147a0469cbf1c77ba1bebdb1bb\",\"name\":\"carlos\",\"image\":{\"@type\":\"ImageObject\",\"inLanguage\":\"de\",\"@id\":\"https:\\\/\\\/secure.gravatar.com\\\/avatar\\\/ab10b60551e807f6b37d54bb09e40bc41b08e3828d46504634ad6f35da1b46dc?s=96&d=mm&r=g\",\"url\":\"https:\\\/\\\/secure.gravatar.com\\\/avatar\\\/ab10b60551e807f6b37d54bb09e40bc41b08e3828d46504634ad6f35da1b46dc?s=96&d=mm&r=g\",\"contentUrl\":\"https:\\\/\\\/secure.gravatar.com\\\/avatar\\\/ab10b60551e807f6b37d54bb09e40bc41b08e3828d46504634ad6f35da1b46dc?s=96&d=mm&r=g\",\"caption\":\"carlos\"},\"url\":\"https:\\\/\\\/m2camper.com\\\/de\\\/author\\\/carlos\\\/\"}]}<\/script>\n<!-- \/ Yoast SEO plugin. -->","yoast_head_json":{"title":"Maximieren Sie Ihren Platz: Ma\u00dfgefertigte Matratzen verwandeln Ihren Camper \u2013 M2 Camper | W\u00e4rmed\u00e4mmung und Verdunkelung f\u00fcr Camper","robots":{"index":"index","follow":"follow","max-snippet":"max-snippet:-1","max-image-preview":"max-image-preview:large","max-video-preview":"max-video-preview:-1"},"canonical":"https:\/\/m2camper.com\/de\/maximieren-sie-ihren-platz-masgefertigte-matratzen-verwandeln-ihren-camper\/","og_locale":"de_DE","og_type":"article","og_title":"Maximiza Tu Espacio: Los Colchones a Medida Transforman Tu Camper - M2 Camper | Aislantes t\u00e9rmicos y oscurecedores para campers","og_description":"En el mundo del camper, cada cent\u00edmetro de tu veh\u00edculo es precioso. Adaptar un veh\u00edculo para que sea tanto un medio de transporte como un c\u00f3modo hogar temporal es un arte que requiere ingenio, especialmente cuando se trata de la distribuci\u00f3n del espacio. Los colchones a medida no solo son una pieza clave en el&hellip;&nbsp;Weiterlesen &raquo;Maximiza Tu Espacio: Los Colchones a Medida Transforman Tu Camper","og_url":"https:\/\/m2camper.com\/de\/maximieren-sie-ihren-platz-masgefertigte-matratzen-verwandeln-ihren-camper\/","og_site_name":"M2 Camper | Aislantes t\u00e9rmicos y oscurecedores para campers","article_published_time":"2024-05-12T11:33:27+00:00","article_modified_time":"2025-02-06T12:02:16+00:00","og_image":[{"width":454,"height":341,"url":"https:\/\/m2camper.com\/wp-content\/uploads\/2025\/02\/60c9aa_ed4c7456bc2048a29bcb737eed9d9e05mv2.webp","type":"image\/webp"}],"author":"carlos","twitter_card":"summary_large_image","twitter_misc":{"Verfasst von":"carlos","Gesch\u00e4tzte Lesezeit":"3\u00a0Minuten"},"schema":{"@context":"https:\/\/schema.org","@graph":[{"@type":"Article","@id":"https:\/\/m2camper.com\/maximiza-tu-espacio-los-colchones-a-medida-transforman-tu-camper\/#article","isPartOf":{"@id":"https:\/\/m2camper.com\/maximiza-tu-espacio-los-colchones-a-medida-transforman-tu-camper\/"},"author":{"name":"carlos","@id":"https:\/\/m2camper.com\/pt\/#\/schema\/person\/d003f4147a0469cbf1c77ba1bebdb1bb"},"headline":"Maximiza Tu Espacio: Los Colchones a Medida Transforman Tu Camper","datePublished":"2024-05-12T11:33:27+00:00","dateModified":"2025-02-06T12:02:16+00:00","mainEntityOfPage":{"@id":"https:\/\/m2camper.com\/maximiza-tu-espacio-los-colchones-a-medida-transforman-tu-camper\/"},"wordCount":568,"commentCount":0,"image":{"@id":"https:\/\/m2camper.com\/maximiza-tu-espacio-los-colchones-a-medida-transforman-tu-camper\/#primaryimage"},"thumbnailUrl":"https:\/\/m2camper.com\/wp-content\/uploads\/2025\/02\/60c9aa_ed4c7456bc2048a29bcb737eed9d9e05mv2.webp","articleSection":["Uncategorized"],"inLanguage":"de","potentialAction":[{"@type":"CommentAction","name":"Comment","target":["https:\/\/m2camper.com\/maximiza-tu-espacio-los-colchones-a-medida-transforman-tu-camper\/#respond"]}]},{"@type":"WebPage","@id":"https:\/\/m2camper.com\/maximiza-tu-espacio-los-colchones-a-medida-transforman-tu-camper\/","url":"https:\/\/m2camper.com\/maximiza-tu-espacio-los-colchones-a-medida-transforman-tu-camper\/","name":"Maximieren Sie Ihren Platz: Ma\u00dfgefertigte Matratzen verwandeln Ihren Camper \u2013 M2 Camper | W\u00e4rmed\u00e4mmung und Verdunkelung f\u00fcr Camper","isPartOf":{"@id":"https:\/\/m2camper.com\/pt\/#website"},"primaryImageOfPage":{"@id":"https:\/\/m2camper.com\/maximiza-tu-espacio-los-colchones-a-medida-transforman-tu-camper\/#primaryimage"},"image":{"@id":"https:\/\/m2camper.com\/maximiza-tu-espacio-los-colchones-a-medida-transforman-tu-camper\/#primaryimage"},"thumbnailUrl":"https:\/\/m2camper.com\/wp-content\/uploads\/2025\/02\/60c9aa_ed4c7456bc2048a29bcb737eed9d9e05mv2.webp","datePublished":"2024-05-12T11:33:27+00:00","dateModified":"2025-02-06T12:02:16+00:00","author":{"@id":"https:\/\/m2camper.com\/pt\/#\/schema\/person\/d003f4147a0469cbf1c77ba1bebdb1bb"},"breadcrumb":{"@id":"https:\/\/m2camper.com\/maximiza-tu-espacio-los-colchones-a-medida-transforman-tu-camper\/#breadcrumb"},"inLanguage":"de","potentialAction":[{"@type":"ReadAction","target":["https:\/\/m2camper.com\/maximiza-tu-espacio-los-colchones-a-medida-transforman-tu-camper\/"]}]},{"@type":"ImageObject","inLanguage":"de","@id":"https:\/\/m2camper.com\/maximiza-tu-espacio-los-colchones-a-medida-transforman-tu-camper\/#primaryimage","url":"https:\/\/m2camper.com\/wp-content\/uploads\/2025\/02\/60c9aa_ed4c7456bc2048a29bcb737eed9d9e05mv2.webp","contentUrl":"https:\/\/m2camper.com\/wp-content\/uploads\/2025\/02\/60c9aa_ed4c7456bc2048a29bcb737eed9d9e05mv2.webp","width":454,"height":341},{"@type":"BreadcrumbList","@id":"https:\/\/m2camper.com\/maximiza-tu-espacio-los-colchones-a-medida-transforman-tu-camper\/#breadcrumb","itemListElement":[{"@type":"ListItem","position":1,"name":"Portada","item":"https:\/\/m2camper.com\/pt\/"},{"@type":"ListItem","position":2,"name":"Maximiza Tu Espacio: Los Colchones a Medida Transforman Tu Camper"}]},{"@type":"WebSite","@id":"https:\/\/m2camper.com\/pt\/#website","url":"https:\/\/m2camper.com\/pt\/","name":"M2 Wohnmobile | W\u00e4rmed\u00e4mmung und Verdunkelung f\u00fcr Camper","description":"Entdecken Sie die Qualit\u00e4t und den Komfort unserer w\u00e4rmeisolierenden Verdunkelungen und Matratzen f\u00fcr Fahrzeuge. Optimieren Sie Ihren Aufenthalt auf der Stra\u00dfe mit M2 Camper.","potentialAction":[{"@type":"SearchAction","target":{"@type":"EntryPoint","urlTemplate":"https:\/\/m2camper.com\/pt\/?s={search_term_string}"},"query-input":{"@type":"PropertyValueSpecification","valueRequired":true,"valueName":"search_term_string"}}],"inLanguage":"de"},{"@type":"Person","@id":"https:\/\/m2camper.com\/pt\/#\/schema\/person\/d003f4147a0469cbf1c77ba1bebdb1bb","name":"Carlos","image":{"@type":"ImageObject","inLanguage":"de","@id":"https:\/\/secure.gravatar.com\/avatar\/ab10b60551e807f6b37d54bb09e40bc41b08e3828d46504634ad6f35da1b46dc?s=96&d=mm&r=g","url":"https:\/\/secure.gravatar.com\/avatar\/ab10b60551e807f6b37d54bb09e40bc41b08e3828d46504634ad6f35da1b46dc?s=96&d=mm&r=g","contentUrl":"https:\/\/secure.gravatar.com\/avatar\/ab10b60551e807f6b37d54bb09e40bc41b08e3828d46504634ad6f35da1b46dc?s=96&d=mm&r=g","caption":"carlos"},"url":"https:\/\/m2camper.com\/de\/author\/carlos\/"}]}},"_links":{"self":[{"href":"https:\/\/m2camper.com\/de\/wp-json\/wp\/v2\/posts\/11570","targetHints":{"allow":["GET"]}}],"collection":[{"href":"https:\/\/m2camper.com\/de\/wp-json\/wp\/v2\/posts"}],"about":[{"href":"https:\/\/m2camper.com\/de\/wp-json\/wp\/v2\/types\/post"}],"author":[{"embeddable":true,"href":"https:\/\/m2camper.com\/de\/wp-json\/wp\/v2\/users\/5740"}],"replies":[{"embeddable":true,"href":"https:\/\/m2camper.com\/de\/wp-json\/wp\/v2\/comments?post=11570"}],"version-history":[{"count":2,"href":"https:\/\/m2camper.com\/de\/wp-json\/wp\/v2\/posts\/11570\/revisions"}],"predecessor-version":[{"id":11573,"href":"https:\/\/m2camper.com\/de\/wp-json\/wp\/v2\/posts\/11570\/revisions\/11573"}],"wp:featuredmedia":[{"embeddable":true,"href":"https:\/\/m2camper.com\/de\/wp-json\/wp\/v2\/media\/11571"}],"wp:attachment":[{"href":"https:\/\/m2camper.com\/de\/wp-json\/wp\/v2\/media?parent=11570"}],"wp:term":[{"taxonomy":"category","embeddable":true,"href":"https:\/\/m2camper.com\/de\/wp-json\/wp\/v2\/categories?post=11570"},{"taxonomy":"post_tag","embeddable":true,"href":"https:\/\/m2camper.com\/de\/wp-json\/wp\/v2\/tags?post=11570"}],"curies":[{"name":"wp","href":"https:\/\/api.w.org\/{rel}","templated":true}]}}