{"id":11559,"date":"2024-02-24T11:00:28","date_gmt":"2024-02-24T11:00:28","guid":{"rendered":"https:\/\/ultbit.com\/m2camper\/?p=11559"},"modified":"2025-02-06T11:01:52","modified_gmt":"2025-02-06T11:01:52","slug":"entdecken-sie-die-magie-der-fenster-in-ihrem-wohnmobil","status":"publish","type":"post","link":"https:\/\/m2camper.com\/de\/entdecken-sie-die-magie-der-fenster-in-ihrem-wohnmobil\/","title":{"rendered":"Entdecken Sie die Magie der Fenster in Ihrem Wohnmobil"},"content":{"rendered":"<div data-breakout=\"normal\">\n<p id=\"viewer-c2mj6\" class=\"cqfST cQRuq WGebp jTM--\" dir=\"auto\"><span class=\"_61ACD\">Willkommen, Liebhaber des Lebens auf R\u00e4dern! In diesem Beitrag untersuchen wir die Bedeutung von Fenstern in Ihrem Wohnmobil, ihre Vielfalt an Gr\u00f6\u00dfen und Formen und wie Verdunkelungsisolatoren Ihren Raum in einen gem\u00fctlichen und privaten R\u00fcckzugsort verwandeln k\u00f6nnen.<\/span><\/p>\n<\/div>\n<div data-breakout=\"normal\">\n<p id=\"viewer-2nltz74\" class=\"cqfST cQRuq WGebp jTM--\" dir=\"auto\"><span class=\"_61ACD\"><strong>Die Fenster: Das gro\u00dfe Schaufenster nach au\u00dfen<\/strong><\/span><\/p>\n<\/div>\n<div data-breakout=\"normal\">\n<p id=\"viewer-g6wtl76\" class=\"cqfST cQRuq WGebp jTM--\" dir=\"auto\"><span class=\"_61ACD\">Die Fenster in Ihrem Wohnmobil sind viel mehr als nur \u00d6ffnungen, um Licht hereinzulassen. Sie sind die Verbindung zur Au\u00dfenwelt, ein Portal zu atemberaubenden Landschaften und sternenklaren N\u00e4chten. Doch mit dieser Sch\u00f6nheit geht auch das Bed\u00fcrfnis nach Privatsph\u00e4re und thermischem Komfort einher.<\/span><\/p>\n<\/div>\n<div data-breakout=\"normal\">\n<p id=\"viewer-n2yvo78\" class=\"cqfST cQRuq WGebp jTM--\" dir=\"auto\"><span class=\"_61ACD\">Jedes Wohnmobilmodell weist hinsichtlich der Gr\u00f6\u00dfe und Form seiner Fenster eigene Besonderheiten auf. Einige verf\u00fcgen \u00fcber Panoramafenster, die eine weite Aussicht bieten, w\u00e4hrend andere sich f\u00fcr kleinere Fenster entscheiden, um mehr Privatsph\u00e4re zu schaffen. Unabh\u00e4ngig vom Design Ihres Wohnmobils gibt es eine ma\u00dfgeschneiderte L\u00f6sung zur Verbesserung und zum Schutz dieser Fenster.<\/span><\/p>\n<\/div>\n<div data-breakout=\"normal\">\n<p id=\"viewer-xwao580\" class=\"cqfST cQRuq WGebp jTM--\" dir=\"auto\"><span class=\"_61ACD\"><strong>Entdecken Sie die Vielfalt der Fenstergr\u00f6\u00dfen und -formen f\u00fcr Wohnmobile<\/strong><\/span><\/p>\n<\/div>\n<div data-breakout=\"normal\">\n<ol class=\"xkVfi WGebp\">\n<li class=\"fGYqH\" dir=\"auto\" aria-level=\"1\">\n<p id=\"viewer-jz9st84\" class=\"cqfST cQRuq WGebp jTM--\" dir=\"\"><span class=\"_61ACD\"><em>Panoramafenster<\/em>: Ideal, um atemberaubende Landschaften zu genie\u00dfen. Thermische Verdunkelungsisolatoren f\u00fcr diesen Fenstertyp maximieren die Privatsph\u00e4re und verhindern das Eindringen unerw\u00fcnschten Lichts.<\/span><\/p>\n<\/li>\n<li class=\"fGYqH\" dir=\"auto\" aria-level=\"1\">\n<p id=\"viewer-7qi4988\" class=\"cqfST cQRuq WGebp jTM--\" dir=\"\"><span class=\"_61ACD\"><em>Schiebefenster<\/em>: Praktisch und funktional erm\u00f6glichen diese Fenster einen einfachen Zugang nach drau\u00dfen. Thermo-Verdunkelungsrollos sorgen f\u00fcr einen erholsamen Schlaf und zus\u00e4tzlichen Schutz vor Witterungseinfl\u00fcssen.<\/span><\/p>\n<\/li>\n<li class=\"fGYqH\" dir=\"auto\" aria-level=\"1\">\n<p id=\"viewer-djgiv92\" class=\"cqfST cQRuq WGebp jTM--\" dir=\"\"><span class=\"_61ACD\"><em>Bullaugenfenster<\/em>: Mit ihrem klassischen Design verleihen diese Fenster einen Retro-Touch. Ma\u00dfgefertigte Verdunkelungsvorh\u00e4nge ber\u00fccksichtigen die \u00c4sthetik und bieten gleichzeitig den n\u00f6tigen Schutz.<\/span><\/p>\n<\/li>\n<li class=\"fGYqH\" dir=\"auto\" aria-level=\"1\">\n<p id=\"viewer-c62pu96\" class=\"cqfST cQRuq WGebp jTM--\" dir=\"\"><span class=\"_61ACD\"><em>Kleine und strategisch platzierte Fenster<\/em>Bei einigen Wohnmobilmodellen sind die Fenster strategisch platziert, um Privatsph\u00e4re und nat\u00fcrliches Licht in Einklang zu bringen. Eng anliegende Verdunkelungs-W\u00e4rmeisolatoren sind der Schl\u00fcssel zu einer gem\u00fctlichen Atmosph\u00e4re. <\/span><\/p>\n<\/li>\n<\/ol>\n<\/div>\n<div data-breakout=\"normal\">\n<p id=\"viewer-1vy7q99\" class=\"cqfST cQRuq WGebp jTM--\" dir=\"auto\"><span class=\"_61ACD\"><strong>Der letzte Schliff: W\u00e4rmed\u00e4mmende Verdunkelungsvorh\u00e4nge f\u00fcr Wohnmobilfenster<\/strong><\/span><\/p>\n<\/div>\n<div data-breakout=\"normal\">\n<p id=\"viewer-pjh6r101\" class=\"cqfST cQRuq WGebp jTM--\" dir=\"auto\"><span class=\"_61ACD\">Nachdem Sie die Fenstervielfalt in Ihrem Wohnmobil erkundet haben, ist es an der Zeit, dar\u00fcber nachzudenken, wie Sie Ihr Reiseerlebnis verbessern k\u00f6nnen. Verdunkelnde W\u00e4rmeisolatoren sind die perfekte L\u00f6sung.<\/span><\/p>\n<\/div>\n<div data-breakout=\"normal\">\n<p id=\"viewer-ay2nl103\" class=\"cqfST cQRuq WGebp jTM--\" dir=\"auto\"><span class=\"_61ACD\">Das<\/span><\/p>\n<\/div>\n<div data-breakout=\"normal\">\n<ul class=\"_9byOP WGebp\">\n<li class=\"fGYqH\" dir=\"auto\" aria-level=\"1\">\n<p id=\"viewer-dce1q107\" class=\"cqfST cQRuq WGebp jTM--\" dir=\"\"><span class=\"_61ACD\"><strong>Absolute Privatsph\u00e4re<\/strong>: Sie blockieren die Sicht von au\u00dfen, sodass Sie Ihren Raum ohne Sorgen genie\u00dfen k\u00f6nnen.<\/span><\/p>\n<\/li>\n<li class=\"fGYqH\" dir=\"auto\" aria-level=\"1\">\n<p id=\"viewer-1rs1d111\" class=\"cqfST cQRuq WGebp jTM--\" dir=\"\"><span class=\"_61ACD\"><strong>W\u00e4rmeregulierung<\/strong>: Sie halten Ihr Wohnmobil im Sommer k\u00fchl und im Winter warm und optimieren so den Komfort.<\/span><\/p>\n<\/li>\n<li class=\"fGYqH\" dir=\"auto\" aria-level=\"1\">\n<p id=\"viewer-2rbrx115\" class=\"cqfST cQRuq WGebp jTM--\" dir=\"\"><span class=\"_61ACD\"><strong>Absolute Dunkelheit<\/strong>: Ideal f\u00fcr alle, die einen tiefen Schlaf genie\u00dfen. Verdunkelungsrollos verhindern das Eindringen von Licht und schaffen so eine Umgebung, die zum Entspannen einl\u00e4dt. <\/span><\/p>\n<\/li>\n<\/ul>\n<\/div>\n<div data-breakout=\"normal\">\n<div id=\"viewer-65jmm1469\" class=\"KqKMh\">\n<div class=\"_7T4Uc LIugr\">\n<figure class=\"P29V1\">\n<div class=\"CuIEU\" tabindex=\"0\" role=\"button\" data-hook=\"imageViewer\" aria-haspopup=\"true\">\n<div id=\"65jmm1469\" class=\"KfAFF ApRDe _84uzj\"><img decoding=\"async\" class=\"aligncenter\" draggable=\"false\" src=\"https:\/\/static.wixstatic.com\/media\/60c9aa_99e8feb698dd4a3db38512aea505a7cc~mv2.jpg\/v1\/fill\/w_740,h_740,al_c,q_85,usm_0.66_1.00_0.01,enc_avif,quality_auto\/60c9aa_99e8feb698dd4a3db38512aea505a7cc~mv2.jpg\" alt=\"Entdecken Sie die Magie der Fenster in Ihrem Wohnmobil\" data-pin-url=\"https:\/\/m2camper.com\/post\/descubre-la-magia-de-las-ventanas-en-tu-camper\" data-pin-media=\"https:\/\/static.wixstatic.com\/media\/60c9aa_99e8feb698dd4a3db38512aea505a7cc~mv2.jpg\/v1\/fill\/w_1024,h_1024,al_c,q_85\/60c9aa_99e8feb698dd4a3db38512aea505a7cc~mv2.jpg\" data-ssr-src-done=\"true\" data-load-done=\"\" \/><\/div>\n<\/div>\n<\/figure>\n<\/div>\n<\/div>\n<\/div>\n<div data-breakout=\"normal\">\n<p id=\"viewer-wod7m118\" class=\"cqfST cQRuq WGebp jTM--\" dir=\"auto\"><span class=\"_61ACD\">Kurz gesagt: Fenster sind das Herzst\u00fcck Ihres Wohnmobils und eine Verdunkelungs-W\u00e4rmed\u00e4mmung ist der Schl\u00fcssel zur Maximierung ihres Potenzials. Verleihen Sie Ihrem Raum auf R\u00e4dern eine pers\u00f6nliche und komfortable Note und machen Sie sich bereit, mit M2 Camper stilvoll Abenteuer zu erleben!<\/span><\/p>\n<\/div>\n<div data-breakout=\"normal\">\n<div id=\"viewer-0c3lx3674\" class=\"KqKMh\">\n<div class=\"_7T4Uc LIugr\">\n<figure class=\"P29V1\">\n<div class=\"CuIEU\" tabindex=\"0\" role=\"button\" data-hook=\"imageViewer\" aria-haspopup=\"true\">\n<div id=\"0c3lx3674\" class=\"KfAFF ApRDe _84uzj\"><img decoding=\"async\" class=\"aligncenter\" draggable=\"false\" src=\"https:\/\/static.wixstatic.com\/media\/60c9aa_fdcd0c24e7dd462bb00a4d17d76e0f55~mv2.jpg\/v1\/fill\/w_740,h_740,al_c,q_85,usm_0.66_1.00_0.01,enc_avif,quality_auto\/60c9aa_fdcd0c24e7dd462bb00a4d17d76e0f55~mv2.jpg\" alt=\"Entdecken Sie die Magie der Fenster in Ihrem Wohnmobil\" data-pin-url=\"https:\/\/m2camper.com\/post\/descubre-la-magia-de-las-ventanas-en-tu-camper\" data-pin-media=\"https:\/\/static.wixstatic.com\/media\/60c9aa_fdcd0c24e7dd462bb00a4d17d76e0f55~mv2.jpg\/v1\/fill\/w_1024,h_1024,al_c,q_85\/60c9aa_fdcd0c24e7dd462bb00a4d17d76e0f55~mv2.jpg\" data-load-done=\"\" \/><\/div>\n<\/div>\n<\/figure>\n<\/div>\n<\/div>\n<\/div>\n<div data-hook=\"rcv-block18\"><\/div>\n<div data-breakout=\"normal\">\n<p id=\"viewer-jsw1i3676\" class=\"cqfST cQRuq WGebp jTM--\" dir=\"auto\">\n<\/div>","protected":false},"excerpt":{"rendered":"<p>\u00a1Bienvenidos, amantes de la vida sobre ruedas! En esta entrada, vamos a explorar la importancia de las ventanas en tu camper, su diversidad en tama\u00f1o y formas, y c\u00f3mo los aislantes t\u00e9rmicos oscurecedores pueden convertir tu espacio en un santuario acogedor y privado. Las Ventanas: El Gran Escaparate al Exterior Las ventanas en tu camper&hellip;&nbsp;<a href=\"https:\/\/m2camper.com\/de\/entdecken-sie-die-magie-der-fenster-in-ihrem-wohnmobil\/\" rel=\"bookmark\">Mehr lesen &quot;<span class=\"screen-reader-text\">Entdecken Sie die Magie der Fenster in Ihrem Wohnmobil<\/span><\/a><\/p>","protected":false},"author":5740,"featured_media":11560,"comment_status":"open","ping_status":"open","sticky":false,"template":"","format":"standard","meta":{"neve_meta_sidebar":"","neve_meta_container":"","neve_meta_enable_content_width":"off","neve_meta_content_width":70,"neve_meta_title_alignment":"","neve_meta_author_avatar":"","neve_post_elements_order":"","neve_meta_disable_header":"","neve_meta_disable_footer":"","neve_meta_disable_title":"","footnotes":""},"categories":[1],"tags":[],"class_list":["post-11559","post","type-post","status-publish","format-standard","has-post-thumbnail","hentry","category-uncategorized"],"yoast_head":"<!-- This site is optimized with the Yoast SEO plugin v27.4 - https:\/\/yoast.com\/product\/yoast-seo-wordpress\/ -->\n<title>Descubre la Magia de las Ventanas en tu Camper - M2 Camper | Aislantes t\u00e9rmicos y oscurecedores para campers<\/title>\n<meta name=\"robots\" content=\"index, follow, max-snippet:-1, max-image-preview:large, max-video-preview:-1\" \/>\n<link rel=\"canonical\" href=\"https:\/\/m2camper.com\/de\/entdecken-sie-die-magie-der-fenster-in-ihrem-wohnmobil\/\" \/>\n<meta property=\"og:locale\" content=\"de_DE\" \/>\n<meta property=\"og:type\" content=\"article\" \/>\n<meta property=\"og:title\" content=\"Descubre la Magia de las Ventanas en tu Camper - M2 Camper | Aislantes t\u00e9rmicos y oscurecedores para campers\" \/>\n<meta property=\"og:description\" content=\"\u00a1Bienvenidos, amantes de la vida sobre ruedas! En esta entrada, vamos a explorar la importancia de las ventanas en tu camper, su diversidad en tama\u00f1o y formas, y c\u00f3mo los aislantes t\u00e9rmicos oscurecedores pueden convertir tu espacio en un santuario acogedor y privado. Las Ventanas: El Gran Escaparate al Exterior Las ventanas en tu camper&hellip;&nbsp;Weiterlesen &raquo;Descubre la Magia de las Ventanas en tu Camper\" \/>\n<meta property=\"og:url\" content=\"https:\/\/m2camper.com\/de\/entdecken-sie-die-magie-der-fenster-in-ihrem-wohnmobil\/\" \/>\n<meta property=\"og:site_name\" content=\"M2 Camper | Aislantes t\u00e9rmicos y oscurecedores para campers\" \/>\n<meta property=\"article:published_time\" content=\"2024-02-24T11:00:28+00:00\" \/>\n<meta property=\"article:modified_time\" content=\"2025-02-06T11:01:52+00:00\" \/>\n<meta property=\"og:image\" content=\"https:\/\/m2camper.com\/wp-content\/uploads\/2025\/02\/60c9aa_99e8feb698dd4a3db38512aea505a7ccmv2.webp\" \/>\n\t<meta property=\"og:image:width\" content=\"454\" \/>\n\t<meta property=\"og:image:height\" content=\"341\" \/>\n\t<meta property=\"og:image:type\" content=\"image\/webp\" \/>\n<meta name=\"author\" content=\"carlos\" \/>\n<meta name=\"twitter:card\" content=\"summary_large_image\" \/>\n<meta name=\"twitter:label1\" content=\"Verfasst von\" \/>\n\t<meta name=\"twitter:data1\" content=\"carlos\" \/>\n\t<meta name=\"twitter:label2\" content=\"Gesch\u00e4tzte Lesezeit\" \/>\n\t<meta name=\"twitter:data2\" content=\"2\u00a0Minuten\" \/>\n<script type=\"application\/ld+json\" class=\"yoast-schema-graph\">{\"@context\":\"https:\\\/\\\/schema.org\",\"@graph\":[{\"@type\":\"Article\",\"@id\":\"https:\\\/\\\/m2camper.com\\\/descubre-la-magia-de-las-ventanas-en-tu-camper\\\/#article\",\"isPartOf\":{\"@id\":\"https:\\\/\\\/m2camper.com\\\/descubre-la-magia-de-las-ventanas-en-tu-camper\\\/\"},\"author\":{\"name\":\"carlos\",\"@id\":\"https:\\\/\\\/m2camper.com\\\/pt\\\/#\\\/schema\\\/person\\\/d003f4147a0469cbf1c77ba1bebdb1bb\"},\"headline\":\"Descubre la Magia de las Ventanas en tu Camper\",\"datePublished\":\"2024-02-24T11:00:28+00:00\",\"dateModified\":\"2025-02-06T11:01:52+00:00\",\"mainEntityOfPage\":{\"@id\":\"https:\\\/\\\/m2camper.com\\\/descubre-la-magia-de-las-ventanas-en-tu-camper\\\/\"},\"wordCount\":478,\"commentCount\":0,\"image\":{\"@id\":\"https:\\\/\\\/m2camper.com\\\/descubre-la-magia-de-las-ventanas-en-tu-camper\\\/#primaryimage\"},\"thumbnailUrl\":\"https:\\\/\\\/m2camper.com\\\/wp-content\\\/uploads\\\/2025\\\/02\\\/60c9aa_99e8feb698dd4a3db38512aea505a7ccmv2.webp\",\"articleSection\":[\"Uncategorized\"],\"inLanguage\":\"de\",\"potentialAction\":[{\"@type\":\"CommentAction\",\"name\":\"Comment\",\"target\":[\"https:\\\/\\\/m2camper.com\\\/descubre-la-magia-de-las-ventanas-en-tu-camper\\\/#respond\"]}]},{\"@type\":\"WebPage\",\"@id\":\"https:\\\/\\\/m2camper.com\\\/descubre-la-magia-de-las-ventanas-en-tu-camper\\\/\",\"url\":\"https:\\\/\\\/m2camper.com\\\/descubre-la-magia-de-las-ventanas-en-tu-camper\\\/\",\"name\":\"Descubre la Magia de las Ventanas en tu Camper - M2 Camper | Aislantes t\u00e9rmicos y oscurecedores para campers\",\"isPartOf\":{\"@id\":\"https:\\\/\\\/m2camper.com\\\/pt\\\/#website\"},\"primaryImageOfPage\":{\"@id\":\"https:\\\/\\\/m2camper.com\\\/descubre-la-magia-de-las-ventanas-en-tu-camper\\\/#primaryimage\"},\"image\":{\"@id\":\"https:\\\/\\\/m2camper.com\\\/descubre-la-magia-de-las-ventanas-en-tu-camper\\\/#primaryimage\"},\"thumbnailUrl\":\"https:\\\/\\\/m2camper.com\\\/wp-content\\\/uploads\\\/2025\\\/02\\\/60c9aa_99e8feb698dd4a3db38512aea505a7ccmv2.webp\",\"datePublished\":\"2024-02-24T11:00:28+00:00\",\"dateModified\":\"2025-02-06T11:01:52+00:00\",\"author\":{\"@id\":\"https:\\\/\\\/m2camper.com\\\/pt\\\/#\\\/schema\\\/person\\\/d003f4147a0469cbf1c77ba1bebdb1bb\"},\"breadcrumb\":{\"@id\":\"https:\\\/\\\/m2camper.com\\\/descubre-la-magia-de-las-ventanas-en-tu-camper\\\/#breadcrumb\"},\"inLanguage\":\"de\",\"potentialAction\":[{\"@type\":\"ReadAction\",\"target\":[\"https:\\\/\\\/m2camper.com\\\/descubre-la-magia-de-las-ventanas-en-tu-camper\\\/\"]}]},{\"@type\":\"ImageObject\",\"inLanguage\":\"de\",\"@id\":\"https:\\\/\\\/m2camper.com\\\/descubre-la-magia-de-las-ventanas-en-tu-camper\\\/#primaryimage\",\"url\":\"https:\\\/\\\/m2camper.com\\\/wp-content\\\/uploads\\\/2025\\\/02\\\/60c9aa_99e8feb698dd4a3db38512aea505a7ccmv2.webp\",\"contentUrl\":\"https:\\\/\\\/m2camper.com\\\/wp-content\\\/uploads\\\/2025\\\/02\\\/60c9aa_99e8feb698dd4a3db38512aea505a7ccmv2.webp\",\"width\":454,\"height\":341},{\"@type\":\"BreadcrumbList\",\"@id\":\"https:\\\/\\\/m2camper.com\\\/descubre-la-magia-de-las-ventanas-en-tu-camper\\\/#breadcrumb\",\"itemListElement\":[{\"@type\":\"ListItem\",\"position\":1,\"name\":\"Portada\",\"item\":\"https:\\\/\\\/m2camper.com\\\/pt\\\/\"},{\"@type\":\"ListItem\",\"position\":2,\"name\":\"Descubre la Magia de las Ventanas en tu Camper\"}]},{\"@type\":\"WebSite\",\"@id\":\"https:\\\/\\\/m2camper.com\\\/pt\\\/#website\",\"url\":\"https:\\\/\\\/m2camper.com\\\/pt\\\/\",\"name\":\"M2 Campers | Aislantes t\u00e9rmicos y oscurecedores para campers\",\"description\":\"Descubre calidad y confort de nuestros aislantes t\u00e9rmicos oscurecedores y colchones para veh\u00edculos. Optimiza tu experiencia en carretera con M2 Camper.\",\"potentialAction\":[{\"@type\":\"SearchAction\",\"target\":{\"@type\":\"EntryPoint\",\"urlTemplate\":\"https:\\\/\\\/m2camper.com\\\/pt\\\/?s={search_term_string}\"},\"query-input\":{\"@type\":\"PropertyValueSpecification\",\"valueRequired\":true,\"valueName\":\"search_term_string\"}}],\"inLanguage\":\"de\"},{\"@type\":\"Person\",\"@id\":\"https:\\\/\\\/m2camper.com\\\/pt\\\/#\\\/schema\\\/person\\\/d003f4147a0469cbf1c77ba1bebdb1bb\",\"name\":\"carlos\",\"image\":{\"@type\":\"ImageObject\",\"inLanguage\":\"de\",\"@id\":\"https:\\\/\\\/secure.gravatar.com\\\/avatar\\\/ab10b60551e807f6b37d54bb09e40bc41b08e3828d46504634ad6f35da1b46dc?s=96&d=mm&r=g\",\"url\":\"https:\\\/\\\/secure.gravatar.com\\\/avatar\\\/ab10b60551e807f6b37d54bb09e40bc41b08e3828d46504634ad6f35da1b46dc?s=96&d=mm&r=g\",\"contentUrl\":\"https:\\\/\\\/secure.gravatar.com\\\/avatar\\\/ab10b60551e807f6b37d54bb09e40bc41b08e3828d46504634ad6f35da1b46dc?s=96&d=mm&r=g\",\"caption\":\"carlos\"},\"url\":\"https:\\\/\\\/m2camper.com\\\/de\\\/author\\\/carlos\\\/\"}]}<\/script>\n<!-- \/ Yoast SEO plugin. -->","yoast_head_json":{"title":"Entdecken Sie die Magie der Fenster in Ihrem Wohnmobil \u2013 M2 Camper | W\u00e4rmed\u00e4mmung und Verdunkelung f\u00fcr Camper","robots":{"index":"index","follow":"follow","max-snippet":"max-snippet:-1","max-image-preview":"max-image-preview:large","max-video-preview":"max-video-preview:-1"},"canonical":"https:\/\/m2camper.com\/de\/entdecken-sie-die-magie-der-fenster-in-ihrem-wohnmobil\/","og_locale":"de_DE","og_type":"article","og_title":"Descubre la Magia de las Ventanas en tu Camper - M2 Camper | Aislantes t\u00e9rmicos y oscurecedores para campers","og_description":"\u00a1Bienvenidos, amantes de la vida sobre ruedas! En esta entrada, vamos a explorar la importancia de las ventanas en tu camper, su diversidad en tama\u00f1o y formas, y c\u00f3mo los aislantes t\u00e9rmicos oscurecedores pueden convertir tu espacio en un santuario acogedor y privado. Las Ventanas: El Gran Escaparate al Exterior Las ventanas en tu camper&hellip;&nbsp;Weiterlesen &raquo;Descubre la Magia de las Ventanas en tu Camper","og_url":"https:\/\/m2camper.com\/de\/entdecken-sie-die-magie-der-fenster-in-ihrem-wohnmobil\/","og_site_name":"M2 Camper | Aislantes t\u00e9rmicos y oscurecedores para campers","article_published_time":"2024-02-24T11:00:28+00:00","article_modified_time":"2025-02-06T11:01:52+00:00","og_image":[{"width":454,"height":341,"url":"https:\/\/m2camper.com\/wp-content\/uploads\/2025\/02\/60c9aa_99e8feb698dd4a3db38512aea505a7ccmv2.webp","type":"image\/webp"}],"author":"carlos","twitter_card":"summary_large_image","twitter_misc":{"Verfasst von":"carlos","Gesch\u00e4tzte Lesezeit":"2\u00a0Minuten"},"schema":{"@context":"https:\/\/schema.org","@graph":[{"@type":"Article","@id":"https:\/\/m2camper.com\/descubre-la-magia-de-las-ventanas-en-tu-camper\/#article","isPartOf":{"@id":"https:\/\/m2camper.com\/descubre-la-magia-de-las-ventanas-en-tu-camper\/"},"author":{"name":"carlos","@id":"https:\/\/m2camper.com\/pt\/#\/schema\/person\/d003f4147a0469cbf1c77ba1bebdb1bb"},"headline":"Descubre la Magia de las Ventanas en tu Camper","datePublished":"2024-02-24T11:00:28+00:00","dateModified":"2025-02-06T11:01:52+00:00","mainEntityOfPage":{"@id":"https:\/\/m2camper.com\/descubre-la-magia-de-las-ventanas-en-tu-camper\/"},"wordCount":478,"commentCount":0,"image":{"@id":"https:\/\/m2camper.com\/descubre-la-magia-de-las-ventanas-en-tu-camper\/#primaryimage"},"thumbnailUrl":"https:\/\/m2camper.com\/wp-content\/uploads\/2025\/02\/60c9aa_99e8feb698dd4a3db38512aea505a7ccmv2.webp","articleSection":["Uncategorized"],"inLanguage":"de","potentialAction":[{"@type":"CommentAction","name":"Comment","target":["https:\/\/m2camper.com\/descubre-la-magia-de-las-ventanas-en-tu-camper\/#respond"]}]},{"@type":"WebPage","@id":"https:\/\/m2camper.com\/descubre-la-magia-de-las-ventanas-en-tu-camper\/","url":"https:\/\/m2camper.com\/descubre-la-magia-de-las-ventanas-en-tu-camper\/","name":"Entdecken Sie die Magie der Fenster in Ihrem Wohnmobil \u2013 M2 Camper | W\u00e4rmed\u00e4mmung und Verdunkelung f\u00fcr Camper","isPartOf":{"@id":"https:\/\/m2camper.com\/pt\/#website"},"primaryImageOfPage":{"@id":"https:\/\/m2camper.com\/descubre-la-magia-de-las-ventanas-en-tu-camper\/#primaryimage"},"image":{"@id":"https:\/\/m2camper.com\/descubre-la-magia-de-las-ventanas-en-tu-camper\/#primaryimage"},"thumbnailUrl":"https:\/\/m2camper.com\/wp-content\/uploads\/2025\/02\/60c9aa_99e8feb698dd4a3db38512aea505a7ccmv2.webp","datePublished":"2024-02-24T11:00:28+00:00","dateModified":"2025-02-06T11:01:52+00:00","author":{"@id":"https:\/\/m2camper.com\/pt\/#\/schema\/person\/d003f4147a0469cbf1c77ba1bebdb1bb"},"breadcrumb":{"@id":"https:\/\/m2camper.com\/descubre-la-magia-de-las-ventanas-en-tu-camper\/#breadcrumb"},"inLanguage":"de","potentialAction":[{"@type":"ReadAction","target":["https:\/\/m2camper.com\/descubre-la-magia-de-las-ventanas-en-tu-camper\/"]}]},{"@type":"ImageObject","inLanguage":"de","@id":"https:\/\/m2camper.com\/descubre-la-magia-de-las-ventanas-en-tu-camper\/#primaryimage","url":"https:\/\/m2camper.com\/wp-content\/uploads\/2025\/02\/60c9aa_99e8feb698dd4a3db38512aea505a7ccmv2.webp","contentUrl":"https:\/\/m2camper.com\/wp-content\/uploads\/2025\/02\/60c9aa_99e8feb698dd4a3db38512aea505a7ccmv2.webp","width":454,"height":341},{"@type":"BreadcrumbList","@id":"https:\/\/m2camper.com\/descubre-la-magia-de-las-ventanas-en-tu-camper\/#breadcrumb","itemListElement":[{"@type":"ListItem","position":1,"name":"Portada","item":"https:\/\/m2camper.com\/pt\/"},{"@type":"ListItem","position":2,"name":"Descubre la Magia de las Ventanas en tu Camper"}]},{"@type":"WebSite","@id":"https:\/\/m2camper.com\/pt\/#website","url":"https:\/\/m2camper.com\/pt\/","name":"M2 Wohnmobile | W\u00e4rmed\u00e4mmung und Verdunkelung f\u00fcr Camper","description":"Entdecken Sie die Qualit\u00e4t und den Komfort unserer w\u00e4rmeisolierenden Verdunkelungen und Matratzen f\u00fcr Fahrzeuge. Optimieren Sie Ihren Aufenthalt auf der Stra\u00dfe mit M2 Camper.","potentialAction":[{"@type":"SearchAction","target":{"@type":"EntryPoint","urlTemplate":"https:\/\/m2camper.com\/pt\/?s={search_term_string}"},"query-input":{"@type":"PropertyValueSpecification","valueRequired":true,"valueName":"search_term_string"}}],"inLanguage":"de"},{"@type":"Person","@id":"https:\/\/m2camper.com\/pt\/#\/schema\/person\/d003f4147a0469cbf1c77ba1bebdb1bb","name":"Carlos","image":{"@type":"ImageObject","inLanguage":"de","@id":"https:\/\/secure.gravatar.com\/avatar\/ab10b60551e807f6b37d54bb09e40bc41b08e3828d46504634ad6f35da1b46dc?s=96&d=mm&r=g","url":"https:\/\/secure.gravatar.com\/avatar\/ab10b60551e807f6b37d54bb09e40bc41b08e3828d46504634ad6f35da1b46dc?s=96&d=mm&r=g","contentUrl":"https:\/\/secure.gravatar.com\/avatar\/ab10b60551e807f6b37d54bb09e40bc41b08e3828d46504634ad6f35da1b46dc?s=96&d=mm&r=g","caption":"carlos"},"url":"https:\/\/m2camper.com\/de\/author\/carlos\/"}]}},"_links":{"self":[{"href":"https:\/\/m2camper.com\/de\/wp-json\/wp\/v2\/posts\/11559","targetHints":{"allow":["GET"]}}],"collection":[{"href":"https:\/\/m2camper.com\/de\/wp-json\/wp\/v2\/posts"}],"about":[{"href":"https:\/\/m2camper.com\/de\/wp-json\/wp\/v2\/types\/post"}],"author":[{"embeddable":true,"href":"https:\/\/m2camper.com\/de\/wp-json\/wp\/v2\/users\/5740"}],"replies":[{"embeddable":true,"href":"https:\/\/m2camper.com\/de\/wp-json\/wp\/v2\/comments?post=11559"}],"version-history":[{"count":2,"href":"https:\/\/m2camper.com\/de\/wp-json\/wp\/v2\/posts\/11559\/revisions"}],"predecessor-version":[{"id":11562,"href":"https:\/\/m2camper.com\/de\/wp-json\/wp\/v2\/posts\/11559\/revisions\/11562"}],"wp:featuredmedia":[{"embeddable":true,"href":"https:\/\/m2camper.com\/de\/wp-json\/wp\/v2\/media\/11560"}],"wp:attachment":[{"href":"https:\/\/m2camper.com\/de\/wp-json\/wp\/v2\/media?parent=11559"}],"wp:term":[{"taxonomy":"category","embeddable":true,"href":"https:\/\/m2camper.com\/de\/wp-json\/wp\/v2\/categories?post=11559"},{"taxonomy":"post_tag","embeddable":true,"href":"https:\/\/m2camper.com\/de\/wp-json\/wp\/v2\/tags?post=11559"}],"curies":[{"name":"wp","href":"https:\/\/api.w.org\/{rel}","templated":true}]}}