{"id":11555,"date":"2024-02-04T10:55:59","date_gmt":"2024-02-04T10:55:59","guid":{"rendered":"https:\/\/ultbit.com\/m2camper\/?p=11555"},"modified":"2025-02-06T10:57:24","modified_gmt":"2025-02-06T10:57:24","slug":"isolieren-sie-ihr-fahrzeug-mit-unserer-9-schicht-technologie","status":"publish","type":"post","link":"https:\/\/m2camper.com\/de\/isolieren-sie-ihr-fahrzeug-mit-unserer-9-schicht-technologie\/","title":{"rendered":"Isolieren Sie Ihr Fahrzeug mit unserer 9-Schicht-Technologie: Eine effiziente Barriere gegen K\u00e4lte und Hitze"},"content":{"rendered":"<div data-breakout=\"normal\">\n<p id=\"viewer-9es8o92\" class=\"cqfST cQRuq WGebp jTM--\" dir=\"auto\"><span class=\"_61ACD\"><strong>Schicht 1: 90 Mikron Aluminium, UV- und kratzfest<\/strong> Die erste Verteidigungslinie dieses W\u00e4rmeisolators ist eine 90 Mikron dicke Aluminiumschicht, die UV-Strahlen widersteht und vor Kratzern sch\u00fctzt. Diese Schicht gew\u00e4hrleistet nicht nur die Haltbarkeit des Produkts, sondern verhindert auch eine Verschlechterung durch direkte Sonneneinstrahlung.<\/span><\/p>\n<\/div>\n<div data-breakout=\"normal\">\n<p id=\"viewer-ggoz4129\" class=\"cqfST cQRuq WGebp jTM--\" dir=\"auto\"><span class=\"_61ACD\"><strong>Schichten 2, 4, 6 und 8: 2 mm expandiertes Polyethylen<\/strong> Zwischen den Aluminiumschichten befinden sich 2 mm dicke Platten aus expandiertem Polyethylen. Diese Schichten sorgen f\u00fcr eine effiziente W\u00e4rmeisolierung, tragen zur Aufrechterhaltung einer konstanten Innentemperatur bei und reduzieren die \u00dcbertragung von W\u00e4rme oder K\u00e4lte von au\u00dfen.<\/span><\/p>\n<\/div>\n<div data-breakout=\"normal\">\n<p id=\"viewer-7d8hp132\" class=\"cqfST cQRuq WGebp jTM--\" dir=\"auto\"><span class=\"_61ACD\"><strong>Schichten 3, 5 und 7: 38 Mikron Aluminiumfolie zur Isolierung<\/strong> Zwischen den Polyethylenschichten befinden sich 38 Mikron starke Aluminiumfolien, die speziell f\u00fcr eine zus\u00e4tzliche W\u00e4rmeisolierung entwickelt wurden. Diese strategische Anordnung der Aluminiumfolien gew\u00e4hrleistet eine effektive Temperaturkontrolle und schafft eine dauerhafte Barriere gegen widrige Wetterbedingungen.<\/span><\/p>\n<\/div>\n<div data-breakout=\"normal\">\n<p id=\"viewer-uangy135\" class=\"cqfST cQRuq WGebp jTM--\" dir=\"auto\"><span class=\"_61ACD\"><strong>Schicht 9: 75 gr\/m\u00b2 antiallergische Wattierung zur Isolierung<\/strong> Die letzte Schicht dieser innovativen Verdunkelungs-W\u00e4rmeisolierung besteht aus 75 g\/m\u00b2 Wattierung, die nicht nur zur W\u00e4rmeisolierung beitr\u00e4gt, sondern auch als antiallergische Barriere fungiert. Dieses spezielle Material tr\u00e4gt dazu bei, eine allergenfreie Umgebung aufrechtzuerhalten und sorgt f\u00fcr einen ges\u00fcnderen und angenehmeren Raum.<\/span><\/p>\n<\/div>\n<div data-breakout=\"normal\">\n<p id=\"viewer-4x9jc138\" class=\"cqfST cQRuq WGebp jTM--\" dir=\"auto\"><span class=\"_61ACD\"><strong>Zus\u00e4tzliche Schicht: Antikondensations-PVC<\/strong> Als letzter Schliff wird eine Schicht aus \u00d6ko-Leder oder kondensationshemmendem PVC hinzugef\u00fcgt, um Feuchtigkeitsansammlungen zu verhindern und so zum Schutz vor Schimmel- und Bakterienwachstum beizutragen. Diese zus\u00e4tzliche Schicht stellt sicher, dass die W\u00e4rmed\u00e4mmung im Laufe der Zeit ihre optimale Leistung beh\u00e4lt.<\/span><\/p>\n<\/div>\n<div data-breakout=\"normal\">\n<p id=\"viewer-a29zw141\" class=\"cqfST cQRuq WGebp jTM--\" dir=\"auto\"><span class=\"_61ACD\">Kurz gesagt bietet die 9-lagige Verdunkelungs-W\u00e4rmed\u00e4mmung eine umfassende L\u00f6sung zur Temperaturkontrolle im Innenbereich, die sich durch ihre St\u00e4rke, Haltbarkeit und F\u00e4higkeit auszeichnet, ein angenehmes und gesundes Raumklima zu schaffen. Diese innovativen Funktionen machen dieses Produkt zu einer intelligenten Wahl f\u00fcr alle, die die Energieeffizienz ihrer Fahrzeuge verbessern m\u00f6chten.<\/span><\/p>\n<\/div>\n<div data-breakout=\"normal\">\n<p id=\"viewer-xjzep8710\" class=\"cqfST cQRuq WGebp jTM--\" dir=\"auto\"><span class=\"_61ACD\"><em>Isolieren Sie Ihr Fahrzeug mit unserer 9-Schicht-Technologie<\/em><\/span><\/p>\n<\/div>\n<div data-breakout=\"normal\">\n<div id=\"viewer-974oq293\" class=\"KqKMh\">\n<div class=\"_7T4Uc\">\n<figure class=\"P29V1\">\n<div class=\"CuIEU\" tabindex=\"0\" role=\"button\" data-hook=\"imageViewer\" aria-haspopup=\"true\">\n<div id=\"974oq293\" class=\"KfAFF ApRDe _84uzj\"><img decoding=\"async\" class=\"aligncenter\" draggable=\"false\" src=\"https:\/\/static.wixstatic.com\/media\/60c9aa_b71ea5f79a0442ca98a42d74da82444b~mv2.jpg\/v1\/fill\/w_524,h_524,al_c,q_80,usm_0.66_1.00_0.01,enc_auto\/60c9aa_b71ea5f79a0442ca98a42d74da82444b~mv2.jpg\" alt=\"9 Schichten Verdunkelungs-W\u00e4rmed\u00e4mmung\" data-pin-url=\"https:\/\/m2camper.com\/post\/aisla-tu-vehiculo-con-nuestra-tecnologa-de-9-capas\" data-pin-media=\"https:\/\/static.wixstatic.com\/media\/60c9aa_b71ea5f79a0442ca98a42d74da82444b~mv2.jpg\/v1\/fill\/w_1772,h_1772,al_c,q_90\/60c9aa_b71ea5f79a0442ca98a42d74da82444b~mv2.jpg\" data-ssr-src-done=\"true\" data-load-done=\"\" \/><\/div>\n<\/div>\n<\/figure>\n<\/div>\n<\/div>\n<\/div>\n<div data-hook=\"rcv-block17\"><\/div>\n<div data-breakout=\"normal\">\n<div id=\"viewer-arj9b295\" class=\"cqfST cQRuq WGebp jTM--\" dir=\"auto\"><\/div>\n<\/div>","protected":false},"excerpt":{"rendered":"<p>Capa 1: Aluminio de 90 micras anti rayos ultravioleta y resistente a rayadas La primera l\u00ednea de defensa de este aislante t\u00e9rmico est\u00e1 compuesta por una capa de aluminio de 90 micras, dise\u00f1ada para resistir los rayos ultravioleta y proteger contra ara\u00f1azos. Esta capa no solo garantiza la durabilidad del producto, sino que tambi\u00e9n previene&hellip;&nbsp;<a href=\"https:\/\/m2camper.com\/de\/isolieren-sie-ihr-fahrzeug-mit-unserer-9-schicht-technologie\/\" rel=\"bookmark\">Mehr lesen &quot;<span class=\"screen-reader-text\">Isolieren Sie Ihr Fahrzeug mit unserer 9-Schicht-Technologie: Eine effiziente Barriere gegen K\u00e4lte und Hitze<\/span><\/a><\/p>","protected":false},"author":5740,"featured_media":11556,"comment_status":"open","ping_status":"open","sticky":false,"template":"","format":"standard","meta":{"neve_meta_sidebar":"","neve_meta_container":"","neve_meta_enable_content_width":"off","neve_meta_content_width":70,"neve_meta_title_alignment":"","neve_meta_author_avatar":"","neve_post_elements_order":"","neve_meta_disable_header":"","neve_meta_disable_footer":"","neve_meta_disable_title":"","footnotes":""},"categories":[1],"tags":[],"class_list":["post-11555","post","type-post","status-publish","format-standard","has-post-thumbnail","hentry","category-uncategorized"],"yoast_head":"<!-- This site is optimized with the Yoast SEO plugin v27.4 - https:\/\/yoast.com\/product\/yoast-seo-wordpress\/ -->\n<title>A\u00edsla tu veh\u00edculo con nuestra tecnolog\u00eda de 9 capas: Una Barrera Eficiente contra el Fr\u00edo y el Calor - M2 Camper | Aislantes t\u00e9rmicos y oscurecedores para campers<\/title>\n<meta name=\"robots\" content=\"index, follow, max-snippet:-1, max-image-preview:large, max-video-preview:-1\" \/>\n<link rel=\"canonical\" href=\"https:\/\/m2camper.com\/de\/isolieren-sie-ihr-fahrzeug-mit-unserer-9-schicht-technologie\/\" \/>\n<meta property=\"og:locale\" content=\"de_DE\" \/>\n<meta property=\"og:type\" content=\"article\" \/>\n<meta property=\"og:title\" content=\"A\u00edsla tu veh\u00edculo con nuestra tecnolog\u00eda de 9 capas: Una Barrera Eficiente contra el Fr\u00edo y el Calor - M2 Camper | Aislantes t\u00e9rmicos y oscurecedores para campers\" \/>\n<meta property=\"og:description\" content=\"Capa 1: Aluminio de 90 micras anti rayos ultravioleta y resistente a rayadas La primera l\u00ednea de defensa de este aislante t\u00e9rmico est\u00e1 compuesta por una capa de aluminio de 90 micras, dise\u00f1ada para resistir los rayos ultravioleta y proteger contra ara\u00f1azos. Esta capa no solo garantiza la durabilidad del producto, sino que tambi\u00e9n previene&hellip;&nbsp;Weiterlesen &raquo;A\u00edsla tu veh\u00edculo con nuestra tecnolog\u00eda de 9 capas: Una Barrera Eficiente contra el Fr\u00edo y el Calor\" \/>\n<meta property=\"og:url\" content=\"https:\/\/m2camper.com\/de\/isolieren-sie-ihr-fahrzeug-mit-unserer-9-schicht-technologie\/\" \/>\n<meta property=\"og:site_name\" content=\"M2 Camper | Aislantes t\u00e9rmicos y oscurecedores para campers\" \/>\n<meta property=\"article:published_time\" content=\"2024-02-04T10:55:59+00:00\" \/>\n<meta property=\"article:modified_time\" content=\"2025-02-06T10:57:24+00:00\" \/>\n<meta property=\"og:image\" content=\"https:\/\/m2camper.com\/wp-content\/uploads\/2025\/02\/60c9aa_b71ea5f79a0442ca98a42d74da82444bmv2.webp\" \/>\n\t<meta property=\"og:image:width\" content=\"454\" \/>\n\t<meta property=\"og:image:height\" content=\"341\" \/>\n\t<meta property=\"og:image:type\" content=\"image\/webp\" \/>\n<meta name=\"author\" content=\"carlos\" \/>\n<meta name=\"twitter:card\" content=\"summary_large_image\" \/>\n<meta name=\"twitter:label1\" content=\"Verfasst von\" \/>\n\t<meta name=\"twitter:data1\" content=\"carlos\" \/>\n\t<meta name=\"twitter:label2\" content=\"Gesch\u00e4tzte Lesezeit\" \/>\n\t<meta name=\"twitter:data2\" content=\"2\u00a0Minuten\" \/>\n<script type=\"application\/ld+json\" class=\"yoast-schema-graph\">{\"@context\":\"https:\\\/\\\/schema.org\",\"@graph\":[{\"@type\":\"Article\",\"@id\":\"https:\\\/\\\/m2camper.com\\\/fr\\\/isolez-votre-vehicule-avec-notre-technologie-a-9-couches\\\/#article\",\"isPartOf\":{\"@id\":\"https:\\\/\\\/m2camper.com\\\/fr\\\/isolez-votre-vehicule-avec-notre-technologie-a-9-couches\\\/\"},\"author\":{\"name\":\"carlos\",\"@id\":\"https:\\\/\\\/m2camper.com\\\/pt\\\/#\\\/schema\\\/person\\\/d003f4147a0469cbf1c77ba1bebdb1bb\"},\"headline\":\"A\u00edsla tu veh\u00edculo con nuestra tecnolog\u00eda de 9 capas: Una Barrera Eficiente contra el Fr\u00edo y el Calor\",\"datePublished\":\"2024-02-04T10:55:59+00:00\",\"dateModified\":\"2025-02-06T10:57:24+00:00\",\"mainEntityOfPage\":{\"@id\":\"https:\\\/\\\/m2camper.com\\\/fr\\\/isolez-votre-vehicule-avec-notre-technologie-a-9-couches\\\/\"},\"wordCount\":398,\"commentCount\":0,\"image\":{\"@id\":\"https:\\\/\\\/m2camper.com\\\/fr\\\/isolez-votre-vehicule-avec-notre-technologie-a-9-couches\\\/#primaryimage\"},\"thumbnailUrl\":\"https:\\\/\\\/m2camper.com\\\/wp-content\\\/uploads\\\/2025\\\/02\\\/60c9aa_b71ea5f79a0442ca98a42d74da82444bmv2.webp\",\"articleSection\":[\"Uncategorized\"],\"inLanguage\":\"de\",\"potentialAction\":[{\"@type\":\"CommentAction\",\"name\":\"Comment\",\"target\":[\"https:\\\/\\\/m2camper.com\\\/fr\\\/isolez-votre-vehicule-avec-notre-technologie-a-9-couches\\\/#respond\"]}]},{\"@type\":\"WebPage\",\"@id\":\"https:\\\/\\\/m2camper.com\\\/fr\\\/isolez-votre-vehicule-avec-notre-technologie-a-9-couches\\\/\",\"url\":\"https:\\\/\\\/m2camper.com\\\/fr\\\/isolez-votre-vehicule-avec-notre-technologie-a-9-couches\\\/\",\"name\":\"A\u00edsla tu veh\u00edculo con nuestra tecnolog\u00eda de 9 capas: Una Barrera Eficiente contra el Fr\u00edo y el Calor - M2 Camper | Aislantes t\u00e9rmicos y oscurecedores para campers\",\"isPartOf\":{\"@id\":\"https:\\\/\\\/m2camper.com\\\/pt\\\/#website\"},\"primaryImageOfPage\":{\"@id\":\"https:\\\/\\\/m2camper.com\\\/fr\\\/isolez-votre-vehicule-avec-notre-technologie-a-9-couches\\\/#primaryimage\"},\"image\":{\"@id\":\"https:\\\/\\\/m2camper.com\\\/fr\\\/isolez-votre-vehicule-avec-notre-technologie-a-9-couches\\\/#primaryimage\"},\"thumbnailUrl\":\"https:\\\/\\\/m2camper.com\\\/wp-content\\\/uploads\\\/2025\\\/02\\\/60c9aa_b71ea5f79a0442ca98a42d74da82444bmv2.webp\",\"datePublished\":\"2024-02-04T10:55:59+00:00\",\"dateModified\":\"2025-02-06T10:57:24+00:00\",\"author\":{\"@id\":\"https:\\\/\\\/m2camper.com\\\/pt\\\/#\\\/schema\\\/person\\\/d003f4147a0469cbf1c77ba1bebdb1bb\"},\"breadcrumb\":{\"@id\":\"https:\\\/\\\/m2camper.com\\\/fr\\\/isolez-votre-vehicule-avec-notre-technologie-a-9-couches\\\/#breadcrumb\"},\"inLanguage\":\"de\",\"potentialAction\":[{\"@type\":\"ReadAction\",\"target\":[\"https:\\\/\\\/m2camper.com\\\/fr\\\/isolez-votre-vehicule-avec-notre-technologie-a-9-couches\\\/\"]}]},{\"@type\":\"ImageObject\",\"inLanguage\":\"de\",\"@id\":\"https:\\\/\\\/m2camper.com\\\/fr\\\/isolez-votre-vehicule-avec-notre-technologie-a-9-couches\\\/#primaryimage\",\"url\":\"https:\\\/\\\/m2camper.com\\\/wp-content\\\/uploads\\\/2025\\\/02\\\/60c9aa_b71ea5f79a0442ca98a42d74da82444bmv2.webp\",\"contentUrl\":\"https:\\\/\\\/m2camper.com\\\/wp-content\\\/uploads\\\/2025\\\/02\\\/60c9aa_b71ea5f79a0442ca98a42d74da82444bmv2.webp\",\"width\":454,\"height\":341},{\"@type\":\"BreadcrumbList\",\"@id\":\"https:\\\/\\\/m2camper.com\\\/fr\\\/isolez-votre-vehicule-avec-notre-technologie-a-9-couches\\\/#breadcrumb\",\"itemListElement\":[{\"@type\":\"ListItem\",\"position\":1,\"name\":\"Portada\",\"item\":\"https:\\\/\\\/m2camper.com\\\/pt\\\/\"},{\"@type\":\"ListItem\",\"position\":2,\"name\":\"A\u00edsla tu veh\u00edculo con nuestra tecnolog\u00eda de 9 capas: Una Barrera Eficiente contra el Fr\u00edo y el Calor\"}]},{\"@type\":\"WebSite\",\"@id\":\"https:\\\/\\\/m2camper.com\\\/pt\\\/#website\",\"url\":\"https:\\\/\\\/m2camper.com\\\/pt\\\/\",\"name\":\"M2 Campers | Aislantes t\u00e9rmicos y oscurecedores para campers\",\"description\":\"Descubre calidad y confort de nuestros aislantes t\u00e9rmicos oscurecedores y colchones para veh\u00edculos. Optimiza tu experiencia en carretera con M2 Camper.\",\"potentialAction\":[{\"@type\":\"SearchAction\",\"target\":{\"@type\":\"EntryPoint\",\"urlTemplate\":\"https:\\\/\\\/m2camper.com\\\/pt\\\/?s={search_term_string}\"},\"query-input\":{\"@type\":\"PropertyValueSpecification\",\"valueRequired\":true,\"valueName\":\"search_term_string\"}}],\"inLanguage\":\"de\"},{\"@type\":\"Person\",\"@id\":\"https:\\\/\\\/m2camper.com\\\/pt\\\/#\\\/schema\\\/person\\\/d003f4147a0469cbf1c77ba1bebdb1bb\",\"name\":\"carlos\",\"image\":{\"@type\":\"ImageObject\",\"inLanguage\":\"de\",\"@id\":\"https:\\\/\\\/secure.gravatar.com\\\/avatar\\\/ab10b60551e807f6b37d54bb09e40bc41b08e3828d46504634ad6f35da1b46dc?s=96&d=mm&r=g\",\"url\":\"https:\\\/\\\/secure.gravatar.com\\\/avatar\\\/ab10b60551e807f6b37d54bb09e40bc41b08e3828d46504634ad6f35da1b46dc?s=96&d=mm&r=g\",\"contentUrl\":\"https:\\\/\\\/secure.gravatar.com\\\/avatar\\\/ab10b60551e807f6b37d54bb09e40bc41b08e3828d46504634ad6f35da1b46dc?s=96&d=mm&r=g\",\"caption\":\"carlos\"},\"url\":\"https:\\\/\\\/m2camper.com\\\/de\\\/author\\\/carlos\\\/\"}]}<\/script>\n<!-- \/ Yoast SEO plugin. -->","yoast_head_json":{"title":"Isolieren Sie Ihr Fahrzeug mit unserer 9-Lagen-Technologie: Eine effiziente Barriere gegen K\u00e4lte und Hitze \u2013 M2 Camper | W\u00e4rmed\u00e4mmung und Verdunkelung f\u00fcr Camper","robots":{"index":"index","follow":"follow","max-snippet":"max-snippet:-1","max-image-preview":"max-image-preview:large","max-video-preview":"max-video-preview:-1"},"canonical":"https:\/\/m2camper.com\/de\/isolieren-sie-ihr-fahrzeug-mit-unserer-9-schicht-technologie\/","og_locale":"de_DE","og_type":"article","og_title":"A\u00edsla tu veh\u00edculo con nuestra tecnolog\u00eda de 9 capas: Una Barrera Eficiente contra el Fr\u00edo y el Calor - M2 Camper | Aislantes t\u00e9rmicos y oscurecedores para campers","og_description":"Capa 1: Aluminio de 90 micras anti rayos ultravioleta y resistente a rayadas La primera l\u00ednea de defensa de este aislante t\u00e9rmico est\u00e1 compuesta por una capa de aluminio de 90 micras, dise\u00f1ada para resistir los rayos ultravioleta y proteger contra ara\u00f1azos. Esta capa no solo garantiza la durabilidad del producto, sino que tambi\u00e9n previene&hellip;&nbsp;Weiterlesen &raquo;A\u00edsla tu veh\u00edculo con nuestra tecnolog\u00eda de 9 capas: Una Barrera Eficiente contra el Fr\u00edo y el Calor","og_url":"https:\/\/m2camper.com\/de\/isolieren-sie-ihr-fahrzeug-mit-unserer-9-schicht-technologie\/","og_site_name":"M2 Camper | Aislantes t\u00e9rmicos y oscurecedores para campers","article_published_time":"2024-02-04T10:55:59+00:00","article_modified_time":"2025-02-06T10:57:24+00:00","og_image":[{"width":454,"height":341,"url":"https:\/\/m2camper.com\/wp-content\/uploads\/2025\/02\/60c9aa_b71ea5f79a0442ca98a42d74da82444bmv2.webp","type":"image\/webp"}],"author":"carlos","twitter_card":"summary_large_image","twitter_misc":{"Verfasst von":"carlos","Gesch\u00e4tzte Lesezeit":"2\u00a0Minuten"},"schema":{"@context":"https:\/\/schema.org","@graph":[{"@type":"Article","@id":"https:\/\/m2camper.com\/fr\/isolez-votre-vehicule-avec-notre-technologie-a-9-couches\/#article","isPartOf":{"@id":"https:\/\/m2camper.com\/fr\/isolez-votre-vehicule-avec-notre-technologie-a-9-couches\/"},"author":{"name":"carlos","@id":"https:\/\/m2camper.com\/pt\/#\/schema\/person\/d003f4147a0469cbf1c77ba1bebdb1bb"},"headline":"A\u00edsla tu veh\u00edculo con nuestra tecnolog\u00eda de 9 capas: Una Barrera Eficiente contra el Fr\u00edo y el Calor","datePublished":"2024-02-04T10:55:59+00:00","dateModified":"2025-02-06T10:57:24+00:00","mainEntityOfPage":{"@id":"https:\/\/m2camper.com\/fr\/isolez-votre-vehicule-avec-notre-technologie-a-9-couches\/"},"wordCount":398,"commentCount":0,"image":{"@id":"https:\/\/m2camper.com\/fr\/isolez-votre-vehicule-avec-notre-technologie-a-9-couches\/#primaryimage"},"thumbnailUrl":"https:\/\/m2camper.com\/wp-content\/uploads\/2025\/02\/60c9aa_b71ea5f79a0442ca98a42d74da82444bmv2.webp","articleSection":["Uncategorized"],"inLanguage":"de","potentialAction":[{"@type":"CommentAction","name":"Comment","target":["https:\/\/m2camper.com\/fr\/isolez-votre-vehicule-avec-notre-technologie-a-9-couches\/#respond"]}]},{"@type":"WebPage","@id":"https:\/\/m2camper.com\/fr\/isolez-votre-vehicule-avec-notre-technologie-a-9-couches\/","url":"https:\/\/m2camper.com\/fr\/isolez-votre-vehicule-avec-notre-technologie-a-9-couches\/","name":"Isolieren Sie Ihr Fahrzeug mit unserer 9-Lagen-Technologie: Eine effiziente Barriere gegen K\u00e4lte und Hitze \u2013 M2 Camper | W\u00e4rmed\u00e4mmung und Verdunkelung f\u00fcr Camper","isPartOf":{"@id":"https:\/\/m2camper.com\/pt\/#website"},"primaryImageOfPage":{"@id":"https:\/\/m2camper.com\/fr\/isolez-votre-vehicule-avec-notre-technologie-a-9-couches\/#primaryimage"},"image":{"@id":"https:\/\/m2camper.com\/fr\/isolez-votre-vehicule-avec-notre-technologie-a-9-couches\/#primaryimage"},"thumbnailUrl":"https:\/\/m2camper.com\/wp-content\/uploads\/2025\/02\/60c9aa_b71ea5f79a0442ca98a42d74da82444bmv2.webp","datePublished":"2024-02-04T10:55:59+00:00","dateModified":"2025-02-06T10:57:24+00:00","author":{"@id":"https:\/\/m2camper.com\/pt\/#\/schema\/person\/d003f4147a0469cbf1c77ba1bebdb1bb"},"breadcrumb":{"@id":"https:\/\/m2camper.com\/fr\/isolez-votre-vehicule-avec-notre-technologie-a-9-couches\/#breadcrumb"},"inLanguage":"de","potentialAction":[{"@type":"ReadAction","target":["https:\/\/m2camper.com\/fr\/isolez-votre-vehicule-avec-notre-technologie-a-9-couches\/"]}]},{"@type":"ImageObject","inLanguage":"de","@id":"https:\/\/m2camper.com\/fr\/isolez-votre-vehicule-avec-notre-technologie-a-9-couches\/#primaryimage","url":"https:\/\/m2camper.com\/wp-content\/uploads\/2025\/02\/60c9aa_b71ea5f79a0442ca98a42d74da82444bmv2.webp","contentUrl":"https:\/\/m2camper.com\/wp-content\/uploads\/2025\/02\/60c9aa_b71ea5f79a0442ca98a42d74da82444bmv2.webp","width":454,"height":341},{"@type":"BreadcrumbList","@id":"https:\/\/m2camper.com\/fr\/isolez-votre-vehicule-avec-notre-technologie-a-9-couches\/#breadcrumb","itemListElement":[{"@type":"ListItem","position":1,"name":"Portada","item":"https:\/\/m2camper.com\/pt\/"},{"@type":"ListItem","position":2,"name":"A\u00edsla tu veh\u00edculo con nuestra tecnolog\u00eda de 9 capas: Una Barrera Eficiente contra el Fr\u00edo y el Calor"}]},{"@type":"WebSite","@id":"https:\/\/m2camper.com\/pt\/#website","url":"https:\/\/m2camper.com\/pt\/","name":"M2 Wohnmobile | W\u00e4rmed\u00e4mmung und Verdunkelung f\u00fcr Camper","description":"Entdecken Sie die Qualit\u00e4t und den Komfort unserer w\u00e4rmeisolierenden Verdunkelungen und Matratzen f\u00fcr Fahrzeuge. Optimieren Sie Ihren Aufenthalt auf der Stra\u00dfe mit M2 Camper.","potentialAction":[{"@type":"SearchAction","target":{"@type":"EntryPoint","urlTemplate":"https:\/\/m2camper.com\/pt\/?s={search_term_string}"},"query-input":{"@type":"PropertyValueSpecification","valueRequired":true,"valueName":"search_term_string"}}],"inLanguage":"de"},{"@type":"Person","@id":"https:\/\/m2camper.com\/pt\/#\/schema\/person\/d003f4147a0469cbf1c77ba1bebdb1bb","name":"Carlos","image":{"@type":"ImageObject","inLanguage":"de","@id":"https:\/\/secure.gravatar.com\/avatar\/ab10b60551e807f6b37d54bb09e40bc41b08e3828d46504634ad6f35da1b46dc?s=96&d=mm&r=g","url":"https:\/\/secure.gravatar.com\/avatar\/ab10b60551e807f6b37d54bb09e40bc41b08e3828d46504634ad6f35da1b46dc?s=96&d=mm&r=g","contentUrl":"https:\/\/secure.gravatar.com\/avatar\/ab10b60551e807f6b37d54bb09e40bc41b08e3828d46504634ad6f35da1b46dc?s=96&d=mm&r=g","caption":"carlos"},"url":"https:\/\/m2camper.com\/de\/author\/carlos\/"}]}},"_links":{"self":[{"href":"https:\/\/m2camper.com\/de\/wp-json\/wp\/v2\/posts\/11555","targetHints":{"allow":["GET"]}}],"collection":[{"href":"https:\/\/m2camper.com\/de\/wp-json\/wp\/v2\/posts"}],"about":[{"href":"https:\/\/m2camper.com\/de\/wp-json\/wp\/v2\/types\/post"}],"author":[{"embeddable":true,"href":"https:\/\/m2camper.com\/de\/wp-json\/wp\/v2\/users\/5740"}],"replies":[{"embeddable":true,"href":"https:\/\/m2camper.com\/de\/wp-json\/wp\/v2\/comments?post=11555"}],"version-history":[{"count":2,"href":"https:\/\/m2camper.com\/de\/wp-json\/wp\/v2\/posts\/11555\/revisions"}],"predecessor-version":[{"id":11558,"href":"https:\/\/m2camper.com\/de\/wp-json\/wp\/v2\/posts\/11555\/revisions\/11558"}],"wp:featuredmedia":[{"embeddable":true,"href":"https:\/\/m2camper.com\/de\/wp-json\/wp\/v2\/media\/11556"}],"wp:attachment":[{"href":"https:\/\/m2camper.com\/de\/wp-json\/wp\/v2\/media?parent=11555"}],"wp:term":[{"taxonomy":"category","embeddable":true,"href":"https:\/\/m2camper.com\/de\/wp-json\/wp\/v2\/categories?post=11555"},{"taxonomy":"post_tag","embeddable":true,"href":"https:\/\/m2camper.com\/de\/wp-json\/wp\/v2\/tags?post=11555"}],"curies":[{"name":"wp","href":"https:\/\/api.w.org\/{rel}","templated":true}]}}