{"id":18281,"date":"2026-08-24T10:09:38","date_gmt":"2026-08-24T08:09:38","guid":{"rendered":"https:\/\/m2camper.com\/?p=18281"},"modified":"2026-06-25T10:47:56","modified_gmt":"2026-06-25T08:47:56","slug":"despues-de-las-vacaciones-como-revisar-tu-camper-antes-de-guardarla-o-volver-a-usarla","status":"publish","type":"post","link":"https:\/\/m2camper.com\/ca\/despues-de-las-vacaciones-como-revisar-tu-camper-antes-de-guardarla-o-volver-a-usarla\/","title":{"rendered":"Despr\u00e9s de les vacances: com revisar la teva camper abans de guardar-la o tornar-la a utilitzar"},"content":{"rendered":"<h2>El final de les vacances tamb\u00e9 forma part del viatge<\/h2>\n\n<p>Quan s\u2019acaba una escapada o unes vacances llargues en camper, la majoria de viatgers fan exactament el mateix: arriben a casa, descarreguen all\u00f2 imprescindible i deixen la resta per a m\u00e9s endavant.<\/p>\n\n<p>\u00c9s totalment normal.<\/p>\n\n<p>Despr\u00e9s de diversos dies de ruta, l\u2019\u00faltim que ve de gust \u00e9s dedicar temps a revisar el vehicle. Tanmateix, precisament aquest moment \u00e9s un dels m\u00e9s importants per al manteniment d\u2019una camper.<\/p>\n\n<p>Una petita revisi\u00f3 en tornar et pot ajudar a detectar problemes abans que es converteixin en avaries, evitar males olors, conservar millor els materials i trobar el vehicle en perfectes condicions quan arribi la pr\u00f2xima escapada.<\/p>\n\n<p>No cal invertir-hi tota una tarda. Amb una revisi\u00f3 senzilla i ordenada podr\u00e0s mantenir la teva camper a punt per a la seg\u00fcent aventura.<\/p>\n\n<h2>Comen\u00e7a per una neteja completa<\/h2>\n\n<p>Abans de revisar qualsevol element, conv\u00e9 comen\u00e7ar per una cosa b\u00e0sica: netejar.<\/p>\n\n<p>Durant les vacances \u00e9s habitual acumular pols, sorra, fulles, humitat, restes de menjar o brut\u00edcia procedent de l\u2019exterior. Com m\u00e9s temps romanguin dins del vehicle, m\u00e9s dif\u00edcil ser\u00e0 eliminar-los despr\u00e9s.<\/p>\n\n<h3>Interior<\/h3>\n\n<p>Comen\u00e7a retirant tot all\u00f2 que no formi part habitual de l\u2019equipament:<\/p>\n\n<ul>\n  <li>Roba.<\/li>\n  <li>Tovalloles.<\/li>\n  <li>Estris de cuina.<\/li>\n  <li>Menjar.<\/li>\n  <li>Material esportiu.<\/li>\n<\/ul>\n<br>\n<p>Despr\u00e9s, neteja:<\/p>\n\n<ul>\n  <li>Mobles.<\/li>\n  <li>Calaixos.<\/li>\n  <li>Superficies de trabajo.<\/li>\n  <li>Terra.<\/li>\n  <li>Zones d\u2019emmagatzematge.<\/li>\n<\/ul>\n<br>\n<p>A m\u00e9s de millorar la higiene, aprofitar\u00e0s per detectar possibles desgasts o petits danys que hagin passat desapercebuts durant el viatge.<\/p>\n\n<h3>Exterior<\/h3>\n\n<p>La neteja exterior tamb\u00e9 \u00e9s important.<\/p>\n\n<p>Durant l\u2019estiu, els vehicles solen acumular:<\/p>\n\n<ul>\n  <li>Pols.<\/li>\n  <li>Insectes.<\/li>\n  <li>Resina dels arbres.<\/li>\n  <li>Salnitre.<\/li>\n  <li>Restes de fang.<\/li>\n<\/ul>\n<br>\n<p>Eliminar aquests residus ajuda a conservar millor la carrosseria i facilita detectar possibles desperfectes.<\/p>\n\n<h2>Revisa el matal\u00e0s i la zona de descans<\/h2>\n\n<p>El llit sol ser una de les zones m\u00e9s utilitzades durant qualsevol viatge. Tot i aix\u00f2, moltes vegades passa desapercebut durant les tasques de manteniment.<\/p>\n\n<p>En tornar de les vacances, conv\u00e9 comprovar:<\/p>\n\n<ul>\n  <li>L\u2019estat general del matal\u00e0s.<\/li>\n  <li>La pres\u00e8ncia d\u2019humitat.<\/li>\n  <li>Olors estranyes.<\/li>\n  <li>Acumulaci\u00f3 de brut\u00edcia.<\/li>\n  <li>L\u2019estat de les fundes o dels teixits.<\/li>\n<\/ul>\n<br>\n<p>Si \u00e9s possible, deixa que el matal\u00e0s s\u2019airegi durant unes quantes hores. Aix\u00f2 ajuda a eliminar la humitat acumulada i mant\u00e9 els materials en millors condicions durant m\u00e9s temps.<\/p>\n\n<p>Una bona ventilaci\u00f3 despr\u00e9s de cada viatge pot allargar considerablement la vida \u00fatil del sistema de descans.<\/p>\n\n<h2>Comprova l\u2019estat dels a\u00efllants t\u00e8rmics<\/h2>\n\n<p>Els a\u00efllants solen treballar especialment intensament durant l\u2019estiu. Per aix\u00f2, quan acaba l\u2019\u00e8poca de m\u00e9s \u00fas, val la pena dedicar uns minuts a revisar-los.<\/p>\n\n<p>Comprova:<\/p>\n\n<ul>\n  <li>L\u2019estat de les ventoses.<\/li>\n  <li>Possibles deformacions.<\/li>\n  <li>Costures.<\/li>\n  <li>Brut\u00edcia acumulada.<\/li>\n  <li>Humitat.<\/li>\n<\/ul>\n<br>\n<p>Abans de guardar-los, assegura't que estan completament secs. Guardar-los amb humitat pot provocar males olors i fins i tot deteriorar alguns materials amb el pas del temps.<\/p>\n\n<h2>Ventila b\u00e9 el vehicle abans de guardar-lo<\/h2>\n\n<p>Un dels errors m\u00e9s freq\u00fcents \u00e9s tancar la camper immediatament despr\u00e9s de tornar del viatge.<\/p>\n\n<p>Encara que aparentment tot sembli sec, sempre queda una certa humitat acumulada procedent de:<\/p>\n\n<ul>\n  <li>La respiraci\u00f3n.<\/li>\n  <li>La cuina.<\/li>\n  <li>La dutxa.<\/li>\n  <li>La condensaci\u00f3n.<\/li>\n  <li>La roba humida.<\/li>\n<\/ul>\n<br>\n<p>Per aix\u00f2 \u00e9s recomanable mantenir portes i finestres obertes durant una estona per renovar completament l\u2019aire de l\u2019interior.<\/p>\n\n<p>\u00c9s una tasca senzilla que pot prevenir molts problemes posteriors.<\/p>\n\n<h2>Busca senyals d\u2019humitat abans que apareguin problemes<\/h2>\n\n<p>El final de l\u2019estiu \u00e9s un bon moment per detectar possibles zones conflictives.<\/p>\n\n<p>Revisa especialment:<\/p>\n\n<ul>\n  <li>Cantonades.<\/li>\n  <li>Marcs de les finestres.<\/li>\n  <li>Compartiments tancats.<\/li>\n  <li>Zones sota el matal\u00e0s.<\/li>\n  <li>Espais poc ventilats.<\/li>\n<\/ul>\n<br>\n<p>Detectar la humitat a temps \u00e9s molt m\u00e9s senzill que solucionar-ne les conseq\u00fc\u00e8ncies mesos despr\u00e9s.<\/p>\n\n<p>A m\u00e9s, aquesta revisi\u00f3 t\u2019ajudar\u00e0 a preparar el vehicle per a l\u2019arribada de les temperatures m\u00e9s baixes de la tardor.<\/p>\n\n<h2>Revisa els elements que m\u00e9s han treballat durant l\u2019estiu<\/h2>\n\n<p>Hi ha components que pateixen especialment durant les vacances.<\/p>\n\n<p>Per exemple:<\/p>\n\n<h3>Sistemes d\u2019obertura.<\/h3>\n\n<p>Les portes, els calaixos i les frontisses solen utilitzar-se molt m\u00e9s durant els viatges.<\/p>\n\n<h3>Equipament el\u00e8ctric.<\/h3>\n\n<p>Comprueba que luces, enchufes y conexiones funcionan correctamente.<\/p>\n\n<h3>Elements t\u00e8xtils.<\/h3>\n\n<p>Les cortines, les fundes o els protectors poden necessitar una neteja abans de guardar-los.<\/p>\n\n<p>Les petites revisions peri\u00f2diques ajuden a detectar desgasts abans que es converteixin en problemes m\u00e9s importants.<\/p>\n\n<h2>Si aviat tornar\u00e0s a viatjar, aprofita per deixar-ho tot a punt<\/h2>\n\n<p>No tots els viatgers guarden la camper fins a la temporada seg\u00fcent. Molts continuen gaudint d\u2019escapades durant el setembre, l\u2019octubre o fins i tot durant l\u2019hivern.<\/p>\n\n<p>Si \u00e9s el teu cas, aquest \u00e9s el moment ideal per deixar el vehicle a punt:<\/p>\n\n<ul>\n  <li>Reorganitza l\u2019equipament.<\/li>\n  <li>Reposa els consumibles.<\/li>\n  <li>Revisa el que has utilitzat realment.<\/li>\n  <li>Elimina all\u00f2 que no necessites.<\/li>\n<\/ul>\n<br>\n<p>D\u2019aquesta manera, la pr\u00f2xima sortida ser\u00e0 molt m\u00e9s c\u00f2moda i r\u00e0pida.<\/p>\n\n<h2>Una hora de revisi\u00f3 pot evitar molts problemes futurs<\/h2>\n\n<p>La majoria dels problemes relacionats amb la humitat, les males olors o el deteriorament dels materials no apareixen d\u2019un dia per l\u2019altre.<\/p>\n\n<p>Solen comen\u00e7ar amb petits detalls que passen desapercebuts despr\u00e9s d\u2019una escapada.<\/p>\n\n<p>Dedicar una hora a revisar el vehicle despr\u00e9s de les vacances pot ajudar-te a conservar millor la teva camper i a gaudir-ne durant molts m\u00e9s anys.<\/p>\n\n<p>A m\u00e9s, et permetr\u00e0 comen\u00e7ar la pr\u00f2xima aventura amb la tranquil\u00b7litat de saber que tot est\u00e0 en ordre.<\/p>\n\n\n\n\n<h2 class=\"wp-block-heading\">Preguntes freq\u00fcents<\/h2>\n\n\n\n<details class=\"wp-block-details is-layout-flow wp-block-details-is-layout-flow\"><summary><strong>Cal netejar la camper despr\u00e9s de cada viatge?<\/strong><\/summary>\n<p class=\"wp-block-paragraph\">S\u00ed. Encara que sigui una escapada curta, una neteja b\u00e0sica ajuda a conservar millor els materials i a detectar possibles problemes.<\/p>\n<\/details>\n\n\n\n<details class=\"wp-block-details is-layout-flow wp-block-details-is-layout-flow\"><summary><strong>Cal airejar el matal\u00e0s en tornar de les vacances?<\/strong><\/summary>\n<p class=\"wp-block-paragraph\">S\u00ed. \u00c9s una de les millors maneres d\u2019eliminar la humitat acumulada i mantenir-lo en bon estat.<\/p>\n<\/details>\n\n\n\n<details class=\"wp-block-details is-layout-flow wp-block-details-is-layout-flow\"><summary><strong>Com guardo correctament els a\u00efllants t\u00e8rmics?<\/strong><\/summary>\n<p class=\"wp-block-paragraph\">El m\u00e9s important \u00e9s assegurar-se que estiguin completament secs abans de guardar-los.<\/p>\n<\/details>\n\n\n\n<details class=\"wp-block-details is-layout-flow wp-block-details-is-layout-flow\"><summary><strong>Quines zones acumulen m\u00e9s humitat dins d\u2019una camper?<\/strong><\/summary>\n<p class=\"wp-block-paragraph\">Les zones sota el matal\u00e0s, els compartiments tancats i els marcs de les finestres solen ser les m\u00e9s sensibles.<\/p>\n<\/details>\n\n\n\n<br><p>Un bon manteniment despr\u00e9s de les vacances \u00e9s la millor manera de conservar la teva camper en perfectes condicions durant molts anys.<\/p>\n\n<p>Si durant la revisi\u00f3 detectes que ha arribat el moment de renovar la teva zona de descans o de millorar el confort t\u00e8rmic del vehicle, a M2Camper fabriquem matalassos i a\u00efllants t\u00e8rmics a mida per ajudar-te a gaudir de cada viatge amb la m\u00e0xima comoditat.<\/p>\n\n\n<div class=\"wp-block-image\">\n<figure class=\"aligncenter size-full is-resized\"><img fetchpriority=\"high\" decoding=\"async\" width=\"1672\" height=\"941\" src=\"https:\/\/m2camper.com\/wp-content\/uploads\/2026\/06\/revisar-camper-despues-de-vacaciones.webp\" alt=\"manteniment de la camper despr\u00e9s de l\u2019estiu\" class=\"wp-image-18282\" style=\"width:500px\" srcset=\"https:\/\/m2camper.com\/wp-content\/uploads\/2026\/06\/revisar-camper-despues-de-vacaciones.webp 1672w, https:\/\/m2camper.com\/wp-content\/uploads\/2026\/06\/revisar-camper-despues-de-vacaciones-300x169.webp 300w, https:\/\/m2camper.com\/wp-content\/uploads\/2026\/06\/revisar-camper-despues-de-vacaciones-1024x576.webp 1024w, https:\/\/m2camper.com\/wp-content\/uploads\/2026\/06\/revisar-camper-despues-de-vacaciones-768x432.webp 768w, https:\/\/m2camper.com\/wp-content\/uploads\/2026\/06\/revisar-camper-despues-de-vacaciones-1536x864.webp 1536w, https:\/\/m2camper.com\/wp-content\/uploads\/2026\/06\/revisar-camper-despues-de-vacaciones-18x10.webp 18w, https:\/\/m2camper.com\/wp-content\/uploads\/2026\/06\/revisar-camper-despues-de-vacaciones-600x338.webp 600w\" sizes=\"(max-width: 1672px) 100vw, 1672px\" \/><\/figure>\n<\/div>","protected":false},"excerpt":{"rendered":"<p>El final de las vacaciones tambi\u00e9n forma parte del viaje Cuando termina una escapada o unas vacaciones largas en camper, la mayor\u00eda de viajeros hacen exactamente lo mismo: llegan a casa, descargan lo imprescindible y dejan el resto para m\u00e1s adelante. Es totalmente normal. Despu\u00e9s de varios d\u00edas en ruta, lo \u00faltimo que apetece es&hellip;&nbsp;<a href=\"https:\/\/m2camper.com\/ca\/despues-de-las-vacaciones-como-revisar-tu-camper-antes-de-guardarla-o-volver-a-usarla\/\" rel=\"bookmark\">Llegiu m\u00e9s \u00bb<span class=\"screen-reader-text\">Despr\u00e9s de les vacances: com revisar la teva camper abans de guardar-la o tornar-la a utilitzar<\/span><\/a><\/p>","protected":false},"author":5741,"featured_media":18282,"comment_status":"closed","ping_status":"closed","sticky":false,"template":"","format":"standard","meta":{"neve_meta_sidebar":"","neve_meta_container":"","neve_meta_enable_content_width":"","neve_meta_content_width":0,"neve_meta_title_alignment":"","neve_meta_author_avatar":"","neve_post_elements_order":"","neve_meta_disable_header":"","neve_meta_disable_footer":"","neve_meta_disable_title":"","footnotes":""},"categories":[202],"tags":[],"class_list":["post-18281","post","type-post","status-publish","format-standard","has-post-thumbnail","hentry","category-camperizacion-de-furgonetas"],"yoast_head":"<!-- This site is optimized with the Yoast SEO plugin v28.3 - https:\/\/yoast.com\/product\/yoast-seo-wordpress\/ -->\n<title>C\u00f3mo revisar tu camper despu\u00e9s de las vacaciones | Gu\u00eda pr\u00e1ctica<\/title>\n<meta name=\"description\" content=\"Descubre qu\u00e9 revisar en tu camper despu\u00e9s de las vacaciones para mantenerla en buen estado, evitar problemas y preparar futuras escapadas.\" \/>\n<meta name=\"robots\" content=\"index, follow, max-snippet:-1, max-image-preview:large, max-video-preview:-1\" \/>\n<link rel=\"canonical\" href=\"https:\/\/m2camper.com\/ca\/despues-de-las-vacaciones-como-revisar-tu-camper-antes-de-guardarla-o-volver-a-usarla\/\" \/>\n<meta property=\"og:locale\" content=\"ca_ES\" \/>\n<meta property=\"og:type\" content=\"article\" \/>\n<meta property=\"og:title\" content=\"C\u00f3mo revisar tu camper despu\u00e9s de las vacaciones | Gu\u00eda pr\u00e1ctica\" \/>\n<meta property=\"og:description\" content=\"Descubre qu\u00e9 revisar en tu camper despu\u00e9s de las vacaciones para mantenerla en buen estado, evitar problemas y preparar futuras escapadas.\" \/>\n<meta property=\"og:url\" content=\"https:\/\/m2camper.com\/ca\/despues-de-las-vacaciones-como-revisar-tu-camper-antes-de-guardarla-o-volver-a-usarla\/\" \/>\n<meta property=\"og:site_name\" content=\"M2 Camper | Aislantes t\u00e9rmicos y oscurecedores para campers\" \/>\n<meta property=\"article:published_time\" content=\"2026-08-24T08:09:38+00:00\" \/>\n<meta property=\"og:image\" content=\"https:\/\/m2camper.com\/wp-content\/uploads\/2026\/06\/revisar-camper-despues-de-vacaciones.webp\" \/>\n\t<meta property=\"og:image:width\" content=\"1672\" \/>\n\t<meta property=\"og:image:height\" content=\"941\" \/>\n\t<meta property=\"og:image:type\" content=\"image\/webp\" \/>\n<meta name=\"author\" content=\"Prubs214s\" \/>\n<meta name=\"twitter:card\" content=\"summary_large_image\" \/>\n<meta name=\"twitter:label1\" content=\"Escrit per\" \/>\n\t<meta name=\"twitter:data1\" content=\"Prubs214s\" \/>\n\t<meta name=\"twitter:label2\" content=\"Temps estimat de lectura\" \/>\n\t<meta name=\"twitter:data2\" content=\"5 minuts\" \/>\n<script type=\"application\/ld+json\" class=\"yoast-schema-graph\">{\"@context\":\"https:\\\/\\\/schema.org\",\"@graph\":[{\"@type\":\"Article\",\"@id\":\"https:\\\/\\\/m2camper.com\\\/despues-de-las-vacaciones-como-revisar-tu-camper-antes-de-guardarla-o-volver-a-usarla\\\/#article\",\"isPartOf\":{\"@id\":\"https:\\\/\\\/m2camper.com\\\/despues-de-las-vacaciones-como-revisar-tu-camper-antes-de-guardarla-o-volver-a-usarla\\\/\"},\"author\":{\"name\":\"Prubs214s\",\"@id\":\"https:\\\/\\\/m2camper.com\\\/pt\\\/#\\\/schema\\\/person\\\/ad1e681f60b2e23c9b88a93e6d3feab3\"},\"headline\":\"Despu\u00e9s de las vacaciones: c\u00f3mo revisar tu camper antes de guardarla o volver a usarla\",\"datePublished\":\"2026-08-24T08:09:38+00:00\",\"mainEntityOfPage\":{\"@id\":\"https:\\\/\\\/m2camper.com\\\/despues-de-las-vacaciones-como-revisar-tu-camper-antes-de-guardarla-o-volver-a-usarla\\\/\"},\"wordCount\":1095,\"image\":{\"@id\":\"https:\\\/\\\/m2camper.com\\\/despues-de-las-vacaciones-como-revisar-tu-camper-antes-de-guardarla-o-volver-a-usarla\\\/#primaryimage\"},\"thumbnailUrl\":\"https:\\\/\\\/m2camper.com\\\/wp-content\\\/uploads\\\/2026\\\/06\\\/revisar-camper-despues-de-vacaciones.webp\",\"articleSection\":[\"camperizaci\u00f3n de furgonetas\"],\"inLanguage\":\"ca\"},{\"@type\":\"WebPage\",\"@id\":\"https:\\\/\\\/m2camper.com\\\/despues-de-las-vacaciones-como-revisar-tu-camper-antes-de-guardarla-o-volver-a-usarla\\\/\",\"url\":\"https:\\\/\\\/m2camper.com\\\/despues-de-las-vacaciones-como-revisar-tu-camper-antes-de-guardarla-o-volver-a-usarla\\\/\",\"name\":\"C\u00f3mo revisar tu camper despu\u00e9s de las vacaciones | Gu\u00eda pr\u00e1ctica\",\"isPartOf\":{\"@id\":\"https:\\\/\\\/m2camper.com\\\/pt\\\/#website\"},\"primaryImageOfPage\":{\"@id\":\"https:\\\/\\\/m2camper.com\\\/despues-de-las-vacaciones-como-revisar-tu-camper-antes-de-guardarla-o-volver-a-usarla\\\/#primaryimage\"},\"image\":{\"@id\":\"https:\\\/\\\/m2camper.com\\\/despues-de-las-vacaciones-como-revisar-tu-camper-antes-de-guardarla-o-volver-a-usarla\\\/#primaryimage\"},\"thumbnailUrl\":\"https:\\\/\\\/m2camper.com\\\/wp-content\\\/uploads\\\/2026\\\/06\\\/revisar-camper-despues-de-vacaciones.webp\",\"datePublished\":\"2026-08-24T08:09:38+00:00\",\"author\":{\"@id\":\"https:\\\/\\\/m2camper.com\\\/pt\\\/#\\\/schema\\\/person\\\/ad1e681f60b2e23c9b88a93e6d3feab3\"},\"description\":\"Descubre qu\u00e9 revisar en tu camper despu\u00e9s de las vacaciones para mantenerla en buen estado, evitar problemas y preparar futuras escapadas.\",\"breadcrumb\":{\"@id\":\"https:\\\/\\\/m2camper.com\\\/despues-de-las-vacaciones-como-revisar-tu-camper-antes-de-guardarla-o-volver-a-usarla\\\/#breadcrumb\"},\"inLanguage\":\"ca\",\"potentialAction\":[{\"@type\":\"ReadAction\",\"target\":[\"https:\\\/\\\/m2camper.com\\\/despues-de-las-vacaciones-como-revisar-tu-camper-antes-de-guardarla-o-volver-a-usarla\\\/\"]}]},{\"@type\":\"ImageObject\",\"inLanguage\":\"ca\",\"@id\":\"https:\\\/\\\/m2camper.com\\\/despues-de-las-vacaciones-como-revisar-tu-camper-antes-de-guardarla-o-volver-a-usarla\\\/#primaryimage\",\"url\":\"https:\\\/\\\/m2camper.com\\\/wp-content\\\/uploads\\\/2026\\\/06\\\/revisar-camper-despues-de-vacaciones.webp\",\"contentUrl\":\"https:\\\/\\\/m2camper.com\\\/wp-content\\\/uploads\\\/2026\\\/06\\\/revisar-camper-despues-de-vacaciones.webp\",\"width\":1672,\"height\":941,\"caption\":\"revisar camper despu\u00e9s de vacaciones\"},{\"@type\":\"BreadcrumbList\",\"@id\":\"https:\\\/\\\/m2camper.com\\\/despues-de-las-vacaciones-como-revisar-tu-camper-antes-de-guardarla-o-volver-a-usarla\\\/#breadcrumb\",\"itemListElement\":[{\"@type\":\"ListItem\",\"position\":1,\"name\":\"Portada\",\"item\":\"https:\\\/\\\/m2camper.com\\\/pt\\\/\"},{\"@type\":\"ListItem\",\"position\":2,\"name\":\"Despu\u00e9s de las vacaciones: c\u00f3mo revisar tu camper antes de guardarla o volver a usarla\"}]},{\"@type\":\"WebSite\",\"@id\":\"https:\\\/\\\/m2camper.com\\\/pt\\\/#website\",\"url\":\"https:\\\/\\\/m2camper.com\\\/pt\\\/\",\"name\":\"M2 Campers | Aislantes t\u00e9rmicos y oscurecedores para campers\",\"description\":\"Descubre calidad y confort de nuestros aislantes t\u00e9rmicos oscurecedores y colchones para veh\u00edculos. Optimiza tu experiencia en carretera con M2 Camper.\",\"potentialAction\":[{\"@type\":\"SearchAction\",\"target\":{\"@type\":\"EntryPoint\",\"urlTemplate\":\"https:\\\/\\\/m2camper.com\\\/pt\\\/?s={search_term_string}\"},\"query-input\":{\"@type\":\"PropertyValueSpecification\",\"valueRequired\":true,\"valueName\":\"search_term_string\"}}],\"inLanguage\":\"ca\"},{\"@type\":\"Person\",\"@id\":\"https:\\\/\\\/m2camper.com\\\/pt\\\/#\\\/schema\\\/person\\\/ad1e681f60b2e23c9b88a93e6d3feab3\",\"name\":\"Prubs214s\",\"image\":{\"@type\":\"ImageObject\",\"inLanguage\":\"ca\",\"@id\":\"https:\\\/\\\/secure.gravatar.com\\\/avatar\\\/74706914812c3b473b95a5253410b33d71c50bf5f0d5423532bc0afa617d4316?s=96&d=mm&r=g\",\"url\":\"https:\\\/\\\/secure.gravatar.com\\\/avatar\\\/74706914812c3b473b95a5253410b33d71c50bf5f0d5423532bc0afa617d4316?s=96&d=mm&r=g\",\"contentUrl\":\"https:\\\/\\\/secure.gravatar.com\\\/avatar\\\/74706914812c3b473b95a5253410b33d71c50bf5f0d5423532bc0afa617d4316?s=96&d=mm&r=g\",\"caption\":\"Prubs214s\"},\"url\":\"https:\\\/\\\/m2camper.com\\\/ca\\\/author\\\/prubs214s\\\/\"}]}<\/script>\n<!-- \/ Yoast SEO plugin. -->","yoast_head_json":{"title":"Com revisar la teva camper despr\u00e9s de les vacances | Guia pr\u00e0ctica","description":"Descobreix qu\u00e8 cal revisar a la teva camper despr\u00e9s de les vacances per mantenir-la en bon estat, evitar problemes i preparar les futures escapades.","robots":{"index":"index","follow":"follow","max-snippet":"max-snippet:-1","max-image-preview":"max-image-preview:large","max-video-preview":"max-video-preview:-1"},"canonical":"https:\/\/m2camper.com\/ca\/despues-de-las-vacaciones-como-revisar-tu-camper-antes-de-guardarla-o-volver-a-usarla\/","og_locale":"ca_ES","og_type":"article","og_title":"C\u00f3mo revisar tu camper despu\u00e9s de las vacaciones | Gu\u00eda pr\u00e1ctica","og_description":"Descubre qu\u00e9 revisar en tu camper despu\u00e9s de las vacaciones para mantenerla en buen estado, evitar problemas y preparar futuras escapadas.","og_url":"https:\/\/m2camper.com\/ca\/despues-de-las-vacaciones-como-revisar-tu-camper-antes-de-guardarla-o-volver-a-usarla\/","og_site_name":"M2 Camper | Aislantes t\u00e9rmicos y oscurecedores para campers","article_published_time":"2026-08-24T08:09:38+00:00","og_image":[{"width":1672,"height":941,"url":"https:\/\/m2camper.com\/wp-content\/uploads\/2026\/06\/revisar-camper-despues-de-vacaciones.webp","type":"image\/webp"}],"author":"Prubs214s","twitter_card":"summary_large_image","twitter_misc":{"Escrit per":"Prubs214s","Temps estimat de lectura":"5 minuts"},"schema":{"@context":"https:\/\/schema.org","@graph":[{"@type":"Article","@id":"https:\/\/m2camper.com\/despues-de-las-vacaciones-como-revisar-tu-camper-antes-de-guardarla-o-volver-a-usarla\/#article","isPartOf":{"@id":"https:\/\/m2camper.com\/despues-de-las-vacaciones-como-revisar-tu-camper-antes-de-guardarla-o-volver-a-usarla\/"},"author":{"name":"Prubs214s","@id":"https:\/\/m2camper.com\/pt\/#\/schema\/person\/ad1e681f60b2e23c9b88a93e6d3feab3"},"headline":"Despu\u00e9s de las vacaciones: c\u00f3mo revisar tu camper antes de guardarla o volver a usarla","datePublished":"2026-08-24T08:09:38+00:00","mainEntityOfPage":{"@id":"https:\/\/m2camper.com\/despues-de-las-vacaciones-como-revisar-tu-camper-antes-de-guardarla-o-volver-a-usarla\/"},"wordCount":1095,"image":{"@id":"https:\/\/m2camper.com\/despues-de-las-vacaciones-como-revisar-tu-camper-antes-de-guardarla-o-volver-a-usarla\/#primaryimage"},"thumbnailUrl":"https:\/\/m2camper.com\/wp-content\/uploads\/2026\/06\/revisar-camper-despues-de-vacaciones.webp","articleSection":["camperizaci\u00f3n de furgonetas"],"inLanguage":"ca"},{"@type":"WebPage","@id":"https:\/\/m2camper.com\/despues-de-las-vacaciones-como-revisar-tu-camper-antes-de-guardarla-o-volver-a-usarla\/","url":"https:\/\/m2camper.com\/despues-de-las-vacaciones-como-revisar-tu-camper-antes-de-guardarla-o-volver-a-usarla\/","name":"Com revisar la teva camper despr\u00e9s de les vacances | Guia pr\u00e0ctica","isPartOf":{"@id":"https:\/\/m2camper.com\/pt\/#website"},"primaryImageOfPage":{"@id":"https:\/\/m2camper.com\/despues-de-las-vacaciones-como-revisar-tu-camper-antes-de-guardarla-o-volver-a-usarla\/#primaryimage"},"image":{"@id":"https:\/\/m2camper.com\/despues-de-las-vacaciones-como-revisar-tu-camper-antes-de-guardarla-o-volver-a-usarla\/#primaryimage"},"thumbnailUrl":"https:\/\/m2camper.com\/wp-content\/uploads\/2026\/06\/revisar-camper-despues-de-vacaciones.webp","datePublished":"2026-08-24T08:09:38+00:00","author":{"@id":"https:\/\/m2camper.com\/pt\/#\/schema\/person\/ad1e681f60b2e23c9b88a93e6d3feab3"},"description":"Descobreix qu\u00e8 cal revisar a la teva camper despr\u00e9s de les vacances per mantenir-la en bon estat, evitar problemes i preparar les futures escapades.","breadcrumb":{"@id":"https:\/\/m2camper.com\/despues-de-las-vacaciones-como-revisar-tu-camper-antes-de-guardarla-o-volver-a-usarla\/#breadcrumb"},"inLanguage":"ca","potentialAction":[{"@type":"ReadAction","target":["https:\/\/m2camper.com\/despues-de-las-vacaciones-como-revisar-tu-camper-antes-de-guardarla-o-volver-a-usarla\/"]}]},{"@type":"ImageObject","inLanguage":"ca","@id":"https:\/\/m2camper.com\/despues-de-las-vacaciones-como-revisar-tu-camper-antes-de-guardarla-o-volver-a-usarla\/#primaryimage","url":"https:\/\/m2camper.com\/wp-content\/uploads\/2026\/06\/revisar-camper-despues-de-vacaciones.webp","contentUrl":"https:\/\/m2camper.com\/wp-content\/uploads\/2026\/06\/revisar-camper-despues-de-vacaciones.webp","width":1672,"height":941,"caption":"revisar camper despu\u00e9s de vacaciones"},{"@type":"BreadcrumbList","@id":"https:\/\/m2camper.com\/despues-de-las-vacaciones-como-revisar-tu-camper-antes-de-guardarla-o-volver-a-usarla\/#breadcrumb","itemListElement":[{"@type":"ListItem","position":1,"name":"Portada","item":"https:\/\/m2camper.com\/pt\/"},{"@type":"ListItem","position":2,"name":"Despu\u00e9s de las vacaciones: c\u00f3mo revisar tu camper antes de guardarla o volver a usarla"}]},{"@type":"WebSite","@id":"https:\/\/m2camper.com\/pt\/#website","url":"https:\/\/m2camper.com\/pt\/","name":"M2 Campers | A\u00efllants t\u00e8rmics i enfosquidors per a campers","description":"Descobreix qualitat i confort dels nostres a\u00efllants t\u00e8rmics enfosquidors i matalassos per a vehicles. Optimitza la teva experi\u00e8ncia a la carretera amb M2 Camper.","potentialAction":[{"@type":"SearchAction","target":{"@type":"EntryPoint","urlTemplate":"https:\/\/m2camper.com\/pt\/?s={search_term_string}"},"query-input":{"@type":"PropertyValueSpecification","valueRequired":true,"valueName":"search_term_string"}}],"inLanguage":"ca"},{"@type":"Person","@id":"https:\/\/m2camper.com\/pt\/#\/schema\/person\/ad1e681f60b2e23c9b88a93e6d3feab3","name":"Prubs214s","image":{"@type":"ImageObject","inLanguage":"ca","@id":"https:\/\/secure.gravatar.com\/avatar\/74706914812c3b473b95a5253410b33d71c50bf5f0d5423532bc0afa617d4316?s=96&d=mm&r=g","url":"https:\/\/secure.gravatar.com\/avatar\/74706914812c3b473b95a5253410b33d71c50bf5f0d5423532bc0afa617d4316?s=96&d=mm&r=g","contentUrl":"https:\/\/secure.gravatar.com\/avatar\/74706914812c3b473b95a5253410b33d71c50bf5f0d5423532bc0afa617d4316?s=96&d=mm&r=g","caption":"Prubs214s"},"url":"https:\/\/m2camper.com\/ca\/author\/prubs214s\/"}]}},"_links":{"self":[{"href":"https:\/\/m2camper.com\/ca\/wp-json\/wp\/v2\/posts\/18281","targetHints":{"allow":["GET"]}}],"collection":[{"href":"https:\/\/m2camper.com\/ca\/wp-json\/wp\/v2\/posts"}],"about":[{"href":"https:\/\/m2camper.com\/ca\/wp-json\/wp\/v2\/types\/post"}],"author":[{"embeddable":true,"href":"https:\/\/m2camper.com\/ca\/wp-json\/wp\/v2\/users\/5741"}],"replies":[{"embeddable":true,"href":"https:\/\/m2camper.com\/ca\/wp-json\/wp\/v2\/comments?post=18281"}],"version-history":[{"count":2,"href":"https:\/\/m2camper.com\/ca\/wp-json\/wp\/v2\/posts\/18281\/revisions"}],"predecessor-version":[{"id":18284,"href":"https:\/\/m2camper.com\/ca\/wp-json\/wp\/v2\/posts\/18281\/revisions\/18284"}],"wp:featuredmedia":[{"embeddable":true,"href":"https:\/\/m2camper.com\/ca\/wp-json\/wp\/v2\/media\/18282"}],"wp:attachment":[{"href":"https:\/\/m2camper.com\/ca\/wp-json\/wp\/v2\/media?parent=18281"}],"wp:term":[{"taxonomy":"category","embeddable":true,"href":"https:\/\/m2camper.com\/ca\/wp-json\/wp\/v2\/categories?post=18281"},{"taxonomy":"post_tag","embeddable":true,"href":"https:\/\/m2camper.com\/ca\/wp-json\/wp\/v2\/tags?post=18281"}],"curies":[{"name":"wp","href":"https:\/\/api.w.org\/{rel}","templated":true}]}}