{"id":16985,"date":"2026-04-27T10:21:00","date_gmt":"2026-04-27T08:21:00","guid":{"rendered":"https:\/\/m2camper.com\/?p=16985"},"modified":"2026-04-01T18:41:53","modified_gmt":"2026-04-01T16:41:53","slug":"condensacion-camper-como-evitarla","status":"publish","type":"post","link":"https:\/\/m2camper.com\/ca\/condensacion-camper-como-evitarla\/","title":{"rendered":"Condensaci\u00f3 en camper: per qu\u00e8 es produeix i com evitar-la de veritat"},"content":{"rendered":"<p>Si alguna vegada t\u2019has despertat amb les finestres completament entelades o amb sensaci\u00f3 d\u2019humitat dins del teu vehicle, ja saps com d\u2019inc\u00f2moda pot ser la condensaci\u00f3 en una camper.<\/p>\n\n\n\n<p>Per\u00f2 m\u00e9s enll\u00e0 de la incomoditat, \u00e9s un problema que afecta directament el confort\u2026 i a llarg termini, el mateix vehicle.<\/p>\n\n\n\n<h2 class=\"wp-block-heading\">Qu\u00e8 \u00e9s la condensaci\u00f3 en una camper<\/h2>\n\n\n\n<p>La condensaci\u00f3 apareix quan l\u2019aire calent i humit de l\u2019interior entra en contacte amb superf\u00edcies fredes, com els vidres.<\/p>\n\n\n\n<p>Resultat:<\/p>\n\n\n\n<ul class=\"wp-block-list\">\n<li>Aigua a les finestres<\/li>\n\n\n\n<li>Sensaci\u00f3 d\u2019humitat<\/li>\n\n\n\n<li>Ambient inc\u00f2mode per dormir<\/li>\n<\/ul>\n\n\n\n<p><\/p>\n\n\n\n<h2 class=\"wp-block-heading\">Per qu\u00e8 apareix humitat dins del vehicle<\/h2>\n\n\n\n<p>Encara que no ho sembli, generem molta humitat:<\/p>\n\n\n\n<ul class=\"wp-block-list\">\n<li>Respiraci\u00f3 durant la nit<\/li>\n\n\n\n<li>Suor corporal<\/li>\n\n\n\n<li>Difer\u00e8ncia de temperatura interior\/exterior<\/li>\n<\/ul>\n\n\n\n<p><\/p>\n\n\n\n<p>I en un espai tan petit com un cotxe o una furgoneta, aix\u00f2 es multiplica.<\/p>\n\n\n\n<h2 class=\"wp-block-heading\">Problemes reals de la condensaci\u00f3<\/h2>\n\n\n\n<p>No \u00e9s nom\u00e9s una mol\u00e8stia puntual:<\/p>\n\n\n\n<ul class=\"wp-block-list\">\n<li>Empitjora el descans<\/li>\n\n\n\n<li>Augmenta la sensaci\u00f3 de fred<\/li>\n\n\n\n<li>Pot generar males olors<\/li>\n\n\n\n<li>A llarg termini, pot afectar els materials<\/li>\n<\/ul>\n\n\n\n<p><\/p>\n\n\n\n<h2 class=\"wp-block-heading\">Com evitar la condensaci\u00f3 pas a pas<\/h2>\n\n\n\n<h3 class=\"wp-block-heading\">Ventilaci\u00f3<\/h3>\n\n\n\n<p>\u00c9s fonamental renovar l\u2019aire.<\/p>\n\n\n\n<p>Opcions:<\/p>\n\n\n\n<ul class=\"wp-block-list\">\n<li>Deixar una petita obertura<\/li>\n\n\n\n<li>Utilitzar deflectors<\/li>\n<\/ul>\n\n\n\n<p><\/p>\n\n\n\n<h3 class=\"wp-block-heading\">A\u00efllament t\u00e8rmic<\/h3>\n\n\n\n<p>Aqu\u00ed hi ha un dels punts clau.<\/p>\n\n\n\n<p>Els vidres s\u00f3n la principal font de fred, i sense protecci\u00f3:<\/p>\n\n\n\n<ul class=\"wp-block-list\">\n<li>Es refreden r\u00e0pidament<\/li>\n\n\n\n<li>Generen condensaci\u00f3<\/li>\n<\/ul>\n\n\n\n<p><\/p>\n\n\n\n<p class=\"translation-block\">Els <strong><a href=\"\/ca\/aillants\/\" target=\"_self\">a\u00efllants t\u00e8rmics a mida<\/a><\/strong> ajuden a:<\/p>\n\n\n\n<ul class=\"wp-block-list\">\n<li>Reduir el contrast t\u00e8rmic<\/li>\n\n\n\n<li>Minimitzar l\u2019aparici\u00f3 d\u2019humitat<\/li>\n\n\n\n<li>Millorar el confort interior<\/li>\n<\/ul>\n\n\n\n<p><\/p>\n\n\n\n<h3 class=\"wp-block-heading\">\u00das de materials adequats<\/h3>\n\n\n\n<p>Evita solucions improvisades que retenen humitat.<\/p>\n\n\n\n<p>Opta per materials dissenyats per a aquest \u00fas, que:<\/p>\n\n\n\n<ul class=\"wp-block-list\">\n<li>No acumulin aigua<\/li>\n\n\n\n<li>Siguin transpirables<\/li>\n<\/ul>\n\n\n\n<p><\/p>\n\n\n\n<h2 class=\"wp-block-heading\">Solucions eficaces per al dia a dia<\/h2>\n\n\n\n<ul class=\"wp-block-list\">\n<li>Ventilar despr\u00e9s de dormir<\/li>\n\n\n\n<li>Utilitzar a\u00efllants sempre que pernoctis<\/li>\n\n\n\n<li>Assecar les superf\u00edcies si apareix humitat<\/li>\n\n\n\n<li>Mantenir una rutina b\u00e0sica<\/li>\n<\/ul>\n\n\n\n<p><\/p>\n\n\n\n<p class=\"has-large-font-size\"><strong>Preguntes freq\u00fcents<\/strong><\/p>\n\n\n\n<details class=\"wp-block-details is-layout-flow wp-block-details-is-layout-flow\"><summary><strong>\u00c9s normal que hi hagi condensaci\u00f3 a la camper?<\/strong><\/summary>\n<p>S\u00ed, per\u00f2 es pot reduir molt amb bones pr\u00e0ctiques.<\/p>\n<\/details>\n\n\n\n<details class=\"wp-block-details is-layout-flow wp-block-details-is-layout-flow\"><summary><strong>Els a\u00efllants ajuden realment?<\/strong><\/summary>\n<p>S\u00ed, s\u00f3n una de les solucions m\u00e9s efectives.<\/p>\n<\/details>\n\n\n\n<details class=\"wp-block-details is-layout-flow wp-block-details-is-layout-flow\"><summary><strong>\u00c9s pitjor a l\u2019hivern?<\/strong><\/summary>\n<p>S\u00ed, pel major contrast t\u00e8rmic.<\/p>\n<\/details>\n\n\n\n<p><\/p>\n\n\n\n<p>La condensaci\u00f3 no \u00e9s una cosa que hagis d\u2019acceptar com a part del viatge.<\/p>\n\n\n\n<p>Amb les solucions adequades, pots millorar molt\u00edssim la teva experi\u00e8ncia i el teu descans.<\/p>\n\n\n\n<p class=\"translation-block\">Descobreix a <a href=\"\/ca\/\" target=\"_self\">m2camper<\/a> com els a\u00efllants t\u00e8rmics a mida poden ajudar-te a mantenir un interior m\u00e9s sec, c\u00f2mode i preparat per a qualsevol escapada.<\/p>\n\n\n<div class=\"wp-block-image\">\n<figure class=\"aligncenter size-full is-resized\"><img fetchpriority=\"high\" decoding=\"async\" width=\"1080\" height=\"1620\" src=\"https:\/\/m2camper.com\/wp-content\/uploads\/2026\/04\/condensacion-en-una-camper.webp\" alt=\"Humitat interior de la furgoneta\" class=\"wp-image-16991\" style=\"aspect-ratio:1;object-fit:cover;width:auto;height:500px\" srcset=\"https:\/\/m2camper.com\/wp-content\/uploads\/2026\/04\/condensacion-en-una-camper.webp 1080w, https:\/\/m2camper.com\/wp-content\/uploads\/2026\/04\/condensacion-en-una-camper-200x300.webp 200w, https:\/\/m2camper.com\/wp-content\/uploads\/2026\/04\/condensacion-en-una-camper-683x1024.webp 683w, https:\/\/m2camper.com\/wp-content\/uploads\/2026\/04\/condensacion-en-una-camper-768x1152.webp 768w, https:\/\/m2camper.com\/wp-content\/uploads\/2026\/04\/condensacion-en-una-camper-1024x1536.webp 1024w, https:\/\/m2camper.com\/wp-content\/uploads\/2026\/04\/condensacion-en-una-camper-8x12.webp 8w, https:\/\/m2camper.com\/wp-content\/uploads\/2026\/04\/condensacion-en-una-camper-300x450.webp 300w, https:\/\/m2camper.com\/wp-content\/uploads\/2026\/04\/condensacion-en-una-camper-600x900.webp 600w\" sizes=\"(max-width: 1080px) 100vw, 1080px\" \/><\/figure>\n<\/div>","protected":false},"excerpt":{"rendered":"<p>Si alguna vez te has despertado con las ventanas completamente empa\u00f1adas o con sensaci\u00f3n de humedad dentro de tu veh\u00edculo, ya sabes lo inc\u00f3moda que puede ser la condensaci\u00f3n en una camper. Pero m\u00e1s all\u00e1 de la incomodidad, es un problema que afecta directamente al confort\u2026 y a largo plazo, al propio veh\u00edculo. Qu\u00e9 es&hellip;&nbsp;<a href=\"https:\/\/m2camper.com\/ca\/condensacion-camper-como-evitarla\/\" rel=\"bookmark\">Llegiu m\u00e9s \u00bb<span class=\"screen-reader-text\">Condensaci\u00f3 en camper: per qu\u00e8 es produeix i com evitar-la de veritat<\/span><\/a><\/p>","protected":false},"author":5741,"featured_media":16991,"comment_status":"closed","ping_status":"closed","sticky":false,"template":"","format":"standard","meta":{"neve_meta_sidebar":"","neve_meta_container":"","neve_meta_enable_content_width":"","neve_meta_content_width":0,"neve_meta_title_alignment":"","neve_meta_author_avatar":"","neve_post_elements_order":"","neve_meta_disable_header":"","neve_meta_disable_footer":"","neve_meta_disable_title":"","footnotes":""},"categories":[208,202],"tags":[],"class_list":["post-16985","post","type-post","status-publish","format-standard","has-post-thumbnail","hentry","category-aislantes-termicos","category-camperizacion-de-furgonetas"],"yoast_head":"<!-- This site is optimized with the Yoast SEO plugin v27.4 - https:\/\/yoast.com\/product\/yoast-seo-wordpress\/ -->\n<title>Evitar condensaci\u00f3n en camper: gu\u00eda pr\u00e1ctica - M2 Camper | Aislantes t\u00e9rmicos y oscurecedores para campers<\/title>\n<meta name=\"description\" content=\"Aprende por qu\u00e9 aparece la condensaci\u00f3n en tu camper y c\u00f3mo evitarla con soluciones reales. Mejora tu confort y evita humedad.\" \/>\n<meta name=\"robots\" content=\"index, follow, max-snippet:-1, max-image-preview:large, max-video-preview:-1\" \/>\n<link rel=\"canonical\" href=\"https:\/\/m2camper.com\/ca\/condensacion-camper-como-evitarla\/\" \/>\n<meta property=\"og:locale\" content=\"ca_ES\" \/>\n<meta property=\"og:type\" content=\"article\" \/>\n<meta property=\"og:title\" content=\"Evitar condensaci\u00f3n en camper: gu\u00eda pr\u00e1ctica - M2 Camper | Aislantes t\u00e9rmicos y oscurecedores para campers\" \/>\n<meta property=\"og:description\" content=\"Aprende por qu\u00e9 aparece la condensaci\u00f3n en tu camper y c\u00f3mo evitarla con soluciones reales. Mejora tu confort y evita humedad.\" \/>\n<meta property=\"og:url\" content=\"https:\/\/m2camper.com\/ca\/condensacion-camper-como-evitarla\/\" \/>\n<meta property=\"og:site_name\" content=\"M2 Camper | Aislantes t\u00e9rmicos y oscurecedores para campers\" \/>\n<meta property=\"article:published_time\" content=\"2026-04-27T08:21:00+00:00\" \/>\n<meta property=\"og:image\" content=\"https:\/\/m2camper.com\/wp-content\/uploads\/2026\/04\/condensacion-en-una-camper.webp\" \/>\n\t<meta property=\"og:image:width\" content=\"1080\" \/>\n\t<meta property=\"og:image:height\" content=\"1620\" \/>\n\t<meta property=\"og:image:type\" content=\"image\/webp\" \/>\n<meta name=\"author\" content=\"Prubs214s\" \/>\n<meta name=\"twitter:card\" content=\"summary_large_image\" \/>\n<meta name=\"twitter:label1\" content=\"Escrit per\" \/>\n\t<meta name=\"twitter:data1\" content=\"Prubs214s\" \/>\n\t<meta name=\"twitter:label2\" content=\"Temps estimat de lectura\" \/>\n\t<meta name=\"twitter:data2\" content=\"3 minuts\" \/>\n<script type=\"application\/ld+json\" class=\"yoast-schema-graph\">{\"@context\":\"https:\\\/\\\/schema.org\",\"@graph\":[{\"@type\":\"Article\",\"@id\":\"https:\\\/\\\/m2camper.com\\\/condensacion-camper-como-evitarla\\\/#article\",\"isPartOf\":{\"@id\":\"https:\\\/\\\/m2camper.com\\\/condensacion-camper-como-evitarla\\\/\"},\"author\":{\"name\":\"Prubs214s\",\"@id\":\"https:\\\/\\\/m2camper.com\\\/pt\\\/#\\\/schema\\\/person\\\/ad1e681f60b2e23c9b88a93e6d3feab3\"},\"headline\":\"Condensaci\u00f3n en camper: por qu\u00e9 ocurre y c\u00f3mo evitarla de verdad\",\"datePublished\":\"2026-04-27T08:21:00+00:00\",\"mainEntityOfPage\":{\"@id\":\"https:\\\/\\\/m2camper.com\\\/condensacion-camper-como-evitarla\\\/\"},\"wordCount\":421,\"image\":{\"@id\":\"https:\\\/\\\/m2camper.com\\\/condensacion-camper-como-evitarla\\\/#primaryimage\"},\"thumbnailUrl\":\"https:\\\/\\\/m2camper.com\\\/wp-content\\\/uploads\\\/2026\\\/04\\\/condensacion-en-una-camper.webp\",\"articleSection\":[\"Aislantes t\u00e9rmicos\",\"camperizaci\u00f3n de furgonetas\"],\"inLanguage\":\"ca\"},{\"@type\":\"WebPage\",\"@id\":\"https:\\\/\\\/m2camper.com\\\/condensacion-camper-como-evitarla\\\/\",\"url\":\"https:\\\/\\\/m2camper.com\\\/condensacion-camper-como-evitarla\\\/\",\"name\":\"Evitar condensaci\u00f3n en camper: gu\u00eda pr\u00e1ctica - M2 Camper | Aislantes t\u00e9rmicos y oscurecedores para campers\",\"isPartOf\":{\"@id\":\"https:\\\/\\\/m2camper.com\\\/pt\\\/#website\"},\"primaryImageOfPage\":{\"@id\":\"https:\\\/\\\/m2camper.com\\\/condensacion-camper-como-evitarla\\\/#primaryimage\"},\"image\":{\"@id\":\"https:\\\/\\\/m2camper.com\\\/condensacion-camper-como-evitarla\\\/#primaryimage\"},\"thumbnailUrl\":\"https:\\\/\\\/m2camper.com\\\/wp-content\\\/uploads\\\/2026\\\/04\\\/condensacion-en-una-camper.webp\",\"datePublished\":\"2026-04-27T08:21:00+00:00\",\"author\":{\"@id\":\"https:\\\/\\\/m2camper.com\\\/pt\\\/#\\\/schema\\\/person\\\/ad1e681f60b2e23c9b88a93e6d3feab3\"},\"description\":\"Aprende por qu\u00e9 aparece la condensaci\u00f3n en tu camper y c\u00f3mo evitarla con soluciones reales. Mejora tu confort y evita humedad.\",\"breadcrumb\":{\"@id\":\"https:\\\/\\\/m2camper.com\\\/condensacion-camper-como-evitarla\\\/#breadcrumb\"},\"inLanguage\":\"ca\",\"potentialAction\":[{\"@type\":\"ReadAction\",\"target\":[\"https:\\\/\\\/m2camper.com\\\/condensacion-camper-como-evitarla\\\/\"]}]},{\"@type\":\"ImageObject\",\"inLanguage\":\"ca\",\"@id\":\"https:\\\/\\\/m2camper.com\\\/condensacion-camper-como-evitarla\\\/#primaryimage\",\"url\":\"https:\\\/\\\/m2camper.com\\\/wp-content\\\/uploads\\\/2026\\\/04\\\/condensacion-en-una-camper.webp\",\"contentUrl\":\"https:\\\/\\\/m2camper.com\\\/wp-content\\\/uploads\\\/2026\\\/04\\\/condensacion-en-una-camper.webp\",\"width\":1080,\"height\":1620,\"caption\":\"humedad interior furgoneta\"},{\"@type\":\"BreadcrumbList\",\"@id\":\"https:\\\/\\\/m2camper.com\\\/condensacion-camper-como-evitarla\\\/#breadcrumb\",\"itemListElement\":[{\"@type\":\"ListItem\",\"position\":1,\"name\":\"Portada\",\"item\":\"https:\\\/\\\/m2camper.com\\\/pt\\\/\"},{\"@type\":\"ListItem\",\"position\":2,\"name\":\"Condensaci\u00f3n en camper: por qu\u00e9 ocurre y c\u00f3mo evitarla de verdad\"}]},{\"@type\":\"WebSite\",\"@id\":\"https:\\\/\\\/m2camper.com\\\/pt\\\/#website\",\"url\":\"https:\\\/\\\/m2camper.com\\\/pt\\\/\",\"name\":\"M2 Campers | Aislantes t\u00e9rmicos y oscurecedores para campers\",\"description\":\"Descubre calidad y confort de nuestros aislantes t\u00e9rmicos oscurecedores y colchones para veh\u00edculos. Optimiza tu experiencia en carretera con M2 Camper.\",\"potentialAction\":[{\"@type\":\"SearchAction\",\"target\":{\"@type\":\"EntryPoint\",\"urlTemplate\":\"https:\\\/\\\/m2camper.com\\\/pt\\\/?s={search_term_string}\"},\"query-input\":{\"@type\":\"PropertyValueSpecification\",\"valueRequired\":true,\"valueName\":\"search_term_string\"}}],\"inLanguage\":\"ca\"},{\"@type\":\"Person\",\"@id\":\"https:\\\/\\\/m2camper.com\\\/pt\\\/#\\\/schema\\\/person\\\/ad1e681f60b2e23c9b88a93e6d3feab3\",\"name\":\"Prubs214s\",\"image\":{\"@type\":\"ImageObject\",\"inLanguage\":\"ca\",\"@id\":\"https:\\\/\\\/secure.gravatar.com\\\/avatar\\\/74706914812c3b473b95a5253410b33d71c50bf5f0d5423532bc0afa617d4316?s=96&d=mm&r=g\",\"url\":\"https:\\\/\\\/secure.gravatar.com\\\/avatar\\\/74706914812c3b473b95a5253410b33d71c50bf5f0d5423532bc0afa617d4316?s=96&d=mm&r=g\",\"contentUrl\":\"https:\\\/\\\/secure.gravatar.com\\\/avatar\\\/74706914812c3b473b95a5253410b33d71c50bf5f0d5423532bc0afa617d4316?s=96&d=mm&r=g\",\"caption\":\"Prubs214s\"},\"url\":\"https:\\\/\\\/m2camper.com\\\/ca\\\/author\\\/prubs214s\\\/\"}]}<\/script>\n<!-- \/ Yoast SEO plugin. -->","yoast_head_json":{"title":"Evitar condensaci\u00f3n en camper: gu\u00eda pr\u00e1ctica - M2 Camper | Aislantes t\u00e9rmicos y oscurecedores para campers","description":"Aprende por qu\u00e9 aparece la condensaci\u00f3n en tu camper y c\u00f3mo evitarla con soluciones reales. Mejora tu confort y evita humedad.","robots":{"index":"index","follow":"follow","max-snippet":"max-snippet:-1","max-image-preview":"max-image-preview:large","max-video-preview":"max-video-preview:-1"},"canonical":"https:\/\/m2camper.com\/ca\/condensacion-camper-como-evitarla\/","og_locale":"ca_ES","og_type":"article","og_title":"Evitar condensaci\u00f3n en camper: gu\u00eda pr\u00e1ctica - M2 Camper | Aislantes t\u00e9rmicos y oscurecedores para campers","og_description":"Aprende por qu\u00e9 aparece la condensaci\u00f3n en tu camper y c\u00f3mo evitarla con soluciones reales. Mejora tu confort y evita humedad.","og_url":"https:\/\/m2camper.com\/ca\/condensacion-camper-como-evitarla\/","og_site_name":"M2 Camper | Aislantes t\u00e9rmicos y oscurecedores para campers","article_published_time":"2026-04-27T08:21:00+00:00","og_image":[{"width":1080,"height":1620,"url":"https:\/\/m2camper.com\/wp-content\/uploads\/2026\/04\/condensacion-en-una-camper.webp","type":"image\/webp"}],"author":"Prubs214s","twitter_card":"summary_large_image","twitter_misc":{"Escrit per":"Prubs214s","Temps estimat de lectura":"3 minuts"},"schema":{"@context":"https:\/\/schema.org","@graph":[{"@type":"Article","@id":"https:\/\/m2camper.com\/condensacion-camper-como-evitarla\/#article","isPartOf":{"@id":"https:\/\/m2camper.com\/condensacion-camper-como-evitarla\/"},"author":{"name":"Prubs214s","@id":"https:\/\/m2camper.com\/pt\/#\/schema\/person\/ad1e681f60b2e23c9b88a93e6d3feab3"},"headline":"Condensaci\u00f3n en camper: por qu\u00e9 ocurre y c\u00f3mo evitarla de verdad","datePublished":"2026-04-27T08:21:00+00:00","mainEntityOfPage":{"@id":"https:\/\/m2camper.com\/condensacion-camper-como-evitarla\/"},"wordCount":421,"image":{"@id":"https:\/\/m2camper.com\/condensacion-camper-como-evitarla\/#primaryimage"},"thumbnailUrl":"https:\/\/m2camper.com\/wp-content\/uploads\/2026\/04\/condensacion-en-una-camper.webp","articleSection":["Aislantes t\u00e9rmicos","camperizaci\u00f3n de furgonetas"],"inLanguage":"ca"},{"@type":"WebPage","@id":"https:\/\/m2camper.com\/condensacion-camper-como-evitarla\/","url":"https:\/\/m2camper.com\/condensacion-camper-como-evitarla\/","name":"Evitar condensaci\u00f3n en camper: gu\u00eda pr\u00e1ctica - M2 Camper | Aislantes t\u00e9rmicos y oscurecedores para campers","isPartOf":{"@id":"https:\/\/m2camper.com\/pt\/#website"},"primaryImageOfPage":{"@id":"https:\/\/m2camper.com\/condensacion-camper-como-evitarla\/#primaryimage"},"image":{"@id":"https:\/\/m2camper.com\/condensacion-camper-como-evitarla\/#primaryimage"},"thumbnailUrl":"https:\/\/m2camper.com\/wp-content\/uploads\/2026\/04\/condensacion-en-una-camper.webp","datePublished":"2026-04-27T08:21:00+00:00","author":{"@id":"https:\/\/m2camper.com\/pt\/#\/schema\/person\/ad1e681f60b2e23c9b88a93e6d3feab3"},"description":"Aprende por qu\u00e9 aparece la condensaci\u00f3n en tu camper y c\u00f3mo evitarla con soluciones reales. Mejora tu confort y evita humedad.","breadcrumb":{"@id":"https:\/\/m2camper.com\/condensacion-camper-como-evitarla\/#breadcrumb"},"inLanguage":"ca","potentialAction":[{"@type":"ReadAction","target":["https:\/\/m2camper.com\/condensacion-camper-como-evitarla\/"]}]},{"@type":"ImageObject","inLanguage":"ca","@id":"https:\/\/m2camper.com\/condensacion-camper-como-evitarla\/#primaryimage","url":"https:\/\/m2camper.com\/wp-content\/uploads\/2026\/04\/condensacion-en-una-camper.webp","contentUrl":"https:\/\/m2camper.com\/wp-content\/uploads\/2026\/04\/condensacion-en-una-camper.webp","width":1080,"height":1620,"caption":"humedad interior furgoneta"},{"@type":"BreadcrumbList","@id":"https:\/\/m2camper.com\/condensacion-camper-como-evitarla\/#breadcrumb","itemListElement":[{"@type":"ListItem","position":1,"name":"Portada","item":"https:\/\/m2camper.com\/pt\/"},{"@type":"ListItem","position":2,"name":"Condensaci\u00f3n en camper: por qu\u00e9 ocurre y c\u00f3mo evitarla de verdad"}]},{"@type":"WebSite","@id":"https:\/\/m2camper.com\/pt\/#website","url":"https:\/\/m2camper.com\/pt\/","name":"M2 Campers | A\u00efllants t\u00e8rmics i enfosquidors per a campers","description":"Descobreix qualitat i confort dels nostres a\u00efllants t\u00e8rmics enfosquidors i matalassos per a vehicles. Optimitza la teva experi\u00e8ncia a la carretera amb M2 Camper.","potentialAction":[{"@type":"SearchAction","target":{"@type":"EntryPoint","urlTemplate":"https:\/\/m2camper.com\/pt\/?s={search_term_string}"},"query-input":{"@type":"PropertyValueSpecification","valueRequired":true,"valueName":"search_term_string"}}],"inLanguage":"ca"},{"@type":"Person","@id":"https:\/\/m2camper.com\/pt\/#\/schema\/person\/ad1e681f60b2e23c9b88a93e6d3feab3","name":"Prubs214s","image":{"@type":"ImageObject","inLanguage":"ca","@id":"https:\/\/secure.gravatar.com\/avatar\/74706914812c3b473b95a5253410b33d71c50bf5f0d5423532bc0afa617d4316?s=96&d=mm&r=g","url":"https:\/\/secure.gravatar.com\/avatar\/74706914812c3b473b95a5253410b33d71c50bf5f0d5423532bc0afa617d4316?s=96&d=mm&r=g","contentUrl":"https:\/\/secure.gravatar.com\/avatar\/74706914812c3b473b95a5253410b33d71c50bf5f0d5423532bc0afa617d4316?s=96&d=mm&r=g","caption":"Prubs214s"},"url":"https:\/\/m2camper.com\/ca\/author\/prubs214s\/"}]}},"_links":{"self":[{"href":"https:\/\/m2camper.com\/ca\/wp-json\/wp\/v2\/posts\/16985","targetHints":{"allow":["GET"]}}],"collection":[{"href":"https:\/\/m2camper.com\/ca\/wp-json\/wp\/v2\/posts"}],"about":[{"href":"https:\/\/m2camper.com\/ca\/wp-json\/wp\/v2\/types\/post"}],"author":[{"embeddable":true,"href":"https:\/\/m2camper.com\/ca\/wp-json\/wp\/v2\/users\/5741"}],"replies":[{"embeddable":true,"href":"https:\/\/m2camper.com\/ca\/wp-json\/wp\/v2\/comments?post=16985"}],"version-history":[{"count":5,"href":"https:\/\/m2camper.com\/ca\/wp-json\/wp\/v2\/posts\/16985\/revisions"}],"predecessor-version":[{"id":16993,"href":"https:\/\/m2camper.com\/ca\/wp-json\/wp\/v2\/posts\/16985\/revisions\/16993"}],"wp:featuredmedia":[{"embeddable":true,"href":"https:\/\/m2camper.com\/ca\/wp-json\/wp\/v2\/media\/16991"}],"wp:attachment":[{"href":"https:\/\/m2camper.com\/ca\/wp-json\/wp\/v2\/media?parent=16985"}],"wp:term":[{"taxonomy":"category","embeddable":true,"href":"https:\/\/m2camper.com\/ca\/wp-json\/wp\/v2\/categories?post=16985"},{"taxonomy":"post_tag","embeddable":true,"href":"https:\/\/m2camper.com\/ca\/wp-json\/wp\/v2\/tags?post=16985"}],"curies":[{"name":"wp","href":"https:\/\/api.w.org\/{rel}","templated":true}]}}