{"id":14040,"date":"2025-06-20T09:08:23","date_gmt":"2025-06-20T07:08:23","guid":{"rendered":"https:\/\/m2camper.com\/?p=14040"},"modified":"2025-06-23T09:33:05","modified_gmt":"2025-06-23T07:33:05","slug":"aillants-a-mida-per-a-habitatges-embarcacions-i-mes-el-confort-termic-va-mes-enlla-del-mon-camper","status":"publish","type":"post","link":"https:\/\/m2camper.com\/ca\/aillants-a-mida-per-a-habitatges-embarcacions-i-mes-el-confort-termic-va-mes-enlla-del-mon-camper\/","title":{"rendered":"A\u00efllants a mida per a habitatges, embarcacions i m\u00e9s: el confort t\u00e8rmic va m\u00e9s enll\u00e0 del m\u00f3n camper"},"content":{"rendered":"<h2 class=\"wp-block-heading has-nv-dark-bg-color has-text-color has-link-color wp-elements-bd55eac3c0716ffafefa79888eebdfc6\">A\u00efllants per a la teva comoditat<\/h2>\n\n\n\n<p class=\"has-nv-dark-bg-color has-text-color has-link-color wp-elements-aa96f9a31f67f0511daa2beaf73f10cf\">Quan parlem de confort, a\u00efllament t\u00e8rmic i protecci\u00f3 davant de les inclem\u00e8ncies del clima, moltes persones pensen \u00fanicament en cases o autocaravanes. Tot i aix\u00f2, hi ha molts m\u00e9s espais que tamb\u00e9 requereixen solucions eficaces, funcionals i adaptades. A M2 Camper, portem anys fabricant <strong><a href=\"https:\/\/m2camper.com\/ca\/aillants\/\">a\u00efllants<\/a><\/strong> per a furgonetes i campers, per\u00f2 tamb\u00e9 dissenyem solucions personalitzades per a habitatges, embarcacions petites, espais de treball m\u00f2bils o remolcs, entre d&#039;altres. Perqu\u00e8 la comoditat no ent\u00e9n de formats, per\u00f2 s\u00ed de qualitat.<\/p>\n\n\n\n<p>L&#039;evoluci\u00f3 de la nostra experi\u00e8ncia al sector camper ens ha portat a aplicar aquest mateix coneixement t\u00e8cnic i enfocament personalitzat en altres entorns on el control de temperatura, la privadesa i l&#039;efici\u00e8ncia energ\u00e8tica tamb\u00e9 s\u00f3n prioritaris. Si necessites <strong>a\u00efllants<\/strong> que realment funcionin, estiguin fets a mida i resisteixin condicions exigents, a M2 Camper tenim la soluci\u00f3 que est\u00e0s buscant.<\/p>\n\n\n<div class=\"wp-block-image\">\n<figure class=\"aligncenter size-large\"><img fetchpriority=\"high\" decoding=\"async\" width=\"1024\" height=\"724\" src=\"https:\/\/m2camper.com\/wp-content\/uploads\/2025\/06\/upcycled-fashion-1024x724.jpg\" alt=\"\" class=\"wp-image-14045\" srcset=\"https:\/\/m2camper.com\/wp-content\/uploads\/2025\/06\/upcycled-fashion-1024x724.jpg 1024w, https:\/\/m2camper.com\/wp-content\/uploads\/2025\/06\/upcycled-fashion-300x212.jpg 300w, https:\/\/m2camper.com\/wp-content\/uploads\/2025\/06\/upcycled-fashion-768x543.jpg 768w, https:\/\/m2camper.com\/wp-content\/uploads\/2025\/06\/upcycled-fashion-1536x1086.jpg 1536w, https:\/\/m2camper.com\/wp-content\/uploads\/2025\/06\/upcycled-fashion-18x12.jpg 18w, https:\/\/m2camper.com\/wp-content\/uploads\/2025\/06\/upcycled-fashion-600x424.jpg 600w, https:\/\/m2camper.com\/wp-content\/uploads\/2025\/06\/upcycled-fashion.jpg 2000w\" sizes=\"(max-width: 1024px) 100vw, 1024px\" \/><\/figure>\n<\/div>\n\n\n<h2 class=\"wp-block-heading has-nv-dark-bg-color has-text-color has-link-color wp-elements-ebbf92d5cb5e4dea2935da36b9f99773\">A\u00efllants per a habitatges: confort i efici\u00e8ncia energ\u00e8tica des de dins<\/h2>\n\n\n\n<p>Cada cop m\u00e9s persones aposten per solucions r\u00e0pides i econ\u00f2miques per millorar l&#039;a\u00efllament de certes zones del seu habitatge, sense necessitat de grans reformes. Finestres mal segellades, sostres amb filtracions t\u00e8rmiques o parets fredes poden generar incomoditat, despesa energ\u00e8tica i problemes de condensaci\u00f3. En aquests casos, els <strong>a\u00efllants<\/strong> a mida s\u00f3n una excel\u00b7lent opci\u00f3.<\/p>\n\n\n\n<p>A M2 Camper fabriquem <strong>a\u00efllants <\/strong>multicapa, f\u00e0cils d&#039;instal\u00b7lar i altament efica\u00e7os, que es poden col\u00b7locar en finestres, portes, golfes, soterranis o qualsevol punt vulnerable de l&#039;habitatge. Aquests productes estan fabricats amb materials reflectors, capes t\u00e8rmiques i barreres de vapor que actuen com a escuts davant de les temperatures extremes, tant a l&#039;hivern com a l&#039;estiu.<\/p>\n\n\n\n<p>A m\u00e9s, els nostres <strong>a\u00efllants<\/strong> es dissenyen a mida de cada buit o espai concret. Nom\u00e9s necessites enviar-nos les mides o una plantilla i ens encarreguem de la resta. S\u00f3n solucions perfectes per als qui viuen en zones amb climes extrems, per a segones resid\u00e8ncies sense climatitzaci\u00f3 permanent o fins i tot per a estudis professionals que requereixen estabilitat t\u00e8rmica.<\/p>\n\n\n\n<h2 class=\"wp-block-heading has-nv-dark-bg-color has-text-color has-link-color wp-elements-5697bb2dc91f77ff1be065e5eb3d8381\">A\u00efllants per a embarcacions petites: comoditat i protecci\u00f3 a alta mar<\/h2>\n\n\n\n<p>Navegar en una embarcaci\u00f3 petita, ja sigui per lleure o esport, implica exposar-se a condicions ambientals canviants: humitat, calor, sol directe, vent i salnitre. En aquests contextos, els <strong>a\u00efllants<\/strong> juguen un paper fonamental per garantir una temperatura interior adequada, protegir els materials de linterior i millorar lexperi\u00e8ncia a bord.<\/p>\n\n\n\n<p>A M2 Camper dissenyem a\u00efllants t\u00e8rmics i reflectors per a embarcacions petites, adaptant-nos a les formes corbes i estructures irregulars que solen tenir aquests vehicles aqu\u00e0tics. Creem peces personalitzades per cobrir finestrals, escotilles, mampares o zones de descans.<\/p>\n\n\n\n<p>Els nostres materials estan pensats per resistir la humitat i l&#039;ambient mar\u00ed sense deteriorar-s&#039;hi. A m\u00e9s de regular la temperatura, els <strong>a\u00efllants<\/strong> ajuden a bloquejar els raigs UV, protegeixen tapisseries i mobiliari, i ofereixen una major privadesa quan l&#039;embarcaci\u00f3 est\u00e0 atracada.<\/p>\n\n\n\n<p>Per als propietaris de velers, llanxes o petites embarcacions d&#039;esbarjo, comptar amb <strong>a\u00efllants a mida<\/strong> no nom\u00e9s millora el confort, sin\u00f3 que tamb\u00e9 contribueix a mantenir el valor de la seva embarcaci\u00f3 en bon estat amb el pas del temps.<\/p>\n\n\n<div class=\"wp-block-image\">\n<figure class=\"aligncenter size-large\"><img decoding=\"async\" width=\"1024\" height=\"724\" src=\"https:\/\/m2camper.com\/wp-content\/uploads\/2025\/06\/upcycle-fashion-spain-1024x724.jpg\" alt=\"\" class=\"wp-image-14044\" srcset=\"https:\/\/m2camper.com\/wp-content\/uploads\/2025\/06\/upcycle-fashion-spain-1024x724.jpg 1024w, https:\/\/m2camper.com\/wp-content\/uploads\/2025\/06\/upcycle-fashion-spain-300x212.jpg 300w, https:\/\/m2camper.com\/wp-content\/uploads\/2025\/06\/upcycle-fashion-spain-768x543.jpg 768w, https:\/\/m2camper.com\/wp-content\/uploads\/2025\/06\/upcycle-fashion-spain-1536x1086.jpg 1536w, https:\/\/m2camper.com\/wp-content\/uploads\/2025\/06\/upcycle-fashion-spain-18x12.jpg 18w, https:\/\/m2camper.com\/wp-content\/uploads\/2025\/06\/upcycle-fashion-spain-600x424.jpg 600w, https:\/\/m2camper.com\/wp-content\/uploads\/2025\/06\/upcycle-fashion-spain.jpg 2000w\" sizes=\"(max-width: 1024px) 100vw, 1024px\" \/><\/figure>\n<\/div>\n\n\n<h3 class=\"wp-block-heading has-nv-dark-bg-color has-text-color has-link-color wp-elements-cb2a9af304cb1d7095859191ed8d48b9\">A\u00efllants personalitzats per a espais especials: cada projecte, una soluci\u00f3<\/h3>\n\n\n\n<p>Al llarg dels anys, a M2 Camper hem desenvolupat projectes especials en qu\u00e8 els nostres <strong>a\u00efllants<\/strong> han estat protagonistes m\u00e9s enll\u00e0 de lentorn convencional. Des de remolcs convertits en oficines m\u00f2bils, fins a casetes de vigil\u00e0ncia, food trucks, furgons refrigerats o espais per a fires i exposicions.<\/p>\n\n\n\n<p>En tots aquests casos, la necessitat \u00e9s la mateixa: <strong>a\u00efllar t\u00e8rmicament<\/strong> un espai que no va ser dissenyat originalment per viure o treballar a dins, per\u00f2 que ara s&#039;utilitza com a tal. El nostre enfocament a mida ens permet adaptar-nos a les necessitats t\u00e8cniques de cada client: mides concretes, formes irregulars, combinaci\u00f3 de materials, refor\u00e7os especials o fins i tot personalitzaci\u00f3 est\u00e8tica.<\/p>\n\n\n\n<p>Treballem amb materials multicapa d&#039;alta efici\u00e8ncia, capa\u00e7os de suportar temperatures extremes, reflectir la radiaci\u00f3 solar, bloquejar el pas del fred o la calor i actuar com a barrera ac\u00fastica. A m\u00e9s, tots els nostres <strong>a\u00efllants<\/strong> es poden plegar, transportar i emmagatzemar f\u00e0cilment, cosa que els converteix en una opci\u00f3 molt pr\u00e0ctica per als qui necessiten solucions temporals o m\u00f2bils.<\/p>\n\n\n\n<h4 class=\"wp-block-heading has-nv-dark-bg-color has-text-color has-link-color wp-elements-c894d1ab23e84153a1d8889fcc7a961b\">M2 Camper: experts en a\u00efllants funcionals i duradors per a qualsevol entorn<\/h4>\n\n\n\n<p class=\"has-nv-dark-bg-color has-text-color has-link-color wp-elements-abcc686b68d6fb1f9a2539b026a17682\">A M2 Camper creiem que l&#039;a\u00efllament t\u00e8rmic no \u00e9s nom\u00e9s un component m\u00e9s: \u00e9s una garantia de confort, efici\u00e8ncia i durabilitat per a qualsevol espai tancat. Per aix\u00f2, apliquem la nostra experi\u00e8ncia del m\u00f3n camper a tot tipus de projectes, creant <strong><a href=\"https:\/\/m2camper.com\/ca\/aillants\/\">a\u00efllants<\/a><\/strong> a mesura que funcionen, duren i s&#039;adapten a la realitat de cada client.<\/p>\n\n\n\n<p>Si necessites millorar el confort t\u00e8rmic del teu habitatge, protegir l&#039;interior de la teva embarcaci\u00f3 o trobar una soluci\u00f3 personalitzada per a un espai \u00fanic, et podem ajudar. Envia&#039;ns les teves mides, pl\u00e0nols o idees i ens encarregarem de desenvolupar un producte durador, lleuger, f\u00e0cil d&#039;instal\u00b7lar i veritablement efica\u00e7.<\/p>\n\n\n\n<p>Descobreix amb M2 Camper com els <strong>a\u00efllants<\/strong> adequats poden transformar qualsevol espai en un indret m\u00e9s confortable, eficient i habitable. Perqu\u00e8 l&#039;a\u00efllament no ha de ser complicat... nom\u00e9s ha d&#039;estar ben fet.<\/p>\n\n\n<div class=\"wp-block-image\">\n<figure class=\"aligncenter size-large\"><img decoding=\"async\" width=\"1024\" height=\"768\" src=\"https:\/\/m2camper.com\/wp-content\/uploads\/2025\/06\/20250618_084055-1-1024x768.jpg\" alt=\"\" class=\"wp-image-14041\" srcset=\"https:\/\/m2camper.com\/wp-content\/uploads\/2025\/06\/20250618_084055-1-1024x768.jpg 1024w, https:\/\/m2camper.com\/wp-content\/uploads\/2025\/06\/20250618_084055-1-300x225.jpg 300w, https:\/\/m2camper.com\/wp-content\/uploads\/2025\/06\/20250618_084055-1-768x576.jpg 768w, https:\/\/m2camper.com\/wp-content\/uploads\/2025\/06\/20250618_084055-1-1536x1152.jpg 1536w, https:\/\/m2camper.com\/wp-content\/uploads\/2025\/06\/20250618_084055-1-2048x1536.jpg 2048w, https:\/\/m2camper.com\/wp-content\/uploads\/2025\/06\/20250618_084055-1-16x12.jpg 16w, https:\/\/m2camper.com\/wp-content\/uploads\/2025\/06\/20250618_084055-1-600x450.jpg 600w\" sizes=\"(max-width: 1024px) 100vw, 1024px\" \/><\/figure>\n<\/div>","protected":false},"excerpt":{"rendered":"<p>Aislantes para tu comodidad Cuando hablamos de confort, aislamiento t\u00e9rmico y protecci\u00f3n frente a las inclemencias del clima, muchas personas piensan \u00fanicamente en casas o autocaravanas. Sin embargo, hay muchos m\u00e1s espacios que tambi\u00e9n requieren soluciones eficaces, funcionales y adaptadas. En M2 Camper, llevamos a\u00f1os fabricando aislantes para furgonetas y campers, pero tambi\u00e9n dise\u00f1amos soluciones&hellip;&nbsp;<a href=\"https:\/\/m2camper.com\/ca\/aillants-a-mida-per-a-habitatges-embarcacions-i-mes-el-confort-termic-va-mes-enlla-del-mon-camper\/\" rel=\"bookmark\">Llegiu m\u00e9s \u00bb<span class=\"screen-reader-text\">A\u00efllants a mida per a habitatges, embarcacions i m\u00e9s: el confort t\u00e8rmic va m\u00e9s enll\u00e0 del m\u00f3n camper<\/span><\/a><\/p>","protected":false},"author":5741,"featured_media":10710,"comment_status":"closed","ping_status":"closed","sticky":false,"template":"","format":"standard","meta":{"neve_meta_sidebar":"","neve_meta_container":"","neve_meta_enable_content_width":"","neve_meta_content_width":0,"neve_meta_title_alignment":"","neve_meta_author_avatar":"","neve_post_elements_order":"","neve_meta_disable_header":"","neve_meta_disable_footer":"","neve_meta_disable_title":"","footnotes":""},"categories":[208],"tags":[211],"class_list":["post-14040","post","type-post","status-publish","format-standard","has-post-thumbnail","hentry","category-aislantes-termicos","tag-aislantes"],"yoast_head":"<!-- This site is optimized with the Yoast SEO plugin v27.5 - https:\/\/yoast.com\/product\/yoast-seo-wordpress\/ -->\n<title>Aislantes a medida para viviendas, embarcaciones y m\u00e1s: el confort t\u00e9rmico va m\u00e1s all\u00e1 del mundo camper - M2 Camper | Aislantes t\u00e9rmicos y oscurecedores para campers<\/title>\n<meta name=\"robots\" content=\"index, follow, max-snippet:-1, max-image-preview:large, max-video-preview:-1\" \/>\n<link rel=\"canonical\" href=\"https:\/\/m2camper.com\/ca\/aillants-a-mida-per-a-habitatges-embarcacions-i-mes-el-confort-termic-va-mes-enlla-del-mon-camper\/\" \/>\n<meta property=\"og:locale\" content=\"ca_ES\" \/>\n<meta property=\"og:type\" content=\"article\" \/>\n<meta property=\"og:title\" content=\"Aislantes a medida para viviendas, embarcaciones y m\u00e1s: el confort t\u00e9rmico va m\u00e1s all\u00e1 del mundo camper - M2 Camper | Aislantes t\u00e9rmicos y oscurecedores para campers\" \/>\n<meta property=\"og:description\" content=\"Aislantes para tu comodidad Cuando hablamos de confort, aislamiento t\u00e9rmico y protecci\u00f3n frente a las inclemencias del clima, muchas personas piensan \u00fanicamente en casas o autocaravanas. Sin embargo, hay muchos m\u00e1s espacios que tambi\u00e9n requieren soluciones eficaces, funcionales y adaptadas. En M2 Camper, llevamos a\u00f1os fabricando aislantes para furgonetas y campers, pero tambi\u00e9n dise\u00f1amos soluciones&hellip;&nbsp;Llegiu m\u00e9s &raquo;Aislantes a medida para viviendas, embarcaciones y m\u00e1s: el confort t\u00e9rmico va m\u00e1s all\u00e1 del mundo camper\" \/>\n<meta property=\"og:url\" content=\"https:\/\/m2camper.com\/ca\/aillants-a-mida-per-a-habitatges-embarcacions-i-mes-el-confort-termic-va-mes-enlla-del-mon-camper\/\" \/>\n<meta property=\"og:site_name\" content=\"M2 Camper | Aislantes t\u00e9rmicos y oscurecedores para campers\" \/>\n<meta property=\"article:published_time\" content=\"2025-06-20T07:08:23+00:00\" \/>\n<meta property=\"article:modified_time\" content=\"2025-06-23T07:33:05+00:00\" \/>\n<meta property=\"og:image\" content=\"https:\/\/m2camper.com\/wp-content\/uploads\/2025\/01\/60c9aa_c12901196b09471aa1770a20a0d35485mv2-1.webp\" \/>\n\t<meta property=\"og:image:width\" content=\"980\" \/>\n\t<meta property=\"og:image:height\" content=\"1307\" \/>\n\t<meta property=\"og:image:type\" content=\"image\/webp\" \/>\n<meta name=\"author\" content=\"Prubs214s\" \/>\n<meta name=\"twitter:card\" content=\"summary_large_image\" \/>\n<meta name=\"twitter:label1\" content=\"Escrit per\" \/>\n\t<meta name=\"twitter:data1\" content=\"Prubs214s\" \/>\n\t<meta name=\"twitter:label2\" content=\"Temps estimat de lectura\" \/>\n\t<meta name=\"twitter:data2\" content=\"5 minuts\" \/>\n<script type=\"application\/ld+json\" class=\"yoast-schema-graph\">{\"@context\":\"https:\\\/\\\/schema.org\",\"@graph\":[{\"@type\":\"Article\",\"@id\":\"https:\\\/\\\/m2camper.com\\\/aislantes-a-medida-para-viviendas-embarcaciones-y-mas-el-confort-termico-va-mas-alla-del-mundo-camper\\\/#article\",\"isPartOf\":{\"@id\":\"https:\\\/\\\/m2camper.com\\\/aislantes-a-medida-para-viviendas-embarcaciones-y-mas-el-confort-termico-va-mas-alla-del-mundo-camper\\\/\"},\"author\":{\"name\":\"Prubs214s\",\"@id\":\"https:\\\/\\\/m2camper.com\\\/pt\\\/#\\\/schema\\\/person\\\/ad1e681f60b2e23c9b88a93e6d3feab3\"},\"headline\":\"Aislantes a medida para viviendas, embarcaciones y m\u00e1s: el confort t\u00e9rmico va m\u00e1s all\u00e1 del mundo camper\",\"datePublished\":\"2025-06-20T07:08:23+00:00\",\"dateModified\":\"2025-06-23T07:33:05+00:00\",\"mainEntityOfPage\":{\"@id\":\"https:\\\/\\\/m2camper.com\\\/aislantes-a-medida-para-viviendas-embarcaciones-y-mas-el-confort-termico-va-mas-alla-del-mundo-camper\\\/\"},\"wordCount\":903,\"image\":{\"@id\":\"https:\\\/\\\/m2camper.com\\\/aislantes-a-medida-para-viviendas-embarcaciones-y-mas-el-confort-termico-va-mas-alla-del-mundo-camper\\\/#primaryimage\"},\"thumbnailUrl\":\"https:\\\/\\\/m2camper.com\\\/wp-content\\\/uploads\\\/2025\\\/01\\\/60c9aa_c12901196b09471aa1770a20a0d35485mv2-1.webp\",\"keywords\":[\"aislantes\"],\"articleSection\":[\"Aislantes t\u00e9rmicos\"],\"inLanguage\":\"ca\"},{\"@type\":\"WebPage\",\"@id\":\"https:\\\/\\\/m2camper.com\\\/aislantes-a-medida-para-viviendas-embarcaciones-y-mas-el-confort-termico-va-mas-alla-del-mundo-camper\\\/\",\"url\":\"https:\\\/\\\/m2camper.com\\\/aislantes-a-medida-para-viviendas-embarcaciones-y-mas-el-confort-termico-va-mas-alla-del-mundo-camper\\\/\",\"name\":\"Aislantes a medida para viviendas, embarcaciones y m\u00e1s: el confort t\u00e9rmico va m\u00e1s all\u00e1 del mundo camper - M2 Camper | Aislantes t\u00e9rmicos y oscurecedores para campers\",\"isPartOf\":{\"@id\":\"https:\\\/\\\/m2camper.com\\\/pt\\\/#website\"},\"primaryImageOfPage\":{\"@id\":\"https:\\\/\\\/m2camper.com\\\/aislantes-a-medida-para-viviendas-embarcaciones-y-mas-el-confort-termico-va-mas-alla-del-mundo-camper\\\/#primaryimage\"},\"image\":{\"@id\":\"https:\\\/\\\/m2camper.com\\\/aislantes-a-medida-para-viviendas-embarcaciones-y-mas-el-confort-termico-va-mas-alla-del-mundo-camper\\\/#primaryimage\"},\"thumbnailUrl\":\"https:\\\/\\\/m2camper.com\\\/wp-content\\\/uploads\\\/2025\\\/01\\\/60c9aa_c12901196b09471aa1770a20a0d35485mv2-1.webp\",\"datePublished\":\"2025-06-20T07:08:23+00:00\",\"dateModified\":\"2025-06-23T07:33:05+00:00\",\"author\":{\"@id\":\"https:\\\/\\\/m2camper.com\\\/pt\\\/#\\\/schema\\\/person\\\/ad1e681f60b2e23c9b88a93e6d3feab3\"},\"breadcrumb\":{\"@id\":\"https:\\\/\\\/m2camper.com\\\/aislantes-a-medida-para-viviendas-embarcaciones-y-mas-el-confort-termico-va-mas-alla-del-mundo-camper\\\/#breadcrumb\"},\"inLanguage\":\"ca\",\"potentialAction\":[{\"@type\":\"ReadAction\",\"target\":[\"https:\\\/\\\/m2camper.com\\\/aislantes-a-medida-para-viviendas-embarcaciones-y-mas-el-confort-termico-va-mas-alla-del-mundo-camper\\\/\"]}]},{\"@type\":\"ImageObject\",\"inLanguage\":\"ca\",\"@id\":\"https:\\\/\\\/m2camper.com\\\/aislantes-a-medida-para-viviendas-embarcaciones-y-mas-el-confort-termico-va-mas-alla-del-mundo-camper\\\/#primaryimage\",\"url\":\"https:\\\/\\\/m2camper.com\\\/wp-content\\\/uploads\\\/2025\\\/01\\\/60c9aa_c12901196b09471aa1770a20a0d35485mv2-1.webp\",\"contentUrl\":\"https:\\\/\\\/m2camper.com\\\/wp-content\\\/uploads\\\/2025\\\/01\\\/60c9aa_c12901196b09471aa1770a20a0d35485mv2-1.webp\",\"width\":980,\"height\":1307},{\"@type\":\"BreadcrumbList\",\"@id\":\"https:\\\/\\\/m2camper.com\\\/aislantes-a-medida-para-viviendas-embarcaciones-y-mas-el-confort-termico-va-mas-alla-del-mundo-camper\\\/#breadcrumb\",\"itemListElement\":[{\"@type\":\"ListItem\",\"position\":1,\"name\":\"Portada\",\"item\":\"https:\\\/\\\/m2camper.com\\\/pt\\\/\"},{\"@type\":\"ListItem\",\"position\":2,\"name\":\"Aislantes a medida para viviendas, embarcaciones y m\u00e1s: el confort t\u00e9rmico va m\u00e1s all\u00e1 del mundo camper\"}]},{\"@type\":\"WebSite\",\"@id\":\"https:\\\/\\\/m2camper.com\\\/pt\\\/#website\",\"url\":\"https:\\\/\\\/m2camper.com\\\/pt\\\/\",\"name\":\"M2 Campers | Aislantes t\u00e9rmicos y oscurecedores para campers\",\"description\":\"Descubre calidad y confort de nuestros aislantes t\u00e9rmicos oscurecedores y colchones para veh\u00edculos. Optimiza tu experiencia en carretera con M2 Camper.\",\"potentialAction\":[{\"@type\":\"SearchAction\",\"target\":{\"@type\":\"EntryPoint\",\"urlTemplate\":\"https:\\\/\\\/m2camper.com\\\/pt\\\/?s={search_term_string}\"},\"query-input\":{\"@type\":\"PropertyValueSpecification\",\"valueRequired\":true,\"valueName\":\"search_term_string\"}}],\"inLanguage\":\"ca\"},{\"@type\":\"Person\",\"@id\":\"https:\\\/\\\/m2camper.com\\\/pt\\\/#\\\/schema\\\/person\\\/ad1e681f60b2e23c9b88a93e6d3feab3\",\"name\":\"Prubs214s\",\"image\":{\"@type\":\"ImageObject\",\"inLanguage\":\"ca\",\"@id\":\"https:\\\/\\\/secure.gravatar.com\\\/avatar\\\/74706914812c3b473b95a5253410b33d71c50bf5f0d5423532bc0afa617d4316?s=96&d=mm&r=g\",\"url\":\"https:\\\/\\\/secure.gravatar.com\\\/avatar\\\/74706914812c3b473b95a5253410b33d71c50bf5f0d5423532bc0afa617d4316?s=96&d=mm&r=g\",\"contentUrl\":\"https:\\\/\\\/secure.gravatar.com\\\/avatar\\\/74706914812c3b473b95a5253410b33d71c50bf5f0d5423532bc0afa617d4316?s=96&d=mm&r=g\",\"caption\":\"Prubs214s\"},\"url\":\"https:\\\/\\\/m2camper.com\\\/ca\\\/author\\\/prubs214s\\\/\"}]}<\/script>\n<!-- \/ Yoast SEO plugin. -->","yoast_head_json":{"title":"A\u00efllants a mida per a habitatges, embarcacions i m\u00e9s: el confort t\u00e8rmic va m\u00e9s enll\u00e0 del m\u00f3n camper - M2 Camper | A\u00efllants t\u00e8rmics i enfosquidors per a campers","robots":{"index":"index","follow":"follow","max-snippet":"max-snippet:-1","max-image-preview":"max-image-preview:large","max-video-preview":"max-video-preview:-1"},"canonical":"https:\/\/m2camper.com\/ca\/aillants-a-mida-per-a-habitatges-embarcacions-i-mes-el-confort-termic-va-mes-enlla-del-mon-camper\/","og_locale":"ca_ES","og_type":"article","og_title":"Aislantes a medida para viviendas, embarcaciones y m\u00e1s: el confort t\u00e9rmico va m\u00e1s all\u00e1 del mundo camper - M2 Camper | Aislantes t\u00e9rmicos y oscurecedores para campers","og_description":"Aislantes para tu comodidad Cuando hablamos de confort, aislamiento t\u00e9rmico y protecci\u00f3n frente a las inclemencias del clima, muchas personas piensan \u00fanicamente en casas o autocaravanas. Sin embargo, hay muchos m\u00e1s espacios que tambi\u00e9n requieren soluciones eficaces, funcionales y adaptadas. En M2 Camper, llevamos a\u00f1os fabricando aislantes para furgonetas y campers, pero tambi\u00e9n dise\u00f1amos soluciones&hellip;&nbsp;Llegiu m\u00e9s &raquo;Aislantes a medida para viviendas, embarcaciones y m\u00e1s: el confort t\u00e9rmico va m\u00e1s all\u00e1 del mundo camper","og_url":"https:\/\/m2camper.com\/ca\/aillants-a-mida-per-a-habitatges-embarcacions-i-mes-el-confort-termic-va-mes-enlla-del-mon-camper\/","og_site_name":"M2 Camper | Aislantes t\u00e9rmicos y oscurecedores para campers","article_published_time":"2025-06-20T07:08:23+00:00","article_modified_time":"2025-06-23T07:33:05+00:00","og_image":[{"width":980,"height":1307,"url":"https:\/\/m2camper.com\/wp-content\/uploads\/2025\/01\/60c9aa_c12901196b09471aa1770a20a0d35485mv2-1.webp","type":"image\/webp"}],"author":"Prubs214s","twitter_card":"summary_large_image","twitter_misc":{"Escrit per":"Prubs214s","Temps estimat de lectura":"5 minuts"},"schema":{"@context":"https:\/\/schema.org","@graph":[{"@type":"Article","@id":"https:\/\/m2camper.com\/aislantes-a-medida-para-viviendas-embarcaciones-y-mas-el-confort-termico-va-mas-alla-del-mundo-camper\/#article","isPartOf":{"@id":"https:\/\/m2camper.com\/aislantes-a-medida-para-viviendas-embarcaciones-y-mas-el-confort-termico-va-mas-alla-del-mundo-camper\/"},"author":{"name":"Prubs214s","@id":"https:\/\/m2camper.com\/pt\/#\/schema\/person\/ad1e681f60b2e23c9b88a93e6d3feab3"},"headline":"Aislantes a medida para viviendas, embarcaciones y m\u00e1s: el confort t\u00e9rmico va m\u00e1s all\u00e1 del mundo camper","datePublished":"2025-06-20T07:08:23+00:00","dateModified":"2025-06-23T07:33:05+00:00","mainEntityOfPage":{"@id":"https:\/\/m2camper.com\/aislantes-a-medida-para-viviendas-embarcaciones-y-mas-el-confort-termico-va-mas-alla-del-mundo-camper\/"},"wordCount":903,"image":{"@id":"https:\/\/m2camper.com\/aislantes-a-medida-para-viviendas-embarcaciones-y-mas-el-confort-termico-va-mas-alla-del-mundo-camper\/#primaryimage"},"thumbnailUrl":"https:\/\/m2camper.com\/wp-content\/uploads\/2025\/01\/60c9aa_c12901196b09471aa1770a20a0d35485mv2-1.webp","keywords":["aislantes"],"articleSection":["Aislantes t\u00e9rmicos"],"inLanguage":"ca"},{"@type":"WebPage","@id":"https:\/\/m2camper.com\/aislantes-a-medida-para-viviendas-embarcaciones-y-mas-el-confort-termico-va-mas-alla-del-mundo-camper\/","url":"https:\/\/m2camper.com\/aislantes-a-medida-para-viviendas-embarcaciones-y-mas-el-confort-termico-va-mas-alla-del-mundo-camper\/","name":"A\u00efllants a mida per a habitatges, embarcacions i m\u00e9s: el confort t\u00e8rmic va m\u00e9s enll\u00e0 del m\u00f3n camper - M2 Camper | A\u00efllants t\u00e8rmics i enfosquidors per a campers","isPartOf":{"@id":"https:\/\/m2camper.com\/pt\/#website"},"primaryImageOfPage":{"@id":"https:\/\/m2camper.com\/aislantes-a-medida-para-viviendas-embarcaciones-y-mas-el-confort-termico-va-mas-alla-del-mundo-camper\/#primaryimage"},"image":{"@id":"https:\/\/m2camper.com\/aislantes-a-medida-para-viviendas-embarcaciones-y-mas-el-confort-termico-va-mas-alla-del-mundo-camper\/#primaryimage"},"thumbnailUrl":"https:\/\/m2camper.com\/wp-content\/uploads\/2025\/01\/60c9aa_c12901196b09471aa1770a20a0d35485mv2-1.webp","datePublished":"2025-06-20T07:08:23+00:00","dateModified":"2025-06-23T07:33:05+00:00","author":{"@id":"https:\/\/m2camper.com\/pt\/#\/schema\/person\/ad1e681f60b2e23c9b88a93e6d3feab3"},"breadcrumb":{"@id":"https:\/\/m2camper.com\/aislantes-a-medida-para-viviendas-embarcaciones-y-mas-el-confort-termico-va-mas-alla-del-mundo-camper\/#breadcrumb"},"inLanguage":"ca","potentialAction":[{"@type":"ReadAction","target":["https:\/\/m2camper.com\/aislantes-a-medida-para-viviendas-embarcaciones-y-mas-el-confort-termico-va-mas-alla-del-mundo-camper\/"]}]},{"@type":"ImageObject","inLanguage":"ca","@id":"https:\/\/m2camper.com\/aislantes-a-medida-para-viviendas-embarcaciones-y-mas-el-confort-termico-va-mas-alla-del-mundo-camper\/#primaryimage","url":"https:\/\/m2camper.com\/wp-content\/uploads\/2025\/01\/60c9aa_c12901196b09471aa1770a20a0d35485mv2-1.webp","contentUrl":"https:\/\/m2camper.com\/wp-content\/uploads\/2025\/01\/60c9aa_c12901196b09471aa1770a20a0d35485mv2-1.webp","width":980,"height":1307},{"@type":"BreadcrumbList","@id":"https:\/\/m2camper.com\/aislantes-a-medida-para-viviendas-embarcaciones-y-mas-el-confort-termico-va-mas-alla-del-mundo-camper\/#breadcrumb","itemListElement":[{"@type":"ListItem","position":1,"name":"Portada","item":"https:\/\/m2camper.com\/pt\/"},{"@type":"ListItem","position":2,"name":"Aislantes a medida para viviendas, embarcaciones y m\u00e1s: el confort t\u00e9rmico va m\u00e1s all\u00e1 del mundo camper"}]},{"@type":"WebSite","@id":"https:\/\/m2camper.com\/pt\/#website","url":"https:\/\/m2camper.com\/pt\/","name":"M2 Campers | A\u00efllants t\u00e8rmics i enfosquidors per a campers","description":"Descobreix qualitat i confort dels nostres a\u00efllants t\u00e8rmics enfosquidors i matalassos per a vehicles. Optimitza la teva experi\u00e8ncia a la carretera amb M2 Camper.","potentialAction":[{"@type":"SearchAction","target":{"@type":"EntryPoint","urlTemplate":"https:\/\/m2camper.com\/pt\/?s={search_term_string}"},"query-input":{"@type":"PropertyValueSpecification","valueRequired":true,"valueName":"search_term_string"}}],"inLanguage":"ca"},{"@type":"Person","@id":"https:\/\/m2camper.com\/pt\/#\/schema\/person\/ad1e681f60b2e23c9b88a93e6d3feab3","name":"Prubs214s","image":{"@type":"ImageObject","inLanguage":"ca","@id":"https:\/\/secure.gravatar.com\/avatar\/74706914812c3b473b95a5253410b33d71c50bf5f0d5423532bc0afa617d4316?s=96&d=mm&r=g","url":"https:\/\/secure.gravatar.com\/avatar\/74706914812c3b473b95a5253410b33d71c50bf5f0d5423532bc0afa617d4316?s=96&d=mm&r=g","contentUrl":"https:\/\/secure.gravatar.com\/avatar\/74706914812c3b473b95a5253410b33d71c50bf5f0d5423532bc0afa617d4316?s=96&d=mm&r=g","caption":"Prubs214s"},"url":"https:\/\/m2camper.com\/ca\/author\/prubs214s\/"}]}},"_links":{"self":[{"href":"https:\/\/m2camper.com\/ca\/wp-json\/wp\/v2\/posts\/14040","targetHints":{"allow":["GET"]}}],"collection":[{"href":"https:\/\/m2camper.com\/ca\/wp-json\/wp\/v2\/posts"}],"about":[{"href":"https:\/\/m2camper.com\/ca\/wp-json\/wp\/v2\/types\/post"}],"author":[{"embeddable":true,"href":"https:\/\/m2camper.com\/ca\/wp-json\/wp\/v2\/users\/5741"}],"replies":[{"embeddable":true,"href":"https:\/\/m2camper.com\/ca\/wp-json\/wp\/v2\/comments?post=14040"}],"version-history":[{"count":2,"href":"https:\/\/m2camper.com\/ca\/wp-json\/wp\/v2\/posts\/14040\/revisions"}],"predecessor-version":[{"id":14047,"href":"https:\/\/m2camper.com\/ca\/wp-json\/wp\/v2\/posts\/14040\/revisions\/14047"}],"wp:featuredmedia":[{"embeddable":true,"href":"https:\/\/m2camper.com\/ca\/wp-json\/wp\/v2\/media\/10710"}],"wp:attachment":[{"href":"https:\/\/m2camper.com\/ca\/wp-json\/wp\/v2\/media?parent=14040"}],"wp:term":[{"taxonomy":"category","embeddable":true,"href":"https:\/\/m2camper.com\/ca\/wp-json\/wp\/v2\/categories?post=14040"},{"taxonomy":"post_tag","embeddable":true,"href":"https:\/\/m2camper.com\/ca\/wp-json\/wp\/v2\/tags?post=14040"}],"curies":[{"name":"wp","href":"https:\/\/api.w.org\/{rel}","templated":true}]}}